{"id":296542,"date":"2024-01-29T21:56:32","date_gmt":"2024-01-29T17:56:32","guid":{"rendered":"https:\/\/www.meydan.tv\/?p=296542"},"modified":"2024-01-30T00:46:51","modified_gmt":"2024-01-29T20:46:51","slug":"azeriqazin-xudatlilara-verdiyi-ved-yerine-yetirilmir","status":"publish","type":"post","link":"https:\/\/www.meydan.tv\/az\/article\/azeriqazin-xudatlilara-verdiyi-ved-yerine-yetirilmir\/","title":{"rendered":"\u201cAz\u0259riqaz\u201d\u0131n xudatl\u0131lara verdiyi v\u0259d yerin\u0259 yetirilmir"},"content":{"rendered":"\n<p><\/p>\n\n\n\n<p><strong><em>\u201c\u00d6zl\u0259ri kombili, isti evl\u0259rind\u0259 oturub, k\u0259ndl\u0259rd\u0259ki v\u0259ziyy\u0259td\u0259n x\u0259b\u0259rsizdil\u0259r\u201d<\/em><\/strong><\/p>\n\n\n\n<p>Qusar rayonu, K\u00f6hn\u0259 Xudat k\u0259ndinin yeni sal\u0131nm\u0131\u015f ya\u015fay\u0131\u015f massivin\u0259 qaz x\u0259tti \u00e7\u0259kilmir. Sakinl\u0259r ill\u0259rdir qazs\u0131z qal\u0131b.<\/p>\n\n\n\n<p>Bu bar\u0259d\u0259 Meydan TV-y\u0259 sakinl\u0259r m\u0259lumat veribl\u0259r. \u015eikay\u0259t\u00e7il\u0259rin s\u00f6zl\u0259rin\u0259 g\u00f6r\u0259, t\u0259kc\u0259 son bir il \u0259rzind\u0259 sakinl\u0259rin imzas\u0131 il\u0259 \u201cAz\u0259riqaz\u201d \u0130stehsalat Birliyin\u0259 32 m\u0259ktub \u00fcnvanlan\u0131b. Birliyin sosial \u015f\u0259b\u0259k\u0259l\u0259rd\u0259ki hesablar\u0131na yaz\u0131l\u0131b, Qusar Rayon \u0130cra Hakimiyy\u0259tin\u0259 m\u00fcraci\u0259tl\u0259r olunub. \u0130stehsalat Birliyi h\u0259r d\u0259f\u0259 g\u0259l\u0259n il \u0259rzind\u0259 ya\u015fay\u0131\u015f massivinin qazla\u015fd\u0131r\u0131laca\u011f\u0131n\u0131 v\u0259d edib.<\/p>\n\n\n\n<p>Sakinl\u0259rd\u0259n P\u0259rviz M\u0259mm\u0259dov bildirib ki, ill\u0259r bir-birini \u0259v\u0259zl\u0259yir, istehsalat birliyinin v\u0259di bitmir. Sakinl\u0259r soyuq q\u0131\u015f aylar\u0131nda odunun \u00fcmidin\u0259 qal\u0131blar. Odun bahala\u015f\u0131b, a\u011faclar\u0131n k\u0259silm\u0259sin\u0259 d\u0259 icaz\u0259 verilmir.<\/p>\n\n\n\n<p><em>\u201cSoyuqdan donuruq, he\u00e7 olmasa u\u015faqlara yaz\u0131qlar\u0131 g\u0259lsin. Qazand\u0131qlar\u0131m\u0131z\u0131 d\u0259rmana x\u0259rcl\u0259yirik, elektrik enerjisi il\u0259 q\u0131z\u0131nmaq olmur. \u00d6zl\u0259ri kombili, isti evl\u0259rind\u0259 oturub, k\u0259ndl\u0259rd\u0259ki v\u0259ziyy\u0259td\u0259n x\u0259b\u0259rsizdil\u0259r\u201d,<\/em> &#8211; P.M\u0259mm\u0259dov deyib.<\/p>\n\n\n\n<p>\u201cAz\u0259riqaz\u201d \u0130stehsalat Birliyinin Tikinti Departamentinin sakinl\u0259r\u0259 g\u00f6nd\u0259rdiyi cavab m\u0259ktubunda bildirilir ki, Prezidentin 14 aprel 2009-cu il, 80 sayl\u0131 F\u0259rman\u0131 il\u0259 t\u0259sdiq olunmu\u015f \u201cAz\u0259rbaycan Respublikas\u0131 regionlar\u0131n\u0131n 2009-2013-c\u00fc ill\u0259r\u0259 sosial-iqtisadi inki\u015faf\u0131 D\u00f6vl\u0259t Proqram\u0131\u201dna uy\u011fun olaraq K\u00f6hn\u0259 Xudat k\u0259ndinin yeni sal\u0131nm\u0131\u015f ya\u015fay\u0131\u015f massivind\u0259 f\u0259rdi ya\u015fay\u0131\u015f evl\u0259rinin n\u00f6vb\u0259ti ill\u0259rd\u0259 qazla\u015fd\u0131r\u0131lmas\u0131 n\u0259z\u0259rd\u0259 tutulub.<\/p>\n\n\n\n<p>Sakinl\u0259r\u0259 \u00f6t\u0259n il g\u00f6nd\u0259ril\u0259n m\u0259ktubda is\u0259 qeyd edilib ki, qazla\u015fd\u0131r\u0131lma \u0130stehsalat Birliyinin maliyy\u0259 imkanlar\u0131 daxilind\u0259 m\u0259rh\u0259l\u0259 il\u0259 davam etdirilir.<\/p>\n\n\n\n<p>2023-c\u00fc ild\u0259 \u201cAz\u0259riqaz\u201d \u0130stehsalat Birliyinin daxili imkanlar\u0131 hesab\u0131na yeni sal\u0131nm\u0131\u015f ya\u015fay\u0131\u015f massivind\u0259 paylay\u0131c\u0131 qaz k\u0259m\u0259rl\u0259rinin qura\u015fd\u0131r\u0131lmas\u0131 n\u0259z\u0259rd\u0259 tutulub. 2023-c\u00fc il ba\u015fa \u00e7atsa da, qaz k\u0259m\u0259rl\u0259ri \u00e7\u0259kilm\u0259yib.<\/p>\n\n\n\n<p>\u201cAz\u0259riqaz\u201d \u0130B-d\u0259n Meydan TV-y\u0259 bildiribl\u0259r ki, h\u0259min \u0259raziy\u0259 paylay\u0131c\u0131 qaz k\u0259m\u0259rl\u0259rinin \u00e7\u0259kilm\u0259si plandad\u0131r.<\/p>\n\n\n\n<p><\/p>\n","protected":false},"excerpt":{"rendered":"<p>\u201c\u00d6zl\u0259ri kombili, isti evl\u0259rind\u0259 oturub, k\u0259ndl\u0259rd\u0259ki v\u0259ziyy\u0259td\u0259n x\u0259b\u0259rsizdil\u0259r\u201d Qusar rayonu, &#8230; <\/p>\n<p class=\"read-more-container\"><a title=\"\u201cAz\u0259riqaz\u201d\u0131n xudatl\u0131lara verdiyi v\u0259d yerin\u0259 yetirilmir\" class=\"read-more button\" href=\"https:\/\/www.meydan.tv\/az\/article\/azeriqazin-xudatlilara-verdiyi-ved-yerine-yetirilmir\/#more-296542\" aria-label=\"Read more about \u201cAz\u0259riqaz\u201d\u0131n xudatl\u0131lara verdiyi v\u0259d yerin\u0259 yetirilmir\">Davam\u0131<\/a><\/p>\n","protected":false},"author":8,"featured_media":245997,"comment_status":"closed","ping_status":"closed","sticky":false,"template":"","format":"standard","meta":{"_acf_changed":false,"_sitemap_exclude":false,"_sitemap_priority":"","_sitemap_frequency":"","footnotes":""},"categories":[60,56],"tags":[],"class_list":["post-296542","post","type-post","status-publish","format-standard","has-post-thumbnail","hentry","category-bolge","category-xeberler","infinite-scroll-item","generate-columns","tablet-grid-50","mobile-grid-100","grid-parent","grid-33","no-featured-image-padding"],"acf":[],"yoast_head":"<!-- This site is optimized with the Yoast SEO plugin v27.4 - https:\/\/yoast.com\/product\/yoast-seo-wordpress\/ -->\n<title>\u201cAz\u0259riqaz\u201d\u0131n xudatl\u0131lara verdiyi v\u0259d yerin\u0259 yetirilmir - MEYDAN.TV<\/title>\n<meta name=\"robots\" content=\"index, follow, max-snippet:-1, max-image-preview:large, max-video-preview:-1\" \/>\n<link rel=\"canonical\" href=\"https:\/\/www.meydan.tv\/az\/article\/azeriqazin-xudatlilara-verdiyi-ved-yerine-yetirilmir\/\" \/>\n<meta property=\"og:locale\" content=\"az_AZ\" \/>\n<meta property=\"og:type\" content=\"article\" \/>\n<meta property=\"og:title\" content=\"\u201cAz\u0259riqaz\u201d\u0131n xudatl\u0131lara verdiyi v\u0259d yerin\u0259 yetirilmir - MEYDAN.TV\" \/>\n<meta property=\"og:description\" content=\"\u201c\u00d6zl\u0259ri kombili, isti evl\u0259rind\u0259 oturub, k\u0259ndl\u0259rd\u0259ki v\u0259ziyy\u0259td\u0259n x\u0259b\u0259rsizdil\u0259r\u201d Qusar rayonu, ... Davam\u0131\" \/>\n<meta property=\"og:url\" content=\"https:\/\/www.meydan.tv\/az\/article\/azeriqazin-xudatlilara-verdiyi-ved-yerine-yetirilmir\/\" \/>\n<meta property=\"og:site_name\" content=\"MEYDAN.TV\" \/>\n<meta property=\"article:published_time\" content=\"2024-01-29T17:56:32+00:00\" \/>\n<meta property=\"article:modified_time\" content=\"2024-01-29T20:46:51+00:00\" \/>\n<meta property=\"og:image\" content=\"https:\/\/www.meydan.tv\/wp-content\/uploads\/trend_azerigaz_191012-e1706551555369.jpg\" \/>\n\t<meta property=\"og:image:width\" content=\"1200\" \/>\n\t<meta property=\"og:image:height\" content=\"758\" \/>\n\t<meta property=\"og:image:type\" content=\"image\/jpeg\" \/>\n<meta name=\"author\" content=\"elli\" \/>\n<meta name=\"twitter:card\" content=\"summary_large_image\" \/>\n<meta name=\"twitter:creator\" content=\"@elli\" \/>\n<script type=\"application\/ld+json\" class=\"yoast-schema-graph\">{\"@context\":\"https:\\\/\\\/schema.org\",\"@graph\":[{\"@type\":\"Article\",\"@id\":\"https:\\\/\\\/www.meydan.tv\\\/az\\\/article\\\/azeriqazin-xudatlilara-verdiyi-ved-yerine-yetirilmir\\\/#article\",\"isPartOf\":{\"@id\":\"https:\\\/\\\/www.meydan.tv\\\/az\\\/article\\\/azeriqazin-xudatlilara-verdiyi-ved-yerine-yetirilmir\\\/\"},\"author\":{\"name\":\"elli\",\"@id\":\"https:\\\/\\\/www.meydan.tv\\\/az\\\/#\\\/schema\\\/person\\\/9cdbecf90d17180ce1dfbd95b08dcf47\"},\"headline\":\"\u201cAz\u0259riqaz\u201d\u0131n xudatl\u0131lara verdiyi v\u0259d yerin\u0259 yetirilmir\",\"datePublished\":\"2024-01-29T17:56:32+00:00\",\"dateModified\":\"2024-01-29T20:46:51+00:00\",\"mainEntityOfPage\":{\"@id\":\"https:\\\/\\\/www.meydan.tv\\\/az\\\/article\\\/azeriqazin-xudatlilara-verdiyi-ved-yerine-yetirilmir\\\/\"},\"wordCount\":405,\"publisher\":{\"@id\":\"https:\\\/\\\/www.meydan.tv\\\/az\\\/#organization\"},\"image\":{\"@id\":\"https:\\\/\\\/www.meydan.tv\\\/az\\\/article\\\/azeriqazin-xudatlilara-verdiyi-ved-yerine-yetirilmir\\\/#primaryimage\"},\"thumbnailUrl\":\"https:\\\/\\\/www.meydan.tv\\\/wp-content\\\/uploads\\\/trend_azerigaz_191012-e1708584645932.jpg\",\"articleSection\":[\"B\u00f6lg\u0259\",\"X\u0259b\u0259rl\u0259r\"],\"inLanguage\":\"az\"},{\"@type\":\"WebPage\",\"@id\":\"https:\\\/\\\/www.meydan.tv\\\/az\\\/article\\\/azeriqazin-xudatlilara-verdiyi-ved-yerine-yetirilmir\\\/\",\"url\":\"https:\\\/\\\/www.meydan.tv\\\/az\\\/article\\\/azeriqazin-xudatlilara-verdiyi-ved-yerine-yetirilmir\\\/\",\"name\":\"\u201cAz\u0259riqaz\u201d\u0131n xudatl\u0131lara verdiyi v\u0259d yerin\u0259 yetirilmir - MEYDAN.TV\",\"isPartOf\":{\"@id\":\"https:\\\/\\\/www.meydan.tv\\\/az\\\/#website\"},\"primaryImageOfPage\":{\"@id\":\"https:\\\/\\\/www.meydan.tv\\\/az\\\/article\\\/azeriqazin-xudatlilara-verdiyi-ved-yerine-yetirilmir\\\/#primaryimage\"},\"image\":{\"@id\":\"https:\\\/\\\/www.meydan.tv\\\/az\\\/article\\\/azeriqazin-xudatlilara-verdiyi-ved-yerine-yetirilmir\\\/#primaryimage\"},\"thumbnailUrl\":\"https:\\\/\\\/www.meydan.tv\\\/wp-content\\\/uploads\\\/trend_azerigaz_191012-e1708584645932.jpg\",\"datePublished\":\"2024-01-29T17:56:32+00:00\",\"dateModified\":\"2024-01-29T20:46:51+00:00\",\"breadcrumb\":{\"@id\":\"https:\\\/\\\/www.meydan.tv\\\/az\\\/article\\\/azeriqazin-xudatlilara-verdiyi-ved-yerine-yetirilmir\\\/#breadcrumb\"},\"inLanguage\":\"az\",\"potentialAction\":[{\"@type\":\"ReadAction\",\"target\":[\"https:\\\/\\\/www.meydan.tv\\\/az\\\/article\\\/azeriqazin-xudatlilara-verdiyi-ved-yerine-yetirilmir\\\/\"]}]},{\"@type\":\"ImageObject\",\"inLanguage\":\"az\",\"@id\":\"https:\\\/\\\/www.meydan.tv\\\/az\\\/article\\\/azeriqazin-xudatlilara-verdiyi-ved-yerine-yetirilmir\\\/#primaryimage\",\"url\":\"https:\\\/\\\/www.meydan.tv\\\/wp-content\\\/uploads\\\/trend_azerigaz_191012-e1708584645932.jpg\",\"contentUrl\":\"https:\\\/\\\/www.meydan.tv\\\/wp-content\\\/uploads\\\/trend_azerigaz_191012-e1708584645932.jpg\",\"width\":1200,\"height\":478,\"caption\":\"Foto: \\\"Az\u0259riqaz\\\"\"},{\"@type\":\"BreadcrumbList\",\"@id\":\"https:\\\/\\\/www.meydan.tv\\\/az\\\/article\\\/azeriqazin-xudatlilara-verdiyi-ved-yerine-yetirilmir\\\/#breadcrumb\",\"itemListElement\":[{\"@type\":\"ListItem\",\"position\":1,\"name\":\"Ana s\u0259hif\u0259\",\"item\":\"https:\\\/\\\/www.meydan.tv\\\/az\\\/\"},{\"@type\":\"ListItem\",\"position\":2,\"name\":\"B\u00f6lg\u0259\",\"item\":\"https:\\\/\\\/www.meydan.tv\\\/az\\\/section\\\/bolge\\\/\"},{\"@type\":\"ListItem\",\"position\":3,\"name\":\"\u201cAz\u0259riqaz\u201d\u0131n xudatl\u0131lara verdiyi v\u0259d yerin\u0259 yetirilmir\"}]},{\"@type\":\"WebSite\",\"@id\":\"https:\\\/\\\/www.meydan.tv\\\/az\\\/#website\",\"url\":\"https:\\\/\\\/www.meydan.tv\\\/az\\\/\",\"name\":\"MEYDAN.TV\",\"description\":\"Meydan TV Az\u0259rbaycan\u0131n media m\u0259kan\u0131ndak\u0131 alternativ s\u0259sidir\",\"publisher\":{\"@id\":\"https:\\\/\\\/www.meydan.tv\\\/az\\\/#organization\"},\"potentialAction\":[{\"@type\":\"SearchAction\",\"target\":{\"@type\":\"EntryPoint\",\"urlTemplate\":\"https:\\\/\\\/www.meydan.tv\\\/az\\\/?s={search_term_string}\"},\"query-input\":{\"@type\":\"PropertyValueSpecification\",\"valueRequired\":true,\"valueName\":\"search_term_string\"}}],\"inLanguage\":\"az\"},{\"@type\":\"Organization\",\"@id\":\"https:\\\/\\\/www.meydan.tv\\\/az\\\/#organization\",\"name\":\"Meydan TV\",\"url\":\"https:\\\/\\\/www.meydan.tv\\\/az\\\/\",\"logo\":{\"@type\":\"ImageObject\",\"inLanguage\":\"az\",\"@id\":\"https:\\\/\\\/www.meydan.tv\\\/az\\\/#\\\/schema\\\/logo\\\/image\\\/\",\"url\":\"https:\\\/\\\/www.meydan.tv\\\/wp-content\\\/uploads\\\/2021\\\/07\\\/meydan-logo.svg\",\"contentUrl\":\"https:\\\/\\\/www.meydan.tv\\\/wp-content\\\/uploads\\\/2021\\\/07\\\/meydan-logo.svg\",\"width\":195,\"height\":46,\"caption\":\"Meydan TV\"},\"image\":{\"@id\":\"https:\\\/\\\/www.meydan.tv\\\/az\\\/#\\\/schema\\\/logo\\\/image\\\/\"}},{\"@type\":\"Person\",\"@id\":\"https:\\\/\\\/www.meydan.tv\\\/az\\\/#\\\/schema\\\/person\\\/9cdbecf90d17180ce1dfbd95b08dcf47\",\"name\":\"elli\",\"sameAs\":[\"https:\\\/\\\/x.com\\\/elli\"]}]}<\/script>\n<!-- \/ Yoast SEO plugin. -->","yoast_head_json":{"title":"\u201cAz\u0259riqaz\u201d\u0131n xudatl\u0131lara verdiyi v\u0259d yerin\u0259 yetirilmir - MEYDAN.TV","robots":{"index":"index","follow":"follow","max-snippet":"max-snippet:-1","max-image-preview":"max-image-preview:large","max-video-preview":"max-video-preview:-1"},"canonical":"https:\/\/www.meydan.tv\/az\/article\/azeriqazin-xudatlilara-verdiyi-ved-yerine-yetirilmir\/","og_locale":"az_AZ","og_type":"article","og_title":"\u201cAz\u0259riqaz\u201d\u0131n xudatl\u0131lara verdiyi v\u0259d yerin\u0259 yetirilmir - MEYDAN.TV","og_description":"\u201c\u00d6zl\u0259ri kombili, isti evl\u0259rind\u0259 oturub, k\u0259ndl\u0259rd\u0259ki v\u0259ziyy\u0259td\u0259n x\u0259b\u0259rsizdil\u0259r\u201d Qusar rayonu, ... Davam\u0131","og_url":"https:\/\/www.meydan.tv\/az\/article\/azeriqazin-xudatlilara-verdiyi-ved-yerine-yetirilmir\/","og_site_name":"MEYDAN.TV","article_published_time":"2024-01-29T17:56:32+00:00","article_modified_time":"2024-01-29T20:46:51+00:00","og_image":[{"width":1200,"height":758,"url":"https:\/\/www.meydan.tv\/wp-content\/uploads\/trend_azerigaz_191012-e1706551555369.jpg","type":"image\/jpeg"}],"author":"elli","twitter_card":"summary_large_image","twitter_creator":"@elli","schema":{"@context":"https:\/\/schema.org","@graph":[{"@type":"Article","@id":"https:\/\/www.meydan.tv\/az\/article\/azeriqazin-xudatlilara-verdiyi-ved-yerine-yetirilmir\/#article","isPartOf":{"@id":"https:\/\/www.meydan.tv\/az\/article\/azeriqazin-xudatlilara-verdiyi-ved-yerine-yetirilmir\/"},"author":{"name":"elli","@id":"https:\/\/www.meydan.tv\/az\/#\/schema\/person\/9cdbecf90d17180ce1dfbd95b08dcf47"},"headline":"\u201cAz\u0259riqaz\u201d\u0131n xudatl\u0131lara verdiyi v\u0259d yerin\u0259 yetirilmir","datePublished":"2024-01-29T17:56:32+00:00","dateModified":"2024-01-29T20:46:51+00:00","mainEntityOfPage":{"@id":"https:\/\/www.meydan.tv\/az\/article\/azeriqazin-xudatlilara-verdiyi-ved-yerine-yetirilmir\/"},"wordCount":405,"publisher":{"@id":"https:\/\/www.meydan.tv\/az\/#organization"},"image":{"@id":"https:\/\/www.meydan.tv\/az\/article\/azeriqazin-xudatlilara-verdiyi-ved-yerine-yetirilmir\/#primaryimage"},"thumbnailUrl":"https:\/\/www.meydan.tv\/wp-content\/uploads\/trend_azerigaz_191012-e1708584645932.jpg","articleSection":["B\u00f6lg\u0259","X\u0259b\u0259rl\u0259r"],"inLanguage":"az"},{"@type":"WebPage","@id":"https:\/\/www.meydan.tv\/az\/article\/azeriqazin-xudatlilara-verdiyi-ved-yerine-yetirilmir\/","url":"https:\/\/www.meydan.tv\/az\/article\/azeriqazin-xudatlilara-verdiyi-ved-yerine-yetirilmir\/","name":"\u201cAz\u0259riqaz\u201d\u0131n xudatl\u0131lara verdiyi v\u0259d yerin\u0259 yetirilmir - MEYDAN.TV","isPartOf":{"@id":"https:\/\/www.meydan.tv\/az\/#website"},"primaryImageOfPage":{"@id":"https:\/\/www.meydan.tv\/az\/article\/azeriqazin-xudatlilara-verdiyi-ved-yerine-yetirilmir\/#primaryimage"},"image":{"@id":"https:\/\/www.meydan.tv\/az\/article\/azeriqazin-xudatlilara-verdiyi-ved-yerine-yetirilmir\/#primaryimage"},"thumbnailUrl":"https:\/\/www.meydan.tv\/wp-content\/uploads\/trend_azerigaz_191012-e1708584645932.jpg","datePublished":"2024-01-29T17:56:32+00:00","dateModified":"2024-01-29T20:46:51+00:00","breadcrumb":{"@id":"https:\/\/www.meydan.tv\/az\/article\/azeriqazin-xudatlilara-verdiyi-ved-yerine-yetirilmir\/#breadcrumb"},"inLanguage":"az","potentialAction":[{"@type":"ReadAction","target":["https:\/\/www.meydan.tv\/az\/article\/azeriqazin-xudatlilara-verdiyi-ved-yerine-yetirilmir\/"]}]},{"@type":"ImageObject","inLanguage":"az","@id":"https:\/\/www.meydan.tv\/az\/article\/azeriqazin-xudatlilara-verdiyi-ved-yerine-yetirilmir\/#primaryimage","url":"https:\/\/www.meydan.tv\/wp-content\/uploads\/trend_azerigaz_191012-e1708584645932.jpg","contentUrl":"https:\/\/www.meydan.tv\/wp-content\/uploads\/trend_azerigaz_191012-e1708584645932.jpg","width":1200,"height":478,"caption":"Foto: \"Az\u0259riqaz\""},{"@type":"BreadcrumbList","@id":"https:\/\/www.meydan.tv\/az\/article\/azeriqazin-xudatlilara-verdiyi-ved-yerine-yetirilmir\/#breadcrumb","itemListElement":[{"@type":"ListItem","position":1,"name":"Ana s\u0259hif\u0259","item":"https:\/\/www.meydan.tv\/az\/"},{"@type":"ListItem","position":2,"name":"B\u00f6lg\u0259","item":"https:\/\/www.meydan.tv\/az\/section\/bolge\/"},{"@type":"ListItem","position":3,"name":"\u201cAz\u0259riqaz\u201d\u0131n xudatl\u0131lara verdiyi v\u0259d yerin\u0259 yetirilmir"}]},{"@type":"WebSite","@id":"https:\/\/www.meydan.tv\/az\/#website","url":"https:\/\/www.meydan.tv\/az\/","name":"MEYDAN.TV","description":"Meydan TV Az\u0259rbaycan\u0131n media m\u0259kan\u0131ndak\u0131 alternativ s\u0259sidir","publisher":{"@id":"https:\/\/www.meydan.tv\/az\/#organization"},"potentialAction":[{"@type":"SearchAction","target":{"@type":"EntryPoint","urlTemplate":"https:\/\/www.meydan.tv\/az\/?s={search_term_string}"},"query-input":{"@type":"PropertyValueSpecification","valueRequired":true,"valueName":"search_term_string"}}],"inLanguage":"az"},{"@type":"Organization","@id":"https:\/\/www.meydan.tv\/az\/#organization","name":"Meydan TV","url":"https:\/\/www.meydan.tv\/az\/","logo":{"@type":"ImageObject","inLanguage":"az","@id":"https:\/\/www.meydan.tv\/az\/#\/schema\/logo\/image\/","url":"https:\/\/www.meydan.tv\/wp-content\/uploads\/2021\/07\/meydan-logo.svg","contentUrl":"https:\/\/www.meydan.tv\/wp-content\/uploads\/2021\/07\/meydan-logo.svg","width":195,"height":46,"caption":"Meydan TV"},"image":{"@id":"https:\/\/www.meydan.tv\/az\/#\/schema\/logo\/image\/"}},{"@type":"Person","@id":"https:\/\/www.meydan.tv\/az\/#\/schema\/person\/9cdbecf90d17180ce1dfbd95b08dcf47","name":"elli","sameAs":["https:\/\/x.com\/elli"]}]}},"_links":{"self":[{"href":"https:\/\/www.meydan.tv\/az\/wp-json\/wp\/v2\/posts\/296542","targetHints":{"allow":["GET"]}}],"collection":[{"href":"https:\/\/www.meydan.tv\/az\/wp-json\/wp\/v2\/posts"}],"about":[{"href":"https:\/\/www.meydan.tv\/az\/wp-json\/wp\/v2\/types\/post"}],"author":[{"embeddable":true,"href":"https:\/\/www.meydan.tv\/az\/wp-json\/wp\/v2\/users\/8"}],"replies":[{"embeddable":true,"href":"https:\/\/www.meydan.tv\/az\/wp-json\/wp\/v2\/comments?post=296542"}],"version-history":[{"count":3,"href":"https:\/\/www.meydan.tv\/az\/wp-json\/wp\/v2\/posts\/296542\/revisions"}],"predecessor-version":[{"id":296550,"href":"https:\/\/www.meydan.tv\/az\/wp-json\/wp\/v2\/posts\/296542\/revisions\/296550"}],"wp:featuredmedia":[{"embeddable":true,"href":"https:\/\/www.meydan.tv\/az\/wp-json\/wp\/v2\/media\/245997"}],"wp:attachment":[{"href":"https:\/\/www.meydan.tv\/az\/wp-json\/wp\/v2\/media?parent=296542"}],"wp:term":[{"taxonomy":"category","embeddable":true,"href":"https:\/\/www.meydan.tv\/az\/wp-json\/wp\/v2\/categories?post=296542"},{"taxonomy":"post_tag","embeddable":true,"href":"https:\/\/www.meydan.tv\/az\/wp-json\/wp\/v2\/tags?post=296542"}],"curies":[{"name":"wp","href":"https:\/\/api.w.org\/{rel}","templated":true}]}}