{"id":296537,"date":"2024-01-29T21:49:41","date_gmt":"2024-01-29T17:49:41","guid":{"rendered":"https:\/\/www.meydan.tv\/?p=296537"},"modified":"2024-01-30T00:44:23","modified_gmt":"2024-01-29T20:44:23","slug":"lenkeranda-mektebin-tavani-dosemesi-desilib-deyirler-secki-ilidir-ses-salmayin","status":"publish","type":"post","link":"https:\/\/www.meydan.tv\/az\/article\/lenkeranda-mektebin-tavani-dosemesi-desilib-deyirler-secki-ilidir-ses-salmayin\/","title":{"rendered":"L\u0259nk\u0259randa: \u201cM\u0259kt\u0259bin tavan\u0131, d\u00f6\u015f\u0259m\u0259si de\u015filib, deyirl\u0259r, se\u00e7ki ilidir, s\u0259s salmay\u0131n\u201d"},"content":{"rendered":"\n<p><\/p>\n\n\n\n<p><strong><em>Valideynl\u0259r u\u015faqlar\u0131n\u0131 m\u0259kt\u0259b\u0259 buraxma\u011fa qorxduqlar\u0131n\u0131 bildirirl\u0259r<\/em><\/strong><\/p>\n\n\n\n<p>\u201c<em>K\u00fctl\u0259vi etirazlardan sonra 10 sayl\u0131 m\u0259kt\u0259bin \u015fagirdl\u0259ri dig\u0259r m\u0259kt\u0259b\u0259 k\u00f6\u00e7\u00fcr\u00fcl\u00fcr. Bizim is\u0259 m\u00fcraci\u0259tl\u0259rimiz\u0259 baxan yoxdur. Deyirl\u0259r ki, se\u00e7ki ilidir, m\u0259tbuata yazmay\u0131n. M\u0259tbuat yada salanda he\u00e7 olmasa t\u0259la\u015fa d\u00fc\u015f\u00fcrl\u0259r\u201d.<\/em><\/p>\n\n\n\n<p>Bunu Meydan TV-y\u0259 L\u0259nk\u0259ran \u015f\u0259h\u0259r 9 sayl\u0131 m\u0259kt\u0259bin valideynl\u0259ri bildiribl\u0259r. Valideynl\u0259rin \u015fikay\u0259ti \u00f6t\u0259n ilin sentyabr\u0131nda-d\u0259rs ili yeni ba\u015flayanda <a href=\"https:\/\/www.meydan.tv\/az\/article\/lenkeranda-seher-mektebinde-dam-doseme-siradan-cixib-yagis-yagan-kimi-sinif-otaqlarina-damir\/\">i\u015f\u0131qland\u0131r\u0131l\u0131b<\/a>.<\/p>\n\n\n\n<p>\u015eikay\u0259t\u00e7il\u0259r deyirl\u0259r ki, h\u0259min \u0259r\u0259f\u0259d\u0259 onlara tezlikl\u0259 m\u0259kt\u0259bd\u0259 t\u0259mir i\u015fl\u0259ri ba\u015flan\u0131laca\u011f\u0131 v\u0259d olunub, h\u0259tta sinif m\u00fc\u0259lliml\u0259ri bel\u0259 aktiv valideynl\u0259rd\u0259n m\u0259tbuata \u015fikay\u0259t olunmamas\u0131n\u0131 xahi\u015f edibl\u0259r.<\/p>\n\n\n\n<p><em>\u201cYa\u011fan ya\u011f\u0131\u015f sinif otaqlar\u0131na dolur, tavan tamamil\u0259 de\u015filib. Qarl\u0131 havalarda tavan\u0131n u\u015faqlar\u0131n ba\u015f\u0131na d\u00fc\u015f\u0259c\u0259yind\u0259n qorxurduq. H\u0259l\u0259 qar\u015f\u0131dan \u015faxtal\u0131 g\u00fcnl\u0259r g\u0259lir. D\u00f6\u015f\u0259m\u0259 s\u0131radan \u00e7\u0131x\u0131b, u\u015faqlar\u0131n aya\u011f\u0131 \u00e7uxura d\u00fc\u015f\u00fcr. Bir ne\u00e7\u0259 d\u0259f\u0259 h\u0259m m\u00fc\u0259lliml\u0259rin, h\u0259m d\u0259 \u015fagirdl\u0259rin aya\u011f\u0131na mismar bat\u0131b\u201d,<\/em>-valideynl\u0259rd\u0259n T\u0259ran\u0259 M\u0259mm\u0259dova bildirib.<\/p>\n\n\n\n<p>\u015eikay\u0259t\u00e7i deyib ki, \u015faxtal\u0131 g\u00fcnl\u0259rd\u0259 u\u015faqlar\u0131 m\u0259kt\u0259b\u0259 g\u00f6nd\u0259rm\u0259k ist\u0259mirl\u0259r:<\/p>\n\n\n\n<p><em>\u201cU\u015faqlar sinifd\u0259 b\u00fcr\u00fcn\u00fcb otururlar, soyuqdan d\u0259rsi dinl\u0259y\u0259 bilmirl\u0259r. Yaz\u0131 yazanda \u0259ll\u0259ri donur. \u0130btidai sinifl\u0259rin v\u0259ziyy\u0259tini t\u0259s\u0259vv\u00fcr ed\u0259 bilm\u0259zsiz. El\u0259 m\u00fc\u0259lliml\u0259r d\u0259 o g\u00fcnd\u0259dirl\u0259r, amma s\u0259sl\u0259rini \u00e7\u0131xarm\u0131rlar. Qap\u0131-p\u0259nc\u0259r\u0259 q\u0131r\u0131qd\u0131r, soyu\u011fun qar\u015f\u0131s\u0131n\u0131 alm\u0131r. Xan \u015f\u0259h\u0259ri kimi tan\u0131nan L\u0259nk\u0259randa m\u0259kt\u0259bl\u0259r b\u0259rbad v\u0259ziyy\u0259td\u0259dir, ancaq baxan yoxdur\u201d.<\/em><\/p>\n\n\n<div class=\"wp-block-image\">\n<figure class=\"alignleft size-large is-resized\"><img decoding=\"async\" width=\"616\" height=\"821\" data-src=\"https:\/\/www.meydan.tv\/wp-content\/uploads\/421920876_7118447294868112_6239570526359047537_n-616x821.jpg\" alt=\"\" class=\"wp-image-296538 lazyload\" style=\"--smush-placeholder-width: 616px; --smush-placeholder-aspect-ratio: 616\/821;width:449px;height:auto\" src=\"data:image\/svg+xml;base64,PHN2ZyB3aWR0aD0iMSIgaGVpZ2h0PSIxIiB4bWxucz0iaHR0cDovL3d3dy53My5vcmcvMjAwMC9zdmciPjwvc3ZnPg==\" \/><figcaption class=\"wp-element-caption\">Foto: Meydan TV<\/figcaption><\/figure>\n<\/div>\n\n\n<p>Valideynl\u0259r deyibl\u0259r ki, 21-i \u0259srd\u0259 m\u0259kt\u0259bd\u0259 d\u00f6\u015f\u0259m\u0259 \u00e7\u00fcr\u00fcd\u00fcy\u00fcnd\u0259n u\u015fa\u011f\u0131n aya\u011f\u0131na mismar batmas\u0131n\u0131 e\u015fid\u0259nl\u0259r inanm\u0131rlar.<\/p>\n\n\n\n<p><em>\u201cM\u0259kt\u0259b indiy\u0259d\u0259k 7 \u015f\u0259hid verib. \u00dcst\u0259lik, t\u0259hsilin s\u0259viyy\u0259sin\u0259 g\u00f6r\u0259 se\u00e7ilir. Buna g\u00f6r\u0259 d\u0259 u\u015faqlar\u0131m\u0131z\u0131 dig\u0259r m\u0259kt\u0259bl\u0259r\u0259 aparmaq ist\u0259mirik\u201d,<\/em> &#8211; valideynl\u0259rd\u0259n biri deyib.<\/p>\n\n\n\n<p>Valideynl\u0259rd\u0259n biri bildirib ki, direktorun \u00f6z\u00fc d\u0259 d\u0259f\u0259l\u0259rl\u0259 t\u0259mirl\u0259 ba\u011fl\u0131 aidiyyat\u0131 orqanlara m\u00fcraci\u0259t edib. M\u0259kt\u0259bin v\u0259ziyy\u0259tind\u0259n L\u0259nk\u0259ran Rayon \u0130cra Hakimiyy\u0259tind\u0259n tutmu\u015f Elm v\u0259 T\u0259hsil Nazirliyin\u0259d\u0259k ham\u0131s\u0131 x\u0259b\u0259rdard\u0131r:<\/p>\n\n\n\n<p><em>\u201cU\u015faqlar d\u0259rsd\u0259n yay\u0131nanda aray\u0131\u015f t\u0259l\u0259b edirl\u0259r, sinif soyuq oldu\u011fundan is\u0259 tez-tez x\u0259st\u0259l\u0259nirl\u0259r. Deyirl\u0259r ki, se\u00e7ki ilind\u0259 \u00e7ox s\u0259s-k\u00fcy salmay\u0131n. M\u0259tbuatda yaz\u0131lanlara da bax\u0131lm\u0131rsa, biz\u0259 \u00e7\u0131x\u0131\u015f yolu g\u00f6st\u0259rsinl\u0259r. Q\u0131\u015f\u0131 nec\u0259 yola ver\u0259k? Divarlar n\u0259mi\u015flikd\u0259n qaral\u0131b, ya\u011f\u0131\u015f olmayanda da su ax\u0131r\u201d.<\/em><\/p>\n\n\n\n<p>L\u0259nk\u0259ran-Astara Regional T\u0259hsil \u0130dar\u0259sind\u0259n Meydan TV-y\u0259 bildiribl\u0259r ki, m\u0259kt\u0259b yax\u0131n vaxtlarda t\u0259mir olunacaq.<\/p>\n","protected":false},"excerpt":{"rendered":"<p>Valideynl\u0259r u\u015faqlar\u0131n\u0131 m\u0259kt\u0259b\u0259 buraxma\u011fa qorxduqlar\u0131n\u0131 bildirirl\u0259r \u201cK\u00fctl\u0259vi etirazlardan sonra 10 &#8230; <\/p>\n<p class=\"read-more-container\"><a title=\"L\u0259nk\u0259randa: \u201cM\u0259kt\u0259bin tavan\u0131, d\u00f6\u015f\u0259m\u0259si de\u015filib, deyirl\u0259r, se\u00e7ki ilidir, s\u0259s salmay\u0131n\u201d\" class=\"read-more button\" href=\"https:\/\/www.meydan.tv\/az\/article\/lenkeranda-mektebin-tavani-dosemesi-desilib-deyirler-secki-ilidir-ses-salmayin\/#more-296537\" aria-label=\"Read more about L\u0259nk\u0259randa: \u201cM\u0259kt\u0259bin tavan\u0131, d\u00f6\u015f\u0259m\u0259si de\u015filib, deyirl\u0259r, se\u00e7ki ilidir, s\u0259s salmay\u0131n\u201d\">Davam\u0131<\/a><\/p>\n","protected":false},"author":8,"featured_media":147665,"comment_status":"closed","ping_status":"closed","sticky":false,"template":"","format":"standard","meta":{"_acf_changed":false,"_sitemap_exclude":false,"_sitemap_priority":"","_sitemap_frequency":"","footnotes":""},"categories":[62,79,56],"tags":[],"class_list":["post-296537","post","type-post","status-publish","format-standard","has-post-thumbnail","hentry","category-sosial","category-featured","category-xeberler","infinite-scroll-item","generate-columns","tablet-grid-50","mobile-grid-100","grid-parent","grid-33","no-featured-image-padding"],"acf":[],"yoast_head":"<!-- This site is optimized with the Yoast SEO plugin v27.5 - https:\/\/yoast.com\/product\/yoast-seo-wordpress\/ -->\n<title>L\u0259nk\u0259randa: \u201cM\u0259kt\u0259bin tavan\u0131, d\u00f6\u015f\u0259m\u0259si de\u015filib, deyirl\u0259r, se\u00e7ki ilidir, s\u0259s salmay\u0131n\u201d - MEYDAN.TV<\/title>\n<meta name=\"robots\" content=\"index, follow, max-snippet:-1, max-image-preview:large, max-video-preview:-1\" \/>\n<link rel=\"canonical\" href=\"https:\/\/www.meydan.tv\/az\/article\/lenkeranda-mektebin-tavani-dosemesi-desilib-deyirler-secki-ilidir-ses-salmayin\/\" \/>\n<meta property=\"og:locale\" content=\"az_AZ\" \/>\n<meta property=\"og:type\" content=\"article\" \/>\n<meta property=\"og:title\" content=\"L\u0259nk\u0259randa: \u201cM\u0259kt\u0259bin tavan\u0131, d\u00f6\u015f\u0259m\u0259si de\u015filib, deyirl\u0259r, se\u00e7ki ilidir, s\u0259s salmay\u0131n\u201d - MEYDAN.TV\" \/>\n<meta property=\"og:description\" content=\"Valideynl\u0259r u\u015faqlar\u0131n\u0131 m\u0259kt\u0259b\u0259 buraxma\u011fa qorxduqlar\u0131n\u0131 bildirirl\u0259r \u201cK\u00fctl\u0259vi etirazlardan sonra 10 ... Davam\u0131\" \/>\n<meta property=\"og:url\" content=\"https:\/\/www.meydan.tv\/az\/article\/lenkeranda-mektebin-tavani-dosemesi-desilib-deyirler-secki-ilidir-ses-salmayin\/\" \/>\n<meta property=\"og:site_name\" content=\"MEYDAN.TV\" \/>\n<meta property=\"article:published_time\" content=\"2024-01-29T17:49:41+00:00\" \/>\n<meta property=\"article:modified_time\" content=\"2024-01-29T20:44:23+00:00\" \/>\n<meta property=\"og:image\" content=\"https:\/\/www.meydan.tv\/wp-content\/uploads\/mmm.png\" \/>\n\t<meta property=\"og:image:width\" content=\"1280\" \/>\n\t<meta property=\"og:image:height\" content=\"720\" \/>\n\t<meta property=\"og:image:type\" content=\"image\/png\" \/>\n<meta name=\"author\" content=\"elli\" \/>\n<meta name=\"twitter:card\" content=\"summary_large_image\" \/>\n<meta name=\"twitter:creator\" content=\"@elli\" \/>\n<script type=\"application\/ld+json\" class=\"yoast-schema-graph\">{\"@context\":\"https:\\\/\\\/schema.org\",\"@graph\":[{\"@type\":\"Article\",\"@id\":\"https:\\\/\\\/www.meydan.tv\\\/az\\\/article\\\/lenkeranda-mektebin-tavani-dosemesi-desilib-deyirler-secki-ilidir-ses-salmayin\\\/#article\",\"isPartOf\":{\"@id\":\"https:\\\/\\\/www.meydan.tv\\\/az\\\/article\\\/lenkeranda-mektebin-tavani-dosemesi-desilib-deyirler-secki-ilidir-ses-salmayin\\\/\"},\"author\":{\"name\":\"elli\",\"@id\":\"https:\\\/\\\/www.meydan.tv\\\/az\\\/#\\\/schema\\\/person\\\/9cdbecf90d17180ce1dfbd95b08dcf47\"},\"headline\":\"L\u0259nk\u0259randa: \u201cM\u0259kt\u0259bin tavan\u0131, d\u00f6\u015f\u0259m\u0259si de\u015filib, deyirl\u0259r, se\u00e7ki ilidir, s\u0259s salmay\u0131n\u201d\",\"datePublished\":\"2024-01-29T17:49:41+00:00\",\"dateModified\":\"2024-01-29T20:44:23+00:00\",\"mainEntityOfPage\":{\"@id\":\"https:\\\/\\\/www.meydan.tv\\\/az\\\/article\\\/lenkeranda-mektebin-tavani-dosemesi-desilib-deyirler-secki-ilidir-ses-salmayin\\\/\"},\"wordCount\":571,\"publisher\":{\"@id\":\"https:\\\/\\\/www.meydan.tv\\\/az\\\/#organization\"},\"image\":{\"@id\":\"https:\\\/\\\/www.meydan.tv\\\/az\\\/article\\\/lenkeranda-mektebin-tavani-dosemesi-desilib-deyirler-secki-ilidir-ses-salmayin\\\/#primaryimage\"},\"thumbnailUrl\":\"https:\\\/\\\/www.meydan.tv\\\/wp-content\\\/uploads\\\/mmm.png\",\"articleSection\":[\"Sosial\",\"T\u00f6vsiy\u0259\",\"X\u0259b\u0259rl\u0259r\"],\"inLanguage\":\"az\"},{\"@type\":\"WebPage\",\"@id\":\"https:\\\/\\\/www.meydan.tv\\\/az\\\/article\\\/lenkeranda-mektebin-tavani-dosemesi-desilib-deyirler-secki-ilidir-ses-salmayin\\\/\",\"url\":\"https:\\\/\\\/www.meydan.tv\\\/az\\\/article\\\/lenkeranda-mektebin-tavani-dosemesi-desilib-deyirler-secki-ilidir-ses-salmayin\\\/\",\"name\":\"L\u0259nk\u0259randa: \u201cM\u0259kt\u0259bin tavan\u0131, d\u00f6\u015f\u0259m\u0259si de\u015filib, deyirl\u0259r, se\u00e7ki ilidir, s\u0259s salmay\u0131n\u201d - MEYDAN.TV\",\"isPartOf\":{\"@id\":\"https:\\\/\\\/www.meydan.tv\\\/az\\\/#website\"},\"primaryImageOfPage\":{\"@id\":\"https:\\\/\\\/www.meydan.tv\\\/az\\\/article\\\/lenkeranda-mektebin-tavani-dosemesi-desilib-deyirler-secki-ilidir-ses-salmayin\\\/#primaryimage\"},\"image\":{\"@id\":\"https:\\\/\\\/www.meydan.tv\\\/az\\\/article\\\/lenkeranda-mektebin-tavani-dosemesi-desilib-deyirler-secki-ilidir-ses-salmayin\\\/#primaryimage\"},\"thumbnailUrl\":\"https:\\\/\\\/www.meydan.tv\\\/wp-content\\\/uploads\\\/mmm.png\",\"datePublished\":\"2024-01-29T17:49:41+00:00\",\"dateModified\":\"2024-01-29T20:44:23+00:00\",\"breadcrumb\":{\"@id\":\"https:\\\/\\\/www.meydan.tv\\\/az\\\/article\\\/lenkeranda-mektebin-tavani-dosemesi-desilib-deyirler-secki-ilidir-ses-salmayin\\\/#breadcrumb\"},\"inLanguage\":\"az\",\"potentialAction\":[{\"@type\":\"ReadAction\",\"target\":[\"https:\\\/\\\/www.meydan.tv\\\/az\\\/article\\\/lenkeranda-mektebin-tavani-dosemesi-desilib-deyirler-secki-ilidir-ses-salmayin\\\/\"]}]},{\"@type\":\"ImageObject\",\"inLanguage\":\"az\",\"@id\":\"https:\\\/\\\/www.meydan.tv\\\/az\\\/article\\\/lenkeranda-mektebin-tavani-dosemesi-desilib-deyirler-secki-ilidir-ses-salmayin\\\/#primaryimage\",\"url\":\"https:\\\/\\\/www.meydan.tv\\\/wp-content\\\/uploads\\\/mmm.png\",\"contentUrl\":\"https:\\\/\\\/www.meydan.tv\\\/wp-content\\\/uploads\\\/mmm.png\",\"width\":1280,\"height\":720,\"caption\":\"Foto: Meydan TV\"},{\"@type\":\"BreadcrumbList\",\"@id\":\"https:\\\/\\\/www.meydan.tv\\\/az\\\/article\\\/lenkeranda-mektebin-tavani-dosemesi-desilib-deyirler-secki-ilidir-ses-salmayin\\\/#breadcrumb\",\"itemListElement\":[{\"@type\":\"ListItem\",\"position\":1,\"name\":\"Ana s\u0259hif\u0259\",\"item\":\"https:\\\/\\\/www.meydan.tv\\\/az\\\/\"},{\"@type\":\"ListItem\",\"position\":2,\"name\":\"Sosial\",\"item\":\"https:\\\/\\\/www.meydan.tv\\\/az\\\/section\\\/sosial\\\/\"},{\"@type\":\"ListItem\",\"position\":3,\"name\":\"L\u0259nk\u0259randa: \u201cM\u0259kt\u0259bin tavan\u0131, d\u00f6\u015f\u0259m\u0259si de\u015filib, deyirl\u0259r, se\u00e7ki ilidir, s\u0259s salmay\u0131n\u201d\"}]},{\"@type\":\"WebSite\",\"@id\":\"https:\\\/\\\/www.meydan.tv\\\/az\\\/#website\",\"url\":\"https:\\\/\\\/www.meydan.tv\\\/az\\\/\",\"name\":\"MEYDAN.TV\",\"description\":\"Meydan TV Az\u0259rbaycan\u0131n media m\u0259kan\u0131ndak\u0131 alternativ s\u0259sidir\",\"publisher\":{\"@id\":\"https:\\\/\\\/www.meydan.tv\\\/az\\\/#organization\"},\"potentialAction\":[{\"@type\":\"SearchAction\",\"target\":{\"@type\":\"EntryPoint\",\"urlTemplate\":\"https:\\\/\\\/www.meydan.tv\\\/az\\\/?s={search_term_string}\"},\"query-input\":{\"@type\":\"PropertyValueSpecification\",\"valueRequired\":true,\"valueName\":\"search_term_string\"}}],\"inLanguage\":\"az\"},{\"@type\":\"Organization\",\"@id\":\"https:\\\/\\\/www.meydan.tv\\\/az\\\/#organization\",\"name\":\"Meydan TV\",\"url\":\"https:\\\/\\\/www.meydan.tv\\\/az\\\/\",\"logo\":{\"@type\":\"ImageObject\",\"inLanguage\":\"az\",\"@id\":\"https:\\\/\\\/www.meydan.tv\\\/az\\\/#\\\/schema\\\/logo\\\/image\\\/\",\"url\":\"https:\\\/\\\/www.meydan.tv\\\/wp-content\\\/uploads\\\/2021\\\/07\\\/meydan-logo.svg\",\"contentUrl\":\"https:\\\/\\\/www.meydan.tv\\\/wp-content\\\/uploads\\\/2021\\\/07\\\/meydan-logo.svg\",\"width\":195,\"height\":46,\"caption\":\"Meydan TV\"},\"image\":{\"@id\":\"https:\\\/\\\/www.meydan.tv\\\/az\\\/#\\\/schema\\\/logo\\\/image\\\/\"}},{\"@type\":\"Person\",\"@id\":\"https:\\\/\\\/www.meydan.tv\\\/az\\\/#\\\/schema\\\/person\\\/9cdbecf90d17180ce1dfbd95b08dcf47\",\"name\":\"elli\",\"sameAs\":[\"https:\\\/\\\/x.com\\\/elli\"]}]}<\/script>\n<!-- \/ Yoast SEO plugin. -->","yoast_head_json":{"title":"L\u0259nk\u0259randa: \u201cM\u0259kt\u0259bin tavan\u0131, d\u00f6\u015f\u0259m\u0259si de\u015filib, deyirl\u0259r, se\u00e7ki ilidir, s\u0259s salmay\u0131n\u201d - MEYDAN.TV","robots":{"index":"index","follow":"follow","max-snippet":"max-snippet:-1","max-image-preview":"max-image-preview:large","max-video-preview":"max-video-preview:-1"},"canonical":"https:\/\/www.meydan.tv\/az\/article\/lenkeranda-mektebin-tavani-dosemesi-desilib-deyirler-secki-ilidir-ses-salmayin\/","og_locale":"az_AZ","og_type":"article","og_title":"L\u0259nk\u0259randa: \u201cM\u0259kt\u0259bin tavan\u0131, d\u00f6\u015f\u0259m\u0259si de\u015filib, deyirl\u0259r, se\u00e7ki ilidir, s\u0259s salmay\u0131n\u201d - MEYDAN.TV","og_description":"Valideynl\u0259r u\u015faqlar\u0131n\u0131 m\u0259kt\u0259b\u0259 buraxma\u011fa qorxduqlar\u0131n\u0131 bildirirl\u0259r \u201cK\u00fctl\u0259vi etirazlardan sonra 10 ... Davam\u0131","og_url":"https:\/\/www.meydan.tv\/az\/article\/lenkeranda-mektebin-tavani-dosemesi-desilib-deyirler-secki-ilidir-ses-salmayin\/","og_site_name":"MEYDAN.TV","article_published_time":"2024-01-29T17:49:41+00:00","article_modified_time":"2024-01-29T20:44:23+00:00","og_image":[{"width":1280,"height":720,"url":"https:\/\/www.meydan.tv\/wp-content\/uploads\/mmm.png","type":"image\/png"}],"author":"elli","twitter_card":"summary_large_image","twitter_creator":"@elli","schema":{"@context":"https:\/\/schema.org","@graph":[{"@type":"Article","@id":"https:\/\/www.meydan.tv\/az\/article\/lenkeranda-mektebin-tavani-dosemesi-desilib-deyirler-secki-ilidir-ses-salmayin\/#article","isPartOf":{"@id":"https:\/\/www.meydan.tv\/az\/article\/lenkeranda-mektebin-tavani-dosemesi-desilib-deyirler-secki-ilidir-ses-salmayin\/"},"author":{"name":"elli","@id":"https:\/\/www.meydan.tv\/az\/#\/schema\/person\/9cdbecf90d17180ce1dfbd95b08dcf47"},"headline":"L\u0259nk\u0259randa: \u201cM\u0259kt\u0259bin tavan\u0131, d\u00f6\u015f\u0259m\u0259si de\u015filib, deyirl\u0259r, se\u00e7ki ilidir, s\u0259s salmay\u0131n\u201d","datePublished":"2024-01-29T17:49:41+00:00","dateModified":"2024-01-29T20:44:23+00:00","mainEntityOfPage":{"@id":"https:\/\/www.meydan.tv\/az\/article\/lenkeranda-mektebin-tavani-dosemesi-desilib-deyirler-secki-ilidir-ses-salmayin\/"},"wordCount":571,"publisher":{"@id":"https:\/\/www.meydan.tv\/az\/#organization"},"image":{"@id":"https:\/\/www.meydan.tv\/az\/article\/lenkeranda-mektebin-tavani-dosemesi-desilib-deyirler-secki-ilidir-ses-salmayin\/#primaryimage"},"thumbnailUrl":"https:\/\/www.meydan.tv\/wp-content\/uploads\/mmm.png","articleSection":["Sosial","T\u00f6vsiy\u0259","X\u0259b\u0259rl\u0259r"],"inLanguage":"az"},{"@type":"WebPage","@id":"https:\/\/www.meydan.tv\/az\/article\/lenkeranda-mektebin-tavani-dosemesi-desilib-deyirler-secki-ilidir-ses-salmayin\/","url":"https:\/\/www.meydan.tv\/az\/article\/lenkeranda-mektebin-tavani-dosemesi-desilib-deyirler-secki-ilidir-ses-salmayin\/","name":"L\u0259nk\u0259randa: \u201cM\u0259kt\u0259bin tavan\u0131, d\u00f6\u015f\u0259m\u0259si de\u015filib, deyirl\u0259r, se\u00e7ki ilidir, s\u0259s salmay\u0131n\u201d - MEYDAN.TV","isPartOf":{"@id":"https:\/\/www.meydan.tv\/az\/#website"},"primaryImageOfPage":{"@id":"https:\/\/www.meydan.tv\/az\/article\/lenkeranda-mektebin-tavani-dosemesi-desilib-deyirler-secki-ilidir-ses-salmayin\/#primaryimage"},"image":{"@id":"https:\/\/www.meydan.tv\/az\/article\/lenkeranda-mektebin-tavani-dosemesi-desilib-deyirler-secki-ilidir-ses-salmayin\/#primaryimage"},"thumbnailUrl":"https:\/\/www.meydan.tv\/wp-content\/uploads\/mmm.png","datePublished":"2024-01-29T17:49:41+00:00","dateModified":"2024-01-29T20:44:23+00:00","breadcrumb":{"@id":"https:\/\/www.meydan.tv\/az\/article\/lenkeranda-mektebin-tavani-dosemesi-desilib-deyirler-secki-ilidir-ses-salmayin\/#breadcrumb"},"inLanguage":"az","potentialAction":[{"@type":"ReadAction","target":["https:\/\/www.meydan.tv\/az\/article\/lenkeranda-mektebin-tavani-dosemesi-desilib-deyirler-secki-ilidir-ses-salmayin\/"]}]},{"@type":"ImageObject","inLanguage":"az","@id":"https:\/\/www.meydan.tv\/az\/article\/lenkeranda-mektebin-tavani-dosemesi-desilib-deyirler-secki-ilidir-ses-salmayin\/#primaryimage","url":"https:\/\/www.meydan.tv\/wp-content\/uploads\/mmm.png","contentUrl":"https:\/\/www.meydan.tv\/wp-content\/uploads\/mmm.png","width":1280,"height":720,"caption":"Foto: Meydan TV"},{"@type":"BreadcrumbList","@id":"https:\/\/www.meydan.tv\/az\/article\/lenkeranda-mektebin-tavani-dosemesi-desilib-deyirler-secki-ilidir-ses-salmayin\/#breadcrumb","itemListElement":[{"@type":"ListItem","position":1,"name":"Ana s\u0259hif\u0259","item":"https:\/\/www.meydan.tv\/az\/"},{"@type":"ListItem","position":2,"name":"Sosial","item":"https:\/\/www.meydan.tv\/az\/section\/sosial\/"},{"@type":"ListItem","position":3,"name":"L\u0259nk\u0259randa: \u201cM\u0259kt\u0259bin tavan\u0131, d\u00f6\u015f\u0259m\u0259si de\u015filib, deyirl\u0259r, se\u00e7ki ilidir, s\u0259s salmay\u0131n\u201d"}]},{"@type":"WebSite","@id":"https:\/\/www.meydan.tv\/az\/#website","url":"https:\/\/www.meydan.tv\/az\/","name":"MEYDAN.TV","description":"Meydan TV Az\u0259rbaycan\u0131n media m\u0259kan\u0131ndak\u0131 alternativ s\u0259sidir","publisher":{"@id":"https:\/\/www.meydan.tv\/az\/#organization"},"potentialAction":[{"@type":"SearchAction","target":{"@type":"EntryPoint","urlTemplate":"https:\/\/www.meydan.tv\/az\/?s={search_term_string}"},"query-input":{"@type":"PropertyValueSpecification","valueRequired":true,"valueName":"search_term_string"}}],"inLanguage":"az"},{"@type":"Organization","@id":"https:\/\/www.meydan.tv\/az\/#organization","name":"Meydan TV","url":"https:\/\/www.meydan.tv\/az\/","logo":{"@type":"ImageObject","inLanguage":"az","@id":"https:\/\/www.meydan.tv\/az\/#\/schema\/logo\/image\/","url":"https:\/\/www.meydan.tv\/wp-content\/uploads\/2021\/07\/meydan-logo.svg","contentUrl":"https:\/\/www.meydan.tv\/wp-content\/uploads\/2021\/07\/meydan-logo.svg","width":195,"height":46,"caption":"Meydan TV"},"image":{"@id":"https:\/\/www.meydan.tv\/az\/#\/schema\/logo\/image\/"}},{"@type":"Person","@id":"https:\/\/www.meydan.tv\/az\/#\/schema\/person\/9cdbecf90d17180ce1dfbd95b08dcf47","name":"elli","sameAs":["https:\/\/x.com\/elli"]}]}},"_links":{"self":[{"href":"https:\/\/www.meydan.tv\/az\/wp-json\/wp\/v2\/posts\/296537","targetHints":{"allow":["GET"]}}],"collection":[{"href":"https:\/\/www.meydan.tv\/az\/wp-json\/wp\/v2\/posts"}],"about":[{"href":"https:\/\/www.meydan.tv\/az\/wp-json\/wp\/v2\/types\/post"}],"author":[{"embeddable":true,"href":"https:\/\/www.meydan.tv\/az\/wp-json\/wp\/v2\/users\/8"}],"replies":[{"embeddable":true,"href":"https:\/\/www.meydan.tv\/az\/wp-json\/wp\/v2\/comments?post=296537"}],"version-history":[{"count":3,"href":"https:\/\/www.meydan.tv\/az\/wp-json\/wp\/v2\/posts\/296537\/revisions"}],"predecessor-version":[{"id":296548,"href":"https:\/\/www.meydan.tv\/az\/wp-json\/wp\/v2\/posts\/296537\/revisions\/296548"}],"wp:featuredmedia":[{"embeddable":true,"href":"https:\/\/www.meydan.tv\/az\/wp-json\/wp\/v2\/media\/147665"}],"wp:attachment":[{"href":"https:\/\/www.meydan.tv\/az\/wp-json\/wp\/v2\/media?parent=296537"}],"wp:term":[{"taxonomy":"category","embeddable":true,"href":"https:\/\/www.meydan.tv\/az\/wp-json\/wp\/v2\/categories?post=296537"},{"taxonomy":"post_tag","embeddable":true,"href":"https:\/\/www.meydan.tv\/az\/wp-json\/wp\/v2\/tags?post=296537"}],"curies":[{"name":"wp","href":"https:\/\/api.w.org\/{rel}","templated":true}]}}