{"id":296518,"date":"2024-01-29T19:14:27","date_gmt":"2024-01-29T15:14:27","guid":{"rendered":"https:\/\/www.meydan.tv\/?p=296518"},"modified":"2024-01-29T19:14:33","modified_gmt":"2024-01-29T15:14:33","slug":"msk-namizedlerin-gelir-ve-xerclerini-aciqladi-eliyev-ondedir","status":"publish","type":"post","link":"https:\/\/www.meydan.tv\/az\/article\/msk-namizedlerin-gelir-ve-xerclerini-aciqladi-eliyev-ondedir\/","title":{"rendered":"MSK namiz\u0259dl\u0259rin g\u0259lir v\u0259 x\u0259rcl\u0259rini a\u00e7\u0131qlad\u0131: \u018fliyev \u00f6nd\u0259dir"},"content":{"rendered":"\n<p><\/p>\n\n\n\n<p><strong><em>Fazil Mustafa 61 400 manatla ikinci yerd\u0259dir<\/em><\/strong><\/p>\n\n\n\n<p>M\u0259rk\u0259zi Se\u00e7ki Komissiyas\u0131 (MSK) prezidentliy\u0259 namiz\u0259dl\u0259rin se\u00e7ki fondlar\u0131n\u0131n g\u0259lir v\u0259 x\u0259rcl\u0259rinin ikinci ilkin maliyy\u0259 hesabat\u0131n\u0131 a\u00e7\u0131qlay\u0131b.<\/p>\n\n\n\n<p>Bildirib ki, prezidentliy\u0259 namiz\u0259d \u0130lham \u018fliyevin se\u00e7ki fondunun g\u0259lirl\u0259ri 720 200 manatd\u0131r:<\/p>\n\n\n\n<p>&#8220;<em>Bu v\u0259saitin 170 200 manat\u0131 fiziki \u015f\u0259xsl\u0259rin, 300 000 manat\u0131 h\u00fcquqi \u015f\u0259xsl\u0259rin ian\u0259si, 250 000 manat\u0131 is\u0259 namiz\u0259dliyi ir\u0259li s\u00fcr\u00fcl\u0259n partiya t\u0259r\u0259find\u0259n formala\u015fd\u0131rl\u0131b. \u018fliyevin se\u00e7ki fonduna y\u0131\u011f\u0131lan 720 000 manat v\u0259saitin 481 776,42 manat\u0131 se\u00e7kiqaba\u011f\u0131 t\u0259\u015fviqatla ba\u011fl\u0131 t\u0259dbirl\u0259rin, habel\u0259 informasiya v\u0259 m\u0259\u015fv\u0259r\u0259t xidm\u0259ti d\u0259y\u0259rl\u0259rinin \u00f6d\u0259nilm\u0259sin\u0259 x\u0259rcl\u0259nib\u201d.&nbsp;<\/em><\/p>\n\n\n\n<p>MSK qeyd edir ki, prezidentliy\u0259 namiz\u0259d Zahid Orucun se\u00e7ki fondunun g\u0259lirl\u0259ri 43 000 manatd\u0131r:<\/p>\n\n\n\n<p><em>\u201cBu v\u0259saitin 8 000 manat\u0131 se\u00e7ici imzalar\u0131n\u0131n toplanmas\u0131na y\u00f6n\u0259ldilmi\u015f t\u0259\u015fkilati-texniki t\u0259dbirl\u0259rin maliyy\u0259 t\u0259minat\u0131na, habel\u0259 se\u00e7ici imzalar\u0131n\u0131n toplanmas\u0131 \u00fc\u00e7\u00fcn m\u00fcvafiq \u015f\u0259xsl\u0259r\u0259 \u00f6d\u0259nilib. 35 000 manat is\u0259 se\u00e7kiqaba\u011f\u0131 t\u0259\u015fviqatla ba\u011fl\u0131 t\u0259dbirl\u0259rin, habel\u0259 informasiya v\u0259 m\u0259\u015fv\u0259r\u0259t xidm\u0259ti d\u0259y\u0259rl\u0259rinin \u00f6d\u0259nilm\u0259sin\u0259 x\u0259rcl\u0259nib\u201d, &#8211;<\/em> dey\u0259 m\u0259lumatda qeyd olunur.<\/p>\n\n\n\n<p>Milli C\u0259bh\u0259 Partiyas\u0131n\u0131n namiz\u0259di Razi Nurullayevin se\u00e7ki fondunun g\u0259lirl\u0259rinin 3 000 (fiziki \u015f\u0259xsl\u0259rin k\u00f6n\u00fcll\u00fc ian\u0259si) manat oldu\u011fu bildirilir:<\/p>\n\n\n\n<p><em>&#8220;Bu v\u0259saitin 2999.33 manat\u0131 se\u00e7kiqaba\u011f\u0131 t\u0259\u015fviqatla ba\u011fl\u0131 t\u0259dbirl\u0259rin, habel\u0259 informasiya v\u0259 m\u0259\u015fv\u0259r\u0259t xidm\u0259ti d\u0259y\u0259rl\u0259rinin \u00f6d\u0259nilm\u0259sin\u0259 x\u0259rcl\u0259nib&#8221;.<\/em><\/p>\n\n\n\n<p>M\u0259lumata g\u00f6r\u0259, B\u00fct\u00f6v Az\u0259rbaycan Xalq C\u0259bh\u0259si Partiyas\u0131n\u0131n (BAXCP) s\u0259dri Q\u00fcdr\u0259t H\u0259s\u0259nquliyevin se\u00e7ki fondunun g\u0259lirl\u0259ri is\u0259 30 000 manatd\u0131r:<\/p>\n\n\n\n<p><em>&#8220;Bunun 10 000 manat\u0131 namiz\u0259din x\u00fcsusi v\u0259saiti, 20 000 manat\u0131 is\u0259 fiziki \u015f\u0259xsl\u0259rin k\u00f6n\u00fcll\u00fc ian\u0259si hesab\u0131na formala\u015f\u0131b\u201d.<\/em><\/p>\n\n\n\n<p>MSK qeyd edir ki, H\u0259s\u0259nquliyevin se\u00e7ki fondunun 15 000 manat\u0131 se\u00e7ici imzalar\u0131n\u0131n toplanmas\u0131na y\u00f6n\u0259ldilmi\u015f t\u0259\u015fkilati-texniki t\u0259dbirl\u0259rin maliyy\u0259 t\u0259minat\u0131na, habel\u0259 se\u00e7ici imzalar\u0131n\u0131n toplanmas\u0131 \u00fc\u00e7\u00fcn m\u00fcvafiq \u015f\u0259xsl\u0259r\u0259 \u00f6d\u0259nilib:<\/p>\n\n\n\n<p>\u201c<em>15 000 manat\u0131 is\u0259 se\u00e7kiqaba\u011f\u0131 t\u0259\u015fviqatla ba\u011fl\u0131 t\u0259dbirl\u0259rin, habel\u0259 informasiya v\u0259 m\u0259\u015fv\u0259r\u0259t xidm\u0259ti d\u0259y\u0259rl\u0259rinin \u00f6d\u0259nilm\u0259sin\u0259 x\u0259rcl\u0259nib&#8221;.<\/em><\/p>\n\n\n\n<p>MSK h\u0259m\u00e7inin B\u00f6y\u00fck Qurulu\u015f Partiyas\u0131n\u0131n ba\u015fqan\u0131, prezidentliy\u0259 namiz\u0259d Fazil Mustafan\u0131n se\u00e7ki fondunun g\u0259lirl\u0259rinin 61 400 manat oldu\u011funu qeyd edib:<\/p>\n\n\n\n<p>&#8220;<em>H\u0259min m\u0259bl\u0259\u011fin 11 000 manat\u0131 namiz\u0259din x\u00fcsusi v\u0259saiti, 400 manat\u0131 fiziki \u015f\u0259xsl\u0259rin k\u00f6n\u00fcll\u00fc ian\u0259si hesab\u0131na, 50 000 manat\u0131 is\u0259 namiz\u0259dliyi ir\u0259li s\u00fcr\u00fcl\u0259n partiya t\u0259r\u0259find\u0259n formala\u015fd\u0131r\u0131l\u0131b\u201d.<\/em><\/p>\n\n\n\n<p>Bildirilir ki, v\u0259saitin 8 000 manat\u0131 se\u00e7ici imzalar\u0131n\u0131n toplanmas\u0131na y\u00f6n\u0259ldilmi\u015f t\u0259\u015fkilati-texniki t\u0259dbirl\u0259rin maliyy\u0259 t\u0259minat\u0131na, habel\u0259 se\u00e7ici imzalar\u0131n\u0131n toplanmas\u0131 \u00fc\u00e7\u00fcn m\u00fcvafiq \u015f\u0259xsl\u0259r\u0259 \u00f6d\u0259nilib:<\/p>\n\n\n\n<p><em>\u201c38 200 manat\u0131 se\u00e7kiqaba\u011f\u0131 t\u0259\u015fviqatla ba\u011fl\u0131 t\u0259dbirl\u0259rin, habel\u0259 informasiya v\u0259 m\u0259\u015fv\u0259r\u0259t xidm\u0259ti d\u0259y\u0259rl\u0259rinin \u00f6d\u0259nilm\u0259sin\u0259 x\u0259rcl\u0259nib. 13 600 manat\u0131 h\u00fcquqi \u015f\u0259xsl\u0259rin v\u0259 v\u0259t\u0259nda\u015flar\u0131n bilavasit\u0259 yerin\u0259 yetirdikl\u0259ri dig\u0259r i\u015fl\u0259rin d\u0259y\u0259rinin \u00f6d\u0259nilm\u0259sin\u0259 y\u00f6n\u0259lib&#8221;.<\/em><\/p>\n\n\n\n<p>B\u00f6y\u00fck Az\u0259rbaycan Partiyas\u0131n\u0131n s\u0259dri, prezidentliy\u0259 namiz\u0259d El\u015fad Musayevin se\u00e7ki fondunun g\u0259lirl\u0259ri 5000 (fiziki \u015f\u0259xsl\u0259rin k\u00f6n\u00fcll\u00fc ian\u0259si) manatd\u0131r.<\/p>\n\n\n\n<p>Qeyd edilir ki, o, bu v\u0259saitin 4428,42 manat\u0131 se\u00e7kiqaba\u011f\u0131 t\u0259\u015fviqatla ba\u011fl\u0131 t\u0259dbirl\u0259rin, habel\u0259 informasiya v\u0259 m\u0259\u015fv\u0259r\u0259t xidm\u0259ti d\u0259y\u0259rl\u0259rinin \u00f6d\u0259nilm\u0259sin\u0259 x\u0259rcl\u0259yib.<\/p>\n\n\n\n<p>Fuad \u018fliyev\u0259 g\u0259ldikd\u0259, onun g\u0259lirl\u0259ri 2 500 (namiz\u0259din x\u00fcsusu v\u0259saiti) manatd\u0131r:<\/p>\n\n\n\n<p>&#8220;<em>O, bu v\u0259saitin ham\u0131s\u0131n\u0131 se\u00e7kiqaba\u011f\u0131 t\u0259\u015fviqatla ba\u011fl\u0131 t\u0259dbirl\u0259rin, habel\u0259 informasiya v\u0259 m\u0259\u015fv\u0259r\u0259t xidm\u0259ti d\u0259y\u0259rl\u0259rinin \u00f6d\u0259nilm\u0259sin\u0259 x\u0259rcl\u0259yib&#8221;<\/em>.<\/p>\n\n\n\n<p>Se\u00e7ki M\u0259c\u0259ll\u0259sinin 94.3.2-ci madd\u0259sin\u0259 \u0259sas\u0259n, ikinci ilkin maliyy\u0259 hesabat\u0131 s\u0259sverm\u0259 g\u00fcn\u00fcn\u0259 \u0259n tezi 20 g\u00fcn qalm\u0131\u015f v\u0259 s\u0259sverm\u0259 g\u00fcn\u00fcn\u0259 \u0259n geci 10 g\u00fcn qalm\u0131\u015f t\u0259qdim edilir. Bu hesabata orada g\u00f6st\u0259rilmi\u015f tarix\u0259 7 g\u00fcn qalm\u0131\u015fdan \u0259vv\u0259lki d\u00f6vr \u00fc\u00e7\u00fcn m\u0259lumatlar daxil edilir.<\/p>\n\n\n\n<p>\u0130kinci ilkin maliyy\u0259 hesabat\u0131n\u0131n t\u0259qdim edilm\u0259si m\u00fcdd\u0259ti 2024-c\u00fc il yanvar\u0131n 18-d\u0259n 28-d\u0259k olan d\u00f6vr\u00fc \u0259hat\u0259 edib.<\/p>\n\n\n\n<p><strong>Se\u00e7kil\u0259r n\u0259 vaxt ke\u00e7iril\u0259c\u0259k v\u0259 kiml\u0259r namiz\u0259ddir?<\/strong><\/p>\n\n\n\n<p>2024-c\u00fc ilin fevral\u0131n 7-d\u0259 Az\u0259rbaycanda n\u00f6vb\u0259d\u0259nk\u0259nar Prezident se\u00e7kisi ke\u00e7iril\u0259c\u0259k.<\/p>\n\n\n\n<p>\u0130lham \u018fliyev \u00f6t\u0259n il dekabr\u0131n 7-d\u0259 bununla ba\u011fl\u0131 s\u0259r\u0259ncam imzalay\u0131b.<\/p>\n\n\n\n<p>Prezidentliy\u0259 namiz\u0259dl\u0259r \u2013 \u00f6lk\u0259 ba\u015f\u00e7\u0131s\u0131 <a href=\"https:\/\/storage.googleapis.com\/qurium\/www.meydan.tv\/az-article-yap-namizedini-resmen-aciqladi.html\">\u0130lham \u018fliyev<\/a>, deputatlar <a href=\"https:\/\/storage.googleapis.com\/qurium\/www.meydan.tv\/az-article-fazil-mustafa-da-prezidentliye-namized-olacaq.html\">Fazil Mustafa,<\/a> <a href=\"https:\/\/storage.googleapis.com\/qurium\/www.meydan.tv\/az-article-zahid-oruc-da-prezidentliye-namized-olacaq.html\">Zahid Oruc<\/a>, <a href=\"https:\/\/d9mc3ts4czbpr.cloudfront.net\/az\/article\/qudret-hesenquliyev-yene-namized-olacaq\/\">Q\u00fcdr\u0259t H\u0259s\u0259nquliyev,<\/a> <a href=\"https:\/\/storage.googleapis.com\/qurium\/www.meydan.tv\/az-article-razi-nurullayev-de-namizedliyini-ireli-surub.html\">Razi Nurullayev<\/a>, B\u00f6y\u00fck Az\u0259rbaycan Partiyas\u0131n\u0131n s\u0259dri<a href=\"https:\/\/storage.googleapis.com\/qurium\/www.meydan.tv\/az-article-elsad-musayev-de-prezident-olmaq-isteyir.html\"> El\u015fad Musayev<\/a> v\u0259 <a href=\"https:\/\/www.meydan.tv\/az\/article\/fealiyyetini-dayandiran-partiyanin-sedri-prezidentliye-namized-olacaq\/\">Fuad \u018fliyev<\/a>dir.<\/p>\n\n\n\n<p>Namiz\u0259d S\u0259f\u0259rov, S\u0259rvan K\u0259rimov, <a href=\"https:\/\/storage.googleapis.com\/qurium\/www.meydan.tv\/az-article-prezidentliye-namizedliyini-ireli-suren-sexs-ilham-eliyevi-xilas-etmek-isteyirem-ancaq-o-el-vermir.html\">M\u0259tl\u0259b M\u00fct\u0259llimli<\/a>, Abutal\u0131b S\u0259m\u0259dov, Fikr\u0259t Yusifov, Yusif Ba\u011f\u0131rzad\u0259, Arzuman Abdulk\u0259rimov, Yunus O\u011fuz, Qulamh\u00fcseyn \u018flib\u0259yli namiz\u0259dlikl\u0259rini ir\u0259li s\u00fcrs\u0259l\u0259r d\u0259, onlar qeyd\u0259 al\u0131nmay\u0131blar.<\/p>\n\n\n\n<p>Prezidentliy\u0259 namiz\u0259dliyini ver\u0259n \u015f\u0259xsl\u0259rin h\u0259r biri hakimiyy\u0259ty\u00f6n\u00fcml\u00fc kimi tan\u0131n\u0131r.<\/p>\n\n\n\n<p><a href=\"https:\/\/storage.googleapis.com\/qurium\/www.meydan.tv\/az-article-axcp-de-seckide-istirak-etmeyecek.html\">AXCP<\/a>, <a href=\"https:\/\/storage.googleapis.com\/qurium\/www.meydan.tv\/az-article-musavat-novbedenkenar-seckide-istirakdan-imtina-edib.html\">M\u00fcsavat<\/a> v\u0259 <a href=\"https:\/\/storage.googleapis.com\/qurium\/www.meydan.tv\/az-article-kxcp-de-seckide-istirak-etmeyecek.html\">Klassik Xalq C\u0259bh\u0259si <\/a>partiyalar\u0131 se\u00e7kini boykot ed\u0259c\u0259kl\u0259rini a\u00e7\u0131qlay\u0131blar.<\/p>\n\n\n\n<p>Az\u0259rbaycanda sonuncu d\u0259f\u0259 Prezident se\u00e7kisi 2018-ci il aprelin 11-d\u0259 ke\u00e7irilib.<\/p>\n\n\n\n<p>H\u0259min se\u00e7ki d\u0259 n\u00f6vb\u0259d\u0259nk\u0259nar olub.<\/p>\n\n\n\n<p>\u0130lham \u018fliyev 20 ildir ki, Prezident v\u0259zif\u0259sini icra edir.<\/p>\n\n\n\n<p><\/p>\n","protected":false},"excerpt":{"rendered":"<p>Fazil Mustafa 61 400 manatla ikinci yerd\u0259dir M\u0259rk\u0259zi Se\u00e7ki Komissiyas\u0131 &#8230; <\/p>\n<p class=\"read-more-container\"><a title=\"MSK namiz\u0259dl\u0259rin g\u0259lir v\u0259 x\u0259rcl\u0259rini a\u00e7\u0131qlad\u0131: \u018fliyev \u00f6nd\u0259dir\" class=\"read-more button\" href=\"https:\/\/www.meydan.tv\/az\/article\/msk-namizedlerin-gelir-ve-xerclerini-aciqladi-eliyev-ondedir\/#more-296518\" aria-label=\"Read more about MSK namiz\u0259dl\u0259rin g\u0259lir v\u0259 x\u0259rcl\u0259rini a\u00e7\u0131qlad\u0131: \u018fliyev \u00f6nd\u0259dir\">Davam\u0131<\/a><\/p>\n","protected":false},"author":8,"featured_media":293282,"comment_status":"closed","ping_status":"closed","sticky":false,"template":"","format":"standard","meta":{"_acf_changed":false,"_sitemap_exclude":false,"_sitemap_priority":"","_sitemap_frequency":"","footnotes":""},"categories":[129,59,56],"tags":[],"class_list":["post-296518","post","type-post","status-publish","format-standard","has-post-thumbnail","hentry","category-sechki-2024","category-siyaset","category-xeberler","infinite-scroll-item","generate-columns","tablet-grid-50","mobile-grid-100","grid-parent","grid-33","no-featured-image-padding"],"acf":[],"yoast_head":"<!-- This site is optimized with the Yoast SEO plugin v27.4 - https:\/\/yoast.com\/product\/yoast-seo-wordpress\/ -->\n<title>MSK namiz\u0259dl\u0259rin g\u0259lir v\u0259 x\u0259rcl\u0259rini a\u00e7\u0131qlad\u0131: \u018fliyev \u00f6nd\u0259dir - MEYDAN.TV<\/title>\n<meta name=\"robots\" content=\"index, follow, max-snippet:-1, max-image-preview:large, max-video-preview:-1\" \/>\n<link rel=\"canonical\" href=\"https:\/\/www.meydan.tv\/az\/article\/msk-namizedlerin-gelir-ve-xerclerini-aciqladi-eliyev-ondedir\/\" \/>\n<meta property=\"og:locale\" content=\"az_AZ\" \/>\n<meta property=\"og:type\" content=\"article\" \/>\n<meta property=\"og:title\" content=\"MSK namiz\u0259dl\u0259rin g\u0259lir v\u0259 x\u0259rcl\u0259rini a\u00e7\u0131qlad\u0131: \u018fliyev \u00f6nd\u0259dir - MEYDAN.TV\" \/>\n<meta property=\"og:description\" content=\"Fazil Mustafa 61 400 manatla ikinci yerd\u0259dir M\u0259rk\u0259zi Se\u00e7ki Komissiyas\u0131 ... Davam\u0131\" \/>\n<meta property=\"og:url\" content=\"https:\/\/www.meydan.tv\/az\/article\/msk-namizedlerin-gelir-ve-xerclerini-aciqladi-eliyev-ondedir\/\" \/>\n<meta property=\"og:site_name\" content=\"MEYDAN.TV\" \/>\n<meta property=\"article:published_time\" content=\"2024-01-29T15:14:27+00:00\" \/>\n<meta property=\"article:modified_time\" content=\"2024-01-29T15:14:33+00:00\" \/>\n<meta property=\"og:image\" content=\"https:\/\/www.meydan.tv\/wp-content\/uploads\/jpgl7146.jpg\" \/>\n\t<meta property=\"og:image:width\" content=\"1200\" \/>\n\t<meta property=\"og:image:height\" content=\"800\" \/>\n\t<meta property=\"og:image:type\" content=\"image\/jpeg\" \/>\n<meta name=\"author\" content=\"elli\" \/>\n<meta name=\"twitter:card\" content=\"summary_large_image\" \/>\n<meta name=\"twitter:creator\" content=\"@elli\" \/>\n<script type=\"application\/ld+json\" class=\"yoast-schema-graph\">{\"@context\":\"https:\\\/\\\/schema.org\",\"@graph\":[{\"@type\":\"Article\",\"@id\":\"https:\\\/\\\/www.meydan.tv\\\/az\\\/article\\\/msk-namizedlerin-gelir-ve-xerclerini-aciqladi-eliyev-ondedir\\\/#article\",\"isPartOf\":{\"@id\":\"https:\\\/\\\/www.meydan.tv\\\/az\\\/article\\\/msk-namizedlerin-gelir-ve-xerclerini-aciqladi-eliyev-ondedir\\\/\"},\"author\":{\"name\":\"elli\",\"@id\":\"https:\\\/\\\/www.meydan.tv\\\/az\\\/#\\\/schema\\\/person\\\/9cdbecf90d17180ce1dfbd95b08dcf47\"},\"headline\":\"MSK namiz\u0259dl\u0259rin g\u0259lir v\u0259 x\u0259rcl\u0259rini a\u00e7\u0131qlad\u0131: \u018fliyev \u00f6nd\u0259dir\",\"datePublished\":\"2024-01-29T15:14:27+00:00\",\"dateModified\":\"2024-01-29T15:14:33+00:00\",\"mainEntityOfPage\":{\"@id\":\"https:\\\/\\\/www.meydan.tv\\\/az\\\/article\\\/msk-namizedlerin-gelir-ve-xerclerini-aciqladi-eliyev-ondedir\\\/\"},\"wordCount\":1002,\"publisher\":{\"@id\":\"https:\\\/\\\/www.meydan.tv\\\/az\\\/#organization\"},\"image\":{\"@id\":\"https:\\\/\\\/www.meydan.tv\\\/az\\\/article\\\/msk-namizedlerin-gelir-ve-xerclerini-aciqladi-eliyev-ondedir\\\/#primaryimage\"},\"thumbnailUrl\":\"https:\\\/\\\/www.meydan.tv\\\/wp-content\\\/uploads\\\/jpgl7146.jpg\",\"articleSection\":[\"Se\u00e7ki 2024\",\"Siyas\u0259t\",\"X\u0259b\u0259rl\u0259r\"],\"inLanguage\":\"az\"},{\"@type\":\"WebPage\",\"@id\":\"https:\\\/\\\/www.meydan.tv\\\/az\\\/article\\\/msk-namizedlerin-gelir-ve-xerclerini-aciqladi-eliyev-ondedir\\\/\",\"url\":\"https:\\\/\\\/www.meydan.tv\\\/az\\\/article\\\/msk-namizedlerin-gelir-ve-xerclerini-aciqladi-eliyev-ondedir\\\/\",\"name\":\"MSK namiz\u0259dl\u0259rin g\u0259lir v\u0259 x\u0259rcl\u0259rini a\u00e7\u0131qlad\u0131: \u018fliyev \u00f6nd\u0259dir - MEYDAN.TV\",\"isPartOf\":{\"@id\":\"https:\\\/\\\/www.meydan.tv\\\/az\\\/#website\"},\"primaryImageOfPage\":{\"@id\":\"https:\\\/\\\/www.meydan.tv\\\/az\\\/article\\\/msk-namizedlerin-gelir-ve-xerclerini-aciqladi-eliyev-ondedir\\\/#primaryimage\"},\"image\":{\"@id\":\"https:\\\/\\\/www.meydan.tv\\\/az\\\/article\\\/msk-namizedlerin-gelir-ve-xerclerini-aciqladi-eliyev-ondedir\\\/#primaryimage\"},\"thumbnailUrl\":\"https:\\\/\\\/www.meydan.tv\\\/wp-content\\\/uploads\\\/jpgl7146.jpg\",\"datePublished\":\"2024-01-29T15:14:27+00:00\",\"dateModified\":\"2024-01-29T15:14:33+00:00\",\"breadcrumb\":{\"@id\":\"https:\\\/\\\/www.meydan.tv\\\/az\\\/article\\\/msk-namizedlerin-gelir-ve-xerclerini-aciqladi-eliyev-ondedir\\\/#breadcrumb\"},\"inLanguage\":\"az\",\"potentialAction\":[{\"@type\":\"ReadAction\",\"target\":[\"https:\\\/\\\/www.meydan.tv\\\/az\\\/article\\\/msk-namizedlerin-gelir-ve-xerclerini-aciqladi-eliyev-ondedir\\\/\"]}]},{\"@type\":\"ImageObject\",\"inLanguage\":\"az\",\"@id\":\"https:\\\/\\\/www.meydan.tv\\\/az\\\/article\\\/msk-namizedlerin-gelir-ve-xerclerini-aciqladi-eliyev-ondedir\\\/#primaryimage\",\"url\":\"https:\\\/\\\/www.meydan.tv\\\/wp-content\\\/uploads\\\/jpgl7146.jpg\",\"contentUrl\":\"https:\\\/\\\/www.meydan.tv\\\/wp-content\\\/uploads\\\/jpgl7146.jpg\",\"width\":1200,\"height\":800,\"caption\":\"M\u0259rk\u0259zi Se\u00e7ki Komissiyas\u0131 (MSK). Foto: Az\u0259rtac\"},{\"@type\":\"BreadcrumbList\",\"@id\":\"https:\\\/\\\/www.meydan.tv\\\/az\\\/article\\\/msk-namizedlerin-gelir-ve-xerclerini-aciqladi-eliyev-ondedir\\\/#breadcrumb\",\"itemListElement\":[{\"@type\":\"ListItem\",\"position\":1,\"name\":\"Ana s\u0259hif\u0259\",\"item\":\"https:\\\/\\\/www.meydan.tv\\\/az\\\/\"},{\"@type\":\"ListItem\",\"position\":2,\"name\":\"Siyas\u0259t\",\"item\":\"https:\\\/\\\/www.meydan.tv\\\/az\\\/section\\\/siyaset\\\/\"},{\"@type\":\"ListItem\",\"position\":3,\"name\":\"MSK namiz\u0259dl\u0259rin g\u0259lir v\u0259 x\u0259rcl\u0259rini a\u00e7\u0131qlad\u0131: \u018fliyev \u00f6nd\u0259dir\"}]},{\"@type\":\"WebSite\",\"@id\":\"https:\\\/\\\/www.meydan.tv\\\/az\\\/#website\",\"url\":\"https:\\\/\\\/www.meydan.tv\\\/az\\\/\",\"name\":\"MEYDAN.TV\",\"description\":\"Meydan TV Az\u0259rbaycan\u0131n media m\u0259kan\u0131ndak\u0131 alternativ s\u0259sidir\",\"publisher\":{\"@id\":\"https:\\\/\\\/www.meydan.tv\\\/az\\\/#organization\"},\"potentialAction\":[{\"@type\":\"SearchAction\",\"target\":{\"@type\":\"EntryPoint\",\"urlTemplate\":\"https:\\\/\\\/www.meydan.tv\\\/az\\\/?s={search_term_string}\"},\"query-input\":{\"@type\":\"PropertyValueSpecification\",\"valueRequired\":true,\"valueName\":\"search_term_string\"}}],\"inLanguage\":\"az\"},{\"@type\":\"Organization\",\"@id\":\"https:\\\/\\\/www.meydan.tv\\\/az\\\/#organization\",\"name\":\"Meydan TV\",\"url\":\"https:\\\/\\\/www.meydan.tv\\\/az\\\/\",\"logo\":{\"@type\":\"ImageObject\",\"inLanguage\":\"az\",\"@id\":\"https:\\\/\\\/www.meydan.tv\\\/az\\\/#\\\/schema\\\/logo\\\/image\\\/\",\"url\":\"https:\\\/\\\/www.meydan.tv\\\/wp-content\\\/uploads\\\/2021\\\/07\\\/meydan-logo.svg\",\"contentUrl\":\"https:\\\/\\\/www.meydan.tv\\\/wp-content\\\/uploads\\\/2021\\\/07\\\/meydan-logo.svg\",\"width\":195,\"height\":46,\"caption\":\"Meydan TV\"},\"image\":{\"@id\":\"https:\\\/\\\/www.meydan.tv\\\/az\\\/#\\\/schema\\\/logo\\\/image\\\/\"}},{\"@type\":\"Person\",\"@id\":\"https:\\\/\\\/www.meydan.tv\\\/az\\\/#\\\/schema\\\/person\\\/9cdbecf90d17180ce1dfbd95b08dcf47\",\"name\":\"elli\",\"sameAs\":[\"https:\\\/\\\/x.com\\\/elli\"]}]}<\/script>\n<!-- \/ Yoast SEO plugin. -->","yoast_head_json":{"title":"MSK namiz\u0259dl\u0259rin g\u0259lir v\u0259 x\u0259rcl\u0259rini a\u00e7\u0131qlad\u0131: \u018fliyev \u00f6nd\u0259dir - MEYDAN.TV","robots":{"index":"index","follow":"follow","max-snippet":"max-snippet:-1","max-image-preview":"max-image-preview:large","max-video-preview":"max-video-preview:-1"},"canonical":"https:\/\/www.meydan.tv\/az\/article\/msk-namizedlerin-gelir-ve-xerclerini-aciqladi-eliyev-ondedir\/","og_locale":"az_AZ","og_type":"article","og_title":"MSK namiz\u0259dl\u0259rin g\u0259lir v\u0259 x\u0259rcl\u0259rini a\u00e7\u0131qlad\u0131: \u018fliyev \u00f6nd\u0259dir - MEYDAN.TV","og_description":"Fazil Mustafa 61 400 manatla ikinci yerd\u0259dir M\u0259rk\u0259zi Se\u00e7ki Komissiyas\u0131 ... Davam\u0131","og_url":"https:\/\/www.meydan.tv\/az\/article\/msk-namizedlerin-gelir-ve-xerclerini-aciqladi-eliyev-ondedir\/","og_site_name":"MEYDAN.TV","article_published_time":"2024-01-29T15:14:27+00:00","article_modified_time":"2024-01-29T15:14:33+00:00","og_image":[{"width":1200,"height":800,"url":"https:\/\/www.meydan.tv\/wp-content\/uploads\/jpgl7146.jpg","type":"image\/jpeg"}],"author":"elli","twitter_card":"summary_large_image","twitter_creator":"@elli","schema":{"@context":"https:\/\/schema.org","@graph":[{"@type":"Article","@id":"https:\/\/www.meydan.tv\/az\/article\/msk-namizedlerin-gelir-ve-xerclerini-aciqladi-eliyev-ondedir\/#article","isPartOf":{"@id":"https:\/\/www.meydan.tv\/az\/article\/msk-namizedlerin-gelir-ve-xerclerini-aciqladi-eliyev-ondedir\/"},"author":{"name":"elli","@id":"https:\/\/www.meydan.tv\/az\/#\/schema\/person\/9cdbecf90d17180ce1dfbd95b08dcf47"},"headline":"MSK namiz\u0259dl\u0259rin g\u0259lir v\u0259 x\u0259rcl\u0259rini a\u00e7\u0131qlad\u0131: \u018fliyev \u00f6nd\u0259dir","datePublished":"2024-01-29T15:14:27+00:00","dateModified":"2024-01-29T15:14:33+00:00","mainEntityOfPage":{"@id":"https:\/\/www.meydan.tv\/az\/article\/msk-namizedlerin-gelir-ve-xerclerini-aciqladi-eliyev-ondedir\/"},"wordCount":1002,"publisher":{"@id":"https:\/\/www.meydan.tv\/az\/#organization"},"image":{"@id":"https:\/\/www.meydan.tv\/az\/article\/msk-namizedlerin-gelir-ve-xerclerini-aciqladi-eliyev-ondedir\/#primaryimage"},"thumbnailUrl":"https:\/\/www.meydan.tv\/wp-content\/uploads\/jpgl7146.jpg","articleSection":["Se\u00e7ki 2024","Siyas\u0259t","X\u0259b\u0259rl\u0259r"],"inLanguage":"az"},{"@type":"WebPage","@id":"https:\/\/www.meydan.tv\/az\/article\/msk-namizedlerin-gelir-ve-xerclerini-aciqladi-eliyev-ondedir\/","url":"https:\/\/www.meydan.tv\/az\/article\/msk-namizedlerin-gelir-ve-xerclerini-aciqladi-eliyev-ondedir\/","name":"MSK namiz\u0259dl\u0259rin g\u0259lir v\u0259 x\u0259rcl\u0259rini a\u00e7\u0131qlad\u0131: \u018fliyev \u00f6nd\u0259dir - MEYDAN.TV","isPartOf":{"@id":"https:\/\/www.meydan.tv\/az\/#website"},"primaryImageOfPage":{"@id":"https:\/\/www.meydan.tv\/az\/article\/msk-namizedlerin-gelir-ve-xerclerini-aciqladi-eliyev-ondedir\/#primaryimage"},"image":{"@id":"https:\/\/www.meydan.tv\/az\/article\/msk-namizedlerin-gelir-ve-xerclerini-aciqladi-eliyev-ondedir\/#primaryimage"},"thumbnailUrl":"https:\/\/www.meydan.tv\/wp-content\/uploads\/jpgl7146.jpg","datePublished":"2024-01-29T15:14:27+00:00","dateModified":"2024-01-29T15:14:33+00:00","breadcrumb":{"@id":"https:\/\/www.meydan.tv\/az\/article\/msk-namizedlerin-gelir-ve-xerclerini-aciqladi-eliyev-ondedir\/#breadcrumb"},"inLanguage":"az","potentialAction":[{"@type":"ReadAction","target":["https:\/\/www.meydan.tv\/az\/article\/msk-namizedlerin-gelir-ve-xerclerini-aciqladi-eliyev-ondedir\/"]}]},{"@type":"ImageObject","inLanguage":"az","@id":"https:\/\/www.meydan.tv\/az\/article\/msk-namizedlerin-gelir-ve-xerclerini-aciqladi-eliyev-ondedir\/#primaryimage","url":"https:\/\/www.meydan.tv\/wp-content\/uploads\/jpgl7146.jpg","contentUrl":"https:\/\/www.meydan.tv\/wp-content\/uploads\/jpgl7146.jpg","width":1200,"height":800,"caption":"M\u0259rk\u0259zi Se\u00e7ki Komissiyas\u0131 (MSK). Foto: Az\u0259rtac"},{"@type":"BreadcrumbList","@id":"https:\/\/www.meydan.tv\/az\/article\/msk-namizedlerin-gelir-ve-xerclerini-aciqladi-eliyev-ondedir\/#breadcrumb","itemListElement":[{"@type":"ListItem","position":1,"name":"Ana s\u0259hif\u0259","item":"https:\/\/www.meydan.tv\/az\/"},{"@type":"ListItem","position":2,"name":"Siyas\u0259t","item":"https:\/\/www.meydan.tv\/az\/section\/siyaset\/"},{"@type":"ListItem","position":3,"name":"MSK namiz\u0259dl\u0259rin g\u0259lir v\u0259 x\u0259rcl\u0259rini a\u00e7\u0131qlad\u0131: \u018fliyev \u00f6nd\u0259dir"}]},{"@type":"WebSite","@id":"https:\/\/www.meydan.tv\/az\/#website","url":"https:\/\/www.meydan.tv\/az\/","name":"MEYDAN.TV","description":"Meydan TV Az\u0259rbaycan\u0131n media m\u0259kan\u0131ndak\u0131 alternativ s\u0259sidir","publisher":{"@id":"https:\/\/www.meydan.tv\/az\/#organization"},"potentialAction":[{"@type":"SearchAction","target":{"@type":"EntryPoint","urlTemplate":"https:\/\/www.meydan.tv\/az\/?s={search_term_string}"},"query-input":{"@type":"PropertyValueSpecification","valueRequired":true,"valueName":"search_term_string"}}],"inLanguage":"az"},{"@type":"Organization","@id":"https:\/\/www.meydan.tv\/az\/#organization","name":"Meydan TV","url":"https:\/\/www.meydan.tv\/az\/","logo":{"@type":"ImageObject","inLanguage":"az","@id":"https:\/\/www.meydan.tv\/az\/#\/schema\/logo\/image\/","url":"https:\/\/www.meydan.tv\/wp-content\/uploads\/2021\/07\/meydan-logo.svg","contentUrl":"https:\/\/www.meydan.tv\/wp-content\/uploads\/2021\/07\/meydan-logo.svg","width":195,"height":46,"caption":"Meydan TV"},"image":{"@id":"https:\/\/www.meydan.tv\/az\/#\/schema\/logo\/image\/"}},{"@type":"Person","@id":"https:\/\/www.meydan.tv\/az\/#\/schema\/person\/9cdbecf90d17180ce1dfbd95b08dcf47","name":"elli","sameAs":["https:\/\/x.com\/elli"]}]}},"_links":{"self":[{"href":"https:\/\/www.meydan.tv\/az\/wp-json\/wp\/v2\/posts\/296518","targetHints":{"allow":["GET"]}}],"collection":[{"href":"https:\/\/www.meydan.tv\/az\/wp-json\/wp\/v2\/posts"}],"about":[{"href":"https:\/\/www.meydan.tv\/az\/wp-json\/wp\/v2\/types\/post"}],"author":[{"embeddable":true,"href":"https:\/\/www.meydan.tv\/az\/wp-json\/wp\/v2\/users\/8"}],"replies":[{"embeddable":true,"href":"https:\/\/www.meydan.tv\/az\/wp-json\/wp\/v2\/comments?post=296518"}],"version-history":[{"count":3,"href":"https:\/\/www.meydan.tv\/az\/wp-json\/wp\/v2\/posts\/296518\/revisions"}],"predecessor-version":[{"id":296531,"href":"https:\/\/www.meydan.tv\/az\/wp-json\/wp\/v2\/posts\/296518\/revisions\/296531"}],"wp:featuredmedia":[{"embeddable":true,"href":"https:\/\/www.meydan.tv\/az\/wp-json\/wp\/v2\/media\/293282"}],"wp:attachment":[{"href":"https:\/\/www.meydan.tv\/az\/wp-json\/wp\/v2\/media?parent=296518"}],"wp:term":[{"taxonomy":"category","embeddable":true,"href":"https:\/\/www.meydan.tv\/az\/wp-json\/wp\/v2\/categories?post=296518"},{"taxonomy":"post_tag","embeddable":true,"href":"https:\/\/www.meydan.tv\/az\/wp-json\/wp\/v2\/tags?post=296518"}],"curies":[{"name":"wp","href":"https:\/\/api.w.org\/{rel}","templated":true}]}}