{"id":296479,"date":"2024-01-29T16:25:56","date_gmt":"2024-01-29T12:25:56","guid":{"rendered":"https:\/\/www.meydan.tv\/?p=296479"},"modified":"2024-01-29T17:48:26","modified_gmt":"2024-01-29T13:48:26","slug":"almaniyanin-iki-kecmis-deputati-azerbaycandan-rusvet-almaqda-ittiham-olunur","status":"publish","type":"post","link":"https:\/\/www.meydan.tv\/az\/article\/almaniyanin-iki-kecmis-deputati-azerbaycandan-rusvet-almaqda-ittiham-olunur\/","title":{"rendered":"Almaniyan\u0131n iki ke\u00e7mi\u015f deputat\u0131 Az\u0259rbaycandan r\u00fc\u015fv\u0259t almaqda ittiham olunur"},"content":{"rendered":"\n<p><\/p>\n\n\n\n<p><strong><em>Onlar\u0131n Bak\u0131dan milyonlarla dollar ald\u0131\u011f\u0131 bildirilir<\/em><\/strong><\/p>\n\n\n\n<p>Almaniyan\u0131n M\u00fcnhen Prokurorlu\u011fu ke\u00e7mi\u015f deputatlar &#8211; Aksel Fi\u015fer\u0259 v\u0259 Eduard Lintner\u0259 qar\u015f\u0131 ittiham ir\u0259li s\u00fcr\u00fcb.<\/p>\n\n\n\n<p>Onlar\u0131n Az\u0259rbaycan h\u00f6kum\u0259tind\u0259n r\u00fc\u015fv\u0259t ald\u0131qlar\u0131 bildirilir. S\u00f6hb\u0259t milyonlarla dollardan gedir.<\/p>\n\n\n\n<p>X\u0259b\u0259ri \u201cSpiegel\u201d<a href=\"https:\/\/www.spiegel.de\/politik\/aserbaidschan-affaere-staatsanwaltschaft-klagt-zwei-ex-bundestagsabgeordnete-wegen-korruption-an-a-c6cc3a4c-f220-4425-9374-bb864e89b3f7?sara_ref=re-so-app-sh\"> yay\u0131b<\/a><a href=\"https:\/\/www.spiegel.de\/politik\/aserbaidschan-affaere-staatsanwaltschaft-klagt-zwei-e[\u2026]-a-c6cc3a4c-f220-4425-9374-bb864e89b3f7?sara_ref=re-so-app-sh\">.<\/a><\/p>\n\n\n\n<p>Sayt r\u0259smi orqanlara istinad\u0259n yaz\u0131r ki, M\u00fcnhen Prokurorlu\u011funda m\u0259murlar\u0131n r\u00fc\u015fv\u0259txorluq v\u0259 korrupsiyada \u015f\u00fcbh\u0259li bilinm\u0259si il\u0259 ba\u011fl\u0131 ittiham ir\u0259li s\u00fcr\u00fcl\u00fcb.<\/p>\n\n\n\n<p>Bildirilir ki, Fi\u015fer v\u0259 Lintner\u0259 qar\u015f\u0131 i\u015f Almaniya Xristian Demokrat \u0130ttifaq\u0131n\u0131n (CDU) \u00fczv\u00fc Karin Strenzl\u0259 d\u0259 ba\u011fl\u0131d\u0131r.<\/p>\n\n\n\n<p>Lakin Strenz 2021-ci ild\u0259 t\u0259tild\u0259n qay\u0131dark\u0259n g\u00f6zl\u0259nilm\u0259d\u0259n v\u0259fat edib.<\/p>\n\n\n\n<p>Ad\u0131\u00e7\u0259kil\u0259n \u015f\u0259xsl\u0259rin Az\u0259rbaycandan k\u00fclli miqdarda pul q\u0259bul etdiyi bildirilir.<\/p>\n\n\n\n<p>D\u00f6vl\u0259t ittiham\u00e7\u0131s\u0131 Lintneri Az\u0259rbaycandan pul almaqda v\u0259 onu parlament \u00fczvl\u0259rin\u0259, o c\u00fcml\u0259d\u0259n Strenz\u0259 \u00f6t\u00fcrm\u0259kd\u0259 ittiham edir.<\/p>\n\n\n\n<p>X\u0259b\u0259rd\u0259 deyilir ki, pul m\u00fcqabilind\u0259 deputatlar Az\u0259rbaycan\u0131n maraqlar\u0131na uy\u011fun q\u0259rarlar verm\u0259li imi\u015fl\u0259r. Bu, Avropa \u015euras\u0131 Parlament Assambleyas\u0131nda s\u0259sverm\u0259nin n\u0259tic\u0259l\u0259rin\u0259 x\u00fcsusi t\u0259sir etm\u0259li idi.<\/p>\n\n\n<div class=\"wp-block-image\">\n<figure class=\"aligncenter size-large\"><img decoding=\"async\" width=\"1200\" height=\"675\" data-src=\"https:\/\/www.meydan.tv\/wp-content\/uploads\/ehemalige-abgeordnete-eu-parlament-axel-fischer-eduard-lintner-1001280x720-1-1200x675.jpeg\" alt=\"\" class=\"wp-image-296488 lazyload\" src=\"data:image\/svg+xml;base64,PHN2ZyB3aWR0aD0iMSIgaGVpZ2h0PSIxIiB4bWxucz0iaHR0cDovL3d3dy53My5vcmcvMjAwMC9zdmciPjwvc3ZnPg==\" style=\"--smush-placeholder-width: 1200px; --smush-placeholder-aspect-ratio: 1200\/675;\" \/><figcaption class=\"wp-element-caption\">Aksel Fi\u015fer v\u0259 Eduard Lintner. Foto: &#8220;X-Twitter&#8221;<\/figcaption><\/figure>\n<\/div>\n\n\n<p>Az\u0259rbaycan h\u0259m d\u0259 Avropa \u015euras\u0131n\u0131n \u00fczv\u00fcd\u00fcr v\u0259 ona g\u00f6r\u0259 d\u0259 indiy\u0259 q\u0259d\u0259r b\u0259zi q\u0259rarlardan yararlana bilib.<\/p>\n\n\n\n<p>Prokurorlu\u011fun m\u0259lumat\u0131na g\u00f6r\u0259, Strenz pul m\u00fcqabilind\u0259 <em>\u201cAz\u0259rbaycan\u0131n t\u0259l\u0259bl\u0259rin\u0259 uy\u011fun h\u0259r\u0259k\u0259t ed\u0259c\u0259yini\u201d <\/em>v\u0259d edib.<\/p>\n\n\n\n<p>\u0130ttiham ondan ibar\u0259tdir ki, Fi\u015fer d\u0259 pul m\u00fcqabilind\u0259 Bak\u0131n\u0131n maraqlar\u0131ndan \u00e7\u0131x\u0131\u015f edib.<\/p>\n\n\n\n<p>Bildirilir ki, o, Karin Strenz \u00fc\u00e7\u00fcn 150.000 avro r\u00fc\u015fv\u0259t <a href=\"https:\/\/www.tagesspiegel.de\/politik\/axel-fischer-erhielt-geld-aus-aserbaidschan-fruherer-cdu-abgeordneter-wegen-korruption-angeklagt-11125489.html?fbclid=IwAR1uvWRVdBvOpYXLAsQa0e4jemHam0F0Zwn97zKxm9bn-VvN0pmwJchWi8o\">al\u0131b. <\/a><\/p>\n\n\n\n<p>Bundan sonra Fi\u015fer Az\u0259rbaycan\u0131n m\u00fcdafi\u0259sin\u0259 qalx\u0131b.<\/p>\n\n\n\n<p>&#8220;<em>H\u0259r halda, bir d\u0259f\u0259 A\u015ePA iclas\u0131nda Az\u0259rbaycan\u0131n lehin\u0259 s\u0259s verdi&#8221;, &#8211;<\/em> dey\u0259 x\u0259b\u0259rd\u0259 vur\u011fulan\u0131r.<\/p>\n\n\n\n<p>Bunun \u00fc\u00e7\u00fcn is\u0259 deputat\u0131n 2016-c\u0131 ild\u0259 Bak\u0131dan 21 800 avro r\u00fc\u015fv\u0259t ald\u0131\u011f\u0131 qeyd olunur.<\/p>\n\n\n\n<p>Onun \u0259vv\u0259ll\u0259r d\u0259 Az\u0259rbaycandan r\u00fc\u015fv\u0259t ald\u0131\u011f\u0131 deyilir.<\/p>\n\n\n\n<p>\u0130ttifaqdan olan dig\u0259r siyas\u0259t\u00e7il\u0259rin d\u0259 Az\u0259rbaycana qeyri-adi yax\u0131nl\u0131\u011f\u0131 il\u0259 diqq\u0259t \u00e7\u0259kdiyi bildirilir. Lakin onlara qar\u015f\u0131 h\u0259l\u0259 ki he\u00e7 bir ittiham ir\u0259li s\u00fcr\u00fclm\u0259yib.<\/p>\n\n\n\n<p>Almaniyan\u0131n Avropa \u015euras\u0131 Parlament Assambleyas\u0131ndak\u0131 (A\u015ePA) deputat\u0131, Az\u0259rbaycan n\u00fcmay\u0259nd\u0259 hey\u0259tinin s\u0259sverm\u0259 h\u00fcququndan m\u0259hrum edilm\u0259si il\u0259 ba\u011fl\u0131 q\u0259tnam\u0259nin m\u00fc\u0259llifi Frank \u015evabe d\u0259 m\u0259s\u0259l\u0259y\u0259 &#8220;X&#8221; s\u0259hif\u0259sind\u0259 m\u00fcnasib\u0259t <a href=\"https:\/\/twitter.com\/FrankSchwabe\/status\/1751907919992345066\">bildirib<\/a>:<\/p>\n\n\n\n<p><em>&#8220;Karin Strenz \u00fc\u00e7\u00fcn 149 min avro? \u018fn az\u0131ndan ittiham t\u0259r\u0259fi bel\u0259 deyir. H\u0259tta m\u0259n bel\u0259 y\u00fcks\u0259klikd\u0259 m\u0259bl\u0259\u011f g\u00f6zl\u0259mirdim&#8221;<\/em>.<\/p>\n\n\n\n<p>O, &#8220;X&#8221; s\u0259hif\u0259sind\u0259 Az\u0259rbaycan\u0131n Almaniyadak\u0131 s\u0259firi N\u0259simi A\u011fayevi d\u0259 taq edib v\u0259 ona sual \u00fcnvanlay\u0131b:<\/p>\n\n\n\n<p><em>&#8220;Bu pullar\u0131n \u00f6d\u0259nildiyini istisna ed\u0259 bil\u0259rsinizmi, c\u0259nab N\u0259simi A\u011fayev?&#8221;<\/em><\/p>\n\n\n\n<p>H\u0259l\u0259 2012-ci ild\u0259 m\u0259lum olmu\u015fdu ki, Az\u0259rbaycan \u00f6lk\u0259d\u0259 pozulan insan haqlar\u0131n\u0131n v\u0259ziyy\u0259ti il\u0259 ba\u011fl\u0131 t\u0259nqidi z\u0259ifl\u0259tm\u0259k \u00fc\u00e7\u00fcn ba\u015fqa \u00f6lk\u0259l\u0259rin parlament \u00fczvl\u0259rin\u0259 t\u0259sir g\u00f6st\u0259rir.<\/p>\n","protected":false},"excerpt":{"rendered":"<p>Onlar\u0131n Bak\u0131dan milyonlarla dollar ald\u0131\u011f\u0131 bildirilir Almaniyan\u0131n M\u00fcnhen Prokurorlu\u011fu ke\u00e7mi\u015f &#8230; <\/p>\n<p class=\"read-more-container\"><a title=\"Almaniyan\u0131n iki ke\u00e7mi\u015f deputat\u0131 Az\u0259rbaycandan r\u00fc\u015fv\u0259t almaqda ittiham olunur\" class=\"read-more button\" href=\"https:\/\/www.meydan.tv\/az\/article\/almaniyanin-iki-kecmis-deputati-azerbaycandan-rusvet-almaqda-ittiham-olunur\/#more-296479\" aria-label=\"Read more about Almaniyan\u0131n iki ke\u00e7mi\u015f deputat\u0131 Az\u0259rbaycandan r\u00fc\u015fv\u0259t almaqda ittiham olunur\">Davam\u0131<\/a><\/p>\n","protected":false},"author":8,"featured_media":100455,"comment_status":"closed","ping_status":"closed","sticky":false,"template":"","format":"standard","meta":{"_acf_changed":false,"_sitemap_exclude":false,"_sitemap_priority":"","_sitemap_frequency":"","footnotes":""},"categories":[59,79,56],"tags":[],"class_list":["post-296479","post","type-post","status-publish","format-standard","has-post-thumbnail","hentry","category-siyaset","category-featured","category-xeberler","infinite-scroll-item","generate-columns","tablet-grid-50","mobile-grid-100","grid-parent","grid-33","no-featured-image-padding"],"acf":[],"yoast_head":"<!-- This site is optimized with the Yoast SEO plugin v27.4 - https:\/\/yoast.com\/product\/yoast-seo-wordpress\/ -->\n<title>Almaniyan\u0131n iki ke\u00e7mi\u015f deputat\u0131 Az\u0259rbaycandan r\u00fc\u015fv\u0259t almaqda ittiham olunur - MEYDAN.TV<\/title>\n<meta name=\"robots\" content=\"index, follow, max-snippet:-1, max-image-preview:large, max-video-preview:-1\" \/>\n<link rel=\"canonical\" href=\"https:\/\/www.meydan.tv\/az\/article\/almaniyanin-iki-kecmis-deputati-azerbaycandan-rusvet-almaqda-ittiham-olunur\/\" \/>\n<meta property=\"og:locale\" content=\"az_AZ\" \/>\n<meta property=\"og:type\" content=\"article\" \/>\n<meta property=\"og:title\" content=\"Almaniyan\u0131n iki ke\u00e7mi\u015f deputat\u0131 Az\u0259rbaycandan r\u00fc\u015fv\u0259t almaqda ittiham olunur - MEYDAN.TV\" \/>\n<meta property=\"og:description\" content=\"Onlar\u0131n Bak\u0131dan milyonlarla dollar ald\u0131\u011f\u0131 bildirilir Almaniyan\u0131n M\u00fcnhen Prokurorlu\u011fu ke\u00e7mi\u015f ... Davam\u0131\" \/>\n<meta property=\"og:url\" content=\"https:\/\/www.meydan.tv\/az\/article\/almaniyanin-iki-kecmis-deputati-azerbaycandan-rusvet-almaqda-ittiham-olunur\/\" \/>\n<meta property=\"og:site_name\" content=\"MEYDAN.TV\" \/>\n<meta property=\"article:published_time\" content=\"2024-01-29T12:25:56+00:00\" \/>\n<meta property=\"article:modified_time\" content=\"2024-01-29T13:48:26+00:00\" \/>\n<meta property=\"og:image\" content=\"https:\/\/www.meydan.tv\/wp-content\/uploads\/39741.jpg\" \/>\n\t<meta property=\"og:image:width\" content=\"1024\" \/>\n\t<meta property=\"og:image:height\" content=\"768\" \/>\n\t<meta property=\"og:image:type\" content=\"image\/jpeg\" \/>\n<meta name=\"author\" content=\"elli\" \/>\n<meta name=\"twitter:card\" content=\"summary_large_image\" \/>\n<meta name=\"twitter:creator\" content=\"@elli\" \/>\n<script type=\"application\/ld+json\" class=\"yoast-schema-graph\">{\"@context\":\"https:\\\/\\\/schema.org\",\"@graph\":[{\"@type\":\"Article\",\"@id\":\"https:\\\/\\\/www.meydan.tv\\\/az\\\/article\\\/almaniyanin-iki-kecmis-deputati-azerbaycandan-rusvet-almaqda-ittiham-olunur\\\/#article\",\"isPartOf\":{\"@id\":\"https:\\\/\\\/www.meydan.tv\\\/az\\\/article\\\/almaniyanin-iki-kecmis-deputati-azerbaycandan-rusvet-almaqda-ittiham-olunur\\\/\"},\"author\":{\"name\":\"elli\",\"@id\":\"https:\\\/\\\/www.meydan.tv\\\/az\\\/#\\\/schema\\\/person\\\/9cdbecf90d17180ce1dfbd95b08dcf47\"},\"headline\":\"Almaniyan\u0131n iki ke\u00e7mi\u015f deputat\u0131 Az\u0259rbaycandan r\u00fc\u015fv\u0259t almaqda ittiham olunur\",\"datePublished\":\"2024-01-29T12:25:56+00:00\",\"dateModified\":\"2024-01-29T13:48:26+00:00\",\"mainEntityOfPage\":{\"@id\":\"https:\\\/\\\/www.meydan.tv\\\/az\\\/article\\\/almaniyanin-iki-kecmis-deputati-azerbaycandan-rusvet-almaqda-ittiham-olunur\\\/\"},\"wordCount\":582,\"publisher\":{\"@id\":\"https:\\\/\\\/www.meydan.tv\\\/az\\\/#organization\"},\"image\":{\"@id\":\"https:\\\/\\\/www.meydan.tv\\\/az\\\/article\\\/almaniyanin-iki-kecmis-deputati-azerbaycandan-rusvet-almaqda-ittiham-olunur\\\/#primaryimage\"},\"thumbnailUrl\":\"https:\\\/\\\/www.meydan.tv\\\/wp-content\\\/uploads\\\/39741.jpg\",\"articleSection\":[\"Siyas\u0259t\",\"T\u00f6vsiy\u0259\",\"X\u0259b\u0259rl\u0259r\"],\"inLanguage\":\"az\"},{\"@type\":\"WebPage\",\"@id\":\"https:\\\/\\\/www.meydan.tv\\\/az\\\/article\\\/almaniyanin-iki-kecmis-deputati-azerbaycandan-rusvet-almaqda-ittiham-olunur\\\/\",\"url\":\"https:\\\/\\\/www.meydan.tv\\\/az\\\/article\\\/almaniyanin-iki-kecmis-deputati-azerbaycandan-rusvet-almaqda-ittiham-olunur\\\/\",\"name\":\"Almaniyan\u0131n iki ke\u00e7mi\u015f deputat\u0131 Az\u0259rbaycandan r\u00fc\u015fv\u0259t almaqda ittiham olunur - MEYDAN.TV\",\"isPartOf\":{\"@id\":\"https:\\\/\\\/www.meydan.tv\\\/az\\\/#website\"},\"primaryImageOfPage\":{\"@id\":\"https:\\\/\\\/www.meydan.tv\\\/az\\\/article\\\/almaniyanin-iki-kecmis-deputati-azerbaycandan-rusvet-almaqda-ittiham-olunur\\\/#primaryimage\"},\"image\":{\"@id\":\"https:\\\/\\\/www.meydan.tv\\\/az\\\/article\\\/almaniyanin-iki-kecmis-deputati-azerbaycandan-rusvet-almaqda-ittiham-olunur\\\/#primaryimage\"},\"thumbnailUrl\":\"https:\\\/\\\/www.meydan.tv\\\/wp-content\\\/uploads\\\/39741.jpg\",\"datePublished\":\"2024-01-29T12:25:56+00:00\",\"dateModified\":\"2024-01-29T13:48:26+00:00\",\"breadcrumb\":{\"@id\":\"https:\\\/\\\/www.meydan.tv\\\/az\\\/article\\\/almaniyanin-iki-kecmis-deputati-azerbaycandan-rusvet-almaqda-ittiham-olunur\\\/#breadcrumb\"},\"inLanguage\":\"az\",\"potentialAction\":[{\"@type\":\"ReadAction\",\"target\":[\"https:\\\/\\\/www.meydan.tv\\\/az\\\/article\\\/almaniyanin-iki-kecmis-deputati-azerbaycandan-rusvet-almaqda-ittiham-olunur\\\/\"]}]},{\"@type\":\"ImageObject\",\"inLanguage\":\"az\",\"@id\":\"https:\\\/\\\/www.meydan.tv\\\/az\\\/article\\\/almaniyanin-iki-kecmis-deputati-azerbaycandan-rusvet-almaqda-ittiham-olunur\\\/#primaryimage\",\"url\":\"https:\\\/\\\/www.meydan.tv\\\/wp-content\\\/uploads\\\/39741.jpg\",\"contentUrl\":\"https:\\\/\\\/www.meydan.tv\\\/wp-content\\\/uploads\\\/39741.jpg\",\"width\":1024,\"height\":768,\"caption\":\"Source: arxiv\"},{\"@type\":\"BreadcrumbList\",\"@id\":\"https:\\\/\\\/www.meydan.tv\\\/az\\\/article\\\/almaniyanin-iki-kecmis-deputati-azerbaycandan-rusvet-almaqda-ittiham-olunur\\\/#breadcrumb\",\"itemListElement\":[{\"@type\":\"ListItem\",\"position\":1,\"name\":\"Ana s\u0259hif\u0259\",\"item\":\"https:\\\/\\\/www.meydan.tv\\\/az\\\/\"},{\"@type\":\"ListItem\",\"position\":2,\"name\":\"Siyas\u0259t\",\"item\":\"https:\\\/\\\/www.meydan.tv\\\/az\\\/section\\\/siyaset\\\/\"},{\"@type\":\"ListItem\",\"position\":3,\"name\":\"Almaniyan\u0131n iki ke\u00e7mi\u015f deputat\u0131 Az\u0259rbaycandan r\u00fc\u015fv\u0259t almaqda ittiham olunur\"}]},{\"@type\":\"WebSite\",\"@id\":\"https:\\\/\\\/www.meydan.tv\\\/az\\\/#website\",\"url\":\"https:\\\/\\\/www.meydan.tv\\\/az\\\/\",\"name\":\"MEYDAN.TV\",\"description\":\"Meydan TV Az\u0259rbaycan\u0131n media m\u0259kan\u0131ndak\u0131 alternativ s\u0259sidir\",\"publisher\":{\"@id\":\"https:\\\/\\\/www.meydan.tv\\\/az\\\/#organization\"},\"potentialAction\":[{\"@type\":\"SearchAction\",\"target\":{\"@type\":\"EntryPoint\",\"urlTemplate\":\"https:\\\/\\\/www.meydan.tv\\\/az\\\/?s={search_term_string}\"},\"query-input\":{\"@type\":\"PropertyValueSpecification\",\"valueRequired\":true,\"valueName\":\"search_term_string\"}}],\"inLanguage\":\"az\"},{\"@type\":\"Organization\",\"@id\":\"https:\\\/\\\/www.meydan.tv\\\/az\\\/#organization\",\"name\":\"Meydan TV\",\"url\":\"https:\\\/\\\/www.meydan.tv\\\/az\\\/\",\"logo\":{\"@type\":\"ImageObject\",\"inLanguage\":\"az\",\"@id\":\"https:\\\/\\\/www.meydan.tv\\\/az\\\/#\\\/schema\\\/logo\\\/image\\\/\",\"url\":\"https:\\\/\\\/www.meydan.tv\\\/wp-content\\\/uploads\\\/2021\\\/07\\\/meydan-logo.svg\",\"contentUrl\":\"https:\\\/\\\/www.meydan.tv\\\/wp-content\\\/uploads\\\/2021\\\/07\\\/meydan-logo.svg\",\"width\":195,\"height\":46,\"caption\":\"Meydan TV\"},\"image\":{\"@id\":\"https:\\\/\\\/www.meydan.tv\\\/az\\\/#\\\/schema\\\/logo\\\/image\\\/\"}},{\"@type\":\"Person\",\"@id\":\"https:\\\/\\\/www.meydan.tv\\\/az\\\/#\\\/schema\\\/person\\\/9cdbecf90d17180ce1dfbd95b08dcf47\",\"name\":\"elli\",\"sameAs\":[\"https:\\\/\\\/x.com\\\/elli\"]}]}<\/script>\n<!-- \/ Yoast SEO plugin. -->","yoast_head_json":{"title":"Almaniyan\u0131n iki ke\u00e7mi\u015f deputat\u0131 Az\u0259rbaycandan r\u00fc\u015fv\u0259t almaqda ittiham olunur - MEYDAN.TV","robots":{"index":"index","follow":"follow","max-snippet":"max-snippet:-1","max-image-preview":"max-image-preview:large","max-video-preview":"max-video-preview:-1"},"canonical":"https:\/\/www.meydan.tv\/az\/article\/almaniyanin-iki-kecmis-deputati-azerbaycandan-rusvet-almaqda-ittiham-olunur\/","og_locale":"az_AZ","og_type":"article","og_title":"Almaniyan\u0131n iki ke\u00e7mi\u015f deputat\u0131 Az\u0259rbaycandan r\u00fc\u015fv\u0259t almaqda ittiham olunur - MEYDAN.TV","og_description":"Onlar\u0131n Bak\u0131dan milyonlarla dollar ald\u0131\u011f\u0131 bildirilir Almaniyan\u0131n M\u00fcnhen Prokurorlu\u011fu ke\u00e7mi\u015f ... Davam\u0131","og_url":"https:\/\/www.meydan.tv\/az\/article\/almaniyanin-iki-kecmis-deputati-azerbaycandan-rusvet-almaqda-ittiham-olunur\/","og_site_name":"MEYDAN.TV","article_published_time":"2024-01-29T12:25:56+00:00","article_modified_time":"2024-01-29T13:48:26+00:00","og_image":[{"width":1024,"height":768,"url":"https:\/\/www.meydan.tv\/wp-content\/uploads\/39741.jpg","type":"image\/jpeg"}],"author":"elli","twitter_card":"summary_large_image","twitter_creator":"@elli","schema":{"@context":"https:\/\/schema.org","@graph":[{"@type":"Article","@id":"https:\/\/www.meydan.tv\/az\/article\/almaniyanin-iki-kecmis-deputati-azerbaycandan-rusvet-almaqda-ittiham-olunur\/#article","isPartOf":{"@id":"https:\/\/www.meydan.tv\/az\/article\/almaniyanin-iki-kecmis-deputati-azerbaycandan-rusvet-almaqda-ittiham-olunur\/"},"author":{"name":"elli","@id":"https:\/\/www.meydan.tv\/az\/#\/schema\/person\/9cdbecf90d17180ce1dfbd95b08dcf47"},"headline":"Almaniyan\u0131n iki ke\u00e7mi\u015f deputat\u0131 Az\u0259rbaycandan r\u00fc\u015fv\u0259t almaqda ittiham olunur","datePublished":"2024-01-29T12:25:56+00:00","dateModified":"2024-01-29T13:48:26+00:00","mainEntityOfPage":{"@id":"https:\/\/www.meydan.tv\/az\/article\/almaniyanin-iki-kecmis-deputati-azerbaycandan-rusvet-almaqda-ittiham-olunur\/"},"wordCount":582,"publisher":{"@id":"https:\/\/www.meydan.tv\/az\/#organization"},"image":{"@id":"https:\/\/www.meydan.tv\/az\/article\/almaniyanin-iki-kecmis-deputati-azerbaycandan-rusvet-almaqda-ittiham-olunur\/#primaryimage"},"thumbnailUrl":"https:\/\/www.meydan.tv\/wp-content\/uploads\/39741.jpg","articleSection":["Siyas\u0259t","T\u00f6vsiy\u0259","X\u0259b\u0259rl\u0259r"],"inLanguage":"az"},{"@type":"WebPage","@id":"https:\/\/www.meydan.tv\/az\/article\/almaniyanin-iki-kecmis-deputati-azerbaycandan-rusvet-almaqda-ittiham-olunur\/","url":"https:\/\/www.meydan.tv\/az\/article\/almaniyanin-iki-kecmis-deputati-azerbaycandan-rusvet-almaqda-ittiham-olunur\/","name":"Almaniyan\u0131n iki ke\u00e7mi\u015f deputat\u0131 Az\u0259rbaycandan r\u00fc\u015fv\u0259t almaqda ittiham olunur - MEYDAN.TV","isPartOf":{"@id":"https:\/\/www.meydan.tv\/az\/#website"},"primaryImageOfPage":{"@id":"https:\/\/www.meydan.tv\/az\/article\/almaniyanin-iki-kecmis-deputati-azerbaycandan-rusvet-almaqda-ittiham-olunur\/#primaryimage"},"image":{"@id":"https:\/\/www.meydan.tv\/az\/article\/almaniyanin-iki-kecmis-deputati-azerbaycandan-rusvet-almaqda-ittiham-olunur\/#primaryimage"},"thumbnailUrl":"https:\/\/www.meydan.tv\/wp-content\/uploads\/39741.jpg","datePublished":"2024-01-29T12:25:56+00:00","dateModified":"2024-01-29T13:48:26+00:00","breadcrumb":{"@id":"https:\/\/www.meydan.tv\/az\/article\/almaniyanin-iki-kecmis-deputati-azerbaycandan-rusvet-almaqda-ittiham-olunur\/#breadcrumb"},"inLanguage":"az","potentialAction":[{"@type":"ReadAction","target":["https:\/\/www.meydan.tv\/az\/article\/almaniyanin-iki-kecmis-deputati-azerbaycandan-rusvet-almaqda-ittiham-olunur\/"]}]},{"@type":"ImageObject","inLanguage":"az","@id":"https:\/\/www.meydan.tv\/az\/article\/almaniyanin-iki-kecmis-deputati-azerbaycandan-rusvet-almaqda-ittiham-olunur\/#primaryimage","url":"https:\/\/www.meydan.tv\/wp-content\/uploads\/39741.jpg","contentUrl":"https:\/\/www.meydan.tv\/wp-content\/uploads\/39741.jpg","width":1024,"height":768,"caption":"Source: arxiv"},{"@type":"BreadcrumbList","@id":"https:\/\/www.meydan.tv\/az\/article\/almaniyanin-iki-kecmis-deputati-azerbaycandan-rusvet-almaqda-ittiham-olunur\/#breadcrumb","itemListElement":[{"@type":"ListItem","position":1,"name":"Ana s\u0259hif\u0259","item":"https:\/\/www.meydan.tv\/az\/"},{"@type":"ListItem","position":2,"name":"Siyas\u0259t","item":"https:\/\/www.meydan.tv\/az\/section\/siyaset\/"},{"@type":"ListItem","position":3,"name":"Almaniyan\u0131n iki ke\u00e7mi\u015f deputat\u0131 Az\u0259rbaycandan r\u00fc\u015fv\u0259t almaqda ittiham olunur"}]},{"@type":"WebSite","@id":"https:\/\/www.meydan.tv\/az\/#website","url":"https:\/\/www.meydan.tv\/az\/","name":"MEYDAN.TV","description":"Meydan TV Az\u0259rbaycan\u0131n media m\u0259kan\u0131ndak\u0131 alternativ s\u0259sidir","publisher":{"@id":"https:\/\/www.meydan.tv\/az\/#organization"},"potentialAction":[{"@type":"SearchAction","target":{"@type":"EntryPoint","urlTemplate":"https:\/\/www.meydan.tv\/az\/?s={search_term_string}"},"query-input":{"@type":"PropertyValueSpecification","valueRequired":true,"valueName":"search_term_string"}}],"inLanguage":"az"},{"@type":"Organization","@id":"https:\/\/www.meydan.tv\/az\/#organization","name":"Meydan TV","url":"https:\/\/www.meydan.tv\/az\/","logo":{"@type":"ImageObject","inLanguage":"az","@id":"https:\/\/www.meydan.tv\/az\/#\/schema\/logo\/image\/","url":"https:\/\/www.meydan.tv\/wp-content\/uploads\/2021\/07\/meydan-logo.svg","contentUrl":"https:\/\/www.meydan.tv\/wp-content\/uploads\/2021\/07\/meydan-logo.svg","width":195,"height":46,"caption":"Meydan TV"},"image":{"@id":"https:\/\/www.meydan.tv\/az\/#\/schema\/logo\/image\/"}},{"@type":"Person","@id":"https:\/\/www.meydan.tv\/az\/#\/schema\/person\/9cdbecf90d17180ce1dfbd95b08dcf47","name":"elli","sameAs":["https:\/\/x.com\/elli"]}]}},"_links":{"self":[{"href":"https:\/\/www.meydan.tv\/az\/wp-json\/wp\/v2\/posts\/296479","targetHints":{"allow":["GET"]}}],"collection":[{"href":"https:\/\/www.meydan.tv\/az\/wp-json\/wp\/v2\/posts"}],"about":[{"href":"https:\/\/www.meydan.tv\/az\/wp-json\/wp\/v2\/types\/post"}],"author":[{"embeddable":true,"href":"https:\/\/www.meydan.tv\/az\/wp-json\/wp\/v2\/users\/8"}],"replies":[{"embeddable":true,"href":"https:\/\/www.meydan.tv\/az\/wp-json\/wp\/v2\/comments?post=296479"}],"version-history":[{"count":7,"href":"https:\/\/www.meydan.tv\/az\/wp-json\/wp\/v2\/posts\/296479\/revisions"}],"predecessor-version":[{"id":296514,"href":"https:\/\/www.meydan.tv\/az\/wp-json\/wp\/v2\/posts\/296479\/revisions\/296514"}],"wp:featuredmedia":[{"embeddable":true,"href":"https:\/\/www.meydan.tv\/az\/wp-json\/wp\/v2\/media\/100455"}],"wp:attachment":[{"href":"https:\/\/www.meydan.tv\/az\/wp-json\/wp\/v2\/media?parent=296479"}],"wp:term":[{"taxonomy":"category","embeddable":true,"href":"https:\/\/www.meydan.tv\/az\/wp-json\/wp\/v2\/categories?post=296479"},{"taxonomy":"post_tag","embeddable":true,"href":"https:\/\/www.meydan.tv\/az\/wp-json\/wp\/v2\/tags?post=296479"}],"curies":[{"name":"wp","href":"https:\/\/api.w.org\/{rel}","templated":true}]}}