{"id":296376,"date":"2024-01-29T12:45:33","date_gmt":"2024-01-29T08:45:33","guid":{"rendered":"https:\/\/www.meydan.tv\/?p=296376"},"modified":"2024-01-29T12:45:38","modified_gmt":"2024-01-29T08:45:38","slug":"qusarda-mese-erazisinde-agaclarin-kesildiyi-deyilir-icra-hakimiyyeti-xebersizdir","status":"publish","type":"post","link":"https:\/\/www.meydan.tv\/az\/article\/qusarda-mese-erazisinde-agaclarin-kesildiyi-deyilir-icra-hakimiyyeti-xebersizdir\/","title":{"rendered":"Qusarda me\u015f\u0259 \u0259razisind\u0259 a\u011faclar\u0131n k\u0259sildiyi deyilir, icra hakimiyy\u0259ti \u201cx\u0259b\u0259rsizdir\u201d"},"content":{"rendered":"\n<p><\/p>\n\n\n\n<p>\u201c<strong><em>Qaz olmayan k\u0259ndl\u0259rd\u0259 sakin \u00f6z h\u0259y\u0259tind\u0259ki a\u011fac\u0131 k\u0259s\u0259nd\u0259 bel\u0259 c\u0259zaland\u0131r\u0131l\u0131r, amma me\u015f\u0259l\u0259rin, ya\u015f\u0131ll\u0131q zonalar\u0131n\u0131n m\u0259hv edilm\u0259sin\u0259 g\u00f6z yumurlar\u201d<\/em><\/strong><\/p>\n\n\n\n<p>Qusarda irig\u00f6vd\u0259li, \u00e7oxillik a\u011faclar\u0131n oldu\u011fu me\u015f\u0259 \u0259razisind\u0259 a\u011faclar k\u0259silib. <\/p>\n\n\n\n<p>Bu bar\u0259d\u0259 \u201cEcofront\u201d t\u0259\u015fkilat\u0131 m\u0259lumat yay\u0131b. A\u011faclar\u0131n k\u0259sildiyini lent\u0259 almaq ist\u0259y\u0259n rayon sakininin iradlar\u0131na cavab ver\u0259n \u015f\u0259xs \u00e7\u0131xar\u0131\u015f\u0131 oldu\u011funu bildirm\u0259kl\u0259 \u00e7\u0259kili\u015fin apar\u0131lmas\u0131na imkan verm\u0259yib.<\/p>\n\n\n\n<p>G\u00f6r\u00fcnt\u00fcl\u0259rd\u0259 bir ne\u00e7\u0259 a\u011fac\u0131n k\u0259sildiyi \u0259ksini tap\u0131b. K\u0259sil\u0259n a\u011faclar\u0131n yerind\u0259 tikinti apar\u0131laca\u011f\u0131 g\u00fcman edilir.<\/p>\n\n\n<div class=\"wp-block-image\">\n<figure class=\"aligncenter size-full\"><img decoding=\"async\" width=\"1080\" height=\"593\" data-src=\"https:\/\/www.meydan.tv\/wp-content\/uploads\/dd281182-c2a0-4571-b4b6-9f4ba3a5a29e.jpg\" alt=\"\" class=\"wp-image-296386 lazyload\" src=\"data:image\/svg+xml;base64,PHN2ZyB3aWR0aD0iMSIgaGVpZ2h0PSIxIiB4bWxucz0iaHR0cDovL3d3dy53My5vcmcvMjAwMC9zdmciPjwvc3ZnPg==\" style=\"--smush-placeholder-width: 1080px; --smush-placeholder-aspect-ratio: 1080\/593;\" \/><\/figure>\n<\/div>\n\n\n<p>Qusar sakinl\u0259ri Meydan TV-y\u0259 bildiribl\u0259r ki, a\u011faclar\u0131n k\u0259silm\u0259si hallar\u0131 tez-tez ba\u015f verir. K\u0259sil\u0259n a\u011faclar\u0131n yerind\u0259 evl\u0259r, kafe, restoranlar tikilir.<\/p>\n\n\n\n<p><em>\u201cQaz olmayan k\u0259ndl\u0259rd\u0259 sakin \u00f6z h\u0259y\u0259tind\u0259ki a\u011fac\u0131 k\u0259s\u0259nd\u0259 bel\u0259 c\u0259zaland\u0131r\u0131l\u0131r, amma me\u015f\u0259l\u0259rin, ya\u015f\u0131ll\u0131q zonalar\u0131n\u0131n m\u0259hv edilm\u0259sin\u0259 g\u00f6z yumurlar\u201d,<\/em>-sakinl\u0259rd\u0259n biri dan\u0131\u015f\u0131b.<\/p>\n\n\n\n<p>Qusar \u0130cra Hakimiyy\u0259tind\u0259n Meydan TV-y\u0259 bildiribl\u0259r ki, s\u00f6z\u00fcged\u0259n videog\u00f6r\u00fcnt\u00fcl\u0259rd\u0259n x\u0259b\u0259rdar deyill\u0259r. Y\u0259qin ki, m\u0259s\u0259l\u0259 ara\u015fd\u0131r\u0131lacaq.<\/p>\n\n\n<div class=\"wp-block-image\">\n<figure class=\"aligncenter size-large\"><img decoding=\"async\" width=\"1200\" height=\"682\" data-src=\"https:\/\/www.meydan.tv\/wp-content\/uploads\/f2281871-7261-4ac6-8989-34acb71a5a42-1200x682.jpg\" alt=\"\" class=\"wp-image-296389 lazyload\" src=\"data:image\/svg+xml;base64,PHN2ZyB3aWR0aD0iMSIgaGVpZ2h0PSIxIiB4bWxucz0iaHR0cDovL3d3dy53My5vcmcvMjAwMC9zdmciPjwvc3ZnPg==\" style=\"--smush-placeholder-width: 1200px; --smush-placeholder-aspect-ratio: 1200\/682;\" \/><\/figure>\n<\/div>\n\n\n<p>Bununla bel\u0259, rayon \u0259razisind\u0259 icra hakimiyy\u0259ti t\u0259r\u0259find\u0259n daim a\u011fac \u0259km\u0259 aksiyas\u0131 ke\u00e7irildiyin\u0259 dair qurumun r\u0259smi s\u0259hif\u0259sind\u0259 m\u0259lumatlar payla\u015f\u0131l\u0131r. Yol k\u0259nar\u0131nda, m\u0259rk\u0259zi k\u00fc\u00e7\u0259l\u0259rd\u0259, turizm obyektl\u0259rinin giri\u015find\u0259, o c\u00fcml\u0259d\u0259n k\u0259ndl\u0259r\u0259 ged\u0259n yollarda yerli a\u011fac n\u00f6vl\u0259rind\u0259n olan tingl\u0259r \u0259kildiyi il\u0259 ba\u011fl\u0131 m\u0259lumat yerl\u0259\u015fdirilib.<\/p>\n\n\n\n<p>Ekologiya v\u0259 T\u0259bii S\u0259rv\u0259tl\u0259r Nazirliyind\u0259n is\u0259 suallar cavabland\u0131r\u0131lmay\u0131b.<\/p>\n","protected":false},"excerpt":{"rendered":"<p>\u201cQaz olmayan k\u0259ndl\u0259rd\u0259 sakin \u00f6z h\u0259y\u0259tind\u0259ki a\u011fac\u0131 k\u0259s\u0259nd\u0259 bel\u0259 c\u0259zaland\u0131r\u0131l\u0131r, &#8230; <\/p>\n<p class=\"read-more-container\"><a title=\"Qusarda me\u015f\u0259 \u0259razisind\u0259 a\u011faclar\u0131n k\u0259sildiyi deyilir, icra hakimiyy\u0259ti \u201cx\u0259b\u0259rsizdir\u201d\" class=\"read-more button\" href=\"https:\/\/www.meydan.tv\/az\/article\/qusarda-mese-erazisinde-agaclarin-kesildiyi-deyilir-icra-hakimiyyeti-xebersizdir\/#more-296376\" aria-label=\"Read more about Qusarda me\u015f\u0259 \u0259razisind\u0259 a\u011faclar\u0131n k\u0259sildiyi deyilir, icra hakimiyy\u0259ti \u201cx\u0259b\u0259rsizdir\u201d\">Davam\u0131<\/a><\/p>\n","protected":false},"author":8,"featured_media":296383,"comment_status":"closed","ping_status":"closed","sticky":false,"template":"","format":"standard","meta":{"_acf_changed":false,"_sitemap_exclude":false,"_sitemap_priority":"","_sitemap_frequency":"","footnotes":""},"categories":[60,79,56],"tags":[],"class_list":["post-296376","post","type-post","status-publish","format-standard","has-post-thumbnail","hentry","category-bolge","category-featured","category-xeberler","infinite-scroll-item","generate-columns","tablet-grid-50","mobile-grid-100","grid-parent","grid-33","no-featured-image-padding"],"acf":[],"yoast_head":"<!-- This site is optimized with the Yoast SEO plugin v27.4 - https:\/\/yoast.com\/product\/yoast-seo-wordpress\/ -->\n<title>Qusarda me\u015f\u0259 \u0259razisind\u0259 a\u011faclar\u0131n k\u0259sildiyi deyilir, icra hakimiyy\u0259ti \u201cx\u0259b\u0259rsizdir\u201d - MEYDAN.TV<\/title>\n<meta name=\"robots\" content=\"index, follow, max-snippet:-1, max-image-preview:large, max-video-preview:-1\" \/>\n<link rel=\"canonical\" href=\"https:\/\/www.meydan.tv\/az\/article\/qusarda-mese-erazisinde-agaclarin-kesildiyi-deyilir-icra-hakimiyyeti-xebersizdir\/\" \/>\n<meta property=\"og:locale\" content=\"az_AZ\" \/>\n<meta property=\"og:type\" content=\"article\" \/>\n<meta property=\"og:title\" content=\"Qusarda me\u015f\u0259 \u0259razisind\u0259 a\u011faclar\u0131n k\u0259sildiyi deyilir, icra hakimiyy\u0259ti \u201cx\u0259b\u0259rsizdir\u201d - MEYDAN.TV\" \/>\n<meta property=\"og:description\" content=\"\u201cQaz olmayan k\u0259ndl\u0259rd\u0259 sakin \u00f6z h\u0259y\u0259tind\u0259ki a\u011fac\u0131 k\u0259s\u0259nd\u0259 bel\u0259 c\u0259zaland\u0131r\u0131l\u0131r, ... Davam\u0131\" \/>\n<meta property=\"og:url\" content=\"https:\/\/www.meydan.tv\/az\/article\/qusarda-mese-erazisinde-agaclarin-kesildiyi-deyilir-icra-hakimiyyeti-xebersizdir\/\" \/>\n<meta property=\"og:site_name\" content=\"MEYDAN.TV\" \/>\n<meta property=\"article:published_time\" content=\"2024-01-29T08:45:33+00:00\" \/>\n<meta property=\"article:modified_time\" content=\"2024-01-29T08:45:38+00:00\" \/>\n<meta property=\"og:image\" content=\"https:\/\/www.meydan.tv\/wp-content\/uploads\/3d133be7-d5b5-4a83-adee-f0fba2221e87.jpg\" \/>\n\t<meta property=\"og:image:width\" content=\"1600\" \/>\n\t<meta property=\"og:image:height\" content=\"908\" \/>\n\t<meta property=\"og:image:type\" content=\"image\/jpeg\" \/>\n<meta name=\"author\" content=\"elli\" \/>\n<meta name=\"twitter:card\" content=\"summary_large_image\" \/>\n<meta name=\"twitter:creator\" content=\"@elli\" \/>\n<script type=\"application\/ld+json\" class=\"yoast-schema-graph\">{\"@context\":\"https:\\\/\\\/schema.org\",\"@graph\":[{\"@type\":\"Article\",\"@id\":\"https:\\\/\\\/www.meydan.tv\\\/az\\\/article\\\/qusarda-mese-erazisinde-agaclarin-kesildiyi-deyilir-icra-hakimiyyeti-xebersizdir\\\/#article\",\"isPartOf\":{\"@id\":\"https:\\\/\\\/www.meydan.tv\\\/az\\\/article\\\/qusarda-mese-erazisinde-agaclarin-kesildiyi-deyilir-icra-hakimiyyeti-xebersizdir\\\/\"},\"author\":{\"name\":\"elli\",\"@id\":\"https:\\\/\\\/www.meydan.tv\\\/az\\\/#\\\/schema\\\/person\\\/9cdbecf90d17180ce1dfbd95b08dcf47\"},\"headline\":\"Qusarda me\u015f\u0259 \u0259razisind\u0259 a\u011faclar\u0131n k\u0259sildiyi deyilir, icra hakimiyy\u0259ti \u201cx\u0259b\u0259rsizdir\u201d\",\"datePublished\":\"2024-01-29T08:45:33+00:00\",\"dateModified\":\"2024-01-29T08:45:38+00:00\",\"mainEntityOfPage\":{\"@id\":\"https:\\\/\\\/www.meydan.tv\\\/az\\\/article\\\/qusarda-mese-erazisinde-agaclarin-kesildiyi-deyilir-icra-hakimiyyeti-xebersizdir\\\/\"},\"wordCount\":339,\"publisher\":{\"@id\":\"https:\\\/\\\/www.meydan.tv\\\/az\\\/#organization\"},\"image\":{\"@id\":\"https:\\\/\\\/www.meydan.tv\\\/az\\\/article\\\/qusarda-mese-erazisinde-agaclarin-kesildiyi-deyilir-icra-hakimiyyeti-xebersizdir\\\/#primaryimage\"},\"thumbnailUrl\":\"https:\\\/\\\/www.meydan.tv\\\/wp-content\\\/uploads\\\/3d133be7-d5b5-4a83-adee-f0fba2221e87.jpg\",\"articleSection\":[\"B\u00f6lg\u0259\",\"T\u00f6vsiy\u0259\",\"X\u0259b\u0259rl\u0259r\"],\"inLanguage\":\"az\"},{\"@type\":\"WebPage\",\"@id\":\"https:\\\/\\\/www.meydan.tv\\\/az\\\/article\\\/qusarda-mese-erazisinde-agaclarin-kesildiyi-deyilir-icra-hakimiyyeti-xebersizdir\\\/\",\"url\":\"https:\\\/\\\/www.meydan.tv\\\/az\\\/article\\\/qusarda-mese-erazisinde-agaclarin-kesildiyi-deyilir-icra-hakimiyyeti-xebersizdir\\\/\",\"name\":\"Qusarda me\u015f\u0259 \u0259razisind\u0259 a\u011faclar\u0131n k\u0259sildiyi deyilir, icra hakimiyy\u0259ti \u201cx\u0259b\u0259rsizdir\u201d - MEYDAN.TV\",\"isPartOf\":{\"@id\":\"https:\\\/\\\/www.meydan.tv\\\/az\\\/#website\"},\"primaryImageOfPage\":{\"@id\":\"https:\\\/\\\/www.meydan.tv\\\/az\\\/article\\\/qusarda-mese-erazisinde-agaclarin-kesildiyi-deyilir-icra-hakimiyyeti-xebersizdir\\\/#primaryimage\"},\"image\":{\"@id\":\"https:\\\/\\\/www.meydan.tv\\\/az\\\/article\\\/qusarda-mese-erazisinde-agaclarin-kesildiyi-deyilir-icra-hakimiyyeti-xebersizdir\\\/#primaryimage\"},\"thumbnailUrl\":\"https:\\\/\\\/www.meydan.tv\\\/wp-content\\\/uploads\\\/3d133be7-d5b5-4a83-adee-f0fba2221e87.jpg\",\"datePublished\":\"2024-01-29T08:45:33+00:00\",\"dateModified\":\"2024-01-29T08:45:38+00:00\",\"breadcrumb\":{\"@id\":\"https:\\\/\\\/www.meydan.tv\\\/az\\\/article\\\/qusarda-mese-erazisinde-agaclarin-kesildiyi-deyilir-icra-hakimiyyeti-xebersizdir\\\/#breadcrumb\"},\"inLanguage\":\"az\",\"potentialAction\":[{\"@type\":\"ReadAction\",\"target\":[\"https:\\\/\\\/www.meydan.tv\\\/az\\\/article\\\/qusarda-mese-erazisinde-agaclarin-kesildiyi-deyilir-icra-hakimiyyeti-xebersizdir\\\/\"]}]},{\"@type\":\"ImageObject\",\"inLanguage\":\"az\",\"@id\":\"https:\\\/\\\/www.meydan.tv\\\/az\\\/article\\\/qusarda-mese-erazisinde-agaclarin-kesildiyi-deyilir-icra-hakimiyyeti-xebersizdir\\\/#primaryimage\",\"url\":\"https:\\\/\\\/www.meydan.tv\\\/wp-content\\\/uploads\\\/3d133be7-d5b5-4a83-adee-f0fba2221e87.jpg\",\"contentUrl\":\"https:\\\/\\\/www.meydan.tv\\\/wp-content\\\/uploads\\\/3d133be7-d5b5-4a83-adee-f0fba2221e87.jpg\",\"width\":1600,\"height\":908,\"caption\":\"Fotolar: Meydan TV\"},{\"@type\":\"BreadcrumbList\",\"@id\":\"https:\\\/\\\/www.meydan.tv\\\/az\\\/article\\\/qusarda-mese-erazisinde-agaclarin-kesildiyi-deyilir-icra-hakimiyyeti-xebersizdir\\\/#breadcrumb\",\"itemListElement\":[{\"@type\":\"ListItem\",\"position\":1,\"name\":\"Ana s\u0259hif\u0259\",\"item\":\"https:\\\/\\\/www.meydan.tv\\\/az\\\/\"},{\"@type\":\"ListItem\",\"position\":2,\"name\":\"B\u00f6lg\u0259\",\"item\":\"https:\\\/\\\/www.meydan.tv\\\/az\\\/section\\\/bolge\\\/\"},{\"@type\":\"ListItem\",\"position\":3,\"name\":\"Qusarda me\u015f\u0259 \u0259razisind\u0259 a\u011faclar\u0131n k\u0259sildiyi deyilir, icra hakimiyy\u0259ti \u201cx\u0259b\u0259rsizdir\u201d\"}]},{\"@type\":\"WebSite\",\"@id\":\"https:\\\/\\\/www.meydan.tv\\\/az\\\/#website\",\"url\":\"https:\\\/\\\/www.meydan.tv\\\/az\\\/\",\"name\":\"MEYDAN.TV\",\"description\":\"Meydan TV Az\u0259rbaycan\u0131n media m\u0259kan\u0131ndak\u0131 alternativ s\u0259sidir\",\"publisher\":{\"@id\":\"https:\\\/\\\/www.meydan.tv\\\/az\\\/#organization\"},\"potentialAction\":[{\"@type\":\"SearchAction\",\"target\":{\"@type\":\"EntryPoint\",\"urlTemplate\":\"https:\\\/\\\/www.meydan.tv\\\/az\\\/?s={search_term_string}\"},\"query-input\":{\"@type\":\"PropertyValueSpecification\",\"valueRequired\":true,\"valueName\":\"search_term_string\"}}],\"inLanguage\":\"az\"},{\"@type\":\"Organization\",\"@id\":\"https:\\\/\\\/www.meydan.tv\\\/az\\\/#organization\",\"name\":\"Meydan TV\",\"url\":\"https:\\\/\\\/www.meydan.tv\\\/az\\\/\",\"logo\":{\"@type\":\"ImageObject\",\"inLanguage\":\"az\",\"@id\":\"https:\\\/\\\/www.meydan.tv\\\/az\\\/#\\\/schema\\\/logo\\\/image\\\/\",\"url\":\"https:\\\/\\\/www.meydan.tv\\\/wp-content\\\/uploads\\\/2021\\\/07\\\/meydan-logo.svg\",\"contentUrl\":\"https:\\\/\\\/www.meydan.tv\\\/wp-content\\\/uploads\\\/2021\\\/07\\\/meydan-logo.svg\",\"width\":195,\"height\":46,\"caption\":\"Meydan TV\"},\"image\":{\"@id\":\"https:\\\/\\\/www.meydan.tv\\\/az\\\/#\\\/schema\\\/logo\\\/image\\\/\"}},{\"@type\":\"Person\",\"@id\":\"https:\\\/\\\/www.meydan.tv\\\/az\\\/#\\\/schema\\\/person\\\/9cdbecf90d17180ce1dfbd95b08dcf47\",\"name\":\"elli\",\"sameAs\":[\"https:\\\/\\\/x.com\\\/elli\"]}]}<\/script>\n<!-- \/ Yoast SEO plugin. -->","yoast_head_json":{"title":"Qusarda me\u015f\u0259 \u0259razisind\u0259 a\u011faclar\u0131n k\u0259sildiyi deyilir, icra hakimiyy\u0259ti \u201cx\u0259b\u0259rsizdir\u201d - MEYDAN.TV","robots":{"index":"index","follow":"follow","max-snippet":"max-snippet:-1","max-image-preview":"max-image-preview:large","max-video-preview":"max-video-preview:-1"},"canonical":"https:\/\/www.meydan.tv\/az\/article\/qusarda-mese-erazisinde-agaclarin-kesildiyi-deyilir-icra-hakimiyyeti-xebersizdir\/","og_locale":"az_AZ","og_type":"article","og_title":"Qusarda me\u015f\u0259 \u0259razisind\u0259 a\u011faclar\u0131n k\u0259sildiyi deyilir, icra hakimiyy\u0259ti \u201cx\u0259b\u0259rsizdir\u201d - MEYDAN.TV","og_description":"\u201cQaz olmayan k\u0259ndl\u0259rd\u0259 sakin \u00f6z h\u0259y\u0259tind\u0259ki a\u011fac\u0131 k\u0259s\u0259nd\u0259 bel\u0259 c\u0259zaland\u0131r\u0131l\u0131r, ... Davam\u0131","og_url":"https:\/\/www.meydan.tv\/az\/article\/qusarda-mese-erazisinde-agaclarin-kesildiyi-deyilir-icra-hakimiyyeti-xebersizdir\/","og_site_name":"MEYDAN.TV","article_published_time":"2024-01-29T08:45:33+00:00","article_modified_time":"2024-01-29T08:45:38+00:00","og_image":[{"width":1600,"height":908,"url":"https:\/\/www.meydan.tv\/wp-content\/uploads\/3d133be7-d5b5-4a83-adee-f0fba2221e87.jpg","type":"image\/jpeg"}],"author":"elli","twitter_card":"summary_large_image","twitter_creator":"@elli","schema":{"@context":"https:\/\/schema.org","@graph":[{"@type":"Article","@id":"https:\/\/www.meydan.tv\/az\/article\/qusarda-mese-erazisinde-agaclarin-kesildiyi-deyilir-icra-hakimiyyeti-xebersizdir\/#article","isPartOf":{"@id":"https:\/\/www.meydan.tv\/az\/article\/qusarda-mese-erazisinde-agaclarin-kesildiyi-deyilir-icra-hakimiyyeti-xebersizdir\/"},"author":{"name":"elli","@id":"https:\/\/www.meydan.tv\/az\/#\/schema\/person\/9cdbecf90d17180ce1dfbd95b08dcf47"},"headline":"Qusarda me\u015f\u0259 \u0259razisind\u0259 a\u011faclar\u0131n k\u0259sildiyi deyilir, icra hakimiyy\u0259ti \u201cx\u0259b\u0259rsizdir\u201d","datePublished":"2024-01-29T08:45:33+00:00","dateModified":"2024-01-29T08:45:38+00:00","mainEntityOfPage":{"@id":"https:\/\/www.meydan.tv\/az\/article\/qusarda-mese-erazisinde-agaclarin-kesildiyi-deyilir-icra-hakimiyyeti-xebersizdir\/"},"wordCount":339,"publisher":{"@id":"https:\/\/www.meydan.tv\/az\/#organization"},"image":{"@id":"https:\/\/www.meydan.tv\/az\/article\/qusarda-mese-erazisinde-agaclarin-kesildiyi-deyilir-icra-hakimiyyeti-xebersizdir\/#primaryimage"},"thumbnailUrl":"https:\/\/www.meydan.tv\/wp-content\/uploads\/3d133be7-d5b5-4a83-adee-f0fba2221e87.jpg","articleSection":["B\u00f6lg\u0259","T\u00f6vsiy\u0259","X\u0259b\u0259rl\u0259r"],"inLanguage":"az"},{"@type":"WebPage","@id":"https:\/\/www.meydan.tv\/az\/article\/qusarda-mese-erazisinde-agaclarin-kesildiyi-deyilir-icra-hakimiyyeti-xebersizdir\/","url":"https:\/\/www.meydan.tv\/az\/article\/qusarda-mese-erazisinde-agaclarin-kesildiyi-deyilir-icra-hakimiyyeti-xebersizdir\/","name":"Qusarda me\u015f\u0259 \u0259razisind\u0259 a\u011faclar\u0131n k\u0259sildiyi deyilir, icra hakimiyy\u0259ti \u201cx\u0259b\u0259rsizdir\u201d - MEYDAN.TV","isPartOf":{"@id":"https:\/\/www.meydan.tv\/az\/#website"},"primaryImageOfPage":{"@id":"https:\/\/www.meydan.tv\/az\/article\/qusarda-mese-erazisinde-agaclarin-kesildiyi-deyilir-icra-hakimiyyeti-xebersizdir\/#primaryimage"},"image":{"@id":"https:\/\/www.meydan.tv\/az\/article\/qusarda-mese-erazisinde-agaclarin-kesildiyi-deyilir-icra-hakimiyyeti-xebersizdir\/#primaryimage"},"thumbnailUrl":"https:\/\/www.meydan.tv\/wp-content\/uploads\/3d133be7-d5b5-4a83-adee-f0fba2221e87.jpg","datePublished":"2024-01-29T08:45:33+00:00","dateModified":"2024-01-29T08:45:38+00:00","breadcrumb":{"@id":"https:\/\/www.meydan.tv\/az\/article\/qusarda-mese-erazisinde-agaclarin-kesildiyi-deyilir-icra-hakimiyyeti-xebersizdir\/#breadcrumb"},"inLanguage":"az","potentialAction":[{"@type":"ReadAction","target":["https:\/\/www.meydan.tv\/az\/article\/qusarda-mese-erazisinde-agaclarin-kesildiyi-deyilir-icra-hakimiyyeti-xebersizdir\/"]}]},{"@type":"ImageObject","inLanguage":"az","@id":"https:\/\/www.meydan.tv\/az\/article\/qusarda-mese-erazisinde-agaclarin-kesildiyi-deyilir-icra-hakimiyyeti-xebersizdir\/#primaryimage","url":"https:\/\/www.meydan.tv\/wp-content\/uploads\/3d133be7-d5b5-4a83-adee-f0fba2221e87.jpg","contentUrl":"https:\/\/www.meydan.tv\/wp-content\/uploads\/3d133be7-d5b5-4a83-adee-f0fba2221e87.jpg","width":1600,"height":908,"caption":"Fotolar: Meydan TV"},{"@type":"BreadcrumbList","@id":"https:\/\/www.meydan.tv\/az\/article\/qusarda-mese-erazisinde-agaclarin-kesildiyi-deyilir-icra-hakimiyyeti-xebersizdir\/#breadcrumb","itemListElement":[{"@type":"ListItem","position":1,"name":"Ana s\u0259hif\u0259","item":"https:\/\/www.meydan.tv\/az\/"},{"@type":"ListItem","position":2,"name":"B\u00f6lg\u0259","item":"https:\/\/www.meydan.tv\/az\/section\/bolge\/"},{"@type":"ListItem","position":3,"name":"Qusarda me\u015f\u0259 \u0259razisind\u0259 a\u011faclar\u0131n k\u0259sildiyi deyilir, icra hakimiyy\u0259ti \u201cx\u0259b\u0259rsizdir\u201d"}]},{"@type":"WebSite","@id":"https:\/\/www.meydan.tv\/az\/#website","url":"https:\/\/www.meydan.tv\/az\/","name":"MEYDAN.TV","description":"Meydan TV Az\u0259rbaycan\u0131n media m\u0259kan\u0131ndak\u0131 alternativ s\u0259sidir","publisher":{"@id":"https:\/\/www.meydan.tv\/az\/#organization"},"potentialAction":[{"@type":"SearchAction","target":{"@type":"EntryPoint","urlTemplate":"https:\/\/www.meydan.tv\/az\/?s={search_term_string}"},"query-input":{"@type":"PropertyValueSpecification","valueRequired":true,"valueName":"search_term_string"}}],"inLanguage":"az"},{"@type":"Organization","@id":"https:\/\/www.meydan.tv\/az\/#organization","name":"Meydan TV","url":"https:\/\/www.meydan.tv\/az\/","logo":{"@type":"ImageObject","inLanguage":"az","@id":"https:\/\/www.meydan.tv\/az\/#\/schema\/logo\/image\/","url":"https:\/\/www.meydan.tv\/wp-content\/uploads\/2021\/07\/meydan-logo.svg","contentUrl":"https:\/\/www.meydan.tv\/wp-content\/uploads\/2021\/07\/meydan-logo.svg","width":195,"height":46,"caption":"Meydan TV"},"image":{"@id":"https:\/\/www.meydan.tv\/az\/#\/schema\/logo\/image\/"}},{"@type":"Person","@id":"https:\/\/www.meydan.tv\/az\/#\/schema\/person\/9cdbecf90d17180ce1dfbd95b08dcf47","name":"elli","sameAs":["https:\/\/x.com\/elli"]}]}},"_links":{"self":[{"href":"https:\/\/www.meydan.tv\/az\/wp-json\/wp\/v2\/posts\/296376","targetHints":{"allow":["GET"]}}],"collection":[{"href":"https:\/\/www.meydan.tv\/az\/wp-json\/wp\/v2\/posts"}],"about":[{"href":"https:\/\/www.meydan.tv\/az\/wp-json\/wp\/v2\/types\/post"}],"author":[{"embeddable":true,"href":"https:\/\/www.meydan.tv\/az\/wp-json\/wp\/v2\/users\/8"}],"replies":[{"embeddable":true,"href":"https:\/\/www.meydan.tv\/az\/wp-json\/wp\/v2\/comments?post=296376"}],"version-history":[{"count":3,"href":"https:\/\/www.meydan.tv\/az\/wp-json\/wp\/v2\/posts\/296376\/revisions"}],"predecessor-version":[{"id":296399,"href":"https:\/\/www.meydan.tv\/az\/wp-json\/wp\/v2\/posts\/296376\/revisions\/296399"}],"wp:featuredmedia":[{"embeddable":true,"href":"https:\/\/www.meydan.tv\/az\/wp-json\/wp\/v2\/media\/296383"}],"wp:attachment":[{"href":"https:\/\/www.meydan.tv\/az\/wp-json\/wp\/v2\/media?parent=296376"}],"wp:term":[{"taxonomy":"category","embeddable":true,"href":"https:\/\/www.meydan.tv\/az\/wp-json\/wp\/v2\/categories?post=296376"},{"taxonomy":"post_tag","embeddable":true,"href":"https:\/\/www.meydan.tv\/az\/wp-json\/wp\/v2\/tags?post=296376"}],"curies":[{"name":"wp","href":"https:\/\/api.w.org\/{rel}","templated":true}]}}