{"id":296374,"date":"2024-01-29T12:42:18","date_gmt":"2024-01-29T08:42:18","guid":{"rendered":"https:\/\/www.meydan.tv\/?p=296374"},"modified":"2024-01-29T12:42:21","modified_gmt":"2024-01-29T08:42:21","slug":"mustentiq-vekil-ve-teqsirlendirilen-sexsden-xebersiz-onlarin-adindan-senedler-imzalayib","status":"publish","type":"post","link":"https:\/\/www.meydan.tv\/az\/article\/mustentiq-vekil-ve-teqsirlendirilen-sexsden-xebersiz-onlarin-adindan-senedler-imzalayib\/","title":{"rendered":"M\u00fcst\u0259ntiq v\u0259kil v\u0259 t\u0259qsirl\u0259ndiril\u0259n \u015f\u0259xsd\u0259n x\u0259b\u0259rsiz onlar\u0131n ad\u0131ndan s\u0259n\u0259dl\u0259r imzalay\u0131b"},"content":{"rendered":"\n<p><\/p>\n\n\n\n<p><em><strong>Yevlax sakini t\u00f6r\u0259tm\u0259diyi cinay\u0259t\u0259 g\u00f6r\u0259 ilyar\u0131m t\u0259qib alt\u0131nda oldu\u011funu deyir<\/strong><\/em><\/p>\n\n\n\n<p>Yevlax rayonunun Qaram\u0259mm\u0259dli k\u0259nd sakini Sabir V\u0259liyev deyir ki, onu t\u00f6r\u0259tm\u0259diyi cinay\u0259t\u0259 g\u00f6r\u0259 ilyar\u0131m incidibl\u0259r.<\/p>\n\n\n\n<p><strong>\u201cS\u0259n\u0259dl\u0259r olmasayd\u0131, notarius alq\u0131-satq\u0131 m\u00fcqavil\u0259sini imzalamazd\u0131 ki&#8230;\u201d<\/strong><\/p>\n\n\n\n<p>40 ya\u015fl\u0131 Sabir V\u0259liyev ya\u015fad\u0131\u011f\u0131 k\u0259ndd\u0259 \u0259kin\u00e7ilikl\u0259 m\u0259\u015f\u011fuldur. Bir il \u00f6nc\u0259 Yevlax Rayon M\u0259hk\u0259m\u0259sind\u0259 hakim Ruslan \u018flizad\u0259 onun haqq\u0131nda ittiham h\u00f6km\u00fc \u00e7\u0131xar\u0131b. O, k\u0259nd t\u0259s\u0259rr\u00fcfat\u0131 t\u0259yinatl\u0131 torpaqlar\u0131 z\u0259bt etm\u0259kd\u0259 &#8211; Cinay\u0259t M\u0259c\u0259ll\u0259sinin 188-ci (torpaq \u00fcz\u0259rind\u0259 m\u00fclkiyy\u0259t, istifad\u0259 v\u0259 ya icar\u0259 h\u00fcququnu pozma) madd\u0259sil\u0259 t\u0259qsirli bilinib, 3 il 6 ay azadl\u0131\u011f\u0131n m\u0259hdudla\u015fd\u0131r\u0131lmas\u0131 c\u0259zas\u0131na m\u0259hkum edilib.<\/p>\n\n\n\n<p>\u0130ddia olunur ki, Qaram\u0259mm\u0259dli k\u0259ndinin ba\u015fqa bir sakini Yusif V\u0259liyevin 1,17 hektar, b\u0259l\u0259diyy\u0259nin m\u00fclkiyy\u0259tind\u0259n is\u0259 0,58 hektar k\u0259nd t\u0259s\u0259rr\u00fcfat\u0131 t\u0259yinatl\u0131 torpaq sah\u0259sini z\u0259bt edib, ill\u0259rl\u0259 orada \u0259kin-bi\u00e7inl\u0259 m\u0259\u015f\u011ful olub, kanal \u00e7\u0259kib v\u0259 s.<\/p>\n\n\n\n<p>Ancaq Sabir V\u0259liyev deyir ki, yaland\u0131r, he\u00e7 kimin torpa\u011f\u0131n\u0131 z\u0259bt etm\u0259yib. \u018fkin\u00e7ilikl\u0259 m\u0259\u015f\u011ful oldu\u011fu \u0259razini d\u0259 ba\u015fqa bir k\u0259nd sakinind\u0259n \u00f6nc\u0259 bir m\u00fcdd\u0259t icar\u0259y\u0259 g\u00f6t\u00fcr\u00fcb, sonra is\u0259 sahibind\u0259n alq\u0131-satq\u0131yla al\u0131b:<\/p>\n\n\n\n<p><em>\u201c2012-ci ild\u0259 icar\u0259y\u0259 g\u00f6t\u00fcrd\u00fcm. O vaxt icar\u0259 \u00fc\u00e7\u00fcn n\u0259 q\u0259d\u0259r pul verdiyim yad\u0131mda deyil. 2014-c\u00fc ild\u0259 is\u0259 t\u0259xmin\u0259n 3 min manata alm\u0131\u015fam. Notariusda aram\u0131zda alq\u0131-satq\u0131 olub. Torpa\u011f\u0131n D\u00f6vl\u0259t Akt\u0131 vard\u0131, s\u0259n\u0259dl\u0259r qaydas\u0131nda idi. Yoxsa notarius alq\u0131-satq\u0131 m\u00fcqavil\u0259sini t\u0259sdiql\u0259m\u0259zdi ki&#8230;\u201d.<\/em><\/p>\n\n\n\n<p>Alq\u0131-satq\u0131 m\u00fcqavil\u0259sin\u0259 g\u00f6r\u0259, o, 2,24 hektar torpaq sah\u0259si al\u0131b. \u0130ki il sonra h\u0259min \u0259razi \u00fc\u00e7\u00fcn \u00e7\u0131xar\u0131\u015f almaq q\u0259rar\u0131na g\u0259lib v\u0259 s\u0259n\u0259dl\u0259ri D\u00f6vl\u0259t Reyestr Xidm\u0259tin\u0259 t\u0259qdim edib. \u00c7\u0131xar\u0131\u015f alanda is\u0259 orada 0.26 hektar yaz\u0131ld\u0131\u011f\u0131n\u0131 g\u00f6r\u00fcb:<\/p>\n\n\n\n<p><em>\u201cM\u0259s\u0259l\u0259 il\u0259 \u0259laq\u0259dar Reyestr Xidm\u0259tin\u0259 m\u00fcraci\u0259t el\u0259dim. M\u0259n\u0259 dedil\u0259r ki, s\u0259n\u0259dl\u0259r, torpaqlar\u0131n x\u0259rit\u0259sil\u0259 ba\u011fl\u0131 problem var. Prezidentin f\u0259rman\u0131yla pilot layih\u0259 haz\u0131rlan\u0131r, tezlikl\u0259 b\u00fct\u00fcn bu probleml\u0259rin h\u0259ll olunacaq\u201d.<\/em><\/p>\n\n\n\n<p><strong>\u018fmi qarda\u015fo\u011flunun h\u0259bsini t\u0259l\u0259b edir<\/strong><\/p>\n\n\n\n<p>Sabir V\u0259liyev deyir ki, g\u00fcnl\u0259rin birind\u0259 Yevlax Rayon Polis \u015e\u00f6b\u0259sin\u0259 \u00e7a\u011f\u0131r\u0131l\u0131b, Yusif V\u0259liyevin ondan \u015fikay\u0259t\u00e7i oldu\u011funu \u00f6yr\u0259nib. 2022-ci ilin yay\u0131nda Yevlax Rayon Polis \u015e\u00f6b\u0259sind\u0259 onun haqq\u0131nda Cinay\u0259t M\u0259c\u0259ll\u0259sinin 188-ci madd\u0259sil\u0259 cinay\u0259t i\u015fi ba\u015flan\u0131b. \u0130ki g\u00fcn tutulub, polis \u015f\u00f6b\u0259sind\u0259 saxlan\u0131l\u0131b. Sonra \u201cpolis n\u0259zar\u0259tin\u0259 verm\u0259\u201d q\u0259timkan t\u0259dbiril\u0259 burax\u0131l\u0131b. 2023-c\u00fc ilin yanvar\u0131nda da Yevlax Rayon M\u0259hk\u0259m\u0259si h\u00f6km \u00e7\u0131xar\u0131b.<\/p>\n\n\n\n<p>H\u0259m Sabir V\u0259liyev h\u00f6kmd\u0259n \u015fikay\u0259t verib, h\u0259m d\u0259 z\u0259r\u0259r\u00e7\u0259kmi\u015f qismind\u0259 tan\u0131nan \u0259misi Yusif V\u0259liyev. Sabir V\u0259liyev v\u0259 m\u00fcdafi\u0259\u00e7il\u0259ri apelyasiya \u015fikay\u0259tin\u0259 t\u0259qsirsiz oldu\u011funu vur\u011fulay\u0131b, b\u0259ra\u0259t ist\u0259yib. \u018fmisi is\u0259 \u0259ksin\u0259, ona veril\u0259n 3 il 6 ayl\u0131q azadl\u0131\u011f\u0131n m\u0259hdudla\u015fd\u0131r\u0131lmas\u0131 c\u0259zas\u0131n\u0131 y\u00fcng\u00fcl hesab edib, onun h\u0259bs olunmas\u0131n\u0131 t\u0259l\u0259b edib.<\/p>\n\n\n\n<p>Yusif V\u0259liyevin s\u00f6zl\u0259rin\u0259 g\u00f6r\u0259, qarda\u015f\u0131 o\u011flunun \u0259kin-bi\u00e7inl\u0259 m\u0259\u015f\u011ful oldu\u011fu \u0259razi \u0259slind\u0259, ona m\u0259xsus olub. 2014-c\u00fc ild\u0259 alq\u0131-satq\u0131da istifad\u0259 olunan s\u0259n\u0259dl\u0259r \u2013 D\u00f6vl\u0259t Akt\u0131 saxta olub. N\u0259tic\u0259d\u0259 Sabir V\u0259liyev ill\u0259rl\u0259 ona m\u0259xsus \u0259razid\u0259 \u0259kin-bi\u00e7inl\u0259 m\u0259\u015f\u011ful olub, ekskavatorla qaz\u0131nt\u0131 apar\u0131b, orada kanal \u00e7\u0259kib.<\/p>\n\n\n\n<p>Qaram\u0259mm\u0259dli K\u0259nd B\u0259l\u0259diyy\u0259si d\u0259 ikinci z\u0259r\u0259r\u00e7\u0259kmi\u015f qismind\u0259 tan\u0131n\u0131b. Amma b\u0259l\u0259diyy\u0259nin n\u00fcmay\u0259nd\u0259si m\u0259hk\u0259m\u0259d\u0259 bildirib ki, onlar\u0131n he\u00e7 bir \u015fikay\u0259t v\u0259 t\u0259l\u0259bl\u0259ri yoxdur. Cinay\u0259t i\u015finin materiallar\u0131nda b\u0259hs olunan 0,58 hektar torpaq sah\u0259sinin Sabir V\u0259liyev\u0259 aid pay torpa\u011f\u0131 oldu\u011funu hesab edibl\u0259r. \u00c7\u00fcnki onlarda olan 2006-c\u0131 ilin kadastr s\u0259n\u0259dl\u0259rind\u0259 s\u00f6z\u00fcged\u0259n 0,58 hektar b\u0259l\u0259diyy\u0259y\u0259 m\u0259xsus olmay\u0131b:<\/p>\n\n\n\n<p><em>\u201cBir m\u00fcdd\u0259t \u0259vv\u0259l torpaqlar\u0131n yeni x\u0259rit\u0259si \u00e7\u0259kilib. Bu proses\u0259 q\u0259d\u0259r h\u0259min 0,58 hektar\u0131n b\u0259l\u0259diyy\u0259y\u0259 aid oldu\u011funu bilm\u0259mi\u015fik. \u00c7\u00fcnki \u0259vv\u0259lki s\u0259n\u0259dl\u0259rd\u0259 g\u00f6r\u00fcnm\u00fcrd\u00fc. Bu g\u00fcn d\u0259 h\u0259min torpaq sah\u0259sinin b\u0259l\u0259diyy\u0259y\u0259 aid oldu\u011funu dey\u0259 bilm\u0259rik\u201d.<\/em><\/p>\n\n\n\n<p><strong>B\u0259l\u0259diyy\u0259: \u201cM\u00fcst\u0259ntiq ad\u0131m\u0131zdan yalan izahat yaz\u0131b\u201d<\/strong><\/p>\n\n\n\n<p>B\u0259l\u0259diyy\u0259d\u0259n m\u0259hk\u0259m\u0259y\u0259 g\u00f6nd\u0259ril\u0259n \u0259riz\u0259d\u0259 bu i\u015fin istintaq\u0131n\u0131 aparm\u0131\u015f m\u00fcst\u0259ntiqd\u0259n \u015fikay\u0259t olunub. \u018friz\u0259d\u0259 g\u00f6st\u0259rilib ki, m\u00fcst\u0259ntiq Elton K\u0259rimov onlar\u0131n ad\u0131ndan izahat yaz\u0131b v\u0259 imza etdirib. \u0130zahatda Sabir V\u0259liyevin b\u0259l\u0259diyy\u0259 torpa\u011f\u0131n\u0131 z\u0259bt etdiyi v\u0259 ondan \u015fikay\u0259t\u00e7i olduqlar\u0131 g\u00f6st\u0259rilib:<\/p>\n\n\n\n<p><em>\u201cBu fikirl\u0259rin m\u0259n\u0259 aidiyy\u0259ti yoxdur. Xahi\u015f edir\u0259m, bizim ad\u0131m\u0131zdan yaz\u0131lm\u0131\u015f izahat etibars\u0131z hesab edilsin\u201d.<\/em><\/p>\n\n\n\n<p>Bu i\u015f\u0259 \u015e\u0259ki Apelyasiya M\u0259hk\u0259m\u0259sind\u0259 bax\u0131landa is\u0259 m\u0259lum olub ki, m\u00fcst\u0259ntiq t\u0259qsirl\u0259ndiril\u0259n Sabir V\u0259liyevin v\u0259 onun v\u0259kilinin d\u0259 ad\u0131ndan bir s\u0131ra s\u0259n\u0259dl\u0259ri \u00f6z\u00fc imzalay\u0131b. Apelyasiya m\u0259hk\u0259m\u0259sind\u0259 t\u0259qsirl\u0259ndiril\u0259n v\u0259 v\u0259kil i\u015f materiallar\u0131ndak\u0131 bir s\u0131ra imzalar\u0131n onlara aid olmad\u0131\u011f\u0131n\u0131 dey\u0259nd\u0259 hakim ekspertiza t\u0259yin edib. Ekspert d\u0259 t\u0259sdiql\u0259yib ki, s\u00f6z\u00fcged\u0259n imzalar\u0131n onlara aidyy\u0259ti yoxdur.<\/p>\n\n\n\n<p>B\u00fct\u00fcn bunlar\u0131 ara\u015fd\u0131randan sonra \u015e\u0259ki Apelyasiya M\u0259hk\u0259m\u0259si yanvar\u0131n 12-d\u0259 Sabir V\u0259liyev haqq\u0131nda b\u0259ra\u0259t h\u00f6km\u00fc \u00e7\u0131xar\u0131b.<\/p>\n\n\n\n<p><em>\u201c\u0130ttiham t\u0259r\u0259fi Sabir V\u0259liyevin t\u0259qsirliliyini s\u00fcbuta yetir\u0259 bilm\u0259yib. Onun cinay\u0259t m\u0259suliyy\u0259tin\u0259 c\u0259lb edilm\u0259si \u00fc\u00e7\u00fcn qeyri-qanuni \u00fcsullardan istifad\u0259 etm\u0259kd\u0259n bel\u0259 \u00e7\u0259kinm\u0259yib. \u0130ttiham\u0131n t\u0259sdiqind\u0259 istifad\u0259 olunan s\u00fcbutlar cinay\u0259t prosessual qanunvericiliyin m\u00f6t\u0259b\u0259rlik t\u0259l\u0259bl\u0259rin\u0259 cavab vermir. S\u00fcbutlar \u015f\u00fcbh\u0259li v\u0259 ziddiyy\u0259tlidir\u201d,<\/em> &#8211; b\u0259ra\u0259t h\u00f6km\u00fcnd\u0259 bel\u0259 yaz\u0131l\u0131b.<\/p>\n\n\n\n<p>Meydan TV-nin \u0259ld\u0259 etdiyi m\u0259lumata g\u00f6r\u0259, m\u00fcst\u0259ntiq Elton K\u0259rimov haz\u0131rda Yevlaxda yox, ba\u015fqa bir rayonda m\u00fcst\u0259ntiq v\u0259zif\u0259sind\u0259 i\u015fl\u0259m\u0259kd\u0259 davam edir.<\/p>\n","protected":false},"excerpt":{"rendered":"<p>Yevlax sakini t\u00f6r\u0259tm\u0259diyi cinay\u0259t\u0259 g\u00f6r\u0259 ilyar\u0131m t\u0259qib alt\u0131nda oldu\u011funu deyir &#8230; <\/p>\n<p class=\"read-more-container\"><a title=\"M\u00fcst\u0259ntiq v\u0259kil v\u0259 t\u0259qsirl\u0259ndiril\u0259n \u015f\u0259xsd\u0259n x\u0259b\u0259rsiz onlar\u0131n ad\u0131ndan s\u0259n\u0259dl\u0259r imzalay\u0131b\" class=\"read-more button\" href=\"https:\/\/www.meydan.tv\/az\/article\/mustentiq-vekil-ve-teqsirlendirilen-sexsden-xebersiz-onlarin-adindan-senedler-imzalayib\/#more-296374\" aria-label=\"Read more about M\u00fcst\u0259ntiq v\u0259kil v\u0259 t\u0259qsirl\u0259ndiril\u0259n \u015f\u0259xsd\u0259n x\u0259b\u0259rsiz onlar\u0131n ad\u0131ndan s\u0259n\u0259dl\u0259r imzalay\u0131b\">Davam\u0131<\/a><\/p>\n","protected":false},"author":8,"featured_media":241361,"comment_status":"closed","ping_status":"closed","sticky":false,"template":"","format":"standard","meta":{"_acf_changed":false,"_sitemap_exclude":false,"_sitemap_priority":"","_sitemap_frequency":"","footnotes":""},"categories":[60,56],"tags":[],"class_list":["post-296374","post","type-post","status-publish","format-standard","has-post-thumbnail","hentry","category-bolge","category-xeberler","infinite-scroll-item","generate-columns","tablet-grid-50","mobile-grid-100","grid-parent","grid-33","no-featured-image-padding"],"acf":[],"yoast_head":"<!-- This site is optimized with the Yoast SEO plugin v27.4 - https:\/\/yoast.com\/product\/yoast-seo-wordpress\/ -->\n<title>M\u00fcst\u0259ntiq v\u0259kil v\u0259 t\u0259qsirl\u0259ndiril\u0259n \u015f\u0259xsd\u0259n x\u0259b\u0259rsiz onlar\u0131n ad\u0131ndan s\u0259n\u0259dl\u0259r imzalay\u0131b - MEYDAN.TV<\/title>\n<meta name=\"robots\" content=\"index, follow, max-snippet:-1, max-image-preview:large, max-video-preview:-1\" \/>\n<link rel=\"canonical\" href=\"https:\/\/www.meydan.tv\/az\/article\/mustentiq-vekil-ve-teqsirlendirilen-sexsden-xebersiz-onlarin-adindan-senedler-imzalayib\/\" \/>\n<meta property=\"og:locale\" content=\"az_AZ\" \/>\n<meta property=\"og:type\" content=\"article\" \/>\n<meta property=\"og:title\" content=\"M\u00fcst\u0259ntiq v\u0259kil v\u0259 t\u0259qsirl\u0259ndiril\u0259n \u015f\u0259xsd\u0259n x\u0259b\u0259rsiz onlar\u0131n ad\u0131ndan s\u0259n\u0259dl\u0259r imzalay\u0131b - MEYDAN.TV\" \/>\n<meta property=\"og:description\" content=\"Yevlax sakini t\u00f6r\u0259tm\u0259diyi cinay\u0259t\u0259 g\u00f6r\u0259 ilyar\u0131m t\u0259qib alt\u0131nda oldu\u011funu deyir ... Davam\u0131\" \/>\n<meta property=\"og:url\" content=\"https:\/\/www.meydan.tv\/az\/article\/mustentiq-vekil-ve-teqsirlendirilen-sexsden-xebersiz-onlarin-adindan-senedler-imzalayib\/\" \/>\n<meta property=\"og:site_name\" content=\"MEYDAN.TV\" \/>\n<meta property=\"article:published_time\" content=\"2024-01-29T08:42:18+00:00\" \/>\n<meta property=\"article:modified_time\" content=\"2024-01-29T08:42:21+00:00\" \/>\n<meta property=\"og:image\" content=\"https:\/\/www.meydan.tv\/wp-content\/uploads\/untitled-design-2-18.jpg\" \/>\n\t<meta property=\"og:image:width\" content=\"1200\" \/>\n\t<meta property=\"og:image:height\" content=\"800\" \/>\n\t<meta property=\"og:image:type\" content=\"image\/jpeg\" \/>\n<meta name=\"author\" content=\"elli\" \/>\n<meta name=\"twitter:card\" content=\"summary_large_image\" \/>\n<meta name=\"twitter:creator\" content=\"@elli\" \/>\n<script type=\"application\/ld+json\" class=\"yoast-schema-graph\">{\"@context\":\"https:\\\/\\\/schema.org\",\"@graph\":[{\"@type\":\"Article\",\"@id\":\"https:\\\/\\\/www.meydan.tv\\\/az\\\/article\\\/mustentiq-vekil-ve-teqsirlendirilen-sexsden-xebersiz-onlarin-adindan-senedler-imzalayib\\\/#article\",\"isPartOf\":{\"@id\":\"https:\\\/\\\/www.meydan.tv\\\/az\\\/article\\\/mustentiq-vekil-ve-teqsirlendirilen-sexsden-xebersiz-onlarin-adindan-senedler-imzalayib\\\/\"},\"author\":{\"name\":\"elli\",\"@id\":\"https:\\\/\\\/www.meydan.tv\\\/az\\\/#\\\/schema\\\/person\\\/9cdbecf90d17180ce1dfbd95b08dcf47\"},\"headline\":\"M\u00fcst\u0259ntiq v\u0259kil v\u0259 t\u0259qsirl\u0259ndiril\u0259n \u015f\u0259xsd\u0259n x\u0259b\u0259rsiz onlar\u0131n ad\u0131ndan s\u0259n\u0259dl\u0259r imzalay\u0131b\",\"datePublished\":\"2024-01-29T08:42:18+00:00\",\"dateModified\":\"2024-01-29T08:42:21+00:00\",\"mainEntityOfPage\":{\"@id\":\"https:\\\/\\\/www.meydan.tv\\\/az\\\/article\\\/mustentiq-vekil-ve-teqsirlendirilen-sexsden-xebersiz-onlarin-adindan-senedler-imzalayib\\\/\"},\"wordCount\":1179,\"publisher\":{\"@id\":\"https:\\\/\\\/www.meydan.tv\\\/az\\\/#organization\"},\"image\":{\"@id\":\"https:\\\/\\\/www.meydan.tv\\\/az\\\/article\\\/mustentiq-vekil-ve-teqsirlendirilen-sexsden-xebersiz-onlarin-adindan-senedler-imzalayib\\\/#primaryimage\"},\"thumbnailUrl\":\"https:\\\/\\\/www.meydan.tv\\\/wp-content\\\/uploads\\\/untitled-design-2-18.jpg\",\"articleSection\":[\"B\u00f6lg\u0259\",\"X\u0259b\u0259rl\u0259r\"],\"inLanguage\":\"az\"},{\"@type\":\"WebPage\",\"@id\":\"https:\\\/\\\/www.meydan.tv\\\/az\\\/article\\\/mustentiq-vekil-ve-teqsirlendirilen-sexsden-xebersiz-onlarin-adindan-senedler-imzalayib\\\/\",\"url\":\"https:\\\/\\\/www.meydan.tv\\\/az\\\/article\\\/mustentiq-vekil-ve-teqsirlendirilen-sexsden-xebersiz-onlarin-adindan-senedler-imzalayib\\\/\",\"name\":\"M\u00fcst\u0259ntiq v\u0259kil v\u0259 t\u0259qsirl\u0259ndiril\u0259n \u015f\u0259xsd\u0259n x\u0259b\u0259rsiz onlar\u0131n ad\u0131ndan s\u0259n\u0259dl\u0259r imzalay\u0131b - MEYDAN.TV\",\"isPartOf\":{\"@id\":\"https:\\\/\\\/www.meydan.tv\\\/az\\\/#website\"},\"primaryImageOfPage\":{\"@id\":\"https:\\\/\\\/www.meydan.tv\\\/az\\\/article\\\/mustentiq-vekil-ve-teqsirlendirilen-sexsden-xebersiz-onlarin-adindan-senedler-imzalayib\\\/#primaryimage\"},\"image\":{\"@id\":\"https:\\\/\\\/www.meydan.tv\\\/az\\\/article\\\/mustentiq-vekil-ve-teqsirlendirilen-sexsden-xebersiz-onlarin-adindan-senedler-imzalayib\\\/#primaryimage\"},\"thumbnailUrl\":\"https:\\\/\\\/www.meydan.tv\\\/wp-content\\\/uploads\\\/untitled-design-2-18.jpg\",\"datePublished\":\"2024-01-29T08:42:18+00:00\",\"dateModified\":\"2024-01-29T08:42:21+00:00\",\"breadcrumb\":{\"@id\":\"https:\\\/\\\/www.meydan.tv\\\/az\\\/article\\\/mustentiq-vekil-ve-teqsirlendirilen-sexsden-xebersiz-onlarin-adindan-senedler-imzalayib\\\/#breadcrumb\"},\"inLanguage\":\"az\",\"potentialAction\":[{\"@type\":\"ReadAction\",\"target\":[\"https:\\\/\\\/www.meydan.tv\\\/az\\\/article\\\/mustentiq-vekil-ve-teqsirlendirilen-sexsden-xebersiz-onlarin-adindan-senedler-imzalayib\\\/\"]}]},{\"@type\":\"ImageObject\",\"inLanguage\":\"az\",\"@id\":\"https:\\\/\\\/www.meydan.tv\\\/az\\\/article\\\/mustentiq-vekil-ve-teqsirlendirilen-sexsden-xebersiz-onlarin-adindan-senedler-imzalayib\\\/#primaryimage\",\"url\":\"https:\\\/\\\/www.meydan.tv\\\/wp-content\\\/uploads\\\/untitled-design-2-18.jpg\",\"contentUrl\":\"https:\\\/\\\/www.meydan.tv\\\/wp-content\\\/uploads\\\/untitled-design-2-18.jpg\",\"width\":1200,\"height\":800,\"caption\":\"Yevlax Rayon Polis \u015e\u00f6b\u0259si. Foto: DIN\"},{\"@type\":\"BreadcrumbList\",\"@id\":\"https:\\\/\\\/www.meydan.tv\\\/az\\\/article\\\/mustentiq-vekil-ve-teqsirlendirilen-sexsden-xebersiz-onlarin-adindan-senedler-imzalayib\\\/#breadcrumb\",\"itemListElement\":[{\"@type\":\"ListItem\",\"position\":1,\"name\":\"Ana s\u0259hif\u0259\",\"item\":\"https:\\\/\\\/www.meydan.tv\\\/az\\\/\"},{\"@type\":\"ListItem\",\"position\":2,\"name\":\"B\u00f6lg\u0259\",\"item\":\"https:\\\/\\\/www.meydan.tv\\\/az\\\/section\\\/bolge\\\/\"},{\"@type\":\"ListItem\",\"position\":3,\"name\":\"M\u00fcst\u0259ntiq v\u0259kil v\u0259 t\u0259qsirl\u0259ndiril\u0259n \u015f\u0259xsd\u0259n x\u0259b\u0259rsiz onlar\u0131n ad\u0131ndan s\u0259n\u0259dl\u0259r imzalay\u0131b\"}]},{\"@type\":\"WebSite\",\"@id\":\"https:\\\/\\\/www.meydan.tv\\\/az\\\/#website\",\"url\":\"https:\\\/\\\/www.meydan.tv\\\/az\\\/\",\"name\":\"MEYDAN.TV\",\"description\":\"Meydan TV Az\u0259rbaycan\u0131n media m\u0259kan\u0131ndak\u0131 alternativ s\u0259sidir\",\"publisher\":{\"@id\":\"https:\\\/\\\/www.meydan.tv\\\/az\\\/#organization\"},\"potentialAction\":[{\"@type\":\"SearchAction\",\"target\":{\"@type\":\"EntryPoint\",\"urlTemplate\":\"https:\\\/\\\/www.meydan.tv\\\/az\\\/?s={search_term_string}\"},\"query-input\":{\"@type\":\"PropertyValueSpecification\",\"valueRequired\":true,\"valueName\":\"search_term_string\"}}],\"inLanguage\":\"az\"},{\"@type\":\"Organization\",\"@id\":\"https:\\\/\\\/www.meydan.tv\\\/az\\\/#organization\",\"name\":\"Meydan TV\",\"url\":\"https:\\\/\\\/www.meydan.tv\\\/az\\\/\",\"logo\":{\"@type\":\"ImageObject\",\"inLanguage\":\"az\",\"@id\":\"https:\\\/\\\/www.meydan.tv\\\/az\\\/#\\\/schema\\\/logo\\\/image\\\/\",\"url\":\"https:\\\/\\\/www.meydan.tv\\\/wp-content\\\/uploads\\\/2021\\\/07\\\/meydan-logo.svg\",\"contentUrl\":\"https:\\\/\\\/www.meydan.tv\\\/wp-content\\\/uploads\\\/2021\\\/07\\\/meydan-logo.svg\",\"width\":195,\"height\":46,\"caption\":\"Meydan TV\"},\"image\":{\"@id\":\"https:\\\/\\\/www.meydan.tv\\\/az\\\/#\\\/schema\\\/logo\\\/image\\\/\"}},{\"@type\":\"Person\",\"@id\":\"https:\\\/\\\/www.meydan.tv\\\/az\\\/#\\\/schema\\\/person\\\/9cdbecf90d17180ce1dfbd95b08dcf47\",\"name\":\"elli\",\"sameAs\":[\"https:\\\/\\\/x.com\\\/elli\"]}]}<\/script>\n<!-- \/ Yoast SEO plugin. -->","yoast_head_json":{"title":"M\u00fcst\u0259ntiq v\u0259kil v\u0259 t\u0259qsirl\u0259ndiril\u0259n \u015f\u0259xsd\u0259n x\u0259b\u0259rsiz onlar\u0131n ad\u0131ndan s\u0259n\u0259dl\u0259r imzalay\u0131b - MEYDAN.TV","robots":{"index":"index","follow":"follow","max-snippet":"max-snippet:-1","max-image-preview":"max-image-preview:large","max-video-preview":"max-video-preview:-1"},"canonical":"https:\/\/www.meydan.tv\/az\/article\/mustentiq-vekil-ve-teqsirlendirilen-sexsden-xebersiz-onlarin-adindan-senedler-imzalayib\/","og_locale":"az_AZ","og_type":"article","og_title":"M\u00fcst\u0259ntiq v\u0259kil v\u0259 t\u0259qsirl\u0259ndiril\u0259n \u015f\u0259xsd\u0259n x\u0259b\u0259rsiz onlar\u0131n ad\u0131ndan s\u0259n\u0259dl\u0259r imzalay\u0131b - MEYDAN.TV","og_description":"Yevlax sakini t\u00f6r\u0259tm\u0259diyi cinay\u0259t\u0259 g\u00f6r\u0259 ilyar\u0131m t\u0259qib alt\u0131nda oldu\u011funu deyir ... Davam\u0131","og_url":"https:\/\/www.meydan.tv\/az\/article\/mustentiq-vekil-ve-teqsirlendirilen-sexsden-xebersiz-onlarin-adindan-senedler-imzalayib\/","og_site_name":"MEYDAN.TV","article_published_time":"2024-01-29T08:42:18+00:00","article_modified_time":"2024-01-29T08:42:21+00:00","og_image":[{"width":1200,"height":800,"url":"https:\/\/www.meydan.tv\/wp-content\/uploads\/untitled-design-2-18.jpg","type":"image\/jpeg"}],"author":"elli","twitter_card":"summary_large_image","twitter_creator":"@elli","schema":{"@context":"https:\/\/schema.org","@graph":[{"@type":"Article","@id":"https:\/\/www.meydan.tv\/az\/article\/mustentiq-vekil-ve-teqsirlendirilen-sexsden-xebersiz-onlarin-adindan-senedler-imzalayib\/#article","isPartOf":{"@id":"https:\/\/www.meydan.tv\/az\/article\/mustentiq-vekil-ve-teqsirlendirilen-sexsden-xebersiz-onlarin-adindan-senedler-imzalayib\/"},"author":{"name":"elli","@id":"https:\/\/www.meydan.tv\/az\/#\/schema\/person\/9cdbecf90d17180ce1dfbd95b08dcf47"},"headline":"M\u00fcst\u0259ntiq v\u0259kil v\u0259 t\u0259qsirl\u0259ndiril\u0259n \u015f\u0259xsd\u0259n x\u0259b\u0259rsiz onlar\u0131n ad\u0131ndan s\u0259n\u0259dl\u0259r imzalay\u0131b","datePublished":"2024-01-29T08:42:18+00:00","dateModified":"2024-01-29T08:42:21+00:00","mainEntityOfPage":{"@id":"https:\/\/www.meydan.tv\/az\/article\/mustentiq-vekil-ve-teqsirlendirilen-sexsden-xebersiz-onlarin-adindan-senedler-imzalayib\/"},"wordCount":1179,"publisher":{"@id":"https:\/\/www.meydan.tv\/az\/#organization"},"image":{"@id":"https:\/\/www.meydan.tv\/az\/article\/mustentiq-vekil-ve-teqsirlendirilen-sexsden-xebersiz-onlarin-adindan-senedler-imzalayib\/#primaryimage"},"thumbnailUrl":"https:\/\/www.meydan.tv\/wp-content\/uploads\/untitled-design-2-18.jpg","articleSection":["B\u00f6lg\u0259","X\u0259b\u0259rl\u0259r"],"inLanguage":"az"},{"@type":"WebPage","@id":"https:\/\/www.meydan.tv\/az\/article\/mustentiq-vekil-ve-teqsirlendirilen-sexsden-xebersiz-onlarin-adindan-senedler-imzalayib\/","url":"https:\/\/www.meydan.tv\/az\/article\/mustentiq-vekil-ve-teqsirlendirilen-sexsden-xebersiz-onlarin-adindan-senedler-imzalayib\/","name":"M\u00fcst\u0259ntiq v\u0259kil v\u0259 t\u0259qsirl\u0259ndiril\u0259n \u015f\u0259xsd\u0259n x\u0259b\u0259rsiz onlar\u0131n ad\u0131ndan s\u0259n\u0259dl\u0259r imzalay\u0131b - MEYDAN.TV","isPartOf":{"@id":"https:\/\/www.meydan.tv\/az\/#website"},"primaryImageOfPage":{"@id":"https:\/\/www.meydan.tv\/az\/article\/mustentiq-vekil-ve-teqsirlendirilen-sexsden-xebersiz-onlarin-adindan-senedler-imzalayib\/#primaryimage"},"image":{"@id":"https:\/\/www.meydan.tv\/az\/article\/mustentiq-vekil-ve-teqsirlendirilen-sexsden-xebersiz-onlarin-adindan-senedler-imzalayib\/#primaryimage"},"thumbnailUrl":"https:\/\/www.meydan.tv\/wp-content\/uploads\/untitled-design-2-18.jpg","datePublished":"2024-01-29T08:42:18+00:00","dateModified":"2024-01-29T08:42:21+00:00","breadcrumb":{"@id":"https:\/\/www.meydan.tv\/az\/article\/mustentiq-vekil-ve-teqsirlendirilen-sexsden-xebersiz-onlarin-adindan-senedler-imzalayib\/#breadcrumb"},"inLanguage":"az","potentialAction":[{"@type":"ReadAction","target":["https:\/\/www.meydan.tv\/az\/article\/mustentiq-vekil-ve-teqsirlendirilen-sexsden-xebersiz-onlarin-adindan-senedler-imzalayib\/"]}]},{"@type":"ImageObject","inLanguage":"az","@id":"https:\/\/www.meydan.tv\/az\/article\/mustentiq-vekil-ve-teqsirlendirilen-sexsden-xebersiz-onlarin-adindan-senedler-imzalayib\/#primaryimage","url":"https:\/\/www.meydan.tv\/wp-content\/uploads\/untitled-design-2-18.jpg","contentUrl":"https:\/\/www.meydan.tv\/wp-content\/uploads\/untitled-design-2-18.jpg","width":1200,"height":800,"caption":"Yevlax Rayon Polis \u015e\u00f6b\u0259si. Foto: DIN"},{"@type":"BreadcrumbList","@id":"https:\/\/www.meydan.tv\/az\/article\/mustentiq-vekil-ve-teqsirlendirilen-sexsden-xebersiz-onlarin-adindan-senedler-imzalayib\/#breadcrumb","itemListElement":[{"@type":"ListItem","position":1,"name":"Ana s\u0259hif\u0259","item":"https:\/\/www.meydan.tv\/az\/"},{"@type":"ListItem","position":2,"name":"B\u00f6lg\u0259","item":"https:\/\/www.meydan.tv\/az\/section\/bolge\/"},{"@type":"ListItem","position":3,"name":"M\u00fcst\u0259ntiq v\u0259kil v\u0259 t\u0259qsirl\u0259ndiril\u0259n \u015f\u0259xsd\u0259n x\u0259b\u0259rsiz onlar\u0131n ad\u0131ndan s\u0259n\u0259dl\u0259r imzalay\u0131b"}]},{"@type":"WebSite","@id":"https:\/\/www.meydan.tv\/az\/#website","url":"https:\/\/www.meydan.tv\/az\/","name":"MEYDAN.TV","description":"Meydan TV Az\u0259rbaycan\u0131n media m\u0259kan\u0131ndak\u0131 alternativ s\u0259sidir","publisher":{"@id":"https:\/\/www.meydan.tv\/az\/#organization"},"potentialAction":[{"@type":"SearchAction","target":{"@type":"EntryPoint","urlTemplate":"https:\/\/www.meydan.tv\/az\/?s={search_term_string}"},"query-input":{"@type":"PropertyValueSpecification","valueRequired":true,"valueName":"search_term_string"}}],"inLanguage":"az"},{"@type":"Organization","@id":"https:\/\/www.meydan.tv\/az\/#organization","name":"Meydan TV","url":"https:\/\/www.meydan.tv\/az\/","logo":{"@type":"ImageObject","inLanguage":"az","@id":"https:\/\/www.meydan.tv\/az\/#\/schema\/logo\/image\/","url":"https:\/\/www.meydan.tv\/wp-content\/uploads\/2021\/07\/meydan-logo.svg","contentUrl":"https:\/\/www.meydan.tv\/wp-content\/uploads\/2021\/07\/meydan-logo.svg","width":195,"height":46,"caption":"Meydan TV"},"image":{"@id":"https:\/\/www.meydan.tv\/az\/#\/schema\/logo\/image\/"}},{"@type":"Person","@id":"https:\/\/www.meydan.tv\/az\/#\/schema\/person\/9cdbecf90d17180ce1dfbd95b08dcf47","name":"elli","sameAs":["https:\/\/x.com\/elli"]}]}},"_links":{"self":[{"href":"https:\/\/www.meydan.tv\/az\/wp-json\/wp\/v2\/posts\/296374","targetHints":{"allow":["GET"]}}],"collection":[{"href":"https:\/\/www.meydan.tv\/az\/wp-json\/wp\/v2\/posts"}],"about":[{"href":"https:\/\/www.meydan.tv\/az\/wp-json\/wp\/v2\/types\/post"}],"author":[{"embeddable":true,"href":"https:\/\/www.meydan.tv\/az\/wp-json\/wp\/v2\/users\/8"}],"replies":[{"embeddable":true,"href":"https:\/\/www.meydan.tv\/az\/wp-json\/wp\/v2\/comments?post=296374"}],"version-history":[{"count":3,"href":"https:\/\/www.meydan.tv\/az\/wp-json\/wp\/v2\/posts\/296374\/revisions"}],"predecessor-version":[{"id":296394,"href":"https:\/\/www.meydan.tv\/az\/wp-json\/wp\/v2\/posts\/296374\/revisions\/296394"}],"wp:featuredmedia":[{"embeddable":true,"href":"https:\/\/www.meydan.tv\/az\/wp-json\/wp\/v2\/media\/241361"}],"wp:attachment":[{"href":"https:\/\/www.meydan.tv\/az\/wp-json\/wp\/v2\/media?parent=296374"}],"wp:term":[{"taxonomy":"category","embeddable":true,"href":"https:\/\/www.meydan.tv\/az\/wp-json\/wp\/v2\/categories?post=296374"},{"taxonomy":"post_tag","embeddable":true,"href":"https:\/\/www.meydan.tv\/az\/wp-json\/wp\/v2\/tags?post=296374"}],"curies":[{"name":"wp","href":"https:\/\/api.w.org\/{rel}","templated":true}]}}