{"id":296370,"date":"2024-01-28T19:49:44","date_gmt":"2024-01-28T15:49:44","guid":{"rendered":"https:\/\/www.meydan.tv\/?p=296370"},"modified":"2024-01-28T19:49:47","modified_gmt":"2024-01-28T15:49:47","slug":"bas-prokurorluq-dem-qazindan-zeherlenme-ve-olum-hallarinda-artim-var","status":"publish","type":"post","link":"https:\/\/www.meydan.tv\/az\/article\/bas-prokurorluq-dem-qazindan-zeherlenme-ve-olum-hallarinda-artim-var\/","title":{"rendered":"Ba\u015f Prokurorluq: D\u0259m qaz\u0131ndan z\u0259h\u0259rl\u0259nm\u0259 v\u0259 \u00f6l\u00fcm hallar\u0131nda art\u0131m var"},"content":{"rendered":"\n<p><\/p>\n\n\n\n<p>\u00a0<strong><em>T\u0259kc\u0259 son 1 h\u0259ft\u0259d\u0259 6 n\u0259f\u0259r d\u0259m qaz\u0131ndan h\u0259yat\u0131n\u0131 itirib<\/em><\/strong><\/p>\n\n\n\n<p>2024-c\u00fc ilin yanvar ay\u0131 \u0259rzind\u0259 d\u0259m qaz\u0131ndan z\u0259h\u0259rl\u0259nm\u0259 v\u0259 \u00f6l\u00fcm hallar\u0131 art\u0131b. Bu bar\u0259d\u0259 Ba\u015f Prokurorlu\u011fun m\u0259tbuat xidm\u0259ti m\u0259lumat yay\u0131b.<\/p>\n\n\n\n<p>T\u0259kc\u0259 son bir h\u0259ft\u0259d\u0259 G\u00f6yg\u00f6ld\u0259 Minay\u0259 M\u0259mm\u0259dova v\u0259 q\u0131z\u0131 Ayg\u00fcn M\u0259mm\u0259dova, L\u0259nk\u0259randa Murad C\u0259f\u0259rov v\u0259 h\u0259yat yolda\u015f\u0131 B\u0259n\u00f6v\u015f\u0259 C\u0259f\u0259rova, Bak\u0131da is\u0259 \u018fli v\u0259 S\u0259rxan H\u0259s\u0259nov qarda\u015flar\u0131 d\u0259m qaz\u0131ndan bo\u011fulub.<\/p>\n\n\n\n<p>Ba\u015f Prokurorluqdan bildirilib ki, \u00f6l\u00fcml\u0259 n\u0259tic\u0259l\u0259n\u0259n v\u0259 d\u0259m qaz\u0131ndan dig\u0259r z\u0259h\u0259rl\u0259nm\u0259 hallar\u0131yla ba\u011fl\u0131 hadis\u0259l\u0259rin ba\u015f verdiyi \u0259razil\u0259r \u00fczr\u0259 rayon prokurorluqlar\u0131nda cinay\u0259t i\u015fl\u0259ri ba\u015flan\u0131b, ara\u015fd\u0131rmalar apar\u0131l\u0131r.<\/p>\n\n\n<div class=\"wp-block-image\">\n<figure class=\"alignright size-large is-resized\"><img decoding=\"async\" width=\"1200\" height=\"668\" data-src=\"https:\/\/www.meydan.tv\/wp-content\/uploads\/screenshot-at-aug-10-14-51-49-1200x668.png\" alt=\"\" class=\"wp-image-252941 lazyload\" style=\"--smush-placeholder-width: 1200px; --smush-placeholder-aspect-ratio: 1200\/668;width:384px;height:auto\" src=\"data:image\/svg+xml;base64,PHN2ZyB3aWR0aD0iMSIgaGVpZ2h0PSIxIiB4bWxucz0iaHR0cDovL3d3dy53My5vcmcvMjAwMC9zdmciPjwvc3ZnPg==\" \/><figcaption class=\"wp-element-caption\">Ba\u015f Prokurorluq. Foto: Meydan TV<\/figcaption><\/figure>\n<\/div>\n\n\n<p>Yanvar\u0131n 25-d\u0259 meyitl\u0259ri tap\u0131lm\u0131\u015f ADA Universitetinin h\u00fcquq fak\u00fclt\u0259sinin 4-c\u00fc kurs t\u0259l\u0259b\u0259si, 22 ya\u015fl\u0131 S\u0259rxan H\u0259s\u0259nov v\u0259 qarda\u015f\u0131, 23 ya\u015fl\u0131 \u018fli H\u0259s\u0259novun \u00f6l\u00fcm\u00fcyl\u0259 ba\u011fl\u0131 da N\u0259rimanov rayon Prokurorlu\u011funda Cinay\u0259t M\u0259c\u0259ll\u0259sinin 314.3-c\u00fc (s\u0259hl\u0259nkarl\u0131q, iki v\u0259 daha \u00e7ox \u015f\u0259xsin \u00f6l\u00fcm\u00fcn\u0259 s\u0259b\u0259b olduqda) madd\u0259sil\u0259 cinay\u0259t i\u015fi ba\u015flan\u0131b.<\/p>\n\n\n\n<p>\u201c<em>Hava \u015f\u0259raitinin qeyri-sabit olmas\u0131yla ba\u011fl\u0131 istehlak\u00e7\u0131lar t\u0259r\u0259find\u0259n qazdan istifad\u0259 qaydalar\u0131na \u0259m\u0259l olunmamas\u0131, \u015f\u0259b\u0259k\u0259y\u0259 qo\u015fulmu\u015f avadanl\u0131qlar\u0131n istismar\u0131na d\u00fczg\u00fcn n\u0259zar\u0259t olunmamas\u0131 n\u0259tic\u0259sind\u0259 2024-c\u00fc ilin yanvar ay\u0131 \u0259rzind\u0259 d\u0259m qaz\u0131ndan z\u0259h\u0259rl\u0259nm\u0259 v\u0259 \u00f6l\u00fcm hallar\u0131nda art\u0131m m\u00fc\u015fahid\u0259 edilib.<\/em><\/p>\n\n\n\n<p><em>Hadis\u0259l\u0259rin ba\u015f verm\u0259 s\u0259b\u0259bl\u0259ri h\u0259rt\u0259r\u0259fli, tam v\u0259 obyektiv ara\u015fd\u0131r\u0131lmaqla, m\u00fcvafiq t\u0259dbirl\u0259rin g\u00f6r\u00fclm\u0259si t\u0259min edil\u0259c\u0259k\u201d, &#8211; <\/em>Ba\u015f Prokurorluqdan bildirilib.<\/p>\n","protected":false},"excerpt":{"rendered":"<p>\u00a0T\u0259kc\u0259 son 1 h\u0259ft\u0259d\u0259 6 n\u0259f\u0259r d\u0259m qaz\u0131ndan h\u0259yat\u0131n\u0131 itirib &#8230; <\/p>\n<p class=\"read-more-container\"><a title=\"Ba\u015f Prokurorluq: D\u0259m qaz\u0131ndan z\u0259h\u0259rl\u0259nm\u0259 v\u0259 \u00f6l\u00fcm hallar\u0131nda art\u0131m var\" class=\"read-more button\" href=\"https:\/\/www.meydan.tv\/az\/article\/bas-prokurorluq-dem-qazindan-zeherlenme-ve-olum-hallarinda-artim-var\/#more-296370\" aria-label=\"Read more about Ba\u015f Prokurorluq: D\u0259m qaz\u0131ndan z\u0259h\u0259rl\u0259nm\u0259 v\u0259 \u00f6l\u00fcm hallar\u0131nda art\u0131m var\">Davam\u0131<\/a><\/p>\n","protected":false},"author":8,"featured_media":265257,"comment_status":"closed","ping_status":"closed","sticky":false,"template":"","format":"standard","meta":{"_acf_changed":false,"_sitemap_exclude":false,"_sitemap_priority":"","_sitemap_frequency":"","footnotes":""},"categories":[62,79,56],"tags":[],"class_list":["post-296370","post","type-post","status-publish","format-standard","has-post-thumbnail","hentry","category-sosial","category-featured","category-xeberler","infinite-scroll-item","generate-columns","tablet-grid-50","mobile-grid-100","grid-parent","grid-33","no-featured-image-padding"],"acf":[],"yoast_head":"<!-- This site is optimized with the Yoast SEO plugin v27.5 - https:\/\/yoast.com\/product\/yoast-seo-wordpress\/ -->\n<title>Ba\u015f Prokurorluq: D\u0259m qaz\u0131ndan z\u0259h\u0259rl\u0259nm\u0259 v\u0259 \u00f6l\u00fcm hallar\u0131nda art\u0131m var - MEYDAN.TV<\/title>\n<meta name=\"robots\" content=\"index, follow, max-snippet:-1, max-image-preview:large, max-video-preview:-1\" \/>\n<link rel=\"canonical\" href=\"https:\/\/www.meydan.tv\/az\/article\/bas-prokurorluq-dem-qazindan-zeherlenme-ve-olum-hallarinda-artim-var\/\" \/>\n<meta property=\"og:locale\" content=\"az_AZ\" \/>\n<meta property=\"og:type\" content=\"article\" \/>\n<meta property=\"og:title\" content=\"Ba\u015f Prokurorluq: D\u0259m qaz\u0131ndan z\u0259h\u0259rl\u0259nm\u0259 v\u0259 \u00f6l\u00fcm hallar\u0131nda art\u0131m var - MEYDAN.TV\" \/>\n<meta property=\"og:description\" content=\"\u00a0T\u0259kc\u0259 son 1 h\u0259ft\u0259d\u0259 6 n\u0259f\u0259r d\u0259m qaz\u0131ndan h\u0259yat\u0131n\u0131 itirib ... Davam\u0131\" \/>\n<meta property=\"og:url\" content=\"https:\/\/www.meydan.tv\/az\/article\/bas-prokurorluq-dem-qazindan-zeherlenme-ve-olum-hallarinda-artim-var\/\" \/>\n<meta property=\"og:site_name\" content=\"MEYDAN.TV\" \/>\n<meta property=\"article:published_time\" content=\"2024-01-28T15:49:44+00:00\" \/>\n<meta property=\"article:modified_time\" content=\"2024-01-28T15:49:47+00:00\" \/>\n<meta property=\"og:image\" content=\"https:\/\/www.meydan.tv\/wp-content\/uploads\/00dem-qaz2i.jpg\" \/>\n\t<meta property=\"og:image:width\" content=\"1200\" \/>\n\t<meta property=\"og:image:height\" content=\"750\" \/>\n\t<meta property=\"og:image:type\" content=\"image\/jpeg\" \/>\n<meta name=\"author\" content=\"elli\" \/>\n<meta name=\"twitter:card\" content=\"summary_large_image\" \/>\n<meta name=\"twitter:creator\" content=\"@elli\" \/>\n<script type=\"application\/ld+json\" class=\"yoast-schema-graph\">{\"@context\":\"https:\\\/\\\/schema.org\",\"@graph\":[{\"@type\":\"Article\",\"@id\":\"https:\\\/\\\/www.meydan.tv\\\/az\\\/article\\\/bas-prokurorluq-dem-qazindan-zeherlenme-ve-olum-hallarinda-artim-var\\\/#article\",\"isPartOf\":{\"@id\":\"https:\\\/\\\/www.meydan.tv\\\/az\\\/article\\\/bas-prokurorluq-dem-qazindan-zeherlenme-ve-olum-hallarinda-artim-var\\\/\"},\"author\":{\"name\":\"elli\",\"@id\":\"https:\\\/\\\/www.meydan.tv\\\/az\\\/#\\\/schema\\\/person\\\/9cdbecf90d17180ce1dfbd95b08dcf47\"},\"headline\":\"Ba\u015f Prokurorluq: D\u0259m qaz\u0131ndan z\u0259h\u0259rl\u0259nm\u0259 v\u0259 \u00f6l\u00fcm hallar\u0131nda art\u0131m var\",\"datePublished\":\"2024-01-28T15:49:44+00:00\",\"dateModified\":\"2024-01-28T15:49:47+00:00\",\"mainEntityOfPage\":{\"@id\":\"https:\\\/\\\/www.meydan.tv\\\/az\\\/article\\\/bas-prokurorluq-dem-qazindan-zeherlenme-ve-olum-hallarinda-artim-var\\\/\"},\"wordCount\":360,\"publisher\":{\"@id\":\"https:\\\/\\\/www.meydan.tv\\\/az\\\/#organization\"},\"image\":{\"@id\":\"https:\\\/\\\/www.meydan.tv\\\/az\\\/article\\\/bas-prokurorluq-dem-qazindan-zeherlenme-ve-olum-hallarinda-artim-var\\\/#primaryimage\"},\"thumbnailUrl\":\"https:\\\/\\\/www.meydan.tv\\\/wp-content\\\/uploads\\\/00dem-qaz2i.jpg\",\"articleSection\":[\"Sosial\",\"T\u00f6vsiy\u0259\",\"X\u0259b\u0259rl\u0259r\"],\"inLanguage\":\"az\"},{\"@type\":\"WebPage\",\"@id\":\"https:\\\/\\\/www.meydan.tv\\\/az\\\/article\\\/bas-prokurorluq-dem-qazindan-zeherlenme-ve-olum-hallarinda-artim-var\\\/\",\"url\":\"https:\\\/\\\/www.meydan.tv\\\/az\\\/article\\\/bas-prokurorluq-dem-qazindan-zeherlenme-ve-olum-hallarinda-artim-var\\\/\",\"name\":\"Ba\u015f Prokurorluq: D\u0259m qaz\u0131ndan z\u0259h\u0259rl\u0259nm\u0259 v\u0259 \u00f6l\u00fcm hallar\u0131nda art\u0131m var - MEYDAN.TV\",\"isPartOf\":{\"@id\":\"https:\\\/\\\/www.meydan.tv\\\/az\\\/#website\"},\"primaryImageOfPage\":{\"@id\":\"https:\\\/\\\/www.meydan.tv\\\/az\\\/article\\\/bas-prokurorluq-dem-qazindan-zeherlenme-ve-olum-hallarinda-artim-var\\\/#primaryimage\"},\"image\":{\"@id\":\"https:\\\/\\\/www.meydan.tv\\\/az\\\/article\\\/bas-prokurorluq-dem-qazindan-zeherlenme-ve-olum-hallarinda-artim-var\\\/#primaryimage\"},\"thumbnailUrl\":\"https:\\\/\\\/www.meydan.tv\\\/wp-content\\\/uploads\\\/00dem-qaz2i.jpg\",\"datePublished\":\"2024-01-28T15:49:44+00:00\",\"dateModified\":\"2024-01-28T15:49:47+00:00\",\"breadcrumb\":{\"@id\":\"https:\\\/\\\/www.meydan.tv\\\/az\\\/article\\\/bas-prokurorluq-dem-qazindan-zeherlenme-ve-olum-hallarinda-artim-var\\\/#breadcrumb\"},\"inLanguage\":\"az\",\"potentialAction\":[{\"@type\":\"ReadAction\",\"target\":[\"https:\\\/\\\/www.meydan.tv\\\/az\\\/article\\\/bas-prokurorluq-dem-qazindan-zeherlenme-ve-olum-hallarinda-artim-var\\\/\"]}]},{\"@type\":\"ImageObject\",\"inLanguage\":\"az\",\"@id\":\"https:\\\/\\\/www.meydan.tv\\\/az\\\/article\\\/bas-prokurorluq-dem-qazindan-zeherlenme-ve-olum-hallarinda-artim-var\\\/#primaryimage\",\"url\":\"https:\\\/\\\/www.meydan.tv\\\/wp-content\\\/uploads\\\/00dem-qaz2i.jpg\",\"contentUrl\":\"https:\\\/\\\/www.meydan.tv\\\/wp-content\\\/uploads\\\/00dem-qaz2i.jpg\",\"width\":1200,\"height\":750,\"caption\":\"D\u0259m qaz\u0131. M\u0259nb\u0259: \\\"saglamolun.az\\\"\"},{\"@type\":\"BreadcrumbList\",\"@id\":\"https:\\\/\\\/www.meydan.tv\\\/az\\\/article\\\/bas-prokurorluq-dem-qazindan-zeherlenme-ve-olum-hallarinda-artim-var\\\/#breadcrumb\",\"itemListElement\":[{\"@type\":\"ListItem\",\"position\":1,\"name\":\"Ana s\u0259hif\u0259\",\"item\":\"https:\\\/\\\/www.meydan.tv\\\/az\\\/\"},{\"@type\":\"ListItem\",\"position\":2,\"name\":\"Sosial\",\"item\":\"https:\\\/\\\/www.meydan.tv\\\/az\\\/section\\\/sosial\\\/\"},{\"@type\":\"ListItem\",\"position\":3,\"name\":\"Ba\u015f Prokurorluq: D\u0259m qaz\u0131ndan z\u0259h\u0259rl\u0259nm\u0259 v\u0259 \u00f6l\u00fcm hallar\u0131nda art\u0131m var\"}]},{\"@type\":\"WebSite\",\"@id\":\"https:\\\/\\\/www.meydan.tv\\\/az\\\/#website\",\"url\":\"https:\\\/\\\/www.meydan.tv\\\/az\\\/\",\"name\":\"MEYDAN.TV\",\"description\":\"Meydan TV Az\u0259rbaycan\u0131n media m\u0259kan\u0131ndak\u0131 alternativ s\u0259sidir\",\"publisher\":{\"@id\":\"https:\\\/\\\/www.meydan.tv\\\/az\\\/#organization\"},\"potentialAction\":[{\"@type\":\"SearchAction\",\"target\":{\"@type\":\"EntryPoint\",\"urlTemplate\":\"https:\\\/\\\/www.meydan.tv\\\/az\\\/?s={search_term_string}\"},\"query-input\":{\"@type\":\"PropertyValueSpecification\",\"valueRequired\":true,\"valueName\":\"search_term_string\"}}],\"inLanguage\":\"az\"},{\"@type\":\"Organization\",\"@id\":\"https:\\\/\\\/www.meydan.tv\\\/az\\\/#organization\",\"name\":\"Meydan TV\",\"url\":\"https:\\\/\\\/www.meydan.tv\\\/az\\\/\",\"logo\":{\"@type\":\"ImageObject\",\"inLanguage\":\"az\",\"@id\":\"https:\\\/\\\/www.meydan.tv\\\/az\\\/#\\\/schema\\\/logo\\\/image\\\/\",\"url\":\"https:\\\/\\\/www.meydan.tv\\\/wp-content\\\/uploads\\\/2021\\\/07\\\/meydan-logo.svg\",\"contentUrl\":\"https:\\\/\\\/www.meydan.tv\\\/wp-content\\\/uploads\\\/2021\\\/07\\\/meydan-logo.svg\",\"width\":195,\"height\":46,\"caption\":\"Meydan TV\"},\"image\":{\"@id\":\"https:\\\/\\\/www.meydan.tv\\\/az\\\/#\\\/schema\\\/logo\\\/image\\\/\"}},{\"@type\":\"Person\",\"@id\":\"https:\\\/\\\/www.meydan.tv\\\/az\\\/#\\\/schema\\\/person\\\/9cdbecf90d17180ce1dfbd95b08dcf47\",\"name\":\"elli\",\"sameAs\":[\"https:\\\/\\\/x.com\\\/elli\"]}]}<\/script>\n<!-- \/ Yoast SEO plugin. -->","yoast_head_json":{"title":"Ba\u015f Prokurorluq: D\u0259m qaz\u0131ndan z\u0259h\u0259rl\u0259nm\u0259 v\u0259 \u00f6l\u00fcm hallar\u0131nda art\u0131m var - MEYDAN.TV","robots":{"index":"index","follow":"follow","max-snippet":"max-snippet:-1","max-image-preview":"max-image-preview:large","max-video-preview":"max-video-preview:-1"},"canonical":"https:\/\/www.meydan.tv\/az\/article\/bas-prokurorluq-dem-qazindan-zeherlenme-ve-olum-hallarinda-artim-var\/","og_locale":"az_AZ","og_type":"article","og_title":"Ba\u015f Prokurorluq: D\u0259m qaz\u0131ndan z\u0259h\u0259rl\u0259nm\u0259 v\u0259 \u00f6l\u00fcm hallar\u0131nda art\u0131m var - MEYDAN.TV","og_description":"\u00a0T\u0259kc\u0259 son 1 h\u0259ft\u0259d\u0259 6 n\u0259f\u0259r d\u0259m qaz\u0131ndan h\u0259yat\u0131n\u0131 itirib ... Davam\u0131","og_url":"https:\/\/www.meydan.tv\/az\/article\/bas-prokurorluq-dem-qazindan-zeherlenme-ve-olum-hallarinda-artim-var\/","og_site_name":"MEYDAN.TV","article_published_time":"2024-01-28T15:49:44+00:00","article_modified_time":"2024-01-28T15:49:47+00:00","og_image":[{"width":1200,"height":750,"url":"https:\/\/www.meydan.tv\/wp-content\/uploads\/00dem-qaz2i.jpg","type":"image\/jpeg"}],"author":"elli","twitter_card":"summary_large_image","twitter_creator":"@elli","schema":{"@context":"https:\/\/schema.org","@graph":[{"@type":"Article","@id":"https:\/\/www.meydan.tv\/az\/article\/bas-prokurorluq-dem-qazindan-zeherlenme-ve-olum-hallarinda-artim-var\/#article","isPartOf":{"@id":"https:\/\/www.meydan.tv\/az\/article\/bas-prokurorluq-dem-qazindan-zeherlenme-ve-olum-hallarinda-artim-var\/"},"author":{"name":"elli","@id":"https:\/\/www.meydan.tv\/az\/#\/schema\/person\/9cdbecf90d17180ce1dfbd95b08dcf47"},"headline":"Ba\u015f Prokurorluq: D\u0259m qaz\u0131ndan z\u0259h\u0259rl\u0259nm\u0259 v\u0259 \u00f6l\u00fcm hallar\u0131nda art\u0131m var","datePublished":"2024-01-28T15:49:44+00:00","dateModified":"2024-01-28T15:49:47+00:00","mainEntityOfPage":{"@id":"https:\/\/www.meydan.tv\/az\/article\/bas-prokurorluq-dem-qazindan-zeherlenme-ve-olum-hallarinda-artim-var\/"},"wordCount":360,"publisher":{"@id":"https:\/\/www.meydan.tv\/az\/#organization"},"image":{"@id":"https:\/\/www.meydan.tv\/az\/article\/bas-prokurorluq-dem-qazindan-zeherlenme-ve-olum-hallarinda-artim-var\/#primaryimage"},"thumbnailUrl":"https:\/\/www.meydan.tv\/wp-content\/uploads\/00dem-qaz2i.jpg","articleSection":["Sosial","T\u00f6vsiy\u0259","X\u0259b\u0259rl\u0259r"],"inLanguage":"az"},{"@type":"WebPage","@id":"https:\/\/www.meydan.tv\/az\/article\/bas-prokurorluq-dem-qazindan-zeherlenme-ve-olum-hallarinda-artim-var\/","url":"https:\/\/www.meydan.tv\/az\/article\/bas-prokurorluq-dem-qazindan-zeherlenme-ve-olum-hallarinda-artim-var\/","name":"Ba\u015f Prokurorluq: D\u0259m qaz\u0131ndan z\u0259h\u0259rl\u0259nm\u0259 v\u0259 \u00f6l\u00fcm hallar\u0131nda art\u0131m var - MEYDAN.TV","isPartOf":{"@id":"https:\/\/www.meydan.tv\/az\/#website"},"primaryImageOfPage":{"@id":"https:\/\/www.meydan.tv\/az\/article\/bas-prokurorluq-dem-qazindan-zeherlenme-ve-olum-hallarinda-artim-var\/#primaryimage"},"image":{"@id":"https:\/\/www.meydan.tv\/az\/article\/bas-prokurorluq-dem-qazindan-zeherlenme-ve-olum-hallarinda-artim-var\/#primaryimage"},"thumbnailUrl":"https:\/\/www.meydan.tv\/wp-content\/uploads\/00dem-qaz2i.jpg","datePublished":"2024-01-28T15:49:44+00:00","dateModified":"2024-01-28T15:49:47+00:00","breadcrumb":{"@id":"https:\/\/www.meydan.tv\/az\/article\/bas-prokurorluq-dem-qazindan-zeherlenme-ve-olum-hallarinda-artim-var\/#breadcrumb"},"inLanguage":"az","potentialAction":[{"@type":"ReadAction","target":["https:\/\/www.meydan.tv\/az\/article\/bas-prokurorluq-dem-qazindan-zeherlenme-ve-olum-hallarinda-artim-var\/"]}]},{"@type":"ImageObject","inLanguage":"az","@id":"https:\/\/www.meydan.tv\/az\/article\/bas-prokurorluq-dem-qazindan-zeherlenme-ve-olum-hallarinda-artim-var\/#primaryimage","url":"https:\/\/www.meydan.tv\/wp-content\/uploads\/00dem-qaz2i.jpg","contentUrl":"https:\/\/www.meydan.tv\/wp-content\/uploads\/00dem-qaz2i.jpg","width":1200,"height":750,"caption":"D\u0259m qaz\u0131. M\u0259nb\u0259: \"saglamolun.az\""},{"@type":"BreadcrumbList","@id":"https:\/\/www.meydan.tv\/az\/article\/bas-prokurorluq-dem-qazindan-zeherlenme-ve-olum-hallarinda-artim-var\/#breadcrumb","itemListElement":[{"@type":"ListItem","position":1,"name":"Ana s\u0259hif\u0259","item":"https:\/\/www.meydan.tv\/az\/"},{"@type":"ListItem","position":2,"name":"Sosial","item":"https:\/\/www.meydan.tv\/az\/section\/sosial\/"},{"@type":"ListItem","position":3,"name":"Ba\u015f Prokurorluq: D\u0259m qaz\u0131ndan z\u0259h\u0259rl\u0259nm\u0259 v\u0259 \u00f6l\u00fcm hallar\u0131nda art\u0131m var"}]},{"@type":"WebSite","@id":"https:\/\/www.meydan.tv\/az\/#website","url":"https:\/\/www.meydan.tv\/az\/","name":"MEYDAN.TV","description":"Meydan TV Az\u0259rbaycan\u0131n media m\u0259kan\u0131ndak\u0131 alternativ s\u0259sidir","publisher":{"@id":"https:\/\/www.meydan.tv\/az\/#organization"},"potentialAction":[{"@type":"SearchAction","target":{"@type":"EntryPoint","urlTemplate":"https:\/\/www.meydan.tv\/az\/?s={search_term_string}"},"query-input":{"@type":"PropertyValueSpecification","valueRequired":true,"valueName":"search_term_string"}}],"inLanguage":"az"},{"@type":"Organization","@id":"https:\/\/www.meydan.tv\/az\/#organization","name":"Meydan TV","url":"https:\/\/www.meydan.tv\/az\/","logo":{"@type":"ImageObject","inLanguage":"az","@id":"https:\/\/www.meydan.tv\/az\/#\/schema\/logo\/image\/","url":"https:\/\/www.meydan.tv\/wp-content\/uploads\/2021\/07\/meydan-logo.svg","contentUrl":"https:\/\/www.meydan.tv\/wp-content\/uploads\/2021\/07\/meydan-logo.svg","width":195,"height":46,"caption":"Meydan TV"},"image":{"@id":"https:\/\/www.meydan.tv\/az\/#\/schema\/logo\/image\/"}},{"@type":"Person","@id":"https:\/\/www.meydan.tv\/az\/#\/schema\/person\/9cdbecf90d17180ce1dfbd95b08dcf47","name":"elli","sameAs":["https:\/\/x.com\/elli"]}]}},"_links":{"self":[{"href":"https:\/\/www.meydan.tv\/az\/wp-json\/wp\/v2\/posts\/296370","targetHints":{"allow":["GET"]}}],"collection":[{"href":"https:\/\/www.meydan.tv\/az\/wp-json\/wp\/v2\/posts"}],"about":[{"href":"https:\/\/www.meydan.tv\/az\/wp-json\/wp\/v2\/types\/post"}],"author":[{"embeddable":true,"href":"https:\/\/www.meydan.tv\/az\/wp-json\/wp\/v2\/users\/8"}],"replies":[{"embeddable":true,"href":"https:\/\/www.meydan.tv\/az\/wp-json\/wp\/v2\/comments?post=296370"}],"version-history":[{"count":1,"href":"https:\/\/www.meydan.tv\/az\/wp-json\/wp\/v2\/posts\/296370\/revisions"}],"predecessor-version":[{"id":296371,"href":"https:\/\/www.meydan.tv\/az\/wp-json\/wp\/v2\/posts\/296370\/revisions\/296371"}],"wp:featuredmedia":[{"embeddable":true,"href":"https:\/\/www.meydan.tv\/az\/wp-json\/wp\/v2\/media\/265257"}],"wp:attachment":[{"href":"https:\/\/www.meydan.tv\/az\/wp-json\/wp\/v2\/media?parent=296370"}],"wp:term":[{"taxonomy":"category","embeddable":true,"href":"https:\/\/www.meydan.tv\/az\/wp-json\/wp\/v2\/categories?post=296370"},{"taxonomy":"post_tag","embeddable":true,"href":"https:\/\/www.meydan.tv\/az\/wp-json\/wp\/v2\/tags?post=296370"}],"curies":[{"name":"wp","href":"https:\/\/api.w.org\/{rel}","templated":true}]}}