{"id":296368,"date":"2024-01-28T19:43:40","date_gmt":"2024-01-28T15:43:40","guid":{"rendered":"https:\/\/www.meydan.tv\/?p=296368"},"modified":"2024-01-28T19:43:43","modified_gmt":"2024-01-28T15:43:43","slug":"qizimin-olumuyle-bagli-is-baglanmayib-bu-adami-prokurorluqda-yeni-vezifeye-gonderibler","status":"publish","type":"post","link":"https:\/\/www.meydan.tv\/az\/article\/qizimin-olumuyle-bagli-is-baglanmayib-bu-adami-prokurorluqda-yeni-vezifeye-gonderibler\/","title":{"rendered":"\u201cQ\u0131z\u0131m\u0131n \u00f6l\u00fcm\u00fcyl\u0259 ba\u011fl\u0131 i\u015f ba\u011flanmay\u0131b, bu adam\u0131 prokurorluqda yeni v\u0259zif\u0259y\u0259 g\u00f6nd\u0259ribl\u0259r\u201d"},"content":{"rendered":"\n<p><\/p>\n\n\n\n<p><em><strong>Natiq Aslanov: \u201cBa\u015f prokurorun q\u0259buluna d\u00fc\u015f\u0259 bilmir\u0259m, bu i\u015fin arxas\u0131nda kiml\u0259r durur, bilinmir\u201d<\/strong><\/em><\/p>\n\n\n\n<p>Goranboy rayonunun D\u00fczq\u0131\u015flaq k\u0259nd sakini Natiq Aslanov gileyl\u0259nir ki, q\u0131z\u0131n\u0131n \u00f6l\u00fcm\u00fcnd\u0259n yar\u0131m ild\u0259n \u00e7ox vaxt ke\u00e7m\u0259sin\u0259 baxmayaraq, bu hadis\u0259d\u0259 m\u0259suliyy\u0259ti olanlar\u0131n he\u00e7 biri c\u0259zaland\u0131r\u0131lmay\u0131b. Onun s\u00f6zl\u0259rin\u0259 g\u00f6r\u0259, \u0259ksin\u0259, bu hadis\u0259d\u0259 birba\u015fa rolu olan m\u00fcst\u0259ntiq\u0259 yeni v\u0259zif\u0259 verilib.<\/p>\n\n\n\n<p><strong>\u201c\u018fg\u0259r he\u00e7 kimi c\u0259zaland\u0131rmaq fikriniz yoxdursa, q\u0259rar\u0131 verin&#8230;\u201d<\/strong><\/p>\n\n\n\n<p>Natiq Aslanov 2023-c\u00fc il iyulun 19-da Ming\u0259\u00e7evir \u015e\u0259h\u0259r Prokurorlu\u011funun binas\u0131ndan d\u00fc\u015f\u0259n 32 ya\u015fl\u0131 Tural\u0259 Aslanovan\u0131n atas\u0131d\u0131r. Bu hadis\u0259 il\u0259 \u0259laq\u0259dar Cinay\u0259t M\u0259c\u0259ll\u0259sinin 125-ci (\u00f6z\u00fcn\u00fc \u00f6ld\u00fcrm\u0259 h\u0259ddin\u0259 \u00e7atd\u0131rma) madd\u0259sil\u0259 cinay\u0259t i\u015fi ba\u015flan\u0131b v\u0259 ara\u015fd\u0131rmalar Ba\u015f Prokurorlu\u011fun \u0130stintaq \u0130dar\u0259sin\u0259 h\u0259val\u0259 olunub.<\/p>\n\n\n\n<p>\u201c<em>M\u0259n\u0259 ancaq onu deyirl\u0259r ki, \u201cistintaq gedir\u201d. Ortada is\u0259 he\u00e7 bir n\u0259tic\u0259 yoxdur. Halbuki, q\u0131z\u0131m\u0131n \u00f6l\u00fcm\u00fcn\u0259 s\u0259b\u0259b olanlar\u0131 c\u0259zaland\u0131rmaq ist\u0259s\u0259l\u0259r, he\u00e7 d\u0259rin ara\u015fd\u0131rmaya ehtiyac yoxdur. \u00c7\u00fcnki h\u0259r \u015fey g\u00f6z qaba\u011f\u0131ndad\u0131r. Ya\u015fl\u0131 adamam, ne\u00e7\u0259 d\u0259f\u0259 bu i\u015f\u0259 g\u00f6r\u0259 Bak\u0131ya gedib-g\u0259lmi\u015f\u0259m. Tural m\u00fc\u0259llim\u0259 (Ba\u015f Prokurorlu\u011fun \u0130stintaq \u0130dar\u0259sind\u0259 bu cinay\u0259t i\u015finin istintaq\u0131n\u0131 aparan m\u00fcst\u0259ntiq-red.) d\u0259 deyir\u0259m ki, \u0259g\u0259r he\u00e7 kimi c\u0259zaland\u0131rmaq fikriniz yoxdursa, onda q\u0259rar\u0131 verin m\u0259n\u0259, i\u015fimi bilim. Deyir ki, K\u0259mal\u0259 il\u0259 ba\u011fl\u0131 istintaq davam edir, ona g\u00f6r\u0259 bu i\u015fi yekunla\u015fd\u0131rmaq m\u00fcmk\u00fcn deyil\u201d,<\/em> &#8211; Natiq Aslanov Meydan TV-y\u0259 dan\u0131\u015f\u0131r.<\/p>\n\n\n\n<p><strong>\u201cM\u00fcst\u0259ntiq q\u0131z\u0131m\u0131 biab\u0131r el\u0259m\u0259kl\u0259 h\u0259d\u0259l\u0259mi\u015fdi\u201d<\/strong><\/p>\n\n\n\n<p>Ata deyir ki, q\u0131z\u0131n\u0131n \u00f6l\u00fcm\u00fcnd\u0259 birba\u015fa m\u0259suliyy\u0259ti olan Zaur Tarverdiyev\u0259 yeni v\u0259zif\u0259 verilm\u0259si ona \u00e7ox pis t\u0259sir edib. Bug\u00fcnl\u0259rd\u0259 bu bar\u0259d\u0259 m\u0259lumat alan kimi, d\u0259rhal Bak\u0131ya \u2013 i\u015fi aparan m\u00fcst\u0259ntiqin yan\u0131na g\u0259lib, Ba\u015f Prokurorlu\u011fa m\u0259ktub g\u00f6nd\u0259rib.<br>Zaur Tarverdiyev hadis\u0259 vaxt\u0131 Ming\u0259\u00e7evir \u015f\u0259h\u0259r prokurorunun k\u00f6m\u0259k\u00e7isi idi. Hadis\u0259 d\u0259 onun i\u015f ota\u011f\u0131nda ba\u015f verib.<\/p>\n\n\n\n<p>Prokurorlu\u011fun r\u0259smi m\u0259lumat\u0131na g\u00f6r\u0259, Tural\u0259 Aslanova Zaur Tarverdiyev v\u0259 v\u0259kil Emin Ki\u00e7ikb\u0259yovun yan\u0131nda \u00f6z\u00fcn\u00fc p\u0259nc\u0259r\u0259d\u0259n at\u0131b. X\u0259st\u0259xanaya \u00e7atd\u0131r\u0131lsa da, h\u0259yat\u0131n\u0131 xilas el\u0259m\u0259k m\u00fcmk\u00fcn olmay\u0131b.<\/p>\n\n\n\n<p>Hadis\u0259d\u0259n sonra Zaur Tarverdiyev v\u0259zif\u0259sind\u0259n uzaqla\u015fd\u0131r\u0131l\u0131b. Natiq Aslanov deyir ki, h\u0259tta onun \u00fcmumiyy\u0259tl\u0259, prokurorluqdan xaric olundu\u011funu demi\u015fdil\u0259r:<\/p>\n\n\n\n<p>\u201c<em>Bir ne\u00e7\u0259 g\u00fcn \u0259vv\u0259l e\u015fitdim ki, bu adam\u0131 yeni v\u0259zif\u0259y\u0259 t\u0259yin edibl\u0259r. \u0130ndi d\u0259 Tovuz Rayon Prokurorlu\u011funda m\u00fcst\u0259ntiqdir. Q\u0131z\u0131m\u0131n \u00f6l\u00fcm\u00fcyl\u0259 ba\u011fl\u0131 istintaq gedir, i\u015f ba\u011flanmay\u0131b, bu adam\u0131 prokurorluqda yeni v\u0259zif\u0259y\u0259 g\u00f6nd\u0259ribl\u0259r. N\u0259 oldu m\u0259n\u0259 veril\u0259n s\u00f6z? B\u0259lk\u0259 d\u0259 i\u015f ba\u011flan\u0131b, m\u0259nim x\u0259b\u0259rim yoxdur. Ba\u011flan\u0131bsa, m\u0259n\u0259 bu bar\u0259d\u0259 q\u0259rar\u0131 niy\u0259 vermirl\u0259r?\u201d.<\/em><br><\/p>\n\n\n\n<p>Natiq Aslanov m\u00fcst\u0259ntiqd\u0259n \u015fikay\u0259t\u00e7i olmas\u0131n\u0131n s\u0259b\u0259bl\u0259rini d\u0259 a\u00e7\u0131qlay\u0131b. Onun s\u00f6zl\u0259rin\u0259 g\u00f6r\u0259, Zaur Tarverdiyev Tural\u0259ni t\u0259hdid el\u0259mi\u015fdi:<\/p>\n\n\n\n<p><em>\u201cLap tutaq ki, deyildiyi kimidir, q\u0131z\u0131m \u00f6z\u00fcn\u00fc at\u0131b p\u0259nc\u0259r\u0259d\u0259n. Bu adam istintaq apar\u0131r, cinay\u0259t ara\u015fd\u0131r\u0131r. Nec\u0259 olur ki, onun g\u00f6z\u00fcn\u00fcn qaba\u011f\u0131nda o boyda adam p\u0259nc\u0259r\u0259y\u0259 qalx\u0131r, \u00f6z\u00fcn\u00fc at\u0131r, bu, he\u00e7 n\u0259 el\u0259y\u0259 bilmir? H\u0259l\u0259 \u00fcst\u0259lik, yan\u0131nda Emin adl\u0131 ba\u015fqa bir v\u0259kil d\u0259 olub. \u018fn \u0259sas\u0131, Zaur Tarverdiyev q\u0131z\u0131m\u0131 h\u0259bs el\u0259m\u0259kl\u0259, i\u015f yerin\u0259 apar\u0131b, i\u015f yolda\u015flar\u0131n\u0131n yan\u0131nda biab\u0131r el\u0259m\u0259kl\u0259 h\u0259d\u0259l\u0259mi\u015fdi&#8230;\u201d.<\/em><\/p>\n\n\n\n<p>\u201c<strong>Fa\u011f\u0131rl\u0131\u011f\u0131mdan, kas\u0131bl\u0131\u011f\u0131mdan istifad\u0259 el\u0259yib, q\u0131z\u0131m\u0131n qan\u0131n\u0131 bat\u0131ra bilm\u0259y\u0259c\u0259kl\u0259r\u201d<\/strong><\/p>\n\n\n\n<p>Natiq Aslanov deyir ki, o, Ba\u015f Prokurorlu\u011fun \u0130stintaq \u0130dar\u0259sinin r\u0259isi Nem\u0259t \u018fv\u0259zovla g\u00f6r\u00fc\u015f\u00fcb. Ba\u015f prokuror Kamran \u018fliyevin b\u00f6lg\u0259l\u0259r\u0259 s\u0259f\u0259ri zaman\u0131 onun q\u0259buluna d\u00fc\u015fm\u0259y\u0259 \u00e7al\u0131\u015fsa da, buna nail ola bilm\u0259yib.<\/p>\n\n\n\n<p><em>\u201cBa\u015f prokurorun Samuxa, Goranboya, G\u0259nc\u0259y\u0259 s\u0259f\u0259rl\u0259rind\u0259 onunla g\u00f6r\u00fc\u015fm\u0259k \u00fc\u00e7\u00fcn teleqramlar vurmu\u015fdum, amma g\u00f6r\u00fc\u015f\u0259 buraxmad\u0131lar. Niy\u0259 q\u0259bul el\u0259mirl\u0259r, bu i\u015fin arxas\u0131nda kiml\u0259r durur, bilinmir. Amma onu da bilsinl\u0259r ki, \u00f6ld\u00fc var, d\u00f6nd\u00fc yoxdur, m\u0259n geri \u00e7\u0259kil\u0259n deyil\u0259m. M\u0259nim fa\u011f\u0131rl\u0131\u011f\u0131mdan, kas\u0131bl\u0131\u011f\u0131mdan istifad\u0259 el\u0259yib, q\u0131z\u0131m\u0131n qan\u0131n\u0131 bat\u0131ra bilm\u0259y\u0259c\u0259kl\u0259r\u201d,<\/em> &#8211; Natiq Aslanov \u0259lav\u0259 edib.<\/p>\n\n\n\n<p>Tural\u0259 Aslanova Ming\u0259\u00e7evird\u0259 pasport-qeydiyyat b\u00f6lm\u0259sind\u0259 inspektor i\u015fl\u0259yib. O, Ming\u0259\u00e7evir \u015e\u0259h\u0259r Prokurorlu\u011funda istintaq\u0131 ged\u0259n 413 min manatl\u0131q d\u0259l\u0259duzluqla ba\u011fl\u0131 cinay\u0259t i\u015fi \u00fczr\u0259 bir ne\u00e7\u0259 d\u0259f\u0259 \u015fahid qismind\u0259 dindirilib. Bu cinay\u0259t i\u015find\u0259 onun i\u015f yolda\u015f\u0131 \u2013 maliyy\u0259 b\u00f6lm\u0259sinin ke\u00e7mi\u015f r\u0259isi K\u0259mal\u0259 Quliyevan\u0131n da ad\u0131 ke\u00e7ir. Hadis\u0259 g\u00fcn\u00fc d\u0259 prokurorluqda Tural\u0259 Aslanova il\u0259 K\u0259mal\u0259 Quliyeva aras\u0131nda \u00fczl\u0259\u015fm\u0259 ke\u00e7irilib. Tural\u0259 Aslanova bildirib ki, m\u00fcxt\u0259lif adamlardan s\u0259l\u0259ml\u0259 g\u00f6t\u00fcr\u00fclm\u00fc\u015f pullar\u0131 K\u0259mal\u0259 Quliyevaya verib. Bir m\u00fcdd\u0259t K\u0259mal\u0259 Quliyeva pullar\u0131n ayl\u0131q faizl\u0259rini verib, o da sahibl\u0259rin\u0259 \u00f6d\u0259yib. Lakin 2022-ci ilin avqustundan n\u0259 al\u0131nm\u0131\u015f v\u0259saitl\u0259rin \u00f6z\u00fcn\u00fc, n\u0259 d\u0259 faizini verm\u0259yib. Bu \u00fczd\u0259n pul sahibl\u0259ri \u015fikay\u0259t\u00e7i olub.<br>K\u0259mal\u0259 Quliyeva is\u0259 \u00fczl\u0259\u015fm\u0259 zaman\u0131 Tural\u0259 Aslanovan\u0131n onun \u00fcnvan\u0131na s\u0259sl\u0259ndirdiyi ittihamlara etiraz edib.<\/p>\n\n\n\n<p>Son olaraq, Daxili \u0130\u015fl\u0259r Nazirliyinin (D\u0130N) Ba\u015f Pasport Qeydiyyat v\u0259 Miqrasiya \u0130dar\u0259sinin G\u0259nc\u0259 \u015e\u0259h\u0259r \u015e\u00f6b\u0259sind\u0259 i\u015fl\u0259y\u0259n K\u0259mal\u0259 Quliyeva hadis\u0259d\u0259n sonra i\u015fd\u0259n \u00e7\u0131xar\u0131l\u0131b.<\/p>\n\n\n\n<p><strong>V\u0259kil: \u201cCinay\u0259t i\u015fin\u0259 xitam verils\u0259, onun l\u0259\u011fvi \u00fc\u00e7\u00fcn \u015fikay\u0259t ed\u0259c\u0259yik\u201d<\/strong><\/p>\n\n\n\n<p>Natiq Aslanovun n\u00fcmay\u0259nd\u0259si, v\u0259kil Zabil Q\u0259hr\u0259manov Meydan TV-y\u0259 bildirib ki, Tural\u0259 Aslanovan\u0131n \u00f6l\u00fcm fakt\u0131na g\u00f6r\u0259 Cinay\u0259t M\u0259c\u0259ll\u0259sinin 125-ci madd\u0259sil\u0259 ba\u015flanm\u0131\u015f cinay\u0259t i\u015fin\u0259 xitam verils\u0259 &#8211; m\u0259suliyy\u0259ti olanlar c\u0259zalanmasa, h\u00fcquqi m\u00fcst\u0259vid\u0259 n\u00f6vb\u0259ti add\u0131mlar atacaqlar: <\/p>\n\n\n\n<p>\u201c<em>H\u0259l\u0259 ki, xitam q\u0259rar\u0131 yoxdur. Xitam q\u0259rar\u0131 olsa, \u0259lb\u0259tt\u0259 ki, onun l\u0259\u011fvi \u00fc\u00e7\u00fcn m\u0259hk\u0259m\u0259y\u0259 \u015fikay\u0259t ed\u0259c\u0259yik\u201d.<\/em><\/p>\n\n\n\n<p>Prokurorluqdan is\u0259 Meydan TV-y\u0259 bildirilib ki, Tural\u0259 Aslanovan\u0131n intihar\u0131yla ba\u011fl\u0131 istintaq davam edir: <\/p>\n\n\n\n<p>\u201c<em>B\u00fct\u00fcn hallar tam, h\u0259rt\u0259r\u0259fli ara\u015fd\u0131r\u0131l\u0131r\u201d.<\/em><\/p>\n","protected":false},"excerpt":{"rendered":"<p>Natiq Aslanov: \u201cBa\u015f prokurorun q\u0259buluna d\u00fc\u015f\u0259 bilmir\u0259m, bu i\u015fin arxas\u0131nda &#8230; <\/p>\n<p class=\"read-more-container\"><a title=\"\u201cQ\u0131z\u0131m\u0131n \u00f6l\u00fcm\u00fcyl\u0259 ba\u011fl\u0131 i\u015f ba\u011flanmay\u0131b, bu adam\u0131 prokurorluqda yeni v\u0259zif\u0259y\u0259 g\u00f6nd\u0259ribl\u0259r\u201d\" class=\"read-more button\" href=\"https:\/\/www.meydan.tv\/az\/article\/qizimin-olumuyle-bagli-is-baglanmayib-bu-adami-prokurorluqda-yeni-vezifeye-gonderibler\/#more-296368\" aria-label=\"Read more about \u201cQ\u0131z\u0131m\u0131n \u00f6l\u00fcm\u00fcyl\u0259 ba\u011fl\u0131 i\u015f ba\u011flanmay\u0131b, bu adam\u0131 prokurorluqda yeni v\u0259zif\u0259y\u0259 g\u00f6nd\u0259ribl\u0259r\u201d\">Davam\u0131<\/a><\/p>\n","protected":false},"author":8,"featured_media":289303,"comment_status":"closed","ping_status":"closed","sticky":false,"template":"","format":"standard","meta":{"_acf_changed":false,"_sitemap_exclude":false,"_sitemap_priority":"","_sitemap_frequency":"","footnotes":""},"categories":[60,56],"tags":[],"class_list":["post-296368","post","type-post","status-publish","format-standard","has-post-thumbnail","hentry","category-bolge","category-xeberler","infinite-scroll-item","generate-columns","tablet-grid-50","mobile-grid-100","grid-parent","grid-33","no-featured-image-padding"],"acf":[],"yoast_head":"<!-- This site is optimized with the Yoast SEO plugin v27.4 - https:\/\/yoast.com\/product\/yoast-seo-wordpress\/ -->\n<title>\u201cQ\u0131z\u0131m\u0131n \u00f6l\u00fcm\u00fcyl\u0259 ba\u011fl\u0131 i\u015f ba\u011flanmay\u0131b, bu adam\u0131 prokurorluqda yeni v\u0259zif\u0259y\u0259 g\u00f6nd\u0259ribl\u0259r\u201d - MEYDAN.TV<\/title>\n<meta name=\"robots\" content=\"index, follow, max-snippet:-1, max-image-preview:large, max-video-preview:-1\" \/>\n<link rel=\"canonical\" href=\"https:\/\/www.meydan.tv\/az\/article\/qizimin-olumuyle-bagli-is-baglanmayib-bu-adami-prokurorluqda-yeni-vezifeye-gonderibler\/\" \/>\n<meta property=\"og:locale\" content=\"az_AZ\" \/>\n<meta property=\"og:type\" content=\"article\" \/>\n<meta property=\"og:title\" content=\"\u201cQ\u0131z\u0131m\u0131n \u00f6l\u00fcm\u00fcyl\u0259 ba\u011fl\u0131 i\u015f ba\u011flanmay\u0131b, bu adam\u0131 prokurorluqda yeni v\u0259zif\u0259y\u0259 g\u00f6nd\u0259ribl\u0259r\u201d - MEYDAN.TV\" \/>\n<meta property=\"og:description\" content=\"Natiq Aslanov: \u201cBa\u015f prokurorun q\u0259buluna d\u00fc\u015f\u0259 bilmir\u0259m, bu i\u015fin arxas\u0131nda ... Davam\u0131\" \/>\n<meta property=\"og:url\" content=\"https:\/\/www.meydan.tv\/az\/article\/qizimin-olumuyle-bagli-is-baglanmayib-bu-adami-prokurorluqda-yeni-vezifeye-gonderibler\/\" \/>\n<meta property=\"og:site_name\" content=\"MEYDAN.TV\" \/>\n<meta property=\"article:published_time\" content=\"2024-01-28T15:43:40+00:00\" \/>\n<meta property=\"article:modified_time\" content=\"2024-01-28T15:43:43+00:00\" \/>\n<meta property=\"og:image\" content=\"https:\/\/www.meydan.tv\/wp-content\/uploads\/untitled-1500-x-1000-px-19.jpg\" \/>\n\t<meta property=\"og:image:width\" content=\"1500\" \/>\n\t<meta property=\"og:image:height\" content=\"1000\" \/>\n\t<meta property=\"og:image:type\" content=\"image\/jpeg\" \/>\n<meta name=\"author\" content=\"elli\" \/>\n<meta name=\"twitter:card\" content=\"summary_large_image\" \/>\n<meta name=\"twitter:creator\" content=\"@elli\" \/>\n<script type=\"application\/ld+json\" class=\"yoast-schema-graph\">{\"@context\":\"https:\\\/\\\/schema.org\",\"@graph\":[{\"@type\":\"Article\",\"@id\":\"https:\\\/\\\/www.meydan.tv\\\/az\\\/article\\\/qizimin-olumuyle-bagli-is-baglanmayib-bu-adami-prokurorluqda-yeni-vezifeye-gonderibler\\\/#article\",\"isPartOf\":{\"@id\":\"https:\\\/\\\/www.meydan.tv\\\/az\\\/article\\\/qizimin-olumuyle-bagli-is-baglanmayib-bu-adami-prokurorluqda-yeni-vezifeye-gonderibler\\\/\"},\"author\":{\"name\":\"elli\",\"@id\":\"https:\\\/\\\/www.meydan.tv\\\/az\\\/#\\\/schema\\\/person\\\/9cdbecf90d17180ce1dfbd95b08dcf47\"},\"headline\":\"\u201cQ\u0131z\u0131m\u0131n \u00f6l\u00fcm\u00fcyl\u0259 ba\u011fl\u0131 i\u015f ba\u011flanmay\u0131b, bu adam\u0131 prokurorluqda yeni v\u0259zif\u0259y\u0259 g\u00f6nd\u0259ribl\u0259r\u201d\",\"datePublished\":\"2024-01-28T15:43:40+00:00\",\"dateModified\":\"2024-01-28T15:43:43+00:00\",\"mainEntityOfPage\":{\"@id\":\"https:\\\/\\\/www.meydan.tv\\\/az\\\/article\\\/qizimin-olumuyle-bagli-is-baglanmayib-bu-adami-prokurorluqda-yeni-vezifeye-gonderibler\\\/\"},\"wordCount\":1230,\"publisher\":{\"@id\":\"https:\\\/\\\/www.meydan.tv\\\/az\\\/#organization\"},\"image\":{\"@id\":\"https:\\\/\\\/www.meydan.tv\\\/az\\\/article\\\/qizimin-olumuyle-bagli-is-baglanmayib-bu-adami-prokurorluqda-yeni-vezifeye-gonderibler\\\/#primaryimage\"},\"thumbnailUrl\":\"https:\\\/\\\/www.meydan.tv\\\/wp-content\\\/uploads\\\/untitled-1500-x-1000-px-19.jpg\",\"articleSection\":[\"B\u00f6lg\u0259\",\"X\u0259b\u0259rl\u0259r\"],\"inLanguage\":\"az\"},{\"@type\":\"WebPage\",\"@id\":\"https:\\\/\\\/www.meydan.tv\\\/az\\\/article\\\/qizimin-olumuyle-bagli-is-baglanmayib-bu-adami-prokurorluqda-yeni-vezifeye-gonderibler\\\/\",\"url\":\"https:\\\/\\\/www.meydan.tv\\\/az\\\/article\\\/qizimin-olumuyle-bagli-is-baglanmayib-bu-adami-prokurorluqda-yeni-vezifeye-gonderibler\\\/\",\"name\":\"\u201cQ\u0131z\u0131m\u0131n \u00f6l\u00fcm\u00fcyl\u0259 ba\u011fl\u0131 i\u015f ba\u011flanmay\u0131b, bu adam\u0131 prokurorluqda yeni v\u0259zif\u0259y\u0259 g\u00f6nd\u0259ribl\u0259r\u201d - MEYDAN.TV\",\"isPartOf\":{\"@id\":\"https:\\\/\\\/www.meydan.tv\\\/az\\\/#website\"},\"primaryImageOfPage\":{\"@id\":\"https:\\\/\\\/www.meydan.tv\\\/az\\\/article\\\/qizimin-olumuyle-bagli-is-baglanmayib-bu-adami-prokurorluqda-yeni-vezifeye-gonderibler\\\/#primaryimage\"},\"image\":{\"@id\":\"https:\\\/\\\/www.meydan.tv\\\/az\\\/article\\\/qizimin-olumuyle-bagli-is-baglanmayib-bu-adami-prokurorluqda-yeni-vezifeye-gonderibler\\\/#primaryimage\"},\"thumbnailUrl\":\"https:\\\/\\\/www.meydan.tv\\\/wp-content\\\/uploads\\\/untitled-1500-x-1000-px-19.jpg\",\"datePublished\":\"2024-01-28T15:43:40+00:00\",\"dateModified\":\"2024-01-28T15:43:43+00:00\",\"breadcrumb\":{\"@id\":\"https:\\\/\\\/www.meydan.tv\\\/az\\\/article\\\/qizimin-olumuyle-bagli-is-baglanmayib-bu-adami-prokurorluqda-yeni-vezifeye-gonderibler\\\/#breadcrumb\"},\"inLanguage\":\"az\",\"potentialAction\":[{\"@type\":\"ReadAction\",\"target\":[\"https:\\\/\\\/www.meydan.tv\\\/az\\\/article\\\/qizimin-olumuyle-bagli-is-baglanmayib-bu-adami-prokurorluqda-yeni-vezifeye-gonderibler\\\/\"]}]},{\"@type\":\"ImageObject\",\"inLanguage\":\"az\",\"@id\":\"https:\\\/\\\/www.meydan.tv\\\/az\\\/article\\\/qizimin-olumuyle-bagli-is-baglanmayib-bu-adami-prokurorluqda-yeni-vezifeye-gonderibler\\\/#primaryimage\",\"url\":\"https:\\\/\\\/www.meydan.tv\\\/wp-content\\\/uploads\\\/untitled-1500-x-1000-px-19.jpg\",\"contentUrl\":\"https:\\\/\\\/www.meydan.tv\\\/wp-content\\\/uploads\\\/untitled-1500-x-1000-px-19.jpg\",\"width\":1500,\"height\":1000,\"caption\":\"Natiq Aslanov. Foto: Meydan. TV\"},{\"@type\":\"BreadcrumbList\",\"@id\":\"https:\\\/\\\/www.meydan.tv\\\/az\\\/article\\\/qizimin-olumuyle-bagli-is-baglanmayib-bu-adami-prokurorluqda-yeni-vezifeye-gonderibler\\\/#breadcrumb\",\"itemListElement\":[{\"@type\":\"ListItem\",\"position\":1,\"name\":\"Ana s\u0259hif\u0259\",\"item\":\"https:\\\/\\\/www.meydan.tv\\\/az\\\/\"},{\"@type\":\"ListItem\",\"position\":2,\"name\":\"B\u00f6lg\u0259\",\"item\":\"https:\\\/\\\/www.meydan.tv\\\/az\\\/section\\\/bolge\\\/\"},{\"@type\":\"ListItem\",\"position\":3,\"name\":\"\u201cQ\u0131z\u0131m\u0131n \u00f6l\u00fcm\u00fcyl\u0259 ba\u011fl\u0131 i\u015f ba\u011flanmay\u0131b, bu adam\u0131 prokurorluqda yeni v\u0259zif\u0259y\u0259 g\u00f6nd\u0259ribl\u0259r\u201d\"}]},{\"@type\":\"WebSite\",\"@id\":\"https:\\\/\\\/www.meydan.tv\\\/az\\\/#website\",\"url\":\"https:\\\/\\\/www.meydan.tv\\\/az\\\/\",\"name\":\"MEYDAN.TV\",\"description\":\"Meydan TV Az\u0259rbaycan\u0131n media m\u0259kan\u0131ndak\u0131 alternativ s\u0259sidir\",\"publisher\":{\"@id\":\"https:\\\/\\\/www.meydan.tv\\\/az\\\/#organization\"},\"potentialAction\":[{\"@type\":\"SearchAction\",\"target\":{\"@type\":\"EntryPoint\",\"urlTemplate\":\"https:\\\/\\\/www.meydan.tv\\\/az\\\/?s={search_term_string}\"},\"query-input\":{\"@type\":\"PropertyValueSpecification\",\"valueRequired\":true,\"valueName\":\"search_term_string\"}}],\"inLanguage\":\"az\"},{\"@type\":\"Organization\",\"@id\":\"https:\\\/\\\/www.meydan.tv\\\/az\\\/#organization\",\"name\":\"Meydan TV\",\"url\":\"https:\\\/\\\/www.meydan.tv\\\/az\\\/\",\"logo\":{\"@type\":\"ImageObject\",\"inLanguage\":\"az\",\"@id\":\"https:\\\/\\\/www.meydan.tv\\\/az\\\/#\\\/schema\\\/logo\\\/image\\\/\",\"url\":\"https:\\\/\\\/www.meydan.tv\\\/wp-content\\\/uploads\\\/2021\\\/07\\\/meydan-logo.svg\",\"contentUrl\":\"https:\\\/\\\/www.meydan.tv\\\/wp-content\\\/uploads\\\/2021\\\/07\\\/meydan-logo.svg\",\"width\":195,\"height\":46,\"caption\":\"Meydan TV\"},\"image\":{\"@id\":\"https:\\\/\\\/www.meydan.tv\\\/az\\\/#\\\/schema\\\/logo\\\/image\\\/\"}},{\"@type\":\"Person\",\"@id\":\"https:\\\/\\\/www.meydan.tv\\\/az\\\/#\\\/schema\\\/person\\\/9cdbecf90d17180ce1dfbd95b08dcf47\",\"name\":\"elli\",\"sameAs\":[\"https:\\\/\\\/x.com\\\/elli\"]}]}<\/script>\n<!-- \/ Yoast SEO plugin. -->","yoast_head_json":{"title":"\u201cQ\u0131z\u0131m\u0131n \u00f6l\u00fcm\u00fcyl\u0259 ba\u011fl\u0131 i\u015f ba\u011flanmay\u0131b, bu adam\u0131 prokurorluqda yeni v\u0259zif\u0259y\u0259 g\u00f6nd\u0259ribl\u0259r\u201d - MEYDAN.TV","robots":{"index":"index","follow":"follow","max-snippet":"max-snippet:-1","max-image-preview":"max-image-preview:large","max-video-preview":"max-video-preview:-1"},"canonical":"https:\/\/www.meydan.tv\/az\/article\/qizimin-olumuyle-bagli-is-baglanmayib-bu-adami-prokurorluqda-yeni-vezifeye-gonderibler\/","og_locale":"az_AZ","og_type":"article","og_title":"\u201cQ\u0131z\u0131m\u0131n \u00f6l\u00fcm\u00fcyl\u0259 ba\u011fl\u0131 i\u015f ba\u011flanmay\u0131b, bu adam\u0131 prokurorluqda yeni v\u0259zif\u0259y\u0259 g\u00f6nd\u0259ribl\u0259r\u201d - MEYDAN.TV","og_description":"Natiq Aslanov: \u201cBa\u015f prokurorun q\u0259buluna d\u00fc\u015f\u0259 bilmir\u0259m, bu i\u015fin arxas\u0131nda ... Davam\u0131","og_url":"https:\/\/www.meydan.tv\/az\/article\/qizimin-olumuyle-bagli-is-baglanmayib-bu-adami-prokurorluqda-yeni-vezifeye-gonderibler\/","og_site_name":"MEYDAN.TV","article_published_time":"2024-01-28T15:43:40+00:00","article_modified_time":"2024-01-28T15:43:43+00:00","og_image":[{"width":1500,"height":1000,"url":"https:\/\/www.meydan.tv\/wp-content\/uploads\/untitled-1500-x-1000-px-19.jpg","type":"image\/jpeg"}],"author":"elli","twitter_card":"summary_large_image","twitter_creator":"@elli","schema":{"@context":"https:\/\/schema.org","@graph":[{"@type":"Article","@id":"https:\/\/www.meydan.tv\/az\/article\/qizimin-olumuyle-bagli-is-baglanmayib-bu-adami-prokurorluqda-yeni-vezifeye-gonderibler\/#article","isPartOf":{"@id":"https:\/\/www.meydan.tv\/az\/article\/qizimin-olumuyle-bagli-is-baglanmayib-bu-adami-prokurorluqda-yeni-vezifeye-gonderibler\/"},"author":{"name":"elli","@id":"https:\/\/www.meydan.tv\/az\/#\/schema\/person\/9cdbecf90d17180ce1dfbd95b08dcf47"},"headline":"\u201cQ\u0131z\u0131m\u0131n \u00f6l\u00fcm\u00fcyl\u0259 ba\u011fl\u0131 i\u015f ba\u011flanmay\u0131b, bu adam\u0131 prokurorluqda yeni v\u0259zif\u0259y\u0259 g\u00f6nd\u0259ribl\u0259r\u201d","datePublished":"2024-01-28T15:43:40+00:00","dateModified":"2024-01-28T15:43:43+00:00","mainEntityOfPage":{"@id":"https:\/\/www.meydan.tv\/az\/article\/qizimin-olumuyle-bagli-is-baglanmayib-bu-adami-prokurorluqda-yeni-vezifeye-gonderibler\/"},"wordCount":1230,"publisher":{"@id":"https:\/\/www.meydan.tv\/az\/#organization"},"image":{"@id":"https:\/\/www.meydan.tv\/az\/article\/qizimin-olumuyle-bagli-is-baglanmayib-bu-adami-prokurorluqda-yeni-vezifeye-gonderibler\/#primaryimage"},"thumbnailUrl":"https:\/\/www.meydan.tv\/wp-content\/uploads\/untitled-1500-x-1000-px-19.jpg","articleSection":["B\u00f6lg\u0259","X\u0259b\u0259rl\u0259r"],"inLanguage":"az"},{"@type":"WebPage","@id":"https:\/\/www.meydan.tv\/az\/article\/qizimin-olumuyle-bagli-is-baglanmayib-bu-adami-prokurorluqda-yeni-vezifeye-gonderibler\/","url":"https:\/\/www.meydan.tv\/az\/article\/qizimin-olumuyle-bagli-is-baglanmayib-bu-adami-prokurorluqda-yeni-vezifeye-gonderibler\/","name":"\u201cQ\u0131z\u0131m\u0131n \u00f6l\u00fcm\u00fcyl\u0259 ba\u011fl\u0131 i\u015f ba\u011flanmay\u0131b, bu adam\u0131 prokurorluqda yeni v\u0259zif\u0259y\u0259 g\u00f6nd\u0259ribl\u0259r\u201d - MEYDAN.TV","isPartOf":{"@id":"https:\/\/www.meydan.tv\/az\/#website"},"primaryImageOfPage":{"@id":"https:\/\/www.meydan.tv\/az\/article\/qizimin-olumuyle-bagli-is-baglanmayib-bu-adami-prokurorluqda-yeni-vezifeye-gonderibler\/#primaryimage"},"image":{"@id":"https:\/\/www.meydan.tv\/az\/article\/qizimin-olumuyle-bagli-is-baglanmayib-bu-adami-prokurorluqda-yeni-vezifeye-gonderibler\/#primaryimage"},"thumbnailUrl":"https:\/\/www.meydan.tv\/wp-content\/uploads\/untitled-1500-x-1000-px-19.jpg","datePublished":"2024-01-28T15:43:40+00:00","dateModified":"2024-01-28T15:43:43+00:00","breadcrumb":{"@id":"https:\/\/www.meydan.tv\/az\/article\/qizimin-olumuyle-bagli-is-baglanmayib-bu-adami-prokurorluqda-yeni-vezifeye-gonderibler\/#breadcrumb"},"inLanguage":"az","potentialAction":[{"@type":"ReadAction","target":["https:\/\/www.meydan.tv\/az\/article\/qizimin-olumuyle-bagli-is-baglanmayib-bu-adami-prokurorluqda-yeni-vezifeye-gonderibler\/"]}]},{"@type":"ImageObject","inLanguage":"az","@id":"https:\/\/www.meydan.tv\/az\/article\/qizimin-olumuyle-bagli-is-baglanmayib-bu-adami-prokurorluqda-yeni-vezifeye-gonderibler\/#primaryimage","url":"https:\/\/www.meydan.tv\/wp-content\/uploads\/untitled-1500-x-1000-px-19.jpg","contentUrl":"https:\/\/www.meydan.tv\/wp-content\/uploads\/untitled-1500-x-1000-px-19.jpg","width":1500,"height":1000,"caption":"Natiq Aslanov. Foto: Meydan. TV"},{"@type":"BreadcrumbList","@id":"https:\/\/www.meydan.tv\/az\/article\/qizimin-olumuyle-bagli-is-baglanmayib-bu-adami-prokurorluqda-yeni-vezifeye-gonderibler\/#breadcrumb","itemListElement":[{"@type":"ListItem","position":1,"name":"Ana s\u0259hif\u0259","item":"https:\/\/www.meydan.tv\/az\/"},{"@type":"ListItem","position":2,"name":"B\u00f6lg\u0259","item":"https:\/\/www.meydan.tv\/az\/section\/bolge\/"},{"@type":"ListItem","position":3,"name":"\u201cQ\u0131z\u0131m\u0131n \u00f6l\u00fcm\u00fcyl\u0259 ba\u011fl\u0131 i\u015f ba\u011flanmay\u0131b, bu adam\u0131 prokurorluqda yeni v\u0259zif\u0259y\u0259 g\u00f6nd\u0259ribl\u0259r\u201d"}]},{"@type":"WebSite","@id":"https:\/\/www.meydan.tv\/az\/#website","url":"https:\/\/www.meydan.tv\/az\/","name":"MEYDAN.TV","description":"Meydan TV Az\u0259rbaycan\u0131n media m\u0259kan\u0131ndak\u0131 alternativ s\u0259sidir","publisher":{"@id":"https:\/\/www.meydan.tv\/az\/#organization"},"potentialAction":[{"@type":"SearchAction","target":{"@type":"EntryPoint","urlTemplate":"https:\/\/www.meydan.tv\/az\/?s={search_term_string}"},"query-input":{"@type":"PropertyValueSpecification","valueRequired":true,"valueName":"search_term_string"}}],"inLanguage":"az"},{"@type":"Organization","@id":"https:\/\/www.meydan.tv\/az\/#organization","name":"Meydan TV","url":"https:\/\/www.meydan.tv\/az\/","logo":{"@type":"ImageObject","inLanguage":"az","@id":"https:\/\/www.meydan.tv\/az\/#\/schema\/logo\/image\/","url":"https:\/\/www.meydan.tv\/wp-content\/uploads\/2021\/07\/meydan-logo.svg","contentUrl":"https:\/\/www.meydan.tv\/wp-content\/uploads\/2021\/07\/meydan-logo.svg","width":195,"height":46,"caption":"Meydan TV"},"image":{"@id":"https:\/\/www.meydan.tv\/az\/#\/schema\/logo\/image\/"}},{"@type":"Person","@id":"https:\/\/www.meydan.tv\/az\/#\/schema\/person\/9cdbecf90d17180ce1dfbd95b08dcf47","name":"elli","sameAs":["https:\/\/x.com\/elli"]}]}},"_links":{"self":[{"href":"https:\/\/www.meydan.tv\/az\/wp-json\/wp\/v2\/posts\/296368","targetHints":{"allow":["GET"]}}],"collection":[{"href":"https:\/\/www.meydan.tv\/az\/wp-json\/wp\/v2\/posts"}],"about":[{"href":"https:\/\/www.meydan.tv\/az\/wp-json\/wp\/v2\/types\/post"}],"author":[{"embeddable":true,"href":"https:\/\/www.meydan.tv\/az\/wp-json\/wp\/v2\/users\/8"}],"replies":[{"embeddable":true,"href":"https:\/\/www.meydan.tv\/az\/wp-json\/wp\/v2\/comments?post=296368"}],"version-history":[{"count":1,"href":"https:\/\/www.meydan.tv\/az\/wp-json\/wp\/v2\/posts\/296368\/revisions"}],"predecessor-version":[{"id":296369,"href":"https:\/\/www.meydan.tv\/az\/wp-json\/wp\/v2\/posts\/296368\/revisions\/296369"}],"wp:featuredmedia":[{"embeddable":true,"href":"https:\/\/www.meydan.tv\/az\/wp-json\/wp\/v2\/media\/289303"}],"wp:attachment":[{"href":"https:\/\/www.meydan.tv\/az\/wp-json\/wp\/v2\/media?parent=296368"}],"wp:term":[{"taxonomy":"category","embeddable":true,"href":"https:\/\/www.meydan.tv\/az\/wp-json\/wp\/v2\/categories?post=296368"},{"taxonomy":"post_tag","embeddable":true,"href":"https:\/\/www.meydan.tv\/az\/wp-json\/wp\/v2\/tags?post=296368"}],"curies":[{"name":"wp","href":"https:\/\/api.w.org\/{rel}","templated":true}]}}