{"id":296357,"date":"2024-01-28T11:11:02","date_gmt":"2024-01-28T07:11:02","guid":{"rendered":"https:\/\/www.meydan.tv\/?p=296357"},"modified":"2024-01-28T18:46:40","modified_gmt":"2024-01-28T14:46:40","slug":"guman-ki-svabe-xususi-informasiyalara-sahibdir","status":"publish","type":"post","link":"https:\/\/www.meydan.tv\/az\/article\/guman-ki-svabe-xususi-informasiyalara-sahibdir\/","title":{"rendered":"\u201cG\u00fcman ki, \u015evabe x\u00fcsusi informasiyalara sahibdir\u2026\u201d"},"content":{"rendered":"\n<p><\/p>\n\n\n\n<p><em><strong>Anar M\u0259mm\u0259dli deyir ki, AT\u018fT-in Var\u015fava ofisi \u015evabenin fikirl\u0259rin\u0259 m\u00fcnasib\u0259t bildirm\u0259lidir<\/strong><\/em><\/p>\n\n\n\n<p>Almaniyal\u0131 deputat Frank \u015evabe \u201c<a href=\"https:\/\/www.youtube.com\/watch?v=wxnKeYte3PE&amp;feature=youtu.be\">BBC-Az\u0259rbaycanca<\/a>\u201dya m\u00fcsahib\u0259sind\u0259 AT\u018fT-in Az\u0259rbaycanda t\u0259zyiq alt\u0131nda oldu\u011funu deyib.<\/p>\n\n\n\n<p>\u015evabenin s\u00f6zl\u0259rin\u0259 g\u00f6r\u0259, Az\u0259rbaycan AT\u018fT-\u0259 t\u0259zyiq edir ki, se\u00e7ki il\u0259 ba\u011fl\u0131 s\u0259rt q\u0259rar\u0131 olsa, g\u0259l\u0259n il t\u0259\u015fkilat\u0131n mandat\u0131 il\u0259 ba\u011fl\u0131 s\u0259sverm\u0259d\u0259 i\u015ftirak etm\u0259y\u0259c\u0259k:<\/p>\n\n\n\n<p><em>&#8220;Ona g\u00f6r\u0259 d\u0259 AT\u018fT \u00e7\u0259kinir&#8221;.<\/em><\/p>\n\n\n\n<p>Se\u00e7kil\u0259rin Monitorinqi v\u0259 Demokratiyan\u0131n T\u0259drisi M\u0259rk\u0259zinin r\u0259hb\u0259ri Anar M\u0259mm\u0259dli Meydan TV-y\u0259 \u015evabenin fikirl\u0259rinu \u015f\u0259rh ed\u0259rk\u0259n deyib ki, almaniyal\u0131 deputat h\u0259min a\u00e7\u0131qlaman\u0131 f\u0259rqli kontekstd\u0259 verib:<\/p>\n\n\n<div class=\"wp-block-image\">\n<figure class=\"alignleft size-large is-resized\"><img decoding=\"async\" data-src=\"https:\/\/www.meydan.tv\/wp-content\/uploads\/anar_memmedli-1200x800.jpg\" alt=\"Anar M\u0259mm\u0259dli\" class=\"wp-image-210070 lazyload\" style=\"--smush-placeholder-width: 1200px; --smush-placeholder-aspect-ratio: 1200\/800;width:409px;height:auto\" src=\"data:image\/svg+xml;base64,PHN2ZyB3aWR0aD0iMSIgaGVpZ2h0PSIxIiB4bWxucz0iaHR0cDovL3d3dy53My5vcmcvMjAwMC9zdmciPjwvc3ZnPg==\" \/><figcaption class=\"wp-element-caption\">Anar M\u0259mm\u0259dli, Foto:  Meydan TV<\/figcaption><\/figure>\n<\/div>\n\n\n<p>&#8220;<em>Y\u0259ni bu il AT\u018fT-in topant\u0131s\u0131 ke\u00e7iril\u0259c\u0259k, orada q\u0259rarlar konsensusla q\u0259bul olunur. Ona g\u00f6r\u0259 Az\u0259rbaycan t\u0259zyiq ed\u0259 bil\u0259r. Lakin s\u00f6hb\u0259t konkret M\u00fc\u015fahid\u0259 Missiyas\u0131na t\u0259zyiqd\u0259n getmir v\u0259 \u015evabenin \u00e7\u0131x\u0131\u015f\u0131ndan h\u0259min m\u0259nan\u0131 \u00e7\u0131xartmaq \u00e7\u0259tindir. H\u0259m d\u0259 t\u0259zyiq olsa, \u00f6lk\u0259ni t\u0259rk ed\u0259rdil\u0259r&#8221;.<\/em><\/p>\n\n\n\n<p>M\u0259mm\u0259dli hesab edir ki, \u015evabenin s\u00f6yl\u0259dikl\u0259ri il\u0259 ba\u011fl\u0131 AT\u018fT-in Var\u015fava ofisinin m\u00f6vqe bildirm\u0259si yax\u015f\u0131 olard\u0131.<\/p>\n\n\n\n<p>III Respublika Platformas\u0131n\u0131n spikeri Akif Qurbanov da deyir ki, \u015evabenin hans\u0131 t\u0259zyiqd\u0259n dan\u0131\u015fmas\u0131n\u0131 \u015f\u0259rh etm\u0259k \u00e7\u0259tindir.<\/p>\n\n\n\n<p>Onun dediyin\u0259 g\u00f6r\u0259, bu bar\u0259d\u0259 konkret informasiya yoxdur:<\/p>\n\n\n\n<p>&#8220;<em>G\u00fcman ki, \u015evabe x\u00fcsusi informasiyalara sahibdir ki, bel\u0259 dan\u0131\u015f\u0131r&#8221;.<\/em><\/p>\n\n\n\n<p>Qurbanov bildirib ki, h\u0259r bir se\u00e7kid\u0259 Avropa Parlamentinin v\u0259 A\u015ePA-n\u0131n n\u00fcmay\u0259nd\u0259l\u0259ri d\u0259 se\u00e7kil\u0259ri m\u00fc\u015fahid\u0259 edib:<\/p>\n\n\n<div class=\"wp-block-image\">\n<figure class=\"alignright size-large is-resized\"><img decoding=\"async\" width=\"1200\" height=\"675\" data-src=\"https:\/\/www.meydan.tv\/wp-content\/uploads\/whatsapp-image-2023-12-16-at-14.44.30_59ef27e8-1200x675.jpg\" alt=\"\" class=\"wp-image-293106 lazyload\" style=\"--smush-placeholder-width: 1200px; --smush-placeholder-aspect-ratio: 1200\/675;width:397px;height:auto\" src=\"data:image\/svg+xml;base64,PHN2ZyB3aWR0aD0iMSIgaGVpZ2h0PSIxIiB4bWxucz0iaHR0cDovL3d3dy53My5vcmcvMjAwMC9zdmciPjwvc3ZnPg==\" \/><figcaption class=\"wp-element-caption\">Akif Qurbanov. Foto: Meydan TV<\/figcaption><\/figure>\n<\/div>\n\n\n<p><em>&#8220;H\u00f6kum\u0259t \u0259vv\u0259lki se\u00e7ki t\u0259cr\u00fcb\u0259l\u0259rind\u0259 Avropa \u015euras\u0131 Parlament Assambleyas\u0131 v\u0259 AT\u018fT-in Parlament Assambleyas\u0131 (PA) vasit\u0259sil\u0259 AT\u018fT-in Demokratik T\u0259sisatlar v\u0259 \u0130nsan Haqlar\u0131 B\u00fcrosunun (AT\u018fT\/DT\u0130HB) m\u00f6vqeyini yum\u015faltma\u011fa \u00e7al\u0131\u015f\u0131b. \u018fvv\u0259ll\u0259r h\u00f6kum\u0259tin Avropa \u015euras\u0131 Parlament Assambleyas\u0131na da t\u0259siri vard\u0131. Sonradan bu t\u0259sir olmad\u0131qda, AT\u018fT-in se\u00e7kil\u0259r\u0259 m\u00fcnasib\u0259ti \u00e7ox t\u0259nqidi olmu\u015fdu. \u0130ndi is\u0259 Avropa \u015euras\u0131 Parlament Assambleyas\u0131ndan deputatlar g\u0259l\u0259 bilm\u0259diyin\u0259 g\u00f6r\u0259 AT\u018fT Parlament Assambleyas\u0131 hesab\u0131na h\u00f6kum\u0259t\u0259 yax\u0131n \u00f6lk\u0259l\u0259r vasit\u0259sil\u0259 Demokratik T\u0259sisatlar v\u0259 \u0130nsan Haqlar\u0131 B\u00fcrosunun m\u00f6vqeyini yum\u015falda bil\u0259rl\u0259r. Y\u0259qin ki, almaniyal\u0131 deputat bunu n\u0259z\u0259rd\u0259 tutub&#8221;<\/em>.<\/p>\n\n\n\n<p>Se\u00e7ki M\u00fc\u015fahid\u0259 Alyans\u0131n\u0131n r\u0259hb\u0259ri M\u0259mm\u0259d M\u0259mm\u0259dzad\u0259 deyib ki, 2003-c\u00fc ild\u0259n etibar\u0259n, x\u00fcsus\u0259n Prezident se\u00e7kisind\u0259 AT\u018fT-in Demokratik T\u0259sisatlar v\u0259 \u0130nsan Haqlar\u0131 B\u00fcrosuna xeyli t\u0259zyiql\u0259r olub:<\/p>\n\n\n<div class=\"wp-block-image\">\n<figure class=\"alignleft size-full is-resized\"><img decoding=\"async\" width=\"1200\" height=\"800\" data-src=\"https:\/\/www.meydan.tv\/wp-content\/uploads\/252022637_3164883510397517_1214811699201458382_n.jpg\" alt=\"\" class=\"wp-image-295422 lazyload\" style=\"--smush-placeholder-width: 1200px; --smush-placeholder-aspect-ratio: 1200\/800;width:362px;height:auto\" src=\"data:image\/svg+xml;base64,PHN2ZyB3aWR0aD0iMSIgaGVpZ2h0PSIxIiB4bWxucz0iaHR0cDovL3d3dy53My5vcmcvMjAwMC9zdmciPjwvc3ZnPg==\" \/><figcaption class=\"wp-element-caption\">Foto: M\u0259mm\u0259d M\u0259mm\u0259dzad\u0259nin \u015f\u0259xsi arxivind\u0259n<\/figcaption><\/figure>\n<\/div>\n\n\n<p>&#8220;<em>M\u0259s\u0259l\u0259 ondad\u0131r ki, AT\u018fT h\u00f6kum\u0259tl\u0259r aras\u0131 qurumdur v\u0259 AT\u018fT-in Demokratik T\u0259sisatlar v\u0259 \u0130nsan Haqlar\u0131 B\u00fcrosu da onun bir b\u00f6lm\u0259sidir. H\u00f6kum\u0259tl\u0259raras\u0131 qurum oldu\u011fundan Az\u0259rbaycanda \u00e7al\u0131\u015fan transmilli korporasiyalar, m\u0259s\u0259l\u0259n, BP \u015firk\u0259ti vasit\u0259sil\u0259 t\u0259zyqil\u0259r, dan\u0131\u015f\u0131qlar olur, B\u00f6y\u00fck Britaniya h\u00f6kum\u0259tin\u0259 bu m\u0259s\u0259l\u0259ni \u00e7atd\u0131r\u0131rlar. London da \u00e7al\u0131\u015f\u0131r ki, hesabat\u0131n dili, t\u0259nqidl\u0259r y\u00fcng\u00fcl olsun. Bu bar\u0259d\u0259 \u00e7oxlu \u015fayi\u0259l\u0259r d\u0259 yay\u0131l\u0131b. Ancaq praktikada bel\u0259dir ki, AT\u018fT-in Demokratik T\u0259sisatlar v\u0259 \u0130nsan Haqlar\u0131 B\u00fcrosu h\u0259r zaman t\u0259nqidi m\u00f6vqe s\u0259rgil\u0259yib v\u0259 yaln\u0131z Az\u0259rbaycana qar\u015f\u0131 deyil, m\u00fcxt\u0259lif \u00f6lk\u0259l\u0259rd\u0259ki se\u00e7ki haqq\u0131nda r\u0259yl\u0259ri t\u0259nqidi olub. Y\u0259ni se\u00e7kil\u0259rin Avropa standartlar\u0131na yax\u015f\u0131nla\u015fmas\u0131 \u00fc\u00e7\u00fcn, ad\u0259t\u0259n, t\u0259nqidi x\u0259tti g\u00f6t\u00fcr\u00fcb&#8221;.<\/em><\/p>\n\n\n\n<p>Alyans r\u0259hb\u0259ri inanm\u0131r ki, bu il hans\u0131sa t\u0259zyiql\u0259r AT\u018fT-in ilkin r\u0259yin\u0259 t\u0259sir ed\u0259c\u0259k:<\/p>\n\n\n\n<p>&#8220;<em>AT\u018fT h\u00f6kum\u0259tl\u0259raras\u0131 qurum olsa da, pe\u015f\u0259kard\u0131r. B\u0259zi m\u0259qamlarda t\u0259sirl\u0259r olsa da, bunlar se\u00e7ki il\u0259 ba\u011fl\u0131 \u00fcmumi r\u0259y\u0259 o q\u0259d\u0259r d\u0259 t\u0259sir g\u00f6st\u0259rm\u0259y\u0259c\u0259k&#8221;.<\/em><\/p>\n\n\n\n<p><strong>Se\u00e7kil\u0259r n\u0259 vaxt ke\u00e7iril\u0259c\u0259k v\u0259 kiml\u0259r namiz\u0259ddir?<\/strong><\/p>\n\n\n\n<p>2024-c\u00fc ilin fevral\u0131n 7-d\u0259 Az\u0259rbaycanda n\u00f6vb\u0259d\u0259nk\u0259nar Prezident se\u00e7kisi ke\u00e7iril\u0259c\u0259k.<\/p>\n\n\n\n<p>\u0130lham \u018fliyev \u00f6t\u0259n il dekabr\u0131n 7-d\u0259 bununla ba\u011fl\u0131 s\u0259r\u0259ncam imzalay\u0131b.<\/p>\n\n\n\n<p>Prezidentliy\u0259 namiz\u0259dl\u0259r \u2013 \u00f6lk\u0259 ba\u015f\u00e7\u0131s\u0131<a href=\"https:\/\/storage.googleapis.com\/qurium\/www.meydan.tv\/az-article-yap-namizedini-resmen-aciqladi.html\"> \u0130lham \u018fliyev<\/a>, deputatlar <a href=\"https:\/\/storage.googleapis.com\/qurium\/www.meydan.tv\/az-article-fazil-mustafa-da-prezidentliye-namized-olacaq.html\">Fazil Mustafa<\/a>, <a href=\"https:\/\/storage.googleapis.com\/qurium\/www.meydan.tv\/az-article-zahid-oruc-da-prezidentliye-namized-olacaq.html\">Zahid Oruc<\/a>, <a href=\"https:\/\/d9mc3ts4czbpr.cloudfront.net\/az\/article\/qudret-hesenquliyev-yene-namized-olacaq\/\">Q\u00fcdr\u0259t H\u0259s\u0259nquliyev<\/a>, <a href=\"https:\/\/storage.googleapis.com\/qurium\/www.meydan.tv\/az-article-razi-nurullayev-de-namizedliyini-ireli-surub.html\">Razi Nurullayev<\/a>, B\u00f6y\u00fck Az\u0259rbaycan Partiyas\u0131n\u0131n s\u0259dri<a href=\"https:\/\/storage.googleapis.com\/qurium\/www.meydan.tv\/az-article-elsad-musayev-de-prezident-olmaq-isteyir.html\"> El\u015fad Musayev<\/a> v\u0259 <a href=\"https:\/\/www.meydan.tv\/az\/article\/fealiyyetini-dayandiran-partiyanin-sedri-prezidentliye-namized-olacaq\/\">Fuad \u018fliyev<\/a>dir.<\/p>\n\n\n\n<p>Namiz\u0259d S\u0259f\u0259rov, S\u0259rvan K\u0259rimov, <a href=\"https:\/\/storage.googleapis.com\/qurium\/www.meydan.tv\/az-article-prezidentliye-namizedliyini-ireli-suren-sexs-ilham-eliyevi-xilas-etmek-isteyirem-ancaq-o-el-vermir.html\">M\u0259tl\u0259b M\u00fct\u0259llimli<\/a>, Abutal\u0131b S\u0259m\u0259dov, Fikr\u0259t Yusifov, Yusif Ba\u011f\u0131rzad\u0259, Arzuman Abdulk\u0259rimov, Yunus O\u011fuz, Qulamh\u00fcseyn \u018flib\u0259yli namiz\u0259dlikl\u0259rini ir\u0259li s\u00fcrs\u0259l\u0259r d\u0259, onlar qeyd\u0259 al\u0131nmay\u0131blar.<\/p>\n\n\n\n<p>Prezidentliy\u0259 namiz\u0259dliyini ver\u0259n \u015f\u0259xsl\u0259rin h\u0259r biri hakimiyy\u0259ty\u00f6n\u00fcml\u00fc kimi tan\u0131n\u0131r.<\/p>\n\n\n\n<p><a href=\"https:\/\/storage.googleapis.com\/qurium\/www.meydan.tv\/az-article-axcp-de-seckide-istirak-etmeyecek.html\">AXCP<\/a>, <a href=\"https:\/\/storage.googleapis.com\/qurium\/www.meydan.tv\/az-article-musavat-novbedenkenar-seckide-istirakdan-imtina-edib.html\">M\u00fcsavat<\/a> v\u0259 <a href=\"https:\/\/storage.googleapis.com\/qurium\/www.meydan.tv\/az-article-kxcp-de-seckide-istirak-etmeyecek.html\">Klassik Xalq C\u0259bh\u0259si<\/a> partiyalar\u0131 se\u00e7kini boykot ed\u0259c\u0259kl\u0259rini a\u00e7\u0131qlay\u0131blar.<\/p>\n\n\n\n<p>Az\u0259rbaycanda sonuncu d\u0259f\u0259 Prezident se\u00e7kisi 2018-ci il aprelin 11-d\u0259 ke\u00e7irilib.<\/p>\n\n\n\n<p>H\u0259min se\u00e7ki d\u0259 n\u00f6vb\u0259d\u0259nk\u0259nar olub.<\/p>\n\n\n\n<p>\u0130lham \u018fliyev 20 ildir ki, Prezident v\u0259zif\u0259sini icra edir.<\/p>\n\n\n\n<p>Haz\u0131rda AT\u018fT-in Demokratik T\u0259sisatlar v\u0259 \u0130nsan Haqlar\u0131 B\u00fcrosunun (AT\u018fT\/DT\u0130HB) M\u00fc\u015fahid\u0259 Missiyas\u0131 Bak\u0131dad\u0131r. Onlar Az\u0259rbaycanda ke\u00e7iril\u0259c\u0259k n\u00f6vb\u0259d\u0259nk\u0259nar Prezident se\u00e7kisini m\u00fc\u015fahid\u0259 ed\u0259c\u0259kl\u0259r.<\/p>\n","protected":false},"excerpt":{"rendered":"<p>Anar M\u0259mm\u0259dli deyir ki, AT\u018fT-in Var\u015fava ofisi \u015evabenin fikirl\u0259rin\u0259 m\u00fcnasib\u0259t &#8230; <\/p>\n<p class=\"read-more-container\"><a title=\"\u201cG\u00fcman ki, \u015evabe x\u00fcsusi informasiyalara sahibdir\u2026\u201d\" class=\"read-more button\" href=\"https:\/\/www.meydan.tv\/az\/article\/guman-ki-svabe-xususi-informasiyalara-sahibdir\/#more-296357\" aria-label=\"Read more about \u201cG\u00fcman ki, \u015evabe x\u00fcsusi informasiyalara sahibdir\u2026\u201d\">Davam\u0131<\/a><\/p>\n","protected":false},"author":8,"featured_media":296358,"comment_status":"closed","ping_status":"closed","sticky":false,"template":"","format":"standard","meta":{"_acf_changed":false,"_sitemap_exclude":false,"_sitemap_priority":"","_sitemap_frequency":"","footnotes":""},"categories":[129,59,56],"tags":[],"class_list":["post-296357","post","type-post","status-publish","format-standard","has-post-thumbnail","hentry","category-sechki-2024","category-siyaset","category-xeberler","infinite-scroll-item","generate-columns","tablet-grid-50","mobile-grid-100","grid-parent","grid-33","no-featured-image-padding"],"acf":[],"yoast_head":"<!-- This site is optimized with the Yoast SEO plugin v27.4 - https:\/\/yoast.com\/product\/yoast-seo-wordpress\/ -->\n<title>\u201cG\u00fcman ki, \u015evabe x\u00fcsusi informasiyalara sahibdir\u2026\u201d - MEYDAN.TV<\/title>\n<meta name=\"robots\" content=\"index, follow, max-snippet:-1, max-image-preview:large, max-video-preview:-1\" \/>\n<link rel=\"canonical\" href=\"https:\/\/www.meydan.tv\/az\/article\/guman-ki-svabe-xususi-informasiyalara-sahibdir\/\" \/>\n<meta property=\"og:locale\" content=\"az_AZ\" \/>\n<meta property=\"og:type\" content=\"article\" \/>\n<meta property=\"og:title\" content=\"\u201cG\u00fcman ki, \u015evabe x\u00fcsusi informasiyalara sahibdir\u2026\u201d - MEYDAN.TV\" \/>\n<meta property=\"og:description\" content=\"Anar M\u0259mm\u0259dli deyir ki, AT\u018fT-in Var\u015fava ofisi \u015evabenin fikirl\u0259rin\u0259 m\u00fcnasib\u0259t ... Davam\u0131\" \/>\n<meta property=\"og:url\" content=\"https:\/\/www.meydan.tv\/az\/article\/guman-ki-svabe-xususi-informasiyalara-sahibdir\/\" \/>\n<meta property=\"og:site_name\" content=\"MEYDAN.TV\" \/>\n<meta property=\"article:published_time\" content=\"2024-01-28T07:11:02+00:00\" \/>\n<meta property=\"article:modified_time\" content=\"2024-01-28T14:46:40+00:00\" \/>\n<meta property=\"og:image\" content=\"https:\/\/www.meydan.tv\/wp-content\/uploads\/6ea667a-ee7cd1-e1706425826232.jpg\" \/>\n\t<meta property=\"og:image:width\" content=\"1000\" \/>\n\t<meta property=\"og:image:height\" content=\"481\" \/>\n\t<meta property=\"og:image:type\" content=\"image\/jpeg\" \/>\n<meta name=\"author\" content=\"elli\" \/>\n<meta name=\"twitter:card\" content=\"summary_large_image\" \/>\n<meta name=\"twitter:creator\" content=\"@elli\" \/>\n<script type=\"application\/ld+json\" class=\"yoast-schema-graph\">{\"@context\":\"https:\\\/\\\/schema.org\",\"@graph\":[{\"@type\":\"Article\",\"@id\":\"https:\\\/\\\/www.meydan.tv\\\/az\\\/article\\\/guman-ki-svabe-xususi-informasiyalara-sahibdir\\\/#article\",\"isPartOf\":{\"@id\":\"https:\\\/\\\/www.meydan.tv\\\/az\\\/article\\\/guman-ki-svabe-xususi-informasiyalara-sahibdir\\\/\"},\"author\":{\"name\":\"elli\",\"@id\":\"https:\\\/\\\/www.meydan.tv\\\/az\\\/#\\\/schema\\\/person\\\/9cdbecf90d17180ce1dfbd95b08dcf47\"},\"headline\":\"\u201cG\u00fcman ki, \u015evabe x\u00fcsusi informasiyalara sahibdir\u2026\u201d\",\"datePublished\":\"2024-01-28T07:11:02+00:00\",\"dateModified\":\"2024-01-28T14:46:40+00:00\",\"mainEntityOfPage\":{\"@id\":\"https:\\\/\\\/www.meydan.tv\\\/az\\\/article\\\/guman-ki-svabe-xususi-informasiyalara-sahibdir\\\/\"},\"wordCount\":994,\"publisher\":{\"@id\":\"https:\\\/\\\/www.meydan.tv\\\/az\\\/#organization\"},\"image\":{\"@id\":\"https:\\\/\\\/www.meydan.tv\\\/az\\\/article\\\/guman-ki-svabe-xususi-informasiyalara-sahibdir\\\/#primaryimage\"},\"thumbnailUrl\":\"https:\\\/\\\/www.meydan.tv\\\/wp-content\\\/uploads\\\/6ea667a-ee7cd1-e1706425826232.jpg\",\"articleSection\":[\"Se\u00e7ki 2024\",\"Siyas\u0259t\",\"X\u0259b\u0259rl\u0259r\"],\"inLanguage\":\"az\"},{\"@type\":\"WebPage\",\"@id\":\"https:\\\/\\\/www.meydan.tv\\\/az\\\/article\\\/guman-ki-svabe-xususi-informasiyalara-sahibdir\\\/\",\"url\":\"https:\\\/\\\/www.meydan.tv\\\/az\\\/article\\\/guman-ki-svabe-xususi-informasiyalara-sahibdir\\\/\",\"name\":\"\u201cG\u00fcman ki, \u015evabe x\u00fcsusi informasiyalara sahibdir\u2026\u201d - MEYDAN.TV\",\"isPartOf\":{\"@id\":\"https:\\\/\\\/www.meydan.tv\\\/az\\\/#website\"},\"primaryImageOfPage\":{\"@id\":\"https:\\\/\\\/www.meydan.tv\\\/az\\\/article\\\/guman-ki-svabe-xususi-informasiyalara-sahibdir\\\/#primaryimage\"},\"image\":{\"@id\":\"https:\\\/\\\/www.meydan.tv\\\/az\\\/article\\\/guman-ki-svabe-xususi-informasiyalara-sahibdir\\\/#primaryimage\"},\"thumbnailUrl\":\"https:\\\/\\\/www.meydan.tv\\\/wp-content\\\/uploads\\\/6ea667a-ee7cd1-e1706425826232.jpg\",\"datePublished\":\"2024-01-28T07:11:02+00:00\",\"dateModified\":\"2024-01-28T14:46:40+00:00\",\"breadcrumb\":{\"@id\":\"https:\\\/\\\/www.meydan.tv\\\/az\\\/article\\\/guman-ki-svabe-xususi-informasiyalara-sahibdir\\\/#breadcrumb\"},\"inLanguage\":\"az\",\"potentialAction\":[{\"@type\":\"ReadAction\",\"target\":[\"https:\\\/\\\/www.meydan.tv\\\/az\\\/article\\\/guman-ki-svabe-xususi-informasiyalara-sahibdir\\\/\"]}]},{\"@type\":\"ImageObject\",\"inLanguage\":\"az\",\"@id\":\"https:\\\/\\\/www.meydan.tv\\\/az\\\/article\\\/guman-ki-svabe-xususi-informasiyalara-sahibdir\\\/#primaryimage\",\"url\":\"https:\\\/\\\/www.meydan.tv\\\/wp-content\\\/uploads\\\/6ea667a-ee7cd1-e1706425826232.jpg\",\"contentUrl\":\"https:\\\/\\\/www.meydan.tv\\\/wp-content\\\/uploads\\\/6ea667a-ee7cd1-e1706425826232.jpg\",\"width\":1000,\"height\":481,\"caption\":\"Frank \u015evabe. Foto: \\\"Az\u0259rtac\\\"\"},{\"@type\":\"BreadcrumbList\",\"@id\":\"https:\\\/\\\/www.meydan.tv\\\/az\\\/article\\\/guman-ki-svabe-xususi-informasiyalara-sahibdir\\\/#breadcrumb\",\"itemListElement\":[{\"@type\":\"ListItem\",\"position\":1,\"name\":\"Ana s\u0259hif\u0259\",\"item\":\"https:\\\/\\\/www.meydan.tv\\\/az\\\/\"},{\"@type\":\"ListItem\",\"position\":2,\"name\":\"Siyas\u0259t\",\"item\":\"https:\\\/\\\/www.meydan.tv\\\/az\\\/section\\\/siyaset\\\/\"},{\"@type\":\"ListItem\",\"position\":3,\"name\":\"\u201cG\u00fcman ki, \u015evabe x\u00fcsusi informasiyalara sahibdir\u2026\u201d\"}]},{\"@type\":\"WebSite\",\"@id\":\"https:\\\/\\\/www.meydan.tv\\\/az\\\/#website\",\"url\":\"https:\\\/\\\/www.meydan.tv\\\/az\\\/\",\"name\":\"MEYDAN.TV\",\"description\":\"Meydan TV Az\u0259rbaycan\u0131n media m\u0259kan\u0131ndak\u0131 alternativ s\u0259sidir\",\"publisher\":{\"@id\":\"https:\\\/\\\/www.meydan.tv\\\/az\\\/#organization\"},\"potentialAction\":[{\"@type\":\"SearchAction\",\"target\":{\"@type\":\"EntryPoint\",\"urlTemplate\":\"https:\\\/\\\/www.meydan.tv\\\/az\\\/?s={search_term_string}\"},\"query-input\":{\"@type\":\"PropertyValueSpecification\",\"valueRequired\":true,\"valueName\":\"search_term_string\"}}],\"inLanguage\":\"az\"},{\"@type\":\"Organization\",\"@id\":\"https:\\\/\\\/www.meydan.tv\\\/az\\\/#organization\",\"name\":\"Meydan TV\",\"url\":\"https:\\\/\\\/www.meydan.tv\\\/az\\\/\",\"logo\":{\"@type\":\"ImageObject\",\"inLanguage\":\"az\",\"@id\":\"https:\\\/\\\/www.meydan.tv\\\/az\\\/#\\\/schema\\\/logo\\\/image\\\/\",\"url\":\"https:\\\/\\\/www.meydan.tv\\\/wp-content\\\/uploads\\\/2021\\\/07\\\/meydan-logo.svg\",\"contentUrl\":\"https:\\\/\\\/www.meydan.tv\\\/wp-content\\\/uploads\\\/2021\\\/07\\\/meydan-logo.svg\",\"width\":195,\"height\":46,\"caption\":\"Meydan TV\"},\"image\":{\"@id\":\"https:\\\/\\\/www.meydan.tv\\\/az\\\/#\\\/schema\\\/logo\\\/image\\\/\"}},{\"@type\":\"Person\",\"@id\":\"https:\\\/\\\/www.meydan.tv\\\/az\\\/#\\\/schema\\\/person\\\/9cdbecf90d17180ce1dfbd95b08dcf47\",\"name\":\"elli\",\"sameAs\":[\"https:\\\/\\\/x.com\\\/elli\"]}]}<\/script>\n<!-- \/ Yoast SEO plugin. -->","yoast_head_json":{"title":"\u201cG\u00fcman ki, \u015evabe x\u00fcsusi informasiyalara sahibdir\u2026\u201d - MEYDAN.TV","robots":{"index":"index","follow":"follow","max-snippet":"max-snippet:-1","max-image-preview":"max-image-preview:large","max-video-preview":"max-video-preview:-1"},"canonical":"https:\/\/www.meydan.tv\/az\/article\/guman-ki-svabe-xususi-informasiyalara-sahibdir\/","og_locale":"az_AZ","og_type":"article","og_title":"\u201cG\u00fcman ki, \u015evabe x\u00fcsusi informasiyalara sahibdir\u2026\u201d - MEYDAN.TV","og_description":"Anar M\u0259mm\u0259dli deyir ki, AT\u018fT-in Var\u015fava ofisi \u015evabenin fikirl\u0259rin\u0259 m\u00fcnasib\u0259t ... Davam\u0131","og_url":"https:\/\/www.meydan.tv\/az\/article\/guman-ki-svabe-xususi-informasiyalara-sahibdir\/","og_site_name":"MEYDAN.TV","article_published_time":"2024-01-28T07:11:02+00:00","article_modified_time":"2024-01-28T14:46:40+00:00","og_image":[{"width":1000,"height":481,"url":"https:\/\/www.meydan.tv\/wp-content\/uploads\/6ea667a-ee7cd1-e1706425826232.jpg","type":"image\/jpeg"}],"author":"elli","twitter_card":"summary_large_image","twitter_creator":"@elli","schema":{"@context":"https:\/\/schema.org","@graph":[{"@type":"Article","@id":"https:\/\/www.meydan.tv\/az\/article\/guman-ki-svabe-xususi-informasiyalara-sahibdir\/#article","isPartOf":{"@id":"https:\/\/www.meydan.tv\/az\/article\/guman-ki-svabe-xususi-informasiyalara-sahibdir\/"},"author":{"name":"elli","@id":"https:\/\/www.meydan.tv\/az\/#\/schema\/person\/9cdbecf90d17180ce1dfbd95b08dcf47"},"headline":"\u201cG\u00fcman ki, \u015evabe x\u00fcsusi informasiyalara sahibdir\u2026\u201d","datePublished":"2024-01-28T07:11:02+00:00","dateModified":"2024-01-28T14:46:40+00:00","mainEntityOfPage":{"@id":"https:\/\/www.meydan.tv\/az\/article\/guman-ki-svabe-xususi-informasiyalara-sahibdir\/"},"wordCount":994,"publisher":{"@id":"https:\/\/www.meydan.tv\/az\/#organization"},"image":{"@id":"https:\/\/www.meydan.tv\/az\/article\/guman-ki-svabe-xususi-informasiyalara-sahibdir\/#primaryimage"},"thumbnailUrl":"https:\/\/www.meydan.tv\/wp-content\/uploads\/6ea667a-ee7cd1-e1706425826232.jpg","articleSection":["Se\u00e7ki 2024","Siyas\u0259t","X\u0259b\u0259rl\u0259r"],"inLanguage":"az"},{"@type":"WebPage","@id":"https:\/\/www.meydan.tv\/az\/article\/guman-ki-svabe-xususi-informasiyalara-sahibdir\/","url":"https:\/\/www.meydan.tv\/az\/article\/guman-ki-svabe-xususi-informasiyalara-sahibdir\/","name":"\u201cG\u00fcman ki, \u015evabe x\u00fcsusi informasiyalara sahibdir\u2026\u201d - MEYDAN.TV","isPartOf":{"@id":"https:\/\/www.meydan.tv\/az\/#website"},"primaryImageOfPage":{"@id":"https:\/\/www.meydan.tv\/az\/article\/guman-ki-svabe-xususi-informasiyalara-sahibdir\/#primaryimage"},"image":{"@id":"https:\/\/www.meydan.tv\/az\/article\/guman-ki-svabe-xususi-informasiyalara-sahibdir\/#primaryimage"},"thumbnailUrl":"https:\/\/www.meydan.tv\/wp-content\/uploads\/6ea667a-ee7cd1-e1706425826232.jpg","datePublished":"2024-01-28T07:11:02+00:00","dateModified":"2024-01-28T14:46:40+00:00","breadcrumb":{"@id":"https:\/\/www.meydan.tv\/az\/article\/guman-ki-svabe-xususi-informasiyalara-sahibdir\/#breadcrumb"},"inLanguage":"az","potentialAction":[{"@type":"ReadAction","target":["https:\/\/www.meydan.tv\/az\/article\/guman-ki-svabe-xususi-informasiyalara-sahibdir\/"]}]},{"@type":"ImageObject","inLanguage":"az","@id":"https:\/\/www.meydan.tv\/az\/article\/guman-ki-svabe-xususi-informasiyalara-sahibdir\/#primaryimage","url":"https:\/\/www.meydan.tv\/wp-content\/uploads\/6ea667a-ee7cd1-e1706425826232.jpg","contentUrl":"https:\/\/www.meydan.tv\/wp-content\/uploads\/6ea667a-ee7cd1-e1706425826232.jpg","width":1000,"height":481,"caption":"Frank \u015evabe. Foto: \"Az\u0259rtac\""},{"@type":"BreadcrumbList","@id":"https:\/\/www.meydan.tv\/az\/article\/guman-ki-svabe-xususi-informasiyalara-sahibdir\/#breadcrumb","itemListElement":[{"@type":"ListItem","position":1,"name":"Ana s\u0259hif\u0259","item":"https:\/\/www.meydan.tv\/az\/"},{"@type":"ListItem","position":2,"name":"Siyas\u0259t","item":"https:\/\/www.meydan.tv\/az\/section\/siyaset\/"},{"@type":"ListItem","position":3,"name":"\u201cG\u00fcman ki, \u015evabe x\u00fcsusi informasiyalara sahibdir\u2026\u201d"}]},{"@type":"WebSite","@id":"https:\/\/www.meydan.tv\/az\/#website","url":"https:\/\/www.meydan.tv\/az\/","name":"MEYDAN.TV","description":"Meydan TV Az\u0259rbaycan\u0131n media m\u0259kan\u0131ndak\u0131 alternativ s\u0259sidir","publisher":{"@id":"https:\/\/www.meydan.tv\/az\/#organization"},"potentialAction":[{"@type":"SearchAction","target":{"@type":"EntryPoint","urlTemplate":"https:\/\/www.meydan.tv\/az\/?s={search_term_string}"},"query-input":{"@type":"PropertyValueSpecification","valueRequired":true,"valueName":"search_term_string"}}],"inLanguage":"az"},{"@type":"Organization","@id":"https:\/\/www.meydan.tv\/az\/#organization","name":"Meydan TV","url":"https:\/\/www.meydan.tv\/az\/","logo":{"@type":"ImageObject","inLanguage":"az","@id":"https:\/\/www.meydan.tv\/az\/#\/schema\/logo\/image\/","url":"https:\/\/www.meydan.tv\/wp-content\/uploads\/2021\/07\/meydan-logo.svg","contentUrl":"https:\/\/www.meydan.tv\/wp-content\/uploads\/2021\/07\/meydan-logo.svg","width":195,"height":46,"caption":"Meydan TV"},"image":{"@id":"https:\/\/www.meydan.tv\/az\/#\/schema\/logo\/image\/"}},{"@type":"Person","@id":"https:\/\/www.meydan.tv\/az\/#\/schema\/person\/9cdbecf90d17180ce1dfbd95b08dcf47","name":"elli","sameAs":["https:\/\/x.com\/elli"]}]}},"_links":{"self":[{"href":"https:\/\/www.meydan.tv\/az\/wp-json\/wp\/v2\/posts\/296357","targetHints":{"allow":["GET"]}}],"collection":[{"href":"https:\/\/www.meydan.tv\/az\/wp-json\/wp\/v2\/posts"}],"about":[{"href":"https:\/\/www.meydan.tv\/az\/wp-json\/wp\/v2\/types\/post"}],"author":[{"embeddable":true,"href":"https:\/\/www.meydan.tv\/az\/wp-json\/wp\/v2\/users\/8"}],"replies":[{"embeddable":true,"href":"https:\/\/www.meydan.tv\/az\/wp-json\/wp\/v2\/comments?post=296357"}],"version-history":[{"count":3,"href":"https:\/\/www.meydan.tv\/az\/wp-json\/wp\/v2\/posts\/296357\/revisions"}],"predecessor-version":[{"id":296367,"href":"https:\/\/www.meydan.tv\/az\/wp-json\/wp\/v2\/posts\/296357\/revisions\/296367"}],"wp:featuredmedia":[{"embeddable":true,"href":"https:\/\/www.meydan.tv\/az\/wp-json\/wp\/v2\/media\/296358"}],"wp:attachment":[{"href":"https:\/\/www.meydan.tv\/az\/wp-json\/wp\/v2\/media?parent=296357"}],"wp:term":[{"taxonomy":"category","embeddable":true,"href":"https:\/\/www.meydan.tv\/az\/wp-json\/wp\/v2\/categories?post=296357"},{"taxonomy":"post_tag","embeddable":true,"href":"https:\/\/www.meydan.tv\/az\/wp-json\/wp\/v2\/tags?post=296357"}],"curies":[{"name":"wp","href":"https:\/\/api.w.org\/{rel}","templated":true}]}}