{"id":296343,"date":"2024-01-27T17:46:47","date_gmt":"2024-01-27T13:46:47","guid":{"rendered":"https:\/\/www.meydan.tv\/?p=296343"},"modified":"2024-01-27T17:46:53","modified_gmt":"2024-01-27T13:46:53","slug":"azerbaycanda-zabitin-herbi-hissede-qetle-yetirildiyi-bildirilir","status":"publish","type":"post","link":"https:\/\/www.meydan.tv\/az\/article\/azerbaycanda-zabitin-herbi-hissede-qetle-yetirildiyi-bildirilir\/","title":{"rendered":"Az\u0259rbaycanda zabitin h\u0259rbi hiss\u0259d\u0259 q\u0259tl\u0259 yetirildiyi bildirilir"},"content":{"rendered":"\n<p><\/p>\n\n\n\n<p><strong><em>Hadis\u0259d\u0259 \u015f\u00fcbh\u0259li bilin\u0259n dig\u0259r zabit tutularaq istintaqa c\u0259lb edilib<\/em><\/strong><\/p>\n\n\n\n<p>M\u00fcdafi\u0259 Nazirliyinin \u201cN\u201d sayl\u0131 h\u0259rbi hiss\u0259sinin zabiti Amil H\u00fcmb\u0259t o\u011flu Abdullayevin \u00f6ld\u00fcr\u00fcld\u00fcy\u00fc bildirilir.<\/p>\n\n\n\n<p>Bu bar\u0259d\u0259 F\u00fczuli Rayon H\u0259rbi prokurorlu\u011fu m\u0259lumat yay\u0131b.<\/p>\n\n\n\n<p>Az\u0259rbaycan Respublikas\u0131 H\u0259rbi Prokurorlu\u011fun m\u0259tbuat xidm\u0259tinin r\u0259hb\u0259ri Firad \u018fliyev d\u0259 Meydan TV-y\u0259 m\u0259lumat\u0131 t\u0259sdiql\u0259yib.<\/p>\n\n\n\n<p>O bildirib ki, fakt \u00fczr\u0259 F\u00fczuli H\u0259rbi Prokurorlu\u011funda Cinay\u0259t M\u0259c\u0259ll\u0259sinin 120.1-ci (q\u0259sd\u0259n adam \u00f6ld\u00fcrm\u0259, y\u0259ni dig\u0259r \u015f\u0259xsi q\u0259sd\u0259n h\u0259yatdan m\u0259hrum etm\u0259) madd\u0259si il\u0259 cinay\u0259t i\u015fi ba\u015flan\u0131b.<\/p>\n\n\n\n<p>Onun s\u00f6zl\u0259rin\u0259 g\u00f6r\u0259, F\u00fczuli H\u0259rbi Prokurorlu\u011funun v\u0259 Az\u0259rbaycan Respublikas\u0131 H\u0259rbi Prokurorlu\u011funun Kriminalistika v\u0259 \u0130nformasiya Texnologiyalar\u0131 idar\u0259sinin \u0259m\u0259kda\u015flar\u0131 t\u0259r\u0259find\u0259n hadis\u0259 yerin\u0259 v\u0259 meyit\u0259 bax\u0131\u015f ke\u00e7irilib:<\/p>\n\n\n\n<p>\u201c<em>\u0130\u015f \u00fc\u00e7\u00fcn \u0259h\u0259miyy\u0259t k\u0259sb ed\u0259n predmetl\u0259r maddi s\u00fcbut kimi g\u00f6t\u00fcr\u00fcl\u00fcb, \u015fahidl\u0259r dindirilib, m\u00fcvafiq ekspertizalar t\u0259yin edil\u0259r\u0259k dig\u0259r z\u0259ruri istintaq h\u0259r\u0259k\u0259tl\u0259ri h\u0259yata ke\u00e7irilib\u201d.<\/em><\/p>\n\n\n<div class=\"wp-block-image\">\n<figure class=\"alignright size-large is-resized\"><img decoding=\"async\" width=\"1095\" height=\"821\" data-src=\"https:\/\/www.meydan.tv\/wp-content\/uploads\/img-20240127-wa0008-1095x821.jpg\" alt=\"\" class=\"wp-image-296340 lazyload\" style=\"--smush-placeholder-width: 1095px; --smush-placeholder-aspect-ratio: 1095\/821;width:355px;height:auto\" src=\"data:image\/svg+xml;base64,PHN2ZyB3aWR0aD0iMSIgaGVpZ2h0PSIxIiB4bWxucz0iaHR0cDovL3d3dy53My5vcmcvMjAwMC9zdmciPjwvc3ZnPg==\" \/><figcaption class=\"wp-element-caption\">H\u0259rbi Prokurorlu\u011fun m\u0259tbuat xidm\u0259tinin r\u0259hb\u0259ri Firad \u018fliyev. Foto: HP<\/figcaption><\/figure>\n<\/div>\n\n\n<p>\u018fliyev qeyd edib ki, ilkin istintaqla, zabit Amil Abdullayevin dig\u0259r zabit Nizami Eynulla o\u011flu Abdullayev t\u0259r\u0259find\u0259n aralar\u0131nda yaranm\u0131\u015f m\u00fcbahis\u0259 z\u0259minind\u0259 q\u0259tl\u0259 yetirildiyi m\u0259lum olub.<\/p>\n\n\n\n<p>Prokurorlu\u011fun s\u00f6z\u00e7\u00fcs\u00fc bildirib ki, zabit Amil Abdullayevin<br>q\u0259sd\u0259n \u00f6ld\u00fcr\u00fclm\u0259sin\u0259 \u0259sasl\u0131 \u015f\u00fcbh\u0259l\u0259r m\u00fc\u0259yy\u0259n olundu\u011fundan Nizami Abdullayev \u015f\u00fcbh\u0259li \u015f\u0259xs qismind\u0259 tutularaq, istintaqa c\u0259lb edilib.<\/p>\n\n\n\n<p>\u201c<em>Haz\u0131rda istintaq davam etdirilir v\u0259 qanunvericiliyin t\u0259l\u0259bl\u0259rin\u0259 uy\u011fun olaraq b\u00fct\u00fcn t\u0259dbirl\u0259rin g\u00f6r\u00fclm\u0259si t\u0259min olunacaq\u201d, &#8211; <\/em>dey\u0259 o vur\u011fulay\u0131b.<\/p>\n\n\n\n<p>Meydan TV h\u0259lak olan zabitin yax\u0131nlar\u0131 il\u0259 \u0259laq\u0259 saxlaya bilm\u0259yib.<\/p>\n","protected":false},"excerpt":{"rendered":"<p>Hadis\u0259d\u0259 \u015f\u00fcbh\u0259li bilin\u0259n dig\u0259r zabit tutularaq istintaqa c\u0259lb edilib M\u00fcdafi\u0259 &#8230; <\/p>\n<p class=\"read-more-container\"><a title=\"Az\u0259rbaycanda zabitin h\u0259rbi hiss\u0259d\u0259 q\u0259tl\u0259 yetirildiyi bildirilir\" class=\"read-more button\" href=\"https:\/\/www.meydan.tv\/az\/article\/azerbaycanda-zabitin-herbi-hissede-qetle-yetirildiyi-bildirilir\/#more-296343\" aria-label=\"Read more about Az\u0259rbaycanda zabitin h\u0259rbi hiss\u0259d\u0259 q\u0259tl\u0259 yetirildiyi bildirilir\">Davam\u0131<\/a><\/p>\n","protected":false},"author":8,"featured_media":280368,"comment_status":"closed","ping_status":"closed","sticky":false,"template":"","format":"standard","meta":{"_acf_changed":false,"_sitemap_exclude":false,"_sitemap_priority":"","_sitemap_frequency":"","footnotes":""},"categories":[62,79,56],"tags":[],"class_list":["post-296343","post","type-post","status-publish","format-standard","has-post-thumbnail","hentry","category-sosial","category-featured","category-xeberler","infinite-scroll-item","generate-columns","tablet-grid-50","mobile-grid-100","grid-parent","grid-33","no-featured-image-padding"],"acf":[],"yoast_head":"<!-- This site is optimized with the Yoast SEO plugin v27.5 - https:\/\/yoast.com\/product\/yoast-seo-wordpress\/ -->\n<title>Az\u0259rbaycanda zabitin h\u0259rbi hiss\u0259d\u0259 q\u0259tl\u0259 yetirildiyi bildirilir - MEYDAN.TV<\/title>\n<meta name=\"robots\" content=\"index, follow, max-snippet:-1, max-image-preview:large, max-video-preview:-1\" \/>\n<link rel=\"canonical\" href=\"https:\/\/www.meydan.tv\/az\/article\/azerbaycanda-zabitin-herbi-hissede-qetle-yetirildiyi-bildirilir\/\" \/>\n<meta property=\"og:locale\" content=\"az_AZ\" \/>\n<meta property=\"og:type\" content=\"article\" \/>\n<meta property=\"og:title\" content=\"Az\u0259rbaycanda zabitin h\u0259rbi hiss\u0259d\u0259 q\u0259tl\u0259 yetirildiyi bildirilir - MEYDAN.TV\" \/>\n<meta property=\"og:description\" content=\"Hadis\u0259d\u0259 \u015f\u00fcbh\u0259li bilin\u0259n dig\u0259r zabit tutularaq istintaqa c\u0259lb edilib M\u00fcdafi\u0259 ... Davam\u0131\" \/>\n<meta property=\"og:url\" content=\"https:\/\/www.meydan.tv\/az\/article\/azerbaycanda-zabitin-herbi-hissede-qetle-yetirildiyi-bildirilir\/\" \/>\n<meta property=\"og:site_name\" content=\"MEYDAN.TV\" \/>\n<meta property=\"article:published_time\" content=\"2024-01-27T13:46:47+00:00\" \/>\n<meta property=\"article:modified_time\" content=\"2024-01-27T13:46:53+00:00\" \/>\n<meta property=\"og:image\" content=\"https:\/\/www.meydan.tv\/wp-content\/uploads\/untitled-design-162-e1690145038833.jpg\" \/>\n\t<meta property=\"og:image:width\" content=\"1200\" \/>\n\t<meta property=\"og:image:height\" content=\"696\" \/>\n\t<meta property=\"og:image:type\" content=\"image\/jpeg\" \/>\n<meta name=\"author\" content=\"elli\" \/>\n<meta name=\"twitter:card\" content=\"summary_large_image\" \/>\n<meta name=\"twitter:creator\" content=\"@elli\" \/>\n<script type=\"application\/ld+json\" class=\"yoast-schema-graph\">{\"@context\":\"https:\\\/\\\/schema.org\",\"@graph\":[{\"@type\":\"Article\",\"@id\":\"https:\\\/\\\/www.meydan.tv\\\/az\\\/article\\\/azerbaycanda-zabitin-herbi-hissede-qetle-yetirildiyi-bildirilir\\\/#article\",\"isPartOf\":{\"@id\":\"https:\\\/\\\/www.meydan.tv\\\/az\\\/article\\\/azerbaycanda-zabitin-herbi-hissede-qetle-yetirildiyi-bildirilir\\\/\"},\"author\":{\"name\":\"elli\",\"@id\":\"https:\\\/\\\/www.meydan.tv\\\/az\\\/#\\\/schema\\\/person\\\/9cdbecf90d17180ce1dfbd95b08dcf47\"},\"headline\":\"Az\u0259rbaycanda zabitin h\u0259rbi hiss\u0259d\u0259 q\u0259tl\u0259 yetirildiyi bildirilir\",\"datePublished\":\"2024-01-27T13:46:47+00:00\",\"dateModified\":\"2024-01-27T13:46:53+00:00\",\"mainEntityOfPage\":{\"@id\":\"https:\\\/\\\/www.meydan.tv\\\/az\\\/article\\\/azerbaycanda-zabitin-herbi-hissede-qetle-yetirildiyi-bildirilir\\\/\"},\"wordCount\":347,\"publisher\":{\"@id\":\"https:\\\/\\\/www.meydan.tv\\\/az\\\/#organization\"},\"image\":{\"@id\":\"https:\\\/\\\/www.meydan.tv\\\/az\\\/article\\\/azerbaycanda-zabitin-herbi-hissede-qetle-yetirildiyi-bildirilir\\\/#primaryimage\"},\"thumbnailUrl\":\"https:\\\/\\\/www.meydan.tv\\\/wp-content\\\/uploads\\\/untitled-design-162-e1690145038833.jpg\",\"articleSection\":[\"Sosial\",\"T\u00f6vsiy\u0259\",\"X\u0259b\u0259rl\u0259r\"],\"inLanguage\":\"az\"},{\"@type\":\"WebPage\",\"@id\":\"https:\\\/\\\/www.meydan.tv\\\/az\\\/article\\\/azerbaycanda-zabitin-herbi-hissede-qetle-yetirildiyi-bildirilir\\\/\",\"url\":\"https:\\\/\\\/www.meydan.tv\\\/az\\\/article\\\/azerbaycanda-zabitin-herbi-hissede-qetle-yetirildiyi-bildirilir\\\/\",\"name\":\"Az\u0259rbaycanda zabitin h\u0259rbi hiss\u0259d\u0259 q\u0259tl\u0259 yetirildiyi bildirilir - MEYDAN.TV\",\"isPartOf\":{\"@id\":\"https:\\\/\\\/www.meydan.tv\\\/az\\\/#website\"},\"primaryImageOfPage\":{\"@id\":\"https:\\\/\\\/www.meydan.tv\\\/az\\\/article\\\/azerbaycanda-zabitin-herbi-hissede-qetle-yetirildiyi-bildirilir\\\/#primaryimage\"},\"image\":{\"@id\":\"https:\\\/\\\/www.meydan.tv\\\/az\\\/article\\\/azerbaycanda-zabitin-herbi-hissede-qetle-yetirildiyi-bildirilir\\\/#primaryimage\"},\"thumbnailUrl\":\"https:\\\/\\\/www.meydan.tv\\\/wp-content\\\/uploads\\\/untitled-design-162-e1690145038833.jpg\",\"datePublished\":\"2024-01-27T13:46:47+00:00\",\"dateModified\":\"2024-01-27T13:46:53+00:00\",\"breadcrumb\":{\"@id\":\"https:\\\/\\\/www.meydan.tv\\\/az\\\/article\\\/azerbaycanda-zabitin-herbi-hissede-qetle-yetirildiyi-bildirilir\\\/#breadcrumb\"},\"inLanguage\":\"az\",\"potentialAction\":[{\"@type\":\"ReadAction\",\"target\":[\"https:\\\/\\\/www.meydan.tv\\\/az\\\/article\\\/azerbaycanda-zabitin-herbi-hissede-qetle-yetirildiyi-bildirilir\\\/\"]}]},{\"@type\":\"ImageObject\",\"inLanguage\":\"az\",\"@id\":\"https:\\\/\\\/www.meydan.tv\\\/az\\\/article\\\/azerbaycanda-zabitin-herbi-hissede-qetle-yetirildiyi-bildirilir\\\/#primaryimage\",\"url\":\"https:\\\/\\\/www.meydan.tv\\\/wp-content\\\/uploads\\\/untitled-design-162-e1690145038833.jpg\",\"contentUrl\":\"https:\\\/\\\/www.meydan.tv\\\/wp-content\\\/uploads\\\/untitled-design-162-e1690145038833.jpg\",\"width\":1200,\"height\":696,\"caption\":\"\u018fsg\u0259r. Foto: Meydan TV\"},{\"@type\":\"BreadcrumbList\",\"@id\":\"https:\\\/\\\/www.meydan.tv\\\/az\\\/article\\\/azerbaycanda-zabitin-herbi-hissede-qetle-yetirildiyi-bildirilir\\\/#breadcrumb\",\"itemListElement\":[{\"@type\":\"ListItem\",\"position\":1,\"name\":\"Ana s\u0259hif\u0259\",\"item\":\"https:\\\/\\\/www.meydan.tv\\\/az\\\/\"},{\"@type\":\"ListItem\",\"position\":2,\"name\":\"Sosial\",\"item\":\"https:\\\/\\\/www.meydan.tv\\\/az\\\/section\\\/sosial\\\/\"},{\"@type\":\"ListItem\",\"position\":3,\"name\":\"Az\u0259rbaycanda zabitin h\u0259rbi hiss\u0259d\u0259 q\u0259tl\u0259 yetirildiyi bildirilir\"}]},{\"@type\":\"WebSite\",\"@id\":\"https:\\\/\\\/www.meydan.tv\\\/az\\\/#website\",\"url\":\"https:\\\/\\\/www.meydan.tv\\\/az\\\/\",\"name\":\"MEYDAN.TV\",\"description\":\"Meydan TV Az\u0259rbaycan\u0131n media m\u0259kan\u0131ndak\u0131 alternativ s\u0259sidir\",\"publisher\":{\"@id\":\"https:\\\/\\\/www.meydan.tv\\\/az\\\/#organization\"},\"potentialAction\":[{\"@type\":\"SearchAction\",\"target\":{\"@type\":\"EntryPoint\",\"urlTemplate\":\"https:\\\/\\\/www.meydan.tv\\\/az\\\/?s={search_term_string}\"},\"query-input\":{\"@type\":\"PropertyValueSpecification\",\"valueRequired\":true,\"valueName\":\"search_term_string\"}}],\"inLanguage\":\"az\"},{\"@type\":\"Organization\",\"@id\":\"https:\\\/\\\/www.meydan.tv\\\/az\\\/#organization\",\"name\":\"Meydan TV\",\"url\":\"https:\\\/\\\/www.meydan.tv\\\/az\\\/\",\"logo\":{\"@type\":\"ImageObject\",\"inLanguage\":\"az\",\"@id\":\"https:\\\/\\\/www.meydan.tv\\\/az\\\/#\\\/schema\\\/logo\\\/image\\\/\",\"url\":\"https:\\\/\\\/www.meydan.tv\\\/wp-content\\\/uploads\\\/2021\\\/07\\\/meydan-logo.svg\",\"contentUrl\":\"https:\\\/\\\/www.meydan.tv\\\/wp-content\\\/uploads\\\/2021\\\/07\\\/meydan-logo.svg\",\"width\":195,\"height\":46,\"caption\":\"Meydan TV\"},\"image\":{\"@id\":\"https:\\\/\\\/www.meydan.tv\\\/az\\\/#\\\/schema\\\/logo\\\/image\\\/\"}},{\"@type\":\"Person\",\"@id\":\"https:\\\/\\\/www.meydan.tv\\\/az\\\/#\\\/schema\\\/person\\\/9cdbecf90d17180ce1dfbd95b08dcf47\",\"name\":\"elli\",\"sameAs\":[\"https:\\\/\\\/x.com\\\/elli\"]}]}<\/script>\n<!-- \/ Yoast SEO plugin. -->","yoast_head_json":{"title":"Az\u0259rbaycanda zabitin h\u0259rbi hiss\u0259d\u0259 q\u0259tl\u0259 yetirildiyi bildirilir - MEYDAN.TV","robots":{"index":"index","follow":"follow","max-snippet":"max-snippet:-1","max-image-preview":"max-image-preview:large","max-video-preview":"max-video-preview:-1"},"canonical":"https:\/\/www.meydan.tv\/az\/article\/azerbaycanda-zabitin-herbi-hissede-qetle-yetirildiyi-bildirilir\/","og_locale":"az_AZ","og_type":"article","og_title":"Az\u0259rbaycanda zabitin h\u0259rbi hiss\u0259d\u0259 q\u0259tl\u0259 yetirildiyi bildirilir - MEYDAN.TV","og_description":"Hadis\u0259d\u0259 \u015f\u00fcbh\u0259li bilin\u0259n dig\u0259r zabit tutularaq istintaqa c\u0259lb edilib M\u00fcdafi\u0259 ... Davam\u0131","og_url":"https:\/\/www.meydan.tv\/az\/article\/azerbaycanda-zabitin-herbi-hissede-qetle-yetirildiyi-bildirilir\/","og_site_name":"MEYDAN.TV","article_published_time":"2024-01-27T13:46:47+00:00","article_modified_time":"2024-01-27T13:46:53+00:00","og_image":[{"width":1200,"height":696,"url":"https:\/\/www.meydan.tv\/wp-content\/uploads\/untitled-design-162-e1690145038833.jpg","type":"image\/jpeg"}],"author":"elli","twitter_card":"summary_large_image","twitter_creator":"@elli","schema":{"@context":"https:\/\/schema.org","@graph":[{"@type":"Article","@id":"https:\/\/www.meydan.tv\/az\/article\/azerbaycanda-zabitin-herbi-hissede-qetle-yetirildiyi-bildirilir\/#article","isPartOf":{"@id":"https:\/\/www.meydan.tv\/az\/article\/azerbaycanda-zabitin-herbi-hissede-qetle-yetirildiyi-bildirilir\/"},"author":{"name":"elli","@id":"https:\/\/www.meydan.tv\/az\/#\/schema\/person\/9cdbecf90d17180ce1dfbd95b08dcf47"},"headline":"Az\u0259rbaycanda zabitin h\u0259rbi hiss\u0259d\u0259 q\u0259tl\u0259 yetirildiyi bildirilir","datePublished":"2024-01-27T13:46:47+00:00","dateModified":"2024-01-27T13:46:53+00:00","mainEntityOfPage":{"@id":"https:\/\/www.meydan.tv\/az\/article\/azerbaycanda-zabitin-herbi-hissede-qetle-yetirildiyi-bildirilir\/"},"wordCount":347,"publisher":{"@id":"https:\/\/www.meydan.tv\/az\/#organization"},"image":{"@id":"https:\/\/www.meydan.tv\/az\/article\/azerbaycanda-zabitin-herbi-hissede-qetle-yetirildiyi-bildirilir\/#primaryimage"},"thumbnailUrl":"https:\/\/www.meydan.tv\/wp-content\/uploads\/untitled-design-162-e1690145038833.jpg","articleSection":["Sosial","T\u00f6vsiy\u0259","X\u0259b\u0259rl\u0259r"],"inLanguage":"az"},{"@type":"WebPage","@id":"https:\/\/www.meydan.tv\/az\/article\/azerbaycanda-zabitin-herbi-hissede-qetle-yetirildiyi-bildirilir\/","url":"https:\/\/www.meydan.tv\/az\/article\/azerbaycanda-zabitin-herbi-hissede-qetle-yetirildiyi-bildirilir\/","name":"Az\u0259rbaycanda zabitin h\u0259rbi hiss\u0259d\u0259 q\u0259tl\u0259 yetirildiyi bildirilir - MEYDAN.TV","isPartOf":{"@id":"https:\/\/www.meydan.tv\/az\/#website"},"primaryImageOfPage":{"@id":"https:\/\/www.meydan.tv\/az\/article\/azerbaycanda-zabitin-herbi-hissede-qetle-yetirildiyi-bildirilir\/#primaryimage"},"image":{"@id":"https:\/\/www.meydan.tv\/az\/article\/azerbaycanda-zabitin-herbi-hissede-qetle-yetirildiyi-bildirilir\/#primaryimage"},"thumbnailUrl":"https:\/\/www.meydan.tv\/wp-content\/uploads\/untitled-design-162-e1690145038833.jpg","datePublished":"2024-01-27T13:46:47+00:00","dateModified":"2024-01-27T13:46:53+00:00","breadcrumb":{"@id":"https:\/\/www.meydan.tv\/az\/article\/azerbaycanda-zabitin-herbi-hissede-qetle-yetirildiyi-bildirilir\/#breadcrumb"},"inLanguage":"az","potentialAction":[{"@type":"ReadAction","target":["https:\/\/www.meydan.tv\/az\/article\/azerbaycanda-zabitin-herbi-hissede-qetle-yetirildiyi-bildirilir\/"]}]},{"@type":"ImageObject","inLanguage":"az","@id":"https:\/\/www.meydan.tv\/az\/article\/azerbaycanda-zabitin-herbi-hissede-qetle-yetirildiyi-bildirilir\/#primaryimage","url":"https:\/\/www.meydan.tv\/wp-content\/uploads\/untitled-design-162-e1690145038833.jpg","contentUrl":"https:\/\/www.meydan.tv\/wp-content\/uploads\/untitled-design-162-e1690145038833.jpg","width":1200,"height":696,"caption":"\u018fsg\u0259r. Foto: Meydan TV"},{"@type":"BreadcrumbList","@id":"https:\/\/www.meydan.tv\/az\/article\/azerbaycanda-zabitin-herbi-hissede-qetle-yetirildiyi-bildirilir\/#breadcrumb","itemListElement":[{"@type":"ListItem","position":1,"name":"Ana s\u0259hif\u0259","item":"https:\/\/www.meydan.tv\/az\/"},{"@type":"ListItem","position":2,"name":"Sosial","item":"https:\/\/www.meydan.tv\/az\/section\/sosial\/"},{"@type":"ListItem","position":3,"name":"Az\u0259rbaycanda zabitin h\u0259rbi hiss\u0259d\u0259 q\u0259tl\u0259 yetirildiyi bildirilir"}]},{"@type":"WebSite","@id":"https:\/\/www.meydan.tv\/az\/#website","url":"https:\/\/www.meydan.tv\/az\/","name":"MEYDAN.TV","description":"Meydan TV Az\u0259rbaycan\u0131n media m\u0259kan\u0131ndak\u0131 alternativ s\u0259sidir","publisher":{"@id":"https:\/\/www.meydan.tv\/az\/#organization"},"potentialAction":[{"@type":"SearchAction","target":{"@type":"EntryPoint","urlTemplate":"https:\/\/www.meydan.tv\/az\/?s={search_term_string}"},"query-input":{"@type":"PropertyValueSpecification","valueRequired":true,"valueName":"search_term_string"}}],"inLanguage":"az"},{"@type":"Organization","@id":"https:\/\/www.meydan.tv\/az\/#organization","name":"Meydan TV","url":"https:\/\/www.meydan.tv\/az\/","logo":{"@type":"ImageObject","inLanguage":"az","@id":"https:\/\/www.meydan.tv\/az\/#\/schema\/logo\/image\/","url":"https:\/\/www.meydan.tv\/wp-content\/uploads\/2021\/07\/meydan-logo.svg","contentUrl":"https:\/\/www.meydan.tv\/wp-content\/uploads\/2021\/07\/meydan-logo.svg","width":195,"height":46,"caption":"Meydan TV"},"image":{"@id":"https:\/\/www.meydan.tv\/az\/#\/schema\/logo\/image\/"}},{"@type":"Person","@id":"https:\/\/www.meydan.tv\/az\/#\/schema\/person\/9cdbecf90d17180ce1dfbd95b08dcf47","name":"elli","sameAs":["https:\/\/x.com\/elli"]}]}},"_links":{"self":[{"href":"https:\/\/www.meydan.tv\/az\/wp-json\/wp\/v2\/posts\/296343","targetHints":{"allow":["GET"]}}],"collection":[{"href":"https:\/\/www.meydan.tv\/az\/wp-json\/wp\/v2\/posts"}],"about":[{"href":"https:\/\/www.meydan.tv\/az\/wp-json\/wp\/v2\/types\/post"}],"author":[{"embeddable":true,"href":"https:\/\/www.meydan.tv\/az\/wp-json\/wp\/v2\/users\/8"}],"replies":[{"embeddable":true,"href":"https:\/\/www.meydan.tv\/az\/wp-json\/wp\/v2\/comments?post=296343"}],"version-history":[{"count":1,"href":"https:\/\/www.meydan.tv\/az\/wp-json\/wp\/v2\/posts\/296343\/revisions"}],"predecessor-version":[{"id":296344,"href":"https:\/\/www.meydan.tv\/az\/wp-json\/wp\/v2\/posts\/296343\/revisions\/296344"}],"wp:featuredmedia":[{"embeddable":true,"href":"https:\/\/www.meydan.tv\/az\/wp-json\/wp\/v2\/media\/280368"}],"wp:attachment":[{"href":"https:\/\/www.meydan.tv\/az\/wp-json\/wp\/v2\/media?parent=296343"}],"wp:term":[{"taxonomy":"category","embeddable":true,"href":"https:\/\/www.meydan.tv\/az\/wp-json\/wp\/v2\/categories?post=296343"},{"taxonomy":"post_tag","embeddable":true,"href":"https:\/\/www.meydan.tv\/az\/wp-json\/wp\/v2\/tags?post=296343"}],"curies":[{"name":"wp","href":"https:\/\/api.w.org\/{rel}","templated":true}]}}