{"id":296333,"date":"2024-01-27T16:47:37","date_gmt":"2024-01-27T12:47:37","guid":{"rendered":"https:\/\/www.meydan.tv\/?p=296333"},"modified":"2024-01-27T17:48:57","modified_gmt":"2024-01-27T13:48:57","slug":"yasamalda-iki-gundur-ki-qaz-yoxdur","status":"publish","type":"post","link":"https:\/\/www.meydan.tv\/az\/article\/yasamalda-iki-gundur-ki-qaz-yoxdur\/","title":{"rendered":"Yasamalda iki g\u00fcnd\u00fcr ki, qaz yoxdur"},"content":{"rendered":"\n<p><\/p>\n\n\n\n<p><strong><em>Sakinl\u0259r &#8220;Az\u0259riqaz&#8221;\u0131n f\u0259aliyy\u0259tind\u0259n gileyl\u0259nirl\u0259r<\/em><\/strong><\/p>\n\n\n\n<p>Bak\u0131n\u0131n Yasamal rayonunda iki g\u00fcnd\u00fcr ki, qaz k\u0259silib.<\/p>\n\n\n\n<p>Bu bar\u0259d\u0259 Yasamal sakinl\u0259ri sosial mediada m\u0259lumat yay\u0131blar.<\/p>\n\n\n\n<p>Yasamal sakini, h\u00fcquq\u015f\u00fcnas Xalid A\u011f\u0259liyev yaz\u0131r ki, qaz\u0131n k\u0259silm\u0259sinin s\u0259b\u0259bini q\u0259za il\u0259 \u0259laq\u0259l\u0259ndiribl\u0259r v\u0259 q\u0131sa zamanda b\u0259rpa olunaca\u011f\u0131 deyilib.<\/p>\n\n\n\n<p>Qaz ax\u015fam saatlar\u0131nda b\u0259rpa olunsa da, yenid\u0259n q\u0259za ba\u015f verib.<\/p>\n\n\n\n<p><em>&#8220;D\u00fcn\u0259nd\u0259n Yasamalda qaz k\u0259silib. D\u00fcn\u0259n r\u0259smi a\u00e7\u0131qlama vard\u0131 ki, t\u0259mir i\u015fl\u0259ri apar\u0131l\u0131r. Bu g\u00fcn d\u0259 r\u0259smi a\u00e7\u0131qlama verilib ki, q\u0259za ba\u015f verib, n\u0259tic\u0259l\u0259ri aradan qald\u0131rl\u0131r. Bilmirs\u0259n d\u00fcn\u0259n\u0259 inanasan, bu g\u00fcn\u0259, yoxsa, sabahk\u0131n\u0131 g\u00f6zl\u0259y\u0259s\u0259n&#8221;<\/em>, &#8211; dey\u0259 o qeyd edib.<\/p>\n\n\n\n<p>Rayon sakini, jurnalist G\u00fclzar M\u0259mm\u0259dli yaz\u0131r ki, \u00f6t\u0259n g\u00fcnd\u0259n qaz k\u0259sils\u0259 d\u0259, n\u0259 zaman b\u0259rpa olunaca\u011f\u0131 il\u0259 ba\u011fl\u0131 sakinl\u0259r\u0259 konkret bir cavab verilmir.<\/p>\n\n\n\n<p>&#8220;<em>Qaz\u0131n b\u0259rpa olunaca\u011f\u0131 vaxt deyilmir, normal s\u0259b\u0259b g\u00f6st\u0259rilmir, z\u0259ng\u0259 cavab verilmir. D\u00fcn\u0259n evd\u0259 bir \u00f6nc\u0259ki g\u00fcn\u00fcn h\u0259rar\u0259ti il\u0259 oturmaq olurdu, bu g\u00fcn is\u0259 \u00e7ox soyuqdur. Evd\u0259 4 n\u0259f\u0259rd\u0259n \u00fc\u00e7\u00fcm\u00fcz x\u0259st\u0259yik, d\u0259rman i\u00e7m\u0259y\u0259 isti su tapa bilmirik&#8221;.<\/em><\/p>\n\n\n\n<figure class=\"wp-block-image size-large\"><img decoding=\"async\" width=\"1200\" height=\"675\" data-src=\"https:\/\/www.meydan.tv\/wp-content\/uploads\/qaz-1-1200x675.jpg\" alt=\"\" class=\"wp-image-296330 lazyload\" src=\"data:image\/svg+xml;base64,PHN2ZyB3aWR0aD0iMSIgaGVpZ2h0PSIxIiB4bWxucz0iaHR0cDovL3d3dy53My5vcmcvMjAwMC9zdmciPjwvc3ZnPg==\" style=\"--smush-placeholder-width: 1200px; --smush-placeholder-aspect-ratio: 1200\/675;\" \/><figcaption class=\"wp-element-caption\">Foto: Az\u0259riqaz<\/figcaption><\/figure>\n\n\n\n<p>&nbsp;&#8220;Az\u0259riqaz&#8221; \u0130stehsalat Birliyi d\u0259 hadis\u0259 il\u0259 ba\u011fl\u0131 a\u00e7\u0131qlama yay\u0131b.<\/p>\n\n\n\n<p>Qurumdan bildirilib ki, Yasamal rayonunda ba\u015f ver\u0259n q\u0259zan\u0131n n\u0259tic\u0259l\u0259ri aradan qald\u0131r\u0131l\u0131r:<\/p>\n\n\n\n<p><em>&#8220;\u00d6t\u0259n g\u00fcn paytaxt\u0131n Yasamal rayonu, Xocas\u0259n QPS-d\u0259n qidalanan diametri 530 mm-lik qaz x\u0259ttinin M\u0259mm\u0259d\u015f\u0259rif H\u0259midov k\u00fc\u00e7\u0259sind\u0259n ke\u00e7\u0259n hiss\u0259sind\u0259 q\u0259za ba\u015f verib. D\u0259rhal yaranan probleml\u0259 ba\u011fl\u0131 SOCAR-\u0131n &#8220;Az\u0259riqaz&#8221; \u0130stehsalat Birliyinin \u00e7ox sayda i\u015f\u00e7i qrupu v\u0259 texnika c\u0259lb olunub&#8221;.<\/em><\/p>\n\n\n\n<p>&#8220;<em>Gec\u0259 saatlar\u0131ndan etibar\u0259n q\u0259za xidm\u0259ti \u0259m\u0259kda\u015flar\u0131 t\u0259r\u0259find\u0259n t\u0259mir i\u015fl\u0259ri davam etdirilir. M\u0259lumat \u00fc\u00e7\u00fcn bildir\u0259k ki, q\u0131sa m\u00fcdd\u0259t \u0259rzind\u0259 i\u015fl\u0259r yekunla\u015fd\u0131r\u0131laraq qaz t\u0259chizat\u0131n\u0131n b\u0259rpas\u0131 t\u0259min edil\u0259c\u0259k&#8221;, <\/em>&#8211; dey\u0259 qurumdan bildirilib.<\/p>\n","protected":false},"excerpt":{"rendered":"<p>Sakinl\u0259r &#8220;Az\u0259riqaz&#8221;\u0131n f\u0259aliyy\u0259tind\u0259n gileyl\u0259nirl\u0259r Bak\u0131n\u0131n Yasamal rayonunda iki g\u00fcnd\u00fcr ki, &#8230; <\/p>\n<p class=\"read-more-container\"><a title=\"Yasamalda iki g\u00fcnd\u00fcr ki, qaz yoxdur\" class=\"read-more button\" href=\"https:\/\/www.meydan.tv\/az\/article\/yasamalda-iki-gundur-ki-qaz-yoxdur\/#more-296333\" aria-label=\"Read more about Yasamalda iki g\u00fcnd\u00fcr ki, qaz yoxdur\">Davam\u0131<\/a><\/p>\n","protected":false},"author":8,"featured_media":157083,"comment_status":"closed","ping_status":"closed","sticky":false,"template":"","format":"standard","meta":{"_acf_changed":false,"_sitemap_exclude":false,"_sitemap_priority":"","_sitemap_frequency":"","footnotes":""},"categories":[62,79,56],"tags":[],"class_list":["post-296333","post","type-post","status-publish","format-standard","has-post-thumbnail","hentry","category-sosial","category-featured","category-xeberler","infinite-scroll-item","generate-columns","tablet-grid-50","mobile-grid-100","grid-parent","grid-33","no-featured-image-padding"],"acf":[],"yoast_head":"<!-- This site is optimized with the Yoast SEO plugin v27.5 - https:\/\/yoast.com\/product\/yoast-seo-wordpress\/ -->\n<title>Yasamalda iki g\u00fcnd\u00fcr ki, qaz yoxdur - MEYDAN.TV<\/title>\n<meta name=\"robots\" content=\"index, follow, max-snippet:-1, max-image-preview:large, max-video-preview:-1\" \/>\n<link rel=\"canonical\" href=\"https:\/\/www.meydan.tv\/az\/article\/yasamalda-iki-gundur-ki-qaz-yoxdur\/\" \/>\n<meta property=\"og:locale\" content=\"az_AZ\" \/>\n<meta property=\"og:type\" content=\"article\" \/>\n<meta property=\"og:title\" content=\"Yasamalda iki g\u00fcnd\u00fcr ki, qaz yoxdur - MEYDAN.TV\" \/>\n<meta property=\"og:description\" content=\"Sakinl\u0259r &#8220;Az\u0259riqaz&#8221;\u0131n f\u0259aliyy\u0259tind\u0259n gileyl\u0259nirl\u0259r Bak\u0131n\u0131n Yasamal rayonunda iki g\u00fcnd\u00fcr ki, ... Davam\u0131\" \/>\n<meta property=\"og:url\" content=\"https:\/\/www.meydan.tv\/az\/article\/yasamalda-iki-gundur-ki-qaz-yoxdur\/\" \/>\n<meta property=\"og:site_name\" content=\"MEYDAN.TV\" \/>\n<meta property=\"article:published_time\" content=\"2024-01-27T12:47:37+00:00\" \/>\n<meta property=\"article:modified_time\" content=\"2024-01-27T13:48:57+00:00\" \/>\n<meta property=\"og:image\" content=\"https:\/\/www.meydan.tv\/wp-content\/uploads\/20210228_103911-scaled.jpg\" \/>\n\t<meta property=\"og:image:width\" content=\"2560\" \/>\n\t<meta property=\"og:image:height\" content=\"1920\" \/>\n\t<meta property=\"og:image:type\" content=\"image\/jpeg\" \/>\n<meta name=\"author\" content=\"elli\" \/>\n<meta name=\"twitter:card\" content=\"summary_large_image\" \/>\n<meta name=\"twitter:creator\" content=\"@elli\" \/>\n<script type=\"application\/ld+json\" class=\"yoast-schema-graph\">{\"@context\":\"https:\\\/\\\/schema.org\",\"@graph\":[{\"@type\":\"Article\",\"@id\":\"https:\\\/\\\/www.meydan.tv\\\/az\\\/article\\\/yasamalda-iki-gundur-ki-qaz-yoxdur\\\/#article\",\"isPartOf\":{\"@id\":\"https:\\\/\\\/www.meydan.tv\\\/az\\\/article\\\/yasamalda-iki-gundur-ki-qaz-yoxdur\\\/\"},\"author\":{\"name\":\"elli\",\"@id\":\"https:\\\/\\\/www.meydan.tv\\\/az\\\/#\\\/schema\\\/person\\\/9cdbecf90d17180ce1dfbd95b08dcf47\"},\"headline\":\"Yasamalda iki g\u00fcnd\u00fcr ki, qaz yoxdur\",\"datePublished\":\"2024-01-27T12:47:37+00:00\",\"dateModified\":\"2024-01-27T13:48:57+00:00\",\"mainEntityOfPage\":{\"@id\":\"https:\\\/\\\/www.meydan.tv\\\/az\\\/article\\\/yasamalda-iki-gundur-ki-qaz-yoxdur\\\/\"},\"wordCount\":408,\"publisher\":{\"@id\":\"https:\\\/\\\/www.meydan.tv\\\/az\\\/#organization\"},\"image\":{\"@id\":\"https:\\\/\\\/www.meydan.tv\\\/az\\\/article\\\/yasamalda-iki-gundur-ki-qaz-yoxdur\\\/#primaryimage\"},\"thumbnailUrl\":\"https:\\\/\\\/www.meydan.tv\\\/wp-content\\\/uploads\\\/20210228_103911-scaled.jpg\",\"articleSection\":[\"Sosial\",\"T\u00f6vsiy\u0259\",\"X\u0259b\u0259rl\u0259r\"],\"inLanguage\":\"az\"},{\"@type\":\"WebPage\",\"@id\":\"https:\\\/\\\/www.meydan.tv\\\/az\\\/article\\\/yasamalda-iki-gundur-ki-qaz-yoxdur\\\/\",\"url\":\"https:\\\/\\\/www.meydan.tv\\\/az\\\/article\\\/yasamalda-iki-gundur-ki-qaz-yoxdur\\\/\",\"name\":\"Yasamalda iki g\u00fcnd\u00fcr ki, qaz yoxdur - MEYDAN.TV\",\"isPartOf\":{\"@id\":\"https:\\\/\\\/www.meydan.tv\\\/az\\\/#website\"},\"primaryImageOfPage\":{\"@id\":\"https:\\\/\\\/www.meydan.tv\\\/az\\\/article\\\/yasamalda-iki-gundur-ki-qaz-yoxdur\\\/#primaryimage\"},\"image\":{\"@id\":\"https:\\\/\\\/www.meydan.tv\\\/az\\\/article\\\/yasamalda-iki-gundur-ki-qaz-yoxdur\\\/#primaryimage\"},\"thumbnailUrl\":\"https:\\\/\\\/www.meydan.tv\\\/wp-content\\\/uploads\\\/20210228_103911-scaled.jpg\",\"datePublished\":\"2024-01-27T12:47:37+00:00\",\"dateModified\":\"2024-01-27T13:48:57+00:00\",\"breadcrumb\":{\"@id\":\"https:\\\/\\\/www.meydan.tv\\\/az\\\/article\\\/yasamalda-iki-gundur-ki-qaz-yoxdur\\\/#breadcrumb\"},\"inLanguage\":\"az\",\"potentialAction\":[{\"@type\":\"ReadAction\",\"target\":[\"https:\\\/\\\/www.meydan.tv\\\/az\\\/article\\\/yasamalda-iki-gundur-ki-qaz-yoxdur\\\/\"]}]},{\"@type\":\"ImageObject\",\"inLanguage\":\"az\",\"@id\":\"https:\\\/\\\/www.meydan.tv\\\/az\\\/article\\\/yasamalda-iki-gundur-ki-qaz-yoxdur\\\/#primaryimage\",\"url\":\"https:\\\/\\\/www.meydan.tv\\\/wp-content\\\/uploads\\\/20210228_103911-scaled.jpg\",\"contentUrl\":\"https:\\\/\\\/www.meydan.tv\\\/wp-content\\\/uploads\\\/20210228_103911-scaled.jpg\",\"width\":2560,\"height\":1920,\"caption\":\"Foto: Meydan TV\"},{\"@type\":\"BreadcrumbList\",\"@id\":\"https:\\\/\\\/www.meydan.tv\\\/az\\\/article\\\/yasamalda-iki-gundur-ki-qaz-yoxdur\\\/#breadcrumb\",\"itemListElement\":[{\"@type\":\"ListItem\",\"position\":1,\"name\":\"Ana s\u0259hif\u0259\",\"item\":\"https:\\\/\\\/www.meydan.tv\\\/az\\\/\"},{\"@type\":\"ListItem\",\"position\":2,\"name\":\"Sosial\",\"item\":\"https:\\\/\\\/www.meydan.tv\\\/az\\\/section\\\/sosial\\\/\"},{\"@type\":\"ListItem\",\"position\":3,\"name\":\"Yasamalda iki g\u00fcnd\u00fcr ki, qaz yoxdur\"}]},{\"@type\":\"WebSite\",\"@id\":\"https:\\\/\\\/www.meydan.tv\\\/az\\\/#website\",\"url\":\"https:\\\/\\\/www.meydan.tv\\\/az\\\/\",\"name\":\"MEYDAN.TV\",\"description\":\"Meydan TV Az\u0259rbaycan\u0131n media m\u0259kan\u0131ndak\u0131 alternativ s\u0259sidir\",\"publisher\":{\"@id\":\"https:\\\/\\\/www.meydan.tv\\\/az\\\/#organization\"},\"potentialAction\":[{\"@type\":\"SearchAction\",\"target\":{\"@type\":\"EntryPoint\",\"urlTemplate\":\"https:\\\/\\\/www.meydan.tv\\\/az\\\/?s={search_term_string}\"},\"query-input\":{\"@type\":\"PropertyValueSpecification\",\"valueRequired\":true,\"valueName\":\"search_term_string\"}}],\"inLanguage\":\"az\"},{\"@type\":\"Organization\",\"@id\":\"https:\\\/\\\/www.meydan.tv\\\/az\\\/#organization\",\"name\":\"Meydan TV\",\"url\":\"https:\\\/\\\/www.meydan.tv\\\/az\\\/\",\"logo\":{\"@type\":\"ImageObject\",\"inLanguage\":\"az\",\"@id\":\"https:\\\/\\\/www.meydan.tv\\\/az\\\/#\\\/schema\\\/logo\\\/image\\\/\",\"url\":\"https:\\\/\\\/www.meydan.tv\\\/wp-content\\\/uploads\\\/2021\\\/07\\\/meydan-logo.svg\",\"contentUrl\":\"https:\\\/\\\/www.meydan.tv\\\/wp-content\\\/uploads\\\/2021\\\/07\\\/meydan-logo.svg\",\"width\":195,\"height\":46,\"caption\":\"Meydan TV\"},\"image\":{\"@id\":\"https:\\\/\\\/www.meydan.tv\\\/az\\\/#\\\/schema\\\/logo\\\/image\\\/\"}},{\"@type\":\"Person\",\"@id\":\"https:\\\/\\\/www.meydan.tv\\\/az\\\/#\\\/schema\\\/person\\\/9cdbecf90d17180ce1dfbd95b08dcf47\",\"name\":\"elli\",\"sameAs\":[\"https:\\\/\\\/x.com\\\/elli\"]}]}<\/script>\n<!-- \/ Yoast SEO plugin. -->","yoast_head_json":{"title":"Yasamalda iki g\u00fcnd\u00fcr ki, qaz yoxdur - MEYDAN.TV","robots":{"index":"index","follow":"follow","max-snippet":"max-snippet:-1","max-image-preview":"max-image-preview:large","max-video-preview":"max-video-preview:-1"},"canonical":"https:\/\/www.meydan.tv\/az\/article\/yasamalda-iki-gundur-ki-qaz-yoxdur\/","og_locale":"az_AZ","og_type":"article","og_title":"Yasamalda iki g\u00fcnd\u00fcr ki, qaz yoxdur - MEYDAN.TV","og_description":"Sakinl\u0259r &#8220;Az\u0259riqaz&#8221;\u0131n f\u0259aliyy\u0259tind\u0259n gileyl\u0259nirl\u0259r Bak\u0131n\u0131n Yasamal rayonunda iki g\u00fcnd\u00fcr ki, ... Davam\u0131","og_url":"https:\/\/www.meydan.tv\/az\/article\/yasamalda-iki-gundur-ki-qaz-yoxdur\/","og_site_name":"MEYDAN.TV","article_published_time":"2024-01-27T12:47:37+00:00","article_modified_time":"2024-01-27T13:48:57+00:00","og_image":[{"width":2560,"height":1920,"url":"https:\/\/www.meydan.tv\/wp-content\/uploads\/20210228_103911-scaled.jpg","type":"image\/jpeg"}],"author":"elli","twitter_card":"summary_large_image","twitter_creator":"@elli","schema":{"@context":"https:\/\/schema.org","@graph":[{"@type":"Article","@id":"https:\/\/www.meydan.tv\/az\/article\/yasamalda-iki-gundur-ki-qaz-yoxdur\/#article","isPartOf":{"@id":"https:\/\/www.meydan.tv\/az\/article\/yasamalda-iki-gundur-ki-qaz-yoxdur\/"},"author":{"name":"elli","@id":"https:\/\/www.meydan.tv\/az\/#\/schema\/person\/9cdbecf90d17180ce1dfbd95b08dcf47"},"headline":"Yasamalda iki g\u00fcnd\u00fcr ki, qaz yoxdur","datePublished":"2024-01-27T12:47:37+00:00","dateModified":"2024-01-27T13:48:57+00:00","mainEntityOfPage":{"@id":"https:\/\/www.meydan.tv\/az\/article\/yasamalda-iki-gundur-ki-qaz-yoxdur\/"},"wordCount":408,"publisher":{"@id":"https:\/\/www.meydan.tv\/az\/#organization"},"image":{"@id":"https:\/\/www.meydan.tv\/az\/article\/yasamalda-iki-gundur-ki-qaz-yoxdur\/#primaryimage"},"thumbnailUrl":"https:\/\/www.meydan.tv\/wp-content\/uploads\/20210228_103911-scaled.jpg","articleSection":["Sosial","T\u00f6vsiy\u0259","X\u0259b\u0259rl\u0259r"],"inLanguage":"az"},{"@type":"WebPage","@id":"https:\/\/www.meydan.tv\/az\/article\/yasamalda-iki-gundur-ki-qaz-yoxdur\/","url":"https:\/\/www.meydan.tv\/az\/article\/yasamalda-iki-gundur-ki-qaz-yoxdur\/","name":"Yasamalda iki g\u00fcnd\u00fcr ki, qaz yoxdur - MEYDAN.TV","isPartOf":{"@id":"https:\/\/www.meydan.tv\/az\/#website"},"primaryImageOfPage":{"@id":"https:\/\/www.meydan.tv\/az\/article\/yasamalda-iki-gundur-ki-qaz-yoxdur\/#primaryimage"},"image":{"@id":"https:\/\/www.meydan.tv\/az\/article\/yasamalda-iki-gundur-ki-qaz-yoxdur\/#primaryimage"},"thumbnailUrl":"https:\/\/www.meydan.tv\/wp-content\/uploads\/20210228_103911-scaled.jpg","datePublished":"2024-01-27T12:47:37+00:00","dateModified":"2024-01-27T13:48:57+00:00","breadcrumb":{"@id":"https:\/\/www.meydan.tv\/az\/article\/yasamalda-iki-gundur-ki-qaz-yoxdur\/#breadcrumb"},"inLanguage":"az","potentialAction":[{"@type":"ReadAction","target":["https:\/\/www.meydan.tv\/az\/article\/yasamalda-iki-gundur-ki-qaz-yoxdur\/"]}]},{"@type":"ImageObject","inLanguage":"az","@id":"https:\/\/www.meydan.tv\/az\/article\/yasamalda-iki-gundur-ki-qaz-yoxdur\/#primaryimage","url":"https:\/\/www.meydan.tv\/wp-content\/uploads\/20210228_103911-scaled.jpg","contentUrl":"https:\/\/www.meydan.tv\/wp-content\/uploads\/20210228_103911-scaled.jpg","width":2560,"height":1920,"caption":"Foto: Meydan TV"},{"@type":"BreadcrumbList","@id":"https:\/\/www.meydan.tv\/az\/article\/yasamalda-iki-gundur-ki-qaz-yoxdur\/#breadcrumb","itemListElement":[{"@type":"ListItem","position":1,"name":"Ana s\u0259hif\u0259","item":"https:\/\/www.meydan.tv\/az\/"},{"@type":"ListItem","position":2,"name":"Sosial","item":"https:\/\/www.meydan.tv\/az\/section\/sosial\/"},{"@type":"ListItem","position":3,"name":"Yasamalda iki g\u00fcnd\u00fcr ki, qaz yoxdur"}]},{"@type":"WebSite","@id":"https:\/\/www.meydan.tv\/az\/#website","url":"https:\/\/www.meydan.tv\/az\/","name":"MEYDAN.TV","description":"Meydan TV Az\u0259rbaycan\u0131n media m\u0259kan\u0131ndak\u0131 alternativ s\u0259sidir","publisher":{"@id":"https:\/\/www.meydan.tv\/az\/#organization"},"potentialAction":[{"@type":"SearchAction","target":{"@type":"EntryPoint","urlTemplate":"https:\/\/www.meydan.tv\/az\/?s={search_term_string}"},"query-input":{"@type":"PropertyValueSpecification","valueRequired":true,"valueName":"search_term_string"}}],"inLanguage":"az"},{"@type":"Organization","@id":"https:\/\/www.meydan.tv\/az\/#organization","name":"Meydan TV","url":"https:\/\/www.meydan.tv\/az\/","logo":{"@type":"ImageObject","inLanguage":"az","@id":"https:\/\/www.meydan.tv\/az\/#\/schema\/logo\/image\/","url":"https:\/\/www.meydan.tv\/wp-content\/uploads\/2021\/07\/meydan-logo.svg","contentUrl":"https:\/\/www.meydan.tv\/wp-content\/uploads\/2021\/07\/meydan-logo.svg","width":195,"height":46,"caption":"Meydan TV"},"image":{"@id":"https:\/\/www.meydan.tv\/az\/#\/schema\/logo\/image\/"}},{"@type":"Person","@id":"https:\/\/www.meydan.tv\/az\/#\/schema\/person\/9cdbecf90d17180ce1dfbd95b08dcf47","name":"elli","sameAs":["https:\/\/x.com\/elli"]}]}},"_links":{"self":[{"href":"https:\/\/www.meydan.tv\/az\/wp-json\/wp\/v2\/posts\/296333","targetHints":{"allow":["GET"]}}],"collection":[{"href":"https:\/\/www.meydan.tv\/az\/wp-json\/wp\/v2\/posts"}],"about":[{"href":"https:\/\/www.meydan.tv\/az\/wp-json\/wp\/v2\/types\/post"}],"author":[{"embeddable":true,"href":"https:\/\/www.meydan.tv\/az\/wp-json\/wp\/v2\/users\/8"}],"replies":[{"embeddable":true,"href":"https:\/\/www.meydan.tv\/az\/wp-json\/wp\/v2\/comments?post=296333"}],"version-history":[{"count":4,"href":"https:\/\/www.meydan.tv\/az\/wp-json\/wp\/v2\/posts\/296333\/revisions"}],"predecessor-version":[{"id":296345,"href":"https:\/\/www.meydan.tv\/az\/wp-json\/wp\/v2\/posts\/296333\/revisions\/296345"}],"wp:featuredmedia":[{"embeddable":true,"href":"https:\/\/www.meydan.tv\/az\/wp-json\/wp\/v2\/media\/157083"}],"wp:attachment":[{"href":"https:\/\/www.meydan.tv\/az\/wp-json\/wp\/v2\/media?parent=296333"}],"wp:term":[{"taxonomy":"category","embeddable":true,"href":"https:\/\/www.meydan.tv\/az\/wp-json\/wp\/v2\/categories?post=296333"},{"taxonomy":"post_tag","embeddable":true,"href":"https:\/\/www.meydan.tv\/az\/wp-json\/wp\/v2\/tags?post=296333"}],"curies":[{"name":"wp","href":"https:\/\/api.w.org\/{rel}","templated":true}]}}