{"id":296314,"date":"2024-01-26T20:39:04","date_gmt":"2024-01-26T16:39:04","guid":{"rendered":"https:\/\/www.meydan.tv\/?p=296314"},"modified":"2024-01-26T20:48:04","modified_gmt":"2024-01-26T16:48:04","slug":"qebul-imtahanlarinda-olke-birincisi-ve-qardasinin-dem-qazindan-boguldugu-bildirilir","status":"publish","type":"post","link":"https:\/\/www.meydan.tv\/az\/article\/qebul-imtahanlarinda-olke-birincisi-ve-qardasinin-dem-qazindan-boguldugu-bildirilir\/","title":{"rendered":"Q\u0259bul imtahanlar\u0131nda \u00f6lk\u0259 birincisi v\u0259 qarda\u015f\u0131n\u0131n d\u0259m qaz\u0131ndan bo\u011fuldu\u011fu bildirilir"},"content":{"rendered":"\n<p><strong><em>\u0130\u00e7\u0259rid\u0259 h\u0259r ikisinin meyiti tap\u0131l\u0131b<\/em><\/strong><\/p>\n\n\n\n<p>Bak\u0131da iki qarda\u015f d\u0259m qaz\u0131ndan bo\u011fulub. Hadis\u0259 N\u0259rimanov rayonu, B\u00f6y\u00fck\u015for q\u0259s\u0259b\u0259sind\u0259ki evl\u0259rd\u0259n birind\u0259 ba\u015f verib.<\/p>\n\n\n\n<p>Kiray\u0259 qald\u0131qlar\u0131 evd\u0259 2001-ci il t\u0259v\u0259ll\u00fcdl\u00fc \u018fli H\u0259s\u0259nov v\u0259 2002-ci il t\u0259v\u0259ll\u00fcdl\u00fc S\u0259rxan H\u0259s\u0259novun meyitl\u0259ri tap\u0131l\u0131b. Onlar\u0131n evd\u0259 yand\u0131rd\u0131qlar\u0131 sobadan g\u0259l\u0259n d\u0259m qaz\u0131ndan \u00f6ld\u00fckl\u0259ri m\u0259lum olub.<\/p>\n\n\n\n<p>Ba\u015f Prokurorlu\u011fun M\u0259tbuat xidm\u0259tind\u0259n Meydan TV-y\u0259 veril\u0259n m\u0259lumata g\u00f6r\u0259, H\u0259s\u0259nov qarda\u015flar\u0131n\u0131n d\u0259m qaz\u0131ndan z\u0259h\u0259rl\u0259n\u0259r\u0259k \u00f6lm\u0259l\u0259ri fakt\u0131 \u00fczr\u0259 N\u0259rimanov rayon prokurorlu\u011funda ara\u015fd\u0131rma apar\u0131l\u0131r.<\/p>\n\n\n\n<p>Yax\u0131nlar\u0131n\u0131n bildirdiyin\u0259 g\u00f6r\u0259, yanvar\u0131n 25-d\u0259n qarda\u015flar\u0131n he\u00e7 birind\u0259n x\u0259b\u0259r almaq m\u00fcmk\u00fcn olmay\u0131b. Bu s\u0259b\u0259bd\u0259n qohumlar\u0131 onlar\u0131n ya\u015fad\u0131\u011f\u0131 ev\u0259 g\u0259l\u0259r\u0259k, p\u0259nc\u0259r\u0259d\u0259n daxil olublar. \u0130\u00e7\u0259rid\u0259 h\u0259r ikisinin meyiti tap\u0131l\u0131b.<\/p>\n\n\n\n<p>Qarda\u015flar Tovuz rayonundand\u0131rlar. Onlar m\u0259kt\u0259bin ilk ill\u0259rind\u0259 Tovuzda t\u0259hsil alsalar da, sonradan Sumqay\u0131ta k\u00f6\u00e7\u00fcbl\u0259r.<\/p>\n\n\n\n<p>22 ya\u015fl\u0131 S\u0259rxan H\u0259s\u0259nov Az\u0259rbaycan Diplomatiya Akademiyas\u0131n\u0131n (ADA) h\u00fcquq\u015f\u00fcnasl\u0131q fak\u00fclt\u0259sind\u0259 IV kursda t\u0259hsil al\u0131rd\u0131. O, 2019-cu ild\u0259 Sumqay\u0131tda orta m\u0259kt\u0259bi q\u0131z\u0131l medalla bitirib. Daha sonra q\u0259bul imtahanlar\u0131nda toplad\u0131\u011f\u0131 696 balla III qrup \u00fczr\u0259 \u00f6lk\u0259 birincisi olmu\u015fdu. O, AB\u015e-a m\u0259hk\u0259m\u0259-h\u00fcquq sah\u0259si \u00fczr\u0259 t\u0259cr\u00fcb\u0259 ke\u00e7m\u0259y\u0259 g\u00f6nd\u0259ril\u0259n t\u0259l\u0259b\u0259l\u0259rd\u0259n olub.<\/p>\n\n\n\n<p>23 ya\u015fl\u0131 \u018fli H\u0259s\u0259novun is\u0259 2023-c\u00fc ilin oktyabr\u0131nda ail\u0259 qurdu\u011fu bildirilir.Hadis\u0259 ba\u015f ver\u0259n gec\u0259 onun h\u0259yat yolda\u015f\u0131 x\u0259st\u0259 oldu\u011funa g\u00f6r\u0259 valideynl\u0259rinin evind\u0259 qal\u0131bm\u0131\u015f.<\/p>\n","protected":false},"excerpt":{"rendered":"<p>\u0130\u00e7\u0259rid\u0259 h\u0259r ikisinin meyiti tap\u0131l\u0131b Bak\u0131da iki qarda\u015f d\u0259m qaz\u0131ndan &#8230; <\/p>\n<p class=\"read-more-container\"><a title=\"Q\u0259bul imtahanlar\u0131nda \u00f6lk\u0259 birincisi v\u0259 qarda\u015f\u0131n\u0131n d\u0259m qaz\u0131ndan bo\u011fuldu\u011fu bildirilir\" class=\"read-more button\" href=\"https:\/\/www.meydan.tv\/az\/article\/qebul-imtahanlarinda-olke-birincisi-ve-qardasinin-dem-qazindan-boguldugu-bildirilir\/#more-296314\" aria-label=\"Read more about Q\u0259bul imtahanlar\u0131nda \u00f6lk\u0259 birincisi v\u0259 qarda\u015f\u0131n\u0131n d\u0259m qaz\u0131ndan bo\u011fuldu\u011fu bildirilir\">Davam\u0131<\/a><\/p>\n","protected":false},"author":8,"featured_media":265257,"comment_status":"closed","ping_status":"closed","sticky":false,"template":"","format":"standard","meta":{"_acf_changed":false,"_sitemap_exclude":false,"_sitemap_priority":"","_sitemap_frequency":"","footnotes":""},"categories":[62,56],"tags":[],"class_list":["post-296314","post","type-post","status-publish","format-standard","has-post-thumbnail","hentry","category-sosial","category-xeberler","infinite-scroll-item","generate-columns","tablet-grid-50","mobile-grid-100","grid-parent","grid-33","no-featured-image-padding"],"acf":[],"yoast_head":"<!-- This site is optimized with the Yoast SEO plugin v27.5 - https:\/\/yoast.com\/product\/yoast-seo-wordpress\/ -->\n<title>Q\u0259bul imtahanlar\u0131nda \u00f6lk\u0259 birincisi v\u0259 qarda\u015f\u0131n\u0131n d\u0259m qaz\u0131ndan bo\u011fuldu\u011fu bildirilir - MEYDAN.TV<\/title>\n<meta name=\"robots\" content=\"index, follow, max-snippet:-1, max-image-preview:large, max-video-preview:-1\" \/>\n<link rel=\"canonical\" href=\"https:\/\/www.meydan.tv\/az\/article\/qebul-imtahanlarinda-olke-birincisi-ve-qardasinin-dem-qazindan-boguldugu-bildirilir\/\" \/>\n<meta property=\"og:locale\" content=\"az_AZ\" \/>\n<meta property=\"og:type\" content=\"article\" \/>\n<meta property=\"og:title\" content=\"Q\u0259bul imtahanlar\u0131nda \u00f6lk\u0259 birincisi v\u0259 qarda\u015f\u0131n\u0131n d\u0259m qaz\u0131ndan bo\u011fuldu\u011fu bildirilir - MEYDAN.TV\" \/>\n<meta property=\"og:description\" content=\"\u0130\u00e7\u0259rid\u0259 h\u0259r ikisinin meyiti tap\u0131l\u0131b Bak\u0131da iki qarda\u015f d\u0259m qaz\u0131ndan ... Davam\u0131\" \/>\n<meta property=\"og:url\" content=\"https:\/\/www.meydan.tv\/az\/article\/qebul-imtahanlarinda-olke-birincisi-ve-qardasinin-dem-qazindan-boguldugu-bildirilir\/\" \/>\n<meta property=\"og:site_name\" content=\"MEYDAN.TV\" \/>\n<meta property=\"article:published_time\" content=\"2024-01-26T16:39:04+00:00\" \/>\n<meta property=\"article:modified_time\" content=\"2024-01-26T16:48:04+00:00\" \/>\n<meta property=\"og:image\" content=\"https:\/\/www.meydan.tv\/wp-content\/uploads\/00dem-qaz2i.jpg\" \/>\n\t<meta property=\"og:image:width\" content=\"1200\" \/>\n\t<meta property=\"og:image:height\" content=\"750\" \/>\n\t<meta property=\"og:image:type\" content=\"image\/jpeg\" \/>\n<meta name=\"author\" content=\"elli\" \/>\n<meta name=\"twitter:card\" content=\"summary_large_image\" \/>\n<meta name=\"twitter:creator\" content=\"@elli\" \/>\n<script type=\"application\/ld+json\" class=\"yoast-schema-graph\">{\"@context\":\"https:\\\/\\\/schema.org\",\"@graph\":[{\"@type\":\"Article\",\"@id\":\"https:\\\/\\\/www.meydan.tv\\\/az\\\/article\\\/qebul-imtahanlarinda-olke-birincisi-ve-qardasinin-dem-qazindan-boguldugu-bildirilir\\\/#article\",\"isPartOf\":{\"@id\":\"https:\\\/\\\/www.meydan.tv\\\/az\\\/article\\\/qebul-imtahanlarinda-olke-birincisi-ve-qardasinin-dem-qazindan-boguldugu-bildirilir\\\/\"},\"author\":{\"name\":\"elli\",\"@id\":\"https:\\\/\\\/www.meydan.tv\\\/az\\\/#\\\/schema\\\/person\\\/9cdbecf90d17180ce1dfbd95b08dcf47\"},\"headline\":\"Q\u0259bul imtahanlar\u0131nda \u00f6lk\u0259 birincisi v\u0259 qarda\u015f\u0131n\u0131n d\u0259m qaz\u0131ndan bo\u011fuldu\u011fu bildirilir\",\"datePublished\":\"2024-01-26T16:39:04+00:00\",\"dateModified\":\"2024-01-26T16:48:04+00:00\",\"mainEntityOfPage\":{\"@id\":\"https:\\\/\\\/www.meydan.tv\\\/az\\\/article\\\/qebul-imtahanlarinda-olke-birincisi-ve-qardasinin-dem-qazindan-boguldugu-bildirilir\\\/\"},\"wordCount\":353,\"publisher\":{\"@id\":\"https:\\\/\\\/www.meydan.tv\\\/az\\\/#organization\"},\"image\":{\"@id\":\"https:\\\/\\\/www.meydan.tv\\\/az\\\/article\\\/qebul-imtahanlarinda-olke-birincisi-ve-qardasinin-dem-qazindan-boguldugu-bildirilir\\\/#primaryimage\"},\"thumbnailUrl\":\"https:\\\/\\\/www.meydan.tv\\\/wp-content\\\/uploads\\\/00dem-qaz2i.jpg\",\"articleSection\":[\"Sosial\",\"X\u0259b\u0259rl\u0259r\"],\"inLanguage\":\"az\"},{\"@type\":\"WebPage\",\"@id\":\"https:\\\/\\\/www.meydan.tv\\\/az\\\/article\\\/qebul-imtahanlarinda-olke-birincisi-ve-qardasinin-dem-qazindan-boguldugu-bildirilir\\\/\",\"url\":\"https:\\\/\\\/www.meydan.tv\\\/az\\\/article\\\/qebul-imtahanlarinda-olke-birincisi-ve-qardasinin-dem-qazindan-boguldugu-bildirilir\\\/\",\"name\":\"Q\u0259bul imtahanlar\u0131nda \u00f6lk\u0259 birincisi v\u0259 qarda\u015f\u0131n\u0131n d\u0259m qaz\u0131ndan bo\u011fuldu\u011fu bildirilir - MEYDAN.TV\",\"isPartOf\":{\"@id\":\"https:\\\/\\\/www.meydan.tv\\\/az\\\/#website\"},\"primaryImageOfPage\":{\"@id\":\"https:\\\/\\\/www.meydan.tv\\\/az\\\/article\\\/qebul-imtahanlarinda-olke-birincisi-ve-qardasinin-dem-qazindan-boguldugu-bildirilir\\\/#primaryimage\"},\"image\":{\"@id\":\"https:\\\/\\\/www.meydan.tv\\\/az\\\/article\\\/qebul-imtahanlarinda-olke-birincisi-ve-qardasinin-dem-qazindan-boguldugu-bildirilir\\\/#primaryimage\"},\"thumbnailUrl\":\"https:\\\/\\\/www.meydan.tv\\\/wp-content\\\/uploads\\\/00dem-qaz2i.jpg\",\"datePublished\":\"2024-01-26T16:39:04+00:00\",\"dateModified\":\"2024-01-26T16:48:04+00:00\",\"breadcrumb\":{\"@id\":\"https:\\\/\\\/www.meydan.tv\\\/az\\\/article\\\/qebul-imtahanlarinda-olke-birincisi-ve-qardasinin-dem-qazindan-boguldugu-bildirilir\\\/#breadcrumb\"},\"inLanguage\":\"az\",\"potentialAction\":[{\"@type\":\"ReadAction\",\"target\":[\"https:\\\/\\\/www.meydan.tv\\\/az\\\/article\\\/qebul-imtahanlarinda-olke-birincisi-ve-qardasinin-dem-qazindan-boguldugu-bildirilir\\\/\"]}]},{\"@type\":\"ImageObject\",\"inLanguage\":\"az\",\"@id\":\"https:\\\/\\\/www.meydan.tv\\\/az\\\/article\\\/qebul-imtahanlarinda-olke-birincisi-ve-qardasinin-dem-qazindan-boguldugu-bildirilir\\\/#primaryimage\",\"url\":\"https:\\\/\\\/www.meydan.tv\\\/wp-content\\\/uploads\\\/00dem-qaz2i.jpg\",\"contentUrl\":\"https:\\\/\\\/www.meydan.tv\\\/wp-content\\\/uploads\\\/00dem-qaz2i.jpg\",\"width\":1200,\"height\":750,\"caption\":\"D\u0259m qaz\u0131. M\u0259nb\u0259: \\\"saglamolun.az\\\"\"},{\"@type\":\"BreadcrumbList\",\"@id\":\"https:\\\/\\\/www.meydan.tv\\\/az\\\/article\\\/qebul-imtahanlarinda-olke-birincisi-ve-qardasinin-dem-qazindan-boguldugu-bildirilir\\\/#breadcrumb\",\"itemListElement\":[{\"@type\":\"ListItem\",\"position\":1,\"name\":\"Ana s\u0259hif\u0259\",\"item\":\"https:\\\/\\\/www.meydan.tv\\\/az\\\/\"},{\"@type\":\"ListItem\",\"position\":2,\"name\":\"Sosial\",\"item\":\"https:\\\/\\\/www.meydan.tv\\\/az\\\/section\\\/sosial\\\/\"},{\"@type\":\"ListItem\",\"position\":3,\"name\":\"Q\u0259bul imtahanlar\u0131nda \u00f6lk\u0259 birincisi v\u0259 qarda\u015f\u0131n\u0131n d\u0259m qaz\u0131ndan bo\u011fuldu\u011fu bildirilir\"}]},{\"@type\":\"WebSite\",\"@id\":\"https:\\\/\\\/www.meydan.tv\\\/az\\\/#website\",\"url\":\"https:\\\/\\\/www.meydan.tv\\\/az\\\/\",\"name\":\"MEYDAN.TV\",\"description\":\"Meydan TV Az\u0259rbaycan\u0131n media m\u0259kan\u0131ndak\u0131 alternativ s\u0259sidir\",\"publisher\":{\"@id\":\"https:\\\/\\\/www.meydan.tv\\\/az\\\/#organization\"},\"potentialAction\":[{\"@type\":\"SearchAction\",\"target\":{\"@type\":\"EntryPoint\",\"urlTemplate\":\"https:\\\/\\\/www.meydan.tv\\\/az\\\/?s={search_term_string}\"},\"query-input\":{\"@type\":\"PropertyValueSpecification\",\"valueRequired\":true,\"valueName\":\"search_term_string\"}}],\"inLanguage\":\"az\"},{\"@type\":\"Organization\",\"@id\":\"https:\\\/\\\/www.meydan.tv\\\/az\\\/#organization\",\"name\":\"Meydan TV\",\"url\":\"https:\\\/\\\/www.meydan.tv\\\/az\\\/\",\"logo\":{\"@type\":\"ImageObject\",\"inLanguage\":\"az\",\"@id\":\"https:\\\/\\\/www.meydan.tv\\\/az\\\/#\\\/schema\\\/logo\\\/image\\\/\",\"url\":\"https:\\\/\\\/www.meydan.tv\\\/wp-content\\\/uploads\\\/2021\\\/07\\\/meydan-logo.svg\",\"contentUrl\":\"https:\\\/\\\/www.meydan.tv\\\/wp-content\\\/uploads\\\/2021\\\/07\\\/meydan-logo.svg\",\"width\":195,\"height\":46,\"caption\":\"Meydan TV\"},\"image\":{\"@id\":\"https:\\\/\\\/www.meydan.tv\\\/az\\\/#\\\/schema\\\/logo\\\/image\\\/\"}},{\"@type\":\"Person\",\"@id\":\"https:\\\/\\\/www.meydan.tv\\\/az\\\/#\\\/schema\\\/person\\\/9cdbecf90d17180ce1dfbd95b08dcf47\",\"name\":\"elli\",\"sameAs\":[\"https:\\\/\\\/x.com\\\/elli\"]}]}<\/script>\n<!-- \/ Yoast SEO plugin. -->","yoast_head_json":{"title":"Q\u0259bul imtahanlar\u0131nda \u00f6lk\u0259 birincisi v\u0259 qarda\u015f\u0131n\u0131n d\u0259m qaz\u0131ndan bo\u011fuldu\u011fu bildirilir - MEYDAN.TV","robots":{"index":"index","follow":"follow","max-snippet":"max-snippet:-1","max-image-preview":"max-image-preview:large","max-video-preview":"max-video-preview:-1"},"canonical":"https:\/\/www.meydan.tv\/az\/article\/qebul-imtahanlarinda-olke-birincisi-ve-qardasinin-dem-qazindan-boguldugu-bildirilir\/","og_locale":"az_AZ","og_type":"article","og_title":"Q\u0259bul imtahanlar\u0131nda \u00f6lk\u0259 birincisi v\u0259 qarda\u015f\u0131n\u0131n d\u0259m qaz\u0131ndan bo\u011fuldu\u011fu bildirilir - MEYDAN.TV","og_description":"\u0130\u00e7\u0259rid\u0259 h\u0259r ikisinin meyiti tap\u0131l\u0131b Bak\u0131da iki qarda\u015f d\u0259m qaz\u0131ndan ... Davam\u0131","og_url":"https:\/\/www.meydan.tv\/az\/article\/qebul-imtahanlarinda-olke-birincisi-ve-qardasinin-dem-qazindan-boguldugu-bildirilir\/","og_site_name":"MEYDAN.TV","article_published_time":"2024-01-26T16:39:04+00:00","article_modified_time":"2024-01-26T16:48:04+00:00","og_image":[{"width":1200,"height":750,"url":"https:\/\/www.meydan.tv\/wp-content\/uploads\/00dem-qaz2i.jpg","type":"image\/jpeg"}],"author":"elli","twitter_card":"summary_large_image","twitter_creator":"@elli","schema":{"@context":"https:\/\/schema.org","@graph":[{"@type":"Article","@id":"https:\/\/www.meydan.tv\/az\/article\/qebul-imtahanlarinda-olke-birincisi-ve-qardasinin-dem-qazindan-boguldugu-bildirilir\/#article","isPartOf":{"@id":"https:\/\/www.meydan.tv\/az\/article\/qebul-imtahanlarinda-olke-birincisi-ve-qardasinin-dem-qazindan-boguldugu-bildirilir\/"},"author":{"name":"elli","@id":"https:\/\/www.meydan.tv\/az\/#\/schema\/person\/9cdbecf90d17180ce1dfbd95b08dcf47"},"headline":"Q\u0259bul imtahanlar\u0131nda \u00f6lk\u0259 birincisi v\u0259 qarda\u015f\u0131n\u0131n d\u0259m qaz\u0131ndan bo\u011fuldu\u011fu bildirilir","datePublished":"2024-01-26T16:39:04+00:00","dateModified":"2024-01-26T16:48:04+00:00","mainEntityOfPage":{"@id":"https:\/\/www.meydan.tv\/az\/article\/qebul-imtahanlarinda-olke-birincisi-ve-qardasinin-dem-qazindan-boguldugu-bildirilir\/"},"wordCount":353,"publisher":{"@id":"https:\/\/www.meydan.tv\/az\/#organization"},"image":{"@id":"https:\/\/www.meydan.tv\/az\/article\/qebul-imtahanlarinda-olke-birincisi-ve-qardasinin-dem-qazindan-boguldugu-bildirilir\/#primaryimage"},"thumbnailUrl":"https:\/\/www.meydan.tv\/wp-content\/uploads\/00dem-qaz2i.jpg","articleSection":["Sosial","X\u0259b\u0259rl\u0259r"],"inLanguage":"az"},{"@type":"WebPage","@id":"https:\/\/www.meydan.tv\/az\/article\/qebul-imtahanlarinda-olke-birincisi-ve-qardasinin-dem-qazindan-boguldugu-bildirilir\/","url":"https:\/\/www.meydan.tv\/az\/article\/qebul-imtahanlarinda-olke-birincisi-ve-qardasinin-dem-qazindan-boguldugu-bildirilir\/","name":"Q\u0259bul imtahanlar\u0131nda \u00f6lk\u0259 birincisi v\u0259 qarda\u015f\u0131n\u0131n d\u0259m qaz\u0131ndan bo\u011fuldu\u011fu bildirilir - MEYDAN.TV","isPartOf":{"@id":"https:\/\/www.meydan.tv\/az\/#website"},"primaryImageOfPage":{"@id":"https:\/\/www.meydan.tv\/az\/article\/qebul-imtahanlarinda-olke-birincisi-ve-qardasinin-dem-qazindan-boguldugu-bildirilir\/#primaryimage"},"image":{"@id":"https:\/\/www.meydan.tv\/az\/article\/qebul-imtahanlarinda-olke-birincisi-ve-qardasinin-dem-qazindan-boguldugu-bildirilir\/#primaryimage"},"thumbnailUrl":"https:\/\/www.meydan.tv\/wp-content\/uploads\/00dem-qaz2i.jpg","datePublished":"2024-01-26T16:39:04+00:00","dateModified":"2024-01-26T16:48:04+00:00","breadcrumb":{"@id":"https:\/\/www.meydan.tv\/az\/article\/qebul-imtahanlarinda-olke-birincisi-ve-qardasinin-dem-qazindan-boguldugu-bildirilir\/#breadcrumb"},"inLanguage":"az","potentialAction":[{"@type":"ReadAction","target":["https:\/\/www.meydan.tv\/az\/article\/qebul-imtahanlarinda-olke-birincisi-ve-qardasinin-dem-qazindan-boguldugu-bildirilir\/"]}]},{"@type":"ImageObject","inLanguage":"az","@id":"https:\/\/www.meydan.tv\/az\/article\/qebul-imtahanlarinda-olke-birincisi-ve-qardasinin-dem-qazindan-boguldugu-bildirilir\/#primaryimage","url":"https:\/\/www.meydan.tv\/wp-content\/uploads\/00dem-qaz2i.jpg","contentUrl":"https:\/\/www.meydan.tv\/wp-content\/uploads\/00dem-qaz2i.jpg","width":1200,"height":750,"caption":"D\u0259m qaz\u0131. M\u0259nb\u0259: \"saglamolun.az\""},{"@type":"BreadcrumbList","@id":"https:\/\/www.meydan.tv\/az\/article\/qebul-imtahanlarinda-olke-birincisi-ve-qardasinin-dem-qazindan-boguldugu-bildirilir\/#breadcrumb","itemListElement":[{"@type":"ListItem","position":1,"name":"Ana s\u0259hif\u0259","item":"https:\/\/www.meydan.tv\/az\/"},{"@type":"ListItem","position":2,"name":"Sosial","item":"https:\/\/www.meydan.tv\/az\/section\/sosial\/"},{"@type":"ListItem","position":3,"name":"Q\u0259bul imtahanlar\u0131nda \u00f6lk\u0259 birincisi v\u0259 qarda\u015f\u0131n\u0131n d\u0259m qaz\u0131ndan bo\u011fuldu\u011fu bildirilir"}]},{"@type":"WebSite","@id":"https:\/\/www.meydan.tv\/az\/#website","url":"https:\/\/www.meydan.tv\/az\/","name":"MEYDAN.TV","description":"Meydan TV Az\u0259rbaycan\u0131n media m\u0259kan\u0131ndak\u0131 alternativ s\u0259sidir","publisher":{"@id":"https:\/\/www.meydan.tv\/az\/#organization"},"potentialAction":[{"@type":"SearchAction","target":{"@type":"EntryPoint","urlTemplate":"https:\/\/www.meydan.tv\/az\/?s={search_term_string}"},"query-input":{"@type":"PropertyValueSpecification","valueRequired":true,"valueName":"search_term_string"}}],"inLanguage":"az"},{"@type":"Organization","@id":"https:\/\/www.meydan.tv\/az\/#organization","name":"Meydan TV","url":"https:\/\/www.meydan.tv\/az\/","logo":{"@type":"ImageObject","inLanguage":"az","@id":"https:\/\/www.meydan.tv\/az\/#\/schema\/logo\/image\/","url":"https:\/\/www.meydan.tv\/wp-content\/uploads\/2021\/07\/meydan-logo.svg","contentUrl":"https:\/\/www.meydan.tv\/wp-content\/uploads\/2021\/07\/meydan-logo.svg","width":195,"height":46,"caption":"Meydan TV"},"image":{"@id":"https:\/\/www.meydan.tv\/az\/#\/schema\/logo\/image\/"}},{"@type":"Person","@id":"https:\/\/www.meydan.tv\/az\/#\/schema\/person\/9cdbecf90d17180ce1dfbd95b08dcf47","name":"elli","sameAs":["https:\/\/x.com\/elli"]}]}},"_links":{"self":[{"href":"https:\/\/www.meydan.tv\/az\/wp-json\/wp\/v2\/posts\/296314","targetHints":{"allow":["GET"]}}],"collection":[{"href":"https:\/\/www.meydan.tv\/az\/wp-json\/wp\/v2\/posts"}],"about":[{"href":"https:\/\/www.meydan.tv\/az\/wp-json\/wp\/v2\/types\/post"}],"author":[{"embeddable":true,"href":"https:\/\/www.meydan.tv\/az\/wp-json\/wp\/v2\/users\/8"}],"replies":[{"embeddable":true,"href":"https:\/\/www.meydan.tv\/az\/wp-json\/wp\/v2\/comments?post=296314"}],"version-history":[{"count":2,"href":"https:\/\/www.meydan.tv\/az\/wp-json\/wp\/v2\/posts\/296314\/revisions"}],"predecessor-version":[{"id":296316,"href":"https:\/\/www.meydan.tv\/az\/wp-json\/wp\/v2\/posts\/296314\/revisions\/296316"}],"wp:featuredmedia":[{"embeddable":true,"href":"https:\/\/www.meydan.tv\/az\/wp-json\/wp\/v2\/media\/265257"}],"wp:attachment":[{"href":"https:\/\/www.meydan.tv\/az\/wp-json\/wp\/v2\/media?parent=296314"}],"wp:term":[{"taxonomy":"category","embeddable":true,"href":"https:\/\/www.meydan.tv\/az\/wp-json\/wp\/v2\/categories?post=296314"},{"taxonomy":"post_tag","embeddable":true,"href":"https:\/\/www.meydan.tv\/az\/wp-json\/wp\/v2\/tags?post=296314"}],"curies":[{"name":"wp","href":"https:\/\/api.w.org\/{rel}","templated":true}]}}