{"id":296215,"date":"2024-01-26T11:56:58","date_gmt":"2024-01-26T07:56:58","guid":{"rendered":"https:\/\/www.meydan.tv\/?p=296215"},"modified":"2024-01-26T12:27:45","modified_gmt":"2024-01-26T08:27:45","slug":"oten-il-azerbaycanda-36-min-811-cinayet-qeyde-alinib","status":"publish","type":"post","link":"https:\/\/www.meydan.tv\/az\/article\/oten-il-azerbaycanda-36-min-811-cinayet-qeyde-alinib\/","title":{"rendered":"\u00d6t\u0259n il Az\u0259rbaycanda 36 min 811 cinay\u0259t qeyd\u0259 al\u0131n\u0131b"},"content":{"rendered":"\n<p><\/p>\n\n\n\n<p><strong><em>Kamran \u018fliyev: \u201c\u018fvv\u0259lki ill\u0259 m\u00fcqayis\u0259d\u0259 2023-c\u00fc ild\u0259 ba\u015f vermi\u015f x\u00fcsusil\u0259 a\u011f\u0131r cinay\u0259tl\u0259rin faiz g\u00f6st\u0259ricisi d\u0259yi\u015fm\u0259yib\u201d<\/em><\/strong><\/p>\n\n\n\n<p>2023-c\u00fc ild\u0259 Az\u0259rbaycanda 36 min 811 cinay\u0259t qeyd\u0259 al\u0131n\u0131b. Bu cinay\u0259tl\u0259rd\u0259n 87,8 faizinin \u00fcst\u00fc a\u00e7\u0131l\u0131b. Bu bar\u0259d\u0259 Ba\u015f prokuror Kamran \u018fliyev yanvar\u0131n 26-da Ba\u015f Prokurorluqda ke\u00e7iril\u0259n kollegiya iclas\u0131nda \u00e7\u0131x\u0131\u015f ed\u0259rk\u0259n m\u0259lumat verib.<\/p>\n\n\n\n<p>O bildirib ki, \u0259vv\u0259lki ill\u0259 m\u00fcqayis\u0259d\u0259 2023-c\u00fc ild\u0259 ba\u015f vermi\u015f x\u00fcsusil\u0259 a\u011f\u0131r cinay\u0259tl\u0259rin faiz g\u00f6st\u0259ricisi d\u0259yi\u015fm\u0259yib. A\u011f\u0131r v\u0259 az a\u011f\u0131r cinay\u0259tl\u0259rin faiz nisb\u0259ti azal\u0131b. Amma b\u00f6y\u00fck ictimai t\u0259hl\u00fck\u0259 t\u00f6r\u0259tm\u0259y\u0259n cinay\u0259tl\u0259r art\u0131b.<\/p>\n\n\n\n<p>Kamran \u018fliyev \u00e7\u0131x\u0131\u015f\u0131nda cinay\u0259tl\u0259r n\u0259tic\u0259sind\u0259 vurulmu\u015f ziyanlar\u0131n \u00f6d\u0259nilm\u0259si bar\u0259d\u0259 d\u0259 dan\u0131\u015f\u0131b. Ba\u015f prokuror deyib ki, \u00f6t\u0259n il 76 milyon 223 min 179 manat ziyan \u00f6d\u0259nilib. 44,5 milyona yax\u0131n d\u0259y\u0259rd\u0259 \u0259mlak\u0131n \u00fcz\u0259rin\u0259 h\u0259bs qoyulub.<\/p>\n\n\n\n<p>El\u0259 cinay\u0259tl\u0259r var ki, h\u0259min i\u015fl\u0259rd\u0259 h\u0259m z\u0259r\u0259r\u00e7\u0259kmi\u015f\u0259 d\u0259ymi\u015f ziyanla yana\u015f\u0131, d\u00f6vl\u0259t n\u0259fin\u0259 d\u0259 m\u00fc\u0259yy\u0259n q\u0259d\u0259r v\u0259sait \u00f6d\u0259nil\u0259nd\u0259 \u015f\u0259xs cinay\u0259t m\u0259suliyy\u0259tind\u0259n azad olunur, cinay\u0259t i\u015fi \u00fczr\u0259 icraata xitam verilir. Ba\u015f prokuror \u0259lav\u0259 edib ki, 2023-c\u00fc ild\u0259 d\u00f6vl\u0259t b\u00fcdc\u0259sin\u0259 bel\u0259 \u00f6d\u0259m\u0259l\u0259r n\u0259tic\u0259sind\u0259 7 milyon 491 min 995 manat \u0259lav\u0259 v\u0259sait \u00f6d\u0259nilib.<\/p>\n\n\n<div class=\"wp-block-image\">\n<figure class=\"aligncenter size-full\"><img decoding=\"async\" width=\"1200\" height=\"800\" data-src=\"https:\/\/www.meydan.tv\/wp-content\/uploads\/photo-2024-01-26-11-34-55.jpg\" alt=\"\" class=\"wp-image-296217 lazyload\" src=\"data:image\/svg+xml;base64,PHN2ZyB3aWR0aD0iMSIgaGVpZ2h0PSIxIiB4bWxucz0iaHR0cDovL3d3dy53My5vcmcvMjAwMC9zdmciPjwvc3ZnPg==\" style=\"--smush-placeholder-width: 1200px; --smush-placeholder-aspect-ratio: 1200\/800;\" \/><figcaption class=\"wp-element-caption\">Ba\u015f Prokurorluq, kollegiya iclas\u0131. Foto: Ba\u015f Prokurorluq<\/figcaption><\/figure>\n<\/div>\n\n\n<p>Kamran \u018fliyev \u00e7\u0131x\u0131\u015f\u0131nda mina v\u0259 h\u0259rbi sursat partlay\u0131\u015flar\u0131yla ba\u011fl\u0131 statistikan\u0131 da a\u00e7\u0131qlay\u0131b. O bildirib ki, 2023-c\u00fc ild\u0259 58 n\u0259f\u0259r bel\u0259 partlay\u0131\u015flar\u0131n qurban\u0131 olub. Onlardan 19 n\u0259f\u0259r h\u0259lak olub, 39 n\u0259f\u0259r is\u0259 yaralan\u0131b.<\/p>\n\n\n\n<p>2020-ci ilin noyabr\u0131ndan indiy\u0259 q\u0259d\u0259r \u00fcmumilikd\u0259 342 n\u0259f\u0259r mina v\u0259 h\u0259rbi sursat partlay\u0131\u015flar\u0131n\u0131n qurban\u0131 olub. N\u0259tic\u0259d\u0259 onlar\u0131n 65-i h\u0259lak olub, 277 n\u0259f\u0259r is\u0259 x\u0259sar\u0259t al\u0131b.<\/p>\n\n\n\n<p>Kamran \u018fliyev \u00e7\u0131x\u0131\u015f\u0131nda prokurorluq \u0259m\u0259kda\u015flar\u0131n\u0131n f\u0259aliyy\u0259til\u0259 ba\u011fl\u0131 v\u0259ziyy\u0259t\u0259 d\u0259 toxunub. Deyib ki, 2023-c\u00fc ild\u0259 30 n\u0259f\u0259r prokurorluq i\u015f\u00e7isi v\u0259 8 d\u00f6vl\u0259t qulluq\u00e7usu haqq\u0131nda intizam t\u0259nbeh t\u0259dbiri g\u00f6r\u00fcl\u00fcb. Onlardan 7 n\u0259f\u0259r v\u0259zif\u0259d\u0259n azad olunub, 2 n\u0259f\u0259r is\u0259 \u00fcmumiyy\u0259tl\u0259, prokurorluq orqanlar\u0131ndan xaric edilib.<\/p>\n\n\n\n<p>\u00d6t\u0259n il 57 n\u0259f\u0259r prokurorlu\u011fa i\u015f\u0259 q\u0259bul olunub.<\/p>\n","protected":false},"excerpt":{"rendered":"<p>Kamran \u018fliyev: \u201c\u018fvv\u0259lki ill\u0259 m\u00fcqayis\u0259d\u0259 2023-c\u00fc ild\u0259 ba\u015f vermi\u015f x\u00fcsusil\u0259 &#8230; <\/p>\n<p class=\"read-more-container\"><a title=\"\u00d6t\u0259n il Az\u0259rbaycanda 36 min 811 cinay\u0259t qeyd\u0259 al\u0131n\u0131b\" class=\"read-more button\" href=\"https:\/\/www.meydan.tv\/az\/article\/oten-il-azerbaycanda-36-min-811-cinayet-qeyde-alinib\/#more-296215\" aria-label=\"Read more about \u00d6t\u0259n il Az\u0259rbaycanda 36 min 811 cinay\u0259t qeyd\u0259 al\u0131n\u0131b\">Davam\u0131<\/a><\/p>\n","protected":false},"author":8,"featured_media":296220,"comment_status":"closed","ping_status":"closed","sticky":false,"template":"","format":"standard","meta":{"_acf_changed":false,"_sitemap_exclude":false,"_sitemap_priority":"","_sitemap_frequency":"","footnotes":""},"categories":[62,56],"tags":[],"class_list":["post-296215","post","type-post","status-publish","format-standard","has-post-thumbnail","hentry","category-sosial","category-xeberler","infinite-scroll-item","generate-columns","tablet-grid-50","mobile-grid-100","grid-parent","grid-33","no-featured-image-padding"],"acf":[],"yoast_head":"<!-- This site is optimized with the Yoast SEO plugin v27.5 - https:\/\/yoast.com\/product\/yoast-seo-wordpress\/ -->\n<title>\u00d6t\u0259n il Az\u0259rbaycanda 36 min 811 cinay\u0259t qeyd\u0259 al\u0131n\u0131b - MEYDAN.TV<\/title>\n<meta name=\"robots\" content=\"index, follow, max-snippet:-1, max-image-preview:large, max-video-preview:-1\" \/>\n<link rel=\"canonical\" href=\"https:\/\/www.meydan.tv\/az\/article\/oten-il-azerbaycanda-36-min-811-cinayet-qeyde-alinib\/\" \/>\n<meta property=\"og:locale\" content=\"az_AZ\" \/>\n<meta property=\"og:type\" content=\"article\" \/>\n<meta property=\"og:title\" content=\"\u00d6t\u0259n il Az\u0259rbaycanda 36 min 811 cinay\u0259t qeyd\u0259 al\u0131n\u0131b - MEYDAN.TV\" \/>\n<meta property=\"og:description\" content=\"Kamran \u018fliyev: \u201c\u018fvv\u0259lki ill\u0259 m\u00fcqayis\u0259d\u0259 2023-c\u00fc ild\u0259 ba\u015f vermi\u015f x\u00fcsusil\u0259 ... Davam\u0131\" \/>\n<meta property=\"og:url\" content=\"https:\/\/www.meydan.tv\/az\/article\/oten-il-azerbaycanda-36-min-811-cinayet-qeyde-alinib\/\" \/>\n<meta property=\"og:site_name\" content=\"MEYDAN.TV\" \/>\n<meta property=\"article:published_time\" content=\"2024-01-26T07:56:58+00:00\" \/>\n<meta property=\"article:modified_time\" content=\"2024-01-26T08:27:45+00:00\" \/>\n<meta property=\"og:image\" content=\"https:\/\/www.meydan.tv\/wp-content\/uploads\/photo-2024-01-26-11-34-39.jpg\" \/>\n\t<meta property=\"og:image:width\" content=\"1200\" \/>\n\t<meta property=\"og:image:height\" content=\"800\" \/>\n\t<meta property=\"og:image:type\" content=\"image\/jpeg\" \/>\n<meta name=\"author\" content=\"elli\" \/>\n<meta name=\"twitter:card\" content=\"summary_large_image\" \/>\n<meta name=\"twitter:creator\" content=\"@elli\" \/>\n<script type=\"application\/ld+json\" class=\"yoast-schema-graph\">{\"@context\":\"https:\\\/\\\/schema.org\",\"@graph\":[{\"@type\":\"Article\",\"@id\":\"https:\\\/\\\/www.meydan.tv\\\/az\\\/article\\\/oten-il-azerbaycanda-36-min-811-cinayet-qeyde-alinib\\\/#article\",\"isPartOf\":{\"@id\":\"https:\\\/\\\/www.meydan.tv\\\/az\\\/article\\\/oten-il-azerbaycanda-36-min-811-cinayet-qeyde-alinib\\\/\"},\"author\":{\"name\":\"elli\",\"@id\":\"https:\\\/\\\/www.meydan.tv\\\/az\\\/#\\\/schema\\\/person\\\/9cdbecf90d17180ce1dfbd95b08dcf47\"},\"headline\":\"\u00d6t\u0259n il Az\u0259rbaycanda 36 min 811 cinay\u0259t qeyd\u0259 al\u0131n\u0131b\",\"datePublished\":\"2024-01-26T07:56:58+00:00\",\"dateModified\":\"2024-01-26T08:27:45+00:00\",\"mainEntityOfPage\":{\"@id\":\"https:\\\/\\\/www.meydan.tv\\\/az\\\/article\\\/oten-il-azerbaycanda-36-min-811-cinayet-qeyde-alinib\\\/\"},\"wordCount\":450,\"publisher\":{\"@id\":\"https:\\\/\\\/www.meydan.tv\\\/az\\\/#organization\"},\"image\":{\"@id\":\"https:\\\/\\\/www.meydan.tv\\\/az\\\/article\\\/oten-il-azerbaycanda-36-min-811-cinayet-qeyde-alinib\\\/#primaryimage\"},\"thumbnailUrl\":\"https:\\\/\\\/www.meydan.tv\\\/wp-content\\\/uploads\\\/photo-2024-01-26-11-34-39.jpg\",\"articleSection\":[\"Sosial\",\"X\u0259b\u0259rl\u0259r\"],\"inLanguage\":\"az\"},{\"@type\":\"WebPage\",\"@id\":\"https:\\\/\\\/www.meydan.tv\\\/az\\\/article\\\/oten-il-azerbaycanda-36-min-811-cinayet-qeyde-alinib\\\/\",\"url\":\"https:\\\/\\\/www.meydan.tv\\\/az\\\/article\\\/oten-il-azerbaycanda-36-min-811-cinayet-qeyde-alinib\\\/\",\"name\":\"\u00d6t\u0259n il Az\u0259rbaycanda 36 min 811 cinay\u0259t qeyd\u0259 al\u0131n\u0131b - MEYDAN.TV\",\"isPartOf\":{\"@id\":\"https:\\\/\\\/www.meydan.tv\\\/az\\\/#website\"},\"primaryImageOfPage\":{\"@id\":\"https:\\\/\\\/www.meydan.tv\\\/az\\\/article\\\/oten-il-azerbaycanda-36-min-811-cinayet-qeyde-alinib\\\/#primaryimage\"},\"image\":{\"@id\":\"https:\\\/\\\/www.meydan.tv\\\/az\\\/article\\\/oten-il-azerbaycanda-36-min-811-cinayet-qeyde-alinib\\\/#primaryimage\"},\"thumbnailUrl\":\"https:\\\/\\\/www.meydan.tv\\\/wp-content\\\/uploads\\\/photo-2024-01-26-11-34-39.jpg\",\"datePublished\":\"2024-01-26T07:56:58+00:00\",\"dateModified\":\"2024-01-26T08:27:45+00:00\",\"breadcrumb\":{\"@id\":\"https:\\\/\\\/www.meydan.tv\\\/az\\\/article\\\/oten-il-azerbaycanda-36-min-811-cinayet-qeyde-alinib\\\/#breadcrumb\"},\"inLanguage\":\"az\",\"potentialAction\":[{\"@type\":\"ReadAction\",\"target\":[\"https:\\\/\\\/www.meydan.tv\\\/az\\\/article\\\/oten-il-azerbaycanda-36-min-811-cinayet-qeyde-alinib\\\/\"]}]},{\"@type\":\"ImageObject\",\"inLanguage\":\"az\",\"@id\":\"https:\\\/\\\/www.meydan.tv\\\/az\\\/article\\\/oten-il-azerbaycanda-36-min-811-cinayet-qeyde-alinib\\\/#primaryimage\",\"url\":\"https:\\\/\\\/www.meydan.tv\\\/wp-content\\\/uploads\\\/photo-2024-01-26-11-34-39.jpg\",\"contentUrl\":\"https:\\\/\\\/www.meydan.tv\\\/wp-content\\\/uploads\\\/photo-2024-01-26-11-34-39.jpg\",\"width\":1200,\"height\":800,\"caption\":\"Kamran \u018fliyev. Foto: Ba\u015f Prokurorluq\"},{\"@type\":\"BreadcrumbList\",\"@id\":\"https:\\\/\\\/www.meydan.tv\\\/az\\\/article\\\/oten-il-azerbaycanda-36-min-811-cinayet-qeyde-alinib\\\/#breadcrumb\",\"itemListElement\":[{\"@type\":\"ListItem\",\"position\":1,\"name\":\"Ana s\u0259hif\u0259\",\"item\":\"https:\\\/\\\/www.meydan.tv\\\/az\\\/\"},{\"@type\":\"ListItem\",\"position\":2,\"name\":\"Sosial\",\"item\":\"https:\\\/\\\/www.meydan.tv\\\/az\\\/section\\\/sosial\\\/\"},{\"@type\":\"ListItem\",\"position\":3,\"name\":\"\u00d6t\u0259n il Az\u0259rbaycanda 36 min 811 cinay\u0259t qeyd\u0259 al\u0131n\u0131b\"}]},{\"@type\":\"WebSite\",\"@id\":\"https:\\\/\\\/www.meydan.tv\\\/az\\\/#website\",\"url\":\"https:\\\/\\\/www.meydan.tv\\\/az\\\/\",\"name\":\"MEYDAN.TV\",\"description\":\"Meydan TV Az\u0259rbaycan\u0131n media m\u0259kan\u0131ndak\u0131 alternativ s\u0259sidir\",\"publisher\":{\"@id\":\"https:\\\/\\\/www.meydan.tv\\\/az\\\/#organization\"},\"potentialAction\":[{\"@type\":\"SearchAction\",\"target\":{\"@type\":\"EntryPoint\",\"urlTemplate\":\"https:\\\/\\\/www.meydan.tv\\\/az\\\/?s={search_term_string}\"},\"query-input\":{\"@type\":\"PropertyValueSpecification\",\"valueRequired\":true,\"valueName\":\"search_term_string\"}}],\"inLanguage\":\"az\"},{\"@type\":\"Organization\",\"@id\":\"https:\\\/\\\/www.meydan.tv\\\/az\\\/#organization\",\"name\":\"Meydan TV\",\"url\":\"https:\\\/\\\/www.meydan.tv\\\/az\\\/\",\"logo\":{\"@type\":\"ImageObject\",\"inLanguage\":\"az\",\"@id\":\"https:\\\/\\\/www.meydan.tv\\\/az\\\/#\\\/schema\\\/logo\\\/image\\\/\",\"url\":\"https:\\\/\\\/www.meydan.tv\\\/wp-content\\\/uploads\\\/2021\\\/07\\\/meydan-logo.svg\",\"contentUrl\":\"https:\\\/\\\/www.meydan.tv\\\/wp-content\\\/uploads\\\/2021\\\/07\\\/meydan-logo.svg\",\"width\":195,\"height\":46,\"caption\":\"Meydan TV\"},\"image\":{\"@id\":\"https:\\\/\\\/www.meydan.tv\\\/az\\\/#\\\/schema\\\/logo\\\/image\\\/\"}},{\"@type\":\"Person\",\"@id\":\"https:\\\/\\\/www.meydan.tv\\\/az\\\/#\\\/schema\\\/person\\\/9cdbecf90d17180ce1dfbd95b08dcf47\",\"name\":\"elli\",\"sameAs\":[\"https:\\\/\\\/x.com\\\/elli\"]}]}<\/script>\n<!-- \/ Yoast SEO plugin. -->","yoast_head_json":{"title":"\u00d6t\u0259n il Az\u0259rbaycanda 36 min 811 cinay\u0259t qeyd\u0259 al\u0131n\u0131b - MEYDAN.TV","robots":{"index":"index","follow":"follow","max-snippet":"max-snippet:-1","max-image-preview":"max-image-preview:large","max-video-preview":"max-video-preview:-1"},"canonical":"https:\/\/www.meydan.tv\/az\/article\/oten-il-azerbaycanda-36-min-811-cinayet-qeyde-alinib\/","og_locale":"az_AZ","og_type":"article","og_title":"\u00d6t\u0259n il Az\u0259rbaycanda 36 min 811 cinay\u0259t qeyd\u0259 al\u0131n\u0131b - MEYDAN.TV","og_description":"Kamran \u018fliyev: \u201c\u018fvv\u0259lki ill\u0259 m\u00fcqayis\u0259d\u0259 2023-c\u00fc ild\u0259 ba\u015f vermi\u015f x\u00fcsusil\u0259 ... Davam\u0131","og_url":"https:\/\/www.meydan.tv\/az\/article\/oten-il-azerbaycanda-36-min-811-cinayet-qeyde-alinib\/","og_site_name":"MEYDAN.TV","article_published_time":"2024-01-26T07:56:58+00:00","article_modified_time":"2024-01-26T08:27:45+00:00","og_image":[{"width":1200,"height":800,"url":"https:\/\/www.meydan.tv\/wp-content\/uploads\/photo-2024-01-26-11-34-39.jpg","type":"image\/jpeg"}],"author":"elli","twitter_card":"summary_large_image","twitter_creator":"@elli","schema":{"@context":"https:\/\/schema.org","@graph":[{"@type":"Article","@id":"https:\/\/www.meydan.tv\/az\/article\/oten-il-azerbaycanda-36-min-811-cinayet-qeyde-alinib\/#article","isPartOf":{"@id":"https:\/\/www.meydan.tv\/az\/article\/oten-il-azerbaycanda-36-min-811-cinayet-qeyde-alinib\/"},"author":{"name":"elli","@id":"https:\/\/www.meydan.tv\/az\/#\/schema\/person\/9cdbecf90d17180ce1dfbd95b08dcf47"},"headline":"\u00d6t\u0259n il Az\u0259rbaycanda 36 min 811 cinay\u0259t qeyd\u0259 al\u0131n\u0131b","datePublished":"2024-01-26T07:56:58+00:00","dateModified":"2024-01-26T08:27:45+00:00","mainEntityOfPage":{"@id":"https:\/\/www.meydan.tv\/az\/article\/oten-il-azerbaycanda-36-min-811-cinayet-qeyde-alinib\/"},"wordCount":450,"publisher":{"@id":"https:\/\/www.meydan.tv\/az\/#organization"},"image":{"@id":"https:\/\/www.meydan.tv\/az\/article\/oten-il-azerbaycanda-36-min-811-cinayet-qeyde-alinib\/#primaryimage"},"thumbnailUrl":"https:\/\/www.meydan.tv\/wp-content\/uploads\/photo-2024-01-26-11-34-39.jpg","articleSection":["Sosial","X\u0259b\u0259rl\u0259r"],"inLanguage":"az"},{"@type":"WebPage","@id":"https:\/\/www.meydan.tv\/az\/article\/oten-il-azerbaycanda-36-min-811-cinayet-qeyde-alinib\/","url":"https:\/\/www.meydan.tv\/az\/article\/oten-il-azerbaycanda-36-min-811-cinayet-qeyde-alinib\/","name":"\u00d6t\u0259n il Az\u0259rbaycanda 36 min 811 cinay\u0259t qeyd\u0259 al\u0131n\u0131b - MEYDAN.TV","isPartOf":{"@id":"https:\/\/www.meydan.tv\/az\/#website"},"primaryImageOfPage":{"@id":"https:\/\/www.meydan.tv\/az\/article\/oten-il-azerbaycanda-36-min-811-cinayet-qeyde-alinib\/#primaryimage"},"image":{"@id":"https:\/\/www.meydan.tv\/az\/article\/oten-il-azerbaycanda-36-min-811-cinayet-qeyde-alinib\/#primaryimage"},"thumbnailUrl":"https:\/\/www.meydan.tv\/wp-content\/uploads\/photo-2024-01-26-11-34-39.jpg","datePublished":"2024-01-26T07:56:58+00:00","dateModified":"2024-01-26T08:27:45+00:00","breadcrumb":{"@id":"https:\/\/www.meydan.tv\/az\/article\/oten-il-azerbaycanda-36-min-811-cinayet-qeyde-alinib\/#breadcrumb"},"inLanguage":"az","potentialAction":[{"@type":"ReadAction","target":["https:\/\/www.meydan.tv\/az\/article\/oten-il-azerbaycanda-36-min-811-cinayet-qeyde-alinib\/"]}]},{"@type":"ImageObject","inLanguage":"az","@id":"https:\/\/www.meydan.tv\/az\/article\/oten-il-azerbaycanda-36-min-811-cinayet-qeyde-alinib\/#primaryimage","url":"https:\/\/www.meydan.tv\/wp-content\/uploads\/photo-2024-01-26-11-34-39.jpg","contentUrl":"https:\/\/www.meydan.tv\/wp-content\/uploads\/photo-2024-01-26-11-34-39.jpg","width":1200,"height":800,"caption":"Kamran \u018fliyev. Foto: Ba\u015f Prokurorluq"},{"@type":"BreadcrumbList","@id":"https:\/\/www.meydan.tv\/az\/article\/oten-il-azerbaycanda-36-min-811-cinayet-qeyde-alinib\/#breadcrumb","itemListElement":[{"@type":"ListItem","position":1,"name":"Ana s\u0259hif\u0259","item":"https:\/\/www.meydan.tv\/az\/"},{"@type":"ListItem","position":2,"name":"Sosial","item":"https:\/\/www.meydan.tv\/az\/section\/sosial\/"},{"@type":"ListItem","position":3,"name":"\u00d6t\u0259n il Az\u0259rbaycanda 36 min 811 cinay\u0259t qeyd\u0259 al\u0131n\u0131b"}]},{"@type":"WebSite","@id":"https:\/\/www.meydan.tv\/az\/#website","url":"https:\/\/www.meydan.tv\/az\/","name":"MEYDAN.TV","description":"Meydan TV Az\u0259rbaycan\u0131n media m\u0259kan\u0131ndak\u0131 alternativ s\u0259sidir","publisher":{"@id":"https:\/\/www.meydan.tv\/az\/#organization"},"potentialAction":[{"@type":"SearchAction","target":{"@type":"EntryPoint","urlTemplate":"https:\/\/www.meydan.tv\/az\/?s={search_term_string}"},"query-input":{"@type":"PropertyValueSpecification","valueRequired":true,"valueName":"search_term_string"}}],"inLanguage":"az"},{"@type":"Organization","@id":"https:\/\/www.meydan.tv\/az\/#organization","name":"Meydan TV","url":"https:\/\/www.meydan.tv\/az\/","logo":{"@type":"ImageObject","inLanguage":"az","@id":"https:\/\/www.meydan.tv\/az\/#\/schema\/logo\/image\/","url":"https:\/\/www.meydan.tv\/wp-content\/uploads\/2021\/07\/meydan-logo.svg","contentUrl":"https:\/\/www.meydan.tv\/wp-content\/uploads\/2021\/07\/meydan-logo.svg","width":195,"height":46,"caption":"Meydan TV"},"image":{"@id":"https:\/\/www.meydan.tv\/az\/#\/schema\/logo\/image\/"}},{"@type":"Person","@id":"https:\/\/www.meydan.tv\/az\/#\/schema\/person\/9cdbecf90d17180ce1dfbd95b08dcf47","name":"elli","sameAs":["https:\/\/x.com\/elli"]}]}},"_links":{"self":[{"href":"https:\/\/www.meydan.tv\/az\/wp-json\/wp\/v2\/posts\/296215","targetHints":{"allow":["GET"]}}],"collection":[{"href":"https:\/\/www.meydan.tv\/az\/wp-json\/wp\/v2\/posts"}],"about":[{"href":"https:\/\/www.meydan.tv\/az\/wp-json\/wp\/v2\/types\/post"}],"author":[{"embeddable":true,"href":"https:\/\/www.meydan.tv\/az\/wp-json\/wp\/v2\/users\/8"}],"replies":[{"embeddable":true,"href":"https:\/\/www.meydan.tv\/az\/wp-json\/wp\/v2\/comments?post=296215"}],"version-history":[{"count":7,"href":"https:\/\/www.meydan.tv\/az\/wp-json\/wp\/v2\/posts\/296215\/revisions"}],"predecessor-version":[{"id":296234,"href":"https:\/\/www.meydan.tv\/az\/wp-json\/wp\/v2\/posts\/296215\/revisions\/296234"}],"wp:featuredmedia":[{"embeddable":true,"href":"https:\/\/www.meydan.tv\/az\/wp-json\/wp\/v2\/media\/296220"}],"wp:attachment":[{"href":"https:\/\/www.meydan.tv\/az\/wp-json\/wp\/v2\/media?parent=296215"}],"wp:term":[{"taxonomy":"category","embeddable":true,"href":"https:\/\/www.meydan.tv\/az\/wp-json\/wp\/v2\/categories?post=296215"},{"taxonomy":"post_tag","embeddable":true,"href":"https:\/\/www.meydan.tv\/az\/wp-json\/wp\/v2\/tags?post=296215"}],"curies":[{"name":"wp","href":"https:\/\/api.w.org\/{rel}","templated":true}]}}