{"id":296187,"date":"2024-01-25T20:09:58","date_gmt":"2024-01-25T16:09:58","guid":{"rendered":"https:\/\/www.meydan.tv\/?p=296187"},"modified":"2024-01-25T20:45:32","modified_gmt":"2024-01-25T16:45:32","slug":"mekteblerde-zorakiliq-qetl-ve-intiharlar-bu-sistemde-nazir-adi-bir-poctalyondur","status":"publish","type":"post","link":"https:\/\/www.meydan.tv\/az\/article\/mekteblerde-zorakiliq-qetl-ve-intiharlar-bu-sistemde-nazir-adi-bir-poctalyondur\/","title":{"rendered":"M\u0259kt\u0259bl\u0259rd\u0259 zorak\u0131l\u0131q, q\u0259tl v\u0259 intiharlar: \u201cBu sistemd\u0259 nazir adi bir po\u00e7talyondur\u201d"},"content":{"rendered":"\n<p><\/p>\n\n\n\n<p><strong><em>\u0130ctimai \u015fura \u00fczv\u00fc is\u0259 c\u0259miyy\u0259ti q\u0131nay\u0131r<\/em><\/strong><\/p>\n\n\n\n<p>Son g\u00fcnl\u0259r iki \u00fcmumt\u0259hsil m\u00fc\u0259ssis\u0259l\u0259rind\u0259 ba\u015f ver\u0259n hadis\u0259l\u0259r yenid\u0259n bullinq (al\u00e7altma, \u0259l\u0259salma, psixoloji t\u0259zyiq) m\u00f6vzusunu aktualla\u015fd\u0131r\u0131b.<\/p>\n\n\n\n<p>Bir ne\u00e7\u0259 g\u00fcn \u00f6nc\u0259 sosial \u015f\u0259b\u0259k\u0259l\u0259rd\u0259 Bak\u0131 \u015f\u0259h\u0259ri 6 n\u00f6mr\u0259li m\u0259kt\u0259b-liseyd\u0259 2-ci sinif \u015fagirdinin h\u0259min m\u0259kt\u0259bin 7-ci sinif \u015fagirdl\u0259ri t\u0259r\u0259find\u0259n d\u0259f\u0259l\u0259rl\u0259 cinsi-seksual h\u0259r\u0259k\u0259tl\u0259r\u0259 m\u0259ruz qald\u0131\u011f\u0131na dair m\u0259lumatlar yay\u0131ld\u0131.<\/p>\n\n\n\n<p>6 n\u00f6mr\u0259li m\u0259kt\u0259bin direktoru G\u00fcl\u015f\u0259n Orucova m\u0259tbuata a\u00e7\u0131qlamas\u0131nda bildirdi ki, 7-ci sinif \u015fagirdi 2-ci sinif \u015fagirdin\u0259 mobil telefonda \u0259xlaqs\u0131z video g\u00f6st\u0259rib.<\/p>\n\n\n\n<p>Bu h\u0259min videoya baxan u\u015fa\u011fa psixoloji olaraq pis t\u0259sir edib.<\/p>\n\n\n\n<p>Hadis\u0259 m\u0259lum olandan sonra 7-ci sinif \u015fagirdi \u00f6z valideyninin ist\u0259yi il\u0259 ba\u015fqa m\u0259kt\u0259b\u0259 k\u00f6\u00e7\u00fcr\u00fcl\u00fcb.<\/p>\n\n\n\n<p>Direktorun s\u00f6zl\u0259rin\u0259 g\u00f6r\u0259, ayaqyolundan kabinl\u0259r\u0259 q\u0259d\u0259r kamera qura\u015fd\u0131r\u0131l\u0131b.<\/p>\n\n\n<div class=\"wp-block-image\">\n<figure class=\"aligncenter size-full\"><img decoding=\"async\" width=\"1024\" height=\"670\" data-src=\"https:\/\/www.meydan.tv\/wp-content\/uploads\/shkola_\u2116_6_baku-2.jpg\" alt=\"\" class=\"wp-image-296189 lazyload\" src=\"data:image\/svg+xml;base64,PHN2ZyB3aWR0aD0iMSIgaGVpZ2h0PSIxIiB4bWxucz0iaHR0cDovL3d3dy53My5vcmcvMjAwMC9zdmciPjwvc3ZnPg==\" style=\"--smush-placeholder-width: 1024px; --smush-placeholder-aspect-ratio: 1024\/670;\" \/><figcaption class=\"wp-element-caption\">6 n\u00f6mr\u0259li m\u0259kt\u0259b. Foto: Wiki<\/figcaption><\/figure>\n<\/div>\n\n\n<p>G\u00f6r\u00fcnt\u00fcl\u0259r\u0259 bax\u0131l\u0131b v\u0259 h\u0259min u\u015faqlar\u0131n deyil\u0259n vaxtlarda ayaqyolunda birg\u0259 olmad\u0131\u011f\u0131 m\u00fc\u0259yy\u0259n edilib.<\/p>\n\n\n\n<p>M\u0259kt\u0259b\u0259q\u0259d\u0259r v\u0259 \u00dcmumi T\u0259hsil \u00fczr\u0259 D\u00f6vl\u0259t Agentliyinin direktor m\u00fcavini Mehriban V\u0259liyeva APA-ya deyib ki, Bak\u0131 apar\u0131lan ara\u015fd\u0131rmalardan sonra m\u0259kt\u0259b r\u0259hb\u0259rliyin\u0259 x\u0259b\u0259rdarl\u0131q edilib.<\/p>\n\n\n\n<p>VII sinif \u015fagirdl\u0259rind\u0259n birinin ba\u015fqa m\u0259kt\u0259b\u0259 ke\u00e7irilm\u0259si il\u0259 ba\u011fl\u0131 q\u0259rar q\u0259bul edilib.<\/p>\n\n\n\n<p>G\u0259nc\u0259d\u0259 is\u0259 m\u0259kt\u0259bli q\u0259tl\u0259 yetirilib.<\/p>\n\n\n\n<p>Hadis\u0259 yanvar\u0131n 23-d\u0259 s\u0259h\u0259r Molla P\u0259nah Vaqif ad\u0131na 8 sayl\u0131 orta m\u0259kt\u0259bd\u0259 ba\u015f verib.<\/p>\n\n\n\n<p>Q\u0259tl\u0259 yetiril\u0259n d\u0259 h\u0259min m\u0259kt\u0259bin 11-ci sinif \u015fagirdi Raul <a href=\"https:\/\/d9mc3ts4czbpr.cloudfront.net\/az\/article\/gence-mektebinde-qetl-sagird-bicaqlanib-olduruldu\/\">R\u0259himovdur.<\/a><\/p>\n\n\n\n<p>Az\u0259rbaycanda bullinq 2019-cu ilin aprelind\u0259 162 sayl\u0131 m\u0259kt\u0259bin 14 ya\u015fl\u0131 \u015fagirdi Elina Hac\u0131yevan\u0131n t\u0259n\u0259ff\u00fcsd\u0259 \u00f6z\u00fcn\u00fc m\u0259kt\u0259bin \u00fc\u00e7\u00fcnc\u00fc m\u0259rt\u0259b\u0259sinin binas\u0131ndan ataraq, intihar etm\u0259sind\u0259n sonra daha \u00e7ox m\u00fczakir\u0259 olunan m\u00f6vzulardan biridir.<\/p>\n\n\n\n<p>H\u0259tta 2021-ci ild\u0259 Elm v\u0259 T\u0259hsil naziri Emin \u018fmrullayev bildirib ki, m\u0259kt\u0259bdaxili q\u0131snama hallar\u0131 il\u0259 m\u00fcbariz\u0259 mexanizmi haz\u0131rlan\u0131r.<\/p>\n\n\n\n<figure class=\"wp-block-image size-full\"><img decoding=\"async\" width=\"890\" height=\"554\" data-src=\"https:\/\/www.meydan.tv\/wp-content\/uploads\/brifinq-e1640088487372.jpg\" alt=\"\" class=\"wp-image-229880 lazyload\" src=\"data:image\/svg+xml;base64,PHN2ZyB3aWR0aD0iMSIgaGVpZ2h0PSIxIiB4bWxucz0iaHR0cDovL3d3dy53My5vcmcvMjAwMC9zdmciPjwvc3ZnPg==\" style=\"--smush-placeholder-width: 890px; --smush-placeholder-aspect-ratio: 890\/554;\" \/><figcaption class=\"wp-element-caption\">Emin \u018fmrullayev, Foto: Az\u0259rtac<\/figcaption><\/figure>\n\n\n\n<p>\u00d6t\u0259n il is\u0259 m\u0259kt\u0259bl\u0259rd\u0259 davran\u0131\u015f qaydalar\u0131 il\u0259 ba\u011fl\u0131 yeni normalar <a href=\"https:\/\/d9mchttps:\/\/d9mc3ts4czbpr.cloudfront.net\/az\/article\/mekteblerde-intizam-surasi-yaradilacaq\/\">m\u00fc\u0259yy\u0259nl\u0259\u015fdirildi.<\/a><\/p>\n\n\n\n<p>Az\u0259rbaycanda 2016-c\u0131 ild\u0259n \u201cM\u0259kt\u0259blinin dostu\u201d layih\u0259si realla\u015f\u0131b.<\/p>\n\n\n\n<p>Layih\u0259 Bak\u0131da 191, Ab\u015feronda 12, Sumqay\u0131tda 23 olmaqla \u00fcmumilikd\u0259 226 \u00fcmumi t\u0259hsil m\u00fc\u0259ssis\u0259sind\u0259 f\u0259aliyy\u0259t g\u00f6st\u0259rir.<\/p>\n\n\n\n<p>400 min\u0259 yax\u0131n \u015fagirdi \u0259hat\u0259 ed\u0259n layih\u0259 \u00fczr\u0259 haz\u0131rda 300 sosial \u0259m\u0259kda\u015f \u00e7al\u0131\u015f\u0131r.<\/p>\n\n\n\n<p>Elm v\u0259 T\u0259hsil Nazirliyinin m\u0259lumat\u0131na g\u00f6r\u0259, bu ild\u0259n layih\u0259 G\u0259nc\u0259, L\u0259nk\u0259ran, Masall\u0131, C\u0259lilabad \u015f\u0259h\u0259rl\u0259rini d\u0259 \u0259hat\u0259 ed\u0259c\u0259k.<\/p>\n\n\n\n<p>Layih\u0259 \u00fcmumilikd\u0259 237 m\u0259kt\u0259bd\u0259 f\u0259aliyy\u0259t g\u00f6st\u0259r\u0259c\u0259k.<\/p>\n\n\n\n<p>Son bir ne\u00e7\u0259 g\u00fcnd\u0259 \u00f6lk\u0259nin iki ayr\u0131 t\u0259hsil m\u00fc\u0259ssis\u0259sind\u0259 ba\u015f ver\u0259n hadis\u0259 g\u00f6st\u0259rir ki, bu istiqam\u0259td\u0259 at\u0131lan add\u0131mlar effektiv deyil.<\/p>\n\n\n\n<p>Feminist f\u0259al, t\u0259dqiqat\u00e7\u0131 Lal\u0259 Mahmudova hesab <a href=\"https:\/\/bakhttps:\/\/bakuresearchinstitute.org\/a-comprehensive-approach-to-bullying-prevention-in-azerbaijani-schools-2\/\">edir<\/a> ki, Az\u0259rbaycanda bullinql\u0259 m\u00fcbariz\u0259y\u0259 qar\u015f\u0131 qanun layih\u0259sin\u0259 ehtiyac var:<br><\/p>\n\n\n<div class=\"wp-block-image\">\n<figure class=\"alignleft size-full is-resized\"><img decoding=\"async\" width=\"1200\" height=\"743\" data-src=\"https:\/\/www.meydan.tv\/wp-content\/uploads\/screenshot_2-19.png\" alt=\"\" class=\"wp-image-296192 lazyload\" style=\"--smush-placeholder-width: 1200px; --smush-placeholder-aspect-ratio: 1200\/743;width:431px;height:auto\" src=\"data:image\/svg+xml;base64,PHN2ZyB3aWR0aD0iMSIgaGVpZ2h0PSIxIiB4bWxucz0iaHR0cDovL3d3dy53My5vcmcvMjAwMC9zdmciPjwvc3ZnPg==\" \/><figcaption class=\"wp-element-caption\">Lal\u0259 Mahmudova. Foto: screenshot<\/figcaption><\/figure>\n<\/div>\n\n\n<p>\u201c<em>Bullinql\u0259 m\u00fcbariz\u0259 \u00e7oxm\u0259rh\u0259l\u0259li v\u0259 \u00e7ox\u015fax\u0259li prosesdir. Burada m\u0259kt\u0259b r\u0259hb\u0259rliyi, valideynl\u0259r, rayon t\u0259hsil \u015f\u00f6b\u0259l\u0259ri, yerli icra hakimiyy\u0259tl\u0259ri il\u0259 birg\u0259 \u00e7al\u0131\u015fmaq laz\u0131md\u0131r. H\u0259r bir m\u0259kt\u0259b x\u00fcsus\u0259n q\u0131snaman\u0131n qar\u015f\u0131s\u0131n\u0131n al\u0131nmas\u0131 \u00fc\u00e7\u00fcn bullinq \u0259leyhin\u0259 m\u0259kt\u0259bdaxili qaydalar toplusu i\u015fl\u0259yib haz\u0131rlaya bil\u0259r\u201d.<\/em><\/p>\n\n\n\n<p>\u201c<em>Bullinqin ba\u015f verdiyi an \u015fagirdl\u0259r bunun m\u0259hz bullinq oldu\u011funu v\u0259 onun ba\u015f verdiyi vaxt n\u0259 ed\u0259c\u0259kl\u0259rind\u0259n m\u0259lumatlar\u0131 olmaya bil\u0259r. Buna g\u00f6r\u0259 d\u0259 h\u0259r bir m\u0259kt\u0259b \u00f6z kurikulumunda h\u0259r r\u00fcb bullinq, bu problemin h\u0259llind\u0259 \u015fagirdl\u0259rin n\u0259 kimi rolu ola bil\u0259c\u0259yi il\u0259 \u0259laq\u0259dar m\u0259lumat verm\u0259li, icbari sinif m\u00fczakir\u0259l\u0259rini t\u0259\u015fkil etm\u0259lidirl\u0259r\u201d,<\/em> &#8211; Lal\u0259 Mahmudova bildirib.<\/p>\n\n\n\n<p>Sosioloq Aynur Hac\u0131yeva is\u0259 hesab edir ki, \u201cM\u0259kt\u0259blinin dostu\u201d layih\u0259si b\u00fct\u00fcnl\u00fckd\u0259 \u00f6lk\u0259 \u00fczr\u0259 b\u00fct\u00fcn m\u0259kt\u0259bl\u0259ri \u0259hat\u0259 etm\u0259lidir.<\/p>\n\n\n<div class=\"wp-block-image\">\n<figure class=\"alignright size-full is-resized\"><img decoding=\"async\" width=\"1200\" height=\"744\" data-src=\"https:\/\/www.meydan.tv\/wp-content\/uploads\/screenshot_3-12.png\" alt=\"\" class=\"wp-image-296195 lazyload\" style=\"--smush-placeholder-width: 1200px; --smush-placeholder-aspect-ratio: 1200\/744;width:413px;height:auto\" src=\"data:image\/svg+xml;base64,PHN2ZyB3aWR0aD0iMSIgaGVpZ2h0PSIxIiB4bWxucz0iaHR0cDovL3d3dy53My5vcmcvMjAwMC9zdmciPjwvc3ZnPg==\" \/><figcaption class=\"wp-element-caption\">Aynur Hac\u0131yeva. Foto: screenshot \u0130TV <\/figcaption><\/figure>\n<\/div>\n\n\n<p>H\u0259m\u00e7inin m\u0259kt\u0259bl\u0259rd\u0259 psixoloqla yana\u015f\u0131, bir ne\u00e7\u0259 sosial i\u015f\u00e7i \u015ftat\u0131 da olmal\u0131d\u0131r:<\/p>\n\n\n\n<p><em>\u201cM\u0259kt\u0259bl\u0259rd\u0259 bir ne\u00e7\u0259 sosial i\u015f\u00e7inin olmas\u0131, bullinq hallar\u0131n\u0131n daha tez a\u015fkar edilib, qar\u015f\u0131s\u0131n\u0131n al\u0131nmas\u0131n\u0131 t\u0259min ed\u0259 bil\u0259r. Psixoloq deyil, m\u0259hz sosial i\u015f\u00e7il\u0259r daim t\u0259n\u0259ff\u00fcsl\u0259rd\u0259, bo\u015f d\u0259rsl\u0259rd\u0259 \u015fagirdl\u0259rl\u0259 \u00fcnsiyy\u0259td\u0259 olub, onlar\u0131n sosialla\u015fmas\u0131, dostlar\u0131 v\u0259 ail\u0259l\u0259ri il\u0259 \u0259laq\u0259sini m\u00fc\u0259yy\u0259n, t\u0259yin edir. \u018fg\u0259r bir problem a\u015fkar ed\u0259rl\u0259rs\u0259, psixoloji d\u0259st\u0259y\u0259 ehtiyac varsa, aidiyy\u0259ti \u00fczr\u0259 y\u00f6nl\u0259ndirirl\u0259r\u201d.<\/em><\/p>\n\n\n\n<p>T\u0259hsil eksperti El\u00e7in \u018ff\u0259ndi hesab edir ki, t\u0259hsil m\u00fc\u0259ssis\u0259l\u0259rinin h\u0259r bir auditoriyas\u0131nda m\u00fcvafiq olaraq kamera olmal\u0131d\u0131r.<\/p>\n\n\n\n<p>Kamera t\u0259kc\u0259 g\u00f6r\u00fcnt\u00fc \u00fc\u00e7\u00fcn deyil, h\u0259m\u00e7inin dinl\u0259m\u0259 funksiyas\u0131n\u0131 da yerin\u0259 yetirm\u0259lidir.<\/p>\n\n\n\n<p>H\u0259m\u00e7inin deyir ki, bu kimi hallar\u0131 \u00f6nl\u0259m\u0259k \u00fc\u00e7\u00fcn t\u0259hsil m\u00fc\u0259ssis\u0259si valideynl\u0259rl\u0259 daim \u0259laq\u0259d\u0259 olmal\u0131d\u0131r:<\/p>\n\n\n\n<p>\u201c<em>Problemli ail\u0259l\u0259r varsa, t\u0259hsil m\u00fc\u0259ssis\u0259si t\u0259\u015f\u0259bb\u00fcs ir\u0259li s\u00fcrm\u0259lidir ki, onlar psixoloq konsultasiyas\u0131 als\u0131nlar. Ail\u0259l\u0259rin probleml\u0259ri u\u015faqlara yans\u0131mas\u0131n. U\u015faq da ail\u0259sind\u0259 olan problemi auditoriyaya da\u015f\u0131mas\u0131n. G\u00f6r\u00fcn\u0259n odur ki, t\u0259hsil m\u00fc\u0259ssis\u0259si d\u0259 bigan\u0259 yana\u015fd\u0131\u011f\u0131 \u00fc\u00e7\u00fcn art\u0131q ba\u015f ver\u0259nl\u0259r \u00fcst-\u00fcst\u0259 toplan\u0131b v\u0259 n\u0259tic\u0259d\u0259 xo\u015fag\u0259lm\u0259z hallar-cinsi zorak\u0131l\u0131q, bullinq\u0259 m\u0259ruz qoymaq, \u015fidd\u0259t g\u00f6st\u0259rm\u0259k, b\u0131\u00e7aqlanmaq, \u00f6l\u00fcm fakt\u0131 ba\u015f verib\u201d.<\/em><\/p>\n\n\n<div class=\"wp-block-image\">\n<figure class=\"alignleft size-full is-resized\"><img decoding=\"async\" width=\"1200\" height=\"675\" data-src=\"https:\/\/www.meydan.tv\/wp-content\/uploads\/tia_c9425c799333d526be75eab5f9955ab5_47xuk5p9oshq3c0fj2ew.jpg\" alt=\"\" class=\"wp-image-261578 lazyload\" style=\"--smush-placeholder-width: 1200px; --smush-placeholder-aspect-ratio: 1200\/675;width:390px;height:auto\" src=\"data:image\/svg+xml;base64,PHN2ZyB3aWR0aD0iMSIgaGVpZ2h0PSIxIiB4bWxucz0iaHR0cDovL3d3dy53My5vcmcvMjAwMC9zdmciPjwvc3ZnPg==\" \/><figcaption class=\"wp-element-caption\">T\u0259hsil ekspert El\u00e7in \u018ff\u0259ndi <\/figcaption><\/figure>\n<\/div>\n\n\n<p>El\u00e7in \u018ff\u0259ndi hesab edir ki, bu istiqam\u0259td\u0259 at\u0131lan add\u0131mlar h\u0259r t\u0259hsil m\u00fc\u0259ssis\u0259si \u00fc\u00e7\u00fcn d\u0259 effektli olmaya bilir:<\/p>\n\n\n\n<p>\u201c<em>D\u00fczd\u00fcr, Elm v\u0259 T\u0259hsil Nazirliyi son ill\u0259r m\u00fc\u0259yy\u0259n pilot layih\u0259l\u0259r etm\u0259y\u0259 c\u0259hd edir v\u0259 ke\u00e7irir d\u0259. M\u0259s\u0259l\u0259n, \u201cM\u0259kt\u0259blinin dostu\u201d layih\u0259si. Amma yen\u0259 bax\u0131r\u0131q, hadis\u0259 harada ba\u015f verib? Paytaxtda. Orada pilot layih\u0259 t\u0259tbiq olunubmu? B\u0259li olunub. Y\u0259ni bu, b\u0259zi \u0259razi \u00fczr\u0259 fayda verir, b\u0259zisi \u00fczr\u0259 is\u0259 yox. Dem\u0259k ki, fayda verm\u0259y\u0259n \u0259raziy\u0259 ba\u015fqa \u00fcsul t\u0259tbiq etm\u0259k daha m\u0259qs\u0259d\u0259uy\u011fundur\u201d.<\/em><\/p>\n\n\n\n<p>T\u0259hsil eksperti Nabat\u0259li Qulamo\u011fu is\u0259 deyir ki, ba\u015f ver\u0259nl\u0259rin \u0259sas s\u0259b\u0259bi c\u0259miyy\u0259td\u0259ki aqressiyad\u0131r.<\/p>\n\n\n\n<p>C\u0259miyy\u0259td\u0259ki aqressiya da m\u0259kt\u0259bl\u0259r\u0259 yans\u0131y\u0131r:<\/p>\n\n\n\n<p>\u201c<em>Az\u0259rbaycanda t\u0259hsild\u0259 icra\u00e7\u0131 rolu faktiki olaraq Elm v\u0259 T\u0259hsil Nazirliyind\u0259dir. Amma t\u0259hsil dem\u0259k olar ki, rayon v\u0259 m\u0259rk\u0259zi icra hakimiyy\u0259tl\u0259rinin \u0259lind\u0259dir. Naziri, nazirliyi g\u00fcnahland\u0131r\u0131rlar. \u0130\u015f buras\u0131ndad\u0131r ki, nazir adi bir po\u00e7talyondur. Ona m\u0259rk\u0259zd\u0259n &#8211; Prezident Adminstrasiyas\u0131ndan n\u0259 deyirl\u0259r, onu da yerin\u0259 yetirir. Hans\u0131 \u00f6lk\u0259d\u0259 bir h\u0259ft\u0259d\u0259 alt\u0131 jurnalist h\u0259bs olunub? \u00d6lk\u0259d\u0259 f\u0259rqli fikir s\u00f6yl\u0259y\u0259nin cibin\u0259 n\u0259\u015f\u0259 at\u0131b, tuturlarsa, dem\u0259li, m\u0259kt\u0259bd\u0259 q\u0259tl hadis\u0259sinin olmas\u0131n\u0131 g\u00f6zl\u0259m\u0259k olar. M\u0259kt\u0259bl\u0259rd\u0259 zorak\u0131l\u0131q hallar\u0131n\u0131n \u0259n ba\u015fl\u0131ca s\u0259b\u0259bl\u0259rind\u0259n biri d\u0259 c\u0259miyy\u0259td\u0259 t\u0259b\u0259q\u0259l\u0259\u015fm\u0259nin olmas\u0131d\u0131r. T\u0259b\u0259q\u0259l\u0259\u015fm\u0259 \u00f6z\u00fc d\u0259 m\u00fcnaqi\u015f\u0259 yaradan hald\u0131r. B\u00fct\u00fcn bunlar\u0131n ham\u0131s\u0131n\u0131n k\u00f6k\u00fcnd\u0259 d\u0259 siyasi sistem dayan\u0131r. Siyasi sistem o q\u0259d\u0259r cinay\u0259t t\u00f6r\u0259dib ki, bu, m\u0259kt\u0259bl\u0259r\u0259 d\u0259 paylan\u0131b\u201d.<\/em><\/p>\n\n\n<div class=\"wp-block-image\">\n<figure class=\"alignright size-full is-resized\"><img decoding=\"async\" width=\"1200\" height=\"800\" data-src=\"https:\/\/www.meydan.tv\/wp-content\/uploads\/untitled-design-116.jpg\" alt=\"\" class=\"wp-image-273102 lazyload\" style=\"--smush-placeholder-width: 1200px; --smush-placeholder-aspect-ratio: 1200\/800;width:396px;height:auto\" src=\"data:image\/svg+xml;base64,PHN2ZyB3aWR0aD0iMSIgaGVpZ2h0PSIxIiB4bWxucz0iaHR0cDovL3d3dy53My5vcmcvMjAwMC9zdmciPjwvc3ZnPg==\" \/><figcaption class=\"wp-element-caption\">Nabat\u0259li Qulamo\u011flu. Foto: sosial \u015f\u0259b\u0259k\u0259<\/figcaption><\/figure>\n<\/div>\n\n\n<p>Elm v\u0259 T\u0259hsil Nazirliyi yan\u0131nda \u0130ctimai \u015euran\u0131n \u00fczv\u00fc v\u0259 katibi \u0130lqar Orucov deyir ki, bu kimi \u015fagird davran\u0131\u015flar\u0131n\u0131n k\u00f6k\u00fcnd\u0259 m\u0259kt\u0259b, t\u0259hsil m\u00fc\u0259ssis\u0259si deyil, ail\u0259, valideynl\u0259r dayan\u0131r:<\/p>\n\n\n\n<p><em>\u201cHe\u00e7 bir m\u0259kt\u0259bd\u0259 zorak\u0131l\u0131q a\u015f\u0131lana bilm\u0259z v\u0259 a\u015f\u0131lanm\u0131r da. Birm\u0259nal\u0131 olaraq, bu aqressiyan\u0131n k\u00f6k\u00fc m\u0259kt\u0259bd\u0259 deyil. Az\u0259rbaycanda son ill\u0259rd\u0259 ail\u0259daxili m\u00fcnasib\u0259tl\u0259rd\u0259 g\u0259rginlik var. Bu g\u0259rginlik daha sonra da \u00f6vladlar vasit\u0259sil\u0259 c\u0259miyy\u0259t\u0259 transfer olunur. H\u0259r bir valideyn \u00f6vlad\u0131n\u0131n t\u0259rbiy\u0259si il\u0259 m\u0259\u015f\u011ful olmal\u0131d\u0131r. Bel\u0259 olsa, G\u0259nc\u0259d\u0259ki m\u0259kt\u0259blinin cibind\u0259n b\u0131\u00e7aq \u00e7\u0131xmaz. M\u0259kt\u0259bya\u015fl\u0131 u\u015faq kriminal d\u00fcnyan\u0131n avtoritetini \u00f6z\u00fcn\u0259 kumir se\u00e7m\u0259z v\u0259 onun cibind\u0259n al\u0131\u015fqan, kibrit, siqaret, k\u0259sici-de\u015fici silahlar, t\u0259sbeh \u00e7\u0131xmaz\u201d.<\/em><\/p>\n\n\n<div class=\"wp-block-image\">\n<figure class=\"alignleft size-full is-resized\"><img decoding=\"async\" width=\"1200\" height=\"788\" data-src=\"https:\/\/www.meydan.tv\/wp-content\/uploads\/ilqar-orucov.jpg\" alt=\"\" class=\"wp-image-257616 lazyload\" style=\"--smush-placeholder-width: 1200px; --smush-placeholder-aspect-ratio: 1200\/788;width:340px;height:auto\" src=\"data:image\/svg+xml;base64,PHN2ZyB3aWR0aD0iMSIgaGVpZ2h0PSIxIiB4bWxucz0iaHR0cDovL3d3dy53My5vcmcvMjAwMC9zdmciPjwvc3ZnPg==\" \/><figcaption class=\"wp-element-caption\">Foto: \u0130lqar Orucovun \u015f\u0259xsi arxivind\u0259n<\/figcaption><\/figure>\n<\/div>\n\n\n<p>\u201c<em>M\u0259kt\u0259b t\u0259rbiy\u0259 m\u00fc\u0259ssis\u0259sidir. Yan\u0131z m\u00fcsb\u0259t davran\u0131\u015flar t\u0259lqin oluna bil\u0259r v\u0259 bel\u0259 d\u0259 olur. Bu kimi hallar\u0131n t\u0259hsil ad\u0131na, t\u0259hsil m\u00fc\u0259ssis\u0259si ad\u0131na ba\u011flamaq yanl\u0131\u015fd\u0131r. B\u00fct\u00fcn hallarda fikirl\u0259\u015fir\u0259m ki, bu m\u0259s\u0259l\u0259l\u0259rd\u0259 g\u00fcnahkar h\u0259m d\u0259 c\u0259miyy\u0259tdir. \u00c7\u00fcnki biz c\u0259miyy\u0259t dey\u0259nd\u0259 daha geni\u015f kontekstd\u0259 ba\u015fa d\u00fc\u015f\u00fcr\u00fck. C\u0259miyy\u0259t m\u0259n\u0259m, sizsiniz, ail\u0259l\u0259rimizdir, \u0259traf\u0131m\u0131zd\u0131r. G\u00fcnah bizd\u0259dir. G\u00fcnah \u0259traf\u0131m\u0131zdad\u0131r. Nazirlik bu istiqam\u0259td\u0259 kifay\u0259t q\u0259d\u0259r i\u015fl\u0259r g\u00f6r\u00fcr. M\u00fc\u0259lliml\u0259rl\u0259, \u015fagirdl\u0259rl\u0259, m\u0259kt\u0259b psixoloqlar\u0131 il\u0259 i\u015f apar\u0131l\u0131r\u201d, &#8211;<\/em> \u0130lqar Orucov bildirib.<\/p>\n\n\n\n<p>Psixoloq-terapevt N\u0259rgiz H\u00fcseynova deyir ki, q\u0131snama, zorak\u0131l\u0131q hallar\u0131nda t\u0259kc\u0259 t\u0259hsil m\u00fc\u0259ssis\u0259sini, orada \u00e7al\u0131\u015fan pedaqoji v\u0259 yaxud idar\u0259edici hey\u0259ti g\u00fcnahland\u0131rmaq da do\u011fru deyil:<\/p>\n\n\n<div class=\"wp-block-image\">\n<figure class=\"aligncenter size-large\"><img decoding=\"async\" width=\"1200\" height=\"675\" data-src=\"https:\/\/www.meydan.tv\/wp-content\/uploads\/maxresdefault-13-1200x675.jpg\" alt=\"\" class=\"wp-image-257367 lazyload\" src=\"data:image\/svg+xml;base64,PHN2ZyB3aWR0aD0iMSIgaGVpZ2h0PSIxIiB4bWxucz0iaHR0cDovL3d3dy53My5vcmcvMjAwMC9zdmciPjwvc3ZnPg==\" style=\"--smush-placeholder-width: 1200px; --smush-placeholder-aspect-ratio: 1200\/675;\" \/><figcaption class=\"wp-element-caption\">N\u0259rgiz H\u00fcseynova. Foto: Youtube-d\u0259n screenshot <\/figcaption><\/figure>\n<\/div>\n\n\n<p>\u201c<em>M\u0259s\u0259l\u0259y\u0259 m\u00fcxt\u0259lif t\u0259r\u0259fd\u0259n baxmaq laz\u0131md\u0131r. \u0130lk n\u00f6vb\u0259d\u0259 u\u015fa\u011f\u0131n erk\u0259n ya\u015f d\u00f6vr\u00fcn\u00fc ara\u015fd\u0131rmaq laz\u0131md\u0131r. Bu u\u015faq erk\u0259n ya\u015f d\u00f6vr\u00fcnd\u0259 valideyn himay\u0259sind\u0259 nec\u0259, hans\u0131 formada b\u00f6y\u00fcy\u00fcb? Bulinq v\u0259 yaxud da b\u0131\u00e7aqlama varsa, insan\u0131n daxilind\u0259ki aqressiyan\u0131n g\u00f6st\u0259ricisidir. U\u015fa\u011f\u0131n daxilind\u0259ki aqressiya ail\u0259d\u0259n d\u0259 g\u0259l\u0259 bil\u0259r,&nbsp; yeniyetm\u0259lik d\u00f6vr\u00fcnd\u0259dirs\u0259 m\u0259kt\u0259bl\u0259 d\u0259 \u0259laq\u0259dar ola bil\u0259r. Burada m\u0259s\u0259l\u0259y\u0259 birt\u0259r\u0259fli baxmaq olmaz. H\u0259m ail\u0259ni, h\u0259m d\u0259 m\u0259kt\u0259bi yoxlamaq laz\u0131md\u0131r\u201d.<\/em><\/p>\n","protected":false},"excerpt":{"rendered":"<p>\u0130ctimai \u015fura \u00fczv\u00fc is\u0259 c\u0259miyy\u0259ti q\u0131nay\u0131r Son g\u00fcnl\u0259r iki \u00fcmumt\u0259hsil &#8230; <\/p>\n<p class=\"read-more-container\"><a title=\"M\u0259kt\u0259bl\u0259rd\u0259 zorak\u0131l\u0131q, q\u0259tl v\u0259 intiharlar: \u201cBu sistemd\u0259 nazir adi bir po\u00e7talyondur\u201d\" class=\"read-more button\" href=\"https:\/\/www.meydan.tv\/az\/article\/mekteblerde-zorakiliq-qetl-ve-intiharlar-bu-sistemde-nazir-adi-bir-poctalyondur\/#more-296187\" aria-label=\"Read more about M\u0259kt\u0259bl\u0259rd\u0259 zorak\u0131l\u0131q, q\u0259tl v\u0259 intiharlar: \u201cBu sistemd\u0259 nazir adi bir po\u00e7talyondur\u201d\">Davam\u0131<\/a><\/p>\n","protected":false},"author":8,"featured_media":274009,"comment_status":"closed","ping_status":"closed","sticky":false,"template":"","format":"standard","meta":{"_acf_changed":false,"_sitemap_exclude":false,"_sitemap_priority":"","_sitemap_frequency":"","footnotes":""},"categories":[62,56],"tags":[],"class_list":["post-296187","post","type-post","status-publish","format-standard","has-post-thumbnail","hentry","category-sosial","category-xeberler","infinite-scroll-item","generate-columns","tablet-grid-50","mobile-grid-100","grid-parent","grid-33","no-featured-image-padding"],"acf":[],"yoast_head":"<!-- This site is optimized with the Yoast SEO plugin v27.5 - https:\/\/yoast.com\/product\/yoast-seo-wordpress\/ -->\n<title>M\u0259kt\u0259bl\u0259rd\u0259 zorak\u0131l\u0131q, q\u0259tl v\u0259 intiharlar: \u201cBu sistemd\u0259 nazir adi bir po\u00e7talyondur\u201d - MEYDAN.TV<\/title>\n<meta name=\"robots\" content=\"index, follow, max-snippet:-1, max-image-preview:large, max-video-preview:-1\" \/>\n<link rel=\"canonical\" href=\"https:\/\/www.meydan.tv\/az\/article\/mekteblerde-zorakiliq-qetl-ve-intiharlar-bu-sistemde-nazir-adi-bir-poctalyondur\/\" \/>\n<meta property=\"og:locale\" content=\"az_AZ\" \/>\n<meta property=\"og:type\" content=\"article\" \/>\n<meta property=\"og:title\" content=\"M\u0259kt\u0259bl\u0259rd\u0259 zorak\u0131l\u0131q, q\u0259tl v\u0259 intiharlar: \u201cBu sistemd\u0259 nazir adi bir po\u00e7talyondur\u201d - MEYDAN.TV\" \/>\n<meta property=\"og:description\" content=\"\u0130ctimai \u015fura \u00fczv\u00fc is\u0259 c\u0259miyy\u0259ti q\u0131nay\u0131r Son g\u00fcnl\u0259r iki \u00fcmumt\u0259hsil ... Davam\u0131\" \/>\n<meta property=\"og:url\" content=\"https:\/\/www.meydan.tv\/az\/article\/mekteblerde-zorakiliq-qetl-ve-intiharlar-bu-sistemde-nazir-adi-bir-poctalyondur\/\" \/>\n<meta property=\"og:site_name\" content=\"MEYDAN.TV\" \/>\n<meta property=\"article:published_time\" content=\"2024-01-25T16:09:58+00:00\" \/>\n<meta property=\"article:modified_time\" content=\"2024-01-25T16:45:32+00:00\" \/>\n<meta property=\"og:image\" content=\"https:\/\/www.meydan.tv\/wp-content\/uploads\/img_9849-e1706198116922.jpg\" \/>\n\t<meta property=\"og:image:width\" content=\"1200\" \/>\n\t<meta property=\"og:image:height\" content=\"646\" \/>\n\t<meta property=\"og:image:type\" content=\"image\/jpeg\" \/>\n<meta name=\"author\" content=\"elli\" \/>\n<meta name=\"twitter:card\" content=\"summary_large_image\" \/>\n<meta name=\"twitter:creator\" content=\"@elli\" \/>\n<script type=\"application\/ld+json\" class=\"yoast-schema-graph\">{\"@context\":\"https:\\\/\\\/schema.org\",\"@graph\":[{\"@type\":\"Article\",\"@id\":\"https:\\\/\\\/www.meydan.tv\\\/az\\\/article\\\/mekteblerde-zorakiliq-qetl-ve-intiharlar-bu-sistemde-nazir-adi-bir-poctalyondur\\\/#article\",\"isPartOf\":{\"@id\":\"https:\\\/\\\/www.meydan.tv\\\/az\\\/article\\\/mekteblerde-zorakiliq-qetl-ve-intiharlar-bu-sistemde-nazir-adi-bir-poctalyondur\\\/\"},\"author\":{\"name\":\"elli\",\"@id\":\"https:\\\/\\\/www.meydan.tv\\\/az\\\/#\\\/schema\\\/person\\\/9cdbecf90d17180ce1dfbd95b08dcf47\"},\"headline\":\"M\u0259kt\u0259bl\u0259rd\u0259 zorak\u0131l\u0131q, q\u0259tl v\u0259 intiharlar: \u201cBu sistemd\u0259 nazir adi bir po\u00e7talyondur\u201d\",\"datePublished\":\"2024-01-25T16:09:58+00:00\",\"dateModified\":\"2024-01-25T16:45:32+00:00\",\"mainEntityOfPage\":{\"@id\":\"https:\\\/\\\/www.meydan.tv\\\/az\\\/article\\\/mekteblerde-zorakiliq-qetl-ve-intiharlar-bu-sistemde-nazir-adi-bir-poctalyondur\\\/\"},\"wordCount\":1892,\"publisher\":{\"@id\":\"https:\\\/\\\/www.meydan.tv\\\/az\\\/#organization\"},\"image\":{\"@id\":\"https:\\\/\\\/www.meydan.tv\\\/az\\\/article\\\/mekteblerde-zorakiliq-qetl-ve-intiharlar-bu-sistemde-nazir-adi-bir-poctalyondur\\\/#primaryimage\"},\"thumbnailUrl\":\"https:\\\/\\\/www.meydan.tv\\\/wp-content\\\/uploads\\\/img_9849-e1706198116922.jpg\",\"articleSection\":[\"Sosial\",\"X\u0259b\u0259rl\u0259r\"],\"inLanguage\":\"az\"},{\"@type\":\"WebPage\",\"@id\":\"https:\\\/\\\/www.meydan.tv\\\/az\\\/article\\\/mekteblerde-zorakiliq-qetl-ve-intiharlar-bu-sistemde-nazir-adi-bir-poctalyondur\\\/\",\"url\":\"https:\\\/\\\/www.meydan.tv\\\/az\\\/article\\\/mekteblerde-zorakiliq-qetl-ve-intiharlar-bu-sistemde-nazir-adi-bir-poctalyondur\\\/\",\"name\":\"M\u0259kt\u0259bl\u0259rd\u0259 zorak\u0131l\u0131q, q\u0259tl v\u0259 intiharlar: \u201cBu sistemd\u0259 nazir adi bir po\u00e7talyondur\u201d - MEYDAN.TV\",\"isPartOf\":{\"@id\":\"https:\\\/\\\/www.meydan.tv\\\/az\\\/#website\"},\"primaryImageOfPage\":{\"@id\":\"https:\\\/\\\/www.meydan.tv\\\/az\\\/article\\\/mekteblerde-zorakiliq-qetl-ve-intiharlar-bu-sistemde-nazir-adi-bir-poctalyondur\\\/#primaryimage\"},\"image\":{\"@id\":\"https:\\\/\\\/www.meydan.tv\\\/az\\\/article\\\/mekteblerde-zorakiliq-qetl-ve-intiharlar-bu-sistemde-nazir-adi-bir-poctalyondur\\\/#primaryimage\"},\"thumbnailUrl\":\"https:\\\/\\\/www.meydan.tv\\\/wp-content\\\/uploads\\\/img_9849-e1706198116922.jpg\",\"datePublished\":\"2024-01-25T16:09:58+00:00\",\"dateModified\":\"2024-01-25T16:45:32+00:00\",\"breadcrumb\":{\"@id\":\"https:\\\/\\\/www.meydan.tv\\\/az\\\/article\\\/mekteblerde-zorakiliq-qetl-ve-intiharlar-bu-sistemde-nazir-adi-bir-poctalyondur\\\/#breadcrumb\"},\"inLanguage\":\"az\",\"potentialAction\":[{\"@type\":\"ReadAction\",\"target\":[\"https:\\\/\\\/www.meydan.tv\\\/az\\\/article\\\/mekteblerde-zorakiliq-qetl-ve-intiharlar-bu-sistemde-nazir-adi-bir-poctalyondur\\\/\"]}]},{\"@type\":\"ImageObject\",\"inLanguage\":\"az\",\"@id\":\"https:\\\/\\\/www.meydan.tv\\\/az\\\/article\\\/mekteblerde-zorakiliq-qetl-ve-intiharlar-bu-sistemde-nazir-adi-bir-poctalyondur\\\/#primaryimage\",\"url\":\"https:\\\/\\\/www.meydan.tv\\\/wp-content\\\/uploads\\\/img_9849-e1706198116922.jpg\",\"contentUrl\":\"https:\\\/\\\/www.meydan.tv\\\/wp-content\\\/uploads\\\/img_9849-e1706198116922.jpg\",\"width\":1200,\"height\":646,\"caption\":\"M\u0259kt\u0259bd\u0259 q\u0131snama. Foto: Meydan TV\"},{\"@type\":\"BreadcrumbList\",\"@id\":\"https:\\\/\\\/www.meydan.tv\\\/az\\\/article\\\/mekteblerde-zorakiliq-qetl-ve-intiharlar-bu-sistemde-nazir-adi-bir-poctalyondur\\\/#breadcrumb\",\"itemListElement\":[{\"@type\":\"ListItem\",\"position\":1,\"name\":\"Ana s\u0259hif\u0259\",\"item\":\"https:\\\/\\\/www.meydan.tv\\\/az\\\/\"},{\"@type\":\"ListItem\",\"position\":2,\"name\":\"Sosial\",\"item\":\"https:\\\/\\\/www.meydan.tv\\\/az\\\/section\\\/sosial\\\/\"},{\"@type\":\"ListItem\",\"position\":3,\"name\":\"M\u0259kt\u0259bl\u0259rd\u0259 zorak\u0131l\u0131q, q\u0259tl v\u0259 intiharlar: \u201cBu sistemd\u0259 nazir adi bir po\u00e7talyondur\u201d\"}]},{\"@type\":\"WebSite\",\"@id\":\"https:\\\/\\\/www.meydan.tv\\\/az\\\/#website\",\"url\":\"https:\\\/\\\/www.meydan.tv\\\/az\\\/\",\"name\":\"MEYDAN.TV\",\"description\":\"Meydan TV Az\u0259rbaycan\u0131n media m\u0259kan\u0131ndak\u0131 alternativ s\u0259sidir\",\"publisher\":{\"@id\":\"https:\\\/\\\/www.meydan.tv\\\/az\\\/#organization\"},\"potentialAction\":[{\"@type\":\"SearchAction\",\"target\":{\"@type\":\"EntryPoint\",\"urlTemplate\":\"https:\\\/\\\/www.meydan.tv\\\/az\\\/?s={search_term_string}\"},\"query-input\":{\"@type\":\"PropertyValueSpecification\",\"valueRequired\":true,\"valueName\":\"search_term_string\"}}],\"inLanguage\":\"az\"},{\"@type\":\"Organization\",\"@id\":\"https:\\\/\\\/www.meydan.tv\\\/az\\\/#organization\",\"name\":\"Meydan TV\",\"url\":\"https:\\\/\\\/www.meydan.tv\\\/az\\\/\",\"logo\":{\"@type\":\"ImageObject\",\"inLanguage\":\"az\",\"@id\":\"https:\\\/\\\/www.meydan.tv\\\/az\\\/#\\\/schema\\\/logo\\\/image\\\/\",\"url\":\"https:\\\/\\\/www.meydan.tv\\\/wp-content\\\/uploads\\\/2021\\\/07\\\/meydan-logo.svg\",\"contentUrl\":\"https:\\\/\\\/www.meydan.tv\\\/wp-content\\\/uploads\\\/2021\\\/07\\\/meydan-logo.svg\",\"width\":195,\"height\":46,\"caption\":\"Meydan TV\"},\"image\":{\"@id\":\"https:\\\/\\\/www.meydan.tv\\\/az\\\/#\\\/schema\\\/logo\\\/image\\\/\"}},{\"@type\":\"Person\",\"@id\":\"https:\\\/\\\/www.meydan.tv\\\/az\\\/#\\\/schema\\\/person\\\/9cdbecf90d17180ce1dfbd95b08dcf47\",\"name\":\"elli\",\"sameAs\":[\"https:\\\/\\\/x.com\\\/elli\"]}]}<\/script>\n<!-- \/ Yoast SEO plugin. -->","yoast_head_json":{"title":"M\u0259kt\u0259bl\u0259rd\u0259 zorak\u0131l\u0131q, q\u0259tl v\u0259 intiharlar: \u201cBu sistemd\u0259 nazir adi bir po\u00e7talyondur\u201d - MEYDAN.TV","robots":{"index":"index","follow":"follow","max-snippet":"max-snippet:-1","max-image-preview":"max-image-preview:large","max-video-preview":"max-video-preview:-1"},"canonical":"https:\/\/www.meydan.tv\/az\/article\/mekteblerde-zorakiliq-qetl-ve-intiharlar-bu-sistemde-nazir-adi-bir-poctalyondur\/","og_locale":"az_AZ","og_type":"article","og_title":"M\u0259kt\u0259bl\u0259rd\u0259 zorak\u0131l\u0131q, q\u0259tl v\u0259 intiharlar: \u201cBu sistemd\u0259 nazir adi bir po\u00e7talyondur\u201d - MEYDAN.TV","og_description":"\u0130ctimai \u015fura \u00fczv\u00fc is\u0259 c\u0259miyy\u0259ti q\u0131nay\u0131r Son g\u00fcnl\u0259r iki \u00fcmumt\u0259hsil ... Davam\u0131","og_url":"https:\/\/www.meydan.tv\/az\/article\/mekteblerde-zorakiliq-qetl-ve-intiharlar-bu-sistemde-nazir-adi-bir-poctalyondur\/","og_site_name":"MEYDAN.TV","article_published_time":"2024-01-25T16:09:58+00:00","article_modified_time":"2024-01-25T16:45:32+00:00","og_image":[{"width":1200,"height":646,"url":"https:\/\/www.meydan.tv\/wp-content\/uploads\/img_9849-e1706198116922.jpg","type":"image\/jpeg"}],"author":"elli","twitter_card":"summary_large_image","twitter_creator":"@elli","schema":{"@context":"https:\/\/schema.org","@graph":[{"@type":"Article","@id":"https:\/\/www.meydan.tv\/az\/article\/mekteblerde-zorakiliq-qetl-ve-intiharlar-bu-sistemde-nazir-adi-bir-poctalyondur\/#article","isPartOf":{"@id":"https:\/\/www.meydan.tv\/az\/article\/mekteblerde-zorakiliq-qetl-ve-intiharlar-bu-sistemde-nazir-adi-bir-poctalyondur\/"},"author":{"name":"elli","@id":"https:\/\/www.meydan.tv\/az\/#\/schema\/person\/9cdbecf90d17180ce1dfbd95b08dcf47"},"headline":"M\u0259kt\u0259bl\u0259rd\u0259 zorak\u0131l\u0131q, q\u0259tl v\u0259 intiharlar: \u201cBu sistemd\u0259 nazir adi bir po\u00e7talyondur\u201d","datePublished":"2024-01-25T16:09:58+00:00","dateModified":"2024-01-25T16:45:32+00:00","mainEntityOfPage":{"@id":"https:\/\/www.meydan.tv\/az\/article\/mekteblerde-zorakiliq-qetl-ve-intiharlar-bu-sistemde-nazir-adi-bir-poctalyondur\/"},"wordCount":1892,"publisher":{"@id":"https:\/\/www.meydan.tv\/az\/#organization"},"image":{"@id":"https:\/\/www.meydan.tv\/az\/article\/mekteblerde-zorakiliq-qetl-ve-intiharlar-bu-sistemde-nazir-adi-bir-poctalyondur\/#primaryimage"},"thumbnailUrl":"https:\/\/www.meydan.tv\/wp-content\/uploads\/img_9849-e1706198116922.jpg","articleSection":["Sosial","X\u0259b\u0259rl\u0259r"],"inLanguage":"az"},{"@type":"WebPage","@id":"https:\/\/www.meydan.tv\/az\/article\/mekteblerde-zorakiliq-qetl-ve-intiharlar-bu-sistemde-nazir-adi-bir-poctalyondur\/","url":"https:\/\/www.meydan.tv\/az\/article\/mekteblerde-zorakiliq-qetl-ve-intiharlar-bu-sistemde-nazir-adi-bir-poctalyondur\/","name":"M\u0259kt\u0259bl\u0259rd\u0259 zorak\u0131l\u0131q, q\u0259tl v\u0259 intiharlar: \u201cBu sistemd\u0259 nazir adi bir po\u00e7talyondur\u201d - MEYDAN.TV","isPartOf":{"@id":"https:\/\/www.meydan.tv\/az\/#website"},"primaryImageOfPage":{"@id":"https:\/\/www.meydan.tv\/az\/article\/mekteblerde-zorakiliq-qetl-ve-intiharlar-bu-sistemde-nazir-adi-bir-poctalyondur\/#primaryimage"},"image":{"@id":"https:\/\/www.meydan.tv\/az\/article\/mekteblerde-zorakiliq-qetl-ve-intiharlar-bu-sistemde-nazir-adi-bir-poctalyondur\/#primaryimage"},"thumbnailUrl":"https:\/\/www.meydan.tv\/wp-content\/uploads\/img_9849-e1706198116922.jpg","datePublished":"2024-01-25T16:09:58+00:00","dateModified":"2024-01-25T16:45:32+00:00","breadcrumb":{"@id":"https:\/\/www.meydan.tv\/az\/article\/mekteblerde-zorakiliq-qetl-ve-intiharlar-bu-sistemde-nazir-adi-bir-poctalyondur\/#breadcrumb"},"inLanguage":"az","potentialAction":[{"@type":"ReadAction","target":["https:\/\/www.meydan.tv\/az\/article\/mekteblerde-zorakiliq-qetl-ve-intiharlar-bu-sistemde-nazir-adi-bir-poctalyondur\/"]}]},{"@type":"ImageObject","inLanguage":"az","@id":"https:\/\/www.meydan.tv\/az\/article\/mekteblerde-zorakiliq-qetl-ve-intiharlar-bu-sistemde-nazir-adi-bir-poctalyondur\/#primaryimage","url":"https:\/\/www.meydan.tv\/wp-content\/uploads\/img_9849-e1706198116922.jpg","contentUrl":"https:\/\/www.meydan.tv\/wp-content\/uploads\/img_9849-e1706198116922.jpg","width":1200,"height":646,"caption":"M\u0259kt\u0259bd\u0259 q\u0131snama. Foto: Meydan TV"},{"@type":"BreadcrumbList","@id":"https:\/\/www.meydan.tv\/az\/article\/mekteblerde-zorakiliq-qetl-ve-intiharlar-bu-sistemde-nazir-adi-bir-poctalyondur\/#breadcrumb","itemListElement":[{"@type":"ListItem","position":1,"name":"Ana s\u0259hif\u0259","item":"https:\/\/www.meydan.tv\/az\/"},{"@type":"ListItem","position":2,"name":"Sosial","item":"https:\/\/www.meydan.tv\/az\/section\/sosial\/"},{"@type":"ListItem","position":3,"name":"M\u0259kt\u0259bl\u0259rd\u0259 zorak\u0131l\u0131q, q\u0259tl v\u0259 intiharlar: \u201cBu sistemd\u0259 nazir adi bir po\u00e7talyondur\u201d"}]},{"@type":"WebSite","@id":"https:\/\/www.meydan.tv\/az\/#website","url":"https:\/\/www.meydan.tv\/az\/","name":"MEYDAN.TV","description":"Meydan TV Az\u0259rbaycan\u0131n media m\u0259kan\u0131ndak\u0131 alternativ s\u0259sidir","publisher":{"@id":"https:\/\/www.meydan.tv\/az\/#organization"},"potentialAction":[{"@type":"SearchAction","target":{"@type":"EntryPoint","urlTemplate":"https:\/\/www.meydan.tv\/az\/?s={search_term_string}"},"query-input":{"@type":"PropertyValueSpecification","valueRequired":true,"valueName":"search_term_string"}}],"inLanguage":"az"},{"@type":"Organization","@id":"https:\/\/www.meydan.tv\/az\/#organization","name":"Meydan TV","url":"https:\/\/www.meydan.tv\/az\/","logo":{"@type":"ImageObject","inLanguage":"az","@id":"https:\/\/www.meydan.tv\/az\/#\/schema\/logo\/image\/","url":"https:\/\/www.meydan.tv\/wp-content\/uploads\/2021\/07\/meydan-logo.svg","contentUrl":"https:\/\/www.meydan.tv\/wp-content\/uploads\/2021\/07\/meydan-logo.svg","width":195,"height":46,"caption":"Meydan TV"},"image":{"@id":"https:\/\/www.meydan.tv\/az\/#\/schema\/logo\/image\/"}},{"@type":"Person","@id":"https:\/\/www.meydan.tv\/az\/#\/schema\/person\/9cdbecf90d17180ce1dfbd95b08dcf47","name":"elli","sameAs":["https:\/\/x.com\/elli"]}]}},"_links":{"self":[{"href":"https:\/\/www.meydan.tv\/az\/wp-json\/wp\/v2\/posts\/296187","targetHints":{"allow":["GET"]}}],"collection":[{"href":"https:\/\/www.meydan.tv\/az\/wp-json\/wp\/v2\/posts"}],"about":[{"href":"https:\/\/www.meydan.tv\/az\/wp-json\/wp\/v2\/types\/post"}],"author":[{"embeddable":true,"href":"https:\/\/www.meydan.tv\/az\/wp-json\/wp\/v2\/users\/8"}],"replies":[{"embeddable":true,"href":"https:\/\/www.meydan.tv\/az\/wp-json\/wp\/v2\/comments?post=296187"}],"version-history":[{"count":3,"href":"https:\/\/www.meydan.tv\/az\/wp-json\/wp\/v2\/posts\/296187\/revisions"}],"predecessor-version":[{"id":296204,"href":"https:\/\/www.meydan.tv\/az\/wp-json\/wp\/v2\/posts\/296187\/revisions\/296204"}],"wp:featuredmedia":[{"embeddable":true,"href":"https:\/\/www.meydan.tv\/az\/wp-json\/wp\/v2\/media\/274009"}],"wp:attachment":[{"href":"https:\/\/www.meydan.tv\/az\/wp-json\/wp\/v2\/media?parent=296187"}],"wp:term":[{"taxonomy":"category","embeddable":true,"href":"https:\/\/www.meydan.tv\/az\/wp-json\/wp\/v2\/categories?post=296187"},{"taxonomy":"post_tag","embeddable":true,"href":"https:\/\/www.meydan.tv\/az\/wp-json\/wp\/v2\/tags?post=296187"}],"curies":[{"name":"wp","href":"https:\/\/api.w.org\/{rel}","templated":true}]}}