{"id":296173,"date":"2024-01-25T18:56:08","date_gmt":"2024-01-25T14:56:08","guid":{"rendered":"https:\/\/www.meydan.tv\/?p=296173"},"modified":"2024-01-25T20:49:31","modified_gmt":"2024-01-25T16:49:31","slug":"elnare-qasimova-ev-dustaqligina-buraxilmadi","status":"publish","type":"post","link":"https:\/\/www.meydan.tv\/az\/article\/elnare-qasimova-ev-dustaqligina-buraxilmadi\/","title":{"rendered":"Elnar\u0259 Qas\u0131mova ev dustaql\u0131\u011f\u0131na burax\u0131lmad\u0131"},"content":{"rendered":"\n<figure class=\"wp-block-embed is-type-video is-provider-youtube wp-block-embed-youtube wp-embed-aspect-16-9 wp-has-aspect-ratio\"><div class=\"wp-block-embed__wrapper\">\n<iframe title=\"Elnar\u0259 Qas\u0131mova ev dustaql\u0131\u011f\u0131na burax\u0131lmad\u0131\" width=\"1200\" height=\"675\" data-src=\"https:\/\/www.youtube.com\/embed\/H3M7B62TZJc?feature=oembed\" frameborder=\"0\" allow=\"accelerometer; autoplay; clipboard-write; encrypted-media; gyroscope; picture-in-picture; web-share\" allowfullscreen src=\"data:image\/svg+xml;base64,PHN2ZyB3aWR0aD0iMSIgaGVpZ2h0PSIxIiB4bWxucz0iaHR0cDovL3d3dy53My5vcmcvMjAwMC9zdmciPjwvc3ZnPg==\" class=\"lazyload\" data-load-mode=\"1\"><\/iframe>\n<\/div><\/figure>\n\n\n\n<p><\/p>\n\n\n\n<p><strong><em>V\u0259kilin v\u0259sat\u0259ti t\u0259min edilm\u0259yib<\/em><\/strong><\/p>\n\n\n\n<p>\u201cAbzasMedia\u201d n\u0259\u015fril\u0259 ba\u011fl\u0131 cinay\u0259t i\u015fi \u00fczr\u0259 h\u0259bs olunan jurnalistl\u0259rd\u0259n biri \u2013 Elnar\u0259 Qas\u0131movan\u0131n ev dustaql\u0131\u011f\u0131na burax\u0131lmas\u0131 \u00fc\u00e7\u00fcn v\u0259kili m\u0259hk\u0259m\u0259y\u0259 v\u0259sat\u0259t vermi\u015fdi. V\u0259sat\u0259t\u0259 yanvar\u0131n 25-d\u0259 X\u0259tai Rayon M\u0259hk\u0259m\u0259sind\u0259 hakim R\u0259fael Sad\u0131qov bax\u0131b.<\/p>\n\n\n\n<p>Jurnalistin v\u0259kili Ai\u015f\u0259 Abdel Qadir m\u0259hk\u0259m\u0259d\u0259 deyib ki, Elnar\u0259 Qas\u0131movan\u0131 h\u0259bsd\u0259 saxlamaq \u00fc\u00e7\u00fcn he\u00e7 bir \u0259sas yoxdur. V\u0259kilin s\u00f6zl\u0259rin\u0259 g\u00f6r\u0259, \u015f\u0259xs haqq\u0131nda h\u0259bs q\u0259timkan t\u0259dbiri se\u00e7il\u0259rk\u0259n azadl\u0131qda qalarsa, istintaq\u0131n gedi\u015fin\u0259 mane olaca\u011f\u0131, qa\u00e7\u0131b gizl\u0259n\u0259c\u0259yi il\u0259 ba\u011fl\u0131 \u015f\u00fcbh\u0259l\u0259r m\u00fctl\u0259q \u0259sasland\u0131r\u0131lmal\u0131d\u0131r. Lakin Elnar\u0259 Qas\u0131movaya m\u00fcnasib\u0259td\u0259 bel\u0259 \u0259sasland\u0131rma yoxdur.<\/p>\n\n\n\n<p>V\u0259kil xat\u0131rlad\u0131b ki, Elnar\u0259 Qas\u0131mova azadl\u0131qda olark\u0259n istintaq\u0131n \u00e7a\u011f\u0131r\u0131\u015flar\u0131na gedib, he\u00e7 vaxt yay\u0131nmay\u0131b.<\/p>\n\n\n\n<p>Jurnalistin \u00f6z\u00fc d\u0259 m\u0259hk\u0259m\u0259d\u0259 \u00e7\u0131x\u0131\u015f edib. Deyib ki, onun haqq\u0131nda n\u0259inki h\u0259bs q\u0259timkan t\u0259dbiri q\u0259rar\u0131, \u00fcmumiyy\u0259tl\u0259, qa\u00e7aqmal\u00e7\u0131l\u0131q ittiham\u0131 da \u0259sass\u0131zd\u0131r, saxtad\u0131r. Elnar\u0259 Qas\u0131movan\u0131n s\u00f6zl\u0259rin\u0259 g\u00f6r\u0259, \u201cAbzasMedia\u201d i\u015fi \u00fczr\u0259 h\u0259bsd\u0259 olan jurnalistl\u0259rin ham\u0131s\u0131 t\u0259qsirsizdir v\u0259 jurnalist ara\u015fd\u0131rmalar\u0131na, pe\u015f\u0259 f\u0259aliyy\u0259tl\u0259rin\u0259 g\u00f6r\u0259 c\u0259zaland\u0131r\u0131l\u0131blar.<\/p>\n\n\n\n<p><em>\u201cHakim d\u0259 daxil olmaqla, bu m\u0259hk\u0259m\u0259d\u0259kil\u0259rin ham\u0131s\u0131 t\u0259qsirsiz oldu\u011fumu yax\u015f\u0131 bilir\u201d,<\/em> &#8211; Elnar\u0259 Qas\u0131mova bildirib.<\/p>\n\n\n\n<p>M\u00fcst\u0259ntiq Elnar\u0259 Qas\u0131mova haqq\u0131nda h\u0259bs q\u0259timkan t\u0259dbirinin ev dustaql\u0131\u011f\u0131yla \u0259v\u0259zl\u0259nm\u0259sin\u0259 etiraz edib. O iddia edib ki, azadl\u0131qda qalmas\u0131 istintaq\u0131n gedi\u015fin\u0259 mane ola bil\u0259r.<\/p>\n\n\n\n<p>Hakim d\u0259 q\u0131sa m\u00fc\u015favir\u0259d\u0259n sonra Elnar\u0259 Qas\u0131movan\u0131n ev dustaql\u0131\u011f\u0131na burax\u0131lmas\u0131 bar\u0259d\u0259 v\u0259sat\u0259tin t\u0259min olunmad\u0131\u011f\u0131n\u0131 a\u00e7\u0131qlay\u0131b.<\/p>\n\n\n\n<p>Elnar\u0259 Qas\u0131mova yanvar\u0131n 13-d\u0259 saxlan\u0131l\u0131b, iki g\u00fcn sonra onun haqq\u0131nda ilkin istintaq d\u00f6vr\u00fc \u00fc\u00e7\u00fcn 2 ay 17 g\u00fcnl\u00fck h\u0259bs q\u0259timkan t\u0259dbiri se\u00e7ilib.<\/p>\n\n\n\n<p>Korrupsiya ara\u015fd\u0131rmalar\u0131yla tan\u0131nan &#8220;AbzasMedia&#8221; i\u015fi \u00fczr\u0259 h\u0259bsl\u0259r noyabr\u0131n 20-d\u0259n ba\u015flay\u0131b. \u00d6nc\u0259 sayt\u0131n direktoru \u00dclvi H\u0259s\u0259nli, direktor m\u00fcavini M\u0259h\u0259mm\u0259d Kekalov, ba\u015f redaktoru Sevinc Abbasova (Vaqifq\u0131z\u0131) h\u0259bs edilib. Daha sonra h\u0259bsl\u0259r ara\u015fd\u0131rma\u00e7\u0131 jurnalist Hafiz Babal\u0131 v\u0259 N\u0259rgiz Absalamova il\u0259 davam edib. Onlar da Cinay\u0259t M\u0259c\u0259ll\u0259sinin 206.3.2-ci (bir qrup \u015f\u0259xs t\u0259r\u0259find\u0259n qa\u00e7aqmal\u00e7\u0131l\u0131q) madd\u0259sil\u0259 ittiham olunur.<\/p>\n\n\n\n<p>Bu madd\u0259nin sanksiyas\u0131nda 5 ild\u0259n 8 il\u0259 q\u0259d\u0259r azadl\u0131qdan m\u0259hrumetm\u0259 c\u0259zas\u0131 n\u0259z\u0259rd\u0259 tutulub.<\/p>\n\n\n\n<p>Noyabr\u0131n 20-d\u0259 \u00dclvi H\u0259s\u0259nli saxland\u0131qdan sinra &#8220;AbzasMedia\u201dn\u0131n ofisind\u0259 axtar\u0131\u015f apar\u0131l\u0131b. Sayt\u0131n ofisind\u0259n 40 min avro pul tap\u0131ld\u0131\u011f\u0131 iddia olunub.<\/p>\n\n\n\n<p>\u00dclvi H\u0259s\u0259nli is\u0259 orada pul olmad\u0131\u011f\u0131n\u0131, 40 min avronun ofis\u0259 onu tapd\u0131\u011f\u0131n\u0131 iddia ed\u0259nl\u0259rin \u00f6zl\u0259ri t\u0259r\u0259find\u0259n qoyuldu\u011funu bildirib.<\/p>\n\n\n\n<p>Adlar\u0131 \u00e7\u0259kil\u0259n jurnalistl\u0259rin he\u00e7 biri \u00f6z\u00fcn\u00fc t\u0259qsirli bilmir, \u201cAbzasMedia\u201dda Prezidentin ail\u0259 \u00fczvl\u0259ri d\u0259 daxil olmaqla, bir s\u0131ra v\u0259zif\u0259li \u015f\u0259xsl\u0259rin biznesi, korrupsiya il\u0259 ba\u011fl\u0131 ara\u015fd\u0131rmalara g\u00f6r\u0259 c\u0259zaland\u0131r\u0131ld\u0131qlar\u0131n\u0131 bildiribl\u0259r.<\/p>\n","protected":false},"excerpt":{"rendered":"<p>V\u0259kilin v\u0259sat\u0259ti t\u0259min edilm\u0259yib \u201cAbzasMedia\u201d n\u0259\u015fril\u0259 ba\u011fl\u0131 cinay\u0259t i\u015fi \u00fczr\u0259 &#8230; <\/p>\n<p class=\"read-more-container\"><a title=\"Elnar\u0259 Qas\u0131mova ev dustaql\u0131\u011f\u0131na burax\u0131lmad\u0131\" class=\"read-more button\" href=\"https:\/\/www.meydan.tv\/az\/article\/elnare-qasimova-ev-dustaqligina-buraxilmadi\/#more-296173\" aria-label=\"Read more about Elnar\u0259 Qas\u0131mova ev dustaql\u0131\u011f\u0131na burax\u0131lmad\u0131\">Davam\u0131<\/a><\/p>\n","protected":false},"author":12,"featured_media":296174,"comment_status":"closed","ping_status":"closed","sticky":false,"template":"","format":"standard","meta":{"_acf_changed":false,"_sitemap_exclude":false,"_sitemap_priority":"","_sitemap_frequency":"","footnotes":""},"categories":[63,56],"tags":[],"class_list":["post-296173","post","type-post","status-publish","format-standard","has-post-thumbnail","hentry","category-video-2","category-xeberler","infinite-scroll-item","generate-columns","tablet-grid-50","mobile-grid-100","grid-parent","grid-33","no-featured-image-padding"],"acf":[],"yoast_head":"<!-- This site is optimized with the Yoast SEO plugin v27.4 - https:\/\/yoast.com\/product\/yoast-seo-wordpress\/ -->\n<title>Elnar\u0259 Qas\u0131mova ev dustaql\u0131\u011f\u0131na burax\u0131lmad\u0131 - MEYDAN.TV<\/title>\n<meta name=\"robots\" content=\"index, follow, max-snippet:-1, max-image-preview:large, max-video-preview:-1\" \/>\n<link rel=\"canonical\" href=\"https:\/\/www.meydan.tv\/az\/article\/elnare-qasimova-ev-dustaqligina-buraxilmadi\/\" \/>\n<meta property=\"og:locale\" content=\"az_AZ\" \/>\n<meta property=\"og:type\" content=\"article\" \/>\n<meta property=\"og:title\" content=\"Elnar\u0259 Qas\u0131mova ev dustaql\u0131\u011f\u0131na burax\u0131lmad\u0131 - MEYDAN.TV\" \/>\n<meta property=\"og:description\" content=\"V\u0259kilin v\u0259sat\u0259ti t\u0259min edilm\u0259yib \u201cAbzasMedia\u201d n\u0259\u015fril\u0259 ba\u011fl\u0131 cinay\u0259t i\u015fi \u00fczr\u0259 ... Davam\u0131\" \/>\n<meta property=\"og:url\" content=\"https:\/\/www.meydan.tv\/az\/article\/elnare-qasimova-ev-dustaqligina-buraxilmadi\/\" \/>\n<meta property=\"og:site_name\" content=\"MEYDAN.TV\" \/>\n<meta property=\"article:published_time\" content=\"2024-01-25T14:56:08+00:00\" \/>\n<meta property=\"article:modified_time\" content=\"2024-01-25T16:49:31+00:00\" \/>\n<meta property=\"og:image\" content=\"https:\/\/www.meydan.tv\/wp-content\/uploads\/reportaj-cover-4-1.png\" \/>\n\t<meta property=\"og:image:width\" content=\"1280\" \/>\n\t<meta property=\"og:image:height\" content=\"720\" \/>\n\t<meta property=\"og:image:type\" content=\"image\/png\" \/>\n<meta name=\"author\" content=\"aleks\" \/>\n<meta name=\"twitter:card\" content=\"summary_large_image\" \/>\n<script type=\"application\/ld+json\" class=\"yoast-schema-graph\">{\"@context\":\"https:\\\/\\\/schema.org\",\"@graph\":[{\"@type\":\"Article\",\"@id\":\"https:\\\/\\\/www.meydan.tv\\\/az\\\/article\\\/elnare-qasimova-ev-dustaqligina-buraxilmadi\\\/#article\",\"isPartOf\":{\"@id\":\"https:\\\/\\\/www.meydan.tv\\\/az\\\/article\\\/elnare-qasimova-ev-dustaqligina-buraxilmadi\\\/\"},\"author\":{\"name\":\"aleks\",\"@id\":\"https:\\\/\\\/www.meydan.tv\\\/az\\\/#\\\/schema\\\/person\\\/476e9360e593fa131d5d71d51866f8da\"},\"headline\":\"Elnar\u0259 Qas\u0131mova ev dustaql\u0131\u011f\u0131na burax\u0131lmad\u0131\",\"datePublished\":\"2024-01-25T14:56:08+00:00\",\"dateModified\":\"2024-01-25T16:49:31+00:00\",\"mainEntityOfPage\":{\"@id\":\"https:\\\/\\\/www.meydan.tv\\\/az\\\/article\\\/elnare-qasimova-ev-dustaqligina-buraxilmadi\\\/\"},\"wordCount\":605,\"publisher\":{\"@id\":\"https:\\\/\\\/www.meydan.tv\\\/az\\\/#organization\"},\"image\":{\"@id\":\"https:\\\/\\\/www.meydan.tv\\\/az\\\/article\\\/elnare-qasimova-ev-dustaqligina-buraxilmadi\\\/#primaryimage\"},\"thumbnailUrl\":\"https:\\\/\\\/www.meydan.tv\\\/wp-content\\\/uploads\\\/reportaj-cover-4-1.png\",\"articleSection\":[\"Video\",\"X\u0259b\u0259rl\u0259r\"],\"inLanguage\":\"az\"},{\"@type\":\"WebPage\",\"@id\":\"https:\\\/\\\/www.meydan.tv\\\/az\\\/article\\\/elnare-qasimova-ev-dustaqligina-buraxilmadi\\\/\",\"url\":\"https:\\\/\\\/www.meydan.tv\\\/az\\\/article\\\/elnare-qasimova-ev-dustaqligina-buraxilmadi\\\/\",\"name\":\"Elnar\u0259 Qas\u0131mova ev dustaql\u0131\u011f\u0131na burax\u0131lmad\u0131 - MEYDAN.TV\",\"isPartOf\":{\"@id\":\"https:\\\/\\\/www.meydan.tv\\\/az\\\/#website\"},\"primaryImageOfPage\":{\"@id\":\"https:\\\/\\\/www.meydan.tv\\\/az\\\/article\\\/elnare-qasimova-ev-dustaqligina-buraxilmadi\\\/#primaryimage\"},\"image\":{\"@id\":\"https:\\\/\\\/www.meydan.tv\\\/az\\\/article\\\/elnare-qasimova-ev-dustaqligina-buraxilmadi\\\/#primaryimage\"},\"thumbnailUrl\":\"https:\\\/\\\/www.meydan.tv\\\/wp-content\\\/uploads\\\/reportaj-cover-4-1.png\",\"datePublished\":\"2024-01-25T14:56:08+00:00\",\"dateModified\":\"2024-01-25T16:49:31+00:00\",\"breadcrumb\":{\"@id\":\"https:\\\/\\\/www.meydan.tv\\\/az\\\/article\\\/elnare-qasimova-ev-dustaqligina-buraxilmadi\\\/#breadcrumb\"},\"inLanguage\":\"az\",\"potentialAction\":[{\"@type\":\"ReadAction\",\"target\":[\"https:\\\/\\\/www.meydan.tv\\\/az\\\/article\\\/elnare-qasimova-ev-dustaqligina-buraxilmadi\\\/\"]}]},{\"@type\":\"ImageObject\",\"inLanguage\":\"az\",\"@id\":\"https:\\\/\\\/www.meydan.tv\\\/az\\\/article\\\/elnare-qasimova-ev-dustaqligina-buraxilmadi\\\/#primaryimage\",\"url\":\"https:\\\/\\\/www.meydan.tv\\\/wp-content\\\/uploads\\\/reportaj-cover-4-1.png\",\"contentUrl\":\"https:\\\/\\\/www.meydan.tv\\\/wp-content\\\/uploads\\\/reportaj-cover-4-1.png\",\"width\":1280,\"height\":720},{\"@type\":\"BreadcrumbList\",\"@id\":\"https:\\\/\\\/www.meydan.tv\\\/az\\\/article\\\/elnare-qasimova-ev-dustaqligina-buraxilmadi\\\/#breadcrumb\",\"itemListElement\":[{\"@type\":\"ListItem\",\"position\":1,\"name\":\"Ana s\u0259hif\u0259\",\"item\":\"https:\\\/\\\/www.meydan.tv\\\/az\\\/\"},{\"@type\":\"ListItem\",\"position\":2,\"name\":\"Video\",\"item\":\"https:\\\/\\\/www.meydan.tv\\\/az\\\/section\\\/video-2\\\/\"},{\"@type\":\"ListItem\",\"position\":3,\"name\":\"Elnar\u0259 Qas\u0131mova ev dustaql\u0131\u011f\u0131na burax\u0131lmad\u0131\"}]},{\"@type\":\"WebSite\",\"@id\":\"https:\\\/\\\/www.meydan.tv\\\/az\\\/#website\",\"url\":\"https:\\\/\\\/www.meydan.tv\\\/az\\\/\",\"name\":\"MEYDAN.TV\",\"description\":\"Meydan TV Az\u0259rbaycan\u0131n media m\u0259kan\u0131ndak\u0131 alternativ s\u0259sidir\",\"publisher\":{\"@id\":\"https:\\\/\\\/www.meydan.tv\\\/az\\\/#organization\"},\"potentialAction\":[{\"@type\":\"SearchAction\",\"target\":{\"@type\":\"EntryPoint\",\"urlTemplate\":\"https:\\\/\\\/www.meydan.tv\\\/az\\\/?s={search_term_string}\"},\"query-input\":{\"@type\":\"PropertyValueSpecification\",\"valueRequired\":true,\"valueName\":\"search_term_string\"}}],\"inLanguage\":\"az\"},{\"@type\":\"Organization\",\"@id\":\"https:\\\/\\\/www.meydan.tv\\\/az\\\/#organization\",\"name\":\"Meydan TV\",\"url\":\"https:\\\/\\\/www.meydan.tv\\\/az\\\/\",\"logo\":{\"@type\":\"ImageObject\",\"inLanguage\":\"az\",\"@id\":\"https:\\\/\\\/www.meydan.tv\\\/az\\\/#\\\/schema\\\/logo\\\/image\\\/\",\"url\":\"https:\\\/\\\/www.meydan.tv\\\/wp-content\\\/uploads\\\/2021\\\/07\\\/meydan-logo.svg\",\"contentUrl\":\"https:\\\/\\\/www.meydan.tv\\\/wp-content\\\/uploads\\\/2021\\\/07\\\/meydan-logo.svg\",\"width\":195,\"height\":46,\"caption\":\"Meydan TV\"},\"image\":{\"@id\":\"https:\\\/\\\/www.meydan.tv\\\/az\\\/#\\\/schema\\\/logo\\\/image\\\/\"}},{\"@type\":\"Person\",\"@id\":\"https:\\\/\\\/www.meydan.tv\\\/az\\\/#\\\/schema\\\/person\\\/476e9360e593fa131d5d71d51866f8da\",\"name\":\"aleks\"}]}<\/script>\n<!-- \/ Yoast SEO plugin. -->","yoast_head_json":{"title":"Elnar\u0259 Qas\u0131mova ev dustaql\u0131\u011f\u0131na burax\u0131lmad\u0131 - MEYDAN.TV","robots":{"index":"index","follow":"follow","max-snippet":"max-snippet:-1","max-image-preview":"max-image-preview:large","max-video-preview":"max-video-preview:-1"},"canonical":"https:\/\/www.meydan.tv\/az\/article\/elnare-qasimova-ev-dustaqligina-buraxilmadi\/","og_locale":"az_AZ","og_type":"article","og_title":"Elnar\u0259 Qas\u0131mova ev dustaql\u0131\u011f\u0131na burax\u0131lmad\u0131 - MEYDAN.TV","og_description":"V\u0259kilin v\u0259sat\u0259ti t\u0259min edilm\u0259yib \u201cAbzasMedia\u201d n\u0259\u015fril\u0259 ba\u011fl\u0131 cinay\u0259t i\u015fi \u00fczr\u0259 ... Davam\u0131","og_url":"https:\/\/www.meydan.tv\/az\/article\/elnare-qasimova-ev-dustaqligina-buraxilmadi\/","og_site_name":"MEYDAN.TV","article_published_time":"2024-01-25T14:56:08+00:00","article_modified_time":"2024-01-25T16:49:31+00:00","og_image":[{"width":1280,"height":720,"url":"https:\/\/www.meydan.tv\/wp-content\/uploads\/reportaj-cover-4-1.png","type":"image\/png"}],"author":"aleks","twitter_card":"summary_large_image","schema":{"@context":"https:\/\/schema.org","@graph":[{"@type":"Article","@id":"https:\/\/www.meydan.tv\/az\/article\/elnare-qasimova-ev-dustaqligina-buraxilmadi\/#article","isPartOf":{"@id":"https:\/\/www.meydan.tv\/az\/article\/elnare-qasimova-ev-dustaqligina-buraxilmadi\/"},"author":{"name":"aleks","@id":"https:\/\/www.meydan.tv\/az\/#\/schema\/person\/476e9360e593fa131d5d71d51866f8da"},"headline":"Elnar\u0259 Qas\u0131mova ev dustaql\u0131\u011f\u0131na burax\u0131lmad\u0131","datePublished":"2024-01-25T14:56:08+00:00","dateModified":"2024-01-25T16:49:31+00:00","mainEntityOfPage":{"@id":"https:\/\/www.meydan.tv\/az\/article\/elnare-qasimova-ev-dustaqligina-buraxilmadi\/"},"wordCount":605,"publisher":{"@id":"https:\/\/www.meydan.tv\/az\/#organization"},"image":{"@id":"https:\/\/www.meydan.tv\/az\/article\/elnare-qasimova-ev-dustaqligina-buraxilmadi\/#primaryimage"},"thumbnailUrl":"https:\/\/www.meydan.tv\/wp-content\/uploads\/reportaj-cover-4-1.png","articleSection":["Video","X\u0259b\u0259rl\u0259r"],"inLanguage":"az"},{"@type":"WebPage","@id":"https:\/\/www.meydan.tv\/az\/article\/elnare-qasimova-ev-dustaqligina-buraxilmadi\/","url":"https:\/\/www.meydan.tv\/az\/article\/elnare-qasimova-ev-dustaqligina-buraxilmadi\/","name":"Elnar\u0259 Qas\u0131mova ev dustaql\u0131\u011f\u0131na burax\u0131lmad\u0131 - MEYDAN.TV","isPartOf":{"@id":"https:\/\/www.meydan.tv\/az\/#website"},"primaryImageOfPage":{"@id":"https:\/\/www.meydan.tv\/az\/article\/elnare-qasimova-ev-dustaqligina-buraxilmadi\/#primaryimage"},"image":{"@id":"https:\/\/www.meydan.tv\/az\/article\/elnare-qasimova-ev-dustaqligina-buraxilmadi\/#primaryimage"},"thumbnailUrl":"https:\/\/www.meydan.tv\/wp-content\/uploads\/reportaj-cover-4-1.png","datePublished":"2024-01-25T14:56:08+00:00","dateModified":"2024-01-25T16:49:31+00:00","breadcrumb":{"@id":"https:\/\/www.meydan.tv\/az\/article\/elnare-qasimova-ev-dustaqligina-buraxilmadi\/#breadcrumb"},"inLanguage":"az","potentialAction":[{"@type":"ReadAction","target":["https:\/\/www.meydan.tv\/az\/article\/elnare-qasimova-ev-dustaqligina-buraxilmadi\/"]}]},{"@type":"ImageObject","inLanguage":"az","@id":"https:\/\/www.meydan.tv\/az\/article\/elnare-qasimova-ev-dustaqligina-buraxilmadi\/#primaryimage","url":"https:\/\/www.meydan.tv\/wp-content\/uploads\/reportaj-cover-4-1.png","contentUrl":"https:\/\/www.meydan.tv\/wp-content\/uploads\/reportaj-cover-4-1.png","width":1280,"height":720},{"@type":"BreadcrumbList","@id":"https:\/\/www.meydan.tv\/az\/article\/elnare-qasimova-ev-dustaqligina-buraxilmadi\/#breadcrumb","itemListElement":[{"@type":"ListItem","position":1,"name":"Ana s\u0259hif\u0259","item":"https:\/\/www.meydan.tv\/az\/"},{"@type":"ListItem","position":2,"name":"Video","item":"https:\/\/www.meydan.tv\/az\/section\/video-2\/"},{"@type":"ListItem","position":3,"name":"Elnar\u0259 Qas\u0131mova ev dustaql\u0131\u011f\u0131na burax\u0131lmad\u0131"}]},{"@type":"WebSite","@id":"https:\/\/www.meydan.tv\/az\/#website","url":"https:\/\/www.meydan.tv\/az\/","name":"MEYDAN.TV","description":"Meydan TV Az\u0259rbaycan\u0131n media m\u0259kan\u0131ndak\u0131 alternativ s\u0259sidir","publisher":{"@id":"https:\/\/www.meydan.tv\/az\/#organization"},"potentialAction":[{"@type":"SearchAction","target":{"@type":"EntryPoint","urlTemplate":"https:\/\/www.meydan.tv\/az\/?s={search_term_string}"},"query-input":{"@type":"PropertyValueSpecification","valueRequired":true,"valueName":"search_term_string"}}],"inLanguage":"az"},{"@type":"Organization","@id":"https:\/\/www.meydan.tv\/az\/#organization","name":"Meydan TV","url":"https:\/\/www.meydan.tv\/az\/","logo":{"@type":"ImageObject","inLanguage":"az","@id":"https:\/\/www.meydan.tv\/az\/#\/schema\/logo\/image\/","url":"https:\/\/www.meydan.tv\/wp-content\/uploads\/2021\/07\/meydan-logo.svg","contentUrl":"https:\/\/www.meydan.tv\/wp-content\/uploads\/2021\/07\/meydan-logo.svg","width":195,"height":46,"caption":"Meydan TV"},"image":{"@id":"https:\/\/www.meydan.tv\/az\/#\/schema\/logo\/image\/"}},{"@type":"Person","@id":"https:\/\/www.meydan.tv\/az\/#\/schema\/person\/476e9360e593fa131d5d71d51866f8da","name":"aleks"}]}},"_links":{"self":[{"href":"https:\/\/www.meydan.tv\/az\/wp-json\/wp\/v2\/posts\/296173","targetHints":{"allow":["GET"]}}],"collection":[{"href":"https:\/\/www.meydan.tv\/az\/wp-json\/wp\/v2\/posts"}],"about":[{"href":"https:\/\/www.meydan.tv\/az\/wp-json\/wp\/v2\/types\/post"}],"author":[{"embeddable":true,"href":"https:\/\/www.meydan.tv\/az\/wp-json\/wp\/v2\/users\/12"}],"replies":[{"embeddable":true,"href":"https:\/\/www.meydan.tv\/az\/wp-json\/wp\/v2\/comments?post=296173"}],"version-history":[{"count":6,"href":"https:\/\/www.meydan.tv\/az\/wp-json\/wp\/v2\/posts\/296173\/revisions"}],"predecessor-version":[{"id":296207,"href":"https:\/\/www.meydan.tv\/az\/wp-json\/wp\/v2\/posts\/296173\/revisions\/296207"}],"wp:featuredmedia":[{"embeddable":true,"href":"https:\/\/www.meydan.tv\/az\/wp-json\/wp\/v2\/media\/296174"}],"wp:attachment":[{"href":"https:\/\/www.meydan.tv\/az\/wp-json\/wp\/v2\/media?parent=296173"}],"wp:term":[{"taxonomy":"category","embeddable":true,"href":"https:\/\/www.meydan.tv\/az\/wp-json\/wp\/v2\/categories?post=296173"},{"taxonomy":"post_tag","embeddable":true,"href":"https:\/\/www.meydan.tv\/az\/wp-json\/wp\/v2\/tags?post=296173"}],"curies":[{"name":"wp","href":"https:\/\/api.w.org\/{rel}","templated":true}]}}