{"id":296161,"date":"2024-01-25T18:53:36","date_gmt":"2024-01-25T14:53:36","guid":{"rendered":"https:\/\/www.meydan.tv\/?p=296161"},"modified":"2024-01-25T18:53:39","modified_gmt":"2024-01-25T14:53:39","slug":"sayt-redaktoruna-hokm-oxundu","status":"publish","type":"post","link":"https:\/\/www.meydan.tv\/az\/article\/sayt-redaktoruna-hokm-oxundu\/","title":{"rendered":"Sayt redaktoruna h\u00f6km oxundu"},"content":{"rendered":"\n<p><\/p>\n\n\n\n<p><em><strong>Osman N\u0259rimano\u011flu \u00f6z\u00fcn\u00fc &#8220;G\u00f6yg\u00f6l rayonunun v\u0259zif\u0259li \u015f\u0259xsl\u0259rinin b\u00f6htan kampaniyas\u0131n\u0131n qurban\u0131&#8221; adland\u0131r\u0131b<\/strong><\/em><\/p>\n\n\n\n<p>&#8220;Demokratik.az&#8221; sayt\u0131n\u0131n redaktoru Osman Rzayevin (N\u0259rimano\u011flu) bir ildir davam ed\u0259n m\u0259hk\u0259m\u0259si yanvar\u0131n 25-d\u0259 yekunla\u015f\u0131b. O, G\u0259nc\u0259 A\u011f\u0131r Cinay\u0259tl\u0259r M\u0259hk\u0259m\u0259sinin h\u00f6km\u00fcyl\u0259 6 il 6 ay azadl\u0131qdan m\u0259hrum edilib. Bu h\u00f6km\u00fc Roman \u018fl\u0259kb\u0259rlinin s\u0259drliyil\u0259, Dada\u015f \u0130manov v\u0259 Mikay\u0131l M\u0259mm\u0259dzad\u0259d\u0259n ibar\u0259t hakiml\u0259r kollegiyas\u0131 \u00e7\u0131xar\u0131b.<\/p>\n\n\n\n<p>H\u00f6km\u0259 \u0259sas\u0259n, Osman N\u0259rimano\u011flu Cinay\u0259t M\u0259c\u0259ll\u0259sinin 182-ci (h\u0259d\u0259-qorxu il\u0259 t\u0259l\u0259b etm\u0259) madd\u0259sil\u0259 t\u0259qsirli bilinib. O, 9 n\u0259f\u0259rd\u0259n saytda onlar\u0131 r\u00fcsvay ed\u0259c\u0259k m\u0259lumatlar\u0131 yaymamaq \u00fc\u00e7\u00fcn pul almaqda ittiham olunur. Z\u0259r\u0259r\u00e7\u0259kmi\u015f qismind\u0259 tan\u0131nanlar aras\u0131nda G\u00f6yg\u00f6l Rayon M\u0259rk\u0259zi X\u0259st\u0259xanas\u0131n\u0131n direktoru Vasif \u018fliyev, x\u0259st\u0259xanan\u0131n \u015f\u00f6b\u0259 m\u00fcdiri \u018flik\u00f6m\u0259k Al\u0131yev, h\u0259kim R\u0259\u015fad \u018fkb\u0259rov, Suvarma Sisteml\u0259ri \u0130dar\u0259sinin ke\u00e7mi\u015f r\u0259isi \u0130lqar M\u0259mm\u0259dov v\u0259 ba\u015fqalar\u0131 var.<\/p>\n\n\n\n<p>Lakin Osman N\u0259rimano\u011flu \u00f6z\u00fcn\u00fc t\u0259qsirli bilmir. O deyir ki, pe\u015f\u0259 f\u0259aliyy\u0259tin\u0259 g\u00f6r\u0259 h\u0259bs olunub. \u00d6z\u00fcn\u00fc \u201cG\u00f6yg\u00f6l rayonunun v\u0259zif\u0259li \u015f\u0259xsl\u0259rinin b\u00f6htan kampaniyas\u0131n\u0131n qurban\u0131\u201d adland\u0131r\u0131b.<\/p>\n\n\n\n<p>Sayt r\u0259hb\u0259ri m\u0259hk\u0259m\u0259d\u0259 ifad\u0259sind\u0259 d\u0259 deyib ki, bu idar\u0259 v\u0259 x\u0259st\u0259xanalardak\u0131 r\u00fc\u015fv\u0259t v\u0259 ba\u015fqa pozuntular haqda materiallar yay\u0131mlay\u0131rd\u0131, bu s\u0259b\u0259bd\u0259n c\u0259zaland\u0131r\u0131l\u0131b: <\/p>\n\n\n\n<p>\u201c<em>Onlar h\u00fcquq-m\u00fchafiz\u0259 orqanlar\u0131ndak\u0131 himay\u0259darlar\u0131 vasit\u0259sil\u0259 m\u0259ni \u015f\u0259rl\u0259yib h\u0259bs el\u0259tdiribl\u0259r\u201d<\/em>.<\/p>\n\n\n\n<p>Onun s\u00f6zl\u0259rin\u0259 g\u00f6r\u0259, h\u0259d\u0259-qorxu il\u0259 t\u0259l\u0259betm\u0259 ittiham\u0131n\u0131 t\u0259sdiql\u0259y\u0259n he\u00e7 bir s\u00fcbut yoxdur.<br>Osman N\u0259rimano\u011flu 2022-ci ilin iyulundan h\u0259bsd\u0259dir.<\/p>\n","protected":false},"excerpt":{"rendered":"<p>Osman N\u0259rimano\u011flu \u00f6z\u00fcn\u00fc &#8220;G\u00f6yg\u00f6l rayonunun v\u0259zif\u0259li \u015f\u0259xsl\u0259rinin b\u00f6htan kampaniyas\u0131n\u0131n qurban\u0131&#8221; &#8230; <\/p>\n<p class=\"read-more-container\"><a title=\"Sayt redaktoruna h\u00f6km oxundu\" class=\"read-more button\" href=\"https:\/\/www.meydan.tv\/az\/article\/sayt-redaktoruna-hokm-oxundu\/#more-296161\" aria-label=\"Read more about Sayt redaktoruna h\u00f6km oxundu\">Davam\u0131<\/a><\/p>\n","protected":false},"author":8,"featured_media":296163,"comment_status":"closed","ping_status":"closed","sticky":false,"template":"","format":"standard","meta":{"_acf_changed":false,"_sitemap_exclude":false,"_sitemap_priority":"","_sitemap_frequency":"","footnotes":""},"categories":[60,56],"tags":[],"class_list":["post-296161","post","type-post","status-publish","format-standard","has-post-thumbnail","hentry","category-bolge","category-xeberler","infinite-scroll-item","generate-columns","tablet-grid-50","mobile-grid-100","grid-parent","grid-33","no-featured-image-padding"],"acf":[],"yoast_head":"<!-- This site is optimized with the Yoast SEO plugin v27.4 - https:\/\/yoast.com\/product\/yoast-seo-wordpress\/ -->\n<title>Sayt redaktoruna h\u00f6km oxundu - MEYDAN.TV<\/title>\n<meta name=\"robots\" content=\"index, follow, max-snippet:-1, max-image-preview:large, max-video-preview:-1\" \/>\n<link rel=\"canonical\" href=\"https:\/\/www.meydan.tv\/az\/article\/sayt-redaktoruna-hokm-oxundu\/\" \/>\n<meta property=\"og:locale\" content=\"az_AZ\" \/>\n<meta property=\"og:type\" content=\"article\" \/>\n<meta property=\"og:title\" content=\"Sayt redaktoruna h\u00f6km oxundu - MEYDAN.TV\" \/>\n<meta property=\"og:description\" content=\"Osman N\u0259rimano\u011flu \u00f6z\u00fcn\u00fc &#8220;G\u00f6yg\u00f6l rayonunun v\u0259zif\u0259li \u015f\u0259xsl\u0259rinin b\u00f6htan kampaniyas\u0131n\u0131n qurban\u0131&#8221; ... Davam\u0131\" \/>\n<meta property=\"og:url\" content=\"https:\/\/www.meydan.tv\/az\/article\/sayt-redaktoruna-hokm-oxundu\/\" \/>\n<meta property=\"og:site_name\" content=\"MEYDAN.TV\" \/>\n<meta property=\"article:published_time\" content=\"2024-01-25T14:53:36+00:00\" \/>\n<meta property=\"article:modified_time\" content=\"2024-01-25T14:53:39+00:00\" \/>\n<meta property=\"og:image\" content=\"https:\/\/www.meydan.tv\/wp-content\/uploads\/photo_229703-e1706193676949.jpg\" \/>\n\t<meta property=\"og:image:width\" content=\"1200\" \/>\n\t<meta property=\"og:image:height\" content=\"532\" \/>\n\t<meta property=\"og:image:type\" content=\"image\/jpeg\" \/>\n<meta name=\"author\" content=\"elli\" \/>\n<meta name=\"twitter:card\" content=\"summary_large_image\" \/>\n<meta name=\"twitter:creator\" content=\"@elli\" \/>\n<script type=\"application\/ld+json\" class=\"yoast-schema-graph\">{\"@context\":\"https:\\\/\\\/schema.org\",\"@graph\":[{\"@type\":\"Article\",\"@id\":\"https:\\\/\\\/www.meydan.tv\\\/az\\\/article\\\/sayt-redaktoruna-hokm-oxundu\\\/#article\",\"isPartOf\":{\"@id\":\"https:\\\/\\\/www.meydan.tv\\\/az\\\/article\\\/sayt-redaktoruna-hokm-oxundu\\\/\"},\"author\":{\"name\":\"elli\",\"@id\":\"https:\\\/\\\/www.meydan.tv\\\/az\\\/#\\\/schema\\\/person\\\/9cdbecf90d17180ce1dfbd95b08dcf47\"},\"headline\":\"Sayt redaktoruna h\u00f6km oxundu\",\"datePublished\":\"2024-01-25T14:53:36+00:00\",\"dateModified\":\"2024-01-25T14:53:39+00:00\",\"mainEntityOfPage\":{\"@id\":\"https:\\\/\\\/www.meydan.tv\\\/az\\\/article\\\/sayt-redaktoruna-hokm-oxundu\\\/\"},\"wordCount\":345,\"publisher\":{\"@id\":\"https:\\\/\\\/www.meydan.tv\\\/az\\\/#organization\"},\"image\":{\"@id\":\"https:\\\/\\\/www.meydan.tv\\\/az\\\/article\\\/sayt-redaktoruna-hokm-oxundu\\\/#primaryimage\"},\"thumbnailUrl\":\"https:\\\/\\\/www.meydan.tv\\\/wp-content\\\/uploads\\\/photo_229703-e1715761584399.jpg\",\"articleSection\":[\"B\u00f6lg\u0259\",\"X\u0259b\u0259rl\u0259r\"],\"inLanguage\":\"az\"},{\"@type\":\"WebPage\",\"@id\":\"https:\\\/\\\/www.meydan.tv\\\/az\\\/article\\\/sayt-redaktoruna-hokm-oxundu\\\/\",\"url\":\"https:\\\/\\\/www.meydan.tv\\\/az\\\/article\\\/sayt-redaktoruna-hokm-oxundu\\\/\",\"name\":\"Sayt redaktoruna h\u00f6km oxundu - MEYDAN.TV\",\"isPartOf\":{\"@id\":\"https:\\\/\\\/www.meydan.tv\\\/az\\\/#website\"},\"primaryImageOfPage\":{\"@id\":\"https:\\\/\\\/www.meydan.tv\\\/az\\\/article\\\/sayt-redaktoruna-hokm-oxundu\\\/#primaryimage\"},\"image\":{\"@id\":\"https:\\\/\\\/www.meydan.tv\\\/az\\\/article\\\/sayt-redaktoruna-hokm-oxundu\\\/#primaryimage\"},\"thumbnailUrl\":\"https:\\\/\\\/www.meydan.tv\\\/wp-content\\\/uploads\\\/photo_229703-e1715761584399.jpg\",\"datePublished\":\"2024-01-25T14:53:36+00:00\",\"dateModified\":\"2024-01-25T14:53:39+00:00\",\"breadcrumb\":{\"@id\":\"https:\\\/\\\/www.meydan.tv\\\/az\\\/article\\\/sayt-redaktoruna-hokm-oxundu\\\/#breadcrumb\"},\"inLanguage\":\"az\",\"potentialAction\":[{\"@type\":\"ReadAction\",\"target\":[\"https:\\\/\\\/www.meydan.tv\\\/az\\\/article\\\/sayt-redaktoruna-hokm-oxundu\\\/\"]}]},{\"@type\":\"ImageObject\",\"inLanguage\":\"az\",\"@id\":\"https:\\\/\\\/www.meydan.tv\\\/az\\\/article\\\/sayt-redaktoruna-hokm-oxundu\\\/#primaryimage\",\"url\":\"https:\\\/\\\/www.meydan.tv\\\/wp-content\\\/uploads\\\/photo_229703-e1715761584399.jpg\",\"contentUrl\":\"https:\\\/\\\/www.meydan.tv\\\/wp-content\\\/uploads\\\/photo_229703-e1715761584399.jpg\",\"width\":1200,\"height\":590,\"caption\":\"Foto: Osman Rzayevin \u015f\u0259xsi arxivind\u0259n\"},{\"@type\":\"BreadcrumbList\",\"@id\":\"https:\\\/\\\/www.meydan.tv\\\/az\\\/article\\\/sayt-redaktoruna-hokm-oxundu\\\/#breadcrumb\",\"itemListElement\":[{\"@type\":\"ListItem\",\"position\":1,\"name\":\"Ana s\u0259hif\u0259\",\"item\":\"https:\\\/\\\/www.meydan.tv\\\/az\\\/\"},{\"@type\":\"ListItem\",\"position\":2,\"name\":\"B\u00f6lg\u0259\",\"item\":\"https:\\\/\\\/www.meydan.tv\\\/az\\\/section\\\/bolge\\\/\"},{\"@type\":\"ListItem\",\"position\":3,\"name\":\"Sayt redaktoruna h\u00f6km oxundu\"}]},{\"@type\":\"WebSite\",\"@id\":\"https:\\\/\\\/www.meydan.tv\\\/az\\\/#website\",\"url\":\"https:\\\/\\\/www.meydan.tv\\\/az\\\/\",\"name\":\"MEYDAN.TV\",\"description\":\"Meydan TV Az\u0259rbaycan\u0131n media m\u0259kan\u0131ndak\u0131 alternativ s\u0259sidir\",\"publisher\":{\"@id\":\"https:\\\/\\\/www.meydan.tv\\\/az\\\/#organization\"},\"potentialAction\":[{\"@type\":\"SearchAction\",\"target\":{\"@type\":\"EntryPoint\",\"urlTemplate\":\"https:\\\/\\\/www.meydan.tv\\\/az\\\/?s={search_term_string}\"},\"query-input\":{\"@type\":\"PropertyValueSpecification\",\"valueRequired\":true,\"valueName\":\"search_term_string\"}}],\"inLanguage\":\"az\"},{\"@type\":\"Organization\",\"@id\":\"https:\\\/\\\/www.meydan.tv\\\/az\\\/#organization\",\"name\":\"Meydan TV\",\"url\":\"https:\\\/\\\/www.meydan.tv\\\/az\\\/\",\"logo\":{\"@type\":\"ImageObject\",\"inLanguage\":\"az\",\"@id\":\"https:\\\/\\\/www.meydan.tv\\\/az\\\/#\\\/schema\\\/logo\\\/image\\\/\",\"url\":\"https:\\\/\\\/www.meydan.tv\\\/wp-content\\\/uploads\\\/2021\\\/07\\\/meydan-logo.svg\",\"contentUrl\":\"https:\\\/\\\/www.meydan.tv\\\/wp-content\\\/uploads\\\/2021\\\/07\\\/meydan-logo.svg\",\"width\":195,\"height\":46,\"caption\":\"Meydan TV\"},\"image\":{\"@id\":\"https:\\\/\\\/www.meydan.tv\\\/az\\\/#\\\/schema\\\/logo\\\/image\\\/\"}},{\"@type\":\"Person\",\"@id\":\"https:\\\/\\\/www.meydan.tv\\\/az\\\/#\\\/schema\\\/person\\\/9cdbecf90d17180ce1dfbd95b08dcf47\",\"name\":\"elli\",\"sameAs\":[\"https:\\\/\\\/x.com\\\/elli\"]}]}<\/script>\n<!-- \/ Yoast SEO plugin. -->","yoast_head_json":{"title":"Sayt redaktoruna h\u00f6km oxundu - MEYDAN.TV","robots":{"index":"index","follow":"follow","max-snippet":"max-snippet:-1","max-image-preview":"max-image-preview:large","max-video-preview":"max-video-preview:-1"},"canonical":"https:\/\/www.meydan.tv\/az\/article\/sayt-redaktoruna-hokm-oxundu\/","og_locale":"az_AZ","og_type":"article","og_title":"Sayt redaktoruna h\u00f6km oxundu - MEYDAN.TV","og_description":"Osman N\u0259rimano\u011flu \u00f6z\u00fcn\u00fc &#8220;G\u00f6yg\u00f6l rayonunun v\u0259zif\u0259li \u015f\u0259xsl\u0259rinin b\u00f6htan kampaniyas\u0131n\u0131n qurban\u0131&#8221; ... Davam\u0131","og_url":"https:\/\/www.meydan.tv\/az\/article\/sayt-redaktoruna-hokm-oxundu\/","og_site_name":"MEYDAN.TV","article_published_time":"2024-01-25T14:53:36+00:00","article_modified_time":"2024-01-25T14:53:39+00:00","og_image":[{"width":1200,"height":532,"url":"https:\/\/www.meydan.tv\/wp-content\/uploads\/photo_229703-e1706193676949.jpg","type":"image\/jpeg"}],"author":"elli","twitter_card":"summary_large_image","twitter_creator":"@elli","schema":{"@context":"https:\/\/schema.org","@graph":[{"@type":"Article","@id":"https:\/\/www.meydan.tv\/az\/article\/sayt-redaktoruna-hokm-oxundu\/#article","isPartOf":{"@id":"https:\/\/www.meydan.tv\/az\/article\/sayt-redaktoruna-hokm-oxundu\/"},"author":{"name":"elli","@id":"https:\/\/www.meydan.tv\/az\/#\/schema\/person\/9cdbecf90d17180ce1dfbd95b08dcf47"},"headline":"Sayt redaktoruna h\u00f6km oxundu","datePublished":"2024-01-25T14:53:36+00:00","dateModified":"2024-01-25T14:53:39+00:00","mainEntityOfPage":{"@id":"https:\/\/www.meydan.tv\/az\/article\/sayt-redaktoruna-hokm-oxundu\/"},"wordCount":345,"publisher":{"@id":"https:\/\/www.meydan.tv\/az\/#organization"},"image":{"@id":"https:\/\/www.meydan.tv\/az\/article\/sayt-redaktoruna-hokm-oxundu\/#primaryimage"},"thumbnailUrl":"https:\/\/www.meydan.tv\/wp-content\/uploads\/photo_229703-e1715761584399.jpg","articleSection":["B\u00f6lg\u0259","X\u0259b\u0259rl\u0259r"],"inLanguage":"az"},{"@type":"WebPage","@id":"https:\/\/www.meydan.tv\/az\/article\/sayt-redaktoruna-hokm-oxundu\/","url":"https:\/\/www.meydan.tv\/az\/article\/sayt-redaktoruna-hokm-oxundu\/","name":"Sayt redaktoruna h\u00f6km oxundu - MEYDAN.TV","isPartOf":{"@id":"https:\/\/www.meydan.tv\/az\/#website"},"primaryImageOfPage":{"@id":"https:\/\/www.meydan.tv\/az\/article\/sayt-redaktoruna-hokm-oxundu\/#primaryimage"},"image":{"@id":"https:\/\/www.meydan.tv\/az\/article\/sayt-redaktoruna-hokm-oxundu\/#primaryimage"},"thumbnailUrl":"https:\/\/www.meydan.tv\/wp-content\/uploads\/photo_229703-e1715761584399.jpg","datePublished":"2024-01-25T14:53:36+00:00","dateModified":"2024-01-25T14:53:39+00:00","breadcrumb":{"@id":"https:\/\/www.meydan.tv\/az\/article\/sayt-redaktoruna-hokm-oxundu\/#breadcrumb"},"inLanguage":"az","potentialAction":[{"@type":"ReadAction","target":["https:\/\/www.meydan.tv\/az\/article\/sayt-redaktoruna-hokm-oxundu\/"]}]},{"@type":"ImageObject","inLanguage":"az","@id":"https:\/\/www.meydan.tv\/az\/article\/sayt-redaktoruna-hokm-oxundu\/#primaryimage","url":"https:\/\/www.meydan.tv\/wp-content\/uploads\/photo_229703-e1715761584399.jpg","contentUrl":"https:\/\/www.meydan.tv\/wp-content\/uploads\/photo_229703-e1715761584399.jpg","width":1200,"height":590,"caption":"Foto: Osman Rzayevin \u015f\u0259xsi arxivind\u0259n"},{"@type":"BreadcrumbList","@id":"https:\/\/www.meydan.tv\/az\/article\/sayt-redaktoruna-hokm-oxundu\/#breadcrumb","itemListElement":[{"@type":"ListItem","position":1,"name":"Ana s\u0259hif\u0259","item":"https:\/\/www.meydan.tv\/az\/"},{"@type":"ListItem","position":2,"name":"B\u00f6lg\u0259","item":"https:\/\/www.meydan.tv\/az\/section\/bolge\/"},{"@type":"ListItem","position":3,"name":"Sayt redaktoruna h\u00f6km oxundu"}]},{"@type":"WebSite","@id":"https:\/\/www.meydan.tv\/az\/#website","url":"https:\/\/www.meydan.tv\/az\/","name":"MEYDAN.TV","description":"Meydan TV Az\u0259rbaycan\u0131n media m\u0259kan\u0131ndak\u0131 alternativ s\u0259sidir","publisher":{"@id":"https:\/\/www.meydan.tv\/az\/#organization"},"potentialAction":[{"@type":"SearchAction","target":{"@type":"EntryPoint","urlTemplate":"https:\/\/www.meydan.tv\/az\/?s={search_term_string}"},"query-input":{"@type":"PropertyValueSpecification","valueRequired":true,"valueName":"search_term_string"}}],"inLanguage":"az"},{"@type":"Organization","@id":"https:\/\/www.meydan.tv\/az\/#organization","name":"Meydan TV","url":"https:\/\/www.meydan.tv\/az\/","logo":{"@type":"ImageObject","inLanguage":"az","@id":"https:\/\/www.meydan.tv\/az\/#\/schema\/logo\/image\/","url":"https:\/\/www.meydan.tv\/wp-content\/uploads\/2021\/07\/meydan-logo.svg","contentUrl":"https:\/\/www.meydan.tv\/wp-content\/uploads\/2021\/07\/meydan-logo.svg","width":195,"height":46,"caption":"Meydan TV"},"image":{"@id":"https:\/\/www.meydan.tv\/az\/#\/schema\/logo\/image\/"}},{"@type":"Person","@id":"https:\/\/www.meydan.tv\/az\/#\/schema\/person\/9cdbecf90d17180ce1dfbd95b08dcf47","name":"elli","sameAs":["https:\/\/x.com\/elli"]}]}},"_links":{"self":[{"href":"https:\/\/www.meydan.tv\/az\/wp-json\/wp\/v2\/posts\/296161","targetHints":{"allow":["GET"]}}],"collection":[{"href":"https:\/\/www.meydan.tv\/az\/wp-json\/wp\/v2\/posts"}],"about":[{"href":"https:\/\/www.meydan.tv\/az\/wp-json\/wp\/v2\/types\/post"}],"author":[{"embeddable":true,"href":"https:\/\/www.meydan.tv\/az\/wp-json\/wp\/v2\/users\/8"}],"replies":[{"embeddable":true,"href":"https:\/\/www.meydan.tv\/az\/wp-json\/wp\/v2\/comments?post=296161"}],"version-history":[{"count":3,"href":"https:\/\/www.meydan.tv\/az\/wp-json\/wp\/v2\/posts\/296161\/revisions"}],"predecessor-version":[{"id":296179,"href":"https:\/\/www.meydan.tv\/az\/wp-json\/wp\/v2\/posts\/296161\/revisions\/296179"}],"wp:featuredmedia":[{"embeddable":true,"href":"https:\/\/www.meydan.tv\/az\/wp-json\/wp\/v2\/media\/296163"}],"wp:attachment":[{"href":"https:\/\/www.meydan.tv\/az\/wp-json\/wp\/v2\/media?parent=296161"}],"wp:term":[{"taxonomy":"category","embeddable":true,"href":"https:\/\/www.meydan.tv\/az\/wp-json\/wp\/v2\/categories?post=296161"},{"taxonomy":"post_tag","embeddable":true,"href":"https:\/\/www.meydan.tv\/az\/wp-json\/wp\/v2\/tags?post=296161"}],"curies":[{"name":"wp","href":"https:\/\/api.w.org\/{rel}","templated":true}]}}