{"id":296151,"date":"2024-01-25T19:17:25","date_gmt":"2024-01-25T15:17:25","guid":{"rendered":"https:\/\/www.meydan.tv\/?p=296151"},"modified":"2024-01-25T19:17:29","modified_gmt":"2024-01-25T15:17:29","slug":"maskali-adamlar-kavkazski-uzelin-jurnalistinin-ailesine-hede-qorxu-gelibler","status":"publish","type":"post","link":"https:\/\/www.meydan.tv\/az\/article\/maskali-adamlar-kavkazski-uzelin-jurnalistinin-ailesine-hede-qorxu-gelibler\/","title":{"rendered":"Maskal\u0131 adamlar \u201cKavkazski uzel\u201din jurnalistinin ail\u0259sin\u0259 h\u0259d\u0259-qorxu g\u0259libl\u0259r"},"content":{"rendered":"\n<p><strong><em>Jurnalistin n\u00f6mr\u0259sin\u0259 \u00e7oxsayl\u0131 z\u0259ngl\u0259r v\u0259 mikrokredit t\u0259\u015fkilatlar\u0131ndan mesajlar g\u0259lm\u0259y\u0259 ba\u015flay\u0131b<\/em><\/strong><\/p>\n\n\n\n<p>\u00d6zl\u0259rini \u201cveteran\u201d kimi t\u0259qdim ed\u0259n maskal\u0131 adamlar <a href=\"https:\/\/www.kavkaz-uzel.eu\/articles\/396549\">\u201cKavkazski uzel\u201d<\/a>in m\u00fcxbiri Vya\u00e7eslav Ya\u015fenkonun m\u0259nzilinin qap\u0131s\u0131n\u0131 s\u0131nd\u0131rma\u011fa \u00e7al\u0131\u015f\u0131blar. Daha sonra h\u0259min adamlar binan\u0131n m\u0259rt\u0259b\u0259sind\u0259ki b\u00fct\u00fcn i\u015f\u0131qlar\u0131 s\u00f6nd\u00fcr\u00fcbl\u0259r. Bu zaman evd\u0259 t\u0259kc\u0259 jurnalistin arvad\u0131 olub v\u0259 o, polis\u0259 m\u00fcraci\u0259t edib.<\/p>\n\n\n\n<p>\u201cKavkazski uzel\u201d yaz\u0131r ki, yanvar\u0131n 18-d\u0259 s\u0259h\u0259r polisl\u0259r Volqoqradda \u201cKavkazski uzel\u201din jurnalisti Vya\u00e7eslav Ya\u015fenkonun evind\u0259 axtar\u0131\u015f ke\u00e7iribl\u0259r v\u0259 telefonunu, noutbukunu v\u0259 dig\u0259r m\u0259lumat da\u015f\u0131y\u0131c\u0131lar\u0131n\u0131 g\u00f6t\u00fcr\u00fcbl\u0259r. Onlar ordu haqq\u0131nda saxta m\u0259lumatlar\u0131n yay\u0131lmas\u0131nda ittiham olunan f\u0259al Yevgeni Ko\u00e7eqinin i\u015fi \u00fczr\u0259 axtar\u0131\u015f apard\u0131qlar\u0131n\u0131 deyibl\u0259r.<\/p>\n\n\n\n<p><em>\u201cYa\u015fenkonun evind\u0259 axtar\u0131\u015f apar\u0131lark\u0259n qanun pozuntusuna yol verilib\u201d<\/em>, &#8211; Ya\u015fenkonun v\u0259kili bel\u0259 s\u00f6yl\u0259yib.<\/p>\n\n\n\n<p>Jurnalistin arvad\u0131n\u0131n \u201cKavkazski uzel\u201din m\u00fcxbirin\u0259 s\u00f6yl\u0259diyin\u0259 g\u00f6r\u0259, maskal\u0131 adamlar onun arxas\u0131nca binaya giribl\u0259r, qad\u0131n m\u0259nzil\u0259 daxil olandan sonra is\u0259 israrla qap\u0131n\u0131n z\u0259ngini basma\u011fa ba\u015flay\u0131blar. \u018fvv\u0259lc\u0259 \u00f6zl\u0259rini \u201cqon\u015fular\u201d, sonra \u201cx\u00fcsusi h\u0259rbi \u0259m\u0259liyyat\u0131n veteranlar\u0131\u201d adland\u0131ran bu \u015f\u0259xsl\u0259r \u0259ll\u0259ri il\u0259 qap\u0131n\u0131n g\u00f6zl\u00fcy\u00fcn\u00fc tutublar.<\/p>\n\n\n\n<p>Nam\u0259lum \u015f\u0259xsl\u0259r q\u0131\u015fq\u0131ra-q\u0131\u015fq\u0131ra m\u0259nzilin qap\u0131s\u0131n\u0131n a\u00e7\u0131lmas\u0131n\u0131 v\u0259 Vya\u00e7eslav Ya\u015fenkonun bay\u0131ra \u00e7\u0131xmas\u0131n\u0131 t\u0259l\u0259b edibl\u0259r. \u0130st\u0259kl\u0259rin\u0259 nail olmayan bu \u015f\u0259xsl\u0259r qap\u0131ya bir ne\u00e7\u0259 d\u0259f\u0259 z\u0259rbl\u0259 t\u0259pik vurublar, daha sonra m\u0259nzilin i\u015f\u0131\u011f\u0131 s\u00f6n\u00fcb. Jurnalistin arvad\u0131n\u0131n dediyin\u0259 g\u00f6r\u0259, onlar bundan sonra lift\u0259 minibl\u0259r.<\/p>\n\n\n\n<p>Maskal\u0131 adamlar t\u0259kc\u0259 Ya\u015fenkonun m\u0259nzilinin deyil, m\u0259rt\u0259b\u0259d\u0259ki b\u00fct\u00fcn m\u0259nzill\u0259rin i\u015f\u0131\u011f\u0131n\u0131 s\u00f6nd\u00fcr\u00fcbl\u0259r. Videodan da g\u00f6r\u00fcnd\u00fcy\u00fc kimi, jurnalistin qon\u015fular\u0131ndan biri m\u0259nzilind\u0259n qorxu i\u00e7ind\u0259 \u00e7\u0131x\u0131b i\u015f\u0131q l\u00f6vh\u0259sin\u0259 yax\u0131nla\u015f\u0131r v\u0259 polis \u00e7a\u011f\u0131rmalar\u0131 \u00fc\u00e7\u00fcn dig\u0259r qon\u015fulara s\u0259sl\u0259nir.<\/p>\n\n\n<div class=\"wp-block-image\">\n<figure class=\"alignright size-large is-resized\"><img decoding=\"async\" data-src=\"https:\/\/www.kavkaz-uzel.eu\/system\/uploads\/article_image\/image\/0028\/283757\/WhatsApp_Image_2024-01-24_at_23.31.22.jpeg\" alt=\"\" style=\"width:311px;height:auto\" src=\"data:image\/svg+xml;base64,PHN2ZyB3aWR0aD0iMSIgaGVpZ2h0PSIxIiB4bWxucz0iaHR0cDovL3d3dy53My5vcmcvMjAwMC9zdmciPjwvc3ZnPg==\" class=\"lazyload\" \/><figcaption class=\"wp-element-caption\">Foto: &#8220;Kavkazski uzel&#8221;<\/figcaption><\/figure>\n<\/div>\n\n\n<p>M\u0259nzilin giri\u015f qap\u0131s\u0131n\u0131n a\u011fz\u0131nda nam\u0259lum \u015f\u0259xsl\u0259rin \u00e7\u0259km\u0259l\u0259rinin izl\u0259ri qal\u0131b. Bir azdan hadis\u0259 yerin\u0259 g\u0259l\u0259n polisl\u0259r bu izl\u0259rin \u015f\u0259klini \u00e7\u0259kib, \u0259riz\u0259ni q\u0259bul edibl\u0259r v\u0259 maskal\u0131 adamlar peyda oldu\u011fu t\u0259qdird\u0259 z\u0259r\u0259r\u00e7\u0259k\u0259nl\u0259rin yenid\u0259n z\u0259ng vurmalar\u0131n\u0131 s\u00f6yl\u0259yibl\u0259r.<\/p>\n\n\n\n<p>Vya\u00e7eslav Ya\u015fenko h\u0259l\u0259 nam\u0259lum \u015f\u0259xsl\u0259r g\u0259lm\u0259zd\u0259n \u0259vv\u0259l spam-h\u00fccuma m\u0259ruz qal\u0131b: m\u0259nzilind\u0259 axtar\u0131\u015f apar\u0131lark\u0259n g\u00f6t\u00fcr\u00fclm\u00fc\u015f v\u0259 bloklanm\u0131\u015f v\u0259ziyy\u0259td\u0259 olmayan telefonu bir sutkaya yax\u0131n g\u00fcc strukturlar\u0131 \u0259m\u0259kda\u015flar\u0131n\u0131n \u0259lind\u0259 olandan sonra jurnalistin n\u00f6mr\u0259sin\u0259 \u00e7oxsayl\u0131 z\u0259ngl\u0259r v\u0259 mikrokredit t\u0259\u015fkilatlar\u0131ndan mesajlar g\u0259lm\u0259y\u0259 ba\u015flay\u0131b.<\/p>\n\n\n\n<p>Yanvar\u0131n 23-d\u0259 ordunu g\u00f6zd\u0259n salmaqda t\u0259qsirli bilin\u0259n t\u0259qa\u00fcd\u00e7\u00fc Natalya Dorojnovan\u0131n il ba\u015flayandan ikinci d\u0259f\u0259 ke\u00e7iril\u0259n m\u0259hk\u0259m\u0259sin\u0259 getdikd\u0259n sonra jurnalistin n\u00f6mr\u0259sin\u0259 spam h\u00fccumu t\u0259krarlan\u0131b. Ya\u015fenko x\u00fcsusil\u0259 b\u00f6y\u00fck miqyasda d\u0259l\u0259duzluq c\u0259hdinin oldu\u011funu ehtimal edib.<\/p>\n\n\n\n<p>Jurnalist v\u0259 v\u0259kili \u015f\u0259xsi m\u0259lumatlar\u0131n a\u00e7\u0131qlanmas\u0131 il\u0259 ba\u011fl\u0131 \u015fikay\u0259t etm\u0259yi planla\u015fd\u0131r\u0131r:<\/p>\n\n\n\n<p><em>\u201cBiz \u015fikay\u0259t \u0259riz\u0259sind\u0259 \u015f\u0259xsi m\u0259lumat\u0131n yay\u0131lmas\u0131 fakt\u0131n\u0131 m\u00fctl\u0259q qeyd ed\u0259c\u0259yik. B\u00f6y\u00fck m\u0259bl\u0259\u011fd\u0259 kredit g\u00f6t\u00fcr\u00fclm\u0259si \u00fc\u00e7\u00fcn m\u0259nim mobil n\u00f6mr\u0259md\u0259n istifad\u0259 olunur v\u0259 onlara bu m\u0259lumat\u0131n m\u0259hk\u0259m\u0259d\u0259 s\u0259sl\u0259ndirilm\u0259si laz\u0131md\u0131r\u201d. <\/em><\/p>\n\n\n\n<p><em>\u201cT\u0259s\u0259vv\u00fcr\u00fcn\u00fcz\u0259 g\u0259tirin ki, m\u0259ni saxlay\u0131blar v\u0259 sonra buraxm\u0131rlar, m\u0259n h\u0259bs olunmu\u015fam. M\u0259n bu prosesi saxlaya bilm\u0259zdim v\u0259 boynumda milyonluq borc qalard\u0131\u201d<\/em>, \u2013 Ya\u015fenko qeyd edib.<\/p>\n","protected":false},"excerpt":{"rendered":"<p>Jurnalistin n\u00f6mr\u0259sin\u0259 \u00e7oxsayl\u0131 z\u0259ngl\u0259r v\u0259 mikrokredit t\u0259\u015fkilatlar\u0131ndan mesajlar g\u0259lm\u0259y\u0259 ba\u015flay\u0131b &#8230; <\/p>\n<p class=\"read-more-container\"><a title=\"Maskal\u0131 adamlar \u201cKavkazski uzel\u201din jurnalistinin ail\u0259sin\u0259 h\u0259d\u0259-qorxu g\u0259libl\u0259r\" class=\"read-more button\" href=\"https:\/\/www.meydan.tv\/az\/article\/maskali-adamlar-kavkazski-uzelin-jurnalistinin-ailesine-hede-qorxu-gelibler\/#more-296151\" aria-label=\"Read more about Maskal\u0131 adamlar \u201cKavkazski uzel\u201din jurnalistinin ail\u0259sin\u0259 h\u0259d\u0259-qorxu g\u0259libl\u0259r\">Davam\u0131<\/a><\/p>\n","protected":false},"author":16,"featured_media":296145,"comment_status":"closed","ping_status":"closed","sticky":false,"template":"","format":"standard","meta":{"_acf_changed":false,"_sitemap_exclude":false,"_sitemap_priority":"","_sitemap_frequency":"","footnotes":""},"categories":[64,62,56],"tags":[],"class_list":["post-296151","post","type-post","status-publish","format-standard","has-post-thumbnail","hentry","category-dunya","category-sosial","category-xeberler","infinite-scroll-item","generate-columns","tablet-grid-50","mobile-grid-100","grid-parent","grid-33","no-featured-image-padding"],"acf":[],"yoast_head":"<!-- This site is optimized with the Yoast SEO plugin v27.5 - https:\/\/yoast.com\/product\/yoast-seo-wordpress\/ -->\n<title>Maskal\u0131 adamlar \u201cKavkazski uzel\u201din jurnalistinin ail\u0259sin\u0259 h\u0259d\u0259-qorxu g\u0259libl\u0259r - MEYDAN.TV<\/title>\n<meta name=\"robots\" content=\"index, follow, max-snippet:-1, max-image-preview:large, max-video-preview:-1\" \/>\n<link rel=\"canonical\" href=\"https:\/\/www.meydan.tv\/az\/article\/maskali-adamlar-kavkazski-uzelin-jurnalistinin-ailesine-hede-qorxu-gelibler\/\" \/>\n<meta property=\"og:locale\" content=\"az_AZ\" \/>\n<meta property=\"og:type\" content=\"article\" \/>\n<meta property=\"og:title\" content=\"Maskal\u0131 adamlar \u201cKavkazski uzel\u201din jurnalistinin ail\u0259sin\u0259 h\u0259d\u0259-qorxu g\u0259libl\u0259r - MEYDAN.TV\" \/>\n<meta property=\"og:description\" content=\"Jurnalistin n\u00f6mr\u0259sin\u0259 \u00e7oxsayl\u0131 z\u0259ngl\u0259r v\u0259 mikrokredit t\u0259\u015fkilatlar\u0131ndan mesajlar g\u0259lm\u0259y\u0259 ba\u015flay\u0131b ... Davam\u0131\" \/>\n<meta property=\"og:url\" content=\"https:\/\/www.meydan.tv\/az\/article\/maskali-adamlar-kavkazski-uzelin-jurnalistinin-ailesine-hede-qorxu-gelibler\/\" \/>\n<meta property=\"og:site_name\" content=\"MEYDAN.TV\" \/>\n<meta property=\"article:published_time\" content=\"2024-01-25T15:17:25+00:00\" \/>\n<meta property=\"article:modified_time\" content=\"2024-01-25T15:17:29+00:00\" \/>\n<meta property=\"og:image\" content=\"https:\/\/www.meydan.tv\/wp-content\/uploads\/view_yaschenko1.jpg\" \/>\n\t<meta property=\"og:image:width\" content=\"500\" \/>\n\t<meta property=\"og:image:height\" content=\"269\" \/>\n\t<meta property=\"og:image:type\" content=\"image\/jpeg\" \/>\n<meta name=\"author\" content=\"sevda\" \/>\n<meta name=\"twitter:card\" content=\"summary_large_image\" \/>\n<script type=\"application\/ld+json\" class=\"yoast-schema-graph\">{\"@context\":\"https:\\\/\\\/schema.org\",\"@graph\":[{\"@type\":\"Article\",\"@id\":\"https:\\\/\\\/www.meydan.tv\\\/az\\\/article\\\/maskali-adamlar-kavkazski-uzelin-jurnalistinin-ailesine-hede-qorxu-gelibler\\\/#article\",\"isPartOf\":{\"@id\":\"https:\\\/\\\/www.meydan.tv\\\/az\\\/article\\\/maskali-adamlar-kavkazski-uzelin-jurnalistinin-ailesine-hede-qorxu-gelibler\\\/\"},\"author\":{\"name\":\"sevda\",\"@id\":\"https:\\\/\\\/www.meydan.tv\\\/az\\\/#\\\/schema\\\/person\\\/49b5f2bad5b126bb8ea9320eeb3e4dc9\"},\"headline\":\"Maskal\u0131 adamlar \u201cKavkazski uzel\u201din jurnalistinin ail\u0259sin\u0259 h\u0259d\u0259-qorxu g\u0259libl\u0259r\",\"datePublished\":\"2024-01-25T15:17:25+00:00\",\"dateModified\":\"2024-01-25T15:17:29+00:00\",\"mainEntityOfPage\":{\"@id\":\"https:\\\/\\\/www.meydan.tv\\\/az\\\/article\\\/maskali-adamlar-kavkazski-uzelin-jurnalistinin-ailesine-hede-qorxu-gelibler\\\/\"},\"wordCount\":726,\"publisher\":{\"@id\":\"https:\\\/\\\/www.meydan.tv\\\/az\\\/#organization\"},\"image\":{\"@id\":\"https:\\\/\\\/www.meydan.tv\\\/az\\\/article\\\/maskali-adamlar-kavkazski-uzelin-jurnalistinin-ailesine-hede-qorxu-gelibler\\\/#primaryimage\"},\"thumbnailUrl\":\"https:\\\/\\\/www.meydan.tv\\\/wp-content\\\/uploads\\\/view_yaschenko1.jpg\",\"articleSection\":[\"D\u00fcnya\",\"Sosial\",\"X\u0259b\u0259rl\u0259r\"],\"inLanguage\":\"az\"},{\"@type\":\"WebPage\",\"@id\":\"https:\\\/\\\/www.meydan.tv\\\/az\\\/article\\\/maskali-adamlar-kavkazski-uzelin-jurnalistinin-ailesine-hede-qorxu-gelibler\\\/\",\"url\":\"https:\\\/\\\/www.meydan.tv\\\/az\\\/article\\\/maskali-adamlar-kavkazski-uzelin-jurnalistinin-ailesine-hede-qorxu-gelibler\\\/\",\"name\":\"Maskal\u0131 adamlar \u201cKavkazski uzel\u201din jurnalistinin ail\u0259sin\u0259 h\u0259d\u0259-qorxu g\u0259libl\u0259r - MEYDAN.TV\",\"isPartOf\":{\"@id\":\"https:\\\/\\\/www.meydan.tv\\\/az\\\/#website\"},\"primaryImageOfPage\":{\"@id\":\"https:\\\/\\\/www.meydan.tv\\\/az\\\/article\\\/maskali-adamlar-kavkazski-uzelin-jurnalistinin-ailesine-hede-qorxu-gelibler\\\/#primaryimage\"},\"image\":{\"@id\":\"https:\\\/\\\/www.meydan.tv\\\/az\\\/article\\\/maskali-adamlar-kavkazski-uzelin-jurnalistinin-ailesine-hede-qorxu-gelibler\\\/#primaryimage\"},\"thumbnailUrl\":\"https:\\\/\\\/www.meydan.tv\\\/wp-content\\\/uploads\\\/view_yaschenko1.jpg\",\"datePublished\":\"2024-01-25T15:17:25+00:00\",\"dateModified\":\"2024-01-25T15:17:29+00:00\",\"breadcrumb\":{\"@id\":\"https:\\\/\\\/www.meydan.tv\\\/az\\\/article\\\/maskali-adamlar-kavkazski-uzelin-jurnalistinin-ailesine-hede-qorxu-gelibler\\\/#breadcrumb\"},\"inLanguage\":\"az\",\"potentialAction\":[{\"@type\":\"ReadAction\",\"target\":[\"https:\\\/\\\/www.meydan.tv\\\/az\\\/article\\\/maskali-adamlar-kavkazski-uzelin-jurnalistinin-ailesine-hede-qorxu-gelibler\\\/\"]}]},{\"@type\":\"ImageObject\",\"inLanguage\":\"az\",\"@id\":\"https:\\\/\\\/www.meydan.tv\\\/az\\\/article\\\/maskali-adamlar-kavkazski-uzelin-jurnalistinin-ailesine-hede-qorxu-gelibler\\\/#primaryimage\",\"url\":\"https:\\\/\\\/www.meydan.tv\\\/wp-content\\\/uploads\\\/view_yaschenko1.jpg\",\"contentUrl\":\"https:\\\/\\\/www.meydan.tv\\\/wp-content\\\/uploads\\\/view_yaschenko1.jpg\",\"width\":500,\"height\":269,\"caption\":\"Videodan screenshot\"},{\"@type\":\"BreadcrumbList\",\"@id\":\"https:\\\/\\\/www.meydan.tv\\\/az\\\/article\\\/maskali-adamlar-kavkazski-uzelin-jurnalistinin-ailesine-hede-qorxu-gelibler\\\/#breadcrumb\",\"itemListElement\":[{\"@type\":\"ListItem\",\"position\":1,\"name\":\"Ana s\u0259hif\u0259\",\"item\":\"https:\\\/\\\/www.meydan.tv\\\/az\\\/\"},{\"@type\":\"ListItem\",\"position\":2,\"name\":\"Sosial\",\"item\":\"https:\\\/\\\/www.meydan.tv\\\/az\\\/section\\\/sosial\\\/\"},{\"@type\":\"ListItem\",\"position\":3,\"name\":\"Maskal\u0131 adamlar \u201cKavkazski uzel\u201din jurnalistinin ail\u0259sin\u0259 h\u0259d\u0259-qorxu g\u0259libl\u0259r\"}]},{\"@type\":\"WebSite\",\"@id\":\"https:\\\/\\\/www.meydan.tv\\\/az\\\/#website\",\"url\":\"https:\\\/\\\/www.meydan.tv\\\/az\\\/\",\"name\":\"MEYDAN.TV\",\"description\":\"Meydan TV Az\u0259rbaycan\u0131n media m\u0259kan\u0131ndak\u0131 alternativ s\u0259sidir\",\"publisher\":{\"@id\":\"https:\\\/\\\/www.meydan.tv\\\/az\\\/#organization\"},\"potentialAction\":[{\"@type\":\"SearchAction\",\"target\":{\"@type\":\"EntryPoint\",\"urlTemplate\":\"https:\\\/\\\/www.meydan.tv\\\/az\\\/?s={search_term_string}\"},\"query-input\":{\"@type\":\"PropertyValueSpecification\",\"valueRequired\":true,\"valueName\":\"search_term_string\"}}],\"inLanguage\":\"az\"},{\"@type\":\"Organization\",\"@id\":\"https:\\\/\\\/www.meydan.tv\\\/az\\\/#organization\",\"name\":\"Meydan TV\",\"url\":\"https:\\\/\\\/www.meydan.tv\\\/az\\\/\",\"logo\":{\"@type\":\"ImageObject\",\"inLanguage\":\"az\",\"@id\":\"https:\\\/\\\/www.meydan.tv\\\/az\\\/#\\\/schema\\\/logo\\\/image\\\/\",\"url\":\"https:\\\/\\\/www.meydan.tv\\\/wp-content\\\/uploads\\\/2021\\\/07\\\/meydan-logo.svg\",\"contentUrl\":\"https:\\\/\\\/www.meydan.tv\\\/wp-content\\\/uploads\\\/2021\\\/07\\\/meydan-logo.svg\",\"width\":195,\"height\":46,\"caption\":\"Meydan TV\"},\"image\":{\"@id\":\"https:\\\/\\\/www.meydan.tv\\\/az\\\/#\\\/schema\\\/logo\\\/image\\\/\"}},{\"@type\":\"Person\",\"@id\":\"https:\\\/\\\/www.meydan.tv\\\/az\\\/#\\\/schema\\\/person\\\/49b5f2bad5b126bb8ea9320eeb3e4dc9\",\"name\":\"sevda\"}]}<\/script>\n<!-- \/ Yoast SEO plugin. -->","yoast_head_json":{"title":"Maskal\u0131 adamlar \u201cKavkazski uzel\u201din jurnalistinin ail\u0259sin\u0259 h\u0259d\u0259-qorxu g\u0259libl\u0259r - MEYDAN.TV","robots":{"index":"index","follow":"follow","max-snippet":"max-snippet:-1","max-image-preview":"max-image-preview:large","max-video-preview":"max-video-preview:-1"},"canonical":"https:\/\/www.meydan.tv\/az\/article\/maskali-adamlar-kavkazski-uzelin-jurnalistinin-ailesine-hede-qorxu-gelibler\/","og_locale":"az_AZ","og_type":"article","og_title":"Maskal\u0131 adamlar \u201cKavkazski uzel\u201din jurnalistinin ail\u0259sin\u0259 h\u0259d\u0259-qorxu g\u0259libl\u0259r - MEYDAN.TV","og_description":"Jurnalistin n\u00f6mr\u0259sin\u0259 \u00e7oxsayl\u0131 z\u0259ngl\u0259r v\u0259 mikrokredit t\u0259\u015fkilatlar\u0131ndan mesajlar g\u0259lm\u0259y\u0259 ba\u015flay\u0131b ... Davam\u0131","og_url":"https:\/\/www.meydan.tv\/az\/article\/maskali-adamlar-kavkazski-uzelin-jurnalistinin-ailesine-hede-qorxu-gelibler\/","og_site_name":"MEYDAN.TV","article_published_time":"2024-01-25T15:17:25+00:00","article_modified_time":"2024-01-25T15:17:29+00:00","og_image":[{"width":500,"height":269,"url":"https:\/\/www.meydan.tv\/wp-content\/uploads\/view_yaschenko1.jpg","type":"image\/jpeg"}],"author":"sevda","twitter_card":"summary_large_image","schema":{"@context":"https:\/\/schema.org","@graph":[{"@type":"Article","@id":"https:\/\/www.meydan.tv\/az\/article\/maskali-adamlar-kavkazski-uzelin-jurnalistinin-ailesine-hede-qorxu-gelibler\/#article","isPartOf":{"@id":"https:\/\/www.meydan.tv\/az\/article\/maskali-adamlar-kavkazski-uzelin-jurnalistinin-ailesine-hede-qorxu-gelibler\/"},"author":{"name":"sevda","@id":"https:\/\/www.meydan.tv\/az\/#\/schema\/person\/49b5f2bad5b126bb8ea9320eeb3e4dc9"},"headline":"Maskal\u0131 adamlar \u201cKavkazski uzel\u201din jurnalistinin ail\u0259sin\u0259 h\u0259d\u0259-qorxu g\u0259libl\u0259r","datePublished":"2024-01-25T15:17:25+00:00","dateModified":"2024-01-25T15:17:29+00:00","mainEntityOfPage":{"@id":"https:\/\/www.meydan.tv\/az\/article\/maskali-adamlar-kavkazski-uzelin-jurnalistinin-ailesine-hede-qorxu-gelibler\/"},"wordCount":726,"publisher":{"@id":"https:\/\/www.meydan.tv\/az\/#organization"},"image":{"@id":"https:\/\/www.meydan.tv\/az\/article\/maskali-adamlar-kavkazski-uzelin-jurnalistinin-ailesine-hede-qorxu-gelibler\/#primaryimage"},"thumbnailUrl":"https:\/\/www.meydan.tv\/wp-content\/uploads\/view_yaschenko1.jpg","articleSection":["D\u00fcnya","Sosial","X\u0259b\u0259rl\u0259r"],"inLanguage":"az"},{"@type":"WebPage","@id":"https:\/\/www.meydan.tv\/az\/article\/maskali-adamlar-kavkazski-uzelin-jurnalistinin-ailesine-hede-qorxu-gelibler\/","url":"https:\/\/www.meydan.tv\/az\/article\/maskali-adamlar-kavkazski-uzelin-jurnalistinin-ailesine-hede-qorxu-gelibler\/","name":"Maskal\u0131 adamlar \u201cKavkazski uzel\u201din jurnalistinin ail\u0259sin\u0259 h\u0259d\u0259-qorxu g\u0259libl\u0259r - MEYDAN.TV","isPartOf":{"@id":"https:\/\/www.meydan.tv\/az\/#website"},"primaryImageOfPage":{"@id":"https:\/\/www.meydan.tv\/az\/article\/maskali-adamlar-kavkazski-uzelin-jurnalistinin-ailesine-hede-qorxu-gelibler\/#primaryimage"},"image":{"@id":"https:\/\/www.meydan.tv\/az\/article\/maskali-adamlar-kavkazski-uzelin-jurnalistinin-ailesine-hede-qorxu-gelibler\/#primaryimage"},"thumbnailUrl":"https:\/\/www.meydan.tv\/wp-content\/uploads\/view_yaschenko1.jpg","datePublished":"2024-01-25T15:17:25+00:00","dateModified":"2024-01-25T15:17:29+00:00","breadcrumb":{"@id":"https:\/\/www.meydan.tv\/az\/article\/maskali-adamlar-kavkazski-uzelin-jurnalistinin-ailesine-hede-qorxu-gelibler\/#breadcrumb"},"inLanguage":"az","potentialAction":[{"@type":"ReadAction","target":["https:\/\/www.meydan.tv\/az\/article\/maskali-adamlar-kavkazski-uzelin-jurnalistinin-ailesine-hede-qorxu-gelibler\/"]}]},{"@type":"ImageObject","inLanguage":"az","@id":"https:\/\/www.meydan.tv\/az\/article\/maskali-adamlar-kavkazski-uzelin-jurnalistinin-ailesine-hede-qorxu-gelibler\/#primaryimage","url":"https:\/\/www.meydan.tv\/wp-content\/uploads\/view_yaschenko1.jpg","contentUrl":"https:\/\/www.meydan.tv\/wp-content\/uploads\/view_yaschenko1.jpg","width":500,"height":269,"caption":"Videodan screenshot"},{"@type":"BreadcrumbList","@id":"https:\/\/www.meydan.tv\/az\/article\/maskali-adamlar-kavkazski-uzelin-jurnalistinin-ailesine-hede-qorxu-gelibler\/#breadcrumb","itemListElement":[{"@type":"ListItem","position":1,"name":"Ana s\u0259hif\u0259","item":"https:\/\/www.meydan.tv\/az\/"},{"@type":"ListItem","position":2,"name":"Sosial","item":"https:\/\/www.meydan.tv\/az\/section\/sosial\/"},{"@type":"ListItem","position":3,"name":"Maskal\u0131 adamlar \u201cKavkazski uzel\u201din jurnalistinin ail\u0259sin\u0259 h\u0259d\u0259-qorxu g\u0259libl\u0259r"}]},{"@type":"WebSite","@id":"https:\/\/www.meydan.tv\/az\/#website","url":"https:\/\/www.meydan.tv\/az\/","name":"MEYDAN.TV","description":"Meydan TV Az\u0259rbaycan\u0131n media m\u0259kan\u0131ndak\u0131 alternativ s\u0259sidir","publisher":{"@id":"https:\/\/www.meydan.tv\/az\/#organization"},"potentialAction":[{"@type":"SearchAction","target":{"@type":"EntryPoint","urlTemplate":"https:\/\/www.meydan.tv\/az\/?s={search_term_string}"},"query-input":{"@type":"PropertyValueSpecification","valueRequired":true,"valueName":"search_term_string"}}],"inLanguage":"az"},{"@type":"Organization","@id":"https:\/\/www.meydan.tv\/az\/#organization","name":"Meydan TV","url":"https:\/\/www.meydan.tv\/az\/","logo":{"@type":"ImageObject","inLanguage":"az","@id":"https:\/\/www.meydan.tv\/az\/#\/schema\/logo\/image\/","url":"https:\/\/www.meydan.tv\/wp-content\/uploads\/2021\/07\/meydan-logo.svg","contentUrl":"https:\/\/www.meydan.tv\/wp-content\/uploads\/2021\/07\/meydan-logo.svg","width":195,"height":46,"caption":"Meydan TV"},"image":{"@id":"https:\/\/www.meydan.tv\/az\/#\/schema\/logo\/image\/"}},{"@type":"Person","@id":"https:\/\/www.meydan.tv\/az\/#\/schema\/person\/49b5f2bad5b126bb8ea9320eeb3e4dc9","name":"sevda"}]}},"_links":{"self":[{"href":"https:\/\/www.meydan.tv\/az\/wp-json\/wp\/v2\/posts\/296151","targetHints":{"allow":["GET"]}}],"collection":[{"href":"https:\/\/www.meydan.tv\/az\/wp-json\/wp\/v2\/posts"}],"about":[{"href":"https:\/\/www.meydan.tv\/az\/wp-json\/wp\/v2\/types\/post"}],"author":[{"embeddable":true,"href":"https:\/\/www.meydan.tv\/az\/wp-json\/wp\/v2\/users\/16"}],"replies":[{"embeddable":true,"href":"https:\/\/www.meydan.tv\/az\/wp-json\/wp\/v2\/comments?post=296151"}],"version-history":[{"count":3,"href":"https:\/\/www.meydan.tv\/az\/wp-json\/wp\/v2\/posts\/296151\/revisions"}],"predecessor-version":[{"id":296186,"href":"https:\/\/www.meydan.tv\/az\/wp-json\/wp\/v2\/posts\/296151\/revisions\/296186"}],"wp:featuredmedia":[{"embeddable":true,"href":"https:\/\/www.meydan.tv\/az\/wp-json\/wp\/v2\/media\/296145"}],"wp:attachment":[{"href":"https:\/\/www.meydan.tv\/az\/wp-json\/wp\/v2\/media?parent=296151"}],"wp:term":[{"taxonomy":"category","embeddable":true,"href":"https:\/\/www.meydan.tv\/az\/wp-json\/wp\/v2\/categories?post=296151"},{"taxonomy":"post_tag","embeddable":true,"href":"https:\/\/www.meydan.tv\/az\/wp-json\/wp\/v2\/tags?post=296151"}],"curies":[{"name":"wp","href":"https:\/\/api.w.org\/{rel}","templated":true}]}}