{"id":296126,"date":"2024-01-25T17:42:34","date_gmt":"2024-01-25T13:42:34","guid":{"rendered":"https:\/\/www.meydan.tv\/?p=296126"},"modified":"2024-01-25T17:42:37","modified_gmt":"2024-01-25T13:42:37","slug":"lenkeranli-sagirdler-saxtali-havada-mekteb-deyismeli-olublar","status":"publish","type":"post","link":"https:\/\/www.meydan.tv\/az\/article\/lenkeranli-sagirdler-saxtali-havada-mekteb-deyismeli-olublar\/","title":{"rendered":"L\u0259nk\u0259ranl\u0131 \u015fagirdl\u0259r \u015faxtal\u0131 havada m\u0259kt\u0259b d\u0259yi\u015fm\u0259li olublar"},"content":{"rendered":"\n<p><\/p>\n\n\n\n<p><strong><em>Sakinl\u0259r internetsizlikd\u0259n d\u0259 \u0259ziyy\u0259t \u00e7\u0259kibl\u0259r<\/em><\/strong><\/p>\n\n\n\n<p>\u201c<em>L\u0259nk\u0259randa qarl\u0131-\u015faxtal\u0131 havalarda \u015f\u0259h\u0259r m\u0259rk\u0259zi d\u0259 daxil olmaqla \u0259ks\u0259r k\u0259ndd\u0259 i\u015f\u0131qlar s\u00f6nd\u00fcr\u00fcl\u00fcr, internet, telefon i\u015fl\u0259mir\u201d.<\/em><\/p>\n\n\n\n<p>Bunu Meydan TV-y\u0259 L\u0259nk\u0259ran sakinl\u0259ri bildiribl\u0259r. Onlar\u0131n s\u00f6zl\u0259rin\u0259 g\u00f6r\u0259, qar ya\u011fandan sonra Heyd\u0259r \u018fliyev prospektind\u0259, Tofiq \u0130smay\u0131lov, F\u00fczuli k\u00fc\u00e7\u0259sind\u0259, o c\u00fcml\u0259d\u0259n, \u00c7\u0131x\u0259k\u0259ran, G\u00f6y\u015f\u0259ban, T\u00fcrk\u0259k\u0259ran, Tal\u0131\u015fl\u0131, K\u0259rg\u0259lan v\u0259 dig\u0259r k\u0259ndl\u0259rd\u0259 g\u00fcnl\u0259rl\u0259 i\u015f\u0131q, internet olmay\u0131b, telefonlar i\u015fl\u0259m\u0259yib.<\/p>\n\n\n\n<p>Sakinl\u0259rd\u0259n Adil Ba\u011f\u0131rov bildirib ki, rayonun T\u00fcrk\u0259karan k\u0259ndind\u0259 qar ya\u011fandan sonrak\u0131 h\u0259ft\u0259 \u0259rzind\u0259 internet olmay\u0131b. Halbuki, h\u0259r ay abun\u0259 haqq\u0131 \u00f6d\u0259yirl\u0259r. D\u0259f\u0259l\u0259rl\u0259 m\u00fcraci\u0259t etm\u0259l\u0259rin\u0259 baxmayaraq kabell\u0259rin z\u0259d\u0259l\u0259ndiyi bildirilib.<\/p>\n\n\n\n<p>H\u0259m\u00e7inin rayonun \u015eaxlasel k\u0259ndind\u0259 d\u0259 interrnet v\u0259 telefon olmay\u0131b. Dig\u0259r sakin Muxtar Quliyev is\u0259 bildirib ki, \u015f\u0259h\u0259rin i\u00e7ind\u0259, k\u0259ndl\u0259rd\u0259 dir\u0259kl\u0259rin bir \u00e7oxu q\u0259zal\u0131 v\u0259ziyy\u0259td\u0259dir. \u0130\u015f\u0131q x\u0259tl\u0259ri q\u0131r\u0131landan saatlar sonra b\u0259rpa edilir.<\/p>\n\n\n\n<p>Sakinl\u0259r deyibl\u0259r ki, obyekt v\u0259 m\u0259kt\u0259bl\u0259r d\u0259 q\u0259zal\u0131 v\u0259ziyy\u0259td\u0259dir. 10 sayl\u0131 m\u0259kt\u0259b qardan sonra t\u0259hl\u00fck\u0259li v\u0259ziyy\u0259t\u0259 d\u00fc\u015fd\u00fcy\u00fcnd\u0259n u\u015faqlar valideynl\u0259rin \u00e7oxsayl\u0131 \u015fikay\u0259tl\u0259ri il\u0259 ba\u015fqa m\u0259kt\u0259b\u0259 k\u00f6\u00e7\u00fcr\u00fcl\u00fcbl\u0259r. \u00c7\u00fcnki ya\u011fan qar, ya\u011f\u0131\u015f sinif otaqlar\u0131na, m\u0259kt\u0259bin d\u0259hlizin\u0259 dolur. Qap\u0131-p\u0259nc\u0259r\u0259l\u0259r q\u0131r\u0131q oldu\u011fundan u\u015faqlar sinif otaqlar\u0131nda \u00fcst geyiml\u0259ri il\u0259 oturmaq m\u0259cburiyy\u0259tind\u0259 qal\u0131rlar.<\/p>\n\n\n\n<p>&#8220;Az\u0259ri\u015f\u0131q&#8221; ASC-nin a\u00e7\u0131qlamas\u0131nda is\u0259 deyilir ki, qar c\u0259nub rayonlar\u0131nda elektrik t\u0259s\u0259rr\u00fcfat\u0131nda b\u00f6y\u00fck f\u0259sadlar yarad\u0131b. Ya\u011fan qar\u0131n a\u011f\u0131rl\u0131\u011f\u0131 v\u0259 k\u00fcl\u0259k \u00e7ox sayda a\u011faclar\u0131n a\u015faraq x\u0259tl\u0259rin \u00fcz\u0259rin\u0259 d\u00fc\u015fm\u0259sin\u0259 s\u0259b\u0259b olub. Elektrik x\u0259tl\u0259rinin z\u0259d\u0259l\u0259nm\u0259si n\u0259tic\u0259sind\u0259 \u015f\u0259h\u0259r m\u0259rk\u0259zl\u0259rind\u0259 b\u0259zi k\u00fc\u00e7\u0259 v\u0259 m\u0259h\u0259ll\u0259l\u0259r, el\u0259c\u0259 d\u0259 b\u0259zi k\u0259ndl\u0259r i\u015f\u0131qs\u0131z qal\u0131b. Ancaq g\u00f6r\u00fcl\u0259n fasil\u0259siz t\u0259dbirl\u0259rd\u0259n sonra enerjinin verilm\u0259si b\u0259rpa edilib.<\/p>\n\n\n\n<p>L\u0259nk\u0259ran-Astara Regional T\u0259hsil \u0130dar\u0259sind\u0259n is\u0259 bildiribl\u0259r ki, t\u0259hl\u00fck\u0259li v\u0259ziyy\u0259t\u0259 d\u00fc\u015f\u0259n 10 sayl\u0131 m\u0259kt\u0259bin bu ilin sonunad\u0259k \u0259sasl\u0131 t\u0259miri n\u0259z\u0259rd\u0259 tutulub. H\u0259min m\u00fcdd\u0259t\u0259d\u0259k \u015fagirdl\u0259r dig\u0259r m\u0259kt\u0259bd\u0259 t\u0259hsil alacaqlar.<\/p>\n\n\n\n<p>L\u0259nk\u0259ran Rayon \u0130cra Hakimiyy\u0259tind\u0259n bildiribl\u0259r ki, g\u00fccl\u00fc k\u00fcl\u0259k v\u0259 qar zaman\u0131 b\u0259zi f\u0259sadlar yaran\u0131r, lakin \u00fcmumilikd\u0259 ciddi problem yoxdur. Ba\u015f ver\u0259n f\u0259sadlar\u0131n qar\u015f\u0131s\u0131 al\u0131n\u0131r.<\/p>\n","protected":false},"excerpt":{"rendered":"<p>Sakinl\u0259r internetsizlikd\u0259n d\u0259 \u0259ziyy\u0259t \u00e7\u0259kibl\u0259r \u201cL\u0259nk\u0259randa qarl\u0131-\u015faxtal\u0131 havalarda \u015f\u0259h\u0259r m\u0259rk\u0259zi &#8230; <\/p>\n<p class=\"read-more-container\"><a title=\"L\u0259nk\u0259ranl\u0131 \u015fagirdl\u0259r \u015faxtal\u0131 havada m\u0259kt\u0259b d\u0259yi\u015fm\u0259li olublar\" class=\"read-more button\" href=\"https:\/\/www.meydan.tv\/az\/article\/lenkeranli-sagirdler-saxtali-havada-mekteb-deyismeli-olublar\/#more-296126\" aria-label=\"Read more about L\u0259nk\u0259ranl\u0131 \u015fagirdl\u0259r \u015faxtal\u0131 havada m\u0259kt\u0259b d\u0259yi\u015fm\u0259li olublar\">Davam\u0131<\/a><\/p>\n","protected":false},"author":8,"featured_media":99043,"comment_status":"closed","ping_status":"closed","sticky":false,"template":"","format":"standard","meta":{"_acf_changed":false,"_sitemap_exclude":false,"_sitemap_priority":"","_sitemap_frequency":"","footnotes":""},"categories":[60,56],"tags":[],"class_list":["post-296126","post","type-post","status-publish","format-standard","has-post-thumbnail","hentry","category-bolge","category-xeberler","infinite-scroll-item","generate-columns","tablet-grid-50","mobile-grid-100","grid-parent","grid-33","no-featured-image-padding"],"acf":[],"yoast_head":"<!-- This site is optimized with the Yoast SEO plugin v27.4 - https:\/\/yoast.com\/product\/yoast-seo-wordpress\/ -->\n<title>L\u0259nk\u0259ranl\u0131 \u015fagirdl\u0259r \u015faxtal\u0131 havada m\u0259kt\u0259b d\u0259yi\u015fm\u0259li olublar - MEYDAN.TV<\/title>\n<meta name=\"robots\" content=\"index, follow, max-snippet:-1, max-image-preview:large, max-video-preview:-1\" \/>\n<link rel=\"canonical\" href=\"https:\/\/www.meydan.tv\/az\/article\/lenkeranli-sagirdler-saxtali-havada-mekteb-deyismeli-olublar\/\" \/>\n<meta property=\"og:locale\" content=\"az_AZ\" \/>\n<meta property=\"og:type\" content=\"article\" \/>\n<meta property=\"og:title\" content=\"L\u0259nk\u0259ranl\u0131 \u015fagirdl\u0259r \u015faxtal\u0131 havada m\u0259kt\u0259b d\u0259yi\u015fm\u0259li olublar - MEYDAN.TV\" \/>\n<meta property=\"og:description\" content=\"Sakinl\u0259r internetsizlikd\u0259n d\u0259 \u0259ziyy\u0259t \u00e7\u0259kibl\u0259r \u201cL\u0259nk\u0259randa qarl\u0131-\u015faxtal\u0131 havalarda \u015f\u0259h\u0259r m\u0259rk\u0259zi ... Davam\u0131\" \/>\n<meta property=\"og:url\" content=\"https:\/\/www.meydan.tv\/az\/article\/lenkeranli-sagirdler-saxtali-havada-mekteb-deyismeli-olublar\/\" \/>\n<meta property=\"og:site_name\" content=\"MEYDAN.TV\" \/>\n<meta property=\"article:published_time\" content=\"2024-01-25T13:42:34+00:00\" \/>\n<meta property=\"article:modified_time\" content=\"2024-01-25T13:42:37+00:00\" \/>\n<meta property=\"og:image\" content=\"https:\/\/www.meydan.tv\/wp-content\/uploads\/39169.jpg\" \/>\n\t<meta property=\"og:image:width\" content=\"1200\" \/>\n\t<meta property=\"og:image:height\" content=\"480\" \/>\n\t<meta property=\"og:image:type\" content=\"image\/jpeg\" \/>\n<meta name=\"author\" content=\"elli\" \/>\n<meta name=\"twitter:card\" content=\"summary_large_image\" \/>\n<meta name=\"twitter:creator\" content=\"@elli\" \/>\n<script type=\"application\/ld+json\" class=\"yoast-schema-graph\">{\"@context\":\"https:\\\/\\\/schema.org\",\"@graph\":[{\"@type\":\"Article\",\"@id\":\"https:\\\/\\\/www.meydan.tv\\\/az\\\/article\\\/lenkeranli-sagirdler-saxtali-havada-mekteb-deyismeli-olublar\\\/#article\",\"isPartOf\":{\"@id\":\"https:\\\/\\\/www.meydan.tv\\\/az\\\/article\\\/lenkeranli-sagirdler-saxtali-havada-mekteb-deyismeli-olublar\\\/\"},\"author\":{\"name\":\"elli\",\"@id\":\"https:\\\/\\\/www.meydan.tv\\\/az\\\/#\\\/schema\\\/person\\\/9cdbecf90d17180ce1dfbd95b08dcf47\"},\"headline\":\"L\u0259nk\u0259ranl\u0131 \u015fagirdl\u0259r \u015faxtal\u0131 havada m\u0259kt\u0259b d\u0259yi\u015fm\u0259li olublar\",\"datePublished\":\"2024-01-25T13:42:34+00:00\",\"dateModified\":\"2024-01-25T13:42:37+00:00\",\"mainEntityOfPage\":{\"@id\":\"https:\\\/\\\/www.meydan.tv\\\/az\\\/article\\\/lenkeranli-sagirdler-saxtali-havada-mekteb-deyismeli-olublar\\\/\"},\"wordCount\":533,\"publisher\":{\"@id\":\"https:\\\/\\\/www.meydan.tv\\\/az\\\/#organization\"},\"image\":{\"@id\":\"https:\\\/\\\/www.meydan.tv\\\/az\\\/article\\\/lenkeranli-sagirdler-saxtali-havada-mekteb-deyismeli-olublar\\\/#primaryimage\"},\"thumbnailUrl\":\"https:\\\/\\\/www.meydan.tv\\\/wp-content\\\/uploads\\\/39169.jpg\",\"articleSection\":[\"B\u00f6lg\u0259\",\"X\u0259b\u0259rl\u0259r\"],\"inLanguage\":\"az\"},{\"@type\":\"WebPage\",\"@id\":\"https:\\\/\\\/www.meydan.tv\\\/az\\\/article\\\/lenkeranli-sagirdler-saxtali-havada-mekteb-deyismeli-olublar\\\/\",\"url\":\"https:\\\/\\\/www.meydan.tv\\\/az\\\/article\\\/lenkeranli-sagirdler-saxtali-havada-mekteb-deyismeli-olublar\\\/\",\"name\":\"L\u0259nk\u0259ranl\u0131 \u015fagirdl\u0259r \u015faxtal\u0131 havada m\u0259kt\u0259b d\u0259yi\u015fm\u0259li olublar - MEYDAN.TV\",\"isPartOf\":{\"@id\":\"https:\\\/\\\/www.meydan.tv\\\/az\\\/#website\"},\"primaryImageOfPage\":{\"@id\":\"https:\\\/\\\/www.meydan.tv\\\/az\\\/article\\\/lenkeranli-sagirdler-saxtali-havada-mekteb-deyismeli-olublar\\\/#primaryimage\"},\"image\":{\"@id\":\"https:\\\/\\\/www.meydan.tv\\\/az\\\/article\\\/lenkeranli-sagirdler-saxtali-havada-mekteb-deyismeli-olublar\\\/#primaryimage\"},\"thumbnailUrl\":\"https:\\\/\\\/www.meydan.tv\\\/wp-content\\\/uploads\\\/39169.jpg\",\"datePublished\":\"2024-01-25T13:42:34+00:00\",\"dateModified\":\"2024-01-25T13:42:37+00:00\",\"breadcrumb\":{\"@id\":\"https:\\\/\\\/www.meydan.tv\\\/az\\\/article\\\/lenkeranli-sagirdler-saxtali-havada-mekteb-deyismeli-olublar\\\/#breadcrumb\"},\"inLanguage\":\"az\",\"potentialAction\":[{\"@type\":\"ReadAction\",\"target\":[\"https:\\\/\\\/www.meydan.tv\\\/az\\\/article\\\/lenkeranli-sagirdler-saxtali-havada-mekteb-deyismeli-olublar\\\/\"]}]},{\"@type\":\"ImageObject\",\"inLanguage\":\"az\",\"@id\":\"https:\\\/\\\/www.meydan.tv\\\/az\\\/article\\\/lenkeranli-sagirdler-saxtali-havada-mekteb-deyismeli-olublar\\\/#primaryimage\",\"url\":\"https:\\\/\\\/www.meydan.tv\\\/wp-content\\\/uploads\\\/39169.jpg\",\"contentUrl\":\"https:\\\/\\\/www.meydan.tv\\\/wp-content\\\/uploads\\\/39169.jpg\",\"width\":1200,\"height\":480,\"caption\":\"Foto: arxiv\"},{\"@type\":\"BreadcrumbList\",\"@id\":\"https:\\\/\\\/www.meydan.tv\\\/az\\\/article\\\/lenkeranli-sagirdler-saxtali-havada-mekteb-deyismeli-olublar\\\/#breadcrumb\",\"itemListElement\":[{\"@type\":\"ListItem\",\"position\":1,\"name\":\"Ana s\u0259hif\u0259\",\"item\":\"https:\\\/\\\/www.meydan.tv\\\/az\\\/\"},{\"@type\":\"ListItem\",\"position\":2,\"name\":\"B\u00f6lg\u0259\",\"item\":\"https:\\\/\\\/www.meydan.tv\\\/az\\\/section\\\/bolge\\\/\"},{\"@type\":\"ListItem\",\"position\":3,\"name\":\"L\u0259nk\u0259ranl\u0131 \u015fagirdl\u0259r \u015faxtal\u0131 havada m\u0259kt\u0259b d\u0259yi\u015fm\u0259li olublar\"}]},{\"@type\":\"WebSite\",\"@id\":\"https:\\\/\\\/www.meydan.tv\\\/az\\\/#website\",\"url\":\"https:\\\/\\\/www.meydan.tv\\\/az\\\/\",\"name\":\"MEYDAN.TV\",\"description\":\"Meydan TV Az\u0259rbaycan\u0131n media m\u0259kan\u0131ndak\u0131 alternativ s\u0259sidir\",\"publisher\":{\"@id\":\"https:\\\/\\\/www.meydan.tv\\\/az\\\/#organization\"},\"potentialAction\":[{\"@type\":\"SearchAction\",\"target\":{\"@type\":\"EntryPoint\",\"urlTemplate\":\"https:\\\/\\\/www.meydan.tv\\\/az\\\/?s={search_term_string}\"},\"query-input\":{\"@type\":\"PropertyValueSpecification\",\"valueRequired\":true,\"valueName\":\"search_term_string\"}}],\"inLanguage\":\"az\"},{\"@type\":\"Organization\",\"@id\":\"https:\\\/\\\/www.meydan.tv\\\/az\\\/#organization\",\"name\":\"Meydan TV\",\"url\":\"https:\\\/\\\/www.meydan.tv\\\/az\\\/\",\"logo\":{\"@type\":\"ImageObject\",\"inLanguage\":\"az\",\"@id\":\"https:\\\/\\\/www.meydan.tv\\\/az\\\/#\\\/schema\\\/logo\\\/image\\\/\",\"url\":\"https:\\\/\\\/www.meydan.tv\\\/wp-content\\\/uploads\\\/2021\\\/07\\\/meydan-logo.svg\",\"contentUrl\":\"https:\\\/\\\/www.meydan.tv\\\/wp-content\\\/uploads\\\/2021\\\/07\\\/meydan-logo.svg\",\"width\":195,\"height\":46,\"caption\":\"Meydan TV\"},\"image\":{\"@id\":\"https:\\\/\\\/www.meydan.tv\\\/az\\\/#\\\/schema\\\/logo\\\/image\\\/\"}},{\"@type\":\"Person\",\"@id\":\"https:\\\/\\\/www.meydan.tv\\\/az\\\/#\\\/schema\\\/person\\\/9cdbecf90d17180ce1dfbd95b08dcf47\",\"name\":\"elli\",\"sameAs\":[\"https:\\\/\\\/x.com\\\/elli\"]}]}<\/script>\n<!-- \/ Yoast SEO plugin. -->","yoast_head_json":{"title":"L\u0259nk\u0259ranl\u0131 \u015fagirdl\u0259r \u015faxtal\u0131 havada m\u0259kt\u0259b d\u0259yi\u015fm\u0259li olublar - MEYDAN.TV","robots":{"index":"index","follow":"follow","max-snippet":"max-snippet:-1","max-image-preview":"max-image-preview:large","max-video-preview":"max-video-preview:-1"},"canonical":"https:\/\/www.meydan.tv\/az\/article\/lenkeranli-sagirdler-saxtali-havada-mekteb-deyismeli-olublar\/","og_locale":"az_AZ","og_type":"article","og_title":"L\u0259nk\u0259ranl\u0131 \u015fagirdl\u0259r \u015faxtal\u0131 havada m\u0259kt\u0259b d\u0259yi\u015fm\u0259li olublar - MEYDAN.TV","og_description":"Sakinl\u0259r internetsizlikd\u0259n d\u0259 \u0259ziyy\u0259t \u00e7\u0259kibl\u0259r \u201cL\u0259nk\u0259randa qarl\u0131-\u015faxtal\u0131 havalarda \u015f\u0259h\u0259r m\u0259rk\u0259zi ... Davam\u0131","og_url":"https:\/\/www.meydan.tv\/az\/article\/lenkeranli-sagirdler-saxtali-havada-mekteb-deyismeli-olublar\/","og_site_name":"MEYDAN.TV","article_published_time":"2024-01-25T13:42:34+00:00","article_modified_time":"2024-01-25T13:42:37+00:00","og_image":[{"width":1200,"height":480,"url":"https:\/\/www.meydan.tv\/wp-content\/uploads\/39169.jpg","type":"image\/jpeg"}],"author":"elli","twitter_card":"summary_large_image","twitter_creator":"@elli","schema":{"@context":"https:\/\/schema.org","@graph":[{"@type":"Article","@id":"https:\/\/www.meydan.tv\/az\/article\/lenkeranli-sagirdler-saxtali-havada-mekteb-deyismeli-olublar\/#article","isPartOf":{"@id":"https:\/\/www.meydan.tv\/az\/article\/lenkeranli-sagirdler-saxtali-havada-mekteb-deyismeli-olublar\/"},"author":{"name":"elli","@id":"https:\/\/www.meydan.tv\/az\/#\/schema\/person\/9cdbecf90d17180ce1dfbd95b08dcf47"},"headline":"L\u0259nk\u0259ranl\u0131 \u015fagirdl\u0259r \u015faxtal\u0131 havada m\u0259kt\u0259b d\u0259yi\u015fm\u0259li olublar","datePublished":"2024-01-25T13:42:34+00:00","dateModified":"2024-01-25T13:42:37+00:00","mainEntityOfPage":{"@id":"https:\/\/www.meydan.tv\/az\/article\/lenkeranli-sagirdler-saxtali-havada-mekteb-deyismeli-olublar\/"},"wordCount":533,"publisher":{"@id":"https:\/\/www.meydan.tv\/az\/#organization"},"image":{"@id":"https:\/\/www.meydan.tv\/az\/article\/lenkeranli-sagirdler-saxtali-havada-mekteb-deyismeli-olublar\/#primaryimage"},"thumbnailUrl":"https:\/\/www.meydan.tv\/wp-content\/uploads\/39169.jpg","articleSection":["B\u00f6lg\u0259","X\u0259b\u0259rl\u0259r"],"inLanguage":"az"},{"@type":"WebPage","@id":"https:\/\/www.meydan.tv\/az\/article\/lenkeranli-sagirdler-saxtali-havada-mekteb-deyismeli-olublar\/","url":"https:\/\/www.meydan.tv\/az\/article\/lenkeranli-sagirdler-saxtali-havada-mekteb-deyismeli-olublar\/","name":"L\u0259nk\u0259ranl\u0131 \u015fagirdl\u0259r \u015faxtal\u0131 havada m\u0259kt\u0259b d\u0259yi\u015fm\u0259li olublar - MEYDAN.TV","isPartOf":{"@id":"https:\/\/www.meydan.tv\/az\/#website"},"primaryImageOfPage":{"@id":"https:\/\/www.meydan.tv\/az\/article\/lenkeranli-sagirdler-saxtali-havada-mekteb-deyismeli-olublar\/#primaryimage"},"image":{"@id":"https:\/\/www.meydan.tv\/az\/article\/lenkeranli-sagirdler-saxtali-havada-mekteb-deyismeli-olublar\/#primaryimage"},"thumbnailUrl":"https:\/\/www.meydan.tv\/wp-content\/uploads\/39169.jpg","datePublished":"2024-01-25T13:42:34+00:00","dateModified":"2024-01-25T13:42:37+00:00","breadcrumb":{"@id":"https:\/\/www.meydan.tv\/az\/article\/lenkeranli-sagirdler-saxtali-havada-mekteb-deyismeli-olublar\/#breadcrumb"},"inLanguage":"az","potentialAction":[{"@type":"ReadAction","target":["https:\/\/www.meydan.tv\/az\/article\/lenkeranli-sagirdler-saxtali-havada-mekteb-deyismeli-olublar\/"]}]},{"@type":"ImageObject","inLanguage":"az","@id":"https:\/\/www.meydan.tv\/az\/article\/lenkeranli-sagirdler-saxtali-havada-mekteb-deyismeli-olublar\/#primaryimage","url":"https:\/\/www.meydan.tv\/wp-content\/uploads\/39169.jpg","contentUrl":"https:\/\/www.meydan.tv\/wp-content\/uploads\/39169.jpg","width":1200,"height":480,"caption":"Foto: arxiv"},{"@type":"BreadcrumbList","@id":"https:\/\/www.meydan.tv\/az\/article\/lenkeranli-sagirdler-saxtali-havada-mekteb-deyismeli-olublar\/#breadcrumb","itemListElement":[{"@type":"ListItem","position":1,"name":"Ana s\u0259hif\u0259","item":"https:\/\/www.meydan.tv\/az\/"},{"@type":"ListItem","position":2,"name":"B\u00f6lg\u0259","item":"https:\/\/www.meydan.tv\/az\/section\/bolge\/"},{"@type":"ListItem","position":3,"name":"L\u0259nk\u0259ranl\u0131 \u015fagirdl\u0259r \u015faxtal\u0131 havada m\u0259kt\u0259b d\u0259yi\u015fm\u0259li olublar"}]},{"@type":"WebSite","@id":"https:\/\/www.meydan.tv\/az\/#website","url":"https:\/\/www.meydan.tv\/az\/","name":"MEYDAN.TV","description":"Meydan TV Az\u0259rbaycan\u0131n media m\u0259kan\u0131ndak\u0131 alternativ s\u0259sidir","publisher":{"@id":"https:\/\/www.meydan.tv\/az\/#organization"},"potentialAction":[{"@type":"SearchAction","target":{"@type":"EntryPoint","urlTemplate":"https:\/\/www.meydan.tv\/az\/?s={search_term_string}"},"query-input":{"@type":"PropertyValueSpecification","valueRequired":true,"valueName":"search_term_string"}}],"inLanguage":"az"},{"@type":"Organization","@id":"https:\/\/www.meydan.tv\/az\/#organization","name":"Meydan TV","url":"https:\/\/www.meydan.tv\/az\/","logo":{"@type":"ImageObject","inLanguage":"az","@id":"https:\/\/www.meydan.tv\/az\/#\/schema\/logo\/image\/","url":"https:\/\/www.meydan.tv\/wp-content\/uploads\/2021\/07\/meydan-logo.svg","contentUrl":"https:\/\/www.meydan.tv\/wp-content\/uploads\/2021\/07\/meydan-logo.svg","width":195,"height":46,"caption":"Meydan TV"},"image":{"@id":"https:\/\/www.meydan.tv\/az\/#\/schema\/logo\/image\/"}},{"@type":"Person","@id":"https:\/\/www.meydan.tv\/az\/#\/schema\/person\/9cdbecf90d17180ce1dfbd95b08dcf47","name":"elli","sameAs":["https:\/\/x.com\/elli"]}]}},"_links":{"self":[{"href":"https:\/\/www.meydan.tv\/az\/wp-json\/wp\/v2\/posts\/296126","targetHints":{"allow":["GET"]}}],"collection":[{"href":"https:\/\/www.meydan.tv\/az\/wp-json\/wp\/v2\/posts"}],"about":[{"href":"https:\/\/www.meydan.tv\/az\/wp-json\/wp\/v2\/types\/post"}],"author":[{"embeddable":true,"href":"https:\/\/www.meydan.tv\/az\/wp-json\/wp\/v2\/users\/8"}],"replies":[{"embeddable":true,"href":"https:\/\/www.meydan.tv\/az\/wp-json\/wp\/v2\/comments?post=296126"}],"version-history":[{"count":3,"href":"https:\/\/www.meydan.tv\/az\/wp-json\/wp\/v2\/posts\/296126\/revisions"}],"predecessor-version":[{"id":296135,"href":"https:\/\/www.meydan.tv\/az\/wp-json\/wp\/v2\/posts\/296126\/revisions\/296135"}],"wp:featuredmedia":[{"embeddable":true,"href":"https:\/\/www.meydan.tv\/az\/wp-json\/wp\/v2\/media\/99043"}],"wp:attachment":[{"href":"https:\/\/www.meydan.tv\/az\/wp-json\/wp\/v2\/media?parent=296126"}],"wp:term":[{"taxonomy":"category","embeddable":true,"href":"https:\/\/www.meydan.tv\/az\/wp-json\/wp\/v2\/categories?post=296126"},{"taxonomy":"post_tag","embeddable":true,"href":"https:\/\/www.meydan.tv\/az\/wp-json\/wp\/v2\/tags?post=296126"}],"curies":[{"name":"wp","href":"https:\/\/api.w.org\/{rel}","templated":true}]}}