{"id":296078,"date":"2024-01-25T01:21:44","date_gmt":"2024-01-24T21:21:44","guid":{"rendered":"https:\/\/www.meydan.tv\/?p=296078"},"modified":"2024-01-25T01:30:38","modified_gmt":"2024-01-24T21:30:38","slug":"azerbaycan-numayende-heyeti-aspa-da-bir-il-sesverme-huququndan-mehrum-edildi","status":"publish","type":"post","link":"https:\/\/www.meydan.tv\/az\/article\/azerbaycan-numayende-heyeti-aspa-da-bir-il-sesverme-huququndan-mehrum-edildi\/","title":{"rendered":"Az\u0259rbaycan n\u00fcmay\u0259nd\u0259 hey\u0259ti A\u015ePA-da bir il s\u0259sverm\u0259 h\u00fcququndan m\u0259hrum edildi"},"content":{"rendered":"\n<p><\/p>\n\n\n\n<p><em><strong>\u201cBiz se\u00e7ki \u0259r\u0259f\u0259sind\u0259yik v\u0259 n\u0259tic\u0259ni art\u0131q ham\u0131 bilir\u201d<\/strong><\/em><\/p>\n\n\n\n<p>\u201c<em>Dem\u0259li, bizim Az\u0259rbaycanda demokratik v\u0259ziyy\u0259t, insan haqlar\u0131n\u0131n v\u0259ziyy\u0259ti v\u0259 qanunun aliliyi il\u0259 ba\u011fl\u0131, h\u0259m d\u0259 b\u00fct\u00fcn t\u0259\u015fkilat qar\u015f\u0131s\u0131nda \u00f6hd\u0259likl\u0259rimiz var. Bu bax\u0131mdan Morqen Yensenin hesabat\u0131n\u0131 d\u0259st\u0259kl\u0259m\u0259yinizi xahi\u015f edir\u0259m<\/em>\u201d, &#8211; bu fikirl\u0259ri Avropa \u015euras\u0131 Parlament Assambleyas\u0131ndak\u0131 (A\u015ePA) \u00e7\u0131x\u0131\u015f\u0131 zaman\u0131 deputat Frank \u015evabe deyib.<\/p>\n\n\n\n<p>Yanvar\u0131n 24-d\u0259 ke\u00e7iril\u0259n ax\u015fam iclas\u0131nda deputatlar Az\u0259rbaycan n\u00fcmay\u0259nd\u0259 hey\u0259tinin A\u015ePA-n\u0131n 2025-ci ilin yanvar sessiyas\u0131na q\u0259d\u0259r s\u0259sverm\u0259 h\u00fcququndan m\u0259hrum edilm\u0259sin\u0259 q\u0259rar veribl\u0259r. Q\u0259rara dair 15 898 sayl\u0131 q\u0259tnam\u0259 t\u0259sdiql\u0259nib.<\/p>\n\n\n\n<p>Q\u0259rar\u0131n 76 deputat \u201clehin\u0259\u201d, 10 deputat \u201c\u0259leyhin\u0259\u201d s\u0259s verib, 4 n\u0259f\u0259r is\u0259 bit\u0259r\u0259f qal\u0131b.<\/p>\n\n\n\n<p>Q\u0259rardan \u00f6nc\u0259 m\u00fczakir\u0259l\u0259rd\u0259 \u00e7\u0131x\u0131\u015f\u00e7\u0131lar Az\u0259rbaycanda media azadl\u0131\u011f\u0131na t\u0259zyiql\u0259rd\u0259n, \u201cAbzasMedia\u201dn\u0131n jurnalistl\u0259rinin h\u0259bsind\u0259n dan\u0131\u015f\u0131blar. Korrupsiya ara\u015fd\u0131rmalar\u0131 il\u0259 tan\u0131nan \u201cAbzasMedia\u201d \u0259m\u0259kda\u015flar\u0131 qa\u00e7aqmal\u00e7\u0131l\u0131qda ittiham olunsalar da, \u00f6zl\u0259ri h\u0259bsl\u0259rinin pe\u015f\u0259 f\u0259aliyy\u0259tl\u0259ri il\u0259 ba\u011fl\u0131 oldu\u011funu deyirl\u0259r.<\/p>\n\n\n\n<p>M\u00fczakir\u0259 zaman\u0131 \u201cT\u0259rt\u0259r i\u015fg\u0259nc\u0259l\u0259ri\u201d v\u0259 iqtisad\u00e7\u0131 professor Qubad \u0130bado\u011flunun h\u0259bsi x\u00fcsusi qeyd olunub.<\/p>\n\n\n\n<p>Q\u0259rar\u0131n lehin\u0259 s\u0259s ver\u0259n Norve\u00e7, \u0130rlandiya, Xorvatiya, Almaniya, L\u00fcksemburq, Fransa, \u0130slandiya v\u0259 s. \u00f6lk\u0259l\u0259rd\u0259n olan deputatlar olub. Onlar bu q\u0259rar\u0131 \u0259dal\u0259tli v\u0259 z\u0259ruri adland\u0131r\u0131blar.<\/p>\n\n\n\n<p>Q\u0259rar\u0131n \u0259leyhin\u0259 olan ukraynal\u0131 deputat Oleksey Qon\u00e7arenko \u00e7\u0131x\u0131\u015f ed\u0259r\u0259k bildirib ki, Az\u0259rbaycan\u0131n \u00e7\u0131xmas\u0131na yaln\u0131z Rusiya sevin\u0259 bil\u0259r:<\/p>\n\n\n\n<p>\u201c<em>\u00c7\u00fcnki bu, Rusiyan\u0131n xeyrin\u0259dir. G\u0259lin, s\u0259sverm\u0259 h\u00fcquqlar\u0131n\u0131 \u0259ll\u0259rind\u0259n almayaq, onlara \u015fans ver\u0259k<\/em>\u201d.<\/p>\n\n\n\n<p>\u00c7\u0131x\u0131\u015f\u0131 zaman\u0131 jurnalistl\u0259rin h\u0259bsin\u0259 toxunan Morqen Yensenin s\u00f6zl\u0259rin\u0259 g\u00f6r\u0259, bu q\u0259rar\u0131n yegan\u0259 s\u0259b\u0259bi \u0259m\u0259kda\u015fl\u0131\u011f\u0131n olmamas\u0131 v\u0259 m\u0259ruz\u0259\u00e7il\u0259rin \u00f6lk\u0259y\u0259 burax\u0131lmamas\u0131d\u0131r:<\/p>\n\n\n\n<p>\u201c<em>Y\u0259ni, \u0259g\u0259r m\u0259ruz\u0259\u00e7il\u0259ri \u00f6lk\u0259y\u0259 buraxsalar, icaz\u0259 verils\u0259 ki, m\u0259ruz\u0259 etsinl\u0259r, o zaman biz bel\u0259 q\u0259rar q\u0259bul etm\u0259zdik<\/em>\u201d.<\/p>\n\n\n\n<p>\u00c7\u0131x\u0131\u015f\u0131 zaman\u0131 siyasi m\u0259hbuslar v\u0259 Az\u0259rbaycan\u0131n \u00f6hd\u0259likl\u0259rin\u0259 toxunan F.\u015evabe deyib ki, art\u0131q siyasi m\u0259hbuslar\u0131n say\u0131n\u0131 hesablama\u011f\u0131 dayand\u0131r\u0131b:<\/p>\n\n\n\n<p>\u201c<em>Bu g\u00fcn Drezden Universitetind\u0259 d\u0259rs dem\u0259li olan Qubad \u0130bado\u011flu h\u0259bsd\u0259dir. Qubad \u0130bado\u011flu Az\u0259rbaycanda \u00e7ox tan\u0131nan professordur. O, indi Drezden Universitetind\u0259 professor olmal\u0131 idi. Amma t\u0259\u0259ss\u00fcf ki, h\u0259bsd\u0259dir. Sad\u0259c\u0259 h\u0259qiq\u0259ti dediyi \u00fc\u00e7\u00fcn h\u0259bs olunub. V\u0259 o t\u0259k deyil. 200-d\u0259n \u00e7ox siyasi m\u0259hbus var. M\u0259n onlar\u0131 sayma\u011f\u0131 dayand\u0131rd\u0131m, \u00e7\u00fcnki bel\u0259 g\u00f6r\u00fcn\u00fcr, h\u0259r g\u00fcn, h\u0259r h\u0259ft\u0259 daha \u00e7ox siyasi m\u0259hbus h\u0259bs olunur<\/em>\u201d.<\/p>\n\n\n\n<p><em>\u201cM\u00fc\u015fahid\u0259\u00e7il\u0259rin \u00f6lk\u0259y\u0259 burax\u0131lmamas\u0131, se\u00e7kiy\u0259 d\u0259v\u0259t olunmama v\u0259 siyasi m\u0259hbuslara g\u00f6r\u0259 Az\u0259rbaycan\u0131n s\u0259sverm\u0259 h\u00fcququnu \u0259lind\u0259n ald\u0131q. Biz se\u00e7ki \u0259r\u0259f\u0259sind\u0259yik v\u0259 se\u00e7kinin n\u0259tic\u0259sini art\u0131q ham\u0131 bilir. 7 fevral se\u00e7kil\u0259ri demokratik se\u00e7kil\u0259rin minimum kriteriyalar\u0131na bel\u0259 cavab vermir v\u0259 \u0259vv\u0259lki se\u00e7kil\u0259r d\u0259 eyni idi, ondan \u0259vv\u0259lki d\u0259, daha \u0259vv\u0259lki d\u0259. N\u0259tic\u0259l\u0259r h\u0259mi\u015f\u0259 eynidir. Bu, kifay\u0259t q\u0259d\u0259r problemlidir, lakin Az\u0259rbaycan n\u00fcmay\u0259nd\u0259 hey\u0259tinin akkreditasiyas\u0131n\u0131n m\u0259hdudla\u015fd\u0131r\u0131lmas\u0131na \u0259sas deyil\u201d<\/em> &#8211; F.\u015evabe vur\u011fulay\u0131b.<\/p>\n\n\n\n<p>A\u015ePA-n\u0131n se\u00e7kil\u0259r\u0259 m\u00fc\u015fahid\u0259 missiyas\u0131 g\u00f6nd\u0259rm\u0259k \u00f6hd\u0259liyinin oldu\u011funu xat\u0131rladan F.\u015evabe bildirib ki, Az\u0259rbaycan bu missiyan\u0131 d\u0259v\u0259t etm\u0259y\u0259 borcludur v\u0259 bu, Parlament Assambleyas\u0131nda n\u00fcmay\u0259nd\u0259 hey\u0259tinin t\u0259msil etdiyi parlamentin \u00f6hd\u0259liyi v\u0259 m\u0259suliyy\u0259tidir:<\/p>\n\n\n\n<p>\u201c<em>Daha da problemli olan odur ki, Az\u0259rbaycan bizi ba\u015fqa beyn\u0259lxalq t\u0259\u015fkilatlara, AT\u018fT-\u0259 qar\u015f\u0131 qoyma\u011fa \u00e7al\u0131\u015f\u0131b. 2015-ci ild\u0259 bizi ona g\u00f6r\u0259 d\u0259v\u0259t etdil\u0259r ki, [Az\u0259rbaycan] korrupsiyaya u\u011fray\u0131b v\u0259 bizd\u0259 buna dair s\u00fcbut var. AT\u018fT t\u0259\u015fkilat\u0131n\u0131n Se\u00e7ki M\u00fc\u015fahid\u0259 Missiyas\u0131n\u0131n g\u0259lm\u0259sin\u0259 icaz\u0259 verilm\u0259yib. \u0130ndi AT\u018fT-i d\u0259v\u0259t edirl\u0259r v\u0259 Avropa \u015euras\u0131n\u0131n Se\u00e7ki M\u00fc\u015fahid\u0259 Missiyas\u0131n\u0131n olmas\u0131n\u0131 ist\u0259mirl\u0259r. \u018fg\u0259r buna imkan vers\u0259k, Pandora qutusunu a\u00e7aca\u011f\u0131q, o zaman s\u00f6hb\u0259t t\u0259kc\u0259 Az\u0259rbaycanla ba\u011fl\u0131 olmayacaq<\/em>\u201d, &#8211; F.\u015evabe deyib.<\/p>\n\n\n\n<p>M.Yensen d\u0259 bildirib ki, Az\u0259rbaycan onlarla \u0259m\u0259kda\u015fl\u0131q etmir v\u0259 \u00f6hd\u0259likl\u0259rini yerin\u0259 yetirmir:<\/p>\n\n\n\n<p>\u201c<em>Son ill\u0259rd\u0259 insan h\u00fcquqlar\u0131n\u0131n pozuntusu il\u0259 ba\u011fl\u0131 14 q\u0259tnam\u0259d\u0259 Az\u0259rbaycandan dan\u0131\u015f\u0131l\u0131b. Qap\u0131 a\u00e7\u0131qd\u0131, \u00fcmid edir\u0259m Az\u0259rbaycan n\u00fcmay\u0259nd\u0259 hey\u0259ti bura yenid\u0259n qay\u0131dacaq. Onlar bunun \u00fc\u00e7\u00fcn n\u0259 etm\u0259li olduqlar\u0131n\u0131 bilirl\u0259r<\/em>\u201d.<\/p>\n\n\n\n<p>Az\u0259rbaycan n\u00fcmay\u0259nd\u0259 hey\u0259ti m\u00fczakir\u0259l\u0259rd\u0259n \u00f6nc\u0259 b\u0259yanatla \u00e7\u0131x\u0131\u015f ed\u0259r\u0259k A\u015ePA il\u0259 \u0259m\u0259kda\u015fl\u0131\u011f\u0131 dayand\u0131rd\u0131\u011f\u0131n\u0131 bildirib.<\/p>\n\n\n\n<p>B\u0259yanatda bildirilib ki, d\u00fcnyada he\u00e7 kim, o c\u00fcml\u0259d\u0259n bu zalda \u0259yl\u0259\u015f\u0259nl\u0259r Az\u0259rbaycanla t\u0259hdid v\u0259 \u015fantaj dili il\u0259 dan\u0131\u015fa bilm\u0259zl\u0259r:<\/p>\n\n\n\n<p>\u2018\u2019<em>A\u015ePA-n\u0131n tarixind\u0259 he\u00e7 vaxt bu t\u0259\u015fkilat \u00f6z\u00fcn\u00fc bel\u0259 biab\u0131r\u00e7\u0131 \u015f\u0259kild\u0259 aparmay\u0131b<\/em>\u2019\u2019.<\/p>\n\n\n\n<p>N\u00fcmay\u0259nd\u0259 hey\u0259ti b\u0259yanat\u0131 s\u0259sl\u0259ndir\u0259nd\u0259n sonra m\u0259kan\u0131 t\u0259rk edib.<\/p>\n\n\n\n<p><em><strong>Ayt\u0259n F<\/strong>\u0259rhadova<\/em><\/p>\n\n\n\n<p><\/p>\n","protected":false},"excerpt":{"rendered":"<p>\u201cBiz se\u00e7ki \u0259r\u0259f\u0259sind\u0259yik v\u0259 n\u0259tic\u0259ni art\u0131q ham\u0131 bilir\u201d \u201cDem\u0259li, bizim &#8230; <\/p>\n<p class=\"read-more-container\"><a title=\"Az\u0259rbaycan n\u00fcmay\u0259nd\u0259 hey\u0259ti A\u015ePA-da bir il s\u0259sverm\u0259 h\u00fcququndan m\u0259hrum edildi\" class=\"read-more button\" href=\"https:\/\/www.meydan.tv\/az\/article\/azerbaycan-numayende-heyeti-aspa-da-bir-il-sesverme-huququndan-mehrum-edildi\/#more-296078\" aria-label=\"Read more about Az\u0259rbaycan n\u00fcmay\u0259nd\u0259 hey\u0259ti A\u015ePA-da bir il s\u0259sverm\u0259 h\u00fcququndan m\u0259hrum edildi\">Davam\u0131<\/a><\/p>\n","protected":false},"author":13,"featured_media":237899,"comment_status":"closed","ping_status":"closed","sticky":false,"template":"","format":"standard","meta":{"_acf_changed":false,"_sitemap_exclude":false,"_sitemap_priority":"","_sitemap_frequency":"","footnotes":""},"categories":[59,79,56],"tags":[],"class_list":["post-296078","post","type-post","status-publish","format-standard","has-post-thumbnail","hentry","category-siyaset","category-featured","category-xeberler","infinite-scroll-item","generate-columns","tablet-grid-50","mobile-grid-100","grid-parent","grid-33","no-featured-image-padding"],"acf":[],"yoast_head":"<!-- This site is optimized with the Yoast SEO plugin v27.4 - https:\/\/yoast.com\/product\/yoast-seo-wordpress\/ -->\n<title>Az\u0259rbaycan n\u00fcmay\u0259nd\u0259 hey\u0259ti A\u015ePA-da bir il s\u0259sverm\u0259 h\u00fcququndan m\u0259hrum edildi - MEYDAN.TV<\/title>\n<meta name=\"robots\" content=\"index, follow, max-snippet:-1, max-image-preview:large, max-video-preview:-1\" \/>\n<link rel=\"canonical\" href=\"https:\/\/www.meydan.tv\/az\/article\/azerbaycan-numayende-heyeti-aspa-da-bir-il-sesverme-huququndan-mehrum-edildi\/\" \/>\n<meta property=\"og:locale\" content=\"az_AZ\" \/>\n<meta property=\"og:type\" content=\"article\" \/>\n<meta property=\"og:title\" content=\"Az\u0259rbaycan n\u00fcmay\u0259nd\u0259 hey\u0259ti A\u015ePA-da bir il s\u0259sverm\u0259 h\u00fcququndan m\u0259hrum edildi - MEYDAN.TV\" \/>\n<meta property=\"og:description\" content=\"\u201cBiz se\u00e7ki \u0259r\u0259f\u0259sind\u0259yik v\u0259 n\u0259tic\u0259ni art\u0131q ham\u0131 bilir\u201d \u201cDem\u0259li, bizim ... Davam\u0131\" \/>\n<meta property=\"og:url\" content=\"https:\/\/www.meydan.tv\/az\/article\/azerbaycan-numayende-heyeti-aspa-da-bir-il-sesverme-huququndan-mehrum-edildi\/\" \/>\n<meta property=\"og:site_name\" content=\"MEYDAN.TV\" \/>\n<meta property=\"article:published_time\" content=\"2024-01-24T21:21:44+00:00\" \/>\n<meta property=\"article:modified_time\" content=\"2024-01-24T21:30:38+00:00\" \/>\n<meta property=\"og:image\" content=\"https:\/\/www.meydan.tv\/wp-content\/uploads\/shutterstock_1071698609.jpg\" \/>\n\t<meta property=\"og:image:width\" content=\"1200\" \/>\n\t<meta property=\"og:image:height\" content=\"530\" \/>\n\t<meta property=\"og:image:type\" content=\"image\/jpeg\" \/>\n<meta name=\"author\" content=\"meri\" \/>\n<meta name=\"twitter:card\" content=\"summary_large_image\" \/>\n<script type=\"application\/ld+json\" class=\"yoast-schema-graph\">{\"@context\":\"https:\\\/\\\/schema.org\",\"@graph\":[{\"@type\":\"Article\",\"@id\":\"https:\\\/\\\/www.meydan.tv\\\/az\\\/article\\\/azerbaycan-numayende-heyeti-aspa-da-bir-il-sesverme-huququndan-mehrum-edildi\\\/#article\",\"isPartOf\":{\"@id\":\"https:\\\/\\\/www.meydan.tv\\\/az\\\/article\\\/azerbaycan-numayende-heyeti-aspa-da-bir-il-sesverme-huququndan-mehrum-edildi\\\/\"},\"author\":{\"name\":\"meri\",\"@id\":\"https:\\\/\\\/www.meydan.tv\\\/az\\\/#\\\/schema\\\/person\\\/f5399057f0b7fa223fa6c9b7c3321968\"},\"headline\":\"Az\u0259rbaycan n\u00fcmay\u0259nd\u0259 hey\u0259ti A\u015ePA-da bir il s\u0259sverm\u0259 h\u00fcququndan m\u0259hrum edildi\",\"datePublished\":\"2024-01-24T21:21:44+00:00\",\"dateModified\":\"2024-01-24T21:30:38+00:00\",\"mainEntityOfPage\":{\"@id\":\"https:\\\/\\\/www.meydan.tv\\\/az\\\/article\\\/azerbaycan-numayende-heyeti-aspa-da-bir-il-sesverme-huququndan-mehrum-edildi\\\/\"},\"wordCount\":983,\"publisher\":{\"@id\":\"https:\\\/\\\/www.meydan.tv\\\/az\\\/#organization\"},\"image\":{\"@id\":\"https:\\\/\\\/www.meydan.tv\\\/az\\\/article\\\/azerbaycan-numayende-heyeti-aspa-da-bir-il-sesverme-huququndan-mehrum-edildi\\\/#primaryimage\"},\"thumbnailUrl\":\"https:\\\/\\\/www.meydan.tv\\\/wp-content\\\/uploads\\\/shutterstock_1071698609.jpg\",\"articleSection\":[\"Siyas\u0259t\",\"T\u00f6vsiy\u0259\",\"X\u0259b\u0259rl\u0259r\"],\"inLanguage\":\"az\"},{\"@type\":\"WebPage\",\"@id\":\"https:\\\/\\\/www.meydan.tv\\\/az\\\/article\\\/azerbaycan-numayende-heyeti-aspa-da-bir-il-sesverme-huququndan-mehrum-edildi\\\/\",\"url\":\"https:\\\/\\\/www.meydan.tv\\\/az\\\/article\\\/azerbaycan-numayende-heyeti-aspa-da-bir-il-sesverme-huququndan-mehrum-edildi\\\/\",\"name\":\"Az\u0259rbaycan n\u00fcmay\u0259nd\u0259 hey\u0259ti A\u015ePA-da bir il s\u0259sverm\u0259 h\u00fcququndan m\u0259hrum edildi - MEYDAN.TV\",\"isPartOf\":{\"@id\":\"https:\\\/\\\/www.meydan.tv\\\/az\\\/#website\"},\"primaryImageOfPage\":{\"@id\":\"https:\\\/\\\/www.meydan.tv\\\/az\\\/article\\\/azerbaycan-numayende-heyeti-aspa-da-bir-il-sesverme-huququndan-mehrum-edildi\\\/#primaryimage\"},\"image\":{\"@id\":\"https:\\\/\\\/www.meydan.tv\\\/az\\\/article\\\/azerbaycan-numayende-heyeti-aspa-da-bir-il-sesverme-huququndan-mehrum-edildi\\\/#primaryimage\"},\"thumbnailUrl\":\"https:\\\/\\\/www.meydan.tv\\\/wp-content\\\/uploads\\\/shutterstock_1071698609.jpg\",\"datePublished\":\"2024-01-24T21:21:44+00:00\",\"dateModified\":\"2024-01-24T21:30:38+00:00\",\"breadcrumb\":{\"@id\":\"https:\\\/\\\/www.meydan.tv\\\/az\\\/article\\\/azerbaycan-numayende-heyeti-aspa-da-bir-il-sesverme-huququndan-mehrum-edildi\\\/#breadcrumb\"},\"inLanguage\":\"az\",\"potentialAction\":[{\"@type\":\"ReadAction\",\"target\":[\"https:\\\/\\\/www.meydan.tv\\\/az\\\/article\\\/azerbaycan-numayende-heyeti-aspa-da-bir-il-sesverme-huququndan-mehrum-edildi\\\/\"]}]},{\"@type\":\"ImageObject\",\"inLanguage\":\"az\",\"@id\":\"https:\\\/\\\/www.meydan.tv\\\/az\\\/article\\\/azerbaycan-numayende-heyeti-aspa-da-bir-il-sesverme-huququndan-mehrum-edildi\\\/#primaryimage\",\"url\":\"https:\\\/\\\/www.meydan.tv\\\/wp-content\\\/uploads\\\/shutterstock_1071698609.jpg\",\"contentUrl\":\"https:\\\/\\\/www.meydan.tv\\\/wp-content\\\/uploads\\\/shutterstock_1071698609.jpg\",\"width\":1200,\"height\":530,\"caption\":\"Avropa \u015euras\u0131 Parlament Assambleyas\u0131. Foto: Leonid Andronov\\\/shutterstock\"},{\"@type\":\"BreadcrumbList\",\"@id\":\"https:\\\/\\\/www.meydan.tv\\\/az\\\/article\\\/azerbaycan-numayende-heyeti-aspa-da-bir-il-sesverme-huququndan-mehrum-edildi\\\/#breadcrumb\",\"itemListElement\":[{\"@type\":\"ListItem\",\"position\":1,\"name\":\"Ana s\u0259hif\u0259\",\"item\":\"https:\\\/\\\/www.meydan.tv\\\/az\\\/\"},{\"@type\":\"ListItem\",\"position\":2,\"name\":\"Siyas\u0259t\",\"item\":\"https:\\\/\\\/www.meydan.tv\\\/az\\\/section\\\/siyaset\\\/\"},{\"@type\":\"ListItem\",\"position\":3,\"name\":\"Az\u0259rbaycan n\u00fcmay\u0259nd\u0259 hey\u0259ti A\u015ePA-da bir il s\u0259sverm\u0259 h\u00fcququndan m\u0259hrum edildi\"}]},{\"@type\":\"WebSite\",\"@id\":\"https:\\\/\\\/www.meydan.tv\\\/az\\\/#website\",\"url\":\"https:\\\/\\\/www.meydan.tv\\\/az\\\/\",\"name\":\"MEYDAN.TV\",\"description\":\"Meydan TV Az\u0259rbaycan\u0131n media m\u0259kan\u0131ndak\u0131 alternativ s\u0259sidir\",\"publisher\":{\"@id\":\"https:\\\/\\\/www.meydan.tv\\\/az\\\/#organization\"},\"potentialAction\":[{\"@type\":\"SearchAction\",\"target\":{\"@type\":\"EntryPoint\",\"urlTemplate\":\"https:\\\/\\\/www.meydan.tv\\\/az\\\/?s={search_term_string}\"},\"query-input\":{\"@type\":\"PropertyValueSpecification\",\"valueRequired\":true,\"valueName\":\"search_term_string\"}}],\"inLanguage\":\"az\"},{\"@type\":\"Organization\",\"@id\":\"https:\\\/\\\/www.meydan.tv\\\/az\\\/#organization\",\"name\":\"Meydan TV\",\"url\":\"https:\\\/\\\/www.meydan.tv\\\/az\\\/\",\"logo\":{\"@type\":\"ImageObject\",\"inLanguage\":\"az\",\"@id\":\"https:\\\/\\\/www.meydan.tv\\\/az\\\/#\\\/schema\\\/logo\\\/image\\\/\",\"url\":\"https:\\\/\\\/www.meydan.tv\\\/wp-content\\\/uploads\\\/2021\\\/07\\\/meydan-logo.svg\",\"contentUrl\":\"https:\\\/\\\/www.meydan.tv\\\/wp-content\\\/uploads\\\/2021\\\/07\\\/meydan-logo.svg\",\"width\":195,\"height\":46,\"caption\":\"Meydan TV\"},\"image\":{\"@id\":\"https:\\\/\\\/www.meydan.tv\\\/az\\\/#\\\/schema\\\/logo\\\/image\\\/\"}},{\"@type\":\"Person\",\"@id\":\"https:\\\/\\\/www.meydan.tv\\\/az\\\/#\\\/schema\\\/person\\\/f5399057f0b7fa223fa6c9b7c3321968\",\"name\":\"meri\"}]}<\/script>\n<!-- \/ Yoast SEO plugin. -->","yoast_head_json":{"title":"Az\u0259rbaycan n\u00fcmay\u0259nd\u0259 hey\u0259ti A\u015ePA-da bir il s\u0259sverm\u0259 h\u00fcququndan m\u0259hrum edildi - MEYDAN.TV","robots":{"index":"index","follow":"follow","max-snippet":"max-snippet:-1","max-image-preview":"max-image-preview:large","max-video-preview":"max-video-preview:-1"},"canonical":"https:\/\/www.meydan.tv\/az\/article\/azerbaycan-numayende-heyeti-aspa-da-bir-il-sesverme-huququndan-mehrum-edildi\/","og_locale":"az_AZ","og_type":"article","og_title":"Az\u0259rbaycan n\u00fcmay\u0259nd\u0259 hey\u0259ti A\u015ePA-da bir il s\u0259sverm\u0259 h\u00fcququndan m\u0259hrum edildi - MEYDAN.TV","og_description":"\u201cBiz se\u00e7ki \u0259r\u0259f\u0259sind\u0259yik v\u0259 n\u0259tic\u0259ni art\u0131q ham\u0131 bilir\u201d \u201cDem\u0259li, bizim ... Davam\u0131","og_url":"https:\/\/www.meydan.tv\/az\/article\/azerbaycan-numayende-heyeti-aspa-da-bir-il-sesverme-huququndan-mehrum-edildi\/","og_site_name":"MEYDAN.TV","article_published_time":"2024-01-24T21:21:44+00:00","article_modified_time":"2024-01-24T21:30:38+00:00","og_image":[{"width":1200,"height":530,"url":"https:\/\/www.meydan.tv\/wp-content\/uploads\/shutterstock_1071698609.jpg","type":"image\/jpeg"}],"author":"meri","twitter_card":"summary_large_image","schema":{"@context":"https:\/\/schema.org","@graph":[{"@type":"Article","@id":"https:\/\/www.meydan.tv\/az\/article\/azerbaycan-numayende-heyeti-aspa-da-bir-il-sesverme-huququndan-mehrum-edildi\/#article","isPartOf":{"@id":"https:\/\/www.meydan.tv\/az\/article\/azerbaycan-numayende-heyeti-aspa-da-bir-il-sesverme-huququndan-mehrum-edildi\/"},"author":{"name":"meri","@id":"https:\/\/www.meydan.tv\/az\/#\/schema\/person\/f5399057f0b7fa223fa6c9b7c3321968"},"headline":"Az\u0259rbaycan n\u00fcmay\u0259nd\u0259 hey\u0259ti A\u015ePA-da bir il s\u0259sverm\u0259 h\u00fcququndan m\u0259hrum edildi","datePublished":"2024-01-24T21:21:44+00:00","dateModified":"2024-01-24T21:30:38+00:00","mainEntityOfPage":{"@id":"https:\/\/www.meydan.tv\/az\/article\/azerbaycan-numayende-heyeti-aspa-da-bir-il-sesverme-huququndan-mehrum-edildi\/"},"wordCount":983,"publisher":{"@id":"https:\/\/www.meydan.tv\/az\/#organization"},"image":{"@id":"https:\/\/www.meydan.tv\/az\/article\/azerbaycan-numayende-heyeti-aspa-da-bir-il-sesverme-huququndan-mehrum-edildi\/#primaryimage"},"thumbnailUrl":"https:\/\/www.meydan.tv\/wp-content\/uploads\/shutterstock_1071698609.jpg","articleSection":["Siyas\u0259t","T\u00f6vsiy\u0259","X\u0259b\u0259rl\u0259r"],"inLanguage":"az"},{"@type":"WebPage","@id":"https:\/\/www.meydan.tv\/az\/article\/azerbaycan-numayende-heyeti-aspa-da-bir-il-sesverme-huququndan-mehrum-edildi\/","url":"https:\/\/www.meydan.tv\/az\/article\/azerbaycan-numayende-heyeti-aspa-da-bir-il-sesverme-huququndan-mehrum-edildi\/","name":"Az\u0259rbaycan n\u00fcmay\u0259nd\u0259 hey\u0259ti A\u015ePA-da bir il s\u0259sverm\u0259 h\u00fcququndan m\u0259hrum edildi - MEYDAN.TV","isPartOf":{"@id":"https:\/\/www.meydan.tv\/az\/#website"},"primaryImageOfPage":{"@id":"https:\/\/www.meydan.tv\/az\/article\/azerbaycan-numayende-heyeti-aspa-da-bir-il-sesverme-huququndan-mehrum-edildi\/#primaryimage"},"image":{"@id":"https:\/\/www.meydan.tv\/az\/article\/azerbaycan-numayende-heyeti-aspa-da-bir-il-sesverme-huququndan-mehrum-edildi\/#primaryimage"},"thumbnailUrl":"https:\/\/www.meydan.tv\/wp-content\/uploads\/shutterstock_1071698609.jpg","datePublished":"2024-01-24T21:21:44+00:00","dateModified":"2024-01-24T21:30:38+00:00","breadcrumb":{"@id":"https:\/\/www.meydan.tv\/az\/article\/azerbaycan-numayende-heyeti-aspa-da-bir-il-sesverme-huququndan-mehrum-edildi\/#breadcrumb"},"inLanguage":"az","potentialAction":[{"@type":"ReadAction","target":["https:\/\/www.meydan.tv\/az\/article\/azerbaycan-numayende-heyeti-aspa-da-bir-il-sesverme-huququndan-mehrum-edildi\/"]}]},{"@type":"ImageObject","inLanguage":"az","@id":"https:\/\/www.meydan.tv\/az\/article\/azerbaycan-numayende-heyeti-aspa-da-bir-il-sesverme-huququndan-mehrum-edildi\/#primaryimage","url":"https:\/\/www.meydan.tv\/wp-content\/uploads\/shutterstock_1071698609.jpg","contentUrl":"https:\/\/www.meydan.tv\/wp-content\/uploads\/shutterstock_1071698609.jpg","width":1200,"height":530,"caption":"Avropa \u015euras\u0131 Parlament Assambleyas\u0131. Foto: Leonid Andronov\/shutterstock"},{"@type":"BreadcrumbList","@id":"https:\/\/www.meydan.tv\/az\/article\/azerbaycan-numayende-heyeti-aspa-da-bir-il-sesverme-huququndan-mehrum-edildi\/#breadcrumb","itemListElement":[{"@type":"ListItem","position":1,"name":"Ana s\u0259hif\u0259","item":"https:\/\/www.meydan.tv\/az\/"},{"@type":"ListItem","position":2,"name":"Siyas\u0259t","item":"https:\/\/www.meydan.tv\/az\/section\/siyaset\/"},{"@type":"ListItem","position":3,"name":"Az\u0259rbaycan n\u00fcmay\u0259nd\u0259 hey\u0259ti A\u015ePA-da bir il s\u0259sverm\u0259 h\u00fcququndan m\u0259hrum edildi"}]},{"@type":"WebSite","@id":"https:\/\/www.meydan.tv\/az\/#website","url":"https:\/\/www.meydan.tv\/az\/","name":"MEYDAN.TV","description":"Meydan TV Az\u0259rbaycan\u0131n media m\u0259kan\u0131ndak\u0131 alternativ s\u0259sidir","publisher":{"@id":"https:\/\/www.meydan.tv\/az\/#organization"},"potentialAction":[{"@type":"SearchAction","target":{"@type":"EntryPoint","urlTemplate":"https:\/\/www.meydan.tv\/az\/?s={search_term_string}"},"query-input":{"@type":"PropertyValueSpecification","valueRequired":true,"valueName":"search_term_string"}}],"inLanguage":"az"},{"@type":"Organization","@id":"https:\/\/www.meydan.tv\/az\/#organization","name":"Meydan TV","url":"https:\/\/www.meydan.tv\/az\/","logo":{"@type":"ImageObject","inLanguage":"az","@id":"https:\/\/www.meydan.tv\/az\/#\/schema\/logo\/image\/","url":"https:\/\/www.meydan.tv\/wp-content\/uploads\/2021\/07\/meydan-logo.svg","contentUrl":"https:\/\/www.meydan.tv\/wp-content\/uploads\/2021\/07\/meydan-logo.svg","width":195,"height":46,"caption":"Meydan TV"},"image":{"@id":"https:\/\/www.meydan.tv\/az\/#\/schema\/logo\/image\/"}},{"@type":"Person","@id":"https:\/\/www.meydan.tv\/az\/#\/schema\/person\/f5399057f0b7fa223fa6c9b7c3321968","name":"meri"}]}},"_links":{"self":[{"href":"https:\/\/www.meydan.tv\/az\/wp-json\/wp\/v2\/posts\/296078","targetHints":{"allow":["GET"]}}],"collection":[{"href":"https:\/\/www.meydan.tv\/az\/wp-json\/wp\/v2\/posts"}],"about":[{"href":"https:\/\/www.meydan.tv\/az\/wp-json\/wp\/v2\/types\/post"}],"author":[{"embeddable":true,"href":"https:\/\/www.meydan.tv\/az\/wp-json\/wp\/v2\/users\/13"}],"replies":[{"embeddable":true,"href":"https:\/\/www.meydan.tv\/az\/wp-json\/wp\/v2\/comments?post=296078"}],"version-history":[{"count":4,"href":"https:\/\/www.meydan.tv\/az\/wp-json\/wp\/v2\/posts\/296078\/revisions"}],"predecessor-version":[{"id":296083,"href":"https:\/\/www.meydan.tv\/az\/wp-json\/wp\/v2\/posts\/296078\/revisions\/296083"}],"wp:featuredmedia":[{"embeddable":true,"href":"https:\/\/www.meydan.tv\/az\/wp-json\/wp\/v2\/media\/237899"}],"wp:attachment":[{"href":"https:\/\/www.meydan.tv\/az\/wp-json\/wp\/v2\/media?parent=296078"}],"wp:term":[{"taxonomy":"category","embeddable":true,"href":"https:\/\/www.meydan.tv\/az\/wp-json\/wp\/v2\/categories?post=296078"},{"taxonomy":"post_tag","embeddable":true,"href":"https:\/\/www.meydan.tv\/az\/wp-json\/wp\/v2\/tags?post=296078"}],"curies":[{"name":"wp","href":"https:\/\/api.w.org\/{rel}","templated":true}]}}