{"id":296056,"date":"2024-01-24T19:45:50","date_gmt":"2024-01-24T15:45:50","guid":{"rendered":"https:\/\/www.meydan.tv\/?p=296056"},"modified":"2024-01-24T19:45:56","modified_gmt":"2024-01-24T15:45:56","slug":"azerbaycan-hebsxanalarinda-menzere-15-gunde-6-mehbus-olumu","status":"publish","type":"post","link":"https:\/\/www.meydan.tv\/az\/article\/azerbaycan-hebsxanalarinda-menzere-15-gunde-6-mehbus-olumu\/","title":{"rendered":"Az\u0259rbaycan h\u0259bsxanalar\u0131nda m\u0259nz\u0259r\u0259: 15 g\u00fcnd\u0259 6 m\u0259hbus \u00f6l\u00fcm\u00fc"},"content":{"rendered":"\n<p><\/p>\n\n\n\n<p><strong><em>H\u00fcquq m\u00fcdafi\u0259\u00e7il\u0259ri c\u0259za\u00e7\u0259km\u0259 m\u00fc\u0259ssis\u0259l\u0259rind\u0259 monitorinql\u0259r\u0259 icaz\u0259 verilm\u0259diyini deyirl\u0259r<\/em><\/strong><\/p>\n\n\n\n<p>Yanvar ay\u0131 ba\u015flayandan ilk 15 g\u00fcn \u0259rzind\u0259 Bak\u0131da yerl\u0259\u015f\u0259n c\u0259za\u00e7\u0259km\u0259 m\u00fc\u0259ssis\u0259l\u0259rind\u0259 m\u00fcxt\u0259lif vaxtlarda 6 dusta\u011f\u0131n \u00f6ld\u00fcy\u00fc bildirilir.<\/p>\n\n\n\n<p>Yanvar\u0131n 3-d\u0259 Elmar <a href=\"https:\/\/lent.az\/xeber\/hadise\/baki-hebsxanasinda-daha-bir-mehkum-oldu-40595235\">Musayev<\/a>, 6-da Kamil <a href=\"https:\/\/lent.az\/xeber\/hadise\/kamil-nezerli-hebsxanada-oldu-40595413\">N\u0259z\u0259rli<\/a>, 7-d\u0259 Fikr\u0259t H\u0259bibov, 8-d\u0259 K\u0259r\u0259m<a href=\"https:\/\/lent.az\/xeber\/hadise\/kerem-movsumov-hebsde-oldu-40595581\"> M\u00f6vs\u00fcmov<\/a>, 12-d\u0259 Q\u00fcdr\u0259t <a href=\"https:\/\/lent.az\/xeber\/hadise\/baki-hebsxanasinda-daha-bir-mehkum-oldu-40595981\">Abdullayev<\/a>, 15-d\u0259 is\u0259 Qurban <a href=\"https:\/\/lent.az\/index.php\/xeber\/hadise\/bakida-mehkum-hebsxanada-oldu-40596189\">R\u0259c\u0259bov<\/a> v\u0259fat edib.<\/p>\n\n\n\n<p>Yerli m\u0259tbuatda m\u00fcxt\u0259lif c\u0259za\u00e7\u0259km\u0259 m\u00fc\u0259ssis\u0259l\u0259rind\u0259 v\u0259fat ed\u0259n m\u0259hbuslar\u0131n x\u0259st\u0259likd\u0259n \u00f6ld\u00fcy\u00fc qeyd edilir, amma detallar tam a\u00e7\u0131qlanm\u0131r.<\/p>\n\n\n\n<p>Bu da s\u0259b\u0259bsiz deyil, \u00e7\u00fcnki Az\u0259rbaycanda c\u0259za\u00e7\u0259km\u0259 m\u00fc\u0259ssis\u0259l\u0259ri ictimaiyy\u0259t\u0259 qapal\u0131 qurumlard\u0131r. Onlar\u0131n \u015f\u0259ffafl\u0131\u011f\u0131 v\u0259 monitorinql\u0259rin apar\u0131lmas\u0131 zaman-zaman m\u00fczakir\u0259y\u0259 \u00e7\u0131xar\u0131lsa da, ciddi n\u0259tic\u0259 \u0259ld\u0259 edilm\u0259yib.<\/p>\n\n\n\n<p><strong>Penitensiar Xidm\u0259t susur&#8230;<\/strong><\/p>\n\n\n\n<p>R\u0259smi qurumlar da bu bar\u0259d\u0259 m\u0259lumatlar\u0131 qapal\u0131 saxlama\u011fa \u00fcst\u00fcnl\u00fck verirl\u0259r. El\u0259 bu s\u0259b\u0259bd\u0259n d\u0259 \u018fdliyy\u0259 Nazirliyinin Penitensiar Xidm\u0259ti m\u0259hbuslar\u0131n hans\u0131 s\u0259b\u0259bd\u0259n v\u0259fat etm\u0259si il\u0259 ba\u011fl\u0131 Meydan TV-nin sor\u011fusuna cavab verm\u0259yib.<\/p>\n\n\n\n<p><strong>B\u0259s ictimai t\u0259\u015fkilatlar c\u0259za\u00e7\u0259km\u0259 m\u00fc\u0259ssis\u0259l\u0259rind\u0259ki v\u0259ziyy\u0259tl\u0259 ba\u011fl\u0131 n\u0259 d\u00fc\u015f\u00fcn\u00fcrl\u0259r?<\/strong><\/p>\n\n\n\n<p>\u0130\u015fg\u0259nc\u0259l\u0259r \u018fleyhin\u0259 Ara\u015fd\u0131rmalar M\u0259rk\u0259zinin s\u0259dri Fikr\u0259t C\u0259f\u0259rli Meydan TV-y\u0259 deyir ki, c\u0259za\u00e7\u0259km\u0259 m\u00fc\u0259ssis\u0259l\u0259rind\u0259 ba\u015f ver\u0259n qanunsuzluqlara ba\u011fl\u0131 onlara tez-tez m\u00fcraci\u0259tl\u0259r edilir. Lakin monitorinq aparmaq \u00fc\u00e7\u00fcn c\u0259za\u00e7\u0259km\u0259 m\u00fc\u0259ssis\u0259l\u0259rin\u0259 burax\u0131lm\u0131rlar:<\/p>\n\n\n<div class=\"wp-block-image\">\n<figure class=\"alignleft size-full is-resized\"><img decoding=\"async\" width=\"1200\" height=\"781\" data-src=\"https:\/\/www.meydan.tv\/wp-content\/uploads\/11187415_1630223343867755_7953691040678598301_o.jpg\" alt=\"\" class=\"wp-image-296057 lazyload\" style=\"--smush-placeholder-width: 1200px; --smush-placeholder-aspect-ratio: 1200\/781;width:420px;height:auto\" src=\"data:image\/svg+xml;base64,PHN2ZyB3aWR0aD0iMSIgaGVpZ2h0PSIxIiB4bWxucz0iaHR0cDovL3d3dy53My5vcmcvMjAwMC9zdmciPjwvc3ZnPg==\" \/><figcaption class=\"wp-element-caption\">Foto: Fikr\u0259t C\u0259f\u0259rlinin \u015f\u0259xsi arxivind\u0259n<\/figcaption><\/figure>\n<\/div>\n\n\n<p><em>\u201cC\u0259za\u00e7\u0259km\u0259 m\u00fc\u0259ssis\u0259l\u0259rind\u0259 a\u011f\u0131r prosesl\u0259r ba\u015f verir. Biz\u0259 qeyri-r\u0259smi kanallardan kifay\u0259t q\u0259d\u0259r ciddi m\u0259lumatlar daxil olur ki, orada i\u015fg\u0259nc\u0259, h\u0259tta zorlanma hallar\u0131 g\u00fcnd\u0259n-g\u00fcn\u0259 art\u0131r. H\u0259tta z\u0259r\u0259r\u00e7\u0259k\u0259nl\u0259r \u00f6zl\u0259ri d\u0259 aidiyy\u0259ti qurumlar\u0131n t\u0259dbir g\u00f6rm\u0259si il\u0259 \u0259laq\u0259dar biz\u0259 m\u00fcraci\u0259t edirl\u0259r. Lakin \u015f\u0259xsiyy\u0259tin al\u00e7ald\u0131lmas\u0131 il\u0259 ba\u011fl\u0131 olan m\u0259s\u0259l\u0259l\u0259rd\u0259n dolay\u0131 ictimail\u0259\u015fdirm\u0259kd\u0259n \u00e7\u0259kinirl\u0259r\u201d.<\/em><\/p>\n\n\n\n<p><strong>&#8220;M\u0259hbuslarla g\u00f6r\u00fc\u015f\u0259 imkan vermirl\u0259r&#8221;<\/strong><\/p>\n\n\n\n<p>M\u0259rk\u0259z s\u0259dri qeyd edir ki, d\u0259f\u0259l\u0259rl\u0259 m\u0259hbuslarla g\u00f6r\u00fc\u015fm\u0259k ist\u0259yibl\u0259r, amma r\u0259dd cavab\u0131 al\u0131blar:<\/p>\n\n\n\n<p><em>\u201cT\u0259\u0259ss\u00fcfl\u0259r olsun ki, biz\u0259 \u015fikay\u0259t daxil olan c\u0259za\u00e7\u0259km\u0259 m\u00fc\u0259ssis\u0259l\u0259rind\u0259 monitorinq aparma\u011fa imkan vermirl\u0259r. D\u0259f\u0259l\u0259rl\u0259 m\u00fcraci\u0259t ets\u0259k d\u0259, m\u00fcsb\u0259t n\u0259tic\u0259si olmur. Yanvar\u0131n 13-da bizim s\u0259dr m\u00fcavini 12-ci c\u0259za\u00e7\u0259km\u0259 m\u00fc\u0259ssis\u0259sin\u0259 getmi\u015fdi. Oradan m\u00fcraci\u0259t var idi. M\u0259hbusla m\u00fcraci\u0259t \u0259sas\u0131nda g\u00f6r\u00fc\u015fm\u0259k ist\u0259dik. M\u00fcavin\u0259 m\u00fcraci\u0259t ed\u0259n m\u0259hbusla g\u00f6r\u00fc\u015f\u00fcn\u0259 imkan verm\u0259dil\u0259r\u201d.<\/em><\/p>\n\n\n\n<p><strong><em>&#8220;<\/em>M\u0259nd\u0259 olan m\u0259lumata g\u00f6r\u0259, kifay\u0259t q\u0259d\u0259r d\u0259yi\u015fiklikl\u0259r var&#8221;<\/strong><\/p>\n\n\n\n<p>\u201cM\u00fcdafi\u0259 X\u0259tti\u201d h\u00fcquq m\u00fcdafi\u0259 t\u0259\u015fkilat\u0131n\u0131n icra\u00e7\u0131 direktoru R\u00fcf\u0259t S\u0259f\u0259rov yanvar ay\u0131 \u0259rzind\u0259 h\u0259yat\u0131n\u0131 itir\u0259n m\u0259hbuslarla ba\u011fl\u0131 m\u0259lumatl\u0131 oldu\u011funu deyir.<\/p>\n\n\n\n<p>O t\u0259\u0259ss\u00fcfl\u0259 qeyd edir ki, h\u0259l\u0259 d\u0259 v\u0259fat ed\u0259n m\u0259hbuslar\u0131n ail\u0259 \u00fczvl\u0259ri il\u0259 \u0259laq\u0259 saxlaya bilm\u0259yibl\u0259r:<\/p>\n\n\n\n<p>\u201c<em>2019-cu il\u0259 q\u0259d\u0259r m\u0259n h\u0259bsd\u0259 oldu\u011fum m\u00fcdd\u0259td\u0259 he\u00e7 bir x\u0259st\u0259liyi, sa\u011flaml\u0131\u011f\u0131nda he\u00e7 bir problemi olmayan m\u0259hkumlar pulun, hans\u0131sa maddi nem\u0259tin m\u00fcqabilind\u0259 m\u00fcalic\u0259 m\u00fc\u0259ssis\u0259l\u0259rin\u0259 k\u00f6\u00e7\u00fcr\u00fcl\u00fcrd\u00fcl\u0259r. Bununla da c\u0259zalar\u0131n\u0131 h\u0259bsxanalardan k\u0259narda \u00e7\u0259kirdil\u0259r. Amma indi informasiyalar bundan ibar\u0259tdir ki, Penitensiar Xidm\u0259td\u0259 r\u0259hb\u0259rlik d\u0259yi\u015fdiyi \u00fc\u00e7\u00fcn \u0259vv\u0259lki i\u015f mexanizmi, yana\u015fma t\u0259rzi yoxdur. M\u0259nd\u0259 olan m\u0259lumata g\u00f6r\u0259, kifay\u0259t q\u0259d\u0259r d\u0259yi\u015fiklikl\u0259r var\u201d.<\/em><\/p>\n\n\n<div class=\"wp-block-image\">\n<figure class=\"alignright size-full is-resized\"><img decoding=\"async\" data-src=\"https:\/\/www.meydan.tv\/wp-content\/uploads\/330290214_139926548704199_7269089420772270100_n.jpg\" alt=\"\" class=\"wp-image-289571 lazyload\" style=\"--smush-placeholder-width: 1200px; --smush-placeholder-aspect-ratio: 1200\/800;width:426px;height:auto\" src=\"data:image\/svg+xml;base64,PHN2ZyB3aWR0aD0iMSIgaGVpZ2h0PSIxIiB4bWxucz0iaHR0cDovL3d3dy53My5vcmcvMjAwMC9zdmciPjwvc3ZnPg==\" \/><figcaption class=\"wp-element-caption\">Foto: R\u00fcf\u0259t S\u0259f\u0259rovun \u015f\u0259xsi arxivind\u0259n<\/figcaption><\/figure>\n<\/div>\n\n\n<p>R\u00fcf\u0259t S\u0259f\u0259rov deyir ki, amma b\u00fct\u00f6vl\u00fckd\u0259 bu prosesl\u0259r h\u00fcquq m\u00fcdafi\u0259\u00e7il\u0259rini qane etmir:<\/p>\n\n\n\n<p>&#8220;<em>\u00c7\u00fcnki faktiki olaraq, Az\u0259rbaycanda c\u0259zan\u0131n m\u0259qs\u0259dl\u0259rini nail olma problemi, m\u0259s\u0259l\u0259n &#8211; sosial \u0259dal\u0259tin b\u0259rpas\u0131, m\u0259hkumlar\u0131n yenid\u0259n cinay\u0259t t\u00f6r\u0259tm\u0259sinin qar\u015f\u0131s\u0131n\u0131n al\u0131nmas\u0131 il\u0259 ba\u011fl\u0131 t\u0259dbirl\u0259r g\u00f6r\u00fclm\u0259si kimi m\u0259s\u0259l\u0259l\u0259r var. C\u0259za\u00e7\u0259km\u0259 m\u00fc\u0259ssis\u0259l\u0259rind\u0259 a\u011f\u0131r v\u0259 dig\u0259r d\u0259r\u0259c\u0259li x\u0259st\u0259likl\u0259rd\u0259n zaman-zaman h\u0259yat\u0131n\u0131 itir\u0259n \u015f\u0259xsl\u0259r olub, bu g\u00fcn d\u0259 var. Bu da onunla \u0259laq\u0259dard\u0131r ki, ilk n\u00f6vb\u0259d\u0259 ixtisasla\u015fm\u0131\u015f h\u0259kiml\u0259r yoxdur&#8221;.<\/em><\/p>\n\n\n\n<p>&#8220;<em>M\u0259nd\u0259 olan m\u0259lumata g\u00f6r\u0259, m\u00fcalic\u0259 m\u00fc\u0259ssis\u0259l\u0259rind\u0259 m\u00fcasir tibbi avadanl\u0131qlar\u0131n olmamas\u0131, \u0259m\u0259liyyatlar\u0131n h\u0259yata ke\u00e7irilm\u0259si \u00fc\u00e7\u00fcn tibbi avadanl\u0131qlar\u0131n yet\u0259rli olmamas\u0131 da problemdir. M\u00fclki klinikalara \u00e7ox nadir hallarda etap olunurlar. Bunun \u00fc\u00e7\u00fcn d\u0259 imkanl\u0131 m\u0259hkumlar olmal\u0131d\u0131rlar. H\u0259min m\u0259hkumlar \u00f6z hesablar\u0131na klinikada m\u00fcalic\u0259 olunurlar, o da h\u0259l\u0259 etap olunsalar&#8221;, &#8211;<\/em> dey\u0259 o qeyd edib.<\/p>\n\n\n<div class=\"wp-block-image\">\n<figure class=\"aligncenter size-large\"><img decoding=\"async\" width=\"1200\" height=\"548\" data-src=\"https:\/\/www.meydan.tv\/wp-content\/uploads\/penitensiar-1200x548.jpg\" alt=\"\" class=\"wp-image-229713 lazyload\" src=\"data:image\/svg+xml;base64,PHN2ZyB3aWR0aD0iMSIgaGVpZ2h0PSIxIiB4bWxucz0iaHR0cDovL3d3dy53My5vcmcvMjAwMC9zdmciPjwvc3ZnPg==\" style=\"--smush-placeholder-width: 1200px; --smush-placeholder-aspect-ratio: 1200\/548;\" \/><figcaption class=\"wp-element-caption\">Penitensiar Xidm\u0259t, Foto: https:\/\/justice.gov.az\/<\/figcaption><\/figure>\n<\/div>\n\n\n<p>Amma h\u00fcquq m\u00fcdafi\u0259\u00e7isi son zamanlar b\u0259zi m\u00fcsb\u0259t d\u0259yi\u015fiklikl\u0259rin d\u0259 oldu\u011funu deyir:<\/p>\n\n\n\n<p><em>&#8220;Bu g\u00fcn \u018fdliyy\u0259 Nazirliyinin Penitensiar Xidm\u0259ti f\u0259aliyy\u0259t g\u00f6st\u0259rir. Amma m\u0259hbuslar\u0131n, dustaqlar\u0131n zaman-zaman s\u00f6yl\u0259dik\u0259ri budur ki, tibbi xidm\u0259t keyfiyy\u0259tli v\u0259 q\u0259na\u0259tb\u0259x\u015f deyil. Bunun \u00fc\u00e7\u00fcn d\u0259 texniki, tibbi avadanl\u0131qlar yet\u0259rli deyil. \u018fdal\u0259t namin\u0259 qeyd edim ki, h\u0259tta siyasi v\u0259 vicdan m\u0259hbuslar\u0131n\u0131n ail\u0259l\u0259ri, h\u0259bsd\u0259 olan dindar ail\u0259l\u0259ri bel\u0259 qeyd edirl\u0259r ki, yeni r\u0259hb\u0259rliyin d\u00f6vr\u00fcnd\u0259 bir \u00e7ox sah\u0259l\u0259rd\u0259 bu istiqam\u0259td\u0259 m\u00fcsb\u0259t d\u0259yi\u015fiklikl\u0259r n\u0259z\u0259r\u0259 \u00e7arp\u0131b<\/em>&#8220;.<\/p>\n\n\n\n<p><strong>&#8220;V\u0259kili oldu\u011fum m\u0259hbuslar\u0131n ciddi x\u0259st\u0259likl\u0259ri var&#8221;<\/strong><\/p>\n\n\n\n<p>V\u0259kil Zibeyd\u0259 Sad\u0131qova deyir ki, \u00e7\u0259za\u00e7\u0259km\u0259 m\u00fc\u0259ssis\u0259l\u0259rind\u0259 x\u0259st\u0259likl\u0259rin vaxt\u0131nda a\u015fkarlanmas\u0131 istiqam\u0259tind\u0259 he\u00e7 bir i\u015fl\u0259r g\u00f6r\u00fclm\u00fcr:<\/p>\n\n\n\n<p><em>&#8220;Bu adamlar h\u0259bsd\u0259dirl\u0259r, c\u0259za \u00e7\u0259kirl\u0259r. \u018fslind\u0259 onlar c\u0259za m\u00fcdd\u0259tind\u0259 davaml\u0131 olaraq tibbi m\u00fcayin\u0259d\u0259n ke\u00e7m\u0259lidirl\u0259r. \u0130ki-\u00fc\u00e7 aydan bir &#8220;check-up&#8221; m\u00fcayin\u0259 olunmal\u0131d\u0131rlar v\u0259 onlara deyilm\u0259lidir ki, s\u0259nd\u0259 hans\u0131 x\u0259st\u0259lik var, hans\u0131 x\u0259st\u0259lik yaran\u0131r, m\u00fcalic\u0259 olunmal\u0131san. Bu ba\u015f verm\u0259diyin\u0259 g\u00f6r\u0259, adamlar c\u0259za\u00e7\u0259km\u0259 m\u00fcdd\u0259tind\u0259 guya x\u0259st\u0259likd\u0259n \u00f6l\u00fcrl\u0259r&#8221;.<\/em><\/p>\n\n\n\n<p>Sad\u0131qova haz\u0131rda v\u0259kili oldu\u011fu m\u0259hbuslar\u0131n da bir \u00e7oxunun s\u0259hh\u0259tind\u0259 ciddi probleml\u0259rin oldu\u011funu deyir:<\/p>\n\n\n<div class=\"wp-block-image\">\n<figure class=\"alignleft size-full is-resized\"><img decoding=\"async\" width=\"1200\" height=\"800\" data-src=\"https:\/\/www.meydan.tv\/wp-content\/uploads\/untitled-design-4-92.jpg\" alt=\"\" class=\"wp-image-282885 lazyload\" style=\"--smush-placeholder-width: 1200px; --smush-placeholder-aspect-ratio: 1200\/800;width:383px;height:auto\" src=\"data:image\/svg+xml;base64,PHN2ZyB3aWR0aD0iMSIgaGVpZ2h0PSIxIiB4bWxucz0iaHR0cDovL3d3dy53My5vcmcvMjAwMC9zdmciPjwvc3ZnPg==\" \/><figcaption class=\"wp-element-caption\">Zibeyd\u0259 Sad\u0131qova. Foto: Meydan TV<\/figcaption><\/figure>\n<\/div>\n\n\n<p>&#8220;<em>V\u0259kili oldu\u011fum insanlar &#8211; Qubad \u0130bado\u011flu, Afi\u0259ddin M\u0259mm\u0259dov, Mirtofiq H\u00fcseynovun ciddi x\u0259st\u0259likl\u0259ri var. M\u0259n h\u0259r d\u0259f\u0259 yaz\u0131ram, amma he\u00e7 bir ciddi m\u00fcayin\u0259 v\u0259 m\u00fcalic\u0259 apar\u0131lm\u0131r. Sad\u0259c\u0259, qan analizi g\u00f6t\u00fcr\u00fcl\u00fcr, t\u0259zyiq yoxlan\u0131l\u0131r. Bununla da: \u201cM\u00fcayin\u0259 apar\u0131ld\u0131, tibbi yoxlan\u0131\u015fdan ke\u00e7di dey\u0259 yola verirl\u0259r.<\/em>&#8220;<\/p>\n\n\n\n<p><em>&#8220;\u0130ndi suallar yaran\u0131r: bu adamlar, h\u0259qiq\u0259t\u0259n d\u0259, x\u0259st\u0259dirl\u0259rs\u0259, bunlar\u0131n ail\u0259l\u0259rin\u0259 vaxt\u0131nda m\u0259lumat verilibmi? Yaxud da daha yax\u015f\u0131 yerl\u0259rd\u0259 m\u00fcalic\u0259 il\u0259 t\u0259min olunublarm\u0131? Yaxud da \u0259m\u0259liyyat laz\u0131md\u0131rsa, edilibmi? Yaxud da \u00f6l\u00fcmc\u00fcl x\u0259st\u0259 idil\u0259rs\u0259, n\u0259 \u00fc\u00e7\u00fcn onlar\u0131n vaxt\u0131ndan \u0259vv\u0259l azad olunmas\u0131 \u00fc\u00e7\u00fcn m\u00fcraci\u0259t edilm\u0259yib. \u00c7\u00fcnki ad\u0259t\u0259n bel\u0259 olanda c\u0259za\u00e7\u0259km\u0259 m\u00fc\u0259ssis\u0259l\u0259rind\u0259 r\u0259isl\u0259rin h\u00fcququ var ki, m\u0259hk\u0259m\u0259y\u0259 m\u00fcraci\u0259t etsinl\u0259r. G\u00f6r\u00fcn\u00fcr ki, he\u00e7 bi h\u0259r\u0259k\u0259t olmay\u0131b dey\u0259 bu adamlar c\u0259za\u00e7\u0259km\u0259 m\u00fc\u0259ssis\u0259l\u0259rind\u0259 \u00f6l\u00fcbl\u0259r&#8221;,<\/em> &#8211; dey\u0259 v\u0259kil sor\u011fulay\u0131r.<\/p>\n\n\n\n<p><strong>\u0130ctimai \u015euran\u0131n s\u0259dri s\u0259b\u0259bl\u0259ri a\u00e7\u0131qlay\u0131r, Ombudsman reaksiya vermir<\/strong><\/p>\n\n\n\n<p>\u018fdliyy\u0259 Nazirliyi yan\u0131nda \u0130ctimai \u015euran\u0131n s\u0259dri S\u0259ad\u0259t B\u0259n\u0259nyarl\u0131 Meydan TV-y\u0259 bildirib ki, h\u0259yatlar\u0131n\u0131 itir\u0259n m\u0259hbuslar\u0131n, dem\u0259k olar ki, \u00e7oxu onkoloji x\u0259st\u0259likd\u0259n v\u0259fat edib:<\/p>\n\n\n<div class=\"wp-block-image\">\n<figure class=\"alignright size-full is-resized\"><img decoding=\"async\" width=\"746\" height=\"480\" data-src=\"https:\/\/www.meydan.tv\/wp-content\/uploads\/bananyarli_1491483955.jpg\" alt=\"S\u0259ad\u0259t B\u0259n\u0259nyarl\u0131\" class=\"wp-image-145998 lazyload\" style=\"--smush-placeholder-width: 746px; --smush-placeholder-aspect-ratio: 746\/480;width:387px;height:auto\" src=\"data:image\/svg+xml;base64,PHN2ZyB3aWR0aD0iMSIgaGVpZ2h0PSIxIiB4bWxucz0iaHR0cDovL3d3dy53My5vcmcvMjAwMC9zdmciPjwvc3ZnPg==\" \/><figcaption class=\"wp-element-caption\">Foto: Meydan TV<\/figcaption><\/figure>\n<\/div>\n\n\n<p>\u201c<em>M\u0259n\u0259 veril\u0259n m\u0259lumata g\u00f6r\u0259, biri yenic\u0259 tutulubmu\u015f v\u0259 tutulark\u0259n h\u0259ddind\u0259n art\u0131q narkotik vasit\u0259 q\u0259bul edibmi\u015f. Bu s\u0259b\u0259bd\u0259n d\u0259 v\u0259fat edib\u201d.<\/em><\/p>\n\n\n\n<p><em>&#8220;Dig\u0259rl\u0259rinin is\u0259 m\u00fcxt\u0259lif x\u0259st\u0259likl\u0259ri olub. Onlar\u0131n ham\u0131s\u0131 uzun m\u00fcdd\u0259t h\u0259bsd\u0259 olan dustaqlar deyill\u0259r&#8221;, <\/em>&#8211; dey\u0259 S\u0259ad\u0259t B\u0259n\u0259nyarl\u0131 qeyd edib.<\/p>\n\n\n\n<p><\/p>\n\n\n\n<p>Penitensiar Xidm\u0259t h\u0259ddind\u0259n art\u0131q narkotik vasit\u0259 q\u0259bul ed\u0259n v\u0259 \u201cperedoz\u201d hal\u0131nda olan m\u0259hbusun niy\u0259 x\u0259st\u0259xanaya deyil, c\u0259za\u00e7\u0259km\u0259 m\u00fc\u0259ssis\u0259sin\u0259 etap olunmas\u0131 il\u0259 ba\u011fl\u0131 suala da cavab verm\u0259yib.<\/p>\n\n\n\n<p><\/p>\n","protected":false},"excerpt":{"rendered":"<p>H\u00fcquq m\u00fcdafi\u0259\u00e7il\u0259ri c\u0259za\u00e7\u0259km\u0259 m\u00fc\u0259ssis\u0259l\u0259rind\u0259 monitorinql\u0259r\u0259 icaz\u0259 verilm\u0259diyini deyirl\u0259r Yanvar ay\u0131 &#8230; <\/p>\n<p class=\"read-more-container\"><a title=\"Az\u0259rbaycan h\u0259bsxanalar\u0131nda m\u0259nz\u0259r\u0259: 15 g\u00fcnd\u0259 6 m\u0259hbus \u00f6l\u00fcm\u00fc\" class=\"read-more button\" href=\"https:\/\/www.meydan.tv\/az\/article\/azerbaycan-hebsxanalarinda-menzere-15-gunde-6-mehbus-olumu\/#more-296056\" aria-label=\"Read more about Az\u0259rbaycan h\u0259bsxanalar\u0131nda m\u0259nz\u0259r\u0259: 15 g\u00fcnd\u0259 6 m\u0259hbus \u00f6l\u00fcm\u00fc\">Davam\u0131<\/a><\/p>\n","protected":false},"author":8,"featured_media":211098,"comment_status":"closed","ping_status":"closed","sticky":false,"template":"","format":"standard","meta":{"_acf_changed":false,"_sitemap_exclude":false,"_sitemap_priority":"","_sitemap_frequency":"","footnotes":""},"categories":[59,79,56],"tags":[],"class_list":["post-296056","post","type-post","status-publish","format-standard","has-post-thumbnail","hentry","category-siyaset","category-featured","category-xeberler","infinite-scroll-item","generate-columns","tablet-grid-50","mobile-grid-100","grid-parent","grid-33","no-featured-image-padding"],"acf":[],"yoast_head":"<!-- This site is optimized with the Yoast SEO plugin v27.4 - https:\/\/yoast.com\/product\/yoast-seo-wordpress\/ -->\n<title>Az\u0259rbaycan h\u0259bsxanalar\u0131nda m\u0259nz\u0259r\u0259: 15 g\u00fcnd\u0259 6 m\u0259hbus \u00f6l\u00fcm\u00fc - MEYDAN.TV<\/title>\n<meta name=\"robots\" content=\"index, follow, max-snippet:-1, max-image-preview:large, max-video-preview:-1\" \/>\n<link rel=\"canonical\" href=\"https:\/\/www.meydan.tv\/az\/article\/azerbaycan-hebsxanalarinda-menzere-15-gunde-6-mehbus-olumu\/\" \/>\n<meta property=\"og:locale\" content=\"az_AZ\" \/>\n<meta property=\"og:type\" content=\"article\" \/>\n<meta property=\"og:title\" content=\"Az\u0259rbaycan h\u0259bsxanalar\u0131nda m\u0259nz\u0259r\u0259: 15 g\u00fcnd\u0259 6 m\u0259hbus \u00f6l\u00fcm\u00fc - MEYDAN.TV\" \/>\n<meta property=\"og:description\" content=\"H\u00fcquq m\u00fcdafi\u0259\u00e7il\u0259ri c\u0259za\u00e7\u0259km\u0259 m\u00fc\u0259ssis\u0259l\u0259rind\u0259 monitorinql\u0259r\u0259 icaz\u0259 verilm\u0259diyini deyirl\u0259r Yanvar ay\u0131 ... Davam\u0131\" \/>\n<meta property=\"og:url\" content=\"https:\/\/www.meydan.tv\/az\/article\/azerbaycan-hebsxanalarinda-menzere-15-gunde-6-mehbus-olumu\/\" \/>\n<meta property=\"og:site_name\" content=\"MEYDAN.TV\" \/>\n<meta property=\"article:published_time\" content=\"2024-01-24T15:45:50+00:00\" \/>\n<meta property=\"article:modified_time\" content=\"2024-01-24T15:45:56+00:00\" \/>\n<meta property=\"og:image\" content=\"https:\/\/www.meydan.tv\/wp-content\/uploads\/image_from_ios_10_t6fgcxo-scaled-e1664353406977.jpg\" \/>\n\t<meta property=\"og:image:width\" content=\"2560\" \/>\n\t<meta property=\"og:image:height\" content=\"1523\" \/>\n\t<meta property=\"og:image:type\" content=\"image\/jpeg\" \/>\n<meta name=\"author\" content=\"elli\" \/>\n<meta name=\"twitter:card\" content=\"summary_large_image\" \/>\n<meta name=\"twitter:creator\" content=\"@elli\" \/>\n<script type=\"application\/ld+json\" class=\"yoast-schema-graph\">{\"@context\":\"https:\\\/\\\/schema.org\",\"@graph\":[{\"@type\":\"Article\",\"@id\":\"https:\\\/\\\/www.meydan.tv\\\/az\\\/article\\\/azerbaycan-hebsxanalarinda-menzere-15-gunde-6-mehbus-olumu\\\/#article\",\"isPartOf\":{\"@id\":\"https:\\\/\\\/www.meydan.tv\\\/az\\\/article\\\/azerbaycan-hebsxanalarinda-menzere-15-gunde-6-mehbus-olumu\\\/\"},\"author\":{\"name\":\"elli\",\"@id\":\"https:\\\/\\\/www.meydan.tv\\\/az\\\/#\\\/schema\\\/person\\\/9cdbecf90d17180ce1dfbd95b08dcf47\"},\"headline\":\"Az\u0259rbaycan h\u0259bsxanalar\u0131nda m\u0259nz\u0259r\u0259: 15 g\u00fcnd\u0259 6 m\u0259hbus \u00f6l\u00fcm\u00fc\",\"datePublished\":\"2024-01-24T15:45:50+00:00\",\"dateModified\":\"2024-01-24T15:45:56+00:00\",\"mainEntityOfPage\":{\"@id\":\"https:\\\/\\\/www.meydan.tv\\\/az\\\/article\\\/azerbaycan-hebsxanalarinda-menzere-15-gunde-6-mehbus-olumu\\\/\"},\"wordCount\":1603,\"publisher\":{\"@id\":\"https:\\\/\\\/www.meydan.tv\\\/az\\\/#organization\"},\"image\":{\"@id\":\"https:\\\/\\\/www.meydan.tv\\\/az\\\/article\\\/azerbaycan-hebsxanalarinda-menzere-15-gunde-6-mehbus-olumu\\\/#primaryimage\"},\"thumbnailUrl\":\"https:\\\/\\\/www.meydan.tv\\\/wp-content\\\/uploads\\\/image_from_ios_10_t6fgcxo-scaled-e1664353406977.jpg\",\"articleSection\":[\"Siyas\u0259t\",\"T\u00f6vsiy\u0259\",\"X\u0259b\u0259rl\u0259r\"],\"inLanguage\":\"az\"},{\"@type\":\"WebPage\",\"@id\":\"https:\\\/\\\/www.meydan.tv\\\/az\\\/article\\\/azerbaycan-hebsxanalarinda-menzere-15-gunde-6-mehbus-olumu\\\/\",\"url\":\"https:\\\/\\\/www.meydan.tv\\\/az\\\/article\\\/azerbaycan-hebsxanalarinda-menzere-15-gunde-6-mehbus-olumu\\\/\",\"name\":\"Az\u0259rbaycan h\u0259bsxanalar\u0131nda m\u0259nz\u0259r\u0259: 15 g\u00fcnd\u0259 6 m\u0259hbus \u00f6l\u00fcm\u00fc - MEYDAN.TV\",\"isPartOf\":{\"@id\":\"https:\\\/\\\/www.meydan.tv\\\/az\\\/#website\"},\"primaryImageOfPage\":{\"@id\":\"https:\\\/\\\/www.meydan.tv\\\/az\\\/article\\\/azerbaycan-hebsxanalarinda-menzere-15-gunde-6-mehbus-olumu\\\/#primaryimage\"},\"image\":{\"@id\":\"https:\\\/\\\/www.meydan.tv\\\/az\\\/article\\\/azerbaycan-hebsxanalarinda-menzere-15-gunde-6-mehbus-olumu\\\/#primaryimage\"},\"thumbnailUrl\":\"https:\\\/\\\/www.meydan.tv\\\/wp-content\\\/uploads\\\/image_from_ios_10_t6fgcxo-scaled-e1664353406977.jpg\",\"datePublished\":\"2024-01-24T15:45:50+00:00\",\"dateModified\":\"2024-01-24T15:45:56+00:00\",\"breadcrumb\":{\"@id\":\"https:\\\/\\\/www.meydan.tv\\\/az\\\/article\\\/azerbaycan-hebsxanalarinda-menzere-15-gunde-6-mehbus-olumu\\\/#breadcrumb\"},\"inLanguage\":\"az\",\"potentialAction\":[{\"@type\":\"ReadAction\",\"target\":[\"https:\\\/\\\/www.meydan.tv\\\/az\\\/article\\\/azerbaycan-hebsxanalarinda-menzere-15-gunde-6-mehbus-olumu\\\/\"]}]},{\"@type\":\"ImageObject\",\"inLanguage\":\"az\",\"@id\":\"https:\\\/\\\/www.meydan.tv\\\/az\\\/article\\\/azerbaycan-hebsxanalarinda-menzere-15-gunde-6-mehbus-olumu\\\/#primaryimage\",\"url\":\"https:\\\/\\\/www.meydan.tv\\\/wp-content\\\/uploads\\\/image_from_ios_10_t6fgcxo-scaled-e1664353406977.jpg\",\"contentUrl\":\"https:\\\/\\\/www.meydan.tv\\\/wp-content\\\/uploads\\\/image_from_ios_10_t6fgcxo-scaled-e1664353406977.jpg\",\"width\":2560,\"height\":1523,\"caption\":\"\u0130ll\u00fcstrasiya: Meydan TV\"},{\"@type\":\"BreadcrumbList\",\"@id\":\"https:\\\/\\\/www.meydan.tv\\\/az\\\/article\\\/azerbaycan-hebsxanalarinda-menzere-15-gunde-6-mehbus-olumu\\\/#breadcrumb\",\"itemListElement\":[{\"@type\":\"ListItem\",\"position\":1,\"name\":\"Ana s\u0259hif\u0259\",\"item\":\"https:\\\/\\\/www.meydan.tv\\\/az\\\/\"},{\"@type\":\"ListItem\",\"position\":2,\"name\":\"Siyas\u0259t\",\"item\":\"https:\\\/\\\/www.meydan.tv\\\/az\\\/section\\\/siyaset\\\/\"},{\"@type\":\"ListItem\",\"position\":3,\"name\":\"Az\u0259rbaycan h\u0259bsxanalar\u0131nda m\u0259nz\u0259r\u0259: 15 g\u00fcnd\u0259 6 m\u0259hbus \u00f6l\u00fcm\u00fc\"}]},{\"@type\":\"WebSite\",\"@id\":\"https:\\\/\\\/www.meydan.tv\\\/az\\\/#website\",\"url\":\"https:\\\/\\\/www.meydan.tv\\\/az\\\/\",\"name\":\"MEYDAN.TV\",\"description\":\"Meydan TV Az\u0259rbaycan\u0131n media m\u0259kan\u0131ndak\u0131 alternativ s\u0259sidir\",\"publisher\":{\"@id\":\"https:\\\/\\\/www.meydan.tv\\\/az\\\/#organization\"},\"potentialAction\":[{\"@type\":\"SearchAction\",\"target\":{\"@type\":\"EntryPoint\",\"urlTemplate\":\"https:\\\/\\\/www.meydan.tv\\\/az\\\/?s={search_term_string}\"},\"query-input\":{\"@type\":\"PropertyValueSpecification\",\"valueRequired\":true,\"valueName\":\"search_term_string\"}}],\"inLanguage\":\"az\"},{\"@type\":\"Organization\",\"@id\":\"https:\\\/\\\/www.meydan.tv\\\/az\\\/#organization\",\"name\":\"Meydan TV\",\"url\":\"https:\\\/\\\/www.meydan.tv\\\/az\\\/\",\"logo\":{\"@type\":\"ImageObject\",\"inLanguage\":\"az\",\"@id\":\"https:\\\/\\\/www.meydan.tv\\\/az\\\/#\\\/schema\\\/logo\\\/image\\\/\",\"url\":\"https:\\\/\\\/www.meydan.tv\\\/wp-content\\\/uploads\\\/2021\\\/07\\\/meydan-logo.svg\",\"contentUrl\":\"https:\\\/\\\/www.meydan.tv\\\/wp-content\\\/uploads\\\/2021\\\/07\\\/meydan-logo.svg\",\"width\":195,\"height\":46,\"caption\":\"Meydan TV\"},\"image\":{\"@id\":\"https:\\\/\\\/www.meydan.tv\\\/az\\\/#\\\/schema\\\/logo\\\/image\\\/\"}},{\"@type\":\"Person\",\"@id\":\"https:\\\/\\\/www.meydan.tv\\\/az\\\/#\\\/schema\\\/person\\\/9cdbecf90d17180ce1dfbd95b08dcf47\",\"name\":\"elli\",\"sameAs\":[\"https:\\\/\\\/x.com\\\/elli\"]}]}<\/script>\n<!-- \/ Yoast SEO plugin. -->","yoast_head_json":{"title":"Az\u0259rbaycan h\u0259bsxanalar\u0131nda m\u0259nz\u0259r\u0259: 15 g\u00fcnd\u0259 6 m\u0259hbus \u00f6l\u00fcm\u00fc - MEYDAN.TV","robots":{"index":"index","follow":"follow","max-snippet":"max-snippet:-1","max-image-preview":"max-image-preview:large","max-video-preview":"max-video-preview:-1"},"canonical":"https:\/\/www.meydan.tv\/az\/article\/azerbaycan-hebsxanalarinda-menzere-15-gunde-6-mehbus-olumu\/","og_locale":"az_AZ","og_type":"article","og_title":"Az\u0259rbaycan h\u0259bsxanalar\u0131nda m\u0259nz\u0259r\u0259: 15 g\u00fcnd\u0259 6 m\u0259hbus \u00f6l\u00fcm\u00fc - MEYDAN.TV","og_description":"H\u00fcquq m\u00fcdafi\u0259\u00e7il\u0259ri c\u0259za\u00e7\u0259km\u0259 m\u00fc\u0259ssis\u0259l\u0259rind\u0259 monitorinql\u0259r\u0259 icaz\u0259 verilm\u0259diyini deyirl\u0259r Yanvar ay\u0131 ... Davam\u0131","og_url":"https:\/\/www.meydan.tv\/az\/article\/azerbaycan-hebsxanalarinda-menzere-15-gunde-6-mehbus-olumu\/","og_site_name":"MEYDAN.TV","article_published_time":"2024-01-24T15:45:50+00:00","article_modified_time":"2024-01-24T15:45:56+00:00","og_image":[{"width":2560,"height":1523,"url":"https:\/\/www.meydan.tv\/wp-content\/uploads\/image_from_ios_10_t6fgcxo-scaled-e1664353406977.jpg","type":"image\/jpeg"}],"author":"elli","twitter_card":"summary_large_image","twitter_creator":"@elli","schema":{"@context":"https:\/\/schema.org","@graph":[{"@type":"Article","@id":"https:\/\/www.meydan.tv\/az\/article\/azerbaycan-hebsxanalarinda-menzere-15-gunde-6-mehbus-olumu\/#article","isPartOf":{"@id":"https:\/\/www.meydan.tv\/az\/article\/azerbaycan-hebsxanalarinda-menzere-15-gunde-6-mehbus-olumu\/"},"author":{"name":"elli","@id":"https:\/\/www.meydan.tv\/az\/#\/schema\/person\/9cdbecf90d17180ce1dfbd95b08dcf47"},"headline":"Az\u0259rbaycan h\u0259bsxanalar\u0131nda m\u0259nz\u0259r\u0259: 15 g\u00fcnd\u0259 6 m\u0259hbus \u00f6l\u00fcm\u00fc","datePublished":"2024-01-24T15:45:50+00:00","dateModified":"2024-01-24T15:45:56+00:00","mainEntityOfPage":{"@id":"https:\/\/www.meydan.tv\/az\/article\/azerbaycan-hebsxanalarinda-menzere-15-gunde-6-mehbus-olumu\/"},"wordCount":1603,"publisher":{"@id":"https:\/\/www.meydan.tv\/az\/#organization"},"image":{"@id":"https:\/\/www.meydan.tv\/az\/article\/azerbaycan-hebsxanalarinda-menzere-15-gunde-6-mehbus-olumu\/#primaryimage"},"thumbnailUrl":"https:\/\/www.meydan.tv\/wp-content\/uploads\/image_from_ios_10_t6fgcxo-scaled-e1664353406977.jpg","articleSection":["Siyas\u0259t","T\u00f6vsiy\u0259","X\u0259b\u0259rl\u0259r"],"inLanguage":"az"},{"@type":"WebPage","@id":"https:\/\/www.meydan.tv\/az\/article\/azerbaycan-hebsxanalarinda-menzere-15-gunde-6-mehbus-olumu\/","url":"https:\/\/www.meydan.tv\/az\/article\/azerbaycan-hebsxanalarinda-menzere-15-gunde-6-mehbus-olumu\/","name":"Az\u0259rbaycan h\u0259bsxanalar\u0131nda m\u0259nz\u0259r\u0259: 15 g\u00fcnd\u0259 6 m\u0259hbus \u00f6l\u00fcm\u00fc - MEYDAN.TV","isPartOf":{"@id":"https:\/\/www.meydan.tv\/az\/#website"},"primaryImageOfPage":{"@id":"https:\/\/www.meydan.tv\/az\/article\/azerbaycan-hebsxanalarinda-menzere-15-gunde-6-mehbus-olumu\/#primaryimage"},"image":{"@id":"https:\/\/www.meydan.tv\/az\/article\/azerbaycan-hebsxanalarinda-menzere-15-gunde-6-mehbus-olumu\/#primaryimage"},"thumbnailUrl":"https:\/\/www.meydan.tv\/wp-content\/uploads\/image_from_ios_10_t6fgcxo-scaled-e1664353406977.jpg","datePublished":"2024-01-24T15:45:50+00:00","dateModified":"2024-01-24T15:45:56+00:00","breadcrumb":{"@id":"https:\/\/www.meydan.tv\/az\/article\/azerbaycan-hebsxanalarinda-menzere-15-gunde-6-mehbus-olumu\/#breadcrumb"},"inLanguage":"az","potentialAction":[{"@type":"ReadAction","target":["https:\/\/www.meydan.tv\/az\/article\/azerbaycan-hebsxanalarinda-menzere-15-gunde-6-mehbus-olumu\/"]}]},{"@type":"ImageObject","inLanguage":"az","@id":"https:\/\/www.meydan.tv\/az\/article\/azerbaycan-hebsxanalarinda-menzere-15-gunde-6-mehbus-olumu\/#primaryimage","url":"https:\/\/www.meydan.tv\/wp-content\/uploads\/image_from_ios_10_t6fgcxo-scaled-e1664353406977.jpg","contentUrl":"https:\/\/www.meydan.tv\/wp-content\/uploads\/image_from_ios_10_t6fgcxo-scaled-e1664353406977.jpg","width":2560,"height":1523,"caption":"\u0130ll\u00fcstrasiya: Meydan TV"},{"@type":"BreadcrumbList","@id":"https:\/\/www.meydan.tv\/az\/article\/azerbaycan-hebsxanalarinda-menzere-15-gunde-6-mehbus-olumu\/#breadcrumb","itemListElement":[{"@type":"ListItem","position":1,"name":"Ana s\u0259hif\u0259","item":"https:\/\/www.meydan.tv\/az\/"},{"@type":"ListItem","position":2,"name":"Siyas\u0259t","item":"https:\/\/www.meydan.tv\/az\/section\/siyaset\/"},{"@type":"ListItem","position":3,"name":"Az\u0259rbaycan h\u0259bsxanalar\u0131nda m\u0259nz\u0259r\u0259: 15 g\u00fcnd\u0259 6 m\u0259hbus \u00f6l\u00fcm\u00fc"}]},{"@type":"WebSite","@id":"https:\/\/www.meydan.tv\/az\/#website","url":"https:\/\/www.meydan.tv\/az\/","name":"MEYDAN.TV","description":"Meydan TV Az\u0259rbaycan\u0131n media m\u0259kan\u0131ndak\u0131 alternativ s\u0259sidir","publisher":{"@id":"https:\/\/www.meydan.tv\/az\/#organization"},"potentialAction":[{"@type":"SearchAction","target":{"@type":"EntryPoint","urlTemplate":"https:\/\/www.meydan.tv\/az\/?s={search_term_string}"},"query-input":{"@type":"PropertyValueSpecification","valueRequired":true,"valueName":"search_term_string"}}],"inLanguage":"az"},{"@type":"Organization","@id":"https:\/\/www.meydan.tv\/az\/#organization","name":"Meydan TV","url":"https:\/\/www.meydan.tv\/az\/","logo":{"@type":"ImageObject","inLanguage":"az","@id":"https:\/\/www.meydan.tv\/az\/#\/schema\/logo\/image\/","url":"https:\/\/www.meydan.tv\/wp-content\/uploads\/2021\/07\/meydan-logo.svg","contentUrl":"https:\/\/www.meydan.tv\/wp-content\/uploads\/2021\/07\/meydan-logo.svg","width":195,"height":46,"caption":"Meydan TV"},"image":{"@id":"https:\/\/www.meydan.tv\/az\/#\/schema\/logo\/image\/"}},{"@type":"Person","@id":"https:\/\/www.meydan.tv\/az\/#\/schema\/person\/9cdbecf90d17180ce1dfbd95b08dcf47","name":"elli","sameAs":["https:\/\/x.com\/elli"]}]}},"_links":{"self":[{"href":"https:\/\/www.meydan.tv\/az\/wp-json\/wp\/v2\/posts\/296056","targetHints":{"allow":["GET"]}}],"collection":[{"href":"https:\/\/www.meydan.tv\/az\/wp-json\/wp\/v2\/posts"}],"about":[{"href":"https:\/\/www.meydan.tv\/az\/wp-json\/wp\/v2\/types\/post"}],"author":[{"embeddable":true,"href":"https:\/\/www.meydan.tv\/az\/wp-json\/wp\/v2\/users\/8"}],"replies":[{"embeddable":true,"href":"https:\/\/www.meydan.tv\/az\/wp-json\/wp\/v2\/comments?post=296056"}],"version-history":[{"count":3,"href":"https:\/\/www.meydan.tv\/az\/wp-json\/wp\/v2\/posts\/296056\/revisions"}],"predecessor-version":[{"id":296073,"href":"https:\/\/www.meydan.tv\/az\/wp-json\/wp\/v2\/posts\/296056\/revisions\/296073"}],"wp:featuredmedia":[{"embeddable":true,"href":"https:\/\/www.meydan.tv\/az\/wp-json\/wp\/v2\/media\/211098"}],"wp:attachment":[{"href":"https:\/\/www.meydan.tv\/az\/wp-json\/wp\/v2\/media?parent=296056"}],"wp:term":[{"taxonomy":"category","embeddable":true,"href":"https:\/\/www.meydan.tv\/az\/wp-json\/wp\/v2\/categories?post=296056"},{"taxonomy":"post_tag","embeddable":true,"href":"https:\/\/www.meydan.tv\/az\/wp-json\/wp\/v2\/tags?post=296056"}],"curies":[{"name":"wp","href":"https:\/\/api.w.org\/{rel}","templated":true}]}}