{"id":295944,"date":"2024-01-23T16:44:48","date_gmt":"2024-01-23T12:44:48","guid":{"rendered":"https:\/\/www.meydan.tv\/?p=295944"},"modified":"2024-01-23T16:58:45","modified_gmt":"2024-01-23T12:58:45","slug":"mudafie-senayesi-nazirliyinin-zavodunda-partlayis-xesaret-alanlar-var","status":"publish","type":"post","link":"https:\/\/www.meydan.tv\/az\/article\/mudafie-senayesi-nazirliyinin-zavodunda-partlayis-xesaret-alanlar-var\/","title":{"rendered":"M\u00fcdafi\u0259 S\u0259nayesi Nazirliyinin zavodunda partlay\u0131\u015f: x\u0259sar\u0259t alanlar var"},"content":{"rendered":"\n<p><\/p>\n\n\n\n<p><strong><em>Nazirlik 2, prokurorluq v\u0259 T\u018fB\u0130B 3 \u0259m\u0259kda\u015f\u0131n yaraland\u0131\u011f\u0131n\u0131 deyir<\/em><\/strong><\/p>\n\n\n\n<p>M\u00fcdafi\u0259 S\u0259nayesi Nazirliyinin \u015eirvan \u015f\u0259h\u0259rind\u0259ki \u201c\u015eirvan Araz zavodu\u201d MMC-d\u0259 partlay\u0131\u015f\u0131n oldu\u011fu bildirilir.<\/p>\n\n\n\n<p>M\u00fcdafi\u0259 S\u0259nayesi Nazirliyinin m\u0259tbuat xidm\u0259tind\u0259n Meydan TV-y\u0259 bildirilib ki, texnoloji proses zaman\u0131 istehsalat q\u0259zas\u0131 ba\u015f verib.<\/p>\n\n\n\n<p>Qurumun a\u00e7\u0131qlamas\u0131na g\u00f6r\u0259, hadis\u0259 zaman\u0131 yaranan \u015f\u0259xsl\u0259r d\u0259rhal \u015eirvan \u015e\u0259h\u0259r M\u0259rk\u0259zi X\u0259st\u0259xanas\u0131na \u00e7atd\u0131r\u0131l\u0131b:<\/p>\n\n\n\n<p><em>&#8220;Q\u0259za n\u0259tic\u0259sind\u0259 zavodun 2 \u0259m\u0259kda\u015f\u0131 c\u0131z\u0131qlarla m\u00fc\u015fayi\u0259t olunan y\u00fcng\u00fcl x\u0259sar\u0259t al\u0131b. \u0130lkin tibbi yard\u0131m g\u00f6st\u0259ril\u0259n yaral\u0131lar d\u0259rhal x\u0259st\u0259xanaya \u00e7atd\u0131r\u0131l\u0131b. Ambulator m\u00fcalic\u0259 alan h\u0259r iki \u0259m\u0259kda\u015f \u00f6zl\u0259rini yax\u015f\u0131 hiss etdikl\u0259rini bildiribl\u0259r&#8221;.<\/em><\/p>\n\n\n\n<p>\u015eirvan \u015e\u0259h\u0259r Prokurorlu\u011fundan \u201cReport\u201da bildirilib ki, yanvar\u0131n 23-d\u0259 ba\u015f ver\u0259n hadis\u0259 il\u0259 ba\u011fl\u0131 cinay\u0259t i\u015fi a\u00e7\u0131l\u0131b.<\/p>\n\n\n\n<p>\u0130lkin ara\u015fd\u0131rmalarla hadis\u0259 n\u0259tic\u0259sind\u0259 3 n\u0259f\u0259rin &#8211; 1992-ci il t\u0259v\u0259ll\u00fcdl\u00fc Babayev El\u00e7in Cahangir o\u011flu, 2001-ci il t\u0259v\u0259ll\u00fcdl\u00fc Muradov \u0130smay\u0131l \u0130ntiqam o\u011flu v\u0259 1999-cu il t\u0259v\u0259ll\u00fcdl\u00fc \u0130manov M\u0259h\u0259mm\u0259d \u0130lham o\u011flunun m\u00fcxt\u0259lif d\u0259r\u0259c\u0259li b\u0259d\u0259n x\u0259sar\u0259tl\u0259ri almas\u0131 m\u00fc\u0259yy\u0259n edilib.<\/p>\n\n\n\n<p>Bildirilir ki, haz\u0131rda prokurorluq \u0259m\u0259kda\u015flar\u0131 t\u0259r\u0259find\u0259n hadis\u0259 yeri m\u00fcayin\u0259 olunur v\u0259 dig\u0259r z\u0259ruri prosessual h\u0259r\u0259k\u0259tl\u0259r yerin\u0259 yetirilir.<\/p>\n\n\n\n<p>Hadis\u0259nin zavodun sexl\u0259rind\u0259n birind\u0259 minatan silah\u0131n 120 mm-lik m\u0259rmisinin \u00e7\u0259kicl\u0259 vurularaq s\u0131x\u0131lmas\u0131 n\u0259tic\u0259sind\u0259 ba\u015f verm\u0259si ehtimal edilir.<\/p>\n\n\n\n<p>Faktla ba\u011fl\u0131 \u015eirvan \u015e\u0259h\u0259r Prokurorlu\u011funda ara\u015fd\u0131rmalar\u0131n davam etdirildiyi bildirilir.<\/p>\n\n\n\n<p>Tibbi \u018frazi B\u00f6lm\u0259l\u0259rini \u0130dar\u0259etm\u0259 Birliyi d\u0259 (T\u018fB\u0130B) ba\u015f vermi\u015f hadis\u0259 il\u0259 ba\u011fl\u0131 m\u0259lumat yay\u0131b.<\/p>\n\n\n\n<p>M\u0259lumatda qeyd olunur ki, \u015eirvan \u015f\u0259h\u0259rind\u0259 yerl\u0259\u015f\u0259n \u201c\u015eirvan Araz zavodu\u201d MMC-d\u0259 ba\u015f ver\u0259n partlay\u0131\u015f n\u0259tic\u0259sind\u0259 \u015eirvan \u015e\u0259h\u0259r M\u0259rk\u0259zi X\u0259st\u0259xanas\u0131n\u0131n T\u0259cili T\u0259xir\u0259sal\u0131nmaz tibbi yard\u0131m \u015f\u00f6b\u0259sin\u0259 m\u00fcxt\u0259lif x\u0259sar\u0259tl\u0259rl\u0259 \u00fc\u00e7 n\u0259f\u0259r (ki\u015fi cinsli) hospitalizasiya olunub.<\/p>\n\n\n\n<p>\u201c1992-ci il t\u0259v\u0259ll\u00fcdl\u00fc \u015f\u0259xs sol \u0259lin \u0259zilmi\u015f c\u0131r\u0131lm\u0131\u015f yaras\u0131, 2001-ci il t\u0259v\u0259ll\u00fcdl\u00fc \u015f\u0259xs al\u0131n nahiy\u0259sinin \u00e7ap\u0131lm\u0131\u015f yaras\u0131, 1999-cu il t\u0259v\u0259ll\u00fcdl\u00fc \u015f\u0259xs is\u0259 barotravma diaqnozu il\u0259 tibb m\u00fc\u0259ssis\u0259sin\u0259 daxil olub.<\/p>\n\n\n\n<p>H\u0259r \u00fc\u00e7 \u015f\u0259xs\u0259 z\u0259ruri tibbi xidm\u0259t g\u00f6st\u0259rilir\u201d, &#8211; dey\u0259 T\u018fB\u0130B<a href=\"https:\/\/www.facebook.com\/tabib.gov.az?__cft__[0]=AZVOBd79P__wtUe1E9R5gJM54aYvzFqdhRwU2Hc82Yv8_oIU-4sCcaIG7TbzeWzqwJ4GPHRYjI-sqfAcG7_0V8SxauwKOupyMnlErJU6BNaN0vk0mQKDZK7bGtMJE9dG_KEUT2vTJNdcM_rSx0GazrkrK7Dkh9ynnIvSuuYa7HgA41G6aaM1rg5kwOawlokyclw&amp;__tn__=-]K-R\"> vur\u011fulay\u0131b<\/a>.<\/p>\n","protected":false},"excerpt":{"rendered":"<p>Nazirlik 2, prokurorluq v\u0259 T\u018fB\u0130B 3 \u0259m\u0259kda\u015f\u0131n yaraland\u0131\u011f\u0131n\u0131 deyir M\u00fcdafi\u0259 &#8230; <\/p>\n<p class=\"read-more-container\"><a title=\"M\u00fcdafi\u0259 S\u0259nayesi Nazirliyinin zavodunda partlay\u0131\u015f: x\u0259sar\u0259t alanlar var\" class=\"read-more button\" href=\"https:\/\/www.meydan.tv\/az\/article\/mudafie-senayesi-nazirliyinin-zavodunda-partlayis-xesaret-alanlar-var\/#more-295944\" aria-label=\"Read more about M\u00fcdafi\u0259 S\u0259nayesi Nazirliyinin zavodunda partlay\u0131\u015f: x\u0259sar\u0259t alanlar var\">Davam\u0131<\/a><\/p>\n","protected":false},"author":8,"featured_media":280463,"comment_status":"closed","ping_status":"closed","sticky":false,"template":"","format":"standard","meta":{"_acf_changed":false,"_sitemap_exclude":false,"_sitemap_priority":"","_sitemap_frequency":"","footnotes":""},"categories":[62,56],"tags":[],"class_list":["post-295944","post","type-post","status-publish","format-standard","has-post-thumbnail","hentry","category-sosial","category-xeberler","infinite-scroll-item","generate-columns","tablet-grid-50","mobile-grid-100","grid-parent","grid-33","no-featured-image-padding"],"acf":[],"yoast_head":"<!-- This site is optimized with the Yoast SEO plugin v27.5 - https:\/\/yoast.com\/product\/yoast-seo-wordpress\/ -->\n<title>M\u00fcdafi\u0259 S\u0259nayesi Nazirliyinin zavodunda partlay\u0131\u015f: x\u0259sar\u0259t alanlar var - MEYDAN.TV<\/title>\n<meta name=\"robots\" content=\"index, follow, max-snippet:-1, max-image-preview:large, max-video-preview:-1\" \/>\n<link rel=\"canonical\" href=\"https:\/\/www.meydan.tv\/az\/article\/mudafie-senayesi-nazirliyinin-zavodunda-partlayis-xesaret-alanlar-var\/\" \/>\n<meta property=\"og:locale\" content=\"az_AZ\" \/>\n<meta property=\"og:type\" content=\"article\" \/>\n<meta property=\"og:title\" content=\"M\u00fcdafi\u0259 S\u0259nayesi Nazirliyinin zavodunda partlay\u0131\u015f: x\u0259sar\u0259t alanlar var - MEYDAN.TV\" \/>\n<meta property=\"og:description\" content=\"Nazirlik 2, prokurorluq v\u0259 T\u018fB\u0130B 3 \u0259m\u0259kda\u015f\u0131n yaraland\u0131\u011f\u0131n\u0131 deyir M\u00fcdafi\u0259 ... Davam\u0131\" \/>\n<meta property=\"og:url\" content=\"https:\/\/www.meydan.tv\/az\/article\/mudafie-senayesi-nazirliyinin-zavodunda-partlayis-xesaret-alanlar-var\/\" \/>\n<meta property=\"og:site_name\" content=\"MEYDAN.TV\" \/>\n<meta property=\"article:published_time\" content=\"2024-01-23T12:44:48+00:00\" \/>\n<meta property=\"article:modified_time\" content=\"2024-01-23T12:58:45+00:00\" \/>\n<meta property=\"og:image\" content=\"https:\/\/www.meydan.tv\/wp-content\/uploads\/untitled-design-3-105.jpg\" \/>\n\t<meta property=\"og:image:width\" content=\"1200\" \/>\n\t<meta property=\"og:image:height\" content=\"800\" \/>\n\t<meta property=\"og:image:type\" content=\"image\/jpeg\" \/>\n<meta name=\"author\" content=\"elli\" \/>\n<meta name=\"twitter:card\" content=\"summary_large_image\" \/>\n<meta name=\"twitter:creator\" content=\"@elli\" \/>\n<script type=\"application\/ld+json\" class=\"yoast-schema-graph\">{\"@context\":\"https:\\\/\\\/schema.org\",\"@graph\":[{\"@type\":\"Article\",\"@id\":\"https:\\\/\\\/www.meydan.tv\\\/az\\\/article\\\/mudafie-senayesi-nazirliyinin-zavodunda-partlayis-xesaret-alanlar-var\\\/#article\",\"isPartOf\":{\"@id\":\"https:\\\/\\\/www.meydan.tv\\\/az\\\/article\\\/mudafie-senayesi-nazirliyinin-zavodunda-partlayis-xesaret-alanlar-var\\\/\"},\"author\":{\"name\":\"elli\",\"@id\":\"https:\\\/\\\/www.meydan.tv\\\/az\\\/#\\\/schema\\\/person\\\/9cdbecf90d17180ce1dfbd95b08dcf47\"},\"headline\":\"M\u00fcdafi\u0259 S\u0259nayesi Nazirliyinin zavodunda partlay\u0131\u015f: x\u0259sar\u0259t alanlar var\",\"datePublished\":\"2024-01-23T12:44:48+00:00\",\"dateModified\":\"2024-01-23T12:58:45+00:00\",\"mainEntityOfPage\":{\"@id\":\"https:\\\/\\\/www.meydan.tv\\\/az\\\/article\\\/mudafie-senayesi-nazirliyinin-zavodunda-partlayis-xesaret-alanlar-var\\\/\"},\"wordCount\":462,\"publisher\":{\"@id\":\"https:\\\/\\\/www.meydan.tv\\\/az\\\/#organization\"},\"image\":{\"@id\":\"https:\\\/\\\/www.meydan.tv\\\/az\\\/article\\\/mudafie-senayesi-nazirliyinin-zavodunda-partlayis-xesaret-alanlar-var\\\/#primaryimage\"},\"thumbnailUrl\":\"https:\\\/\\\/www.meydan.tv\\\/wp-content\\\/uploads\\\/untitled-design-3-105.jpg\",\"articleSection\":[\"Sosial\",\"X\u0259b\u0259rl\u0259r\"],\"inLanguage\":\"az\"},{\"@type\":\"WebPage\",\"@id\":\"https:\\\/\\\/www.meydan.tv\\\/az\\\/article\\\/mudafie-senayesi-nazirliyinin-zavodunda-partlayis-xesaret-alanlar-var\\\/\",\"url\":\"https:\\\/\\\/www.meydan.tv\\\/az\\\/article\\\/mudafie-senayesi-nazirliyinin-zavodunda-partlayis-xesaret-alanlar-var\\\/\",\"name\":\"M\u00fcdafi\u0259 S\u0259nayesi Nazirliyinin zavodunda partlay\u0131\u015f: x\u0259sar\u0259t alanlar var - MEYDAN.TV\",\"isPartOf\":{\"@id\":\"https:\\\/\\\/www.meydan.tv\\\/az\\\/#website\"},\"primaryImageOfPage\":{\"@id\":\"https:\\\/\\\/www.meydan.tv\\\/az\\\/article\\\/mudafie-senayesi-nazirliyinin-zavodunda-partlayis-xesaret-alanlar-var\\\/#primaryimage\"},\"image\":{\"@id\":\"https:\\\/\\\/www.meydan.tv\\\/az\\\/article\\\/mudafie-senayesi-nazirliyinin-zavodunda-partlayis-xesaret-alanlar-var\\\/#primaryimage\"},\"thumbnailUrl\":\"https:\\\/\\\/www.meydan.tv\\\/wp-content\\\/uploads\\\/untitled-design-3-105.jpg\",\"datePublished\":\"2024-01-23T12:44:48+00:00\",\"dateModified\":\"2024-01-23T12:58:45+00:00\",\"breadcrumb\":{\"@id\":\"https:\\\/\\\/www.meydan.tv\\\/az\\\/article\\\/mudafie-senayesi-nazirliyinin-zavodunda-partlayis-xesaret-alanlar-var\\\/#breadcrumb\"},\"inLanguage\":\"az\",\"potentialAction\":[{\"@type\":\"ReadAction\",\"target\":[\"https:\\\/\\\/www.meydan.tv\\\/az\\\/article\\\/mudafie-senayesi-nazirliyinin-zavodunda-partlayis-xesaret-alanlar-var\\\/\"]}]},{\"@type\":\"ImageObject\",\"inLanguage\":\"az\",\"@id\":\"https:\\\/\\\/www.meydan.tv\\\/az\\\/article\\\/mudafie-senayesi-nazirliyinin-zavodunda-partlayis-xesaret-alanlar-var\\\/#primaryimage\",\"url\":\"https:\\\/\\\/www.meydan.tv\\\/wp-content\\\/uploads\\\/untitled-design-3-105.jpg\",\"contentUrl\":\"https:\\\/\\\/www.meydan.tv\\\/wp-content\\\/uploads\\\/untitled-design-3-105.jpg\",\"width\":1200,\"height\":800,\"caption\":\"Foto: M\u00fcdafi\u0259 S\u0259nayesi Nazirliyi\"},{\"@type\":\"BreadcrumbList\",\"@id\":\"https:\\\/\\\/www.meydan.tv\\\/az\\\/article\\\/mudafie-senayesi-nazirliyinin-zavodunda-partlayis-xesaret-alanlar-var\\\/#breadcrumb\",\"itemListElement\":[{\"@type\":\"ListItem\",\"position\":1,\"name\":\"Ana s\u0259hif\u0259\",\"item\":\"https:\\\/\\\/www.meydan.tv\\\/az\\\/\"},{\"@type\":\"ListItem\",\"position\":2,\"name\":\"Sosial\",\"item\":\"https:\\\/\\\/www.meydan.tv\\\/az\\\/section\\\/sosial\\\/\"},{\"@type\":\"ListItem\",\"position\":3,\"name\":\"M\u00fcdafi\u0259 S\u0259nayesi Nazirliyinin zavodunda partlay\u0131\u015f: x\u0259sar\u0259t alanlar var\"}]},{\"@type\":\"WebSite\",\"@id\":\"https:\\\/\\\/www.meydan.tv\\\/az\\\/#website\",\"url\":\"https:\\\/\\\/www.meydan.tv\\\/az\\\/\",\"name\":\"MEYDAN.TV\",\"description\":\"Meydan TV Az\u0259rbaycan\u0131n media m\u0259kan\u0131ndak\u0131 alternativ s\u0259sidir\",\"publisher\":{\"@id\":\"https:\\\/\\\/www.meydan.tv\\\/az\\\/#organization\"},\"potentialAction\":[{\"@type\":\"SearchAction\",\"target\":{\"@type\":\"EntryPoint\",\"urlTemplate\":\"https:\\\/\\\/www.meydan.tv\\\/az\\\/?s={search_term_string}\"},\"query-input\":{\"@type\":\"PropertyValueSpecification\",\"valueRequired\":true,\"valueName\":\"search_term_string\"}}],\"inLanguage\":\"az\"},{\"@type\":\"Organization\",\"@id\":\"https:\\\/\\\/www.meydan.tv\\\/az\\\/#organization\",\"name\":\"Meydan TV\",\"url\":\"https:\\\/\\\/www.meydan.tv\\\/az\\\/\",\"logo\":{\"@type\":\"ImageObject\",\"inLanguage\":\"az\",\"@id\":\"https:\\\/\\\/www.meydan.tv\\\/az\\\/#\\\/schema\\\/logo\\\/image\\\/\",\"url\":\"https:\\\/\\\/www.meydan.tv\\\/wp-content\\\/uploads\\\/2021\\\/07\\\/meydan-logo.svg\",\"contentUrl\":\"https:\\\/\\\/www.meydan.tv\\\/wp-content\\\/uploads\\\/2021\\\/07\\\/meydan-logo.svg\",\"width\":195,\"height\":46,\"caption\":\"Meydan TV\"},\"image\":{\"@id\":\"https:\\\/\\\/www.meydan.tv\\\/az\\\/#\\\/schema\\\/logo\\\/image\\\/\"}},{\"@type\":\"Person\",\"@id\":\"https:\\\/\\\/www.meydan.tv\\\/az\\\/#\\\/schema\\\/person\\\/9cdbecf90d17180ce1dfbd95b08dcf47\",\"name\":\"elli\",\"sameAs\":[\"https:\\\/\\\/x.com\\\/elli\"]}]}<\/script>\n<!-- \/ Yoast SEO plugin. -->","yoast_head_json":{"title":"M\u00fcdafi\u0259 S\u0259nayesi Nazirliyinin zavodunda partlay\u0131\u015f: x\u0259sar\u0259t alanlar var - MEYDAN.TV","robots":{"index":"index","follow":"follow","max-snippet":"max-snippet:-1","max-image-preview":"max-image-preview:large","max-video-preview":"max-video-preview:-1"},"canonical":"https:\/\/www.meydan.tv\/az\/article\/mudafie-senayesi-nazirliyinin-zavodunda-partlayis-xesaret-alanlar-var\/","og_locale":"az_AZ","og_type":"article","og_title":"M\u00fcdafi\u0259 S\u0259nayesi Nazirliyinin zavodunda partlay\u0131\u015f: x\u0259sar\u0259t alanlar var - MEYDAN.TV","og_description":"Nazirlik 2, prokurorluq v\u0259 T\u018fB\u0130B 3 \u0259m\u0259kda\u015f\u0131n yaraland\u0131\u011f\u0131n\u0131 deyir M\u00fcdafi\u0259 ... Davam\u0131","og_url":"https:\/\/www.meydan.tv\/az\/article\/mudafie-senayesi-nazirliyinin-zavodunda-partlayis-xesaret-alanlar-var\/","og_site_name":"MEYDAN.TV","article_published_time":"2024-01-23T12:44:48+00:00","article_modified_time":"2024-01-23T12:58:45+00:00","og_image":[{"width":1200,"height":800,"url":"https:\/\/www.meydan.tv\/wp-content\/uploads\/untitled-design-3-105.jpg","type":"image\/jpeg"}],"author":"elli","twitter_card":"summary_large_image","twitter_creator":"@elli","schema":{"@context":"https:\/\/schema.org","@graph":[{"@type":"Article","@id":"https:\/\/www.meydan.tv\/az\/article\/mudafie-senayesi-nazirliyinin-zavodunda-partlayis-xesaret-alanlar-var\/#article","isPartOf":{"@id":"https:\/\/www.meydan.tv\/az\/article\/mudafie-senayesi-nazirliyinin-zavodunda-partlayis-xesaret-alanlar-var\/"},"author":{"name":"elli","@id":"https:\/\/www.meydan.tv\/az\/#\/schema\/person\/9cdbecf90d17180ce1dfbd95b08dcf47"},"headline":"M\u00fcdafi\u0259 S\u0259nayesi Nazirliyinin zavodunda partlay\u0131\u015f: x\u0259sar\u0259t alanlar var","datePublished":"2024-01-23T12:44:48+00:00","dateModified":"2024-01-23T12:58:45+00:00","mainEntityOfPage":{"@id":"https:\/\/www.meydan.tv\/az\/article\/mudafie-senayesi-nazirliyinin-zavodunda-partlayis-xesaret-alanlar-var\/"},"wordCount":462,"publisher":{"@id":"https:\/\/www.meydan.tv\/az\/#organization"},"image":{"@id":"https:\/\/www.meydan.tv\/az\/article\/mudafie-senayesi-nazirliyinin-zavodunda-partlayis-xesaret-alanlar-var\/#primaryimage"},"thumbnailUrl":"https:\/\/www.meydan.tv\/wp-content\/uploads\/untitled-design-3-105.jpg","articleSection":["Sosial","X\u0259b\u0259rl\u0259r"],"inLanguage":"az"},{"@type":"WebPage","@id":"https:\/\/www.meydan.tv\/az\/article\/mudafie-senayesi-nazirliyinin-zavodunda-partlayis-xesaret-alanlar-var\/","url":"https:\/\/www.meydan.tv\/az\/article\/mudafie-senayesi-nazirliyinin-zavodunda-partlayis-xesaret-alanlar-var\/","name":"M\u00fcdafi\u0259 S\u0259nayesi Nazirliyinin zavodunda partlay\u0131\u015f: x\u0259sar\u0259t alanlar var - MEYDAN.TV","isPartOf":{"@id":"https:\/\/www.meydan.tv\/az\/#website"},"primaryImageOfPage":{"@id":"https:\/\/www.meydan.tv\/az\/article\/mudafie-senayesi-nazirliyinin-zavodunda-partlayis-xesaret-alanlar-var\/#primaryimage"},"image":{"@id":"https:\/\/www.meydan.tv\/az\/article\/mudafie-senayesi-nazirliyinin-zavodunda-partlayis-xesaret-alanlar-var\/#primaryimage"},"thumbnailUrl":"https:\/\/www.meydan.tv\/wp-content\/uploads\/untitled-design-3-105.jpg","datePublished":"2024-01-23T12:44:48+00:00","dateModified":"2024-01-23T12:58:45+00:00","breadcrumb":{"@id":"https:\/\/www.meydan.tv\/az\/article\/mudafie-senayesi-nazirliyinin-zavodunda-partlayis-xesaret-alanlar-var\/#breadcrumb"},"inLanguage":"az","potentialAction":[{"@type":"ReadAction","target":["https:\/\/www.meydan.tv\/az\/article\/mudafie-senayesi-nazirliyinin-zavodunda-partlayis-xesaret-alanlar-var\/"]}]},{"@type":"ImageObject","inLanguage":"az","@id":"https:\/\/www.meydan.tv\/az\/article\/mudafie-senayesi-nazirliyinin-zavodunda-partlayis-xesaret-alanlar-var\/#primaryimage","url":"https:\/\/www.meydan.tv\/wp-content\/uploads\/untitled-design-3-105.jpg","contentUrl":"https:\/\/www.meydan.tv\/wp-content\/uploads\/untitled-design-3-105.jpg","width":1200,"height":800,"caption":"Foto: M\u00fcdafi\u0259 S\u0259nayesi Nazirliyi"},{"@type":"BreadcrumbList","@id":"https:\/\/www.meydan.tv\/az\/article\/mudafie-senayesi-nazirliyinin-zavodunda-partlayis-xesaret-alanlar-var\/#breadcrumb","itemListElement":[{"@type":"ListItem","position":1,"name":"Ana s\u0259hif\u0259","item":"https:\/\/www.meydan.tv\/az\/"},{"@type":"ListItem","position":2,"name":"Sosial","item":"https:\/\/www.meydan.tv\/az\/section\/sosial\/"},{"@type":"ListItem","position":3,"name":"M\u00fcdafi\u0259 S\u0259nayesi Nazirliyinin zavodunda partlay\u0131\u015f: x\u0259sar\u0259t alanlar var"}]},{"@type":"WebSite","@id":"https:\/\/www.meydan.tv\/az\/#website","url":"https:\/\/www.meydan.tv\/az\/","name":"MEYDAN.TV","description":"Meydan TV Az\u0259rbaycan\u0131n media m\u0259kan\u0131ndak\u0131 alternativ s\u0259sidir","publisher":{"@id":"https:\/\/www.meydan.tv\/az\/#organization"},"potentialAction":[{"@type":"SearchAction","target":{"@type":"EntryPoint","urlTemplate":"https:\/\/www.meydan.tv\/az\/?s={search_term_string}"},"query-input":{"@type":"PropertyValueSpecification","valueRequired":true,"valueName":"search_term_string"}}],"inLanguage":"az"},{"@type":"Organization","@id":"https:\/\/www.meydan.tv\/az\/#organization","name":"Meydan TV","url":"https:\/\/www.meydan.tv\/az\/","logo":{"@type":"ImageObject","inLanguage":"az","@id":"https:\/\/www.meydan.tv\/az\/#\/schema\/logo\/image\/","url":"https:\/\/www.meydan.tv\/wp-content\/uploads\/2021\/07\/meydan-logo.svg","contentUrl":"https:\/\/www.meydan.tv\/wp-content\/uploads\/2021\/07\/meydan-logo.svg","width":195,"height":46,"caption":"Meydan TV"},"image":{"@id":"https:\/\/www.meydan.tv\/az\/#\/schema\/logo\/image\/"}},{"@type":"Person","@id":"https:\/\/www.meydan.tv\/az\/#\/schema\/person\/9cdbecf90d17180ce1dfbd95b08dcf47","name":"elli","sameAs":["https:\/\/x.com\/elli"]}]}},"_links":{"self":[{"href":"https:\/\/www.meydan.tv\/az\/wp-json\/wp\/v2\/posts\/295944","targetHints":{"allow":["GET"]}}],"collection":[{"href":"https:\/\/www.meydan.tv\/az\/wp-json\/wp\/v2\/posts"}],"about":[{"href":"https:\/\/www.meydan.tv\/az\/wp-json\/wp\/v2\/types\/post"}],"author":[{"embeddable":true,"href":"https:\/\/www.meydan.tv\/az\/wp-json\/wp\/v2\/users\/8"}],"replies":[{"embeddable":true,"href":"https:\/\/www.meydan.tv\/az\/wp-json\/wp\/v2\/comments?post=295944"}],"version-history":[{"count":5,"href":"https:\/\/www.meydan.tv\/az\/wp-json\/wp\/v2\/posts\/295944\/revisions"}],"predecessor-version":[{"id":295952,"href":"https:\/\/www.meydan.tv\/az\/wp-json\/wp\/v2\/posts\/295944\/revisions\/295952"}],"wp:featuredmedia":[{"embeddable":true,"href":"https:\/\/www.meydan.tv\/az\/wp-json\/wp\/v2\/media\/280463"}],"wp:attachment":[{"href":"https:\/\/www.meydan.tv\/az\/wp-json\/wp\/v2\/media?parent=295944"}],"wp:term":[{"taxonomy":"category","embeddable":true,"href":"https:\/\/www.meydan.tv\/az\/wp-json\/wp\/v2\/categories?post=295944"},{"taxonomy":"post_tag","embeddable":true,"href":"https:\/\/www.meydan.tv\/az\/wp-json\/wp\/v2\/tags?post=295944"}],"curies":[{"name":"wp","href":"https:\/\/api.w.org\/{rel}","templated":true}]}}