{"id":295855,"date":"2024-01-23T11:38:53","date_gmt":"2024-01-23T07:38:53","guid":{"rendered":"https:\/\/www.meydan.tv\/?p=295855"},"modified":"2024-01-23T11:46:51","modified_gmt":"2024-01-23T07:46:51","slug":"45-ildir-ki-palciq-komada-yasayan-aile-burada-memurlar-yasayar","status":"publish","type":"post","link":"https:\/\/www.meydan.tv\/az\/article\/45-ildir-ki-palciq-komada-yasayan-aile-burada-memurlar-yasayar\/","title":{"rendered":"45 ildir ki, pal\u00e7\u0131q daxmada ya\u015fayan ail\u0259: &#8220;Burada m\u0259murlar ya\u015fayar?&#8221;"},"content":{"rendered":"\n<p><\/p>\n\n\n\n<p><strong><em>5 n\u0259f\u0259rlik ail\u0259 ev tikintisi \u00fc\u00e7\u00fcn d\u00f6vl\u0259td\u0259n k\u00f6m\u0259k ist\u0259yir<\/em><\/strong><\/p>\n\n\n\n<p>48 ya\u015fl\u0131 H\u0259sr\u0259t \u018fliyeva dig\u0259r d\u00f6rd ail\u0259 \u00fczv\u00fc il\u0259 birlikd\u0259 G\u00f6y\u00e7ay\u0131n X\u0259litli k\u0259ndind\u0259 q\u0259zal\u0131 torpaq daxmada m\u0259skunla\u015f\u0131b.<\/p>\n\n\n\n<p>Dediyin\u0259 g\u00f6r\u0259, iki qarda\u015f\u0131n\u0131n faci\u0259li \u00f6l\u00fcm\u00fcnd\u0259n sonra ail\u0259si il\u0259 birlikd\u0259 Q\u0131r\u011f\u0131z\u0131standan G\u00f6y\u00e7ay\u0131n X\u0259litli k\u0259ndin\u0259 k\u00f6\u00e7\u0259n \u018fliyevl\u0259r 45 ildir ki, normal \u015f\u0259raitli ev\u0259 h\u0259sr\u0259tdirl\u0259r.<\/p>\n\n\n\n<p>Sonsuzluq s\u0259b\u0259bind\u0259n ail\u0259si da\u011f\u0131lan H\u0259sr\u0259t iki qarda\u015f\u0131 v\u0259 ki\u00e7ik qarda\u015f\u0131n\u0131n ail\u0259si il\u0259 pal\u00e7\u0131q komada birg\u0259 ya\u015fay\u0131r.<\/p>\n\n\n<div class=\"wp-block-image\">\n<figure class=\"aligncenter size-large\"><img decoding=\"async\" width=\"1091\" height=\"821\" data-src=\"https:\/\/www.meydan.tv\/wp-content\/uploads\/img-20240116-wa00481-1091x821.jpg\" alt=\"\" class=\"wp-image-295834 lazyload\" src=\"data:image\/svg+xml;base64,PHN2ZyB3aWR0aD0iMSIgaGVpZ2h0PSIxIiB4bWxucz0iaHR0cDovL3d3dy53My5vcmcvMjAwMC9zdmciPjwvc3ZnPg==\" style=\"--smush-placeholder-width: 1091px; --smush-placeholder-aspect-ratio: 1091\/821;\" \/><figcaption class=\"wp-element-caption\">\u018fliyevl\u0259r ail\u0259si. <\/figcaption><\/figure>\n<\/div>\n\n\n<p>Ail\u0259 deyir ki, 45 il \u00f6nc\u0259 tikil\u0259n bu ev art\u0131q ya\u015fay\u0131\u015f \u00fc\u00e7\u00fcn yararl\u0131 deyil. Q\u0131\u015fda soyuq, yayda is\u0259 isti pal\u00e7\u0131q komada ya\u015fama\u011f\u0131 c\u0259h\u0259nn\u0259m \u0259zab\u0131na \u00e7evirib. \u0130ki ki\u00e7ikotaql\u0131 taxta ev \u00e7\u00f6ld\u0259n torpaqla suvand\u0131\u011f\u0131ndan \u00e7at verib t\u00f6k\u00fcl\u00fcr.<\/p>\n\n\n\n<p>\u015e\u00fc\u015f\u0259siz p\u0259nc\u0259r\u0259l\u0259r, nimda\u015f qap\u0131lar, evi soyuqdan qoruyan sellofan \u00f6rt\u00fck be\u015f n\u0259f\u0259rlik ail\u0259nin ya\u015fam durumu v\u0259 \u00e7ar\u0259sizliyind\u0259n x\u0259b\u0259r verir.<\/p>\n\n\n\n<p><strong><em>&#8220;<\/em>Bu evd\u0259 h\u0259yat\u0131m\u0131z z\u00fclm\u0259t\u0259 q\u0259rq olub&#8221;<\/strong><\/p>\n\n\n\n<p>H\u0259sr\u0259t \u018fliyeva deyir ki, b\u0259z\u0259n bu soyuq komada g\u00fcnl\u0259rl\u0259 qaranl\u0131qda qal\u0131rlar:<\/p>\n\n\n\n<p>&#8220;<em>Soyuq havada bu evd\u0259 \u00fc\u015f\u00fcy\u00fcr\u00fck. K\u00f6hn\u0259 qap\u0131, p\u0259nc\u0259r\u0259l\u0259r, nimda\u015f palaz, i\u00e7\u0259rid\u0259n vurulan sellefon \u00f6rt\u00fck soyu\u011fun qar\u015f\u0131s\u0131n\u0131 alm\u0131r. B\u00fct\u00fcn g\u00fcn k\u0259ndi g\u0259zir\u0259m ki, sobada yand\u0131rmaq \u00fc\u00e7\u00fcn odun y\u0131\u011f\u0131m. N\u0259 q\u0259d\u0259r \u00e7\u00f6r-\u00e7\u00f6pl\u0259 q\u0131z\u0131nmaq olar? Qaza verm\u0259y\u0259 pulumuz yoxdur. Olur ki, g\u00fcnl\u0259rl\u0259 qaranl\u0131qda otururuq. Bu evd\u0259 h\u0259yat\u0131m\u0131z z\u00fclm\u0259t\u0259 q\u0259rq olub&#8221;.<\/em><\/p>\n\n\n\n<p>Qarda\u015f\u0131 \u0130ntizam \u018fliyev d\u0259 v\u0259ziyy\u0259tin d\u00f6z\u00fclm\u0259z oldu\u011fundan gileyl\u0259nir:<\/p>\n\n\n<div class=\"wp-block-image\">\n<figure class=\"aligncenter size-large\"><img decoding=\"async\" width=\"1200\" height=\"675\" data-src=\"https:\/\/www.meydan.tv\/wp-content\/uploads\/img-20240116-wa00141-1200x675.jpg\" alt=\"\" class=\"wp-image-295849 lazyload\" src=\"data:image\/svg+xml;base64,PHN2ZyB3aWR0aD0iMSIgaGVpZ2h0PSIxIiB4bWxucz0iaHR0cDovL3d3dy53My5vcmcvMjAwMC9zdmciPjwvc3ZnPg==\" style=\"--smush-placeholder-width: 1200px; --smush-placeholder-aspect-ratio: 1200\/675;\" \/><\/figure>\n<\/div>\n\n\n<p>&#8220;<em>Bu ev taxtadan y\u0131\u011f\u0131l\u0131b. \u00c7\u00f6ld\u0259n soyuq olmas\u0131n dey\u0259 pal\u00e7\u0131qla suvay\u0131r\u0131q. Evin bir ota\u011f\u0131 \u00e7\u00f6k\u00fcb. Yenid\u0259n pal\u00e7\u0131qdan suvad\u0131q, yamad\u0131q. P\u0259nc\u0259r\u0259l\u0259rd\u0259 \u015f\u00fc\u015f\u0259si olan da var, olmayana da sellofan vurmu\u015fuq. Buz kimidir otaqlar. He\u00e7 bir \u015f\u0259raiti, mebeli, p\u0259nc\u0259r\u0259l\u0259rin p\u0259rd\u0259si yoxdur. Kim k\u00f6hn\u0259 \u00f6rt\u00fck v\u0259 palaz verir onu d\u00f6\u015f\u0259m\u0259y\u0259 s\u0259ririk&#8221;.<\/em><\/p>\n\n\n\n<p><em>&#8220;Ev da\u011f\u0131l\u0131b-t\u00f6k\u00fcl\u00fcr. N\u0259 d\u00f6\u015f\u0259m\u0259, n\u0259 tavan, n\u0259 d\u0259 divarlar yararl\u0131d\u0131r. Ya\u011f\u0131\u015f ya\u011f\u0131r, dam\u0131r, h\u0259\u015f\u0259rat ev\u0259 girir. Kim k\u00f6hn\u0259 geyimini verir, onu geyinirik. M\u0259kt\u0259bli q\u0131z \u00f6vlad\u0131m var, ona bel\u0259 geyim tap\u0131lm\u0131r ki, vaxt\u0131nda m\u0259kt\u0259b\u0259 getsin. F\u0259hl\u0259 i\u015fi olsa, i\u015fl\u0259yib \u0259rzaq alar\u0131q. On ildir ki, ald\u0131\u011f\u0131m 150 manatl\u0131q \u0259lillik pensiyas\u0131n\u0131n \u00fcmidin\u0259 qalm\u0131\u015f\u0131q. K\u0259ndd\u0259 \u0259n ehtiyacl\u0131 ail\u0259 bizik, \u0259n q\u0259zal\u0131 ev d\u0259 bizimdir&#8221;, <\/em>&#8211; dey\u0259 o qeyd edib.<\/p>\n\n\n\n<p><strong>&#8220;D\u0259rdd\u0259n, \u00e7ar\u0259sizlikd\u0259n \u0259s\u0259b x\u0259st\u0259liyi tapm\u0131\u015f\u0131q&#8221;<\/strong><\/p>\n\n\n\n<p>Otaqdak\u0131 \u00fc\u00e7 k\u00f6hn\u0259 yataq \u00e7arpay\u0131s\u0131 ail\u0259nin sahib oldu\u011fu mebeldir.<\/p>\n\n\n\n<p>Torpaq \u00f6rt\u00fckl\u00fc m\u0259tb\u0259x is\u0259 he\u00e7 d\u0259 \u00fcr\u0259ka\u00e7an v\u0259ziyy\u0259td\u0259 deyil.<\/p>\n\n\n\n<p>H\u0259sr\u0259t \u018fliyeva deyir ki, tale he\u00e7 vaxt ail\u0259sinin \u00fcz\u00fcn\u0259 g\u00fclm\u0259yib.<\/p>\n\n\n<div class=\"wp-block-image\">\n<figure class=\"aligncenter size-large\"><img decoding=\"async\" width=\"1200\" height=\"675\" data-src=\"https:\/\/www.meydan.tv\/wp-content\/uploads\/img-20240116-wa00151-1200x675.jpg\" alt=\"\" class=\"wp-image-295846 lazyload\" src=\"data:image\/svg+xml;base64,PHN2ZyB3aWR0aD0iMSIgaGVpZ2h0PSIxIiB4bWxucz0iaHR0cDovL3d3dy53My5vcmcvMjAwMC9zdmciPjwvc3ZnPg==\" style=\"--smush-placeholder-width: 1200px; --smush-placeholder-aspect-ratio: 1200\/675;\" \/><\/figure>\n<\/div>\n\n\n<p>Valideynl\u0259ri vaxts\u0131z \u00f6vlad \u00f6l\u00fcm\u00fc d\u0259rdind\u0259n d\u00fcnyas\u0131n\u0131 d\u0259yi\u015fib. Ki\u00e7ik qarda\u015f\u0131 \u0130ntizam \u018fliyev yerim\u0259 \u0259ng\u0259lli oldu\u011fu \u00fc\u00e7\u00fcn III qrup \u0259lildir.<\/p>\n\n\n\n<p>H\u0259yat yolda\u015f\u0131 Nahid\u0259 a\u011f\u0131r ya\u015fam \u015f\u0259raitind\u0259n \u0259s\u0259b x\u0259st\u0259sidir. Dig\u0259r b\u00f6y\u00fck qarda\u015f\u0131 Veyis is\u0259 imkans\u0131zl\u0131qdan ail\u0259 qura bilm\u0259yib. Ail\u0259nin g\u0259lir m\u0259nb\u0259yi bac\u0131 v\u0259 qarda\u015f\u0131n g\u00fcnd\u0259lik f\u0259hl\u0259lik qazanc\u0131d\u0131r. O da g\u00fcnd\u0259lik olmur, b\u0259z\u0259n g\u00fcnl\u0259rl\u0259 i\u015f tap\u0131lm\u0131r.<\/p>\n\n\n<div class=\"wp-block-image\">\n<figure class=\"aligncenter size-large\"><img decoding=\"async\" width=\"1200\" height=\"675\" data-src=\"https:\/\/www.meydan.tv\/wp-content\/uploads\/img-20240116-wa00161-1200x675.jpg\" alt=\"\" class=\"wp-image-295843 lazyload\" src=\"data:image\/svg+xml;base64,PHN2ZyB3aWR0aD0iMSIgaGVpZ2h0PSIxIiB4bWxucz0iaHR0cDovL3d3dy53My5vcmcvMjAwMC9zdmciPjwvc3ZnPg==\" style=\"--smush-placeholder-width: 1200px; --smush-placeholder-aspect-ratio: 1200\/675;\" \/><\/figure>\n<\/div>\n\n\n<p>Onun s\u00f6zl\u0259rin\u0259 g\u00f6r\u0259, ail\u0259nin miskin h\u0259yat\u0131, a\u011f\u0131r g\u00fcz\u0259ran\u0131 ail\u0259 \u00fczvl\u0259rini d\u0259 x\u0259st\u0259 edib:<\/p>\n\n\n\n<p><em>&#8220;Odun alma\u011fa da pul yoxdur. Qaz\u0131 da istifad\u0259 etmirik, \u00e7\u00fcnki 30-40 manat qaz pulunu nec\u0259 ver\u0259c\u0259yik? Yem\u0259yi, \u00e7ay\u0131 bel\u0259 sobada \u00e7\u0259tinlikl\u0259 \u0259rs\u0259y\u0259 g\u0259tiririk. Bir plit\u0259 var, o da \u00e7\u00f6r\u0259k bi\u015firm\u0259k \u00fc\u00e7\u00fcnd\u00fcr. G\u00fcnl\u0259rl\u0259 qaranl\u0131qda oturmu\u015fuq, borca g\u00f6r\u0259 elektriki k\u0259sibl\u0259r. G\u00fccl\u0259 h\u0259r ay 5-10 manat \u00f6d\u0259yirik ki, borc azals\u0131n, k\u0259sm\u0259sinl\u0259r. Bu evd\u0259 h\u0259r birimiz x\u0259st\u0259yik. D\u0259rdd\u0259n, \u00e7ar\u0259sizlikd\u0259n \u0259s\u0259b x\u0259st\u0259liyi tapm\u0131\u015f\u0131q. \u015e\u0259raitsizlik, n\u0259mi\u015f ev x\u0259st\u0259likdir&#8221;.<\/em><\/p>\n\n\n\n<p>&#8220;<em>Pay torpa\u011f\u0131m\u0131z yoxdur, h\u0259y\u0259tyan\u0131 sah\u0259 on sotdur. N\u0259 \u0259k\u0259k, n\u0259 bec\u0259r\u0259k orada? Avam, t\u0259hsilsiz yetim b\u00f6y\u00fcd\u00fck. M\u0259n i\u015f olanda ev t\u0259mizliyin\u0259 gedir\u0259m, b\u00f6y\u00fck qarda\u015f\u0131m da qap\u0131larda f\u0259hl\u0259lik edir. O da \u0259rza\u011fa, kommunala bel\u0259 yetmir. Ki\u00e7ik qarda\u015f\u0131m \u0259lildir, yeriy\u0259 bilmir, durur y\u0131x\u0131l\u0131r. Ona III qrup d\u00fc\u015f\u00fcr. Ona b\u0259z\u0259n kims\u0259 g\u0259tirib n\u0259zir verir. Bir d\u0259 dolan\u0131\u015f\u0131\u011f\u0131 \u0259lillik pensiyas\u0131 il\u0259dir. N\u0259 \u00fcnvanl\u0131 sosial yard\u0131m ala bilirik, n\u0259 d\u0259 i\u015f tapa bilirik ki, ayl\u0131q g\u0259lir olsun, evi tik\u0259k&#8221;, <\/em>&#8211; dey\u0259 H\u0259sr\u0259t \u018fliyeva vur\u011fulay\u0131r.<\/p>\n\n\n<div class=\"wp-block-image\">\n<figure class=\"aligncenter size-large\"><img decoding=\"async\" width=\"1200\" height=\"675\" data-src=\"https:\/\/www.meydan.tv\/wp-content\/uploads\/img-20240116-wa00171-1200x675.jpg\" alt=\"\" class=\"wp-image-295840 lazyload\" src=\"data:image\/svg+xml;base64,PHN2ZyB3aWR0aD0iMSIgaGVpZ2h0PSIxIiB4bWxucz0iaHR0cDovL3d3dy53My5vcmcvMjAwMC9zdmciPjwvc3ZnPg==\" style=\"--smush-placeholder-width: 1200px; --smush-placeholder-aspect-ratio: 1200\/675;\" \/><\/figure>\n<\/div>\n\n\n<p><strong>&#8220;D\u00f6vl\u0259td\u0259n evimizin tikintisin\u0259 k\u00f6m\u0259k ist\u0259yirik&#8221;<\/strong><\/p>\n\n\n\n<p>\u018fliyevl\u0259r deyirl\u0259r ki, \u00fc\u00e7 il \u00f6nc\u0259 G\u00f6y\u00e7ay Rayon \u0130cra Hakimiyy\u0259tind\u0259 v\u0259 M\u0259\u015f\u011fulluq Xidm\u0259tind\u0259 olublar, evin q\u0259zal\u0131 durumunu v\u0259 i\u015f ehtiyaclar\u0131n\u0131 bildiribl\u0259r. Ev\u0259 bax\u0131\u015f ke\u00e7irib, \u015f\u0259klini \u00e7\u0259ks\u0259l\u0259r d\u0259, ancaq ail\u0259y\u0259 k\u00f6m\u0259k edilm\u0259yib:<\/p>\n\n\n\n<p>&#8220;<em>\u0130cra Hakimiyy\u0259tin\u0259 d\u0259rdimizi dedik. G\u0259lib evin \u015f\u0259kill\u0259rini \u00e7\u0259kib getdil\u0259r. Ancaq k\u00f6m\u0259k olmad\u0131, bir t\u0259k b\u0259l\u0259diyy\u0259y\u0259 g\u00f6st\u0259ri\u015f oldu, o da ki\u00e7ik paketd\u0259 \u0259rzaq yard\u0131m\u0131 verdi. M\u0259\u015f\u011fulluqda is\u0259 \u0259lilliyim\u0259 bax\u0131b dedil\u0259r ki, t\u0259krar yoxlan\u0131\u015f edilib d\u00fczg\u00fcn \u0259lillik d\u0259r\u0259c\u0259si olmal\u0131d\u0131r. S\u0259n\u0259 i\u015f d\u00fc\u015fm\u00fcr. \u00dc\u00e7\u00fcnc\u00fc qrup olmal\u0131 deyil\u0259m, ayaq\u00fcst\u0259 d\u0259 dura bilmir\u0259m. Ancaq kim\u0259 deyirs\u0259n?&nbsp; Baxan yoxdur. On ildir ki, s\u00fcr\u00fcn\u00fcb bunu alm\u0131\u015fam, ancaq anadang\u0259lm\u0259 \u0259lil\u0259m. Dan\u0131\u015fma\u011fa da \u00e7\u0259kinir\u0259m ki, g\u0259lib onu da k\u0259s\u0259c\u0259kl\u0259r. Pis g\u00fcz\u0259ran, t\u0259hsilsiz h\u0259yat be\u015f adam\u0131 bir ota\u011fa m\u0259hkum edib&#8221;.<\/em><\/p>\n\n\n<div class=\"wp-block-image\">\n<figure class=\"alignleft size-large is-resized\"><img decoding=\"async\" width=\"932\" height=\"821\" data-src=\"https:\/\/www.meydan.tv\/wp-content\/uploads\/img-20240116-wa00561-932x821.jpg\" alt=\"\" class=\"wp-image-295837 lazyload\" style=\"--smush-placeholder-width: 932px; --smush-placeholder-aspect-ratio: 932\/821;width:356px;height:auto\" src=\"data:image\/svg+xml;base64,PHN2ZyB3aWR0aD0iMSIgaGVpZ2h0PSIxIiB4bWxucz0iaHR0cDovL3d3dy53My5vcmcvMjAwMC9zdmciPjwvc3ZnPg==\" \/><\/figure>\n<\/div>\n\n\n<p><em>&#8220;Evin bir hiss\u0259si \u00fcst\u00fcm\u0259 u\u00e7du, yamad\u0131q. Bel\u0259 torpaq komada m\u0259murlar ya\u015fayar? D\u00f6vl\u0259t biz\u0259 k\u00f6m\u0259k etsin ki, bu evi ki\u00e7ik d\u0259 olsa ev \u015f\u0259klin\u0259 salaq. Biz d\u0259 normal v\u0259t\u0259nda\u015f kimi normal evd\u0259 ya\u015fayaq. Bir ota\u011f\u0131 m\u0259cburiyy\u0259td\u0259n iki yer\u0259 b\u00f6lm\u00fc\u015f\u00fck. \u0130ki bac\u0131m ail\u0259lidir, onlar da kas\u0131b ya\u015fay\u0131r, d\u0259rdl\u0259rini g\u00fccl\u0259 \u00e7\u0259kir. V\u0259t\u0259nda\u015f kimi d\u00f6vl\u0259td\u0259n k\u00f6m\u0259k ist\u0259yirik ki, evin tikintisind\u0259 k\u00f6m\u0259k etsin&#8221;,<\/em> &#8211; dey\u0259 o bildirib.<\/p>\n\n\n\n<p><\/p>\n\n\n\n<p><strong>Aidiyy\u0259ti qurumlar n\u0259 deyir?<\/strong><\/p>\n\n\n\n<p>D\u00f6vl\u0259t Sosial M\u00fcdafi\u0259 Fondundan R\u0259\u015fad Mehdili Meydan TV-y\u0259 deyib ki, ail\u0259 il\u0259 \u0259laq\u0259 saxlay\u0131b m\u0259lumatlar\u0131 g\u00f6t\u00fcrs\u0259l\u0259r d\u0259, ail\u0259 \u00fczvl\u0259rinin m\u0259\u015f\u011fullu\u011fu olmad\u0131\u011f\u0131na g\u00f6r\u0259 onlara \u00fcnvanl\u0131 sosial yard\u0131m d\u00fc\u015fm\u00fcr.<\/p>\n\n\n\n<p><em>&#8220;Ail\u0259nin sosial yard\u0131m almaq h\u00fcququnun m\u00fc\u0259yy\u0259nl\u0259\u015fdirilm\u0259si \u00fc\u00e7\u00fcn suallar verilib. M\u0259lum olub ki, ail\u0259 5 n\u0259f\u0259rd\u0259n ( \u018fliyeva H\u0259sr\u0259t , iki qarda\u015f\u0131, qarda\u015f\u0131n\u0131n h\u0259yat yolda\u015f\u0131 v\u0259 13 ya\u015fl\u0131 \u00f6vlad\u0131) ibar\u0259tdir. Ail\u0259 \u00fczv\u00fc olan \u0130ntizam \u018fliyev III d\u0259r\u0259c\u0259 \u0259lilliyi olan \u015f\u0259xsdir. Ail\u0259nin \u0259m\u0259k qabiliyy\u0259tli 4 \u00fczv\u00fc m\u0259\u015f\u011ful \u015f\u0259xs deyil. Bu s\u0259b\u0259bd\u0259n d\u0259 ail\u0259nin \u00fcnvanl\u0131 sosial yard\u0131m almaq h\u00fcququ yaranm\u0131r. Ail\u0259nin \u0259m\u0259k qabiliyy\u0259tli \u00fczvl\u0259rinin m\u0259\u015f\u011fullu\u011fu t\u0259min olunarsa, \u00fcnvanl\u0131 d\u00f6vl\u0259t sosial yard\u0131mla ba\u011fl\u0131 m\u00fcraci\u0259t edildiyi halda ail\u0259nin h\u00fcququna bax\u0131la bil\u0259r&#8221;.<\/em><\/p>\n\n\n<div class=\"wp-block-image\">\n<figure class=\"alignright size-full is-resized\"><img decoding=\"async\" width=\"1000\" height=\"566\" data-src=\"https:\/\/www.meydan.tv\/wp-content\/uploads\/resad_mehdili.jpg\" alt=\"\" class=\"wp-image-293848 lazyload\" style=\"--smush-placeholder-width: 1000px; --smush-placeholder-aspect-ratio: 1000\/566;width:358px;height:auto\" src=\"data:image\/svg+xml;base64,PHN2ZyB3aWR0aD0iMSIgaGVpZ2h0PSIxIiB4bWxucz0iaHR0cDovL3d3dy53My5vcmcvMjAwMC9zdmciPjwvc3ZnPg==\" \/><figcaption class=\"wp-element-caption\">R\u0259\u015fad Mehdili. Foto: &#8220;vergiler.az<\/figcaption><\/figure>\n<\/div>\n\n\n<p>Ail\u0259nin m\u00fcraci\u0259ti D\u00f6vl\u0259t M\u0259\u015f\u011fulluq Agentliyind\u0259 ara\u015fd\u0131r\u0131lsa da, yekunda i\u015f \u00fc\u00e7\u00fcn regional filiala qeydiyyata yaz\u0131lmaq m\u0259sl\u0259h\u0259t g\u00f6r\u00fcl\u00fcb:<\/p>\n\n\n\n<p>&#8220;<em>Ail\u0259nin m\u00fcraci\u0259tinin \u0259sas m\u0259qs\u0259di m\u0259nzil t\u0259minat\u0131 v\u0259 \u00fcnvanl\u0131 d\u00f6vl\u0259t sosial yard\u0131m\u0131 il\u0259 \u0259laq\u0259dar idi. \u0130ntizam \u018fliyevin v\u0259 onun h\u0259yat yolda\u015f\u0131 \u018fliyeva Nahid\u0259 \u018fl\u0259ddin q\u0131z\u0131n\u0131n i\u015fl\u0259m\u0259k qabiliyy\u0259ti yoxdur. Ail\u0259 yaln\u0131z \u0130ntizam \u018fliyevin bac\u0131s\u0131 \u018fliyeva H\u0259sr\u0259t \u0130mar\u0259ddin q\u0131z\u0131n\u0131n i\u015fl\u0259 t\u0259min olunmaq ist\u0259diyini bildirib. Bununla ba\u011fl\u0131 v\u0259t\u0259nda\u015f\u0131n M\u0259rk\u0259zi Aran Regional M\u0259\u015f\u011fulluq filial\u0131n\u0131n G\u00f6y\u00e7ay Rayon Xidm\u0259t \u015e\u00f6b\u0259sin\u0259 yax\u0131nla\u015fmas\u0131 t\u00f6vsiy\u0259 olunub&#8221;<\/em>.<\/p>\n\n\n\n<p><strong>&#8220;B\u0259l\u0259diyy\u0259nin hesab\u0131nda pul yoxdur ki, ev tiksin&#8230;&#8221;<\/strong><\/p>\n\n\n\n<p>X\u0259litli k\u0259nd b\u0259l\u0259diyy\u0259sind\u0259n is\u0259 ail\u0259nin ehtiyac i\u00e7ind\u0259 ya\u015fad\u0131\u011f\u0131&nbsp; v\u0259 evsizlikd\u0259n \u0259ziyy\u0259t \u00e7\u0259kdiyi t\u0259sdiq edilib. Amma ev tikm\u0259k \u00fc\u00e7\u00fcn b\u0259l\u0259diyy\u0259nin hesab\u0131nda v\u0259saitin olmad\u0131\u011f\u0131 vur\u011fulan\u0131b:<\/p>\n\n\n\n<p>&#8220;<em>Bu ail\u0259 m\u00fcraci\u0259t edib, icra hakimiy\u0259tind\u0259n d\u0259 g\u0259lib bax\u0131blar.&nbsp; Evd\u0259n \u015f\u0259kill\u0259r \u00e7\u0259kils\u0259 d\u0259, k\u00f6m\u0259k ed\u0259 bilm\u0259dil\u0259r. Deyirl\u0259r ki, m\u00fcraci\u0259t ed\u0259n bel\u0259 imkans\u0131z ail\u0259l\u0259r \u00e7oxdur, hans\u0131na k\u00f6m\u0259k ed\u0259k? Pensiya, n\u0259zir il\u0259 birt\u0259h\u0259r dolan\u0131rlar, ancaq evl\u0259ri b\u0259rbadd\u0131r. H\u0259rd\u0259n k\u0259nd camaat\u0131 geyimd\u0259n, \u0259rzaqdan qism\u0259n k\u00f6m\u0259k edir. Yen\u0259 bir ail\u0259nin ad\u0131na bank hesab\u0131 a\u00e7\u0131lsa, biz d\u0259 payla\u015f\u0131b yard\u0131m toplay\u0131b k\u00f6m\u0259k ed\u0259 bil\u0259rik. B\u0259l\u0259diyy\u0259nin hesab\u0131nda pul yoxdur ki, ev tiksin. Bel\u0259 bir imkana sahib deyilik&#8221;.<\/em><\/p>\n\n\n\n<p><strong><em>&#8220;<\/em>Yen\u0259 \u00f6z \u00fcmidimiz\u0259 qald\u0131q, s\u00fcr\u00fcn\u0259c\u0259yik&#8221;<\/strong><\/p>\n\n\n\n<p>G\u00f6y\u00e7ay Rayon \u0130cra Hakimiyy\u0259ti is\u0259 ail\u0259min m\u00fcraci\u0259ti il\u0259 ba\u011fl\u0131 Meydan TV-nin sor\u011fusunu cavabland\u0131rmaqdan imtina edib.<\/p>\n\n\n<div class=\"wp-block-image\">\n<figure class=\"aligncenter size-large\"><img decoding=\"async\" width=\"1200\" height=\"805\" data-src=\"https:\/\/www.meydan.tv\/wp-content\/uploads\/b4d7bde825f0ae10de0993c9957f6376-1200x805.jpg\" alt=\"G\u00f6y\u00e7ay Rayon \u0130cra Hakimiyy\u0259ti\" class=\"wp-image-133786 lazyload\" src=\"data:image\/svg+xml;base64,PHN2ZyB3aWR0aD0iMSIgaGVpZ2h0PSIxIiB4bWxucz0iaHR0cDovL3d3dy53My5vcmcvMjAwMC9zdmciPjwvc3ZnPg==\" style=\"--smush-placeholder-width: 1200px; --smush-placeholder-aspect-ratio: 1200\/805;\" \/><figcaption class=\"wp-element-caption\">Foto: arxiv<\/figcaption><\/figure>\n<\/div>\n\n\n<p>\u018fliyevl\u0259r is\u0259 deyirl\u0259r ki, m\u00fcraci\u0259tl\u0259rind\u0259n sonra nazirlikd\u0259n \u0259laq\u0259 saxlan\u0131lsa da, \u00fcmumi sual-cavabdan sonra k\u00f6m\u0259k ed\u0259 bilm\u0259y\u0259c\u0259kl\u0259rini bildiribl\u0259r:<\/p>\n\n\n\n<p>&#8220;<em>\u018fm\u0259k v\u0259 \u018fhalinin Sosial M\u00fcdafi\u0259si Nazirliyind\u0259n z\u0259ng g\u0259ldi, biz\u0259 \u00fcnvanl\u0131 sosial yard\u0131m d\u00fc\u015fm\u0259diyini v\u0259 ev m\u0259s\u0259l\u0259sin\u0259 onlar\u0131n baxmad\u0131\u011f\u0131n\u0131 dedil\u0259r. M\u0259\u015f\u011fulluq Agentliyind\u0259n is\u0259 dedil\u0259r ki, gedib i\u015f qeydiyyat\u0131na d\u00fc\u015f\u00fcn, s\u00fcp\u00fcrg\u0259\u00e7i i\u015fi olarsa, i\u015fl\u0259y\u0259rsiniz. Yen\u0259 \u00f6z \u00fcmidimiz\u0259 qald\u0131q, s\u00fcr\u00fcn\u0259c\u0259yik&#8221;.<\/em><\/p>\n","protected":false},"excerpt":{"rendered":"<p>5 n\u0259f\u0259rlik ail\u0259 ev tikintisi \u00fc\u00e7\u00fcn d\u00f6vl\u0259td\u0259n k\u00f6m\u0259k ist\u0259yir 48 &#8230; <\/p>\n<p class=\"read-more-container\"><a title=\"45 ildir ki, pal\u00e7\u0131q daxmada ya\u015fayan ail\u0259: &#8220;Burada m\u0259murlar ya\u015fayar?&#8221;\" class=\"read-more button\" href=\"https:\/\/www.meydan.tv\/az\/article\/45-ildir-ki-palciq-komada-yasayan-aile-burada-memurlar-yasayar\/#more-295855\" aria-label=\"Read more about 45 ildir ki, pal\u00e7\u0131q daxmada ya\u015fayan ail\u0259: &#8220;Burada m\u0259murlar ya\u015fayar?&#8221;\">Davam\u0131<\/a><\/p>\n","protected":false},"author":8,"featured_media":295852,"comment_status":"closed","ping_status":"closed","sticky":false,"template":"","format":"standard","meta":{"_acf_changed":false,"_sitemap_exclude":false,"_sitemap_priority":"","_sitemap_frequency":"","footnotes":""},"categories":[60,79,56],"tags":[],"class_list":["post-295855","post","type-post","status-publish","format-standard","has-post-thumbnail","hentry","category-bolge","category-featured","category-xeberler","infinite-scroll-item","generate-columns","tablet-grid-50","mobile-grid-100","grid-parent","grid-33","no-featured-image-padding"],"acf":[],"yoast_head":"<!-- This site is optimized with the Yoast SEO plugin v27.4 - https:\/\/yoast.com\/product\/yoast-seo-wordpress\/ -->\n<title>45 ildir ki, pal\u00e7\u0131q daxmada ya\u015fayan ail\u0259: &quot;Burada m\u0259murlar ya\u015fayar?&quot; - MEYDAN.TV<\/title>\n<meta name=\"robots\" content=\"index, follow, max-snippet:-1, max-image-preview:large, max-video-preview:-1\" \/>\n<link rel=\"canonical\" href=\"https:\/\/www.meydan.tv\/az\/article\/45-ildir-ki-palciq-komada-yasayan-aile-burada-memurlar-yasayar\/\" \/>\n<meta property=\"og:locale\" content=\"az_AZ\" \/>\n<meta property=\"og:type\" content=\"article\" \/>\n<meta property=\"og:title\" content=\"45 ildir ki, pal\u00e7\u0131q daxmada ya\u015fayan ail\u0259: &quot;Burada m\u0259murlar ya\u015fayar?&quot; - MEYDAN.TV\" \/>\n<meta property=\"og:description\" content=\"5 n\u0259f\u0259rlik ail\u0259 ev tikintisi \u00fc\u00e7\u00fcn d\u00f6vl\u0259td\u0259n k\u00f6m\u0259k ist\u0259yir 48 ... Davam\u0131\" \/>\n<meta property=\"og:url\" content=\"https:\/\/www.meydan.tv\/az\/article\/45-ildir-ki-palciq-komada-yasayan-aile-burada-memurlar-yasayar\/\" \/>\n<meta property=\"og:site_name\" content=\"MEYDAN.TV\" \/>\n<meta property=\"article:published_time\" content=\"2024-01-23T07:38:53+00:00\" \/>\n<meta property=\"article:modified_time\" content=\"2024-01-23T07:46:51+00:00\" \/>\n<meta property=\"og:image\" content=\"https:\/\/www.meydan.tv\/wp-content\/uploads\/img-20240116-wa00131.jpg\" \/>\n\t<meta property=\"og:image:width\" content=\"1600\" \/>\n\t<meta property=\"og:image:height\" content=\"1047\" \/>\n\t<meta property=\"og:image:type\" content=\"image\/jpeg\" \/>\n<meta name=\"author\" content=\"elli\" \/>\n<meta name=\"twitter:card\" content=\"summary_large_image\" \/>\n<meta name=\"twitter:creator\" content=\"@elli\" \/>\n<script type=\"application\/ld+json\" class=\"yoast-schema-graph\">{\"@context\":\"https:\\\/\\\/schema.org\",\"@graph\":[{\"@type\":\"Article\",\"@id\":\"https:\\\/\\\/www.meydan.tv\\\/az\\\/article\\\/45-ildir-ki-palciq-komada-yasayan-aile-burada-memurlar-yasayar\\\/#article\",\"isPartOf\":{\"@id\":\"https:\\\/\\\/www.meydan.tv\\\/az\\\/article\\\/45-ildir-ki-palciq-komada-yasayan-aile-burada-memurlar-yasayar\\\/\"},\"author\":{\"name\":\"elli\",\"@id\":\"https:\\\/\\\/www.meydan.tv\\\/az\\\/#\\\/schema\\\/person\\\/9cdbecf90d17180ce1dfbd95b08dcf47\"},\"headline\":\"45 ildir ki, pal\u00e7\u0131q daxmada ya\u015fayan ail\u0259: &#8220;Burada m\u0259murlar ya\u015fayar?&#8221;\",\"datePublished\":\"2024-01-23T07:38:53+00:00\",\"dateModified\":\"2024-01-23T07:46:51+00:00\",\"mainEntityOfPage\":{\"@id\":\"https:\\\/\\\/www.meydan.tv\\\/az\\\/article\\\/45-ildir-ki-palciq-komada-yasayan-aile-burada-memurlar-yasayar\\\/\"},\"wordCount\":1827,\"publisher\":{\"@id\":\"https:\\\/\\\/www.meydan.tv\\\/az\\\/#organization\"},\"image\":{\"@id\":\"https:\\\/\\\/www.meydan.tv\\\/az\\\/article\\\/45-ildir-ki-palciq-komada-yasayan-aile-burada-memurlar-yasayar\\\/#primaryimage\"},\"thumbnailUrl\":\"https:\\\/\\\/www.meydan.tv\\\/wp-content\\\/uploads\\\/img-20240116-wa00131.jpg\",\"articleSection\":[\"B\u00f6lg\u0259\",\"T\u00f6vsiy\u0259\",\"X\u0259b\u0259rl\u0259r\"],\"inLanguage\":\"az\"},{\"@type\":\"WebPage\",\"@id\":\"https:\\\/\\\/www.meydan.tv\\\/az\\\/article\\\/45-ildir-ki-palciq-komada-yasayan-aile-burada-memurlar-yasayar\\\/\",\"url\":\"https:\\\/\\\/www.meydan.tv\\\/az\\\/article\\\/45-ildir-ki-palciq-komada-yasayan-aile-burada-memurlar-yasayar\\\/\",\"name\":\"45 ildir ki, pal\u00e7\u0131q daxmada ya\u015fayan ail\u0259: \\\"Burada m\u0259murlar ya\u015fayar?\\\" - MEYDAN.TV\",\"isPartOf\":{\"@id\":\"https:\\\/\\\/www.meydan.tv\\\/az\\\/#website\"},\"primaryImageOfPage\":{\"@id\":\"https:\\\/\\\/www.meydan.tv\\\/az\\\/article\\\/45-ildir-ki-palciq-komada-yasayan-aile-burada-memurlar-yasayar\\\/#primaryimage\"},\"image\":{\"@id\":\"https:\\\/\\\/www.meydan.tv\\\/az\\\/article\\\/45-ildir-ki-palciq-komada-yasayan-aile-burada-memurlar-yasayar\\\/#primaryimage\"},\"thumbnailUrl\":\"https:\\\/\\\/www.meydan.tv\\\/wp-content\\\/uploads\\\/img-20240116-wa00131.jpg\",\"datePublished\":\"2024-01-23T07:38:53+00:00\",\"dateModified\":\"2024-01-23T07:46:51+00:00\",\"breadcrumb\":{\"@id\":\"https:\\\/\\\/www.meydan.tv\\\/az\\\/article\\\/45-ildir-ki-palciq-komada-yasayan-aile-burada-memurlar-yasayar\\\/#breadcrumb\"},\"inLanguage\":\"az\",\"potentialAction\":[{\"@type\":\"ReadAction\",\"target\":[\"https:\\\/\\\/www.meydan.tv\\\/az\\\/article\\\/45-ildir-ki-palciq-komada-yasayan-aile-burada-memurlar-yasayar\\\/\"]}]},{\"@type\":\"ImageObject\",\"inLanguage\":\"az\",\"@id\":\"https:\\\/\\\/www.meydan.tv\\\/az\\\/article\\\/45-ildir-ki-palciq-komada-yasayan-aile-burada-memurlar-yasayar\\\/#primaryimage\",\"url\":\"https:\\\/\\\/www.meydan.tv\\\/wp-content\\\/uploads\\\/img-20240116-wa00131.jpg\",\"contentUrl\":\"https:\\\/\\\/www.meydan.tv\\\/wp-content\\\/uploads\\\/img-20240116-wa00131.jpg\",\"width\":1600,\"height\":1047,\"caption\":\"Fotolar: Meydan TV\"},{\"@type\":\"BreadcrumbList\",\"@id\":\"https:\\\/\\\/www.meydan.tv\\\/az\\\/article\\\/45-ildir-ki-palciq-komada-yasayan-aile-burada-memurlar-yasayar\\\/#breadcrumb\",\"itemListElement\":[{\"@type\":\"ListItem\",\"position\":1,\"name\":\"Ana s\u0259hif\u0259\",\"item\":\"https:\\\/\\\/www.meydan.tv\\\/az\\\/\"},{\"@type\":\"ListItem\",\"position\":2,\"name\":\"B\u00f6lg\u0259\",\"item\":\"https:\\\/\\\/www.meydan.tv\\\/az\\\/section\\\/bolge\\\/\"},{\"@type\":\"ListItem\",\"position\":3,\"name\":\"45 ildir ki, pal\u00e7\u0131q daxmada ya\u015fayan ail\u0259: &#8220;Burada m\u0259murlar ya\u015fayar?&#8221;\"}]},{\"@type\":\"WebSite\",\"@id\":\"https:\\\/\\\/www.meydan.tv\\\/az\\\/#website\",\"url\":\"https:\\\/\\\/www.meydan.tv\\\/az\\\/\",\"name\":\"MEYDAN.TV\",\"description\":\"Meydan TV Az\u0259rbaycan\u0131n media m\u0259kan\u0131ndak\u0131 alternativ s\u0259sidir\",\"publisher\":{\"@id\":\"https:\\\/\\\/www.meydan.tv\\\/az\\\/#organization\"},\"potentialAction\":[{\"@type\":\"SearchAction\",\"target\":{\"@type\":\"EntryPoint\",\"urlTemplate\":\"https:\\\/\\\/www.meydan.tv\\\/az\\\/?s={search_term_string}\"},\"query-input\":{\"@type\":\"PropertyValueSpecification\",\"valueRequired\":true,\"valueName\":\"search_term_string\"}}],\"inLanguage\":\"az\"},{\"@type\":\"Organization\",\"@id\":\"https:\\\/\\\/www.meydan.tv\\\/az\\\/#organization\",\"name\":\"Meydan TV\",\"url\":\"https:\\\/\\\/www.meydan.tv\\\/az\\\/\",\"logo\":{\"@type\":\"ImageObject\",\"inLanguage\":\"az\",\"@id\":\"https:\\\/\\\/www.meydan.tv\\\/az\\\/#\\\/schema\\\/logo\\\/image\\\/\",\"url\":\"https:\\\/\\\/www.meydan.tv\\\/wp-content\\\/uploads\\\/2021\\\/07\\\/meydan-logo.svg\",\"contentUrl\":\"https:\\\/\\\/www.meydan.tv\\\/wp-content\\\/uploads\\\/2021\\\/07\\\/meydan-logo.svg\",\"width\":195,\"height\":46,\"caption\":\"Meydan TV\"},\"image\":{\"@id\":\"https:\\\/\\\/www.meydan.tv\\\/az\\\/#\\\/schema\\\/logo\\\/image\\\/\"}},{\"@type\":\"Person\",\"@id\":\"https:\\\/\\\/www.meydan.tv\\\/az\\\/#\\\/schema\\\/person\\\/9cdbecf90d17180ce1dfbd95b08dcf47\",\"name\":\"elli\",\"sameAs\":[\"https:\\\/\\\/x.com\\\/elli\"]}]}<\/script>\n<!-- \/ Yoast SEO plugin. -->","yoast_head_json":{"title":"45 ildir ki, pal\u00e7\u0131q daxmada ya\u015fayan ail\u0259: \"Burada m\u0259murlar ya\u015fayar?\" - MEYDAN.TV","robots":{"index":"index","follow":"follow","max-snippet":"max-snippet:-1","max-image-preview":"max-image-preview:large","max-video-preview":"max-video-preview:-1"},"canonical":"https:\/\/www.meydan.tv\/az\/article\/45-ildir-ki-palciq-komada-yasayan-aile-burada-memurlar-yasayar\/","og_locale":"az_AZ","og_type":"article","og_title":"45 ildir ki, pal\u00e7\u0131q daxmada ya\u015fayan ail\u0259: \"Burada m\u0259murlar ya\u015fayar?\" - MEYDAN.TV","og_description":"5 n\u0259f\u0259rlik ail\u0259 ev tikintisi \u00fc\u00e7\u00fcn d\u00f6vl\u0259td\u0259n k\u00f6m\u0259k ist\u0259yir 48 ... Davam\u0131","og_url":"https:\/\/www.meydan.tv\/az\/article\/45-ildir-ki-palciq-komada-yasayan-aile-burada-memurlar-yasayar\/","og_site_name":"MEYDAN.TV","article_published_time":"2024-01-23T07:38:53+00:00","article_modified_time":"2024-01-23T07:46:51+00:00","og_image":[{"width":1600,"height":1047,"url":"https:\/\/www.meydan.tv\/wp-content\/uploads\/img-20240116-wa00131.jpg","type":"image\/jpeg"}],"author":"elli","twitter_card":"summary_large_image","twitter_creator":"@elli","schema":{"@context":"https:\/\/schema.org","@graph":[{"@type":"Article","@id":"https:\/\/www.meydan.tv\/az\/article\/45-ildir-ki-palciq-komada-yasayan-aile-burada-memurlar-yasayar\/#article","isPartOf":{"@id":"https:\/\/www.meydan.tv\/az\/article\/45-ildir-ki-palciq-komada-yasayan-aile-burada-memurlar-yasayar\/"},"author":{"name":"elli","@id":"https:\/\/www.meydan.tv\/az\/#\/schema\/person\/9cdbecf90d17180ce1dfbd95b08dcf47"},"headline":"45 ildir ki, pal\u00e7\u0131q daxmada ya\u015fayan ail\u0259: &#8220;Burada m\u0259murlar ya\u015fayar?&#8221;","datePublished":"2024-01-23T07:38:53+00:00","dateModified":"2024-01-23T07:46:51+00:00","mainEntityOfPage":{"@id":"https:\/\/www.meydan.tv\/az\/article\/45-ildir-ki-palciq-komada-yasayan-aile-burada-memurlar-yasayar\/"},"wordCount":1827,"publisher":{"@id":"https:\/\/www.meydan.tv\/az\/#organization"},"image":{"@id":"https:\/\/www.meydan.tv\/az\/article\/45-ildir-ki-palciq-komada-yasayan-aile-burada-memurlar-yasayar\/#primaryimage"},"thumbnailUrl":"https:\/\/www.meydan.tv\/wp-content\/uploads\/img-20240116-wa00131.jpg","articleSection":["B\u00f6lg\u0259","T\u00f6vsiy\u0259","X\u0259b\u0259rl\u0259r"],"inLanguage":"az"},{"@type":"WebPage","@id":"https:\/\/www.meydan.tv\/az\/article\/45-ildir-ki-palciq-komada-yasayan-aile-burada-memurlar-yasayar\/","url":"https:\/\/www.meydan.tv\/az\/article\/45-ildir-ki-palciq-komada-yasayan-aile-burada-memurlar-yasayar\/","name":"45 ildir ki, pal\u00e7\u0131q daxmada ya\u015fayan ail\u0259: \"Burada m\u0259murlar ya\u015fayar?\" - MEYDAN.TV","isPartOf":{"@id":"https:\/\/www.meydan.tv\/az\/#website"},"primaryImageOfPage":{"@id":"https:\/\/www.meydan.tv\/az\/article\/45-ildir-ki-palciq-komada-yasayan-aile-burada-memurlar-yasayar\/#primaryimage"},"image":{"@id":"https:\/\/www.meydan.tv\/az\/article\/45-ildir-ki-palciq-komada-yasayan-aile-burada-memurlar-yasayar\/#primaryimage"},"thumbnailUrl":"https:\/\/www.meydan.tv\/wp-content\/uploads\/img-20240116-wa00131.jpg","datePublished":"2024-01-23T07:38:53+00:00","dateModified":"2024-01-23T07:46:51+00:00","breadcrumb":{"@id":"https:\/\/www.meydan.tv\/az\/article\/45-ildir-ki-palciq-komada-yasayan-aile-burada-memurlar-yasayar\/#breadcrumb"},"inLanguage":"az","potentialAction":[{"@type":"ReadAction","target":["https:\/\/www.meydan.tv\/az\/article\/45-ildir-ki-palciq-komada-yasayan-aile-burada-memurlar-yasayar\/"]}]},{"@type":"ImageObject","inLanguage":"az","@id":"https:\/\/www.meydan.tv\/az\/article\/45-ildir-ki-palciq-komada-yasayan-aile-burada-memurlar-yasayar\/#primaryimage","url":"https:\/\/www.meydan.tv\/wp-content\/uploads\/img-20240116-wa00131.jpg","contentUrl":"https:\/\/www.meydan.tv\/wp-content\/uploads\/img-20240116-wa00131.jpg","width":1600,"height":1047,"caption":"Fotolar: Meydan TV"},{"@type":"BreadcrumbList","@id":"https:\/\/www.meydan.tv\/az\/article\/45-ildir-ki-palciq-komada-yasayan-aile-burada-memurlar-yasayar\/#breadcrumb","itemListElement":[{"@type":"ListItem","position":1,"name":"Ana s\u0259hif\u0259","item":"https:\/\/www.meydan.tv\/az\/"},{"@type":"ListItem","position":2,"name":"B\u00f6lg\u0259","item":"https:\/\/www.meydan.tv\/az\/section\/bolge\/"},{"@type":"ListItem","position":3,"name":"45 ildir ki, pal\u00e7\u0131q daxmada ya\u015fayan ail\u0259: &#8220;Burada m\u0259murlar ya\u015fayar?&#8221;"}]},{"@type":"WebSite","@id":"https:\/\/www.meydan.tv\/az\/#website","url":"https:\/\/www.meydan.tv\/az\/","name":"MEYDAN.TV","description":"Meydan TV Az\u0259rbaycan\u0131n media m\u0259kan\u0131ndak\u0131 alternativ s\u0259sidir","publisher":{"@id":"https:\/\/www.meydan.tv\/az\/#organization"},"potentialAction":[{"@type":"SearchAction","target":{"@type":"EntryPoint","urlTemplate":"https:\/\/www.meydan.tv\/az\/?s={search_term_string}"},"query-input":{"@type":"PropertyValueSpecification","valueRequired":true,"valueName":"search_term_string"}}],"inLanguage":"az"},{"@type":"Organization","@id":"https:\/\/www.meydan.tv\/az\/#organization","name":"Meydan TV","url":"https:\/\/www.meydan.tv\/az\/","logo":{"@type":"ImageObject","inLanguage":"az","@id":"https:\/\/www.meydan.tv\/az\/#\/schema\/logo\/image\/","url":"https:\/\/www.meydan.tv\/wp-content\/uploads\/2021\/07\/meydan-logo.svg","contentUrl":"https:\/\/www.meydan.tv\/wp-content\/uploads\/2021\/07\/meydan-logo.svg","width":195,"height":46,"caption":"Meydan TV"},"image":{"@id":"https:\/\/www.meydan.tv\/az\/#\/schema\/logo\/image\/"}},{"@type":"Person","@id":"https:\/\/www.meydan.tv\/az\/#\/schema\/person\/9cdbecf90d17180ce1dfbd95b08dcf47","name":"elli","sameAs":["https:\/\/x.com\/elli"]}]}},"_links":{"self":[{"href":"https:\/\/www.meydan.tv\/az\/wp-json\/wp\/v2\/posts\/295855","targetHints":{"allow":["GET"]}}],"collection":[{"href":"https:\/\/www.meydan.tv\/az\/wp-json\/wp\/v2\/posts"}],"about":[{"href":"https:\/\/www.meydan.tv\/az\/wp-json\/wp\/v2\/types\/post"}],"author":[{"embeddable":true,"href":"https:\/\/www.meydan.tv\/az\/wp-json\/wp\/v2\/users\/8"}],"replies":[{"embeddable":true,"href":"https:\/\/www.meydan.tv\/az\/wp-json\/wp\/v2\/comments?post=295855"}],"version-history":[{"count":4,"href":"https:\/\/www.meydan.tv\/az\/wp-json\/wp\/v2\/posts\/295855\/revisions"}],"predecessor-version":[{"id":295863,"href":"https:\/\/www.meydan.tv\/az\/wp-json\/wp\/v2\/posts\/295855\/revisions\/295863"}],"wp:featuredmedia":[{"embeddable":true,"href":"https:\/\/www.meydan.tv\/az\/wp-json\/wp\/v2\/media\/295852"}],"wp:attachment":[{"href":"https:\/\/www.meydan.tv\/az\/wp-json\/wp\/v2\/media?parent=295855"}],"wp:term":[{"taxonomy":"category","embeddable":true,"href":"https:\/\/www.meydan.tv\/az\/wp-json\/wp\/v2\/categories?post=295855"},{"taxonomy":"post_tag","embeddable":true,"href":"https:\/\/www.meydan.tv\/az\/wp-json\/wp\/v2\/tags?post=295855"}],"curies":[{"name":"wp","href":"https:\/\/api.w.org\/{rel}","templated":true}]}}