{"id":295820,"date":"2024-01-22T23:27:31","date_gmt":"2024-01-22T19:27:31","guid":{"rendered":"https:\/\/www.meydan.tv\/?p=295820"},"modified":"2024-01-23T10:46:06","modified_gmt":"2024-01-23T06:46:06","slug":"azerbaycan-gozelini-doymekde-ittiham-olunan-sirket-rehberi-sifarisle-hebs-edildiyini-deyir","status":"publish","type":"post","link":"https:\/\/www.meydan.tv\/az\/article\/azerbaycan-gozelini-doymekde-ittiham-olunan-sirket-rehberi-sifarisle-hebs-edildiyini-deyir\/","title":{"rendered":"Az\u0259rbaycan g\u00f6z\u0259lini d\u00f6ym\u0259kd\u0259 ittiham olunan \u015firk\u0259t r\u0259hb\u0259ri sifari\u015fl\u0259 h\u0259bs edildiyini deyir"},"content":{"rendered":"\n<p><\/p>\n\n\n\n<p>&nbsp;<strong><em>\u201cH\u0259r bir madd\u0259 \u00fczr\u0259 t\u0259qsirsiz oldu\u011fumu t\u0259sdiql\u0259y\u0259n kifay\u0259t q\u0259d\u0259r s\u00fcbutlar\u0131m var\u201d<\/em><\/strong><\/p>\n\n\n\n<p>2017-ci ild\u0259 Az\u0259rbaycan g\u00f6z\u0259li se\u00e7ilmi\u015f model, \u201cRazi\u201d kimi tan\u0131nan Raziyyat \u018fliyevan\u0131 d\u00f6ym\u0259kd\u0259, \u00f6ld\u00fcrm\u0259kl\u0259 h\u0259d\u0259l\u0259m\u0259kd\u0259, ma\u015f\u0131na ziyan vurmaqda ittiham olunan \u201cPKF Audit Azerbaijan\u201d \u015firk\u0259tinin r\u0259hb\u0259ri Ziya H\u00fcseynzad\u0259 \u00f6z\u00fcn\u00fc t\u0259qsirli bilmir. O, m\u0259hk\u0259m\u0259d\u0259 bildirib ki, ona qar\u015f\u0131 ir\u0259li s\u00fcr\u00fcl\u0259n ittihamlar\u0131n \u0259sass\u0131zl\u0131\u011f\u0131n\u0131, t\u0259qsirsiz oldu\u011funu s\u00fcbut ed\u0259n yet\u0259rinc\u0259 faktlar var.<\/p>\n\n\n\n<p>1989-cu il t\u0259v\u0259ll\u00fcdl\u00fc Ziya H\u00fcseynzad\u0259nin i\u015fin\u0259 Bak\u0131 A\u011f\u0131r Cinay\u0259tl\u0259r M\u0259hk\u0259m\u0259sind\u0259 Siyavu\u015f Hac\u0131yevin s\u0259drliyil\u0259, Ayt\u0259n \u018fliyeva v\u0259 V\u00fcqar Quliyevd\u0259n ibar\u0259t hakiml\u0259r kollegiyas\u0131 bax\u0131r.<br>Razi \u018fliyevan\u0131n \u00f6z\u00fcyl\u0259 yana\u015f\u0131, anas\u0131 Xadijat \u018fliyeva v\u0259 daha bir tan\u0131\u015flar\u0131 G\u00fclnar \u0130sayeva da z\u0259r\u0259r\u00e7\u0259kmi\u015f qismind\u0259 tan\u0131n\u0131b. Lakin onlar\u0131n he\u00e7 biri m\u0259hk\u0259m\u0259y\u0259 g\u0259lmir.<\/p>\n\n\n\n<p>Yanvar\u0131n 22-d\u0259 m\u0259hk\u0259m\u0259d\u0259 prokuror ittiham akt\u0131n\u0131 elan edib. \u0130ttihamda g\u00f6st\u0259rilib ki, Ziya H\u00fcseynzad\u0259 sevgilisi Razi \u018fliyevan\u0131n ona x\u0259yan\u0259t etm\u0259sind\u0259n \u015f\u00fcbh\u0259l\u0259nib. Bu s\u0259b\u0259bd\u0259n aralar\u0131nda m\u00fcbahis\u0259l\u0259r yaran\u0131b. M\u00fcbahis\u0259 zaman\u0131 Ziya H\u00fcseynzad\u0259 Razi \u018fliyevan\u0131 d\u00f6y\u00fcb, bo\u011fub, di\u015fl\u0259yib v\u0259 s. Bundan ba\u015fqa, onun \u00fcst\u00fcn\u0259 b\u0131\u00e7aq \u00e7\u0259k\u0259r\u0259k, \u00f6ld\u00fcrm\u0259kl\u0259 h\u0259d\u0259l\u0259yib. \u0130ttihamda h\u0259m\u00e7inin yaz\u0131l\u0131b ki, Ziya H\u00fcseynzad\u0259 Razi \u018fliyevan\u0131n ya\u015fad\u0131\u011f\u0131 evd\u0259 yox, anas\u0131gild\u0259 oldu\u011funu bil\u0259nd\u0259 ora g\u0259l\u0259r\u0259k, qap\u0131n\u0131 s\u0131nd\u0131r\u0131b, s\u0259s-k\u00fcy sal\u0131b.<\/p>\n\n\n\n<p>Ziya H\u00fcseynzad\u0259y\u0259 qar\u015f\u0131 ittihamlardan biri d\u0259 budur ki, birlikd\u0259 ya\u015fad\u0131qlar\u0131 d\u00f6vrd\u0259 ona bahal\u0131 h\u0259diyy\u0259l\u0259r ald\u0131\u011f\u0131n\u0131, k\u00fclli miqdarda pul x\u0259rcl\u0259diyini \u0259sas g\u0259tir\u0259r\u0259k, sonradan 185 min manat d\u0259y\u0259rind\u0259 \u201cMercedes Gelandewagen\u201d markal\u0131 avtomobili geri ist\u0259yib. Lakin o, verm\u0259kd\u0259n imtina edib. Razi \u018fliyevan\u0131n T\u00fcrkiy\u0259y\u0259 getdiyini bil\u0259nd\u0259 is\u0259 evakuator xidm\u0259tiyl\u0259 dan\u0131\u015f\u0131b v\u0259 h\u0259min avtomobili oldu\u011fu yerd\u0259n g\u00f6t\u00fcr\u00fcb g\u0259tirib, daha sonra s\u0131nd\u0131r\u0131b. \u0130ttihama \u0259sas\u0259n, Ziya H\u00fcseynzad\u0259 avtomobil\u0259 94 min manatl\u0131q ziyan vurub.<\/p>\n\n\n\n<p>Ziya H\u00fcseynzad\u0259y\u0259 qar\u015f\u0131 Cinay\u0259t M\u0259c\u0259ll\u0259sinin 127 (q\u0259sd\u0259n b\u0259d\u0259n\u0259 az a\u011f\u0131r x\u0259sar\u0259t yetirm\u0259), 133 (\u0259zab verm\u0259), 134 (\u00f6ld\u00fcrm\u0259kl\u0259 v\u0259 ya sa\u011flaml\u0131\u011fa a\u011f\u0131r z\u0259r\u0259r vurmaqla h\u0259d\u0259l\u0259m\u0259), 177 (o\u011furluq), 182 (h\u0259d\u0259-qorxu il\u0259 t\u0259l\u0259b etm\u0259), 186 (\u00f6zg\u0259nin \u0259mlak\u0131na ziyan vurma v\u0259 ya q\u0259sd\u0259n m\u0259hv etm\u0259) v\u0259 221-ci (xuliqanl\u0131q) madd\u0259l\u0259ril\u0259 ittiham ir\u0259li s\u00fcr\u00fcl\u00fcb.<\/p>\n\n\n\n<p>Prokurorun elan etdiyi ittihama m\u00fcnasib\u0259t bildir\u0259n Ziya H\u00fcseynzad\u0259 deyib ki, \u00f6z\u00fcn\u00fc t\u0259qsirli bilmir:<\/p>\n\n\n\n<p><em>\u201cHe\u00e7 bir madd\u0259 il\u0259 \u00f6z\u00fcm\u00fc t\u0259qsirli bilmir\u0259m. H\u0259r bir madd\u0259 \u00fczr\u0259 t\u0259qsirsiz oldu\u011fumu t\u0259sdiql\u0259y\u0259n kifay\u0259t q\u0259d\u0259r s\u00fcbutlar\u0131m var\u201d.<\/em><\/p>\n\n\n\n<p>M\u0259hk\u0259m\u0259d\u0259 ona ifad\u0259 verm\u0259k t\u0259klif olunsa da, Ziya H\u00fcseynzad\u0259 \u0259vv\u0259l z\u0259r\u0259r\u00e7\u0259kmi\u015f qismind\u0259 tan\u0131nan modelin \u00f6z\u00fc, anas\u0131 v\u0259 daha bir yax\u0131n adam\u0131n\u0131n ifad\u0259 verm\u0259sini ist\u0259yib:<\/p>\n\n\n\n<p><em>\u201cKiml\u0259r ki m\u0259n\u0259 bu ittihamlar\u0131 yap\u0131\u015fd\u0131r\u0131b, \u0259vv\u0259l onlar ifad\u0259 versinl\u0259r. M\u0259n sonra ifad\u0259 ver\u0259c\u0259m\u201d.<\/em><\/p>\n\n\n\n<p>M\u0259hk\u0259m\u0259nin haz\u0131rl\u0131q iclas\u0131nda Ziya H\u00fcseynzad\u0259 sifari\u015fl\u0259 h\u0259bs olundu\u011funu bildirmi\u015fdi.<br>M\u0259hk\u0259m\u0259 prosesi yanvar\u0131n 31-d\u0259 davam ed\u0259c\u0259k.<\/p>\n\n\n\n<p>Bu cinay\u0259t i\u015fi 2023-c\u00fc ilin iyununda sosial \u015f\u0259b\u0259k\u0259l\u0259rd\u0259 Razi \u018fliyevan\u0131n d\u00f6y\u00fclm\u0259sini \u0259ks etdir\u0259n videonun yay\u0131lmas\u0131ndan sonra ba\u015flay\u0131b.<\/p>\n\n\n\n<p>Model \u201c\u0130nstagram\u201d hesab\u0131ndan yayd\u0131\u011f\u0131 a\u00e7\u0131qlamada iddia edib ki, sevgilisi olmu\u015f Ziya H\u00fcseynzad\u0259 ona v\u0259 ail\u0259sin\u0259 qar\u015f\u0131 zorak\u0131 h\u0259r\u0259k\u0259tl\u0259r edib, onlar\u0131n \u00fcnvan\u0131na t\u0259hqir v\u0259 t\u0259hdid xarakterli ifad\u0259l\u0259r s\u0259sl\u0259ndirib:<\/p>\n\n\n\n<p><em>\u201cDem\u0259k olar, bir il idi ki, m\u0259n\u0259 \u0259zab verirdi. Tan\u0131mad\u0131\u011f\u0131m n\u00f6mr\u0259d\u0259n telefonuma g\u0259l\u0259n mesaja g\u00f6r\u0259 m\u0259ni sutkalarla d\u00f6y\u00fcrd\u00fc. Gedirdi, mesaj\u0131 yazanla g\u00f6r\u00fc\u015f\u00fcrd\u00fc, m\u0259s\u0259l\u0259ni ayd\u0131nla\u015fd\u0131randan sonra g\u0259lib m\u0259n\u0259 bar\u0131\u015fmaq \u00fc\u00e7\u00fcn yalvar\u0131rd\u0131. M\u0259ni evd\u0259 ba\u011flay\u0131rd\u0131 ki, ondan qa\u00e7may\u0131m. Sutkalarla d\u00f6y\u00fcrd\u00fc, b\u0131\u00e7aqla i\u015fg\u0259nc\u0259 verirdi. Sonra da h\u0259r\u0259k\u0259tsiz d\u00fc\u015f\u0259n b\u0259d\u0259nimi hamama s\u00fcr\u00fcy\u00fcb qan\u0131 yuyurdu. M\u0259n is\u0259 ondan qa\u00e7a bilmirdim. Ondan qorxurdum. Qorxurdum ki, kims\u0259 bu haqda \u00f6yr\u0259n\u0259r. Qorxurdum ki, anam bils\u0259, hal\u0131 pisl\u0259\u015f\u0259c\u0259k.<br>O, gizli \u015f\u0259kild\u0259 ba\u015fqas\u0131 il\u0259 nikaha girib, sonra \u00fc\u00e7 d\u0259f\u0259 m\u0259n\u0259 evlilik t\u0259klif edib. Sonuncu d\u0259f\u0259 anam\u0131n yan\u0131na qa\u00e7m\u0131\u015fd\u0131m, o is\u0259 g\u0259lib qap\u0131m\u0131z\u0131 s\u0131nd\u0131rd\u0131. G\u0259lib, t\u0259hdid v\u0259 \u015fantaj edirdi ki, \u0259g\u0259r geri qay\u0131tmasam, m\u0259ni biab\u0131r ed\u0259c\u0259k v\u0259 b\u00fct\u00fcn h\u0259yat\u0131m\u0131 korlayacaq. M\u0259nim yerim\u0259 ba\u015fqas\u0131 olsayd\u0131, \u00e7oxdan \u00f6z\u00fcn\u00fc asard\u0131\u201d.<\/em><\/p>\n\n\n\n<p>Ziya H\u00fcseynzad\u0259 is\u0259 \u00fcnvan\u0131na s\u0259sl\u0259n\u0259n bu fikirl\u0259ri t\u0259kzib edib. O vur\u011fulay\u0131b ki, haqq\u0131nda yay\u0131lan iddialar\u0131n m\u0259qs\u0259di ondan pul qoparmaq, \u00f6z\u00fcn\u00fc v\u0259 ail\u0259sini l\u0259k\u0259l\u0259m\u0259kdir:<\/p>\n\n\n\n<p><em>\u201cHaqq\u0131mda yay\u0131lanlar\u0131n ham\u0131s\u0131 ad\u0131ma v\u0259 ail\u0259m\u0259 l\u0259k\u0259 salmaq, zorla pul t\u0259l\u0259b edilm\u0259si \u00fc\u00e7\u00fcn \u015f\u0259r v\u0259 b\u00f6htan, qarayaxma kampaniyas\u0131d\u0131r. S\u00fcbutlar\u0131m var.<br>M\u0259n\u0259 qar\u015f\u0131 ittihamlar ir\u0259li s\u00fcr\u0259n Razi \u018fliyevan\u0131n \u00f6z\u00fcn\u00fcn insan alverind\u0259 etiraf\u0131 il\u0259 ba\u011fl\u0131 videolar bundan \u00f6nc\u0259 internetd\u0259 \u0259ksini tap\u0131b. Bu s\u0259b\u0259bd\u0259n d\u0259 Razi \u018fliyeva \u00f6z\u00fcnd\u0259n diqq\u0259ti yay\u0131nd\u0131r\u0131r. \u0130st\u0259yir ki, onun qanunsuz h\u0259r\u0259k\u0259tl\u0259ri ara\u015fd\u0131rmadan yay\u0131nd\u0131r\u0131ls\u0131n\u201d.<\/em><\/p>\n","protected":false},"excerpt":{"rendered":"<p>&nbsp;\u201cH\u0259r bir madd\u0259 \u00fczr\u0259 t\u0259qsirsiz oldu\u011fumu t\u0259sdiql\u0259y\u0259n kifay\u0259t q\u0259d\u0259r s\u00fcbutlar\u0131m &#8230; <\/p>\n<p class=\"read-more-container\"><a title=\"Az\u0259rbaycan g\u00f6z\u0259lini d\u00f6ym\u0259kd\u0259 ittiham olunan \u015firk\u0259t r\u0259hb\u0259ri sifari\u015fl\u0259 h\u0259bs edildiyini deyir\" class=\"read-more button\" href=\"https:\/\/www.meydan.tv\/az\/article\/azerbaycan-gozelini-doymekde-ittiham-olunan-sirket-rehberi-sifarisle-hebs-edildiyini-deyir\/#more-295820\" aria-label=\"Read more about Az\u0259rbaycan g\u00f6z\u0259lini d\u00f6ym\u0259kd\u0259 ittiham olunan \u015firk\u0259t r\u0259hb\u0259ri sifari\u015fl\u0259 h\u0259bs edildiyini deyir\">Davam\u0131<\/a><\/p>\n","protected":false},"author":8,"featured_media":295041,"comment_status":"closed","ping_status":"closed","sticky":false,"template":"","format":"standard","meta":{"_acf_changed":false,"_sitemap_exclude":false,"_sitemap_priority":"","_sitemap_frequency":"","footnotes":""},"categories":[62,79,56],"tags":[],"class_list":["post-295820","post","type-post","status-publish","format-standard","has-post-thumbnail","hentry","category-sosial","category-featured","category-xeberler","infinite-scroll-item","generate-columns","tablet-grid-50","mobile-grid-100","grid-parent","grid-33","no-featured-image-padding"],"acf":[],"yoast_head":"<!-- This site is optimized with the Yoast SEO plugin v27.5 - https:\/\/yoast.com\/product\/yoast-seo-wordpress\/ -->\n<title>Az\u0259rbaycan g\u00f6z\u0259lini d\u00f6ym\u0259kd\u0259 ittiham olunan \u015firk\u0259t r\u0259hb\u0259ri sifari\u015fl\u0259 h\u0259bs edildiyini deyir - MEYDAN.TV<\/title>\n<meta name=\"robots\" content=\"index, follow, max-snippet:-1, max-image-preview:large, max-video-preview:-1\" \/>\n<link rel=\"canonical\" href=\"https:\/\/www.meydan.tv\/az\/article\/azerbaycan-gozelini-doymekde-ittiham-olunan-sirket-rehberi-sifarisle-hebs-edildiyini-deyir\/\" \/>\n<meta property=\"og:locale\" content=\"az_AZ\" \/>\n<meta property=\"og:type\" content=\"article\" \/>\n<meta property=\"og:title\" content=\"Az\u0259rbaycan g\u00f6z\u0259lini d\u00f6ym\u0259kd\u0259 ittiham olunan \u015firk\u0259t r\u0259hb\u0259ri sifari\u015fl\u0259 h\u0259bs edildiyini deyir - MEYDAN.TV\" \/>\n<meta property=\"og:description\" content=\"&nbsp;\u201cH\u0259r bir madd\u0259 \u00fczr\u0259 t\u0259qsirsiz oldu\u011fumu t\u0259sdiql\u0259y\u0259n kifay\u0259t q\u0259d\u0259r s\u00fcbutlar\u0131m ... Davam\u0131\" \/>\n<meta property=\"og:url\" content=\"https:\/\/www.meydan.tv\/az\/article\/azerbaycan-gozelini-doymekde-ittiham-olunan-sirket-rehberi-sifarisle-hebs-edildiyini-deyir\/\" \/>\n<meta property=\"og:site_name\" content=\"MEYDAN.TV\" \/>\n<meta property=\"article:published_time\" content=\"2024-01-22T19:27:31+00:00\" \/>\n<meta property=\"article:modified_time\" content=\"2024-01-23T06:46:06+00:00\" \/>\n<meta property=\"og:image\" content=\"https:\/\/www.meydan.tv\/wp-content\/uploads\/model.jpg\" \/>\n\t<meta property=\"og:image:width\" content=\"1920\" \/>\n\t<meta property=\"og:image:height\" content=\"1080\" \/>\n\t<meta property=\"og:image:type\" content=\"image\/jpeg\" \/>\n<meta name=\"author\" content=\"elli\" \/>\n<meta name=\"twitter:card\" content=\"summary_large_image\" \/>\n<meta name=\"twitter:creator\" content=\"@elli\" \/>\n<script type=\"application\/ld+json\" class=\"yoast-schema-graph\">{\"@context\":\"https:\\\/\\\/schema.org\",\"@graph\":[{\"@type\":\"Article\",\"@id\":\"https:\\\/\\\/www.meydan.tv\\\/az\\\/article\\\/azerbaycan-gozelini-doymekde-ittiham-olunan-sirket-rehberi-sifarisle-hebs-edildiyini-deyir\\\/#article\",\"isPartOf\":{\"@id\":\"https:\\\/\\\/www.meydan.tv\\\/az\\\/article\\\/azerbaycan-gozelini-doymekde-ittiham-olunan-sirket-rehberi-sifarisle-hebs-edildiyini-deyir\\\/\"},\"author\":{\"name\":\"elli\",\"@id\":\"https:\\\/\\\/www.meydan.tv\\\/az\\\/#\\\/schema\\\/person\\\/9cdbecf90d17180ce1dfbd95b08dcf47\"},\"headline\":\"Az\u0259rbaycan g\u00f6z\u0259lini d\u00f6ym\u0259kd\u0259 ittiham olunan \u015firk\u0259t r\u0259hb\u0259ri sifari\u015fl\u0259 h\u0259bs edildiyini deyir\",\"datePublished\":\"2024-01-22T19:27:31+00:00\",\"dateModified\":\"2024-01-23T06:46:06+00:00\",\"mainEntityOfPage\":{\"@id\":\"https:\\\/\\\/www.meydan.tv\\\/az\\\/article\\\/azerbaycan-gozelini-doymekde-ittiham-olunan-sirket-rehberi-sifarisle-hebs-edildiyini-deyir\\\/\"},\"wordCount\":1069,\"publisher\":{\"@id\":\"https:\\\/\\\/www.meydan.tv\\\/az\\\/#organization\"},\"image\":{\"@id\":\"https:\\\/\\\/www.meydan.tv\\\/az\\\/article\\\/azerbaycan-gozelini-doymekde-ittiham-olunan-sirket-rehberi-sifarisle-hebs-edildiyini-deyir\\\/#primaryimage\"},\"thumbnailUrl\":\"https:\\\/\\\/www.meydan.tv\\\/wp-content\\\/uploads\\\/model.jpg\",\"articleSection\":[\"Sosial\",\"T\u00f6vsiy\u0259\",\"X\u0259b\u0259rl\u0259r\"],\"inLanguage\":\"az\"},{\"@type\":\"WebPage\",\"@id\":\"https:\\\/\\\/www.meydan.tv\\\/az\\\/article\\\/azerbaycan-gozelini-doymekde-ittiham-olunan-sirket-rehberi-sifarisle-hebs-edildiyini-deyir\\\/\",\"url\":\"https:\\\/\\\/www.meydan.tv\\\/az\\\/article\\\/azerbaycan-gozelini-doymekde-ittiham-olunan-sirket-rehberi-sifarisle-hebs-edildiyini-deyir\\\/\",\"name\":\"Az\u0259rbaycan g\u00f6z\u0259lini d\u00f6ym\u0259kd\u0259 ittiham olunan \u015firk\u0259t r\u0259hb\u0259ri sifari\u015fl\u0259 h\u0259bs edildiyini deyir - MEYDAN.TV\",\"isPartOf\":{\"@id\":\"https:\\\/\\\/www.meydan.tv\\\/az\\\/#website\"},\"primaryImageOfPage\":{\"@id\":\"https:\\\/\\\/www.meydan.tv\\\/az\\\/article\\\/azerbaycan-gozelini-doymekde-ittiham-olunan-sirket-rehberi-sifarisle-hebs-edildiyini-deyir\\\/#primaryimage\"},\"image\":{\"@id\":\"https:\\\/\\\/www.meydan.tv\\\/az\\\/article\\\/azerbaycan-gozelini-doymekde-ittiham-olunan-sirket-rehberi-sifarisle-hebs-edildiyini-deyir\\\/#primaryimage\"},\"thumbnailUrl\":\"https:\\\/\\\/www.meydan.tv\\\/wp-content\\\/uploads\\\/model.jpg\",\"datePublished\":\"2024-01-22T19:27:31+00:00\",\"dateModified\":\"2024-01-23T06:46:06+00:00\",\"breadcrumb\":{\"@id\":\"https:\\\/\\\/www.meydan.tv\\\/az\\\/article\\\/azerbaycan-gozelini-doymekde-ittiham-olunan-sirket-rehberi-sifarisle-hebs-edildiyini-deyir\\\/#breadcrumb\"},\"inLanguage\":\"az\",\"potentialAction\":[{\"@type\":\"ReadAction\",\"target\":[\"https:\\\/\\\/www.meydan.tv\\\/az\\\/article\\\/azerbaycan-gozelini-doymekde-ittiham-olunan-sirket-rehberi-sifarisle-hebs-edildiyini-deyir\\\/\"]}]},{\"@type\":\"ImageObject\",\"inLanguage\":\"az\",\"@id\":\"https:\\\/\\\/www.meydan.tv\\\/az\\\/article\\\/azerbaycan-gozelini-doymekde-ittiham-olunan-sirket-rehberi-sifarisle-hebs-edildiyini-deyir\\\/#primaryimage\",\"url\":\"https:\\\/\\\/www.meydan.tv\\\/wp-content\\\/uploads\\\/model.jpg\",\"contentUrl\":\"https:\\\/\\\/www.meydan.tv\\\/wp-content\\\/uploads\\\/model.jpg\",\"width\":1920,\"height\":1080,\"caption\":\"Ziya H\u00fcseynzad\u0259. Foto: Meydan TV\"},{\"@type\":\"BreadcrumbList\",\"@id\":\"https:\\\/\\\/www.meydan.tv\\\/az\\\/article\\\/azerbaycan-gozelini-doymekde-ittiham-olunan-sirket-rehberi-sifarisle-hebs-edildiyini-deyir\\\/#breadcrumb\",\"itemListElement\":[{\"@type\":\"ListItem\",\"position\":1,\"name\":\"Ana s\u0259hif\u0259\",\"item\":\"https:\\\/\\\/www.meydan.tv\\\/az\\\/\"},{\"@type\":\"ListItem\",\"position\":2,\"name\":\"Sosial\",\"item\":\"https:\\\/\\\/www.meydan.tv\\\/az\\\/section\\\/sosial\\\/\"},{\"@type\":\"ListItem\",\"position\":3,\"name\":\"Az\u0259rbaycan g\u00f6z\u0259lini d\u00f6ym\u0259kd\u0259 ittiham olunan \u015firk\u0259t r\u0259hb\u0259ri sifari\u015fl\u0259 h\u0259bs edildiyini deyir\"}]},{\"@type\":\"WebSite\",\"@id\":\"https:\\\/\\\/www.meydan.tv\\\/az\\\/#website\",\"url\":\"https:\\\/\\\/www.meydan.tv\\\/az\\\/\",\"name\":\"MEYDAN.TV\",\"description\":\"Meydan TV Az\u0259rbaycan\u0131n media m\u0259kan\u0131ndak\u0131 alternativ s\u0259sidir\",\"publisher\":{\"@id\":\"https:\\\/\\\/www.meydan.tv\\\/az\\\/#organization\"},\"potentialAction\":[{\"@type\":\"SearchAction\",\"target\":{\"@type\":\"EntryPoint\",\"urlTemplate\":\"https:\\\/\\\/www.meydan.tv\\\/az\\\/?s={search_term_string}\"},\"query-input\":{\"@type\":\"PropertyValueSpecification\",\"valueRequired\":true,\"valueName\":\"search_term_string\"}}],\"inLanguage\":\"az\"},{\"@type\":\"Organization\",\"@id\":\"https:\\\/\\\/www.meydan.tv\\\/az\\\/#organization\",\"name\":\"Meydan TV\",\"url\":\"https:\\\/\\\/www.meydan.tv\\\/az\\\/\",\"logo\":{\"@type\":\"ImageObject\",\"inLanguage\":\"az\",\"@id\":\"https:\\\/\\\/www.meydan.tv\\\/az\\\/#\\\/schema\\\/logo\\\/image\\\/\",\"url\":\"https:\\\/\\\/www.meydan.tv\\\/wp-content\\\/uploads\\\/2021\\\/07\\\/meydan-logo.svg\",\"contentUrl\":\"https:\\\/\\\/www.meydan.tv\\\/wp-content\\\/uploads\\\/2021\\\/07\\\/meydan-logo.svg\",\"width\":195,\"height\":46,\"caption\":\"Meydan TV\"},\"image\":{\"@id\":\"https:\\\/\\\/www.meydan.tv\\\/az\\\/#\\\/schema\\\/logo\\\/image\\\/\"}},{\"@type\":\"Person\",\"@id\":\"https:\\\/\\\/www.meydan.tv\\\/az\\\/#\\\/schema\\\/person\\\/9cdbecf90d17180ce1dfbd95b08dcf47\",\"name\":\"elli\",\"sameAs\":[\"https:\\\/\\\/x.com\\\/elli\"]}]}<\/script>\n<!-- \/ Yoast SEO plugin. -->","yoast_head_json":{"title":"Az\u0259rbaycan g\u00f6z\u0259lini d\u00f6ym\u0259kd\u0259 ittiham olunan \u015firk\u0259t r\u0259hb\u0259ri sifari\u015fl\u0259 h\u0259bs edildiyini deyir - MEYDAN.TV","robots":{"index":"index","follow":"follow","max-snippet":"max-snippet:-1","max-image-preview":"max-image-preview:large","max-video-preview":"max-video-preview:-1"},"canonical":"https:\/\/www.meydan.tv\/az\/article\/azerbaycan-gozelini-doymekde-ittiham-olunan-sirket-rehberi-sifarisle-hebs-edildiyini-deyir\/","og_locale":"az_AZ","og_type":"article","og_title":"Az\u0259rbaycan g\u00f6z\u0259lini d\u00f6ym\u0259kd\u0259 ittiham olunan \u015firk\u0259t r\u0259hb\u0259ri sifari\u015fl\u0259 h\u0259bs edildiyini deyir - MEYDAN.TV","og_description":"&nbsp;\u201cH\u0259r bir madd\u0259 \u00fczr\u0259 t\u0259qsirsiz oldu\u011fumu t\u0259sdiql\u0259y\u0259n kifay\u0259t q\u0259d\u0259r s\u00fcbutlar\u0131m ... Davam\u0131","og_url":"https:\/\/www.meydan.tv\/az\/article\/azerbaycan-gozelini-doymekde-ittiham-olunan-sirket-rehberi-sifarisle-hebs-edildiyini-deyir\/","og_site_name":"MEYDAN.TV","article_published_time":"2024-01-22T19:27:31+00:00","article_modified_time":"2024-01-23T06:46:06+00:00","og_image":[{"width":1920,"height":1080,"url":"https:\/\/www.meydan.tv\/wp-content\/uploads\/model.jpg","type":"image\/jpeg"}],"author":"elli","twitter_card":"summary_large_image","twitter_creator":"@elli","schema":{"@context":"https:\/\/schema.org","@graph":[{"@type":"Article","@id":"https:\/\/www.meydan.tv\/az\/article\/azerbaycan-gozelini-doymekde-ittiham-olunan-sirket-rehberi-sifarisle-hebs-edildiyini-deyir\/#article","isPartOf":{"@id":"https:\/\/www.meydan.tv\/az\/article\/azerbaycan-gozelini-doymekde-ittiham-olunan-sirket-rehberi-sifarisle-hebs-edildiyini-deyir\/"},"author":{"name":"elli","@id":"https:\/\/www.meydan.tv\/az\/#\/schema\/person\/9cdbecf90d17180ce1dfbd95b08dcf47"},"headline":"Az\u0259rbaycan g\u00f6z\u0259lini d\u00f6ym\u0259kd\u0259 ittiham olunan \u015firk\u0259t r\u0259hb\u0259ri sifari\u015fl\u0259 h\u0259bs edildiyini deyir","datePublished":"2024-01-22T19:27:31+00:00","dateModified":"2024-01-23T06:46:06+00:00","mainEntityOfPage":{"@id":"https:\/\/www.meydan.tv\/az\/article\/azerbaycan-gozelini-doymekde-ittiham-olunan-sirket-rehberi-sifarisle-hebs-edildiyini-deyir\/"},"wordCount":1069,"publisher":{"@id":"https:\/\/www.meydan.tv\/az\/#organization"},"image":{"@id":"https:\/\/www.meydan.tv\/az\/article\/azerbaycan-gozelini-doymekde-ittiham-olunan-sirket-rehberi-sifarisle-hebs-edildiyini-deyir\/#primaryimage"},"thumbnailUrl":"https:\/\/www.meydan.tv\/wp-content\/uploads\/model.jpg","articleSection":["Sosial","T\u00f6vsiy\u0259","X\u0259b\u0259rl\u0259r"],"inLanguage":"az"},{"@type":"WebPage","@id":"https:\/\/www.meydan.tv\/az\/article\/azerbaycan-gozelini-doymekde-ittiham-olunan-sirket-rehberi-sifarisle-hebs-edildiyini-deyir\/","url":"https:\/\/www.meydan.tv\/az\/article\/azerbaycan-gozelini-doymekde-ittiham-olunan-sirket-rehberi-sifarisle-hebs-edildiyini-deyir\/","name":"Az\u0259rbaycan g\u00f6z\u0259lini d\u00f6ym\u0259kd\u0259 ittiham olunan \u015firk\u0259t r\u0259hb\u0259ri sifari\u015fl\u0259 h\u0259bs edildiyini deyir - MEYDAN.TV","isPartOf":{"@id":"https:\/\/www.meydan.tv\/az\/#website"},"primaryImageOfPage":{"@id":"https:\/\/www.meydan.tv\/az\/article\/azerbaycan-gozelini-doymekde-ittiham-olunan-sirket-rehberi-sifarisle-hebs-edildiyini-deyir\/#primaryimage"},"image":{"@id":"https:\/\/www.meydan.tv\/az\/article\/azerbaycan-gozelini-doymekde-ittiham-olunan-sirket-rehberi-sifarisle-hebs-edildiyini-deyir\/#primaryimage"},"thumbnailUrl":"https:\/\/www.meydan.tv\/wp-content\/uploads\/model.jpg","datePublished":"2024-01-22T19:27:31+00:00","dateModified":"2024-01-23T06:46:06+00:00","breadcrumb":{"@id":"https:\/\/www.meydan.tv\/az\/article\/azerbaycan-gozelini-doymekde-ittiham-olunan-sirket-rehberi-sifarisle-hebs-edildiyini-deyir\/#breadcrumb"},"inLanguage":"az","potentialAction":[{"@type":"ReadAction","target":["https:\/\/www.meydan.tv\/az\/article\/azerbaycan-gozelini-doymekde-ittiham-olunan-sirket-rehberi-sifarisle-hebs-edildiyini-deyir\/"]}]},{"@type":"ImageObject","inLanguage":"az","@id":"https:\/\/www.meydan.tv\/az\/article\/azerbaycan-gozelini-doymekde-ittiham-olunan-sirket-rehberi-sifarisle-hebs-edildiyini-deyir\/#primaryimage","url":"https:\/\/www.meydan.tv\/wp-content\/uploads\/model.jpg","contentUrl":"https:\/\/www.meydan.tv\/wp-content\/uploads\/model.jpg","width":1920,"height":1080,"caption":"Ziya H\u00fcseynzad\u0259. Foto: Meydan TV"},{"@type":"BreadcrumbList","@id":"https:\/\/www.meydan.tv\/az\/article\/azerbaycan-gozelini-doymekde-ittiham-olunan-sirket-rehberi-sifarisle-hebs-edildiyini-deyir\/#breadcrumb","itemListElement":[{"@type":"ListItem","position":1,"name":"Ana s\u0259hif\u0259","item":"https:\/\/www.meydan.tv\/az\/"},{"@type":"ListItem","position":2,"name":"Sosial","item":"https:\/\/www.meydan.tv\/az\/section\/sosial\/"},{"@type":"ListItem","position":3,"name":"Az\u0259rbaycan g\u00f6z\u0259lini d\u00f6ym\u0259kd\u0259 ittiham olunan \u015firk\u0259t r\u0259hb\u0259ri sifari\u015fl\u0259 h\u0259bs edildiyini deyir"}]},{"@type":"WebSite","@id":"https:\/\/www.meydan.tv\/az\/#website","url":"https:\/\/www.meydan.tv\/az\/","name":"MEYDAN.TV","description":"Meydan TV Az\u0259rbaycan\u0131n media m\u0259kan\u0131ndak\u0131 alternativ s\u0259sidir","publisher":{"@id":"https:\/\/www.meydan.tv\/az\/#organization"},"potentialAction":[{"@type":"SearchAction","target":{"@type":"EntryPoint","urlTemplate":"https:\/\/www.meydan.tv\/az\/?s={search_term_string}"},"query-input":{"@type":"PropertyValueSpecification","valueRequired":true,"valueName":"search_term_string"}}],"inLanguage":"az"},{"@type":"Organization","@id":"https:\/\/www.meydan.tv\/az\/#organization","name":"Meydan TV","url":"https:\/\/www.meydan.tv\/az\/","logo":{"@type":"ImageObject","inLanguage":"az","@id":"https:\/\/www.meydan.tv\/az\/#\/schema\/logo\/image\/","url":"https:\/\/www.meydan.tv\/wp-content\/uploads\/2021\/07\/meydan-logo.svg","contentUrl":"https:\/\/www.meydan.tv\/wp-content\/uploads\/2021\/07\/meydan-logo.svg","width":195,"height":46,"caption":"Meydan TV"},"image":{"@id":"https:\/\/www.meydan.tv\/az\/#\/schema\/logo\/image\/"}},{"@type":"Person","@id":"https:\/\/www.meydan.tv\/az\/#\/schema\/person\/9cdbecf90d17180ce1dfbd95b08dcf47","name":"elli","sameAs":["https:\/\/x.com\/elli"]}]}},"_links":{"self":[{"href":"https:\/\/www.meydan.tv\/az\/wp-json\/wp\/v2\/posts\/295820","targetHints":{"allow":["GET"]}}],"collection":[{"href":"https:\/\/www.meydan.tv\/az\/wp-json\/wp\/v2\/posts"}],"about":[{"href":"https:\/\/www.meydan.tv\/az\/wp-json\/wp\/v2\/types\/post"}],"author":[{"embeddable":true,"href":"https:\/\/www.meydan.tv\/az\/wp-json\/wp\/v2\/users\/8"}],"replies":[{"embeddable":true,"href":"https:\/\/www.meydan.tv\/az\/wp-json\/wp\/v2\/comments?post=295820"}],"version-history":[{"count":3,"href":"https:\/\/www.meydan.tv\/az\/wp-json\/wp\/v2\/posts\/295820\/revisions"}],"predecessor-version":[{"id":295823,"href":"https:\/\/www.meydan.tv\/az\/wp-json\/wp\/v2\/posts\/295820\/revisions\/295823"}],"wp:featuredmedia":[{"embeddable":true,"href":"https:\/\/www.meydan.tv\/az\/wp-json\/wp\/v2\/media\/295041"}],"wp:attachment":[{"href":"https:\/\/www.meydan.tv\/az\/wp-json\/wp\/v2\/media?parent=295820"}],"wp:term":[{"taxonomy":"category","embeddable":true,"href":"https:\/\/www.meydan.tv\/az\/wp-json\/wp\/v2\/categories?post=295820"},{"taxonomy":"post_tag","embeddable":true,"href":"https:\/\/www.meydan.tv\/az\/wp-json\/wp\/v2\/tags?post=295820"}],"curies":[{"name":"wp","href":"https:\/\/api.w.org\/{rel}","templated":true}]}}