{"id":295791,"date":"2024-01-22T20:27:44","date_gmt":"2024-01-22T16:27:44","guid":{"rendered":"https:\/\/www.meydan.tv\/?p=295791"},"modified":"2024-01-22T20:27:49","modified_gmt":"2024-01-22T16:27:49","slug":"emircan-sakini-hepatit-a-ya-istifade-etdiyimiz-sudan-yoluxuruq","status":"publish","type":"post","link":"https:\/\/www.meydan.tv\/az\/article\/emircan-sakini-hepatit-a-ya-istifade-etdiyimiz-sudan-yoluxuruq\/","title":{"rendered":"\u018fmircan sakini: \u201cHepatit A-ya istifad\u0259 etdiyimiz sudan yoluxuruq\u201d"},"content":{"rendered":"\n<p><\/p>\n\n\n\n<p><em><strong>Valideynl\u0259r\u0259 i\u00e7m\u0259li suyun qaynad\u0131lmas\u0131 t\u00f6vsiy\u0259 olunur<\/strong><\/em><\/p>\n\n\n\n<p>Bak\u0131n\u0131n Suraxan\u0131 rayonunun \u018fmircan, B\u00fclb\u00fcl\u0259 q\u0259s\u0259b\u0259l\u0259rind\u0259 Hepatit A virusu yay\u0131l\u0131b.<\/p>\n\n\n\n<p>\u018fmircan q\u0259s\u0259b\u0259 sakini S\u0259daq\u0259t Mehdiyeva Meydan TV-\u0259 bildirib ki, 16 ya\u015fl\u0131 o\u011flu \u00f6t\u0259n ay\u0131n sonunda \u0259hali aras\u0131nda sar\u0131l\u0131q x\u0259st\u0259liyi kimi tan\u0131nan hepatit A-ya yoluxub, h\u0259l\u0259 d\u0259 m\u00fcalic\u0259 al\u0131r.<\/p>\n\n\n\n<p><em>&#8220;Sah\u0259 h\u0259kimin\u0259 m\u00fcraci\u0259t etdim. M\u0259lum oldu ki, \u018fmircanda iki-\u00fc\u00e7 aydan \u00e7oxdur Hepatit A yay\u0131l\u0131b. X\u0259st\u0259xanada h\u0259kim dedi ki, bu, ya nat\u0259mizdikd\u0259n, ya da sudan ke\u00e7ib. Amma indiy\u0259 kimi x\u0259st\u0259liyin n\u0259d\u0259n yay\u0131ld\u0131\u011f\u0131n\u0131n d\u0259qiq s\u0259b\u0259bini a\u00e7\u0131qlayan yoxdur. Ya\u015fad\u0131\u011f\u0131m\u0131z evd\u0259 nat\u0259mizlikd\u0259n s\u00f6hb\u0259t ged\u0259 bilm\u0259z. Dem\u0259li, istifad\u0259 etdiyimiz sudan yoluxuruq&#8221;,-<\/em> S.Mehdiyeva bildirib.<\/p>\n\n\n\n<p>\u00d6vlad\u0131 m\u0259kt\u0259b\u0259, ba\u011f\u00e7aya ged\u0259n valideynl\u0259rin \u201cWhatsapp\u201d qrupunda sudan istifad\u0259 etm\u0259d\u0259n \u0259vv\u0259l qaynatma\u011f\u0131n laz\u0131m oldu\u011fu il\u0259 ba\u011fl\u0131 s\u0259s yaz\u0131lar\u0131 da yay\u0131l\u0131b. Hans\u0131sa h\u0259kim\u0259 istinad\u0259n yay\u0131lan s\u0259sd\u0259 deyilir ki, sudan virusa yoluxmalar var, buna g\u00f6r\u0259 d\u0259, qaynatmadan istifad\u0259 etm\u0259k olmaz.<\/p>\n\n\n\n<p>S\u0259hiyy\u0259 Nazirliyinin Respublika Gigiyena v\u0259 Epidemiologiya M\u0259rk\u0259zinin a\u00e7\u0131qlamas\u0131nda is\u0259 bildirilib ki, \u018fmircan v\u0259 B\u00fclb\u00fcl\u0259 q\u0259s\u0259b\u0259l\u0259rind\u0259 \u0259hali aras\u0131nda \u00f6t\u0259n ilin dekabr\u0131ndan ba\u015flayaraq yoluxucu hepatit A virusu hadis\u0259l\u0259ri il\u0259 ba\u011fl\u0131 t\u0259dbirl\u0259r davam etdirilir. <\/p>\n\n\n<div class=\"wp-block-image\">\n<figure class=\"alignright size-large is-resized\"><img decoding=\"async\" width=\"1097\" height=\"821\" data-src=\"https:\/\/www.meydan.tv\/wp-content\/uploads\/1559127068_09-1097x821.jpg\" alt=\"S\u0259hiyy\u0259 Nazirliyi\" class=\"wp-image-136842 lazyload\" style=\"--smush-placeholder-width: 1097px; --smush-placeholder-aspect-ratio: 1097\/821;width:391px;height:auto\" src=\"data:image\/svg+xml;base64,PHN2ZyB3aWR0aD0iMSIgaGVpZ2h0PSIxIiB4bWxucz0iaHR0cDovL3d3dy53My5vcmcvMjAwMC9zdmciPjwvc3ZnPg==\" \/><figcaption class=\"wp-element-caption\">S\u0259hiyy\u0259 Nazirliyi, Foto: Meydan TV<\/figcaption><\/figure>\n<\/div>\n\n\n<p>Apar\u0131lan profilaktik t\u0259dbirl\u0259r il\u0259 \u0259laq\u0259d\u0259r &#8220;Az\u0259rsu&#8221; ASC-nin m\u00fct\u0259x\u0259ssisl\u0259ri il\u0259 ba\u011fl\u0131 m\u0259rk\u0259zl\u0259\u015fdirilmi\u015f i\u00e7m\u0259li su \u015f\u0259b\u0259k\u0259sind\u0259 laborator m\u00fcayin\u0259 \u00fcsullar\u0131n\u0131n t\u0259tbiqi il\u0259 ba\u011fl\u0131 monitorinql\u0259r ke\u00e7irilir. Profilaktik t\u0259dbir olaraq su \u015f\u0259b\u0259k\u0259sind\u0259 qal\u0131q xlorun m\u00fcv\u0259qq\u0259ti y\u00fcks\u0259lm\u0259si il\u0259 ba\u011fl\u0131 \u018fmircan v\u0259 B\u00fclb\u00fcl\u0259 q\u0259s\u0259b\u0259l\u0259rini qidaland\u0131ran +54 Ramana m\u0259rk\u0259zi su anbar\u0131n\u0131n \u0259razisind\u0259 1 \u0259d\u0259d xlor t\u0259rkibli reagent dozalay\u0131c\u0131 nasos qura\u015fd\u0131r\u0131l\u0131b. Eyni zamanda, &#8221; Az\u0259rsu&#8221; ASC-nin Suraxan\u0131 rayonu su kanal idar\u0259sinin m\u00fct\u0259x\u0259ssisl\u0259ri rayon GEM \u0259m\u0259kda\u015flar\u0131 il\u0259 birg\u0259 f\u0259rdi ya\u015fay\u0131\u015f evl\u0259rind\u0259 yerl\u0259\u015f\u0259n su \u00e7\u0259nl\u0259rinin yuyulub dezinfeksiya edilm\u0259si il\u0259 ba\u011fl\u0131 t\u0259dbirl\u0259r h\u0259yata ke\u00e7irir.<\/p>\n\n\n\n<p>Lakin S\u0259hiyy\u0259 Nazirliyi Hepatit A-ya yoluxanlarla ba\u011fl\u0131 statistikan\u0131 a\u00e7\u0131qlamay\u0131b.<\/p>\n\n\n\n<p>T\u018fB\u0130B-in Tibbi Xidm\u0259tl\u0259rin \u0130nki\u015faf\u0131 Departamentinin r\u0259hb\u0259ri Yaqut Qarayeva \u00f6t\u0259n il, noyabr\u0131n sonunda bir s\u0131ra regionlarda Hepatit A virusuna yoluxman\u0131n m\u00fc\u015fahid\u0259 edildiyini bildirib.<\/p>\n\n\n\n<p>Qarayeva deyib ki, x\u0259st\u0259lik ilkin olaraq \u00f6z\u00fcn\u00fc \u00fcr\u0259k bulanma, hals\u0131zl\u0131q, d\u0259rid\u0259 qa\u015f\u0131nma v\u0259 sonrak\u0131 m\u0259rh\u0259l\u0259d\u0259 g\u00f6z a\u011f\u0131n\u0131n saralmas\u0131 il\u0259 m\u00fc\u015fahid\u0259 edilir. H\u0259kimin s\u00f6zl\u0259rin\u0259 g\u00f6r\u0259, ola bil\u0259r ki, insan hepatit A virusuna yoluxsun, amma bir aydan art\u0131q m\u00fcdd\u0259td\u0259 x\u0259st\u0259lik \u00f6z\u00fcn\u00fc biruz\u0259 verm\u0259sin. Hepatit A insan\u0131n istifad\u0259 etdiyi su, qida v\u0259 \u0259\u015fyalardan yoluxur. Virus \u00f6z\u00fcn\u00fc suda \u00e7ox yax\u015f\u0131 qoruyur.<\/p>\n","protected":false},"excerpt":{"rendered":"<p>Valideynl\u0259r\u0259 i\u00e7m\u0259li suyun qaynad\u0131lmas\u0131 t\u00f6vsiy\u0259 olunur Bak\u0131n\u0131n Suraxan\u0131 rayonunun \u018fmircan, &#8230; <\/p>\n<p class=\"read-more-container\"><a title=\"\u018fmircan sakini: \u201cHepatit A-ya istifad\u0259 etdiyimiz sudan yoluxuruq\u201d\" class=\"read-more button\" href=\"https:\/\/www.meydan.tv\/az\/article\/emircan-sakini-hepatit-a-ya-istifade-etdiyimiz-sudan-yoluxuruq\/#more-295791\" aria-label=\"Read more about \u018fmircan sakini: \u201cHepatit A-ya istifad\u0259 etdiyimiz sudan yoluxuruq\u201d\">Davam\u0131<\/a><\/p>\n","protected":false},"author":8,"featured_media":290655,"comment_status":"closed","ping_status":"closed","sticky":false,"template":"","format":"standard","meta":{"_acf_changed":false,"_sitemap_exclude":false,"_sitemap_priority":"","_sitemap_frequency":"","footnotes":""},"categories":[54,56],"tags":[],"class_list":["post-295791","post","type-post","status-publish","format-standard","has-post-thumbnail","hentry","category-sagliq","category-xeberler","infinite-scroll-item","generate-columns","tablet-grid-50","mobile-grid-100","grid-parent","grid-33","no-featured-image-padding"],"acf":[],"yoast_head":"<!-- This site is optimized with the Yoast SEO plugin v27.4 - https:\/\/yoast.com\/product\/yoast-seo-wordpress\/ -->\n<title>\u018fmircan sakini: \u201cHepatit A-ya istifad\u0259 etdiyimiz sudan yoluxuruq\u201d - MEYDAN.TV<\/title>\n<meta name=\"robots\" content=\"index, follow, max-snippet:-1, max-image-preview:large, max-video-preview:-1\" \/>\n<link rel=\"canonical\" href=\"https:\/\/www.meydan.tv\/az\/article\/emircan-sakini-hepatit-a-ya-istifade-etdiyimiz-sudan-yoluxuruq\/\" \/>\n<meta property=\"og:locale\" content=\"az_AZ\" \/>\n<meta property=\"og:type\" content=\"article\" \/>\n<meta property=\"og:title\" content=\"\u018fmircan sakini: \u201cHepatit A-ya istifad\u0259 etdiyimiz sudan yoluxuruq\u201d - MEYDAN.TV\" \/>\n<meta property=\"og:description\" content=\"Valideynl\u0259r\u0259 i\u00e7m\u0259li suyun qaynad\u0131lmas\u0131 t\u00f6vsiy\u0259 olunur Bak\u0131n\u0131n Suraxan\u0131 rayonunun \u018fmircan, ... Davam\u0131\" \/>\n<meta property=\"og:url\" content=\"https:\/\/www.meydan.tv\/az\/article\/emircan-sakini-hepatit-a-ya-istifade-etdiyimiz-sudan-yoluxuruq\/\" \/>\n<meta property=\"og:site_name\" content=\"MEYDAN.TV\" \/>\n<meta property=\"article:published_time\" content=\"2024-01-22T16:27:44+00:00\" \/>\n<meta property=\"article:modified_time\" content=\"2024-01-22T16:27:49+00:00\" \/>\n<meta property=\"og:image\" content=\"https:\/\/www.meydan.tv\/wp-content\/uploads\/shutterstock_2163497773.jpg\" \/>\n\t<meta property=\"og:image:width\" content=\"1200\" \/>\n\t<meta property=\"og:image:height\" content=\"675\" \/>\n\t<meta property=\"og:image:type\" content=\"image\/jpeg\" \/>\n<meta name=\"author\" content=\"elli\" \/>\n<meta name=\"twitter:card\" content=\"summary_large_image\" \/>\n<meta name=\"twitter:creator\" content=\"@elli\" \/>\n<script type=\"application\/ld+json\" class=\"yoast-schema-graph\">{\"@context\":\"https:\\\/\\\/schema.org\",\"@graph\":[{\"@type\":\"Article\",\"@id\":\"https:\\\/\\\/www.meydan.tv\\\/az\\\/article\\\/emircan-sakini-hepatit-a-ya-istifade-etdiyimiz-sudan-yoluxuruq\\\/#article\",\"isPartOf\":{\"@id\":\"https:\\\/\\\/www.meydan.tv\\\/az\\\/article\\\/emircan-sakini-hepatit-a-ya-istifade-etdiyimiz-sudan-yoluxuruq\\\/\"},\"author\":{\"name\":\"elli\",\"@id\":\"https:\\\/\\\/www.meydan.tv\\\/az\\\/#\\\/schema\\\/person\\\/9cdbecf90d17180ce1dfbd95b08dcf47\"},\"headline\":\"\u018fmircan sakini: \u201cHepatit A-ya istifad\u0259 etdiyimiz sudan yoluxuruq\u201d\",\"datePublished\":\"2024-01-22T16:27:44+00:00\",\"dateModified\":\"2024-01-22T16:27:49+00:00\",\"mainEntityOfPage\":{\"@id\":\"https:\\\/\\\/www.meydan.tv\\\/az\\\/article\\\/emircan-sakini-hepatit-a-ya-istifade-etdiyimiz-sudan-yoluxuruq\\\/\"},\"wordCount\":568,\"publisher\":{\"@id\":\"https:\\\/\\\/www.meydan.tv\\\/az\\\/#organization\"},\"image\":{\"@id\":\"https:\\\/\\\/www.meydan.tv\\\/az\\\/article\\\/emircan-sakini-hepatit-a-ya-istifade-etdiyimiz-sudan-yoluxuruq\\\/#primaryimage\"},\"thumbnailUrl\":\"https:\\\/\\\/www.meydan.tv\\\/wp-content\\\/uploads\\\/shutterstock_2163497773.jpg\",\"articleSection\":[\"Sa\u011fl\u0131q\",\"X\u0259b\u0259rl\u0259r\"],\"inLanguage\":\"az\"},{\"@type\":\"WebPage\",\"@id\":\"https:\\\/\\\/www.meydan.tv\\\/az\\\/article\\\/emircan-sakini-hepatit-a-ya-istifade-etdiyimiz-sudan-yoluxuruq\\\/\",\"url\":\"https:\\\/\\\/www.meydan.tv\\\/az\\\/article\\\/emircan-sakini-hepatit-a-ya-istifade-etdiyimiz-sudan-yoluxuruq\\\/\",\"name\":\"\u018fmircan sakini: \u201cHepatit A-ya istifad\u0259 etdiyimiz sudan yoluxuruq\u201d - MEYDAN.TV\",\"isPartOf\":{\"@id\":\"https:\\\/\\\/www.meydan.tv\\\/az\\\/#website\"},\"primaryImageOfPage\":{\"@id\":\"https:\\\/\\\/www.meydan.tv\\\/az\\\/article\\\/emircan-sakini-hepatit-a-ya-istifade-etdiyimiz-sudan-yoluxuruq\\\/#primaryimage\"},\"image\":{\"@id\":\"https:\\\/\\\/www.meydan.tv\\\/az\\\/article\\\/emircan-sakini-hepatit-a-ya-istifade-etdiyimiz-sudan-yoluxuruq\\\/#primaryimage\"},\"thumbnailUrl\":\"https:\\\/\\\/www.meydan.tv\\\/wp-content\\\/uploads\\\/shutterstock_2163497773.jpg\",\"datePublished\":\"2024-01-22T16:27:44+00:00\",\"dateModified\":\"2024-01-22T16:27:49+00:00\",\"breadcrumb\":{\"@id\":\"https:\\\/\\\/www.meydan.tv\\\/az\\\/article\\\/emircan-sakini-hepatit-a-ya-istifade-etdiyimiz-sudan-yoluxuruq\\\/#breadcrumb\"},\"inLanguage\":\"az\",\"potentialAction\":[{\"@type\":\"ReadAction\",\"target\":[\"https:\\\/\\\/www.meydan.tv\\\/az\\\/article\\\/emircan-sakini-hepatit-a-ya-istifade-etdiyimiz-sudan-yoluxuruq\\\/\"]}]},{\"@type\":\"ImageObject\",\"inLanguage\":\"az\",\"@id\":\"https:\\\/\\\/www.meydan.tv\\\/az\\\/article\\\/emircan-sakini-hepatit-a-ya-istifade-etdiyimiz-sudan-yoluxuruq\\\/#primaryimage\",\"url\":\"https:\\\/\\\/www.meydan.tv\\\/wp-content\\\/uploads\\\/shutterstock_2163497773.jpg\",\"contentUrl\":\"https:\\\/\\\/www.meydan.tv\\\/wp-content\\\/uploads\\\/shutterstock_2163497773.jpg\",\"width\":1200,\"height\":675,\"caption\":\"Hepatit. Foto: nobeastsofierce\\\/shutterstock\"},{\"@type\":\"BreadcrumbList\",\"@id\":\"https:\\\/\\\/www.meydan.tv\\\/az\\\/article\\\/emircan-sakini-hepatit-a-ya-istifade-etdiyimiz-sudan-yoluxuruq\\\/#breadcrumb\",\"itemListElement\":[{\"@type\":\"ListItem\",\"position\":1,\"name\":\"Ana s\u0259hif\u0259\",\"item\":\"https:\\\/\\\/www.meydan.tv\\\/az\\\/\"},{\"@type\":\"ListItem\",\"position\":2,\"name\":\"Sa\u011fl\u0131q\",\"item\":\"https:\\\/\\\/www.meydan.tv\\\/az\\\/section\\\/sagliq\\\/\"},{\"@type\":\"ListItem\",\"position\":3,\"name\":\"\u018fmircan sakini: \u201cHepatit A-ya istifad\u0259 etdiyimiz sudan yoluxuruq\u201d\"}]},{\"@type\":\"WebSite\",\"@id\":\"https:\\\/\\\/www.meydan.tv\\\/az\\\/#website\",\"url\":\"https:\\\/\\\/www.meydan.tv\\\/az\\\/\",\"name\":\"MEYDAN.TV\",\"description\":\"Meydan TV Az\u0259rbaycan\u0131n media m\u0259kan\u0131ndak\u0131 alternativ s\u0259sidir\",\"publisher\":{\"@id\":\"https:\\\/\\\/www.meydan.tv\\\/az\\\/#organization\"},\"potentialAction\":[{\"@type\":\"SearchAction\",\"target\":{\"@type\":\"EntryPoint\",\"urlTemplate\":\"https:\\\/\\\/www.meydan.tv\\\/az\\\/?s={search_term_string}\"},\"query-input\":{\"@type\":\"PropertyValueSpecification\",\"valueRequired\":true,\"valueName\":\"search_term_string\"}}],\"inLanguage\":\"az\"},{\"@type\":\"Organization\",\"@id\":\"https:\\\/\\\/www.meydan.tv\\\/az\\\/#organization\",\"name\":\"Meydan TV\",\"url\":\"https:\\\/\\\/www.meydan.tv\\\/az\\\/\",\"logo\":{\"@type\":\"ImageObject\",\"inLanguage\":\"az\",\"@id\":\"https:\\\/\\\/www.meydan.tv\\\/az\\\/#\\\/schema\\\/logo\\\/image\\\/\",\"url\":\"https:\\\/\\\/www.meydan.tv\\\/wp-content\\\/uploads\\\/2021\\\/07\\\/meydan-logo.svg\",\"contentUrl\":\"https:\\\/\\\/www.meydan.tv\\\/wp-content\\\/uploads\\\/2021\\\/07\\\/meydan-logo.svg\",\"width\":195,\"height\":46,\"caption\":\"Meydan TV\"},\"image\":{\"@id\":\"https:\\\/\\\/www.meydan.tv\\\/az\\\/#\\\/schema\\\/logo\\\/image\\\/\"}},{\"@type\":\"Person\",\"@id\":\"https:\\\/\\\/www.meydan.tv\\\/az\\\/#\\\/schema\\\/person\\\/9cdbecf90d17180ce1dfbd95b08dcf47\",\"name\":\"elli\",\"sameAs\":[\"https:\\\/\\\/x.com\\\/elli\"]}]}<\/script>\n<!-- \/ Yoast SEO plugin. -->","yoast_head_json":{"title":"\u018fmircan sakini: \u201cHepatit A-ya istifad\u0259 etdiyimiz sudan yoluxuruq\u201d - MEYDAN.TV","robots":{"index":"index","follow":"follow","max-snippet":"max-snippet:-1","max-image-preview":"max-image-preview:large","max-video-preview":"max-video-preview:-1"},"canonical":"https:\/\/www.meydan.tv\/az\/article\/emircan-sakini-hepatit-a-ya-istifade-etdiyimiz-sudan-yoluxuruq\/","og_locale":"az_AZ","og_type":"article","og_title":"\u018fmircan sakini: \u201cHepatit A-ya istifad\u0259 etdiyimiz sudan yoluxuruq\u201d - MEYDAN.TV","og_description":"Valideynl\u0259r\u0259 i\u00e7m\u0259li suyun qaynad\u0131lmas\u0131 t\u00f6vsiy\u0259 olunur Bak\u0131n\u0131n Suraxan\u0131 rayonunun \u018fmircan, ... Davam\u0131","og_url":"https:\/\/www.meydan.tv\/az\/article\/emircan-sakini-hepatit-a-ya-istifade-etdiyimiz-sudan-yoluxuruq\/","og_site_name":"MEYDAN.TV","article_published_time":"2024-01-22T16:27:44+00:00","article_modified_time":"2024-01-22T16:27:49+00:00","og_image":[{"width":1200,"height":675,"url":"https:\/\/www.meydan.tv\/wp-content\/uploads\/shutterstock_2163497773.jpg","type":"image\/jpeg"}],"author":"elli","twitter_card":"summary_large_image","twitter_creator":"@elli","schema":{"@context":"https:\/\/schema.org","@graph":[{"@type":"Article","@id":"https:\/\/www.meydan.tv\/az\/article\/emircan-sakini-hepatit-a-ya-istifade-etdiyimiz-sudan-yoluxuruq\/#article","isPartOf":{"@id":"https:\/\/www.meydan.tv\/az\/article\/emircan-sakini-hepatit-a-ya-istifade-etdiyimiz-sudan-yoluxuruq\/"},"author":{"name":"elli","@id":"https:\/\/www.meydan.tv\/az\/#\/schema\/person\/9cdbecf90d17180ce1dfbd95b08dcf47"},"headline":"\u018fmircan sakini: \u201cHepatit A-ya istifad\u0259 etdiyimiz sudan yoluxuruq\u201d","datePublished":"2024-01-22T16:27:44+00:00","dateModified":"2024-01-22T16:27:49+00:00","mainEntityOfPage":{"@id":"https:\/\/www.meydan.tv\/az\/article\/emircan-sakini-hepatit-a-ya-istifade-etdiyimiz-sudan-yoluxuruq\/"},"wordCount":568,"publisher":{"@id":"https:\/\/www.meydan.tv\/az\/#organization"},"image":{"@id":"https:\/\/www.meydan.tv\/az\/article\/emircan-sakini-hepatit-a-ya-istifade-etdiyimiz-sudan-yoluxuruq\/#primaryimage"},"thumbnailUrl":"https:\/\/www.meydan.tv\/wp-content\/uploads\/shutterstock_2163497773.jpg","articleSection":["Sa\u011fl\u0131q","X\u0259b\u0259rl\u0259r"],"inLanguage":"az"},{"@type":"WebPage","@id":"https:\/\/www.meydan.tv\/az\/article\/emircan-sakini-hepatit-a-ya-istifade-etdiyimiz-sudan-yoluxuruq\/","url":"https:\/\/www.meydan.tv\/az\/article\/emircan-sakini-hepatit-a-ya-istifade-etdiyimiz-sudan-yoluxuruq\/","name":"\u018fmircan sakini: \u201cHepatit A-ya istifad\u0259 etdiyimiz sudan yoluxuruq\u201d - MEYDAN.TV","isPartOf":{"@id":"https:\/\/www.meydan.tv\/az\/#website"},"primaryImageOfPage":{"@id":"https:\/\/www.meydan.tv\/az\/article\/emircan-sakini-hepatit-a-ya-istifade-etdiyimiz-sudan-yoluxuruq\/#primaryimage"},"image":{"@id":"https:\/\/www.meydan.tv\/az\/article\/emircan-sakini-hepatit-a-ya-istifade-etdiyimiz-sudan-yoluxuruq\/#primaryimage"},"thumbnailUrl":"https:\/\/www.meydan.tv\/wp-content\/uploads\/shutterstock_2163497773.jpg","datePublished":"2024-01-22T16:27:44+00:00","dateModified":"2024-01-22T16:27:49+00:00","breadcrumb":{"@id":"https:\/\/www.meydan.tv\/az\/article\/emircan-sakini-hepatit-a-ya-istifade-etdiyimiz-sudan-yoluxuruq\/#breadcrumb"},"inLanguage":"az","potentialAction":[{"@type":"ReadAction","target":["https:\/\/www.meydan.tv\/az\/article\/emircan-sakini-hepatit-a-ya-istifade-etdiyimiz-sudan-yoluxuruq\/"]}]},{"@type":"ImageObject","inLanguage":"az","@id":"https:\/\/www.meydan.tv\/az\/article\/emircan-sakini-hepatit-a-ya-istifade-etdiyimiz-sudan-yoluxuruq\/#primaryimage","url":"https:\/\/www.meydan.tv\/wp-content\/uploads\/shutterstock_2163497773.jpg","contentUrl":"https:\/\/www.meydan.tv\/wp-content\/uploads\/shutterstock_2163497773.jpg","width":1200,"height":675,"caption":"Hepatit. Foto: nobeastsofierce\/shutterstock"},{"@type":"BreadcrumbList","@id":"https:\/\/www.meydan.tv\/az\/article\/emircan-sakini-hepatit-a-ya-istifade-etdiyimiz-sudan-yoluxuruq\/#breadcrumb","itemListElement":[{"@type":"ListItem","position":1,"name":"Ana s\u0259hif\u0259","item":"https:\/\/www.meydan.tv\/az\/"},{"@type":"ListItem","position":2,"name":"Sa\u011fl\u0131q","item":"https:\/\/www.meydan.tv\/az\/section\/sagliq\/"},{"@type":"ListItem","position":3,"name":"\u018fmircan sakini: \u201cHepatit A-ya istifad\u0259 etdiyimiz sudan yoluxuruq\u201d"}]},{"@type":"WebSite","@id":"https:\/\/www.meydan.tv\/az\/#website","url":"https:\/\/www.meydan.tv\/az\/","name":"MEYDAN.TV","description":"Meydan TV Az\u0259rbaycan\u0131n media m\u0259kan\u0131ndak\u0131 alternativ s\u0259sidir","publisher":{"@id":"https:\/\/www.meydan.tv\/az\/#organization"},"potentialAction":[{"@type":"SearchAction","target":{"@type":"EntryPoint","urlTemplate":"https:\/\/www.meydan.tv\/az\/?s={search_term_string}"},"query-input":{"@type":"PropertyValueSpecification","valueRequired":true,"valueName":"search_term_string"}}],"inLanguage":"az"},{"@type":"Organization","@id":"https:\/\/www.meydan.tv\/az\/#organization","name":"Meydan TV","url":"https:\/\/www.meydan.tv\/az\/","logo":{"@type":"ImageObject","inLanguage":"az","@id":"https:\/\/www.meydan.tv\/az\/#\/schema\/logo\/image\/","url":"https:\/\/www.meydan.tv\/wp-content\/uploads\/2021\/07\/meydan-logo.svg","contentUrl":"https:\/\/www.meydan.tv\/wp-content\/uploads\/2021\/07\/meydan-logo.svg","width":195,"height":46,"caption":"Meydan TV"},"image":{"@id":"https:\/\/www.meydan.tv\/az\/#\/schema\/logo\/image\/"}},{"@type":"Person","@id":"https:\/\/www.meydan.tv\/az\/#\/schema\/person\/9cdbecf90d17180ce1dfbd95b08dcf47","name":"elli","sameAs":["https:\/\/x.com\/elli"]}]}},"_links":{"self":[{"href":"https:\/\/www.meydan.tv\/az\/wp-json\/wp\/v2\/posts\/295791","targetHints":{"allow":["GET"]}}],"collection":[{"href":"https:\/\/www.meydan.tv\/az\/wp-json\/wp\/v2\/posts"}],"about":[{"href":"https:\/\/www.meydan.tv\/az\/wp-json\/wp\/v2\/types\/post"}],"author":[{"embeddable":true,"href":"https:\/\/www.meydan.tv\/az\/wp-json\/wp\/v2\/users\/8"}],"replies":[{"embeddable":true,"href":"https:\/\/www.meydan.tv\/az\/wp-json\/wp\/v2\/comments?post=295791"}],"version-history":[{"count":4,"href":"https:\/\/www.meydan.tv\/az\/wp-json\/wp\/v2\/posts\/295791\/revisions"}],"predecessor-version":[{"id":295798,"href":"https:\/\/www.meydan.tv\/az\/wp-json\/wp\/v2\/posts\/295791\/revisions\/295798"}],"wp:featuredmedia":[{"embeddable":true,"href":"https:\/\/www.meydan.tv\/az\/wp-json\/wp\/v2\/media\/290655"}],"wp:attachment":[{"href":"https:\/\/www.meydan.tv\/az\/wp-json\/wp\/v2\/media?parent=295791"}],"wp:term":[{"taxonomy":"category","embeddable":true,"href":"https:\/\/www.meydan.tv\/az\/wp-json\/wp\/v2\/categories?post=295791"},{"taxonomy":"post_tag","embeddable":true,"href":"https:\/\/www.meydan.tv\/az\/wp-json\/wp\/v2\/tags?post=295791"}],"curies":[{"name":"wp","href":"https:\/\/api.w.org\/{rel}","templated":true}]}}