{"id":295758,"date":"2024-01-22T16:33:07","date_gmt":"2024-01-22T12:33:07","guid":{"rendered":"https:\/\/www.meydan.tv\/?p=295758"},"modified":"2024-01-22T16:33:10","modified_gmt":"2024-01-22T12:33:10","slug":"kecmis-rektor-prorektorun-qetli-haqda-danisir-onun-1-2-ayliq-uzaqlasmasini-isteyirdim","status":"publish","type":"post","link":"https:\/\/www.meydan.tv\/az\/article\/kecmis-rektor-prorektorun-qetli-haqda-danisir-onun-1-2-ayliq-uzaqlasmasini-isteyirdim\/","title":{"rendered":"Ke\u00e7mi\u015f rektor prorektorun q\u0259tli haqda dan\u0131\u015f\u0131r: \u201cOnun 1-2 ayl\u0131q uzaqla\u015fmas\u0131n\u0131 ist\u0259yirdim\u201d"},"content":{"rendered":"\n<p><\/p>\n\n\n\n<p><strong><em>Polis mayoru cinay\u0259t bar\u0259d\u0259 12 il sonra Daxili \u0130\u015fl\u0259r Nazirliyinin 102 xidm\u0259tin\u0259 z\u0259ng ed\u0259r\u0259k m\u0259lumat verib<\/em><\/strong><\/p>\n\n\n\n<p>13 il \u0259vv\u0259l T\u0259f\u0259kk\u00fcr Universitetinin prorektoru Tariyel \u018fhm\u0259dovun q\u0259tlin\u0259 sifari\u015f verm\u0259kd\u0259 ittiham olunan, h\u0259min universitetin o vaxtk\u0131 rektoru, Az\u0259rbaycan Milli Elml\u0259r Akademiyas\u0131n\u0131n \u0130qtisadiyyat \u0130nstitutunun icra\u00e7\u0131 direktoru M\u00fc\u015ffiq Ataki\u015fiyevin i\u015fi \u00fczr\u0259 m\u0259hk\u0259m\u0259 istintaq\u0131 ba\u015flay\u0131b. O, m\u0259hk\u0259m\u0259d\u0259 etiraf edib ki, prorektora x\u0259sar\u0259t yetirilm\u0259sini, bir m\u00fcdd\u0259t onun i\u015fd\u0259n uzaqla\u015fmas\u0131n\u0131 ist\u0259yib, lakin \u00f6ld\u00fcr\u00fclm\u0259sini ist\u0259m\u0259yib.<\/p>\n\n\n\n<p>Tariyel \u018fhm\u0259dovun q\u0259tlil\u0259 ba\u011fl\u0131 cinay\u0259t i\u015fin\u0259 Bak\u0131 A\u011f\u0131r Cinay\u0259tl\u0259r M\u0259hk\u0259m\u0259sind\u0259 bax\u0131l\u0131r. Bu i\u015fi Siyavu\u015f Hac\u0131yevin s\u0259drliyil\u0259, V\u00fcqar Quliyev v\u0259 Ayt\u0259n \u018fliyevadan ibar\u0259t hakiml\u0259r kollegiyas\u0131 ara\u015fd\u0131r\u0131r.<\/p>\n\n\n\n<p>T\u0259qsirl\u0259ndiril\u0259n \u015f\u0259xsl\u0259r aras\u0131nda iqtisad elml\u0259ri doktoru, professor M\u00fc\u015ffiq Ataki\u015fiyev, onun bac\u0131s\u0131 o\u011flu D\u0259yan\u0259t Quliyev v\u0259 onun dostu, \u0130mi\u015fli rayonunda qon\u015fu olduqlar\u0131 Samir Quliyev var.<\/p>\n\n\n\n<p>M\u0259hk\u0259m\u0259d\u0259 prokuror C\u00f6vd\u0259t Mehr\u0259liyev ittiham akt\u0131n\u0131 elan edib. Orada g\u00f6st\u0259rilib ki, M\u00fc\u015ffiq Ataki\u015fiyev prorektorun onu n\u00fcfuzdan sald\u0131\u011f\u0131n\u0131, yerin\u0259 rektor v\u0259zif\u0259sin\u0259 ke\u00e7m\u0259k ist\u0259diyini d\u00fc\u015f\u00fcn\u0259r\u0259k, bac\u0131s\u0131 o\u011flu D\u0259yan\u0259t Quliyev\u0259 onu avtomobill\u0259 vurmaq v\u0259 ya ba\u015fqa bir yolla aradan g\u00f6t\u00fcrm\u0259k tap\u015f\u0131r\u0131\u011f\u0131 verib. Day\u0131s\u0131n\u0131n uzun ill\u0259r ona maddi v\u0259 m\u0259n\u0259vi d\u0259st\u0259yini n\u0259z\u0259r\u0259 alaraq, onun ist\u0259diyini yerin\u0259 yetirm\u0259k q\u0259rar\u0131n\u0131 verib. Lakin o, plandan k\u0259nara \u00e7\u0131xaraq, day\u0131s\u0131n\u0131n tap\u015f\u0131rd\u0131\u011f\u0131 i\u015fi h\u0259myerlisi v\u0259 dostu Samir Quliyev\u0259 40 min dollar m\u00fcqabilind\u0259 h\u0259val\u0259 edib. Lakin ona bu i\u015fin sifari\u015f\u00e7isinin M\u00fc\u015ffiq Ataki\u015fiyev oldu\u011funu bildirm\u0259yib.<\/p>\n\n\n\n<p>\u0130ttihama \u0259sas\u0259n, D\u0259yan\u0259t Quliyev Samiri prorektorun ya\u015fad\u0131\u011f\u0131 evin yax\u0131nl\u0131\u011f\u0131nda idman etdiyi meydan\u00e7aya apararaq, onu g\u00f6st\u0259rib. Samir Quliyev 10 g\u00fcn \u0259rzind\u0259 onu izl\u0259dikd\u0259n sonra 2011-ci il sentyabr\u0131n 16-da d\u0259mir boru par\u00e7as\u0131yla onu ba\u015f\u0131ndan vuraraq, q\u0259tl\u0259 yetirib.<\/p>\n\n\n\n<p>T\u0259qsirl\u0259ndiril\u0259n \u015f\u0259xsl\u0259r\u0259 qar\u015f\u0131 Cinay\u0259t M\u0259c\u0259ll\u0259sinin 120.2.5-ci (tamah m\u0259qs\u0259dil\u0259 q\u0259sd\u0259n adam \u00f6ld\u00fcrm\u0259) madd\u0259sil\u0259 ittiham ir\u0259li s\u00fcr\u00fcl\u00fcb. Bu madd\u0259nin sanksiyas\u0131nda 14 ild\u0259n 20 il\u0259 q\u0259d\u0259r, yaxud da \u00f6m\u00fcrl\u00fck azadl\u0131qdan m\u0259hrumetm\u0259 c\u0259zas\u0131 n\u0259z\u0259rd\u0259 tutulub.<\/p>\n\n\n\n<p>M\u00fc\u015ffiq Ataki\u015fiyev ifad\u0259sind\u0259 deyib ki, bu madd\u0259 il\u0259 \u00f6z\u00fcn\u00fc q\u0259tiyy\u0259n t\u0259qsirli bilmir. Amma Cinay\u0259t M\u0259c\u0259ll\u0259sinin 126.1 (q\u0259sd\u0259n sa\u011flaml\u0131\u011fa a\u011f\u0131r x\u0259sar\u0259t yetirm\u0259) madd\u0259sil\u0259 \u00f6z\u00fcn\u00fc t\u0259qsirli say\u0131r. Onun s\u00f6zl\u0259rin\u0259 g\u00f6r\u0259, m\u0259rhum prorektoru 1-2 ayl\u0131q i\u015fd\u0259n uzaqla\u015fd\u0131rmaq \u00fc\u00e7\u00fcn ona x\u0259sar\u0259t yetirilm\u0259sini ist\u0259yib, lakin onu \u00f6ld\u00fcrm\u0259k niyy\u0259ti q\u0259tiyy\u0259n olmay\u0131b.<\/p>\n\n\n\n<p>1966-c\u0131 il t\u0259v\u0259ll\u00fcdl\u00fc M\u00fc\u015ffiq Ataki\u015fiyev Az\u0259rbaycan Neft v\u0259 Kimya \u0130nstitutunu (haz\u0131rda Az\u0259rbaycan D\u00f6vl\u0259t Neft v\u0259 S\u0259naye Universiteti) bitirib. 2005-ci ild\u0259 professor ad\u0131n\u0131 alan Ataki\u015fiyev 2008-2010-ci ill\u0259rd\u0259 Ali Attestasiya Komissiyas\u0131n\u0131n iqtisadiyyat \u00fczr\u0259 ekspert komissiyas\u0131n\u0131n s\u0259dri, eyni zamanda, 2000-2014-c\u00fc ill\u0259rd\u0259 Az\u0259rbaycan D\u00f6vl\u0259t Neft Akademiyas\u0131n\u0131n kafedra m\u00fcdiri olub. 2022-ci ild\u0259n is\u0259 \u0130qtisadiyyat \u0130nstitutunun icra\u00e7\u0131 direktoru idi.<\/p>\n\n\n\n<p>Tariyel \u018fhm\u0259dovla \u0259vv\u0259ll\u0259r yax\u0131n m\u00fcnasib\u0259tl\u0259ri oldu\u011funu, uzun m\u00fcdd\u0259t birlikd\u0259 i\u015fl\u0259dikl\u0259rini dey\u0259n M\u00fc\u015ffiq Ataki\u015fiyevin s\u00f6zl\u0259rin\u0259 g\u00f6r\u0259, sonradan m\u00fcnasib\u0259tl\u0259r korlan\u0131b:<\/p>\n\n\n\n<p>\u201c<em>2011-ci ild\u0259 t\u0259tild\u0259n qay\u0131dandan sonra m\u00fc\u0259yy\u0259n yerl\u0259rd\u0259n m\u0259lumat ald\u0131m ki, Tariyel \u018fhm\u0259dov q\u0131sa zamanda m\u0259nim yerim\u0259 &#8211; rektor v\u0259zif\u0259sin\u0259 ke\u00e7m\u0259k ist\u0259yir. H\u0259tta m\u0259n v\u0259zif\u0259d\u0259n \u00e7\u0131xandan sonra h\u0259bs el\u0259tdirm\u0259k niyy\u0259ti d\u0259 var. \u00c7ox narahat v\u0259 q\u0131sqanc adam idi. M\u0259n he\u00e7 bir t\u0259sis\u00e7ini aldatmam\u0131\u015fd\u0131m, x\u0259yan\u0259t el\u0259m\u0259mi\u015fdim. R\u0259him H\u00fcseynov da t\u0259sis\u00e7il\u0259rimizd\u0259n biri idi. Son h\u0259dd\u0259 q\u0259d\u0259r d\u00f6zd\u00fcm, g\u00f6rd\u00fcm ki, yox, Tariyel m\u00fc\u0259llim sakitl\u0259\u015fmir. Yuxar\u0131 orqanlarda \u00e7al\u0131\u015fanlarla \u0259laq\u0259l\u0259ri vard\u0131, bilirdim ki, ist\u0259s\u0259, m\u0259ni h\u0259bs el\u0259tdir\u0259 bil\u0259r. M\u0259n d\u0259 tan\u0131\u015flarla dan\u0131\u015fd\u0131m ki, m\u0259n\u0259 qar\u015f\u0131 bel\u0259 planlar\u0131 var. Dostlar m\u0259n\u0259 s\u00f6z verdil\u0259r ki, rektorluq m\u00fcdd\u0259tinin uzad\u0131lmas\u0131 m\u0259s\u0259l\u0259sini 1-2 aya h\u0259ll ed\u0259c\u0259kl\u0259r. M\u0259n d\u0259 h\u0259min m\u00fcdd\u0259td\u0259 onun uzaqla\u015fmas\u0131n\u0131, t\u0259crid olunmas\u0131n\u0131 ist\u0259yirdim. \u00c7\u00fcnki \u00e7\u0131x\u0131lmaz v\u0259ziyy\u0259td\u0259 qalm\u0131\u015fd\u0131m. Ona g\u00f6r\u0259 bac\u0131m o\u011fluna dedim ki, onu 1-2 ayl\u0131q x\u0259st\u0259xanal\u0131q el\u0259yin. \u00d6lm\u0259si m\u0259n\u0259 s\u0259rf el\u0259mirdi. \u00c7\u00fcnki aram\u0131zda m\u00fcnaqi\u015f\u0259 vard\u0131 dey\u0259, \u015f\u00fcbh\u0259l\u0259r m\u0259n\u0259 y\u00f6n\u0259l\u0259 bil\u0259rdi. T\u0259\u0259ss\u00fcf ki, bac\u0131m o\u011flu ba\u015f\u0131ma bel\u0259 bir oyun a\u00e7d\u0131. \u00d6z\u00fcm\u00fc Cinay\u0259t M\u0259c\u0259ll\u0259sinin 126.1 madd\u0259sil\u0259 t\u0259qsirli bilir\u0259m v\u0259 c\u0259zam\u0131 da \u00e7\u0259km\u0259y\u0259 haz\u0131ram\u201d.<\/em><\/p>\n\n\n\n<p>T\u0259qsirl\u0259ndiril\u0259n \u015f\u0259xsl\u0259rd\u0259n D\u0259yan\u0259t Quliyev d\u0259 ifad\u0259 verib. O bildirib ki, m\u0259rhum prorektorla onun \u00f6z\u00fcn\u00fcn d\u0259 \u015f\u0259xsi m\u00fcnasib\u0259ti olub. H\u0259tta daxili i\u015fl\u0259r orqanlar\u0131nda i\u015f\u0259 g\u00f6t\u00fcr\u00fclm\u0259sin\u0259 d\u0259 Tariyel \u018fhm\u0259dov k\u00f6m\u0259k edib.<\/p>\n\n\n\n<p>H\u0259m T\u0259f\u0259kk\u00fcr, h\u0259m d\u0259 \u0130qtisad Universitetinin m\u0259zunu oldu\u011funu dey\u0259n D\u0259yan\u0259t Quliyevin s\u00f6zl\u0259rin\u0259 g\u00f6r\u0259, 2000-ci ild\u0259n 2022-ci il\u0259 q\u0259d\u0259r polis \u0259m\u0259kda\u015f\u0131 kimi f\u0259aliyy\u0259t g\u00f6st\u0259rib. O, Bin\u0259q\u0259di Rayon Polis \u0130dar\u0259sinin 7-ci polis b\u00f6lm\u0259sind\u0259 mayor r\u00fctb\u0259sind\u0259 xidm\u0259t edib.<\/p>\n\n\n\n<p>\u201c<em>M\u0259n atam\u0131 u\u015faq olanda itirmi\u015f\u0259m. M\u00fc\u015ffiq Ataki\u015fiyev m\u0259n\u0259 atal\u0131q el\u0259yib. N\u0259inki m\u0259n\u0259, b\u00fct\u00fcn bac\u0131-qarda\u015flar\u0131na dayaq olub. Tariyel \u018fhm\u0259dovla m\u0259nim \u015f\u0259xsi m\u00fcnasib\u0259tl\u0259rim vard\u0131. Son vaxtlar m\u0259n\u0259 qar\u015f\u0131 soyuq davran\u0131rd\u0131. Day\u0131mla bu bar\u0259d\u0259 s\u00f6hb\u0259t el\u0259y\u0259nd\u0259 dedi ki, ondan da \u015fikay\u0259tl\u0259r yazd\u0131r\u0131r. Fikirl\u0259\u015fmi\u015fdik ki, onu ya ma\u015f\u0131nla, ya da\u015fla, bir yolla \u015fik\u0259st el\u0259y\u0259k. Bir m\u00fcdd\u0259t x\u0259st\u0259xanal\u0131q olsun. Day\u0131m\u0131n x\u0259b\u0259ri olmadan m\u0259n \u0130mi\u015flid\u0259 qon\u015fumuz, u\u015faql\u0131qdan dostum olan Samir Quliyev\u0259 dedim ki, bel\u0259 bir problem var. Apar\u0131b Tariyel \u018fhm\u0259dovu ona g\u00f6st\u0259rdim. \u018fvv\u0259l he\u00e7 \u00f6ld\u00fcrd\u00fcy\u00fcn\u00fc bilm\u0259dim. S\u0259h\u0259r e\u015fitdim ki, \u00f6l\u00fcb. Bu hadis\u0259d\u0259n sonra day\u0131mla m\u00fcnasib\u0259timiz korlanma\u011fa ba\u015flad\u0131. \u00c7\u00fcnki o, \u00f6ld\u00fcrm\u0259yi dem\u0259mi\u015fdi. Bir-iki d\u0259f\u0259 pul da ist\u0259dim, verm\u0259di. Ax\u0131r\u0131nc\u0131 d\u0259f\u0259 4 min pul ist\u0259mi\u015fdim, borclar\u0131m vard\u0131. Verm\u0259di&#8230;\u201d.<\/em><\/p>\n\n\n\n<p>D\u0259yan\u0259t Quliyev dindiril\u0259rk\u0259n m\u0259lum olub ki, 2011-ci ild\u0259 ba\u015f vermi\u015f cinay\u0259t bar\u0259d\u0259 2023-c\u00fc ild\u0259 polis\u0259 onun \u00f6z\u00fc m\u0259lumat verib. Onun s\u00f6zl\u0259rin\u0259 g\u00f6r\u0259, i\u00e7kili olub, h\u0259tta intihara da c\u0259hd g\u00f6st\u0259rib. Lakin u\u015faqlar\u0131 qar\u015f\u0131s\u0131n\u0131 al\u0131b, \u00f6z\u00fcn\u00fc yuxar\u0131 m\u0259rt\u0259b\u0259d\u0259n atma\u011fa imkan verm\u0259yibl\u0259r:<\/p>\n\n\n\n<p>\u201c<em>M\u0259nim ba\u015f\u0131mda kista var, \u00f6z\u00fcmd\u0259 olmuram. H\u0259min g\u00fcn \u201c102\u201dy\u0259 y\u0131\u011fd\u0131m, dedim ki, bel\u0259 bir i\u015f t\u00f6r\u0259tmi\u015f\u0259m\u201d.<\/em><\/p>\n\n\n\n<p>\u0130ttihama g\u00f6r\u0259, D\u0259yan\u0259t Quliyev day\u0131s\u0131ndan pul ala bilm\u0259diyin\u0259 g\u00f6r\u0259 qisas m\u0259qs\u0259dil\u0259 12 il sonra bu cinay\u0259t bar\u0259d\u0259 polis\u0259 m\u0259lumat verib. Lakin o, m\u0259hk\u0259m\u0259d\u0259 bunu t\u0259kzib edib. Polis\u0259 x\u0259b\u0259r verm\u0259sini is\u0259 i\u00e7kili olmas\u0131yla \u0259laq\u0259l\u0259ndirib.<\/p>\n\n\n\n<p>Samir Quliyev is\u0259 ifad\u0259sind\u0259 cinay\u0259ti t\u00f6r\u0259tdiyini t\u0259sdiql\u0259s\u0259 d\u0259, bunun m\u00fcqabilind\u0259 pul almad\u0131\u011f\u0131n\u0131 bildirib. Onun s\u00f6zl\u0259rin\u0259 g\u00f6r\u0259, D\u0259yan\u0259tl\u0259 u\u015faql\u0131qdan dost olublar v\u0259 laz\u0131m olanda bir-birin\u0259 k\u00f6m\u0259k edibl\u0259r: <\/p>\n\n\n\n<p><em>\u201cD\u0259yan\u0259t dedi ki, bel\u0259 bir problem var, m\u0259n d\u0259 dost kimi onun ist\u0259diyini yerin\u0259 yetirdim. D\u0259yan\u0259t demi\u015fdi ki, m\u0259ni i\u015fiml\u0259 t\u0259hdid edir. O adam\u0131n kim oldu\u011funu, M\u00fc\u015ffiq m\u00fc\u0259lliml\u0259 probleml\u0259rini bilmirdim. D\u0259yan\u0259t apar\u0131b g\u00f6st\u0259rdi. M\u0259n d\u0259 bir ne\u00e7\u0259 g\u00fcn izl\u0259dim, sentyabr\u0131n 16-da s\u0259h\u0259r 5-d\u0259 meydan\u00e7ada idman vaxt\u0131 g\u00f6rd\u00fcm ki, he\u00e7 kim yoxdur, arxadan d\u0259mirl\u0259 iki d\u0259f\u0259 vurdum. M\u0259nim onu \u00f6ld\u00fcrm\u0259k fikrim yox idi. \u00d6ld\u00fcrm\u0259k fikrim olsayd\u0131, b\u0131\u00e7aqla ged\u0259rdim. M\u0259qs\u0259dim qorxutmaq idi, ehtiyats\u0131zl\u0131q el\u0259dim\u201d.<\/em><\/p>\n\n\n\n<p>M\u0259rhum Tariyel \u018fhm\u0259dovun o\u011flu Zaur \u018fhm\u0259dov da m\u0259hk\u0259m\u0259d\u0259 ifad\u0259 verib. O bildirib ki, atas\u0131 il\u0259 rektor aras\u0131nda h\u0259qiq\u0259t\u0259n problem vard\u0131:<\/p>\n\n\n\n<p>&nbsp;\u201c<em>2004-c\u00fc ild\u0259n dan\u0131\u015fm\u0131rd\u0131lar, 7 il k\u00fcs\u00fcl\u00fc olublar. Hadis\u0259 g\u00fcn\u00fc bac\u0131m z\u0259ng el\u0259yib x\u0259b\u0259r verdi. \u018fvv\u0259l dedil\u0259r ki, \u00f6z\u00fc y\u0131x\u0131l\u0131b, ba\u015f\u0131 da\u015fa d\u0259yib. Sonra ekspertiza r\u0259y verdi ki, \u00f6ld\u00fcr\u00fcl\u00fcb. M\u0259n \u0259sas yezn\u0259md\u0259n \u015f\u00fcbh\u0259l\u0259nirdim, bir d\u0259 M\u00fc\u015ffiq Ataki\u015fiyevd\u0259n. T\u0259sis\u00e7ilik pay\u0131 il\u0259 \u0259laq\u0259dar hadis\u0259d\u0259n sonra 5-6 d\u0259f\u0259 M\u00fc\u015ffiq Ataki\u015fiyevl\u0259 g\u00f6r\u00fc\u015fm\u00fc\u015fd\u00fck. Deyirdi ki, m\u0259n el\u0259m\u0259zdim, \u00e7\u00fcnki aram\u0131zdak\u0131 naraz\u0131l\u0131\u011fa g\u00f6r\u0259 ham\u0131 m\u0259nd\u0259n \u015f\u00fcbh\u0259l\u0259n\u0259rdi\u201d.<\/em><\/p>\n\n\n\n<p>O t\u0259sdiql\u0259yib ki, atas\u0131n\u0131n M\u00fc\u015ffiq Ataki\u015fiyevin v\u0259zif\u0259sini tutmaq niyy\u0259ti olub:<\/p>\n\n\n\n<p><em>\u201cDeyirdi ki, sentyabrda M\u00fc\u015ffiq ba\u015fqa v\u0259zif\u0259y\u0259 ged\u0259c\u0259k, onun yerin\u0259 m\u0259n ke\u00e7\u0259c\u0259m. \u00d6z\u00fc k\u00f6n\u00fcll\u00fc getm\u0259s\u0259, tutacaqlar\u201d.<\/em><\/p>\n\n\n\n<p>M\u0259hk\u0259m\u0259 prosesi yanvar\u0131n 31-d\u0259 davam ed\u0259c\u0259k.<\/p>\n","protected":false},"excerpt":{"rendered":"<p>Polis mayoru cinay\u0259t bar\u0259d\u0259 12 il sonra Daxili \u0130\u015fl\u0259r Nazirliyinin &#8230; <\/p>\n<p class=\"read-more-container\"><a title=\"Ke\u00e7mi\u015f rektor prorektorun q\u0259tli haqda dan\u0131\u015f\u0131r: \u201cOnun 1-2 ayl\u0131q uzaqla\u015fmas\u0131n\u0131 ist\u0259yirdim\u201d\" class=\"read-more button\" href=\"https:\/\/www.meydan.tv\/az\/article\/kecmis-rektor-prorektorun-qetli-haqda-danisir-onun-1-2-ayliq-uzaqlasmasini-isteyirdim\/#more-295758\" aria-label=\"Read more about Ke\u00e7mi\u015f rektor prorektorun q\u0259tli haqda dan\u0131\u015f\u0131r: \u201cOnun 1-2 ayl\u0131q uzaqla\u015fmas\u0131n\u0131 ist\u0259yirdim\u201d\">Davam\u0131<\/a><\/p>\n","protected":false},"author":8,"featured_media":290523,"comment_status":"closed","ping_status":"closed","sticky":false,"template":"","format":"standard","meta":{"_acf_changed":false,"_sitemap_exclude":false,"_sitemap_priority":"","_sitemap_frequency":"","footnotes":""},"categories":[62,56],"tags":[],"class_list":["post-295758","post","type-post","status-publish","format-standard","has-post-thumbnail","hentry","category-sosial","category-xeberler","infinite-scroll-item","generate-columns","tablet-grid-50","mobile-grid-100","grid-parent","grid-33","no-featured-image-padding"],"acf":[],"yoast_head":"<!-- This site is optimized with the Yoast SEO plugin v27.5 - https:\/\/yoast.com\/product\/yoast-seo-wordpress\/ -->\n<title>Ke\u00e7mi\u015f rektor prorektorun q\u0259tli haqda dan\u0131\u015f\u0131r: \u201cOnun 1-2 ayl\u0131q uzaqla\u015fmas\u0131n\u0131 ist\u0259yirdim\u201d - MEYDAN.TV<\/title>\n<meta name=\"robots\" content=\"index, follow, max-snippet:-1, max-image-preview:large, max-video-preview:-1\" \/>\n<link rel=\"canonical\" href=\"https:\/\/www.meydan.tv\/az\/article\/kecmis-rektor-prorektorun-qetli-haqda-danisir-onun-1-2-ayliq-uzaqlasmasini-isteyirdim\/\" \/>\n<meta property=\"og:locale\" content=\"az_AZ\" \/>\n<meta property=\"og:type\" content=\"article\" \/>\n<meta property=\"og:title\" content=\"Ke\u00e7mi\u015f rektor prorektorun q\u0259tli haqda dan\u0131\u015f\u0131r: \u201cOnun 1-2 ayl\u0131q uzaqla\u015fmas\u0131n\u0131 ist\u0259yirdim\u201d - MEYDAN.TV\" \/>\n<meta property=\"og:description\" content=\"Polis mayoru cinay\u0259t bar\u0259d\u0259 12 il sonra Daxili \u0130\u015fl\u0259r Nazirliyinin ... Davam\u0131\" \/>\n<meta property=\"og:url\" content=\"https:\/\/www.meydan.tv\/az\/article\/kecmis-rektor-prorektorun-qetli-haqda-danisir-onun-1-2-ayliq-uzaqlasmasini-isteyirdim\/\" \/>\n<meta property=\"og:site_name\" content=\"MEYDAN.TV\" \/>\n<meta property=\"article:published_time\" content=\"2024-01-22T12:33:07+00:00\" \/>\n<meta property=\"article:modified_time\" content=\"2024-01-22T12:33:10+00:00\" \/>\n<meta property=\"og:image\" content=\"https:\/\/www.meydan.tv\/wp-content\/uploads\/copy-of-untitled-design-1-e1700126006966.jpg\" \/>\n\t<meta property=\"og:image:width\" content=\"1920\" \/>\n\t<meta property=\"og:image:height\" content=\"828\" \/>\n\t<meta property=\"og:image:type\" content=\"image\/jpeg\" \/>\n<meta name=\"author\" content=\"elli\" \/>\n<meta name=\"twitter:card\" content=\"summary_large_image\" \/>\n<meta name=\"twitter:creator\" content=\"@elli\" \/>\n<script type=\"application\/ld+json\" class=\"yoast-schema-graph\">{\"@context\":\"https:\\\/\\\/schema.org\",\"@graph\":[{\"@type\":\"Article\",\"@id\":\"https:\\\/\\\/www.meydan.tv\\\/az\\\/article\\\/kecmis-rektor-prorektorun-qetli-haqda-danisir-onun-1-2-ayliq-uzaqlasmasini-isteyirdim\\\/#article\",\"isPartOf\":{\"@id\":\"https:\\\/\\\/www.meydan.tv\\\/az\\\/article\\\/kecmis-rektor-prorektorun-qetli-haqda-danisir-onun-1-2-ayliq-uzaqlasmasini-isteyirdim\\\/\"},\"author\":{\"name\":\"elli\",\"@id\":\"https:\\\/\\\/www.meydan.tv\\\/az\\\/#\\\/schema\\\/person\\\/9cdbecf90d17180ce1dfbd95b08dcf47\"},\"headline\":\"Ke\u00e7mi\u015f rektor prorektorun q\u0259tli haqda dan\u0131\u015f\u0131r: \u201cOnun 1-2 ayl\u0131q uzaqla\u015fmas\u0131n\u0131 ist\u0259yirdim\u201d\",\"datePublished\":\"2024-01-22T12:33:07+00:00\",\"dateModified\":\"2024-01-22T12:33:10+00:00\",\"mainEntityOfPage\":{\"@id\":\"https:\\\/\\\/www.meydan.tv\\\/az\\\/article\\\/kecmis-rektor-prorektorun-qetli-haqda-danisir-onun-1-2-ayliq-uzaqlasmasini-isteyirdim\\\/\"},\"wordCount\":1774,\"publisher\":{\"@id\":\"https:\\\/\\\/www.meydan.tv\\\/az\\\/#organization\"},\"image\":{\"@id\":\"https:\\\/\\\/www.meydan.tv\\\/az\\\/article\\\/kecmis-rektor-prorektorun-qetli-haqda-danisir-onun-1-2-ayliq-uzaqlasmasini-isteyirdim\\\/#primaryimage\"},\"thumbnailUrl\":\"https:\\\/\\\/www.meydan.tv\\\/wp-content\\\/uploads\\\/copy-of-untitled-design-1-e1700126006966.jpg\",\"articleSection\":[\"Sosial\",\"X\u0259b\u0259rl\u0259r\"],\"inLanguage\":\"az\"},{\"@type\":\"WebPage\",\"@id\":\"https:\\\/\\\/www.meydan.tv\\\/az\\\/article\\\/kecmis-rektor-prorektorun-qetli-haqda-danisir-onun-1-2-ayliq-uzaqlasmasini-isteyirdim\\\/\",\"url\":\"https:\\\/\\\/www.meydan.tv\\\/az\\\/article\\\/kecmis-rektor-prorektorun-qetli-haqda-danisir-onun-1-2-ayliq-uzaqlasmasini-isteyirdim\\\/\",\"name\":\"Ke\u00e7mi\u015f rektor prorektorun q\u0259tli haqda dan\u0131\u015f\u0131r: \u201cOnun 1-2 ayl\u0131q uzaqla\u015fmas\u0131n\u0131 ist\u0259yirdim\u201d - MEYDAN.TV\",\"isPartOf\":{\"@id\":\"https:\\\/\\\/www.meydan.tv\\\/az\\\/#website\"},\"primaryImageOfPage\":{\"@id\":\"https:\\\/\\\/www.meydan.tv\\\/az\\\/article\\\/kecmis-rektor-prorektorun-qetli-haqda-danisir-onun-1-2-ayliq-uzaqlasmasini-isteyirdim\\\/#primaryimage\"},\"image\":{\"@id\":\"https:\\\/\\\/www.meydan.tv\\\/az\\\/article\\\/kecmis-rektor-prorektorun-qetli-haqda-danisir-onun-1-2-ayliq-uzaqlasmasini-isteyirdim\\\/#primaryimage\"},\"thumbnailUrl\":\"https:\\\/\\\/www.meydan.tv\\\/wp-content\\\/uploads\\\/copy-of-untitled-design-1-e1700126006966.jpg\",\"datePublished\":\"2024-01-22T12:33:07+00:00\",\"dateModified\":\"2024-01-22T12:33:10+00:00\",\"breadcrumb\":{\"@id\":\"https:\\\/\\\/www.meydan.tv\\\/az\\\/article\\\/kecmis-rektor-prorektorun-qetli-haqda-danisir-onun-1-2-ayliq-uzaqlasmasini-isteyirdim\\\/#breadcrumb\"},\"inLanguage\":\"az\",\"potentialAction\":[{\"@type\":\"ReadAction\",\"target\":[\"https:\\\/\\\/www.meydan.tv\\\/az\\\/article\\\/kecmis-rektor-prorektorun-qetli-haqda-danisir-onun-1-2-ayliq-uzaqlasmasini-isteyirdim\\\/\"]}]},{\"@type\":\"ImageObject\",\"inLanguage\":\"az\",\"@id\":\"https:\\\/\\\/www.meydan.tv\\\/az\\\/article\\\/kecmis-rektor-prorektorun-qetli-haqda-danisir-onun-1-2-ayliq-uzaqlasmasini-isteyirdim\\\/#primaryimage\",\"url\":\"https:\\\/\\\/www.meydan.tv\\\/wp-content\\\/uploads\\\/copy-of-untitled-design-1-e1700126006966.jpg\",\"contentUrl\":\"https:\\\/\\\/www.meydan.tv\\\/wp-content\\\/uploads\\\/copy-of-untitled-design-1-e1700126006966.jpg\",\"width\":1920,\"height\":828,\"caption\":\"M\u00fc\u015fviq Ataki\u015fiyev v\u0259 Tariyel \u018fhm\u0259dov. Foto: Wiki\"},{\"@type\":\"BreadcrumbList\",\"@id\":\"https:\\\/\\\/www.meydan.tv\\\/az\\\/article\\\/kecmis-rektor-prorektorun-qetli-haqda-danisir-onun-1-2-ayliq-uzaqlasmasini-isteyirdim\\\/#breadcrumb\",\"itemListElement\":[{\"@type\":\"ListItem\",\"position\":1,\"name\":\"Ana s\u0259hif\u0259\",\"item\":\"https:\\\/\\\/www.meydan.tv\\\/az\\\/\"},{\"@type\":\"ListItem\",\"position\":2,\"name\":\"Sosial\",\"item\":\"https:\\\/\\\/www.meydan.tv\\\/az\\\/section\\\/sosial\\\/\"},{\"@type\":\"ListItem\",\"position\":3,\"name\":\"Ke\u00e7mi\u015f rektor prorektorun q\u0259tli haqda dan\u0131\u015f\u0131r: \u201cOnun 1-2 ayl\u0131q uzaqla\u015fmas\u0131n\u0131 ist\u0259yirdim\u201d\"}]},{\"@type\":\"WebSite\",\"@id\":\"https:\\\/\\\/www.meydan.tv\\\/az\\\/#website\",\"url\":\"https:\\\/\\\/www.meydan.tv\\\/az\\\/\",\"name\":\"MEYDAN.TV\",\"description\":\"Meydan TV Az\u0259rbaycan\u0131n media m\u0259kan\u0131ndak\u0131 alternativ s\u0259sidir\",\"publisher\":{\"@id\":\"https:\\\/\\\/www.meydan.tv\\\/az\\\/#organization\"},\"potentialAction\":[{\"@type\":\"SearchAction\",\"target\":{\"@type\":\"EntryPoint\",\"urlTemplate\":\"https:\\\/\\\/www.meydan.tv\\\/az\\\/?s={search_term_string}\"},\"query-input\":{\"@type\":\"PropertyValueSpecification\",\"valueRequired\":true,\"valueName\":\"search_term_string\"}}],\"inLanguage\":\"az\"},{\"@type\":\"Organization\",\"@id\":\"https:\\\/\\\/www.meydan.tv\\\/az\\\/#organization\",\"name\":\"Meydan TV\",\"url\":\"https:\\\/\\\/www.meydan.tv\\\/az\\\/\",\"logo\":{\"@type\":\"ImageObject\",\"inLanguage\":\"az\",\"@id\":\"https:\\\/\\\/www.meydan.tv\\\/az\\\/#\\\/schema\\\/logo\\\/image\\\/\",\"url\":\"https:\\\/\\\/www.meydan.tv\\\/wp-content\\\/uploads\\\/2021\\\/07\\\/meydan-logo.svg\",\"contentUrl\":\"https:\\\/\\\/www.meydan.tv\\\/wp-content\\\/uploads\\\/2021\\\/07\\\/meydan-logo.svg\",\"width\":195,\"height\":46,\"caption\":\"Meydan TV\"},\"image\":{\"@id\":\"https:\\\/\\\/www.meydan.tv\\\/az\\\/#\\\/schema\\\/logo\\\/image\\\/\"}},{\"@type\":\"Person\",\"@id\":\"https:\\\/\\\/www.meydan.tv\\\/az\\\/#\\\/schema\\\/person\\\/9cdbecf90d17180ce1dfbd95b08dcf47\",\"name\":\"elli\",\"sameAs\":[\"https:\\\/\\\/x.com\\\/elli\"]}]}<\/script>\n<!-- \/ Yoast SEO plugin. -->","yoast_head_json":{"title":"Ke\u00e7mi\u015f rektor prorektorun q\u0259tli haqda dan\u0131\u015f\u0131r: \u201cOnun 1-2 ayl\u0131q uzaqla\u015fmas\u0131n\u0131 ist\u0259yirdim\u201d - MEYDAN.TV","robots":{"index":"index","follow":"follow","max-snippet":"max-snippet:-1","max-image-preview":"max-image-preview:large","max-video-preview":"max-video-preview:-1"},"canonical":"https:\/\/www.meydan.tv\/az\/article\/kecmis-rektor-prorektorun-qetli-haqda-danisir-onun-1-2-ayliq-uzaqlasmasini-isteyirdim\/","og_locale":"az_AZ","og_type":"article","og_title":"Ke\u00e7mi\u015f rektor prorektorun q\u0259tli haqda dan\u0131\u015f\u0131r: \u201cOnun 1-2 ayl\u0131q uzaqla\u015fmas\u0131n\u0131 ist\u0259yirdim\u201d - MEYDAN.TV","og_description":"Polis mayoru cinay\u0259t bar\u0259d\u0259 12 il sonra Daxili \u0130\u015fl\u0259r Nazirliyinin ... Davam\u0131","og_url":"https:\/\/www.meydan.tv\/az\/article\/kecmis-rektor-prorektorun-qetli-haqda-danisir-onun-1-2-ayliq-uzaqlasmasini-isteyirdim\/","og_site_name":"MEYDAN.TV","article_published_time":"2024-01-22T12:33:07+00:00","article_modified_time":"2024-01-22T12:33:10+00:00","og_image":[{"width":1920,"height":828,"url":"https:\/\/www.meydan.tv\/wp-content\/uploads\/copy-of-untitled-design-1-e1700126006966.jpg","type":"image\/jpeg"}],"author":"elli","twitter_card":"summary_large_image","twitter_creator":"@elli","schema":{"@context":"https:\/\/schema.org","@graph":[{"@type":"Article","@id":"https:\/\/www.meydan.tv\/az\/article\/kecmis-rektor-prorektorun-qetli-haqda-danisir-onun-1-2-ayliq-uzaqlasmasini-isteyirdim\/#article","isPartOf":{"@id":"https:\/\/www.meydan.tv\/az\/article\/kecmis-rektor-prorektorun-qetli-haqda-danisir-onun-1-2-ayliq-uzaqlasmasini-isteyirdim\/"},"author":{"name":"elli","@id":"https:\/\/www.meydan.tv\/az\/#\/schema\/person\/9cdbecf90d17180ce1dfbd95b08dcf47"},"headline":"Ke\u00e7mi\u015f rektor prorektorun q\u0259tli haqda dan\u0131\u015f\u0131r: \u201cOnun 1-2 ayl\u0131q uzaqla\u015fmas\u0131n\u0131 ist\u0259yirdim\u201d","datePublished":"2024-01-22T12:33:07+00:00","dateModified":"2024-01-22T12:33:10+00:00","mainEntityOfPage":{"@id":"https:\/\/www.meydan.tv\/az\/article\/kecmis-rektor-prorektorun-qetli-haqda-danisir-onun-1-2-ayliq-uzaqlasmasini-isteyirdim\/"},"wordCount":1774,"publisher":{"@id":"https:\/\/www.meydan.tv\/az\/#organization"},"image":{"@id":"https:\/\/www.meydan.tv\/az\/article\/kecmis-rektor-prorektorun-qetli-haqda-danisir-onun-1-2-ayliq-uzaqlasmasini-isteyirdim\/#primaryimage"},"thumbnailUrl":"https:\/\/www.meydan.tv\/wp-content\/uploads\/copy-of-untitled-design-1-e1700126006966.jpg","articleSection":["Sosial","X\u0259b\u0259rl\u0259r"],"inLanguage":"az"},{"@type":"WebPage","@id":"https:\/\/www.meydan.tv\/az\/article\/kecmis-rektor-prorektorun-qetli-haqda-danisir-onun-1-2-ayliq-uzaqlasmasini-isteyirdim\/","url":"https:\/\/www.meydan.tv\/az\/article\/kecmis-rektor-prorektorun-qetli-haqda-danisir-onun-1-2-ayliq-uzaqlasmasini-isteyirdim\/","name":"Ke\u00e7mi\u015f rektor prorektorun q\u0259tli haqda dan\u0131\u015f\u0131r: \u201cOnun 1-2 ayl\u0131q uzaqla\u015fmas\u0131n\u0131 ist\u0259yirdim\u201d - MEYDAN.TV","isPartOf":{"@id":"https:\/\/www.meydan.tv\/az\/#website"},"primaryImageOfPage":{"@id":"https:\/\/www.meydan.tv\/az\/article\/kecmis-rektor-prorektorun-qetli-haqda-danisir-onun-1-2-ayliq-uzaqlasmasini-isteyirdim\/#primaryimage"},"image":{"@id":"https:\/\/www.meydan.tv\/az\/article\/kecmis-rektor-prorektorun-qetli-haqda-danisir-onun-1-2-ayliq-uzaqlasmasini-isteyirdim\/#primaryimage"},"thumbnailUrl":"https:\/\/www.meydan.tv\/wp-content\/uploads\/copy-of-untitled-design-1-e1700126006966.jpg","datePublished":"2024-01-22T12:33:07+00:00","dateModified":"2024-01-22T12:33:10+00:00","breadcrumb":{"@id":"https:\/\/www.meydan.tv\/az\/article\/kecmis-rektor-prorektorun-qetli-haqda-danisir-onun-1-2-ayliq-uzaqlasmasini-isteyirdim\/#breadcrumb"},"inLanguage":"az","potentialAction":[{"@type":"ReadAction","target":["https:\/\/www.meydan.tv\/az\/article\/kecmis-rektor-prorektorun-qetli-haqda-danisir-onun-1-2-ayliq-uzaqlasmasini-isteyirdim\/"]}]},{"@type":"ImageObject","inLanguage":"az","@id":"https:\/\/www.meydan.tv\/az\/article\/kecmis-rektor-prorektorun-qetli-haqda-danisir-onun-1-2-ayliq-uzaqlasmasini-isteyirdim\/#primaryimage","url":"https:\/\/www.meydan.tv\/wp-content\/uploads\/copy-of-untitled-design-1-e1700126006966.jpg","contentUrl":"https:\/\/www.meydan.tv\/wp-content\/uploads\/copy-of-untitled-design-1-e1700126006966.jpg","width":1920,"height":828,"caption":"M\u00fc\u015fviq Ataki\u015fiyev v\u0259 Tariyel \u018fhm\u0259dov. Foto: Wiki"},{"@type":"BreadcrumbList","@id":"https:\/\/www.meydan.tv\/az\/article\/kecmis-rektor-prorektorun-qetli-haqda-danisir-onun-1-2-ayliq-uzaqlasmasini-isteyirdim\/#breadcrumb","itemListElement":[{"@type":"ListItem","position":1,"name":"Ana s\u0259hif\u0259","item":"https:\/\/www.meydan.tv\/az\/"},{"@type":"ListItem","position":2,"name":"Sosial","item":"https:\/\/www.meydan.tv\/az\/section\/sosial\/"},{"@type":"ListItem","position":3,"name":"Ke\u00e7mi\u015f rektor prorektorun q\u0259tli haqda dan\u0131\u015f\u0131r: \u201cOnun 1-2 ayl\u0131q uzaqla\u015fmas\u0131n\u0131 ist\u0259yirdim\u201d"}]},{"@type":"WebSite","@id":"https:\/\/www.meydan.tv\/az\/#website","url":"https:\/\/www.meydan.tv\/az\/","name":"MEYDAN.TV","description":"Meydan TV Az\u0259rbaycan\u0131n media m\u0259kan\u0131ndak\u0131 alternativ s\u0259sidir","publisher":{"@id":"https:\/\/www.meydan.tv\/az\/#organization"},"potentialAction":[{"@type":"SearchAction","target":{"@type":"EntryPoint","urlTemplate":"https:\/\/www.meydan.tv\/az\/?s={search_term_string}"},"query-input":{"@type":"PropertyValueSpecification","valueRequired":true,"valueName":"search_term_string"}}],"inLanguage":"az"},{"@type":"Organization","@id":"https:\/\/www.meydan.tv\/az\/#organization","name":"Meydan TV","url":"https:\/\/www.meydan.tv\/az\/","logo":{"@type":"ImageObject","inLanguage":"az","@id":"https:\/\/www.meydan.tv\/az\/#\/schema\/logo\/image\/","url":"https:\/\/www.meydan.tv\/wp-content\/uploads\/2021\/07\/meydan-logo.svg","contentUrl":"https:\/\/www.meydan.tv\/wp-content\/uploads\/2021\/07\/meydan-logo.svg","width":195,"height":46,"caption":"Meydan TV"},"image":{"@id":"https:\/\/www.meydan.tv\/az\/#\/schema\/logo\/image\/"}},{"@type":"Person","@id":"https:\/\/www.meydan.tv\/az\/#\/schema\/person\/9cdbecf90d17180ce1dfbd95b08dcf47","name":"elli","sameAs":["https:\/\/x.com\/elli"]}]}},"_links":{"self":[{"href":"https:\/\/www.meydan.tv\/az\/wp-json\/wp\/v2\/posts\/295758","targetHints":{"allow":["GET"]}}],"collection":[{"href":"https:\/\/www.meydan.tv\/az\/wp-json\/wp\/v2\/posts"}],"about":[{"href":"https:\/\/www.meydan.tv\/az\/wp-json\/wp\/v2\/types\/post"}],"author":[{"embeddable":true,"href":"https:\/\/www.meydan.tv\/az\/wp-json\/wp\/v2\/users\/8"}],"replies":[{"embeddable":true,"href":"https:\/\/www.meydan.tv\/az\/wp-json\/wp\/v2\/comments?post=295758"}],"version-history":[{"count":3,"href":"https:\/\/www.meydan.tv\/az\/wp-json\/wp\/v2\/posts\/295758\/revisions"}],"predecessor-version":[{"id":295762,"href":"https:\/\/www.meydan.tv\/az\/wp-json\/wp\/v2\/posts\/295758\/revisions\/295762"}],"wp:featuredmedia":[{"embeddable":true,"href":"https:\/\/www.meydan.tv\/az\/wp-json\/wp\/v2\/media\/290523"}],"wp:attachment":[{"href":"https:\/\/www.meydan.tv\/az\/wp-json\/wp\/v2\/media?parent=295758"}],"wp:term":[{"taxonomy":"category","embeddable":true,"href":"https:\/\/www.meydan.tv\/az\/wp-json\/wp\/v2\/categories?post=295758"},{"taxonomy":"post_tag","embeddable":true,"href":"https:\/\/www.meydan.tv\/az\/wp-json\/wp\/v2\/tags?post=295758"}],"curies":[{"name":"wp","href":"https:\/\/api.w.org\/{rel}","templated":true}]}}