{"id":295695,"date":"2024-01-20T17:15:10","date_gmt":"2024-01-20T13:15:10","guid":{"rendered":"https:\/\/www.meydan.tv\/?p=295695"},"modified":"2024-01-20T17:15:13","modified_gmt":"2024-01-20T13:15:13","slug":"mebel-sexinde-yaralananlardan-biri-heyatini-itirib","status":"publish","type":"post","link":"https:\/\/www.meydan.tv\/az\/article\/mebel-sexinde-yaralananlardan-biri-heyatini-itirib\/","title":{"rendered":"Mebel sexind\u0259 yaralananlardan biri h\u0259yat\u0131n\u0131 itirib"},"content":{"rendered":"\n<p><\/p>\n\n\n\n<p><strong><em>Ba\u015f prokuror mebel sexind\u0259ki yan\u011f\u0131nla ba\u011fl\u0131 bir ne\u00e7\u0259 versiya oldu\u011funu deyir<\/em><\/strong>.<\/p>\n\n\n\n<p>\u201c\u0130stintaq mebel sexind\u0259 ba\u015f vermi\u015f yan\u011f\u0131nla \u0259laq\u0259dar bir ne\u00e7\u0259 versiya \u00fcz\u0259rind\u0259 i\u015fl\u0259yir\u201d, &#8211; Az\u0259rbaycan\u0131n Ba\u015f prokuroru Kamran \u018fliyev jurnalistl\u0259r\u0259 <a href=\"https:\/\/turan.az\/az\/cemiyyet\/istintaq-mebel-sexinde-bas-vermis-yanginla-elaqedar-bir-nece-versiya-uzerinde-isleyir\">a\u00e7\u0131qlamas\u0131nda<\/a> bel\u0259 deyib.<\/p>\n\n\n\n<p>Onun s\u00f6zl\u0259rin\u0259 g\u00f6r\u0259, b\u00fct\u00fcn laz\u0131mi ekspertizalar t\u0259yin edilib, m\u0259sul \u015f\u0259xsl\u0259rin h\u0259r\u0259k\u0259tl\u0259ri ara\u015fd\u0131r\u0131l\u0131r. <\/p>\n\n\n\n<p>Yanvar\u0131n 20-d\u0259 yaral\u0131lardan 1 n\u0259f\u0259r &#8211; Adil R\u00fcst\u0259mov (1996-c\u0131 il t\u0259v\u0259ll\u00fcdl\u00fc) g\u00f6st\u0259ril\u0259n tibbi yard\u0131mlara baxmayaraq h\u0259yat\u0131n\u0131 itirib. Bununla da partlay\u0131\u015f n\u0259tic\u0259sind\u0259 \u00f6l\u0259nl\u0259rin say\u0131 10-a \u00e7at\u0131b. <\/p>\n\n\n\n<p>Yanvar\u0131n 15-d\u0259 Bak\u0131n\u0131n Bin\u0259q\u0259di rayonu, S.S.Axundov k\u00fc\u00e7\u0259sind\u0259 yerl\u0259\u015f\u0259n mebel sexind\u0259 partlay\u0131\u015f olub. Partlay\u0131\u015fdan sonra yan\u011f\u0131n \u00e7\u0131x\u0131b. Hadis\u0259 n\u0259tic\u0259sind\u0259 24 n\u0259f\u0259r yaralan\u0131b, 9 n\u0259f\u0259r h\u0259yat\u0131n\u0131 itirib. \u0130lkin olaraq faktla ba\u011fl\u0131 Cinay\u0259t M\u0259c\u0259ll\u0259sinin 225.3 (yan\u011f\u0131n t\u0259hl\u00fck\u0259sizliyi qaydalar\u0131n\u0131 pozma \u2013 ehtiyats\u0131zl\u0131qdan iki v\u0259 daha \u00e7ox \u015f\u0259xsin \u00f6l\u00fcm\u00fcn\u0259 s\u0259b\u0259b olduqda) v\u0259 314.3-c\u00fc (s\u0259hl\u0259nkarl\u0131q \u2013 ehtiyats\u0131zl\u0131qdan iki v\u0259 daha \u00e7ox \u015f\u0259xsin \u00f6l\u00fcm\u00fcn\u0259 s\u0259b\u0259b olduqda) madd\u0259l\u0259ri il\u0259 cinay\u0259t i\u015fi a\u00e7\u0131ld\u0131\u011f\u0131 bildirilib.<\/p>\n","protected":false},"excerpt":{"rendered":"<p>Ba\u015f prokuror mebel sexind\u0259ki yan\u011f\u0131nla ba\u011fl\u0131 bir ne\u00e7\u0259 versiya oldu\u011funu &#8230; <\/p>\n<p class=\"read-more-container\"><a title=\"Mebel sexind\u0259 yaralananlardan biri h\u0259yat\u0131n\u0131 itirib\" class=\"read-more button\" href=\"https:\/\/www.meydan.tv\/az\/article\/mebel-sexinde-yaralananlardan-biri-heyatini-itirib\/#more-295695\" aria-label=\"Read more about Mebel sexind\u0259 yaralananlardan biri h\u0259yat\u0131n\u0131 itirib\">Davam\u0131<\/a><\/p>\n","protected":false},"author":8,"featured_media":295266,"comment_status":"closed","ping_status":"closed","sticky":false,"template":"","format":"standard","meta":{"_acf_changed":false,"_sitemap_exclude":false,"_sitemap_priority":"","_sitemap_frequency":"","footnotes":""},"categories":[62,79,56],"tags":[],"class_list":["post-295695","post","type-post","status-publish","format-standard","has-post-thumbnail","hentry","category-sosial","category-featured","category-xeberler","infinite-scroll-item","generate-columns","tablet-grid-50","mobile-grid-100","grid-parent","grid-33","no-featured-image-padding"],"acf":[],"yoast_head":"<!-- This site is optimized with the Yoast SEO plugin v27.5 - https:\/\/yoast.com\/product\/yoast-seo-wordpress\/ -->\n<title>Mebel sexind\u0259 yaralananlardan biri h\u0259yat\u0131n\u0131 itirib - MEYDAN.TV<\/title>\n<meta name=\"robots\" content=\"index, follow, max-snippet:-1, max-image-preview:large, max-video-preview:-1\" \/>\n<link rel=\"canonical\" href=\"https:\/\/www.meydan.tv\/az\/article\/mebel-sexinde-yaralananlardan-biri-heyatini-itirib\/\" \/>\n<meta property=\"og:locale\" content=\"az_AZ\" \/>\n<meta property=\"og:type\" content=\"article\" \/>\n<meta property=\"og:title\" content=\"Mebel sexind\u0259 yaralananlardan biri h\u0259yat\u0131n\u0131 itirib - MEYDAN.TV\" \/>\n<meta property=\"og:description\" content=\"Ba\u015f prokuror mebel sexind\u0259ki yan\u011f\u0131nla ba\u011fl\u0131 bir ne\u00e7\u0259 versiya oldu\u011funu ... Davam\u0131\" \/>\n<meta property=\"og:url\" content=\"https:\/\/www.meydan.tv\/az\/article\/mebel-sexinde-yaralananlardan-biri-heyatini-itirib\/\" \/>\n<meta property=\"og:site_name\" content=\"MEYDAN.TV\" \/>\n<meta property=\"article:published_time\" content=\"2024-01-20T13:15:10+00:00\" \/>\n<meta property=\"article:modified_time\" content=\"2024-01-20T13:15:13+00:00\" \/>\n<meta property=\"og:image\" content=\"https:\/\/www.meydan.tv\/wp-content\/uploads\/17053097324060722043_1200x630.jpg\" \/>\n\t<meta property=\"og:image:width\" content=\"1200\" \/>\n\t<meta property=\"og:image:height\" content=\"900\" \/>\n\t<meta property=\"og:image:type\" content=\"image\/jpeg\" \/>\n<meta name=\"author\" content=\"elli\" \/>\n<meta name=\"twitter:card\" content=\"summary_large_image\" \/>\n<meta name=\"twitter:creator\" content=\"@elli\" \/>\n<script type=\"application\/ld+json\" class=\"yoast-schema-graph\">{\"@context\":\"https:\\\/\\\/schema.org\",\"@graph\":[{\"@type\":\"Article\",\"@id\":\"https:\\\/\\\/www.meydan.tv\\\/az\\\/article\\\/mebel-sexinde-yaralananlardan-biri-heyatini-itirib\\\/#article\",\"isPartOf\":{\"@id\":\"https:\\\/\\\/www.meydan.tv\\\/az\\\/article\\\/mebel-sexinde-yaralananlardan-biri-heyatini-itirib\\\/\"},\"author\":{\"name\":\"elli\",\"@id\":\"https:\\\/\\\/www.meydan.tv\\\/az\\\/#\\\/schema\\\/person\\\/9cdbecf90d17180ce1dfbd95b08dcf47\"},\"headline\":\"Mebel sexind\u0259 yaralananlardan biri h\u0259yat\u0131n\u0131 itirib\",\"datePublished\":\"2024-01-20T13:15:10+00:00\",\"dateModified\":\"2024-01-20T13:15:13+00:00\",\"mainEntityOfPage\":{\"@id\":\"https:\\\/\\\/www.meydan.tv\\\/az\\\/article\\\/mebel-sexinde-yaralananlardan-biri-heyatini-itirib\\\/\"},\"wordCount\":239,\"publisher\":{\"@id\":\"https:\\\/\\\/www.meydan.tv\\\/az\\\/#organization\"},\"image\":{\"@id\":\"https:\\\/\\\/www.meydan.tv\\\/az\\\/article\\\/mebel-sexinde-yaralananlardan-biri-heyatini-itirib\\\/#primaryimage\"},\"thumbnailUrl\":\"https:\\\/\\\/www.meydan.tv\\\/wp-content\\\/uploads\\\/17053097324060722043_1200x630.jpg\",\"articleSection\":[\"Sosial\",\"T\u00f6vsiy\u0259\",\"X\u0259b\u0259rl\u0259r\"],\"inLanguage\":\"az\"},{\"@type\":\"WebPage\",\"@id\":\"https:\\\/\\\/www.meydan.tv\\\/az\\\/article\\\/mebel-sexinde-yaralananlardan-biri-heyatini-itirib\\\/\",\"url\":\"https:\\\/\\\/www.meydan.tv\\\/az\\\/article\\\/mebel-sexinde-yaralananlardan-biri-heyatini-itirib\\\/\",\"name\":\"Mebel sexind\u0259 yaralananlardan biri h\u0259yat\u0131n\u0131 itirib - MEYDAN.TV\",\"isPartOf\":{\"@id\":\"https:\\\/\\\/www.meydan.tv\\\/az\\\/#website\"},\"primaryImageOfPage\":{\"@id\":\"https:\\\/\\\/www.meydan.tv\\\/az\\\/article\\\/mebel-sexinde-yaralananlardan-biri-heyatini-itirib\\\/#primaryimage\"},\"image\":{\"@id\":\"https:\\\/\\\/www.meydan.tv\\\/az\\\/article\\\/mebel-sexinde-yaralananlardan-biri-heyatini-itirib\\\/#primaryimage\"},\"thumbnailUrl\":\"https:\\\/\\\/www.meydan.tv\\\/wp-content\\\/uploads\\\/17053097324060722043_1200x630.jpg\",\"datePublished\":\"2024-01-20T13:15:10+00:00\",\"dateModified\":\"2024-01-20T13:15:13+00:00\",\"breadcrumb\":{\"@id\":\"https:\\\/\\\/www.meydan.tv\\\/az\\\/article\\\/mebel-sexinde-yaralananlardan-biri-heyatini-itirib\\\/#breadcrumb\"},\"inLanguage\":\"az\",\"potentialAction\":[{\"@type\":\"ReadAction\",\"target\":[\"https:\\\/\\\/www.meydan.tv\\\/az\\\/article\\\/mebel-sexinde-yaralananlardan-biri-heyatini-itirib\\\/\"]}]},{\"@type\":\"ImageObject\",\"inLanguage\":\"az\",\"@id\":\"https:\\\/\\\/www.meydan.tv\\\/az\\\/article\\\/mebel-sexinde-yaralananlardan-biri-heyatini-itirib\\\/#primaryimage\",\"url\":\"https:\\\/\\\/www.meydan.tv\\\/wp-content\\\/uploads\\\/17053097324060722043_1200x630.jpg\",\"contentUrl\":\"https:\\\/\\\/www.meydan.tv\\\/wp-content\\\/uploads\\\/17053097324060722043_1200x630.jpg\",\"width\":1200,\"height\":900,\"caption\":\"Foto: FHN\"},{\"@type\":\"BreadcrumbList\",\"@id\":\"https:\\\/\\\/www.meydan.tv\\\/az\\\/article\\\/mebel-sexinde-yaralananlardan-biri-heyatini-itirib\\\/#breadcrumb\",\"itemListElement\":[{\"@type\":\"ListItem\",\"position\":1,\"name\":\"Ana s\u0259hif\u0259\",\"item\":\"https:\\\/\\\/www.meydan.tv\\\/az\\\/\"},{\"@type\":\"ListItem\",\"position\":2,\"name\":\"Sosial\",\"item\":\"https:\\\/\\\/www.meydan.tv\\\/az\\\/section\\\/sosial\\\/\"},{\"@type\":\"ListItem\",\"position\":3,\"name\":\"Mebel sexind\u0259 yaralananlardan biri h\u0259yat\u0131n\u0131 itirib\"}]},{\"@type\":\"WebSite\",\"@id\":\"https:\\\/\\\/www.meydan.tv\\\/az\\\/#website\",\"url\":\"https:\\\/\\\/www.meydan.tv\\\/az\\\/\",\"name\":\"MEYDAN.TV\",\"description\":\"Meydan TV Az\u0259rbaycan\u0131n media m\u0259kan\u0131ndak\u0131 alternativ s\u0259sidir\",\"publisher\":{\"@id\":\"https:\\\/\\\/www.meydan.tv\\\/az\\\/#organization\"},\"potentialAction\":[{\"@type\":\"SearchAction\",\"target\":{\"@type\":\"EntryPoint\",\"urlTemplate\":\"https:\\\/\\\/www.meydan.tv\\\/az\\\/?s={search_term_string}\"},\"query-input\":{\"@type\":\"PropertyValueSpecification\",\"valueRequired\":true,\"valueName\":\"search_term_string\"}}],\"inLanguage\":\"az\"},{\"@type\":\"Organization\",\"@id\":\"https:\\\/\\\/www.meydan.tv\\\/az\\\/#organization\",\"name\":\"Meydan TV\",\"url\":\"https:\\\/\\\/www.meydan.tv\\\/az\\\/\",\"logo\":{\"@type\":\"ImageObject\",\"inLanguage\":\"az\",\"@id\":\"https:\\\/\\\/www.meydan.tv\\\/az\\\/#\\\/schema\\\/logo\\\/image\\\/\",\"url\":\"https:\\\/\\\/www.meydan.tv\\\/wp-content\\\/uploads\\\/2021\\\/07\\\/meydan-logo.svg\",\"contentUrl\":\"https:\\\/\\\/www.meydan.tv\\\/wp-content\\\/uploads\\\/2021\\\/07\\\/meydan-logo.svg\",\"width\":195,\"height\":46,\"caption\":\"Meydan TV\"},\"image\":{\"@id\":\"https:\\\/\\\/www.meydan.tv\\\/az\\\/#\\\/schema\\\/logo\\\/image\\\/\"}},{\"@type\":\"Person\",\"@id\":\"https:\\\/\\\/www.meydan.tv\\\/az\\\/#\\\/schema\\\/person\\\/9cdbecf90d17180ce1dfbd95b08dcf47\",\"name\":\"elli\",\"sameAs\":[\"https:\\\/\\\/x.com\\\/elli\"]}]}<\/script>\n<!-- \/ Yoast SEO plugin. -->","yoast_head_json":{"title":"Mebel sexind\u0259 yaralananlardan biri h\u0259yat\u0131n\u0131 itirib - MEYDAN.TV","robots":{"index":"index","follow":"follow","max-snippet":"max-snippet:-1","max-image-preview":"max-image-preview:large","max-video-preview":"max-video-preview:-1"},"canonical":"https:\/\/www.meydan.tv\/az\/article\/mebel-sexinde-yaralananlardan-biri-heyatini-itirib\/","og_locale":"az_AZ","og_type":"article","og_title":"Mebel sexind\u0259 yaralananlardan biri h\u0259yat\u0131n\u0131 itirib - MEYDAN.TV","og_description":"Ba\u015f prokuror mebel sexind\u0259ki yan\u011f\u0131nla ba\u011fl\u0131 bir ne\u00e7\u0259 versiya oldu\u011funu ... Davam\u0131","og_url":"https:\/\/www.meydan.tv\/az\/article\/mebel-sexinde-yaralananlardan-biri-heyatini-itirib\/","og_site_name":"MEYDAN.TV","article_published_time":"2024-01-20T13:15:10+00:00","article_modified_time":"2024-01-20T13:15:13+00:00","og_image":[{"width":1200,"height":900,"url":"https:\/\/www.meydan.tv\/wp-content\/uploads\/17053097324060722043_1200x630.jpg","type":"image\/jpeg"}],"author":"elli","twitter_card":"summary_large_image","twitter_creator":"@elli","schema":{"@context":"https:\/\/schema.org","@graph":[{"@type":"Article","@id":"https:\/\/www.meydan.tv\/az\/article\/mebel-sexinde-yaralananlardan-biri-heyatini-itirib\/#article","isPartOf":{"@id":"https:\/\/www.meydan.tv\/az\/article\/mebel-sexinde-yaralananlardan-biri-heyatini-itirib\/"},"author":{"name":"elli","@id":"https:\/\/www.meydan.tv\/az\/#\/schema\/person\/9cdbecf90d17180ce1dfbd95b08dcf47"},"headline":"Mebel sexind\u0259 yaralananlardan biri h\u0259yat\u0131n\u0131 itirib","datePublished":"2024-01-20T13:15:10+00:00","dateModified":"2024-01-20T13:15:13+00:00","mainEntityOfPage":{"@id":"https:\/\/www.meydan.tv\/az\/article\/mebel-sexinde-yaralananlardan-biri-heyatini-itirib\/"},"wordCount":239,"publisher":{"@id":"https:\/\/www.meydan.tv\/az\/#organization"},"image":{"@id":"https:\/\/www.meydan.tv\/az\/article\/mebel-sexinde-yaralananlardan-biri-heyatini-itirib\/#primaryimage"},"thumbnailUrl":"https:\/\/www.meydan.tv\/wp-content\/uploads\/17053097324060722043_1200x630.jpg","articleSection":["Sosial","T\u00f6vsiy\u0259","X\u0259b\u0259rl\u0259r"],"inLanguage":"az"},{"@type":"WebPage","@id":"https:\/\/www.meydan.tv\/az\/article\/mebel-sexinde-yaralananlardan-biri-heyatini-itirib\/","url":"https:\/\/www.meydan.tv\/az\/article\/mebel-sexinde-yaralananlardan-biri-heyatini-itirib\/","name":"Mebel sexind\u0259 yaralananlardan biri h\u0259yat\u0131n\u0131 itirib - MEYDAN.TV","isPartOf":{"@id":"https:\/\/www.meydan.tv\/az\/#website"},"primaryImageOfPage":{"@id":"https:\/\/www.meydan.tv\/az\/article\/mebel-sexinde-yaralananlardan-biri-heyatini-itirib\/#primaryimage"},"image":{"@id":"https:\/\/www.meydan.tv\/az\/article\/mebel-sexinde-yaralananlardan-biri-heyatini-itirib\/#primaryimage"},"thumbnailUrl":"https:\/\/www.meydan.tv\/wp-content\/uploads\/17053097324060722043_1200x630.jpg","datePublished":"2024-01-20T13:15:10+00:00","dateModified":"2024-01-20T13:15:13+00:00","breadcrumb":{"@id":"https:\/\/www.meydan.tv\/az\/article\/mebel-sexinde-yaralananlardan-biri-heyatini-itirib\/#breadcrumb"},"inLanguage":"az","potentialAction":[{"@type":"ReadAction","target":["https:\/\/www.meydan.tv\/az\/article\/mebel-sexinde-yaralananlardan-biri-heyatini-itirib\/"]}]},{"@type":"ImageObject","inLanguage":"az","@id":"https:\/\/www.meydan.tv\/az\/article\/mebel-sexinde-yaralananlardan-biri-heyatini-itirib\/#primaryimage","url":"https:\/\/www.meydan.tv\/wp-content\/uploads\/17053097324060722043_1200x630.jpg","contentUrl":"https:\/\/www.meydan.tv\/wp-content\/uploads\/17053097324060722043_1200x630.jpg","width":1200,"height":900,"caption":"Foto: FHN"},{"@type":"BreadcrumbList","@id":"https:\/\/www.meydan.tv\/az\/article\/mebel-sexinde-yaralananlardan-biri-heyatini-itirib\/#breadcrumb","itemListElement":[{"@type":"ListItem","position":1,"name":"Ana s\u0259hif\u0259","item":"https:\/\/www.meydan.tv\/az\/"},{"@type":"ListItem","position":2,"name":"Sosial","item":"https:\/\/www.meydan.tv\/az\/section\/sosial\/"},{"@type":"ListItem","position":3,"name":"Mebel sexind\u0259 yaralananlardan biri h\u0259yat\u0131n\u0131 itirib"}]},{"@type":"WebSite","@id":"https:\/\/www.meydan.tv\/az\/#website","url":"https:\/\/www.meydan.tv\/az\/","name":"MEYDAN.TV","description":"Meydan TV Az\u0259rbaycan\u0131n media m\u0259kan\u0131ndak\u0131 alternativ s\u0259sidir","publisher":{"@id":"https:\/\/www.meydan.tv\/az\/#organization"},"potentialAction":[{"@type":"SearchAction","target":{"@type":"EntryPoint","urlTemplate":"https:\/\/www.meydan.tv\/az\/?s={search_term_string}"},"query-input":{"@type":"PropertyValueSpecification","valueRequired":true,"valueName":"search_term_string"}}],"inLanguage":"az"},{"@type":"Organization","@id":"https:\/\/www.meydan.tv\/az\/#organization","name":"Meydan TV","url":"https:\/\/www.meydan.tv\/az\/","logo":{"@type":"ImageObject","inLanguage":"az","@id":"https:\/\/www.meydan.tv\/az\/#\/schema\/logo\/image\/","url":"https:\/\/www.meydan.tv\/wp-content\/uploads\/2021\/07\/meydan-logo.svg","contentUrl":"https:\/\/www.meydan.tv\/wp-content\/uploads\/2021\/07\/meydan-logo.svg","width":195,"height":46,"caption":"Meydan TV"},"image":{"@id":"https:\/\/www.meydan.tv\/az\/#\/schema\/logo\/image\/"}},{"@type":"Person","@id":"https:\/\/www.meydan.tv\/az\/#\/schema\/person\/9cdbecf90d17180ce1dfbd95b08dcf47","name":"elli","sameAs":["https:\/\/x.com\/elli"]}]}},"_links":{"self":[{"href":"https:\/\/www.meydan.tv\/az\/wp-json\/wp\/v2\/posts\/295695","targetHints":{"allow":["GET"]}}],"collection":[{"href":"https:\/\/www.meydan.tv\/az\/wp-json\/wp\/v2\/posts"}],"about":[{"href":"https:\/\/www.meydan.tv\/az\/wp-json\/wp\/v2\/types\/post"}],"author":[{"embeddable":true,"href":"https:\/\/www.meydan.tv\/az\/wp-json\/wp\/v2\/users\/8"}],"replies":[{"embeddable":true,"href":"https:\/\/www.meydan.tv\/az\/wp-json\/wp\/v2\/comments?post=295695"}],"version-history":[{"count":1,"href":"https:\/\/www.meydan.tv\/az\/wp-json\/wp\/v2\/posts\/295695\/revisions"}],"predecessor-version":[{"id":295696,"href":"https:\/\/www.meydan.tv\/az\/wp-json\/wp\/v2\/posts\/295695\/revisions\/295696"}],"wp:featuredmedia":[{"embeddable":true,"href":"https:\/\/www.meydan.tv\/az\/wp-json\/wp\/v2\/media\/295266"}],"wp:attachment":[{"href":"https:\/\/www.meydan.tv\/az\/wp-json\/wp\/v2\/media?parent=295695"}],"wp:term":[{"taxonomy":"category","embeddable":true,"href":"https:\/\/www.meydan.tv\/az\/wp-json\/wp\/v2\/categories?post=295695"},{"taxonomy":"post_tag","embeddable":true,"href":"https:\/\/www.meydan.tv\/az\/wp-json\/wp\/v2\/tags?post=295695"}],"curies":[{"name":"wp","href":"https:\/\/api.w.org\/{rel}","templated":true}]}}