{"id":295683,"date":"2024-01-20T13:19:58","date_gmt":"2024-01-20T09:19:58","guid":{"rendered":"https:\/\/www.meydan.tv\/?p=295683"},"modified":"2024-01-22T12:04:12","modified_gmt":"2024-01-22T08:04:12","slug":"azerbaycan-sosial-tereqqi-indeksinde-qonsu-olkelerden-geride-qalib","status":"publish","type":"post","link":"https:\/\/www.meydan.tv\/az\/article\/azerbaycan-sosial-tereqqi-indeksinde-qonsu-olkelerden-geride-qalib\/","title":{"rendered":"Az\u0259rbaycan Sosial T\u0259r\u0259qqi \u0130ndeksind\u0259 qon\u015fu \u00f6lk\u0259l\u0259rd\u0259n gerid\u0259 qal\u0131b"},"content":{"rendered":"\n<p><\/p>\n\n\n\n<p><strong><em>G\u00fcrc\u00fcstan 52, Erm\u0259nistan 50-ci, Az\u0259rbaycan is\u0259 99-cu yerd\u0259 q\u0259rarla\u015f\u0131b<\/em><\/strong><\/p>\n\n\n\n<p>Sosial T\u0259r\u0259qqi \u0130ndeksi il\u0259 ba\u011fl\u0131 illik hesabat a\u00e7\u0131qlan\u0131b. 170 \u00f6lk\u0259 aras\u0131nda apar\u0131lm\u0131\u015f ara\u015fd\u0131rma n\u0259tic\u0259l\u0259rin\u0259 g\u00f6r\u0259, Az\u0259rbaycan 62.67 balla 99-cu yerd\u0259 <a href=\"https:\/\/www.socialprogress.org\/2024-social-progress-index\/\">q\u0259rarla\u015f\u0131b<\/a>.<\/p>\n\n\n\n<p>\u0130ndeks qlobal sosial performans\u0131n qeyri-iqtisadi aspektl\u0259rin\u0259 diqq\u0259t yetirir, \u015f\u0259ffaf v\u0259 icra edil\u0259 bil\u0259n m\u0259lumatlar v\u0259 c\u0259miyy\u0259tl\u0259rin real durumu il\u0259 ba\u011fl\u0131 h\u0259rt\u0259r\u0259fli m\u0259lumatlara \u0259saslan\u0131r.<\/p>\n\n\n\n<p>2024-c\u00fc il a\u00e7\u0131qlanan Sosial T\u0259r\u0259qqi \u0130ndeksi 170 \u00f6lk\u0259d\u0259ki son 13 illik (2011-2023) v\u0259ziyy\u0259ti, sosial t\u0259r\u0259qqi m\u0259lumatlar\u0131n\u0131 \u0259hat\u0259 edir.<\/p>\n\n\n\n<p>\u0130qtisad\u00e7\u0131 R\u00f6v\u015f\u0259n A\u011fayev deyir ki, qiym\u0259tl\u0259ndirm\u0259 12 indikator \u0259sas\u0131nda 100 ball\u0131q \u015fkala \u00fczr\u0259 apar\u0131l\u0131r. Onun dem\u0259sin\u0259 g\u00f6r\u0259 \u00f6t\u0259n il Az\u0259rbaycan 63.26 bal alm\u0131\u015fd\u0131, indiki v\u0259ziyy\u0259t sosial t\u0259r\u0259qqid\u0259 geril\u0259m\u0259 oldu\u011funu g\u00f6st\u0259rir. Hesabatda \u00f6lk\u0259l\u0259r 6 qrupda t\u0259snifl\u0259\u015fdirilib. Az\u0259rbaycan 4-c\u00fc s\u0259viyy\u0259d\u0259 yer al\u0131b. 4-6-c\u0131 qrupla \u0259sas\u0259n, 3-c\u00fc d\u00fcnya \u00f6lk\u0259l\u0259ridir. Ke\u00e7mi\u015f SSR\u0130 \u00f6lk\u0259l\u0259rind\u0259n Baltik \u00f6lk\u0259l\u0259ri 1-ci qrupda, G\u00fcrc\u00fcstan, Moldova v\u0259 Erm\u0259nistan 2-ci s\u0259viyy\u0259d\u0259, Ukrayna, Rusiya, \u00d6zb\u0259kistan Belarus, Qazax\u0131stan v\u0259 Q\u0131r\u011f\u0131z\u0131stan 3-c\u00fc s\u0259viyy\u0259d\u0259, Az\u0259rbaycan, T\u00fcrkm\u0259nstan v\u0259 Tacikstan 4-c\u00fc qrupda yer al\u0131b. 1-ci yerd\u0259 90.38 balla Danimarka, sonuncu yerd\u0259 25.93 balla C\u0259nubi Sudan dayan\u0131r.<\/p>\n\n\n<div class=\"wp-block-image\">\n<figure class=\"alignleft size-large is-resized\"><img decoding=\"async\" width=\"1200\" height=\"800\" data-src=\"https:\/\/www.meydan.tv\/wp-content\/uploads\/image_from_ios_177-1200x800.jpg\" alt=\"R\u00f6v\u015f\u0259n A\u011fayev\" class=\"wp-image-210010 lazyload\" style=\"--smush-placeholder-width: 1200px; --smush-placeholder-aspect-ratio: 1200\/800;width:356px;height:auto\" src=\"data:image\/svg+xml;base64,PHN2ZyB3aWR0aD0iMSIgaGVpZ2h0PSIxIiB4bWxucz0iaHR0cDovL3d3dy53My5vcmcvMjAwMC9zdmciPjwvc3ZnPg==\" \/><figcaption class=\"wp-element-caption\">M\u0259nb\u0259: Meydan TV<\/figcaption><\/figure>\n<\/div>\n\n\n<p><em>\u201cQiym\u0259tl\u0259ndirm\u0259 indikatorlar\u0131 \u00e7ox m\u00fcxt\u0259lifdir. Bura t\u0259m\u0259l insani ehtiyaclar, m\u0259nzil \u015f\u0259raiti, t\u0259hl\u00fck\u0259sizlik, su v\u0259 kanalizasiya t\u0259chizat\u0131, s\u0259hiyy\u0259, informasiya-kommunikasiya texnologoyalar\u0131, baza t\u0259hsili, y\u00fcks\u0259k t\u0259hsil, \u0259traf m\u00fchitin keyfiyy\u0259ti, inkl\u00fcziv inki\u015faf, h\u00fcquqlar v\u0259 \u00f6z\u00fcn\u00fcfad\u0259, azadl\u0131qlar v\u0259 se\u00e7im h\u00fcququ daxildir\u201d, <\/em>&#8211; iqtisad\u00e7\u0131 bildirir.<\/p>\n\n\n\n<p>Hesabat\u0131n ilk \u00fc\u00e7l\u00fcy\u00fcnd\u0259 Skandinaviya \u00f6lk\u0259l\u0259ri yer al\u0131r \u2013 Danimarka, Norve\u00e7, Finlandiya. Az\u0259rbaycan\u0131n qon\u015fular\u0131na g\u0259linc\u0259, G\u00fcrc\u00fcstan 52, Erm\u0259nistan is\u0259 50-ci yerd\u0259 q\u0259rarla\u015f\u0131b. T\u00fcrkiy\u0259 66.23 balla 85-ci, Rusiya is\u0259 67.68 balla 76-c\u0131, \u0130ran 60.30 balla 105-ci, T\u00fcrkm\u0259nistan 60. 47 balla 104-c\u00fc yerd\u0259dir.<\/p>\n","protected":false},"excerpt":{"rendered":"<p>G\u00fcrc\u00fcstan 52, Erm\u0259nistan 50-ci, Az\u0259rbaycan is\u0259 99-cu yerd\u0259 q\u0259rarla\u015f\u0131b Sosial &#8230; <\/p>\n<p class=\"read-more-container\"><a title=\"Az\u0259rbaycan Sosial T\u0259r\u0259qqi \u0130ndeksind\u0259 qon\u015fu \u00f6lk\u0259l\u0259rd\u0259n gerid\u0259 qal\u0131b\" class=\"read-more button\" href=\"https:\/\/www.meydan.tv\/az\/article\/azerbaycan-sosial-tereqqi-indeksinde-qonsu-olkelerden-geride-qalib\/#more-295683\" aria-label=\"Read more about Az\u0259rbaycan Sosial T\u0259r\u0259qqi \u0130ndeksind\u0259 qon\u015fu \u00f6lk\u0259l\u0259rd\u0259n gerid\u0259 qal\u0131b\">Davam\u0131<\/a><\/p>\n","protected":false},"author":8,"featured_media":275917,"comment_status":"closed","ping_status":"closed","sticky":false,"template":"","format":"standard","meta":{"_acf_changed":false,"_sitemap_exclude":false,"_sitemap_priority":"","_sitemap_frequency":"","footnotes":""},"categories":[62,79,56],"tags":[],"class_list":["post-295683","post","type-post","status-publish","format-standard","has-post-thumbnail","hentry","category-sosial","category-featured","category-xeberler","infinite-scroll-item","generate-columns","tablet-grid-50","mobile-grid-100","grid-parent","grid-33","no-featured-image-padding"],"acf":[],"yoast_head":"<!-- This site is optimized with the Yoast SEO plugin v27.5 - https:\/\/yoast.com\/product\/yoast-seo-wordpress\/ -->\n<title>Az\u0259rbaycan Sosial T\u0259r\u0259qqi \u0130ndeksind\u0259 qon\u015fu \u00f6lk\u0259l\u0259rd\u0259n gerid\u0259 qal\u0131b - MEYDAN.TV<\/title>\n<meta name=\"robots\" content=\"index, follow, max-snippet:-1, max-image-preview:large, max-video-preview:-1\" \/>\n<link rel=\"canonical\" href=\"https:\/\/www.meydan.tv\/az\/article\/azerbaycan-sosial-tereqqi-indeksinde-qonsu-olkelerden-geride-qalib\/\" \/>\n<meta property=\"og:locale\" content=\"az_AZ\" \/>\n<meta property=\"og:type\" content=\"article\" \/>\n<meta property=\"og:title\" content=\"Az\u0259rbaycan Sosial T\u0259r\u0259qqi \u0130ndeksind\u0259 qon\u015fu \u00f6lk\u0259l\u0259rd\u0259n gerid\u0259 qal\u0131b - MEYDAN.TV\" \/>\n<meta property=\"og:description\" content=\"G\u00fcrc\u00fcstan 52, Erm\u0259nistan 50-ci, Az\u0259rbaycan is\u0259 99-cu yerd\u0259 q\u0259rarla\u015f\u0131b Sosial ... Davam\u0131\" \/>\n<meta property=\"og:url\" content=\"https:\/\/www.meydan.tv\/az\/article\/azerbaycan-sosial-tereqqi-indeksinde-qonsu-olkelerden-geride-qalib\/\" \/>\n<meta property=\"og:site_name\" content=\"MEYDAN.TV\" \/>\n<meta property=\"article:published_time\" content=\"2024-01-20T09:19:58+00:00\" \/>\n<meta property=\"article:modified_time\" content=\"2024-01-22T08:04:12+00:00\" \/>\n<meta property=\"og:image\" content=\"https:\/\/www.meydan.tv\/wp-content\/uploads\/shutterstock_2263538145.jpg\" \/>\n\t<meta property=\"og:image:width\" content=\"1200\" \/>\n\t<meta property=\"og:image:height\" content=\"800\" \/>\n\t<meta property=\"og:image:type\" content=\"image\/jpeg\" \/>\n<meta name=\"author\" content=\"elli\" \/>\n<meta name=\"twitter:card\" content=\"summary_large_image\" \/>\n<meta name=\"twitter:creator\" content=\"@elli\" \/>\n<script type=\"application\/ld+json\" class=\"yoast-schema-graph\">{\"@context\":\"https:\\\/\\\/schema.org\",\"@graph\":[{\"@type\":\"Article\",\"@id\":\"https:\\\/\\\/www.meydan.tv\\\/az\\\/article\\\/azerbaycan-sosial-tereqqi-indeksinde-qonsu-olkelerden-geride-qalib\\\/#article\",\"isPartOf\":{\"@id\":\"https:\\\/\\\/www.meydan.tv\\\/az\\\/article\\\/azerbaycan-sosial-tereqqi-indeksinde-qonsu-olkelerden-geride-qalib\\\/\"},\"author\":{\"name\":\"elli\",\"@id\":\"https:\\\/\\\/www.meydan.tv\\\/az\\\/#\\\/schema\\\/person\\\/9cdbecf90d17180ce1dfbd95b08dcf47\"},\"headline\":\"Az\u0259rbaycan Sosial T\u0259r\u0259qqi \u0130ndeksind\u0259 qon\u015fu \u00f6lk\u0259l\u0259rd\u0259n gerid\u0259 qal\u0131b\",\"datePublished\":\"2024-01-20T09:19:58+00:00\",\"dateModified\":\"2024-01-22T08:04:12+00:00\",\"mainEntityOfPage\":{\"@id\":\"https:\\\/\\\/www.meydan.tv\\\/az\\\/article\\\/azerbaycan-sosial-tereqqi-indeksinde-qonsu-olkelerden-geride-qalib\\\/\"},\"wordCount\":391,\"publisher\":{\"@id\":\"https:\\\/\\\/www.meydan.tv\\\/az\\\/#organization\"},\"image\":{\"@id\":\"https:\\\/\\\/www.meydan.tv\\\/az\\\/article\\\/azerbaycan-sosial-tereqqi-indeksinde-qonsu-olkelerden-geride-qalib\\\/#primaryimage\"},\"thumbnailUrl\":\"https:\\\/\\\/www.meydan.tv\\\/wp-content\\\/uploads\\\/shutterstock_2263538145.jpg\",\"articleSection\":[\"Sosial\",\"T\u00f6vsiy\u0259\",\"X\u0259b\u0259rl\u0259r\"],\"inLanguage\":\"az\"},{\"@type\":\"WebPage\",\"@id\":\"https:\\\/\\\/www.meydan.tv\\\/az\\\/article\\\/azerbaycan-sosial-tereqqi-indeksinde-qonsu-olkelerden-geride-qalib\\\/\",\"url\":\"https:\\\/\\\/www.meydan.tv\\\/az\\\/article\\\/azerbaycan-sosial-tereqqi-indeksinde-qonsu-olkelerden-geride-qalib\\\/\",\"name\":\"Az\u0259rbaycan Sosial T\u0259r\u0259qqi \u0130ndeksind\u0259 qon\u015fu \u00f6lk\u0259l\u0259rd\u0259n gerid\u0259 qal\u0131b - MEYDAN.TV\",\"isPartOf\":{\"@id\":\"https:\\\/\\\/www.meydan.tv\\\/az\\\/#website\"},\"primaryImageOfPage\":{\"@id\":\"https:\\\/\\\/www.meydan.tv\\\/az\\\/article\\\/azerbaycan-sosial-tereqqi-indeksinde-qonsu-olkelerden-geride-qalib\\\/#primaryimage\"},\"image\":{\"@id\":\"https:\\\/\\\/www.meydan.tv\\\/az\\\/article\\\/azerbaycan-sosial-tereqqi-indeksinde-qonsu-olkelerden-geride-qalib\\\/#primaryimage\"},\"thumbnailUrl\":\"https:\\\/\\\/www.meydan.tv\\\/wp-content\\\/uploads\\\/shutterstock_2263538145.jpg\",\"datePublished\":\"2024-01-20T09:19:58+00:00\",\"dateModified\":\"2024-01-22T08:04:12+00:00\",\"breadcrumb\":{\"@id\":\"https:\\\/\\\/www.meydan.tv\\\/az\\\/article\\\/azerbaycan-sosial-tereqqi-indeksinde-qonsu-olkelerden-geride-qalib\\\/#breadcrumb\"},\"inLanguage\":\"az\",\"potentialAction\":[{\"@type\":\"ReadAction\",\"target\":[\"https:\\\/\\\/www.meydan.tv\\\/az\\\/article\\\/azerbaycan-sosial-tereqqi-indeksinde-qonsu-olkelerden-geride-qalib\\\/\"]}]},{\"@type\":\"ImageObject\",\"inLanguage\":\"az\",\"@id\":\"https:\\\/\\\/www.meydan.tv\\\/az\\\/article\\\/azerbaycan-sosial-tereqqi-indeksinde-qonsu-olkelerden-geride-qalib\\\/#primaryimage\",\"url\":\"https:\\\/\\\/www.meydan.tv\\\/wp-content\\\/uploads\\\/shutterstock_2263538145.jpg\",\"contentUrl\":\"https:\\\/\\\/www.meydan.tv\\\/wp-content\\\/uploads\\\/shutterstock_2263538145.jpg\",\"width\":1200,\"height\":800,\"caption\":\"Az\u0259rbaycan, G\u00fcrc\u00fcstan v\u0259 Erm\u0259nistan. Foto: hyotographics\\\/shutterstock\"},{\"@type\":\"BreadcrumbList\",\"@id\":\"https:\\\/\\\/www.meydan.tv\\\/az\\\/article\\\/azerbaycan-sosial-tereqqi-indeksinde-qonsu-olkelerden-geride-qalib\\\/#breadcrumb\",\"itemListElement\":[{\"@type\":\"ListItem\",\"position\":1,\"name\":\"Ana s\u0259hif\u0259\",\"item\":\"https:\\\/\\\/www.meydan.tv\\\/az\\\/\"},{\"@type\":\"ListItem\",\"position\":2,\"name\":\"Sosial\",\"item\":\"https:\\\/\\\/www.meydan.tv\\\/az\\\/section\\\/sosial\\\/\"},{\"@type\":\"ListItem\",\"position\":3,\"name\":\"Az\u0259rbaycan Sosial T\u0259r\u0259qqi \u0130ndeksind\u0259 qon\u015fu \u00f6lk\u0259l\u0259rd\u0259n gerid\u0259 qal\u0131b\"}]},{\"@type\":\"WebSite\",\"@id\":\"https:\\\/\\\/www.meydan.tv\\\/az\\\/#website\",\"url\":\"https:\\\/\\\/www.meydan.tv\\\/az\\\/\",\"name\":\"MEYDAN.TV\",\"description\":\"Meydan TV Az\u0259rbaycan\u0131n media m\u0259kan\u0131ndak\u0131 alternativ s\u0259sidir\",\"publisher\":{\"@id\":\"https:\\\/\\\/www.meydan.tv\\\/az\\\/#organization\"},\"potentialAction\":[{\"@type\":\"SearchAction\",\"target\":{\"@type\":\"EntryPoint\",\"urlTemplate\":\"https:\\\/\\\/www.meydan.tv\\\/az\\\/?s={search_term_string}\"},\"query-input\":{\"@type\":\"PropertyValueSpecification\",\"valueRequired\":true,\"valueName\":\"search_term_string\"}}],\"inLanguage\":\"az\"},{\"@type\":\"Organization\",\"@id\":\"https:\\\/\\\/www.meydan.tv\\\/az\\\/#organization\",\"name\":\"Meydan TV\",\"url\":\"https:\\\/\\\/www.meydan.tv\\\/az\\\/\",\"logo\":{\"@type\":\"ImageObject\",\"inLanguage\":\"az\",\"@id\":\"https:\\\/\\\/www.meydan.tv\\\/az\\\/#\\\/schema\\\/logo\\\/image\\\/\",\"url\":\"https:\\\/\\\/www.meydan.tv\\\/wp-content\\\/uploads\\\/2021\\\/07\\\/meydan-logo.svg\",\"contentUrl\":\"https:\\\/\\\/www.meydan.tv\\\/wp-content\\\/uploads\\\/2021\\\/07\\\/meydan-logo.svg\",\"width\":195,\"height\":46,\"caption\":\"Meydan TV\"},\"image\":{\"@id\":\"https:\\\/\\\/www.meydan.tv\\\/az\\\/#\\\/schema\\\/logo\\\/image\\\/\"}},{\"@type\":\"Person\",\"@id\":\"https:\\\/\\\/www.meydan.tv\\\/az\\\/#\\\/schema\\\/person\\\/9cdbecf90d17180ce1dfbd95b08dcf47\",\"name\":\"elli\",\"sameAs\":[\"https:\\\/\\\/x.com\\\/elli\"]}]}<\/script>\n<!-- \/ Yoast SEO plugin. -->","yoast_head_json":{"title":"Az\u0259rbaycan Sosial T\u0259r\u0259qqi \u0130ndeksind\u0259 qon\u015fu \u00f6lk\u0259l\u0259rd\u0259n gerid\u0259 qal\u0131b - MEYDAN.TV","robots":{"index":"index","follow":"follow","max-snippet":"max-snippet:-1","max-image-preview":"max-image-preview:large","max-video-preview":"max-video-preview:-1"},"canonical":"https:\/\/www.meydan.tv\/az\/article\/azerbaycan-sosial-tereqqi-indeksinde-qonsu-olkelerden-geride-qalib\/","og_locale":"az_AZ","og_type":"article","og_title":"Az\u0259rbaycan Sosial T\u0259r\u0259qqi \u0130ndeksind\u0259 qon\u015fu \u00f6lk\u0259l\u0259rd\u0259n gerid\u0259 qal\u0131b - MEYDAN.TV","og_description":"G\u00fcrc\u00fcstan 52, Erm\u0259nistan 50-ci, Az\u0259rbaycan is\u0259 99-cu yerd\u0259 q\u0259rarla\u015f\u0131b Sosial ... Davam\u0131","og_url":"https:\/\/www.meydan.tv\/az\/article\/azerbaycan-sosial-tereqqi-indeksinde-qonsu-olkelerden-geride-qalib\/","og_site_name":"MEYDAN.TV","article_published_time":"2024-01-20T09:19:58+00:00","article_modified_time":"2024-01-22T08:04:12+00:00","og_image":[{"width":1200,"height":800,"url":"https:\/\/www.meydan.tv\/wp-content\/uploads\/shutterstock_2263538145.jpg","type":"image\/jpeg"}],"author":"elli","twitter_card":"summary_large_image","twitter_creator":"@elli","schema":{"@context":"https:\/\/schema.org","@graph":[{"@type":"Article","@id":"https:\/\/www.meydan.tv\/az\/article\/azerbaycan-sosial-tereqqi-indeksinde-qonsu-olkelerden-geride-qalib\/#article","isPartOf":{"@id":"https:\/\/www.meydan.tv\/az\/article\/azerbaycan-sosial-tereqqi-indeksinde-qonsu-olkelerden-geride-qalib\/"},"author":{"name":"elli","@id":"https:\/\/www.meydan.tv\/az\/#\/schema\/person\/9cdbecf90d17180ce1dfbd95b08dcf47"},"headline":"Az\u0259rbaycan Sosial T\u0259r\u0259qqi \u0130ndeksind\u0259 qon\u015fu \u00f6lk\u0259l\u0259rd\u0259n gerid\u0259 qal\u0131b","datePublished":"2024-01-20T09:19:58+00:00","dateModified":"2024-01-22T08:04:12+00:00","mainEntityOfPage":{"@id":"https:\/\/www.meydan.tv\/az\/article\/azerbaycan-sosial-tereqqi-indeksinde-qonsu-olkelerden-geride-qalib\/"},"wordCount":391,"publisher":{"@id":"https:\/\/www.meydan.tv\/az\/#organization"},"image":{"@id":"https:\/\/www.meydan.tv\/az\/article\/azerbaycan-sosial-tereqqi-indeksinde-qonsu-olkelerden-geride-qalib\/#primaryimage"},"thumbnailUrl":"https:\/\/www.meydan.tv\/wp-content\/uploads\/shutterstock_2263538145.jpg","articleSection":["Sosial","T\u00f6vsiy\u0259","X\u0259b\u0259rl\u0259r"],"inLanguage":"az"},{"@type":"WebPage","@id":"https:\/\/www.meydan.tv\/az\/article\/azerbaycan-sosial-tereqqi-indeksinde-qonsu-olkelerden-geride-qalib\/","url":"https:\/\/www.meydan.tv\/az\/article\/azerbaycan-sosial-tereqqi-indeksinde-qonsu-olkelerden-geride-qalib\/","name":"Az\u0259rbaycan Sosial T\u0259r\u0259qqi \u0130ndeksind\u0259 qon\u015fu \u00f6lk\u0259l\u0259rd\u0259n gerid\u0259 qal\u0131b - MEYDAN.TV","isPartOf":{"@id":"https:\/\/www.meydan.tv\/az\/#website"},"primaryImageOfPage":{"@id":"https:\/\/www.meydan.tv\/az\/article\/azerbaycan-sosial-tereqqi-indeksinde-qonsu-olkelerden-geride-qalib\/#primaryimage"},"image":{"@id":"https:\/\/www.meydan.tv\/az\/article\/azerbaycan-sosial-tereqqi-indeksinde-qonsu-olkelerden-geride-qalib\/#primaryimage"},"thumbnailUrl":"https:\/\/www.meydan.tv\/wp-content\/uploads\/shutterstock_2263538145.jpg","datePublished":"2024-01-20T09:19:58+00:00","dateModified":"2024-01-22T08:04:12+00:00","breadcrumb":{"@id":"https:\/\/www.meydan.tv\/az\/article\/azerbaycan-sosial-tereqqi-indeksinde-qonsu-olkelerden-geride-qalib\/#breadcrumb"},"inLanguage":"az","potentialAction":[{"@type":"ReadAction","target":["https:\/\/www.meydan.tv\/az\/article\/azerbaycan-sosial-tereqqi-indeksinde-qonsu-olkelerden-geride-qalib\/"]}]},{"@type":"ImageObject","inLanguage":"az","@id":"https:\/\/www.meydan.tv\/az\/article\/azerbaycan-sosial-tereqqi-indeksinde-qonsu-olkelerden-geride-qalib\/#primaryimage","url":"https:\/\/www.meydan.tv\/wp-content\/uploads\/shutterstock_2263538145.jpg","contentUrl":"https:\/\/www.meydan.tv\/wp-content\/uploads\/shutterstock_2263538145.jpg","width":1200,"height":800,"caption":"Az\u0259rbaycan, G\u00fcrc\u00fcstan v\u0259 Erm\u0259nistan. Foto: hyotographics\/shutterstock"},{"@type":"BreadcrumbList","@id":"https:\/\/www.meydan.tv\/az\/article\/azerbaycan-sosial-tereqqi-indeksinde-qonsu-olkelerden-geride-qalib\/#breadcrumb","itemListElement":[{"@type":"ListItem","position":1,"name":"Ana s\u0259hif\u0259","item":"https:\/\/www.meydan.tv\/az\/"},{"@type":"ListItem","position":2,"name":"Sosial","item":"https:\/\/www.meydan.tv\/az\/section\/sosial\/"},{"@type":"ListItem","position":3,"name":"Az\u0259rbaycan Sosial T\u0259r\u0259qqi \u0130ndeksind\u0259 qon\u015fu \u00f6lk\u0259l\u0259rd\u0259n gerid\u0259 qal\u0131b"}]},{"@type":"WebSite","@id":"https:\/\/www.meydan.tv\/az\/#website","url":"https:\/\/www.meydan.tv\/az\/","name":"MEYDAN.TV","description":"Meydan TV Az\u0259rbaycan\u0131n media m\u0259kan\u0131ndak\u0131 alternativ s\u0259sidir","publisher":{"@id":"https:\/\/www.meydan.tv\/az\/#organization"},"potentialAction":[{"@type":"SearchAction","target":{"@type":"EntryPoint","urlTemplate":"https:\/\/www.meydan.tv\/az\/?s={search_term_string}"},"query-input":{"@type":"PropertyValueSpecification","valueRequired":true,"valueName":"search_term_string"}}],"inLanguage":"az"},{"@type":"Organization","@id":"https:\/\/www.meydan.tv\/az\/#organization","name":"Meydan TV","url":"https:\/\/www.meydan.tv\/az\/","logo":{"@type":"ImageObject","inLanguage":"az","@id":"https:\/\/www.meydan.tv\/az\/#\/schema\/logo\/image\/","url":"https:\/\/www.meydan.tv\/wp-content\/uploads\/2021\/07\/meydan-logo.svg","contentUrl":"https:\/\/www.meydan.tv\/wp-content\/uploads\/2021\/07\/meydan-logo.svg","width":195,"height":46,"caption":"Meydan TV"},"image":{"@id":"https:\/\/www.meydan.tv\/az\/#\/schema\/logo\/image\/"}},{"@type":"Person","@id":"https:\/\/www.meydan.tv\/az\/#\/schema\/person\/9cdbecf90d17180ce1dfbd95b08dcf47","name":"elli","sameAs":["https:\/\/x.com\/elli"]}]}},"_links":{"self":[{"href":"https:\/\/www.meydan.tv\/az\/wp-json\/wp\/v2\/posts\/295683","targetHints":{"allow":["GET"]}}],"collection":[{"href":"https:\/\/www.meydan.tv\/az\/wp-json\/wp\/v2\/posts"}],"about":[{"href":"https:\/\/www.meydan.tv\/az\/wp-json\/wp\/v2\/types\/post"}],"author":[{"embeddable":true,"href":"https:\/\/www.meydan.tv\/az\/wp-json\/wp\/v2\/users\/8"}],"replies":[{"embeddable":true,"href":"https:\/\/www.meydan.tv\/az\/wp-json\/wp\/v2\/comments?post=295683"}],"version-history":[{"count":3,"href":"https:\/\/www.meydan.tv\/az\/wp-json\/wp\/v2\/posts\/295683\/revisions"}],"predecessor-version":[{"id":295718,"href":"https:\/\/www.meydan.tv\/az\/wp-json\/wp\/v2\/posts\/295683\/revisions\/295718"}],"wp:featuredmedia":[{"embeddable":true,"href":"https:\/\/www.meydan.tv\/az\/wp-json\/wp\/v2\/media\/275917"}],"wp:attachment":[{"href":"https:\/\/www.meydan.tv\/az\/wp-json\/wp\/v2\/media?parent=295683"}],"wp:term":[{"taxonomy":"category","embeddable":true,"href":"https:\/\/www.meydan.tv\/az\/wp-json\/wp\/v2\/categories?post=295683"},{"taxonomy":"post_tag","embeddable":true,"href":"https:\/\/www.meydan.tv\/az\/wp-json\/wp\/v2\/tags?post=295683"}],"curies":[{"name":"wp","href":"https:\/\/api.w.org\/{rel}","templated":true}]}}