{"id":295674,"date":"2024-01-19T20:05:20","date_gmt":"2024-01-19T16:05:20","guid":{"rendered":"https:\/\/www.meydan.tv\/?p=295674"},"modified":"2024-01-19T22:39:53","modified_gmt":"2024-01-19T18:39:53","slug":"bextiyar-haciyev-hem-huquqlarimi-pozursuz-hem-de-qanundan-danisirsiz","status":"publish","type":"post","link":"https:\/\/www.meydan.tv\/az\/article\/bextiyar-haciyev-hem-huquqlarimi-pozursuz-hem-de-qanundan-danisirsiz\/","title":{"rendered":"B\u0259xtiyar Hac\u0131yev: \u201cH\u0259m h\u00fcquqlar\u0131m\u0131 pozursuz, h\u0259m d\u0259 qanundan dan\u0131\u015f\u0131rs\u0131z\u201d"},"content":{"rendered":"\n<p><\/p>\n\n\n\n<p><strong><em>\u201cNec\u0259 olur, Xa\u00e7aturyan\u0131n m\u0259hk\u0259m\u0259sind\u0259 \u0259vv\u0259ld\u0259n ax\u0131ra q\u0259d\u0259r video\u00e7\u0259kili\u015f\u0259 icaz\u0259 verilir, m\u0259nd\u0259 yox?\u201d<\/em><\/strong><\/p>\n\n\n\n<p>H\u0259bsd\u0259 olan ictimai f\u0259al B\u0259xtiyar Hac\u0131yev \u00f6z m\u0259hk\u0259m\u0259sind\u0259 ba\u015f ver\u0259nl\u0259ri \u201ci\u00e7ki masas\u0131 arxas\u0131nda Qurana and i\u00e7m\u0259y\u0259\u201d b\u0259nz\u0259dir.<\/p>\n\n\n\n<p>\u201c<em>S\u00f6z\u00fcm\u00fc k\u0259sirsiz, dan\u0131\u015fma\u011fa imkan vermirsiz. Prokuror burada qanundan dan\u0131\u015f\u0131r. Burada ba\u015f ver\u0259nl\u0259r i\u00e7ki stolu arxas\u0131nda Qurana and i\u00e7\u0259nl\u0259r\u0259 ox\u015fay\u0131r. H\u0259m h\u00fcquqlar\u0131m\u0131 pozursunuz, h\u0259m d\u0259 qanuna istinad edirsiz\u201d, &#8211;<\/em> B\u0259xtiyar Hac\u0131yev yanvar\u0131n 19-da \u00f6z m\u0259hk\u0259m\u0259sind\u0259 \u00e7\u0131x\u0131\u015f ed\u0259rk\u0259n deyib.<\/p>\n\n\n\n<p>B\u0259xtiyar Hac\u0131yevin i\u015fin\u0259 Bak\u0131 A\u011f\u0131r Cinay\u0259tl\u0259r M\u0259hk\u0259m\u0259sind\u0259 bax\u0131l\u0131r. Bu i\u015f \u018fli M\u0259mm\u0259dovun s\u0259drliyil\u0259, S\u0259bin\u0259 M\u0259mm\u0259dzad\u0259 v\u0259 Azad M\u0259cidovdan ibar\u0259t hakiml\u0259r kollegiyas\u0131na h\u0259val\u0259 olunub.<\/p>\n\n\n\n<p>\u0130ctimai f\u0259al m\u0259hk\u0259m\u0259sind\u0259 jurnalistl\u0259rin video\u00e7\u0259kili\u015f aparmas\u0131na icaz\u0259 verilm\u0259sini ist\u0259yib. Hakim is\u0259 raz\u0131l\u0131q verm\u0259yib, deyib ki, a\u00e7\u0131q m\u0259hk\u0259m\u0259 prosesidir, media n\u00fcmay\u0259nd\u0259l\u0259ri i\u015ftirak edib, q\u0259l\u0259ml\u0259 qeydl\u0259rini apara bil\u0259r. Lakin audioyaz\u0131ya v\u0259 video\u00e7\u0259kili\u015f\u0259 icaz\u0259 verilmir.<\/p>\n\n\n\n<p>\u201c<em>Nec\u0259 olur, Xa\u00e7aturyan\u0131n m\u0259hk\u0259m\u0259sind\u0259 \u0259vv\u0259ld\u0259n ax\u0131ra q\u0259d\u0259r video\u00e7\u0259kili\u015f\u0259 icaz\u0259 verilir, m\u0259nd\u0259 yox?\u201d, &#8211; <\/em>ictimai f\u0259al etiraz edib.<\/p>\n\n\n\n<p>M\u0259hk\u0259m\u0259 anket m\u0259lumatlar\u0131n\u0131 d\u0259qiql\u0259\u015fdir\u0259nd\u0259 ondan t\u0259hsili haqda soru\u015fub. B\u0259xtiyar Hac\u0131yev bildirib ki, \u00f6nc\u0259 Bak\u0131 D\u00f6vl\u0259t Universitetind\u0259 bakalavr t\u0259hsili al\u0131b, daha sonra X\u0259z\u0259r Universitetind\u0259 magistratura oxuyub. Ard\u0131nca 2007-2009-cu ill\u0259rd\u0259 AB\u015e-da Harvard Universitetind\u0259 davam etdirib.<\/p>\n\n\n\n<p>\u201c<em>K\u00fcrd\u0259xan\u0131 akademiyas\u0131n\u0131 (Bak\u0131 \u0130stintaq T\u0259cridxanas\u0131n\u0131 n\u0259z\u0259rd\u0259 tutur-red.) da t\u0259hsilim\u0259 \u0259lav\u0259 ed\u0259 bil\u0259rsiniz&#8230;\u201d,<\/em> &#8211; B\u0259xtiyar Hac\u0131yev deyib.<\/p>\n\n\n\n<p>B\u0259xtiyar Hac\u0131yev bildirib ki, v\u0259kil Sevda M\u0259h\u0259rr\u0259movan\u0131n m\u0259hk\u0259m\u0259d\u0259 z\u0259r\u0259r\u00e7\u0259kmi\u015fin n\u00fcmay\u0259nd\u0259si qismind\u0259 i\u015ftirak\u0131na etiraz edir. \u00c7\u00fcnki g\u0259l\u0259c\u0259kd\u0259 m\u0259hk\u0259m\u0259 prosesind\u0259 onun \u015fahid qismind\u0259 dindirilm\u0259si m\u0259s\u0259l\u0259sini qald\u0131racaqlar:<\/p>\n\n\n\n<p>\u201c<em>\u00dclviyy\u0259 Alovlu \u015fikay\u0259t\u00e7i olmamas\u0131 \u00fc\u00e7\u00fcn m\u0259nd\u0259n pul ist\u0259yirdi. Sevda M\u0259h\u0259rr\u0259mova da bu i\u015fd\u0259 vasit\u0259\u00e7ilik edirdi. O zaman ist\u0259dikl\u0259ri al\u0131nmad\u0131. \u0130ndi g\u0259lib \u00dclviyy\u0259nin v\u0259kili olub\u201d.<\/em><\/p>\n\n\n\n<p>Sevda M\u0259h\u0259rr\u0259mova \u00fcnvan\u0131na s\u0259sl\u0259n\u0259n bu fikr\u0259 cavab verm\u0259yib. M\u0259hk\u0259m\u0259 d\u0259 onun prosesd\u0259n uzaqla\u015fd\u0131r\u0131lmas\u0131 haqda \u015fifahi v\u0259sat\u0259ti t\u0259min etm\u0259yib.<\/p>\n\n\n\n<p>B\u0259xtiyar Hac\u0131yevin v\u0259kill\u0259ri El\u00e7in Sad\u0131qov v\u0259 Cavad Cavadov onun m\u00fcdafi\u0259\u00e7il\u0259rinin yan\u0131nda \u0259yl\u0259\u015fm\u0259sin\u0259 icaz\u0259 verilm\u0259sini ist\u0259yibl\u0259r. Bu bar\u0259d\u0259 m\u0259hk\u0259m\u0259y\u0259 v\u0259sat\u0259t veribl\u0259r. V\u0259kill\u0259r v\u0259sat\u0259ti \u0259sasland\u0131rark\u0259n bildiribl\u0259r ki, t\u0259qsirl\u0259ndiril\u0259n \u015f\u0259xs v\u0259 v\u0259kill\u0259ri aras\u0131nda tez-tez m\u0259sl\u0259h\u0259tl\u0259\u015fm\u0259l\u0259r olur, v\u0259sat\u0259tl\u0259rl\u0259 ba\u011fl\u0131 m\u00fczakir\u0259l\u0259r apar\u0131rlar. Vaxt itirm\u0259m\u0259k \u00fc\u00e7\u00fcn onlar\u0131n birlikd\u0259 \u0259yl\u0259\u015fm\u0259si daha m\u0259qs\u0259d\u0259uy\u011fun olar.<\/p>\n\n\n\n<p>B\u0259xtiyar Hac\u0131yev xat\u0131rlad\u0131b ki, Norve\u00e7d\u0259 onlarla insan\u0131n \u00f6ld\u00fcy\u00fc terror akt\u0131n\u0131 t\u00f6r\u0259tmi\u015f Breyvik bel\u0259, m\u0259hk\u0259m\u0259d\u0259 \u00f6z v\u0259kilinin yan\u0131nda \u0259yl\u0259\u015fmi\u015fdi. \u0130ctimai f\u0259al xat\u0131rlad\u0131b ki, Avropa \u0130ttifaq\u0131n\u0131n s\u0259firi Petr Mixalko da bug\u00fcnl\u0259rd\u0259 m\u0259hk\u0259m\u0259d\u0259 siyasi m\u0259hbuslara, xan\u0131m jurnalistl\u0259r\u0259 qar\u015f\u0131 r\u0259ftardan d\u0259h\u015f\u0259t\u0259 g\u0259ldiyini yaz\u0131b.<\/p>\n\n\n\n<p>Z\u0259r\u0259r\u00e7\u0259kmi\u015f qismind\u0259 tan\u0131nan \u00dclviyy\u0259 Muradovan\u0131n (Alovlu) \u00f6z\u00fc i\u015ftirak etm\u0259s\u0259 d\u0259, n\u00fcmay\u0259nd\u0259si v\u0259 v\u0259kili Sevda M\u0259h\u0259rr\u0259mova v\u0259sat\u0259tl\u0259r\u0259 m\u00fcnasib\u0259t bildirib. O, B\u0259xtiyar Hac\u0131yevin \u00f6z\u00fc v\u0259 v\u0259kill\u0259rinin verdiyi b\u00fct\u00fcn v\u0259sat\u0259tl\u0259r\u0259 qar\u015f\u0131 \u00e7\u0131x\u0131b. \u0130ctimai f\u0259al\u0131n v\u0259kill\u0259rinin yan\u0131nda \u0259yl\u0259\u015fm\u0259si bar\u0259d\u0259 v\u0259sat\u0259t\u0259 is\u0259 etiraz\u0131n\u0131 bel\u0259 \u0259sasland\u0131r\u0131b:<\/p>\n\n\n\n<p><em>\u201cO, h\u0259m d\u0259 qad\u0131na qar\u015f\u0131 zorak\u0131l\u0131qda ittiham olunur. V\u0259kill\u0259rinin yan\u0131nda \u0259yl\u0259\u015fs\u0259, he\u00e7 kim buradak\u0131lar\u0131n t\u0259hl\u00fck\u0259sizliyin\u0259 t\u0259minat ver\u0259 bilm\u0259z. M\u0259n \u015f\u0259xs\u0259n \u00f6z\u00fcm\u0259 g\u00f6r\u0259 qorxuram\u201d.<\/em><\/p>\n\n\n\n<p>Hakim d\u0259 bildirib ki, B\u0259xtiyar Hac\u0131yev\u0259 qar\u015f\u0131 ittihamlardan biri m\u0259hk\u0259m\u0259d\u0259 proses i\u015ftirak\u00e7\u0131lar\u0131na qar\u015f\u0131 zorak\u0131l\u0131qla ba\u011fl\u0131d\u0131r. Ona g\u00f6r\u0259 indi v\u0259kill\u0259rinin yan\u0131nda \u0259yl\u0259\u015fm\u0259si bar\u0259d\u0259 v\u0259sat\u0259t t\u0259min olunmur.<\/p>\n\n\n\n<p>M\u0259hk\u0259m\u0259d\u0259 v\u0259sat\u0259tl\u0259rin m\u00fczakir\u0259si zaman\u0131 hakim iki d\u0259f\u0259 protokol qaydas\u0131nda B\u0259xtiyar Hac\u0131yev\u0259 x\u0259b\u0259rdarl\u0131q edib. \u0130ctimai f\u0259al is\u0259 \u00f6z n\u00f6vb\u0259sind\u0259 s\u00f6z\u00fcn\u00fcn k\u0259silm\u0259sin\u0259, fikrini tamamlama\u011fa imkan verilm\u0259m\u0259sin\u0259 etiraz edib:<\/p>\n\n\n\n<p><em>\u201cBel\u0259 \u00e7\u0131x\u0131r ki, biz indi dan\u0131\u015fmamal\u0131y\u0131q?!\u201d<\/em>.<\/p>\n\n\n\n<p>Daha sonra v\u0259kill\u0259r B\u0259xtiyar Hac\u0131yevin ev dustaql\u0131\u011f\u0131na burax\u0131lmas\u0131 bar\u0259d\u0259 v\u0259sat\u0259t qald\u0131r\u0131blar. Bu v\u0259sat\u0259ti \u0259sasland\u0131rark\u0259n bildiribl\u0259r ki, ona qar\u015f\u0131 ir\u0259li s\u00fcr\u00fclm\u00fc\u015f ittihamlardan bir ne\u00e7\u0259si \u00fczr\u0259 cinay\u0259t m\u0259suliyy\u0259tin\u0259 c\u0259lbetm\u0259 m\u00fcdd\u0259ti ke\u00e7ib.<\/p>\n\n\n\n<p>B\u0259xtiyar Hac\u0131yev \u00f6z\u00fc d\u0259 bu v\u0259sat\u0259t\u0259 m\u00fcnasib\u0259t bildir\u0259rk\u0259n deyib ki, onu \u00f6nc\u0259 \u00dclviyy\u0259 Alovlu il\u0259 insident\u0259 g\u00f6r\u0259 h\u0259bs etmi\u015fdil\u0259r. Sonradan ba\u015fqa ittihamlar da ir\u0259li s\u00fcr\u00fcld\u00fc: <\/p>\n\n\n\n<p><em>\u201cHalbuki, o insidentl\u0259 ba\u011fl\u0131 Bak\u0131 \u015f\u0259h\u0259r Ba\u015f Polis \u0130dar\u0259sind\u0259 b\u0259lk\u0259 50-60 d\u0259f\u0259 m\u0259niml\u0259 dan\u0131\u015fm\u0131\u015fd\u0131lar. M\u0259n\u0259 demi\u015fdil\u0259r ki, m\u0259hk\u0259m\u0259d\u0259ki videog\u00f6r\u00fcnt\u00fcl\u0259r\u0259 baxd\u0131q, oradan ayd\u0131n g\u00f6r\u00fcn\u00fcr ki, s\u0259nin \u0259lind\u0259ki ka\u011f\u0131z da ona toxunmur. Onun s\u0259ni h\u0259d\u0259l\u0259diyini d\u0259 bilirik. Amma qad\u0131n oldu\u011funa g\u00f6r\u0259 he\u00e7 n\u0259 el\u0259mirik. Onun \u00fc\u00e7\u00fcn \u201cqad\u0131nd\u0131r\u201d dey\u0259nl\u0259r indi Sevinc Vaqifq\u0131z\u0131n\u0131 tutmaq \u00fc\u00e7\u00fcn t\u0259yyar\u0259nin trap\u0131na d\u0131rma\u015f\u0131rlar. O cinay\u0259t i\u015fin\u0259 xitam vermi\u015fdil\u0259r. Dekabrda q\u0259fild\u0259n m\u0259nim \u0259leyhim\u0259 \u00e7evirib, m\u0259ni h\u0259bs el\u0259dil\u0259r. Sonradan icra m\u0259muru da ortaya \u00e7\u0131xd\u0131 ki, \u201cB\u0259xtiyar o vaxt m\u0259ni d\u0259 it\u0259l\u0259mi\u015fdi, indi yad\u0131ma d\u00fc\u015fd\u00fc<\/em>.<\/p>\n\n\n\n<p><em>Yaxud da o biri ittihamlar. Anonim bir m\u0259ktubla m\u0259n\u0259 qar\u015f\u0131 ittihamlar ir\u0259li s\u00fcr\u00fcbl\u0259r. Guya m\u0259n 200 min manat qrant alm\u0131\u015fam, o pula \u00e7evrili\u015f haz\u0131rlamaq ist\u0259yir\u0259m. Bu nec\u0259 h\u00f6kum\u0259tdir ki, onu 200 min manata devirm\u0259k olur? Ona g\u00f6r\u0259 deyir\u0259m ki, ittiham\u0131n mahiyy\u0259ti m\u0259n\u0259 m\u0259lum deyil\u201d<\/em>.<\/p>\n\n\n\n<p>Prokuror da, \u00dclviyy\u0259 Alovlunun n\u00fcmay\u0259nd\u0259si d\u0259 B\u0259xtiyar Hac\u0131yevin ev dustaql\u0131\u011f\u0131na burax\u0131lmas\u0131na etiraz edib.<\/p>\n\n\n\n<p>Hakiml\u0259r d\u0259 v\u0259sat\u0259ti t\u0259min etm\u0259yib. Deyibl\u0259r ki, bu i\u015f \u00fczr\u0259 dindiril\u0259si \u00e7oxsayl\u0131 \u015fahidl\u0259r var, B\u0259xtiyar Hac\u0131yev azadl\u0131qda qalarsa, onlara t\u0259sir g\u00f6st\u0259rm\u0259k ehtimal\u0131 var.<\/p>\n\n\n\n<p>B\u0259xtiyar Hac\u0131yev v\u0259 m\u00fcdafi\u0259\u00e7il\u0259rinin daha bir v\u0259sat\u0259ti is\u0259 qanunsuz yolla \u0259ld\u0259 edilmi\u015f, m\u0259nb\u0259yi bilinm\u0259y\u0259n s\u00fcbutlar\u0131n \u00e7\u0131xar\u0131lmas\u0131 haqda olub. Onlar bildirib ki, anonim bir elektron m\u0259ktub \u0259sas\u0131nda ittiham verilib. Lakin o m\u0259ktubu g\u00f6nd\u0259r\u0259nin kimliyi, onun g\u0259ldiyi IP \u00fcnvan\u0131 v\u0259 s. m\u0259s\u0259l\u0259l\u0259rin ham\u0131s\u0131 ara\u015fd\u0131r\u0131lmam\u0131\u015f qal\u0131b. Qanun is\u0259 bel\u0259 s\u00fcbutlar \u0259sas\u0131nda \u015f\u0259xs\u0259 ittiham verm\u0259yi qada\u011fan edir.<\/p>\n\n\n\n<p>Prokuror bildirib ki, s\u00fcbutlar m\u0259hk\u0259m\u0259 prosesinin gedi\u015find\u0259 ara\u015fd\u0131r\u0131lmal\u0131 v\u0259 onlar\u0131n qanuni, yaxud qanunsuz oldu\u011funa sonra qiym\u0259t verilm\u0259lidir. Ona g\u00f6r\u0259 d\u0259 indiki halda, v\u0259sat\u0259t t\u0259min oluna bilm\u0259z.<\/p>\n\n\n\n<p>Hakiml\u0259r d\u0259 eyni \u0259sasland\u0131rma il\u0259 v\u0259sat\u0259ti t\u0259min etm\u0259yib.<\/p>\n\n\n\n<p>B\u0259xtiyar Hac\u0131yevin m\u0259hk\u0259m\u0259si fevral\u0131n 2-d\u0259 davam ed\u0259c\u0259k.<\/p>\n\n\n\n<p>B\u0259xtiyar Hac\u0131yev 2022-ci ilin dekabr\u0131nda h\u0259bs olunub. O zaman ona qar\u015f\u0131 Cinay\u0259t M\u0259c\u0259ll\u0259sinin 221.2.2 (ictimai qaydan\u0131n qorunmas\u0131 \u00fczr\u0259 v\u0259zif\u0259ni yerin\u0259 yetir\u0259n \u015f\u0259xs\u0259 qar\u015f\u0131 m\u00fcqavim\u0259t g\u00f6st\u0259rm\u0259kl\u0259 xuliqanl\u0131q) v\u0259 289.1 (m\u0259hk\u0259m\u0259y\u0259 h\u00f6rm\u0259tsizlik) madd\u0259l\u0259ril\u0259 ittiham ir\u0259li s\u00fcr\u00fclm\u00fc\u015fd\u00fc. Onunla bloger \u00dclviyy\u0259 Alovlu aras\u0131nda Yasamal rayon M\u0259hk\u0259m\u0259sind\u0259 insident ba\u015f verdiyi iddia olunur. \u0130ttihama g\u00f6r\u0259, B\u0259xtiyar Hac\u0131yev h\u0259min insident zaman\u0131 icra m\u0259muru Orxan Abdullayev\u0259 d\u0259 g\u00fcc t\u0259tbiq edib.<\/p>\n\n\n\n<p>\u0130yunun 16-da ictimai f\u0259ala qar\u015f\u0131 yeni ittihamlar ir\u0259li s\u00fcr\u00fcl\u00fcb. Bu ittihamlar \u0259sas\u0259n maliyy\u0259 m\u0259s\u0259l\u0259l\u0259ril\u0259 &#8211; ayr\u0131lan qrantlar\u0131n t\u0259yinat\u0131 \u00fczr\u0259 x\u0259rcl\u0259nm\u0259m\u0259sil\u0259 ba\u011fl\u0131d\u0131r. Ona h\u0259m\u00e7inin Cinay\u0259t M\u0259c\u0259ll\u0259sinin 192 (qanunsuz sahibkarl\u0131q), 193-1 (cinay\u0259t yoluyla \u0259ld\u0259 edilmi\u015f \u0259mlak\u0131 leqalla\u015fd\u0131rma), 206 (qa\u00e7aqmal\u00e7\u0131l\u0131q), 320-ci (saxta s\u0259n\u0259dl\u0259rd\u0259n istifad\u0259) madd\u0259l\u0259ril\u0259 ittiham verilib.<\/p>\n\n\n\n<p>Noyabrda is\u0259 ona daha bir ittiham verilib. \u0130ctimai f\u0259ala qar\u015f\u0131 Cinay\u0259t M\u0259c\u0259ll\u0259sinin 213.1 (vergid\u0259n yay\u0131nma) madd\u0259sil\u0259 daha bir ittiham ir\u0259li s\u00fcr\u00fcl\u00fcb.<\/p>\n\n\n\n<p>B\u0259xtiyar Hac\u0131yev bu ittihamlar\u0131n he\u00e7 birini q\u0259bul etmir. \u0130ctimai f\u0259al \u00f6z\u00fcn\u00fc t\u0259qsirli bilmir, sifari\u015fl\u0259 h\u0259bs olundu\u011funu, Daxili \u0130\u015fl\u0259r naziri Vilay\u0259t Eyvazovun \u00fcnvan\u0131na s\u0259sl\u0259ndirdiyi t\u0259nqidl\u0259r\u0259 g\u00f6r\u0259 c\u0259zaland\u0131r\u0131ld\u0131\u011f\u0131n\u0131 deyir.<\/p>\n","protected":false},"excerpt":{"rendered":"<p>\u201cNec\u0259 olur, Xa\u00e7aturyan\u0131n m\u0259hk\u0259m\u0259sind\u0259 \u0259vv\u0259ld\u0259n ax\u0131ra q\u0259d\u0259r video\u00e7\u0259kili\u015f\u0259 icaz\u0259 verilir, &#8230; <\/p>\n<p class=\"read-more-container\"><a title=\"B\u0259xtiyar Hac\u0131yev: \u201cH\u0259m h\u00fcquqlar\u0131m\u0131 pozursuz, h\u0259m d\u0259 qanundan dan\u0131\u015f\u0131rs\u0131z\u201d\" class=\"read-more button\" href=\"https:\/\/www.meydan.tv\/az\/article\/bextiyar-haciyev-hem-huquqlarimi-pozursuz-hem-de-qanundan-danisirsiz\/#more-295674\" aria-label=\"Read more about B\u0259xtiyar Hac\u0131yev: \u201cH\u0259m h\u00fcquqlar\u0131m\u0131 pozursuz, h\u0259m d\u0259 qanundan dan\u0131\u015f\u0131rs\u0131z\u201d\">Davam\u0131<\/a><\/p>\n","protected":false},"author":8,"featured_media":266105,"comment_status":"closed","ping_status":"closed","sticky":false,"template":"","format":"standard","meta":{"_acf_changed":false,"_sitemap_exclude":false,"_sitemap_priority":"","_sitemap_frequency":"","footnotes":""},"categories":[59,62,56],"tags":[],"class_list":["post-295674","post","type-post","status-publish","format-standard","has-post-thumbnail","hentry","category-siyaset","category-sosial","category-xeberler","infinite-scroll-item","generate-columns","tablet-grid-50","mobile-grid-100","grid-parent","grid-33","no-featured-image-padding"],"acf":[],"yoast_head":"<!-- This site is optimized with the Yoast SEO plugin v27.5 - https:\/\/yoast.com\/product\/yoast-seo-wordpress\/ -->\n<title>B\u0259xtiyar Hac\u0131yev: \u201cH\u0259m h\u00fcquqlar\u0131m\u0131 pozursuz, h\u0259m d\u0259 qanundan dan\u0131\u015f\u0131rs\u0131z\u201d - MEYDAN.TV<\/title>\n<meta name=\"robots\" content=\"index, follow, max-snippet:-1, max-image-preview:large, max-video-preview:-1\" \/>\n<link rel=\"canonical\" href=\"https:\/\/www.meydan.tv\/az\/article\/bextiyar-haciyev-hem-huquqlarimi-pozursuz-hem-de-qanundan-danisirsiz\/\" \/>\n<meta property=\"og:locale\" content=\"az_AZ\" \/>\n<meta property=\"og:type\" content=\"article\" \/>\n<meta property=\"og:title\" content=\"B\u0259xtiyar Hac\u0131yev: \u201cH\u0259m h\u00fcquqlar\u0131m\u0131 pozursuz, h\u0259m d\u0259 qanundan dan\u0131\u015f\u0131rs\u0131z\u201d - MEYDAN.TV\" \/>\n<meta property=\"og:description\" content=\"\u201cNec\u0259 olur, Xa\u00e7aturyan\u0131n m\u0259hk\u0259m\u0259sind\u0259 \u0259vv\u0259ld\u0259n ax\u0131ra q\u0259d\u0259r video\u00e7\u0259kili\u015f\u0259 icaz\u0259 verilir, ... Davam\u0131\" \/>\n<meta property=\"og:url\" content=\"https:\/\/www.meydan.tv\/az\/article\/bextiyar-haciyev-hem-huquqlarimi-pozursuz-hem-de-qanundan-danisirsiz\/\" \/>\n<meta property=\"og:site_name\" content=\"MEYDAN.TV\" \/>\n<meta property=\"article:published_time\" content=\"2024-01-19T16:05:20+00:00\" \/>\n<meta property=\"article:modified_time\" content=\"2024-01-19T18:39:53+00:00\" \/>\n<meta property=\"og:image\" content=\"https:\/\/www.meydan.tv\/wp-content\/uploads\/img_9508.jpg\" \/>\n\t<meta property=\"og:image:width\" content=\"1200\" \/>\n\t<meta property=\"og:image:height\" content=\"675\" \/>\n\t<meta property=\"og:image:type\" content=\"image\/jpeg\" \/>\n<meta name=\"author\" content=\"elli\" \/>\n<meta name=\"twitter:card\" content=\"summary_large_image\" \/>\n<meta name=\"twitter:creator\" content=\"@elli\" \/>\n<script type=\"application\/ld+json\" class=\"yoast-schema-graph\">{\"@context\":\"https:\\\/\\\/schema.org\",\"@graph\":[{\"@type\":\"Article\",\"@id\":\"https:\\\/\\\/www.meydan.tv\\\/az\\\/article\\\/bextiyar-haciyev-hem-huquqlarimi-pozursuz-hem-de-qanundan-danisirsiz\\\/#article\",\"isPartOf\":{\"@id\":\"https:\\\/\\\/www.meydan.tv\\\/az\\\/article\\\/bextiyar-haciyev-hem-huquqlarimi-pozursuz-hem-de-qanundan-danisirsiz\\\/\"},\"author\":{\"name\":\"elli\",\"@id\":\"https:\\\/\\\/www.meydan.tv\\\/az\\\/#\\\/schema\\\/person\\\/9cdbecf90d17180ce1dfbd95b08dcf47\"},\"headline\":\"B\u0259xtiyar Hac\u0131yev: \u201cH\u0259m h\u00fcquqlar\u0131m\u0131 pozursuz, h\u0259m d\u0259 qanundan dan\u0131\u015f\u0131rs\u0131z\u201d\",\"datePublished\":\"2024-01-19T16:05:20+00:00\",\"dateModified\":\"2024-01-19T18:39:53+00:00\",\"mainEntityOfPage\":{\"@id\":\"https:\\\/\\\/www.meydan.tv\\\/az\\\/article\\\/bextiyar-haciyev-hem-huquqlarimi-pozursuz-hem-de-qanundan-danisirsiz\\\/\"},\"wordCount\":1679,\"publisher\":{\"@id\":\"https:\\\/\\\/www.meydan.tv\\\/az\\\/#organization\"},\"image\":{\"@id\":\"https:\\\/\\\/www.meydan.tv\\\/az\\\/article\\\/bextiyar-haciyev-hem-huquqlarimi-pozursuz-hem-de-qanundan-danisirsiz\\\/#primaryimage\"},\"thumbnailUrl\":\"https:\\\/\\\/www.meydan.tv\\\/wp-content\\\/uploads\\\/img_9508.jpg\",\"articleSection\":[\"Siyas\u0259t\",\"Sosial\",\"X\u0259b\u0259rl\u0259r\"],\"inLanguage\":\"az\"},{\"@type\":\"WebPage\",\"@id\":\"https:\\\/\\\/www.meydan.tv\\\/az\\\/article\\\/bextiyar-haciyev-hem-huquqlarimi-pozursuz-hem-de-qanundan-danisirsiz\\\/\",\"url\":\"https:\\\/\\\/www.meydan.tv\\\/az\\\/article\\\/bextiyar-haciyev-hem-huquqlarimi-pozursuz-hem-de-qanundan-danisirsiz\\\/\",\"name\":\"B\u0259xtiyar Hac\u0131yev: \u201cH\u0259m h\u00fcquqlar\u0131m\u0131 pozursuz, h\u0259m d\u0259 qanundan dan\u0131\u015f\u0131rs\u0131z\u201d - MEYDAN.TV\",\"isPartOf\":{\"@id\":\"https:\\\/\\\/www.meydan.tv\\\/az\\\/#website\"},\"primaryImageOfPage\":{\"@id\":\"https:\\\/\\\/www.meydan.tv\\\/az\\\/article\\\/bextiyar-haciyev-hem-huquqlarimi-pozursuz-hem-de-qanundan-danisirsiz\\\/#primaryimage\"},\"image\":{\"@id\":\"https:\\\/\\\/www.meydan.tv\\\/az\\\/article\\\/bextiyar-haciyev-hem-huquqlarimi-pozursuz-hem-de-qanundan-danisirsiz\\\/#primaryimage\"},\"thumbnailUrl\":\"https:\\\/\\\/www.meydan.tv\\\/wp-content\\\/uploads\\\/img_9508.jpg\",\"datePublished\":\"2024-01-19T16:05:20+00:00\",\"dateModified\":\"2024-01-19T18:39:53+00:00\",\"breadcrumb\":{\"@id\":\"https:\\\/\\\/www.meydan.tv\\\/az\\\/article\\\/bextiyar-haciyev-hem-huquqlarimi-pozursuz-hem-de-qanundan-danisirsiz\\\/#breadcrumb\"},\"inLanguage\":\"az\",\"potentialAction\":[{\"@type\":\"ReadAction\",\"target\":[\"https:\\\/\\\/www.meydan.tv\\\/az\\\/article\\\/bextiyar-haciyev-hem-huquqlarimi-pozursuz-hem-de-qanundan-danisirsiz\\\/\"]}]},{\"@type\":\"ImageObject\",\"inLanguage\":\"az\",\"@id\":\"https:\\\/\\\/www.meydan.tv\\\/az\\\/article\\\/bextiyar-haciyev-hem-huquqlarimi-pozursuz-hem-de-qanundan-danisirsiz\\\/#primaryimage\",\"url\":\"https:\\\/\\\/www.meydan.tv\\\/wp-content\\\/uploads\\\/img_9508.jpg\",\"contentUrl\":\"https:\\\/\\\/www.meydan.tv\\\/wp-content\\\/uploads\\\/img_9508.jpg\",\"width\":1200,\"height\":675,\"caption\":\"B\u0259xtiyar Hac\u0131yev. Foto: Meydan TV\"},{\"@type\":\"BreadcrumbList\",\"@id\":\"https:\\\/\\\/www.meydan.tv\\\/az\\\/article\\\/bextiyar-haciyev-hem-huquqlarimi-pozursuz-hem-de-qanundan-danisirsiz\\\/#breadcrumb\",\"itemListElement\":[{\"@type\":\"ListItem\",\"position\":1,\"name\":\"Ana s\u0259hif\u0259\",\"item\":\"https:\\\/\\\/www.meydan.tv\\\/az\\\/\"},{\"@type\":\"ListItem\",\"position\":2,\"name\":\"Siyas\u0259t\",\"item\":\"https:\\\/\\\/www.meydan.tv\\\/az\\\/section\\\/siyaset\\\/\"},{\"@type\":\"ListItem\",\"position\":3,\"name\":\"B\u0259xtiyar Hac\u0131yev: \u201cH\u0259m h\u00fcquqlar\u0131m\u0131 pozursuz, h\u0259m d\u0259 qanundan dan\u0131\u015f\u0131rs\u0131z\u201d\"}]},{\"@type\":\"WebSite\",\"@id\":\"https:\\\/\\\/www.meydan.tv\\\/az\\\/#website\",\"url\":\"https:\\\/\\\/www.meydan.tv\\\/az\\\/\",\"name\":\"MEYDAN.TV\",\"description\":\"Meydan TV Az\u0259rbaycan\u0131n media m\u0259kan\u0131ndak\u0131 alternativ s\u0259sidir\",\"publisher\":{\"@id\":\"https:\\\/\\\/www.meydan.tv\\\/az\\\/#organization\"},\"potentialAction\":[{\"@type\":\"SearchAction\",\"target\":{\"@type\":\"EntryPoint\",\"urlTemplate\":\"https:\\\/\\\/www.meydan.tv\\\/az\\\/?s={search_term_string}\"},\"query-input\":{\"@type\":\"PropertyValueSpecification\",\"valueRequired\":true,\"valueName\":\"search_term_string\"}}],\"inLanguage\":\"az\"},{\"@type\":\"Organization\",\"@id\":\"https:\\\/\\\/www.meydan.tv\\\/az\\\/#organization\",\"name\":\"Meydan TV\",\"url\":\"https:\\\/\\\/www.meydan.tv\\\/az\\\/\",\"logo\":{\"@type\":\"ImageObject\",\"inLanguage\":\"az\",\"@id\":\"https:\\\/\\\/www.meydan.tv\\\/az\\\/#\\\/schema\\\/logo\\\/image\\\/\",\"url\":\"https:\\\/\\\/www.meydan.tv\\\/wp-content\\\/uploads\\\/2021\\\/07\\\/meydan-logo.svg\",\"contentUrl\":\"https:\\\/\\\/www.meydan.tv\\\/wp-content\\\/uploads\\\/2021\\\/07\\\/meydan-logo.svg\",\"width\":195,\"height\":46,\"caption\":\"Meydan TV\"},\"image\":{\"@id\":\"https:\\\/\\\/www.meydan.tv\\\/az\\\/#\\\/schema\\\/logo\\\/image\\\/\"}},{\"@type\":\"Person\",\"@id\":\"https:\\\/\\\/www.meydan.tv\\\/az\\\/#\\\/schema\\\/person\\\/9cdbecf90d17180ce1dfbd95b08dcf47\",\"name\":\"elli\",\"sameAs\":[\"https:\\\/\\\/x.com\\\/elli\"]}]}<\/script>\n<!-- \/ Yoast SEO plugin. -->","yoast_head_json":{"title":"B\u0259xtiyar Hac\u0131yev: \u201cH\u0259m h\u00fcquqlar\u0131m\u0131 pozursuz, h\u0259m d\u0259 qanundan dan\u0131\u015f\u0131rs\u0131z\u201d - MEYDAN.TV","robots":{"index":"index","follow":"follow","max-snippet":"max-snippet:-1","max-image-preview":"max-image-preview:large","max-video-preview":"max-video-preview:-1"},"canonical":"https:\/\/www.meydan.tv\/az\/article\/bextiyar-haciyev-hem-huquqlarimi-pozursuz-hem-de-qanundan-danisirsiz\/","og_locale":"az_AZ","og_type":"article","og_title":"B\u0259xtiyar Hac\u0131yev: \u201cH\u0259m h\u00fcquqlar\u0131m\u0131 pozursuz, h\u0259m d\u0259 qanundan dan\u0131\u015f\u0131rs\u0131z\u201d - MEYDAN.TV","og_description":"\u201cNec\u0259 olur, Xa\u00e7aturyan\u0131n m\u0259hk\u0259m\u0259sind\u0259 \u0259vv\u0259ld\u0259n ax\u0131ra q\u0259d\u0259r video\u00e7\u0259kili\u015f\u0259 icaz\u0259 verilir, ... Davam\u0131","og_url":"https:\/\/www.meydan.tv\/az\/article\/bextiyar-haciyev-hem-huquqlarimi-pozursuz-hem-de-qanundan-danisirsiz\/","og_site_name":"MEYDAN.TV","article_published_time":"2024-01-19T16:05:20+00:00","article_modified_time":"2024-01-19T18:39:53+00:00","og_image":[{"width":1200,"height":675,"url":"https:\/\/www.meydan.tv\/wp-content\/uploads\/img_9508.jpg","type":"image\/jpeg"}],"author":"elli","twitter_card":"summary_large_image","twitter_creator":"@elli","schema":{"@context":"https:\/\/schema.org","@graph":[{"@type":"Article","@id":"https:\/\/www.meydan.tv\/az\/article\/bextiyar-haciyev-hem-huquqlarimi-pozursuz-hem-de-qanundan-danisirsiz\/#article","isPartOf":{"@id":"https:\/\/www.meydan.tv\/az\/article\/bextiyar-haciyev-hem-huquqlarimi-pozursuz-hem-de-qanundan-danisirsiz\/"},"author":{"name":"elli","@id":"https:\/\/www.meydan.tv\/az\/#\/schema\/person\/9cdbecf90d17180ce1dfbd95b08dcf47"},"headline":"B\u0259xtiyar Hac\u0131yev: \u201cH\u0259m h\u00fcquqlar\u0131m\u0131 pozursuz, h\u0259m d\u0259 qanundan dan\u0131\u015f\u0131rs\u0131z\u201d","datePublished":"2024-01-19T16:05:20+00:00","dateModified":"2024-01-19T18:39:53+00:00","mainEntityOfPage":{"@id":"https:\/\/www.meydan.tv\/az\/article\/bextiyar-haciyev-hem-huquqlarimi-pozursuz-hem-de-qanundan-danisirsiz\/"},"wordCount":1679,"publisher":{"@id":"https:\/\/www.meydan.tv\/az\/#organization"},"image":{"@id":"https:\/\/www.meydan.tv\/az\/article\/bextiyar-haciyev-hem-huquqlarimi-pozursuz-hem-de-qanundan-danisirsiz\/#primaryimage"},"thumbnailUrl":"https:\/\/www.meydan.tv\/wp-content\/uploads\/img_9508.jpg","articleSection":["Siyas\u0259t","Sosial","X\u0259b\u0259rl\u0259r"],"inLanguage":"az"},{"@type":"WebPage","@id":"https:\/\/www.meydan.tv\/az\/article\/bextiyar-haciyev-hem-huquqlarimi-pozursuz-hem-de-qanundan-danisirsiz\/","url":"https:\/\/www.meydan.tv\/az\/article\/bextiyar-haciyev-hem-huquqlarimi-pozursuz-hem-de-qanundan-danisirsiz\/","name":"B\u0259xtiyar Hac\u0131yev: \u201cH\u0259m h\u00fcquqlar\u0131m\u0131 pozursuz, h\u0259m d\u0259 qanundan dan\u0131\u015f\u0131rs\u0131z\u201d - MEYDAN.TV","isPartOf":{"@id":"https:\/\/www.meydan.tv\/az\/#website"},"primaryImageOfPage":{"@id":"https:\/\/www.meydan.tv\/az\/article\/bextiyar-haciyev-hem-huquqlarimi-pozursuz-hem-de-qanundan-danisirsiz\/#primaryimage"},"image":{"@id":"https:\/\/www.meydan.tv\/az\/article\/bextiyar-haciyev-hem-huquqlarimi-pozursuz-hem-de-qanundan-danisirsiz\/#primaryimage"},"thumbnailUrl":"https:\/\/www.meydan.tv\/wp-content\/uploads\/img_9508.jpg","datePublished":"2024-01-19T16:05:20+00:00","dateModified":"2024-01-19T18:39:53+00:00","breadcrumb":{"@id":"https:\/\/www.meydan.tv\/az\/article\/bextiyar-haciyev-hem-huquqlarimi-pozursuz-hem-de-qanundan-danisirsiz\/#breadcrumb"},"inLanguage":"az","potentialAction":[{"@type":"ReadAction","target":["https:\/\/www.meydan.tv\/az\/article\/bextiyar-haciyev-hem-huquqlarimi-pozursuz-hem-de-qanundan-danisirsiz\/"]}]},{"@type":"ImageObject","inLanguage":"az","@id":"https:\/\/www.meydan.tv\/az\/article\/bextiyar-haciyev-hem-huquqlarimi-pozursuz-hem-de-qanundan-danisirsiz\/#primaryimage","url":"https:\/\/www.meydan.tv\/wp-content\/uploads\/img_9508.jpg","contentUrl":"https:\/\/www.meydan.tv\/wp-content\/uploads\/img_9508.jpg","width":1200,"height":675,"caption":"B\u0259xtiyar Hac\u0131yev. Foto: Meydan TV"},{"@type":"BreadcrumbList","@id":"https:\/\/www.meydan.tv\/az\/article\/bextiyar-haciyev-hem-huquqlarimi-pozursuz-hem-de-qanundan-danisirsiz\/#breadcrumb","itemListElement":[{"@type":"ListItem","position":1,"name":"Ana s\u0259hif\u0259","item":"https:\/\/www.meydan.tv\/az\/"},{"@type":"ListItem","position":2,"name":"Siyas\u0259t","item":"https:\/\/www.meydan.tv\/az\/section\/siyaset\/"},{"@type":"ListItem","position":3,"name":"B\u0259xtiyar Hac\u0131yev: \u201cH\u0259m h\u00fcquqlar\u0131m\u0131 pozursuz, h\u0259m d\u0259 qanundan dan\u0131\u015f\u0131rs\u0131z\u201d"}]},{"@type":"WebSite","@id":"https:\/\/www.meydan.tv\/az\/#website","url":"https:\/\/www.meydan.tv\/az\/","name":"MEYDAN.TV","description":"Meydan TV Az\u0259rbaycan\u0131n media m\u0259kan\u0131ndak\u0131 alternativ s\u0259sidir","publisher":{"@id":"https:\/\/www.meydan.tv\/az\/#organization"},"potentialAction":[{"@type":"SearchAction","target":{"@type":"EntryPoint","urlTemplate":"https:\/\/www.meydan.tv\/az\/?s={search_term_string}"},"query-input":{"@type":"PropertyValueSpecification","valueRequired":true,"valueName":"search_term_string"}}],"inLanguage":"az"},{"@type":"Organization","@id":"https:\/\/www.meydan.tv\/az\/#organization","name":"Meydan TV","url":"https:\/\/www.meydan.tv\/az\/","logo":{"@type":"ImageObject","inLanguage":"az","@id":"https:\/\/www.meydan.tv\/az\/#\/schema\/logo\/image\/","url":"https:\/\/www.meydan.tv\/wp-content\/uploads\/2021\/07\/meydan-logo.svg","contentUrl":"https:\/\/www.meydan.tv\/wp-content\/uploads\/2021\/07\/meydan-logo.svg","width":195,"height":46,"caption":"Meydan TV"},"image":{"@id":"https:\/\/www.meydan.tv\/az\/#\/schema\/logo\/image\/"}},{"@type":"Person","@id":"https:\/\/www.meydan.tv\/az\/#\/schema\/person\/9cdbecf90d17180ce1dfbd95b08dcf47","name":"elli","sameAs":["https:\/\/x.com\/elli"]}]}},"_links":{"self":[{"href":"https:\/\/www.meydan.tv\/az\/wp-json\/wp\/v2\/posts\/295674","targetHints":{"allow":["GET"]}}],"collection":[{"href":"https:\/\/www.meydan.tv\/az\/wp-json\/wp\/v2\/posts"}],"about":[{"href":"https:\/\/www.meydan.tv\/az\/wp-json\/wp\/v2\/types\/post"}],"author":[{"embeddable":true,"href":"https:\/\/www.meydan.tv\/az\/wp-json\/wp\/v2\/users\/8"}],"replies":[{"embeddable":true,"href":"https:\/\/www.meydan.tv\/az\/wp-json\/wp\/v2\/comments?post=295674"}],"version-history":[{"count":3,"href":"https:\/\/www.meydan.tv\/az\/wp-json\/wp\/v2\/posts\/295674\/revisions"}],"predecessor-version":[{"id":295677,"href":"https:\/\/www.meydan.tv\/az\/wp-json\/wp\/v2\/posts\/295674\/revisions\/295677"}],"wp:featuredmedia":[{"embeddable":true,"href":"https:\/\/www.meydan.tv\/az\/wp-json\/wp\/v2\/media\/266105"}],"wp:attachment":[{"href":"https:\/\/www.meydan.tv\/az\/wp-json\/wp\/v2\/media?parent=295674"}],"wp:term":[{"taxonomy":"category","embeddable":true,"href":"https:\/\/www.meydan.tv\/az\/wp-json\/wp\/v2\/categories?post=295674"},{"taxonomy":"post_tag","embeddable":true,"href":"https:\/\/www.meydan.tv\/az\/wp-json\/wp\/v2\/tags?post=295674"}],"curies":[{"name":"wp","href":"https:\/\/api.w.org\/{rel}","templated":true}]}}