{"id":295666,"date":"2024-01-19T17:55:26","date_gmt":"2024-01-19T13:55:26","guid":{"rendered":"https:\/\/www.meydan.tv\/?p=295666"},"modified":"2024-01-19T17:55:29","modified_gmt":"2024-01-19T13:55:29","slug":"teatr-ve-kino-ressamlari-tehqir-edildiklerini-ve-isden-cixarildiqlarini-deyirler","status":"publish","type":"post","link":"https:\/\/www.meydan.tv\/az\/article\/teatr-ve-kino-ressamlari-tehqir-edildiklerini-ve-isden-cixarildiqlarini-deyirler\/","title":{"rendered":"Teatr v\u0259 kino r\u0259ssamlar\u0131 t\u0259hqir edildikl\u0259rini v\u0259 i\u015fd\u0259n \u00e7\u0131xar\u0131ld\u0131qlar\u0131n\u0131 deyirl\u0259r"},"content":{"rendered":"\n<p><\/p>\n\n\n\n<p><strong><em>&#8220;Haradan bil\u0259ydik ki, bizi aldad\u0131rlar, i\u015fl\u0259dib, sonra bay\u0131ra atacaqlar?&#8221;<\/em><\/strong><\/p>\n\n\n\n<p>Teatr v\u0259 kino r\u0259ssamlar\u0131 Nigar v\u0259 N\u0259zrin \u018fliyeva bac\u0131lar\u0131 Az\u0259rbaycan D\u00f6vl\u0259t Opera v\u0259 Balet Teatr\u0131nda \u0259m\u0259yin istismar\u0131na m\u0259ruz qald\u0131qlar\u0131n\u0131, sonra da i\u015fd\u0259n \u00e7\u0131xar\u0131ld\u0131qlar\u0131n\u0131 iddia edirl\u0259r.<\/p>\n\n\n\n<p>Dedikl\u0259rin\u0259 g\u00f6r\u0259, \u0259vv\u0259ll\u0259r Nigar geyim \u00fczr\u0259 r\u0259ssam, bac\u0131s\u0131 N\u0259zrin is\u0259 onun asistenti kimi bir s\u0131ra film layih\u0259l\u0259rind\u0259 \u00e7al\u0131\u015f\u0131blar.<\/p>\n\n\n\n<p>Son bir ne\u00e7\u0259 ild\u0259 C\u0259f\u0259r Cabbarl\u0131 ad\u0131na \u201cAz\u0259rbaycanfilm\u201d kinostudiyas\u0131nda filml\u0259r \u00e7\u0259kilm\u0259diyi \u00fc\u00e7\u00fcn onlar i\u015fsiz qal\u0131blar.<\/p>\n\n\n\n<p>\u0130\u015f axtarmaq \u00fc\u00e7\u00fcn paytaxt teatrlar\u0131na \u00fcz tutublar.<\/p>\n\n\n\n<p><em>\u201c\u0130kimiz d\u0259 ali t\u0259hsilliyik. T\u0259\u0259ss\u00fcf ki, he\u00e7 bir teatr bizi he\u00e7 kandar\u0131ndan i\u00e7\u0259ri buraxmad\u0131. Sonradan \u00f6yr\u0259ndim ki, teatrlar yaln\u0131z adamlar\u0131 qohumluq, tan\u0131\u015fl\u0131q prinsipi \u0259sas\u0131nda i\u015f\u0259 g\u00f6t\u00fcr\u00fcr<\/em>\u201d, &#8211; Nigar \u018fliyeva Meydan TV-y\u0259 bildirir.<\/p>\n\n\n\n<p>2023-c\u00fc ild\u0259 Opera v\u0259 Balet Teatr\u0131nda r\u0259hb\u0259r d\u0259yi\u015fikliyind\u0259n, Xalq artisti, opera m\u00fc\u011f\u0259nnisi Yusif Eyvazov teatra direktor t\u0259yin olunandan sonra i\u015f \u00fc\u00e7\u00fcn ora m\u00fcraci\u0259t edibl\u0259r.<\/p>\n\n\n\n<p>Nigar \u018fliyevan\u0131n s\u00f6zl\u0259rin\u0259 g\u00f6r\u0259, onlar\u0131 teatr\u0131n d\u0259rzi sexinin m\u00fcdiri Yelena Almazova q\u0259bul edib. \u018fl i\u015fl\u0259ri il\u0259 tan\u0131\u015f olduqdan sonra bir ayl\u0131q s\u0131naq m\u00fcdd\u0259tin\u0259 r\u0259ssam yox, d\u0259rzi i\u015fin\u0259 g\u00f6t\u00fcr\u00fcl\u00fcbl\u0259r:<\/p>\n\n\n\n<p><em>\u201cYelena Almazova bir ay\u0131n tamam\u0131nda i\u015f\u0259 g\u00f6t\u00fcr\u00fcld\u00fcy\u00fcm\u00fcz\u00fc bildirdi. Kadrlar \u015f\u00f6b\u0259sind\u0259 olanda is\u0259 g\u00f6rd\u00fck ki, biz\u0259 bir ayl\u0131q m\u00fcqavil\u0259 imzalad\u0131rlar. S\u0259b\u0259bini soru\u015fanda, dedil\u0259r ki, narahat olmay\u0131n, burada ham\u0131n\u0131 el\u0259 i\u015f\u0259 g\u00f6t\u00fcr\u00fcrl\u0259r. Biz avtomatik olaraq h\u0259r ay m\u00fcqavil\u0259nizi uzad\u0131r\u0131q. 2024-c\u00fc ilin yanvar\u0131na q\u0259d\u0259r bel\u0259 olacaq. Yanvardan biz\u0259 daimi r\u0259ssaml\u0131q \u015ftat\u0131 ver\u0259c\u0259kl\u0259r v\u0259 sizi h\u0259min i\u015f\u0259 ke\u00e7ir\u0259c\u0259yik. D\u0259rzi \u015ftat\u0131nda olsan\u0131z da, r\u0259ssam i\u015fl\u0259y\u0259c\u0259ksiniz\u201d<\/em>.<\/p>\n\n\n\n<p>M\u00fcsahibin dediyin\u0259 g\u00f6r\u0259, orada i\u015fl\u0259dikl\u0259ri iki ay \u0259rzind\u0259 birinci ay \u00fc\u00e7\u00fcn ayr\u0131-ayr\u0131l\u0131qda h\u0259r\u0259sin\u0259 595, ikincid\u0259 is\u0259 630 manat maa\u015f veribl\u0259r.<\/p>\n\n\n\n<p>Nigar \u018fliyeva bildirir ki, onlara bir ne\u00e7\u0259 i\u015f g\u00f6rd\u00fcr\u00fcbl\u0259r:<\/p>\n\n\n\n<p><em>\u201cYelena Almazova bac\u0131mla m\u0259ni h\u0259m d\u0259rzi, h\u0259m kostyum\u00e7u, h\u0259m d\u0259 r\u0259ssam kimi i\u015fl\u0259dirdi. \u201cM\u0259h\u0259bb\u0259t \u0259fsan\u0259si\u201dnin yeni premyeras\u0131na g\u00f6r\u0259 ikimizi d\u0259 Heyd\u0259r \u018fliyev Saray\u0131na apar\u0131rd\u0131lar. Orada a\u011f\u0131r \u00fct\u00fc il\u0259 b\u00fct\u00fcn s\u0259hn\u0259 geyiml\u0259rini, dem\u0259k olar ki, biz \u00fct\u00fcl\u0259dik. Biz\u0259 orada papaqlar\u0131 t\u0259z\u0259d\u0259n tikdirdi. A\u011f\u0131r qutular\u0131 y\u0131\u011fd\u0131rd\u0131, bo\u015faltd\u0131rd\u0131. Kostyumer qad\u0131nlarla birg\u0259 bizi d\u0259 i\u015fl\u0259tdi. Halbuki bu, bac\u0131mla m\u0259nim i\u015fim deyildi. S\u0259simizi \u00e7\u0131xarm\u0131rd\u0131q ki, n\u0259hay\u0259t, daimi i\u015fimiz olacaq. Haradan bil\u0259ydik ki, bizi aldad\u0131rlar, i\u015fl\u0259dib, sonra bay\u0131ra atacaqlar?\u201d<\/em>.<\/p>\n\n\n\n<p>Nigar \u018fliyeva h\u0259m\u00e7inin iddia edir ki, Opera v\u0259 Balet Teatr\u0131nda bir s\u0131ra qanun pozuntular\u0131n\u0131n da \u015fahidi olub:<\/p>\n\n\n\n<p><em>\u201cBir d\u0259f\u0259 Yelena Almazova iki bac\u0131 bizi k\u00f6hn\u0259 kostyumlar olan ota\u011fa sald\u0131. M\u0259n\u0259 dedi ki, oradan yax\u015f\u0131 kostyumlar\u0131 se\u00e7, m\u0259n\u0259 laz\u0131md\u0131r. M\u0259n d\u0259 se\u00e7dim. K\u00f6hn\u0259l\u0259ri atd\u0131rd\u0131. B\u0259zil\u0259rini saxlad\u0131. \u018fslind\u0259, ham\u0131s\u0131n\u0131, istifad\u0259 m\u00fcdd\u0259ti bitmi\u015f k\u00f6hn\u0259 kostyumlar\u0131 atd\u0131rmal\u0131 idi. Hans\u0131 ki, h\u00f6kum\u0259t\u0259 deyibl\u0259r ki, kostyumlar\u0131 t\u0259z\u0259l\u0259yirl\u0259r\u201d<\/em>.<\/p>\n\n\n\n<p><em>\u201cSonra g\u00f6rd\u00fcm ki, m\u0259nim se\u00e7diyim h\u0259min k\u00f6hn\u0259 kostyumlar\u0131 t\u0259z\u0259 ad\u0131 il\u0259 d\u0259rzi sexind\u0259 verib ki, guya astar\u0131n\u0131, ora-buras\u0131n\u0131 d\u00fcz\u0259ltsinl\u0259r. Bunlar h\u00f6kum\u0259ti bel\u0259 aldad\u0131rlar, \u201ckostyumlar\u0131 d\u0259yi\u015fir\u0259m\u201d, &#8211; ad\u0131 il\u0259 pullar al\u0131rlar. \u018fslind\u0259 is\u0259 d\u0259yi\u015fmirl\u0259r, t\u0259z\u0259 ad\u0131 il\u0259 olan kostyumlar\u0131n yar\u0131s\u0131ndan \u00e7oxu k\u00f6hn\u0259dir\u201d<\/em>, &#8211; \u015fikay\u0259t\u00e7i iddia edir.<\/p>\n\n\n\n<p>O deyir ki, \u0259lav\u0259 g\u00f6rd\u00fckl\u0259ri i\u015fl\u0259 yana\u015f\u0131, sex m\u00fcdirinin danlaq v\u0259 t\u0259hqirl\u0259rini e\u015fitm\u0259li olurmu\u015flar:<\/p>\n\n\n\n<p><em>\u201cD\u00f6rd n\u0259f\u0259r i\u015f\u00e7i idik. Onlara he\u00e7 n\u0259 demirdi, ancaq biz\u0259 ac\u0131qlan\u0131r v\u0259 t\u0259hqir edirdi. Yelenan\u0131n tap\u015f\u0131r\u0131\u011f\u0131 il\u0259 iki y\u00fczd\u0259n \u00e7ox applikasiya (\u0259l i\u015fi) k\u0259smi\u015fdik. Noyabr\u0131n 5-d\u0259 Yelena g\u0259ldi, b\u0259zi applikasiyalara bax\u0131b, b\u0259y\u0259nm\u0259di. \u00dcst\u00fcm\u00fcz\u0259 q\u0131\u015fq\u0131r\u0131b, bizi t\u0259hqir etm\u0259y\u0259 ba\u015flad\u0131. Rusca biz\u0259 \u201ctupits\u0131, idiotki, debilki, slep\u0131e\u201d<\/em>&#8211; deyirdi\u201d.<\/p>\n\n\n\n<p><em>\u201cBiz applikasiyalara baxanda, m\u0259lum oldu ki, \u0259slind\u0259, he\u00e7 bir problem yoxdur. Onun b\u0259y\u0259nm\u0259diyi applikasiyalar\u0131 is\u0259 dig\u0259r i\u015f\u00e7i k\u0259sib. Biz bunu Yelenaya bildirdik v\u0259 dedik ki, niy\u0259 ba\u015fqa i\u015f\u00e7inin i\u015fin\u0259 g\u00f6r\u0259 danlanmal\u0131y\u0131q? O, biz\u0259 \u0259h\u0259miyy\u0259t verm\u0259di v\u0259 t\u0259hqirl\u0259rin\u0259 davam ed\u0259r\u0259k, dedi ki, teatrda biziml\u0259 uzun m\u00fcdd\u0259tli m\u00fcqavil\u0259 ba\u011flanmas\u0131na o, icaz\u0259 vermir. \u018flav\u0259 etdi ki, h\u0259r ay\u0131n ax\u0131r\u0131 gedib, kadrlar \u015f\u00f6b\u0259sin\u0259 bizi n\u00f6vb\u0259ti ay \u00fc\u00e7\u00fcn i\u015fd\u0259 saxlay\u0131b-saxlamayaca\u011f\u0131m\u0131 \u00f6z\u00fc g\u00f6st\u0259ri\u015f verir\u201d<\/em>, &#8211; Nigar \u018fliyeva deyir.<\/p>\n\n\n\n<p>O bildirir ki, Yelena Almazovan\u0131n bac\u0131s\u0131 il\u0259 onu i\u015fd\u0259n \u00e7\u0131xarmaqla h\u0259d\u0259l\u0259m\u0259sin\u0259 cavab olaraq, ondan \u015fikay\u0259t ed\u0259c\u0259yini bildirib:<\/p>\n\n\n\n<p><em>\u201cBiz m\u0259s\u0259l\u0259 il\u0259 \u0259laq\u0259dar teatr\u0131n direktoru Yusif Eyvazova \u015fikay\u0259t etm\u0259k ist\u0259dik. Onu yerind\u0259 tapmad\u0131\u011f\u0131m\u0131z \u00fc\u00e7\u00fcn noyabr\u0131n 6-da M\u0259d\u0259niyy\u0259t Nazirliyin\u0259 getdik. Nazirlik \u0259m\u0259kda\u015flar\u0131na bildirdik ki, bizi kims\u0259 q\u0259bul etm\u0259s\u0259, m\u0259s\u0259l\u0259ni ictimail\u0259\u015fdir\u0259c\u0259yik. Dedil\u0259r ki, g\u00f6zl\u0259yin, indi sizinl\u0259 dan\u0131\u015fma\u011fa kims\u0259 d\u00fc\u015f\u0259c\u0259k\u201d<\/em>.<\/p>\n\n\n\n<p><em>\u201cYar\u0131m saat ke\u00e7\u0259nd\u0259n sonra bir d\u0259 g\u00f6rd\u00fck ki, Yusif Eyvazov \u0259lind\u0259 hans\u0131sa ma\u011fazadan ald\u0131\u011f\u0131 n\u0259yins\u0259 ba\u011flamas\u0131 il\u0259 nazirliy\u0259 g\u0259ldi. Hiss olunurdu ki, \u0259lind\u0259ki h\u0259diyy\u0259lik ba\u011falamd\u0131r. O, bizi g\u00f6rm\u0259di, amma biz onu g\u00f6rd\u00fck. Bundan sonra biziml\u0259 dan\u0131\u015fma\u011fa iki n\u0259f\u0259r d\u00fc\u015fd\u00fc. \u015eikay\u0259timizi dinl\u0259yib getdil\u0259r\u201d<\/em>, &#8211; v\u0259t\u0259nda\u015f deyir.<\/p>\n\n\n\n<p>Nigar \u018fliyeva s\u00f6yl\u0259yir ki, n\u00f6vb\u0259ti g\u00fcn Yusif Eyvazov onlar\u0131 q\u0259buluna \u00e7a\u011f\u0131r\u0131b:<\/p>\n\n\n\n<p><em>\u201cBizi q\u0259buluna \u00e7a\u011f\u0131rd\u0131 v\u0259 \u00e7ox kobud tonda dan\u0131\u015fma\u011fa ba\u015flad\u0131. Dedi ki, m\u0259nim avtoritetim var, s\u0259n kims\u0259n ki, gedirs\u0259n, m\u0259nd\u0259n M\u0259d\u0259niyy\u0259t Nazirliyin\u0259 \u015fikay\u0259t edirs\u0259n? M\u0259n d\u0259 dedim ki, s\u0259n yerind\u0259 yox idin, m\u0259n kim\u0259s\u0259 \u015fikay\u0259t etm\u0259liy\u0259m ya yox?! Yelena Almazova bizi i\u015fd\u0259n \u00e7\u0131xar\u0131r, faktiki olaraq q\u0131\u015f\u0131n g\u00fcn\u00fcnd\u0259 k\u00fc\u00e7\u0259d\u0259 qoyur. M\u0259n\u0259 qay\u0131dasan ki, siz \u00e7ox b\u00f6y\u00fck s\u0259hv edib, m\u0259nd\u0259n M\u0259d\u0259niyy\u0259t Nazirliyin\u0259 \u015fikay\u0259tl\u0259nmisiniz. Yelenaya inan\u0131ram, siz\u0259 yox\u201d<\/em>.<\/p>\n\n\n\n<p>\u015eikay\u0259t\u00e7inin dediyin\u0259 g\u00f6r\u0259, ba\u015f ver\u0259nl\u0259ri Yusif Eyvazova dan\u0131\u015f\u0131blar, m\u0259s\u0259l\u0259ni ictimail\u0259\u015fdir\u0259c\u0259kl\u0259rini d\u0259 deyibl\u0259r:<\/p>\n\n\n\n<p><em>\u201cYusif Eyvazov da dedi ki, iki qad\u0131ns\u0131z, t\u0259ksiniz, i\u015f\u0259 ehtiyac\u0131n\u0131z var. Narahat olmay\u0131n, sizi qrim \u015ftat\u0131na ke\u00e7ir\u0259rik. Biz bu s\u00f6hb\u0259ti Yusif Eyvazovla ed\u0259nd\u0259 noyabr\u0131n 7-i ax\u015fam saat 6 rad\u0259l\u0259ri idi. Yan\u0131m\u0131zda da m\u00fcavini F\u0259rid \u0130brahimov vard\u0131. Ev\u0259 qay\u0131td\u0131q, \u00fcz\u0259rind\u0259n yar\u0131m saat ke\u00e7m\u0259di, kadrlar \u015f\u00f6b\u0259sind\u0259n biz\u0259 z\u0259ng vurdular ki, teatra qay\u0131d\u0131n, i\u015finiz\u0259 xitam vermi\u015fik, g\u0259lin \u0259m\u0259k kitab\u00e7alar\u0131n\u0131z\u0131 g\u00f6t\u00fcr\u00fcn. G\u00f6r\u00fcn, bunlar bizi nec\u0259 \u0259l\u0259 sal\u0131blar\u201d<\/em>.<\/p>\n\n\n\n<p>Nigar v\u0259 N\u0259zrin \u018fliyevalar \u018fm\u0259k M\u00fcf\u0259tti\u015fliyin\u0259 m\u00fcraci\u0259t edibl\u0259r:<\/p>\n\n\n\n<p><em>\u201cM\u00fcf\u0259tti\u015flik ara\u015fd\u0131rd\u0131, bel\u0259 ayd\u0131n oldu ki, teatrdak\u0131lar i\u015fl\u0259rini b\u0259ri ba\u015fdan m\u00f6hk\u0259m tutublar. Biziml\u0259 \u0259slind\u0259 iki ayl\u0131q m\u00fcqavil\u0259 ba\u011flay\u0131blar. Sonra da m\u00fcqavil\u0259y\u0259 xitam veribl\u0259r. M\u00fcf\u0259tti\u015flikd\u0259n biz\u0259 M\u0259d\u0259niyy\u0259t Nazirliyin\u0259 m\u00fcraci\u0259ti t\u00f6vsiy\u0259 etdil\u0259r. \u0130ki ayd\u0131r ki, M\u0259d\u0259niyy\u0259t Nazirliyin\u0259 z\u0259ng edir\u0259m, nazirin m\u00fcavini Murad H\u00fcseynovun q\u0259buluna d\u00fc\u015f\u0259 bilmir\u0259m. H\u0259r d\u0259f\u0259 m\u00fcxt\u0259lif b\u0259han\u0259l\u0259r g\u0259tirirl\u0259r\u201d<\/em>.<\/p>\n\n\n\n<p>Nigar \u018fliyevan\u0131n s\u00f6zl\u0259rin\u0259 g\u00f6r\u0259, M\u0259d\u0259niyy\u0259t Nazirliyinin \u0259m\u0259kda\u015flar\u0131 il\u0259 g\u00f6r\u00fc\u015f\u0259n zaman Opera v\u0259 Balet Teatr\u0131nda ba\u015f ver\u0259nl\u0259rl\u0259 ba\u011fl\u0131 \u0259trafl\u0131 dan\u0131\u015f\u0131blar:<\/p>\n\n\n\n<p><em>\u201cB\u00fct\u00fcn bu qanun pozuntular\u0131 il\u0259 \u0259laq\u0259dar M\u0259d\u0259niyy\u0259t Nazirliyind\u0259 g\u00f6r\u00fc\u015fd\u0259 olan zaman m\u0259lumat vermi\u015fdim.Y\u0259ni x\u0259b\u0259rl\u0259ri vard\u0131, amma n\u0259d\u0259ns\u0259 he\u00e7 bir ara\u015fd\u0131rma apar\u0131lmad\u0131\u201d<\/em>.<\/p>\n\n\n\n<p>Opera v\u0259 Balet Teatr\u0131n\u0131n kadrlar \u015f\u00f6b\u0259sind\u0259n \u018ffqan H\u00fcseynov Meydan TV-y\u0259 bildirib ki, Nigar \u018fliyevan\u0131n iddialar\u0131 \u0259sass\u0131zd\u0131r:<\/p>\n\n\n\n<p><em>\u201cOnlara deyilmi\u015fdi ki, m\u00fcv\u0259qq\u0259ti olaraq i\u015f\u0259 g\u00f6t\u00fcr\u00fcl\u00fcrl\u0259r. Nigar v\u0259 N\u0259zrin \u018fliyevalarla m\u00fcv\u0259qq\u0259ti, m\u00fcdd\u0259tli, 2 ayl\u0131q \u0259m\u0259k m\u00fcqavil\u0259si ba\u011flan\u0131b. Onlara 2024-c\u00fc ild\u0259n r\u0259ssaml\u0131q \u015ftat\u0131 t\u0259klif etm\u0259mi\u015fik. Onlar\u0131n ixtisas\u0131 r\u0259ssaml\u0131q olub. Ola bilsin ki, \u00f6zl\u0259ri \u00f6z yanlar\u0131ndan \u00fcmid b\u0259sl\u0259yibl\u0259r ki, g\u0259l\u0259c\u0259kd\u0259, yanvarda, yaxud da n\u0259 zamansa, 2025-ci ild\u0259 bunlar\u0131n ixtisas\u0131 il\u0259 ba\u011fl\u0131 i\u015f t\u0259klifi olar. Teatr daxilind\u0259 el\u0259 bir \u015fifahi v\u0259 ya yaz\u0131l\u0131 he\u00e7 bir m\u00fczakir\u0259 olmay\u0131b. Teatrdak\u0131 k\u00f6hn\u0259 kostyumlar\u0131n yeni kimi t\u0259qdim olunmas\u0131 fakt\u0131 da m\u00fcmk\u00fcn deyil\u201d<\/em>.<\/p>\n\n\n\n<p>M\u0259s\u0259l\u0259 il\u0259 \u0259laq\u0259dar M\u0259d\u0259niyy\u0259t Nazirliyind\u0259n Meydan TV-y\u0259 bildirilib ki, Nigar \u018fliyeva 2023-c\u00fc ilin noyabr\u0131nda nazirlik \u0259m\u0259kda\u015flar\u0131 t\u0259r\u0259find\u0259n q\u0259bul olunaraq \u015fikay\u0259ti dinl\u0259nilib.<\/p>\n\n\n\n<p>Nazirliyin \u0259m\u0259kda\u015f\u0131ndan \u015fikay\u0259t\u00e7inin s\u0259sl\u0259ndirdiyi iddialarla \u0259laq\u0259dar teatrda ara\u015fd\u0131rma apar\u0131l\u0131b-apar\u0131lmad\u0131\u011f\u0131n\u0131 soru\u015fanda is\u0259 bel\u0259 m\u0259lum olub ki, Nigar \u018fliyevan\u0131 q\u0259bul ed\u0259r\u0259k, ancaq \u015fikay\u0259tini dinl\u0259yibl\u0259r.<\/p>\n\n\n\n<p>M\u0259s\u0259l\u0259 il\u0259 maraqlanmay\u0131blar.<\/p>\n\n\n\n<p>Nigar \u018fliyeva Meydan TV-y\u0259 deyir ki, M\u0259d\u0259niyy\u0259t Nazirliyinin \u0259m\u0259kda\u015flar\u0131 il\u0259 noyabr\u0131n 6-da g\u00f6r\u00fc\u015f\u00fcb, onlara Yelena Almazova t\u0259r\u0259find\u0259n i\u015fd\u0259n \u00e7\u0131xar\u0131lma il\u0259 h\u0259d\u0259l\u0259ndiyini deyib.<\/p>\n\n\n\n<p>Noyabr\u0131n 7-d\u0259 ax\u015fam saatlar\u0131nda is\u0259 Opera v\u0259 Balet Teatr\u0131ndan z\u0259ng edib, \u0259m\u0259k m\u00fcqavil\u0259l\u0259rin\u0259 xitam verildiyini bildiribl\u0259r.<\/p>\n\n\n\n<p>Nazirlik \u0259m\u0259kda\u015f\u0131 Meydan TV-y\u0259 deyib ki, haz\u0131rda m\u0259s\u0259l\u0259 ara\u015fd\u0131r\u0131l\u0131r v\u0259 geni\u015f m\u0259lumat veril\u0259c\u0259k.<\/p>\n","protected":false},"excerpt":{"rendered":"<p>&#8220;Haradan bil\u0259ydik ki, bizi aldad\u0131rlar, i\u015fl\u0259dib, sonra bay\u0131ra atacaqlar?&#8221; Teatr &#8230; <\/p>\n<p class=\"read-more-container\"><a title=\"Teatr v\u0259 kino r\u0259ssamlar\u0131 t\u0259hqir edildikl\u0259rini v\u0259 i\u015fd\u0259n \u00e7\u0131xar\u0131ld\u0131qlar\u0131n\u0131 deyirl\u0259r\" class=\"read-more button\" href=\"https:\/\/www.meydan.tv\/az\/article\/teatr-ve-kino-ressamlari-tehqir-edildiklerini-ve-isden-cixarildiqlarini-deyirler\/#more-295666\" aria-label=\"Read more about Teatr v\u0259 kino r\u0259ssamlar\u0131 t\u0259hqir edildikl\u0259rini v\u0259 i\u015fd\u0259n \u00e7\u0131xar\u0131ld\u0131qlar\u0131n\u0131 deyirl\u0259r\">Davam\u0131<\/a><\/p>\n","protected":false},"author":21,"featured_media":138021,"comment_status":"closed","ping_status":"closed","sticky":false,"template":"","format":"standard","meta":{"_acf_changed":false,"_sitemap_exclude":false,"_sitemap_priority":"","_sitemap_frequency":"","footnotes":""},"categories":[52,56],"tags":[],"class_list":["post-295666","post","type-post","status-publish","format-standard","has-post-thumbnail","hentry","category-medeniyyet","category-xeberler","infinite-scroll-item","generate-columns","tablet-grid-50","mobile-grid-100","grid-parent","grid-33","no-featured-image-padding"],"acf":[],"yoast_head":"<!-- This site is optimized with the Yoast SEO plugin v27.4 - https:\/\/yoast.com\/product\/yoast-seo-wordpress\/ -->\n<title>Teatr v\u0259 kino r\u0259ssamlar\u0131 t\u0259hqir edildikl\u0259rini v\u0259 i\u015fd\u0259n \u00e7\u0131xar\u0131ld\u0131qlar\u0131n\u0131 deyirl\u0259r - MEYDAN.TV<\/title>\n<meta name=\"robots\" content=\"index, follow, max-snippet:-1, max-image-preview:large, max-video-preview:-1\" \/>\n<link rel=\"canonical\" href=\"https:\/\/www.meydan.tv\/az\/article\/teatr-ve-kino-ressamlari-tehqir-edildiklerini-ve-isden-cixarildiqlarini-deyirler\/\" \/>\n<meta property=\"og:locale\" content=\"az_AZ\" \/>\n<meta property=\"og:type\" content=\"article\" \/>\n<meta property=\"og:title\" content=\"Teatr v\u0259 kino r\u0259ssamlar\u0131 t\u0259hqir edildikl\u0259rini v\u0259 i\u015fd\u0259n \u00e7\u0131xar\u0131ld\u0131qlar\u0131n\u0131 deyirl\u0259r - MEYDAN.TV\" \/>\n<meta property=\"og:description\" content=\"&#8220;Haradan bil\u0259ydik ki, bizi aldad\u0131rlar, i\u015fl\u0259dib, sonra bay\u0131ra atacaqlar?&#8221; Teatr ... Davam\u0131\" \/>\n<meta property=\"og:url\" content=\"https:\/\/www.meydan.tv\/az\/article\/teatr-ve-kino-ressamlari-tehqir-edildiklerini-ve-isden-cixarildiqlarini-deyirler\/\" \/>\n<meta property=\"og:site_name\" content=\"MEYDAN.TV\" \/>\n<meta property=\"article:published_time\" content=\"2024-01-19T13:55:26+00:00\" \/>\n<meta property=\"article:modified_time\" content=\"2024-01-19T13:55:29+00:00\" \/>\n<meta property=\"og:image\" content=\"https:\/\/www.meydan.tv\/wp-content\/uploads\/az__rbaycan_d__vl__t_akademik_opera_v___balet_teatr__.jpg\" \/>\n\t<meta property=\"og:image:width\" content=\"1000\" \/>\n\t<meta property=\"og:image:height\" content=\"642\" \/>\n\t<meta property=\"og:image:type\" content=\"image\/jpeg\" \/>\n<meta name=\"author\" content=\"mahmud\" \/>\n<meta name=\"twitter:card\" content=\"summary_large_image\" \/>\n<script type=\"application\/ld+json\" class=\"yoast-schema-graph\">{\"@context\":\"https:\\\/\\\/schema.org\",\"@graph\":[{\"@type\":\"Article\",\"@id\":\"https:\\\/\\\/www.meydan.tv\\\/az\\\/article\\\/teatr-ve-kino-ressamlari-tehqir-edildiklerini-ve-isden-cixarildiqlarini-deyirler\\\/#article\",\"isPartOf\":{\"@id\":\"https:\\\/\\\/www.meydan.tv\\\/az\\\/article\\\/teatr-ve-kino-ressamlari-tehqir-edildiklerini-ve-isden-cixarildiqlarini-deyirler\\\/\"},\"author\":{\"name\":\"mahmud\",\"@id\":\"https:\\\/\\\/www.meydan.tv\\\/az\\\/#\\\/schema\\\/person\\\/09863e516102a829e72bedcf3f84c6b0\"},\"headline\":\"Teatr v\u0259 kino r\u0259ssamlar\u0131 t\u0259hqir edildikl\u0259rini v\u0259 i\u015fd\u0259n \u00e7\u0131xar\u0131ld\u0131qlar\u0131n\u0131 deyirl\u0259r\",\"datePublished\":\"2024-01-19T13:55:26+00:00\",\"dateModified\":\"2024-01-19T13:55:29+00:00\",\"mainEntityOfPage\":{\"@id\":\"https:\\\/\\\/www.meydan.tv\\\/az\\\/article\\\/teatr-ve-kino-ressamlari-tehqir-edildiklerini-ve-isden-cixarildiqlarini-deyirler\\\/\"},\"wordCount\":1867,\"publisher\":{\"@id\":\"https:\\\/\\\/www.meydan.tv\\\/az\\\/#organization\"},\"image\":{\"@id\":\"https:\\\/\\\/www.meydan.tv\\\/az\\\/article\\\/teatr-ve-kino-ressamlari-tehqir-edildiklerini-ve-isden-cixarildiqlarini-deyirler\\\/#primaryimage\"},\"thumbnailUrl\":\"https:\\\/\\\/www.meydan.tv\\\/wp-content\\\/uploads\\\/az__rbaycan_d__vl__t_akademik_opera_v___balet_teatr__.jpg\",\"articleSection\":[\"M\u0259d\u0259niyy\u0259t\",\"X\u0259b\u0259rl\u0259r\"],\"inLanguage\":\"az\"},{\"@type\":\"WebPage\",\"@id\":\"https:\\\/\\\/www.meydan.tv\\\/az\\\/article\\\/teatr-ve-kino-ressamlari-tehqir-edildiklerini-ve-isden-cixarildiqlarini-deyirler\\\/\",\"url\":\"https:\\\/\\\/www.meydan.tv\\\/az\\\/article\\\/teatr-ve-kino-ressamlari-tehqir-edildiklerini-ve-isden-cixarildiqlarini-deyirler\\\/\",\"name\":\"Teatr v\u0259 kino r\u0259ssamlar\u0131 t\u0259hqir edildikl\u0259rini v\u0259 i\u015fd\u0259n \u00e7\u0131xar\u0131ld\u0131qlar\u0131n\u0131 deyirl\u0259r - MEYDAN.TV\",\"isPartOf\":{\"@id\":\"https:\\\/\\\/www.meydan.tv\\\/az\\\/#website\"},\"primaryImageOfPage\":{\"@id\":\"https:\\\/\\\/www.meydan.tv\\\/az\\\/article\\\/teatr-ve-kino-ressamlari-tehqir-edildiklerini-ve-isden-cixarildiqlarini-deyirler\\\/#primaryimage\"},\"image\":{\"@id\":\"https:\\\/\\\/www.meydan.tv\\\/az\\\/article\\\/teatr-ve-kino-ressamlari-tehqir-edildiklerini-ve-isden-cixarildiqlarini-deyirler\\\/#primaryimage\"},\"thumbnailUrl\":\"https:\\\/\\\/www.meydan.tv\\\/wp-content\\\/uploads\\\/az__rbaycan_d__vl__t_akademik_opera_v___balet_teatr__.jpg\",\"datePublished\":\"2024-01-19T13:55:26+00:00\",\"dateModified\":\"2024-01-19T13:55:29+00:00\",\"breadcrumb\":{\"@id\":\"https:\\\/\\\/www.meydan.tv\\\/az\\\/article\\\/teatr-ve-kino-ressamlari-tehqir-edildiklerini-ve-isden-cixarildiqlarini-deyirler\\\/#breadcrumb\"},\"inLanguage\":\"az\",\"potentialAction\":[{\"@type\":\"ReadAction\",\"target\":[\"https:\\\/\\\/www.meydan.tv\\\/az\\\/article\\\/teatr-ve-kino-ressamlari-tehqir-edildiklerini-ve-isden-cixarildiqlarini-deyirler\\\/\"]}]},{\"@type\":\"ImageObject\",\"inLanguage\":\"az\",\"@id\":\"https:\\\/\\\/www.meydan.tv\\\/az\\\/article\\\/teatr-ve-kino-ressamlari-tehqir-edildiklerini-ve-isden-cixarildiqlarini-deyirler\\\/#primaryimage\",\"url\":\"https:\\\/\\\/www.meydan.tv\\\/wp-content\\\/uploads\\\/az__rbaycan_d__vl__t_akademik_opera_v___balet_teatr__.jpg\",\"contentUrl\":\"https:\\\/\\\/www.meydan.tv\\\/wp-content\\\/uploads\\\/az__rbaycan_d__vl__t_akademik_opera_v___balet_teatr__.jpg\",\"width\":1000,\"height\":642,\"caption\":\"Akademik Opera v\u0259 Balet Teatr\u0131. M\u0259nb\u0259: M\u0259d\u0259niyy\u0259t Nazirliyi\"},{\"@type\":\"BreadcrumbList\",\"@id\":\"https:\\\/\\\/www.meydan.tv\\\/az\\\/article\\\/teatr-ve-kino-ressamlari-tehqir-edildiklerini-ve-isden-cixarildiqlarini-deyirler\\\/#breadcrumb\",\"itemListElement\":[{\"@type\":\"ListItem\",\"position\":1,\"name\":\"Ana s\u0259hif\u0259\",\"item\":\"https:\\\/\\\/www.meydan.tv\\\/az\\\/\"},{\"@type\":\"ListItem\",\"position\":2,\"name\":\"M\u0259d\u0259niyy\u0259t\",\"item\":\"https:\\\/\\\/www.meydan.tv\\\/az\\\/section\\\/medeniyyet\\\/\"},{\"@type\":\"ListItem\",\"position\":3,\"name\":\"Teatr v\u0259 kino r\u0259ssamlar\u0131 t\u0259hqir edildikl\u0259rini v\u0259 i\u015fd\u0259n \u00e7\u0131xar\u0131ld\u0131qlar\u0131n\u0131 deyirl\u0259r\"}]},{\"@type\":\"WebSite\",\"@id\":\"https:\\\/\\\/www.meydan.tv\\\/az\\\/#website\",\"url\":\"https:\\\/\\\/www.meydan.tv\\\/az\\\/\",\"name\":\"MEYDAN.TV\",\"description\":\"Meydan TV Az\u0259rbaycan\u0131n media m\u0259kan\u0131ndak\u0131 alternativ s\u0259sidir\",\"publisher\":{\"@id\":\"https:\\\/\\\/www.meydan.tv\\\/az\\\/#organization\"},\"potentialAction\":[{\"@type\":\"SearchAction\",\"target\":{\"@type\":\"EntryPoint\",\"urlTemplate\":\"https:\\\/\\\/www.meydan.tv\\\/az\\\/?s={search_term_string}\"},\"query-input\":{\"@type\":\"PropertyValueSpecification\",\"valueRequired\":true,\"valueName\":\"search_term_string\"}}],\"inLanguage\":\"az\"},{\"@type\":\"Organization\",\"@id\":\"https:\\\/\\\/www.meydan.tv\\\/az\\\/#organization\",\"name\":\"Meydan TV\",\"url\":\"https:\\\/\\\/www.meydan.tv\\\/az\\\/\",\"logo\":{\"@type\":\"ImageObject\",\"inLanguage\":\"az\",\"@id\":\"https:\\\/\\\/www.meydan.tv\\\/az\\\/#\\\/schema\\\/logo\\\/image\\\/\",\"url\":\"https:\\\/\\\/www.meydan.tv\\\/wp-content\\\/uploads\\\/2021\\\/07\\\/meydan-logo.svg\",\"contentUrl\":\"https:\\\/\\\/www.meydan.tv\\\/wp-content\\\/uploads\\\/2021\\\/07\\\/meydan-logo.svg\",\"width\":195,\"height\":46,\"caption\":\"Meydan TV\"},\"image\":{\"@id\":\"https:\\\/\\\/www.meydan.tv\\\/az\\\/#\\\/schema\\\/logo\\\/image\\\/\"}},{\"@type\":\"Person\",\"@id\":\"https:\\\/\\\/www.meydan.tv\\\/az\\\/#\\\/schema\\\/person\\\/09863e516102a829e72bedcf3f84c6b0\",\"name\":\"mahmud\"}]}<\/script>\n<!-- \/ Yoast SEO plugin. -->","yoast_head_json":{"title":"Teatr v\u0259 kino r\u0259ssamlar\u0131 t\u0259hqir edildikl\u0259rini v\u0259 i\u015fd\u0259n \u00e7\u0131xar\u0131ld\u0131qlar\u0131n\u0131 deyirl\u0259r - MEYDAN.TV","robots":{"index":"index","follow":"follow","max-snippet":"max-snippet:-1","max-image-preview":"max-image-preview:large","max-video-preview":"max-video-preview:-1"},"canonical":"https:\/\/www.meydan.tv\/az\/article\/teatr-ve-kino-ressamlari-tehqir-edildiklerini-ve-isden-cixarildiqlarini-deyirler\/","og_locale":"az_AZ","og_type":"article","og_title":"Teatr v\u0259 kino r\u0259ssamlar\u0131 t\u0259hqir edildikl\u0259rini v\u0259 i\u015fd\u0259n \u00e7\u0131xar\u0131ld\u0131qlar\u0131n\u0131 deyirl\u0259r - MEYDAN.TV","og_description":"&#8220;Haradan bil\u0259ydik ki, bizi aldad\u0131rlar, i\u015fl\u0259dib, sonra bay\u0131ra atacaqlar?&#8221; Teatr ... Davam\u0131","og_url":"https:\/\/www.meydan.tv\/az\/article\/teatr-ve-kino-ressamlari-tehqir-edildiklerini-ve-isden-cixarildiqlarini-deyirler\/","og_site_name":"MEYDAN.TV","article_published_time":"2024-01-19T13:55:26+00:00","article_modified_time":"2024-01-19T13:55:29+00:00","og_image":[{"width":1000,"height":642,"url":"https:\/\/www.meydan.tv\/wp-content\/uploads\/az__rbaycan_d__vl__t_akademik_opera_v___balet_teatr__.jpg","type":"image\/jpeg"}],"author":"mahmud","twitter_card":"summary_large_image","schema":{"@context":"https:\/\/schema.org","@graph":[{"@type":"Article","@id":"https:\/\/www.meydan.tv\/az\/article\/teatr-ve-kino-ressamlari-tehqir-edildiklerini-ve-isden-cixarildiqlarini-deyirler\/#article","isPartOf":{"@id":"https:\/\/www.meydan.tv\/az\/article\/teatr-ve-kino-ressamlari-tehqir-edildiklerini-ve-isden-cixarildiqlarini-deyirler\/"},"author":{"name":"mahmud","@id":"https:\/\/www.meydan.tv\/az\/#\/schema\/person\/09863e516102a829e72bedcf3f84c6b0"},"headline":"Teatr v\u0259 kino r\u0259ssamlar\u0131 t\u0259hqir edildikl\u0259rini v\u0259 i\u015fd\u0259n \u00e7\u0131xar\u0131ld\u0131qlar\u0131n\u0131 deyirl\u0259r","datePublished":"2024-01-19T13:55:26+00:00","dateModified":"2024-01-19T13:55:29+00:00","mainEntityOfPage":{"@id":"https:\/\/www.meydan.tv\/az\/article\/teatr-ve-kino-ressamlari-tehqir-edildiklerini-ve-isden-cixarildiqlarini-deyirler\/"},"wordCount":1867,"publisher":{"@id":"https:\/\/www.meydan.tv\/az\/#organization"},"image":{"@id":"https:\/\/www.meydan.tv\/az\/article\/teatr-ve-kino-ressamlari-tehqir-edildiklerini-ve-isden-cixarildiqlarini-deyirler\/#primaryimage"},"thumbnailUrl":"https:\/\/www.meydan.tv\/wp-content\/uploads\/az__rbaycan_d__vl__t_akademik_opera_v___balet_teatr__.jpg","articleSection":["M\u0259d\u0259niyy\u0259t","X\u0259b\u0259rl\u0259r"],"inLanguage":"az"},{"@type":"WebPage","@id":"https:\/\/www.meydan.tv\/az\/article\/teatr-ve-kino-ressamlari-tehqir-edildiklerini-ve-isden-cixarildiqlarini-deyirler\/","url":"https:\/\/www.meydan.tv\/az\/article\/teatr-ve-kino-ressamlari-tehqir-edildiklerini-ve-isden-cixarildiqlarini-deyirler\/","name":"Teatr v\u0259 kino r\u0259ssamlar\u0131 t\u0259hqir edildikl\u0259rini v\u0259 i\u015fd\u0259n \u00e7\u0131xar\u0131ld\u0131qlar\u0131n\u0131 deyirl\u0259r - MEYDAN.TV","isPartOf":{"@id":"https:\/\/www.meydan.tv\/az\/#website"},"primaryImageOfPage":{"@id":"https:\/\/www.meydan.tv\/az\/article\/teatr-ve-kino-ressamlari-tehqir-edildiklerini-ve-isden-cixarildiqlarini-deyirler\/#primaryimage"},"image":{"@id":"https:\/\/www.meydan.tv\/az\/article\/teatr-ve-kino-ressamlari-tehqir-edildiklerini-ve-isden-cixarildiqlarini-deyirler\/#primaryimage"},"thumbnailUrl":"https:\/\/www.meydan.tv\/wp-content\/uploads\/az__rbaycan_d__vl__t_akademik_opera_v___balet_teatr__.jpg","datePublished":"2024-01-19T13:55:26+00:00","dateModified":"2024-01-19T13:55:29+00:00","breadcrumb":{"@id":"https:\/\/www.meydan.tv\/az\/article\/teatr-ve-kino-ressamlari-tehqir-edildiklerini-ve-isden-cixarildiqlarini-deyirler\/#breadcrumb"},"inLanguage":"az","potentialAction":[{"@type":"ReadAction","target":["https:\/\/www.meydan.tv\/az\/article\/teatr-ve-kino-ressamlari-tehqir-edildiklerini-ve-isden-cixarildiqlarini-deyirler\/"]}]},{"@type":"ImageObject","inLanguage":"az","@id":"https:\/\/www.meydan.tv\/az\/article\/teatr-ve-kino-ressamlari-tehqir-edildiklerini-ve-isden-cixarildiqlarini-deyirler\/#primaryimage","url":"https:\/\/www.meydan.tv\/wp-content\/uploads\/az__rbaycan_d__vl__t_akademik_opera_v___balet_teatr__.jpg","contentUrl":"https:\/\/www.meydan.tv\/wp-content\/uploads\/az__rbaycan_d__vl__t_akademik_opera_v___balet_teatr__.jpg","width":1000,"height":642,"caption":"Akademik Opera v\u0259 Balet Teatr\u0131. M\u0259nb\u0259: M\u0259d\u0259niyy\u0259t Nazirliyi"},{"@type":"BreadcrumbList","@id":"https:\/\/www.meydan.tv\/az\/article\/teatr-ve-kino-ressamlari-tehqir-edildiklerini-ve-isden-cixarildiqlarini-deyirler\/#breadcrumb","itemListElement":[{"@type":"ListItem","position":1,"name":"Ana s\u0259hif\u0259","item":"https:\/\/www.meydan.tv\/az\/"},{"@type":"ListItem","position":2,"name":"M\u0259d\u0259niyy\u0259t","item":"https:\/\/www.meydan.tv\/az\/section\/medeniyyet\/"},{"@type":"ListItem","position":3,"name":"Teatr v\u0259 kino r\u0259ssamlar\u0131 t\u0259hqir edildikl\u0259rini v\u0259 i\u015fd\u0259n \u00e7\u0131xar\u0131ld\u0131qlar\u0131n\u0131 deyirl\u0259r"}]},{"@type":"WebSite","@id":"https:\/\/www.meydan.tv\/az\/#website","url":"https:\/\/www.meydan.tv\/az\/","name":"MEYDAN.TV","description":"Meydan TV Az\u0259rbaycan\u0131n media m\u0259kan\u0131ndak\u0131 alternativ s\u0259sidir","publisher":{"@id":"https:\/\/www.meydan.tv\/az\/#organization"},"potentialAction":[{"@type":"SearchAction","target":{"@type":"EntryPoint","urlTemplate":"https:\/\/www.meydan.tv\/az\/?s={search_term_string}"},"query-input":{"@type":"PropertyValueSpecification","valueRequired":true,"valueName":"search_term_string"}}],"inLanguage":"az"},{"@type":"Organization","@id":"https:\/\/www.meydan.tv\/az\/#organization","name":"Meydan TV","url":"https:\/\/www.meydan.tv\/az\/","logo":{"@type":"ImageObject","inLanguage":"az","@id":"https:\/\/www.meydan.tv\/az\/#\/schema\/logo\/image\/","url":"https:\/\/www.meydan.tv\/wp-content\/uploads\/2021\/07\/meydan-logo.svg","contentUrl":"https:\/\/www.meydan.tv\/wp-content\/uploads\/2021\/07\/meydan-logo.svg","width":195,"height":46,"caption":"Meydan TV"},"image":{"@id":"https:\/\/www.meydan.tv\/az\/#\/schema\/logo\/image\/"}},{"@type":"Person","@id":"https:\/\/www.meydan.tv\/az\/#\/schema\/person\/09863e516102a829e72bedcf3f84c6b0","name":"mahmud"}]}},"_links":{"self":[{"href":"https:\/\/www.meydan.tv\/az\/wp-json\/wp\/v2\/posts\/295666","targetHints":{"allow":["GET"]}}],"collection":[{"href":"https:\/\/www.meydan.tv\/az\/wp-json\/wp\/v2\/posts"}],"about":[{"href":"https:\/\/www.meydan.tv\/az\/wp-json\/wp\/v2\/types\/post"}],"author":[{"embeddable":true,"href":"https:\/\/www.meydan.tv\/az\/wp-json\/wp\/v2\/users\/21"}],"replies":[{"embeddable":true,"href":"https:\/\/www.meydan.tv\/az\/wp-json\/wp\/v2\/comments?post=295666"}],"version-history":[{"count":1,"href":"https:\/\/www.meydan.tv\/az\/wp-json\/wp\/v2\/posts\/295666\/revisions"}],"predecessor-version":[{"id":295667,"href":"https:\/\/www.meydan.tv\/az\/wp-json\/wp\/v2\/posts\/295666\/revisions\/295667"}],"wp:featuredmedia":[{"embeddable":true,"href":"https:\/\/www.meydan.tv\/az\/wp-json\/wp\/v2\/media\/138021"}],"wp:attachment":[{"href":"https:\/\/www.meydan.tv\/az\/wp-json\/wp\/v2\/media?parent=295666"}],"wp:term":[{"taxonomy":"category","embeddable":true,"href":"https:\/\/www.meydan.tv\/az\/wp-json\/wp\/v2\/categories?post=295666"},{"taxonomy":"post_tag","embeddable":true,"href":"https:\/\/www.meydan.tv\/az\/wp-json\/wp\/v2\/tags?post=295666"}],"curies":[{"name":"wp","href":"https:\/\/api.w.org\/{rel}","templated":true}]}}