{"id":295657,"date":"2024-01-19T17:06:18","date_gmt":"2024-01-19T13:06:18","guid":{"rendered":"https:\/\/www.meydan.tv\/?p=295657"},"modified":"2024-01-19T17:06:22","modified_gmt":"2024-01-19T13:06:22","slug":"ilham-eliyev-tenqidden-sonra-serencama-deyisiklik-etdi","status":"publish","type":"post","link":"https:\/\/www.meydan.tv\/az\/article\/ilham-eliyev-tenqidden-sonra-serencama-deyisiklik-etdi\/","title":{"rendered":"\u0130lham \u018fliyev t\u0259nqidd\u0259n sonra s\u0259r\u0259ncama d\u0259yi\u015fiklik etdi"},"content":{"rendered":"\n<p><\/p>\n\n\n\n<p><strong><em>&nbsp;\u201cCOP29\u201dun t\u0259\u015fkilat komit\u0259sin\u0259 qad\u0131nlar da qo\u015fuldu<\/em><\/strong><\/p>\n\n\n\n<p>Prezident \u0130lham \u018fliyev \u201cCOP29\u201d sammitinin t\u0259\u015fkilat komit\u0259sind\u0259 qad\u0131nlar\u0131n t\u0259msil olunmas\u0131 \u00fc\u00e7\u00fcn \u0259vv\u0259lki s\u0259r\u0259ncam\u0131na d\u0259yi\u015fiklik <a href=\"https:\/\/president.az\/az\/articles\/view\/63189\">edib<\/a>.<\/p>\n\n\n\n<p>Art\u0131q t\u0259\u015fkilat komit\u0259sind\u0259 12 qad\u0131n var. Onlar Prezident Administrasiyas\u0131n\u0131n Humanitar siyas\u0259t, diaspor, multikulturalizm v\u0259 dini m\u0259s\u0259l\u0259l\u0259r \u015f\u00f6b\u0259sinin m\u00fcdiri F\u0259r\u0259h \u018fliyeva, deputatlar &#8211; Nigar Arpadarai v\u0259 Sevinc F\u0259t\u0259liyeva, QHT-l\u0259r\u0259 D\u00f6vl\u0259t D\u0259st\u0259yi Agentliyinin icra\u00e7\u0131 direktoru Ayg\u00fcn \u018fliyeva, Ombudsman S\u0259bin\u0259 \u018fliyeva, k\u0259nd t\u0259s\u0259rr\u00fcfat\u0131 nazirinin m\u00fcavini \u0130lham\u0259 Q\u0259dimova, Ail\u0259, Qad\u0131n v\u0259 U\u015faq Probleml\u0259ri \u00fczr\u0259 D\u00f6vl\u0259t Komit\u0259sinin s\u0259dri Bahar Muradova, Qida T\u0259hl\u00fck\u0259sizliyi Agentliyi s\u0259drinin m\u00fcavini Z\u0259kiyy\u0259 Mustafayeva, \u201cEkoSfera\u201d Sosial Ekoloji M\u0259rk\u0259zi \u0130dar\u0259 Hey\u0259tinin s\u0259dri Firuz\u0259 Sultanzad\u0259, Ekologiya v\u0259 T\u0259bii S\u0259rv\u0259tl\u0259r nazirinin m\u00fcavini Umayra Ta\u011f\u0131yeva, G\u0259ncl\u0259r v\u0259 \u0130dman nazirinin m\u00fcavini Mariana Vasileva, M\u0259d\u0259niyy\u0259t nazirinin m\u00fcavini S\u0259ad\u0259t Yusifovad\u0131r.<\/p>\n\n\n\n<p>Bundan \u00f6nc\u0259ki s\u0259r\u0259ncamla &#8220;COP29&#8221; iqlim d\u0259yi\u015fikliyi sammitinin idar\u0259 hey\u0259tin\u0259 28 n\u0259f\u0259r ki\u015fi t\u0259yin edilmi\u015fdi.<\/p>\n\n\n\n<p>Onlar h\u00f6kum\u0259tin nazirl\u0259ri v\u0259 ya r\u0259smil\u0259ri, o c\u00fcml\u0259d\u0259n d\u00f6vl\u0259t t\u0259hl\u00fck\u0259sizlik xidm\u0259tinin r\u0259hb\u0259rliyind\u0259 t\u0259msil olunan \u015f\u0259xsl\u0259r idi.<\/p>\n\n\n\n<p>\u201cShe Changes Climate\u201d (\u201cO, \u0130qlimi D\u0259yi\u015fdirir\u201d) kampaniya qrupu bu q\u0259rar\u0131 \u201creqressiv\u201d <a href=\"https:\/\/www.meydan.tv\/az\/article\/cop29-sammitinin-teskilat-komitesinde-qadinlar-temsil-olunmayib\/\">adland\u0131rm\u0131\u015fd\u0131<\/a>.<\/p>\n\n\n\n<p>Bildirmi\u015fdi ki, ke\u00e7\u0259n il Birl\u0259\u015fmi\u015f \u018fr\u0259b \u018fmirlikl\u0259rind\u0259 ke\u00e7iril\u0259n \u201cCOP28\u201d iqlim sammitinin t\u0259\u015fkilat komit\u0259sinin \u00fczvl\u0259rinin 63 faizini qad\u0131nlar t\u0259\u015fkil edib.<\/p>\n\n\n\n<p>\u201cShe Changes Climate\u201d bildirirdi ki, h\u0259tta Az\u0259rbaycan\u0131n D\u00f6vl\u0259t Qazpaylay\u0131c\u0131 \u015e\u0259b\u0259k\u0259sinin r\u0259hb\u0259ri d\u0259 komandan\u0131n t\u0259rkibind\u0259dir:<\/p>\n\n\n\n<p><em>\u201cBu \u015f\u0259xs iqlimi d\u0259yi\u015fdirir, onun komandada t\u0259msil olunmas\u0131 absurddur\u201d.<\/em><\/p>\n\n\n\n<p>T\u0259\u015fkilat bildirirdi ki, iqlim d\u0259yi\u015fikliyi b\u00fct\u00fcn d\u00fcnyaya t\u0259sir edir. Odur ki, bu problemin h\u0259lli il\u0259 ba\u011fl\u0131 sammitin idar\u0259 hey\u0259tind\u0259 qad\u0131nlar da t\u0259msil olunmal\u0131d\u0131r.<\/p>\n\n\n\n<p>Az\u0259rbaycan \u015e\u0259rqi Avropa d\u00f6vl\u0259tl\u0259rinin d\u0259st\u0259yini qazand\u0131qdan sonra bu il ke\u00e7iril\u0259c\u0259k \u201cCOP29&#8243; iqlim d\u0259yi\u015fikliyi sammitin\u0259 ev sahibliyi etm\u0259y\u0259 haz\u0131rla\u015f\u0131r.<\/p>\n\n\n\n<p>Bu, \u00e7ox b\u00f6y\u00fck t\u0259dbirdir. M\u0259s\u0259l\u0259n, B\u018f\u018f-d\u0259 ke\u00e7iril\u0259n \u201cCOP28\u201d sammitind\u0259 90 mind\u0259n \u00e7ox n\u00fcmay\u0259nd\u0259 i\u015ftirak edib.<\/p>\n\n\n\n<p>Beyn\u0259lxalq t\u0259\u015fkilatlar v\u0259 Avropa Birliyi \u00f6lk\u0259l\u0259rind\u0259n b\u0259zil\u0259ri bu t\u0259dbirin neft-qaz ixrac ed\u0259n, OPEC+ \u00f6lk\u0259si olan Az\u0259rbaycanda ke\u00e7irilm\u0259sin\u0259 isti baxm\u0131r.<\/p>\n\n\n\n<p>H\u0259m\u00e7inin Az\u0259rbaycandak\u0131 m\u00fcst\u0259qil ekspertl\u0259r hesab edirl\u0259r ki, bu, indiy\u0259d\u0259k \u00f6lk\u0259nin ev sahibliyi ed\u0259c\u0259yi \u0259n b\u00f6y\u00fck t\u0259dbirdir v\u0259 Bak\u0131 buna infrastruktur bax\u0131m\u0131ndan haz\u0131r deyil.<\/p>\n\n\n\n<p><\/p>\n\n\n\n<p><\/p>\n","protected":false},"excerpt":{"rendered":"<p>&nbsp;\u201cCOP29\u201dun t\u0259\u015fkilat komit\u0259sin\u0259 qad\u0131nlar da qo\u015fuldu Prezident \u0130lham \u018fliyev \u201cCOP29\u201d &#8230; <\/p>\n<p class=\"read-more-container\"><a title=\"\u0130lham \u018fliyev t\u0259nqidd\u0259n sonra s\u0259r\u0259ncama d\u0259yi\u015fiklik etdi\" class=\"read-more button\" href=\"https:\/\/www.meydan.tv\/az\/article\/ilham-eliyev-tenqidden-sonra-serencama-deyisiklik-etdi\/#more-295657\" aria-label=\"Read more about \u0130lham \u018fliyev t\u0259nqidd\u0259n sonra s\u0259r\u0259ncama d\u0259yi\u015fiklik etdi\">Davam\u0131<\/a><\/p>\n","protected":false},"author":8,"featured_media":295658,"comment_status":"closed","ping_status":"closed","sticky":false,"template":"","format":"standard","meta":{"_acf_changed":false,"_sitemap_exclude":false,"_sitemap_priority":"","_sitemap_frequency":"","footnotes":""},"categories":[62,79,56],"tags":[],"class_list":["post-295657","post","type-post","status-publish","format-standard","has-post-thumbnail","hentry","category-sosial","category-featured","category-xeberler","infinite-scroll-item","generate-columns","tablet-grid-50","mobile-grid-100","grid-parent","grid-33","no-featured-image-padding"],"acf":[],"yoast_head":"<!-- This site is optimized with the Yoast SEO plugin v27.5 - https:\/\/yoast.com\/product\/yoast-seo-wordpress\/ -->\n<title>\u0130lham \u018fliyev t\u0259nqidd\u0259n sonra s\u0259r\u0259ncama d\u0259yi\u015fiklik etdi - MEYDAN.TV<\/title>\n<meta name=\"robots\" content=\"index, follow, max-snippet:-1, max-image-preview:large, max-video-preview:-1\" \/>\n<link rel=\"canonical\" href=\"https:\/\/www.meydan.tv\/az\/article\/ilham-eliyev-tenqidden-sonra-serencama-deyisiklik-etdi\/\" \/>\n<meta property=\"og:locale\" content=\"az_AZ\" \/>\n<meta property=\"og:type\" content=\"article\" \/>\n<meta property=\"og:title\" content=\"\u0130lham \u018fliyev t\u0259nqidd\u0259n sonra s\u0259r\u0259ncama d\u0259yi\u015fiklik etdi - MEYDAN.TV\" \/>\n<meta property=\"og:description\" content=\"&nbsp;\u201cCOP29\u201dun t\u0259\u015fkilat komit\u0259sin\u0259 qad\u0131nlar da qo\u015fuldu Prezident \u0130lham \u018fliyev \u201cCOP29\u201d ... Davam\u0131\" \/>\n<meta property=\"og:url\" content=\"https:\/\/www.meydan.tv\/az\/article\/ilham-eliyev-tenqidden-sonra-serencama-deyisiklik-etdi\/\" \/>\n<meta property=\"og:site_name\" content=\"MEYDAN.TV\" \/>\n<meta property=\"article:published_time\" content=\"2024-01-19T13:06:18+00:00\" \/>\n<meta property=\"article:modified_time\" content=\"2024-01-19T13:06:22+00:00\" \/>\n<meta property=\"og:image\" content=\"https:\/\/www.meydan.tv\/wp-content\/uploads\/17029739995381676_1200x630.jpg\" \/>\n\t<meta property=\"og:image:width\" content=\"1200\" \/>\n\t<meta property=\"og:image:height\" content=\"818\" \/>\n\t<meta property=\"og:image:type\" content=\"image\/jpeg\" \/>\n<meta name=\"author\" content=\"elli\" \/>\n<meta name=\"twitter:card\" content=\"summary_large_image\" \/>\n<meta name=\"twitter:creator\" content=\"@elli\" \/>\n<script type=\"application\/ld+json\" class=\"yoast-schema-graph\">{\"@context\":\"https:\\\/\\\/schema.org\",\"@graph\":[{\"@type\":\"Article\",\"@id\":\"https:\\\/\\\/www.meydan.tv\\\/az\\\/article\\\/ilham-eliyev-tenqidden-sonra-serencama-deyisiklik-etdi\\\/#article\",\"isPartOf\":{\"@id\":\"https:\\\/\\\/www.meydan.tv\\\/az\\\/article\\\/ilham-eliyev-tenqidden-sonra-serencama-deyisiklik-etdi\\\/\"},\"author\":{\"name\":\"elli\",\"@id\":\"https:\\\/\\\/www.meydan.tv\\\/az\\\/#\\\/schema\\\/person\\\/9cdbecf90d17180ce1dfbd95b08dcf47\"},\"headline\":\"\u0130lham \u018fliyev t\u0259nqidd\u0259n sonra s\u0259r\u0259ncama d\u0259yi\u015fiklik etdi\",\"datePublished\":\"2024-01-19T13:06:18+00:00\",\"dateModified\":\"2024-01-19T13:06:22+00:00\",\"mainEntityOfPage\":{\"@id\":\"https:\\\/\\\/www.meydan.tv\\\/az\\\/article\\\/ilham-eliyev-tenqidden-sonra-serencama-deyisiklik-etdi\\\/\"},\"wordCount\":519,\"publisher\":{\"@id\":\"https:\\\/\\\/www.meydan.tv\\\/az\\\/#organization\"},\"image\":{\"@id\":\"https:\\\/\\\/www.meydan.tv\\\/az\\\/article\\\/ilham-eliyev-tenqidden-sonra-serencama-deyisiklik-etdi\\\/#primaryimage\"},\"thumbnailUrl\":\"https:\\\/\\\/www.meydan.tv\\\/wp-content\\\/uploads\\\/17029739995381676_1200x630.jpg\",\"articleSection\":[\"Sosial\",\"T\u00f6vsiy\u0259\",\"X\u0259b\u0259rl\u0259r\"],\"inLanguage\":\"az\"},{\"@type\":\"WebPage\",\"@id\":\"https:\\\/\\\/www.meydan.tv\\\/az\\\/article\\\/ilham-eliyev-tenqidden-sonra-serencama-deyisiklik-etdi\\\/\",\"url\":\"https:\\\/\\\/www.meydan.tv\\\/az\\\/article\\\/ilham-eliyev-tenqidden-sonra-serencama-deyisiklik-etdi\\\/\",\"name\":\"\u0130lham \u018fliyev t\u0259nqidd\u0259n sonra s\u0259r\u0259ncama d\u0259yi\u015fiklik etdi - MEYDAN.TV\",\"isPartOf\":{\"@id\":\"https:\\\/\\\/www.meydan.tv\\\/az\\\/#website\"},\"primaryImageOfPage\":{\"@id\":\"https:\\\/\\\/www.meydan.tv\\\/az\\\/article\\\/ilham-eliyev-tenqidden-sonra-serencama-deyisiklik-etdi\\\/#primaryimage\"},\"image\":{\"@id\":\"https:\\\/\\\/www.meydan.tv\\\/az\\\/article\\\/ilham-eliyev-tenqidden-sonra-serencama-deyisiklik-etdi\\\/#primaryimage\"},\"thumbnailUrl\":\"https:\\\/\\\/www.meydan.tv\\\/wp-content\\\/uploads\\\/17029739995381676_1200x630.jpg\",\"datePublished\":\"2024-01-19T13:06:18+00:00\",\"dateModified\":\"2024-01-19T13:06:22+00:00\",\"breadcrumb\":{\"@id\":\"https:\\\/\\\/www.meydan.tv\\\/az\\\/article\\\/ilham-eliyev-tenqidden-sonra-serencama-deyisiklik-etdi\\\/#breadcrumb\"},\"inLanguage\":\"az\",\"potentialAction\":[{\"@type\":\"ReadAction\",\"target\":[\"https:\\\/\\\/www.meydan.tv\\\/az\\\/article\\\/ilham-eliyev-tenqidden-sonra-serencama-deyisiklik-etdi\\\/\"]}]},{\"@type\":\"ImageObject\",\"inLanguage\":\"az\",\"@id\":\"https:\\\/\\\/www.meydan.tv\\\/az\\\/article\\\/ilham-eliyev-tenqidden-sonra-serencama-deyisiklik-etdi\\\/#primaryimage\",\"url\":\"https:\\\/\\\/www.meydan.tv\\\/wp-content\\\/uploads\\\/17029739995381676_1200x630.jpg\",\"contentUrl\":\"https:\\\/\\\/www.meydan.tv\\\/wp-content\\\/uploads\\\/17029739995381676_1200x630.jpg\",\"width\":1200,\"height\":818,\"caption\":\"COP29. M\u0259nb\u0259: COP\"},{\"@type\":\"BreadcrumbList\",\"@id\":\"https:\\\/\\\/www.meydan.tv\\\/az\\\/article\\\/ilham-eliyev-tenqidden-sonra-serencama-deyisiklik-etdi\\\/#breadcrumb\",\"itemListElement\":[{\"@type\":\"ListItem\",\"position\":1,\"name\":\"Ana s\u0259hif\u0259\",\"item\":\"https:\\\/\\\/www.meydan.tv\\\/az\\\/\"},{\"@type\":\"ListItem\",\"position\":2,\"name\":\"Sosial\",\"item\":\"https:\\\/\\\/www.meydan.tv\\\/az\\\/section\\\/sosial\\\/\"},{\"@type\":\"ListItem\",\"position\":3,\"name\":\"\u0130lham \u018fliyev t\u0259nqidd\u0259n sonra s\u0259r\u0259ncama d\u0259yi\u015fiklik etdi\"}]},{\"@type\":\"WebSite\",\"@id\":\"https:\\\/\\\/www.meydan.tv\\\/az\\\/#website\",\"url\":\"https:\\\/\\\/www.meydan.tv\\\/az\\\/\",\"name\":\"MEYDAN.TV\",\"description\":\"Meydan TV Az\u0259rbaycan\u0131n media m\u0259kan\u0131ndak\u0131 alternativ s\u0259sidir\",\"publisher\":{\"@id\":\"https:\\\/\\\/www.meydan.tv\\\/az\\\/#organization\"},\"potentialAction\":[{\"@type\":\"SearchAction\",\"target\":{\"@type\":\"EntryPoint\",\"urlTemplate\":\"https:\\\/\\\/www.meydan.tv\\\/az\\\/?s={search_term_string}\"},\"query-input\":{\"@type\":\"PropertyValueSpecification\",\"valueRequired\":true,\"valueName\":\"search_term_string\"}}],\"inLanguage\":\"az\"},{\"@type\":\"Organization\",\"@id\":\"https:\\\/\\\/www.meydan.tv\\\/az\\\/#organization\",\"name\":\"Meydan TV\",\"url\":\"https:\\\/\\\/www.meydan.tv\\\/az\\\/\",\"logo\":{\"@type\":\"ImageObject\",\"inLanguage\":\"az\",\"@id\":\"https:\\\/\\\/www.meydan.tv\\\/az\\\/#\\\/schema\\\/logo\\\/image\\\/\",\"url\":\"https:\\\/\\\/www.meydan.tv\\\/wp-content\\\/uploads\\\/2021\\\/07\\\/meydan-logo.svg\",\"contentUrl\":\"https:\\\/\\\/www.meydan.tv\\\/wp-content\\\/uploads\\\/2021\\\/07\\\/meydan-logo.svg\",\"width\":195,\"height\":46,\"caption\":\"Meydan TV\"},\"image\":{\"@id\":\"https:\\\/\\\/www.meydan.tv\\\/az\\\/#\\\/schema\\\/logo\\\/image\\\/\"}},{\"@type\":\"Person\",\"@id\":\"https:\\\/\\\/www.meydan.tv\\\/az\\\/#\\\/schema\\\/person\\\/9cdbecf90d17180ce1dfbd95b08dcf47\",\"name\":\"elli\",\"sameAs\":[\"https:\\\/\\\/x.com\\\/elli\"]}]}<\/script>\n<!-- \/ Yoast SEO plugin. -->","yoast_head_json":{"title":"\u0130lham \u018fliyev t\u0259nqidd\u0259n sonra s\u0259r\u0259ncama d\u0259yi\u015fiklik etdi - MEYDAN.TV","robots":{"index":"index","follow":"follow","max-snippet":"max-snippet:-1","max-image-preview":"max-image-preview:large","max-video-preview":"max-video-preview:-1"},"canonical":"https:\/\/www.meydan.tv\/az\/article\/ilham-eliyev-tenqidden-sonra-serencama-deyisiklik-etdi\/","og_locale":"az_AZ","og_type":"article","og_title":"\u0130lham \u018fliyev t\u0259nqidd\u0259n sonra s\u0259r\u0259ncama d\u0259yi\u015fiklik etdi - MEYDAN.TV","og_description":"&nbsp;\u201cCOP29\u201dun t\u0259\u015fkilat komit\u0259sin\u0259 qad\u0131nlar da qo\u015fuldu Prezident \u0130lham \u018fliyev \u201cCOP29\u201d ... Davam\u0131","og_url":"https:\/\/www.meydan.tv\/az\/article\/ilham-eliyev-tenqidden-sonra-serencama-deyisiklik-etdi\/","og_site_name":"MEYDAN.TV","article_published_time":"2024-01-19T13:06:18+00:00","article_modified_time":"2024-01-19T13:06:22+00:00","og_image":[{"width":1200,"height":818,"url":"https:\/\/www.meydan.tv\/wp-content\/uploads\/17029739995381676_1200x630.jpg","type":"image\/jpeg"}],"author":"elli","twitter_card":"summary_large_image","twitter_creator":"@elli","schema":{"@context":"https:\/\/schema.org","@graph":[{"@type":"Article","@id":"https:\/\/www.meydan.tv\/az\/article\/ilham-eliyev-tenqidden-sonra-serencama-deyisiklik-etdi\/#article","isPartOf":{"@id":"https:\/\/www.meydan.tv\/az\/article\/ilham-eliyev-tenqidden-sonra-serencama-deyisiklik-etdi\/"},"author":{"name":"elli","@id":"https:\/\/www.meydan.tv\/az\/#\/schema\/person\/9cdbecf90d17180ce1dfbd95b08dcf47"},"headline":"\u0130lham \u018fliyev t\u0259nqidd\u0259n sonra s\u0259r\u0259ncama d\u0259yi\u015fiklik etdi","datePublished":"2024-01-19T13:06:18+00:00","dateModified":"2024-01-19T13:06:22+00:00","mainEntityOfPage":{"@id":"https:\/\/www.meydan.tv\/az\/article\/ilham-eliyev-tenqidden-sonra-serencama-deyisiklik-etdi\/"},"wordCount":519,"publisher":{"@id":"https:\/\/www.meydan.tv\/az\/#organization"},"image":{"@id":"https:\/\/www.meydan.tv\/az\/article\/ilham-eliyev-tenqidden-sonra-serencama-deyisiklik-etdi\/#primaryimage"},"thumbnailUrl":"https:\/\/www.meydan.tv\/wp-content\/uploads\/17029739995381676_1200x630.jpg","articleSection":["Sosial","T\u00f6vsiy\u0259","X\u0259b\u0259rl\u0259r"],"inLanguage":"az"},{"@type":"WebPage","@id":"https:\/\/www.meydan.tv\/az\/article\/ilham-eliyev-tenqidden-sonra-serencama-deyisiklik-etdi\/","url":"https:\/\/www.meydan.tv\/az\/article\/ilham-eliyev-tenqidden-sonra-serencama-deyisiklik-etdi\/","name":"\u0130lham \u018fliyev t\u0259nqidd\u0259n sonra s\u0259r\u0259ncama d\u0259yi\u015fiklik etdi - MEYDAN.TV","isPartOf":{"@id":"https:\/\/www.meydan.tv\/az\/#website"},"primaryImageOfPage":{"@id":"https:\/\/www.meydan.tv\/az\/article\/ilham-eliyev-tenqidden-sonra-serencama-deyisiklik-etdi\/#primaryimage"},"image":{"@id":"https:\/\/www.meydan.tv\/az\/article\/ilham-eliyev-tenqidden-sonra-serencama-deyisiklik-etdi\/#primaryimage"},"thumbnailUrl":"https:\/\/www.meydan.tv\/wp-content\/uploads\/17029739995381676_1200x630.jpg","datePublished":"2024-01-19T13:06:18+00:00","dateModified":"2024-01-19T13:06:22+00:00","breadcrumb":{"@id":"https:\/\/www.meydan.tv\/az\/article\/ilham-eliyev-tenqidden-sonra-serencama-deyisiklik-etdi\/#breadcrumb"},"inLanguage":"az","potentialAction":[{"@type":"ReadAction","target":["https:\/\/www.meydan.tv\/az\/article\/ilham-eliyev-tenqidden-sonra-serencama-deyisiklik-etdi\/"]}]},{"@type":"ImageObject","inLanguage":"az","@id":"https:\/\/www.meydan.tv\/az\/article\/ilham-eliyev-tenqidden-sonra-serencama-deyisiklik-etdi\/#primaryimage","url":"https:\/\/www.meydan.tv\/wp-content\/uploads\/17029739995381676_1200x630.jpg","contentUrl":"https:\/\/www.meydan.tv\/wp-content\/uploads\/17029739995381676_1200x630.jpg","width":1200,"height":818,"caption":"COP29. M\u0259nb\u0259: COP"},{"@type":"BreadcrumbList","@id":"https:\/\/www.meydan.tv\/az\/article\/ilham-eliyev-tenqidden-sonra-serencama-deyisiklik-etdi\/#breadcrumb","itemListElement":[{"@type":"ListItem","position":1,"name":"Ana s\u0259hif\u0259","item":"https:\/\/www.meydan.tv\/az\/"},{"@type":"ListItem","position":2,"name":"Sosial","item":"https:\/\/www.meydan.tv\/az\/section\/sosial\/"},{"@type":"ListItem","position":3,"name":"\u0130lham \u018fliyev t\u0259nqidd\u0259n sonra s\u0259r\u0259ncama d\u0259yi\u015fiklik etdi"}]},{"@type":"WebSite","@id":"https:\/\/www.meydan.tv\/az\/#website","url":"https:\/\/www.meydan.tv\/az\/","name":"MEYDAN.TV","description":"Meydan TV Az\u0259rbaycan\u0131n media m\u0259kan\u0131ndak\u0131 alternativ s\u0259sidir","publisher":{"@id":"https:\/\/www.meydan.tv\/az\/#organization"},"potentialAction":[{"@type":"SearchAction","target":{"@type":"EntryPoint","urlTemplate":"https:\/\/www.meydan.tv\/az\/?s={search_term_string}"},"query-input":{"@type":"PropertyValueSpecification","valueRequired":true,"valueName":"search_term_string"}}],"inLanguage":"az"},{"@type":"Organization","@id":"https:\/\/www.meydan.tv\/az\/#organization","name":"Meydan TV","url":"https:\/\/www.meydan.tv\/az\/","logo":{"@type":"ImageObject","inLanguage":"az","@id":"https:\/\/www.meydan.tv\/az\/#\/schema\/logo\/image\/","url":"https:\/\/www.meydan.tv\/wp-content\/uploads\/2021\/07\/meydan-logo.svg","contentUrl":"https:\/\/www.meydan.tv\/wp-content\/uploads\/2021\/07\/meydan-logo.svg","width":195,"height":46,"caption":"Meydan TV"},"image":{"@id":"https:\/\/www.meydan.tv\/az\/#\/schema\/logo\/image\/"}},{"@type":"Person","@id":"https:\/\/www.meydan.tv\/az\/#\/schema\/person\/9cdbecf90d17180ce1dfbd95b08dcf47","name":"elli","sameAs":["https:\/\/x.com\/elli"]}]}},"_links":{"self":[{"href":"https:\/\/www.meydan.tv\/az\/wp-json\/wp\/v2\/posts\/295657","targetHints":{"allow":["GET"]}}],"collection":[{"href":"https:\/\/www.meydan.tv\/az\/wp-json\/wp\/v2\/posts"}],"about":[{"href":"https:\/\/www.meydan.tv\/az\/wp-json\/wp\/v2\/types\/post"}],"author":[{"embeddable":true,"href":"https:\/\/www.meydan.tv\/az\/wp-json\/wp\/v2\/users\/8"}],"replies":[{"embeddable":true,"href":"https:\/\/www.meydan.tv\/az\/wp-json\/wp\/v2\/comments?post=295657"}],"version-history":[{"count":3,"href":"https:\/\/www.meydan.tv\/az\/wp-json\/wp\/v2\/posts\/295657\/revisions"}],"predecessor-version":[{"id":295663,"href":"https:\/\/www.meydan.tv\/az\/wp-json\/wp\/v2\/posts\/295657\/revisions\/295663"}],"wp:featuredmedia":[{"embeddable":true,"href":"https:\/\/www.meydan.tv\/az\/wp-json\/wp\/v2\/media\/295658"}],"wp:attachment":[{"href":"https:\/\/www.meydan.tv\/az\/wp-json\/wp\/v2\/media?parent=295657"}],"wp:term":[{"taxonomy":"category","embeddable":true,"href":"https:\/\/www.meydan.tv\/az\/wp-json\/wp\/v2\/categories?post=295657"},{"taxonomy":"post_tag","embeddable":true,"href":"https:\/\/www.meydan.tv\/az\/wp-json\/wp\/v2\/tags?post=295657"}],"curies":[{"name":"wp","href":"https:\/\/api.w.org\/{rel}","templated":true}]}}