{"id":295615,"date":"2024-01-18T17:57:44","date_gmt":"2024-01-18T13:57:44","guid":{"rendered":"https:\/\/www.meydan.tv\/?p=295615"},"modified":"2024-01-18T17:57:48","modified_gmt":"2024-01-18T13:57:48","slug":"qarabag-qacqinlari-ermenistan-vetendasligina-deyil-odenislere-ve-muavinete-ustunluk-veribler","status":"publish","type":"post","link":"https:\/\/www.meydan.tv\/az\/article\/qarabag-qacqinlari-ermenistan-vetendasligina-deyil-odenislere-ve-muavinete-ustunluk-veribler\/","title":{"rendered":"Qaraba\u011f qa\u00e7q\u0131nlar\u0131 Erm\u0259nistan v\u0259t\u0259nda\u015fl\u0131\u011f\u0131na deyil, \u00f6d\u0259ni\u015fl\u0259r\u0259 v\u0259 m\u00fcavin\u0259t\u0259 \u00fcst\u00fcnl\u00fck veribl\u0259r"},"content":{"rendered":"\n<p><em>\u201cQaraba\u011fa qay\u0131tma\u011f\u0131 d\u00fc\u015f\u00fcnm\u00fcr\u00fck, \u2013 d\u00fcnya ictimaiyy\u0259tinin ikili standartlardan imtina ed\u0259c\u0259yin\u0259 v\u0259 ger\u00e7\u0259kd\u0259n Az\u0259rbaycanla Rusiyaya t\u0259zyiq g\u00f6st\u0259r\u0259c\u0259yin\u0259 inanm\u0131r\u0131q\u201d<\/em><\/p>\n\n\n\n<p><a href=\"https:\/\/www.kavkaz-uzel.eu\/articles\/396346\">&#8220;Kavkaszski uzel&#8221;<\/a>in material\u0131<\/p>\n\n\n\n<p>Da\u011fl\u0131q Qaraba\u011fdan olan m\u0259cburi k\u00f6\u00e7k\u00fcnl\u0259rin Erm\u0259nistanda ald\u0131qlar\u0131 qa\u00e7q\u0131n statusu onlara m\u00fcavin\u0259t v\u0259 dig\u0259r sosial yard\u0131m almaq h\u00fcququ verir. Adamlar Erm\u0259nistan v\u0259t\u0259nda\u015fl\u0131\u011f\u0131 ald\u0131qdan sonra bu c\u00fcr d\u0259st\u0259kd\u0259n m\u0259hrum olmaqdan qorxurlar.<\/p>\n\n\n\n<p>H\u00fcquq m\u00fcdafi\u0259\u00e7isi Artak Beqlaryan m\u0259s\u0259l\u0259y\u0259 ayd\u0131nl\u0131q g\u0259tirib. Hakimiyy\u0259t bildirir ki, Qaraba\u011f erm\u0259nil\u0259ri v\u0259t\u0259nda\u015fl\u0131q ald\u0131qdan sonra da qa\u00e7q\u0131nlar \u00fc\u00e7\u00fcn n\u0259z\u0259rd\u0259 tutulmu\u015f imtiyazlara malik olacaqlar.<\/p>\n\n\n\n<p>\u201cKavkazski uzel\u201din yazd\u0131\u011f\u0131na g\u00f6r\u0259, 2023-c\u00fc ilin noyabr\u0131nda polis m\u00fcv\u0259qq\u0259ti m\u00fcdafi\u0259 statusu alm\u0131\u015f Qaraba\u011f qa\u00e7q\u0131nlar\u0131ndan v\u0259t\u0259nda\u015fl\u0131\u011fa \u0259riz\u0259l\u0259rin q\u0259buluna ba\u015flay\u0131b. \u0130ki ay \u0259rzind\u0259 100 min Qaraba\u011f qa\u00e7q\u0131n\u0131ndan yaln\u0131z 735-i erm\u0259ni v\u0259t\u0259nda\u015fl\u0131\u011f\u0131 almaq \u00fc\u00e7\u00fcn \u0259riz\u0259 verib. 53 mind\u0259n \u00e7ox k\u00f6\u00e7k\u00fcn m\u00fcv\u0259qq\u0259ti m\u00fcdafi\u0259 bar\u0259d\u0259 \u015f\u0259had\u0259tnam\u0259 al\u0131b ki, bu da qa\u00e7q\u0131n statusuna b\u0259rab\u0259rdir.<\/p>\n\n\n\n<p>7 oktyabr 2023-c\u00fc ild\u0259 Da\u011fl\u0131q Qaraba\u011fdan Erm\u0259nistana 100 632 m\u0259cburi k\u00f6\u00e7k\u00fcn g\u0259ldiyi bildirilir. Qa\u00e7q\u0131nlar\u0131n sosial m\u0259s\u0259l\u0259l\u0259ri il\u0259 Erm\u0259nistan h\u00f6kum\u0259ti m\u0259\u015f\u011ful olur. K\u00f6\u00e7k\u00fcnl\u0259r mehmanxana v\u0259 pansionatlara yerl\u0259\u015fdirilir, h\u0259r birin\u0259 100 min dram m\u0259bl\u0259\u011find\u0259 (250 dollara yax\u0131n) bird\u0259f\u0259lik yard\u0131m v\u0259 alt\u0131 ay \u0259rzind\u0259 h\u0259r\u0259sin\u0259 kommunal \u00f6d\u0259ni\u015fl\u0259r \u00fc\u00e7\u00fcn ayl\u0131q 10 min dram (25 dollar) verilir.<\/p>\n\n\n\n<p>Erm\u0259nistan D\u0130N Da\u011fl\u0131q Qaraba\u011fdan olan v\u0259 qa\u00e7q\u0131n statusu almaq ist\u0259y\u0259n m\u0259cburi k\u00f6\u00e7k\u00fcnl\u0259rin \u0259riz\u0259l\u0259rin\u0259 baxma\u011fa davam edir. M\u00fcraci\u0259t ed\u0259nl\u0259rin yar\u0131s\u0131ndan \u00e7oxu art\u0131q m\u00fcv\u0259qq\u0259ti m\u00fcdafi\u0259 statusunu al\u0131b. Daha 40 min\u0259 yax\u0131n \u0259riz\u0259 bax\u0131lma m\u0259rh\u0259l\u0259sind\u0259dir, \u201cKavkazski uzel\u201d\u0259 qurumdan bel\u0259 deyibl\u0259r.<\/p>\n\n\n\n<p>D\u0130N-d\u0259n deyibl\u0259r ki, m\u0259cburi k\u00f6\u00e7k\u00fcnl\u0259r yanvar\u0131n 28-d\u0259n etibar\u0259n xaric\u0259 s\u0259f\u0259r ed\u0259rk\u0259n pasportla birg\u0259 m\u00fcv\u0259qq\u0259ti m\u00fcdafi\u0259 s\u0259n\u0259dini d\u0259 t\u0259qdim etm\u0259lidirl\u0259r (Da\u011fl\u0131q Qaraba\u011f sakinl\u0259ri 070 x\u00fcsusi \u015fifr\u0259si olan pasporta malikdirl\u0259r ki, bu da r\u0259smi Yerevan\u0131n a\u00e7\u0131qlamas\u0131na g\u00f6r\u0259, onlara sad\u0259c\u0259 yol s\u0259n\u0259di qismind\u0259 verilib, y\u0259ni bu s\u0259n\u0259d v\u0259t\u0259nda\u015fl\u0131\u011f\u0131 t\u0259sdiql\u0259mir, \u2013 \u201cKavkazski uzel\u201din qeydi).<\/p>\n\n\n\n<p><em>\u201cYanvar\u0131n 28-d\u0259k pasport yet\u0259rlidir, amma \u0259g\u0259r v\u0259t\u0259nda\u015f qa\u00e7q\u0131n statusu al\u0131bsa, o zaman \u015f\u0259xsiyy\u0259ti t\u0259sdiql\u0259y\u0259n s\u0259n\u0259d \u2013 Erm\u0259nistan\u0131n g\u00f6y r\u0259ngli pasportunu v\u0259 m\u00fcv\u0259qq\u0259ti m\u00fcdafi\u0259 statusunu t\u0259sdiql\u0259y\u0259n s\u0259n\u0259d t\u0259qdim etm\u0259lidir\u201d<\/em>, \u2013 qurumun \u0259m\u0259kda\u015f\u0131 m\u0259s\u0259l\u0259y\u0259 ayd\u0131nl\u0131q g\u0259tirib.<\/p>\n\n\n\n<p>O qeyd edib ki, qa\u00e7q\u0131n statusu (m\u00fcv\u0259qq\u0259ti m\u00fcdafi\u0259) Da\u011fl\u0131q Qaraba\u011f \u0259halisinin reyestrind\u0259 qeydiyyatda olanlara t\u0259qdim edilir. Onu son qeydiyyat \u00fcnvan\u0131 Da\u011fl\u0131q Qaraba\u011fda olanlar v\u0259 h\u0259l\u0259 yeni yerd\u0259 qeydiyyatdan ke\u00e7m\u0259y\u0259nl\u0259r, h\u0259m\u00e7inin m\u0259cburi k\u00f6\u00e7\u00fcr\u00fclm\u0259 n\u0259tic\u0259sind\u0259 Erm\u0259nistan D\u0130N Miqrasiya v\u0259 V\u0259t\u0259nda\u015fl\u0131q Xidm\u0259tind\u0259 qeydiyyatdan ke\u00e7\u0259nl\u0259r ala bil\u0259rl\u0259r.<\/p>\n\n\n\n<p><em>\u201cBa\u015fqa \u00f6lk\u0259nin v\u0259t\u0259nda\u015fl\u0131\u011f\u0131na malik olanlara m\u00fcv\u0259qq\u0259ti m\u00fcdafi\u0259 statusu verilmir\u201d<\/em>, \u2013 Erm\u0259nistan D\u0130N Miqrasiya v\u0259 V\u0259t\u0259nda\u015fl\u0131q Xidm\u0259tind\u0259 qeyd edibl\u0259r.<\/p>\n\n\n\n<p>Xidm\u0259t n\u00fcmay\u0259nd\u0259si bildirib ki, Qaraba\u011f qa\u00e7q\u0131nlar\u0131na veril\u0259n m\u00fcv\u0259qq\u0259ti m\u00fcdafi\u0259 statusu t\u0259kc\u0259 Erm\u0259nistanda deyil, h\u0259m d\u0259 onun h\u00fcdudlar\u0131nda q\u00fcvv\u0259d\u0259dir. <\/p>\n\n\n\n<p><em>&#8220;Erm\u0259nistan Respublikas\u0131n\u0131n \u201cQa\u00e7q\u0131nlar v\u0259 s\u0131\u011f\u0131nacaq haqq\u0131nda\u201d qanununa \u0259sas\u0259n, m\u0259cburi k\u00f6\u00e7k\u00fcnl\u0259r faktiki olaraq qa\u00e7q\u0131n say\u0131l\u0131rlar, beyn\u0259lxalq konvensiya mexanizml\u0259rind\u0259n faydalan\u0131r v\u0259 beyn\u0259lxalq m\u00fcdafi\u0259 alt\u0131nda olurlar\u201d<\/em>, \u2013 o deyib.<\/p>\n\n\n\n<p>Qa\u00e7q\u0131nlar, dem\u0259k olar ki, \u00f6lk\u0259 v\u0259t\u0259nda\u015flar\u0131n\u0131n malik oldu\u011fu b\u00fct\u00fcn h\u00fcquqlar\u0131 \u0259ld\u0259 edibl\u0259r. Onlar t\u0259kc\u0259 se\u00e7m\u0259k v\u0259 se\u00e7ilm\u0259k h\u00fcququna malik deyill\u0259r, h\u0259m\u00e7inin d\u00f6vl\u0259t qullu\u011funda i\u015fl\u0259y\u0259 bilm\u0259zl\u0259r. Qa\u00e7q\u0131nlar se\u00e7kil\u0259rin ke\u00e7irildiyi yerd\u0259 icmada bir illik qeydiyyatdad\u0131rlarsa, yerli \u00f6z\u00fcn\u00fc idar\u0259 orqanlar\u0131na se\u00e7kil\u0259rd\u0259 i\u015ftirak ed\u0259 bil\u0259rl\u0259r.<\/p>\n\n\n\n<p><em>\u201cQa\u00e7q\u0131nlar h\u0259m\u00e7inin orduda xidm\u0259t etmirl\u0259r, lakin status onlara qa\u00e7q\u0131nlar \u00fc\u00e7\u00fcn n\u0259z\u0259rd\u0259 tutulmu\u015f sosial d\u0259st\u0259kd\u0259n, o c\u00fcml\u0259d\u0259n t\u0259qa\u00fcd v\u0259 m\u00fcavin\u0259td\u0259n faydalanma\u011fa imkan verir. M\u0259cburi k\u00f6\u00e7k\u00fcnl\u0259r Erm\u0259nistan v\u0259t\u0259nda\u015fl\u0131\u011f\u0131 ald\u0131qlar\u0131 t\u0259qdird\u0259 b\u00fct\u00fcn humanitar proqramlar\u0131n benefisiarlar\u0131 olaraq qal\u0131r v\u0259 \u00f6lk\u0259 Konstitusiyas\u0131nda n\u0259z\u0259rd\u0259 tutulmu\u015f b\u00fct\u00fcn h\u00fcquq v\u0259 azadl\u0131qlardan istifad\u0259 ed\u0259 bil\u0259rl\u0259r\u201d<\/em>, \u2013 qurumun m\u0259tbuat xidm\u0259tind\u0259 qeyd edibl\u0259r.<\/p>\n\n\n\n<p>O c\u00fcml\u0259d\u0259n D\u0130N-d\u0259 bildiribl\u0259r ki, <em>\u201cm\u0259cburi k\u00f6\u00e7k\u00fcnl\u0259rin \u0259mlak h\u00fcquqlar\u0131n\u0131n v\u0259t\u0259nda\u015fl\u0131q v\u0259 ya qa\u00e7q\u0131n statusu il\u0259 he\u00e7 bir \u0259laq\u0259si yoxdur, odur ki, k\u00f6\u00e7k\u00fcnl\u0259r beyn\u0259lxalq m\u0259hk\u0259m\u0259l\u0259r\u0259 v\u0259 tribunallara m\u00fcraci\u0259t ed\u0259 v\u0259 itirdikl\u0259ri ev v\u0259 \u0259mlaka g\u00f6r\u0259 g\u00fcz\u0259\u015ft t\u0259l\u0259b ed\u0259 bil\u0259rl\u0259r\u201d<\/em>.<\/p>\n\n\n\n<p><em>&#8220;Erm\u0259nistan v\u0259t\u0259nda\u015fl\u0131\u011f\u0131na malik olan qa\u00e7q\u0131n d\u00f6vl\u0259t m\u00fc\u0259ssis\u0259sind\u0259 v\u0259 ya h\u00f6kum\u0259td\u0259 i\u015f\u0259 d\u00fcz\u0259l\u0259 bil\u0259r&#8221;<\/em>, &#8211; Erm\u0259nistan \u018fm\u0259k v\u0259 \u018fhalinin Sosial \u0130nki\u015faf Nazirliyind\u0259 qeyd edibl\u0259r. <\/p>\n\n\n\n<p><em>&#8220;Qa\u00e7q\u0131nlar \u0259ll\u0259rind\u0259 olan s\u0259n\u0259dl\u0259 i\u015f\u0259 d\u00fcz\u0259l\u0259 bil\u0259rl\u0259r. Erm\u0259nistan v\u0259t\u0259nda\u015fl\u0131\u011f\u0131n\u0131n z\u0259ruri oldu\u011fu i\u015f yerl\u0259ri istisna t\u0259\u015fkil edir\u201d<\/em>, \u2013 nazirliyin n\u00fcmay\u0259nd\u0259si \u201cKavkazski uzel\u201d\u0259 deyib.<\/p>\n\n\n\n<p><em>\u201cK\u00f6\u00e7k\u00fcnl\u0259rin Erm\u0259nistan v\u0259t\u0259nda\u015fl\u0131\u011f\u0131 almaq ist\u0259m\u0259m\u0259l\u0259rinin s\u0259b\u0259bi adamlar\u0131n Erm\u0259nistan h\u00f6kum\u0259tinin maliyy\u0259 yard\u0131m\u0131ndan m\u0259hrum olmaq qorxusudur\u201d<\/em>, &#8211; h\u00fcquq m\u00fcdafi\u0259\u00e7isi, ictimai xadim Artak Beqlaryan \u201cKavkazski uzel\u201d\u0259 s\u00f6yl\u0259yib.<\/p>\n\n\n\n<p>O h\u0259m\u00e7inin qeyd edib ki, qa\u00e7q\u0131n v\u0259 ya Erm\u0259nistan v\u0259t\u0259nda\u015fl\u0131\u011f\u0131 statusu alan Da\u011fl\u0131q Qaraba\u011f v\u0259t\u0259nda\u015flar\u0131 m\u00fcavin\u0259td\u0259n v\u0259 Da\u011fl\u0131q Qaraba\u011fdak\u0131 \u0259mlaklar\u0131ndan m\u0259hrum olmayacaqlar, h\u0259tta v\u0259t\u0259nda\u015fl\u0131q ald\u0131qdan sonra bel\u0259, onlar\u0131n \u0259lind\u0259 qa\u00e7q\u0131nl\u0131q statusunu t\u0259sdiql\u0259y\u0259n s\u0259n\u0259d qalacaq.<\/p>\n\n\n\n<p><em>\u201cDa\u011fl\u0131q Qaraba\u011f v\u0259t\u0259nda\u015flar\u0131 Erm\u0259nistandan ged\u0259 v\u0259 g\u0259l\u0259 bil\u0259rl\u0259r, onlar\u0131n bu h\u00fcquqlar\u0131 m\u0259hdudla\u015fd\u0131r\u0131lmay\u0131b\u201d,<\/em> \u2013 Beqlaryan \u0259lav\u0259 edib.<\/p>\n\n\n\n<p><em>\u201cErm\u0259nistan h\u00f6kum\u0259tinin Qaraba\u011f k\u00f6\u00e7k\u00fcnl\u0259rin\u0259 m\u00fcnasib\u0259td\u0259 q\u0259rar\u0131 Konstitusiyaya ziddir. Bel\u0259 ki, qaraba\u011fl\u0131lar\u0131n faktiki olaraq erm\u0259ni pasportlar\u0131 var, lakin onlar indi Erm\u0259nistan \u0259razisind\u0259 ya\u015faya-ya\u015faya siyasi h\u00fcquqlardan m\u0259hrumdurlar\u201d<\/em>, &#8211; ictimai xadim, informasiya t\u0259hl\u00fck\u0259sizliyi \u00fczr\u0259 ekspert Karen Vrtanesyan bel\u0259 hesab edir.<\/p>\n\n\n\n<p><em>\u201cBu, h\u0259m\u00e7inin Erm\u0259nistan\u0131n beyn\u0259lxalq \u00f6hd\u0259likl\u0259rini pozur, bel\u0259 ki, Erm\u0259nistan beyn\u0259lxalq konvensiyalara qo\u015fulub, h\u0259min konvensiyaya g\u00f6r\u0259, i\u015ftirak\u00e7\u0131 \u00f6lk\u0259l\u0259r d\u00fcnyada v\u0259t\u0259nda\u015fl\u0131\u011f\u0131 olmayan \u015f\u0259xsl\u0259rin say\u0131n\u0131n artmamas\u0131 \u00fc\u00e7\u00fcn \u0259lind\u0259n g\u0259l\u0259ni etm\u0259lidir\u201d<\/em>, \u2013 Vrtanesyan \u201cKavkazski uzel\u201din m\u00fcxbirin\u0259 deyib.<\/p>\n\n\n\n<p>Erm\u0259nistan h\u00f6kum\u0259ti Qaraba\u011fdan olan k\u00f6\u00e7k\u00fcnl\u0259r\u0259 t\u0259qa\u00fcd v\u0259 yard\u0131m almaq imkan\u0131 verib, lakin onlar bunlar\u0131 almaq \u00fc\u00e7\u00fcn Erm\u0259nistanda h\u0259r hans\u0131 bir \u00fcnvanda qeydiyyatdan ke\u00e7m\u0259lidirl\u0259r. Da\u011fl\u0131q Qaraba\u011fdan olan m\u0259cburi k\u00f6\u00e7k\u00fcnl\u0259r prosesin qeydiyyat m\u0259nt\u0259q\u0259l\u0259rind\u0259ki b\u00f6y\u00fck n\u00f6vb\u0259l\u0259rl\u0259 q\u0259lizl\u0259\u015fm\u0259sind\u0259n \u015fikay\u0259tl\u0259nirl\u0259r.<\/p>\n\n\n\n<p>Da\u011fl\u0131q Qaraba\u011fdan olan k\u00f6\u00e7k\u00fcn, Stepanakertin (Xank\u0259ndi) ke\u00e7mi\u015f sakini Ar\u015fak Poqosyan \u00f6z ail\u0259si v\u0259 dig\u0259r qohumlar\u0131 il\u0259 Erm\u0259nistan\u0131n Syunik vilay\u0259tind\u0259ki ya\u015fay\u0131\u015f m\u0259nt\u0259q\u0259sind\u0259 m\u0259skunla\u015f\u0131b. O, \u015f\u0259xsi ma\u015f\u0131n\u0131nda s\u0259rni\u015fin da\u015f\u0131maqla pul qazan\u0131r, arvad\u0131 sifari\u015fl\u0259 \u015firniyyat bi\u015firir. Onlar \u00fc\u00e7 u\u015faqlar\u0131 il\u0259 birg\u0259 kiray\u0259 tutduqlar\u0131 iki otaql\u0131 m\u0259nzild\u0259 ya\u015fayrlar.<\/p>\n\n\n\n<p><em>\u201cArvad\u0131mla h\u0259l\u0259 dekabr ay\u0131nda qa\u00e7q\u0131n statusu almaq \u00fc\u00e7\u00fcn s\u0259n\u0259d vermi\u015fik. Yanvar\u0131n 25-i m\u00fcv\u0259qq\u0259ti ya\u015fay\u0131\u015f m\u00f6h\u00fcr\u00fc olan pasportu v\u0259 qa\u00e7q\u0131n statusu haqq\u0131nda s\u0259n\u0259di g\u00f6t\u00fcrm\u0259liyik. O\u011flumun art\u0131q 17 ya\u015f\u0131 oldu\u011fu \u00fc\u00e7\u00fcn n\u0259 ist\u0259diyin\u0259 o \u00f6z\u00fc q\u0259rar verm\u0259lidir. O, bir ild\u0259n sonra orduya getm\u0259k ist\u0259yir, odur ki, Erm\u0259nistan v\u0259t\u0259nda\u015fl\u0131\u011f\u0131 almaq ist\u0259yir, amma m\u0259n ona q\u0259rar verm\u0259kd\u0259 t\u0259l\u0259sm\u0259m\u0259yi, bir az da g\u00f6zl\u0259m\u0259yi t\u0259klif etmi\u015f\u0259m. Qalan u\u015faqlar\u0131m bizim kimi qa\u00e7q\u0131nd\u0131r\u201d<\/em>, \u2013 Poqosyan \u201cKavkazski uzel\u201d\u0259 deyib.<\/p>\n\n\n\n<p>O \u0259lav\u0259 edib ki, ail\u0259si yaln\u0131z noyabr ay\u0131 \u00fc\u00e7\u00fcn n\u0259z\u0259rd\u0259 tutulmu\u015f b\u00fct\u00fcn sosial \u00f6d\u0259m\u0259l\u0259ri al\u0131b.<\/p>\n\n\n\n<p><em>\u201cDekabr ay\u0131nda h\u0259l\u0259 almam\u0131\u015f\u0131q. Deyirl\u0259r ki, yanvar\u0131n 20-d\u0259n sonra k\u00f6\u00e7\u00fcr\u0259c\u0259kl\u0259r. Bu yard\u0131m olmasa, ac qalard\u0131q. H\u0259tta b\u0259lk\u0259 ba\u015f\u0131m\u0131z\u0131n \u00fcst\u00fcnd\u0259 dam da olmazd\u0131, \u00e7\u00fcnki Erm\u0259nistanda maa\u015f a\u015fa\u011f\u0131, kiray\u0259 haqq\u0131 v\u0259 dig\u0259r \u015feyl\u0259r \u00e7ox bahad\u0131r\u201d<\/em>, \u2013 o s\u00f6yl\u0259yib.<\/p>\n\n\n\n<p>Da\u011fl\u0131q Qaraba\u011f\u0131n Martuni rayonundan (Xocav\u0259nd) olan, haz\u0131rda Masis \u015f\u0259h\u0259rind\u0259 ya\u015fayan t\u0259qa\u00fcd\u00e7\u00fc Nairi Ayrapetyan deyib ki, onun qa\u00e7q\u0131n statusunu se\u00e7m\u0259kd\u0259 m\u0259qs\u0259di t\u0259qa\u00fcd\u00fcn\u00fc tez ala bilm\u0259si olub.<\/p>\n\n\n\n<p><em>\u201cM\u0259n hans\u0131 statusun daha yax\u015f\u0131 oldu\u011funu d\u00fc\u015f\u00fcnm\u00fcrd\u00fcm, m\u0259n d\u00fc\u015f\u00fcn\u00fcrd\u00fcm ki, t\u0259qa\u00fcd ala bilm\u0259k \u00fc\u00e7\u00fcn tez s\u0259n\u0259dl\u0259ri qaydas\u0131na salmal\u0131yam. N\u00f6vb\u0259d\u0259 saatlarla dayand\u0131\u011f\u0131m\u0131 n\u0259z\u0259r\u0259 almasaq, qa\u00e7q\u0131n statusu almaq m\u0259n\u0259 daha rahat g\u00f6r\u00fcnd\u00fc. \u018fv\u0259zind\u0259 dekabr\u0131n sonunda t\u0259qa\u00fcd\u00fcm\u00fcz hesab\u0131m\u0131za k\u00f6\u00e7d\u00fc v\u0259 arvad\u0131mla m\u0259n rahat n\u0259f\u0259s ald\u0131q, \u00fcst\u0259lik arvad\u0131m m\u0259kt\u0259bd\u0259 \u00f6z pe\u015f\u0259si \u00fczr\u0259 i\u015f\u0259 d\u00fcz\u0259ldi. Bir d\u0259 dekabr ay\u0131nda ail\u0259mizin h\u0259r \u00fczv\u00fc 40+10 min dram m\u0259bl\u0259\u011find\u0259 yard\u0131m ald\u0131. Kiray\u0259 haqq\u0131n\u0131 ver\u0259 v\u0259 z\u0259ruri d\u0259rmanlar\u0131 ala bildik\u201d<\/em>, \u2013 ya\u015fl\u0131 ki\u015fi \u201cKavkazski uzel\u201din m\u00fcxbirin\u0259 dan\u0131\u015f\u0131b.<\/p>\n\n\n\n<p>Stepanakertin (Xank\u0259ndi) ke\u00e7mi\u015f sakini Elmira Sarqsyan etiraf edib ki, ail\u0259si t\u0259qa\u00fcd\u00fc v\u0259 maddi yard\u0131m\u0131 rahat ala bilm\u0259si \u00fc\u00e7\u00fcn tez bir zamanda qa\u00e7q\u0131n statusunu qeydiyyatdan ke\u00e7irm\u0259y\u0259 \u00e7al\u0131\u015f\u0131b. Amma ola bilsin ki, g\u0259l\u0259c\u0259kd\u0259 Erm\u0259nistan v\u0259t\u0259nda\u015fl\u0131\u011f\u0131 almaq \u00fc\u00e7\u00fcn m\u00fcraci\u0259t ed\u0259c\u0259k.<\/p>\n\n\n\n<p><em>\u201cH\u0259l\u0259 ki t\u0259qa\u00fcd v\u0259 m\u00fcavin\u0259t problemini bu c\u00fcr h\u0259ll etmi\u015fik, ail\u0259mizd\u0259 iki t\u0259qa\u00fcd\u00e7\u00fc v\u0259 bir \u0259lil var. U\u015faqlar h\u0259l\u0259 t\u0259l\u0259b\u0259dirl\u0259r, amma onlar i\u015fl\u0259m\u0259k ist\u0259y\u0259nd\u0259 hans\u0131 statusda olacaqlar\u0131na q\u0259rar ver\u0259c\u0259kl\u0259r. Qaraba\u011fa qay\u0131tma\u011f\u0131 d\u00fc\u015f\u00fcnm\u00fcr\u00fck, \u2013 d\u00fcnya ictimaiyy\u0259tinin ikili standartlardan imtina ed\u0259c\u0259yin\u0259 v\u0259 ger\u00e7\u0259kd\u0259n Az\u0259rbaycanla Rusiyaya t\u0259zyiq g\u00f6st\u0259r\u0259c\u0259yin\u0259 inanm\u0131r\u0131q. Birc\u0259 ona \u00fcmid edirik ki, Erm\u0259nistan h\u00f6kum\u0259ti ya\u015fay\u0131\u015f m\u0259s\u0259l\u0259sini h\u0259ll ed\u0259 bil\u0259c\u0259k proqram i\u015fl\u0259yib haz\u0131rlayacaq\u201d<\/em>, \u2013 qad\u0131n \u201cKavkazski uzel\u201din m\u00fcxbirin\u0259 deyib.<\/p>\n\n\n\n<p>O \u0259lav\u0259 edib ki, ail\u0259 \u00fczvl\u0259ri qa\u00e7q\u0131n statusuna s\u0259n\u0259d verm\u0259k \u00fc\u00e7\u00fcn dekabr ay\u0131 boyu n\u00f6vb\u0259l\u0259rd\u0259 dayan\u0131b, indi is\u0259 art\u0131q haz\u0131r m\u00f6h\u00fcrl\u00fc s\u0259n\u0259di \u0259ld\u0259 etm\u0259k \u00fc\u00e7\u00fcn yenid\u0259n n\u00f6vb\u0259d\u0259 dayanmal\u0131d\u0131r.<\/p>\n\n\n\n<p><em>\u201c\u00dcmid edir\u0259m, tezlikl\u0259 insanlar\u0131n say\u0131 azalacaq v\u0259 biz \u00f6z pasportumuzu ala bil\u0259c\u0259yik\u201d<\/em>, \u2013 o deyib.<\/p>\n","protected":false},"excerpt":{"rendered":"<p>\u201cQaraba\u011fa qay\u0131tma\u011f\u0131 d\u00fc\u015f\u00fcnm\u00fcr\u00fck, \u2013 d\u00fcnya ictimaiyy\u0259tinin ikili standartlardan imtina ed\u0259c\u0259yin\u0259 &#8230; <\/p>\n<p class=\"read-more-container\"><a title=\"Qaraba\u011f qa\u00e7q\u0131nlar\u0131 Erm\u0259nistan v\u0259t\u0259nda\u015fl\u0131\u011f\u0131na deyil, \u00f6d\u0259ni\u015fl\u0259r\u0259 v\u0259 m\u00fcavin\u0259t\u0259 \u00fcst\u00fcnl\u00fck veribl\u0259r\" class=\"read-more button\" href=\"https:\/\/www.meydan.tv\/az\/article\/qarabag-qacqinlari-ermenistan-vetendasligina-deyil-odenislere-ve-muavinete-ustunluk-veribler\/#more-295615\" aria-label=\"Read more about Qaraba\u011f qa\u00e7q\u0131nlar\u0131 Erm\u0259nistan v\u0259t\u0259nda\u015fl\u0131\u011f\u0131na deyil, \u00f6d\u0259ni\u015fl\u0259r\u0259 v\u0259 m\u00fcavin\u0259t\u0259 \u00fcst\u00fcnl\u00fck veribl\u0259r\">Davam\u0131<\/a><\/p>\n","protected":false},"author":16,"featured_media":287044,"comment_status":"closed","ping_status":"closed","sticky":false,"template":"","format":"standard","meta":{"_acf_changed":false,"_sitemap_exclude":false,"_sitemap_priority":"","_sitemap_frequency":"","footnotes":""},"categories":[62,56],"tags":[],"class_list":["post-295615","post","type-post","status-publish","format-standard","has-post-thumbnail","hentry","category-sosial","category-xeberler","infinite-scroll-item","generate-columns","tablet-grid-50","mobile-grid-100","grid-parent","grid-33","no-featured-image-padding"],"acf":[],"yoast_head":"<!-- This site is optimized with the Yoast SEO plugin v27.5 - https:\/\/yoast.com\/product\/yoast-seo-wordpress\/ -->\n<title>Qaraba\u011f qa\u00e7q\u0131nlar\u0131 Erm\u0259nistan v\u0259t\u0259nda\u015fl\u0131\u011f\u0131na deyil, \u00f6d\u0259ni\u015fl\u0259r\u0259 v\u0259 m\u00fcavin\u0259t\u0259 \u00fcst\u00fcnl\u00fck veribl\u0259r - MEYDAN.TV<\/title>\n<meta name=\"robots\" content=\"index, follow, max-snippet:-1, max-image-preview:large, max-video-preview:-1\" \/>\n<link rel=\"canonical\" href=\"https:\/\/www.meydan.tv\/az\/article\/qarabag-qacqinlari-ermenistan-vetendasligina-deyil-odenislere-ve-muavinete-ustunluk-veribler\/\" \/>\n<meta property=\"og:locale\" content=\"az_AZ\" \/>\n<meta property=\"og:type\" content=\"article\" \/>\n<meta property=\"og:title\" content=\"Qaraba\u011f qa\u00e7q\u0131nlar\u0131 Erm\u0259nistan v\u0259t\u0259nda\u015fl\u0131\u011f\u0131na deyil, \u00f6d\u0259ni\u015fl\u0259r\u0259 v\u0259 m\u00fcavin\u0259t\u0259 \u00fcst\u00fcnl\u00fck veribl\u0259r - MEYDAN.TV\" \/>\n<meta property=\"og:description\" content=\"\u201cQaraba\u011fa qay\u0131tma\u011f\u0131 d\u00fc\u015f\u00fcnm\u00fcr\u00fck, \u2013 d\u00fcnya ictimaiyy\u0259tinin ikili standartlardan imtina ed\u0259c\u0259yin\u0259 ... Davam\u0131\" \/>\n<meta property=\"og:url\" content=\"https:\/\/www.meydan.tv\/az\/article\/qarabag-qacqinlari-ermenistan-vetendasligina-deyil-odenislere-ve-muavinete-ustunluk-veribler\/\" \/>\n<meta property=\"og:site_name\" content=\"MEYDAN.TV\" \/>\n<meta property=\"article:published_time\" content=\"2024-01-18T13:57:44+00:00\" \/>\n<meta property=\"article:modified_time\" content=\"2024-01-18T13:57:48+00:00\" \/>\n<meta property=\"og:image\" content=\"https:\/\/www.meydan.tv\/wp-content\/uploads\/untitled-design-6-50-e1705586230244.jpg\" \/>\n\t<meta property=\"og:image:width\" content=\"1200\" \/>\n\t<meta property=\"og:image:height\" content=\"516\" \/>\n\t<meta property=\"og:image:type\" content=\"image\/jpeg\" \/>\n<meta name=\"author\" content=\"sevda\" \/>\n<meta name=\"twitter:card\" content=\"summary_large_image\" \/>\n<script type=\"application\/ld+json\" class=\"yoast-schema-graph\">{\"@context\":\"https:\\\/\\\/schema.org\",\"@graph\":[{\"@type\":\"Article\",\"@id\":\"https:\\\/\\\/www.meydan.tv\\\/az\\\/article\\\/qarabag-qacqinlari-ermenistan-vetendasligina-deyil-odenislere-ve-muavinete-ustunluk-veribler\\\/#article\",\"isPartOf\":{\"@id\":\"https:\\\/\\\/www.meydan.tv\\\/az\\\/article\\\/qarabag-qacqinlari-ermenistan-vetendasligina-deyil-odenislere-ve-muavinete-ustunluk-veribler\\\/\"},\"author\":{\"name\":\"sevda\",\"@id\":\"https:\\\/\\\/www.meydan.tv\\\/az\\\/#\\\/schema\\\/person\\\/49b5f2bad5b126bb8ea9320eeb3e4dc9\"},\"headline\":\"Qaraba\u011f qa\u00e7q\u0131nlar\u0131 Erm\u0259nistan v\u0259t\u0259nda\u015fl\u0131\u011f\u0131na deyil, \u00f6d\u0259ni\u015fl\u0259r\u0259 v\u0259 m\u00fcavin\u0259t\u0259 \u00fcst\u00fcnl\u00fck veribl\u0259r\",\"datePublished\":\"2024-01-18T13:57:44+00:00\",\"dateModified\":\"2024-01-18T13:57:48+00:00\",\"mainEntityOfPage\":{\"@id\":\"https:\\\/\\\/www.meydan.tv\\\/az\\\/article\\\/qarabag-qacqinlari-ermenistan-vetendasligina-deyil-odenislere-ve-muavinete-ustunluk-veribler\\\/\"},\"wordCount\":2168,\"publisher\":{\"@id\":\"https:\\\/\\\/www.meydan.tv\\\/az\\\/#organization\"},\"image\":{\"@id\":\"https:\\\/\\\/www.meydan.tv\\\/az\\\/article\\\/qarabag-qacqinlari-ermenistan-vetendasligina-deyil-odenislere-ve-muavinete-ustunluk-veribler\\\/#primaryimage\"},\"thumbnailUrl\":\"https:\\\/\\\/www.meydan.tv\\\/wp-content\\\/uploads\\\/untitled-design-6-50-e1705586230244.jpg\",\"articleSection\":[\"Sosial\",\"X\u0259b\u0259rl\u0259r\"],\"inLanguage\":\"az\"},{\"@type\":\"WebPage\",\"@id\":\"https:\\\/\\\/www.meydan.tv\\\/az\\\/article\\\/qarabag-qacqinlari-ermenistan-vetendasligina-deyil-odenislere-ve-muavinete-ustunluk-veribler\\\/\",\"url\":\"https:\\\/\\\/www.meydan.tv\\\/az\\\/article\\\/qarabag-qacqinlari-ermenistan-vetendasligina-deyil-odenislere-ve-muavinete-ustunluk-veribler\\\/\",\"name\":\"Qaraba\u011f qa\u00e7q\u0131nlar\u0131 Erm\u0259nistan v\u0259t\u0259nda\u015fl\u0131\u011f\u0131na deyil, \u00f6d\u0259ni\u015fl\u0259r\u0259 v\u0259 m\u00fcavin\u0259t\u0259 \u00fcst\u00fcnl\u00fck veribl\u0259r - MEYDAN.TV\",\"isPartOf\":{\"@id\":\"https:\\\/\\\/www.meydan.tv\\\/az\\\/#website\"},\"primaryImageOfPage\":{\"@id\":\"https:\\\/\\\/www.meydan.tv\\\/az\\\/article\\\/qarabag-qacqinlari-ermenistan-vetendasligina-deyil-odenislere-ve-muavinete-ustunluk-veribler\\\/#primaryimage\"},\"image\":{\"@id\":\"https:\\\/\\\/www.meydan.tv\\\/az\\\/article\\\/qarabag-qacqinlari-ermenistan-vetendasligina-deyil-odenislere-ve-muavinete-ustunluk-veribler\\\/#primaryimage\"},\"thumbnailUrl\":\"https:\\\/\\\/www.meydan.tv\\\/wp-content\\\/uploads\\\/untitled-design-6-50-e1705586230244.jpg\",\"datePublished\":\"2024-01-18T13:57:44+00:00\",\"dateModified\":\"2024-01-18T13:57:48+00:00\",\"breadcrumb\":{\"@id\":\"https:\\\/\\\/www.meydan.tv\\\/az\\\/article\\\/qarabag-qacqinlari-ermenistan-vetendasligina-deyil-odenislere-ve-muavinete-ustunluk-veribler\\\/#breadcrumb\"},\"inLanguage\":\"az\",\"potentialAction\":[{\"@type\":\"ReadAction\",\"target\":[\"https:\\\/\\\/www.meydan.tv\\\/az\\\/article\\\/qarabag-qacqinlari-ermenistan-vetendasligina-deyil-odenislere-ve-muavinete-ustunluk-veribler\\\/\"]}]},{\"@type\":\"ImageObject\",\"inLanguage\":\"az\",\"@id\":\"https:\\\/\\\/www.meydan.tv\\\/az\\\/article\\\/qarabag-qacqinlari-ermenistan-vetendasligina-deyil-odenislere-ve-muavinete-ustunluk-veribler\\\/#primaryimage\",\"url\":\"https:\\\/\\\/www.meydan.tv\\\/wp-content\\\/uploads\\\/untitled-design-6-50-e1705586230244.jpg\",\"contentUrl\":\"https:\\\/\\\/www.meydan.tv\\\/wp-content\\\/uploads\\\/untitled-design-6-50-e1705586230244.jpg\",\"width\":1200,\"height\":516,\"caption\":\"Qarabagdan k\u00f6\u00e7. Foto: Meydan TV\"},{\"@type\":\"BreadcrumbList\",\"@id\":\"https:\\\/\\\/www.meydan.tv\\\/az\\\/article\\\/qarabag-qacqinlari-ermenistan-vetendasligina-deyil-odenislere-ve-muavinete-ustunluk-veribler\\\/#breadcrumb\",\"itemListElement\":[{\"@type\":\"ListItem\",\"position\":1,\"name\":\"Ana s\u0259hif\u0259\",\"item\":\"https:\\\/\\\/www.meydan.tv\\\/az\\\/\"},{\"@type\":\"ListItem\",\"position\":2,\"name\":\"X\u0259b\u0259rl\u0259r\",\"item\":\"https:\\\/\\\/www.meydan.tv\\\/az\\\/section\\\/xeberler\\\/\"},{\"@type\":\"ListItem\",\"position\":3,\"name\":\"Qaraba\u011f qa\u00e7q\u0131nlar\u0131 Erm\u0259nistan v\u0259t\u0259nda\u015fl\u0131\u011f\u0131na deyil, \u00f6d\u0259ni\u015fl\u0259r\u0259 v\u0259 m\u00fcavin\u0259t\u0259 \u00fcst\u00fcnl\u00fck veribl\u0259r\"}]},{\"@type\":\"WebSite\",\"@id\":\"https:\\\/\\\/www.meydan.tv\\\/az\\\/#website\",\"url\":\"https:\\\/\\\/www.meydan.tv\\\/az\\\/\",\"name\":\"MEYDAN.TV\",\"description\":\"Meydan TV Az\u0259rbaycan\u0131n media m\u0259kan\u0131ndak\u0131 alternativ s\u0259sidir\",\"publisher\":{\"@id\":\"https:\\\/\\\/www.meydan.tv\\\/az\\\/#organization\"},\"potentialAction\":[{\"@type\":\"SearchAction\",\"target\":{\"@type\":\"EntryPoint\",\"urlTemplate\":\"https:\\\/\\\/www.meydan.tv\\\/az\\\/?s={search_term_string}\"},\"query-input\":{\"@type\":\"PropertyValueSpecification\",\"valueRequired\":true,\"valueName\":\"search_term_string\"}}],\"inLanguage\":\"az\"},{\"@type\":\"Organization\",\"@id\":\"https:\\\/\\\/www.meydan.tv\\\/az\\\/#organization\",\"name\":\"Meydan TV\",\"url\":\"https:\\\/\\\/www.meydan.tv\\\/az\\\/\",\"logo\":{\"@type\":\"ImageObject\",\"inLanguage\":\"az\",\"@id\":\"https:\\\/\\\/www.meydan.tv\\\/az\\\/#\\\/schema\\\/logo\\\/image\\\/\",\"url\":\"https:\\\/\\\/www.meydan.tv\\\/wp-content\\\/uploads\\\/2021\\\/07\\\/meydan-logo.svg\",\"contentUrl\":\"https:\\\/\\\/www.meydan.tv\\\/wp-content\\\/uploads\\\/2021\\\/07\\\/meydan-logo.svg\",\"width\":195,\"height\":46,\"caption\":\"Meydan TV\"},\"image\":{\"@id\":\"https:\\\/\\\/www.meydan.tv\\\/az\\\/#\\\/schema\\\/logo\\\/image\\\/\"}},{\"@type\":\"Person\",\"@id\":\"https:\\\/\\\/www.meydan.tv\\\/az\\\/#\\\/schema\\\/person\\\/49b5f2bad5b126bb8ea9320eeb3e4dc9\",\"name\":\"sevda\"}]}<\/script>\n<!-- \/ Yoast SEO plugin. -->","yoast_head_json":{"title":"Qaraba\u011f qa\u00e7q\u0131nlar\u0131 Erm\u0259nistan v\u0259t\u0259nda\u015fl\u0131\u011f\u0131na deyil, \u00f6d\u0259ni\u015fl\u0259r\u0259 v\u0259 m\u00fcavin\u0259t\u0259 \u00fcst\u00fcnl\u00fck veribl\u0259r - MEYDAN.TV","robots":{"index":"index","follow":"follow","max-snippet":"max-snippet:-1","max-image-preview":"max-image-preview:large","max-video-preview":"max-video-preview:-1"},"canonical":"https:\/\/www.meydan.tv\/az\/article\/qarabag-qacqinlari-ermenistan-vetendasligina-deyil-odenislere-ve-muavinete-ustunluk-veribler\/","og_locale":"az_AZ","og_type":"article","og_title":"Qaraba\u011f qa\u00e7q\u0131nlar\u0131 Erm\u0259nistan v\u0259t\u0259nda\u015fl\u0131\u011f\u0131na deyil, \u00f6d\u0259ni\u015fl\u0259r\u0259 v\u0259 m\u00fcavin\u0259t\u0259 \u00fcst\u00fcnl\u00fck veribl\u0259r - MEYDAN.TV","og_description":"\u201cQaraba\u011fa qay\u0131tma\u011f\u0131 d\u00fc\u015f\u00fcnm\u00fcr\u00fck, \u2013 d\u00fcnya ictimaiyy\u0259tinin ikili standartlardan imtina ed\u0259c\u0259yin\u0259 ... Davam\u0131","og_url":"https:\/\/www.meydan.tv\/az\/article\/qarabag-qacqinlari-ermenistan-vetendasligina-deyil-odenislere-ve-muavinete-ustunluk-veribler\/","og_site_name":"MEYDAN.TV","article_published_time":"2024-01-18T13:57:44+00:00","article_modified_time":"2024-01-18T13:57:48+00:00","og_image":[{"width":1200,"height":516,"url":"https:\/\/www.meydan.tv\/wp-content\/uploads\/untitled-design-6-50-e1705586230244.jpg","type":"image\/jpeg"}],"author":"sevda","twitter_card":"summary_large_image","schema":{"@context":"https:\/\/schema.org","@graph":[{"@type":"Article","@id":"https:\/\/www.meydan.tv\/az\/article\/qarabag-qacqinlari-ermenistan-vetendasligina-deyil-odenislere-ve-muavinete-ustunluk-veribler\/#article","isPartOf":{"@id":"https:\/\/www.meydan.tv\/az\/article\/qarabag-qacqinlari-ermenistan-vetendasligina-deyil-odenislere-ve-muavinete-ustunluk-veribler\/"},"author":{"name":"sevda","@id":"https:\/\/www.meydan.tv\/az\/#\/schema\/person\/49b5f2bad5b126bb8ea9320eeb3e4dc9"},"headline":"Qaraba\u011f qa\u00e7q\u0131nlar\u0131 Erm\u0259nistan v\u0259t\u0259nda\u015fl\u0131\u011f\u0131na deyil, \u00f6d\u0259ni\u015fl\u0259r\u0259 v\u0259 m\u00fcavin\u0259t\u0259 \u00fcst\u00fcnl\u00fck veribl\u0259r","datePublished":"2024-01-18T13:57:44+00:00","dateModified":"2024-01-18T13:57:48+00:00","mainEntityOfPage":{"@id":"https:\/\/www.meydan.tv\/az\/article\/qarabag-qacqinlari-ermenistan-vetendasligina-deyil-odenislere-ve-muavinete-ustunluk-veribler\/"},"wordCount":2168,"publisher":{"@id":"https:\/\/www.meydan.tv\/az\/#organization"},"image":{"@id":"https:\/\/www.meydan.tv\/az\/article\/qarabag-qacqinlari-ermenistan-vetendasligina-deyil-odenislere-ve-muavinete-ustunluk-veribler\/#primaryimage"},"thumbnailUrl":"https:\/\/www.meydan.tv\/wp-content\/uploads\/untitled-design-6-50-e1705586230244.jpg","articleSection":["Sosial","X\u0259b\u0259rl\u0259r"],"inLanguage":"az"},{"@type":"WebPage","@id":"https:\/\/www.meydan.tv\/az\/article\/qarabag-qacqinlari-ermenistan-vetendasligina-deyil-odenislere-ve-muavinete-ustunluk-veribler\/","url":"https:\/\/www.meydan.tv\/az\/article\/qarabag-qacqinlari-ermenistan-vetendasligina-deyil-odenislere-ve-muavinete-ustunluk-veribler\/","name":"Qaraba\u011f qa\u00e7q\u0131nlar\u0131 Erm\u0259nistan v\u0259t\u0259nda\u015fl\u0131\u011f\u0131na deyil, \u00f6d\u0259ni\u015fl\u0259r\u0259 v\u0259 m\u00fcavin\u0259t\u0259 \u00fcst\u00fcnl\u00fck veribl\u0259r - MEYDAN.TV","isPartOf":{"@id":"https:\/\/www.meydan.tv\/az\/#website"},"primaryImageOfPage":{"@id":"https:\/\/www.meydan.tv\/az\/article\/qarabag-qacqinlari-ermenistan-vetendasligina-deyil-odenislere-ve-muavinete-ustunluk-veribler\/#primaryimage"},"image":{"@id":"https:\/\/www.meydan.tv\/az\/article\/qarabag-qacqinlari-ermenistan-vetendasligina-deyil-odenislere-ve-muavinete-ustunluk-veribler\/#primaryimage"},"thumbnailUrl":"https:\/\/www.meydan.tv\/wp-content\/uploads\/untitled-design-6-50-e1705586230244.jpg","datePublished":"2024-01-18T13:57:44+00:00","dateModified":"2024-01-18T13:57:48+00:00","breadcrumb":{"@id":"https:\/\/www.meydan.tv\/az\/article\/qarabag-qacqinlari-ermenistan-vetendasligina-deyil-odenislere-ve-muavinete-ustunluk-veribler\/#breadcrumb"},"inLanguage":"az","potentialAction":[{"@type":"ReadAction","target":["https:\/\/www.meydan.tv\/az\/article\/qarabag-qacqinlari-ermenistan-vetendasligina-deyil-odenislere-ve-muavinete-ustunluk-veribler\/"]}]},{"@type":"ImageObject","inLanguage":"az","@id":"https:\/\/www.meydan.tv\/az\/article\/qarabag-qacqinlari-ermenistan-vetendasligina-deyil-odenislere-ve-muavinete-ustunluk-veribler\/#primaryimage","url":"https:\/\/www.meydan.tv\/wp-content\/uploads\/untitled-design-6-50-e1705586230244.jpg","contentUrl":"https:\/\/www.meydan.tv\/wp-content\/uploads\/untitled-design-6-50-e1705586230244.jpg","width":1200,"height":516,"caption":"Qarabagdan k\u00f6\u00e7. Foto: Meydan TV"},{"@type":"BreadcrumbList","@id":"https:\/\/www.meydan.tv\/az\/article\/qarabag-qacqinlari-ermenistan-vetendasligina-deyil-odenislere-ve-muavinete-ustunluk-veribler\/#breadcrumb","itemListElement":[{"@type":"ListItem","position":1,"name":"Ana s\u0259hif\u0259","item":"https:\/\/www.meydan.tv\/az\/"},{"@type":"ListItem","position":2,"name":"X\u0259b\u0259rl\u0259r","item":"https:\/\/www.meydan.tv\/az\/section\/xeberler\/"},{"@type":"ListItem","position":3,"name":"Qaraba\u011f qa\u00e7q\u0131nlar\u0131 Erm\u0259nistan v\u0259t\u0259nda\u015fl\u0131\u011f\u0131na deyil, \u00f6d\u0259ni\u015fl\u0259r\u0259 v\u0259 m\u00fcavin\u0259t\u0259 \u00fcst\u00fcnl\u00fck veribl\u0259r"}]},{"@type":"WebSite","@id":"https:\/\/www.meydan.tv\/az\/#website","url":"https:\/\/www.meydan.tv\/az\/","name":"MEYDAN.TV","description":"Meydan TV Az\u0259rbaycan\u0131n media m\u0259kan\u0131ndak\u0131 alternativ s\u0259sidir","publisher":{"@id":"https:\/\/www.meydan.tv\/az\/#organization"},"potentialAction":[{"@type":"SearchAction","target":{"@type":"EntryPoint","urlTemplate":"https:\/\/www.meydan.tv\/az\/?s={search_term_string}"},"query-input":{"@type":"PropertyValueSpecification","valueRequired":true,"valueName":"search_term_string"}}],"inLanguage":"az"},{"@type":"Organization","@id":"https:\/\/www.meydan.tv\/az\/#organization","name":"Meydan TV","url":"https:\/\/www.meydan.tv\/az\/","logo":{"@type":"ImageObject","inLanguage":"az","@id":"https:\/\/www.meydan.tv\/az\/#\/schema\/logo\/image\/","url":"https:\/\/www.meydan.tv\/wp-content\/uploads\/2021\/07\/meydan-logo.svg","contentUrl":"https:\/\/www.meydan.tv\/wp-content\/uploads\/2021\/07\/meydan-logo.svg","width":195,"height":46,"caption":"Meydan TV"},"image":{"@id":"https:\/\/www.meydan.tv\/az\/#\/schema\/logo\/image\/"}},{"@type":"Person","@id":"https:\/\/www.meydan.tv\/az\/#\/schema\/person\/49b5f2bad5b126bb8ea9320eeb3e4dc9","name":"sevda"}]}},"_links":{"self":[{"href":"https:\/\/www.meydan.tv\/az\/wp-json\/wp\/v2\/posts\/295615","targetHints":{"allow":["GET"]}}],"collection":[{"href":"https:\/\/www.meydan.tv\/az\/wp-json\/wp\/v2\/posts"}],"about":[{"href":"https:\/\/www.meydan.tv\/az\/wp-json\/wp\/v2\/types\/post"}],"author":[{"embeddable":true,"href":"https:\/\/www.meydan.tv\/az\/wp-json\/wp\/v2\/users\/16"}],"replies":[{"embeddable":true,"href":"https:\/\/www.meydan.tv\/az\/wp-json\/wp\/v2\/comments?post=295615"}],"version-history":[{"count":6,"href":"https:\/\/www.meydan.tv\/az\/wp-json\/wp\/v2\/posts\/295615\/revisions"}],"predecessor-version":[{"id":295622,"href":"https:\/\/www.meydan.tv\/az\/wp-json\/wp\/v2\/posts\/295615\/revisions\/295622"}],"wp:featuredmedia":[{"embeddable":true,"href":"https:\/\/www.meydan.tv\/az\/wp-json\/wp\/v2\/media\/287044"}],"wp:attachment":[{"href":"https:\/\/www.meydan.tv\/az\/wp-json\/wp\/v2\/media?parent=295615"}],"wp:term":[{"taxonomy":"category","embeddable":true,"href":"https:\/\/www.meydan.tv\/az\/wp-json\/wp\/v2\/categories?post=295615"},{"taxonomy":"post_tag","embeddable":true,"href":"https:\/\/www.meydan.tv\/az\/wp-json\/wp\/v2\/tags?post=295615"}],"curies":[{"name":"wp","href":"https:\/\/api.w.org\/{rel}","templated":true}]}}