{"id":295536,"date":"2024-01-17T19:58:13","date_gmt":"2024-01-17T15:58:13","guid":{"rendered":"https:\/\/www.meydan.tv\/?p=295536"},"modified":"2024-01-17T19:58:18","modified_gmt":"2024-01-17T15:58:18","slug":"lenkeranin-4-gun-qaranliqda-qalan-kendine-etirazlardan-sonra-isiq-verilib","status":"publish","type":"post","link":"https:\/\/www.meydan.tv\/az\/article\/lenkeranin-4-gun-qaranliqda-qalan-kendine-etirazlardan-sonra-isiq-verilib\/","title":{"rendered":"L\u0259nk\u0259ran\u0131n 4 g\u00fcn qaranl\u0131qda qalan k\u0259ndin\u0259 etirazlardan sonra i\u015f\u0131q verilib"},"content":{"rendered":"\n<p><\/p>\n\n\n\n<p><strong><em>\u0130cra Hakimiyy\u0259ti is\u0259 he\u00e7 bir aksiyan\u0131n ke\u00e7irilm\u0259diyini, i\u015f getdiyini deyib<\/em><\/strong><\/p>\n\n\n\n<p>D\u00f6rd g\u00fcnd\u00fcr ki, i\u015f\u0131qs\u0131z qalan L\u0259nk\u0259ran\u0131n \u00dcrg\u0259 k\u0259nd sakinl\u0259rinin aksiya ke\u00e7irdiyi bildirilir.<\/p>\n\n\n\n<p>K\u0259nd camaat\u0131n\u0131n yolu ba\u011flad\u0131\u011f\u0131, daha sonra is\u0259 polisin m\u00fcdaxil\u0259si n\u0259tic\u0259sind\u0259 da\u011f\u0131d\u0131ld\u0131\u011f\u0131 deyilir.<\/p>\n\n\n\n<p>Bu bar\u0259d\u0259 Meydan TV-y\u0259 k\u0259nd sakinl\u0259ri m\u0259lumat veribl\u0259r.<\/p>\n\n\n\n<p>\u00dcrg\u0259 k\u0259nd sakini, Qaraba\u011f qazisi R\u0259hman \u015eahbazov is\u0259 Meydan TV-y\u0259 deyib ki, 350-d\u0259n \u00e7ox ev 4 g\u00fcn i\u015f\u0131qs\u0131z qal\u0131b.<\/p>\n\n\n\n<p>Onun s\u00f6zl\u0259rin\u0259 g\u00f6r\u0259, k\u0259nd camaat\u0131n\u0131n \u201cAz\u0259ri\u015f\u0131q\u201d\u0131n regional idar\u0259sin\u0259 d\u0259f\u0259l\u0259rl\u0259 m\u00fcraci\u0259tin\u0259 is\u0259 m\u0259suliyy\u0259tsiz yana\u015f\u0131l\u0131b:<\/p>\n\n\n\n<p><em>\u201c\u0130dar\u0259nin i\u015f\u00e7isi sanki biziml\u0259 zarafat edir. Deyir ki, b\u0259s filan yerd\u0259 i\u015fl\u0259yirl\u0259r. Gedib, g\u00f6r\u00fcr\u0259m ki, orada he\u00e7 kim yoxdur. Elektrik x\u0259tl\u0259ri d\u0259 q\u0131r\u0131lm\u0131\u015f v\u0259ziyy\u0259td\u0259 yerd\u0259dir. G\u0259lib, g\u00f6r\u00fcr\u0259m ki, i\u015f\u0131q idar\u0259sinin i\u015f\u00e7il\u0259ri s\u0259rxo\u015f v\u0259ziyy\u0259td\u0259, qon\u015funun qap\u0131s\u0131nda oturublar. \u0130\u015f\u0131q idar\u0259sinin i\u015f\u00e7il\u0259rinin s\u0259hl\u0259nkarl\u0131\u011f\u0131n\u0131n ucbat\u0131ndan g\u00fcnl\u0259rdir i\u015f\u0131qs\u0131z qalm\u0131\u015f\u0131q\u201d.<\/em><\/p>\n\n\n\n<p>\u201cC\u0259nublu.az\u201d\u0131n yazd\u0131\u011f\u0131na g\u00f6r\u0259, L\u0259nk\u0259ran\u0131n bir \u00e7ox \u0259razil\u0259rind\u0259 a\u011faclar\u0131n a\u015fmas\u0131 n\u0259tic\u0259sind\u0259 elektrik naqill\u0259ri q\u0131r\u0131l\u0131b v\u0259 h\u0259l\u0259 d\u0259 b\u0259rpa <a href=\"https:\/\/www.facebook.com\/cenublu.az\/posts\/1306010656866241?ref=embed_post\">olunmay\u0131b.<\/a><\/p>\n\n\n\n<p>\u201c<em>\u015e\u0259h\u0259rin \u015e\u0259hidl\u0259r Xiyaban\u0131 k\u00fc\u00e7\u0259sind\u0259ki 7 sayl\u0131 tam orta m\u0259kt\u0259bin arxa t\u0259r\u0259find\u0259 rabit\u0259 dir\u0259yinin a\u015fmas\u0131 n\u0259tic\u0259sind\u0259 10 ail\u0259 internetsiz qal\u0131b. H\u0259m\u00e7inin h\u0259min k\u00fc\u00e7\u0259nin 16-c\u0131 d\u00f6ng\u0259sind\u0259 d\u0259 eyni v\u0259ziyy\u0259t ya\u015fan\u0131r\u201d.<\/em><\/p>\n\n\n\n<p>S\u0259hif\u0259nin yazd\u0131\u011f\u0131na g\u00f6r\u0259, \u015f\u0259h\u0259rin k\u00fc\u00e7\u0259l\u0259ri h\u0259l\u0259 d\u0259 qardan t\u0259mizl\u0259nm\u0259diyi \u00fc\u00e7\u00fcn h\u0259r\u0259k\u0259t m\u0259hdudiyy\u0259ti var:<\/p>\n\n\n\n<p>\u201c<em>\u015e\u0259h\u0259rin ke\u00e7mi\u015f Va\u011fzal, indiki Orxan Quluzad\u0259 k\u00fc\u00e7\u0259si qardan t\u0259mizl\u0259nm\u0259diyind\u0259n sakinl\u0259rin h\u0259r\u0259k\u0259tind\u0259 m\u0259hdudiyy\u0259t yaran\u0131b. Onlar bildirirl\u0259r ki, i\u015f\u0259 v\u0259 m\u0259kt\u0259b\u0259 piyada getm\u0259k m\u0259cburiyy\u0259tind\u0259dirl\u0259r. Qar\u0131n yaratd\u0131\u011f\u0131 f\u0259sadlardan biri d\u0259 \u00e7\u00f6r\u0259k almaq \u00fc\u00e7\u00fcn yaranan b\u00f6y\u00fck n\u00f6vb\u0259l\u0259rdir\u201d.<\/em><\/p>\n\n\n\n<p>Sosial \u015f\u0259b\u0259k\u0259 istifad\u0259\u00e7il\u0259ri \u015f\u0259rhl\u0259rd\u0259 qeyd edibl\u0259r ki, Z\u00f6vl\u0259, G\u00f6y\u015faban, S\u00fct\u0259murdov, Bolad\u0131 k\u0259ndl\u0259rind\u0259 v\u0259 G\u0259rm\u0259t\u00fck q\u0259s\u0259b\u0259sinin bir hiss\u0259sind\u0259 h\u0259l\u0259 d\u0259 elektrik x\u0259tti b\u0259rpa edilm\u0259yib.<\/p>\n\n\n\n<p>L\u0259nk\u0259ran rayon icra hakimiyy\u0259ti ba\u015f\u00e7\u0131s\u0131n\u0131n k\u00f6m\u0259k\u00e7isi Elnur H\u00fcseynov Meydan TV-y\u0259 k\u0259ndd\u0259 aksiya ke\u00e7irilm\u0259diyini deyib:<\/p>\n\n\n<div class=\"wp-block-image\">\n<figure class=\"aligncenter size-large\"><img decoding=\"async\" width=\"1200\" height=\"675\" data-src=\"https:\/\/www.meydan.tv\/wp-content\/uploads\/419852508_1306002160200424_2124435749910307485_n-1200x675.jpg\" alt=\"\" class=\"wp-image-295538 lazyload\" src=\"data:image\/svg+xml;base64,PHN2ZyB3aWR0aD0iMSIgaGVpZ2h0PSIxIiB4bWxucz0iaHR0cDovL3d3dy53My5vcmcvMjAwMC9zdmciPjwvc3ZnPg==\" style=\"--smush-placeholder-width: 1200px; --smush-placeholder-aspect-ratio: 1200\/675;\" \/><figcaption class=\"wp-element-caption\">Foto: &#8220;C\u0259nublu.az&#8221;<\/figcaption><\/figure>\n<\/div>\n\n\n<p>\u201c<em>Camaat yolu ba\u011flamay\u0131b. Orada be\u015f-alt\u0131 adamd\u0131r, i\u015fl\u0259yirl\u0259r. K\u0259nd camaat\u0131 da orada d\u0259st\u0259kl\u0259rini g\u00f6st\u0259rirl\u0259r. He\u00e7 bir aksiya olmay\u0131b. \u0130\u015f\u0131q da el\u0259 indil\u0259rd\u0259 b\u0259rpa olunub. \u00dcrg\u0259 k\u0259ndind\u0259 s\u0259h\u0259r saatlar\u0131nda elektrik verilm\u0259sinin bir hiss\u0259si b\u0259rpa olunub. \u0130kinci hiss\u0259si d\u0259 bir az \u00f6nc\u0259 b\u0259rpa olunub. D\u00fcn\u0259n G\u00f6y\u015fabanda i\u015fl\u0259dil\u0259r, i\u015f\u0131q verildi. \u00dcmumi i\u015f\u0131q b\u0259rpa olunub, b\u0259zi evl\u0259rd\u0259 problem qal\u0131b. Bir k\u0259ndd\u0259 uzaqba\u015f\u0131, 4 evin i\u015f\u0131\u011f\u0131n\u0131 b\u0259rpa edibl\u0259r\u201d.<\/em><\/p>\n\n\n\n<p>&#8220;<em>\u201cAz\u0259ri\u015f\u0131q\u201d ASC-nin regionlardan \u0259m\u0259kda\u015flar\u0131 v\u0259 paytaxtdan \u0259razil\u0259r\u0259 g\u00f6nd\u0259ril\u0259n q\u0259za xidm\u0259tinin \u0259m\u0259kda\u015flar\u0131 ilk g\u00fcnd\u0259n i\u015f ba\u015f\u0131ndad\u0131rlar. \u018fm\u0259kda\u015flar\u0131m\u0131z q\u0259zalar\u0131n aradan qald\u0131r\u0131lmas\u0131 istiqam\u0259tind\u0259 24 saat fasil\u0259siz \u00e7al\u0131\u015fmalar\u0131n\u0131 davam etdirirl\u0259r&#8221;,<\/em> &#8211; dey\u0259 &#8220;Az\u0259ri\u015f\u0131q&#8221;dan bildirilib.<\/p>\n\n\n\n<p>\u201cAz\u0259ri\u015f\u0131q\u201d\u0131n yanvar\u0131n 15-n\u0259 olan r\u0259smi a\u00e7\u0131qlamas\u0131nda is\u0259 deyilir ki, ba\u015f vermi\u015f q\u0259zan\u0131n aradan qald\u0131r\u0131lmas\u0131 istiqam\u0259tind\u0259 fasil\u0259siz i\u015fl\u0259r gedir. C\u0259lilabad, Masall\u0131, L\u0259nk\u0259ran v\u0259 Astara rayon m\u0259rk\u0259zl\u0259ri elektrik enerjisi il\u0259 t\u0259min olunub.<\/p>\n\n\n\n<p>\u201c<em>B\u0259zi da\u011f k\u0259ndl\u0259rind\u0259 0.4 kV-luq x\u0259tl\u0259rin b\u0259rpas\u0131 tamamlanmaq \u00fczr\u0259dir. Qeyd edil\u0259n rayonlarda yax\u0131n saatlarda elektrik enerjisinin verili\u015fi tamamil\u0259 b\u0259rpa edil\u0259c\u0259k\u201d, <\/em>&#8211; m\u0259lumatda <a href=\"https:\/\/www.azerishiq.az\/news\/azerisiq-asc-cenub-rayonlarinda-bas-vermis-qezalari-aradan-qaldirmaq-ucun-fasilesiz-calisir\">bildirilir.<\/a><\/p>\n\n\n\n<p>Yaz\u0131 haz\u0131rlanan m\u00fcdd\u0259td\u0259 is\u0259 \u00dcrg\u0259 k\u0259nd sakinl\u0259ri Meydan TV-y\u0259 m\u0259lumat veribl\u0259r ki, etirazlardan sonra k\u0259nd\u0259 elektrik enerjisinin verilm\u0259si b\u0259rpa olunub.<\/p>\n\n\n\n<p>Az\u0259rbaycan \u0259razisind\u0259 yanvar\u0131n 13-d\u0259n etibar\u0259n hava \u015f\u0259raiti k\u0259skin pisl\u0259\u015fib.<\/p>\n\n\n\n<p>\u00dcmumilikd\u0259, \u00f6lk\u0259 \u0259razisin\u0259 qar ya\u011f\u0131b.<\/p>\n\n\n\n<p>Hidrometeorologiya Xidm\u0259tinin yanvar\u0131n 14-n\u0259 olan m\u0259lumat\u0131nda qeyd edilib ki, \u0259n \u00e7ox qar c\u0259nub b\u00f6lg\u0259sind\u0259 m\u00fc\u015fahid\u0259 olunub.<\/p>\n\n\n\n<p>Qar\u0131n h\u00fcnd\u00fcrl\u00fcy\u00fc L\u0259nk\u0259randa 52 sm, Bil\u0259suvarda 45 sm, Lerikd\u0259 40 sm, Yard\u0131ml\u0131da 35 sm, G\u00f6yt\u0259p\u0259d\u0259 33 sm, Astarada 32 sm olub.<\/p>\n\n\n\n<p>Ya\u011fan qar n\u0259tic\u0259sind\u0259 L\u0259nk\u0259ran, Astara, Masall\u0131, Lerik v\u0259 Yard\u0131ml\u0131 rayonlar\u0131nda elektrik enerjisinin verili\u015fi tam <a href=\"https:\/\/storage.googleapis.com\/qurium\/www.meydan.tv\/az-article-lenkeran-astara-masalli-ve-yardimlida-36-saatdir-elektrik-enerjisi-verilmir.html\">dayan\u0131b.<\/a><\/p>\n","protected":false},"excerpt":{"rendered":"<p>\u0130cra Hakimiyy\u0259ti is\u0259 he\u00e7 bir aksiyan\u0131n ke\u00e7irilm\u0259diyini, i\u015f getdiyini deyib &#8230; <\/p>\n<p class=\"read-more-container\"><a title=\"L\u0259nk\u0259ran\u0131n 4 g\u00fcn qaranl\u0131qda qalan k\u0259ndin\u0259 etirazlardan sonra i\u015f\u0131q verilib\" class=\"read-more button\" href=\"https:\/\/www.meydan.tv\/az\/article\/lenkeranin-4-gun-qaranliqda-qalan-kendine-etirazlardan-sonra-isiq-verilib\/#more-295536\" aria-label=\"Read more about L\u0259nk\u0259ran\u0131n 4 g\u00fcn qaranl\u0131qda qalan k\u0259ndin\u0259 etirazlardan sonra i\u015f\u0131q verilib\">Davam\u0131<\/a><\/p>\n","protected":false},"author":8,"featured_media":99043,"comment_status":"closed","ping_status":"closed","sticky":false,"template":"","format":"standard","meta":{"_acf_changed":false,"_sitemap_exclude":false,"_sitemap_priority":"","_sitemap_frequency":"","footnotes":""},"categories":[60,56],"tags":[],"class_list":["post-295536","post","type-post","status-publish","format-standard","has-post-thumbnail","hentry","category-bolge","category-xeberler","infinite-scroll-item","generate-columns","tablet-grid-50","mobile-grid-100","grid-parent","grid-33","no-featured-image-padding"],"acf":[],"yoast_head":"<!-- This site is optimized with the Yoast SEO plugin v27.4 - https:\/\/yoast.com\/product\/yoast-seo-wordpress\/ -->\n<title>L\u0259nk\u0259ran\u0131n 4 g\u00fcn qaranl\u0131qda qalan k\u0259ndin\u0259 etirazlardan sonra i\u015f\u0131q verilib - MEYDAN.TV<\/title>\n<meta name=\"robots\" content=\"index, follow, max-snippet:-1, max-image-preview:large, max-video-preview:-1\" \/>\n<link rel=\"canonical\" href=\"https:\/\/www.meydan.tv\/az\/article\/lenkeranin-4-gun-qaranliqda-qalan-kendine-etirazlardan-sonra-isiq-verilib\/\" \/>\n<meta property=\"og:locale\" content=\"az_AZ\" \/>\n<meta property=\"og:type\" content=\"article\" \/>\n<meta property=\"og:title\" content=\"L\u0259nk\u0259ran\u0131n 4 g\u00fcn qaranl\u0131qda qalan k\u0259ndin\u0259 etirazlardan sonra i\u015f\u0131q verilib - MEYDAN.TV\" \/>\n<meta property=\"og:description\" content=\"\u0130cra Hakimiyy\u0259ti is\u0259 he\u00e7 bir aksiyan\u0131n ke\u00e7irilm\u0259diyini, i\u015f getdiyini deyib ... Davam\u0131\" \/>\n<meta property=\"og:url\" content=\"https:\/\/www.meydan.tv\/az\/article\/lenkeranin-4-gun-qaranliqda-qalan-kendine-etirazlardan-sonra-isiq-verilib\/\" \/>\n<meta property=\"og:site_name\" content=\"MEYDAN.TV\" \/>\n<meta property=\"article:published_time\" content=\"2024-01-17T15:58:13+00:00\" \/>\n<meta property=\"article:modified_time\" content=\"2024-01-17T15:58:18+00:00\" \/>\n<meta property=\"og:image\" content=\"https:\/\/www.meydan.tv\/wp-content\/uploads\/39169.jpg\" \/>\n\t<meta property=\"og:image:width\" content=\"1200\" \/>\n\t<meta property=\"og:image:height\" content=\"480\" \/>\n\t<meta property=\"og:image:type\" content=\"image\/jpeg\" \/>\n<meta name=\"author\" content=\"elli\" \/>\n<meta name=\"twitter:card\" content=\"summary_large_image\" \/>\n<meta name=\"twitter:creator\" content=\"@elli\" \/>\n<script type=\"application\/ld+json\" class=\"yoast-schema-graph\">{\"@context\":\"https:\\\/\\\/schema.org\",\"@graph\":[{\"@type\":\"Article\",\"@id\":\"https:\\\/\\\/www.meydan.tv\\\/az\\\/article\\\/lenkeranin-4-gun-qaranliqda-qalan-kendine-etirazlardan-sonra-isiq-verilib\\\/#article\",\"isPartOf\":{\"@id\":\"https:\\\/\\\/www.meydan.tv\\\/az\\\/article\\\/lenkeranin-4-gun-qaranliqda-qalan-kendine-etirazlardan-sonra-isiq-verilib\\\/\"},\"author\":{\"name\":\"elli\",\"@id\":\"https:\\\/\\\/www.meydan.tv\\\/az\\\/#\\\/schema\\\/person\\\/9cdbecf90d17180ce1dfbd95b08dcf47\"},\"headline\":\"L\u0259nk\u0259ran\u0131n 4 g\u00fcn qaranl\u0131qda qalan k\u0259ndin\u0259 etirazlardan sonra i\u015f\u0131q verilib\",\"datePublished\":\"2024-01-17T15:58:13+00:00\",\"dateModified\":\"2024-01-17T15:58:18+00:00\",\"mainEntityOfPage\":{\"@id\":\"https:\\\/\\\/www.meydan.tv\\\/az\\\/article\\\/lenkeranin-4-gun-qaranliqda-qalan-kendine-etirazlardan-sonra-isiq-verilib\\\/\"},\"wordCount\":869,\"publisher\":{\"@id\":\"https:\\\/\\\/www.meydan.tv\\\/az\\\/#organization\"},\"image\":{\"@id\":\"https:\\\/\\\/www.meydan.tv\\\/az\\\/article\\\/lenkeranin-4-gun-qaranliqda-qalan-kendine-etirazlardan-sonra-isiq-verilib\\\/#primaryimage\"},\"thumbnailUrl\":\"https:\\\/\\\/www.meydan.tv\\\/wp-content\\\/uploads\\\/39169.jpg\",\"articleSection\":[\"B\u00f6lg\u0259\",\"X\u0259b\u0259rl\u0259r\"],\"inLanguage\":\"az\"},{\"@type\":\"WebPage\",\"@id\":\"https:\\\/\\\/www.meydan.tv\\\/az\\\/article\\\/lenkeranin-4-gun-qaranliqda-qalan-kendine-etirazlardan-sonra-isiq-verilib\\\/\",\"url\":\"https:\\\/\\\/www.meydan.tv\\\/az\\\/article\\\/lenkeranin-4-gun-qaranliqda-qalan-kendine-etirazlardan-sonra-isiq-verilib\\\/\",\"name\":\"L\u0259nk\u0259ran\u0131n 4 g\u00fcn qaranl\u0131qda qalan k\u0259ndin\u0259 etirazlardan sonra i\u015f\u0131q verilib - MEYDAN.TV\",\"isPartOf\":{\"@id\":\"https:\\\/\\\/www.meydan.tv\\\/az\\\/#website\"},\"primaryImageOfPage\":{\"@id\":\"https:\\\/\\\/www.meydan.tv\\\/az\\\/article\\\/lenkeranin-4-gun-qaranliqda-qalan-kendine-etirazlardan-sonra-isiq-verilib\\\/#primaryimage\"},\"image\":{\"@id\":\"https:\\\/\\\/www.meydan.tv\\\/az\\\/article\\\/lenkeranin-4-gun-qaranliqda-qalan-kendine-etirazlardan-sonra-isiq-verilib\\\/#primaryimage\"},\"thumbnailUrl\":\"https:\\\/\\\/www.meydan.tv\\\/wp-content\\\/uploads\\\/39169.jpg\",\"datePublished\":\"2024-01-17T15:58:13+00:00\",\"dateModified\":\"2024-01-17T15:58:18+00:00\",\"breadcrumb\":{\"@id\":\"https:\\\/\\\/www.meydan.tv\\\/az\\\/article\\\/lenkeranin-4-gun-qaranliqda-qalan-kendine-etirazlardan-sonra-isiq-verilib\\\/#breadcrumb\"},\"inLanguage\":\"az\",\"potentialAction\":[{\"@type\":\"ReadAction\",\"target\":[\"https:\\\/\\\/www.meydan.tv\\\/az\\\/article\\\/lenkeranin-4-gun-qaranliqda-qalan-kendine-etirazlardan-sonra-isiq-verilib\\\/\"]}]},{\"@type\":\"ImageObject\",\"inLanguage\":\"az\",\"@id\":\"https:\\\/\\\/www.meydan.tv\\\/az\\\/article\\\/lenkeranin-4-gun-qaranliqda-qalan-kendine-etirazlardan-sonra-isiq-verilib\\\/#primaryimage\",\"url\":\"https:\\\/\\\/www.meydan.tv\\\/wp-content\\\/uploads\\\/39169.jpg\",\"contentUrl\":\"https:\\\/\\\/www.meydan.tv\\\/wp-content\\\/uploads\\\/39169.jpg\",\"width\":1200,\"height\":480,\"caption\":\"Foto: arxiv\"},{\"@type\":\"BreadcrumbList\",\"@id\":\"https:\\\/\\\/www.meydan.tv\\\/az\\\/article\\\/lenkeranin-4-gun-qaranliqda-qalan-kendine-etirazlardan-sonra-isiq-verilib\\\/#breadcrumb\",\"itemListElement\":[{\"@type\":\"ListItem\",\"position\":1,\"name\":\"Ana s\u0259hif\u0259\",\"item\":\"https:\\\/\\\/www.meydan.tv\\\/az\\\/\"},{\"@type\":\"ListItem\",\"position\":2,\"name\":\"B\u00f6lg\u0259\",\"item\":\"https:\\\/\\\/www.meydan.tv\\\/az\\\/section\\\/bolge\\\/\"},{\"@type\":\"ListItem\",\"position\":3,\"name\":\"L\u0259nk\u0259ran\u0131n 4 g\u00fcn qaranl\u0131qda qalan k\u0259ndin\u0259 etirazlardan sonra i\u015f\u0131q verilib\"}]},{\"@type\":\"WebSite\",\"@id\":\"https:\\\/\\\/www.meydan.tv\\\/az\\\/#website\",\"url\":\"https:\\\/\\\/www.meydan.tv\\\/az\\\/\",\"name\":\"MEYDAN.TV\",\"description\":\"Meydan TV Az\u0259rbaycan\u0131n media m\u0259kan\u0131ndak\u0131 alternativ s\u0259sidir\",\"publisher\":{\"@id\":\"https:\\\/\\\/www.meydan.tv\\\/az\\\/#organization\"},\"potentialAction\":[{\"@type\":\"SearchAction\",\"target\":{\"@type\":\"EntryPoint\",\"urlTemplate\":\"https:\\\/\\\/www.meydan.tv\\\/az\\\/?s={search_term_string}\"},\"query-input\":{\"@type\":\"PropertyValueSpecification\",\"valueRequired\":true,\"valueName\":\"search_term_string\"}}],\"inLanguage\":\"az\"},{\"@type\":\"Organization\",\"@id\":\"https:\\\/\\\/www.meydan.tv\\\/az\\\/#organization\",\"name\":\"Meydan TV\",\"url\":\"https:\\\/\\\/www.meydan.tv\\\/az\\\/\",\"logo\":{\"@type\":\"ImageObject\",\"inLanguage\":\"az\",\"@id\":\"https:\\\/\\\/www.meydan.tv\\\/az\\\/#\\\/schema\\\/logo\\\/image\\\/\",\"url\":\"https:\\\/\\\/www.meydan.tv\\\/wp-content\\\/uploads\\\/2021\\\/07\\\/meydan-logo.svg\",\"contentUrl\":\"https:\\\/\\\/www.meydan.tv\\\/wp-content\\\/uploads\\\/2021\\\/07\\\/meydan-logo.svg\",\"width\":195,\"height\":46,\"caption\":\"Meydan TV\"},\"image\":{\"@id\":\"https:\\\/\\\/www.meydan.tv\\\/az\\\/#\\\/schema\\\/logo\\\/image\\\/\"}},{\"@type\":\"Person\",\"@id\":\"https:\\\/\\\/www.meydan.tv\\\/az\\\/#\\\/schema\\\/person\\\/9cdbecf90d17180ce1dfbd95b08dcf47\",\"name\":\"elli\",\"sameAs\":[\"https:\\\/\\\/x.com\\\/elli\"]}]}<\/script>\n<!-- \/ Yoast SEO plugin. -->","yoast_head_json":{"title":"L\u0259nk\u0259ran\u0131n 4 g\u00fcn qaranl\u0131qda qalan k\u0259ndin\u0259 etirazlardan sonra i\u015f\u0131q verilib - MEYDAN.TV","robots":{"index":"index","follow":"follow","max-snippet":"max-snippet:-1","max-image-preview":"max-image-preview:large","max-video-preview":"max-video-preview:-1"},"canonical":"https:\/\/www.meydan.tv\/az\/article\/lenkeranin-4-gun-qaranliqda-qalan-kendine-etirazlardan-sonra-isiq-verilib\/","og_locale":"az_AZ","og_type":"article","og_title":"L\u0259nk\u0259ran\u0131n 4 g\u00fcn qaranl\u0131qda qalan k\u0259ndin\u0259 etirazlardan sonra i\u015f\u0131q verilib - MEYDAN.TV","og_description":"\u0130cra Hakimiyy\u0259ti is\u0259 he\u00e7 bir aksiyan\u0131n ke\u00e7irilm\u0259diyini, i\u015f getdiyini deyib ... Davam\u0131","og_url":"https:\/\/www.meydan.tv\/az\/article\/lenkeranin-4-gun-qaranliqda-qalan-kendine-etirazlardan-sonra-isiq-verilib\/","og_site_name":"MEYDAN.TV","article_published_time":"2024-01-17T15:58:13+00:00","article_modified_time":"2024-01-17T15:58:18+00:00","og_image":[{"width":1200,"height":480,"url":"https:\/\/www.meydan.tv\/wp-content\/uploads\/39169.jpg","type":"image\/jpeg"}],"author":"elli","twitter_card":"summary_large_image","twitter_creator":"@elli","schema":{"@context":"https:\/\/schema.org","@graph":[{"@type":"Article","@id":"https:\/\/www.meydan.tv\/az\/article\/lenkeranin-4-gun-qaranliqda-qalan-kendine-etirazlardan-sonra-isiq-verilib\/#article","isPartOf":{"@id":"https:\/\/www.meydan.tv\/az\/article\/lenkeranin-4-gun-qaranliqda-qalan-kendine-etirazlardan-sonra-isiq-verilib\/"},"author":{"name":"elli","@id":"https:\/\/www.meydan.tv\/az\/#\/schema\/person\/9cdbecf90d17180ce1dfbd95b08dcf47"},"headline":"L\u0259nk\u0259ran\u0131n 4 g\u00fcn qaranl\u0131qda qalan k\u0259ndin\u0259 etirazlardan sonra i\u015f\u0131q verilib","datePublished":"2024-01-17T15:58:13+00:00","dateModified":"2024-01-17T15:58:18+00:00","mainEntityOfPage":{"@id":"https:\/\/www.meydan.tv\/az\/article\/lenkeranin-4-gun-qaranliqda-qalan-kendine-etirazlardan-sonra-isiq-verilib\/"},"wordCount":869,"publisher":{"@id":"https:\/\/www.meydan.tv\/az\/#organization"},"image":{"@id":"https:\/\/www.meydan.tv\/az\/article\/lenkeranin-4-gun-qaranliqda-qalan-kendine-etirazlardan-sonra-isiq-verilib\/#primaryimage"},"thumbnailUrl":"https:\/\/www.meydan.tv\/wp-content\/uploads\/39169.jpg","articleSection":["B\u00f6lg\u0259","X\u0259b\u0259rl\u0259r"],"inLanguage":"az"},{"@type":"WebPage","@id":"https:\/\/www.meydan.tv\/az\/article\/lenkeranin-4-gun-qaranliqda-qalan-kendine-etirazlardan-sonra-isiq-verilib\/","url":"https:\/\/www.meydan.tv\/az\/article\/lenkeranin-4-gun-qaranliqda-qalan-kendine-etirazlardan-sonra-isiq-verilib\/","name":"L\u0259nk\u0259ran\u0131n 4 g\u00fcn qaranl\u0131qda qalan k\u0259ndin\u0259 etirazlardan sonra i\u015f\u0131q verilib - MEYDAN.TV","isPartOf":{"@id":"https:\/\/www.meydan.tv\/az\/#website"},"primaryImageOfPage":{"@id":"https:\/\/www.meydan.tv\/az\/article\/lenkeranin-4-gun-qaranliqda-qalan-kendine-etirazlardan-sonra-isiq-verilib\/#primaryimage"},"image":{"@id":"https:\/\/www.meydan.tv\/az\/article\/lenkeranin-4-gun-qaranliqda-qalan-kendine-etirazlardan-sonra-isiq-verilib\/#primaryimage"},"thumbnailUrl":"https:\/\/www.meydan.tv\/wp-content\/uploads\/39169.jpg","datePublished":"2024-01-17T15:58:13+00:00","dateModified":"2024-01-17T15:58:18+00:00","breadcrumb":{"@id":"https:\/\/www.meydan.tv\/az\/article\/lenkeranin-4-gun-qaranliqda-qalan-kendine-etirazlardan-sonra-isiq-verilib\/#breadcrumb"},"inLanguage":"az","potentialAction":[{"@type":"ReadAction","target":["https:\/\/www.meydan.tv\/az\/article\/lenkeranin-4-gun-qaranliqda-qalan-kendine-etirazlardan-sonra-isiq-verilib\/"]}]},{"@type":"ImageObject","inLanguage":"az","@id":"https:\/\/www.meydan.tv\/az\/article\/lenkeranin-4-gun-qaranliqda-qalan-kendine-etirazlardan-sonra-isiq-verilib\/#primaryimage","url":"https:\/\/www.meydan.tv\/wp-content\/uploads\/39169.jpg","contentUrl":"https:\/\/www.meydan.tv\/wp-content\/uploads\/39169.jpg","width":1200,"height":480,"caption":"Foto: arxiv"},{"@type":"BreadcrumbList","@id":"https:\/\/www.meydan.tv\/az\/article\/lenkeranin-4-gun-qaranliqda-qalan-kendine-etirazlardan-sonra-isiq-verilib\/#breadcrumb","itemListElement":[{"@type":"ListItem","position":1,"name":"Ana s\u0259hif\u0259","item":"https:\/\/www.meydan.tv\/az\/"},{"@type":"ListItem","position":2,"name":"B\u00f6lg\u0259","item":"https:\/\/www.meydan.tv\/az\/section\/bolge\/"},{"@type":"ListItem","position":3,"name":"L\u0259nk\u0259ran\u0131n 4 g\u00fcn qaranl\u0131qda qalan k\u0259ndin\u0259 etirazlardan sonra i\u015f\u0131q verilib"}]},{"@type":"WebSite","@id":"https:\/\/www.meydan.tv\/az\/#website","url":"https:\/\/www.meydan.tv\/az\/","name":"MEYDAN.TV","description":"Meydan TV Az\u0259rbaycan\u0131n media m\u0259kan\u0131ndak\u0131 alternativ s\u0259sidir","publisher":{"@id":"https:\/\/www.meydan.tv\/az\/#organization"},"potentialAction":[{"@type":"SearchAction","target":{"@type":"EntryPoint","urlTemplate":"https:\/\/www.meydan.tv\/az\/?s={search_term_string}"},"query-input":{"@type":"PropertyValueSpecification","valueRequired":true,"valueName":"search_term_string"}}],"inLanguage":"az"},{"@type":"Organization","@id":"https:\/\/www.meydan.tv\/az\/#organization","name":"Meydan TV","url":"https:\/\/www.meydan.tv\/az\/","logo":{"@type":"ImageObject","inLanguage":"az","@id":"https:\/\/www.meydan.tv\/az\/#\/schema\/logo\/image\/","url":"https:\/\/www.meydan.tv\/wp-content\/uploads\/2021\/07\/meydan-logo.svg","contentUrl":"https:\/\/www.meydan.tv\/wp-content\/uploads\/2021\/07\/meydan-logo.svg","width":195,"height":46,"caption":"Meydan TV"},"image":{"@id":"https:\/\/www.meydan.tv\/az\/#\/schema\/logo\/image\/"}},{"@type":"Person","@id":"https:\/\/www.meydan.tv\/az\/#\/schema\/person\/9cdbecf90d17180ce1dfbd95b08dcf47","name":"elli","sameAs":["https:\/\/x.com\/elli"]}]}},"_links":{"self":[{"href":"https:\/\/www.meydan.tv\/az\/wp-json\/wp\/v2\/posts\/295536","targetHints":{"allow":["GET"]}}],"collection":[{"href":"https:\/\/www.meydan.tv\/az\/wp-json\/wp\/v2\/posts"}],"about":[{"href":"https:\/\/www.meydan.tv\/az\/wp-json\/wp\/v2\/types\/post"}],"author":[{"embeddable":true,"href":"https:\/\/www.meydan.tv\/az\/wp-json\/wp\/v2\/users\/8"}],"replies":[{"embeddable":true,"href":"https:\/\/www.meydan.tv\/az\/wp-json\/wp\/v2\/comments?post=295536"}],"version-history":[{"count":3,"href":"https:\/\/www.meydan.tv\/az\/wp-json\/wp\/v2\/posts\/295536\/revisions"}],"predecessor-version":[{"id":295543,"href":"https:\/\/www.meydan.tv\/az\/wp-json\/wp\/v2\/posts\/295536\/revisions\/295543"}],"wp:featuredmedia":[{"embeddable":true,"href":"https:\/\/www.meydan.tv\/az\/wp-json\/wp\/v2\/media\/99043"}],"wp:attachment":[{"href":"https:\/\/www.meydan.tv\/az\/wp-json\/wp\/v2\/media?parent=295536"}],"wp:term":[{"taxonomy":"category","embeddable":true,"href":"https:\/\/www.meydan.tv\/az\/wp-json\/wp\/v2\/categories?post=295536"},{"taxonomy":"post_tag","embeddable":true,"href":"https:\/\/www.meydan.tv\/az\/wp-json\/wp\/v2\/tags?post=295536"}],"curies":[{"name":"wp","href":"https:\/\/api.w.org\/{rel}","templated":true}]}}