{"id":295532,"date":"2024-01-17T19:44:29","date_gmt":"2024-01-17T15:44:29","guid":{"rendered":"https:\/\/www.meydan.tv\/?p=295532"},"modified":"2024-01-17T19:44:32","modified_gmt":"2024-01-17T15:44:32","slug":"cop29-sammitinin-teskilat-komitesinde-qadinlar-temsil-olunmayib","status":"publish","type":"post","link":"https:\/\/www.meydan.tv\/az\/article\/cop29-sammitinin-teskilat-komitesinde-qadinlar-temsil-olunmayib\/","title":{"rendered":"\u201cCOP29\u201d sammitinin t\u0259\u015fkilat komit\u0259sind\u0259 qad\u0131nlar t\u0259msil olunmay\u0131b"},"content":{"rendered":"\n<p><\/p>\n\n\n\n<p>\u201c<strong><em>She Cha<\/em><\/strong><em><strong>nges Climate\u201d kampaniya qrupu bu q\u0259rar\u0131 &#8220;reqressiv&#8221; adland\u0131r\u0131b<\/strong><\/em><\/p>\n\n\n\n<p>Az\u0259rbaycanda ke\u00e7iril\u0259c\u0259k \u201cCOP29\u201d iqlim d\u0259yi\u015fikliyi sammitinin t\u0259\u015fkilat komit\u0259sinin \u00fczvl\u0259ri t\u0259sdiql\u0259nib.<\/p>\n\n\n\n<p>\u201cThe Guardian\u201d <a href=\"https:\/\/www.theguardian.com\/environment\/2024\/jan\/15\/cop29-climate-summit-committee-appointed-with-28-men-and-no-women-azerbaijan\">yaz\u0131r<\/a> ki, h\u0259min 28 n\u0259f\u0259rlik komandan\u0131n i\u00e7ind\u0259 bir n\u0259f\u0259r olsun qad\u0131n yoxdur.<br>Kampaniya i\u015ftirak\u00e7\u0131lar\u0131 bu q\u0259rar\u0131 pisl\u0259yir, deyirl\u0259r ki, \u201ciqlim d\u0259yi\u015fikliyi d\u00fcnyan\u0131n yar\u0131s\u0131na deyil, b\u00fct\u00fcn d\u00fcnyaya t\u0259sir edir\u201d. Odur ki, komanda \u00fczvl\u0259rinin aras\u0131nda qad\u0131nlar\u0131n t\u0259msil olunmamas\u0131 normal deyil.<\/p>\n\n\n\n<p>\u201cShe Changes Climate\u201d (\u201cO, \u0130qlimi D\u0259yi\u015fdirir\u201d) kampaniya qrupu bu q\u0259rar\u0131 &#8220;reqressiv&#8221; adland\u0131r\u0131b. Bildirib ki, bunun \u0259ksin\u0259 olaraq, ke\u00e7\u0259n il Birl\u0259\u015fmi\u015f \u018fr\u0259b \u018fmirlikl\u0259rind\u0259 ke\u00e7iril\u0259n \u201cCOP28\u201d iqlim sammitinin t\u0259\u015fkilat komit\u0259sinin \u00fczvl\u0259rinin 63 faizini qad\u0131nlar t\u0259\u015fkil edib.<\/p>\n\n\n\n<p>\u201cCOP29\u201d komit\u0259sinin dem\u0259k olar ki, b\u00fct\u00fcn \u00fczvl\u0259ri h\u00f6kum\u0259tin nazirl\u0259ri v\u0259 ya r\u0259smil\u0259ri, o c\u00fcml\u0259d\u0259n d\u00f6vl\u0259t t\u0259hl\u00fck\u0259sizlik xidm\u0259tinin r\u0259hb\u0259rliyind\u0259 t\u0259msil olunan \u015f\u0259xsl\u0259rdir.<\/p>\n\n\n\n<p>Sayt yaz\u0131r ki, Az\u0259rbaycan\u0131n D\u00f6vl\u0259t Qazpaylay\u0131c\u0131 \u015e\u0259b\u0259k\u0259sinin r\u0259hb\u0259ri d\u0259 komandan\u0131n t\u0259rkibind\u0259dir.<\/p>\n\n\n\n<p>\u201cShe Changes Climate\u201d bildirir ki, bu \u015f\u0259xs iqlimi d\u0259yi\u015fdirir, onun komandada t\u0259msil olunmas\u0131 absurddur.<\/p>\n\n\n\n<p>Sonra qeyd olunur ki, h\u0259l\u0259 d\u0259yi\u015fiklik \u00fc\u00e7\u00fcn vaxt var:<\/p>\n\n\n\n<p><em>\u201cBiz builki iqlim dan\u0131\u015f\u0131qlar\u0131n\u0131n idar\u0259 edilm\u0259sind\u0259 b\u0259rab\u0259r t\u0259msil\u00e7iliyi xahi\u015f edirik, \u00e7\u00fcnki iqlim d\u0259yi\u015fikliyi b\u00fct\u00fcn d\u00fcnyaya t\u0259sir edir\u201d.<\/em><\/p>\n\n\n\n<p>Ard\u0131c\u0131l olaraq ikinci ildir ki, BMT-nin \u0259n m\u00fch\u00fcm iqlim dan\u0131\u015f\u0131qlar\u0131 qal\u0131q yanacaq istehsal\u0131ndan as\u0131l\u0131 olan neft d\u00f6vl\u0259tind\u0259 ke\u00e7iril\u0259c\u0259k. \u0130qliml\u0259 m\u00fcbariz\u0259 aparmaq \u00fc\u00e7\u00fcn \u00f6lk\u0259l\u0259ri bir araya g\u0259tirm\u0259kd\u0259 m\u0259suliyy\u0259t da\u015f\u0131yacaq \u201cCOP29\u201dun t\u0259\u015fkilat\u00e7\u0131l\u0131\u011f\u0131 Ekologiya v\u0259 T\u0259bii S\u0259rv\u0259tl\u0259r naziri Muxtar Babayev\u0259 h\u0259val\u0259 olunub.<\/p>\n\n\n\n<p>Sayt yaz\u0131r ki, Babayev bundan \u0259vv\u0259l 26 il Az\u0259rbaycan Respublikas\u0131 D\u00f6vl\u0259t Neft \u015eirk\u0259tind\u0259 (SOCAR) \u00e7al\u0131\u015f\u0131b.<\/p>\n\n\n\n<p>\u201cThe Guardian\u201d \u00f6t\u0259n h\u0259ft\u0259 a\u00e7\u0131qlay\u0131b ki, Az\u0259rbaycan n\u00f6vb\u0259ti onillikd\u0259 qal\u0131q yanacaq istehsal\u0131n\u0131 art\u0131rma\u011f\u0131 planla\u015fd\u0131r\u0131r.<\/p>\n\n\n\n<p>\u201cShe Changes Climate\u201d qrupunun b\u0259yanat\u0131nda deyilir:<\/p>\n\n\n\n<p><em>\u201cBiz bir daha m\u0259d\u0259n yanacaq s\u0259nayesi il\u0259 T\u0259r\u0259fl\u0259r Konfrans\u0131na s\u0259drlik aras\u0131nda t\u0259hl\u00fck\u0259sizlik divar\u0131n\u0131n yarad\u0131lmas\u0131n\u0131 xahi\u015f edirik, \u00e7\u00fcnki \u0259traf m\u00fchitin toxunulmazl\u0131\u011f\u0131 bizim v\u0259 bir \u00e7ox v\u0259t\u0259nda\u015f c\u0259miyy\u0259ti t\u0259\u015fkilatlar\u0131 \u00fc\u00e7\u00fcn narahatl\u0131q do\u011furur\u201d.<\/em><\/p>\n\n\n\n<p>\u201cCOP28\u201din prezidenti, eyni zamanda B\u018f\u018f-nin d\u00f6vl\u0259t neft \u015firk\u0259ti \u201cAdnoc\u201dun ba\u015f icra\u00e7\u0131 direktoru olan Sultan \u018fl Cabir idi ki, bu da maraqlar\u0131n toqqu\u015fmas\u0131 il\u0259 ba\u011fl\u0131 ittihamlara s\u0259b\u0259b olmu\u015fdu.<\/p>\n\n\n\n<p>Az\u0259rbaycan Prezidenti \u0130lham \u018fliyev Ekologiya v\u0259 T\u0259bii S\u0259rv\u0259tl\u0259r naziri Muxtar Babayevi Birl\u0259\u015fmi\u015f Mill\u0259tl\u0259r T\u0259\u015fkilat\u0131n\u0131n \u0130qlim D\u0259yi\u015fm\u0259l\u0259ri \u00fczr\u0259 \u00c7\u0259r\u00e7iv\u0259 Konvensiyas\u0131n\u0131n T\u0259r\u0259fl\u0259r Konfrans\u0131n\u0131n 29-cu sessiyas\u0131n\u0131n (COP29), Kioto Protokolunun T\u0259r\u0259fl\u0259r G\u00f6r\u00fc\u015f\u00fcn\u00fcn 19-cu sessiyas\u0131n\u0131n v\u0259 Paris Sazi\u015finin T\u0259r\u0259fl\u0259r G\u00f6r\u00fc\u015f\u00fcn\u00fcn 6-c\u0131 sessiyas\u0131n\u0131n Prezidenti t\u0259yin edib.<br>Prezident bununla ba\u011fl\u0131 s\u0259r\u0259ncam imzalay\u0131b.<\/p>\n\n\n\n<p>S\u0259r\u0259ncamla Muxtar Babayev\u0259 bu t\u0259dbirl\u0259r\u0259 haz\u0131rl\u0131q i\u015fl\u0259rinin apar\u0131lmas\u0131 v\u0259 s\u0259drliyin h\u0259yata ke\u00e7irilm\u0259si \u00fc\u00e7\u00fcn m\u0259sul n\u00fcmay\u0259nd\u0259l\u0259rd\u0259n ibar\u0259t hey\u0259tin formala\u015fd\u0131r\u0131lmas\u0131 s\u0259lahiyy\u0259ti verilib.<br>Az\u0259rbaycan \u015e\u0259rqi Avropa d\u00f6vl\u0259tl\u0259rinin d\u0259st\u0259yini qazand\u0131qdan sonra bu il ke\u00e7iril\u0259c\u0259k \u201cCOP29 iqlim d\u0259yi\u015fikliyi sammiti\u201dn\u0259 ev sahibliyi etm\u0259y\u0259 haz\u0131rla\u015f\u0131r.<\/p>\n\n\n\n<p>Bu, \u00e7ox b\u00f6y\u00fck t\u0259dbirdir. M\u0259s\u0259l\u0259n, B\u018f\u018f-d\u0259 ke\u00e7iril\u0259n \u201cCOP28\u201d sammitind\u0259 90 mind\u0259n \u00e7ox n\u00fcmay\u0259nd\u0259 i\u015ftirak edib.<\/p>\n\n\n\n<p>Beyn\u0259lxalq t\u0259\u015fkilatlar v\u0259 Avropa Birliyi \u00f6lk\u0259l\u0259rind\u0259n b\u0259zil\u0259ri bu t\u0259dbirin neft-qaz ixrac ed\u0259n, OPEC+ \u00f6lk\u0259si olan Az\u0259rbaycanda ke\u00e7irilm\u0259sin\u0259 isti baxm\u0131r.<\/p>\n\n\n\n<p>H\u0259m\u00e7inin Az\u0259rbaycandak\u0131 m\u00fcst\u0259qil ekspertl\u0259r hesab edirl\u0259r ki, bu, indiy\u0259d\u0259k \u00f6lk\u0259nin ev sahibliyi ed\u0259c\u0259yi \u0259n b\u00f6y\u00fck t\u0259dbirdir v\u0259 Bak\u0131 buna infrastruktur bax\u0131m\u0131ndan haz\u0131r deyil.<\/p>\n","protected":false},"excerpt":{"rendered":"<p>\u201cShe Changes Climate\u201d kampaniya qrupu bu q\u0259rar\u0131 &#8220;reqressiv&#8221; adland\u0131r\u0131b Az\u0259rbaycanda &#8230; <\/p>\n<p class=\"read-more-container\"><a title=\"\u201cCOP29\u201d sammitinin t\u0259\u015fkilat komit\u0259sind\u0259 qad\u0131nlar t\u0259msil olunmay\u0131b\" class=\"read-more button\" href=\"https:\/\/www.meydan.tv\/az\/article\/cop29-sammitinin-teskilat-komitesinde-qadinlar-temsil-olunmayib\/#more-295532\" aria-label=\"Read more about \u201cCOP29\u201d sammitinin t\u0259\u015fkilat komit\u0259sind\u0259 qad\u0131nlar t\u0259msil olunmay\u0131b\">Davam\u0131<\/a><\/p>\n","protected":false},"author":8,"featured_media":292586,"comment_status":"closed","ping_status":"closed","sticky":false,"template":"","format":"standard","meta":{"_acf_changed":false,"_sitemap_exclude":false,"_sitemap_priority":"","_sitemap_frequency":"","footnotes":""},"categories":[62,56],"tags":[],"class_list":["post-295532","post","type-post","status-publish","format-standard","has-post-thumbnail","hentry","category-sosial","category-xeberler","infinite-scroll-item","generate-columns","tablet-grid-50","mobile-grid-100","grid-parent","grid-33","no-featured-image-padding"],"acf":[],"yoast_head":"<!-- This site is optimized with the Yoast SEO plugin v27.5 - https:\/\/yoast.com\/product\/yoast-seo-wordpress\/ -->\n<title>\u201cCOP29\u201d sammitinin t\u0259\u015fkilat komit\u0259sind\u0259 qad\u0131nlar t\u0259msil olunmay\u0131b - MEYDAN.TV<\/title>\n<meta name=\"robots\" content=\"index, follow, max-snippet:-1, max-image-preview:large, max-video-preview:-1\" \/>\n<link rel=\"canonical\" href=\"https:\/\/www.meydan.tv\/az\/article\/cop29-sammitinin-teskilat-komitesinde-qadinlar-temsil-olunmayib\/\" \/>\n<meta property=\"og:locale\" content=\"az_AZ\" \/>\n<meta property=\"og:type\" content=\"article\" \/>\n<meta property=\"og:title\" content=\"\u201cCOP29\u201d sammitinin t\u0259\u015fkilat komit\u0259sind\u0259 qad\u0131nlar t\u0259msil olunmay\u0131b - MEYDAN.TV\" \/>\n<meta property=\"og:description\" content=\"\u201cShe Changes Climate\u201d kampaniya qrupu bu q\u0259rar\u0131 &#8220;reqressiv&#8221; adland\u0131r\u0131b Az\u0259rbaycanda ... Davam\u0131\" \/>\n<meta property=\"og:url\" content=\"https:\/\/www.meydan.tv\/az\/article\/cop29-sammitinin-teskilat-komitesinde-qadinlar-temsil-olunmayib\/\" \/>\n<meta property=\"og:site_name\" content=\"MEYDAN.TV\" \/>\n<meta property=\"article:published_time\" content=\"2024-01-17T15:44:29+00:00\" \/>\n<meta property=\"article:modified_time\" content=\"2024-01-17T15:44:32+00:00\" \/>\n<meta property=\"og:image\" content=\"https:\/\/www.meydan.tv\/wp-content\/uploads\/wlur2p4w7jiodmnoqilfvzapaa-e1705506203378.jpg\" \/>\n\t<meta property=\"og:image:width\" content=\"1200\" \/>\n\t<meta property=\"og:image:height\" content=\"560\" \/>\n\t<meta property=\"og:image:type\" content=\"image\/jpeg\" \/>\n<meta name=\"author\" content=\"elli\" \/>\n<meta name=\"twitter:card\" content=\"summary_large_image\" \/>\n<meta name=\"twitter:creator\" content=\"@elli\" \/>\n<script type=\"application\/ld+json\" class=\"yoast-schema-graph\">{\"@context\":\"https:\\\/\\\/schema.org\",\"@graph\":[{\"@type\":\"Article\",\"@id\":\"https:\\\/\\\/www.meydan.tv\\\/az\\\/article\\\/cop29-sammitinin-teskilat-komitesinde-qadinlar-temsil-olunmayib\\\/#article\",\"isPartOf\":{\"@id\":\"https:\\\/\\\/www.meydan.tv\\\/az\\\/article\\\/cop29-sammitinin-teskilat-komitesinde-qadinlar-temsil-olunmayib\\\/\"},\"author\":{\"name\":\"elli\",\"@id\":\"https:\\\/\\\/www.meydan.tv\\\/az\\\/#\\\/schema\\\/person\\\/9cdbecf90d17180ce1dfbd95b08dcf47\"},\"headline\":\"\u201cCOP29\u201d sammitinin t\u0259\u015fkilat komit\u0259sind\u0259 qad\u0131nlar t\u0259msil olunmay\u0131b\",\"datePublished\":\"2024-01-17T15:44:29+00:00\",\"dateModified\":\"2024-01-17T15:44:32+00:00\",\"mainEntityOfPage\":{\"@id\":\"https:\\\/\\\/www.meydan.tv\\\/az\\\/article\\\/cop29-sammitinin-teskilat-komitesinde-qadinlar-temsil-olunmayib\\\/\"},\"wordCount\":781,\"publisher\":{\"@id\":\"https:\\\/\\\/www.meydan.tv\\\/az\\\/#organization\"},\"image\":{\"@id\":\"https:\\\/\\\/www.meydan.tv\\\/az\\\/article\\\/cop29-sammitinin-teskilat-komitesinde-qadinlar-temsil-olunmayib\\\/#primaryimage\"},\"thumbnailUrl\":\"https:\\\/\\\/www.meydan.tv\\\/wp-content\\\/uploads\\\/wlur2p4w7jiodmnoqilfvzapaa-e1705506203378.jpg\",\"articleSection\":[\"Sosial\",\"X\u0259b\u0259rl\u0259r\"],\"inLanguage\":\"az\"},{\"@type\":\"WebPage\",\"@id\":\"https:\\\/\\\/www.meydan.tv\\\/az\\\/article\\\/cop29-sammitinin-teskilat-komitesinde-qadinlar-temsil-olunmayib\\\/\",\"url\":\"https:\\\/\\\/www.meydan.tv\\\/az\\\/article\\\/cop29-sammitinin-teskilat-komitesinde-qadinlar-temsil-olunmayib\\\/\",\"name\":\"\u201cCOP29\u201d sammitinin t\u0259\u015fkilat komit\u0259sind\u0259 qad\u0131nlar t\u0259msil olunmay\u0131b - MEYDAN.TV\",\"isPartOf\":{\"@id\":\"https:\\\/\\\/www.meydan.tv\\\/az\\\/#website\"},\"primaryImageOfPage\":{\"@id\":\"https:\\\/\\\/www.meydan.tv\\\/az\\\/article\\\/cop29-sammitinin-teskilat-komitesinde-qadinlar-temsil-olunmayib\\\/#primaryimage\"},\"image\":{\"@id\":\"https:\\\/\\\/www.meydan.tv\\\/az\\\/article\\\/cop29-sammitinin-teskilat-komitesinde-qadinlar-temsil-olunmayib\\\/#primaryimage\"},\"thumbnailUrl\":\"https:\\\/\\\/www.meydan.tv\\\/wp-content\\\/uploads\\\/wlur2p4w7jiodmnoqilfvzapaa-e1705506203378.jpg\",\"datePublished\":\"2024-01-17T15:44:29+00:00\",\"dateModified\":\"2024-01-17T15:44:32+00:00\",\"breadcrumb\":{\"@id\":\"https:\\\/\\\/www.meydan.tv\\\/az\\\/article\\\/cop29-sammitinin-teskilat-komitesinde-qadinlar-temsil-olunmayib\\\/#breadcrumb\"},\"inLanguage\":\"az\",\"potentialAction\":[{\"@type\":\"ReadAction\",\"target\":[\"https:\\\/\\\/www.meydan.tv\\\/az\\\/article\\\/cop29-sammitinin-teskilat-komitesinde-qadinlar-temsil-olunmayib\\\/\"]}]},{\"@type\":\"ImageObject\",\"inLanguage\":\"az\",\"@id\":\"https:\\\/\\\/www.meydan.tv\\\/az\\\/article\\\/cop29-sammitinin-teskilat-komitesinde-qadinlar-temsil-olunmayib\\\/#primaryimage\",\"url\":\"https:\\\/\\\/www.meydan.tv\\\/wp-content\\\/uploads\\\/wlur2p4w7jiodmnoqilfvzapaa-e1705506203378.jpg\",\"contentUrl\":\"https:\\\/\\\/www.meydan.tv\\\/wp-content\\\/uploads\\\/wlur2p4w7jiodmnoqilfvzapaa-e1705506203378.jpg\",\"width\":1200,\"height\":560,\"caption\":\"\u201cCOP28\u201d. Foto: Reuters\"},{\"@type\":\"BreadcrumbList\",\"@id\":\"https:\\\/\\\/www.meydan.tv\\\/az\\\/article\\\/cop29-sammitinin-teskilat-komitesinde-qadinlar-temsil-olunmayib\\\/#breadcrumb\",\"itemListElement\":[{\"@type\":\"ListItem\",\"position\":1,\"name\":\"Ana s\u0259hif\u0259\",\"item\":\"https:\\\/\\\/www.meydan.tv\\\/az\\\/\"},{\"@type\":\"ListItem\",\"position\":2,\"name\":\"Sosial\",\"item\":\"https:\\\/\\\/www.meydan.tv\\\/az\\\/section\\\/sosial\\\/\"},{\"@type\":\"ListItem\",\"position\":3,\"name\":\"\u201cCOP29\u201d sammitinin t\u0259\u015fkilat komit\u0259sind\u0259 qad\u0131nlar t\u0259msil olunmay\u0131b\"}]},{\"@type\":\"WebSite\",\"@id\":\"https:\\\/\\\/www.meydan.tv\\\/az\\\/#website\",\"url\":\"https:\\\/\\\/www.meydan.tv\\\/az\\\/\",\"name\":\"MEYDAN.TV\",\"description\":\"Meydan TV Az\u0259rbaycan\u0131n media m\u0259kan\u0131ndak\u0131 alternativ s\u0259sidir\",\"publisher\":{\"@id\":\"https:\\\/\\\/www.meydan.tv\\\/az\\\/#organization\"},\"potentialAction\":[{\"@type\":\"SearchAction\",\"target\":{\"@type\":\"EntryPoint\",\"urlTemplate\":\"https:\\\/\\\/www.meydan.tv\\\/az\\\/?s={search_term_string}\"},\"query-input\":{\"@type\":\"PropertyValueSpecification\",\"valueRequired\":true,\"valueName\":\"search_term_string\"}}],\"inLanguage\":\"az\"},{\"@type\":\"Organization\",\"@id\":\"https:\\\/\\\/www.meydan.tv\\\/az\\\/#organization\",\"name\":\"Meydan TV\",\"url\":\"https:\\\/\\\/www.meydan.tv\\\/az\\\/\",\"logo\":{\"@type\":\"ImageObject\",\"inLanguage\":\"az\",\"@id\":\"https:\\\/\\\/www.meydan.tv\\\/az\\\/#\\\/schema\\\/logo\\\/image\\\/\",\"url\":\"https:\\\/\\\/www.meydan.tv\\\/wp-content\\\/uploads\\\/2021\\\/07\\\/meydan-logo.svg\",\"contentUrl\":\"https:\\\/\\\/www.meydan.tv\\\/wp-content\\\/uploads\\\/2021\\\/07\\\/meydan-logo.svg\",\"width\":195,\"height\":46,\"caption\":\"Meydan TV\"},\"image\":{\"@id\":\"https:\\\/\\\/www.meydan.tv\\\/az\\\/#\\\/schema\\\/logo\\\/image\\\/\"}},{\"@type\":\"Person\",\"@id\":\"https:\\\/\\\/www.meydan.tv\\\/az\\\/#\\\/schema\\\/person\\\/9cdbecf90d17180ce1dfbd95b08dcf47\",\"name\":\"elli\",\"sameAs\":[\"https:\\\/\\\/x.com\\\/elli\"]}]}<\/script>\n<!-- \/ Yoast SEO plugin. -->","yoast_head_json":{"title":"\u201cCOP29\u201d sammitinin t\u0259\u015fkilat komit\u0259sind\u0259 qad\u0131nlar t\u0259msil olunmay\u0131b - MEYDAN.TV","robots":{"index":"index","follow":"follow","max-snippet":"max-snippet:-1","max-image-preview":"max-image-preview:large","max-video-preview":"max-video-preview:-1"},"canonical":"https:\/\/www.meydan.tv\/az\/article\/cop29-sammitinin-teskilat-komitesinde-qadinlar-temsil-olunmayib\/","og_locale":"az_AZ","og_type":"article","og_title":"\u201cCOP29\u201d sammitinin t\u0259\u015fkilat komit\u0259sind\u0259 qad\u0131nlar t\u0259msil olunmay\u0131b - MEYDAN.TV","og_description":"\u201cShe Changes Climate\u201d kampaniya qrupu bu q\u0259rar\u0131 &#8220;reqressiv&#8221; adland\u0131r\u0131b Az\u0259rbaycanda ... Davam\u0131","og_url":"https:\/\/www.meydan.tv\/az\/article\/cop29-sammitinin-teskilat-komitesinde-qadinlar-temsil-olunmayib\/","og_site_name":"MEYDAN.TV","article_published_time":"2024-01-17T15:44:29+00:00","article_modified_time":"2024-01-17T15:44:32+00:00","og_image":[{"width":1200,"height":560,"url":"https:\/\/www.meydan.tv\/wp-content\/uploads\/wlur2p4w7jiodmnoqilfvzapaa-e1705506203378.jpg","type":"image\/jpeg"}],"author":"elli","twitter_card":"summary_large_image","twitter_creator":"@elli","schema":{"@context":"https:\/\/schema.org","@graph":[{"@type":"Article","@id":"https:\/\/www.meydan.tv\/az\/article\/cop29-sammitinin-teskilat-komitesinde-qadinlar-temsil-olunmayib\/#article","isPartOf":{"@id":"https:\/\/www.meydan.tv\/az\/article\/cop29-sammitinin-teskilat-komitesinde-qadinlar-temsil-olunmayib\/"},"author":{"name":"elli","@id":"https:\/\/www.meydan.tv\/az\/#\/schema\/person\/9cdbecf90d17180ce1dfbd95b08dcf47"},"headline":"\u201cCOP29\u201d sammitinin t\u0259\u015fkilat komit\u0259sind\u0259 qad\u0131nlar t\u0259msil olunmay\u0131b","datePublished":"2024-01-17T15:44:29+00:00","dateModified":"2024-01-17T15:44:32+00:00","mainEntityOfPage":{"@id":"https:\/\/www.meydan.tv\/az\/article\/cop29-sammitinin-teskilat-komitesinde-qadinlar-temsil-olunmayib\/"},"wordCount":781,"publisher":{"@id":"https:\/\/www.meydan.tv\/az\/#organization"},"image":{"@id":"https:\/\/www.meydan.tv\/az\/article\/cop29-sammitinin-teskilat-komitesinde-qadinlar-temsil-olunmayib\/#primaryimage"},"thumbnailUrl":"https:\/\/www.meydan.tv\/wp-content\/uploads\/wlur2p4w7jiodmnoqilfvzapaa-e1705506203378.jpg","articleSection":["Sosial","X\u0259b\u0259rl\u0259r"],"inLanguage":"az"},{"@type":"WebPage","@id":"https:\/\/www.meydan.tv\/az\/article\/cop29-sammitinin-teskilat-komitesinde-qadinlar-temsil-olunmayib\/","url":"https:\/\/www.meydan.tv\/az\/article\/cop29-sammitinin-teskilat-komitesinde-qadinlar-temsil-olunmayib\/","name":"\u201cCOP29\u201d sammitinin t\u0259\u015fkilat komit\u0259sind\u0259 qad\u0131nlar t\u0259msil olunmay\u0131b - MEYDAN.TV","isPartOf":{"@id":"https:\/\/www.meydan.tv\/az\/#website"},"primaryImageOfPage":{"@id":"https:\/\/www.meydan.tv\/az\/article\/cop29-sammitinin-teskilat-komitesinde-qadinlar-temsil-olunmayib\/#primaryimage"},"image":{"@id":"https:\/\/www.meydan.tv\/az\/article\/cop29-sammitinin-teskilat-komitesinde-qadinlar-temsil-olunmayib\/#primaryimage"},"thumbnailUrl":"https:\/\/www.meydan.tv\/wp-content\/uploads\/wlur2p4w7jiodmnoqilfvzapaa-e1705506203378.jpg","datePublished":"2024-01-17T15:44:29+00:00","dateModified":"2024-01-17T15:44:32+00:00","breadcrumb":{"@id":"https:\/\/www.meydan.tv\/az\/article\/cop29-sammitinin-teskilat-komitesinde-qadinlar-temsil-olunmayib\/#breadcrumb"},"inLanguage":"az","potentialAction":[{"@type":"ReadAction","target":["https:\/\/www.meydan.tv\/az\/article\/cop29-sammitinin-teskilat-komitesinde-qadinlar-temsil-olunmayib\/"]}]},{"@type":"ImageObject","inLanguage":"az","@id":"https:\/\/www.meydan.tv\/az\/article\/cop29-sammitinin-teskilat-komitesinde-qadinlar-temsil-olunmayib\/#primaryimage","url":"https:\/\/www.meydan.tv\/wp-content\/uploads\/wlur2p4w7jiodmnoqilfvzapaa-e1705506203378.jpg","contentUrl":"https:\/\/www.meydan.tv\/wp-content\/uploads\/wlur2p4w7jiodmnoqilfvzapaa-e1705506203378.jpg","width":1200,"height":560,"caption":"\u201cCOP28\u201d. Foto: Reuters"},{"@type":"BreadcrumbList","@id":"https:\/\/www.meydan.tv\/az\/article\/cop29-sammitinin-teskilat-komitesinde-qadinlar-temsil-olunmayib\/#breadcrumb","itemListElement":[{"@type":"ListItem","position":1,"name":"Ana s\u0259hif\u0259","item":"https:\/\/www.meydan.tv\/az\/"},{"@type":"ListItem","position":2,"name":"Sosial","item":"https:\/\/www.meydan.tv\/az\/section\/sosial\/"},{"@type":"ListItem","position":3,"name":"\u201cCOP29\u201d sammitinin t\u0259\u015fkilat komit\u0259sind\u0259 qad\u0131nlar t\u0259msil olunmay\u0131b"}]},{"@type":"WebSite","@id":"https:\/\/www.meydan.tv\/az\/#website","url":"https:\/\/www.meydan.tv\/az\/","name":"MEYDAN.TV","description":"Meydan TV Az\u0259rbaycan\u0131n media m\u0259kan\u0131ndak\u0131 alternativ s\u0259sidir","publisher":{"@id":"https:\/\/www.meydan.tv\/az\/#organization"},"potentialAction":[{"@type":"SearchAction","target":{"@type":"EntryPoint","urlTemplate":"https:\/\/www.meydan.tv\/az\/?s={search_term_string}"},"query-input":{"@type":"PropertyValueSpecification","valueRequired":true,"valueName":"search_term_string"}}],"inLanguage":"az"},{"@type":"Organization","@id":"https:\/\/www.meydan.tv\/az\/#organization","name":"Meydan TV","url":"https:\/\/www.meydan.tv\/az\/","logo":{"@type":"ImageObject","inLanguage":"az","@id":"https:\/\/www.meydan.tv\/az\/#\/schema\/logo\/image\/","url":"https:\/\/www.meydan.tv\/wp-content\/uploads\/2021\/07\/meydan-logo.svg","contentUrl":"https:\/\/www.meydan.tv\/wp-content\/uploads\/2021\/07\/meydan-logo.svg","width":195,"height":46,"caption":"Meydan TV"},"image":{"@id":"https:\/\/www.meydan.tv\/az\/#\/schema\/logo\/image\/"}},{"@type":"Person","@id":"https:\/\/www.meydan.tv\/az\/#\/schema\/person\/9cdbecf90d17180ce1dfbd95b08dcf47","name":"elli","sameAs":["https:\/\/x.com\/elli"]}]}},"_links":{"self":[{"href":"https:\/\/www.meydan.tv\/az\/wp-json\/wp\/v2\/posts\/295532","targetHints":{"allow":["GET"]}}],"collection":[{"href":"https:\/\/www.meydan.tv\/az\/wp-json\/wp\/v2\/posts"}],"about":[{"href":"https:\/\/www.meydan.tv\/az\/wp-json\/wp\/v2\/types\/post"}],"author":[{"embeddable":true,"href":"https:\/\/www.meydan.tv\/az\/wp-json\/wp\/v2\/users\/8"}],"replies":[{"embeddable":true,"href":"https:\/\/www.meydan.tv\/az\/wp-json\/wp\/v2\/comments?post=295532"}],"version-history":[{"count":4,"href":"https:\/\/www.meydan.tv\/az\/wp-json\/wp\/v2\/posts\/295532\/revisions"}],"predecessor-version":[{"id":295537,"href":"https:\/\/www.meydan.tv\/az\/wp-json\/wp\/v2\/posts\/295532\/revisions\/295537"}],"wp:featuredmedia":[{"embeddable":true,"href":"https:\/\/www.meydan.tv\/az\/wp-json\/wp\/v2\/media\/292586"}],"wp:attachment":[{"href":"https:\/\/www.meydan.tv\/az\/wp-json\/wp\/v2\/media?parent=295532"}],"wp:term":[{"taxonomy":"category","embeddable":true,"href":"https:\/\/www.meydan.tv\/az\/wp-json\/wp\/v2\/categories?post=295532"},{"taxonomy":"post_tag","embeddable":true,"href":"https:\/\/www.meydan.tv\/az\/wp-json\/wp\/v2\/tags?post=295532"}],"curies":[{"name":"wp","href":"https:\/\/api.w.org\/{rel}","templated":true}]}}