{"id":295495,"date":"2024-01-17T13:06:23","date_gmt":"2024-01-17T09:06:23","guid":{"rendered":"https:\/\/www.meydan.tv\/?p=295495"},"modified":"2024-01-17T13:06:28","modified_gmt":"2024-01-17T09:06:28","slug":"birlesmis-kinoittifaqlar-prezident-seckisinin-bitmesini-gozleyir","status":"publish","type":"post","link":"https:\/\/www.meydan.tv\/az\/article\/birlesmis-kinoittifaqlar-prezident-seckisinin-bitmesini-gozleyir\/","title":{"rendered":"Birl\u0259\u015fmi\u015f kinoittifaqlar\u0131 Prezident se\u00e7kisinin bitm\u0259sini g\u00f6zl\u0259yir"},"content":{"rendered":"\n<p><\/p>\n\n\n\n<p><strong><em>Daha sonra birg\u0259 qurultay ke\u00e7irilib, s\u0259dr se\u00e7il\u0259c\u0259k<\/em><\/strong><\/p>\n\n\n\n<p>Az\u0259rbaycan Kinematoqraf\u00e7\u0131lar \u0130ttifaq\u0131 (AK\u0130) il\u0259 Az\u0259rbaycan Respublikas\u0131 Kinematoqraf\u00e7\u0131lar \u0130ttifaq\u0131n\u0131n (ARK\u0130) birl\u0259\u015fm\u0259si il\u0259 \u0259laq\u0259dar ke\u00e7iril\u0259c\u0259k qurultay\u0131n n\u00f6vb\u0259d\u0259nk\u0259nar Prezident se\u00e7kisind\u0259n sonraya ert\u0259l\u0259ndiyi bildirilir.<\/p>\n\n\n\n<p>Bu haqda m\u0259lumat\u0131\u00a0AK\u0130-nin katibi, rejissor \u018fli \u0130sa Cabbarov APA-ya <a href=\"https:\/\/apa.az\/incesenet\/azerbaycan-kino-ittifaqlarinin-birlesmesi-ile-bagli-qurultay-fevralda-kecirilecek-812509\">verib.<\/a><\/p>\n\n\n\n<p>\u201c<em>H\u0259r iki ittifaq haz\u0131rda bir ofisd\u0259 i\u015fini davam etdirir. B\u00f6y\u00fck ehtimalla, n\u00f6vb\u0259d\u0259nk\u0259nar Prezident se\u00e7kil\u0259rind\u0259n sonra &#8211; fevral\u0131n ikinci yar\u0131s\u0131nda s\u00f6z\u00fcged\u0259n qurultay ba\u015f tutacaq\u201d,<\/em> &#8211; \u018fli \u0130sa Cabbarov deyib.<\/p>\n\n\n\n<p>AK\u0130-nin s\u0259dri, Xalq artisti, aktyor Rasim Balayev is\u0259 Meydan TV-y\u0259 deyib ki, 2023-c\u00fc ilin noyabr\u0131na planla\u015fd\u0131r\u0131lan qurultay m\u00fc\u0259yy\u0259n texniki s\u0259b\u0259bl\u0259r\u0259 g\u00f6r\u0259 ert\u0259l\u0259nib.<\/p>\n\n\n\n<p>\u201c<em>Sonradan bel\u0259 q\u0259rara g\u0259ldik ki, Prezident se\u00e7kisi qurtars\u0131n, sonra biz se\u00e7ki ed\u0259rik\u201d, <\/em>&#8211; Rasim Balayev deyib.<\/p>\n\n\n\n<p>2023-c\u00fc il iyulun 26-da AK\u0130-nin \u0130dar\u0259 Hey\u0259ti ARK\u0130 il\u0259 vahid ad alt\u0131nda birl\u0259\u015fm\u0259k m\u0259qs\u0259dli b\u0259yanat yay\u0131b.<\/p>\n\n\n\n<p>B\u0259yanatda deyilib ki, eyni adda iki qurumun f\u0259aliyy\u0259t g\u00f6st\u0259rm\u0259si kinematoqraf\u00e7\u0131lar aras\u0131nda h\u0259mr\u0259yliy\u0259, \u00fcmumilikd\u0259 Az\u0259rbaycan kinosunun inki\u015faf\u0131na ciddi mane olur.<\/p>\n\n\n\n<p>AK\u0130 \u00fczvl\u0259ri Rasim Balayevin namiz\u0259dliyini ir\u0259li s\u00fcr\u00fcb.<\/p>\n\n\n\n<p>ARK\u0130-nin haz\u0131rk\u0131 s\u0259dri Xalq artisti \u015e\u0259fiq\u0259 M\u0259mm\u0259dova is\u0259 namiz\u0259d olub-olmayaca\u011f\u0131 bar\u0259d\u0259 fikir bildirm\u0259yib.<\/p>\n\n\n\n<p>Az\u0259rbaycan Kinematoqraf\u00e7\u0131lar \u0130ttifaq\u0131 (AK\u0130) 1963-c\u00fc ild\u0259 t\u0259sis edilib.<\/p>\n\n\n\n<p>1981-ci ild\u0259n quruma Xalq artisti, ssenarist R\u00fcst\u0259m \u0130brahimb\u0259yov r\u0259hb\u0259rlik edib.<\/p>\n\n\n\n<p>2012-ci ild\u0259 R\u00fcst\u0259m \u0130brahimb\u0259yovun siyasi bax\u0131\u015flar\u0131na g\u00f6r\u0259 \u0130ttifaq H\u00f6kum\u0259t Evind\u0259ki ofisind\u0259n \u00e7\u0131xar\u0131l\u0131b.<\/p>\n\n\n\n<p>M\u00fcxalif siyasi q\u00fcvv\u0259l\u0259rin birl\u0259\u015fdiyi Milli \u015eura 2013-c\u00fc ilin Prezident se\u00e7kisind\u0259 R\u00fcst\u0259m \u0130brahimb\u0259yovun namiz\u0259dliyini ir\u0259li s\u00fcr\u0259nd\u0259n sonra is\u0259 AK\u0130-d\u0259 ciddi probleml\u0259r yaran\u0131b.<\/p>\n\n\n\n<p>R\u00fcst\u0259m \u0130brahimb\u0259yov Moskvaya ged\u0259nd\u0259n sonra \u0130ttifaq\u0131n f\u0259aliyy\u0259ti dayan\u0131b. Bir ne\u00e7\u0259 ild\u0259n sonra \u0130ttifaq yenid\u0259n f\u0259aliyy\u0259tini b\u0259rpa edib.<\/p>\n\n\n\n<p>2022-ci ilin mart\u0131nda R\u00fcst\u0259m \u0130brahimb\u0259yov v\u0259fat edib.<\/p>\n\n\n\n<p>Ard\u0131nca AK\u0130-d\u0259 qurultay ke\u00e7iril\u0259r\u0259k s\u0259dr postuna Xalq artisti, aktyor Rasim Balayev g\u0259tirilib.<\/p>\n\n\n\n<p>ARK\u0130 is\u0259 2012-ci ild\u0259 AK\u0130-y\u0259 alternativ olaraq yarad\u0131l\u0131b.<\/p>\n\n\n\n<p>H\u0259min ild\u0259n \u0130ttifaqa Xalq artisti, aktrisa \u015e\u0259fiq\u0259 M\u0259mm\u0259dova r\u0259hb\u0259rlik edir.<\/p>\n\n\n\n<p>2022-ci ild\u0259 ARK\u0130 b\u0259yanat yayaraq, idar\u0259 hey\u0259tinin q\u0259rar\u0131 il\u0259 \u015e\u0259fiq\u0259 M\u0259mm\u0259dovan\u0131n yenid\u0259n \u0130ttifaqa s\u0259dr se\u00e7ildiyini a\u00e7\u0131qlay\u0131b.<\/p>\n\n\n\n<p>Bu, kino ictimaiyy\u0259ti aras\u0131nda naraz\u0131l\u0131\u011fa s\u0259b\u0259b olub.<\/p>\n\n\n\n<p>Bildirilib ki, \u015e\u0259fiq\u0259 M\u0259mm\u0259dova qurultay ke\u00e7irilm\u0259d\u0259n yenid\u0259n s\u0259dr se\u00e7il\u0259 bilm\u0259z.<\/p>\n\n\n\n<p>Qar\u015f\u0131 t\u0259r\u0259f is\u0259 iradlar\u0131 cavabs\u0131z burax\u0131b.<\/p>\n","protected":false},"excerpt":{"rendered":"<p>Daha sonra birg\u0259 qurultay ke\u00e7irilib, s\u0259dr se\u00e7il\u0259c\u0259k Az\u0259rbaycan Kinematoqraf\u00e7\u0131lar \u0130ttifaq\u0131 &#8230; <\/p>\n<p class=\"read-more-container\"><a title=\"Birl\u0259\u015fmi\u015f kinoittifaqlar\u0131 Prezident se\u00e7kisinin bitm\u0259sini g\u00f6zl\u0259yir\" class=\"read-more button\" href=\"https:\/\/www.meydan.tv\/az\/article\/birlesmis-kinoittifaqlar-prezident-seckisinin-bitmesini-gozleyir\/#more-295495\" aria-label=\"Read more about Birl\u0259\u015fmi\u015f kinoittifaqlar\u0131 Prezident se\u00e7kisinin bitm\u0259sini g\u00f6zl\u0259yir\">Davam\u0131<\/a><\/p>\n","protected":false},"author":8,"featured_media":289734,"comment_status":"closed","ping_status":"closed","sticky":false,"template":"","format":"standard","meta":{"_acf_changed":false,"_sitemap_exclude":false,"_sitemap_priority":"","_sitemap_frequency":"","footnotes":""},"categories":[52,56],"tags":[],"class_list":["post-295495","post","type-post","status-publish","format-standard","has-post-thumbnail","hentry","category-medeniyyet","category-xeberler","infinite-scroll-item","generate-columns","tablet-grid-50","mobile-grid-100","grid-parent","grid-33","no-featured-image-padding"],"acf":[],"yoast_head":"<!-- This site is optimized with the Yoast SEO plugin v27.4 - https:\/\/yoast.com\/product\/yoast-seo-wordpress\/ -->\n<title>Birl\u0259\u015fmi\u015f kinoittifaqlar\u0131 Prezident se\u00e7kisinin bitm\u0259sini g\u00f6zl\u0259yir - MEYDAN.TV<\/title>\n<meta name=\"robots\" content=\"index, follow, max-snippet:-1, max-image-preview:large, max-video-preview:-1\" \/>\n<link rel=\"canonical\" href=\"https:\/\/www.meydan.tv\/az\/article\/birlesmis-kinoittifaqlar-prezident-seckisinin-bitmesini-gozleyir\/\" \/>\n<meta property=\"og:locale\" content=\"az_AZ\" \/>\n<meta property=\"og:type\" content=\"article\" \/>\n<meta property=\"og:title\" content=\"Birl\u0259\u015fmi\u015f kinoittifaqlar\u0131 Prezident se\u00e7kisinin bitm\u0259sini g\u00f6zl\u0259yir - MEYDAN.TV\" \/>\n<meta property=\"og:description\" content=\"Daha sonra birg\u0259 qurultay ke\u00e7irilib, s\u0259dr se\u00e7il\u0259c\u0259k Az\u0259rbaycan Kinematoqraf\u00e7\u0131lar \u0130ttifaq\u0131 ... Davam\u0131\" \/>\n<meta property=\"og:url\" content=\"https:\/\/www.meydan.tv\/az\/article\/birlesmis-kinoittifaqlar-prezident-seckisinin-bitmesini-gozleyir\/\" \/>\n<meta property=\"og:site_name\" content=\"MEYDAN.TV\" \/>\n<meta property=\"article:published_time\" content=\"2024-01-17T09:06:23+00:00\" \/>\n<meta property=\"article:modified_time\" content=\"2024-01-17T09:06:28+00:00\" \/>\n<meta property=\"og:image\" content=\"https:\/\/www.meydan.tv\/wp-content\/uploads\/398189845_735922308577775_7864337001593710936_n.jpg\" \/>\n\t<meta property=\"og:image:width\" content=\"1200\" \/>\n\t<meta property=\"og:image:height\" content=\"800\" \/>\n\t<meta property=\"og:image:type\" content=\"image\/jpeg\" \/>\n<meta name=\"author\" content=\"elli\" \/>\n<meta name=\"twitter:card\" content=\"summary_large_image\" \/>\n<meta name=\"twitter:creator\" content=\"@elli\" \/>\n<script type=\"application\/ld+json\" class=\"yoast-schema-graph\">{\"@context\":\"https:\\\/\\\/schema.org\",\"@graph\":[{\"@type\":\"Article\",\"@id\":\"https:\\\/\\\/www.meydan.tv\\\/az\\\/article\\\/birlesmis-kinoittifaqlar-prezident-seckisinin-bitmesini-gozleyir\\\/#article\",\"isPartOf\":{\"@id\":\"https:\\\/\\\/www.meydan.tv\\\/az\\\/article\\\/birlesmis-kinoittifaqlar-prezident-seckisinin-bitmesini-gozleyir\\\/\"},\"author\":{\"name\":\"elli\",\"@id\":\"https:\\\/\\\/www.meydan.tv\\\/az\\\/#\\\/schema\\\/person\\\/9cdbecf90d17180ce1dfbd95b08dcf47\"},\"headline\":\"Birl\u0259\u015fmi\u015f kinoittifaqlar\u0131 Prezident se\u00e7kisinin bitm\u0259sini g\u00f6zl\u0259yir\",\"datePublished\":\"2024-01-17T09:06:23+00:00\",\"dateModified\":\"2024-01-17T09:06:28+00:00\",\"mainEntityOfPage\":{\"@id\":\"https:\\\/\\\/www.meydan.tv\\\/az\\\/article\\\/birlesmis-kinoittifaqlar-prezident-seckisinin-bitmesini-gozleyir\\\/\"},\"wordCount\":519,\"publisher\":{\"@id\":\"https:\\\/\\\/www.meydan.tv\\\/az\\\/#organization\"},\"image\":{\"@id\":\"https:\\\/\\\/www.meydan.tv\\\/az\\\/article\\\/birlesmis-kinoittifaqlar-prezident-seckisinin-bitmesini-gozleyir\\\/#primaryimage\"},\"thumbnailUrl\":\"https:\\\/\\\/www.meydan.tv\\\/wp-content\\\/uploads\\\/398189845_735922308577775_7864337001593710936_n.jpg\",\"articleSection\":[\"M\u0259d\u0259niyy\u0259t\",\"X\u0259b\u0259rl\u0259r\"],\"inLanguage\":\"az\"},{\"@type\":\"WebPage\",\"@id\":\"https:\\\/\\\/www.meydan.tv\\\/az\\\/article\\\/birlesmis-kinoittifaqlar-prezident-seckisinin-bitmesini-gozleyir\\\/\",\"url\":\"https:\\\/\\\/www.meydan.tv\\\/az\\\/article\\\/birlesmis-kinoittifaqlar-prezident-seckisinin-bitmesini-gozleyir\\\/\",\"name\":\"Birl\u0259\u015fmi\u015f kinoittifaqlar\u0131 Prezident se\u00e7kisinin bitm\u0259sini g\u00f6zl\u0259yir - MEYDAN.TV\",\"isPartOf\":{\"@id\":\"https:\\\/\\\/www.meydan.tv\\\/az\\\/#website\"},\"primaryImageOfPage\":{\"@id\":\"https:\\\/\\\/www.meydan.tv\\\/az\\\/article\\\/birlesmis-kinoittifaqlar-prezident-seckisinin-bitmesini-gozleyir\\\/#primaryimage\"},\"image\":{\"@id\":\"https:\\\/\\\/www.meydan.tv\\\/az\\\/article\\\/birlesmis-kinoittifaqlar-prezident-seckisinin-bitmesini-gozleyir\\\/#primaryimage\"},\"thumbnailUrl\":\"https:\\\/\\\/www.meydan.tv\\\/wp-content\\\/uploads\\\/398189845_735922308577775_7864337001593710936_n.jpg\",\"datePublished\":\"2024-01-17T09:06:23+00:00\",\"dateModified\":\"2024-01-17T09:06:28+00:00\",\"breadcrumb\":{\"@id\":\"https:\\\/\\\/www.meydan.tv\\\/az\\\/article\\\/birlesmis-kinoittifaqlar-prezident-seckisinin-bitmesini-gozleyir\\\/#breadcrumb\"},\"inLanguage\":\"az\",\"potentialAction\":[{\"@type\":\"ReadAction\",\"target\":[\"https:\\\/\\\/www.meydan.tv\\\/az\\\/article\\\/birlesmis-kinoittifaqlar-prezident-seckisinin-bitmesini-gozleyir\\\/\"]}]},{\"@type\":\"ImageObject\",\"inLanguage\":\"az\",\"@id\":\"https:\\\/\\\/www.meydan.tv\\\/az\\\/article\\\/birlesmis-kinoittifaqlar-prezident-seckisinin-bitmesini-gozleyir\\\/#primaryimage\",\"url\":\"https:\\\/\\\/www.meydan.tv\\\/wp-content\\\/uploads\\\/398189845_735922308577775_7864337001593710936_n.jpg\",\"contentUrl\":\"https:\\\/\\\/www.meydan.tv\\\/wp-content\\\/uploads\\\/398189845_735922308577775_7864337001593710936_n.jpg\",\"width\":1200,\"height\":800,\"caption\":\"Foto: Az\u0259rbaycan Kinematoqraf\u00e7\u0131lar \u0130ttifaq\u0131 (AK\u0130)\"},{\"@type\":\"BreadcrumbList\",\"@id\":\"https:\\\/\\\/www.meydan.tv\\\/az\\\/article\\\/birlesmis-kinoittifaqlar-prezident-seckisinin-bitmesini-gozleyir\\\/#breadcrumb\",\"itemListElement\":[{\"@type\":\"ListItem\",\"position\":1,\"name\":\"Ana s\u0259hif\u0259\",\"item\":\"https:\\\/\\\/www.meydan.tv\\\/az\\\/\"},{\"@type\":\"ListItem\",\"position\":2,\"name\":\"M\u0259d\u0259niyy\u0259t\",\"item\":\"https:\\\/\\\/www.meydan.tv\\\/az\\\/section\\\/medeniyyet\\\/\"},{\"@type\":\"ListItem\",\"position\":3,\"name\":\"Birl\u0259\u015fmi\u015f kinoittifaqlar\u0131 Prezident se\u00e7kisinin bitm\u0259sini g\u00f6zl\u0259yir\"}]},{\"@type\":\"WebSite\",\"@id\":\"https:\\\/\\\/www.meydan.tv\\\/az\\\/#website\",\"url\":\"https:\\\/\\\/www.meydan.tv\\\/az\\\/\",\"name\":\"MEYDAN.TV\",\"description\":\"Meydan TV Az\u0259rbaycan\u0131n media m\u0259kan\u0131ndak\u0131 alternativ s\u0259sidir\",\"publisher\":{\"@id\":\"https:\\\/\\\/www.meydan.tv\\\/az\\\/#organization\"},\"potentialAction\":[{\"@type\":\"SearchAction\",\"target\":{\"@type\":\"EntryPoint\",\"urlTemplate\":\"https:\\\/\\\/www.meydan.tv\\\/az\\\/?s={search_term_string}\"},\"query-input\":{\"@type\":\"PropertyValueSpecification\",\"valueRequired\":true,\"valueName\":\"search_term_string\"}}],\"inLanguage\":\"az\"},{\"@type\":\"Organization\",\"@id\":\"https:\\\/\\\/www.meydan.tv\\\/az\\\/#organization\",\"name\":\"Meydan TV\",\"url\":\"https:\\\/\\\/www.meydan.tv\\\/az\\\/\",\"logo\":{\"@type\":\"ImageObject\",\"inLanguage\":\"az\",\"@id\":\"https:\\\/\\\/www.meydan.tv\\\/az\\\/#\\\/schema\\\/logo\\\/image\\\/\",\"url\":\"https:\\\/\\\/www.meydan.tv\\\/wp-content\\\/uploads\\\/2021\\\/07\\\/meydan-logo.svg\",\"contentUrl\":\"https:\\\/\\\/www.meydan.tv\\\/wp-content\\\/uploads\\\/2021\\\/07\\\/meydan-logo.svg\",\"width\":195,\"height\":46,\"caption\":\"Meydan TV\"},\"image\":{\"@id\":\"https:\\\/\\\/www.meydan.tv\\\/az\\\/#\\\/schema\\\/logo\\\/image\\\/\"}},{\"@type\":\"Person\",\"@id\":\"https:\\\/\\\/www.meydan.tv\\\/az\\\/#\\\/schema\\\/person\\\/9cdbecf90d17180ce1dfbd95b08dcf47\",\"name\":\"elli\",\"sameAs\":[\"https:\\\/\\\/x.com\\\/elli\"]}]}<\/script>\n<!-- \/ Yoast SEO plugin. -->","yoast_head_json":{"title":"Birl\u0259\u015fmi\u015f kinoittifaqlar\u0131 Prezident se\u00e7kisinin bitm\u0259sini g\u00f6zl\u0259yir - MEYDAN.TV","robots":{"index":"index","follow":"follow","max-snippet":"max-snippet:-1","max-image-preview":"max-image-preview:large","max-video-preview":"max-video-preview:-1"},"canonical":"https:\/\/www.meydan.tv\/az\/article\/birlesmis-kinoittifaqlar-prezident-seckisinin-bitmesini-gozleyir\/","og_locale":"az_AZ","og_type":"article","og_title":"Birl\u0259\u015fmi\u015f kinoittifaqlar\u0131 Prezident se\u00e7kisinin bitm\u0259sini g\u00f6zl\u0259yir - MEYDAN.TV","og_description":"Daha sonra birg\u0259 qurultay ke\u00e7irilib, s\u0259dr se\u00e7il\u0259c\u0259k Az\u0259rbaycan Kinematoqraf\u00e7\u0131lar \u0130ttifaq\u0131 ... Davam\u0131","og_url":"https:\/\/www.meydan.tv\/az\/article\/birlesmis-kinoittifaqlar-prezident-seckisinin-bitmesini-gozleyir\/","og_site_name":"MEYDAN.TV","article_published_time":"2024-01-17T09:06:23+00:00","article_modified_time":"2024-01-17T09:06:28+00:00","og_image":[{"width":1200,"height":800,"url":"https:\/\/www.meydan.tv\/wp-content\/uploads\/398189845_735922308577775_7864337001593710936_n.jpg","type":"image\/jpeg"}],"author":"elli","twitter_card":"summary_large_image","twitter_creator":"@elli","schema":{"@context":"https:\/\/schema.org","@graph":[{"@type":"Article","@id":"https:\/\/www.meydan.tv\/az\/article\/birlesmis-kinoittifaqlar-prezident-seckisinin-bitmesini-gozleyir\/#article","isPartOf":{"@id":"https:\/\/www.meydan.tv\/az\/article\/birlesmis-kinoittifaqlar-prezident-seckisinin-bitmesini-gozleyir\/"},"author":{"name":"elli","@id":"https:\/\/www.meydan.tv\/az\/#\/schema\/person\/9cdbecf90d17180ce1dfbd95b08dcf47"},"headline":"Birl\u0259\u015fmi\u015f kinoittifaqlar\u0131 Prezident se\u00e7kisinin bitm\u0259sini g\u00f6zl\u0259yir","datePublished":"2024-01-17T09:06:23+00:00","dateModified":"2024-01-17T09:06:28+00:00","mainEntityOfPage":{"@id":"https:\/\/www.meydan.tv\/az\/article\/birlesmis-kinoittifaqlar-prezident-seckisinin-bitmesini-gozleyir\/"},"wordCount":519,"publisher":{"@id":"https:\/\/www.meydan.tv\/az\/#organization"},"image":{"@id":"https:\/\/www.meydan.tv\/az\/article\/birlesmis-kinoittifaqlar-prezident-seckisinin-bitmesini-gozleyir\/#primaryimage"},"thumbnailUrl":"https:\/\/www.meydan.tv\/wp-content\/uploads\/398189845_735922308577775_7864337001593710936_n.jpg","articleSection":["M\u0259d\u0259niyy\u0259t","X\u0259b\u0259rl\u0259r"],"inLanguage":"az"},{"@type":"WebPage","@id":"https:\/\/www.meydan.tv\/az\/article\/birlesmis-kinoittifaqlar-prezident-seckisinin-bitmesini-gozleyir\/","url":"https:\/\/www.meydan.tv\/az\/article\/birlesmis-kinoittifaqlar-prezident-seckisinin-bitmesini-gozleyir\/","name":"Birl\u0259\u015fmi\u015f kinoittifaqlar\u0131 Prezident se\u00e7kisinin bitm\u0259sini g\u00f6zl\u0259yir - MEYDAN.TV","isPartOf":{"@id":"https:\/\/www.meydan.tv\/az\/#website"},"primaryImageOfPage":{"@id":"https:\/\/www.meydan.tv\/az\/article\/birlesmis-kinoittifaqlar-prezident-seckisinin-bitmesini-gozleyir\/#primaryimage"},"image":{"@id":"https:\/\/www.meydan.tv\/az\/article\/birlesmis-kinoittifaqlar-prezident-seckisinin-bitmesini-gozleyir\/#primaryimage"},"thumbnailUrl":"https:\/\/www.meydan.tv\/wp-content\/uploads\/398189845_735922308577775_7864337001593710936_n.jpg","datePublished":"2024-01-17T09:06:23+00:00","dateModified":"2024-01-17T09:06:28+00:00","breadcrumb":{"@id":"https:\/\/www.meydan.tv\/az\/article\/birlesmis-kinoittifaqlar-prezident-seckisinin-bitmesini-gozleyir\/#breadcrumb"},"inLanguage":"az","potentialAction":[{"@type":"ReadAction","target":["https:\/\/www.meydan.tv\/az\/article\/birlesmis-kinoittifaqlar-prezident-seckisinin-bitmesini-gozleyir\/"]}]},{"@type":"ImageObject","inLanguage":"az","@id":"https:\/\/www.meydan.tv\/az\/article\/birlesmis-kinoittifaqlar-prezident-seckisinin-bitmesini-gozleyir\/#primaryimage","url":"https:\/\/www.meydan.tv\/wp-content\/uploads\/398189845_735922308577775_7864337001593710936_n.jpg","contentUrl":"https:\/\/www.meydan.tv\/wp-content\/uploads\/398189845_735922308577775_7864337001593710936_n.jpg","width":1200,"height":800,"caption":"Foto: Az\u0259rbaycan Kinematoqraf\u00e7\u0131lar \u0130ttifaq\u0131 (AK\u0130)"},{"@type":"BreadcrumbList","@id":"https:\/\/www.meydan.tv\/az\/article\/birlesmis-kinoittifaqlar-prezident-seckisinin-bitmesini-gozleyir\/#breadcrumb","itemListElement":[{"@type":"ListItem","position":1,"name":"Ana s\u0259hif\u0259","item":"https:\/\/www.meydan.tv\/az\/"},{"@type":"ListItem","position":2,"name":"M\u0259d\u0259niyy\u0259t","item":"https:\/\/www.meydan.tv\/az\/section\/medeniyyet\/"},{"@type":"ListItem","position":3,"name":"Birl\u0259\u015fmi\u015f kinoittifaqlar\u0131 Prezident se\u00e7kisinin bitm\u0259sini g\u00f6zl\u0259yir"}]},{"@type":"WebSite","@id":"https:\/\/www.meydan.tv\/az\/#website","url":"https:\/\/www.meydan.tv\/az\/","name":"MEYDAN.TV","description":"Meydan TV Az\u0259rbaycan\u0131n media m\u0259kan\u0131ndak\u0131 alternativ s\u0259sidir","publisher":{"@id":"https:\/\/www.meydan.tv\/az\/#organization"},"potentialAction":[{"@type":"SearchAction","target":{"@type":"EntryPoint","urlTemplate":"https:\/\/www.meydan.tv\/az\/?s={search_term_string}"},"query-input":{"@type":"PropertyValueSpecification","valueRequired":true,"valueName":"search_term_string"}}],"inLanguage":"az"},{"@type":"Organization","@id":"https:\/\/www.meydan.tv\/az\/#organization","name":"Meydan TV","url":"https:\/\/www.meydan.tv\/az\/","logo":{"@type":"ImageObject","inLanguage":"az","@id":"https:\/\/www.meydan.tv\/az\/#\/schema\/logo\/image\/","url":"https:\/\/www.meydan.tv\/wp-content\/uploads\/2021\/07\/meydan-logo.svg","contentUrl":"https:\/\/www.meydan.tv\/wp-content\/uploads\/2021\/07\/meydan-logo.svg","width":195,"height":46,"caption":"Meydan TV"},"image":{"@id":"https:\/\/www.meydan.tv\/az\/#\/schema\/logo\/image\/"}},{"@type":"Person","@id":"https:\/\/www.meydan.tv\/az\/#\/schema\/person\/9cdbecf90d17180ce1dfbd95b08dcf47","name":"elli","sameAs":["https:\/\/x.com\/elli"]}]}},"_links":{"self":[{"href":"https:\/\/www.meydan.tv\/az\/wp-json\/wp\/v2\/posts\/295495","targetHints":{"allow":["GET"]}}],"collection":[{"href":"https:\/\/www.meydan.tv\/az\/wp-json\/wp\/v2\/posts"}],"about":[{"href":"https:\/\/www.meydan.tv\/az\/wp-json\/wp\/v2\/types\/post"}],"author":[{"embeddable":true,"href":"https:\/\/www.meydan.tv\/az\/wp-json\/wp\/v2\/users\/8"}],"replies":[{"embeddable":true,"href":"https:\/\/www.meydan.tv\/az\/wp-json\/wp\/v2\/comments?post=295495"}],"version-history":[{"count":3,"href":"https:\/\/www.meydan.tv\/az\/wp-json\/wp\/v2\/posts\/295495\/revisions"}],"predecessor-version":[{"id":295501,"href":"https:\/\/www.meydan.tv\/az\/wp-json\/wp\/v2\/posts\/295495\/revisions\/295501"}],"wp:featuredmedia":[{"embeddable":true,"href":"https:\/\/www.meydan.tv\/az\/wp-json\/wp\/v2\/media\/289734"}],"wp:attachment":[{"href":"https:\/\/www.meydan.tv\/az\/wp-json\/wp\/v2\/media?parent=295495"}],"wp:term":[{"taxonomy":"category","embeddable":true,"href":"https:\/\/www.meydan.tv\/az\/wp-json\/wp\/v2\/categories?post=295495"},{"taxonomy":"post_tag","embeddable":true,"href":"https:\/\/www.meydan.tv\/az\/wp-json\/wp\/v2\/tags?post=295495"}],"curies":[{"name":"wp","href":"https:\/\/api.w.org\/{rel}","templated":true}]}}