{"id":295451,"date":"2024-01-16T18:26:15","date_gmt":"2024-01-16T14:26:15","guid":{"rendered":"https:\/\/www.meydan.tv\/?p=295451"},"modified":"2024-01-16T18:26:19","modified_gmt":"2024-01-16T14:26:19","slug":"avropa-parlamenti-azerbaycana-musahideci-gondermeyecek","status":"publish","type":"post","link":"https:\/\/www.meydan.tv\/az\/article\/avropa-parlamenti-azerbaycana-musahideci-gondermeyecek\/","title":{"rendered":"Avropa Parlamenti Az\u0259rbaycana m\u00fc\u015fahid\u0259\u00e7i g\u00f6nd\u0259rm\u0259y\u0259c\u0259k"},"content":{"rendered":"\n<p><\/p>\n\n\n\n<p><strong><em>T\u0259\u015fkilat se\u00e7kil\u0259rin n\u0259tic\u0259l\u0259rini d\u0259 \u015f\u0259rh etm\u0259y\u0259c\u0259yini deyir<\/em><\/strong><\/p>\n\n\n\n<p>Avropa Parlamentinin Az\u0259rbaycanda 7 fevral n\u00f6vb\u0259d\u0259nk\u0259nar Prezident se\u00e7kisini m\u00fc\u015fahid\u0259 etm\u0259y\u0259c\u0259yi bildirilir.<\/p>\n\n\n\n<p>Bu bar\u0259d\u0259 yanvar\u0131n 15-d\u0259 Avropa Parlamentinin demokratiyaya d\u0259st\u0259k v\u0259 se\u00e7ki koordinasiya qrupunun h\u0259ms\u0259drl\u0259ri, deputatlar Devid Mak-Allister v\u0259 Tomas Tobenin birg\u0259 b\u0259yanat\u0131nda <a href=\"https:\/\/turan.az\/az\/siyaset\/avropa-parlamenti-azerbaycanda-prezident-seckilerini-musahide-etmeyecek-776300\">deyilir.<\/a><\/p>\n\n\n\n<p>B\u0259yanatda qeyd olunub ki, Avropa Parlamenti se\u00e7kil\u0259rd\u0259 m\u00fc\u015fahid\u0259 aparamayaca\u011f\u0131 \u00fc\u00e7\u00fcn se\u00e7ki prosesini, el\u0259c\u0259 d\u0259 elan edilmi\u015f n\u0259tic\u0259l\u0259ri \u015f\u0259rh etm\u0259y\u0259c\u0259k:<\/p>\n\n\n\n<p>&#8220;Avropa Parlamentinin he\u00e7 bir \u00fczv\u00fcn\u00fcn bu qurumun ad\u0131ndan se\u00e7kil\u0259ri m\u00fc\u015fahid\u0259 etm\u0259k v\u0259 ya \u015f\u0259rh etm\u0259k s\u0259lahiyy\u0259ti yoxdur\u201d.<\/p>\n\n\n\n<p>\u201c<em>\u018fg\u0259r Avropa Parlamentinin \u00fczvl\u0259rind\u0259n h\u0259r hans\u0131 biri se\u00e7kil\u0259r\u0259 m\u00fcnasib\u0259t bildirm\u0259k q\u0259rar\u0131na g\u0259l\u0259rs\u0259, bu, Avropa Parlamentinin yox, onun \u015f\u0259xsi t\u0259\u015f\u0259bb\u00fcs\u00fc olacaq&#8221;,<\/em> &#8211; dey\u0259 s\u0259n\u0259dd\u0259 vur\u011fulan\u0131r.<\/p>\n\n\n\n<p><strong>Se\u00e7kil\u0259r n\u0259 vaxt ke\u00e7iril\u0259c\u0259k v\u0259 kiml\u0259r namiz\u0259ddir?<\/strong><\/p>\n\n\n\n<p>2024-c\u00fc ilin fevral\u0131n 7-d\u0259 Az\u0259rbaycanda n\u00f6vb\u0259d\u0259nk\u0259nar Prezident se\u00e7kil\u0259ri ke\u00e7iril\u0259c\u0259k.<\/p>\n\n\n\n<p>\u0130lham \u018fliyev \u00f6t\u0259n il dekabr\u0131n 7-d\u0259 bununla ba\u011fl\u0131 s\u0259r\u0259ncam imzalay\u0131b.<\/p>\n\n\n\n<p>Namiz\u0259dliyi qeyd\u0259 alnm\u0131\u015f \u015f\u0259xsl\u0259r \u2013 \u00f6lk\u0259 ba\u015f\u00e7\u0131s\u0131 <a href=\"https:\/\/storage.googleapis.com\/qurium\/www.meydan.tv\/az-article-yap-namizedini-resmen-aciqladi.html\">\u0130lham \u018fliyev<\/a>, deputatlar \u2013 <a href=\"https:\/\/storage.googleapis.com\/qurium\/www.meydan.tv\/az-article-fazil-mustafa-da-prezidentliye-namized-olacaq.html\">Fazil Mustafa<\/a>, <a href=\"https:\/\/storage.googleapis.com\/qurium\/www.meydan.tv\/az-article-zahid-oruc-da-prezidentliye-namized-olacaq.html\">Zahid Oruc,<\/a> <a href=\"https:\/\/d9mc3ts4czbpr.cloudfront.net\/az\/article\/qudret-hesenquliyev-yene-namized-olacaq\/\">Q\u00fcdr\u0259t H\u0259s\u0259nquliyev<\/a>, <a href=\"https:\/\/storage.googleapis.com\/qurium\/www.meydan.tv\/az-article-razi-nurullayev-de-namizedliyini-ireli-surub.html\">Razi Nurullayev<\/a>, B\u00f6y\u00fck Az\u0259rbaycan Partiyas\u0131n\u0131n s\u0259dri <a href=\"https:\/\/storage.googleapis.com\/qurium\/www.meydan.tv\/az-article-elsad-musayev-de-prezident-olmaq-isteyir.html\">El\u015fad Musayev<\/a>, <a href=\"https:\/\/www.meydan.tv\/az\/article\/fealiyyetini-dayandiran-partiyanin-sedri-prezidentliye-namized-olacaq\/\">Fuad \u018fliyev<\/a>dir.<\/p>\n\n\n\n<p>Namiz\u0259d S\u0259f\u0259rov, S\u0259rvan K\u0259rimov, <a href=\"https:\/\/storage.googleapis.com\/qurium\/www.meydan.tv\/az-article-prezidentliye-namizedliyini-ireli-suren-sexs-ilham-eliyevi-xilas-etmek-isteyirem-ancaq-o-el-vermir.html\">M\u0259tl\u0259b M\u00fct\u0259llimli<\/a>, Abutal\u0131b S\u0259m\u0259dov, Fikr\u0259t Yusifov, Yusif Ba\u011f\u0131rzad\u0259, Arzuman Abdulk\u0259rimov, Yunus O\u011fuz, Qulamh\u00fcseyn \u018flib\u0259yli namiz\u0259dlikl\u0259rini ir\u0259li s\u00fcrs\u0259l\u0259r d\u0259, onlar qeyd\u0259 al\u0131nmay\u0131blar.<\/p>\n\n\n\n<p>Prezidentliy\u0259 namiz\u0259dliyini ver\u0259n \u015f\u0259xsl\u0259rin h\u0259r biri hakimiyy\u0259ty\u00f6n\u00fcml\u00fc kimi tan\u0131n\u0131r.<\/p>\n\n\n\n<p><a href=\"https:\/\/storage.googleapis.com\/qurium\/www.meydan.tv\/az-article-axcp-de-seckide-istirak-etmeyecek.html\">AXCP<\/a>, <a href=\"https:\/\/storage.googleapis.com\/qurium\/www.meydan.tv\/az-article-musavat-novbedenkenar-seckide-istirakdan-imtina-edib.html\">M\u00fcsavat<\/a> v\u0259 <a href=\"https:\/\/storage.googleapis.com\/qurium\/www.meydan.tv\/az-article-kxcp-de-seckide-istirak-etmeyecek.html\">Klassik Xalq C\u0259bh\u0259si<\/a> partiyalar\u0131 se\u00e7kini boykot ed\u0259c\u0259kl\u0259rini a\u00e7\u0131qlay\u0131blar.<\/p>\n\n\n\n<p>Az\u0259rbaycanda sonuncu d\u0259f\u0259 Prezident se\u00e7kil\u0259ri 2018-ci il aprelin 11-d\u0259 ke\u00e7irilib.<\/p>\n\n\n\n<p>H\u0259min se\u00e7kil\u0259r d\u0259 n\u00f6vb\u0259d\u0259nk\u0259nar olub.<\/p>\n\n\n\n<p>\u0130lham \u018fliyev 20 ildir ki, Prezident v\u0259zif\u0259sini icra edir.<\/p>\n\n\n\n<p><\/p>\n","protected":false},"excerpt":{"rendered":"<p>T\u0259\u015fkilat se\u00e7kil\u0259rin n\u0259tic\u0259l\u0259rini d\u0259 \u015f\u0259rh etm\u0259y\u0259c\u0259yini deyir Avropa Parlamentinin Az\u0259rbaycanda &#8230; <\/p>\n<p class=\"read-more-container\"><a title=\"Avropa Parlamenti Az\u0259rbaycana m\u00fc\u015fahid\u0259\u00e7i g\u00f6nd\u0259rm\u0259y\u0259c\u0259k\" class=\"read-more button\" href=\"https:\/\/www.meydan.tv\/az\/article\/avropa-parlamenti-azerbaycana-musahideci-gondermeyecek\/#more-295451\" aria-label=\"Read more about Avropa Parlamenti Az\u0259rbaycana m\u00fc\u015fahid\u0259\u00e7i g\u00f6nd\u0259rm\u0259y\u0259c\u0259k\">Davam\u0131<\/a><\/p>\n","protected":false},"author":8,"featured_media":268580,"comment_status":"closed","ping_status":"closed","sticky":false,"template":"","format":"standard","meta":{"_acf_changed":false,"_sitemap_exclude":false,"_sitemap_priority":"","_sitemap_frequency":"","footnotes":""},"categories":[129,59,79,56],"tags":[],"class_list":["post-295451","post","type-post","status-publish","format-standard","has-post-thumbnail","hentry","category-sechki-2024","category-siyaset","category-featured","category-xeberler","infinite-scroll-item","generate-columns","tablet-grid-50","mobile-grid-100","grid-parent","grid-33","no-featured-image-padding"],"acf":[],"yoast_head":"<!-- This site is optimized with the Yoast SEO plugin v27.4 - https:\/\/yoast.com\/product\/yoast-seo-wordpress\/ -->\n<title>Avropa Parlamenti Az\u0259rbaycana m\u00fc\u015fahid\u0259\u00e7i g\u00f6nd\u0259rm\u0259y\u0259c\u0259k - MEYDAN.TV<\/title>\n<meta name=\"robots\" content=\"index, follow, max-snippet:-1, max-image-preview:large, max-video-preview:-1\" \/>\n<link rel=\"canonical\" href=\"https:\/\/www.meydan.tv\/az\/article\/avropa-parlamenti-azerbaycana-musahideci-gondermeyecek\/\" \/>\n<meta property=\"og:locale\" content=\"az_AZ\" \/>\n<meta property=\"og:type\" content=\"article\" \/>\n<meta property=\"og:title\" content=\"Avropa Parlamenti Az\u0259rbaycana m\u00fc\u015fahid\u0259\u00e7i g\u00f6nd\u0259rm\u0259y\u0259c\u0259k - MEYDAN.TV\" \/>\n<meta property=\"og:description\" content=\"T\u0259\u015fkilat se\u00e7kil\u0259rin n\u0259tic\u0259l\u0259rini d\u0259 \u015f\u0259rh etm\u0259y\u0259c\u0259yini deyir Avropa Parlamentinin Az\u0259rbaycanda ... Davam\u0131\" \/>\n<meta property=\"og:url\" content=\"https:\/\/www.meydan.tv\/az\/article\/avropa-parlamenti-azerbaycana-musahideci-gondermeyecek\/\" \/>\n<meta property=\"og:site_name\" content=\"MEYDAN.TV\" \/>\n<meta property=\"article:published_time\" content=\"2024-01-16T14:26:15+00:00\" \/>\n<meta property=\"article:modified_time\" content=\"2024-01-16T14:26:19+00:00\" \/>\n<meta property=\"og:image\" content=\"https:\/\/www.meydan.tv\/wp-content\/uploads\/shutterstock_2106175271.jpg\" \/>\n\t<meta property=\"og:image:width\" content=\"1000\" \/>\n\t<meta property=\"og:image:height\" content=\"667\" \/>\n\t<meta property=\"og:image:type\" content=\"image\/jpeg\" \/>\n<meta name=\"author\" content=\"elli\" \/>\n<meta name=\"twitter:card\" content=\"summary_large_image\" \/>\n<meta name=\"twitter:creator\" content=\"@elli\" \/>\n<script type=\"application\/ld+json\" class=\"yoast-schema-graph\">{\"@context\":\"https:\\\/\\\/schema.org\",\"@graph\":[{\"@type\":\"Article\",\"@id\":\"https:\\\/\\\/www.meydan.tv\\\/az\\\/article\\\/avropa-parlamenti-azerbaycana-musahideci-gondermeyecek\\\/#article\",\"isPartOf\":{\"@id\":\"https:\\\/\\\/www.meydan.tv\\\/az\\\/article\\\/avropa-parlamenti-azerbaycana-musahideci-gondermeyecek\\\/\"},\"author\":{\"name\":\"elli\",\"@id\":\"https:\\\/\\\/www.meydan.tv\\\/az\\\/#\\\/schema\\\/person\\\/9cdbecf90d17180ce1dfbd95b08dcf47\"},\"headline\":\"Avropa Parlamenti Az\u0259rbaycana m\u00fc\u015fahid\u0259\u00e7i g\u00f6nd\u0259rm\u0259y\u0259c\u0259k\",\"datePublished\":\"2024-01-16T14:26:15+00:00\",\"dateModified\":\"2024-01-16T14:26:19+00:00\",\"mainEntityOfPage\":{\"@id\":\"https:\\\/\\\/www.meydan.tv\\\/az\\\/article\\\/avropa-parlamenti-azerbaycana-musahideci-gondermeyecek\\\/\"},\"wordCount\":397,\"publisher\":{\"@id\":\"https:\\\/\\\/www.meydan.tv\\\/az\\\/#organization\"},\"image\":{\"@id\":\"https:\\\/\\\/www.meydan.tv\\\/az\\\/article\\\/avropa-parlamenti-azerbaycana-musahideci-gondermeyecek\\\/#primaryimage\"},\"thumbnailUrl\":\"https:\\\/\\\/www.meydan.tv\\\/wp-content\\\/uploads\\\/shutterstock_2106175271.jpg\",\"articleSection\":[\"Se\u00e7ki 2024\",\"Siyas\u0259t\",\"T\u00f6vsiy\u0259\",\"X\u0259b\u0259rl\u0259r\"],\"inLanguage\":\"az\"},{\"@type\":\"WebPage\",\"@id\":\"https:\\\/\\\/www.meydan.tv\\\/az\\\/article\\\/avropa-parlamenti-azerbaycana-musahideci-gondermeyecek\\\/\",\"url\":\"https:\\\/\\\/www.meydan.tv\\\/az\\\/article\\\/avropa-parlamenti-azerbaycana-musahideci-gondermeyecek\\\/\",\"name\":\"Avropa Parlamenti Az\u0259rbaycana m\u00fc\u015fahid\u0259\u00e7i g\u00f6nd\u0259rm\u0259y\u0259c\u0259k - MEYDAN.TV\",\"isPartOf\":{\"@id\":\"https:\\\/\\\/www.meydan.tv\\\/az\\\/#website\"},\"primaryImageOfPage\":{\"@id\":\"https:\\\/\\\/www.meydan.tv\\\/az\\\/article\\\/avropa-parlamenti-azerbaycana-musahideci-gondermeyecek\\\/#primaryimage\"},\"image\":{\"@id\":\"https:\\\/\\\/www.meydan.tv\\\/az\\\/article\\\/avropa-parlamenti-azerbaycana-musahideci-gondermeyecek\\\/#primaryimage\"},\"thumbnailUrl\":\"https:\\\/\\\/www.meydan.tv\\\/wp-content\\\/uploads\\\/shutterstock_2106175271.jpg\",\"datePublished\":\"2024-01-16T14:26:15+00:00\",\"dateModified\":\"2024-01-16T14:26:19+00:00\",\"breadcrumb\":{\"@id\":\"https:\\\/\\\/www.meydan.tv\\\/az\\\/article\\\/avropa-parlamenti-azerbaycana-musahideci-gondermeyecek\\\/#breadcrumb\"},\"inLanguage\":\"az\",\"potentialAction\":[{\"@type\":\"ReadAction\",\"target\":[\"https:\\\/\\\/www.meydan.tv\\\/az\\\/article\\\/avropa-parlamenti-azerbaycana-musahideci-gondermeyecek\\\/\"]}]},{\"@type\":\"ImageObject\",\"inLanguage\":\"az\",\"@id\":\"https:\\\/\\\/www.meydan.tv\\\/az\\\/article\\\/avropa-parlamenti-azerbaycana-musahideci-gondermeyecek\\\/#primaryimage\",\"url\":\"https:\\\/\\\/www.meydan.tv\\\/wp-content\\\/uploads\\\/shutterstock_2106175271.jpg\",\"contentUrl\":\"https:\\\/\\\/www.meydan.tv\\\/wp-content\\\/uploads\\\/shutterstock_2106175271.jpg\",\"width\":1000,\"height\":667,\"caption\":\"Avropa Parlamenti. Foto: shutterstockHadrian\"},{\"@type\":\"BreadcrumbList\",\"@id\":\"https:\\\/\\\/www.meydan.tv\\\/az\\\/article\\\/avropa-parlamenti-azerbaycana-musahideci-gondermeyecek\\\/#breadcrumb\",\"itemListElement\":[{\"@type\":\"ListItem\",\"position\":1,\"name\":\"Ana s\u0259hif\u0259\",\"item\":\"https:\\\/\\\/www.meydan.tv\\\/az\\\/\"},{\"@type\":\"ListItem\",\"position\":2,\"name\":\"Siyas\u0259t\",\"item\":\"https:\\\/\\\/www.meydan.tv\\\/az\\\/section\\\/siyaset\\\/\"},{\"@type\":\"ListItem\",\"position\":3,\"name\":\"Avropa Parlamenti Az\u0259rbaycana m\u00fc\u015fahid\u0259\u00e7i g\u00f6nd\u0259rm\u0259y\u0259c\u0259k\"}]},{\"@type\":\"WebSite\",\"@id\":\"https:\\\/\\\/www.meydan.tv\\\/az\\\/#website\",\"url\":\"https:\\\/\\\/www.meydan.tv\\\/az\\\/\",\"name\":\"MEYDAN.TV\",\"description\":\"Meydan TV Az\u0259rbaycan\u0131n media m\u0259kan\u0131ndak\u0131 alternativ s\u0259sidir\",\"publisher\":{\"@id\":\"https:\\\/\\\/www.meydan.tv\\\/az\\\/#organization\"},\"potentialAction\":[{\"@type\":\"SearchAction\",\"target\":{\"@type\":\"EntryPoint\",\"urlTemplate\":\"https:\\\/\\\/www.meydan.tv\\\/az\\\/?s={search_term_string}\"},\"query-input\":{\"@type\":\"PropertyValueSpecification\",\"valueRequired\":true,\"valueName\":\"search_term_string\"}}],\"inLanguage\":\"az\"},{\"@type\":\"Organization\",\"@id\":\"https:\\\/\\\/www.meydan.tv\\\/az\\\/#organization\",\"name\":\"Meydan TV\",\"url\":\"https:\\\/\\\/www.meydan.tv\\\/az\\\/\",\"logo\":{\"@type\":\"ImageObject\",\"inLanguage\":\"az\",\"@id\":\"https:\\\/\\\/www.meydan.tv\\\/az\\\/#\\\/schema\\\/logo\\\/image\\\/\",\"url\":\"https:\\\/\\\/www.meydan.tv\\\/wp-content\\\/uploads\\\/2021\\\/07\\\/meydan-logo.svg\",\"contentUrl\":\"https:\\\/\\\/www.meydan.tv\\\/wp-content\\\/uploads\\\/2021\\\/07\\\/meydan-logo.svg\",\"width\":195,\"height\":46,\"caption\":\"Meydan TV\"},\"image\":{\"@id\":\"https:\\\/\\\/www.meydan.tv\\\/az\\\/#\\\/schema\\\/logo\\\/image\\\/\"}},{\"@type\":\"Person\",\"@id\":\"https:\\\/\\\/www.meydan.tv\\\/az\\\/#\\\/schema\\\/person\\\/9cdbecf90d17180ce1dfbd95b08dcf47\",\"name\":\"elli\",\"sameAs\":[\"https:\\\/\\\/x.com\\\/elli\"]}]}<\/script>\n<!-- \/ Yoast SEO plugin. -->","yoast_head_json":{"title":"Avropa Parlamenti Az\u0259rbaycana m\u00fc\u015fahid\u0259\u00e7i g\u00f6nd\u0259rm\u0259y\u0259c\u0259k - MEYDAN.TV","robots":{"index":"index","follow":"follow","max-snippet":"max-snippet:-1","max-image-preview":"max-image-preview:large","max-video-preview":"max-video-preview:-1"},"canonical":"https:\/\/www.meydan.tv\/az\/article\/avropa-parlamenti-azerbaycana-musahideci-gondermeyecek\/","og_locale":"az_AZ","og_type":"article","og_title":"Avropa Parlamenti Az\u0259rbaycana m\u00fc\u015fahid\u0259\u00e7i g\u00f6nd\u0259rm\u0259y\u0259c\u0259k - MEYDAN.TV","og_description":"T\u0259\u015fkilat se\u00e7kil\u0259rin n\u0259tic\u0259l\u0259rini d\u0259 \u015f\u0259rh etm\u0259y\u0259c\u0259yini deyir Avropa Parlamentinin Az\u0259rbaycanda ... Davam\u0131","og_url":"https:\/\/www.meydan.tv\/az\/article\/avropa-parlamenti-azerbaycana-musahideci-gondermeyecek\/","og_site_name":"MEYDAN.TV","article_published_time":"2024-01-16T14:26:15+00:00","article_modified_time":"2024-01-16T14:26:19+00:00","og_image":[{"width":1000,"height":667,"url":"https:\/\/www.meydan.tv\/wp-content\/uploads\/shutterstock_2106175271.jpg","type":"image\/jpeg"}],"author":"elli","twitter_card":"summary_large_image","twitter_creator":"@elli","schema":{"@context":"https:\/\/schema.org","@graph":[{"@type":"Article","@id":"https:\/\/www.meydan.tv\/az\/article\/avropa-parlamenti-azerbaycana-musahideci-gondermeyecek\/#article","isPartOf":{"@id":"https:\/\/www.meydan.tv\/az\/article\/avropa-parlamenti-azerbaycana-musahideci-gondermeyecek\/"},"author":{"name":"elli","@id":"https:\/\/www.meydan.tv\/az\/#\/schema\/person\/9cdbecf90d17180ce1dfbd95b08dcf47"},"headline":"Avropa Parlamenti Az\u0259rbaycana m\u00fc\u015fahid\u0259\u00e7i g\u00f6nd\u0259rm\u0259y\u0259c\u0259k","datePublished":"2024-01-16T14:26:15+00:00","dateModified":"2024-01-16T14:26:19+00:00","mainEntityOfPage":{"@id":"https:\/\/www.meydan.tv\/az\/article\/avropa-parlamenti-azerbaycana-musahideci-gondermeyecek\/"},"wordCount":397,"publisher":{"@id":"https:\/\/www.meydan.tv\/az\/#organization"},"image":{"@id":"https:\/\/www.meydan.tv\/az\/article\/avropa-parlamenti-azerbaycana-musahideci-gondermeyecek\/#primaryimage"},"thumbnailUrl":"https:\/\/www.meydan.tv\/wp-content\/uploads\/shutterstock_2106175271.jpg","articleSection":["Se\u00e7ki 2024","Siyas\u0259t","T\u00f6vsiy\u0259","X\u0259b\u0259rl\u0259r"],"inLanguage":"az"},{"@type":"WebPage","@id":"https:\/\/www.meydan.tv\/az\/article\/avropa-parlamenti-azerbaycana-musahideci-gondermeyecek\/","url":"https:\/\/www.meydan.tv\/az\/article\/avropa-parlamenti-azerbaycana-musahideci-gondermeyecek\/","name":"Avropa Parlamenti Az\u0259rbaycana m\u00fc\u015fahid\u0259\u00e7i g\u00f6nd\u0259rm\u0259y\u0259c\u0259k - MEYDAN.TV","isPartOf":{"@id":"https:\/\/www.meydan.tv\/az\/#website"},"primaryImageOfPage":{"@id":"https:\/\/www.meydan.tv\/az\/article\/avropa-parlamenti-azerbaycana-musahideci-gondermeyecek\/#primaryimage"},"image":{"@id":"https:\/\/www.meydan.tv\/az\/article\/avropa-parlamenti-azerbaycana-musahideci-gondermeyecek\/#primaryimage"},"thumbnailUrl":"https:\/\/www.meydan.tv\/wp-content\/uploads\/shutterstock_2106175271.jpg","datePublished":"2024-01-16T14:26:15+00:00","dateModified":"2024-01-16T14:26:19+00:00","breadcrumb":{"@id":"https:\/\/www.meydan.tv\/az\/article\/avropa-parlamenti-azerbaycana-musahideci-gondermeyecek\/#breadcrumb"},"inLanguage":"az","potentialAction":[{"@type":"ReadAction","target":["https:\/\/www.meydan.tv\/az\/article\/avropa-parlamenti-azerbaycana-musahideci-gondermeyecek\/"]}]},{"@type":"ImageObject","inLanguage":"az","@id":"https:\/\/www.meydan.tv\/az\/article\/avropa-parlamenti-azerbaycana-musahideci-gondermeyecek\/#primaryimage","url":"https:\/\/www.meydan.tv\/wp-content\/uploads\/shutterstock_2106175271.jpg","contentUrl":"https:\/\/www.meydan.tv\/wp-content\/uploads\/shutterstock_2106175271.jpg","width":1000,"height":667,"caption":"Avropa Parlamenti. Foto: shutterstockHadrian"},{"@type":"BreadcrumbList","@id":"https:\/\/www.meydan.tv\/az\/article\/avropa-parlamenti-azerbaycana-musahideci-gondermeyecek\/#breadcrumb","itemListElement":[{"@type":"ListItem","position":1,"name":"Ana s\u0259hif\u0259","item":"https:\/\/www.meydan.tv\/az\/"},{"@type":"ListItem","position":2,"name":"Siyas\u0259t","item":"https:\/\/www.meydan.tv\/az\/section\/siyaset\/"},{"@type":"ListItem","position":3,"name":"Avropa Parlamenti Az\u0259rbaycana m\u00fc\u015fahid\u0259\u00e7i g\u00f6nd\u0259rm\u0259y\u0259c\u0259k"}]},{"@type":"WebSite","@id":"https:\/\/www.meydan.tv\/az\/#website","url":"https:\/\/www.meydan.tv\/az\/","name":"MEYDAN.TV","description":"Meydan TV Az\u0259rbaycan\u0131n media m\u0259kan\u0131ndak\u0131 alternativ s\u0259sidir","publisher":{"@id":"https:\/\/www.meydan.tv\/az\/#organization"},"potentialAction":[{"@type":"SearchAction","target":{"@type":"EntryPoint","urlTemplate":"https:\/\/www.meydan.tv\/az\/?s={search_term_string}"},"query-input":{"@type":"PropertyValueSpecification","valueRequired":true,"valueName":"search_term_string"}}],"inLanguage":"az"},{"@type":"Organization","@id":"https:\/\/www.meydan.tv\/az\/#organization","name":"Meydan TV","url":"https:\/\/www.meydan.tv\/az\/","logo":{"@type":"ImageObject","inLanguage":"az","@id":"https:\/\/www.meydan.tv\/az\/#\/schema\/logo\/image\/","url":"https:\/\/www.meydan.tv\/wp-content\/uploads\/2021\/07\/meydan-logo.svg","contentUrl":"https:\/\/www.meydan.tv\/wp-content\/uploads\/2021\/07\/meydan-logo.svg","width":195,"height":46,"caption":"Meydan TV"},"image":{"@id":"https:\/\/www.meydan.tv\/az\/#\/schema\/logo\/image\/"}},{"@type":"Person","@id":"https:\/\/www.meydan.tv\/az\/#\/schema\/person\/9cdbecf90d17180ce1dfbd95b08dcf47","name":"elli","sameAs":["https:\/\/x.com\/elli"]}]}},"_links":{"self":[{"href":"https:\/\/www.meydan.tv\/az\/wp-json\/wp\/v2\/posts\/295451","targetHints":{"allow":["GET"]}}],"collection":[{"href":"https:\/\/www.meydan.tv\/az\/wp-json\/wp\/v2\/posts"}],"about":[{"href":"https:\/\/www.meydan.tv\/az\/wp-json\/wp\/v2\/types\/post"}],"author":[{"embeddable":true,"href":"https:\/\/www.meydan.tv\/az\/wp-json\/wp\/v2\/users\/8"}],"replies":[{"embeddable":true,"href":"https:\/\/www.meydan.tv\/az\/wp-json\/wp\/v2\/comments?post=295451"}],"version-history":[{"count":2,"href":"https:\/\/www.meydan.tv\/az\/wp-json\/wp\/v2\/posts\/295451\/revisions"}],"predecessor-version":[{"id":295457,"href":"https:\/\/www.meydan.tv\/az\/wp-json\/wp\/v2\/posts\/295451\/revisions\/295457"}],"wp:featuredmedia":[{"embeddable":true,"href":"https:\/\/www.meydan.tv\/az\/wp-json\/wp\/v2\/media\/268580"}],"wp:attachment":[{"href":"https:\/\/www.meydan.tv\/az\/wp-json\/wp\/v2\/media?parent=295451"}],"wp:term":[{"taxonomy":"category","embeddable":true,"href":"https:\/\/www.meydan.tv\/az\/wp-json\/wp\/v2\/categories?post=295451"},{"taxonomy":"post_tag","embeddable":true,"href":"https:\/\/www.meydan.tv\/az\/wp-json\/wp\/v2\/tags?post=295451"}],"curies":[{"name":"wp","href":"https:\/\/api.w.org\/{rel}","templated":true}]}}