{"id":295420,"date":"2024-01-16T16:03:25","date_gmt":"2024-01-16T12:03:25","guid":{"rendered":"https:\/\/www.meydan.tv\/?p=295420"},"modified":"2024-01-16T16:03:30","modified_gmt":"2024-01-16T12:03:30","slug":"media-ve-televiziyanin-odenisli-tesviqat-reqemleri-yap-in-da-secki-fondundan-coxdur","status":"publish","type":"post","link":"https:\/\/www.meydan.tv\/az\/article\/media-ve-televiziyanin-odenisli-tesviqat-reqemleri-yap-in-da-secki-fondundan-coxdur\/","title":{"rendered":"Media v\u0259 televiziyan\u0131n \u00f6d\u0259ni\u015fli t\u0259\u015fviqat r\u0259q\u0259ml\u0259ri: &#8220;YAP-\u0131n da se\u00e7ki fondundan \u00e7oxdur&#8221;"},"content":{"rendered":"\n<p><\/p>\n\n\n\n<p><strong><em>\u018fliyev se\u00e7ki fondunun v\u0259saitin\u0259 g\u00f6r\u0259 \u00f6nd\u0259dir: 250 min manat&nbsp;<\/em><\/strong><\/p>\n\n\n\n<p>Yanvar\u0131n 15-d\u0259 Az\u0259rbaycanda n\u00f6vb\u0259d\u0259nk\u0259nar Prezident se\u00e7kisinin t\u0259\u015fviqat kampaniyas\u0131na start verilib.<\/p>\n\n\n\n<p>D\u00fcn\u0259n M\u0259rk\u0259zi Se\u00e7ki Komissiyas\u0131 \u00f6d\u0259ni\u015fli se\u00e7ki t\u0259\u015fviqat\u0131 bar\u0259d\u0259 m\u0259lumat da yay\u0131b.<\/p>\n\n\n\n<p>Maraql\u0131d\u0131r ki, yanvar\u0131n 15-d\u0259 bu bar\u0259d\u0259 MSK-n\u0131n sayt\u0131na qoyulan siyah\u0131 bu g\u00fcn s\u0259h\u0259r saatlar\u0131nda g\u00f6t\u00fcr\u00fcl\u00fcb.<\/p>\n\n\n\n<p>Q\u0259rib\u0259dir ki, namiz\u0259dl\u0259rin <a href=\"https:\/\/www.msk.gov.az\/az\/elections\/view\/1212\">se\u00e7ki fondlar\u0131<\/a> haqda da m\u0259lumatlar saytdan &#8220;qeyb&#8221; olub. Ancaq h\u0259r iki m\u0259lumat g\u00fcn\u00fcn ikinci yar\u0131s\u0131nda yenid\u0259n sayta <a href=\"https:\/\/www.msk.gov.az\/az\/elections\/view\/1238\">yerl\u0259\u015fdirilib.<\/a><\/p>\n\n\n\n<p>Meydan TV MSK-n\u0131n M\u0259tbuat Xidm\u0259tind\u0259n m\u0259lumatlar\u0131n silinm\u0259sinin v\u0259 yenid\u0259n yerl\u0259\u015fdirilm\u0259sinin s\u0259b\u0259bl\u0259rini \u00f6yr\u0259nm\u0259y\u0259 \u00e7al\u0131\u015fsa da, z\u0259ngl\u0259r\u0259 cavab verilm\u0259yib.<\/p>\n\n\n<div class=\"wp-block-image\">\n<figure class=\"aligncenter size-full\"><img decoding=\"async\" width=\"1200\" height=\"800\" data-src=\"https:\/\/www.meydan.tv\/wp-content\/uploads\/jpgl7146.jpg\" alt=\"\" class=\"wp-image-293282 lazyload\" src=\"data:image\/svg+xml;base64,PHN2ZyB3aWR0aD0iMSIgaGVpZ2h0PSIxIiB4bWxucz0iaHR0cDovL3d3dy53My5vcmcvMjAwMC9zdmciPjwvc3ZnPg==\" style=\"--smush-placeholder-width: 1200px; --smush-placeholder-aspect-ratio: 1200\/800;\" \/><figcaption class=\"wp-element-caption\">M\u0259rk\u0259zi Se\u00e7ki Komissiyas\u0131 (MSK). Foto: Az\u0259rtac<\/figcaption><\/figure>\n<\/div>\n\n\n<p>7 namiz\u0259din se\u00e7ki fondu bar\u0259d\u0259 \u00f6t\u0259n h\u0259ft\u0259 yay\u0131lan m\u0259lumata g\u0259linc\u0259, hakim partiyan\u0131n namiz\u0259di \u0130lham \u018fliyev \u00f6nd\u0259 olub.<\/p>\n\n\n\n<p>Onun se\u00e7ki fonduna 250 min manat daxil edilib. V\u0259saitin partiya hesab\u0131ndan g\u0259ldiyi qeyd edils\u0259 d\u0259, hesabat\u0131n x\u0259rcl\u0259r hiss\u0259si bo\u015f idi.<\/p>\n\n\n\n<p>\u0130kinci yerd\u0259 B\u00fct\u00f6v Az\u0259rbaycan Xalq C\u0259bh\u0259si Partiyas\u0131n\u0131n (BAXCP) prezidentliy\u0259 namiz\u0259di Q\u00fcdr\u0259t H\u0259s\u0259nquliyevdir.<\/p>\n\n\n\n<p>BAXCP s\u0259drinin hesabat\u0131nda 20 min manat g\u0259lir \u0259ksini tap\u0131b.<\/p>\n\n\n\n<p>H\u0259s\u0259nquliyev x\u00fcsusi v\u0259saiti 10 min, fiziki \u015f\u0259xsl\u0259rd\u0259n d\u0259 10 min manat g\u0259lir \u0259ld\u0259 etdiyini qeyd edib. H\u0259m\u00e7inin v\u0259saitin 15 min manat\u0131n\u0131n se\u00e7ici imzalar\u0131n\u0131n toplanmas\u0131na y\u00f6n\u0259lmi\u015f texniki t\u0259dbirl\u0259rin maliyy\u0259 t\u0259minat\u0131na, se\u00e7ici imzalar\u0131n\u0131n toplanmas\u0131 \u00fc\u00e7\u00fcn m\u00fcvafiq \u015f\u0259xsl\u0259r\u0259 s\u0259rf edildiyi vur\u011fulan\u0131b.<\/p>\n\n\n\n<p>Namiz\u0259dliyi \u00f6z\u00fc t\u0259r\u0259find\u0259n ir\u0259li s\u00fcr\u00fclm\u00fc\u015f Zahid Orucun maliyy\u0259 hesabat\u0131nda 19 min manat g\u0259lir g\u00f6st\u0259rilib.<\/p>\n\n\n\n<p>Bildirilib ki, onun da 8 min manat\u0131 se\u00e7ici imzalar\u0131n\u0131n toplanmas\u0131na, texniki t\u0259dbirl\u0259rin maliyy\u0259 t\u0259minat\u0131na s\u0259rf edilib.<\/p>\n\n\n\n<p>B\u00f6y\u00fck Qurulu\u015f Partiyas\u0131n\u0131n (BQP) namiz\u0259di Fazil Mustafan\u0131n maliyy\u0259 hesabat\u0131nda 10 min manat g\u0259lir qeyd olunub. Bunun da namiz\u0259din x\u00fcsusi v\u0259saiti oldu\u011fu vur\u011fulan\u0131b.<\/p>\n\n\n\n<p>F.Mustafa 8 min manat\u0131n x\u0259rcl\u0259r\u0259 s\u0259rf edildiyini qeyd edib.<\/p>\n\n\n\n<p>Namiz\u0259dl\u0259r aras\u0131nda \u0259n az se\u00e7ki fondu Milli C\u0259bh\u0259 Partiyas\u0131n\u0131n (MCP) s\u0259dri Razi Nurullayevin, Fuad \u018fliyevin v\u0259 B\u00f6y\u00fck Az\u0259rbaycan Partiyas\u0131n\u0131n (BAP) s\u0259dri El\u015fad Musayevindir.<\/p>\n\n\n\n<p>MCP s\u0259dri R.Nurullayev fiziki \u015f\u0259xsl\u0259rd\u0259n 3 min manat g\u0259lir \u0259ld\u0259 etdiyini qeyd ets\u0259 d\u0259, x\u0259rcl\u0259r hiss\u0259sind\u0259 he\u00e7 bir r\u0259q\u0259m g\u00f6st\u0259rm\u0259yib.<\/p>\n\n\n\n<p>B\u00f6y\u00fck Az\u0259rbaycan Partiyas\u0131n\u0131n prezidentliy\u0259 namiz\u0259di El\u015fad Musayevin hesabatda fiziki \u015f\u0259xsl\u0259rd\u0259n 1500 manat g\u0259lir \u0259ld\u0259 etdiyini bildirib.<\/p>\n\n\n\n<p>O, v\u0259saitin 1000 manat\u0131n\u0131 se\u00e7ici imzalar\u0131n\u0131n toplanmas\u0131na y\u00f6n\u0259lmi\u015f texniki t\u0259dbirl\u0259rin maliyy\u0259 t\u0259minat\u0131na, habel\u0259 bu i\u015fd\u0259 f\u0259aliyy\u0259t g\u00f6st\u0259r\u0259n m\u00fcvafiq \u015f\u0259xsl\u0259r\u0259 s\u0259rf etdiyini vur\u011fulay\u0131b.<\/p>\n\n\n\n<p>Namiz\u0259dliyi \u00f6z\u00fc t\u0259r\u0259find\u0259n ir\u0259li s\u00fcr\u00fclm\u00fc\u015f Fuad \u018fliyev is\u0259 maliyy\u0259 hesabat\u0131nda 2 min manat g\u0259lir g\u00f6st\u0259rib. O da x\u0259rc hiss\u0259sini a\u00e7\u0131qlamay\u0131b.<\/p>\n\n\n\n<p>MSK-n\u0131n sayt\u0131nda namiz\u0259dl\u0259r\u0259 \u00f6d\u0259ni\u015fli t\u0259\u015fviqat \u00fc\u00e7\u00fcn yerl\u0259\u015fdiril\u0259n m\u0259lumatda is\u0259 media orqanlar\u0131n\u0131n t\u0259qdim etdiyi qiym\u0259tl\u0259r bir-birind\u0259n f\u0259rql\u0259ns\u0259 d\u0259, kifay\u0259t q\u0259d\u0259r b\u00f6y\u00fck m\u0259bl\u0259\u011fl\u0259r d\u0259 olub.<\/p>\n\n\n\n<p><strong>B\u0259s bu, namiz\u0259dl\u0259rin b\u00fcdc\u0259sin\u0259 uy\u011fun g\u0259lirmi?<\/strong><\/p>\n\n\n\n<p>B\u00f6y\u00fck Az\u0259rbaycan Partiyas\u0131n\u0131n namiz\u0259di El\u015fad Musayev Meydan TV-y\u0259 deyib ki, \u00f6d\u0259ni\u015fli efir vaxt\u0131ndan istifad\u0259 etm\u0259kd\u0259ns\u0259, rayonlarda se\u00e7icil\u0259rl\u0259 g\u00f6r\u00fc\u015fl\u0259r\u0259 \u00fcst\u00fcnl\u00fck ver\u0259c\u0259k:<\/p>\n\n\n<div class=\"wp-block-image\">\n<figure class=\"aligncenter size-full\"><img decoding=\"async\" width=\"1000\" height=\"541\" data-src=\"https:\/\/www.meydan.tv\/wp-content\/uploads\/414804830.jpg\" alt=\"Az\u0259rbaycanda prezident se\u00e7kil\u0259ri\" class=\"wp-image-125547 lazyload\" src=\"data:image\/svg+xml;base64,PHN2ZyB3aWR0aD0iMSIgaGVpZ2h0PSIxIiB4bWxucz0iaHR0cDovL3d3dy53My5vcmcvMjAwMC9zdmciPjwvc3ZnPg==\" style=\"--smush-placeholder-width: 1000px; --smush-placeholder-aspect-ratio: 1000\/541;\" \/><figcaption class=\"wp-element-caption\">Source: AP<\/figcaption><\/figure>\n<\/div>\n\n\n<p><em>&#8220;Bu, h\u0259m d\u0259 vaxt darl\u0131\u011f\u0131 yarad\u0131r, ona g\u00f6r\u0259 yaln\u0131z \u0130TV-in \u00f6d\u0259ni\u015fsiz efirind\u0259n istifad\u0259 ed\u0259c\u0259yik. Laz\u0131m olsa, pullu efirl\u0259rd\u0259n d\u0259 istifad\u0259 ed\u0259rik, amma se\u00e7ki kampaniyas\u0131n\u0131 daha \u00e7ox \u0259yal\u0259tl\u0259rd\u0259 g\u00f6r\u00fc\u015fl\u0259r\u0259 y\u00f6n\u0259ltmi\u015fik&#8221;.<\/em><\/p>\n\n\n\n<p>Namiz\u0259d Fuad \u018fliyevin s\u0259lahiyy\u0259tli n\u00fcmay\u0259nd\u0259si X\u0259z\u0259r Teyyublu Meydan TV-y\u0259 deyib ki, onlar\u0131n Se\u00e7ki Q\u0259rargah\u0131 h\u0259l\u0259 ki \u00f6d\u0259ni\u015fsiz efir vaxt\u0131na \u00fcst\u00fcnl\u00fck verir:<\/p>\n\n\n\n<p>&#8220;<em>\u0130ndiki halda \u00f6d\u0259ni\u015fli efir vaxt\u0131ndan istifad\u0259 v\u0259 ya \u00e7ap m\u0259tbuat\u0131na t\u0259bli\u011fat material\u0131 verm\u0259k n\u0259z\u0259rd\u0259 tutulmay\u0131b&#8221;.<\/em><\/p>\n\n\n\n<p>&#8220;B\u0259s se\u00e7ki fondunun v\u0259saiti \u00f6d\u0259ni\u015fli t\u0259bli\u011fata yer ay\u0131ran media orqanlar\u0131ndan istifad\u0259y\u0259 yetirmi?&#8221; sual\u0131na Teyyublu konkret cavab verm\u0259yib:<\/p>\n\n\n\n<p>&#8220;<em>Ciddi, oxunaql\u0131 media orqanlar\u0131 il\u0259 \u0259m\u0259kda\u015fl\u0131q haqda d\u00fc\u015f\u00fcn\u00fcr\u00fck. \u018fg\u0259r m\u00fcsb\u0259t q\u0259rara g\u0259ls\u0259k, m\u0259lumat yayacaq. Onsuz da r\u0259smi q\u0259zetl\u0259r biz\u0259 \u00f6d\u0259ni\u015fsiz yer ver\u0259c\u0259k&#8221;.<\/em><\/p>\n\n\n\n<p><strong><em>&#8220;<\/em>\u00d6d\u0259ni\u015f m\u0259bl\u0259\u011fl\u0259ri h\u0259tta hakim partiyan\u0131n da se\u00e7ki fondunun v\u0259saitin\u0259 uy\u011fun deyil&#8221;<\/strong><\/p>\n\n\n\n<p>Se\u00e7ki M\u00fc\u015fahid\u0259 Alyans\u0131n\u0131n s\u0259dri M\u0259mm\u0259d M\u0259mm\u0259dzad\u0259 Meydan TV-y\u0259 deyib ki, \u0259g\u0259r bir namiz\u0259d 10 d\u0259qiq\u0259 efir vaxt\u0131 g\u00f6t\u00fcr\u00fcrs\u0259, g\u00fcnd\u0259lik 18 min manat \u00f6d\u0259m\u0259lidir:<\/p>\n\n\n\n<p>&#8220;<em>2 telekanala is\u0259 36 min manat \u00f6d\u0259m\u0259lidir. \u018fg\u0259r 22 g\u00fcnd\u0259n g\u00f6t\u00fcrs\u0259k, bu, 396 min manat edir. Yox, g\u00fcnd\u0259 3 televiziyada efir vaxt\u0131 g\u00f6t\u00fcr\u0259c\u0259ks\u0259, t\u0259xmin\u0259n 1 milyon 200 min manat edir. Amma bu efir vaxt\u0131 saat 8-10 aras\u0131d\u0131r, saniy\u0259si 30 manatd\u0131r. S\u0259h\u0259r saatlar\u0131 bir q\u0259d\u0259r ucuzdur&#8221;.<\/em><\/p>\n\n\n<div class=\"wp-block-image\">\n<figure class=\"aligncenter size-full\"><img decoding=\"async\" width=\"1200\" height=\"800\" data-src=\"https:\/\/www.meydan.tv\/wp-content\/uploads\/252022637_3164883510397517_1214811699201458382_n.jpg\" alt=\"\" class=\"wp-image-295422 lazyload\" src=\"data:image\/svg+xml;base64,PHN2ZyB3aWR0aD0iMSIgaGVpZ2h0PSIxIiB4bWxucz0iaHR0cDovL3d3dy53My5vcmcvMjAwMC9zdmciPjwvc3ZnPg==\" style=\"--smush-placeholder-width: 1200px; --smush-placeholder-aspect-ratio: 1200\/800;\" \/><figcaption class=\"wp-element-caption\">Foto: M\u0259mm\u0259d M\u0259mm\u0259dzad\u0259nin \u015f\u0259xsi arxivind\u0259n<\/figcaption><\/figure>\n<\/div>\n\n\n<p>M\u0259mm\u0259dzad\u0259nin s\u00f6zl\u0259rin\u0259 g\u00f6r\u0259, g\u00f6st\u0259ril\u0259n \u00f6d\u0259ni\u015f m\u0259bl\u0259\u011fl\u0259ri n\u0259inki se\u00e7ki fondu az olan namiz\u0259dl\u0259rin, h\u0259tta hakim partiyan\u0131n da se\u00e7ki fondunun v\u0259saitin\u0259 uy\u011fun deyil:<\/p>\n\n\n\n<p><em>&#8220;D\u00fczd\u00fcr, YAP yeni b\u00fcdc\u0259ni elan ed\u0259c\u0259k. Bununla bel\u0259 hakim partiyan\u0131n namiz\u0259dinin ay\u0131rd\u0131\u011f\u0131 v\u0259sait 3 televiziyada 10 d\u0259qiq\u0259 \u00e7\u0131x\u0131\u015f etm\u0259y\u0259 kifay\u0259t deyil&#8221;.<\/em><\/p>\n\n\n\n<p><strong>Se\u00e7kil\u0259r n\u0259 vaxt ke\u00e7iril\u0259c\u0259k v\u0259 kiml\u0259r namiz\u0259ddir?<\/strong><\/p>\n\n\n\n<p>2024-c\u00fc ilin fevral\u0131n 7-d\u0259 Az\u0259rbaycanda n\u00f6vb\u0259d\u0259nk\u0259nar Prezident se\u00e7kil\u0259ri ke\u00e7iril\u0259c\u0259k.<\/p>\n\n\n\n<p>\u0130lham \u018fliyev \u00f6t\u0259n il dekabr\u0131n 7-d\u0259 bununla ba\u011fl\u0131 s\u0259r\u0259ncam imzalay\u0131b.<\/p>\n\n\n\n<p>Namiz\u0259dliyi qeyd\u0259 alnm\u0131\u015f \u015f\u0259xsl\u0259r \u2013 \u00f6lk\u0259 ba\u015f\u00e7\u0131s\u0131 <a href=\"https:\/\/storage.googleapis.com\/qurium\/www.meydan.tv\/az-article-yap-namizedini-resmen-aciqladi.html\">\u0130lham \u018fliyev<\/a>, deputatlar \u2013 <a href=\"https:\/\/storage.googleapis.com\/qurium\/www.meydan.tv\/az-article-fazil-mustafa-da-prezidentliye-namized-olacaq.html\">Fazil Mustafa<\/a>, <a href=\"https:\/\/storage.googleapis.com\/qurium\/www.meydan.tv\/az-article-zahid-oruc-da-prezidentliye-namized-olacaq.html\">Zahid Oruc, <\/a><a href=\"https:\/\/d9mc3ts4czbpr.cloudfront.net\/az\/article\/qudret-hesenquliyev-yene-namized-olacaq\/\">Q\u00fcdr\u0259t H\u0259s\u0259nquliyev<\/a>, <a href=\"https:\/\/storage.googleapis.com\/qurium\/www.meydan.tv\/az-article-razi-nurullayev-de-namizedliyini-ireli-surub.html\">Razi Nurullayev<\/a>, B\u00f6y\u00fck Az\u0259rbaycan Partiyas\u0131n\u0131n s\u0259dri <a href=\"https:\/\/storage.googleapis.com\/qurium\/www.meydan.tv\/az-article-elsad-musayev-de-prezident-olmaq-isteyir.html\">El\u015fad Musayev,<\/a> <a href=\"https:\/\/www.meydan.tv\/az\/article\/fealiyyetini-dayandiran-partiyanin-sedri-prezidentliye-namized-olacaq\/\">Fuad \u018fliyev<\/a>dir.<\/p>\n\n\n\n<p>Namiz\u0259d S\u0259f\u0259rov, S\u0259rvan K\u0259rimov, <a href=\"https:\/\/storage.googleapis.com\/qurium\/www.meydan.tv\/az-article-prezidentliye-namizedliyini-ireli-suren-sexs-ilham-eliyevi-xilas-etmek-isteyirem-ancaq-o-el-vermir.html\">M\u0259tl\u0259b M\u00fct\u0259lliml<\/a>i, Abutal\u0131b S\u0259m\u0259dov, Fikr\u0259t Yusifov, Yusif Ba\u011f\u0131rzad\u0259, Arzuman Abdulk\u0259rimov, Yunus O\u011fuz, Qulamh\u00fcseyn \u018flib\u0259yli namiz\u0259dlikl\u0259rini ir\u0259li s\u00fcrs\u0259l\u0259r d\u0259, onlar qeyd\u0259 al\u0131nmay\u0131blar.<\/p>\n\n\n\n<p>Prezidentliy\u0259 namiz\u0259dliyini ver\u0259n \u015f\u0259xsl\u0259rin h\u0259r biri hakimiyy\u0259ty\u00f6n\u00fcml\u00fc kimi tan\u0131n\u0131r.<\/p>\n\n\n\n<p><a href=\"https:\/\/storage.googleapis.com\/qurium\/www.meydan.tv\/az-article-axcp-de-seckide-istirak-etmeyecek.html\">AXCP,<\/a> <a href=\"https:\/\/storage.googleapis.com\/qurium\/www.meydan.tv\/az-article-musavat-novbedenkenar-seckide-istirakdan-imtina-edib.html\">M\u00fcsavat<\/a> v\u0259 <a href=\"https:\/\/storage.googleapis.com\/qurium\/www.meydan.tv\/az-article-kxcp-de-seckide-istirak-etmeyecek.html\">Klassik Xalq C\u0259bh\u0259si<\/a> partiyalar\u0131 se\u00e7kini boykot ed\u0259c\u0259kl\u0259rini a\u00e7\u0131qlay\u0131blar.<\/p>\n\n\n\n<p>Az\u0259rbaycanda sonuncu d\u0259f\u0259 Prezident se\u00e7kil\u0259ri 2018-ci il aprelin 11-d\u0259 ke\u00e7irilib.<\/p>\n\n\n\n<p>H\u0259min se\u00e7kil\u0259r d\u0259 n\u00f6vb\u0259d\u0259nk\u0259nar olub.<\/p>\n\n\n\n<p>\u0130lham \u018fliyev 20 ildir ki, Prezident v\u0259zif\u0259sini icra edir.<\/p>\n","protected":false},"excerpt":{"rendered":"<p>\u018fliyev se\u00e7ki fondunun v\u0259saitin\u0259 g\u00f6r\u0259 \u00f6nd\u0259dir: 250 min manat&nbsp; Yanvar\u0131n &#8230; <\/p>\n<p class=\"read-more-container\"><a title=\"Media v\u0259 televiziyan\u0131n \u00f6d\u0259ni\u015fli t\u0259\u015fviqat r\u0259q\u0259ml\u0259ri: &#8220;YAP-\u0131n da se\u00e7ki fondundan \u00e7oxdur&#8221;\" class=\"read-more button\" href=\"https:\/\/www.meydan.tv\/az\/article\/media-ve-televiziyanin-odenisli-tesviqat-reqemleri-yap-in-da-secki-fondundan-coxdur\/#more-295420\" aria-label=\"Read more about Media v\u0259 televiziyan\u0131n \u00f6d\u0259ni\u015fli t\u0259\u015fviqat r\u0259q\u0259ml\u0259ri: &#8220;YAP-\u0131n da se\u00e7ki fondundan \u00e7oxdur&#8221;\">Davam\u0131<\/a><\/p>\n","protected":false},"author":8,"featured_media":295430,"comment_status":"closed","ping_status":"closed","sticky":false,"template":"","format":"standard","meta":{"_acf_changed":false,"_sitemap_exclude":false,"_sitemap_priority":"","_sitemap_frequency":"","footnotes":""},"categories":[129,59,79,56],"tags":[],"class_list":["post-295420","post","type-post","status-publish","format-standard","has-post-thumbnail","hentry","category-sechki-2024","category-siyaset","category-featured","category-xeberler","infinite-scroll-item","generate-columns","tablet-grid-50","mobile-grid-100","grid-parent","grid-33","no-featured-image-padding"],"acf":[],"yoast_head":"<!-- This site is optimized with the Yoast SEO plugin v27.4 - https:\/\/yoast.com\/product\/yoast-seo-wordpress\/ -->\n<title>Media v\u0259 televiziyan\u0131n \u00f6d\u0259ni\u015fli t\u0259\u015fviqat r\u0259q\u0259ml\u0259ri: &quot;YAP-\u0131n da se\u00e7ki fondundan \u00e7oxdur&quot; - MEYDAN.TV<\/title>\n<meta name=\"robots\" content=\"index, follow, max-snippet:-1, max-image-preview:large, max-video-preview:-1\" \/>\n<link rel=\"canonical\" href=\"https:\/\/www.meydan.tv\/az\/article\/media-ve-televiziyanin-odenisli-tesviqat-reqemleri-yap-in-da-secki-fondundan-coxdur\/\" \/>\n<meta property=\"og:locale\" content=\"az_AZ\" \/>\n<meta property=\"og:type\" content=\"article\" \/>\n<meta property=\"og:title\" content=\"Media v\u0259 televiziyan\u0131n \u00f6d\u0259ni\u015fli t\u0259\u015fviqat r\u0259q\u0259ml\u0259ri: &quot;YAP-\u0131n da se\u00e7ki fondundan \u00e7oxdur&quot; - MEYDAN.TV\" \/>\n<meta property=\"og:description\" content=\"\u018fliyev se\u00e7ki fondunun v\u0259saitin\u0259 g\u00f6r\u0259 \u00f6nd\u0259dir: 250 min manat&nbsp; Yanvar\u0131n ... Davam\u0131\" \/>\n<meta property=\"og:url\" content=\"https:\/\/www.meydan.tv\/az\/article\/media-ve-televiziyanin-odenisli-tesviqat-reqemleri-yap-in-da-secki-fondundan-coxdur\/\" \/>\n<meta property=\"og:site_name\" content=\"MEYDAN.TV\" \/>\n<meta property=\"article:published_time\" content=\"2024-01-16T12:03:25+00:00\" \/>\n<meta property=\"article:modified_time\" content=\"2024-01-16T12:03:30+00:00\" \/>\n<meta property=\"og:image\" content=\"https:\/\/www.meydan.tv\/wp-content\/uploads\/7ec69dd4170514942386863085110339503.jpg\" \/>\n\t<meta property=\"og:image:width\" content=\"1500\" \/>\n\t<meta property=\"og:image:height\" content=\"831\" \/>\n\t<meta property=\"og:image:type\" content=\"image\/jpeg\" \/>\n<meta name=\"author\" content=\"elli\" \/>\n<meta name=\"twitter:card\" content=\"summary_large_image\" \/>\n<meta name=\"twitter:creator\" content=\"@elli\" \/>\n<script type=\"application\/ld+json\" class=\"yoast-schema-graph\">{\"@context\":\"https:\\\/\\\/schema.org\",\"@graph\":[{\"@type\":\"Article\",\"@id\":\"https:\\\/\\\/www.meydan.tv\\\/az\\\/article\\\/media-ve-televiziyanin-odenisli-tesviqat-reqemleri-yap-in-da-secki-fondundan-coxdur\\\/#article\",\"isPartOf\":{\"@id\":\"https:\\\/\\\/www.meydan.tv\\\/az\\\/article\\\/media-ve-televiziyanin-odenisli-tesviqat-reqemleri-yap-in-da-secki-fondundan-coxdur\\\/\"},\"author\":{\"name\":\"elli\",\"@id\":\"https:\\\/\\\/www.meydan.tv\\\/az\\\/#\\\/schema\\\/person\\\/9cdbecf90d17180ce1dfbd95b08dcf47\"},\"headline\":\"Media v\u0259 televiziyan\u0131n \u00f6d\u0259ni\u015fli t\u0259\u015fviqat r\u0259q\u0259ml\u0259ri: &#8220;YAP-\u0131n da se\u00e7ki fondundan \u00e7oxdur&#8221;\",\"datePublished\":\"2024-01-16T12:03:25+00:00\",\"dateModified\":\"2024-01-16T12:03:30+00:00\",\"mainEntityOfPage\":{\"@id\":\"https:\\\/\\\/www.meydan.tv\\\/az\\\/article\\\/media-ve-televiziyanin-odenisli-tesviqat-reqemleri-yap-in-da-secki-fondundan-coxdur\\\/\"},\"wordCount\":1321,\"publisher\":{\"@id\":\"https:\\\/\\\/www.meydan.tv\\\/az\\\/#organization\"},\"image\":{\"@id\":\"https:\\\/\\\/www.meydan.tv\\\/az\\\/article\\\/media-ve-televiziyanin-odenisli-tesviqat-reqemleri-yap-in-da-secki-fondundan-coxdur\\\/#primaryimage\"},\"thumbnailUrl\":\"https:\\\/\\\/www.meydan.tv\\\/wp-content\\\/uploads\\\/7ec69dd4170514942386863085110339503.jpg\",\"articleSection\":[\"Se\u00e7ki 2024\",\"Siyas\u0259t\",\"T\u00f6vsiy\u0259\",\"X\u0259b\u0259rl\u0259r\"],\"inLanguage\":\"az\"},{\"@type\":\"WebPage\",\"@id\":\"https:\\\/\\\/www.meydan.tv\\\/az\\\/article\\\/media-ve-televiziyanin-odenisli-tesviqat-reqemleri-yap-in-da-secki-fondundan-coxdur\\\/\",\"url\":\"https:\\\/\\\/www.meydan.tv\\\/az\\\/article\\\/media-ve-televiziyanin-odenisli-tesviqat-reqemleri-yap-in-da-secki-fondundan-coxdur\\\/\",\"name\":\"Media v\u0259 televiziyan\u0131n \u00f6d\u0259ni\u015fli t\u0259\u015fviqat r\u0259q\u0259ml\u0259ri: \\\"YAP-\u0131n da se\u00e7ki fondundan \u00e7oxdur\\\" - MEYDAN.TV\",\"isPartOf\":{\"@id\":\"https:\\\/\\\/www.meydan.tv\\\/az\\\/#website\"},\"primaryImageOfPage\":{\"@id\":\"https:\\\/\\\/www.meydan.tv\\\/az\\\/article\\\/media-ve-televiziyanin-odenisli-tesviqat-reqemleri-yap-in-da-secki-fondundan-coxdur\\\/#primaryimage\"},\"image\":{\"@id\":\"https:\\\/\\\/www.meydan.tv\\\/az\\\/article\\\/media-ve-televiziyanin-odenisli-tesviqat-reqemleri-yap-in-da-secki-fondundan-coxdur\\\/#primaryimage\"},\"thumbnailUrl\":\"https:\\\/\\\/www.meydan.tv\\\/wp-content\\\/uploads\\\/7ec69dd4170514942386863085110339503.jpg\",\"datePublished\":\"2024-01-16T12:03:25+00:00\",\"dateModified\":\"2024-01-16T12:03:30+00:00\",\"breadcrumb\":{\"@id\":\"https:\\\/\\\/www.meydan.tv\\\/az\\\/article\\\/media-ve-televiziyanin-odenisli-tesviqat-reqemleri-yap-in-da-secki-fondundan-coxdur\\\/#breadcrumb\"},\"inLanguage\":\"az\",\"potentialAction\":[{\"@type\":\"ReadAction\",\"target\":[\"https:\\\/\\\/www.meydan.tv\\\/az\\\/article\\\/media-ve-televiziyanin-odenisli-tesviqat-reqemleri-yap-in-da-secki-fondundan-coxdur\\\/\"]}]},{\"@type\":\"ImageObject\",\"inLanguage\":\"az\",\"@id\":\"https:\\\/\\\/www.meydan.tv\\\/az\\\/article\\\/media-ve-televiziyanin-odenisli-tesviqat-reqemleri-yap-in-da-secki-fondundan-coxdur\\\/#primaryimage\",\"url\":\"https:\\\/\\\/www.meydan.tv\\\/wp-content\\\/uploads\\\/7ec69dd4170514942386863085110339503.jpg\",\"contentUrl\":\"https:\\\/\\\/www.meydan.tv\\\/wp-content\\\/uploads\\\/7ec69dd4170514942386863085110339503.jpg\",\"width\":1500,\"height\":831,\"caption\":\"Telekanallarda efir vaxt\u0131. Foto: arxiv\"},{\"@type\":\"BreadcrumbList\",\"@id\":\"https:\\\/\\\/www.meydan.tv\\\/az\\\/article\\\/media-ve-televiziyanin-odenisli-tesviqat-reqemleri-yap-in-da-secki-fondundan-coxdur\\\/#breadcrumb\",\"itemListElement\":[{\"@type\":\"ListItem\",\"position\":1,\"name\":\"Ana s\u0259hif\u0259\",\"item\":\"https:\\\/\\\/www.meydan.tv\\\/az\\\/\"},{\"@type\":\"ListItem\",\"position\":2,\"name\":\"Siyas\u0259t\",\"item\":\"https:\\\/\\\/www.meydan.tv\\\/az\\\/section\\\/siyaset\\\/\"},{\"@type\":\"ListItem\",\"position\":3,\"name\":\"Media v\u0259 televiziyan\u0131n \u00f6d\u0259ni\u015fli t\u0259\u015fviqat r\u0259q\u0259ml\u0259ri: &#8220;YAP-\u0131n da se\u00e7ki fondundan \u00e7oxdur&#8221;\"}]},{\"@type\":\"WebSite\",\"@id\":\"https:\\\/\\\/www.meydan.tv\\\/az\\\/#website\",\"url\":\"https:\\\/\\\/www.meydan.tv\\\/az\\\/\",\"name\":\"MEYDAN.TV\",\"description\":\"Meydan TV Az\u0259rbaycan\u0131n media m\u0259kan\u0131ndak\u0131 alternativ s\u0259sidir\",\"publisher\":{\"@id\":\"https:\\\/\\\/www.meydan.tv\\\/az\\\/#organization\"},\"potentialAction\":[{\"@type\":\"SearchAction\",\"target\":{\"@type\":\"EntryPoint\",\"urlTemplate\":\"https:\\\/\\\/www.meydan.tv\\\/az\\\/?s={search_term_string}\"},\"query-input\":{\"@type\":\"PropertyValueSpecification\",\"valueRequired\":true,\"valueName\":\"search_term_string\"}}],\"inLanguage\":\"az\"},{\"@type\":\"Organization\",\"@id\":\"https:\\\/\\\/www.meydan.tv\\\/az\\\/#organization\",\"name\":\"Meydan TV\",\"url\":\"https:\\\/\\\/www.meydan.tv\\\/az\\\/\",\"logo\":{\"@type\":\"ImageObject\",\"inLanguage\":\"az\",\"@id\":\"https:\\\/\\\/www.meydan.tv\\\/az\\\/#\\\/schema\\\/logo\\\/image\\\/\",\"url\":\"https:\\\/\\\/www.meydan.tv\\\/wp-content\\\/uploads\\\/2021\\\/07\\\/meydan-logo.svg\",\"contentUrl\":\"https:\\\/\\\/www.meydan.tv\\\/wp-content\\\/uploads\\\/2021\\\/07\\\/meydan-logo.svg\",\"width\":195,\"height\":46,\"caption\":\"Meydan TV\"},\"image\":{\"@id\":\"https:\\\/\\\/www.meydan.tv\\\/az\\\/#\\\/schema\\\/logo\\\/image\\\/\"}},{\"@type\":\"Person\",\"@id\":\"https:\\\/\\\/www.meydan.tv\\\/az\\\/#\\\/schema\\\/person\\\/9cdbecf90d17180ce1dfbd95b08dcf47\",\"name\":\"elli\",\"sameAs\":[\"https:\\\/\\\/x.com\\\/elli\"]}]}<\/script>\n<!-- \/ Yoast SEO plugin. -->","yoast_head_json":{"title":"Media v\u0259 televiziyan\u0131n \u00f6d\u0259ni\u015fli t\u0259\u015fviqat r\u0259q\u0259ml\u0259ri: \"YAP-\u0131n da se\u00e7ki fondundan \u00e7oxdur\" - MEYDAN.TV","robots":{"index":"index","follow":"follow","max-snippet":"max-snippet:-1","max-image-preview":"max-image-preview:large","max-video-preview":"max-video-preview:-1"},"canonical":"https:\/\/www.meydan.tv\/az\/article\/media-ve-televiziyanin-odenisli-tesviqat-reqemleri-yap-in-da-secki-fondundan-coxdur\/","og_locale":"az_AZ","og_type":"article","og_title":"Media v\u0259 televiziyan\u0131n \u00f6d\u0259ni\u015fli t\u0259\u015fviqat r\u0259q\u0259ml\u0259ri: \"YAP-\u0131n da se\u00e7ki fondundan \u00e7oxdur\" - MEYDAN.TV","og_description":"\u018fliyev se\u00e7ki fondunun v\u0259saitin\u0259 g\u00f6r\u0259 \u00f6nd\u0259dir: 250 min manat&nbsp; Yanvar\u0131n ... Davam\u0131","og_url":"https:\/\/www.meydan.tv\/az\/article\/media-ve-televiziyanin-odenisli-tesviqat-reqemleri-yap-in-da-secki-fondundan-coxdur\/","og_site_name":"MEYDAN.TV","article_published_time":"2024-01-16T12:03:25+00:00","article_modified_time":"2024-01-16T12:03:30+00:00","og_image":[{"width":1500,"height":831,"url":"https:\/\/www.meydan.tv\/wp-content\/uploads\/7ec69dd4170514942386863085110339503.jpg","type":"image\/jpeg"}],"author":"elli","twitter_card":"summary_large_image","twitter_creator":"@elli","schema":{"@context":"https:\/\/schema.org","@graph":[{"@type":"Article","@id":"https:\/\/www.meydan.tv\/az\/article\/media-ve-televiziyanin-odenisli-tesviqat-reqemleri-yap-in-da-secki-fondundan-coxdur\/#article","isPartOf":{"@id":"https:\/\/www.meydan.tv\/az\/article\/media-ve-televiziyanin-odenisli-tesviqat-reqemleri-yap-in-da-secki-fondundan-coxdur\/"},"author":{"name":"elli","@id":"https:\/\/www.meydan.tv\/az\/#\/schema\/person\/9cdbecf90d17180ce1dfbd95b08dcf47"},"headline":"Media v\u0259 televiziyan\u0131n \u00f6d\u0259ni\u015fli t\u0259\u015fviqat r\u0259q\u0259ml\u0259ri: &#8220;YAP-\u0131n da se\u00e7ki fondundan \u00e7oxdur&#8221;","datePublished":"2024-01-16T12:03:25+00:00","dateModified":"2024-01-16T12:03:30+00:00","mainEntityOfPage":{"@id":"https:\/\/www.meydan.tv\/az\/article\/media-ve-televiziyanin-odenisli-tesviqat-reqemleri-yap-in-da-secki-fondundan-coxdur\/"},"wordCount":1321,"publisher":{"@id":"https:\/\/www.meydan.tv\/az\/#organization"},"image":{"@id":"https:\/\/www.meydan.tv\/az\/article\/media-ve-televiziyanin-odenisli-tesviqat-reqemleri-yap-in-da-secki-fondundan-coxdur\/#primaryimage"},"thumbnailUrl":"https:\/\/www.meydan.tv\/wp-content\/uploads\/7ec69dd4170514942386863085110339503.jpg","articleSection":["Se\u00e7ki 2024","Siyas\u0259t","T\u00f6vsiy\u0259","X\u0259b\u0259rl\u0259r"],"inLanguage":"az"},{"@type":"WebPage","@id":"https:\/\/www.meydan.tv\/az\/article\/media-ve-televiziyanin-odenisli-tesviqat-reqemleri-yap-in-da-secki-fondundan-coxdur\/","url":"https:\/\/www.meydan.tv\/az\/article\/media-ve-televiziyanin-odenisli-tesviqat-reqemleri-yap-in-da-secki-fondundan-coxdur\/","name":"Media v\u0259 televiziyan\u0131n \u00f6d\u0259ni\u015fli t\u0259\u015fviqat r\u0259q\u0259ml\u0259ri: \"YAP-\u0131n da se\u00e7ki fondundan \u00e7oxdur\" - MEYDAN.TV","isPartOf":{"@id":"https:\/\/www.meydan.tv\/az\/#website"},"primaryImageOfPage":{"@id":"https:\/\/www.meydan.tv\/az\/article\/media-ve-televiziyanin-odenisli-tesviqat-reqemleri-yap-in-da-secki-fondundan-coxdur\/#primaryimage"},"image":{"@id":"https:\/\/www.meydan.tv\/az\/article\/media-ve-televiziyanin-odenisli-tesviqat-reqemleri-yap-in-da-secki-fondundan-coxdur\/#primaryimage"},"thumbnailUrl":"https:\/\/www.meydan.tv\/wp-content\/uploads\/7ec69dd4170514942386863085110339503.jpg","datePublished":"2024-01-16T12:03:25+00:00","dateModified":"2024-01-16T12:03:30+00:00","breadcrumb":{"@id":"https:\/\/www.meydan.tv\/az\/article\/media-ve-televiziyanin-odenisli-tesviqat-reqemleri-yap-in-da-secki-fondundan-coxdur\/#breadcrumb"},"inLanguage":"az","potentialAction":[{"@type":"ReadAction","target":["https:\/\/www.meydan.tv\/az\/article\/media-ve-televiziyanin-odenisli-tesviqat-reqemleri-yap-in-da-secki-fondundan-coxdur\/"]}]},{"@type":"ImageObject","inLanguage":"az","@id":"https:\/\/www.meydan.tv\/az\/article\/media-ve-televiziyanin-odenisli-tesviqat-reqemleri-yap-in-da-secki-fondundan-coxdur\/#primaryimage","url":"https:\/\/www.meydan.tv\/wp-content\/uploads\/7ec69dd4170514942386863085110339503.jpg","contentUrl":"https:\/\/www.meydan.tv\/wp-content\/uploads\/7ec69dd4170514942386863085110339503.jpg","width":1500,"height":831,"caption":"Telekanallarda efir vaxt\u0131. Foto: arxiv"},{"@type":"BreadcrumbList","@id":"https:\/\/www.meydan.tv\/az\/article\/media-ve-televiziyanin-odenisli-tesviqat-reqemleri-yap-in-da-secki-fondundan-coxdur\/#breadcrumb","itemListElement":[{"@type":"ListItem","position":1,"name":"Ana s\u0259hif\u0259","item":"https:\/\/www.meydan.tv\/az\/"},{"@type":"ListItem","position":2,"name":"Siyas\u0259t","item":"https:\/\/www.meydan.tv\/az\/section\/siyaset\/"},{"@type":"ListItem","position":3,"name":"Media v\u0259 televiziyan\u0131n \u00f6d\u0259ni\u015fli t\u0259\u015fviqat r\u0259q\u0259ml\u0259ri: &#8220;YAP-\u0131n da se\u00e7ki fondundan \u00e7oxdur&#8221;"}]},{"@type":"WebSite","@id":"https:\/\/www.meydan.tv\/az\/#website","url":"https:\/\/www.meydan.tv\/az\/","name":"MEYDAN.TV","description":"Meydan TV Az\u0259rbaycan\u0131n media m\u0259kan\u0131ndak\u0131 alternativ s\u0259sidir","publisher":{"@id":"https:\/\/www.meydan.tv\/az\/#organization"},"potentialAction":[{"@type":"SearchAction","target":{"@type":"EntryPoint","urlTemplate":"https:\/\/www.meydan.tv\/az\/?s={search_term_string}"},"query-input":{"@type":"PropertyValueSpecification","valueRequired":true,"valueName":"search_term_string"}}],"inLanguage":"az"},{"@type":"Organization","@id":"https:\/\/www.meydan.tv\/az\/#organization","name":"Meydan TV","url":"https:\/\/www.meydan.tv\/az\/","logo":{"@type":"ImageObject","inLanguage":"az","@id":"https:\/\/www.meydan.tv\/az\/#\/schema\/logo\/image\/","url":"https:\/\/www.meydan.tv\/wp-content\/uploads\/2021\/07\/meydan-logo.svg","contentUrl":"https:\/\/www.meydan.tv\/wp-content\/uploads\/2021\/07\/meydan-logo.svg","width":195,"height":46,"caption":"Meydan TV"},"image":{"@id":"https:\/\/www.meydan.tv\/az\/#\/schema\/logo\/image\/"}},{"@type":"Person","@id":"https:\/\/www.meydan.tv\/az\/#\/schema\/person\/9cdbecf90d17180ce1dfbd95b08dcf47","name":"elli","sameAs":["https:\/\/x.com\/elli"]}]}},"_links":{"self":[{"href":"https:\/\/www.meydan.tv\/az\/wp-json\/wp\/v2\/posts\/295420","targetHints":{"allow":["GET"]}}],"collection":[{"href":"https:\/\/www.meydan.tv\/az\/wp-json\/wp\/v2\/posts"}],"about":[{"href":"https:\/\/www.meydan.tv\/az\/wp-json\/wp\/v2\/types\/post"}],"author":[{"embeddable":true,"href":"https:\/\/www.meydan.tv\/az\/wp-json\/wp\/v2\/users\/8"}],"replies":[{"embeddable":true,"href":"https:\/\/www.meydan.tv\/az\/wp-json\/wp\/v2\/comments?post=295420"}],"version-history":[{"count":3,"href":"https:\/\/www.meydan.tv\/az\/wp-json\/wp\/v2\/posts\/295420\/revisions"}],"predecessor-version":[{"id":295433,"href":"https:\/\/www.meydan.tv\/az\/wp-json\/wp\/v2\/posts\/295420\/revisions\/295433"}],"wp:featuredmedia":[{"embeddable":true,"href":"https:\/\/www.meydan.tv\/az\/wp-json\/wp\/v2\/media\/295430"}],"wp:attachment":[{"href":"https:\/\/www.meydan.tv\/az\/wp-json\/wp\/v2\/media?parent=295420"}],"wp:term":[{"taxonomy":"category","embeddable":true,"href":"https:\/\/www.meydan.tv\/az\/wp-json\/wp\/v2\/categories?post=295420"},{"taxonomy":"post_tag","embeddable":true,"href":"https:\/\/www.meydan.tv\/az\/wp-json\/wp\/v2\/tags?post=295420"}],"curies":[{"name":"wp","href":"https:\/\/api.w.org\/{rel}","templated":true}]}}