{"id":295417,"date":"2024-01-16T15:46:52","date_gmt":"2024-01-16T11:46:52","guid":{"rendered":"https:\/\/www.meydan.tv\/?p=295417"},"modified":"2024-01-16T16:05:15","modified_gmt":"2024-01-16T12:05:15","slug":"goycaydan-sikayet-var-unikal-abide-olan-yeralti-hamam-dagilir-baxan-yoxdur","status":"publish","type":"post","link":"https:\/\/www.meydan.tv\/az\/article\/goycaydan-sikayet-var-unikal-abide-olan-yeralti-hamam-dagilir-baxan-yoxdur\/","title":{"rendered":"G\u00f6y\u00e7aydan \u015fikay\u0259t var: &#8220;Unikal abid\u0259 olan &#8220;Yeralt\u0131 hamam&#8221; da\u011f\u0131l\u0131r, baxan yoxdur&#8221;"},"content":{"rendered":"\n<p><\/p>\n\n\n\n<p><strong><em>Sakinl\u0259r aidiyy\u0259ti qurumlar\u0131 v\u0259dl\u0259rini yerin\u0259 yetirm\u0259m\u0259kd\u0259 q\u0131nay\u0131rlar<\/em><\/strong><\/p>\n\n\n\n<p>G\u00f6y\u00e7ay rayon sakinl\u0259ri rayonun m\u0259\u015fhur &#8220;Yeralt\u0131 hamam&#8221; kompleksinin da\u011f\u0131lmas\u0131ndan gileyl\u0259nirl\u0259r.<\/p>\n\n\n\n<p>Rayon sakini K\u0259mal\u0259 \u018fliyeva Meydan TV-y\u0259 deyib ki, unikal memarl\u0131q abid\u0259si olan hamam kompleksi da\u011f\u0131lmaq \u00fczr\u0259dir.<\/p>\n\n\n\n<p>O h\u0259tta hamam\u0131n f\u0259aliyy\u0259t g\u00f6st\u0259rdiyi ill\u0259ri d\u0259 xat\u0131rlay\u0131r:<\/p>\n\n\n\n<p>&#8220;<em>O ill\u0259r yad\u0131mdad\u0131r. Orta m\u0259kt\u0259b v\u0259 sonrak\u0131 ill\u0259rd\u0259 k\u0259ndd\u0259n xalamgil\u0259 gedirdik. Rayonun m\u0259rk\u0259zind\u0259 yerin alt\u0131nda hamam vard\u0131. Xalam u\u015faqlar\u0131n\u0131 da g\u00f6t\u00fcr\u00fcb hamama ged\u0259rdik. Giri\u015fi 20 q\u0259pik idi, geyiml\u0259r \u00fc\u00e7\u00fcn is\u0259 ba\u011fl\u0131 r\u0259f vard\u0131. Biz u\u015faqlar parda qad\u0131n salonunda \u00e7imirdik. O d\u00f6vrd\u0259 evl\u0259rd\u0259, x\u00fcsus\u0259n d\u0259 k\u0259ndl\u0259rd\u0259 hamam yox idi. H\u0259min hamam t\u0259mizlik m\u0259kan\u0131, ham\u0131n\u0131n kollektiv \u00fcz tutdu\u011fu hamam idi. Sonradan d\u00f6vr d\u0259yi\u015fdi, ham\u0131 ay\u0131ld\u0131, evl\u0259rd\u0259 hamam tikildi, getm\u0259dik&#8221;.<\/em><\/p>\n\n\n<div class=\"wp-block-image\">\n<figure class=\"aligncenter size-large\"><img decoding=\"async\" width=\"1200\" height=\"675\" data-src=\"https:\/\/www.meydan.tv\/wp-content\/uploads\/img-20231228-wa0114-1200x675.jpg\" alt=\"\" class=\"wp-image-295393 lazyload\" src=\"data:image\/svg+xml;base64,PHN2ZyB3aWR0aD0iMSIgaGVpZ2h0PSIxIiB4bWxucz0iaHR0cDovL3d3dy53My5vcmcvMjAwMC9zdmciPjwvc3ZnPg==\" style=\"--smush-placeholder-width: 1200px; --smush-placeholder-aspect-ratio: 1200\/675;\" \/><\/figure>\n<\/div>\n\n\n<p>K\u0259mal\u0259 \u018fliyevn\u0131n s\u00f6zl\u0259rin\u0259 g\u00f6r\u0259, hamam 19-cu \u0259srd\u0259 tikilib v\u0259 indiy\u0259 q\u0259d\u0259r varl\u0131\u011f\u0131n\u0131 qoruyub saxlay\u0131b. Amma abid\u0259 ill\u0259rdir ki, \u0259sasl\u0131 t\u0259mir olunmur<\/p>\n\n\n\n<p>40 ildir ki, qap\u0131s\u0131 ba\u011fl\u0131 yeralt\u0131 hamam kompleksi nadir memarl\u0131q abid\u0259si kimi getdikc\u0259 \u00f6z varl\u0131\u011f\u0131n\u0131 itirm\u0259kd\u0259dir.<\/p>\n\n\n\n<p>Rayon ziyal\u0131s\u0131 \u018fkb\u0259r \u018fliyev deyir ki, abid\u0259 m\u00fclk\u0259dar H\u0259zr\u0259t b\u0259y A\u011fazad\u0259 t\u0259r\u0259find\u0259n q\u0131z\u0131na cehiz olaraq tikilib.<\/p>\n\n\n\n<p>Geni\u015f, d\u00fczbucaq formas\u0131nda olan hamam 3 oval formal\u0131 salondan, 4 t\u0259k otaqdan ibar\u0259tdir.<\/p>\n\n\n\n<p>Memar\u0131 bilinm\u0259y\u0259n hamam kompleksinin \u00fc\u00e7 f\u0259rqli \u00f6z\u0259lliyi var ki, h\u0259l\u0259 d\u0259 sirri m\u00fc\u0259mmal\u0131d\u0131r.<\/p>\n\n\n<div class=\"wp-block-image\">\n<figure class=\"aligncenter size-large\"><img decoding=\"async\" width=\"1200\" height=\"675\" data-src=\"https:\/\/www.meydan.tv\/wp-content\/uploads\/img-20231228-wa0119-1200x675.jpg\" alt=\"\" class=\"wp-image-295396 lazyload\" src=\"data:image\/svg+xml;base64,PHN2ZyB3aWR0aD0iMSIgaGVpZ2h0PSIxIiB4bWxucz0iaHR0cDovL3d3dy53My5vcmcvMjAwMC9zdmciPjwvc3ZnPg==\" style=\"--smush-placeholder-width: 1200px; --smush-placeholder-aspect-ratio: 1200\/675;\" \/><\/figure>\n<\/div>\n\n\n<p><strong>&#8220;Bu hamam\u0131n 4 unikal \u00f6z\u0259lliyi var&#8221;<\/strong><\/p>\n\n\n\n<p>\u018fkb\u0259r \u018fliyev bildirir ki, m\u0259hz bu \u00f6z\u0259lliyin\u0259 g\u00f6r\u0259 hamam \u00f6z t\u0259yinat\u0131 \u00fczr\u0259 istifad\u0259 edilm\u0259s\u0259 d\u0259, s\u0131radan \u00e7\u0131xmas\u0131na da imkan verilm\u0259m\u0259lidir.<\/p>\n\n\n\n<p>&#8220;<em>A\u011fab\u0259yovlar rayonda m\u0259\u015fhur n\u0259sil olub. N\u0259slin \u0259n tan\u0131nm\u0131\u015f \u00fczv\u00fc M\u0259mm\u0259d Sad\u0131q b\u0259y A\u011fab\u0259yov general, pedaqoq, \u015f\u0259rq\u015f\u00fcnas alim olub. H\u0259zr\u0259t b\u0259y is\u0259 b\u00f6y\u00fck m\u00fclk\u0259dar, indiki dill\u0259 des\u0259k, sahibkar olub. \u00d6t\u0259n \u0259srin 30-cu ill\u0259rind\u0259 Bak\u0131da ya\u015fay\u0131b v\u0259 v\u0259fat edib. D\u00fc\u015f\u00fcn\u00fcr\u0259m ki, unikal olan bu abid\u0259 m\u0259hz 20-ci \u0259srin \u0259vv\u0259lind\u0259 d\u0259 tikil\u0259 bil\u0259r. Bir \u00f6z\u0259lliyi odur ki, hamam yer s\u0259thind\u0259n iki metr\u0259 q\u0259d\u0259r yerin alt\u0131nda yerl\u0259\u015fir. Bir o q\u0259d\u0259r h\u00fcnd\u00fcrl\u00fckd\u0259 is\u0259 yerin \u00fcst\u00fcnd\u0259dir. Yerin \u00fcst\u00fcnd\u0259 olan hiss\u0259d\u0259 \u00e7\u00f6l\u0259 p\u0259nc\u0259r\u0259l\u0259ri var. Bu da otaq v\u0259 salonlar\u0131 i\u015f\u0131qland\u0131rmaq \u00fc\u00e7\u00fcnd\u00fcr. \u00dc\u00e7 salondan ikisi qad\u0131nlar\u0131n olub ki, o otaqlar t\u0259r\u0259fd\u0259 p\u0259nc\u0259r\u0259 yoxdur. Salonlarda eyni anda 70-80 \u015f\u0259xs istifad\u0259 ed\u0259 bilib&#8221;.<\/em><\/p>\n\n\n<div class=\"wp-block-image\">\n<figure class=\"aligncenter size-large\"><img decoding=\"async\" width=\"1200\" height=\"675\" data-src=\"https:\/\/www.meydan.tv\/wp-content\/uploads\/img-20231228-wa0122-1200x675.jpg\" alt=\"\" class=\"wp-image-295399 lazyload\" src=\"data:image\/svg+xml;base64,PHN2ZyB3aWR0aD0iMSIgaGVpZ2h0PSIxIiB4bWxucz0iaHR0cDovL3d3dy53My5vcmcvMjAwMC9zdmciPjwvc3ZnPg==\" style=\"--smush-placeholder-width: 1200px; --smush-placeholder-aspect-ratio: 1200\/675;\" \/><\/figure>\n<\/div>\n\n\n<p><em>&#8220;Bir \u00f6z\u0259lliyi is\u0259 istilik sistemi idi ki, su v\u0259 odunla isidilirdi, ancaq d\u00f6\u015f\u0259m\u0259 h\u0259mi\u015f\u0259 isti qal\u0131rd\u0131. Bilinmirdi ki, istiliyi nec\u0259 qal\u0131r. Dig\u0259r maraql\u0131 m\u0259qam is\u0259 kanalizasiya x\u0259ttinin m\u00fc\u0259yy\u0259n edilm\u0259m\u0259sidir. Hamamdan ax\u0131d\u0131lan su hara gedir, bilinmirdi. H\u0259tta deyilirdi ki, 400 metr\u0259y\u0259 q\u0259d\u0259r ax\u0131d\u0131l\u0131r, ancaq yen\u0259 bilinm\u0259di. H\u0259tta alt hiss\u0259d\u0259 iri hovuzu var. Bu da 6-7 metr d\u0259rinlikd\u0259dir. Suyu da o vaxt 100 metr uzaql\u0131qdan &#8211; \u018frvan \u00e7ay\u0131ndan g\u00f6t\u00fcr\u00fcl\u00fcb. Hamam kompleksi rayon \u0259halisinin t\u0259mizlik v\u0259 dinclik m\u0259kan\u0131 olub. D\u00fczd\u00fcr, sonradan iki hamam da tikilib, ancaq bu hamam kompleksi unikal memarl\u0131q abid\u0259sidir, qorunmas\u0131 vacibdir&#8221;,<\/em> &#8211; dey\u0259 o qeyd edir.<\/p>\n\n\n\n<p><strong>&#8220;Hamam \u0259sasl\u0131 t\u0259mir olunmal\u0131 v\u0259 ilkin v\u0259ziyy\u0259t\u0259 qaytar\u0131lmal\u0131d\u0131r&#8221;<\/strong><\/p>\n\n\n\n<p>Onun s\u00f6zl\u0259rin\u0259 g\u00f6r\u0259, hamam h\u0259mi\u015f\u0259 t\u0259yinat\u0131 \u00fczr\u0259 istifad\u0259 edilm\u0259yib:<\/p>\n\n\n\n<p>&#8220;<em>Zamanla h\u0259bsxana, sahibkarl\u0131q, tibb obyekti kimi istifad\u0259 olunub. H\u0259tta bu istifad\u0259l\u0259r kompleksin daxili dizayn v\u0259 interyerin\u0259 d\u0259 m\u0259nfi t\u0259sir edib, k\u0259nar m\u00fcdaxil\u0259l\u0259r olub. Odur ki, \u0259sasl\u0131 t\u0259mird\u0259 hamam\u0131n ilkin v\u0259ziyy\u0259ti n\u0259z\u0259r\u0259 al\u0131nmal\u0131d\u0131r. Repressiya ill\u0259rind\u0259 hamamdan h\u0259bsxana kimi istifad\u0259 olunub. \u0130kinci D\u00fcnya m\u00fcharib\u0259si ill\u0259rind\u0259 is\u0259 pendir sexi kimi istifad\u0259 olundu. Acl\u0131q idi o d\u00f6vrl\u0259rd\u0259, buna fikir verilmirdi. 1958-ci ild\u0259 bina y\u00fcng\u00fcl t\u0259mir olunub t\u0259yinat\u0131 \u00fczr\u0259 i\u015fl\u0259yib. M\u00fcst\u0259qillik ill\u0259rind\u0259 is\u0259 bir n\u0259f\u0259r oran\u0131 tibb m\u00fc\u0259ssis\u0259si kimi istifad\u0259 etdi, naraz\u0131l\u0131q oldu dey\u0259 f\u0259aliyy\u0259ti dayand\u0131r\u0131ld\u0131. O adam interyer\u0259, daxili dizayna d\u0259yi\u015fiklik etmi\u015fdi. Sonradan d\u00f6vl\u0259t abid\u0259si elan edib qorundu\u011funa dair yaz\u0131 qeyd olundu, ancaq abid\u0259 \u0259sasl\u0131 restavrasiya (k\u00f6hn\u0259lmi\u015f memarl\u0131q abid\u0259sinin ilkin formas\u0131na uy\u011fun&nbsp; yenil\u0259nm\u0259si. red) olunmad\u0131&#8221;.<\/em><\/p>\n\n\n<div class=\"wp-block-image\">\n<figure class=\"aligncenter size-large\"><img decoding=\"async\" width=\"1200\" height=\"675\" data-src=\"https:\/\/www.meydan.tv\/wp-content\/uploads\/img-20231228-wa0142-1200x675.jpg\" alt=\"\" class=\"wp-image-295402 lazyload\" src=\"data:image\/svg+xml;base64,PHN2ZyB3aWR0aD0iMSIgaGVpZ2h0PSIxIiB4bWxucz0iaHR0cDovL3d3dy53My5vcmcvMjAwMC9zdmciPjwvc3ZnPg==\" style=\"--smush-placeholder-width: 1200px; --smush-placeholder-aspect-ratio: 1200\/675;\" \/><\/figure>\n<\/div>\n\n\n<p>Rayon sakini bildirib ki, yaln\u0131z \u00e7\u00f6l hiss\u0259d\u0259n divarlara y\u00fcng\u00fcl \u0259l g\u0259zdirilib:<\/p>\n\n\n\n<p>&#8220;<em>Buna da t\u0259mir dem\u0259k olmaz. H\u0259l\u0259 15 il \u00f6nc\u0259 hamam\u0131n i\u00e7\u0259risin\u0259 daxil oldum, \u00e7ox b\u0259rbad v\u0259 t\u00f6k\u00fcnt\u00fcl\u00fc bir v\u0259ziyy\u0259td\u0259 idi. \u0130ndi bilmir\u0259m i\u00e7\u0259rini t\u0259mizl\u0259yirl\u0259r v\u0259 nec\u0259dir? Ancaq h\u0259l\u0259 o vaxt b\u0259rbad idi. O abid\u0259nin i\u00e7\u0259risi \u00e7ox maraql\u0131 \u00fcslubda qurulmu\u015fdu, nax\u0131\u015flar\u0131, ornamentl\u0259ri, oymalar\u0131 f\u0259rqli idi. Yenid\u0259n hamam \u0259sasl\u0131 t\u0259mir olunmal\u0131 v\u0259 ilkin v\u0259ziyy\u0259t\u0259 qaytar\u0131lmal\u0131d\u0131r&#8221;.<\/em><\/p>\n\n\n\n<p>O deyir ki, abid\u0259 kompleksi ya\u015f\u0131 bir \u0259sr\u0259 yax\u0131n \u00e7inar a\u011fac\u0131n\u0131n yax\u0131nl\u0131\u011f\u0131nda yerl\u0259\u015fir. K\u00fcl\u0259kli havalarda \u00e7inar a\u011fac\u0131 da a\u015f\u0131b abid\u0259y\u0259 t\u0259hl\u00fck\u0259 yarada bil\u0259r.<\/p>\n\n\n\n<p>Rayon sakinl\u0259ri d\u0259 d\u00fc\u015f\u00fcn\u00fcr ki, abid\u0259 kompleksin\u0259 \u00e7ox olmasa da, ild\u0259 2-3 d\u0259f\u0259 turist g\u0259li\u015fi bel\u0259 t\u0259mirini qa\u00e7\u0131lmaz edir.<\/p>\n\n\n<div class=\"wp-block-image\">\n<figure class=\"aligncenter size-large\"><img decoding=\"async\" width=\"1200\" height=\"675\" data-src=\"https:\/\/www.meydan.tv\/wp-content\/uploads\/img-20231228-wa0159-1200x675.jpg\" alt=\"\" class=\"wp-image-295408 lazyload\" src=\"data:image\/svg+xml;base64,PHN2ZyB3aWR0aD0iMSIgaGVpZ2h0PSIxIiB4bWxucz0iaHR0cDovL3d3dy53My5vcmcvMjAwMC9zdmciPjwvc3ZnPg==\" style=\"--smush-placeholder-width: 1200px; --smush-placeholder-aspect-ratio: 1200\/675;\" \/><\/figure>\n<\/div>\n\n\n<p>Onlar deyirl\u0259r ki, hamama giri\u015f olmasa da, qap\u0131s\u0131 k\u0259nar m\u00fcdaxil\u0259d\u0259n qorunmaq \u00fc\u00e7\u00fcn ba\u011fl\u0131 olsa da, ancaq kompleksin g\u00fcmb\u0259z v\u0259 \u00e7\u00f6l divarlar\u0131nda iri \u00e7atlar, da\u011f\u0131nt\u0131lar tezl\u0259\u015fdirilm\u0259y\u0259n t\u0259mir \u00fcz\u00fcnd\u0259n zamanla m\u0259hv olaca\u011f\u0131ndan x\u0259b\u0259r verir.<\/p>\n\n\n\n<p><strong>&#8220;Aidiyy\u0259ti qurumlar t\u0259mir v\u0259di verir, ancaq \u0259m\u0259li f\u0259aliyy\u0259t yoxdur&#8221;<\/strong><\/p>\n\n\n\n<p>&#8220;<em>Maraql\u0131s\u0131 odur ki, hamam h\u0259m d\u0259&nbsp; rayonun tarixind\u0259n x\u0259b\u0259r ver\u0259n unikal memarl\u0131q abid\u0259sidir. Yerli \u0259h\u0259miyy\u0259tli abid\u0259 kimi niy\u0259 m\u0259hv olsun? T\u0259mir etsinl\u0259r ki, ya\u015fas\u0131n. 10 ild\u0259n \u00e7oxdur ki, aidiyy\u0259ti qurumlar t\u0259mir v\u0259di verir, ancaq \u0259m\u0259li f\u0259aliyy\u0259t yoxdur. Rayonda festival olur, g\u0259l\u0259nl\u0259r \u00e7ox olur. Turistl\u0259r \u00fc\u00e7\u00fcn maraql\u0131 m\u0259kan ola bil\u0259r. T\u0259mir olunsun, \u0259traf\u0131 hasarlans\u0131n, qorunsun. R\u0259ngl\u0259ri solur, divarlar \u00e7at verib t\u00f6k\u00fcl\u00fcr, p\u0259nc\u0259r\u0259l\u0259r, giri\u015fi t\u0259mirsiz, \u0259traf\u0131 is\u0259 tullant\u0131 il\u0259 dolu olur. Vaxta\u015f\u0131r\u0131 i\u00e7\u0259risind\u0259 t\u0259mizlik apar\u0131lsa, abid\u0259 tarix\u0259 qovu\u015fmaz, ya\u015fayar&#8221;<\/em>,&nbsp; &#8211; dey\u0259 rayon sakini Arzu M\u0259mm\u0259dova vur\u011fulay\u0131r.<\/p>\n\n\n\n<p><strong>Yen\u0259 d\u0259 v\u0259d&#8230;<\/strong><\/p>\n\n\n\n<p>M\u0259d\u0259niyy\u0259t Nazirliyi yan\u0131nda M\u0259d\u0259ni \u0130rsin Qorunmas\u0131, \u0130nki\u015faf\u0131 v\u0259 B\u0259rbas\u0131 \u00dczr\u0259 D\u00f6vl\u0259t Xidm\u0259ti Meydan TV-nin abid\u0259 il\u0259 ba\u011fl\u0131 sor\u011fusuna cavab verib.<\/p>\n\n\n\n<p>Amma qurum abid\u0259nin n\u0259 vaxt t\u0259mir edil\u0259c\u0259yini konkret dem\u0259yib:<\/p>\n\n\n<div class=\"wp-block-image\">\n<figure class=\"aligncenter size-large\"><img decoding=\"async\" width=\"1200\" height=\"675\" data-src=\"https:\/\/www.meydan.tv\/wp-content\/uploads\/img-20231228-wa0172-1200x675.jpg\" alt=\"\" class=\"wp-image-295414 lazyload\" src=\"data:image\/svg+xml;base64,PHN2ZyB3aWR0aD0iMSIgaGVpZ2h0PSIxIiB4bWxucz0iaHR0cDovL3d3dy53My5vcmcvMjAwMC9zdmciPjwvc3ZnPg==\" style=\"--smush-placeholder-width: 1200px; --smush-placeholder-aspect-ratio: 1200\/675;\" \/><\/figure>\n<\/div>\n\n\n<p>&#8220;<em>G\u00f6y\u00e7ay rayonunda yerl\u0259\u015f\u0259n \u201cYeralt\u0131 hamam\u201d yerli \u0259h\u0259miyy\u0259tli tarix-memarl\u0131q abid\u0259si kimi d\u00f6vl\u0259t qeydiyyat\u0131ndad\u0131r. H\u0259min hamam uzun ill\u0259r sakinl\u0259rin istifad\u0259sind\u0259 olub. Haz\u0131rda D\u00f6vl\u0259t Xidm\u0259ti t\u0259r\u0259find\u0259n h\u0259min hamam\u0131n b\u0259rpa olunaraq yenid\u0259n istifad\u0259 olunmas\u0131 istiqam\u0259tind\u0259 t\u0259dbirl\u0259rin g\u00f6r\u00fclm\u0259si n\u0259z\u0259rd\u0259 tutulur. Bu m\u0259qs\u0259dl\u0259 tarixi hamam\u0131n b\u0259rpa olunmas\u0131 \u00fc\u00e7\u00fcn investisiya plan\u0131na sal\u0131n\u0131b&#8221;.<\/em><\/p>\n\n\n\n<p>Sakinl\u0259r is\u0259 h\u0259l\u0259 d\u0259 \u00fcmid edirl\u0259r ki, abid\u0259 tarix\u0259 qovu\u015fana q\u0259d\u0259r aidiyy\u0259ti qurumlar verdikl\u0259ri v\u0259di yerin\u0259 yetir\u0259c\u0259kl\u0259r.<\/p>\n\n\n<div class=\"wp-block-image\">\n<figure class=\"aligncenter size-large\"><img decoding=\"async\" width=\"1200\" height=\"675\" data-src=\"https:\/\/www.meydan.tv\/wp-content\/uploads\/img-20231228-wa0157-1200x675.jpg\" alt=\"\" class=\"wp-image-295405 lazyload\" src=\"data:image\/svg+xml;base64,PHN2ZyB3aWR0aD0iMSIgaGVpZ2h0PSIxIiB4bWxucz0iaHR0cDovL3d3dy53My5vcmcvMjAwMC9zdmciPjwvc3ZnPg==\" style=\"--smush-placeholder-width: 1200px; --smush-placeholder-aspect-ratio: 1200\/675;\" \/><\/figure>\n<\/div>","protected":false},"excerpt":{"rendered":"<p>Sakinl\u0259r aidiyy\u0259ti qurumlar\u0131 v\u0259dl\u0259rini yerin\u0259 yetirm\u0259m\u0259kd\u0259 q\u0131nay\u0131rlar G\u00f6y\u00e7ay rayon sakinl\u0259ri &#8230; <\/p>\n<p class=\"read-more-container\"><a title=\"G\u00f6y\u00e7aydan \u015fikay\u0259t var: &#8220;Unikal abid\u0259 olan &#8220;Yeralt\u0131 hamam&#8221; da\u011f\u0131l\u0131r, baxan yoxdur&#8221;\" class=\"read-more button\" href=\"https:\/\/www.meydan.tv\/az\/article\/goycaydan-sikayet-var-unikal-abide-olan-yeralti-hamam-dagilir-baxan-yoxdur\/#more-295417\" aria-label=\"Read more about G\u00f6y\u00e7aydan \u015fikay\u0259t var: &#8220;Unikal abid\u0259 olan &#8220;Yeralt\u0131 hamam&#8221; da\u011f\u0131l\u0131r, baxan yoxdur&#8221;\">Davam\u0131<\/a><\/p>\n","protected":false},"author":8,"featured_media":295387,"comment_status":"closed","ping_status":"closed","sticky":false,"template":"","format":"standard","meta":{"_acf_changed":false,"_sitemap_exclude":false,"_sitemap_priority":"","_sitemap_frequency":"","footnotes":""},"categories":[60,79,56],"tags":[],"class_list":["post-295417","post","type-post","status-publish","format-standard","has-post-thumbnail","hentry","category-bolge","category-featured","category-xeberler","infinite-scroll-item","generate-columns","tablet-grid-50","mobile-grid-100","grid-parent","grid-33","no-featured-image-padding"],"acf":[],"yoast_head":"<!-- This site is optimized with the Yoast SEO plugin v27.4 - https:\/\/yoast.com\/product\/yoast-seo-wordpress\/ -->\n<title>G\u00f6y\u00e7aydan \u015fikay\u0259t var: &quot;Unikal abid\u0259 olan &quot;Yeralt\u0131 hamam&quot; da\u011f\u0131l\u0131r, baxan yoxdur&quot; - MEYDAN.TV<\/title>\n<meta name=\"robots\" content=\"index, follow, max-snippet:-1, max-image-preview:large, max-video-preview:-1\" \/>\n<link rel=\"canonical\" href=\"https:\/\/www.meydan.tv\/az\/article\/goycaydan-sikayet-var-unikal-abide-olan-yeralti-hamam-dagilir-baxan-yoxdur\/\" \/>\n<meta property=\"og:locale\" content=\"az_AZ\" \/>\n<meta property=\"og:type\" content=\"article\" \/>\n<meta property=\"og:title\" content=\"G\u00f6y\u00e7aydan \u015fikay\u0259t var: &quot;Unikal abid\u0259 olan &quot;Yeralt\u0131 hamam&quot; da\u011f\u0131l\u0131r, baxan yoxdur&quot; - MEYDAN.TV\" \/>\n<meta property=\"og:description\" content=\"Sakinl\u0259r aidiyy\u0259ti qurumlar\u0131 v\u0259dl\u0259rini yerin\u0259 yetirm\u0259m\u0259kd\u0259 q\u0131nay\u0131rlar G\u00f6y\u00e7ay rayon sakinl\u0259ri ... Davam\u0131\" \/>\n<meta property=\"og:url\" content=\"https:\/\/www.meydan.tv\/az\/article\/goycaydan-sikayet-var-unikal-abide-olan-yeralti-hamam-dagilir-baxan-yoxdur\/\" \/>\n<meta property=\"og:site_name\" content=\"MEYDAN.TV\" \/>\n<meta property=\"article:published_time\" content=\"2024-01-16T11:46:52+00:00\" \/>\n<meta property=\"article:modified_time\" content=\"2024-01-16T12:05:15+00:00\" \/>\n<meta property=\"og:image\" content=\"https:\/\/www.meydan.tv\/wp-content\/uploads\/img-20231228-wa0176.jpg\" \/>\n\t<meta property=\"og:image:width\" content=\"1280\" \/>\n\t<meta property=\"og:image:height\" content=\"720\" \/>\n\t<meta property=\"og:image:type\" content=\"image\/jpeg\" \/>\n<meta name=\"author\" content=\"elli\" \/>\n<meta name=\"twitter:card\" content=\"summary_large_image\" \/>\n<meta name=\"twitter:creator\" content=\"@elli\" \/>\n<script type=\"application\/ld+json\" class=\"yoast-schema-graph\">{\"@context\":\"https:\\\/\\\/schema.org\",\"@graph\":[{\"@type\":\"Article\",\"@id\":\"https:\\\/\\\/www.meydan.tv\\\/az\\\/article\\\/goycaydan-sikayet-var-unikal-abide-olan-yeralti-hamam-dagilir-baxan-yoxdur\\\/#article\",\"isPartOf\":{\"@id\":\"https:\\\/\\\/www.meydan.tv\\\/az\\\/article\\\/goycaydan-sikayet-var-unikal-abide-olan-yeralti-hamam-dagilir-baxan-yoxdur\\\/\"},\"author\":{\"name\":\"elli\",\"@id\":\"https:\\\/\\\/www.meydan.tv\\\/az\\\/#\\\/schema\\\/person\\\/9cdbecf90d17180ce1dfbd95b08dcf47\"},\"headline\":\"G\u00f6y\u00e7aydan \u015fikay\u0259t var: &#8220;Unikal abid\u0259 olan &#8220;Yeralt\u0131 hamam&#8221; da\u011f\u0131l\u0131r, baxan yoxdur&#8221;\",\"datePublished\":\"2024-01-16T11:46:52+00:00\",\"dateModified\":\"2024-01-16T12:05:15+00:00\",\"mainEntityOfPage\":{\"@id\":\"https:\\\/\\\/www.meydan.tv\\\/az\\\/article\\\/goycaydan-sikayet-var-unikal-abide-olan-yeralti-hamam-dagilir-baxan-yoxdur\\\/\"},\"wordCount\":1387,\"publisher\":{\"@id\":\"https:\\\/\\\/www.meydan.tv\\\/az\\\/#organization\"},\"image\":{\"@id\":\"https:\\\/\\\/www.meydan.tv\\\/az\\\/article\\\/goycaydan-sikayet-var-unikal-abide-olan-yeralti-hamam-dagilir-baxan-yoxdur\\\/#primaryimage\"},\"thumbnailUrl\":\"https:\\\/\\\/www.meydan.tv\\\/wp-content\\\/uploads\\\/img-20231228-wa0176.jpg\",\"articleSection\":[\"B\u00f6lg\u0259\",\"T\u00f6vsiy\u0259\",\"X\u0259b\u0259rl\u0259r\"],\"inLanguage\":\"az\"},{\"@type\":\"WebPage\",\"@id\":\"https:\\\/\\\/www.meydan.tv\\\/az\\\/article\\\/goycaydan-sikayet-var-unikal-abide-olan-yeralti-hamam-dagilir-baxan-yoxdur\\\/\",\"url\":\"https:\\\/\\\/www.meydan.tv\\\/az\\\/article\\\/goycaydan-sikayet-var-unikal-abide-olan-yeralti-hamam-dagilir-baxan-yoxdur\\\/\",\"name\":\"G\u00f6y\u00e7aydan \u015fikay\u0259t var: \\\"Unikal abid\u0259 olan \\\"Yeralt\u0131 hamam\\\" da\u011f\u0131l\u0131r, baxan yoxdur\\\" - MEYDAN.TV\",\"isPartOf\":{\"@id\":\"https:\\\/\\\/www.meydan.tv\\\/az\\\/#website\"},\"primaryImageOfPage\":{\"@id\":\"https:\\\/\\\/www.meydan.tv\\\/az\\\/article\\\/goycaydan-sikayet-var-unikal-abide-olan-yeralti-hamam-dagilir-baxan-yoxdur\\\/#primaryimage\"},\"image\":{\"@id\":\"https:\\\/\\\/www.meydan.tv\\\/az\\\/article\\\/goycaydan-sikayet-var-unikal-abide-olan-yeralti-hamam-dagilir-baxan-yoxdur\\\/#primaryimage\"},\"thumbnailUrl\":\"https:\\\/\\\/www.meydan.tv\\\/wp-content\\\/uploads\\\/img-20231228-wa0176.jpg\",\"datePublished\":\"2024-01-16T11:46:52+00:00\",\"dateModified\":\"2024-01-16T12:05:15+00:00\",\"breadcrumb\":{\"@id\":\"https:\\\/\\\/www.meydan.tv\\\/az\\\/article\\\/goycaydan-sikayet-var-unikal-abide-olan-yeralti-hamam-dagilir-baxan-yoxdur\\\/#breadcrumb\"},\"inLanguage\":\"az\",\"potentialAction\":[{\"@type\":\"ReadAction\",\"target\":[\"https:\\\/\\\/www.meydan.tv\\\/az\\\/article\\\/goycaydan-sikayet-var-unikal-abide-olan-yeralti-hamam-dagilir-baxan-yoxdur\\\/\"]}]},{\"@type\":\"ImageObject\",\"inLanguage\":\"az\",\"@id\":\"https:\\\/\\\/www.meydan.tv\\\/az\\\/article\\\/goycaydan-sikayet-var-unikal-abide-olan-yeralti-hamam-dagilir-baxan-yoxdur\\\/#primaryimage\",\"url\":\"https:\\\/\\\/www.meydan.tv\\\/wp-content\\\/uploads\\\/img-20231228-wa0176.jpg\",\"contentUrl\":\"https:\\\/\\\/www.meydan.tv\\\/wp-content\\\/uploads\\\/img-20231228-wa0176.jpg\",\"width\":1280,\"height\":720,\"caption\":\"Fotolar: Meydan TV\"},{\"@type\":\"BreadcrumbList\",\"@id\":\"https:\\\/\\\/www.meydan.tv\\\/az\\\/article\\\/goycaydan-sikayet-var-unikal-abide-olan-yeralti-hamam-dagilir-baxan-yoxdur\\\/#breadcrumb\",\"itemListElement\":[{\"@type\":\"ListItem\",\"position\":1,\"name\":\"Ana s\u0259hif\u0259\",\"item\":\"https:\\\/\\\/www.meydan.tv\\\/az\\\/\"},{\"@type\":\"ListItem\",\"position\":2,\"name\":\"B\u00f6lg\u0259\",\"item\":\"https:\\\/\\\/www.meydan.tv\\\/az\\\/section\\\/bolge\\\/\"},{\"@type\":\"ListItem\",\"position\":3,\"name\":\"G\u00f6y\u00e7aydan \u015fikay\u0259t var: &#8220;Unikal abid\u0259 olan &#8220;Yeralt\u0131 hamam&#8221; da\u011f\u0131l\u0131r, baxan yoxdur&#8221;\"}]},{\"@type\":\"WebSite\",\"@id\":\"https:\\\/\\\/www.meydan.tv\\\/az\\\/#website\",\"url\":\"https:\\\/\\\/www.meydan.tv\\\/az\\\/\",\"name\":\"MEYDAN.TV\",\"description\":\"Meydan TV Az\u0259rbaycan\u0131n media m\u0259kan\u0131ndak\u0131 alternativ s\u0259sidir\",\"publisher\":{\"@id\":\"https:\\\/\\\/www.meydan.tv\\\/az\\\/#organization\"},\"potentialAction\":[{\"@type\":\"SearchAction\",\"target\":{\"@type\":\"EntryPoint\",\"urlTemplate\":\"https:\\\/\\\/www.meydan.tv\\\/az\\\/?s={search_term_string}\"},\"query-input\":{\"@type\":\"PropertyValueSpecification\",\"valueRequired\":true,\"valueName\":\"search_term_string\"}}],\"inLanguage\":\"az\"},{\"@type\":\"Organization\",\"@id\":\"https:\\\/\\\/www.meydan.tv\\\/az\\\/#organization\",\"name\":\"Meydan TV\",\"url\":\"https:\\\/\\\/www.meydan.tv\\\/az\\\/\",\"logo\":{\"@type\":\"ImageObject\",\"inLanguage\":\"az\",\"@id\":\"https:\\\/\\\/www.meydan.tv\\\/az\\\/#\\\/schema\\\/logo\\\/image\\\/\",\"url\":\"https:\\\/\\\/www.meydan.tv\\\/wp-content\\\/uploads\\\/2021\\\/07\\\/meydan-logo.svg\",\"contentUrl\":\"https:\\\/\\\/www.meydan.tv\\\/wp-content\\\/uploads\\\/2021\\\/07\\\/meydan-logo.svg\",\"width\":195,\"height\":46,\"caption\":\"Meydan TV\"},\"image\":{\"@id\":\"https:\\\/\\\/www.meydan.tv\\\/az\\\/#\\\/schema\\\/logo\\\/image\\\/\"}},{\"@type\":\"Person\",\"@id\":\"https:\\\/\\\/www.meydan.tv\\\/az\\\/#\\\/schema\\\/person\\\/9cdbecf90d17180ce1dfbd95b08dcf47\",\"name\":\"elli\",\"sameAs\":[\"https:\\\/\\\/x.com\\\/elli\"]}]}<\/script>\n<!-- \/ Yoast SEO plugin. -->","yoast_head_json":{"title":"G\u00f6y\u00e7aydan \u015fikay\u0259t var: \"Unikal abid\u0259 olan \"Yeralt\u0131 hamam\" da\u011f\u0131l\u0131r, baxan yoxdur\" - MEYDAN.TV","robots":{"index":"index","follow":"follow","max-snippet":"max-snippet:-1","max-image-preview":"max-image-preview:large","max-video-preview":"max-video-preview:-1"},"canonical":"https:\/\/www.meydan.tv\/az\/article\/goycaydan-sikayet-var-unikal-abide-olan-yeralti-hamam-dagilir-baxan-yoxdur\/","og_locale":"az_AZ","og_type":"article","og_title":"G\u00f6y\u00e7aydan \u015fikay\u0259t var: \"Unikal abid\u0259 olan \"Yeralt\u0131 hamam\" da\u011f\u0131l\u0131r, baxan yoxdur\" - MEYDAN.TV","og_description":"Sakinl\u0259r aidiyy\u0259ti qurumlar\u0131 v\u0259dl\u0259rini yerin\u0259 yetirm\u0259m\u0259kd\u0259 q\u0131nay\u0131rlar G\u00f6y\u00e7ay rayon sakinl\u0259ri ... Davam\u0131","og_url":"https:\/\/www.meydan.tv\/az\/article\/goycaydan-sikayet-var-unikal-abide-olan-yeralti-hamam-dagilir-baxan-yoxdur\/","og_site_name":"MEYDAN.TV","article_published_time":"2024-01-16T11:46:52+00:00","article_modified_time":"2024-01-16T12:05:15+00:00","og_image":[{"width":1280,"height":720,"url":"https:\/\/www.meydan.tv\/wp-content\/uploads\/img-20231228-wa0176.jpg","type":"image\/jpeg"}],"author":"elli","twitter_card":"summary_large_image","twitter_creator":"@elli","schema":{"@context":"https:\/\/schema.org","@graph":[{"@type":"Article","@id":"https:\/\/www.meydan.tv\/az\/article\/goycaydan-sikayet-var-unikal-abide-olan-yeralti-hamam-dagilir-baxan-yoxdur\/#article","isPartOf":{"@id":"https:\/\/www.meydan.tv\/az\/article\/goycaydan-sikayet-var-unikal-abide-olan-yeralti-hamam-dagilir-baxan-yoxdur\/"},"author":{"name":"elli","@id":"https:\/\/www.meydan.tv\/az\/#\/schema\/person\/9cdbecf90d17180ce1dfbd95b08dcf47"},"headline":"G\u00f6y\u00e7aydan \u015fikay\u0259t var: &#8220;Unikal abid\u0259 olan &#8220;Yeralt\u0131 hamam&#8221; da\u011f\u0131l\u0131r, baxan yoxdur&#8221;","datePublished":"2024-01-16T11:46:52+00:00","dateModified":"2024-01-16T12:05:15+00:00","mainEntityOfPage":{"@id":"https:\/\/www.meydan.tv\/az\/article\/goycaydan-sikayet-var-unikal-abide-olan-yeralti-hamam-dagilir-baxan-yoxdur\/"},"wordCount":1387,"publisher":{"@id":"https:\/\/www.meydan.tv\/az\/#organization"},"image":{"@id":"https:\/\/www.meydan.tv\/az\/article\/goycaydan-sikayet-var-unikal-abide-olan-yeralti-hamam-dagilir-baxan-yoxdur\/#primaryimage"},"thumbnailUrl":"https:\/\/www.meydan.tv\/wp-content\/uploads\/img-20231228-wa0176.jpg","articleSection":["B\u00f6lg\u0259","T\u00f6vsiy\u0259","X\u0259b\u0259rl\u0259r"],"inLanguage":"az"},{"@type":"WebPage","@id":"https:\/\/www.meydan.tv\/az\/article\/goycaydan-sikayet-var-unikal-abide-olan-yeralti-hamam-dagilir-baxan-yoxdur\/","url":"https:\/\/www.meydan.tv\/az\/article\/goycaydan-sikayet-var-unikal-abide-olan-yeralti-hamam-dagilir-baxan-yoxdur\/","name":"G\u00f6y\u00e7aydan \u015fikay\u0259t var: \"Unikal abid\u0259 olan \"Yeralt\u0131 hamam\" da\u011f\u0131l\u0131r, baxan yoxdur\" - MEYDAN.TV","isPartOf":{"@id":"https:\/\/www.meydan.tv\/az\/#website"},"primaryImageOfPage":{"@id":"https:\/\/www.meydan.tv\/az\/article\/goycaydan-sikayet-var-unikal-abide-olan-yeralti-hamam-dagilir-baxan-yoxdur\/#primaryimage"},"image":{"@id":"https:\/\/www.meydan.tv\/az\/article\/goycaydan-sikayet-var-unikal-abide-olan-yeralti-hamam-dagilir-baxan-yoxdur\/#primaryimage"},"thumbnailUrl":"https:\/\/www.meydan.tv\/wp-content\/uploads\/img-20231228-wa0176.jpg","datePublished":"2024-01-16T11:46:52+00:00","dateModified":"2024-01-16T12:05:15+00:00","breadcrumb":{"@id":"https:\/\/www.meydan.tv\/az\/article\/goycaydan-sikayet-var-unikal-abide-olan-yeralti-hamam-dagilir-baxan-yoxdur\/#breadcrumb"},"inLanguage":"az","potentialAction":[{"@type":"ReadAction","target":["https:\/\/www.meydan.tv\/az\/article\/goycaydan-sikayet-var-unikal-abide-olan-yeralti-hamam-dagilir-baxan-yoxdur\/"]}]},{"@type":"ImageObject","inLanguage":"az","@id":"https:\/\/www.meydan.tv\/az\/article\/goycaydan-sikayet-var-unikal-abide-olan-yeralti-hamam-dagilir-baxan-yoxdur\/#primaryimage","url":"https:\/\/www.meydan.tv\/wp-content\/uploads\/img-20231228-wa0176.jpg","contentUrl":"https:\/\/www.meydan.tv\/wp-content\/uploads\/img-20231228-wa0176.jpg","width":1280,"height":720,"caption":"Fotolar: Meydan TV"},{"@type":"BreadcrumbList","@id":"https:\/\/www.meydan.tv\/az\/article\/goycaydan-sikayet-var-unikal-abide-olan-yeralti-hamam-dagilir-baxan-yoxdur\/#breadcrumb","itemListElement":[{"@type":"ListItem","position":1,"name":"Ana s\u0259hif\u0259","item":"https:\/\/www.meydan.tv\/az\/"},{"@type":"ListItem","position":2,"name":"B\u00f6lg\u0259","item":"https:\/\/www.meydan.tv\/az\/section\/bolge\/"},{"@type":"ListItem","position":3,"name":"G\u00f6y\u00e7aydan \u015fikay\u0259t var: &#8220;Unikal abid\u0259 olan &#8220;Yeralt\u0131 hamam&#8221; da\u011f\u0131l\u0131r, baxan yoxdur&#8221;"}]},{"@type":"WebSite","@id":"https:\/\/www.meydan.tv\/az\/#website","url":"https:\/\/www.meydan.tv\/az\/","name":"MEYDAN.TV","description":"Meydan TV Az\u0259rbaycan\u0131n media m\u0259kan\u0131ndak\u0131 alternativ s\u0259sidir","publisher":{"@id":"https:\/\/www.meydan.tv\/az\/#organization"},"potentialAction":[{"@type":"SearchAction","target":{"@type":"EntryPoint","urlTemplate":"https:\/\/www.meydan.tv\/az\/?s={search_term_string}"},"query-input":{"@type":"PropertyValueSpecification","valueRequired":true,"valueName":"search_term_string"}}],"inLanguage":"az"},{"@type":"Organization","@id":"https:\/\/www.meydan.tv\/az\/#organization","name":"Meydan TV","url":"https:\/\/www.meydan.tv\/az\/","logo":{"@type":"ImageObject","inLanguage":"az","@id":"https:\/\/www.meydan.tv\/az\/#\/schema\/logo\/image\/","url":"https:\/\/www.meydan.tv\/wp-content\/uploads\/2021\/07\/meydan-logo.svg","contentUrl":"https:\/\/www.meydan.tv\/wp-content\/uploads\/2021\/07\/meydan-logo.svg","width":195,"height":46,"caption":"Meydan TV"},"image":{"@id":"https:\/\/www.meydan.tv\/az\/#\/schema\/logo\/image\/"}},{"@type":"Person","@id":"https:\/\/www.meydan.tv\/az\/#\/schema\/person\/9cdbecf90d17180ce1dfbd95b08dcf47","name":"elli","sameAs":["https:\/\/x.com\/elli"]}]}},"_links":{"self":[{"href":"https:\/\/www.meydan.tv\/az\/wp-json\/wp\/v2\/posts\/295417","targetHints":{"allow":["GET"]}}],"collection":[{"href":"https:\/\/www.meydan.tv\/az\/wp-json\/wp\/v2\/posts"}],"about":[{"href":"https:\/\/www.meydan.tv\/az\/wp-json\/wp\/v2\/types\/post"}],"author":[{"embeddable":true,"href":"https:\/\/www.meydan.tv\/az\/wp-json\/wp\/v2\/users\/8"}],"replies":[{"embeddable":true,"href":"https:\/\/www.meydan.tv\/az\/wp-json\/wp\/v2\/comments?post=295417"}],"version-history":[{"count":6,"href":"https:\/\/www.meydan.tv\/az\/wp-json\/wp\/v2\/posts\/295417\/revisions"}],"predecessor-version":[{"id":295436,"href":"https:\/\/www.meydan.tv\/az\/wp-json\/wp\/v2\/posts\/295417\/revisions\/295436"}],"wp:featuredmedia":[{"embeddable":true,"href":"https:\/\/www.meydan.tv\/az\/wp-json\/wp\/v2\/media\/295387"}],"wp:attachment":[{"href":"https:\/\/www.meydan.tv\/az\/wp-json\/wp\/v2\/media?parent=295417"}],"wp:term":[{"taxonomy":"category","embeddable":true,"href":"https:\/\/www.meydan.tv\/az\/wp-json\/wp\/v2\/categories?post=295417"},{"taxonomy":"post_tag","embeddable":true,"href":"https:\/\/www.meydan.tv\/az\/wp-json\/wp\/v2\/tags?post=295417"}],"curies":[{"name":"wp","href":"https:\/\/api.w.org\/{rel}","templated":true}]}}