{"id":295359,"date":"2024-01-15T22:53:59","date_gmt":"2024-01-15T18:53:59","guid":{"rendered":"https:\/\/www.meydan.tv\/?p=295359"},"modified":"2024-01-15T22:54:04","modified_gmt":"2024-01-15T18:54:04","slug":"sumqayitda-yataqxanada-partlayis-olub-yaralananlar-var","status":"publish","type":"post","link":"https:\/\/www.meydan.tv\/az\/article\/sumqayitda-yataqxanada-partlayis-olub-yaralananlar-var\/","title":{"rendered":"Sumqay\u0131tda yataqxanada partlay\u0131\u015f olub, yaralananlar var"},"content":{"rendered":"\n<p><\/p>\n\n\n\n<p><strong><em>X\u0259sar\u0259t alanardan ikisi u\u015faqd\u0131r<\/em><\/strong><\/p>\n\n\n\n<p>Sumqay\u0131tda Y\u0259hya M\u0259mm\u0259dov k\u00fc\u00e7\u0259sind\u0259 yerl\u0259\u015f\u0259n ikim\u0259rt\u0259b\u0259li yataqxanada partlay\u0131\u015f olub.<br>F\u00f6vq\u0259lad\u0259 Hallar Nazirliyinin m\u0259lumat\u0131na g\u00f6r\u0259, partlay\u0131\u015f\u0131n 2-ci m\u0259rt\u0259b\u0259d\u0259ki m\u0259nzill\u0259rd\u0259n birind\u0259 qaz s\u0131zmas\u0131 n\u0259tic\u0259sind\u0259 ba\u015f verdiyi ehtimal edilir.<\/p>\n\n\n\n<p>Hadis\u0259 n\u0259tic\u0259sind\u0259 m\u0259nzilin arak\u0259sm\u0259 divarlar\u0131 u\u00e7ub, p\u0259nc\u0259r\u0259 \u00e7\u0259r\u00e7iv\u0259l\u0259ri yerind\u0259n \u00e7\u0131x\u0131b, 4 n\u0259f\u0259r x\u0259sar\u0259t al\u0131b.<\/p>\n\n\n\n<p><em>\u201cF\u00f6vq\u0259lad\u0259 Hallar Nazirliyinin q\u00fcvv\u0259l\u0259ri t\u0259r\u0259find\u0259n hadis\u0259 yerind\u0259 m\u00fcvafiq t\u0259hl\u00fck\u0259sizlik t\u0259dbirl\u0259ri g\u00f6r\u00fcl\u00fcb\u201d,<\/em> &#8211; FHN-d\u0259n bel\u0259 deyilib.<\/p>\n\n\n<div class=\"wp-block-image\">\n<figure class=\"aligncenter size-full\"><img decoding=\"async\" width=\"1200\" height=\"660\" data-src=\"https:\/\/www.meydan.tv\/wp-content\/uploads\/17053397255732653900_1200x630.jpg\" alt=\"\" class=\"wp-image-295353 lazyload\" src=\"data:image\/svg+xml;base64,PHN2ZyB3aWR0aD0iMSIgaGVpZ2h0PSIxIiB4bWxucz0iaHR0cDovL3d3dy53My5vcmcvMjAwMC9zdmciPjwvc3ZnPg==\" style=\"--smush-placeholder-width: 1200px; --smush-placeholder-aspect-ratio: 1200\/660;\" \/><\/figure>\n<\/div>\n\n\n<p>Tibbi \u018frazi B\u00f6lm\u0259l\u0259rini \u0130dar\u0259etm\u0259 Birliyind\u0259n veril\u0259n m\u0259lumata g\u00f6r\u0259, partlay\u0131\u015f zaman\u0131 x\u0259sar\u0259t alan 4 n\u0259f\u0259rd\u0259n ikisi u\u015faqd\u0131r. Onlardan biri 11 ya\u015fl\u0131 o\u011flan, dig\u0259ri is\u0259 15 ya\u015fl\u0131 q\u0131zd\u0131r. B\u00f6y\u00fckl\u0259r Sumqay\u0131tdak\u0131 T\u0259cili Tibbi Yard\u0131m X\u0259st\u0259xanas\u0131na, u\u015faqlar is\u0259 \u015f\u0259h\u0259rd\u0259ki U\u015faq X\u0259st\u0259xanas\u0131na yerl\u0259\u015fdirilib.<\/p>\n\n\n\n<p>B\u00f6y\u00fckl\u0259rd\u0259n birinin v\u0259ziyy\u0259ti stabil, qalan 3 n\u0259f\u0259rin durumu is\u0259 orta a\u011f\u0131r qiym\u0259tl\u0259ndirilib.<br>Ba\u015f Prokurorlu\u011fun m\u0259tbuat xidm\u0259tind\u0259n Meydan TV-y\u0259 bildirilib ki, yataqxana binas\u0131nda ba\u015f vermi\u015f partlay\u0131\u015fla ba\u011fl\u0131 Sumqay\u0131t \u015e\u0259h\u0259r Prokurorlu\u011funda ara\u015fd\u0131rma apar\u0131l\u0131r.<\/p>\n","protected":false},"excerpt":{"rendered":"<p>X\u0259sar\u0259t alanardan ikisi u\u015faqd\u0131r Sumqay\u0131tda Y\u0259hya M\u0259mm\u0259dov k\u00fc\u00e7\u0259sind\u0259 yerl\u0259\u015f\u0259n ikim\u0259rt\u0259b\u0259li &#8230; <\/p>\n<p class=\"read-more-container\"><a title=\"Sumqay\u0131tda yataqxanada partlay\u0131\u015f olub, yaralananlar var\" class=\"read-more button\" href=\"https:\/\/www.meydan.tv\/az\/article\/sumqayitda-yataqxanada-partlayis-olub-yaralananlar-var\/#more-295359\" aria-label=\"Read more about Sumqay\u0131tda yataqxanada partlay\u0131\u015f olub, yaralananlar var\">Davam\u0131<\/a><\/p>\n","protected":false},"author":8,"featured_media":295356,"comment_status":"closed","ping_status":"closed","sticky":false,"template":"","format":"standard","meta":{"_acf_changed":false,"_sitemap_exclude":false,"_sitemap_priority":"","_sitemap_frequency":"","footnotes":""},"categories":[60,56],"tags":[],"class_list":["post-295359","post","type-post","status-publish","format-standard","has-post-thumbnail","hentry","category-bolge","category-xeberler","infinite-scroll-item","generate-columns","tablet-grid-50","mobile-grid-100","grid-parent","grid-33","no-featured-image-padding"],"acf":[],"yoast_head":"<!-- This site is optimized with the Yoast SEO plugin v27.4 - https:\/\/yoast.com\/product\/yoast-seo-wordpress\/ -->\n<title>Sumqay\u0131tda yataqxanada partlay\u0131\u015f olub, yaralananlar var - MEYDAN.TV<\/title>\n<meta name=\"robots\" content=\"index, follow, max-snippet:-1, max-image-preview:large, max-video-preview:-1\" \/>\n<link rel=\"canonical\" href=\"https:\/\/www.meydan.tv\/az\/article\/sumqayitda-yataqxanada-partlayis-olub-yaralananlar-var\/\" \/>\n<meta property=\"og:locale\" content=\"az_AZ\" \/>\n<meta property=\"og:type\" content=\"article\" \/>\n<meta property=\"og:title\" content=\"Sumqay\u0131tda yataqxanada partlay\u0131\u015f olub, yaralananlar var - MEYDAN.TV\" \/>\n<meta property=\"og:description\" content=\"X\u0259sar\u0259t alanardan ikisi u\u015faqd\u0131r Sumqay\u0131tda Y\u0259hya M\u0259mm\u0259dov k\u00fc\u00e7\u0259sind\u0259 yerl\u0259\u015f\u0259n ikim\u0259rt\u0259b\u0259li ... Davam\u0131\" \/>\n<meta property=\"og:url\" content=\"https:\/\/www.meydan.tv\/az\/article\/sumqayitda-yataqxanada-partlayis-olub-yaralananlar-var\/\" \/>\n<meta property=\"og:site_name\" content=\"MEYDAN.TV\" \/>\n<meta property=\"article:published_time\" content=\"2024-01-15T18:53:59+00:00\" \/>\n<meta property=\"article:modified_time\" content=\"2024-01-15T18:54:04+00:00\" \/>\n<meta property=\"og:image\" content=\"https:\/\/www.meydan.tv\/wp-content\/uploads\/17053397253989327043_1200x630.jpg\" \/>\n\t<meta property=\"og:image:width\" content=\"1200\" \/>\n\t<meta property=\"og:image:height\" content=\"708\" \/>\n\t<meta property=\"og:image:type\" content=\"image\/jpeg\" \/>\n<meta name=\"author\" content=\"elli\" \/>\n<meta name=\"twitter:card\" content=\"summary_large_image\" \/>\n<meta name=\"twitter:creator\" content=\"@elli\" \/>\n<script type=\"application\/ld+json\" class=\"yoast-schema-graph\">{\"@context\":\"https:\\\/\\\/schema.org\",\"@graph\":[{\"@type\":\"Article\",\"@id\":\"https:\\\/\\\/www.meydan.tv\\\/az\\\/article\\\/sumqayitda-yataqxanada-partlayis-olub-yaralananlar-var\\\/#article\",\"isPartOf\":{\"@id\":\"https:\\\/\\\/www.meydan.tv\\\/az\\\/article\\\/sumqayitda-yataqxanada-partlayis-olub-yaralananlar-var\\\/\"},\"author\":{\"name\":\"elli\",\"@id\":\"https:\\\/\\\/www.meydan.tv\\\/az\\\/#\\\/schema\\\/person\\\/9cdbecf90d17180ce1dfbd95b08dcf47\"},\"headline\":\"Sumqay\u0131tda yataqxanada partlay\u0131\u015f olub, yaralananlar var\",\"datePublished\":\"2024-01-15T18:53:59+00:00\",\"dateModified\":\"2024-01-15T18:54:04+00:00\",\"mainEntityOfPage\":{\"@id\":\"https:\\\/\\\/www.meydan.tv\\\/az\\\/article\\\/sumqayitda-yataqxanada-partlayis-olub-yaralananlar-var\\\/\"},\"wordCount\":257,\"publisher\":{\"@id\":\"https:\\\/\\\/www.meydan.tv\\\/az\\\/#organization\"},\"image\":{\"@id\":\"https:\\\/\\\/www.meydan.tv\\\/az\\\/article\\\/sumqayitda-yataqxanada-partlayis-olub-yaralananlar-var\\\/#primaryimage\"},\"thumbnailUrl\":\"https:\\\/\\\/www.meydan.tv\\\/wp-content\\\/uploads\\\/17053397253989327043_1200x630.jpg\",\"articleSection\":[\"B\u00f6lg\u0259\",\"X\u0259b\u0259rl\u0259r\"],\"inLanguage\":\"az\"},{\"@type\":\"WebPage\",\"@id\":\"https:\\\/\\\/www.meydan.tv\\\/az\\\/article\\\/sumqayitda-yataqxanada-partlayis-olub-yaralananlar-var\\\/\",\"url\":\"https:\\\/\\\/www.meydan.tv\\\/az\\\/article\\\/sumqayitda-yataqxanada-partlayis-olub-yaralananlar-var\\\/\",\"name\":\"Sumqay\u0131tda yataqxanada partlay\u0131\u015f olub, yaralananlar var - MEYDAN.TV\",\"isPartOf\":{\"@id\":\"https:\\\/\\\/www.meydan.tv\\\/az\\\/#website\"},\"primaryImageOfPage\":{\"@id\":\"https:\\\/\\\/www.meydan.tv\\\/az\\\/article\\\/sumqayitda-yataqxanada-partlayis-olub-yaralananlar-var\\\/#primaryimage\"},\"image\":{\"@id\":\"https:\\\/\\\/www.meydan.tv\\\/az\\\/article\\\/sumqayitda-yataqxanada-partlayis-olub-yaralananlar-var\\\/#primaryimage\"},\"thumbnailUrl\":\"https:\\\/\\\/www.meydan.tv\\\/wp-content\\\/uploads\\\/17053397253989327043_1200x630.jpg\",\"datePublished\":\"2024-01-15T18:53:59+00:00\",\"dateModified\":\"2024-01-15T18:54:04+00:00\",\"breadcrumb\":{\"@id\":\"https:\\\/\\\/www.meydan.tv\\\/az\\\/article\\\/sumqayitda-yataqxanada-partlayis-olub-yaralananlar-var\\\/#breadcrumb\"},\"inLanguage\":\"az\",\"potentialAction\":[{\"@type\":\"ReadAction\",\"target\":[\"https:\\\/\\\/www.meydan.tv\\\/az\\\/article\\\/sumqayitda-yataqxanada-partlayis-olub-yaralananlar-var\\\/\"]}]},{\"@type\":\"ImageObject\",\"inLanguage\":\"az\",\"@id\":\"https:\\\/\\\/www.meydan.tv\\\/az\\\/article\\\/sumqayitda-yataqxanada-partlayis-olub-yaralananlar-var\\\/#primaryimage\",\"url\":\"https:\\\/\\\/www.meydan.tv\\\/wp-content\\\/uploads\\\/17053397253989327043_1200x630.jpg\",\"contentUrl\":\"https:\\\/\\\/www.meydan.tv\\\/wp-content\\\/uploads\\\/17053397253989327043_1200x630.jpg\",\"width\":1200,\"height\":708,\"caption\":\"Fotolar: FHN\"},{\"@type\":\"BreadcrumbList\",\"@id\":\"https:\\\/\\\/www.meydan.tv\\\/az\\\/article\\\/sumqayitda-yataqxanada-partlayis-olub-yaralananlar-var\\\/#breadcrumb\",\"itemListElement\":[{\"@type\":\"ListItem\",\"position\":1,\"name\":\"Ana s\u0259hif\u0259\",\"item\":\"https:\\\/\\\/www.meydan.tv\\\/az\\\/\"},{\"@type\":\"ListItem\",\"position\":2,\"name\":\"B\u00f6lg\u0259\",\"item\":\"https:\\\/\\\/www.meydan.tv\\\/az\\\/section\\\/bolge\\\/\"},{\"@type\":\"ListItem\",\"position\":3,\"name\":\"Sumqay\u0131tda yataqxanada partlay\u0131\u015f olub, yaralananlar var\"}]},{\"@type\":\"WebSite\",\"@id\":\"https:\\\/\\\/www.meydan.tv\\\/az\\\/#website\",\"url\":\"https:\\\/\\\/www.meydan.tv\\\/az\\\/\",\"name\":\"MEYDAN.TV\",\"description\":\"Meydan TV Az\u0259rbaycan\u0131n media m\u0259kan\u0131ndak\u0131 alternativ s\u0259sidir\",\"publisher\":{\"@id\":\"https:\\\/\\\/www.meydan.tv\\\/az\\\/#organization\"},\"potentialAction\":[{\"@type\":\"SearchAction\",\"target\":{\"@type\":\"EntryPoint\",\"urlTemplate\":\"https:\\\/\\\/www.meydan.tv\\\/az\\\/?s={search_term_string}\"},\"query-input\":{\"@type\":\"PropertyValueSpecification\",\"valueRequired\":true,\"valueName\":\"search_term_string\"}}],\"inLanguage\":\"az\"},{\"@type\":\"Organization\",\"@id\":\"https:\\\/\\\/www.meydan.tv\\\/az\\\/#organization\",\"name\":\"Meydan TV\",\"url\":\"https:\\\/\\\/www.meydan.tv\\\/az\\\/\",\"logo\":{\"@type\":\"ImageObject\",\"inLanguage\":\"az\",\"@id\":\"https:\\\/\\\/www.meydan.tv\\\/az\\\/#\\\/schema\\\/logo\\\/image\\\/\",\"url\":\"https:\\\/\\\/www.meydan.tv\\\/wp-content\\\/uploads\\\/2021\\\/07\\\/meydan-logo.svg\",\"contentUrl\":\"https:\\\/\\\/www.meydan.tv\\\/wp-content\\\/uploads\\\/2021\\\/07\\\/meydan-logo.svg\",\"width\":195,\"height\":46,\"caption\":\"Meydan TV\"},\"image\":{\"@id\":\"https:\\\/\\\/www.meydan.tv\\\/az\\\/#\\\/schema\\\/logo\\\/image\\\/\"}},{\"@type\":\"Person\",\"@id\":\"https:\\\/\\\/www.meydan.tv\\\/az\\\/#\\\/schema\\\/person\\\/9cdbecf90d17180ce1dfbd95b08dcf47\",\"name\":\"elli\",\"sameAs\":[\"https:\\\/\\\/x.com\\\/elli\"]}]}<\/script>\n<!-- \/ Yoast SEO plugin. -->","yoast_head_json":{"title":"Sumqay\u0131tda yataqxanada partlay\u0131\u015f olub, yaralananlar var - MEYDAN.TV","robots":{"index":"index","follow":"follow","max-snippet":"max-snippet:-1","max-image-preview":"max-image-preview:large","max-video-preview":"max-video-preview:-1"},"canonical":"https:\/\/www.meydan.tv\/az\/article\/sumqayitda-yataqxanada-partlayis-olub-yaralananlar-var\/","og_locale":"az_AZ","og_type":"article","og_title":"Sumqay\u0131tda yataqxanada partlay\u0131\u015f olub, yaralananlar var - MEYDAN.TV","og_description":"X\u0259sar\u0259t alanardan ikisi u\u015faqd\u0131r Sumqay\u0131tda Y\u0259hya M\u0259mm\u0259dov k\u00fc\u00e7\u0259sind\u0259 yerl\u0259\u015f\u0259n ikim\u0259rt\u0259b\u0259li ... Davam\u0131","og_url":"https:\/\/www.meydan.tv\/az\/article\/sumqayitda-yataqxanada-partlayis-olub-yaralananlar-var\/","og_site_name":"MEYDAN.TV","article_published_time":"2024-01-15T18:53:59+00:00","article_modified_time":"2024-01-15T18:54:04+00:00","og_image":[{"width":1200,"height":708,"url":"https:\/\/www.meydan.tv\/wp-content\/uploads\/17053397253989327043_1200x630.jpg","type":"image\/jpeg"}],"author":"elli","twitter_card":"summary_large_image","twitter_creator":"@elli","schema":{"@context":"https:\/\/schema.org","@graph":[{"@type":"Article","@id":"https:\/\/www.meydan.tv\/az\/article\/sumqayitda-yataqxanada-partlayis-olub-yaralananlar-var\/#article","isPartOf":{"@id":"https:\/\/www.meydan.tv\/az\/article\/sumqayitda-yataqxanada-partlayis-olub-yaralananlar-var\/"},"author":{"name":"elli","@id":"https:\/\/www.meydan.tv\/az\/#\/schema\/person\/9cdbecf90d17180ce1dfbd95b08dcf47"},"headline":"Sumqay\u0131tda yataqxanada partlay\u0131\u015f olub, yaralananlar var","datePublished":"2024-01-15T18:53:59+00:00","dateModified":"2024-01-15T18:54:04+00:00","mainEntityOfPage":{"@id":"https:\/\/www.meydan.tv\/az\/article\/sumqayitda-yataqxanada-partlayis-olub-yaralananlar-var\/"},"wordCount":257,"publisher":{"@id":"https:\/\/www.meydan.tv\/az\/#organization"},"image":{"@id":"https:\/\/www.meydan.tv\/az\/article\/sumqayitda-yataqxanada-partlayis-olub-yaralananlar-var\/#primaryimage"},"thumbnailUrl":"https:\/\/www.meydan.tv\/wp-content\/uploads\/17053397253989327043_1200x630.jpg","articleSection":["B\u00f6lg\u0259","X\u0259b\u0259rl\u0259r"],"inLanguage":"az"},{"@type":"WebPage","@id":"https:\/\/www.meydan.tv\/az\/article\/sumqayitda-yataqxanada-partlayis-olub-yaralananlar-var\/","url":"https:\/\/www.meydan.tv\/az\/article\/sumqayitda-yataqxanada-partlayis-olub-yaralananlar-var\/","name":"Sumqay\u0131tda yataqxanada partlay\u0131\u015f olub, yaralananlar var - MEYDAN.TV","isPartOf":{"@id":"https:\/\/www.meydan.tv\/az\/#website"},"primaryImageOfPage":{"@id":"https:\/\/www.meydan.tv\/az\/article\/sumqayitda-yataqxanada-partlayis-olub-yaralananlar-var\/#primaryimage"},"image":{"@id":"https:\/\/www.meydan.tv\/az\/article\/sumqayitda-yataqxanada-partlayis-olub-yaralananlar-var\/#primaryimage"},"thumbnailUrl":"https:\/\/www.meydan.tv\/wp-content\/uploads\/17053397253989327043_1200x630.jpg","datePublished":"2024-01-15T18:53:59+00:00","dateModified":"2024-01-15T18:54:04+00:00","breadcrumb":{"@id":"https:\/\/www.meydan.tv\/az\/article\/sumqayitda-yataqxanada-partlayis-olub-yaralananlar-var\/#breadcrumb"},"inLanguage":"az","potentialAction":[{"@type":"ReadAction","target":["https:\/\/www.meydan.tv\/az\/article\/sumqayitda-yataqxanada-partlayis-olub-yaralananlar-var\/"]}]},{"@type":"ImageObject","inLanguage":"az","@id":"https:\/\/www.meydan.tv\/az\/article\/sumqayitda-yataqxanada-partlayis-olub-yaralananlar-var\/#primaryimage","url":"https:\/\/www.meydan.tv\/wp-content\/uploads\/17053397253989327043_1200x630.jpg","contentUrl":"https:\/\/www.meydan.tv\/wp-content\/uploads\/17053397253989327043_1200x630.jpg","width":1200,"height":708,"caption":"Fotolar: FHN"},{"@type":"BreadcrumbList","@id":"https:\/\/www.meydan.tv\/az\/article\/sumqayitda-yataqxanada-partlayis-olub-yaralananlar-var\/#breadcrumb","itemListElement":[{"@type":"ListItem","position":1,"name":"Ana s\u0259hif\u0259","item":"https:\/\/www.meydan.tv\/az\/"},{"@type":"ListItem","position":2,"name":"B\u00f6lg\u0259","item":"https:\/\/www.meydan.tv\/az\/section\/bolge\/"},{"@type":"ListItem","position":3,"name":"Sumqay\u0131tda yataqxanada partlay\u0131\u015f olub, yaralananlar var"}]},{"@type":"WebSite","@id":"https:\/\/www.meydan.tv\/az\/#website","url":"https:\/\/www.meydan.tv\/az\/","name":"MEYDAN.TV","description":"Meydan TV Az\u0259rbaycan\u0131n media m\u0259kan\u0131ndak\u0131 alternativ s\u0259sidir","publisher":{"@id":"https:\/\/www.meydan.tv\/az\/#organization"},"potentialAction":[{"@type":"SearchAction","target":{"@type":"EntryPoint","urlTemplate":"https:\/\/www.meydan.tv\/az\/?s={search_term_string}"},"query-input":{"@type":"PropertyValueSpecification","valueRequired":true,"valueName":"search_term_string"}}],"inLanguage":"az"},{"@type":"Organization","@id":"https:\/\/www.meydan.tv\/az\/#organization","name":"Meydan TV","url":"https:\/\/www.meydan.tv\/az\/","logo":{"@type":"ImageObject","inLanguage":"az","@id":"https:\/\/www.meydan.tv\/az\/#\/schema\/logo\/image\/","url":"https:\/\/www.meydan.tv\/wp-content\/uploads\/2021\/07\/meydan-logo.svg","contentUrl":"https:\/\/www.meydan.tv\/wp-content\/uploads\/2021\/07\/meydan-logo.svg","width":195,"height":46,"caption":"Meydan TV"},"image":{"@id":"https:\/\/www.meydan.tv\/az\/#\/schema\/logo\/image\/"}},{"@type":"Person","@id":"https:\/\/www.meydan.tv\/az\/#\/schema\/person\/9cdbecf90d17180ce1dfbd95b08dcf47","name":"elli","sameAs":["https:\/\/x.com\/elli"]}]}},"_links":{"self":[{"href":"https:\/\/www.meydan.tv\/az\/wp-json\/wp\/v2\/posts\/295359","targetHints":{"allow":["GET"]}}],"collection":[{"href":"https:\/\/www.meydan.tv\/az\/wp-json\/wp\/v2\/posts"}],"about":[{"href":"https:\/\/www.meydan.tv\/az\/wp-json\/wp\/v2\/types\/post"}],"author":[{"embeddable":true,"href":"https:\/\/www.meydan.tv\/az\/wp-json\/wp\/v2\/users\/8"}],"replies":[{"embeddable":true,"href":"https:\/\/www.meydan.tv\/az\/wp-json\/wp\/v2\/comments?post=295359"}],"version-history":[{"count":1,"href":"https:\/\/www.meydan.tv\/az\/wp-json\/wp\/v2\/posts\/295359\/revisions"}],"predecessor-version":[{"id":295360,"href":"https:\/\/www.meydan.tv\/az\/wp-json\/wp\/v2\/posts\/295359\/revisions\/295360"}],"wp:featuredmedia":[{"embeddable":true,"href":"https:\/\/www.meydan.tv\/az\/wp-json\/wp\/v2\/media\/295356"}],"wp:attachment":[{"href":"https:\/\/www.meydan.tv\/az\/wp-json\/wp\/v2\/media?parent=295359"}],"wp:term":[{"taxonomy":"category","embeddable":true,"href":"https:\/\/www.meydan.tv\/az\/wp-json\/wp\/v2\/categories?post=295359"},{"taxonomy":"post_tag","embeddable":true,"href":"https:\/\/www.meydan.tv\/az\/wp-json\/wp\/v2\/tags?post=295359"}],"curies":[{"name":"wp","href":"https:\/\/api.w.org\/{rel}","templated":true}]}}