{"id":295303,"date":"2024-01-15T16:22:13","date_gmt":"2024-01-15T12:22:13","guid":{"rendered":"https:\/\/www.meydan.tv\/?p=295303"},"modified":"2024-01-15T16:22:16","modified_gmt":"2024-01-15T12:22:16","slug":"lenkeran-astara-masalli-ve-yardimlida-36-saatdir-elektrik-enerjisi-verilmir","status":"publish","type":"post","link":"https:\/\/www.meydan.tv\/az\/article\/lenkeran-astara-masalli-ve-yardimlida-36-saatdir-elektrik-enerjisi-verilmir\/","title":{"rendered":"\u201cL\u0259nk\u0259ran, Astara, Masall\u0131 v\u0259 Yard\u0131ml\u0131da 36 saatd\u0131r elektrik enerjisi verilmir\u201d"},"content":{"rendered":"\n<p><\/p>\n\n\n\n<p><em><strong>Sakinl\u0259r elektrik dir\u0259kl\u0259rinin s\u0131radan \u00e7\u0131xd\u0131\u011f\u0131n\u0131 deyirl\u0259r<\/strong><\/em><\/p>\n\n\n\n<p>Az\u0259rbaycan\u0131n c\u0259nub b\u00f6lg\u0259sinin (tal\u0131\u015flar\u0131n kompakt ya\u015fad\u0131\u011f\u0131 b\u00f6lg\u0259) rayonlar\u0131nda iki g\u00fcnd\u00fcr ki, elektrik enerjisinin k\u0259sildiyi bildirilir.<\/p>\n\n\n\n<p>L\u0259nk\u0259ran, Astara, Masall\u0131, Lerik v\u0259 Yard\u0131ml\u0131 rayonlar\u0131nda elektrik enerjisinin verili\u015finin tam dayand\u0131\u011f\u0131 deyilir.<\/p>\n\n\n\n<p>Bu bar\u0259d\u0259 rayon sakinl\u0259ri sosial \u015f\u0259b\u0259k\u0259l\u0259rd\u0259 payla\u015f\u0131mlar edibl\u0259r.<\/p>\n\n\n\n<p>Bu bar\u0259d\u0259 L\u0259nk\u0259ran sakini, tarix\u00e7i Yadigar Sad\u0131ql\u0131 da Meydan TV-y\u0259 dan\u0131\u015f\u0131b.<\/p>\n\n\n\n<p>Onun s\u00f6zl\u0259rin\u0259 g\u00f6r\u0259, 36 saatdan \u00e7oxdur ki, \u00fcmumilikd\u0259 b\u00f6lg\u0259d\u0259 elektrik enerjisi yoxdur:<\/p>\n\n\n\n<p>\u201c<em>Bizim ev L\u0259nk\u0259ran\u0131n m\u0259rk\u0259zind\u0259, Rayon \u0130cra Hakmiyy\u0259tinin 50-60 metrliyind\u0259 yerl\u0259\u015fir. Bir ne\u00e7\u0259 d\u0259qiq\u0259 bundan \u0259vv\u0259l\u0259 q\u0259d\u0259r he\u00e7 yerd\u0259 i\u015f\u0131q yox idi. T\u0259s\u0259vv\u00fcr edin, i\u015f\u0131q yox, internet, televiziya yox, telefon \u0259laq\u0259si k\u0259silib. \u0130ndi ev telefonlar\u0131n\u0131n da \u0259ks\u0259riyy\u0259ti elektrikl\u0259 i\u015fl\u0259yir, onlar da i\u015fl\u0259mir. \u0130nsanlar \u00e7ox ac\u0131nacaql\u0131 v\u0259ziyy\u0259td\u0259dir\u201d.<\/em><\/p>\n\n\n\n<p>Yadigar Sad\u0131ql\u0131n\u0131n dediyin\u0259 g\u00f6r\u0259, L\u0259nk\u0259randak\u0131 elektrik dir\u0259kl\u0259rinin \u0259ks\u0259riyy\u0259ti s\u0131radan \u00e7\u0131x\u0131b.<\/p>\n\n\n\n<p>D\u0259f\u0259l\u0259rl\u0259 bununla ba\u011fl\u0131 m\u00fcraci\u0259tl\u0259r\u0259 \u0259h\u0259miyy\u0259t verilm\u0259yib:<\/p>\n\n\n\n<p>\u201c<em>Ne\u00e7\u0259 vaxtd\u0131r ki, h\u0259y\u0259can t\u0259bili \u00e7al\u0131n\u0131rd\u0131 ki, bir \u00e7ox yerl\u0259rd\u0259 dir\u0259kl\u0259r yar\u0131tmaz v\u0259ziyy\u0259td\u0259dir. Sovet d\u00f6vr\u00fcnd\u0259n qalan dir\u0259kl\u0259r var. Keyfiyy\u0259tsiz dir\u0259kl\u0259r var. B\u0259rkidillm\u0259si \u00e7oxdan laz\u0131m olanlar var. Vaxtl\u0131-vaxt\u0131nda budama i\u015fl\u0259ri, h\u0259m\u00e7inin qar ya\u011fanda, t\u0259cili a\u011faclardak\u0131 qar\u0131n t\u0259mizl\u0259nm\u0259si i\u015fl\u0259ri apar\u0131lm\u0131r. N\u0259tic\u0259d\u0259 d\u0259 bel\u0259 f\u0259lak\u0259tli v\u0259ziyy\u0259t yaran\u0131r\u201d.<\/em><\/p>\n\n\n\n<p>L\u0259nk\u0259ran Rayon \u0130cra Hakimiyy\u0259tind\u0259n Meydan TV-nin z\u0259ngl\u0259ri cavabland\u0131r\u0131lmay\u0131b.<\/p>\n\n\n\n<p>\u201cC\u0259nublu.az\u201d\u0131n yazd\u0131\u011f\u0131na g\u00f6r\u0259, L\u0259nk\u0259randa v\u0259 \u0259traf rayonlarda qar\u0131n ya\u011fmas\u0131 il\u0259 \u0259laq\u0259dar yaranan f\u0259sadlar aradan qald\u0131r\u0131l\u0131b.<\/p>\n\n\n\n<p>Elektrik enerjisinin verilm\u0259si d\u0259 b\u0259rpa <a href=\"https:\/\/www.facebook.com\/photo?fbid=1305396513594322&amp;set=a.1207465543387420\">olunub<\/a>:    <\/p>\n\n\n\n<p>\u201c<em>M\u0259s\u0259l\u0259 il\u0259 ba\u011fl\u0131 L\u0259nk\u0259ran \u015f\u0259h\u0259r \u0130cra Hakimiyy\u0259tind\u0259n bildirilib ki, art\u0131q bir \u00e7ox f\u0259sadlar aradan qald\u0131r\u0131l\u0131b. Yanvar\u0131n 13-\u00fc saat 18:00-dan yanvar\u0131n 14-\u00fc gec\u0259 saatlar\u0131na kimi ya\u011fan arams\u0131z qar n\u0259tic\u0259sind\u0259 rayonda bir s\u0131ra f\u0259sadlar yaran\u0131b. Qar\u0131n h\u00fcnd\u00fcrl\u00fcy\u00fc 52 santimetr\u0259 q\u0259d\u0259r \u00e7at\u0131b. L\u0259nk\u0259ran \u015f\u0259h\u0259r \u0130cra Hakimiyy\u0259tinin F\u00f6vq\u0259lad\u0259 Hallar Komissiyas\u0131 v\u0259 aidiyy\u0259ti idar\u0259l\u0259rin i\u015f\u00e7i q\u00fcvv\u0259l\u0259ri g\u00fccl\u0259ndirilmi\u015f i\u015f rejimind\u0259 \u00e7al\u0131\u015f\u0131r. L\u0259nk\u0259ran\u0131n \u0259sas k\u00fc\u00e7\u0259 v\u0259 prospektl\u0259rinin qardan t\u0259mizl\u0259nm\u0259si i\u015fl\u0259ri davam edir. Z\u0259rif\u0259 \u018fliyeva, Koro\u011flu, Nizami, F\u00fczuli, Mirmustafa xan, \u018fli M\u0259mm\u0259dov, F.M\u0259mm\u0259dov, N\u0259simi, \u015e\u0259hidl\u0259r Xiyaban\u0131, T.\u0130smay\u0131lov, H.Abdullayev, H.Aslanov, Mirsalayev, N\u0259sirli, Pa\u015fa T\u0259hm\u0259zov, A.\u018fliyev, Heyd\u0259r \u018fliyev v\u0259 dig\u0259r \u0259sas k\u00fc\u00e7\u0259l\u0259r v\u0259 prospekl\u0259rd\u0259 h\u0259r\u0259k\u0259t art\u0131q tam b\u0259rpa olunub\u201d.<\/em><\/p>\n\n\n\n<p>M\u0259lumatda qeyd olunub ki, rayon \u0259razisind\u0259 elektrik enerjisinin verilm\u0259si yanvar\u0131n 15-d\u0259 g\u00fcn\u00fcn sonunad\u0259k t\u0259min olunacaq:<\/p>\n\n\n\n<p>\u201c<em>Rayon \u0259razisind\u0259 a\u011faclar\u0131n a\u015fmas\u0131 n\u0259tic\u0259sind\u0259 i\u015f\u0131q x\u0259tl\u0259ri s\u0131radan \u00e7\u0131x\u0131b. \u201cAz\u0259ri\u015f\u0131q\u201d ASC-nin L\u0259nk\u0259ran Regional \u0130dar\u0259sinin \u0259m\u0259kda\u015flar\u0131 f\u0259sadlar\u0131 aradan qald\u0131rmaq \u00fc\u00e7\u00fcn var g\u00fccl\u0259ri il\u0259 \u00e7al\u0131\u015f\u0131rlar. Bu istiqam\u0259td\u0259 \u0259traf rayonlardan 10-a yax\u0131n texnika c\u0259lb olunub. L\u0259nk\u0259ran \u015f\u0259h\u0259rinin 80-90 faizinin i\u015f\u0131q t\u0259minat\u0131 art\u0131q tam b\u0259rpa olunub. \u018fsas x\u0259tl\u0259rd\u0259ki f\u0259sadlar aradan qald\u0131r\u0131l\u0131b. Ara k\u00fc\u00e7\u0259l\u0259rd\u0259 olan x\u0259tl\u0259rin b\u0259rpas\u0131 is\u0259 g\u00fcn\u00fcn sonuna kimi tamamlanacaq. Q\u0131r\u0131lan a\u011faclar yolun k\u0259nar\u0131na da\u015f\u0131n\u0131b\u201d.<\/em><\/p>\n\n\n\n<p>Payla\u015f\u0131ma \u015f\u0259rh yazan sakinl\u0259r is\u0259 bildiribl\u0259r ki, h\u0259l\u0259 d\u0259 i\u015f\u0131qs\u0131zd\u0131rlar.<\/p>\n\n\n\n<p>M\u0259lumatda qeyd olunan \u0259razil\u0259rd\u0259 h\u0259l\u0259 d\u0259 elektrik enerjisinin verilm\u0259si b\u0259rpa olunmay\u0131b.<\/p>\n\n\n\n<p>Lerik Rayon F\u00f6vq\u0259lad\u0259 Hallar Komissiyas\u0131n\u0131n s\u0259dri Habil M\u0259likov APA-ya bildirib ki, rayonun m\u0259rk\u0259zin\u0259 40 sm, da\u011flara is\u0259 50 \u2013 60 sm qar ya\u011f\u0131b:<\/p>\n\n\n\n<p><em>\u201cRayonun m\u0259rk\u0259zind\u0259 v\u0259 b\u0259zi k\u0259ndl\u0259rd\u0259 elektrik enerjisi var. 40-a yax\u0131n k\u0259ndin elektrik enerjisinin b\u0259rpas\u0131 istiqam\u0259tind\u0259 i\u015fl\u0259r davam etdirilir\u201d.<\/em><\/p>\n\n\n\n<p>Masall\u0131 Rayon \u0130cra Hakimiyy\u0259tinin \u0130nformasiya t\u0259minat\u0131 v\u0259 t\u0259hlil sektorunun m\u00fcdiri Elvin F\u0259ttayev Meydan TV-y\u0259 deyib ki, hava \u015f\u0259raiti il\u0259 ba\u011fl\u0131 rayonda ciddi probleml\u0259r yaranmay\u0131b:<\/p>\n\n\n\n<p><em>\u201cBizim qarla ba\u011fl\u0131 el\u0259 bir ciddi problemimiz yoxdur. Dem\u0259k olar ki, \u0259ks\u0259r \u0259razil\u0259rd\u0259 i\u015f\u0131\u011f\u0131n verilm\u0259si b\u0259rpa olunub. Dem\u0259k olar ki, bir problemimiz qalmay\u0131b, yollar da qaydas\u0131ndad\u0131r. Bizim i\u015f\u0131qla ba\u011fl\u0131 da el\u0259 bir problemimiz yoxdur. T\u0259bii f\u0259lak\u0259tdir, i\u015f\u0131qlar s\u00f6nd\u00fc, yaranan f\u0259sadlar da aradan qald\u0131r\u0131ld\u0131. C\u00fczi problem qal\u0131b, haz\u0131rda i\u015fl\u0259yirl\u0259r, yax\u0131n saatlarda onlar da tam b\u0259rpa olunacaqlar. Y\u00fcz faiz elektrik enerjisi il\u0259 t\u0259min olunacaqlar\u201d.<\/em><\/p>\n\n\n\n<p>Sektor m\u00fcdiri konkret olaraq elektrik enerjisinin n\u0259 q\u0259d\u0259r \u0259razini \u0259hat\u0259 etdiyini bilm\u0259diyini deyib:<\/p>\n\n\n\n<p><em>\u201c\u00dcmumi rayonda idi. Bir ne\u00e7\u0259 k\u0259ndd\u0259 a\u011faclar a\u015fm\u0131\u015fd\u0131. 60 santimetrd\u0259n \u00e7ox qar ya\u011fm\u0131\u015fd\u0131, a\u011faclar x\u0259tl\u0259rin \u00fcst\u00fcn\u0259 a\u015f\u0131b, q\u0131rm\u0131\u015fd\u0131. G\u00fcn\u00fcn sonuna kimi b\u0259rpa i\u015fl\u0259ri yekunla\u015facaq\u201d.<\/em><\/p>\n\n\n\n<p>Astara, Lerik v\u0259 Yard\u0131ml\u0131n\u0131n icra hakimiyy\u0259tl\u0259rind\u0259n Meydan TV -nin z\u0259ngl\u0259rin\u0259 cavab verilm\u0259yib.<\/p>\n\n\n\n<p>H\u0259m\u00e7inin \u201cAz\u0259ri\u015f\u0131q\u201d\u0131n da m\u0259tbuat xidm\u0259tind\u0259n m\u00fcnasib\u0259t \u00f6yr\u0259nm\u0259k m\u00fcmk\u00fcn olmay\u0131b.<\/p>\n\n\n\n<p>Hidrometeorologiya Xidm\u0259tinin yanvar\u0131n 14-n\u0259 olan m\u0259lumat\u0131nda qeyd edilir ki, \u0259n \u00e7ox qar c\u0259nub b\u00f6lg\u0259sind\u0259 m\u00fc\u015fahid\u0259 olunur.<\/p>\n\n\n\n<p>Qar\u0131n h\u00fcnd\u00fcrl\u00fcy\u00fc L\u0259nk\u0259randa 52 sm, Bil\u0259suvarda 45 sm, Lerikd\u0259 40 sm, Yard\u0131ml\u0131da 35 sm, G\u00f6yt\u0259p\u0259d\u0259 33 sm, Astarada 32 sm olub.<\/p>\n","protected":false},"excerpt":{"rendered":"<p>Sakinl\u0259r elektrik dir\u0259kl\u0259rinin s\u0131radan \u00e7\u0131xd\u0131\u011f\u0131n\u0131 deyirl\u0259r Az\u0259rbaycan\u0131n c\u0259nub b\u00f6lg\u0259sinin (tal\u0131\u015flar\u0131n &#8230; <\/p>\n<p class=\"read-more-container\"><a title=\"\u201cL\u0259nk\u0259ran, Astara, Masall\u0131 v\u0259 Yard\u0131ml\u0131da 36 saatd\u0131r elektrik enerjisi verilmir\u201d\" class=\"read-more button\" href=\"https:\/\/www.meydan.tv\/az\/article\/lenkeran-astara-masalli-ve-yardimlida-36-saatdir-elektrik-enerjisi-verilmir\/#more-295303\" aria-label=\"Read more about \u201cL\u0259nk\u0259ran, Astara, Masall\u0131 v\u0259 Yard\u0131ml\u0131da 36 saatd\u0131r elektrik enerjisi verilmir\u201d\">Davam\u0131<\/a><\/p>\n","protected":false},"author":8,"featured_media":99043,"comment_status":"closed","ping_status":"closed","sticky":false,"template":"","format":"standard","meta":{"_acf_changed":false,"_sitemap_exclude":false,"_sitemap_priority":"","_sitemap_frequency":"","footnotes":""},"categories":[60,56],"tags":[],"class_list":["post-295303","post","type-post","status-publish","format-standard","has-post-thumbnail","hentry","category-bolge","category-xeberler","infinite-scroll-item","generate-columns","tablet-grid-50","mobile-grid-100","grid-parent","grid-33","no-featured-image-padding"],"acf":[],"yoast_head":"<!-- This site is optimized with the Yoast SEO plugin v27.4 - https:\/\/yoast.com\/product\/yoast-seo-wordpress\/ -->\n<title>\u201cL\u0259nk\u0259ran, Astara, Masall\u0131 v\u0259 Yard\u0131ml\u0131da 36 saatd\u0131r elektrik enerjisi verilmir\u201d - MEYDAN.TV<\/title>\n<meta name=\"robots\" content=\"index, follow, max-snippet:-1, max-image-preview:large, max-video-preview:-1\" \/>\n<link rel=\"canonical\" href=\"https:\/\/www.meydan.tv\/az\/article\/lenkeran-astara-masalli-ve-yardimlida-36-saatdir-elektrik-enerjisi-verilmir\/\" \/>\n<meta property=\"og:locale\" content=\"az_AZ\" \/>\n<meta property=\"og:type\" content=\"article\" \/>\n<meta property=\"og:title\" content=\"\u201cL\u0259nk\u0259ran, Astara, Masall\u0131 v\u0259 Yard\u0131ml\u0131da 36 saatd\u0131r elektrik enerjisi verilmir\u201d - MEYDAN.TV\" \/>\n<meta property=\"og:description\" content=\"Sakinl\u0259r elektrik dir\u0259kl\u0259rinin s\u0131radan \u00e7\u0131xd\u0131\u011f\u0131n\u0131 deyirl\u0259r Az\u0259rbaycan\u0131n c\u0259nub b\u00f6lg\u0259sinin (tal\u0131\u015flar\u0131n ... Davam\u0131\" \/>\n<meta property=\"og:url\" content=\"https:\/\/www.meydan.tv\/az\/article\/lenkeran-astara-masalli-ve-yardimlida-36-saatdir-elektrik-enerjisi-verilmir\/\" \/>\n<meta property=\"og:site_name\" content=\"MEYDAN.TV\" \/>\n<meta property=\"article:published_time\" content=\"2024-01-15T12:22:13+00:00\" \/>\n<meta property=\"article:modified_time\" content=\"2024-01-15T12:22:16+00:00\" \/>\n<meta property=\"og:image\" content=\"https:\/\/www.meydan.tv\/wp-content\/uploads\/39169.jpg\" \/>\n\t<meta property=\"og:image:width\" content=\"1200\" \/>\n\t<meta property=\"og:image:height\" content=\"480\" \/>\n\t<meta property=\"og:image:type\" content=\"image\/jpeg\" \/>\n<meta name=\"author\" content=\"elli\" \/>\n<meta name=\"twitter:card\" content=\"summary_large_image\" \/>\n<meta name=\"twitter:creator\" content=\"@elli\" \/>\n<script type=\"application\/ld+json\" class=\"yoast-schema-graph\">{\"@context\":\"https:\\\/\\\/schema.org\",\"@graph\":[{\"@type\":\"Article\",\"@id\":\"https:\\\/\\\/www.meydan.tv\\\/az\\\/article\\\/lenkeran-astara-masalli-ve-yardimlida-36-saatdir-elektrik-enerjisi-verilmir\\\/#article\",\"isPartOf\":{\"@id\":\"https:\\\/\\\/www.meydan.tv\\\/az\\\/article\\\/lenkeran-astara-masalli-ve-yardimlida-36-saatdir-elektrik-enerjisi-verilmir\\\/\"},\"author\":{\"name\":\"elli\",\"@id\":\"https:\\\/\\\/www.meydan.tv\\\/az\\\/#\\\/schema\\\/person\\\/9cdbecf90d17180ce1dfbd95b08dcf47\"},\"headline\":\"\u201cL\u0259nk\u0259ran, Astara, Masall\u0131 v\u0259 Yard\u0131ml\u0131da 36 saatd\u0131r elektrik enerjisi verilmir\u201d\",\"datePublished\":\"2024-01-15T12:22:13+00:00\",\"dateModified\":\"2024-01-15T12:22:16+00:00\",\"mainEntityOfPage\":{\"@id\":\"https:\\\/\\\/www.meydan.tv\\\/az\\\/article\\\/lenkeran-astara-masalli-ve-yardimlida-36-saatdir-elektrik-enerjisi-verilmir\\\/\"},\"wordCount\":1071,\"publisher\":{\"@id\":\"https:\\\/\\\/www.meydan.tv\\\/az\\\/#organization\"},\"image\":{\"@id\":\"https:\\\/\\\/www.meydan.tv\\\/az\\\/article\\\/lenkeran-astara-masalli-ve-yardimlida-36-saatdir-elektrik-enerjisi-verilmir\\\/#primaryimage\"},\"thumbnailUrl\":\"https:\\\/\\\/www.meydan.tv\\\/wp-content\\\/uploads\\\/39169.jpg\",\"articleSection\":[\"B\u00f6lg\u0259\",\"X\u0259b\u0259rl\u0259r\"],\"inLanguage\":\"az\"},{\"@type\":\"WebPage\",\"@id\":\"https:\\\/\\\/www.meydan.tv\\\/az\\\/article\\\/lenkeran-astara-masalli-ve-yardimlida-36-saatdir-elektrik-enerjisi-verilmir\\\/\",\"url\":\"https:\\\/\\\/www.meydan.tv\\\/az\\\/article\\\/lenkeran-astara-masalli-ve-yardimlida-36-saatdir-elektrik-enerjisi-verilmir\\\/\",\"name\":\"\u201cL\u0259nk\u0259ran, Astara, Masall\u0131 v\u0259 Yard\u0131ml\u0131da 36 saatd\u0131r elektrik enerjisi verilmir\u201d - MEYDAN.TV\",\"isPartOf\":{\"@id\":\"https:\\\/\\\/www.meydan.tv\\\/az\\\/#website\"},\"primaryImageOfPage\":{\"@id\":\"https:\\\/\\\/www.meydan.tv\\\/az\\\/article\\\/lenkeran-astara-masalli-ve-yardimlida-36-saatdir-elektrik-enerjisi-verilmir\\\/#primaryimage\"},\"image\":{\"@id\":\"https:\\\/\\\/www.meydan.tv\\\/az\\\/article\\\/lenkeran-astara-masalli-ve-yardimlida-36-saatdir-elektrik-enerjisi-verilmir\\\/#primaryimage\"},\"thumbnailUrl\":\"https:\\\/\\\/www.meydan.tv\\\/wp-content\\\/uploads\\\/39169.jpg\",\"datePublished\":\"2024-01-15T12:22:13+00:00\",\"dateModified\":\"2024-01-15T12:22:16+00:00\",\"breadcrumb\":{\"@id\":\"https:\\\/\\\/www.meydan.tv\\\/az\\\/article\\\/lenkeran-astara-masalli-ve-yardimlida-36-saatdir-elektrik-enerjisi-verilmir\\\/#breadcrumb\"},\"inLanguage\":\"az\",\"potentialAction\":[{\"@type\":\"ReadAction\",\"target\":[\"https:\\\/\\\/www.meydan.tv\\\/az\\\/article\\\/lenkeran-astara-masalli-ve-yardimlida-36-saatdir-elektrik-enerjisi-verilmir\\\/\"]}]},{\"@type\":\"ImageObject\",\"inLanguage\":\"az\",\"@id\":\"https:\\\/\\\/www.meydan.tv\\\/az\\\/article\\\/lenkeran-astara-masalli-ve-yardimlida-36-saatdir-elektrik-enerjisi-verilmir\\\/#primaryimage\",\"url\":\"https:\\\/\\\/www.meydan.tv\\\/wp-content\\\/uploads\\\/39169.jpg\",\"contentUrl\":\"https:\\\/\\\/www.meydan.tv\\\/wp-content\\\/uploads\\\/39169.jpg\",\"width\":1200,\"height\":480,\"caption\":\"Foto: arxiv\"},{\"@type\":\"BreadcrumbList\",\"@id\":\"https:\\\/\\\/www.meydan.tv\\\/az\\\/article\\\/lenkeran-astara-masalli-ve-yardimlida-36-saatdir-elektrik-enerjisi-verilmir\\\/#breadcrumb\",\"itemListElement\":[{\"@type\":\"ListItem\",\"position\":1,\"name\":\"Ana s\u0259hif\u0259\",\"item\":\"https:\\\/\\\/www.meydan.tv\\\/az\\\/\"},{\"@type\":\"ListItem\",\"position\":2,\"name\":\"B\u00f6lg\u0259\",\"item\":\"https:\\\/\\\/www.meydan.tv\\\/az\\\/section\\\/bolge\\\/\"},{\"@type\":\"ListItem\",\"position\":3,\"name\":\"\u201cL\u0259nk\u0259ran, Astara, Masall\u0131 v\u0259 Yard\u0131ml\u0131da 36 saatd\u0131r elektrik enerjisi verilmir\u201d\"}]},{\"@type\":\"WebSite\",\"@id\":\"https:\\\/\\\/www.meydan.tv\\\/az\\\/#website\",\"url\":\"https:\\\/\\\/www.meydan.tv\\\/az\\\/\",\"name\":\"MEYDAN.TV\",\"description\":\"Meydan TV Az\u0259rbaycan\u0131n media m\u0259kan\u0131ndak\u0131 alternativ s\u0259sidir\",\"publisher\":{\"@id\":\"https:\\\/\\\/www.meydan.tv\\\/az\\\/#organization\"},\"potentialAction\":[{\"@type\":\"SearchAction\",\"target\":{\"@type\":\"EntryPoint\",\"urlTemplate\":\"https:\\\/\\\/www.meydan.tv\\\/az\\\/?s={search_term_string}\"},\"query-input\":{\"@type\":\"PropertyValueSpecification\",\"valueRequired\":true,\"valueName\":\"search_term_string\"}}],\"inLanguage\":\"az\"},{\"@type\":\"Organization\",\"@id\":\"https:\\\/\\\/www.meydan.tv\\\/az\\\/#organization\",\"name\":\"Meydan TV\",\"url\":\"https:\\\/\\\/www.meydan.tv\\\/az\\\/\",\"logo\":{\"@type\":\"ImageObject\",\"inLanguage\":\"az\",\"@id\":\"https:\\\/\\\/www.meydan.tv\\\/az\\\/#\\\/schema\\\/logo\\\/image\\\/\",\"url\":\"https:\\\/\\\/www.meydan.tv\\\/wp-content\\\/uploads\\\/2021\\\/07\\\/meydan-logo.svg\",\"contentUrl\":\"https:\\\/\\\/www.meydan.tv\\\/wp-content\\\/uploads\\\/2021\\\/07\\\/meydan-logo.svg\",\"width\":195,\"height\":46,\"caption\":\"Meydan TV\"},\"image\":{\"@id\":\"https:\\\/\\\/www.meydan.tv\\\/az\\\/#\\\/schema\\\/logo\\\/image\\\/\"}},{\"@type\":\"Person\",\"@id\":\"https:\\\/\\\/www.meydan.tv\\\/az\\\/#\\\/schema\\\/person\\\/9cdbecf90d17180ce1dfbd95b08dcf47\",\"name\":\"elli\",\"sameAs\":[\"https:\\\/\\\/x.com\\\/elli\"]}]}<\/script>\n<!-- \/ Yoast SEO plugin. -->","yoast_head_json":{"title":"\u201cL\u0259nk\u0259ran, Astara, Masall\u0131 v\u0259 Yard\u0131ml\u0131da 36 saatd\u0131r elektrik enerjisi verilmir\u201d - MEYDAN.TV","robots":{"index":"index","follow":"follow","max-snippet":"max-snippet:-1","max-image-preview":"max-image-preview:large","max-video-preview":"max-video-preview:-1"},"canonical":"https:\/\/www.meydan.tv\/az\/article\/lenkeran-astara-masalli-ve-yardimlida-36-saatdir-elektrik-enerjisi-verilmir\/","og_locale":"az_AZ","og_type":"article","og_title":"\u201cL\u0259nk\u0259ran, Astara, Masall\u0131 v\u0259 Yard\u0131ml\u0131da 36 saatd\u0131r elektrik enerjisi verilmir\u201d - MEYDAN.TV","og_description":"Sakinl\u0259r elektrik dir\u0259kl\u0259rinin s\u0131radan \u00e7\u0131xd\u0131\u011f\u0131n\u0131 deyirl\u0259r Az\u0259rbaycan\u0131n c\u0259nub b\u00f6lg\u0259sinin (tal\u0131\u015flar\u0131n ... Davam\u0131","og_url":"https:\/\/www.meydan.tv\/az\/article\/lenkeran-astara-masalli-ve-yardimlida-36-saatdir-elektrik-enerjisi-verilmir\/","og_site_name":"MEYDAN.TV","article_published_time":"2024-01-15T12:22:13+00:00","article_modified_time":"2024-01-15T12:22:16+00:00","og_image":[{"width":1200,"height":480,"url":"https:\/\/www.meydan.tv\/wp-content\/uploads\/39169.jpg","type":"image\/jpeg"}],"author":"elli","twitter_card":"summary_large_image","twitter_creator":"@elli","schema":{"@context":"https:\/\/schema.org","@graph":[{"@type":"Article","@id":"https:\/\/www.meydan.tv\/az\/article\/lenkeran-astara-masalli-ve-yardimlida-36-saatdir-elektrik-enerjisi-verilmir\/#article","isPartOf":{"@id":"https:\/\/www.meydan.tv\/az\/article\/lenkeran-astara-masalli-ve-yardimlida-36-saatdir-elektrik-enerjisi-verilmir\/"},"author":{"name":"elli","@id":"https:\/\/www.meydan.tv\/az\/#\/schema\/person\/9cdbecf90d17180ce1dfbd95b08dcf47"},"headline":"\u201cL\u0259nk\u0259ran, Astara, Masall\u0131 v\u0259 Yard\u0131ml\u0131da 36 saatd\u0131r elektrik enerjisi verilmir\u201d","datePublished":"2024-01-15T12:22:13+00:00","dateModified":"2024-01-15T12:22:16+00:00","mainEntityOfPage":{"@id":"https:\/\/www.meydan.tv\/az\/article\/lenkeran-astara-masalli-ve-yardimlida-36-saatdir-elektrik-enerjisi-verilmir\/"},"wordCount":1071,"publisher":{"@id":"https:\/\/www.meydan.tv\/az\/#organization"},"image":{"@id":"https:\/\/www.meydan.tv\/az\/article\/lenkeran-astara-masalli-ve-yardimlida-36-saatdir-elektrik-enerjisi-verilmir\/#primaryimage"},"thumbnailUrl":"https:\/\/www.meydan.tv\/wp-content\/uploads\/39169.jpg","articleSection":["B\u00f6lg\u0259","X\u0259b\u0259rl\u0259r"],"inLanguage":"az"},{"@type":"WebPage","@id":"https:\/\/www.meydan.tv\/az\/article\/lenkeran-astara-masalli-ve-yardimlida-36-saatdir-elektrik-enerjisi-verilmir\/","url":"https:\/\/www.meydan.tv\/az\/article\/lenkeran-astara-masalli-ve-yardimlida-36-saatdir-elektrik-enerjisi-verilmir\/","name":"\u201cL\u0259nk\u0259ran, Astara, Masall\u0131 v\u0259 Yard\u0131ml\u0131da 36 saatd\u0131r elektrik enerjisi verilmir\u201d - MEYDAN.TV","isPartOf":{"@id":"https:\/\/www.meydan.tv\/az\/#website"},"primaryImageOfPage":{"@id":"https:\/\/www.meydan.tv\/az\/article\/lenkeran-astara-masalli-ve-yardimlida-36-saatdir-elektrik-enerjisi-verilmir\/#primaryimage"},"image":{"@id":"https:\/\/www.meydan.tv\/az\/article\/lenkeran-astara-masalli-ve-yardimlida-36-saatdir-elektrik-enerjisi-verilmir\/#primaryimage"},"thumbnailUrl":"https:\/\/www.meydan.tv\/wp-content\/uploads\/39169.jpg","datePublished":"2024-01-15T12:22:13+00:00","dateModified":"2024-01-15T12:22:16+00:00","breadcrumb":{"@id":"https:\/\/www.meydan.tv\/az\/article\/lenkeran-astara-masalli-ve-yardimlida-36-saatdir-elektrik-enerjisi-verilmir\/#breadcrumb"},"inLanguage":"az","potentialAction":[{"@type":"ReadAction","target":["https:\/\/www.meydan.tv\/az\/article\/lenkeran-astara-masalli-ve-yardimlida-36-saatdir-elektrik-enerjisi-verilmir\/"]}]},{"@type":"ImageObject","inLanguage":"az","@id":"https:\/\/www.meydan.tv\/az\/article\/lenkeran-astara-masalli-ve-yardimlida-36-saatdir-elektrik-enerjisi-verilmir\/#primaryimage","url":"https:\/\/www.meydan.tv\/wp-content\/uploads\/39169.jpg","contentUrl":"https:\/\/www.meydan.tv\/wp-content\/uploads\/39169.jpg","width":1200,"height":480,"caption":"Foto: arxiv"},{"@type":"BreadcrumbList","@id":"https:\/\/www.meydan.tv\/az\/article\/lenkeran-astara-masalli-ve-yardimlida-36-saatdir-elektrik-enerjisi-verilmir\/#breadcrumb","itemListElement":[{"@type":"ListItem","position":1,"name":"Ana s\u0259hif\u0259","item":"https:\/\/www.meydan.tv\/az\/"},{"@type":"ListItem","position":2,"name":"B\u00f6lg\u0259","item":"https:\/\/www.meydan.tv\/az\/section\/bolge\/"},{"@type":"ListItem","position":3,"name":"\u201cL\u0259nk\u0259ran, Astara, Masall\u0131 v\u0259 Yard\u0131ml\u0131da 36 saatd\u0131r elektrik enerjisi verilmir\u201d"}]},{"@type":"WebSite","@id":"https:\/\/www.meydan.tv\/az\/#website","url":"https:\/\/www.meydan.tv\/az\/","name":"MEYDAN.TV","description":"Meydan TV Az\u0259rbaycan\u0131n media m\u0259kan\u0131ndak\u0131 alternativ s\u0259sidir","publisher":{"@id":"https:\/\/www.meydan.tv\/az\/#organization"},"potentialAction":[{"@type":"SearchAction","target":{"@type":"EntryPoint","urlTemplate":"https:\/\/www.meydan.tv\/az\/?s={search_term_string}"},"query-input":{"@type":"PropertyValueSpecification","valueRequired":true,"valueName":"search_term_string"}}],"inLanguage":"az"},{"@type":"Organization","@id":"https:\/\/www.meydan.tv\/az\/#organization","name":"Meydan TV","url":"https:\/\/www.meydan.tv\/az\/","logo":{"@type":"ImageObject","inLanguage":"az","@id":"https:\/\/www.meydan.tv\/az\/#\/schema\/logo\/image\/","url":"https:\/\/www.meydan.tv\/wp-content\/uploads\/2021\/07\/meydan-logo.svg","contentUrl":"https:\/\/www.meydan.tv\/wp-content\/uploads\/2021\/07\/meydan-logo.svg","width":195,"height":46,"caption":"Meydan TV"},"image":{"@id":"https:\/\/www.meydan.tv\/az\/#\/schema\/logo\/image\/"}},{"@type":"Person","@id":"https:\/\/www.meydan.tv\/az\/#\/schema\/person\/9cdbecf90d17180ce1dfbd95b08dcf47","name":"elli","sameAs":["https:\/\/x.com\/elli"]}]}},"_links":{"self":[{"href":"https:\/\/www.meydan.tv\/az\/wp-json\/wp\/v2\/posts\/295303","targetHints":{"allow":["GET"]}}],"collection":[{"href":"https:\/\/www.meydan.tv\/az\/wp-json\/wp\/v2\/posts"}],"about":[{"href":"https:\/\/www.meydan.tv\/az\/wp-json\/wp\/v2\/types\/post"}],"author":[{"embeddable":true,"href":"https:\/\/www.meydan.tv\/az\/wp-json\/wp\/v2\/users\/8"}],"replies":[{"embeddable":true,"href":"https:\/\/www.meydan.tv\/az\/wp-json\/wp\/v2\/comments?post=295303"}],"version-history":[{"count":3,"href":"https:\/\/www.meydan.tv\/az\/wp-json\/wp\/v2\/posts\/295303\/revisions"}],"predecessor-version":[{"id":295306,"href":"https:\/\/www.meydan.tv\/az\/wp-json\/wp\/v2\/posts\/295303\/revisions\/295306"}],"wp:featuredmedia":[{"embeddable":true,"href":"https:\/\/www.meydan.tv\/az\/wp-json\/wp\/v2\/media\/99043"}],"wp:attachment":[{"href":"https:\/\/www.meydan.tv\/az\/wp-json\/wp\/v2\/media?parent=295303"}],"wp:term":[{"taxonomy":"category","embeddable":true,"href":"https:\/\/www.meydan.tv\/az\/wp-json\/wp\/v2\/categories?post=295303"},{"taxonomy":"post_tag","embeddable":true,"href":"https:\/\/www.meydan.tv\/az\/wp-json\/wp\/v2\/tags?post=295303"}],"curies":[{"name":"wp","href":"https:\/\/api.w.org\/{rel}","templated":true}]}}