{"id":295173,"date":"2024-01-12T17:03:12","date_gmt":"2024-01-12T13:03:12","guid":{"rendered":"https:\/\/www.meydan.tv\/?p=295173"},"modified":"2024-01-12T17:03:18","modified_gmt":"2024-01-12T13:03:18","slug":"auditorlar-palatasinda-700-minlik-yeyinti-ittihami","status":"publish","type":"post","link":"https:\/\/www.meydan.tv\/az\/article\/auditorlar-palatasinda-700-minlik-yeyinti-ittihami\/","title":{"rendered":"Auditorlar Palatas\u0131nda 700 minlik yeyinti ittiham\u0131&#8230;"},"content":{"rendered":"\n<p><\/p>\n\n\n\n<p><strong><em>\u201cM\u00fcst\u0259ntiq bank \u00e7\u0131xar\u0131\u015flar\u0131na ya baxmay\u0131b, ya da baxmaq ist\u0259m\u0259yib\u201d<\/em><\/strong><\/p>\n\n\n\n<p>Az\u0259rbaycan Auditorlar Palatas\u0131nda t\u0259xmin\u0259n 700 min manatl\u0131q m\u0259nims\u0259m\u0259 ittiham\u0131yla ba\u011fl\u0131 m\u0259hk\u0259m\u0259 prosesi ba\u015flay\u0131b. Bu cinay\u0259t i\u015fin\u0259 Bak\u0131 A\u011f\u0131r Cinay\u0259tl\u0259r M\u0259hk\u0259m\u0259sind\u0259 hakim Elnur Nuriyevin s\u0259drliyil\u0259, Az\u0259r Ta\u011f\u0131yev v\u0259 Kamran Muxtarovdan ibar\u0259t hakiml\u0259r kollegiyas\u0131 bax\u0131r.<\/p>\n\n\n\n<p>M\u0259hk\u0259m\u0259 qar\u015f\u0131s\u0131nda is\u0259 3 n\u0259f\u0259r t\u0259qsirl\u0259ndiril\u0259n \u015f\u0259xs var: Auditorlar Palatas\u0131n\u0131n Maliyy\u0259 v\u0259 texniki t\u0259minat idar\u0259sinin sabiq r\u0259isi V\u0259li R\u0259himov, m\u00fchasib G\u00f6vh\u0259r \u018fhm\u0259dova v\u0259 auditor F\u0259rid\u0259 Novruzova. Onlara qar\u015f\u0131 Cinay\u0259t M\u0259c\u0259ll\u0259sinin 179.4 (x\u00fcsusil\u0259 k\u00fclli miqdarda m\u0259nims\u0259m\u0259), 308 (v\u0259zif\u0259 s\u0259lahiyy\u0259tl\u0259rind\u0259n sui-istifad\u0259 etm\u0259) v\u0259 313-c\u00fc (v\u0259zif\u0259 saxtakarl\u0131\u011f\u0131) madd\u0259l\u0259ril\u0259 ittiham ir\u0259li s\u00fcr\u00fcl\u00fcb.<\/p>\n\n\n\n<p>Yanvar\u0131n 12-d\u0259 m\u0259hk\u0259m\u0259nin haz\u0131rl\u0131q iclas\u0131nda V\u0259li R\u0259himov v\u0259 F\u0259rid\u0259 Novruzovan\u0131n v\u0259kill\u0259ri cinay\u0259t i\u015finin istintaqa qaytar\u0131lmas\u0131 bar\u0259d\u0259 v\u0259sat\u0259tl\u0259r qald\u0131r\u0131blar.<\/p>\n\n\n\n<p>V\u0259li R\u0259himovun v\u0259kili Faiq N\u0259c\u0259fov bildirib ki, Korrupsiyaya Qar\u015f\u0131 M\u00fcbariz\u0259 \u0130dar\u0259sind\u0259 bu i\u015fl\u0259 ba\u011fl\u0131 istintaq h\u0259rt\u0259r\u0259fli v\u0259 obyektiv olmay\u0131b. V\u0259kil deyir ki, yaln\u0131z G\u00f6vh\u0259r \u018fhm\u0259dovan\u0131n ifad\u0259si \u0259sas\u0131nda dig\u0259r iki n\u0259f\u0259r\u0259 m\u0259nims\u0259m\u0259d\u0259 \u0259lbir olmalar\u0131 bar\u0259d\u0259 ittiham verilib. Onun ifad\u0259sind\u0259n ba\u015fqa he\u00e7 bir s\u00fcbut yoxdur: <\/p>\n\n\n\n<p><em>\u201cG\u00f6vh\u0259r \u018fhm\u0259dova ifad\u0259sind\u0259 V\u0259li \u018fhm\u0259dovun tap\u015f\u0131r\u0131qlar\u0131n\u0131 yerin\u0259 yetirdiyini g\u00f6st\u0259rib. Amma bunu t\u0259sdiql\u0259y\u0259n he\u00e7 bir fakt yoxdur &#8211; SMS, telefon z\u0259ngi, \u015fahid ifad\u0259si&#8230;\u201d<\/em>.<\/p>\n\n\n\n<p>V\u0259kilin s\u00f6zl\u0259rin\u0259 g\u00f6r\u0259, \u0259ksin\u0259, G\u00f6vh\u0259r \u018fhm\u0259dovan\u0131n \u00f6vladlar\u0131n\u0131n bu prosesd\u0259 i\u015ftirak\u0131n\u0131 t\u0259sdiql\u0259y\u0259n faktlar var. Lakin m\u00fcst\u0259ntiq h\u0259min faktlara qiym\u0259t verm\u0259yib:<\/p>\n\n\n\n<p>\u201c<em>\u0130stintaqda bank kartlar\u0131 il\u0259 ba\u011fl\u0131 sor\u011fular verilib, \u00e7\u0131xar\u0131\u015flar al\u0131n\u0131b. M\u00fcst\u0259ntiq ya o \u00e7\u0131xar\u0131\u015flara baxmay\u0131b, ya da baxmaq ist\u0259m\u0259yib. Orada G\u00f6vh\u0259r \u018fhm\u0259dovan\u0131n \u00f6vladlar\u0131n\u0131n bank kartlar\u0131ndan b\u0259hs olunur. Birinci \u00f6vlad\u0131 deyir ki, \u201cm\u0259nim x\u0259b\u0259rim olmay\u0131b, kartlardan pullar\u0131 anam \u00e7\u0131xar\u0131b\u201d. Amma \u00e7\u0131xar\u0131\u015flardan g\u00f6r\u00fcn\u00fcr ki, h\u0259min kartla T\u00fcrkiy\u0259d\u0259n mallar al\u0131n\u0131b, restoranlarda hesablar \u00f6d\u0259nilib. \u0130kinci \u00f6vlad\u0131 \u201cAz\u0259rtac\u201dda i\u015fl\u0259yir. O da deyib ki, \u201cx\u0259b\u0259rim yoxdur, kartdan pullar\u0131 anam \u00e7\u0131xar\u0131b\u201d. \u00c7\u0131xar\u0131\u015fdan g\u00f6r\u00fcn\u00fcr ki, \u201cAz\u0259rtac\u201d\u0131n binas\u0131ndak\u0131 bankomatdan pul \u00e7\u0131xar\u0131l\u0131b. \u00dc\u00e7\u00fcnc\u00fc \u00f6vlad\u0131 da deyir ki, \u201cx\u0259b\u0259rim yoxdur\u201d. Amma \u00f6z\u00fc banka gedib h\u0259min hesabdan 18 min manat pul \u00e7\u0131xar\u0131b. H\u0259r k\u0259s \u00f6z \u0259m\u0259lin\u0259 g\u00f6r\u0259 m\u00fchakim\u0259 olunmal\u0131d\u0131r\u201d.<\/em><\/p>\n\n\n<div class=\"wp-block-image\">\n<figure class=\"aligncenter size-full\"><img decoding=\"async\" width=\"1000\" height=\"541\" data-src=\"https:\/\/www.meydan.tv\/wp-content\/uploads\/410827945_4j7bzkk.jpg\" alt=\"Bak\u0131 A\u011f\u0131r Cinay\u0259tl\u0259r M\u0259hk\u0259m\u0259si\" class=\"wp-image-131384 lazyload\" src=\"data:image\/svg+xml;base64,PHN2ZyB3aWR0aD0iMSIgaGVpZ2h0PSIxIiB4bWxucz0iaHR0cDovL3d3dy53My5vcmcvMjAwMC9zdmciPjwvc3ZnPg==\" style=\"--smush-placeholder-width: 1000px; --smush-placeholder-aspect-ratio: 1000\/541;\" \/><figcaption class=\"wp-element-caption\">Foto: Meydan TV<\/figcaption><\/figure>\n<\/div>\n\n\n<p>M\u00fcdafi\u0259\u00e7i \u0259lav\u0259 edib ki, 2020-ci ild\u0259 V\u0259li R\u0259himovun o\u011flu \u015f\u0259hid olub. Bu hadis\u0259 onun h\u0259yat t\u0259rzin\u0259, i\u015fin\u0259 d\u0259 t\u0259sir g\u00f6st\u0259rib:<\/p>\n\n\n\n<p><em>\u201cO, h\u0259yatdan k\u00fcs\u00fcb, t\u0259xmin\u0259n bir il h\u0259r \u015feyd\u0259n uzaqla\u015f\u0131b. Ba\u015f ver\u0259nl\u0259r\u0259 n\u0259zar\u0259t ed\u0259 bilm\u0259m\u0259sinin s\u0259b\u0259bi d\u0259 bu olub. Qay\u0131dandan sonra neqativ hallar a\u015fkar edib, \u00f6z\u00fc bu bar\u0259d\u0259 r\u0259hb\u0259rliy\u0259 m\u0259lumat verib. \u0130stintaq ekspertiza t\u0259yin etm\u0259liydi, bu da olmay\u0131b. \u00c7ox primitiv ara\u015fd\u0131rma apar\u0131l\u0131b. M\u0259hk\u0259m\u0259 istintaq\u0131 zaman\u0131 bunlar\u0131 ara\u015fd\u0131rmaq m\u00fcmk\u00fcn olmayacaq. Ona g\u00f6r\u0259 d\u0259 i\u015fin istintaqa qaytar\u0131lmas\u0131n\u0131 ist\u0259yirik\u201d.<\/em><\/p>\n\n\n\n<p>F\u0259rid\u0259 Novruzovan\u0131n v\u0259kili is\u0259 istintaqda m\u00fcv\u0259kkilinin m\u00fcdafi\u0259 h\u00fcququnun pozuldu\u011funu \u0259sas g\u0259tir\u0259r\u0259k, cinay\u0259t i\u015finin yenid\u0259n istintaqa qaytar\u0131lmas\u0131n\u0131 ist\u0259yib:<\/p>\n\n\n\n<p> \u201c<em>F\u0259rid\u0259 xan\u0131m\u0131 aldadaraq, s\u0259n\u0259dl\u0259r\u0259 qol \u00e7\u0259kdiribl\u0259r, s\u0259n\u0259dl\u0259ri imzalatd\u0131randa yan\u0131nda v\u0259kil olmay\u0131b\u201d.<\/em><\/p>\n\n\n\n<p>F\u0259rid\u0259 Novruzova da v\u0259kilinin dedikl\u0259rini t\u0259sdiql\u0259yib. O bildirib ki, \u0259vv\u0259lki dindirm\u0259l\u0259rd\u0259 yan\u0131nda v\u0259kil olmay\u0131b. Yaln\u0131z sonuncu d\u0259f\u0259 d\u00f6vl\u0259t hesab\u0131na v\u0259kilin i\u015ftirak\u0131 t\u0259min olunub.<br>V\u0259li R\u0259himov is\u0259 \u015fikay\u0259tl\u0259nib ki, ona istintaq\u0131n sonunda cinay\u0259t i\u015finin materiallar\u0131 il\u0259 tan\u0131\u015f olmaq \u00fc\u00e7\u00fcn \u015f\u0259rait yarad\u0131lmay\u0131b:<\/p>\n\n\n\n<p><em>\u201c\u0130ttiham akt\u0131n\u0131 al\u0131b oxuyanda d\u0259h\u015f\u0259t\u0259 g\u0259ldim&#8230;\u201d.<\/em><\/p>\n\n\n\n<p>T\u0259qsirl\u0259ndiril\u0259n G\u00f6vh\u0259r \u018fhm\u0259dovan\u0131n v\u0259kili P\u0259hl\u0259van Aslanov is\u0259 cinay\u0259t i\u015finin istintaqa qaytar\u0131lmas\u0131na etiraz edib. O, m\u00fcv\u0259kkilinin \u00f6vladlar\u0131n\u0131n \u00fcnvan\u0131na s\u0259sl\u0259n\u0259n ittihamlar\u0131n da \u0259sass\u0131z oldu\u011funu, onlar\u0131n bu cinay\u0259t\u0259 he\u00e7 bir aidiyy\u0259ti olmad\u0131\u011f\u0131n\u0131 vur\u011fulay\u0131b.<\/p>\n\n\n<div class=\"wp-block-image\">\n<figure class=\"aligncenter size-full is-resized\"><img decoding=\"async\" width=\"637\" height=\"400\" data-src=\"https:\/\/www.meydan.tv\/wp-content\/uploads\/audit.jpg\" alt=\"\" class=\"wp-image-295176 lazyload\" style=\"--smush-placeholder-width: 637px; --smush-placeholder-aspect-ratio: 637\/400;width:805px;height:auto\" src=\"data:image\/svg+xml;base64,PHN2ZyB3aWR0aD0iMSIgaGVpZ2h0PSIxIiB4bWxucz0iaHR0cDovL3d3dy53My5vcmcvMjAwMC9zdmciPjwvc3ZnPg==\" \/><figcaption class=\"wp-element-caption\">Auditorlar Palatas\u0131n\u0131n Maliyy\u0259 v\u0259 texniki t\u0259minat idar\u0259sinin sabiq r\u0259isi V\u0259li R\u0259himov, m\u00fchasib G\u00f6vh\u0259r \u018fhm\u0259dova v\u0259 auditor F\u0259rid\u0259 Novruzova. Foto: qafqazinfo.az<\/figcaption><\/figure>\n<\/div>\n\n\n<p>D\u00f6vl\u0259t ittiham\u0131n\u0131 m\u00fcdafi\u0259 ed\u0259n prokuror Orxan K\u0259ng\u0259rli d\u0259 cinay\u0259t i\u015finin istintaqa qaytar\u0131lmas\u0131 haqda v\u0259sat\u0259tl\u0259r\u0259 etiraz edib. O deyib ki, i\u015f m\u0259hk\u0259m\u0259 bax\u0131\u015f\u0131na verilib ara\u015fd\u0131r\u0131lmal\u0131d\u0131r.<\/p>\n\n\n\n<p>Q\u0131sa m\u00fc\u015favir\u0259d\u0259n sonra hakiml\u0259r i\u015fin istintaqa qaytar\u0131lmas\u0131 haqda v\u0259sat\u0259tin t\u0259min olunmad\u0131\u011f\u0131n\u0131 a\u00e7\u0131qlay\u0131b. Cinay\u0259t i\u015fi m\u0259hk\u0259m\u0259 bax\u0131\u015f\u0131na verilib. M\u0259hk\u0259m\u0259 iclas\u0131 yanvar\u0131n 26-na t\u0259yin olunub.<\/p>\n\n\n\n<p>R\u0259smi a\u00e7\u0131qlamaya g\u00f6r\u0259, daxili ara\u015fd\u0131rma zaman\u0131 2018-2023-c\u00fc ill\u0259r \u0259rzind\u0259 Maliyy\u0259 v\u0259 Texniki T\u0259minat \u0130dar\u0259sinin \u0259m\u0259kda\u015flar\u0131 t\u0259r\u0259find\u0259n k\u00fclli miqdarda v\u0259saitin m\u0259nims\u0259nilm\u0259si a\u015fkar edilib. Bundan sonra palata r\u0259hb\u0259rliyi 2023-c\u00fc ilin iyulunda h\u00fcquq-m\u00fchafiz\u0259 orqanlar\u0131na m\u00fcraci\u0259t edib.<\/p>\n\n\n\n<p>T\u0259qsirl\u0259ndiril\u0259n \u015f\u0259xsl\u0259r\u0259 qar\u015f\u0131 ir\u0259li s\u00fcr\u00fcl\u0259n ittihamlarda 14 il\u0259 q\u0259d\u0259r azadl\u0131qdan m\u0259hrumetm\u0259 c\u0259zas\u0131 n\u0259z\u0259rd\u0259 tutulub.<\/p>\n","protected":false},"excerpt":{"rendered":"<p>\u201cM\u00fcst\u0259ntiq bank \u00e7\u0131xar\u0131\u015flar\u0131na ya baxmay\u0131b, ya da baxmaq ist\u0259m\u0259yib\u201d Az\u0259rbaycan &#8230; <\/p>\n<p class=\"read-more-container\"><a title=\"Auditorlar Palatas\u0131nda 700 minlik yeyinti ittiham\u0131&#8230;\" class=\"read-more button\" href=\"https:\/\/www.meydan.tv\/az\/article\/auditorlar-palatasinda-700-minlik-yeyinti-ittihami\/#more-295173\" aria-label=\"Read more about Auditorlar Palatas\u0131nda 700 minlik yeyinti ittiham\u0131&#8230;\">Davam\u0131<\/a><\/p>\n","protected":false},"author":8,"featured_media":295179,"comment_status":"closed","ping_status":"closed","sticky":false,"template":"","format":"standard","meta":{"_acf_changed":false,"_sitemap_exclude":false,"_sitemap_priority":"","_sitemap_frequency":"","footnotes":""},"categories":[62,79,56],"tags":[],"class_list":["post-295173","post","type-post","status-publish","format-standard","has-post-thumbnail","hentry","category-sosial","category-featured","category-xeberler","infinite-scroll-item","generate-columns","tablet-grid-50","mobile-grid-100","grid-parent","grid-33","no-featured-image-padding"],"acf":[],"yoast_head":"<!-- This site is optimized with the Yoast SEO plugin v27.5 - https:\/\/yoast.com\/product\/yoast-seo-wordpress\/ -->\n<title>Auditorlar Palatas\u0131nda 700 minlik yeyinti ittiham\u0131... - MEYDAN.TV<\/title>\n<meta name=\"robots\" content=\"index, follow, max-snippet:-1, max-image-preview:large, max-video-preview:-1\" \/>\n<link rel=\"canonical\" href=\"https:\/\/www.meydan.tv\/az\/article\/auditorlar-palatasinda-700-minlik-yeyinti-ittihami\/\" \/>\n<meta property=\"og:locale\" content=\"az_AZ\" \/>\n<meta property=\"og:type\" content=\"article\" \/>\n<meta property=\"og:title\" content=\"Auditorlar Palatas\u0131nda 700 minlik yeyinti ittiham\u0131... - MEYDAN.TV\" \/>\n<meta property=\"og:description\" content=\"\u201cM\u00fcst\u0259ntiq bank \u00e7\u0131xar\u0131\u015flar\u0131na ya baxmay\u0131b, ya da baxmaq ist\u0259m\u0259yib\u201d Az\u0259rbaycan ... Davam\u0131\" \/>\n<meta property=\"og:url\" content=\"https:\/\/www.meydan.tv\/az\/article\/auditorlar-palatasinda-700-minlik-yeyinti-ittihami\/\" \/>\n<meta property=\"og:site_name\" content=\"MEYDAN.TV\" \/>\n<meta property=\"article:published_time\" content=\"2024-01-12T13:03:12+00:00\" \/>\n<meta property=\"article:modified_time\" content=\"2024-01-12T13:03:18+00:00\" \/>\n<meta property=\"og:image\" content=\"https:\/\/www.meydan.tv\/wp-content\/uploads\/306585404_400774802219689_4208694072331472400_n.jpg\" \/>\n\t<meta property=\"og:image:width\" content=\"1500\" \/>\n\t<meta property=\"og:image:height\" content=\"595\" \/>\n\t<meta property=\"og:image:type\" content=\"image\/jpeg\" \/>\n<meta name=\"author\" content=\"elli\" \/>\n<meta name=\"twitter:card\" content=\"summary_large_image\" \/>\n<meta name=\"twitter:creator\" content=\"@elli\" \/>\n<script type=\"application\/ld+json\" class=\"yoast-schema-graph\">{\"@context\":\"https:\\\/\\\/schema.org\",\"@graph\":[{\"@type\":\"Article\",\"@id\":\"https:\\\/\\\/www.meydan.tv\\\/az\\\/article\\\/auditorlar-palatasinda-700-minlik-yeyinti-ittihami\\\/#article\",\"isPartOf\":{\"@id\":\"https:\\\/\\\/www.meydan.tv\\\/az\\\/article\\\/auditorlar-palatasinda-700-minlik-yeyinti-ittihami\\\/\"},\"author\":{\"name\":\"elli\",\"@id\":\"https:\\\/\\\/www.meydan.tv\\\/az\\\/#\\\/schema\\\/person\\\/9cdbecf90d17180ce1dfbd95b08dcf47\"},\"headline\":\"Auditorlar Palatas\u0131nda 700 minlik yeyinti ittiham\u0131&#8230;\",\"datePublished\":\"2024-01-12T13:03:12+00:00\",\"dateModified\":\"2024-01-12T13:03:18+00:00\",\"mainEntityOfPage\":{\"@id\":\"https:\\\/\\\/www.meydan.tv\\\/az\\\/article\\\/auditorlar-palatasinda-700-minlik-yeyinti-ittihami\\\/\"},\"wordCount\":1054,\"publisher\":{\"@id\":\"https:\\\/\\\/www.meydan.tv\\\/az\\\/#organization\"},\"image\":{\"@id\":\"https:\\\/\\\/www.meydan.tv\\\/az\\\/article\\\/auditorlar-palatasinda-700-minlik-yeyinti-ittihami\\\/#primaryimage\"},\"thumbnailUrl\":\"https:\\\/\\\/www.meydan.tv\\\/wp-content\\\/uploads\\\/306585404_400774802219689_4208694072331472400_n.jpg\",\"articleSection\":[\"Sosial\",\"T\u00f6vsiy\u0259\",\"X\u0259b\u0259rl\u0259r\"],\"inLanguage\":\"az\"},{\"@type\":\"WebPage\",\"@id\":\"https:\\\/\\\/www.meydan.tv\\\/az\\\/article\\\/auditorlar-palatasinda-700-minlik-yeyinti-ittihami\\\/\",\"url\":\"https:\\\/\\\/www.meydan.tv\\\/az\\\/article\\\/auditorlar-palatasinda-700-minlik-yeyinti-ittihami\\\/\",\"name\":\"Auditorlar Palatas\u0131nda 700 minlik yeyinti ittiham\u0131... - MEYDAN.TV\",\"isPartOf\":{\"@id\":\"https:\\\/\\\/www.meydan.tv\\\/az\\\/#website\"},\"primaryImageOfPage\":{\"@id\":\"https:\\\/\\\/www.meydan.tv\\\/az\\\/article\\\/auditorlar-palatasinda-700-minlik-yeyinti-ittihami\\\/#primaryimage\"},\"image\":{\"@id\":\"https:\\\/\\\/www.meydan.tv\\\/az\\\/article\\\/auditorlar-palatasinda-700-minlik-yeyinti-ittihami\\\/#primaryimage\"},\"thumbnailUrl\":\"https:\\\/\\\/www.meydan.tv\\\/wp-content\\\/uploads\\\/306585404_400774802219689_4208694072331472400_n.jpg\",\"datePublished\":\"2024-01-12T13:03:12+00:00\",\"dateModified\":\"2024-01-12T13:03:18+00:00\",\"breadcrumb\":{\"@id\":\"https:\\\/\\\/www.meydan.tv\\\/az\\\/article\\\/auditorlar-palatasinda-700-minlik-yeyinti-ittihami\\\/#breadcrumb\"},\"inLanguage\":\"az\",\"potentialAction\":[{\"@type\":\"ReadAction\",\"target\":[\"https:\\\/\\\/www.meydan.tv\\\/az\\\/article\\\/auditorlar-palatasinda-700-minlik-yeyinti-ittihami\\\/\"]}]},{\"@type\":\"ImageObject\",\"inLanguage\":\"az\",\"@id\":\"https:\\\/\\\/www.meydan.tv\\\/az\\\/article\\\/auditorlar-palatasinda-700-minlik-yeyinti-ittihami\\\/#primaryimage\",\"url\":\"https:\\\/\\\/www.meydan.tv\\\/wp-content\\\/uploads\\\/306585404_400774802219689_4208694072331472400_n.jpg\",\"contentUrl\":\"https:\\\/\\\/www.meydan.tv\\\/wp-content\\\/uploads\\\/306585404_400774802219689_4208694072331472400_n.jpg\",\"width\":1500,\"height\":595,\"caption\":\"Az\u0259rbaycan Auditorlar Palatas. Foto: Az\u0259rbaycan Auditorlar Palatas\u0131n\u0131n \\\"Facebook\\\" s\u0259hif\u0259si\"},{\"@type\":\"BreadcrumbList\",\"@id\":\"https:\\\/\\\/www.meydan.tv\\\/az\\\/article\\\/auditorlar-palatasinda-700-minlik-yeyinti-ittihami\\\/#breadcrumb\",\"itemListElement\":[{\"@type\":\"ListItem\",\"position\":1,\"name\":\"Ana s\u0259hif\u0259\",\"item\":\"https:\\\/\\\/www.meydan.tv\\\/az\\\/\"},{\"@type\":\"ListItem\",\"position\":2,\"name\":\"Sosial\",\"item\":\"https:\\\/\\\/www.meydan.tv\\\/az\\\/section\\\/sosial\\\/\"},{\"@type\":\"ListItem\",\"position\":3,\"name\":\"Auditorlar Palatas\u0131nda 700 minlik yeyinti ittiham\u0131&#8230;\"}]},{\"@type\":\"WebSite\",\"@id\":\"https:\\\/\\\/www.meydan.tv\\\/az\\\/#website\",\"url\":\"https:\\\/\\\/www.meydan.tv\\\/az\\\/\",\"name\":\"MEYDAN.TV\",\"description\":\"Meydan TV Az\u0259rbaycan\u0131n media m\u0259kan\u0131ndak\u0131 alternativ s\u0259sidir\",\"publisher\":{\"@id\":\"https:\\\/\\\/www.meydan.tv\\\/az\\\/#organization\"},\"potentialAction\":[{\"@type\":\"SearchAction\",\"target\":{\"@type\":\"EntryPoint\",\"urlTemplate\":\"https:\\\/\\\/www.meydan.tv\\\/az\\\/?s={search_term_string}\"},\"query-input\":{\"@type\":\"PropertyValueSpecification\",\"valueRequired\":true,\"valueName\":\"search_term_string\"}}],\"inLanguage\":\"az\"},{\"@type\":\"Organization\",\"@id\":\"https:\\\/\\\/www.meydan.tv\\\/az\\\/#organization\",\"name\":\"Meydan TV\",\"url\":\"https:\\\/\\\/www.meydan.tv\\\/az\\\/\",\"logo\":{\"@type\":\"ImageObject\",\"inLanguage\":\"az\",\"@id\":\"https:\\\/\\\/www.meydan.tv\\\/az\\\/#\\\/schema\\\/logo\\\/image\\\/\",\"url\":\"https:\\\/\\\/www.meydan.tv\\\/wp-content\\\/uploads\\\/2021\\\/07\\\/meydan-logo.svg\",\"contentUrl\":\"https:\\\/\\\/www.meydan.tv\\\/wp-content\\\/uploads\\\/2021\\\/07\\\/meydan-logo.svg\",\"width\":195,\"height\":46,\"caption\":\"Meydan TV\"},\"image\":{\"@id\":\"https:\\\/\\\/www.meydan.tv\\\/az\\\/#\\\/schema\\\/logo\\\/image\\\/\"}},{\"@type\":\"Person\",\"@id\":\"https:\\\/\\\/www.meydan.tv\\\/az\\\/#\\\/schema\\\/person\\\/9cdbecf90d17180ce1dfbd95b08dcf47\",\"name\":\"elli\",\"sameAs\":[\"https:\\\/\\\/x.com\\\/elli\"]}]}<\/script>\n<!-- \/ Yoast SEO plugin. -->","yoast_head_json":{"title":"Auditorlar Palatas\u0131nda 700 minlik yeyinti ittiham\u0131... - MEYDAN.TV","robots":{"index":"index","follow":"follow","max-snippet":"max-snippet:-1","max-image-preview":"max-image-preview:large","max-video-preview":"max-video-preview:-1"},"canonical":"https:\/\/www.meydan.tv\/az\/article\/auditorlar-palatasinda-700-minlik-yeyinti-ittihami\/","og_locale":"az_AZ","og_type":"article","og_title":"Auditorlar Palatas\u0131nda 700 minlik yeyinti ittiham\u0131... - MEYDAN.TV","og_description":"\u201cM\u00fcst\u0259ntiq bank \u00e7\u0131xar\u0131\u015flar\u0131na ya baxmay\u0131b, ya da baxmaq ist\u0259m\u0259yib\u201d Az\u0259rbaycan ... Davam\u0131","og_url":"https:\/\/www.meydan.tv\/az\/article\/auditorlar-palatasinda-700-minlik-yeyinti-ittihami\/","og_site_name":"MEYDAN.TV","article_published_time":"2024-01-12T13:03:12+00:00","article_modified_time":"2024-01-12T13:03:18+00:00","og_image":[{"width":1500,"height":595,"url":"https:\/\/www.meydan.tv\/wp-content\/uploads\/306585404_400774802219689_4208694072331472400_n.jpg","type":"image\/jpeg"}],"author":"elli","twitter_card":"summary_large_image","twitter_creator":"@elli","schema":{"@context":"https:\/\/schema.org","@graph":[{"@type":"Article","@id":"https:\/\/www.meydan.tv\/az\/article\/auditorlar-palatasinda-700-minlik-yeyinti-ittihami\/#article","isPartOf":{"@id":"https:\/\/www.meydan.tv\/az\/article\/auditorlar-palatasinda-700-minlik-yeyinti-ittihami\/"},"author":{"name":"elli","@id":"https:\/\/www.meydan.tv\/az\/#\/schema\/person\/9cdbecf90d17180ce1dfbd95b08dcf47"},"headline":"Auditorlar Palatas\u0131nda 700 minlik yeyinti ittiham\u0131&#8230;","datePublished":"2024-01-12T13:03:12+00:00","dateModified":"2024-01-12T13:03:18+00:00","mainEntityOfPage":{"@id":"https:\/\/www.meydan.tv\/az\/article\/auditorlar-palatasinda-700-minlik-yeyinti-ittihami\/"},"wordCount":1054,"publisher":{"@id":"https:\/\/www.meydan.tv\/az\/#organization"},"image":{"@id":"https:\/\/www.meydan.tv\/az\/article\/auditorlar-palatasinda-700-minlik-yeyinti-ittihami\/#primaryimage"},"thumbnailUrl":"https:\/\/www.meydan.tv\/wp-content\/uploads\/306585404_400774802219689_4208694072331472400_n.jpg","articleSection":["Sosial","T\u00f6vsiy\u0259","X\u0259b\u0259rl\u0259r"],"inLanguage":"az"},{"@type":"WebPage","@id":"https:\/\/www.meydan.tv\/az\/article\/auditorlar-palatasinda-700-minlik-yeyinti-ittihami\/","url":"https:\/\/www.meydan.tv\/az\/article\/auditorlar-palatasinda-700-minlik-yeyinti-ittihami\/","name":"Auditorlar Palatas\u0131nda 700 minlik yeyinti ittiham\u0131... - MEYDAN.TV","isPartOf":{"@id":"https:\/\/www.meydan.tv\/az\/#website"},"primaryImageOfPage":{"@id":"https:\/\/www.meydan.tv\/az\/article\/auditorlar-palatasinda-700-minlik-yeyinti-ittihami\/#primaryimage"},"image":{"@id":"https:\/\/www.meydan.tv\/az\/article\/auditorlar-palatasinda-700-minlik-yeyinti-ittihami\/#primaryimage"},"thumbnailUrl":"https:\/\/www.meydan.tv\/wp-content\/uploads\/306585404_400774802219689_4208694072331472400_n.jpg","datePublished":"2024-01-12T13:03:12+00:00","dateModified":"2024-01-12T13:03:18+00:00","breadcrumb":{"@id":"https:\/\/www.meydan.tv\/az\/article\/auditorlar-palatasinda-700-minlik-yeyinti-ittihami\/#breadcrumb"},"inLanguage":"az","potentialAction":[{"@type":"ReadAction","target":["https:\/\/www.meydan.tv\/az\/article\/auditorlar-palatasinda-700-minlik-yeyinti-ittihami\/"]}]},{"@type":"ImageObject","inLanguage":"az","@id":"https:\/\/www.meydan.tv\/az\/article\/auditorlar-palatasinda-700-minlik-yeyinti-ittihami\/#primaryimage","url":"https:\/\/www.meydan.tv\/wp-content\/uploads\/306585404_400774802219689_4208694072331472400_n.jpg","contentUrl":"https:\/\/www.meydan.tv\/wp-content\/uploads\/306585404_400774802219689_4208694072331472400_n.jpg","width":1500,"height":595,"caption":"Az\u0259rbaycan Auditorlar Palatas. Foto: Az\u0259rbaycan Auditorlar Palatas\u0131n\u0131n \"Facebook\" s\u0259hif\u0259si"},{"@type":"BreadcrumbList","@id":"https:\/\/www.meydan.tv\/az\/article\/auditorlar-palatasinda-700-minlik-yeyinti-ittihami\/#breadcrumb","itemListElement":[{"@type":"ListItem","position":1,"name":"Ana s\u0259hif\u0259","item":"https:\/\/www.meydan.tv\/az\/"},{"@type":"ListItem","position":2,"name":"Sosial","item":"https:\/\/www.meydan.tv\/az\/section\/sosial\/"},{"@type":"ListItem","position":3,"name":"Auditorlar Palatas\u0131nda 700 minlik yeyinti ittiham\u0131&#8230;"}]},{"@type":"WebSite","@id":"https:\/\/www.meydan.tv\/az\/#website","url":"https:\/\/www.meydan.tv\/az\/","name":"MEYDAN.TV","description":"Meydan TV Az\u0259rbaycan\u0131n media m\u0259kan\u0131ndak\u0131 alternativ s\u0259sidir","publisher":{"@id":"https:\/\/www.meydan.tv\/az\/#organization"},"potentialAction":[{"@type":"SearchAction","target":{"@type":"EntryPoint","urlTemplate":"https:\/\/www.meydan.tv\/az\/?s={search_term_string}"},"query-input":{"@type":"PropertyValueSpecification","valueRequired":true,"valueName":"search_term_string"}}],"inLanguage":"az"},{"@type":"Organization","@id":"https:\/\/www.meydan.tv\/az\/#organization","name":"Meydan TV","url":"https:\/\/www.meydan.tv\/az\/","logo":{"@type":"ImageObject","inLanguage":"az","@id":"https:\/\/www.meydan.tv\/az\/#\/schema\/logo\/image\/","url":"https:\/\/www.meydan.tv\/wp-content\/uploads\/2021\/07\/meydan-logo.svg","contentUrl":"https:\/\/www.meydan.tv\/wp-content\/uploads\/2021\/07\/meydan-logo.svg","width":195,"height":46,"caption":"Meydan TV"},"image":{"@id":"https:\/\/www.meydan.tv\/az\/#\/schema\/logo\/image\/"}},{"@type":"Person","@id":"https:\/\/www.meydan.tv\/az\/#\/schema\/person\/9cdbecf90d17180ce1dfbd95b08dcf47","name":"elli","sameAs":["https:\/\/x.com\/elli"]}]}},"_links":{"self":[{"href":"https:\/\/www.meydan.tv\/az\/wp-json\/wp\/v2\/posts\/295173","targetHints":{"allow":["GET"]}}],"collection":[{"href":"https:\/\/www.meydan.tv\/az\/wp-json\/wp\/v2\/posts"}],"about":[{"href":"https:\/\/www.meydan.tv\/az\/wp-json\/wp\/v2\/types\/post"}],"author":[{"embeddable":true,"href":"https:\/\/www.meydan.tv\/az\/wp-json\/wp\/v2\/users\/8"}],"replies":[{"embeddable":true,"href":"https:\/\/www.meydan.tv\/az\/wp-json\/wp\/v2\/comments?post=295173"}],"version-history":[{"count":3,"href":"https:\/\/www.meydan.tv\/az\/wp-json\/wp\/v2\/posts\/295173\/revisions"}],"predecessor-version":[{"id":295192,"href":"https:\/\/www.meydan.tv\/az\/wp-json\/wp\/v2\/posts\/295173\/revisions\/295192"}],"wp:featuredmedia":[{"embeddable":true,"href":"https:\/\/www.meydan.tv\/az\/wp-json\/wp\/v2\/media\/295179"}],"wp:attachment":[{"href":"https:\/\/www.meydan.tv\/az\/wp-json\/wp\/v2\/media?parent=295173"}],"wp:term":[{"taxonomy":"category","embeddable":true,"href":"https:\/\/www.meydan.tv\/az\/wp-json\/wp\/v2\/categories?post=295173"},{"taxonomy":"post_tag","embeddable":true,"href":"https:\/\/www.meydan.tv\/az\/wp-json\/wp\/v2\/tags?post=295173"}],"curies":[{"name":"wp","href":"https:\/\/api.w.org\/{rel}","templated":true}]}}