{"id":295163,"date":"2024-01-12T14:31:04","date_gmt":"2024-01-12T10:31:04","guid":{"rendered":"https:\/\/www.meydan.tv\/?p=295163"},"modified":"2024-01-12T16:27:59","modified_gmt":"2024-01-12T12:27:59","slug":"dunyanin-en-guclu-ve-zeif-pasportlari","status":"publish","type":"post","link":"https:\/\/www.meydan.tv\/az\/article\/dunyanin-en-guclu-ve-zeif-pasportlari\/","title":{"rendered":"D\u00fcnyan\u0131n \u0259n g\u00fccl\u00fc v\u0259 z\u0259if pasportlar\u0131"},"content":{"rendered":"\n<p><\/p>\n\n\n\n<p><strong><em>Az\u0259rbaycan 104 \u00f6lk\u0259 aras\u0131nda 70-ci yerd\u0259 q\u0259rarla\u015f\u0131b<\/em><\/strong><\/p>\n\n\n\n<p>\u201cHenley Passport Index\u201d-\u0259 g\u00f6r\u0259, d\u00fcnyan\u0131n \u0259n g\u00fccl\u00fc pasportlar\u0131 d\u00f6rd Avropa \u00f6lk\u0259sin\u0259 aiddir.<br>Bu \u00f6lk\u0259l\u0259r &#8211; Fransa, Almaniya, \u0130taliya v\u0259 \u0130spaniyad\u0131r. Bu d\u00f6rd \u00f6lk\u0259 \u0259vv\u0259lki ill\u0259rd\u0259 birinci olan Sinqapurla eyni yeri <a href=\"https:\/\/tr.euronews.com\/gezi\/2024\/01\/11\/dunyanin-en-guclu-pasaportu-listenin-zirvesinde-dort-avrupa-ulkesi?utm_campaign=Bundle&amp;utm_medium=referral&amp;utm_source=Bundle\">b\u00f6l\u00fc\u015f\u00fcrl\u0259r<\/a>.<\/p>\n\n\n\n<p>\u00d6t\u0259n il \u00fc\u00e7\u00fcnc\u00fc yer\u0259 en\u0259n Yaponiya da yenid\u0259n zirv\u0259y\u0259 y\u00fcks\u0259lib.<\/p>\n\n\n\n<p>\u201cHenley Passport Index\u201d pasportlar\u0131 vizas\u0131z s\u0259yah\u0259t imkanlar\u0131na g\u00f6r\u0259 s\u0131ralay\u0131r. H\u0259r bir \u00f6lk\u0259 \u00fc\u00e7\u00fcn m\u0259lumatlar m\u00fcnt\u0259z\u0259m yenil\u0259nir.<\/p>\n\n\n\n<p>\u018fn y\u00fcks\u0259k yer tutan \u00f6lk\u0259l\u0259rin v\u0259t\u0259nda\u015flar\u0131 194 \u00f6lk\u0259y\u0259 vizas\u0131z ged\u0259 bilir.<\/p>\n\n\n\n<p>Oktyabr\u0131n reytinqind\u0259 Almaniya, \u0130taliya v\u0259 \u0130spaniya ikinci, Fransa is\u0259 \u00fc\u00e7\u00fcnc\u00fc yerd\u0259 q\u0259rarla\u015fm\u0131\u015fd\u0131.<\/p>\n\n\n\n<p>Dekabrda \u201cVisa Guide World\u201d t\u0259r\u0259find\u0259n d\u0259rc edilmi\u015f ba\u015fqa bir pasport reytinqind\u0259 is\u0259 \u0130spaniya Sinqapuru \u00fcst\u0259l\u0259mi\u015fdi.<\/p>\n\n\n\n<p>\u0130ndiki reytinqd\u0259 is\u0259 ilk 10-luqda Avropa pasportlar\u0131 \u00fcst\u00fcnl\u00fck t\u0259\u015fkil edir.<\/p>\n\n\n\n<p>\u201cHenley\u201d-in yeni 2024-c\u00fc il reytinqind\u0259 ilk 10-lu\u011fa \u0259sas\u0259n Avropa \u00f6lk\u0259l\u0259ri daxildir.<\/p>\n\n\n\n<p>Oktyabr\u0131n siyah\u0131s\u0131nda Finlandiya v\u0259 \u0130sve\u00e7 \u00fc\u00e7\u00fcnc\u00fc, C\u0259nubi Koreya is\u0259 ikinci yerd\u0259dir.<\/p>\n\n\n\n<p>\u0130ndi is\u0259 \u00fc\u00e7\u00fcnc\u00fc yerd\u0259 Avstriya, Danimarka, \u0130rlandiya v\u0259 Hollandiya q\u0259rarla\u015f\u0131b. D\u00f6rd\u00fcnc\u00fc yerd\u0259 Bel\u00e7ika, L\u00fcksemburq, Norve\u00e7, Portuqaliya v\u0259 B\u00f6y\u00fck Britaniyad\u0131r. Yunan\u0131stan, Malta v\u0259 \u0130sve\u00e7r\u0259 be\u015finci yerd\u0259dir.<\/p>\n\n\n\n<p>\u00c7exiyayla Pol\u015fa alt\u0131nc\u0131 yerd\u0259ki Avstraliya v\u0259 Yeni Zelandiyaya qo\u015fulub.<\/p>\n\n\n\n<p>Macar\u0131stan v\u0259 Kanada AB\u015e il\u0259 birlikd\u0259 yeddinci yerd\u0259dir.\u00a0 Estoniya v\u0259 Litva s\u0259kkizincidir. Latviya, Slovakiya v\u0259 Sloveniya doqquzuncudur. \u0130slandiya is\u0259 10-cu yerd\u0259dir.<\/p>\n\n\n\n<p>Siyah\u0131da 32-ci yerd\u0259 olan Ukraynadan sonra bir s\u0131ra Balkan \u00f6lk\u0259l\u0259ri, o c\u00fcml\u0259d\u0259n Serbiya, \u015eimali Makedoniya, Monteneqro, Albaniya g\u0259lir.<\/p>\n\n\n\n<p>Az\u0259rbaycan\u0131n qon\u015fular\u0131ndan G\u00fcrc\u00fcstan 50-ci, T\u00fcrkiy\u0259 52-ci, Erm\u0259nistan 74-c\u00fc yerd\u0259 q\u0259rarla\u015f\u0131b. Az\u0259rbaycan is\u0259 siyah\u0131n\u0131n 70-ci pill\u0259sind\u0259dir.<\/p>\n\n\n\n<p>\u201cHenley Pasport \u0130ndeksi\u201d d\u00fcnyan\u0131n 199 m\u00fcxt\u0259lif pasportunu v\u0259t\u0259nda\u015flar\u0131n vizas\u0131z ged\u0259 bil\u0259c\u0259yi istiqam\u0259tl\u0259rin say\u0131na g\u00f6r\u0259 s\u0131ralay\u0131r.<\/p>\n\n\n\n<p>Bunu ed\u0259rk\u0259n Qlobal v\u0259t\u0259nda\u015fl\u0131q v\u0259 rezidentlik \u00fczr\u0259 m\u0259sl\u0259h\u0259t\u00e7i \u015firk\u0259t \u201cHenley &amp; Partners Beyn\u0259lxalq Hava N\u0259qliyyat\u0131 Assosiasiyas\u0131\u201dn\u0131n (IATA) m\u0259lumatlar\u0131ndan istifad\u0259 edir.<\/p>\n\n\n\n<p>\u015eirk\u0259t art\u0131q 19-cu ildir ki, bu reytinqi t\u0259rtib edir. Reytinq \u0259vv\u0259l ild\u0259 d\u00f6rd d\u0259f\u0259 yenil\u0259nirdi, indi h\u0259r ay yenil\u0259nir.<\/p>\n\n\n\n<p>\u00d6lk\u0259l\u0259r vizas\u0131z ged\u0259 bil\u0259c\u0259kl\u0259ri h\u0259r bir istiqam\u0259t \u00fc\u00e7\u00fcn 227 baldan bir bal al\u0131rlar. Bu xal v\u0259t\u0259nda\u015flar\u0131n g\u0259li\u015f zaman\u0131 viza, ziyar\u0259t\u00e7i icaz\u0259si v\u0259 ya elektron s\u0259yah\u0259t icaz\u0259si (ETA) ala bildiyi istiqam\u0259tl\u0259r \u00fc\u00e7\u00fcn etibarl\u0131d\u0131r.<\/p>\n\n\n\n<p>Viza t\u0259l\u0259b olunan v\u0259 ya pasport sahibinin yola d\u00fc\u015fm\u0259zd\u0259n \u0259vv\u0259l d\u00f6vl\u0259t t\u0259r\u0259find\u0259n t\u0259sdiq edilmi\u015f elektron vizan\u0131 almal\u0131 oldu\u011fu istiqam\u0259tl\u0259r \u00fc\u00e7\u00fcn bal verilmir.<\/p>\n\n\n\n<p>Siyah\u0131da yer alan 104 \u00f6lk\u0259 v\u0259 \u0259razi aras\u0131nda \u018ffqan\u0131stan d\u00fcnyan\u0131n \u0259n z\u0259if pasportuna malik \u00f6lk\u0259 kimi sonuncu yerd\u0259dir.<\/p>\n\n\n\n<p>Suriya, \u0130raq, Pakistan v\u0259 Y\u0259m\u0259n son be\u015flikd\u0259, Somali 99-cu yerd\u0259dir. Liviya, Nepal v\u0259 F\u0259l\u0259stin \u0259razisi 98-ci, Banqlade\u015f v\u0259 \u015eimali Koreya 97-ci yerd\u0259dir. Eritreya v\u0259 \u015eri Lanka 96-c\u0131 yerd\u0259 q\u0259rarla\u015f\u0131b. \u0130ran, Livan, Nigeriya v\u0259 Sudan 95-ci yeri tutub.<\/p>\n","protected":false},"excerpt":{"rendered":"<p>Az\u0259rbaycan 104 \u00f6lk\u0259 aras\u0131nda 70-ci yerd\u0259 q\u0259rarla\u015f\u0131b \u201cHenley Passport Index\u201d-\u0259 &#8230; <\/p>\n<p class=\"read-more-container\"><a title=\"D\u00fcnyan\u0131n \u0259n g\u00fccl\u00fc v\u0259 z\u0259if pasportlar\u0131\" class=\"read-more button\" href=\"https:\/\/www.meydan.tv\/az\/article\/dunyanin-en-guclu-ve-zeif-pasportlari\/#more-295163\" aria-label=\"Read more about D\u00fcnyan\u0131n \u0259n g\u00fccl\u00fc v\u0259 z\u0259if pasportlar\u0131\">Davam\u0131<\/a><\/p>\n","protected":false},"author":8,"featured_media":133101,"comment_status":"closed","ping_status":"closed","sticky":false,"template":"","format":"standard","meta":{"_acf_changed":false,"_sitemap_exclude":false,"_sitemap_priority":"","_sitemap_frequency":"","footnotes":""},"categories":[62,56],"tags":[],"class_list":["post-295163","post","type-post","status-publish","format-standard","has-post-thumbnail","hentry","category-sosial","category-xeberler","infinite-scroll-item","generate-columns","tablet-grid-50","mobile-grid-100","grid-parent","grid-33","no-featured-image-padding"],"acf":[],"yoast_head":"<!-- This site is optimized with the Yoast SEO plugin v27.5 - https:\/\/yoast.com\/product\/yoast-seo-wordpress\/ -->\n<title>D\u00fcnyan\u0131n \u0259n g\u00fccl\u00fc v\u0259 z\u0259if pasportlar\u0131 - MEYDAN.TV<\/title>\n<meta name=\"robots\" content=\"index, follow, max-snippet:-1, max-image-preview:large, max-video-preview:-1\" \/>\n<link rel=\"canonical\" href=\"https:\/\/www.meydan.tv\/az\/article\/dunyanin-en-guclu-ve-zeif-pasportlari\/\" \/>\n<meta property=\"og:locale\" content=\"az_AZ\" \/>\n<meta property=\"og:type\" content=\"article\" \/>\n<meta property=\"og:title\" content=\"D\u00fcnyan\u0131n \u0259n g\u00fccl\u00fc v\u0259 z\u0259if pasportlar\u0131 - MEYDAN.TV\" \/>\n<meta property=\"og:description\" content=\"Az\u0259rbaycan 104 \u00f6lk\u0259 aras\u0131nda 70-ci yerd\u0259 q\u0259rarla\u015f\u0131b \u201cHenley Passport Index\u201d-\u0259 ... Davam\u0131\" \/>\n<meta property=\"og:url\" content=\"https:\/\/www.meydan.tv\/az\/article\/dunyanin-en-guclu-ve-zeif-pasportlari\/\" \/>\n<meta property=\"og:site_name\" content=\"MEYDAN.TV\" \/>\n<meta property=\"article:published_time\" content=\"2024-01-12T10:31:04+00:00\" \/>\n<meta property=\"article:modified_time\" content=\"2024-01-12T12:27:59+00:00\" \/>\n<meta property=\"og:image\" content=\"https:\/\/www.meydan.tv\/wp-content\/uploads\/pasport_nkkcins.jpg\" \/>\n\t<meta property=\"og:image:width\" content=\"968\" \/>\n\t<meta property=\"og:image:height\" content=\"545\" \/>\n\t<meta property=\"og:image:type\" content=\"image\/jpeg\" \/>\n<meta name=\"author\" content=\"elli\" \/>\n<meta name=\"twitter:card\" content=\"summary_large_image\" \/>\n<meta name=\"twitter:creator\" content=\"@elli\" \/>\n<script type=\"application\/ld+json\" class=\"yoast-schema-graph\">{\"@context\":\"https:\\\/\\\/schema.org\",\"@graph\":[{\"@type\":\"Article\",\"@id\":\"https:\\\/\\\/www.meydan.tv\\\/az\\\/article\\\/dunyanin-en-guclu-ve-zeif-pasportlari\\\/#article\",\"isPartOf\":{\"@id\":\"https:\\\/\\\/www.meydan.tv\\\/az\\\/article\\\/dunyanin-en-guclu-ve-zeif-pasportlari\\\/\"},\"author\":{\"name\":\"elli\",\"@id\":\"https:\\\/\\\/www.meydan.tv\\\/az\\\/#\\\/schema\\\/person\\\/9cdbecf90d17180ce1dfbd95b08dcf47\"},\"headline\":\"D\u00fcnyan\u0131n \u0259n g\u00fccl\u00fc v\u0259 z\u0259if pasportlar\u0131\",\"datePublished\":\"2024-01-12T10:31:04+00:00\",\"dateModified\":\"2024-01-12T12:27:59+00:00\",\"mainEntityOfPage\":{\"@id\":\"https:\\\/\\\/www.meydan.tv\\\/az\\\/article\\\/dunyanin-en-guclu-ve-zeif-pasportlari\\\/\"},\"wordCount\":605,\"publisher\":{\"@id\":\"https:\\\/\\\/www.meydan.tv\\\/az\\\/#organization\"},\"image\":{\"@id\":\"https:\\\/\\\/www.meydan.tv\\\/az\\\/article\\\/dunyanin-en-guclu-ve-zeif-pasportlari\\\/#primaryimage\"},\"thumbnailUrl\":\"https:\\\/\\\/www.meydan.tv\\\/wp-content\\\/uploads\\\/pasport_nkkcins.jpg\",\"articleSection\":[\"Sosial\",\"X\u0259b\u0259rl\u0259r\"],\"inLanguage\":\"az\"},{\"@type\":\"WebPage\",\"@id\":\"https:\\\/\\\/www.meydan.tv\\\/az\\\/article\\\/dunyanin-en-guclu-ve-zeif-pasportlari\\\/\",\"url\":\"https:\\\/\\\/www.meydan.tv\\\/az\\\/article\\\/dunyanin-en-guclu-ve-zeif-pasportlari\\\/\",\"name\":\"D\u00fcnyan\u0131n \u0259n g\u00fccl\u00fc v\u0259 z\u0259if pasportlar\u0131 - MEYDAN.TV\",\"isPartOf\":{\"@id\":\"https:\\\/\\\/www.meydan.tv\\\/az\\\/#website\"},\"primaryImageOfPage\":{\"@id\":\"https:\\\/\\\/www.meydan.tv\\\/az\\\/article\\\/dunyanin-en-guclu-ve-zeif-pasportlari\\\/#primaryimage\"},\"image\":{\"@id\":\"https:\\\/\\\/www.meydan.tv\\\/az\\\/article\\\/dunyanin-en-guclu-ve-zeif-pasportlari\\\/#primaryimage\"},\"thumbnailUrl\":\"https:\\\/\\\/www.meydan.tv\\\/wp-content\\\/uploads\\\/pasport_nkkcins.jpg\",\"datePublished\":\"2024-01-12T10:31:04+00:00\",\"dateModified\":\"2024-01-12T12:27:59+00:00\",\"breadcrumb\":{\"@id\":\"https:\\\/\\\/www.meydan.tv\\\/az\\\/article\\\/dunyanin-en-guclu-ve-zeif-pasportlari\\\/#breadcrumb\"},\"inLanguage\":\"az\",\"potentialAction\":[{\"@type\":\"ReadAction\",\"target\":[\"https:\\\/\\\/www.meydan.tv\\\/az\\\/article\\\/dunyanin-en-guclu-ve-zeif-pasportlari\\\/\"]}]},{\"@type\":\"ImageObject\",\"inLanguage\":\"az\",\"@id\":\"https:\\\/\\\/www.meydan.tv\\\/az\\\/article\\\/dunyanin-en-guclu-ve-zeif-pasportlari\\\/#primaryimage\",\"url\":\"https:\\\/\\\/www.meydan.tv\\\/wp-content\\\/uploads\\\/pasport_nkkcins.jpg\",\"contentUrl\":\"https:\\\/\\\/www.meydan.tv\\\/wp-content\\\/uploads\\\/pasport_nkkcins.jpg\",\"width\":968,\"height\":545,\"caption\":\"Foto: arxiv\"},{\"@type\":\"BreadcrumbList\",\"@id\":\"https:\\\/\\\/www.meydan.tv\\\/az\\\/article\\\/dunyanin-en-guclu-ve-zeif-pasportlari\\\/#breadcrumb\",\"itemListElement\":[{\"@type\":\"ListItem\",\"position\":1,\"name\":\"Ana s\u0259hif\u0259\",\"item\":\"https:\\\/\\\/www.meydan.tv\\\/az\\\/\"},{\"@type\":\"ListItem\",\"position\":2,\"name\":\"Sosial\",\"item\":\"https:\\\/\\\/www.meydan.tv\\\/az\\\/section\\\/sosial\\\/\"},{\"@type\":\"ListItem\",\"position\":3,\"name\":\"D\u00fcnyan\u0131n \u0259n g\u00fccl\u00fc v\u0259 z\u0259if pasportlar\u0131\"}]},{\"@type\":\"WebSite\",\"@id\":\"https:\\\/\\\/www.meydan.tv\\\/az\\\/#website\",\"url\":\"https:\\\/\\\/www.meydan.tv\\\/az\\\/\",\"name\":\"MEYDAN.TV\",\"description\":\"Meydan TV Az\u0259rbaycan\u0131n media m\u0259kan\u0131ndak\u0131 alternativ s\u0259sidir\",\"publisher\":{\"@id\":\"https:\\\/\\\/www.meydan.tv\\\/az\\\/#organization\"},\"potentialAction\":[{\"@type\":\"SearchAction\",\"target\":{\"@type\":\"EntryPoint\",\"urlTemplate\":\"https:\\\/\\\/www.meydan.tv\\\/az\\\/?s={search_term_string}\"},\"query-input\":{\"@type\":\"PropertyValueSpecification\",\"valueRequired\":true,\"valueName\":\"search_term_string\"}}],\"inLanguage\":\"az\"},{\"@type\":\"Organization\",\"@id\":\"https:\\\/\\\/www.meydan.tv\\\/az\\\/#organization\",\"name\":\"Meydan TV\",\"url\":\"https:\\\/\\\/www.meydan.tv\\\/az\\\/\",\"logo\":{\"@type\":\"ImageObject\",\"inLanguage\":\"az\",\"@id\":\"https:\\\/\\\/www.meydan.tv\\\/az\\\/#\\\/schema\\\/logo\\\/image\\\/\",\"url\":\"https:\\\/\\\/www.meydan.tv\\\/wp-content\\\/uploads\\\/2021\\\/07\\\/meydan-logo.svg\",\"contentUrl\":\"https:\\\/\\\/www.meydan.tv\\\/wp-content\\\/uploads\\\/2021\\\/07\\\/meydan-logo.svg\",\"width\":195,\"height\":46,\"caption\":\"Meydan TV\"},\"image\":{\"@id\":\"https:\\\/\\\/www.meydan.tv\\\/az\\\/#\\\/schema\\\/logo\\\/image\\\/\"}},{\"@type\":\"Person\",\"@id\":\"https:\\\/\\\/www.meydan.tv\\\/az\\\/#\\\/schema\\\/person\\\/9cdbecf90d17180ce1dfbd95b08dcf47\",\"name\":\"elli\",\"sameAs\":[\"https:\\\/\\\/x.com\\\/elli\"]}]}<\/script>\n<!-- \/ Yoast SEO plugin. -->","yoast_head_json":{"title":"D\u00fcnyan\u0131n \u0259n g\u00fccl\u00fc v\u0259 z\u0259if pasportlar\u0131 - MEYDAN.TV","robots":{"index":"index","follow":"follow","max-snippet":"max-snippet:-1","max-image-preview":"max-image-preview:large","max-video-preview":"max-video-preview:-1"},"canonical":"https:\/\/www.meydan.tv\/az\/article\/dunyanin-en-guclu-ve-zeif-pasportlari\/","og_locale":"az_AZ","og_type":"article","og_title":"D\u00fcnyan\u0131n \u0259n g\u00fccl\u00fc v\u0259 z\u0259if pasportlar\u0131 - MEYDAN.TV","og_description":"Az\u0259rbaycan 104 \u00f6lk\u0259 aras\u0131nda 70-ci yerd\u0259 q\u0259rarla\u015f\u0131b \u201cHenley Passport Index\u201d-\u0259 ... Davam\u0131","og_url":"https:\/\/www.meydan.tv\/az\/article\/dunyanin-en-guclu-ve-zeif-pasportlari\/","og_site_name":"MEYDAN.TV","article_published_time":"2024-01-12T10:31:04+00:00","article_modified_time":"2024-01-12T12:27:59+00:00","og_image":[{"width":968,"height":545,"url":"https:\/\/www.meydan.tv\/wp-content\/uploads\/pasport_nkkcins.jpg","type":"image\/jpeg"}],"author":"elli","twitter_card":"summary_large_image","twitter_creator":"@elli","schema":{"@context":"https:\/\/schema.org","@graph":[{"@type":"Article","@id":"https:\/\/www.meydan.tv\/az\/article\/dunyanin-en-guclu-ve-zeif-pasportlari\/#article","isPartOf":{"@id":"https:\/\/www.meydan.tv\/az\/article\/dunyanin-en-guclu-ve-zeif-pasportlari\/"},"author":{"name":"elli","@id":"https:\/\/www.meydan.tv\/az\/#\/schema\/person\/9cdbecf90d17180ce1dfbd95b08dcf47"},"headline":"D\u00fcnyan\u0131n \u0259n g\u00fccl\u00fc v\u0259 z\u0259if pasportlar\u0131","datePublished":"2024-01-12T10:31:04+00:00","dateModified":"2024-01-12T12:27:59+00:00","mainEntityOfPage":{"@id":"https:\/\/www.meydan.tv\/az\/article\/dunyanin-en-guclu-ve-zeif-pasportlari\/"},"wordCount":605,"publisher":{"@id":"https:\/\/www.meydan.tv\/az\/#organization"},"image":{"@id":"https:\/\/www.meydan.tv\/az\/article\/dunyanin-en-guclu-ve-zeif-pasportlari\/#primaryimage"},"thumbnailUrl":"https:\/\/www.meydan.tv\/wp-content\/uploads\/pasport_nkkcins.jpg","articleSection":["Sosial","X\u0259b\u0259rl\u0259r"],"inLanguage":"az"},{"@type":"WebPage","@id":"https:\/\/www.meydan.tv\/az\/article\/dunyanin-en-guclu-ve-zeif-pasportlari\/","url":"https:\/\/www.meydan.tv\/az\/article\/dunyanin-en-guclu-ve-zeif-pasportlari\/","name":"D\u00fcnyan\u0131n \u0259n g\u00fccl\u00fc v\u0259 z\u0259if pasportlar\u0131 - MEYDAN.TV","isPartOf":{"@id":"https:\/\/www.meydan.tv\/az\/#website"},"primaryImageOfPage":{"@id":"https:\/\/www.meydan.tv\/az\/article\/dunyanin-en-guclu-ve-zeif-pasportlari\/#primaryimage"},"image":{"@id":"https:\/\/www.meydan.tv\/az\/article\/dunyanin-en-guclu-ve-zeif-pasportlari\/#primaryimage"},"thumbnailUrl":"https:\/\/www.meydan.tv\/wp-content\/uploads\/pasport_nkkcins.jpg","datePublished":"2024-01-12T10:31:04+00:00","dateModified":"2024-01-12T12:27:59+00:00","breadcrumb":{"@id":"https:\/\/www.meydan.tv\/az\/article\/dunyanin-en-guclu-ve-zeif-pasportlari\/#breadcrumb"},"inLanguage":"az","potentialAction":[{"@type":"ReadAction","target":["https:\/\/www.meydan.tv\/az\/article\/dunyanin-en-guclu-ve-zeif-pasportlari\/"]}]},{"@type":"ImageObject","inLanguage":"az","@id":"https:\/\/www.meydan.tv\/az\/article\/dunyanin-en-guclu-ve-zeif-pasportlari\/#primaryimage","url":"https:\/\/www.meydan.tv\/wp-content\/uploads\/pasport_nkkcins.jpg","contentUrl":"https:\/\/www.meydan.tv\/wp-content\/uploads\/pasport_nkkcins.jpg","width":968,"height":545,"caption":"Foto: arxiv"},{"@type":"BreadcrumbList","@id":"https:\/\/www.meydan.tv\/az\/article\/dunyanin-en-guclu-ve-zeif-pasportlari\/#breadcrumb","itemListElement":[{"@type":"ListItem","position":1,"name":"Ana s\u0259hif\u0259","item":"https:\/\/www.meydan.tv\/az\/"},{"@type":"ListItem","position":2,"name":"Sosial","item":"https:\/\/www.meydan.tv\/az\/section\/sosial\/"},{"@type":"ListItem","position":3,"name":"D\u00fcnyan\u0131n \u0259n g\u00fccl\u00fc v\u0259 z\u0259if pasportlar\u0131"}]},{"@type":"WebSite","@id":"https:\/\/www.meydan.tv\/az\/#website","url":"https:\/\/www.meydan.tv\/az\/","name":"MEYDAN.TV","description":"Meydan TV Az\u0259rbaycan\u0131n media m\u0259kan\u0131ndak\u0131 alternativ s\u0259sidir","publisher":{"@id":"https:\/\/www.meydan.tv\/az\/#organization"},"potentialAction":[{"@type":"SearchAction","target":{"@type":"EntryPoint","urlTemplate":"https:\/\/www.meydan.tv\/az\/?s={search_term_string}"},"query-input":{"@type":"PropertyValueSpecification","valueRequired":true,"valueName":"search_term_string"}}],"inLanguage":"az"},{"@type":"Organization","@id":"https:\/\/www.meydan.tv\/az\/#organization","name":"Meydan TV","url":"https:\/\/www.meydan.tv\/az\/","logo":{"@type":"ImageObject","inLanguage":"az","@id":"https:\/\/www.meydan.tv\/az\/#\/schema\/logo\/image\/","url":"https:\/\/www.meydan.tv\/wp-content\/uploads\/2021\/07\/meydan-logo.svg","contentUrl":"https:\/\/www.meydan.tv\/wp-content\/uploads\/2021\/07\/meydan-logo.svg","width":195,"height":46,"caption":"Meydan TV"},"image":{"@id":"https:\/\/www.meydan.tv\/az\/#\/schema\/logo\/image\/"}},{"@type":"Person","@id":"https:\/\/www.meydan.tv\/az\/#\/schema\/person\/9cdbecf90d17180ce1dfbd95b08dcf47","name":"elli","sameAs":["https:\/\/x.com\/elli"]}]}},"_links":{"self":[{"href":"https:\/\/www.meydan.tv\/az\/wp-json\/wp\/v2\/posts\/295163","targetHints":{"allow":["GET"]}}],"collection":[{"href":"https:\/\/www.meydan.tv\/az\/wp-json\/wp\/v2\/posts"}],"about":[{"href":"https:\/\/www.meydan.tv\/az\/wp-json\/wp\/v2\/types\/post"}],"author":[{"embeddable":true,"href":"https:\/\/www.meydan.tv\/az\/wp-json\/wp\/v2\/users\/8"}],"replies":[{"embeddable":true,"href":"https:\/\/www.meydan.tv\/az\/wp-json\/wp\/v2\/comments?post=295163"}],"version-history":[{"count":3,"href":"https:\/\/www.meydan.tv\/az\/wp-json\/wp\/v2\/posts\/295163\/revisions"}],"predecessor-version":[{"id":295172,"href":"https:\/\/www.meydan.tv\/az\/wp-json\/wp\/v2\/posts\/295163\/revisions\/295172"}],"wp:featuredmedia":[{"embeddable":true,"href":"https:\/\/www.meydan.tv\/az\/wp-json\/wp\/v2\/media\/133101"}],"wp:attachment":[{"href":"https:\/\/www.meydan.tv\/az\/wp-json\/wp\/v2\/media?parent=295163"}],"wp:term":[{"taxonomy":"category","embeddable":true,"href":"https:\/\/www.meydan.tv\/az\/wp-json\/wp\/v2\/categories?post=295163"},{"taxonomy":"post_tag","embeddable":true,"href":"https:\/\/www.meydan.tv\/az\/wp-json\/wp\/v2\/tags?post=295163"}],"curies":[{"name":"wp","href":"https:\/\/api.w.org\/{rel}","templated":true}]}}