{"id":295155,"date":"2024-01-12T14:27:26","date_gmt":"2024-01-12T10:27:26","guid":{"rendered":"https:\/\/www.meydan.tv\/?p=295155"},"modified":"2024-01-12T16:23:28","modified_gmt":"2024-01-12T12:23:28","slug":"valideyn-xestexana-sariliq-ve-qizilcaya-yoluxan-usaqlarla-doludur-baxan-yoxdur","status":"publish","type":"post","link":"https:\/\/www.meydan.tv\/az\/article\/valideyn-xestexana-sariliq-ve-qizilcaya-yoluxan-usaqlarla-doludur-baxan-yoxdur\/","title":{"rendered":"Valideyn: \u201cX\u0259st\u0259xana sar\u0131l\u0131q v\u0259 q\u0131z\u0131lcaya yoluxan u\u015faqlarla doludur, baxan yoxdur\u201d"},"content":{"rendered":"\n<p><\/p>\n\n\n\n<p><strong><em>O, \u015f\u00f6b\u0259 m\u00fcdirinin onu Prezident Adminstrasiyas\u0131nda \u00e7al\u0131\u015fan \u0259ri il\u0259 h\u0259d\u0259l\u0259diyini deyir<\/em><\/strong><\/p>\n\n\n\n<p>Bak\u0131 \u015f\u0259h\u0259r, \u018fmircan q\u0259s\u0259b\u0259 sakini Esmira K\u0259rimova \u018f. Qarayev ad\u0131na 2 sayl\u0131 Kliniki U\u015faq X\u0259st\u0259xanas\u0131ndan \u015fikay\u0259t\u00e7idir.<\/p>\n\n\n\n<p>Onun s\u00f6zl\u0259rin\u0259 g\u00f6r\u0259, yanvar\u0131n 8-d\u0259n etibar\u0259n 4 u\u015fa\u011f\u0131ndan 3-\u00fc sar\u0131l\u0131q diaqnozu il\u0259 h\u0259min x\u0259st\u0259xanan\u0131n infeksion x\u0259st\u0259likl\u0259r \u015f\u00f6b\u0259sin\u0259 yerl\u0259\u015fdirilib.<\/p>\n\n\n\n<p>Valideyn x\u0259st\u0259xanada x\u0259st\u0259l\u0259rin analiz n\u00fcmun\u0259 yoxlan\u0131\u015f\u0131n\u0131n gecikdirilm\u0259sind\u0259n, otaqlar v\u0259 ayaqyolunda nat\u0259miz \u015f\u0259raitd\u0259n, normal qidalanmama v\u0259 i\u00e7m\u0259li su yoxlu\u011fundan \u015fikay\u0259t\u00e7idir.<\/p>\n\n\n\n<p>Deyir ki, Suraxan\u0131 rayonunda yerl\u0259\u015f\u0259n 154 v\u0259 87 n\u00f6mr\u0259li tam orta m\u0259kt\u0259bin bir \u00e7ox \u015fagirdi eyni diaqnozla ad\u0131\u00e7\u0259kil\u0259n x\u0259st\u0259xanaya yerl\u0259\u015fdirilib.<\/p>\n\n\n\n<p>Onun da \u00f6vladlar\u0131 154 n\u00f6mr\u0259li tam orta m\u0259kt\u0259bin \u015fagirdl\u0259ridir.<\/p>\n\n\n\n<p>X\u0259st\u0259xanadan \u00e7\u0259kil\u0259n \u015f\u0259kild\u0259n d\u0259 g\u00f6r\u00fcn\u00fcr ki, bir \u00e7arpay\u0131da iki x\u0259st\u0259 u\u015fa\u011fa sistem k\u00f6\u00e7\u00fcr\u00fcl\u00fcr, birg\u0259 saxlan\u0131l\u0131r.<\/p>\n\n\n<div class=\"wp-block-image\">\n<figure class=\"aligncenter size-large\"><img decoding=\"async\" width=\"1200\" height=\"675\" data-src=\"https:\/\/www.meydan.tv\/wp-content\/uploads\/unitaz-1200x675.jpg\" alt=\"\" class=\"wp-image-295145 lazyload\" src=\"data:image\/svg+xml;base64,PHN2ZyB3aWR0aD0iMSIgaGVpZ2h0PSIxIiB4bWxucz0iaHR0cDovL3d3dy53My5vcmcvMjAwMC9zdmciPjwvc3ZnPg==\" style=\"--smush-placeholder-width: 1200px; --smush-placeholder-aspect-ratio: 1200\/675;\" \/><\/figure>\n<\/div>\n\n\n<p>\u201c<em>Bura ay\u0131n 8-d\u0259 6-c\u0131 sinifd\u0259 oxuyan&nbsp; ki\u00e7ik o\u011flum Malikl\u0259 g\u0259ldim. He\u00e7 dig\u0259r u\u015faqlar\u0131m\u0131 yoxlamad\u0131lar. \u00d6z\u00fcm\u00fcz u\u015faqlar\u0131 yoxladan kimi 11-ci sinifd\u0259 oxuyan q\u0131z\u0131m Fatim\u0259 v\u0259 9-cu sinifd\u0259 oxuyan \u018flid\u0259 d\u0259 sar\u0131l\u0131q&nbsp; a\u015fkarland\u0131. Ora ged\u0259nd\u0259n sonra \u018flinin v\u0259 onlar\u0131n t\u0259hsil ald\u0131\u011f\u0131 m\u0259kt\u0259b yolda\u015flar\u0131n\u0131 g\u00f6rd\u00fck, sanki b\u00fct\u00fcn Suraxan\u0131 burdad\u0131r\u201d, <\/em>&#8211; dey\u0259 valideyn qeyd edib.<\/p>\n\n\n\n<p><strong>\u201cT\u0259mizlik yox, qay\u011f\u0131 yox, m\u0259suliyy\u0259tsizlik h\u00f6km s\u00fcr\u00fcr\u201d<\/strong><\/p>\n\n\n\n<p>Onun s\u00f6zl\u0259rin\u0259 g\u00f6r\u0259, x\u0259st\u0259xanada v\u0259ziyy\u0259t ac\u0131nacaql\u0131d\u0131r:<\/p>\n\n\n\n<p>\u201c<em>X\u0259st\u0259xana sar\u0131l\u0131q, q\u0131z\u0131lca infeksiyas\u0131na yoluxan u\u015faqlarla doludur. Bu x\u0259st\u0259lik h\u0259l\u0259 bir rayonda bel\u0259 art\u0131b. Niy\u0259 bunun qar\u015f\u0131s\u0131 al\u0131nm\u0131r? D\u00fcn\u0259n x\u0259st\u0259xanadan \u00e7\u0131xd\u0131m, \u00e7\u00fcnki evd\u0259 5 ya\u015fl\u0131 k\u00f6rp\u0259m q\u0131zd\u0131rma i\u00e7ind\u0259dir. Analizini vermi\u015fik, bilmirik onda da sar\u0131l\u0131qd\u0131r, yoxsa q\u0131z\u0131lcad\u0131r. \u0130nfeksiyan\u0131 x\u0259st\u0259xanadan ev\u0259 m\u0259n g\u0259tirmi\u015f\u0259m, \u00e7ox g\u00fcman. Orada u\u015faqlara \u00f6z\u00fcm baxm\u0131\u015fam. U\u015faqlar q\u0131zd\u0131rma i\u00e7ind\u0259, hals\u0131z v\u0259ziyy\u0259td\u0259dirl\u0259r, baxan yoxdur. B\u00fct\u00fcn otaqlarda v\u0259ziyy\u0259t eynidir, \u015f\u0259raitsizlik, u\u015faqlara bax\u0131m yox, t\u0259mizlik yox, qay\u011f\u0131 yox, m\u0259suliyy\u0259tsizlik h\u00f6km s\u00fcr\u00fcr\u201d.<\/em><\/p>\n\n\n<div class=\"wp-block-image\">\n<figure class=\"aligncenter size-large\"><img decoding=\"async\" width=\"1200\" height=\"675\" data-src=\"https:\/\/www.meydan.tv\/wp-content\/uploads\/vena-1-1200x675.jpg\" alt=\"\" class=\"wp-image-295149 lazyload\" src=\"data:image\/svg+xml;base64,PHN2ZyB3aWR0aD0iMSIgaGVpZ2h0PSIxIiB4bWxucz0iaHR0cDovL3d3dy53My5vcmcvMjAwMC9zdmciPjwvc3ZnPg==\" style=\"--smush-placeholder-width: 1200px; --smush-placeholder-aspect-ratio: 1200\/675;\" \/><\/figure>\n<\/div>\n\n\n<p><em>\u201c3-4 m\u0259rt\u0259b\u0259li x\u0259st\u0259xanan\u0131n ayaqyolusu b\u0259rbad v\u0259ziyy\u0259td\u0259dir. Sabun yoxdur, bir t\u0259k spirt var, o da yaram\u0131r. O g\u00fcn bir valideyn s\u0259ri\u015ft\u0259sizliy\u0259 g\u00f6r\u0259 u\u015fa\u011f\u0131n\u0131 buradan m\u0259cburi \u00e7\u0131xard\u0131. U\u015faqlardan qan analizi g\u00f6t\u00fcr\u00fcrl\u0259r, laboratoriyaya gec \u00e7atd\u0131r\u0131rlar dey\u0259 qan laxtalan\u0131r. Analizin cavablar\u0131 gecikir, \u00fcst\u0259lik, h\u0259r valideynd\u0259n d\u0259 be\u015f manat taksi pulu al\u0131rlar ki, qan\u0131 analiz\u0259 g\u00f6nd\u0259ririk. Taksi d\u0259 olsun lap 10 manat. Hara, G\u0259nc\u0259y\u0259 yola sal\u0131rlar? X\u0259st\u0259xanan\u0131n \u00f6z\u00fcnd\u0259 v\u0259 \u0259trafdak\u0131 iri x\u0259st\u0259xanalarda niy\u0259 laboratoriya yoxdur? Q\u0131z\u0131m\u0131n \u0259linin&nbsp; \u00fcst\u00fcn\u00fc de\u015fik-de\u015fik edib qan g\u00f6t\u00fcr\u00fcbl\u0259r, s\u0259h\u0259risi deyirl\u0259r ki, o qan yarars\u0131zd\u0131r. G\u00f6r, qan\u0131 n\u0259 q\u0259d\u0259r saxlay\u0131rlar ki, laboratoriyaya \u00e7atanda laxtalan\u0131r\u201d, <\/em>&#8211; \u015fikay\u0259t\u00e7i bel\u0259 deyir.<\/p>\n\n\n\n<p>\u015eikay\u0259t\u00e7i x\u0259st\u0259xanda \u00fczl\u0259\u015fdiyi v\u0259ziyy\u0259td\u0259n sars\u0131nt\u0131 ke\u00e7irdiyini deyir:<\/p>\n\n\n\n<p>\u201c<em>Pensilin qab\u0131nda 14 ya\u015fl\u0131 o\u011flumdan analiz g\u00f6t\u00fcr\u00fcbl\u0259r. Saat birin yar\u0131s\u0131 g\u0259lmi\u015f\u0259m, h\u0259l\u0259 analiz stolun \u00fcst\u00fcnd\u0259dir. \u015eokdayam. Tibb bac\u0131s\u0131n\u0131 \u00e7a\u011f\u0131r\u0131ram ki, analiz stolun \u00fcst\u00fcnd\u0259 n\u0259 g\u0259zir, niy\u0259 gecikib? Tezd\u0259n al\u0131nan bu analizi g\u00fcnorta hara g\u00f6nd\u0259r\u0259c\u0259ksiniz, effekti n\u0259 olacaq? M\u0259n bunlar\u0131n yoxlan\u0131\u015f v\u0259 analizin\u0259 d\u0259 inanm\u0131ram. U\u015fa\u011f\u0131mdan ba\u015fqa \u015f\u00f6b\u0259d\u0259 qan g\u00f6t\u00fcr\u00fcbl\u0259r. Deyir\u0259m ki, bunu t\u0259krar niy\u0259 etmisiniz? Deyirl\u0259r ki, bilmirik. Kim bilsin b\u0259s? Bu q\u0259d\u0259r \u00f6zba\u015f\u0131nal\u0131q olar?&#8221;.<\/em><\/p>\n\n\n\n<p><strong><em>&#8220;<\/em>El\u0259 bir qabda yem\u0259k qoyublar ki, itimin qab\u0131 ondan t\u0259mizdir&#8221;<\/strong><\/p>\n\n\n\n<p>Esmira K\u0259rimova onu da \u0259lav\u0259 edir ki, x\u00fcsusi p\u0259hriz \u015f\u0259raitind\u0259 saxlan\u0131lan u\u015faqlara nat\u0259miz qablarda x\u0259st\u0259xana yem\u0259yi verilir.<\/p>\n\n\n\n<p>O h\u0259m\u00e7inin deyir ki, n\u0259zar\u0259t v\u0259 xidm\u0259t b\u0259rbadd\u0131r, amma h\u0259r k\u0259sd\u0259n r\u00fc\u015fv\u0259t ist\u0259nilir.<\/p>\n\n\n<div class=\"wp-block-image\">\n<figure class=\"aligncenter size-large\"><img decoding=\"async\" width=\"1200\" height=\"675\" data-src=\"https:\/\/www.meydan.tv\/wp-content\/uploads\/1-40-1200x675.jpg\" alt=\"\" class=\"wp-image-295156 lazyload\" src=\"data:image\/svg+xml;base64,PHN2ZyB3aWR0aD0iMSIgaGVpZ2h0PSIxIiB4bWxucz0iaHR0cDovL3d3dy53My5vcmcvMjAwMC9zdmciPjwvc3ZnPg==\" style=\"--smush-placeholder-width: 1200px; --smush-placeholder-aspect-ratio: 1200\/675;\" \/><\/figure>\n<\/div>\n\n\n<p><em>&#8220;D\u00fcn\u0259n bir fakta \u00e7ox pis olmu\u015fam. U\u015faqlar sar\u0131l\u0131q x\u0259st\u0259liyind\u0259n \u0259ziyy\u0259t \u00e7\u0259kir, yat\u0131rlar. Onlar p\u0259hriz x\u0259st\u0259l\u0259ridir. H\u0259kiml\u0259r, tibb bac\u0131lar\u0131 yax\u015f\u0131 masa qurub yeyib-i\u00e7irl\u0259r. Tort, yem\u0259k-i\u00e7m\u0259k qal\u0131\u011f\u0131 da masada qal\u0131b. M\u0259nim u\u015faqlar\u0131m yen\u0259 b\u00f6y\u00fckd\u00fcr, deyir\u0259m yat\u0131n, baxmay\u0131n. B\u0259s orada k\u00f6rp\u0259l\u0259r var ax\u0131. Onlar g\u00f6r\u00fcr, n\u0259fsi ke\u00e7ir, ist\u0259yir. Bo\u015fqablar el\u0259 ortal\u0131qda qal\u0131b. Bu g\u00fcn yen\u0259 x\u0259st\u0259xanaya getdim. U\u015faqlara guya qaraba\u015faq veribl\u0259r. El\u0259 bir qabda yem\u0259k qoyublar ki, itimin qab\u0131 ondan t\u0259mizdir. \u00d6z\u00fcm orada olmal\u0131yam ki, n\u0259zar\u0259t edim. Deyir\u0259m baxm\u0131rs\u0131n\u0131z, qoyun k\u00f6rp\u0259 \u00f6vlad\u0131m\u0131 da bura g\u0259tirim, \u00f6z\u00fcm bax\u0131m u\u015faqlara. Deyirl\u0259r, siz\u0259 burda qalmaq olmaz, \u00e7\u00fcnki 3 ya\u015fdan sonra u\u015faqlar t\u0259k qalmal\u0131d\u0131r. Kim\u0259 g\u00fcv\u0259nib k\u00f6rp\u0259 u\u015fa\u011f\u0131m\u0131 qoyum orada? U\u015faqlardan soru\u015furam ki, m\u0259n ged\u0259nd\u0259n sonra yoxlan\u0131\u015f, bax\u0131\u015f oldu siz\u0259? Deyirl\u0259r ki, yox&#8221;.<\/em><\/p>\n\n\n\n<p><strong><em>&#8220;<\/em>Qo\u015fulan sistem\u0259 n\u0259zar\u0259t yox idi dey\u0259 \u00f6z\u00fcm s\u00f6nd\u00fcrd\u00fcm&#8221;<\/strong><\/p>\n\n\n\n<p>V\u0259t\u0259nda\u015f deyir ki, 2010-cu ild\u0259 \u0259sasl\u0131 t\u0259mir olunan, m\u00fcasir\u00a0 avadanl\u0131qlarla t\u0259chiz olunan v\u0259\u00a0 Prezidentin d\u0259 ba\u015f \u00e7\u0259kdiyi bu x\u0259st\u0259xanada 200 \u00e7arpay\u0131l\u0131q yataq olsa da, iki u\u015faq eyni yataqda yat\u0131r. \u00dcst\u0259lik, i\u00e7m\u0259li su olmad\u0131\u011f\u0131ndan x\u0259st\u0259 yax\u0131nlar\u0131 suyu \u00f6zl\u0259ri almaq m\u0259cburiyy\u0259tind\u0259dir.<\/p>\n\n\n<div class=\"wp-block-image\">\n<figure class=\"aligncenter size-large\"><img decoding=\"async\" width=\"1200\" height=\"798\" data-src=\"https:\/\/www.meydan.tv\/wp-content\/uploads\/6bfprwjwy7_3386-1200x798.jpg\" alt=\"\" class=\"wp-image-295159 lazyload\" src=\"data:image\/svg+xml;base64,PHN2ZyB3aWR0aD0iMSIgaGVpZ2h0PSIxIiB4bWxucz0iaHR0cDovL3d3dy53My5vcmcvMjAwMC9zdmciPjwvc3ZnPg==\" style=\"--smush-placeholder-width: 1200px; --smush-placeholder-aspect-ratio: 1200\/798;\" \/><figcaption class=\"wp-element-caption\">Foto: president.az<\/figcaption><\/figure>\n<\/div>\n\n\n<p>Bir aparatda m\u00fcxt\u0259lif x\u0259st\u0259liyi olan u\u015faqlar yoxlan\u0131l\u0131r, adlar\u0131na is\u0259 b\u00fclleten a\u00e7\u0131lm\u0131r.<\/p>\n\n\n\n<p>Edil\u0259n \u00e7oxsayl\u0131 \u015fikay\u0259tl\u0259r\u0259 is\u0259 \u015f\u00f6b\u0259 m\u00fcdiri v\u0259zif\u0259d\u0259 olan \u0259ri il\u0259 h\u0259d\u0259-qorxu g\u0259lir:<\/p>\n\n\n\n<p>&#8220;<em>U\u015faq g\u00f6z\u00fcn\u00fcn a\u011f\u0131na, b\u0259b\u0259yin\u0259 kimi sar\u0131d\u0131r. H\u0259kim deyir ki, g\u00f6rm\u00fcr\u0259m. Bu boyda x\u0259st\u0259xanada bir UZ\u0130 aparat\u0131 var. Ham\u0131n\u0131 ora sal\u0131rlar. Bu, x\u0259st\u0259lik art\u0131m\u0131 dem\u0259kdir. T\u0259cili tibbi yard\u0131m baxan kimi dedi ki, sar\u0131l\u0131qd\u0131r. Bunlar deyir ki, h\u0259l\u0259 bilmirik, g\u00f6rm\u00fcr\u00fck . Dava etdiyim, \u015fikay\u0259t\u00e7i oldu\u011fum \u0259sas \u015f\u00f6b\u0259 m\u00fcdiridir. \u018fri il\u0259 h\u0259d\u0259l\u0259yir bizi. Deyir ki, bilirsiniz m\u0259nim \u0259rim harda \u00e7al\u0131\u015f\u0131r, Prezident Adminstrasiyas\u0131nda. Deyir\u0259m ki, u\u015faqlar sapsar\u0131\u00a0 kimi saralmal\u0131d\u0131r ki, inanas\u0131n\u0131z? D\u00f6rd u\u015faq anas\u0131yam, i\u015fl\u0259yir\u0259m, u\u015faqlar\u0131m x\u0259st\u0259dir, ist\u0259yir\u0259m ki, b\u00fclleten a\u00e7d\u0131r\u0131b burda qal\u0131m, u\u015faqlar\u0131ma \u00f6z\u00fcm bax\u0131m. Deyir ki, m\u00fcmk\u00fcn deyil, \u00fc\u00e7 ya\u015fa q\u0259d\u0259r u\u015faqlar\u0131n anas\u0131na b\u00fclleten d\u00fc\u015f\u00fcr. M\u0259n d\u00f6rd u\u015fa\u011f\u0131 bunlara nec\u0259 etibar edim? Bir g\u00fcn \u00e7\u0131xm\u0131\u015fam oradan, d\u0259li olmu\u015fam. M\u0259n nec\u0259 rahat \u00e7\u0131x\u0131m i\u015f\u0259? X\u0259st\u0259xanada normal yem\u0259k yox, su yox. \u0130\u00e7m\u0259li su ciddi problemdir. 10 litr suyu atam al\u0131b g\u0259tirib. H\u0259yat yolda\u015f\u0131m su, meyv\u0259, yem\u0259k al\u0131b apar\u0131b. El\u0259 yem\u0259k verirl\u0259r, adam he\u00e7 \u00fcz\u00fcn\u0259 baxmaq ist\u0259mir. Eyni qabda m\u00fcxt\u0259lif u\u015faqlara yem\u0259k verilir. Ayaqyollar\u0131nda infeksiya, antisanitariya h\u00f6km s\u00fcr\u00fcr\u201d.<\/em><\/p>\n\n\n<div class=\"wp-block-image\">\n<figure class=\"aligncenter size-large\"><img decoding=\"async\" width=\"1200\" height=\"675\" data-src=\"https:\/\/www.meydan.tv\/wp-content\/uploads\/univalnik-1200x675.jpg\" alt=\"\" class=\"wp-image-295142 lazyload\" src=\"data:image\/svg+xml;base64,PHN2ZyB3aWR0aD0iMSIgaGVpZ2h0PSIxIiB4bWxucz0iaHR0cDovL3d3dy53My5vcmcvMjAwMC9zdmciPjwvc3ZnPg==\" style=\"--smush-placeholder-width: 1200px; --smush-placeholder-aspect-ratio: 1200\/675;\" \/><\/figure>\n<\/div>\n\n\n<p><em>\u201cX\u0259st\u0259xanada \u015ftativ yoxdur, t\u0259hl\u00fck\u0259sizliyi yoxdur. U\u015faqlara tibb bac\u0131s\u0131 baxmal\u0131 oldu\u011fu halda, \u00f6z\u00fcm yedizdirdim, su verdim, h\u0259tta qo\u015fulan sistem\u0259 n\u0259zar\u0259t yox idi dey\u0259 \u00f6z\u00fcm s\u00f6nd\u00fcrd\u00fcm. G\u00f6rd\u00fcm ki, bitir, hava gedir u\u015fa\u011f\u0131n b\u0259d\u0259nin\u0259 tez s\u00f6nd\u00fcrd\u00fcm. Ax\u015fam baxmay\u0131b s\u0259h\u0259ri g\u0259lib ki, u\u015fa\u011f\u0131na baxm\u0131\u015fam 5 manat ver. Deyir\u0259m ki, hans\u0131 u\u015fa\u011fa baxm\u0131san? M\u0259n tibb bac\u0131s\u0131 g\u00f6rm\u0259dim ax\u0131. Anas\u0131 bax\u0131b onlara. \u00c7ox haqs\u0131zl\u0131q var. Bel\u0259 b\u0259rbad x\u0259st\u0259xana g\u00f6rm\u0259mi\u015fdim\u201d, &#8211;<\/em> o qeyd edib<\/p>\n\n\n\n<p>S\u0259hiyy\u0259 Nazirliyi ad\u0131\u00e7\u0259kil\u0259n x\u0259st\u0259xan\u0131n T\u018fB\u0130B-in tabeliyind\u0259 oldu\u011funu deyir.<\/p>\n\n\n\n<p>T\u018fB\u0130B-d\u0259n is\u0259 Meydan TV-y\u0259 bildirilib ki, sor\u011fu&nbsp; ara\u015fd\u0131r\u0131landan sonra cavab veril\u0259c\u0259k.<\/p>\n","protected":false},"excerpt":{"rendered":"<p>O, \u015f\u00f6b\u0259 m\u00fcdirinin onu Prezident Adminstrasiyas\u0131nda \u00e7al\u0131\u015fan \u0259ri il\u0259 h\u0259d\u0259l\u0259diyini &#8230; <\/p>\n<p class=\"read-more-container\"><a title=\"Valideyn: \u201cX\u0259st\u0259xana sar\u0131l\u0131q v\u0259 q\u0131z\u0131lcaya yoluxan u\u015faqlarla doludur, baxan yoxdur\u201d\" class=\"read-more button\" href=\"https:\/\/www.meydan.tv\/az\/article\/valideyn-xestexana-sariliq-ve-qizilcaya-yoluxan-usaqlarla-doludur-baxan-yoxdur\/#more-295155\" aria-label=\"Read more about Valideyn: \u201cX\u0259st\u0259xana sar\u0131l\u0131q v\u0259 q\u0131z\u0131lcaya yoluxan u\u015faqlarla doludur, baxan yoxdur\u201d\">Davam\u0131<\/a><\/p>\n","protected":false},"author":8,"featured_media":295139,"comment_status":"closed","ping_status":"closed","sticky":false,"template":"","format":"standard","meta":{"_acf_changed":false,"_sitemap_exclude":false,"_sitemap_priority":"","_sitemap_frequency":"","footnotes":""},"categories":[54,79,56],"tags":[],"class_list":["post-295155","post","type-post","status-publish","format-standard","has-post-thumbnail","hentry","category-sagliq","category-featured","category-xeberler","infinite-scroll-item","generate-columns","tablet-grid-50","mobile-grid-100","grid-parent","grid-33","no-featured-image-padding"],"acf":[],"yoast_head":"<!-- This site is optimized with the Yoast SEO plugin v27.4 - https:\/\/yoast.com\/product\/yoast-seo-wordpress\/ -->\n<title>Valideyn: \u201cX\u0259st\u0259xana sar\u0131l\u0131q v\u0259 q\u0131z\u0131lcaya yoluxan u\u015faqlarla doludur, baxan yoxdur\u201d - MEYDAN.TV<\/title>\n<meta name=\"robots\" content=\"index, follow, max-snippet:-1, max-image-preview:large, max-video-preview:-1\" \/>\n<link rel=\"canonical\" href=\"https:\/\/www.meydan.tv\/az\/article\/valideyn-xestexana-sariliq-ve-qizilcaya-yoluxan-usaqlarla-doludur-baxan-yoxdur\/\" \/>\n<meta property=\"og:locale\" content=\"az_AZ\" \/>\n<meta property=\"og:type\" content=\"article\" \/>\n<meta property=\"og:title\" content=\"Valideyn: \u201cX\u0259st\u0259xana sar\u0131l\u0131q v\u0259 q\u0131z\u0131lcaya yoluxan u\u015faqlarla doludur, baxan yoxdur\u201d - MEYDAN.TV\" \/>\n<meta property=\"og:description\" content=\"O, \u015f\u00f6b\u0259 m\u00fcdirinin onu Prezident Adminstrasiyas\u0131nda \u00e7al\u0131\u015fan \u0259ri il\u0259 h\u0259d\u0259l\u0259diyini ... Davam\u0131\" \/>\n<meta property=\"og:url\" content=\"https:\/\/www.meydan.tv\/az\/article\/valideyn-xestexana-sariliq-ve-qizilcaya-yoluxan-usaqlarla-doludur-baxan-yoxdur\/\" \/>\n<meta property=\"og:site_name\" content=\"MEYDAN.TV\" \/>\n<meta property=\"article:published_time\" content=\"2024-01-12T10:27:26+00:00\" \/>\n<meta property=\"article:modified_time\" content=\"2024-01-12T12:23:28+00:00\" \/>\n<meta property=\"og:image\" content=\"https:\/\/www.meydan.tv\/wp-content\/uploads\/photo-2024-01-12-12-46-04.jpg\" \/>\n\t<meta property=\"og:image:width\" content=\"1200\" \/>\n\t<meta property=\"og:image:height\" content=\"903\" \/>\n\t<meta property=\"og:image:type\" content=\"image\/jpeg\" \/>\n<meta name=\"author\" content=\"elli\" \/>\n<meta name=\"twitter:card\" content=\"summary_large_image\" \/>\n<meta name=\"twitter:creator\" content=\"@elli\" \/>\n<script type=\"application\/ld+json\" class=\"yoast-schema-graph\">{\"@context\":\"https:\\\/\\\/schema.org\",\"@graph\":[{\"@type\":\"Article\",\"@id\":\"https:\\\/\\\/www.meydan.tv\\\/az\\\/article\\\/valideyn-xestexana-sariliq-ve-qizilcaya-yoluxan-usaqlarla-doludur-baxan-yoxdur\\\/#article\",\"isPartOf\":{\"@id\":\"https:\\\/\\\/www.meydan.tv\\\/az\\\/article\\\/valideyn-xestexana-sariliq-ve-qizilcaya-yoluxan-usaqlarla-doludur-baxan-yoxdur\\\/\"},\"author\":{\"name\":\"elli\",\"@id\":\"https:\\\/\\\/www.meydan.tv\\\/az\\\/#\\\/schema\\\/person\\\/9cdbecf90d17180ce1dfbd95b08dcf47\"},\"headline\":\"Valideyn: \u201cX\u0259st\u0259xana sar\u0131l\u0131q v\u0259 q\u0131z\u0131lcaya yoluxan u\u015faqlarla doludur, baxan yoxdur\u201d\",\"datePublished\":\"2024-01-12T10:27:26+00:00\",\"dateModified\":\"2024-01-12T12:23:28+00:00\",\"mainEntityOfPage\":{\"@id\":\"https:\\\/\\\/www.meydan.tv\\\/az\\\/article\\\/valideyn-xestexana-sariliq-ve-qizilcaya-yoluxan-usaqlarla-doludur-baxan-yoxdur\\\/\"},\"wordCount\":1531,\"publisher\":{\"@id\":\"https:\\\/\\\/www.meydan.tv\\\/az\\\/#organization\"},\"image\":{\"@id\":\"https:\\\/\\\/www.meydan.tv\\\/az\\\/article\\\/valideyn-xestexana-sariliq-ve-qizilcaya-yoluxan-usaqlarla-doludur-baxan-yoxdur\\\/#primaryimage\"},\"thumbnailUrl\":\"https:\\\/\\\/www.meydan.tv\\\/wp-content\\\/uploads\\\/photo-2024-01-12-12-46-04.jpg\",\"articleSection\":[\"Sa\u011fl\u0131q\",\"T\u00f6vsiy\u0259\",\"X\u0259b\u0259rl\u0259r\"],\"inLanguage\":\"az\"},{\"@type\":\"WebPage\",\"@id\":\"https:\\\/\\\/www.meydan.tv\\\/az\\\/article\\\/valideyn-xestexana-sariliq-ve-qizilcaya-yoluxan-usaqlarla-doludur-baxan-yoxdur\\\/\",\"url\":\"https:\\\/\\\/www.meydan.tv\\\/az\\\/article\\\/valideyn-xestexana-sariliq-ve-qizilcaya-yoluxan-usaqlarla-doludur-baxan-yoxdur\\\/\",\"name\":\"Valideyn: \u201cX\u0259st\u0259xana sar\u0131l\u0131q v\u0259 q\u0131z\u0131lcaya yoluxan u\u015faqlarla doludur, baxan yoxdur\u201d - MEYDAN.TV\",\"isPartOf\":{\"@id\":\"https:\\\/\\\/www.meydan.tv\\\/az\\\/#website\"},\"primaryImageOfPage\":{\"@id\":\"https:\\\/\\\/www.meydan.tv\\\/az\\\/article\\\/valideyn-xestexana-sariliq-ve-qizilcaya-yoluxan-usaqlarla-doludur-baxan-yoxdur\\\/#primaryimage\"},\"image\":{\"@id\":\"https:\\\/\\\/www.meydan.tv\\\/az\\\/article\\\/valideyn-xestexana-sariliq-ve-qizilcaya-yoluxan-usaqlarla-doludur-baxan-yoxdur\\\/#primaryimage\"},\"thumbnailUrl\":\"https:\\\/\\\/www.meydan.tv\\\/wp-content\\\/uploads\\\/photo-2024-01-12-12-46-04.jpg\",\"datePublished\":\"2024-01-12T10:27:26+00:00\",\"dateModified\":\"2024-01-12T12:23:28+00:00\",\"breadcrumb\":{\"@id\":\"https:\\\/\\\/www.meydan.tv\\\/az\\\/article\\\/valideyn-xestexana-sariliq-ve-qizilcaya-yoluxan-usaqlarla-doludur-baxan-yoxdur\\\/#breadcrumb\"},\"inLanguage\":\"az\",\"potentialAction\":[{\"@type\":\"ReadAction\",\"target\":[\"https:\\\/\\\/www.meydan.tv\\\/az\\\/article\\\/valideyn-xestexana-sariliq-ve-qizilcaya-yoluxan-usaqlarla-doludur-baxan-yoxdur\\\/\"]}]},{\"@type\":\"ImageObject\",\"inLanguage\":\"az\",\"@id\":\"https:\\\/\\\/www.meydan.tv\\\/az\\\/article\\\/valideyn-xestexana-sariliq-ve-qizilcaya-yoluxan-usaqlarla-doludur-baxan-yoxdur\\\/#primaryimage\",\"url\":\"https:\\\/\\\/www.meydan.tv\\\/wp-content\\\/uploads\\\/photo-2024-01-12-12-46-04.jpg\",\"contentUrl\":\"https:\\\/\\\/www.meydan.tv\\\/wp-content\\\/uploads\\\/photo-2024-01-12-12-46-04.jpg\",\"width\":1200,\"height\":903,\"caption\":\"Fotolar: Meydan TV\"},{\"@type\":\"BreadcrumbList\",\"@id\":\"https:\\\/\\\/www.meydan.tv\\\/az\\\/article\\\/valideyn-xestexana-sariliq-ve-qizilcaya-yoluxan-usaqlarla-doludur-baxan-yoxdur\\\/#breadcrumb\",\"itemListElement\":[{\"@type\":\"ListItem\",\"position\":1,\"name\":\"Ana s\u0259hif\u0259\",\"item\":\"https:\\\/\\\/www.meydan.tv\\\/az\\\/\"},{\"@type\":\"ListItem\",\"position\":2,\"name\":\"Sa\u011fl\u0131q\",\"item\":\"https:\\\/\\\/www.meydan.tv\\\/az\\\/section\\\/sagliq\\\/\"},{\"@type\":\"ListItem\",\"position\":3,\"name\":\"Valideyn: \u201cX\u0259st\u0259xana sar\u0131l\u0131q v\u0259 q\u0131z\u0131lcaya yoluxan u\u015faqlarla doludur, baxan yoxdur\u201d\"}]},{\"@type\":\"WebSite\",\"@id\":\"https:\\\/\\\/www.meydan.tv\\\/az\\\/#website\",\"url\":\"https:\\\/\\\/www.meydan.tv\\\/az\\\/\",\"name\":\"MEYDAN.TV\",\"description\":\"Meydan TV Az\u0259rbaycan\u0131n media m\u0259kan\u0131ndak\u0131 alternativ s\u0259sidir\",\"publisher\":{\"@id\":\"https:\\\/\\\/www.meydan.tv\\\/az\\\/#organization\"},\"potentialAction\":[{\"@type\":\"SearchAction\",\"target\":{\"@type\":\"EntryPoint\",\"urlTemplate\":\"https:\\\/\\\/www.meydan.tv\\\/az\\\/?s={search_term_string}\"},\"query-input\":{\"@type\":\"PropertyValueSpecification\",\"valueRequired\":true,\"valueName\":\"search_term_string\"}}],\"inLanguage\":\"az\"},{\"@type\":\"Organization\",\"@id\":\"https:\\\/\\\/www.meydan.tv\\\/az\\\/#organization\",\"name\":\"Meydan TV\",\"url\":\"https:\\\/\\\/www.meydan.tv\\\/az\\\/\",\"logo\":{\"@type\":\"ImageObject\",\"inLanguage\":\"az\",\"@id\":\"https:\\\/\\\/www.meydan.tv\\\/az\\\/#\\\/schema\\\/logo\\\/image\\\/\",\"url\":\"https:\\\/\\\/www.meydan.tv\\\/wp-content\\\/uploads\\\/2021\\\/07\\\/meydan-logo.svg\",\"contentUrl\":\"https:\\\/\\\/www.meydan.tv\\\/wp-content\\\/uploads\\\/2021\\\/07\\\/meydan-logo.svg\",\"width\":195,\"height\":46,\"caption\":\"Meydan TV\"},\"image\":{\"@id\":\"https:\\\/\\\/www.meydan.tv\\\/az\\\/#\\\/schema\\\/logo\\\/image\\\/\"}},{\"@type\":\"Person\",\"@id\":\"https:\\\/\\\/www.meydan.tv\\\/az\\\/#\\\/schema\\\/person\\\/9cdbecf90d17180ce1dfbd95b08dcf47\",\"name\":\"elli\",\"sameAs\":[\"https:\\\/\\\/x.com\\\/elli\"]}]}<\/script>\n<!-- \/ Yoast SEO plugin. -->","yoast_head_json":{"title":"Valideyn: \u201cX\u0259st\u0259xana sar\u0131l\u0131q v\u0259 q\u0131z\u0131lcaya yoluxan u\u015faqlarla doludur, baxan yoxdur\u201d - MEYDAN.TV","robots":{"index":"index","follow":"follow","max-snippet":"max-snippet:-1","max-image-preview":"max-image-preview:large","max-video-preview":"max-video-preview:-1"},"canonical":"https:\/\/www.meydan.tv\/az\/article\/valideyn-xestexana-sariliq-ve-qizilcaya-yoluxan-usaqlarla-doludur-baxan-yoxdur\/","og_locale":"az_AZ","og_type":"article","og_title":"Valideyn: \u201cX\u0259st\u0259xana sar\u0131l\u0131q v\u0259 q\u0131z\u0131lcaya yoluxan u\u015faqlarla doludur, baxan yoxdur\u201d - MEYDAN.TV","og_description":"O, \u015f\u00f6b\u0259 m\u00fcdirinin onu Prezident Adminstrasiyas\u0131nda \u00e7al\u0131\u015fan \u0259ri il\u0259 h\u0259d\u0259l\u0259diyini ... Davam\u0131","og_url":"https:\/\/www.meydan.tv\/az\/article\/valideyn-xestexana-sariliq-ve-qizilcaya-yoluxan-usaqlarla-doludur-baxan-yoxdur\/","og_site_name":"MEYDAN.TV","article_published_time":"2024-01-12T10:27:26+00:00","article_modified_time":"2024-01-12T12:23:28+00:00","og_image":[{"width":1200,"height":903,"url":"https:\/\/www.meydan.tv\/wp-content\/uploads\/photo-2024-01-12-12-46-04.jpg","type":"image\/jpeg"}],"author":"elli","twitter_card":"summary_large_image","twitter_creator":"@elli","schema":{"@context":"https:\/\/schema.org","@graph":[{"@type":"Article","@id":"https:\/\/www.meydan.tv\/az\/article\/valideyn-xestexana-sariliq-ve-qizilcaya-yoluxan-usaqlarla-doludur-baxan-yoxdur\/#article","isPartOf":{"@id":"https:\/\/www.meydan.tv\/az\/article\/valideyn-xestexana-sariliq-ve-qizilcaya-yoluxan-usaqlarla-doludur-baxan-yoxdur\/"},"author":{"name":"elli","@id":"https:\/\/www.meydan.tv\/az\/#\/schema\/person\/9cdbecf90d17180ce1dfbd95b08dcf47"},"headline":"Valideyn: \u201cX\u0259st\u0259xana sar\u0131l\u0131q v\u0259 q\u0131z\u0131lcaya yoluxan u\u015faqlarla doludur, baxan yoxdur\u201d","datePublished":"2024-01-12T10:27:26+00:00","dateModified":"2024-01-12T12:23:28+00:00","mainEntityOfPage":{"@id":"https:\/\/www.meydan.tv\/az\/article\/valideyn-xestexana-sariliq-ve-qizilcaya-yoluxan-usaqlarla-doludur-baxan-yoxdur\/"},"wordCount":1531,"publisher":{"@id":"https:\/\/www.meydan.tv\/az\/#organization"},"image":{"@id":"https:\/\/www.meydan.tv\/az\/article\/valideyn-xestexana-sariliq-ve-qizilcaya-yoluxan-usaqlarla-doludur-baxan-yoxdur\/#primaryimage"},"thumbnailUrl":"https:\/\/www.meydan.tv\/wp-content\/uploads\/photo-2024-01-12-12-46-04.jpg","articleSection":["Sa\u011fl\u0131q","T\u00f6vsiy\u0259","X\u0259b\u0259rl\u0259r"],"inLanguage":"az"},{"@type":"WebPage","@id":"https:\/\/www.meydan.tv\/az\/article\/valideyn-xestexana-sariliq-ve-qizilcaya-yoluxan-usaqlarla-doludur-baxan-yoxdur\/","url":"https:\/\/www.meydan.tv\/az\/article\/valideyn-xestexana-sariliq-ve-qizilcaya-yoluxan-usaqlarla-doludur-baxan-yoxdur\/","name":"Valideyn: \u201cX\u0259st\u0259xana sar\u0131l\u0131q v\u0259 q\u0131z\u0131lcaya yoluxan u\u015faqlarla doludur, baxan yoxdur\u201d - MEYDAN.TV","isPartOf":{"@id":"https:\/\/www.meydan.tv\/az\/#website"},"primaryImageOfPage":{"@id":"https:\/\/www.meydan.tv\/az\/article\/valideyn-xestexana-sariliq-ve-qizilcaya-yoluxan-usaqlarla-doludur-baxan-yoxdur\/#primaryimage"},"image":{"@id":"https:\/\/www.meydan.tv\/az\/article\/valideyn-xestexana-sariliq-ve-qizilcaya-yoluxan-usaqlarla-doludur-baxan-yoxdur\/#primaryimage"},"thumbnailUrl":"https:\/\/www.meydan.tv\/wp-content\/uploads\/photo-2024-01-12-12-46-04.jpg","datePublished":"2024-01-12T10:27:26+00:00","dateModified":"2024-01-12T12:23:28+00:00","breadcrumb":{"@id":"https:\/\/www.meydan.tv\/az\/article\/valideyn-xestexana-sariliq-ve-qizilcaya-yoluxan-usaqlarla-doludur-baxan-yoxdur\/#breadcrumb"},"inLanguage":"az","potentialAction":[{"@type":"ReadAction","target":["https:\/\/www.meydan.tv\/az\/article\/valideyn-xestexana-sariliq-ve-qizilcaya-yoluxan-usaqlarla-doludur-baxan-yoxdur\/"]}]},{"@type":"ImageObject","inLanguage":"az","@id":"https:\/\/www.meydan.tv\/az\/article\/valideyn-xestexana-sariliq-ve-qizilcaya-yoluxan-usaqlarla-doludur-baxan-yoxdur\/#primaryimage","url":"https:\/\/www.meydan.tv\/wp-content\/uploads\/photo-2024-01-12-12-46-04.jpg","contentUrl":"https:\/\/www.meydan.tv\/wp-content\/uploads\/photo-2024-01-12-12-46-04.jpg","width":1200,"height":903,"caption":"Fotolar: Meydan TV"},{"@type":"BreadcrumbList","@id":"https:\/\/www.meydan.tv\/az\/article\/valideyn-xestexana-sariliq-ve-qizilcaya-yoluxan-usaqlarla-doludur-baxan-yoxdur\/#breadcrumb","itemListElement":[{"@type":"ListItem","position":1,"name":"Ana s\u0259hif\u0259","item":"https:\/\/www.meydan.tv\/az\/"},{"@type":"ListItem","position":2,"name":"Sa\u011fl\u0131q","item":"https:\/\/www.meydan.tv\/az\/section\/sagliq\/"},{"@type":"ListItem","position":3,"name":"Valideyn: \u201cX\u0259st\u0259xana sar\u0131l\u0131q v\u0259 q\u0131z\u0131lcaya yoluxan u\u015faqlarla doludur, baxan yoxdur\u201d"}]},{"@type":"WebSite","@id":"https:\/\/www.meydan.tv\/az\/#website","url":"https:\/\/www.meydan.tv\/az\/","name":"MEYDAN.TV","description":"Meydan TV Az\u0259rbaycan\u0131n media m\u0259kan\u0131ndak\u0131 alternativ s\u0259sidir","publisher":{"@id":"https:\/\/www.meydan.tv\/az\/#organization"},"potentialAction":[{"@type":"SearchAction","target":{"@type":"EntryPoint","urlTemplate":"https:\/\/www.meydan.tv\/az\/?s={search_term_string}"},"query-input":{"@type":"PropertyValueSpecification","valueRequired":true,"valueName":"search_term_string"}}],"inLanguage":"az"},{"@type":"Organization","@id":"https:\/\/www.meydan.tv\/az\/#organization","name":"Meydan TV","url":"https:\/\/www.meydan.tv\/az\/","logo":{"@type":"ImageObject","inLanguage":"az","@id":"https:\/\/www.meydan.tv\/az\/#\/schema\/logo\/image\/","url":"https:\/\/www.meydan.tv\/wp-content\/uploads\/2021\/07\/meydan-logo.svg","contentUrl":"https:\/\/www.meydan.tv\/wp-content\/uploads\/2021\/07\/meydan-logo.svg","width":195,"height":46,"caption":"Meydan TV"},"image":{"@id":"https:\/\/www.meydan.tv\/az\/#\/schema\/logo\/image\/"}},{"@type":"Person","@id":"https:\/\/www.meydan.tv\/az\/#\/schema\/person\/9cdbecf90d17180ce1dfbd95b08dcf47","name":"elli","sameAs":["https:\/\/x.com\/elli"]}]}},"_links":{"self":[{"href":"https:\/\/www.meydan.tv\/az\/wp-json\/wp\/v2\/posts\/295155","targetHints":{"allow":["GET"]}}],"collection":[{"href":"https:\/\/www.meydan.tv\/az\/wp-json\/wp\/v2\/posts"}],"about":[{"href":"https:\/\/www.meydan.tv\/az\/wp-json\/wp\/v2\/types\/post"}],"author":[{"embeddable":true,"href":"https:\/\/www.meydan.tv\/az\/wp-json\/wp\/v2\/users\/8"}],"replies":[{"embeddable":true,"href":"https:\/\/www.meydan.tv\/az\/wp-json\/wp\/v2\/comments?post=295155"}],"version-history":[{"count":5,"href":"https:\/\/www.meydan.tv\/az\/wp-json\/wp\/v2\/posts\/295155\/revisions"}],"predecessor-version":[{"id":295170,"href":"https:\/\/www.meydan.tv\/az\/wp-json\/wp\/v2\/posts\/295155\/revisions\/295170"}],"wp:featuredmedia":[{"embeddable":true,"href":"https:\/\/www.meydan.tv\/az\/wp-json\/wp\/v2\/media\/295139"}],"wp:attachment":[{"href":"https:\/\/www.meydan.tv\/az\/wp-json\/wp\/v2\/media?parent=295155"}],"wp:term":[{"taxonomy":"category","embeddable":true,"href":"https:\/\/www.meydan.tv\/az\/wp-json\/wp\/v2\/categories?post=295155"},{"taxonomy":"post_tag","embeddable":true,"href":"https:\/\/www.meydan.tv\/az\/wp-json\/wp\/v2\/tags?post=295155"}],"curies":[{"name":"wp","href":"https:\/\/api.w.org\/{rel}","templated":true}]}}