{"id":295112,"date":"2024-01-11T20:24:24","date_gmt":"2024-01-11T16:24:24","guid":{"rendered":"https:\/\/www.meydan.tv\/?p=295112"},"modified":"2024-01-11T20:49:37","modified_gmt":"2024-01-11T16:49:37","slug":"avropa-ittifaqinin-azerbaycanin-regionlarinda-kend-teserrufatina-ayirdigi-pullar-menimsenilib","status":"publish","type":"post","link":"https:\/\/www.meydan.tv\/az\/article\/avropa-ittifaqinin-azerbaycanin-regionlarinda-kend-teserrufatina-ayirdigi-pullar-menimsenilib\/","title":{"rendered":"Avropa \u0130ttifaq\u0131n\u0131n Az\u0259rbaycan\u0131n regionlar\u0131nda k\u0259nd t\u0259s\u0259rr\u00fcfat\u0131na ay\u0131rd\u0131\u011f\u0131 pullar m\u0259nims\u0259nilib?"},"content":{"rendered":"\n<p><\/p>\n\n\n\n<p><em><strong>Ramin M\u0259mm\u0259dov \u00f6z\u00fcn\u00fc t\u0259qsirli bilmir<\/strong><\/em><\/p>\n\n\n\n<p>Avropa \u0130ttifaq\u0131n\u0131n Az\u0259rbaycandak\u0131 n\u00fcmay\u0259nd\u0259liyinin Goranboy, Tovuz, A\u011fstafa, \u015e\u0259mkir v\u0259 ba\u015fqa rayonlarda k\u0259nd t\u0259s\u0259rr\u00fcfat\u0131n\u0131n inki\u015faf\u0131 \u00fc\u00e7\u00fcn ay\u0131rd\u0131\u011f\u0131 423 min avro v\u0259saitin bir hiss\u0259sini m\u0259nims\u0259m\u0259kd\u0259 ittiham olunan Ramin M\u0259mm\u0259dovun m\u0259hk\u0259m\u0259si ba\u015flay\u0131b. Cinay\u0259t M\u0259c\u0259ll\u0259sinin 179.3.2 (k\u00fclli miqdarda m\u0259nims\u0259m\u0259) v\u0259 308.2 (v\u0259zif\u0259 s\u0259lahiyy\u0259tl\u0259rind\u0259n sui-istifad\u0259 etm\u0259 &#8211; a\u011f\u0131r n\u0259tic\u0259l\u0259r\u0259 s\u0259b\u0259b olduqda) v\u0259 313-c\u00fc (v\u0259zif\u0259 saxtakarl\u0131\u011f\u0131) madd\u0259l\u0259ril\u0259 ittiham edil\u0259n Ramin M\u0259mm\u0259dovun i\u015fin\u0259 Bak\u0131 A\u011f\u0131r Cinay\u0259tl\u0259r M\u0259hk\u0259m\u0259sind\u0259 bax\u0131l\u0131r.<\/p>\n\n\n\n<p>Yanvar\u0131n 11-d\u0259 hakim S\u0259bin\u0259 M\u0259mm\u0259dzad\u0259nin s\u0259drliyil\u0259 ke\u00e7iril\u0259n m\u0259hk\u0259m\u0259 prosesind\u0259 d\u00f6vl\u0259t ittiham\u0131n\u0131 m\u00fcdafi\u0259 ed\u0259n prokuror Ziya Mansurov ittiham akt\u0131n\u0131 elan edib. \u0130ttihama g\u00f6r\u0259, Ramin M\u0259mm\u0259dov Avropa \u0130ttifaq\u0131n\u0131n Az\u0259rbaycandak\u0131 n\u00fcmay\u0259nd\u0259liyinin elan etdiyi qrant m\u00fcsabiq\u0259sin\u0259 layih\u0259 t\u0259qdim edib. Onun layih\u0259si qalib olub v\u0259 Avropa \u0130ttifaq\u0131ndan layih\u0259nin icras\u0131 \u00fc\u00e7\u00fcn 423 min avroluq qrant ayr\u0131l\u0131b. Lakin Ramin M\u0259mm\u0259dovun bu v\u0259saitin 364 min manat\u0131n\u0131 t\u0259yinat\u0131 \u00fczr\u0259 x\u0259rcl\u0259m\u0259y\u0259r\u0259k m\u0259nims\u0259diyi iddia olunur.<\/p>\n\n\n<div class=\"wp-block-image\">\n<figure class=\"alignright size-full is-resized\"><img decoding=\"async\" width=\"1000\" height=\"541\" data-src=\"https:\/\/www.meydan.tv\/wp-content\/uploads\/410827945_avcauli.jpg\" alt=\"Bak\u0131 A\u011f\u0131r Cinay\u0259tl\u0259r M\u0259hk\u0259m\u0259si\" class=\"wp-image-119696 lazyload\" style=\"--smush-placeholder-width: 1000px; --smush-placeholder-aspect-ratio: 1000\/541;width:397px;height:auto\" src=\"data:image\/svg+xml;base64,PHN2ZyB3aWR0aD0iMSIgaGVpZ2h0PSIxIiB4bWxucz0iaHR0cDovL3d3dy53My5vcmcvMjAwMC9zdmciPjwvc3ZnPg==\" \/><figcaption class=\"wp-element-caption\">Foto: Meydan TV<\/figcaption><\/figure>\n<\/div>\n\n\n<p>Cinay\u0259t i\u015finin materiallar\u0131na \u0259sas\u0259n, Ramin M\u0259mm\u0259dov qrant m\u00fcsabiq\u0259sin\u0259 \u201cK\u0259nd \u0130nki\u015faf\u0131na D\u0259st\u0259k\u201d \u0130ctimai Birliyinin ad\u0131ndan m\u00fcraci\u0259t edib. Bu qurum 2007-ci ild\u0259 yarad\u0131landa Ramin M\u0259mm\u0259dov onun t\u0259sis\u00e7il\u0259rind\u0259n biri olub. Lakin sonradan t\u0259\u015fkilatdan k\u0259narla\u015fd\u0131r\u0131l\u0131b.<\/p>\n\n\n\n<p>\u0130ndi Avropa \u0130ttifaq\u0131n\u0131n Az\u0259rbaycandak\u0131 n\u00fcmay\u0259nd\u0259liyil\u0259 yana\u015f\u0131, \u201cK\u0259nd \u0130nki\u015faf\u0131na D\u0259st\u0259k\u201d \u0130ctimai Birliyi d\u0259 z\u0259r\u0259r\u00e7\u0259kmi\u015f qismind\u0259 tan\u0131n\u0131b. T\u0259\u015fkilat\u0131n n\u00fcfuzuna z\u0259r\u0259r vuruldu\u011fu iddia olunur.<\/p>\n\n\n\n<p>Lakin t\u0259\u015fkilat\u0131n n\u00fcmay\u0259nd\u0259si yanvar\u0131n 11-d\u0259 m\u0259hk\u0259m\u0259d\u0259 \u00e7\u0131x\u0131\u015f ed\u0259r\u0259k, t\u0259qsirl\u0259ndiril\u0259n \u015f\u0259xs\u0259 qar\u015f\u0131 he\u00e7 bir \u015fikay\u0259t v\u0259 t\u0259l\u0259bl\u0259rinin olmad\u0131\u011f\u0131n\u0131 bildirib.<\/p>\n\n\n\n<p>T\u0259qsirl\u0259ndiril\u0259n Ramin M\u0259mm\u0259dov \u00f6z\u00fc d\u0259 prokurorun elan etdiyi ittihama m\u00fcnasib\u0259t bildir\u0259rk\u0259n orada yaz\u0131lanlar\u0131 \u201c\u015f\u0259r-b\u00f6htan\u201d adland\u0131r\u0131b. O vur\u011fulay\u0131b ki, \u00f6z\u00fcn\u00fc t\u0259qsirli bilmir.<\/p>\n\n\n\n<p>Ramin M\u0259mm\u0259dovun v\u0259kili is\u0259 bildirib ki, m\u00fcv\u0259kkilinin t\u0259qsirsizliyini s\u00fcbut ed\u0259c\u0259k bir s\u0131ra s\u0259n\u0259dl\u0259ri uzun m\u00fcdd\u0259t \u0259ld\u0259 ed\u0259 bilmirdil\u0259r. H\u0259min s\u0259n\u0259d-s\u00fcbutlar\u0131 indi al\u0131blar v\u0259 xarici dild\u0259 oldu\u011fu \u00fc\u00e7\u00fcn onlar\u0131n t\u0259rc\u00fcm\u0259 olunub, m\u0259hk\u0259m\u0259y\u0259 t\u0259qdim edilm\u0259sin\u0259 vaxt laz\u0131md\u0131r. Bu s\u0259b\u0259bd\u0259n t\u0259klif edib ki, \u00f6nc\u0259 z\u0259r\u0259r\u00e7\u0259kmi\u015fl\u0259rin n\u00fcmay\u0259nd\u0259l\u0259ri, \u015fahidl\u0259r dindirilsin, sonra Ramin M\u0259mm\u0259dov \u00f6z\u00fc d\u0259 ifad\u0259 ver\u0259r. Lakin m\u0259hk\u0259m\u0259 buna raz\u0131la\u015fmay\u0131b. \u018fv\u0259zind\u0259 onlara m\u00fcdafi\u0259 \u00fc\u00e7\u00fcn haz\u0131rla\u015fma\u011fa 1 aya yax\u0131n vaxt verib.<\/p>\n\n\n\n<p>Bu i\u015f \u00fczr\u0259 m\u0259hk\u0259m\u0259 prosesi fevral\u0131n 6-na t\u0259yin olunub.<\/p>\n","protected":false},"excerpt":{"rendered":"<p>Ramin M\u0259mm\u0259dov \u00f6z\u00fcn\u00fc t\u0259qsirli bilmir Avropa \u0130ttifaq\u0131n\u0131n Az\u0259rbaycandak\u0131 n\u00fcmay\u0259nd\u0259liyinin Goranboy, &#8230; <\/p>\n<p class=\"read-more-container\"><a title=\"Avropa \u0130ttifaq\u0131n\u0131n Az\u0259rbaycan\u0131n regionlar\u0131nda k\u0259nd t\u0259s\u0259rr\u00fcfat\u0131na ay\u0131rd\u0131\u011f\u0131 pullar m\u0259nims\u0259nilib?\" class=\"read-more button\" href=\"https:\/\/www.meydan.tv\/az\/article\/avropa-ittifaqinin-azerbaycanin-regionlarinda-kend-teserrufatina-ayirdigi-pullar-menimsenilib\/#more-295112\" aria-label=\"Read more about Avropa \u0130ttifaq\u0131n\u0131n Az\u0259rbaycan\u0131n regionlar\u0131nda k\u0259nd t\u0259s\u0259rr\u00fcfat\u0131na ay\u0131rd\u0131\u011f\u0131 pullar m\u0259nims\u0259nilib?\">Davam\u0131<\/a><\/p>\n","protected":false},"author":8,"featured_media":233753,"comment_status":"closed","ping_status":"closed","sticky":false,"template":"","format":"standard","meta":{"_acf_changed":false,"_sitemap_exclude":false,"_sitemap_priority":"","_sitemap_frequency":"","footnotes":""},"categories":[62,79,56],"tags":[],"class_list":["post-295112","post","type-post","status-publish","format-standard","has-post-thumbnail","hentry","category-sosial","category-featured","category-xeberler","infinite-scroll-item","generate-columns","tablet-grid-50","mobile-grid-100","grid-parent","grid-33","no-featured-image-padding"],"acf":[],"yoast_head":"<!-- This site is optimized with the Yoast SEO plugin v27.5 - https:\/\/yoast.com\/product\/yoast-seo-wordpress\/ -->\n<title>Avropa \u0130ttifaq\u0131n\u0131n Az\u0259rbaycan\u0131n regionlar\u0131nda k\u0259nd t\u0259s\u0259rr\u00fcfat\u0131na ay\u0131rd\u0131\u011f\u0131 pullar m\u0259nims\u0259nilib? - MEYDAN.TV<\/title>\n<meta name=\"robots\" content=\"index, follow, max-snippet:-1, max-image-preview:large, max-video-preview:-1\" \/>\n<link rel=\"canonical\" href=\"https:\/\/www.meydan.tv\/az\/article\/avropa-ittifaqinin-azerbaycanin-regionlarinda-kend-teserrufatina-ayirdigi-pullar-menimsenilib\/\" \/>\n<meta property=\"og:locale\" content=\"az_AZ\" \/>\n<meta property=\"og:type\" content=\"article\" \/>\n<meta property=\"og:title\" content=\"Avropa \u0130ttifaq\u0131n\u0131n Az\u0259rbaycan\u0131n regionlar\u0131nda k\u0259nd t\u0259s\u0259rr\u00fcfat\u0131na ay\u0131rd\u0131\u011f\u0131 pullar m\u0259nims\u0259nilib? - MEYDAN.TV\" \/>\n<meta property=\"og:description\" content=\"Ramin M\u0259mm\u0259dov \u00f6z\u00fcn\u00fc t\u0259qsirli bilmir Avropa \u0130ttifaq\u0131n\u0131n Az\u0259rbaycandak\u0131 n\u00fcmay\u0259nd\u0259liyinin Goranboy, ... Davam\u0131\" \/>\n<meta property=\"og:url\" content=\"https:\/\/www.meydan.tv\/az\/article\/avropa-ittifaqinin-azerbaycanin-regionlarinda-kend-teserrufatina-ayirdigi-pullar-menimsenilib\/\" \/>\n<meta property=\"og:site_name\" content=\"MEYDAN.TV\" \/>\n<meta property=\"article:published_time\" content=\"2024-01-11T16:24:24+00:00\" \/>\n<meta property=\"article:modified_time\" content=\"2024-01-11T16:49:37+00:00\" \/>\n<meta property=\"og:image\" content=\"https:\/\/www.meydan.tv\/wp-content\/uploads\/shutterstock_1122719429-e1643960172145.jpg\" \/>\n\t<meta property=\"og:image:width\" content=\"1200\" \/>\n\t<meta property=\"og:image:height\" content=\"693\" \/>\n\t<meta property=\"og:image:type\" content=\"image\/jpeg\" \/>\n<meta name=\"author\" content=\"elli\" \/>\n<meta name=\"twitter:card\" content=\"summary_large_image\" \/>\n<meta name=\"twitter:creator\" content=\"@elli\" \/>\n<script type=\"application\/ld+json\" class=\"yoast-schema-graph\">{\"@context\":\"https:\\\/\\\/schema.org\",\"@graph\":[{\"@type\":\"Article\",\"@id\":\"https:\\\/\\\/www.meydan.tv\\\/az\\\/article\\\/avropa-ittifaqinin-azerbaycanin-regionlarinda-kend-teserrufatina-ayirdigi-pullar-menimsenilib\\\/#article\",\"isPartOf\":{\"@id\":\"https:\\\/\\\/www.meydan.tv\\\/az\\\/article\\\/avropa-ittifaqinin-azerbaycanin-regionlarinda-kend-teserrufatina-ayirdigi-pullar-menimsenilib\\\/\"},\"author\":{\"name\":\"elli\",\"@id\":\"https:\\\/\\\/www.meydan.tv\\\/az\\\/#\\\/schema\\\/person\\\/9cdbecf90d17180ce1dfbd95b08dcf47\"},\"headline\":\"Avropa \u0130ttifaq\u0131n\u0131n Az\u0259rbaycan\u0131n regionlar\u0131nda k\u0259nd t\u0259s\u0259rr\u00fcfat\u0131na ay\u0131rd\u0131\u011f\u0131 pullar m\u0259nims\u0259nilib?\",\"datePublished\":\"2024-01-11T16:24:24+00:00\",\"dateModified\":\"2024-01-11T16:49:37+00:00\",\"mainEntityOfPage\":{\"@id\":\"https:\\\/\\\/www.meydan.tv\\\/az\\\/article\\\/avropa-ittifaqinin-azerbaycanin-regionlarinda-kend-teserrufatina-ayirdigi-pullar-menimsenilib\\\/\"},\"wordCount\":576,\"publisher\":{\"@id\":\"https:\\\/\\\/www.meydan.tv\\\/az\\\/#organization\"},\"image\":{\"@id\":\"https:\\\/\\\/www.meydan.tv\\\/az\\\/article\\\/avropa-ittifaqinin-azerbaycanin-regionlarinda-kend-teserrufatina-ayirdigi-pullar-menimsenilib\\\/#primaryimage\"},\"thumbnailUrl\":\"https:\\\/\\\/www.meydan.tv\\\/wp-content\\\/uploads\\\/shutterstock_1122719429-e1643960172145.jpg\",\"articleSection\":[\"Sosial\",\"T\u00f6vsiy\u0259\",\"X\u0259b\u0259rl\u0259r\"],\"inLanguage\":\"az\"},{\"@type\":\"WebPage\",\"@id\":\"https:\\\/\\\/www.meydan.tv\\\/az\\\/article\\\/avropa-ittifaqinin-azerbaycanin-regionlarinda-kend-teserrufatina-ayirdigi-pullar-menimsenilib\\\/\",\"url\":\"https:\\\/\\\/www.meydan.tv\\\/az\\\/article\\\/avropa-ittifaqinin-azerbaycanin-regionlarinda-kend-teserrufatina-ayirdigi-pullar-menimsenilib\\\/\",\"name\":\"Avropa \u0130ttifaq\u0131n\u0131n Az\u0259rbaycan\u0131n regionlar\u0131nda k\u0259nd t\u0259s\u0259rr\u00fcfat\u0131na ay\u0131rd\u0131\u011f\u0131 pullar m\u0259nims\u0259nilib? - MEYDAN.TV\",\"isPartOf\":{\"@id\":\"https:\\\/\\\/www.meydan.tv\\\/az\\\/#website\"},\"primaryImageOfPage\":{\"@id\":\"https:\\\/\\\/www.meydan.tv\\\/az\\\/article\\\/avropa-ittifaqinin-azerbaycanin-regionlarinda-kend-teserrufatina-ayirdigi-pullar-menimsenilib\\\/#primaryimage\"},\"image\":{\"@id\":\"https:\\\/\\\/www.meydan.tv\\\/az\\\/article\\\/avropa-ittifaqinin-azerbaycanin-regionlarinda-kend-teserrufatina-ayirdigi-pullar-menimsenilib\\\/#primaryimage\"},\"thumbnailUrl\":\"https:\\\/\\\/www.meydan.tv\\\/wp-content\\\/uploads\\\/shutterstock_1122719429-e1643960172145.jpg\",\"datePublished\":\"2024-01-11T16:24:24+00:00\",\"dateModified\":\"2024-01-11T16:49:37+00:00\",\"breadcrumb\":{\"@id\":\"https:\\\/\\\/www.meydan.tv\\\/az\\\/article\\\/avropa-ittifaqinin-azerbaycanin-regionlarinda-kend-teserrufatina-ayirdigi-pullar-menimsenilib\\\/#breadcrumb\"},\"inLanguage\":\"az\",\"potentialAction\":[{\"@type\":\"ReadAction\",\"target\":[\"https:\\\/\\\/www.meydan.tv\\\/az\\\/article\\\/avropa-ittifaqinin-azerbaycanin-regionlarinda-kend-teserrufatina-ayirdigi-pullar-menimsenilib\\\/\"]}]},{\"@type\":\"ImageObject\",\"inLanguage\":\"az\",\"@id\":\"https:\\\/\\\/www.meydan.tv\\\/az\\\/article\\\/avropa-ittifaqinin-azerbaycanin-regionlarinda-kend-teserrufatina-ayirdigi-pullar-menimsenilib\\\/#primaryimage\",\"url\":\"https:\\\/\\\/www.meydan.tv\\\/wp-content\\\/uploads\\\/shutterstock_1122719429-e1643960172145.jpg\",\"contentUrl\":\"https:\\\/\\\/www.meydan.tv\\\/wp-content\\\/uploads\\\/shutterstock_1122719429-e1643960172145.jpg\",\"width\":1200,\"height\":693,\"caption\":\"Avropa \u0130ttifaq\u0131, Foto: Alexandros Michailidis\\\/shutterstock\"},{\"@type\":\"BreadcrumbList\",\"@id\":\"https:\\\/\\\/www.meydan.tv\\\/az\\\/article\\\/avropa-ittifaqinin-azerbaycanin-regionlarinda-kend-teserrufatina-ayirdigi-pullar-menimsenilib\\\/#breadcrumb\",\"itemListElement\":[{\"@type\":\"ListItem\",\"position\":1,\"name\":\"Ana s\u0259hif\u0259\",\"item\":\"https:\\\/\\\/www.meydan.tv\\\/az\\\/\"},{\"@type\":\"ListItem\",\"position\":2,\"name\":\"Sosial\",\"item\":\"https:\\\/\\\/www.meydan.tv\\\/az\\\/section\\\/sosial\\\/\"},{\"@type\":\"ListItem\",\"position\":3,\"name\":\"Avropa \u0130ttifaq\u0131n\u0131n Az\u0259rbaycan\u0131n regionlar\u0131nda k\u0259nd t\u0259s\u0259rr\u00fcfat\u0131na ay\u0131rd\u0131\u011f\u0131 pullar m\u0259nims\u0259nilib?\"}]},{\"@type\":\"WebSite\",\"@id\":\"https:\\\/\\\/www.meydan.tv\\\/az\\\/#website\",\"url\":\"https:\\\/\\\/www.meydan.tv\\\/az\\\/\",\"name\":\"MEYDAN.TV\",\"description\":\"Meydan TV Az\u0259rbaycan\u0131n media m\u0259kan\u0131ndak\u0131 alternativ s\u0259sidir\",\"publisher\":{\"@id\":\"https:\\\/\\\/www.meydan.tv\\\/az\\\/#organization\"},\"potentialAction\":[{\"@type\":\"SearchAction\",\"target\":{\"@type\":\"EntryPoint\",\"urlTemplate\":\"https:\\\/\\\/www.meydan.tv\\\/az\\\/?s={search_term_string}\"},\"query-input\":{\"@type\":\"PropertyValueSpecification\",\"valueRequired\":true,\"valueName\":\"search_term_string\"}}],\"inLanguage\":\"az\"},{\"@type\":\"Organization\",\"@id\":\"https:\\\/\\\/www.meydan.tv\\\/az\\\/#organization\",\"name\":\"Meydan TV\",\"url\":\"https:\\\/\\\/www.meydan.tv\\\/az\\\/\",\"logo\":{\"@type\":\"ImageObject\",\"inLanguage\":\"az\",\"@id\":\"https:\\\/\\\/www.meydan.tv\\\/az\\\/#\\\/schema\\\/logo\\\/image\\\/\",\"url\":\"https:\\\/\\\/www.meydan.tv\\\/wp-content\\\/uploads\\\/2021\\\/07\\\/meydan-logo.svg\",\"contentUrl\":\"https:\\\/\\\/www.meydan.tv\\\/wp-content\\\/uploads\\\/2021\\\/07\\\/meydan-logo.svg\",\"width\":195,\"height\":46,\"caption\":\"Meydan TV\"},\"image\":{\"@id\":\"https:\\\/\\\/www.meydan.tv\\\/az\\\/#\\\/schema\\\/logo\\\/image\\\/\"}},{\"@type\":\"Person\",\"@id\":\"https:\\\/\\\/www.meydan.tv\\\/az\\\/#\\\/schema\\\/person\\\/9cdbecf90d17180ce1dfbd95b08dcf47\",\"name\":\"elli\",\"sameAs\":[\"https:\\\/\\\/x.com\\\/elli\"]}]}<\/script>\n<!-- \/ Yoast SEO plugin. -->","yoast_head_json":{"title":"Avropa \u0130ttifaq\u0131n\u0131n Az\u0259rbaycan\u0131n regionlar\u0131nda k\u0259nd t\u0259s\u0259rr\u00fcfat\u0131na ay\u0131rd\u0131\u011f\u0131 pullar m\u0259nims\u0259nilib? - MEYDAN.TV","robots":{"index":"index","follow":"follow","max-snippet":"max-snippet:-1","max-image-preview":"max-image-preview:large","max-video-preview":"max-video-preview:-1"},"canonical":"https:\/\/www.meydan.tv\/az\/article\/avropa-ittifaqinin-azerbaycanin-regionlarinda-kend-teserrufatina-ayirdigi-pullar-menimsenilib\/","og_locale":"az_AZ","og_type":"article","og_title":"Avropa \u0130ttifaq\u0131n\u0131n Az\u0259rbaycan\u0131n regionlar\u0131nda k\u0259nd t\u0259s\u0259rr\u00fcfat\u0131na ay\u0131rd\u0131\u011f\u0131 pullar m\u0259nims\u0259nilib? - MEYDAN.TV","og_description":"Ramin M\u0259mm\u0259dov \u00f6z\u00fcn\u00fc t\u0259qsirli bilmir Avropa \u0130ttifaq\u0131n\u0131n Az\u0259rbaycandak\u0131 n\u00fcmay\u0259nd\u0259liyinin Goranboy, ... Davam\u0131","og_url":"https:\/\/www.meydan.tv\/az\/article\/avropa-ittifaqinin-azerbaycanin-regionlarinda-kend-teserrufatina-ayirdigi-pullar-menimsenilib\/","og_site_name":"MEYDAN.TV","article_published_time":"2024-01-11T16:24:24+00:00","article_modified_time":"2024-01-11T16:49:37+00:00","og_image":[{"width":1200,"height":693,"url":"https:\/\/www.meydan.tv\/wp-content\/uploads\/shutterstock_1122719429-e1643960172145.jpg","type":"image\/jpeg"}],"author":"elli","twitter_card":"summary_large_image","twitter_creator":"@elli","schema":{"@context":"https:\/\/schema.org","@graph":[{"@type":"Article","@id":"https:\/\/www.meydan.tv\/az\/article\/avropa-ittifaqinin-azerbaycanin-regionlarinda-kend-teserrufatina-ayirdigi-pullar-menimsenilib\/#article","isPartOf":{"@id":"https:\/\/www.meydan.tv\/az\/article\/avropa-ittifaqinin-azerbaycanin-regionlarinda-kend-teserrufatina-ayirdigi-pullar-menimsenilib\/"},"author":{"name":"elli","@id":"https:\/\/www.meydan.tv\/az\/#\/schema\/person\/9cdbecf90d17180ce1dfbd95b08dcf47"},"headline":"Avropa \u0130ttifaq\u0131n\u0131n Az\u0259rbaycan\u0131n regionlar\u0131nda k\u0259nd t\u0259s\u0259rr\u00fcfat\u0131na ay\u0131rd\u0131\u011f\u0131 pullar m\u0259nims\u0259nilib?","datePublished":"2024-01-11T16:24:24+00:00","dateModified":"2024-01-11T16:49:37+00:00","mainEntityOfPage":{"@id":"https:\/\/www.meydan.tv\/az\/article\/avropa-ittifaqinin-azerbaycanin-regionlarinda-kend-teserrufatina-ayirdigi-pullar-menimsenilib\/"},"wordCount":576,"publisher":{"@id":"https:\/\/www.meydan.tv\/az\/#organization"},"image":{"@id":"https:\/\/www.meydan.tv\/az\/article\/avropa-ittifaqinin-azerbaycanin-regionlarinda-kend-teserrufatina-ayirdigi-pullar-menimsenilib\/#primaryimage"},"thumbnailUrl":"https:\/\/www.meydan.tv\/wp-content\/uploads\/shutterstock_1122719429-e1643960172145.jpg","articleSection":["Sosial","T\u00f6vsiy\u0259","X\u0259b\u0259rl\u0259r"],"inLanguage":"az"},{"@type":"WebPage","@id":"https:\/\/www.meydan.tv\/az\/article\/avropa-ittifaqinin-azerbaycanin-regionlarinda-kend-teserrufatina-ayirdigi-pullar-menimsenilib\/","url":"https:\/\/www.meydan.tv\/az\/article\/avropa-ittifaqinin-azerbaycanin-regionlarinda-kend-teserrufatina-ayirdigi-pullar-menimsenilib\/","name":"Avropa \u0130ttifaq\u0131n\u0131n Az\u0259rbaycan\u0131n regionlar\u0131nda k\u0259nd t\u0259s\u0259rr\u00fcfat\u0131na ay\u0131rd\u0131\u011f\u0131 pullar m\u0259nims\u0259nilib? - MEYDAN.TV","isPartOf":{"@id":"https:\/\/www.meydan.tv\/az\/#website"},"primaryImageOfPage":{"@id":"https:\/\/www.meydan.tv\/az\/article\/avropa-ittifaqinin-azerbaycanin-regionlarinda-kend-teserrufatina-ayirdigi-pullar-menimsenilib\/#primaryimage"},"image":{"@id":"https:\/\/www.meydan.tv\/az\/article\/avropa-ittifaqinin-azerbaycanin-regionlarinda-kend-teserrufatina-ayirdigi-pullar-menimsenilib\/#primaryimage"},"thumbnailUrl":"https:\/\/www.meydan.tv\/wp-content\/uploads\/shutterstock_1122719429-e1643960172145.jpg","datePublished":"2024-01-11T16:24:24+00:00","dateModified":"2024-01-11T16:49:37+00:00","breadcrumb":{"@id":"https:\/\/www.meydan.tv\/az\/article\/avropa-ittifaqinin-azerbaycanin-regionlarinda-kend-teserrufatina-ayirdigi-pullar-menimsenilib\/#breadcrumb"},"inLanguage":"az","potentialAction":[{"@type":"ReadAction","target":["https:\/\/www.meydan.tv\/az\/article\/avropa-ittifaqinin-azerbaycanin-regionlarinda-kend-teserrufatina-ayirdigi-pullar-menimsenilib\/"]}]},{"@type":"ImageObject","inLanguage":"az","@id":"https:\/\/www.meydan.tv\/az\/article\/avropa-ittifaqinin-azerbaycanin-regionlarinda-kend-teserrufatina-ayirdigi-pullar-menimsenilib\/#primaryimage","url":"https:\/\/www.meydan.tv\/wp-content\/uploads\/shutterstock_1122719429-e1643960172145.jpg","contentUrl":"https:\/\/www.meydan.tv\/wp-content\/uploads\/shutterstock_1122719429-e1643960172145.jpg","width":1200,"height":693,"caption":"Avropa \u0130ttifaq\u0131, Foto: Alexandros Michailidis\/shutterstock"},{"@type":"BreadcrumbList","@id":"https:\/\/www.meydan.tv\/az\/article\/avropa-ittifaqinin-azerbaycanin-regionlarinda-kend-teserrufatina-ayirdigi-pullar-menimsenilib\/#breadcrumb","itemListElement":[{"@type":"ListItem","position":1,"name":"Ana s\u0259hif\u0259","item":"https:\/\/www.meydan.tv\/az\/"},{"@type":"ListItem","position":2,"name":"Sosial","item":"https:\/\/www.meydan.tv\/az\/section\/sosial\/"},{"@type":"ListItem","position":3,"name":"Avropa \u0130ttifaq\u0131n\u0131n Az\u0259rbaycan\u0131n regionlar\u0131nda k\u0259nd t\u0259s\u0259rr\u00fcfat\u0131na ay\u0131rd\u0131\u011f\u0131 pullar m\u0259nims\u0259nilib?"}]},{"@type":"WebSite","@id":"https:\/\/www.meydan.tv\/az\/#website","url":"https:\/\/www.meydan.tv\/az\/","name":"MEYDAN.TV","description":"Meydan TV Az\u0259rbaycan\u0131n media m\u0259kan\u0131ndak\u0131 alternativ s\u0259sidir","publisher":{"@id":"https:\/\/www.meydan.tv\/az\/#organization"},"potentialAction":[{"@type":"SearchAction","target":{"@type":"EntryPoint","urlTemplate":"https:\/\/www.meydan.tv\/az\/?s={search_term_string}"},"query-input":{"@type":"PropertyValueSpecification","valueRequired":true,"valueName":"search_term_string"}}],"inLanguage":"az"},{"@type":"Organization","@id":"https:\/\/www.meydan.tv\/az\/#organization","name":"Meydan TV","url":"https:\/\/www.meydan.tv\/az\/","logo":{"@type":"ImageObject","inLanguage":"az","@id":"https:\/\/www.meydan.tv\/az\/#\/schema\/logo\/image\/","url":"https:\/\/www.meydan.tv\/wp-content\/uploads\/2021\/07\/meydan-logo.svg","contentUrl":"https:\/\/www.meydan.tv\/wp-content\/uploads\/2021\/07\/meydan-logo.svg","width":195,"height":46,"caption":"Meydan TV"},"image":{"@id":"https:\/\/www.meydan.tv\/az\/#\/schema\/logo\/image\/"}},{"@type":"Person","@id":"https:\/\/www.meydan.tv\/az\/#\/schema\/person\/9cdbecf90d17180ce1dfbd95b08dcf47","name":"elli","sameAs":["https:\/\/x.com\/elli"]}]}},"_links":{"self":[{"href":"https:\/\/www.meydan.tv\/az\/wp-json\/wp\/v2\/posts\/295112","targetHints":{"allow":["GET"]}}],"collection":[{"href":"https:\/\/www.meydan.tv\/az\/wp-json\/wp\/v2\/posts"}],"about":[{"href":"https:\/\/www.meydan.tv\/az\/wp-json\/wp\/v2\/types\/post"}],"author":[{"embeddable":true,"href":"https:\/\/www.meydan.tv\/az\/wp-json\/wp\/v2\/users\/8"}],"replies":[{"embeddable":true,"href":"https:\/\/www.meydan.tv\/az\/wp-json\/wp\/v2\/comments?post=295112"}],"version-history":[{"count":3,"href":"https:\/\/www.meydan.tv\/az\/wp-json\/wp\/v2\/posts\/295112\/revisions"}],"predecessor-version":[{"id":295115,"href":"https:\/\/www.meydan.tv\/az\/wp-json\/wp\/v2\/posts\/295112\/revisions\/295115"}],"wp:featuredmedia":[{"embeddable":true,"href":"https:\/\/www.meydan.tv\/az\/wp-json\/wp\/v2\/media\/233753"}],"wp:attachment":[{"href":"https:\/\/www.meydan.tv\/az\/wp-json\/wp\/v2\/media?parent=295112"}],"wp:term":[{"taxonomy":"category","embeddable":true,"href":"https:\/\/www.meydan.tv\/az\/wp-json\/wp\/v2\/categories?post=295112"},{"taxonomy":"post_tag","embeddable":true,"href":"https:\/\/www.meydan.tv\/az\/wp-json\/wp\/v2\/tags?post=295112"}],"curies":[{"name":"wp","href":"https:\/\/api.w.org\/{rel}","templated":true}]}}