{"id":295101,"date":"2024-01-11T16:48:55","date_gmt":"2024-01-11T12:48:55","guid":{"rendered":"https:\/\/www.meydan.tv\/?p=295101"},"modified":"2024-01-11T16:48:59","modified_gmt":"2024-01-11T12:48:59","slug":"mezahir-penahov-indiyedek-17-min-500-den-cox-musahideci-qeyde-alinib","status":"publish","type":"post","link":"https:\/\/www.meydan.tv\/az\/article\/mezahir-penahov-indiyedek-17-min-500-den-cox-musahideci-qeyde-alinib\/","title":{"rendered":"M\u0259zahir P\u0259nahov: &#8220;\u0130ndiy\u0259d\u0259k 17 min 500-d\u0259n \u00e7ox m\u00fc\u015fahid\u0259\u00e7i qeyd\u0259 al\u0131n\u0131b&#8221;"},"content":{"rendered":"\n<p><\/p>\n\n\n\n<p><strong><em>O, h\u0259r m\u0259nt\u0259q\u0259y\u0259 orta hesabla \u00fc\u00e7 m\u00fc\u015fahid\u0259\u00e7inin d\u00fc\u015fd\u00fcy\u00fcn\u00fc deyib<\/em><\/strong><\/p>\n\n\n\n<p>7 fevral n\u00f6vb\u0259d\u0259nk\u0259nar Prezident se\u00e7kil\u0259ri il\u0259 ba\u011fl\u0131 indiy\u0259d\u0259k 17 min 500-d\u0259n \u00e7ox m\u00fc\u015fahid\u0259\u00e7inin qeydiyyatdan ke\u00e7diyi bildirilir.<\/p>\n\n\n\n<p>Bu bar\u0259d\u0259 yanvar\u0131n 11-d\u0259 M\u0259rk\u0259zi Se\u00e7ki Komissiyas\u0131n\u0131n s\u0259dri M\u0259zahir P\u0259nahov yerli jurnalistl\u0259r\u0259 deyib.<\/p>\n\n\n\n<p>Onun s\u00f6zl\u0259rin\u0259 g\u00f6r\u0259, t\u0259xmin\u0259n 6300 se\u00e7ki m\u0259nt\u0259q\u0259sinin olaca\u011f\u0131n\u0131 n\u0259z\u0259r\u0259 alsaq, h\u0259r m\u0259nt\u0259q\u0259y\u0259 orta hesabla \u00fc\u00e7 m\u00fc\u015fahid\u0259\u00e7i d\u00fc\u015f\u00fcr:<\/p>\n\n\n\n<p><em>\u201cM\u00fc\u015fahid\u0259\u00e7il\u0259rin \u00e7ox olmas\u0131n\u0131 alq\u0131\u015flay\u0131r\u0131q. Arzu edirik ki, h\u0259min m\u00fc\u015fahid\u0259\u00e7il\u0259r i\u015f\u011faldan azad edilmi\u015f b\u00f6lg\u0259l\u0259rd\u0259 d\u0259 se\u00e7ki prosesini izl\u0259sinl\u0259r\u201d.<\/em><\/p>\n\n\n\n<p>O, i\u015f\u011faldan azad olunan \u0259razil\u0259rd\u0259ki 26 se\u00e7ki m\u0259nt\u0259q\u0259sind\u0259 m\u00fc\u015fahid\u0259 aparma\u011f\u0131n s\u0259rb\u0259st oldu\u011funu vur\u011fulay\u0131b:<\/p>\n\n\n\n<p>&#8220;<em>Beyn\u0259lxalq m\u00fc\u015fahid\u0259\u00e7il\u0259r h\u0259min m\u0259nt\u0259q\u0259l\u0259r\u0259 gedib prosesl\u0259 tan\u0131\u015f ola bil\u0259rl\u0259r. AT\u018fT-in Demokratik T\u0259sisatlar v\u0259 \u0130nsan Haqlar\u0131 B\u00fcrosu art\u0131q beyn\u0259lxalq m\u00fc\u015fahid\u0259\u00e7i kimi f\u0259aliyy\u0259t g\u00f6st\u0259rir. Onlar uzunm\u00fcdd\u0259tli m\u00fc\u015fahid\u0259\u00e7il\u0259ri art\u0131q yerl\u0259r\u0259 g\u00f6nd\u0259ribl\u0259r. Bu m\u00fc\u015fahid\u0259\u00e7il\u0259r kifay\u0259t sayda dair\u0259l\u0259rd\u0259 olublar. \u00c7al\u0131\u015f\u0131r\u0131q ki, onlarla \u0259m\u0259kda\u015fl\u0131\u011f\u0131m\u0131z\u0131 konstruktiv \u0259saslarla quraq\u201d.<\/em><\/p>\n\n\n\n<p>MSK s\u0259dri deyib ki, K\u0130V h\u0259mi\u015f\u0259 m\u00fc\u0259yy\u0259n \u00e7at\u0131\u015fmazl\u0131qlar\u0131 aradan qald\u0131rmaq \u00fc\u00e7\u00fcn add\u0131mlar atmal\u0131d\u0131r:<\/p>\n\n\n\n<p>&#8220;<em>\u018fg\u0259r t\u0259r\u0259fl\u0259r h\u0259min iradlardan n\u0259tic\u0259 \u00e7\u0131xarm\u0131rsa, ondan sonra m\u0259s\u0259l\u0259ni i\u015f\u0131qland\u0131rmaq laz\u0131md\u0131r. Se\u00e7ki m\u0259s\u0259l\u0259sind\u0259 birinci n\u00f6vb\u0259d\u0259 ham\u0131m\u0131z Az\u0259rbaycan v\u0259t\u0259nda\u015f\u0131 kimi \u00e7\u0131x\u0131\u015f etm\u0259liyik&#8221;.<\/em><\/p>\n\n\n\n<p><strong>Se\u00e7kil\u0259r n\u0259 vaxt ke\u00e7iril\u0259c\u0259k v\u0259 kiml\u0259r namiz\u0259ddir?<\/strong><\/p>\n\n\n\n<p>2024-c\u00fc ilin fevral\u0131n 7-d\u0259 Az\u0259rbaycanda n\u00f6vb\u0259d\u0259nk\u0259nar Prezident se\u00e7kil\u0259ri ke\u00e7iril\u0259c\u0259k.<\/p>\n\n\n\n<p>\u0130lham \u018fliyev \u00f6t\u0259n il dekabr\u0131n 7-d\u0259 bununla ba\u011fl\u0131 s\u0259r\u0259ncam imzalay\u0131b.<\/p>\n\n\n\n<p>Namiz\u0259dliyi qeyd\u0259 alnm\u0131\u015f \u015f\u0259xsl\u0259r \u2013 \u00f6lk\u0259 ba\u015f\u00e7\u0131s\u0131 <a href=\"https:\/\/storage.googleapis.com\/qurium\/www.meydan.tv\/az-article-yap-namizedini-resmen-aciqladi.html\">\u0130lham \u018fliyev<\/a>, deputatlar \u2013 <a href=\"https:\/\/storage.googleapis.com\/qurium\/www.meydan.tv\/az-article-fazil-mustafa-da-prezidentliye-namized-olacaq.html\">Fazil Mustafa<\/a>, <a href=\"https:\/\/storage.googleapis.com\/qurium\/www.meydan.tv\/az-article-zahid-oruc-da-prezidentliye-namized-olacaq.html\">Zahid Oruc<\/a>, <a href=\"https:\/\/d9mc3ts4czbpr.cloudfront.net\/az\/article\/qudret-hesenquliyev-yene-namized-olacaq\/\">Q\u00fcdr\u0259t H\u0259s\u0259nquliyev<\/a>, <a href=\"https:\/\/storage.googleapis.com\/qurium\/www.meydan.tv\/az-article-razi-nurullayev-de-namizedliyini-ireli-surub.html\">Razi Nurullayev<\/a>, B\u00f6y\u00fck Az\u0259rbaycan Partiyas\u0131n\u0131n s\u0259dri <a href=\"https:\/\/storage.googleapis.com\/qurium\/www.meydan.tv\/az-article-elsad-musayev-de-prezident-olmaq-isteyir.html\">El\u015fad Musayev<\/a>, <a href=\"https:\/\/www.meydan.tv\/az\/article\/fealiyyetini-dayandiran-partiyanin-sedri-prezidentliye-namized-olacaq\/\">Fuad \u018fliyev<\/a>dir.<\/p>\n\n\n\n<p>Namiz\u0259d S\u0259f\u0259rov, S\u0259rvan K\u0259rimov, <a href=\"https:\/\/storage.googleapis.com\/qurium\/www.meydan.tv\/az-article-prezidentliye-namizedliyini-ireli-suren-sexs-ilham-eliyevi-xilas-etmek-isteyirem-ancaq-o-el-vermir.html\">M\u0259tl\u0259b M\u00fct\u0259llimli<\/a>, Abutal\u0131b S\u0259m\u0259dov, Fikr\u0259t Yusifov, Yusif Ba\u011f\u0131rzad\u0259, Arzuman Abdulk\u0259rimov, Yunus O\u011fuz, Qulamh\u00fcseyn \u018flib\u0259yli namiz\u0259dlikl\u0259rini ir\u0259li s\u00fcrs\u0259l\u0259r d\u0259, onlar qeyd\u0259 al\u0131nmay\u0131blar.<\/p>\n\n\n\n<p>Prezidentliy\u0259 namiz\u0259dliyini ver\u0259n \u015f\u0259xsl\u0259rin h\u0259r biri hakimiyy\u0259ty\u00f6n\u00fcml\u00fc kimi tan\u0131n\u0131r.<\/p>\n\n\n\n<p><a href=\"https:\/\/storage.googleapis.com\/qurium\/www.meydan.tv\/az-article-axcp-de-seckide-istirak-etmeyecek.html\">AXCP<\/a>, <a href=\"https:\/\/storage.googleapis.com\/qurium\/www.meydan.tv\/az-article-musavat-novbedenkenar-seckide-istirakdan-imtina-edib.html\">M\u00fcsavat<\/a> v\u0259 <a href=\"https:\/\/storage.googleapis.com\/qurium\/www.meydan.tv\/az-article-kxcp-de-seckide-istirak-etmeyecek.html\">Klassik Xalq C\u0259bh\u0259si<\/a> partiyalar\u0131 se\u00e7kini boykot ed\u0259c\u0259kl\u0259rini a\u00e7\u0131qlay\u0131blar.<\/p>\n\n\n\n<p>Az\u0259rbaycanda sonuncu d\u0259f\u0259 Prezident se\u00e7kil\u0259ri 2018-ci il aprelin 11-d\u0259 ke\u00e7irilib.<\/p>\n\n\n\n<p>H\u0259min se\u00e7kil\u0259r d\u0259 n\u00f6vb\u0259d\u0259nk\u0259nar olub.<\/p>\n\n\n\n<p>\u0130lham \u018fliyev 20 ildir ki, Prezident v\u0259zif\u0259sini icra edir.<\/p>\n","protected":false},"excerpt":{"rendered":"<p>O, h\u0259r m\u0259nt\u0259q\u0259y\u0259 orta hesabla \u00fc\u00e7 m\u00fc\u015fahid\u0259\u00e7inin d\u00fc\u015fd\u00fcy\u00fcn\u00fc deyib 7 &#8230; <\/p>\n<p class=\"read-more-container\"><a title=\"M\u0259zahir P\u0259nahov: &#8220;\u0130ndiy\u0259d\u0259k 17 min 500-d\u0259n \u00e7ox m\u00fc\u015fahid\u0259\u00e7i qeyd\u0259 al\u0131n\u0131b&#8221;\" class=\"read-more button\" href=\"https:\/\/www.meydan.tv\/az\/article\/mezahir-penahov-indiyedek-17-min-500-den-cox-musahideci-qeyde-alinib\/#more-295101\" aria-label=\"Read more about M\u0259zahir P\u0259nahov: &#8220;\u0130ndiy\u0259d\u0259k 17 min 500-d\u0259n \u00e7ox m\u00fc\u015fahid\u0259\u00e7i qeyd\u0259 al\u0131n\u0131b&#8221;\">Davam\u0131<\/a><\/p>\n","protected":false},"author":8,"featured_media":102114,"comment_status":"closed","ping_status":"closed","sticky":false,"template":"","format":"standard","meta":{"_acf_changed":false,"_sitemap_exclude":false,"_sitemap_priority":"","_sitemap_frequency":"","footnotes":""},"categories":[129,59,56],"tags":[],"class_list":["post-295101","post","type-post","status-publish","format-standard","has-post-thumbnail","hentry","category-sechki-2024","category-siyaset","category-xeberler","infinite-scroll-item","generate-columns","tablet-grid-50","mobile-grid-100","grid-parent","grid-33","no-featured-image-padding"],"acf":[],"yoast_head":"<!-- This site is optimized with the Yoast SEO plugin v27.4 - https:\/\/yoast.com\/product\/yoast-seo-wordpress\/ -->\n<title>M\u0259zahir P\u0259nahov: &quot;\u0130ndiy\u0259d\u0259k 17 min 500-d\u0259n \u00e7ox m\u00fc\u015fahid\u0259\u00e7i qeyd\u0259 al\u0131n\u0131b&quot; - MEYDAN.TV<\/title>\n<meta name=\"robots\" content=\"index, follow, max-snippet:-1, max-image-preview:large, max-video-preview:-1\" \/>\n<link rel=\"canonical\" href=\"https:\/\/www.meydan.tv\/az\/article\/mezahir-penahov-indiyedek-17-min-500-den-cox-musahideci-qeyde-alinib\/\" \/>\n<meta property=\"og:locale\" content=\"az_AZ\" \/>\n<meta property=\"og:type\" content=\"article\" \/>\n<meta property=\"og:title\" content=\"M\u0259zahir P\u0259nahov: &quot;\u0130ndiy\u0259d\u0259k 17 min 500-d\u0259n \u00e7ox m\u00fc\u015fahid\u0259\u00e7i qeyd\u0259 al\u0131n\u0131b&quot; - MEYDAN.TV\" \/>\n<meta property=\"og:description\" content=\"O, h\u0259r m\u0259nt\u0259q\u0259y\u0259 orta hesabla \u00fc\u00e7 m\u00fc\u015fahid\u0259\u00e7inin d\u00fc\u015fd\u00fcy\u00fcn\u00fc deyib 7 ... Davam\u0131\" \/>\n<meta property=\"og:url\" content=\"https:\/\/www.meydan.tv\/az\/article\/mezahir-penahov-indiyedek-17-min-500-den-cox-musahideci-qeyde-alinib\/\" \/>\n<meta property=\"og:site_name\" content=\"MEYDAN.TV\" \/>\n<meta property=\"article:published_time\" content=\"2024-01-11T12:48:55+00:00\" \/>\n<meta property=\"article:modified_time\" content=\"2024-01-11T12:48:59+00:00\" \/>\n<meta property=\"og:image\" content=\"https:\/\/www.meydan.tv\/wp-content\/uploads\/40452.jpg\" \/>\n\t<meta property=\"og:image:width\" content=\"1890\" \/>\n\t<meta property=\"og:image:height\" content=\"1209\" \/>\n\t<meta property=\"og:image:type\" content=\"image\/jpeg\" \/>\n<meta name=\"author\" content=\"elli\" \/>\n<meta name=\"twitter:card\" content=\"summary_large_image\" \/>\n<meta name=\"twitter:creator\" content=\"@elli\" \/>\n<script type=\"application\/ld+json\" class=\"yoast-schema-graph\">{\"@context\":\"https:\\\/\\\/schema.org\",\"@graph\":[{\"@type\":\"Article\",\"@id\":\"https:\\\/\\\/www.meydan.tv\\\/az\\\/article\\\/mezahir-penahov-indiyedek-17-min-500-den-cox-musahideci-qeyde-alinib\\\/#article\",\"isPartOf\":{\"@id\":\"https:\\\/\\\/www.meydan.tv\\\/az\\\/article\\\/mezahir-penahov-indiyedek-17-min-500-den-cox-musahideci-qeyde-alinib\\\/\"},\"author\":{\"name\":\"elli\",\"@id\":\"https:\\\/\\\/www.meydan.tv\\\/az\\\/#\\\/schema\\\/person\\\/9cdbecf90d17180ce1dfbd95b08dcf47\"},\"headline\":\"M\u0259zahir P\u0259nahov: &#8220;\u0130ndiy\u0259d\u0259k 17 min 500-d\u0259n \u00e7ox m\u00fc\u015fahid\u0259\u00e7i qeyd\u0259 al\u0131n\u0131b&#8221;\",\"datePublished\":\"2024-01-11T12:48:55+00:00\",\"dateModified\":\"2024-01-11T12:48:59+00:00\",\"mainEntityOfPage\":{\"@id\":\"https:\\\/\\\/www.meydan.tv\\\/az\\\/article\\\/mezahir-penahov-indiyedek-17-min-500-den-cox-musahideci-qeyde-alinib\\\/\"},\"wordCount\":552,\"publisher\":{\"@id\":\"https:\\\/\\\/www.meydan.tv\\\/az\\\/#organization\"},\"image\":{\"@id\":\"https:\\\/\\\/www.meydan.tv\\\/az\\\/article\\\/mezahir-penahov-indiyedek-17-min-500-den-cox-musahideci-qeyde-alinib\\\/#primaryimage\"},\"thumbnailUrl\":\"https:\\\/\\\/www.meydan.tv\\\/wp-content\\\/uploads\\\/40452.jpg\",\"articleSection\":[\"Se\u00e7ki 2024\",\"Siyas\u0259t\",\"X\u0259b\u0259rl\u0259r\"],\"inLanguage\":\"az\"},{\"@type\":\"WebPage\",\"@id\":\"https:\\\/\\\/www.meydan.tv\\\/az\\\/article\\\/mezahir-penahov-indiyedek-17-min-500-den-cox-musahideci-qeyde-alinib\\\/\",\"url\":\"https:\\\/\\\/www.meydan.tv\\\/az\\\/article\\\/mezahir-penahov-indiyedek-17-min-500-den-cox-musahideci-qeyde-alinib\\\/\",\"name\":\"M\u0259zahir P\u0259nahov: \\\"\u0130ndiy\u0259d\u0259k 17 min 500-d\u0259n \u00e7ox m\u00fc\u015fahid\u0259\u00e7i qeyd\u0259 al\u0131n\u0131b\\\" - MEYDAN.TV\",\"isPartOf\":{\"@id\":\"https:\\\/\\\/www.meydan.tv\\\/az\\\/#website\"},\"primaryImageOfPage\":{\"@id\":\"https:\\\/\\\/www.meydan.tv\\\/az\\\/article\\\/mezahir-penahov-indiyedek-17-min-500-den-cox-musahideci-qeyde-alinib\\\/#primaryimage\"},\"image\":{\"@id\":\"https:\\\/\\\/www.meydan.tv\\\/az\\\/article\\\/mezahir-penahov-indiyedek-17-min-500-den-cox-musahideci-qeyde-alinib\\\/#primaryimage\"},\"thumbnailUrl\":\"https:\\\/\\\/www.meydan.tv\\\/wp-content\\\/uploads\\\/40452.jpg\",\"datePublished\":\"2024-01-11T12:48:55+00:00\",\"dateModified\":\"2024-01-11T12:48:59+00:00\",\"breadcrumb\":{\"@id\":\"https:\\\/\\\/www.meydan.tv\\\/az\\\/article\\\/mezahir-penahov-indiyedek-17-min-500-den-cox-musahideci-qeyde-alinib\\\/#breadcrumb\"},\"inLanguage\":\"az\",\"potentialAction\":[{\"@type\":\"ReadAction\",\"target\":[\"https:\\\/\\\/www.meydan.tv\\\/az\\\/article\\\/mezahir-penahov-indiyedek-17-min-500-den-cox-musahideci-qeyde-alinib\\\/\"]}]},{\"@type\":\"ImageObject\",\"inLanguage\":\"az\",\"@id\":\"https:\\\/\\\/www.meydan.tv\\\/az\\\/article\\\/mezahir-penahov-indiyedek-17-min-500-den-cox-musahideci-qeyde-alinib\\\/#primaryimage\",\"url\":\"https:\\\/\\\/www.meydan.tv\\\/wp-content\\\/uploads\\\/40452.jpg\",\"contentUrl\":\"https:\\\/\\\/www.meydan.tv\\\/wp-content\\\/uploads\\\/40452.jpg\",\"width\":1890,\"height\":1209,\"caption\":\"Foto: arxiv\"},{\"@type\":\"BreadcrumbList\",\"@id\":\"https:\\\/\\\/www.meydan.tv\\\/az\\\/article\\\/mezahir-penahov-indiyedek-17-min-500-den-cox-musahideci-qeyde-alinib\\\/#breadcrumb\",\"itemListElement\":[{\"@type\":\"ListItem\",\"position\":1,\"name\":\"Ana s\u0259hif\u0259\",\"item\":\"https:\\\/\\\/www.meydan.tv\\\/az\\\/\"},{\"@type\":\"ListItem\",\"position\":2,\"name\":\"Siyas\u0259t\",\"item\":\"https:\\\/\\\/www.meydan.tv\\\/az\\\/section\\\/siyaset\\\/\"},{\"@type\":\"ListItem\",\"position\":3,\"name\":\"M\u0259zahir P\u0259nahov: &#8220;\u0130ndiy\u0259d\u0259k 17 min 500-d\u0259n \u00e7ox m\u00fc\u015fahid\u0259\u00e7i qeyd\u0259 al\u0131n\u0131b&#8221;\"}]},{\"@type\":\"WebSite\",\"@id\":\"https:\\\/\\\/www.meydan.tv\\\/az\\\/#website\",\"url\":\"https:\\\/\\\/www.meydan.tv\\\/az\\\/\",\"name\":\"MEYDAN.TV\",\"description\":\"Meydan TV Az\u0259rbaycan\u0131n media m\u0259kan\u0131ndak\u0131 alternativ s\u0259sidir\",\"publisher\":{\"@id\":\"https:\\\/\\\/www.meydan.tv\\\/az\\\/#organization\"},\"potentialAction\":[{\"@type\":\"SearchAction\",\"target\":{\"@type\":\"EntryPoint\",\"urlTemplate\":\"https:\\\/\\\/www.meydan.tv\\\/az\\\/?s={search_term_string}\"},\"query-input\":{\"@type\":\"PropertyValueSpecification\",\"valueRequired\":true,\"valueName\":\"search_term_string\"}}],\"inLanguage\":\"az\"},{\"@type\":\"Organization\",\"@id\":\"https:\\\/\\\/www.meydan.tv\\\/az\\\/#organization\",\"name\":\"Meydan TV\",\"url\":\"https:\\\/\\\/www.meydan.tv\\\/az\\\/\",\"logo\":{\"@type\":\"ImageObject\",\"inLanguage\":\"az\",\"@id\":\"https:\\\/\\\/www.meydan.tv\\\/az\\\/#\\\/schema\\\/logo\\\/image\\\/\",\"url\":\"https:\\\/\\\/www.meydan.tv\\\/wp-content\\\/uploads\\\/2021\\\/07\\\/meydan-logo.svg\",\"contentUrl\":\"https:\\\/\\\/www.meydan.tv\\\/wp-content\\\/uploads\\\/2021\\\/07\\\/meydan-logo.svg\",\"width\":195,\"height\":46,\"caption\":\"Meydan TV\"},\"image\":{\"@id\":\"https:\\\/\\\/www.meydan.tv\\\/az\\\/#\\\/schema\\\/logo\\\/image\\\/\"}},{\"@type\":\"Person\",\"@id\":\"https:\\\/\\\/www.meydan.tv\\\/az\\\/#\\\/schema\\\/person\\\/9cdbecf90d17180ce1dfbd95b08dcf47\",\"name\":\"elli\",\"sameAs\":[\"https:\\\/\\\/x.com\\\/elli\"]}]}<\/script>\n<!-- \/ Yoast SEO plugin. -->","yoast_head_json":{"title":"M\u0259zahir P\u0259nahov: \"\u0130ndiy\u0259d\u0259k 17 min 500-d\u0259n \u00e7ox m\u00fc\u015fahid\u0259\u00e7i qeyd\u0259 al\u0131n\u0131b\" - MEYDAN.TV","robots":{"index":"index","follow":"follow","max-snippet":"max-snippet:-1","max-image-preview":"max-image-preview:large","max-video-preview":"max-video-preview:-1"},"canonical":"https:\/\/www.meydan.tv\/az\/article\/mezahir-penahov-indiyedek-17-min-500-den-cox-musahideci-qeyde-alinib\/","og_locale":"az_AZ","og_type":"article","og_title":"M\u0259zahir P\u0259nahov: \"\u0130ndiy\u0259d\u0259k 17 min 500-d\u0259n \u00e7ox m\u00fc\u015fahid\u0259\u00e7i qeyd\u0259 al\u0131n\u0131b\" - MEYDAN.TV","og_description":"O, h\u0259r m\u0259nt\u0259q\u0259y\u0259 orta hesabla \u00fc\u00e7 m\u00fc\u015fahid\u0259\u00e7inin d\u00fc\u015fd\u00fcy\u00fcn\u00fc deyib 7 ... Davam\u0131","og_url":"https:\/\/www.meydan.tv\/az\/article\/mezahir-penahov-indiyedek-17-min-500-den-cox-musahideci-qeyde-alinib\/","og_site_name":"MEYDAN.TV","article_published_time":"2024-01-11T12:48:55+00:00","article_modified_time":"2024-01-11T12:48:59+00:00","og_image":[{"width":1890,"height":1209,"url":"https:\/\/www.meydan.tv\/wp-content\/uploads\/40452.jpg","type":"image\/jpeg"}],"author":"elli","twitter_card":"summary_large_image","twitter_creator":"@elli","schema":{"@context":"https:\/\/schema.org","@graph":[{"@type":"Article","@id":"https:\/\/www.meydan.tv\/az\/article\/mezahir-penahov-indiyedek-17-min-500-den-cox-musahideci-qeyde-alinib\/#article","isPartOf":{"@id":"https:\/\/www.meydan.tv\/az\/article\/mezahir-penahov-indiyedek-17-min-500-den-cox-musahideci-qeyde-alinib\/"},"author":{"name":"elli","@id":"https:\/\/www.meydan.tv\/az\/#\/schema\/person\/9cdbecf90d17180ce1dfbd95b08dcf47"},"headline":"M\u0259zahir P\u0259nahov: &#8220;\u0130ndiy\u0259d\u0259k 17 min 500-d\u0259n \u00e7ox m\u00fc\u015fahid\u0259\u00e7i qeyd\u0259 al\u0131n\u0131b&#8221;","datePublished":"2024-01-11T12:48:55+00:00","dateModified":"2024-01-11T12:48:59+00:00","mainEntityOfPage":{"@id":"https:\/\/www.meydan.tv\/az\/article\/mezahir-penahov-indiyedek-17-min-500-den-cox-musahideci-qeyde-alinib\/"},"wordCount":552,"publisher":{"@id":"https:\/\/www.meydan.tv\/az\/#organization"},"image":{"@id":"https:\/\/www.meydan.tv\/az\/article\/mezahir-penahov-indiyedek-17-min-500-den-cox-musahideci-qeyde-alinib\/#primaryimage"},"thumbnailUrl":"https:\/\/www.meydan.tv\/wp-content\/uploads\/40452.jpg","articleSection":["Se\u00e7ki 2024","Siyas\u0259t","X\u0259b\u0259rl\u0259r"],"inLanguage":"az"},{"@type":"WebPage","@id":"https:\/\/www.meydan.tv\/az\/article\/mezahir-penahov-indiyedek-17-min-500-den-cox-musahideci-qeyde-alinib\/","url":"https:\/\/www.meydan.tv\/az\/article\/mezahir-penahov-indiyedek-17-min-500-den-cox-musahideci-qeyde-alinib\/","name":"M\u0259zahir P\u0259nahov: \"\u0130ndiy\u0259d\u0259k 17 min 500-d\u0259n \u00e7ox m\u00fc\u015fahid\u0259\u00e7i qeyd\u0259 al\u0131n\u0131b\" - MEYDAN.TV","isPartOf":{"@id":"https:\/\/www.meydan.tv\/az\/#website"},"primaryImageOfPage":{"@id":"https:\/\/www.meydan.tv\/az\/article\/mezahir-penahov-indiyedek-17-min-500-den-cox-musahideci-qeyde-alinib\/#primaryimage"},"image":{"@id":"https:\/\/www.meydan.tv\/az\/article\/mezahir-penahov-indiyedek-17-min-500-den-cox-musahideci-qeyde-alinib\/#primaryimage"},"thumbnailUrl":"https:\/\/www.meydan.tv\/wp-content\/uploads\/40452.jpg","datePublished":"2024-01-11T12:48:55+00:00","dateModified":"2024-01-11T12:48:59+00:00","breadcrumb":{"@id":"https:\/\/www.meydan.tv\/az\/article\/mezahir-penahov-indiyedek-17-min-500-den-cox-musahideci-qeyde-alinib\/#breadcrumb"},"inLanguage":"az","potentialAction":[{"@type":"ReadAction","target":["https:\/\/www.meydan.tv\/az\/article\/mezahir-penahov-indiyedek-17-min-500-den-cox-musahideci-qeyde-alinib\/"]}]},{"@type":"ImageObject","inLanguage":"az","@id":"https:\/\/www.meydan.tv\/az\/article\/mezahir-penahov-indiyedek-17-min-500-den-cox-musahideci-qeyde-alinib\/#primaryimage","url":"https:\/\/www.meydan.tv\/wp-content\/uploads\/40452.jpg","contentUrl":"https:\/\/www.meydan.tv\/wp-content\/uploads\/40452.jpg","width":1890,"height":1209,"caption":"Foto: arxiv"},{"@type":"BreadcrumbList","@id":"https:\/\/www.meydan.tv\/az\/article\/mezahir-penahov-indiyedek-17-min-500-den-cox-musahideci-qeyde-alinib\/#breadcrumb","itemListElement":[{"@type":"ListItem","position":1,"name":"Ana s\u0259hif\u0259","item":"https:\/\/www.meydan.tv\/az\/"},{"@type":"ListItem","position":2,"name":"Siyas\u0259t","item":"https:\/\/www.meydan.tv\/az\/section\/siyaset\/"},{"@type":"ListItem","position":3,"name":"M\u0259zahir P\u0259nahov: &#8220;\u0130ndiy\u0259d\u0259k 17 min 500-d\u0259n \u00e7ox m\u00fc\u015fahid\u0259\u00e7i qeyd\u0259 al\u0131n\u0131b&#8221;"}]},{"@type":"WebSite","@id":"https:\/\/www.meydan.tv\/az\/#website","url":"https:\/\/www.meydan.tv\/az\/","name":"MEYDAN.TV","description":"Meydan TV Az\u0259rbaycan\u0131n media m\u0259kan\u0131ndak\u0131 alternativ s\u0259sidir","publisher":{"@id":"https:\/\/www.meydan.tv\/az\/#organization"},"potentialAction":[{"@type":"SearchAction","target":{"@type":"EntryPoint","urlTemplate":"https:\/\/www.meydan.tv\/az\/?s={search_term_string}"},"query-input":{"@type":"PropertyValueSpecification","valueRequired":true,"valueName":"search_term_string"}}],"inLanguage":"az"},{"@type":"Organization","@id":"https:\/\/www.meydan.tv\/az\/#organization","name":"Meydan TV","url":"https:\/\/www.meydan.tv\/az\/","logo":{"@type":"ImageObject","inLanguage":"az","@id":"https:\/\/www.meydan.tv\/az\/#\/schema\/logo\/image\/","url":"https:\/\/www.meydan.tv\/wp-content\/uploads\/2021\/07\/meydan-logo.svg","contentUrl":"https:\/\/www.meydan.tv\/wp-content\/uploads\/2021\/07\/meydan-logo.svg","width":195,"height":46,"caption":"Meydan TV"},"image":{"@id":"https:\/\/www.meydan.tv\/az\/#\/schema\/logo\/image\/"}},{"@type":"Person","@id":"https:\/\/www.meydan.tv\/az\/#\/schema\/person\/9cdbecf90d17180ce1dfbd95b08dcf47","name":"elli","sameAs":["https:\/\/x.com\/elli"]}]}},"_links":{"self":[{"href":"https:\/\/www.meydan.tv\/az\/wp-json\/wp\/v2\/posts\/295101","targetHints":{"allow":["GET"]}}],"collection":[{"href":"https:\/\/www.meydan.tv\/az\/wp-json\/wp\/v2\/posts"}],"about":[{"href":"https:\/\/www.meydan.tv\/az\/wp-json\/wp\/v2\/types\/post"}],"author":[{"embeddable":true,"href":"https:\/\/www.meydan.tv\/az\/wp-json\/wp\/v2\/users\/8"}],"replies":[{"embeddable":true,"href":"https:\/\/www.meydan.tv\/az\/wp-json\/wp\/v2\/comments?post=295101"}],"version-history":[{"count":1,"href":"https:\/\/www.meydan.tv\/az\/wp-json\/wp\/v2\/posts\/295101\/revisions"}],"predecessor-version":[{"id":295102,"href":"https:\/\/www.meydan.tv\/az\/wp-json\/wp\/v2\/posts\/295101\/revisions\/295102"}],"wp:featuredmedia":[{"embeddable":true,"href":"https:\/\/www.meydan.tv\/az\/wp-json\/wp\/v2\/media\/102114"}],"wp:attachment":[{"href":"https:\/\/www.meydan.tv\/az\/wp-json\/wp\/v2\/media?parent=295101"}],"wp:term":[{"taxonomy":"category","embeddable":true,"href":"https:\/\/www.meydan.tv\/az\/wp-json\/wp\/v2\/categories?post=295101"},{"taxonomy":"post_tag","embeddable":true,"href":"https:\/\/www.meydan.tv\/az\/wp-json\/wp\/v2\/tags?post=295101"}],"curies":[{"name":"wp","href":"https:\/\/api.w.org\/{rel}","templated":true}]}}