{"id":295082,"date":"2024-01-11T13:41:02","date_gmt":"2024-01-11T09:41:02","guid":{"rendered":"https:\/\/www.meydan.tv\/?p=295082"},"modified":"2024-01-11T14:22:04","modified_gmt":"2024-01-11T10:22:04","slug":"son-20-ilin-secki-menzeresi-yaxud-ilham-eliyevin-reqibleri","status":"publish","type":"post","link":"https:\/\/www.meydan.tv\/az\/article\/son-20-ilin-secki-menzeresi-yaxud-ilham-eliyevin-reqibleri\/","title":{"rendered":"Son 20 ilin se\u00e7ki m\u0259nz\u0259r\u0259si, yaxud \u0130lham \u018fliyevin &#8220;r\u0259qibl\u0259ri&#8221;"},"content":{"rendered":"\n<p><\/p>\n\n\n\n<p><strong>Natiq Cavadl\u0131<\/strong><\/p>\n\n\n\n<p><strong><em>\u00d6z\u00fcn\u0259 M\u00fcz\u0259ff\u0259r Ali Ba\u015f Komandan dedizdir\u0259n prezident\u00a0 bu c\u00fcr z\u0259if alternativl\u0259rl\u0259 yar\u0131\u015f\u0131 nec\u0259 r\u0259va bilir?<br><\/em><\/strong><br>7 fevral n\u00f6vb\u0259d\u0259nk\u0259nar Prezident se\u00e7kil\u0259rin\u0259 1 aydan da az zaman qal\u0131r. Art\u0131q namiz\u0259dl\u0259r m\u0259lumdur. 20 ildir \u00f6lk\u0259y\u0259 r\u0259hb\u0259rlik ed\u0259n \u0130lham \u018fliyevl\u0259 se\u00e7ki yar\u0131\u015f\u0131na ba\u015flayan deputatlar Fazil Mustafa, Zahid Oruc, Q\u00fcdr\u0259t H\u0259s\u0259nquliyev, Razi Nurullayev v\u0259 B\u00f6y\u00fck Az\u0259rbaycan Partiyas\u0131n\u0131n s\u0259dri El\u015fad Musayev, M\u00fcst\u0259qil H\u0259mkarlar Birliyinin s\u0259dri Fuad \u018fliyevdir.<\/p>\n\n\n\n<p>Adlar\u0131 \u00e7\u0259kil\u0259n deputatlardan \u00fc\u00e7\u00fc partiya r\u0259hb\u0259ridir, Fazil Mustafa B\u00f6y\u00fck Qurulu\u015f, Q\u00fcdr\u0259t H\u0259s\u0259nquliyev B\u00fct\u00f6v Az\u0259rbaycan Xalq C\u0259bh\u0259si, Razi Nurullayev Milli C\u0259bh\u0259nin.<\/p>\n\n\n\n<p>Onlar\u0131n aras\u0131nda BAXCP s\u0259dri Q\u00fcdr\u0259t H\u0259s\u0259nquliyev son 20 ild\u0259 ke\u00e7iril\u0259n b\u00fct\u00fcn prezident se\u00e7kil\u0259rind\u0259 i\u015ftirak edib v\u0259 onun toplad\u0131\u011f\u0131 \u00fcmumi s\u0259sl\u0259r 7.79 faiz civar\u0131ndad\u0131r. M\u0259s\u0259l\u0259n, MSK-n\u0131n m\u0259lumat\u0131na g\u00f6r\u0259, Q\u00fcdr\u0259t H\u0259s\u0259nquliyev 2003-c\u00fc il se\u00e7kil\u0259rind\u0259 0.50 faiz (12071), 2008-ci il se\u00e7kil\u0259rind\u0259 2.28 faiz (83037), 2013-c\u00fc ild\u0259 1,99 faiz, (73586), n\u0259hay\u0259t, sonuncu 2018-ci il se\u00e7kil\u0259rind\u0259 3.02 faiz (119 311) s\u0259s toplay\u0131b.<\/p>\n\n\n\n<p>Maraql\u0131 m\u0259qam BAXCP s\u0259drinin 2018-ci il se\u00e7kil\u0259rind\u0259 partiyas\u0131 olmayan Zahid Orucdan da az s\u0259s toplamas\u0131d\u0131r. Y\u0259ni MSK-n\u0131n n\u0259tic\u0259l\u0259rin\u0259 \u0259saslansaq, Sosial T\u0259dqiqatlar M\u0259rk\u0259zinin \u0130dar\u0259 Hey\u0259tinin s\u0259dri Zahid Oruc &#8220;ana m\u00fcxalif\u0259t&#8221;dir.<\/p>\n\n\n\n<p>Deputat Zahid Oruc ilk d\u0259f\u0259 2013-c\u00fc il Prezident se\u00e7kil\u0259rind\u0259 i\u015ftirak edib v\u0259 r\u0259smi m\u0259lumatda onun 1,45 faiz (53717) s\u0259s toplad\u0131\u011f\u0131 qeyd olunub. N\u00f6vb\u0259ti 2018-ci il se\u00e7kil\u0259rind\u0259 Zahid Oruc 3.12 faiz (122 956) s\u0259s toplamaqla se\u00e7ki yar\u0131\u015f\u0131na qat\u0131lan Demokrat Partiyas\u0131n\u0131n s\u0259dri S\u0259rdar C\u0259lalo\u011flunu (3.03), BAXCP s\u0259dri Q\u00fcdr\u0259t H\u0259s\u0259nquliyevi (3.02), Sosial Demokrat Partiyas\u0131n\u0131n s\u0259dri Araz \u018flizad\u0259ni (1.38), Milli Dir\u00e7\u0259li\u015f H\u0259r\u0259kat\u0131n\u0131n s\u0259dri F\u0259r\u0259c Quliyevi (1.17) v\u0259 Milli C\u0259bh\u0259 Partiyas\u0131n\u0131n s\u0259dri Razi Nurullayevi (0.78) gerid\u0259 qoyub. Bel\u0259likl\u0259, Z.Orucun 2 se\u00e7kid\u0259 toplad\u0131\u011f\u0131 \u00fcmumu s\u0259s 4.57 faizdir. V\u0259 bu d\u0259f\u0259ki se\u00e7kil\u0259r\u0259 d\u0259 qat\u0131lan Zahid Orucun s\u0259dri oldu\u011fu Sosial T\u0259dqiqatlar M\u0259rk\u0259zinin sor\u011fular\u0131n\u0131n n\u0259tic\u0259l\u0259rind\u0259 \u0130lham \u018fliyev h\u0259mi\u015f\u0259 \u0259n y\u00fcks\u0259k reytinqli siyas\u0259t\u00e7i kimi g\u00f6st\u0259rilib. B\u0259s bunu bil\u0259-bil\u0259 m\u0259rk\u0259z s\u0259dri niy\u0259 \u00fc\u00e7\u00fcnc\u00fc d\u0259f\u0259dir se\u00e7kil\u0259rd\u0259 i\u015ftirak edir? H\u0259r halda bu suala onun \u00f6z\u00fc cavab ver\u0259 bil\u0259r.<\/p>\n\n\n\n<p>Dig\u0259r namiz\u0259dl\u0259r Fazil Mustafa v\u0259 Razi Nurullayev is\u0259 2-ci d\u0259f\u0259dir Prezident se\u00e7kil\u0259rin\u0259 qat\u0131l\u0131rlar. B\u00f6y\u00fck Qurulu\u015f Partiyas\u0131n\u0131n ba\u015fqan\u0131 Fazil Mustafa 2008-ci il se\u00e7kil\u0259rind\u0259 2.47 faiz (89985), Milli C\u0259bh\u0259 Partiyas\u0131n\u0131n s\u0259dri Razi Nurullayev is\u0259 2018-ci ild\u0259 0,74 faizl\u0259 (29.229) 8 namiz\u0259d aras\u0131nda sonuncu n\u0259tic\u0259ni g\u00f6st\u0259rib.<\/p>\n\n\n\n<p>M\u00fcst\u0259qil H\u0259mkarlar Birliyinin s\u0259dri Fuad \u018fliyev d\u0259 ikinci d\u0259f\u0259dir Prezident se\u00e7kil\u0259rind\u0259 i\u015ftirak edir. Fuad \u018fliyev ilk d\u0259f\u0259 2008-ci il se\u00e7kil\u0259rin\u0259 qat\u0131lark\u0259n Liberal Demokrat Partiyas\u0131n\u0131n s\u0259dri olsa da, 1 faizd\u0259n d\u0259 az s\u0259s toplay\u0131b (0.78 faiz). Maraql\u0131d\u0131r ki, namiz\u0259dliyinin qeyd\u0259 al\u0131nmas\u0131 \u00fc\u00e7\u00fcn MSK-ya 40 min imza t\u0259hvil ver\u0259n F.\u018fliyev 28 min 423 n\u0259f\u0259r s\u0259s alm\u0131\u015fd\u0131. Bu c\u00fcr \u0259caiblik Az\u0259rbaycan se\u00e7kil\u0259rind\u0259 adi hald\u0131r.<\/p>\n\n\n\n<p>B\u00f6y\u00fck Az\u0259rbaycan Partiyas\u0131n\u0131n s\u0259dri El\u015fad Musayev\u0259 g\u0259linc\u0259, ke\u00e7mi\u015f AM\u0130P-\u00e7i ilk d\u0259f\u0259dir d\u00f6vl\u0259t ba\u015f\u00e7\u0131s\u0131 se\u00e7kisi yar\u0131\u015f\u0131nda \u00f6z\u00fcn\u00fc s\u0131nay\u0131r. Dediyin\u0259 g\u00f6r\u0259, 2003-c\u00fc ild\u0259 namiz\u0259dliyini ir\u0259li s\u00fcrs\u0259 d\u0259, MSK onu qeyd\u0259 almay\u0131b.<\/p>\n\n\n\n<p>Bel\u0259likl\u0259, 7 fevral n\u00f6vb\u0259d\u0259nk\u0259nar Prezident se\u00e7kil\u0259rin\u0259 qat\u0131lan namiz\u0259dl\u0259rin \u0259vv\u0259lki se\u00e7kil\u0259rd\u0259 toplad\u0131\u011f\u0131 s\u0259sl\u0259r \u00fcmumilikd\u0259 16,35 faizdir. Bu is\u0259 \u0130lham \u018fliyevin t\u0259kc\u0259 2003-c\u00fc il Prezident se\u00e7kil\u0259rind\u0259 toplad\u0131\u011f\u0131ndan (76.84 faiz) 6 d\u0259f\u0259 azd\u0131r. Sual yaran\u0131r, 20 il \u0259vv\u0259lki d\u00f6vrl\u0259 m\u00fcqayis\u0259d\u0259 qat-qat g\u00fccl\u00fc olan v\u0259 Qaraba\u011f problemini h\u0259ll ed\u0259n \u018fliyevl\u0259 yar\u0131\u015fa gir\u0259nl\u0259r hans\u0131 n\u0259tic\u0259ni \u0259sas g\u00f6t\u00fcr\u00fcb prosesd\u0259 dividentl\u0259r qazanacaqlar\u0131n\u0131 hesablay\u0131blar? M\u0259s\u0259l\u0259n, 2003-c\u00fc ild\u0259n b\u0259ri ke\u00e7iril\u0259n b\u00fct\u00fcn Prezident se\u00e7kil\u0259rind\u0259 \u00fcmumi s\u0259s qazanc\u0131 7-8 faiz civar\u0131nda olan v\u0259 siyasi f\u0259aliyy\u0259ti boyu hakimiyy\u0259ti d\u0259st\u0259kl\u0259y\u0259n Q\u00fcdr\u0259t H\u0259s\u0259nquliyevi, \u0259vv\u0259lc\u0259d\u0259n n\u0259tic\u0259l\u0259rini bildiyi \u201cse\u00e7ki tama\u015fas\u0131\u201dnda i\u015ftiraka hans\u0131 amill\u0259r vadar edir? \u018flb\u0259tt\u0259, Az\u0259rbaycan ger\u00e7\u0259kliyi \u201caxan \u00e7aya iki d\u0259f\u0259 girm\u0259k olmur\u201d m\u0259ntiqini r\u0259dd edir.<\/p>\n\n\n\n<p>H\u0259tta onlar\u0131n \u00fcmumi s\u0259si 20 il \u0259vv\u0259lki se\u00e7kil\u0259rd\u0259ki r\u0259smi m\u0259lumata g\u00f6r\u0259 ikinci v\u0259 \u00fc\u00e7\u00fcnc\u00fc yerl\u0259ri b\u00f6l\u00fc\u015fd\u00fcr\u0259n \u0130sa Q\u0259mb\u0259r (13.97) v\u0259 Lal\u0259 \u015e\u00f6vk\u0259tin (3.62) birg\u0259 toplad\u0131qlar\u0131ndan da (17.59 faiz) azd\u0131r.<\/p>\n\n\n\n<p>M\u0259s\u0259l\u0259y\u0259 \u0259ks aspektd\u0259n baxaq, \u00f6z\u00fcn\u0259 M\u00fcz\u0259ff\u0259r Ali Ba\u015f Komandan dedizdir\u0259n Prezident bu c\u00fcr z\u0259if alternativl\u0259rl\u0259 yar\u0131\u015f\u0131 nec\u0259 r\u0259va bilir? 20 illik hakimiyy\u0259ti zaman\u0131 4 Prezident se\u00e7kisind\u0259 70-80 faizd\u0259n \u00e7ox s\u0259s ald\u0131\u011f\u0131 elan olunan, regionun lider d\u00f6vl\u0259tini yaratd\u0131\u011f\u0131n\u0131 iddia ed\u0259n v\u0259 n\u0259hay\u0259t, Qaraba\u011f problemin\u0259 son qoydu\u011funu dey\u0259n \u0130lham \u018fliyev \u00f6z\u00fcn\u0259 arxay\u0131n deyilmi ki, se\u00e7ki qanunvericiliyini t\u0259kmill\u0259\u015fdirib, 23 g\u00fcnl\u00fck t\u0259bli\u011fat kampaniyas\u0131n\u0131 25 il \u0259vv\u0259l oldu\u011fu kimi (1998-ci il) 60 g\u00fcn\u0259 qald\u0131r\u0131b yar\u0131\u015f t\u0259\u015fkil etsin? Suallar\u0131n ax\u0131n\u0131 dayanm\u0131r, lakin hakimiyy\u0259t bunlar\u0131 g\u00f6rm\u0259zd\u0259n g\u0259lir. Zaman is\u0259 amans\u0131zd\u0131r, tarix bu c\u00fcr g\u00f6rm\u0259zliyin \u0259b\u0259diyy\u0259t\u0259 q\u0259d\u0259r davam etdiyin\u0259 \u015fahid deyil. Dialektikan\u0131n qanunauy\u011funlu\u011fu bir g\u00fcn ill\u0259rl\u0259 t\u0259krar olunan t\u0259krarl\u0131\u011f\u0131 da\u011f\u0131d\u0131r.<\/p>\n\n\n\n<p>M\u00fcxalif partiya s\u0259drl\u0259rinin se\u00e7kil\u0259rd\u0259 i\u015ftiraklar\u0131na g\u0259ldikd\u0259, M\u00fcsavat Partiyas\u0131n\u0131n sabiq ba\u015fqan\u0131 \u0130sa Q\u0259mb\u0259r yaln\u0131z 2003-c\u00fc ilin se\u00e7ki yar\u0131\u015f\u0131nda i\u015ftirak edib. AM\u0130P-in ke\u00e7mi\u015f s\u0259dri Etibar M\u0259mm\u0259dov 1998 v\u0259 2003, Lal\u0259 \u015e\u00f6vk\u0259t Hac\u0131yeva 2003-c\u00fc il se\u00e7ki yar\u0131\u015f\u0131na qat\u0131l\u0131blar. AXCP s\u0259dri \u018fli K\u0259rimli v\u0259 REAL Partiyas\u0131n\u0131n s\u0259dri \u0130lqar M\u0259mm\u0259dov is\u0259 Prezident se\u00e7kil\u0259rinin he\u00e7 birind\u0259 i\u015ftirak etm\u0259yibl\u0259r.<\/p>\n","protected":false},"excerpt":{"rendered":"<p>Natiq Cavadl\u0131 \u00d6z\u00fcn\u0259 M\u00fcz\u0259ff\u0259r Ali Ba\u015f Komandan dedizdir\u0259n prezident\u00a0 bu &#8230; <\/p>\n<p class=\"read-more-container\"><a title=\"Son 20 ilin se\u00e7ki m\u0259nz\u0259r\u0259si, yaxud \u0130lham \u018fliyevin &#8220;r\u0259qibl\u0259ri&#8221;\" class=\"read-more button\" href=\"https:\/\/www.meydan.tv\/az\/article\/son-20-ilin-secki-menzeresi-yaxud-ilham-eliyevin-reqibleri\/#more-295082\" aria-label=\"Read more about Son 20 ilin se\u00e7ki m\u0259nz\u0259r\u0259si, yaxud \u0130lham \u018fliyevin &#8220;r\u0259qibl\u0259ri&#8221;\">Davam\u0131<\/a><\/p>\n","protected":false},"author":8,"featured_media":295090,"comment_status":"closed","ping_status":"closed","sticky":false,"template":"","format":"standard","meta":{"_acf_changed":false,"_sitemap_exclude":false,"_sitemap_priority":"","_sitemap_frequency":"","footnotes":""},"categories":[129,59,79,56],"tags":[],"class_list":["post-295082","post","type-post","status-publish","format-standard","has-post-thumbnail","hentry","category-sechki-2024","category-siyaset","category-featured","category-xeberler","infinite-scroll-item","generate-columns","tablet-grid-50","mobile-grid-100","grid-parent","grid-33","no-featured-image-padding"],"acf":[],"yoast_head":"<!-- This site is optimized with the Yoast SEO plugin v27.4 - https:\/\/yoast.com\/product\/yoast-seo-wordpress\/ -->\n<title>Son 20 ilin se\u00e7ki m\u0259nz\u0259r\u0259si, yaxud \u0130lham \u018fliyevin &quot;r\u0259qibl\u0259ri&quot; - MEYDAN.TV<\/title>\n<meta name=\"robots\" content=\"index, follow, max-snippet:-1, max-image-preview:large, max-video-preview:-1\" \/>\n<link rel=\"canonical\" href=\"https:\/\/www.meydan.tv\/az\/article\/son-20-ilin-secki-menzeresi-yaxud-ilham-eliyevin-reqibleri\/\" \/>\n<meta property=\"og:locale\" content=\"az_AZ\" \/>\n<meta property=\"og:type\" content=\"article\" \/>\n<meta property=\"og:title\" content=\"Son 20 ilin se\u00e7ki m\u0259nz\u0259r\u0259si, yaxud \u0130lham \u018fliyevin &quot;r\u0259qibl\u0259ri&quot; - MEYDAN.TV\" \/>\n<meta property=\"og:description\" content=\"Natiq Cavadl\u0131 \u00d6z\u00fcn\u0259 M\u00fcz\u0259ff\u0259r Ali Ba\u015f Komandan dedizdir\u0259n prezident\u00a0 bu ... Davam\u0131\" \/>\n<meta property=\"og:url\" content=\"https:\/\/www.meydan.tv\/az\/article\/son-20-ilin-secki-menzeresi-yaxud-ilham-eliyevin-reqibleri\/\" \/>\n<meta property=\"og:site_name\" content=\"MEYDAN.TV\" \/>\n<meta property=\"article:published_time\" content=\"2024-01-11T09:41:02+00:00\" \/>\n<meta property=\"article:modified_time\" content=\"2024-01-11T10:22:04+00:00\" \/>\n<meta property=\"og:image\" content=\"https:\/\/www.meydan.tv\/wp-content\/uploads\/img_0449-e1704968477834.jpg\" \/>\n\t<meta property=\"og:image:width\" content=\"1280\" \/>\n\t<meta property=\"og:image:height\" content=\"552\" \/>\n\t<meta property=\"og:image:type\" content=\"image\/jpeg\" \/>\n<meta name=\"author\" content=\"elli\" \/>\n<meta name=\"twitter:card\" content=\"summary_large_image\" \/>\n<meta name=\"twitter:creator\" content=\"@elli\" \/>\n<script type=\"application\/ld+json\" class=\"yoast-schema-graph\">{\"@context\":\"https:\\\/\\\/schema.org\",\"@graph\":[{\"@type\":\"Article\",\"@id\":\"https:\\\/\\\/www.meydan.tv\\\/az\\\/article\\\/son-20-ilin-secki-menzeresi-yaxud-ilham-eliyevin-reqibleri\\\/#article\",\"isPartOf\":{\"@id\":\"https:\\\/\\\/www.meydan.tv\\\/az\\\/article\\\/son-20-ilin-secki-menzeresi-yaxud-ilham-eliyevin-reqibleri\\\/\"},\"author\":{\"name\":\"elli\",\"@id\":\"https:\\\/\\\/www.meydan.tv\\\/az\\\/#\\\/schema\\\/person\\\/9cdbecf90d17180ce1dfbd95b08dcf47\"},\"headline\":\"Son 20 ilin se\u00e7ki m\u0259nz\u0259r\u0259si, yaxud \u0130lham \u018fliyevin &#8220;r\u0259qibl\u0259ri&#8221;\",\"datePublished\":\"2024-01-11T09:41:02+00:00\",\"dateModified\":\"2024-01-11T10:22:04+00:00\",\"mainEntityOfPage\":{\"@id\":\"https:\\\/\\\/www.meydan.tv\\\/az\\\/article\\\/son-20-ilin-secki-menzeresi-yaxud-ilham-eliyevin-reqibleri\\\/\"},\"wordCount\":1169,\"publisher\":{\"@id\":\"https:\\\/\\\/www.meydan.tv\\\/az\\\/#organization\"},\"image\":{\"@id\":\"https:\\\/\\\/www.meydan.tv\\\/az\\\/article\\\/son-20-ilin-secki-menzeresi-yaxud-ilham-eliyevin-reqibleri\\\/#primaryimage\"},\"thumbnailUrl\":\"https:\\\/\\\/www.meydan.tv\\\/wp-content\\\/uploads\\\/img_0449-e1704968477834.jpg\",\"articleSection\":[\"Se\u00e7ki 2024\",\"Siyas\u0259t\",\"T\u00f6vsiy\u0259\",\"X\u0259b\u0259rl\u0259r\"],\"inLanguage\":\"az\"},{\"@type\":\"WebPage\",\"@id\":\"https:\\\/\\\/www.meydan.tv\\\/az\\\/article\\\/son-20-ilin-secki-menzeresi-yaxud-ilham-eliyevin-reqibleri\\\/\",\"url\":\"https:\\\/\\\/www.meydan.tv\\\/az\\\/article\\\/son-20-ilin-secki-menzeresi-yaxud-ilham-eliyevin-reqibleri\\\/\",\"name\":\"Son 20 ilin se\u00e7ki m\u0259nz\u0259r\u0259si, yaxud \u0130lham \u018fliyevin \\\"r\u0259qibl\u0259ri\\\" - MEYDAN.TV\",\"isPartOf\":{\"@id\":\"https:\\\/\\\/www.meydan.tv\\\/az\\\/#website\"},\"primaryImageOfPage\":{\"@id\":\"https:\\\/\\\/www.meydan.tv\\\/az\\\/article\\\/son-20-ilin-secki-menzeresi-yaxud-ilham-eliyevin-reqibleri\\\/#primaryimage\"},\"image\":{\"@id\":\"https:\\\/\\\/www.meydan.tv\\\/az\\\/article\\\/son-20-ilin-secki-menzeresi-yaxud-ilham-eliyevin-reqibleri\\\/#primaryimage\"},\"thumbnailUrl\":\"https:\\\/\\\/www.meydan.tv\\\/wp-content\\\/uploads\\\/img_0449-e1704968477834.jpg\",\"datePublished\":\"2024-01-11T09:41:02+00:00\",\"dateModified\":\"2024-01-11T10:22:04+00:00\",\"breadcrumb\":{\"@id\":\"https:\\\/\\\/www.meydan.tv\\\/az\\\/article\\\/son-20-ilin-secki-menzeresi-yaxud-ilham-eliyevin-reqibleri\\\/#breadcrumb\"},\"inLanguage\":\"az\",\"potentialAction\":[{\"@type\":\"ReadAction\",\"target\":[\"https:\\\/\\\/www.meydan.tv\\\/az\\\/article\\\/son-20-ilin-secki-menzeresi-yaxud-ilham-eliyevin-reqibleri\\\/\"]}]},{\"@type\":\"ImageObject\",\"inLanguage\":\"az\",\"@id\":\"https:\\\/\\\/www.meydan.tv\\\/az\\\/article\\\/son-20-ilin-secki-menzeresi-yaxud-ilham-eliyevin-reqibleri\\\/#primaryimage\",\"url\":\"https:\\\/\\\/www.meydan.tv\\\/wp-content\\\/uploads\\\/img_0449-e1704968477834.jpg\",\"contentUrl\":\"https:\\\/\\\/www.meydan.tv\\\/wp-content\\\/uploads\\\/img_0449-e1704968477834.jpg\",\"width\":1280,\"height\":552,\"caption\":\"Foto: Meydan TV\"},{\"@type\":\"BreadcrumbList\",\"@id\":\"https:\\\/\\\/www.meydan.tv\\\/az\\\/article\\\/son-20-ilin-secki-menzeresi-yaxud-ilham-eliyevin-reqibleri\\\/#breadcrumb\",\"itemListElement\":[{\"@type\":\"ListItem\",\"position\":1,\"name\":\"Ana s\u0259hif\u0259\",\"item\":\"https:\\\/\\\/www.meydan.tv\\\/az\\\/\"},{\"@type\":\"ListItem\",\"position\":2,\"name\":\"Siyas\u0259t\",\"item\":\"https:\\\/\\\/www.meydan.tv\\\/az\\\/section\\\/siyaset\\\/\"},{\"@type\":\"ListItem\",\"position\":3,\"name\":\"Son 20 ilin se\u00e7ki m\u0259nz\u0259r\u0259si, yaxud \u0130lham \u018fliyevin &#8220;r\u0259qibl\u0259ri&#8221;\"}]},{\"@type\":\"WebSite\",\"@id\":\"https:\\\/\\\/www.meydan.tv\\\/az\\\/#website\",\"url\":\"https:\\\/\\\/www.meydan.tv\\\/az\\\/\",\"name\":\"MEYDAN.TV\",\"description\":\"Meydan TV Az\u0259rbaycan\u0131n media m\u0259kan\u0131ndak\u0131 alternativ s\u0259sidir\",\"publisher\":{\"@id\":\"https:\\\/\\\/www.meydan.tv\\\/az\\\/#organization\"},\"potentialAction\":[{\"@type\":\"SearchAction\",\"target\":{\"@type\":\"EntryPoint\",\"urlTemplate\":\"https:\\\/\\\/www.meydan.tv\\\/az\\\/?s={search_term_string}\"},\"query-input\":{\"@type\":\"PropertyValueSpecification\",\"valueRequired\":true,\"valueName\":\"search_term_string\"}}],\"inLanguage\":\"az\"},{\"@type\":\"Organization\",\"@id\":\"https:\\\/\\\/www.meydan.tv\\\/az\\\/#organization\",\"name\":\"Meydan TV\",\"url\":\"https:\\\/\\\/www.meydan.tv\\\/az\\\/\",\"logo\":{\"@type\":\"ImageObject\",\"inLanguage\":\"az\",\"@id\":\"https:\\\/\\\/www.meydan.tv\\\/az\\\/#\\\/schema\\\/logo\\\/image\\\/\",\"url\":\"https:\\\/\\\/www.meydan.tv\\\/wp-content\\\/uploads\\\/2021\\\/07\\\/meydan-logo.svg\",\"contentUrl\":\"https:\\\/\\\/www.meydan.tv\\\/wp-content\\\/uploads\\\/2021\\\/07\\\/meydan-logo.svg\",\"width\":195,\"height\":46,\"caption\":\"Meydan TV\"},\"image\":{\"@id\":\"https:\\\/\\\/www.meydan.tv\\\/az\\\/#\\\/schema\\\/logo\\\/image\\\/\"}},{\"@type\":\"Person\",\"@id\":\"https:\\\/\\\/www.meydan.tv\\\/az\\\/#\\\/schema\\\/person\\\/9cdbecf90d17180ce1dfbd95b08dcf47\",\"name\":\"elli\",\"sameAs\":[\"https:\\\/\\\/x.com\\\/elli\"]}]}<\/script>\n<!-- \/ Yoast SEO plugin. -->","yoast_head_json":{"title":"Son 20 ilin se\u00e7ki m\u0259nz\u0259r\u0259si, yaxud \u0130lham \u018fliyevin \"r\u0259qibl\u0259ri\" - MEYDAN.TV","robots":{"index":"index","follow":"follow","max-snippet":"max-snippet:-1","max-image-preview":"max-image-preview:large","max-video-preview":"max-video-preview:-1"},"canonical":"https:\/\/www.meydan.tv\/az\/article\/son-20-ilin-secki-menzeresi-yaxud-ilham-eliyevin-reqibleri\/","og_locale":"az_AZ","og_type":"article","og_title":"Son 20 ilin se\u00e7ki m\u0259nz\u0259r\u0259si, yaxud \u0130lham \u018fliyevin \"r\u0259qibl\u0259ri\" - MEYDAN.TV","og_description":"Natiq Cavadl\u0131 \u00d6z\u00fcn\u0259 M\u00fcz\u0259ff\u0259r Ali Ba\u015f Komandan dedizdir\u0259n prezident\u00a0 bu ... Davam\u0131","og_url":"https:\/\/www.meydan.tv\/az\/article\/son-20-ilin-secki-menzeresi-yaxud-ilham-eliyevin-reqibleri\/","og_site_name":"MEYDAN.TV","article_published_time":"2024-01-11T09:41:02+00:00","article_modified_time":"2024-01-11T10:22:04+00:00","og_image":[{"width":1280,"height":552,"url":"https:\/\/www.meydan.tv\/wp-content\/uploads\/img_0449-e1704968477834.jpg","type":"image\/jpeg"}],"author":"elli","twitter_card":"summary_large_image","twitter_creator":"@elli","schema":{"@context":"https:\/\/schema.org","@graph":[{"@type":"Article","@id":"https:\/\/www.meydan.tv\/az\/article\/son-20-ilin-secki-menzeresi-yaxud-ilham-eliyevin-reqibleri\/#article","isPartOf":{"@id":"https:\/\/www.meydan.tv\/az\/article\/son-20-ilin-secki-menzeresi-yaxud-ilham-eliyevin-reqibleri\/"},"author":{"name":"elli","@id":"https:\/\/www.meydan.tv\/az\/#\/schema\/person\/9cdbecf90d17180ce1dfbd95b08dcf47"},"headline":"Son 20 ilin se\u00e7ki m\u0259nz\u0259r\u0259si, yaxud \u0130lham \u018fliyevin &#8220;r\u0259qibl\u0259ri&#8221;","datePublished":"2024-01-11T09:41:02+00:00","dateModified":"2024-01-11T10:22:04+00:00","mainEntityOfPage":{"@id":"https:\/\/www.meydan.tv\/az\/article\/son-20-ilin-secki-menzeresi-yaxud-ilham-eliyevin-reqibleri\/"},"wordCount":1169,"publisher":{"@id":"https:\/\/www.meydan.tv\/az\/#organization"},"image":{"@id":"https:\/\/www.meydan.tv\/az\/article\/son-20-ilin-secki-menzeresi-yaxud-ilham-eliyevin-reqibleri\/#primaryimage"},"thumbnailUrl":"https:\/\/www.meydan.tv\/wp-content\/uploads\/img_0449-e1704968477834.jpg","articleSection":["Se\u00e7ki 2024","Siyas\u0259t","T\u00f6vsiy\u0259","X\u0259b\u0259rl\u0259r"],"inLanguage":"az"},{"@type":"WebPage","@id":"https:\/\/www.meydan.tv\/az\/article\/son-20-ilin-secki-menzeresi-yaxud-ilham-eliyevin-reqibleri\/","url":"https:\/\/www.meydan.tv\/az\/article\/son-20-ilin-secki-menzeresi-yaxud-ilham-eliyevin-reqibleri\/","name":"Son 20 ilin se\u00e7ki m\u0259nz\u0259r\u0259si, yaxud \u0130lham \u018fliyevin \"r\u0259qibl\u0259ri\" - MEYDAN.TV","isPartOf":{"@id":"https:\/\/www.meydan.tv\/az\/#website"},"primaryImageOfPage":{"@id":"https:\/\/www.meydan.tv\/az\/article\/son-20-ilin-secki-menzeresi-yaxud-ilham-eliyevin-reqibleri\/#primaryimage"},"image":{"@id":"https:\/\/www.meydan.tv\/az\/article\/son-20-ilin-secki-menzeresi-yaxud-ilham-eliyevin-reqibleri\/#primaryimage"},"thumbnailUrl":"https:\/\/www.meydan.tv\/wp-content\/uploads\/img_0449-e1704968477834.jpg","datePublished":"2024-01-11T09:41:02+00:00","dateModified":"2024-01-11T10:22:04+00:00","breadcrumb":{"@id":"https:\/\/www.meydan.tv\/az\/article\/son-20-ilin-secki-menzeresi-yaxud-ilham-eliyevin-reqibleri\/#breadcrumb"},"inLanguage":"az","potentialAction":[{"@type":"ReadAction","target":["https:\/\/www.meydan.tv\/az\/article\/son-20-ilin-secki-menzeresi-yaxud-ilham-eliyevin-reqibleri\/"]}]},{"@type":"ImageObject","inLanguage":"az","@id":"https:\/\/www.meydan.tv\/az\/article\/son-20-ilin-secki-menzeresi-yaxud-ilham-eliyevin-reqibleri\/#primaryimage","url":"https:\/\/www.meydan.tv\/wp-content\/uploads\/img_0449-e1704968477834.jpg","contentUrl":"https:\/\/www.meydan.tv\/wp-content\/uploads\/img_0449-e1704968477834.jpg","width":1280,"height":552,"caption":"Foto: Meydan TV"},{"@type":"BreadcrumbList","@id":"https:\/\/www.meydan.tv\/az\/article\/son-20-ilin-secki-menzeresi-yaxud-ilham-eliyevin-reqibleri\/#breadcrumb","itemListElement":[{"@type":"ListItem","position":1,"name":"Ana s\u0259hif\u0259","item":"https:\/\/www.meydan.tv\/az\/"},{"@type":"ListItem","position":2,"name":"Siyas\u0259t","item":"https:\/\/www.meydan.tv\/az\/section\/siyaset\/"},{"@type":"ListItem","position":3,"name":"Son 20 ilin se\u00e7ki m\u0259nz\u0259r\u0259si, yaxud \u0130lham \u018fliyevin &#8220;r\u0259qibl\u0259ri&#8221;"}]},{"@type":"WebSite","@id":"https:\/\/www.meydan.tv\/az\/#website","url":"https:\/\/www.meydan.tv\/az\/","name":"MEYDAN.TV","description":"Meydan TV Az\u0259rbaycan\u0131n media m\u0259kan\u0131ndak\u0131 alternativ s\u0259sidir","publisher":{"@id":"https:\/\/www.meydan.tv\/az\/#organization"},"potentialAction":[{"@type":"SearchAction","target":{"@type":"EntryPoint","urlTemplate":"https:\/\/www.meydan.tv\/az\/?s={search_term_string}"},"query-input":{"@type":"PropertyValueSpecification","valueRequired":true,"valueName":"search_term_string"}}],"inLanguage":"az"},{"@type":"Organization","@id":"https:\/\/www.meydan.tv\/az\/#organization","name":"Meydan TV","url":"https:\/\/www.meydan.tv\/az\/","logo":{"@type":"ImageObject","inLanguage":"az","@id":"https:\/\/www.meydan.tv\/az\/#\/schema\/logo\/image\/","url":"https:\/\/www.meydan.tv\/wp-content\/uploads\/2021\/07\/meydan-logo.svg","contentUrl":"https:\/\/www.meydan.tv\/wp-content\/uploads\/2021\/07\/meydan-logo.svg","width":195,"height":46,"caption":"Meydan TV"},"image":{"@id":"https:\/\/www.meydan.tv\/az\/#\/schema\/logo\/image\/"}},{"@type":"Person","@id":"https:\/\/www.meydan.tv\/az\/#\/schema\/person\/9cdbecf90d17180ce1dfbd95b08dcf47","name":"elli","sameAs":["https:\/\/x.com\/elli"]}]}},"_links":{"self":[{"href":"https:\/\/www.meydan.tv\/az\/wp-json\/wp\/v2\/posts\/295082","targetHints":{"allow":["GET"]}}],"collection":[{"href":"https:\/\/www.meydan.tv\/az\/wp-json\/wp\/v2\/posts"}],"about":[{"href":"https:\/\/www.meydan.tv\/az\/wp-json\/wp\/v2\/types\/post"}],"author":[{"embeddable":true,"href":"https:\/\/www.meydan.tv\/az\/wp-json\/wp\/v2\/users\/8"}],"replies":[{"embeddable":true,"href":"https:\/\/www.meydan.tv\/az\/wp-json\/wp\/v2\/comments?post=295082"}],"version-history":[{"count":6,"href":"https:\/\/www.meydan.tv\/az\/wp-json\/wp\/v2\/posts\/295082\/revisions"}],"predecessor-version":[{"id":295093,"href":"https:\/\/www.meydan.tv\/az\/wp-json\/wp\/v2\/posts\/295082\/revisions\/295093"}],"wp:featuredmedia":[{"embeddable":true,"href":"https:\/\/www.meydan.tv\/az\/wp-json\/wp\/v2\/media\/295090"}],"wp:attachment":[{"href":"https:\/\/www.meydan.tv\/az\/wp-json\/wp\/v2\/media?parent=295082"}],"wp:term":[{"taxonomy":"category","embeddable":true,"href":"https:\/\/www.meydan.tv\/az\/wp-json\/wp\/v2\/categories?post=295082"},{"taxonomy":"post_tag","embeddable":true,"href":"https:\/\/www.meydan.tv\/az\/wp-json\/wp\/v2\/tags?post=295082"}],"curies":[{"name":"wp","href":"https:\/\/api.w.org\/{rel}","templated":true}]}}