{"id":295035,"date":"2024-01-11T00:05:52","date_gmt":"2024-01-10T20:05:52","guid":{"rendered":"https:\/\/www.meydan.tv\/?p=295035"},"modified":"2024-01-11T00:33:01","modified_gmt":"2024-01-10T20:33:01","slug":"modeli-doymekde-ittiham-olunan-sirket-rehberinin-mehkemesi-basladi","status":"publish","type":"post","link":"https:\/\/www.meydan.tv\/az\/article\/modeli-doymekde-ittiham-olunan-sirket-rehberinin-mehkemesi-basladi\/","title":{"rendered":"Modeli d\u00f6ym\u0259kd\u0259 ittiham olunan \u015firk\u0259t r\u0259hb\u0259rinin m\u0259hk\u0259m\u0259si ba\u015flad\u0131"},"content":{"rendered":"\n<p><\/p>\n\n\n\n<p><em><strong>Ziya H\u00fcseynzad\u0259 m\u0259hk\u0259m\u0259nin a\u00e7\u0131q ke\u00e7irilm\u0259sini, h\u0259qiq\u0259tin c\u0259miyy\u0259t\u0259 \u00e7atd\u0131r\u0131lmas\u0131n\u0131 ist\u0259yir, Razi \u018fliyevan\u0131n v\u0259kill\u0259ri is\u0259 prosesin qapal\u0131 ke\u00e7irilm\u0259sini t\u0259l\u0259b edir<\/strong><\/em><\/p>\n\n\n\n<p>2017-ci ild\u0259 Az\u0259rbaycan g\u00f6z\u0259li se\u00e7ilmi\u015f model, \u201cRazi\u201d kimi tan\u0131nan Raziyyat \u018fliyevan\u0131 d\u00f6ym\u0259kd\u0259, \u00f6ld\u00fcrm\u0259kl\u0259 h\u0259d\u0259l\u0259m\u0259kd\u0259, ma\u015f\u0131na ziyan vurmaqda ittiham olunan \u201cPKF Audit Azerbaijan\u201d \u015firk\u0259tinin r\u0259hb\u0259ri Ziya H\u00fcseynzad\u0259nin m\u0259hk\u0259m\u0259si ba\u015flay\u0131b. Onun i\u015fin\u0259 Bak\u0131 A\u011f\u0131r Cinay\u0259tl\u0259r M\u0259hk\u0259m\u0259sind\u0259 Siyavu\u015f Hac\u0131yevin s\u0259drliyil\u0259, \u015e\u0259lal\u0259 H\u0259s\u0259nova v\u0259 V\u00fcqar Quliyevd\u0259n ibar\u0259t hakiml\u0259r kollegiyas\u0131 bax\u0131r.<\/p>\n\n\n\n<p>Yanvar\u0131n 10-da m\u0259hk\u0259m\u0259nin haz\u0131rl\u0131q iclas\u0131nda t\u0259qsirl\u0259ndiril\u0259n Ziya H\u00fcseynzad\u0259nin anket m\u0259lumatlar\u0131 d\u0259qiql\u0259\u015fdirilib. 1989-cu il t\u0259v\u0259ll\u00fcdl\u00fc Ziya H\u00fcseynzad\u0259 bildirib ki, ali t\u0259hsillidir, iki azya\u015fl\u0131 \u00f6vlad\u0131 var.<\/p>\n\n\n\n<p>O, m\u0259hk\u0259m\u0259sind\u0259 jurnalistl\u0259rin i\u015ftirak\u0131na, \u00e7\u0259kili\u015f aparmas\u0131na etiraz etm\u0259yib. Deyib ki, \u0259ksin\u0259, m\u0259hk\u0259m\u0259 prosesind\u0259 \u00fcz\u0259 \u00e7\u0131xan h\u0259qiq\u0259tl\u0259rin yay\u0131lmas\u0131n\u0131 ist\u0259yir.<\/p>\n\n\n\n<p>Z\u0259r\u0259r\u00e7\u0259kmi\u015f qismind\u0259 tan\u0131nan Razi \u018fliyevan\u0131n \u00f6z\u00fc olmasa da, iki n\u00fcmay\u0259nd\u0259si-v\u0259kili m\u0259hk\u0259m\u0259d\u0259 i\u015ftirak edib. Onlar is\u0259 \u00e7\u0259kili\u015f apar\u0131lmas\u0131na, jurnalistl\u0259rin i\u015ftirak\u0131na etiraz edibl\u0259r. Z\u0259r\u0259r\u00e7\u0259kmi\u015fin n\u00fcmay\u0259nd\u0259l\u0259ri \u00fcmumiyy\u0259tl\u0259, bu m\u0259hk\u0259m\u0259 prosesinin qapal\u0131 ke\u00e7irilm\u0259si bar\u0259d\u0259 v\u0259sat\u0259t qald\u0131r\u0131blar. Bildiribl\u0259r ki, bu i\u015fd\u0259 Razi \u018fliyevan\u0131n \u015f\u0259xsi h\u0259yat\u0131na aid m\u0259s\u0259l\u0259l\u0259r, yaz\u0131\u015fmalar var, onlar\u0131n yay\u0131lmas\u0131n\u0131 ist\u0259mirl\u0259r.<\/p>\n\n\n\n<p>Ziya H\u00fcseynzad\u0259 v\u0259 m\u00fcdafi\u0259\u00e7il\u0259ri is\u0259 m\u0259hk\u0259m\u0259 prosesinin qapal\u0131 ke\u00e7irilm\u0259sin\u0259 etiraz edib. T\u0259qsirl\u0259ndiril\u0259n \u015f\u0259xs bildirib ki, Razi \u018fliyevan\u0131n \u00f6z\u00fc bu m\u0259s\u0259l\u0259ni ictimail\u0259\u015fdirib, \u015f\u0259xsi h\u0259yat\u0131na aid m\u0259lumatlar\u0131 sosial \u015f\u0259b\u0259k\u0259l\u0259rd\u0259 payla\u015f\u0131b.<\/p>\n\n\n\n<p>\u201c<em>H\u0259tta \u015fikay\u0259tini d\u0259<\/em> <em>\u201c\u0130nstagram\u201dda yaym\u0131\u015fd\u0131&#8230;\u201d<\/em>, &#8211; Ziya H\u00fcseynzad\u0259 bildirib.<\/p>\n\n\n\n<p>Ziya H\u00fcseynzad\u0259nin v\u0259kill\u0259ri onun m\u0259hk\u0259m\u0259nin yekun h\u00f6km\u00fcn\u0259 q\u0259d\u0259r ev dustaql\u0131\u011f\u0131na burax\u0131lmas\u0131 bar\u0259d\u0259 v\u0259sat\u0259t qald\u0131r\u0131b.<\/p>\n\n\n\n<p>Razi \u018fliyevan\u0131n v\u0259kill\u0259ri d\u0259 bu v\u0259sat\u0259t\u0259 etiraz edibl\u0259r.<\/p>\n\n\n\n<p>M\u0259hk\u0259m\u0259 d\u0259 onun ev dustaql\u0131\u011f\u0131na burax\u0131lmas\u0131 haqda v\u0259sat\u0259ti t\u0259min etm\u0259yib.<\/p>\n\n\n\n<figure class=\"wp-block-image size-full\"><img decoding=\"async\" width=\"1200\" height=\"800\" data-src=\"https:\/\/www.meydan.tv\/wp-content\/uploads\/untitled-design-137-1.jpg\" alt=\"\" class=\"wp-image-277238 lazyload\" src=\"data:image\/svg+xml;base64,PHN2ZyB3aWR0aD0iMSIgaGVpZ2h0PSIxIiB4bWxucz0iaHR0cDovL3d3dy53My5vcmcvMjAwMC9zdmciPjwvc3ZnPg==\" style=\"--smush-placeholder-width: 1200px; --smush-placeholder-aspect-ratio: 1200\/800;\" \/><figcaption class=\"wp-element-caption\">Model Raziyyat (Razi) \u018fliyeva v\u0259 Ziya H\u00fcseynzad\u0259<\/figcaption><\/figure>\n\n\n\n<p>Ziya H\u00fcseynzad\u0259 hakimin suallar\u0131n\u0131 cavabland\u0131randa bildirib ki, h\u00fcquq v\u0259 v\u0259zif\u0259l\u0259ri haqda bildiri\u015fi dekabr\u0131n 30-da al\u0131b. Qanuna g\u00f6r\u0259, m\u0259hk\u0259m\u0259 \u015f\u0259xs bildiri\u015fi alandan az\u0131 7 i\u015f g\u00fcn\u00fc ke\u00e7\u0259nd\u0259n sonra ba\u015flaya bil\u0259r. Bu s\u0259b\u0259bd\u0259n Ziya H\u00fcseynzad\u0259nin i\u015fi \u00fczr\u0259 m\u0259hk\u0259m\u0259nin haz\u0131rl\u0131q iclas\u0131 yekunla\u015fmay\u0131b v\u0259 yanvar\u0131n 17-n\u0259 q\u0259d\u0259r t\u0259xir\u0259 sal\u0131n\u0131b.<\/p>\n\n\n\n<p>Ziya H\u00fcseynzad\u0259y\u0259 qar\u015f\u0131 Cinay\u0259t M\u0259c\u0259ll\u0259sinin 133 (\u0259zab verm\u0259), 134 (\u00f6ld\u00fcrm\u0259kl\u0259 v\u0259 ya sa\u011flaml\u0131\u011fa a\u011f\u0131r z\u0259r\u0259r vurmaqla h\u0259d\u0259l\u0259m\u0259), 177 (o\u011furluq), 182 (h\u0259d\u0259-qorxu il\u0259 t\u0259l\u0259b etm\u0259), 186 (\u00f6zg\u0259nin \u0259mlak\u0131na ziyan vurma v\u0259 ya q\u0259sd\u0259n m\u0259hv etm\u0259) v\u0259 221-ci (xuliqanl\u0131q) madd\u0259l\u0259ril\u0259 ittiham ir\u0259li s\u00fcr\u00fcl\u00fcb. Cinay\u0259t i\u015finin materiallar\u0131na \u0259sas\u0259n, Ziya H\u00fcseynzad\u0259 vaxtil\u0259 sevgili m\u00fcnasib\u0259tind\u0259 oldu\u011fu modeli d\u00f6y\u00fcb, onu ya\u015fad\u0131\u011f\u0131 \u00e7oxm\u0259rt\u0259b\u0259li binan\u0131n p\u0259nc\u0259r\u0259sind\u0259n atmaqla h\u0259d\u0259l\u0259yib, 185 min manat d\u0259y\u0259rind\u0259 avtomobilini t\u0259l\u0259b edib, ala bilm\u0259y\u0259nd\u0259 \u00f6zba\u015f\u0131na h\u0259min ma\u015f\u0131n\u0131 g\u00f6t\u00fcr\u00fcb v\u0259 s\u0131radan \u00e7\u0131xar\u0131b.<\/p>\n\n\n\n<p>Razi \u018fliyevan\u0131n anas\u0131 X\u0259dic\u0259 \u018fliyeva v\u0259 daha bir tan\u0131\u015f\u0131 G\u00fclnar \u0130sayeva da bu cinay\u0259t i\u015find\u0259 z\u0259r\u0259r\u00e7\u0259kmi\u015f qismind\u0259 tan\u0131n\u0131b. Onlar da m\u0259hk\u0259m\u0259y\u0259 g\u0259lm\u0259yibl\u0259r.<\/p>\n\n\n\n<p>Ziya H\u00fcseynzad\u0259 bu ittihamlar\u0131n he\u00e7 birini q\u0259bul el\u0259mir, \u00f6z\u00fcn\u00fc t\u0259qsirli bilmir.<\/p>\n\n\n\n<p>Bu cinay\u0259t i\u015fi 2023-c\u00fc ilin iyununda sosial \u015f\u0259b\u0259k\u0259l\u0259rd\u0259 Razi \u018fliyevan\u0131n d\u00f6y\u00fclm\u0259sini \u0259ks etdir\u0259n videonun yay\u0131lmas\u0131ndan sonra ba\u015flay\u0131b.<\/p>\n\n\n\n<p>Model \u201c\u0130nstagram\u201d hesab\u0131ndan yayd\u0131\u011f\u0131 a\u00e7\u0131qlamada iddia edib ki, sevgilisi olmu\u015f Ziya H\u00fcseynzad\u0259 ona v\u0259 ail\u0259sin\u0259 qar\u015f\u0131 zorak\u0131 h\u0259r\u0259k\u0259tl\u0259r edib, onlar\u0131n \u00fcnvan\u0131na t\u0259hqir v\u0259 t\u0259hdid xarakterli ifad\u0259l\u0259r s\u0259sl\u0259ndirib:<\/p>\n\n\n\n<p>\u201c<em>Dem\u0259k olar, bir il idi ki, m\u0259n\u0259 \u0259zab verirdi. Tan\u0131mad\u0131\u011f\u0131m n\u00f6mr\u0259d\u0259n telefonuma g\u0259l\u0259n mesaja g\u00f6r\u0259 m\u0259ni sutkalarla d\u00f6y\u00fcrd\u00fc. Gedirdi, mesaj\u0131 yazanla g\u00f6r\u00fc\u015f\u00fcrd\u00fc, m\u0259s\u0259l\u0259ni ayd\u0131nla\u015fd\u0131randan sonra g\u0259lib, m\u0259n\u0259 bar\u0131\u015fmaq \u00fc\u00e7\u00fcn yalvar\u0131rd\u0131. M\u0259ni evd\u0259 ba\u011flay\u0131rd\u0131 ki, ondan qa\u00e7may\u0131m. Sutkalarla d\u00f6y\u00fcrd\u00fc, b\u0131\u00e7aqla i\u015fg\u0259nc\u0259 verirdi. Sonra da h\u0259r\u0259k\u0259tsiz d\u00fc\u015f\u0259n b\u0259d\u0259nimi hamama s\u00fcr\u00fcy\u00fcb qan\u0131 yuyurdu. M\u0259n is\u0259 ondan qa\u00e7a bilmirdim. Ondan qorxurdum. Qorxurdum ki, kims\u0259 bu haqda \u00f6yr\u0259n\u0259r. Qorxurdum ki, anam bils\u0259, hal\u0131 pisl\u0259\u015f\u0259c\u0259k<\/em>.<\/p>\n\n\n\n<p><em>O, gizli \u015f\u0259kild\u0259 ba\u015fqas\u0131 il\u0259 nikaha girib, sonra \u00fc\u00e7 d\u0259f\u0259 m\u0259n\u0259 evlilik t\u0259klif edib. Sonuncu d\u0259f\u0259 anam\u0131n yan\u0131na qa\u00e7m\u0131\u015fd\u0131m, o is\u0259 g\u0259lib qap\u0131m\u0131z\u0131 s\u0131nd\u0131rd\u0131. G\u0259lib, t\u0259hdid v\u0259 \u015fantaj edirdi ki, \u0259g\u0259r geri qay\u0131tmasam, m\u0259ni biab\u0131r ed\u0259c\u0259k v\u0259 b\u00fct\u00fcn h\u0259yat\u0131m\u0131 korlayacaq. M\u0259nim yerim\u0259 ba\u015fqas\u0131 olsayd\u0131, \u00e7oxdan \u00f6z\u00fcn\u00fc asard\u0131\u201d.<\/em><\/p>\n\n\n\n<p>Ziya H\u00fcseynzad\u0259 is\u0259 \u00fcnvan\u0131na s\u0259sl\u0259n\u0259n bu fikirl\u0259ri t\u0259kzib edib. O vur\u011fulay\u0131b ki, haqq\u0131nda yay\u0131lan iddialar\u0131n m\u0259qs\u0259di ondan pul qoparmaq, \u00f6z\u00fcn\u00fc v\u0259 ail\u0259sini l\u0259k\u0259l\u0259m\u0259kdir:<\/p>\n\n\n\n<p>\u201c<em>Haqq\u0131mda yay\u0131lanlar\u0131n ham\u0131s\u0131 ad\u0131ma v\u0259 ail\u0259m\u0259 l\u0259k\u0259 salmaq, zorla pul t\u0259l\u0259b edilm\u0259si \u00fc\u00e7\u00fcn \u015f\u0259r v\u0259 b\u00f6htan, qarayaxma kampaniyas\u0131d\u0131r. S\u00fcbutlar\u0131m var.<\/em><\/p>\n\n\n\n<p><em>M\u0259n\u0259 qar\u015f\u0131 ittihamlar ir\u0259li s\u00fcr\u0259n Razi \u018fliyevan\u0131n \u00f6z\u00fcn\u00fcn insan alverind\u0259 etiraf\u0131 il\u0259 ba\u011fl\u0131 videolar bundan \u00f6nc\u0259 internetd\u0259 \u0259ksini tap\u0131b. Bu s\u0259b\u0259bd\u0259n d\u0259 Razi \u018fliyeva \u00f6z\u00fcnd\u0259n diqq\u0259ti yay\u0131nd\u0131r\u0131r. \u0130st\u0259yir ki, onun qanunsuz h\u0259r\u0259k\u0259tl\u0259ri ara\u015fd\u0131rmadan yay\u0131nd\u0131r\u0131ls\u0131n\u201d<\/em>.<\/p>\n","protected":false},"excerpt":{"rendered":"<p>Ziya H\u00fcseynzad\u0259 m\u0259hk\u0259m\u0259nin a\u00e7\u0131q ke\u00e7irilm\u0259sini, h\u0259qiq\u0259tin c\u0259miyy\u0259t\u0259 \u00e7atd\u0131r\u0131lmas\u0131n\u0131 ist\u0259yir, Razi &#8230; <\/p>\n<p class=\"read-more-container\"><a title=\"Modeli d\u00f6ym\u0259kd\u0259 ittiham olunan \u015firk\u0259t r\u0259hb\u0259rinin m\u0259hk\u0259m\u0259si ba\u015flad\u0131\" class=\"read-more button\" href=\"https:\/\/www.meydan.tv\/az\/article\/modeli-doymekde-ittiham-olunan-sirket-rehberinin-mehkemesi-basladi\/#more-295035\" aria-label=\"Read more about Modeli d\u00f6ym\u0259kd\u0259 ittiham olunan \u015firk\u0259t r\u0259hb\u0259rinin m\u0259hk\u0259m\u0259si ba\u015flad\u0131\">Davam\u0131<\/a><\/p>\n","protected":false},"author":13,"featured_media":295041,"comment_status":"closed","ping_status":"closed","sticky":false,"template":"","format":"standard","meta":{"_acf_changed":false,"_sitemap_exclude":false,"_sitemap_priority":"","_sitemap_frequency":"","footnotes":""},"categories":[62,79,56],"tags":[],"class_list":["post-295035","post","type-post","status-publish","format-standard","has-post-thumbnail","hentry","category-sosial","category-featured","category-xeberler","infinite-scroll-item","generate-columns","tablet-grid-50","mobile-grid-100","grid-parent","grid-33","no-featured-image-padding"],"acf":[],"yoast_head":"<!-- This site is optimized with the Yoast SEO plugin v27.5 - https:\/\/yoast.com\/product\/yoast-seo-wordpress\/ -->\n<title>Modeli d\u00f6ym\u0259kd\u0259 ittiham olunan \u015firk\u0259t r\u0259hb\u0259rinin m\u0259hk\u0259m\u0259si ba\u015flad\u0131 - MEYDAN.TV<\/title>\n<meta name=\"robots\" content=\"index, follow, max-snippet:-1, max-image-preview:large, max-video-preview:-1\" \/>\n<link rel=\"canonical\" href=\"https:\/\/www.meydan.tv\/az\/article\/modeli-doymekde-ittiham-olunan-sirket-rehberinin-mehkemesi-basladi\/\" \/>\n<meta property=\"og:locale\" content=\"az_AZ\" \/>\n<meta property=\"og:type\" content=\"article\" \/>\n<meta property=\"og:title\" content=\"Modeli d\u00f6ym\u0259kd\u0259 ittiham olunan \u015firk\u0259t r\u0259hb\u0259rinin m\u0259hk\u0259m\u0259si ba\u015flad\u0131 - MEYDAN.TV\" \/>\n<meta property=\"og:description\" content=\"Ziya H\u00fcseynzad\u0259 m\u0259hk\u0259m\u0259nin a\u00e7\u0131q ke\u00e7irilm\u0259sini, h\u0259qiq\u0259tin c\u0259miyy\u0259t\u0259 \u00e7atd\u0131r\u0131lmas\u0131n\u0131 ist\u0259yir, Razi ... Davam\u0131\" \/>\n<meta property=\"og:url\" content=\"https:\/\/www.meydan.tv\/az\/article\/modeli-doymekde-ittiham-olunan-sirket-rehberinin-mehkemesi-basladi\/\" \/>\n<meta property=\"og:site_name\" content=\"MEYDAN.TV\" \/>\n<meta property=\"article:published_time\" content=\"2024-01-10T20:05:52+00:00\" \/>\n<meta property=\"article:modified_time\" content=\"2024-01-10T20:33:01+00:00\" \/>\n<meta property=\"og:image\" content=\"https:\/\/www.meydan.tv\/wp-content\/uploads\/model.jpg\" \/>\n\t<meta property=\"og:image:width\" content=\"1920\" \/>\n\t<meta property=\"og:image:height\" content=\"1080\" \/>\n\t<meta property=\"og:image:type\" content=\"image\/jpeg\" \/>\n<meta name=\"author\" content=\"meri\" \/>\n<meta name=\"twitter:card\" content=\"summary_large_image\" \/>\n<script type=\"application\/ld+json\" class=\"yoast-schema-graph\">{\"@context\":\"https:\\\/\\\/schema.org\",\"@graph\":[{\"@type\":\"Article\",\"@id\":\"https:\\\/\\\/www.meydan.tv\\\/az\\\/article\\\/modeli-doymekde-ittiham-olunan-sirket-rehberinin-mehkemesi-basladi\\\/#article\",\"isPartOf\":{\"@id\":\"https:\\\/\\\/www.meydan.tv\\\/az\\\/article\\\/modeli-doymekde-ittiham-olunan-sirket-rehberinin-mehkemesi-basladi\\\/\"},\"author\":{\"name\":\"meri\",\"@id\":\"https:\\\/\\\/www.meydan.tv\\\/az\\\/#\\\/schema\\\/person\\\/f5399057f0b7fa223fa6c9b7c3321968\"},\"headline\":\"Modeli d\u00f6ym\u0259kd\u0259 ittiham olunan \u015firk\u0259t r\u0259hb\u0259rinin m\u0259hk\u0259m\u0259si ba\u015flad\u0131\",\"datePublished\":\"2024-01-10T20:05:52+00:00\",\"dateModified\":\"2024-01-10T20:33:01+00:00\",\"mainEntityOfPage\":{\"@id\":\"https:\\\/\\\/www.meydan.tv\\\/az\\\/article\\\/modeli-doymekde-ittiham-olunan-sirket-rehberinin-mehkemesi-basladi\\\/\"},\"wordCount\":1144,\"publisher\":{\"@id\":\"https:\\\/\\\/www.meydan.tv\\\/az\\\/#organization\"},\"image\":{\"@id\":\"https:\\\/\\\/www.meydan.tv\\\/az\\\/article\\\/modeli-doymekde-ittiham-olunan-sirket-rehberinin-mehkemesi-basladi\\\/#primaryimage\"},\"thumbnailUrl\":\"https:\\\/\\\/www.meydan.tv\\\/wp-content\\\/uploads\\\/model.jpg\",\"articleSection\":[\"Sosial\",\"T\u00f6vsiy\u0259\",\"X\u0259b\u0259rl\u0259r\"],\"inLanguage\":\"az\"},{\"@type\":\"WebPage\",\"@id\":\"https:\\\/\\\/www.meydan.tv\\\/az\\\/article\\\/modeli-doymekde-ittiham-olunan-sirket-rehberinin-mehkemesi-basladi\\\/\",\"url\":\"https:\\\/\\\/www.meydan.tv\\\/az\\\/article\\\/modeli-doymekde-ittiham-olunan-sirket-rehberinin-mehkemesi-basladi\\\/\",\"name\":\"Modeli d\u00f6ym\u0259kd\u0259 ittiham olunan \u015firk\u0259t r\u0259hb\u0259rinin m\u0259hk\u0259m\u0259si ba\u015flad\u0131 - MEYDAN.TV\",\"isPartOf\":{\"@id\":\"https:\\\/\\\/www.meydan.tv\\\/az\\\/#website\"},\"primaryImageOfPage\":{\"@id\":\"https:\\\/\\\/www.meydan.tv\\\/az\\\/article\\\/modeli-doymekde-ittiham-olunan-sirket-rehberinin-mehkemesi-basladi\\\/#primaryimage\"},\"image\":{\"@id\":\"https:\\\/\\\/www.meydan.tv\\\/az\\\/article\\\/modeli-doymekde-ittiham-olunan-sirket-rehberinin-mehkemesi-basladi\\\/#primaryimage\"},\"thumbnailUrl\":\"https:\\\/\\\/www.meydan.tv\\\/wp-content\\\/uploads\\\/model.jpg\",\"datePublished\":\"2024-01-10T20:05:52+00:00\",\"dateModified\":\"2024-01-10T20:33:01+00:00\",\"breadcrumb\":{\"@id\":\"https:\\\/\\\/www.meydan.tv\\\/az\\\/article\\\/modeli-doymekde-ittiham-olunan-sirket-rehberinin-mehkemesi-basladi\\\/#breadcrumb\"},\"inLanguage\":\"az\",\"potentialAction\":[{\"@type\":\"ReadAction\",\"target\":[\"https:\\\/\\\/www.meydan.tv\\\/az\\\/article\\\/modeli-doymekde-ittiham-olunan-sirket-rehberinin-mehkemesi-basladi\\\/\"]}]},{\"@type\":\"ImageObject\",\"inLanguage\":\"az\",\"@id\":\"https:\\\/\\\/www.meydan.tv\\\/az\\\/article\\\/modeli-doymekde-ittiham-olunan-sirket-rehberinin-mehkemesi-basladi\\\/#primaryimage\",\"url\":\"https:\\\/\\\/www.meydan.tv\\\/wp-content\\\/uploads\\\/model.jpg\",\"contentUrl\":\"https:\\\/\\\/www.meydan.tv\\\/wp-content\\\/uploads\\\/model.jpg\",\"width\":1920,\"height\":1080,\"caption\":\"Ziya H\u00fcseynzad\u0259. Foto: Meydan TV\"},{\"@type\":\"BreadcrumbList\",\"@id\":\"https:\\\/\\\/www.meydan.tv\\\/az\\\/article\\\/modeli-doymekde-ittiham-olunan-sirket-rehberinin-mehkemesi-basladi\\\/#breadcrumb\",\"itemListElement\":[{\"@type\":\"ListItem\",\"position\":1,\"name\":\"Ana s\u0259hif\u0259\",\"item\":\"https:\\\/\\\/www.meydan.tv\\\/az\\\/\"},{\"@type\":\"ListItem\",\"position\":2,\"name\":\"T\u00f6vsiy\u0259\",\"item\":\"https:\\\/\\\/www.meydan.tv\\\/az\\\/section\\\/featured\\\/\"},{\"@type\":\"ListItem\",\"position\":3,\"name\":\"Modeli d\u00f6ym\u0259kd\u0259 ittiham olunan \u015firk\u0259t r\u0259hb\u0259rinin m\u0259hk\u0259m\u0259si ba\u015flad\u0131\"}]},{\"@type\":\"WebSite\",\"@id\":\"https:\\\/\\\/www.meydan.tv\\\/az\\\/#website\",\"url\":\"https:\\\/\\\/www.meydan.tv\\\/az\\\/\",\"name\":\"MEYDAN.TV\",\"description\":\"Meydan TV Az\u0259rbaycan\u0131n media m\u0259kan\u0131ndak\u0131 alternativ s\u0259sidir\",\"publisher\":{\"@id\":\"https:\\\/\\\/www.meydan.tv\\\/az\\\/#organization\"},\"potentialAction\":[{\"@type\":\"SearchAction\",\"target\":{\"@type\":\"EntryPoint\",\"urlTemplate\":\"https:\\\/\\\/www.meydan.tv\\\/az\\\/?s={search_term_string}\"},\"query-input\":{\"@type\":\"PropertyValueSpecification\",\"valueRequired\":true,\"valueName\":\"search_term_string\"}}],\"inLanguage\":\"az\"},{\"@type\":\"Organization\",\"@id\":\"https:\\\/\\\/www.meydan.tv\\\/az\\\/#organization\",\"name\":\"Meydan TV\",\"url\":\"https:\\\/\\\/www.meydan.tv\\\/az\\\/\",\"logo\":{\"@type\":\"ImageObject\",\"inLanguage\":\"az\",\"@id\":\"https:\\\/\\\/www.meydan.tv\\\/az\\\/#\\\/schema\\\/logo\\\/image\\\/\",\"url\":\"https:\\\/\\\/www.meydan.tv\\\/wp-content\\\/uploads\\\/2021\\\/07\\\/meydan-logo.svg\",\"contentUrl\":\"https:\\\/\\\/www.meydan.tv\\\/wp-content\\\/uploads\\\/2021\\\/07\\\/meydan-logo.svg\",\"width\":195,\"height\":46,\"caption\":\"Meydan TV\"},\"image\":{\"@id\":\"https:\\\/\\\/www.meydan.tv\\\/az\\\/#\\\/schema\\\/logo\\\/image\\\/\"}},{\"@type\":\"Person\",\"@id\":\"https:\\\/\\\/www.meydan.tv\\\/az\\\/#\\\/schema\\\/person\\\/f5399057f0b7fa223fa6c9b7c3321968\",\"name\":\"meri\"}]}<\/script>\n<!-- \/ Yoast SEO plugin. -->","yoast_head_json":{"title":"Modeli d\u00f6ym\u0259kd\u0259 ittiham olunan \u015firk\u0259t r\u0259hb\u0259rinin m\u0259hk\u0259m\u0259si ba\u015flad\u0131 - MEYDAN.TV","robots":{"index":"index","follow":"follow","max-snippet":"max-snippet:-1","max-image-preview":"max-image-preview:large","max-video-preview":"max-video-preview:-1"},"canonical":"https:\/\/www.meydan.tv\/az\/article\/modeli-doymekde-ittiham-olunan-sirket-rehberinin-mehkemesi-basladi\/","og_locale":"az_AZ","og_type":"article","og_title":"Modeli d\u00f6ym\u0259kd\u0259 ittiham olunan \u015firk\u0259t r\u0259hb\u0259rinin m\u0259hk\u0259m\u0259si ba\u015flad\u0131 - MEYDAN.TV","og_description":"Ziya H\u00fcseynzad\u0259 m\u0259hk\u0259m\u0259nin a\u00e7\u0131q ke\u00e7irilm\u0259sini, h\u0259qiq\u0259tin c\u0259miyy\u0259t\u0259 \u00e7atd\u0131r\u0131lmas\u0131n\u0131 ist\u0259yir, Razi ... Davam\u0131","og_url":"https:\/\/www.meydan.tv\/az\/article\/modeli-doymekde-ittiham-olunan-sirket-rehberinin-mehkemesi-basladi\/","og_site_name":"MEYDAN.TV","article_published_time":"2024-01-10T20:05:52+00:00","article_modified_time":"2024-01-10T20:33:01+00:00","og_image":[{"width":1920,"height":1080,"url":"https:\/\/www.meydan.tv\/wp-content\/uploads\/model.jpg","type":"image\/jpeg"}],"author":"meri","twitter_card":"summary_large_image","schema":{"@context":"https:\/\/schema.org","@graph":[{"@type":"Article","@id":"https:\/\/www.meydan.tv\/az\/article\/modeli-doymekde-ittiham-olunan-sirket-rehberinin-mehkemesi-basladi\/#article","isPartOf":{"@id":"https:\/\/www.meydan.tv\/az\/article\/modeli-doymekde-ittiham-olunan-sirket-rehberinin-mehkemesi-basladi\/"},"author":{"name":"meri","@id":"https:\/\/www.meydan.tv\/az\/#\/schema\/person\/f5399057f0b7fa223fa6c9b7c3321968"},"headline":"Modeli d\u00f6ym\u0259kd\u0259 ittiham olunan \u015firk\u0259t r\u0259hb\u0259rinin m\u0259hk\u0259m\u0259si ba\u015flad\u0131","datePublished":"2024-01-10T20:05:52+00:00","dateModified":"2024-01-10T20:33:01+00:00","mainEntityOfPage":{"@id":"https:\/\/www.meydan.tv\/az\/article\/modeli-doymekde-ittiham-olunan-sirket-rehberinin-mehkemesi-basladi\/"},"wordCount":1144,"publisher":{"@id":"https:\/\/www.meydan.tv\/az\/#organization"},"image":{"@id":"https:\/\/www.meydan.tv\/az\/article\/modeli-doymekde-ittiham-olunan-sirket-rehberinin-mehkemesi-basladi\/#primaryimage"},"thumbnailUrl":"https:\/\/www.meydan.tv\/wp-content\/uploads\/model.jpg","articleSection":["Sosial","T\u00f6vsiy\u0259","X\u0259b\u0259rl\u0259r"],"inLanguage":"az"},{"@type":"WebPage","@id":"https:\/\/www.meydan.tv\/az\/article\/modeli-doymekde-ittiham-olunan-sirket-rehberinin-mehkemesi-basladi\/","url":"https:\/\/www.meydan.tv\/az\/article\/modeli-doymekde-ittiham-olunan-sirket-rehberinin-mehkemesi-basladi\/","name":"Modeli d\u00f6ym\u0259kd\u0259 ittiham olunan \u015firk\u0259t r\u0259hb\u0259rinin m\u0259hk\u0259m\u0259si ba\u015flad\u0131 - MEYDAN.TV","isPartOf":{"@id":"https:\/\/www.meydan.tv\/az\/#website"},"primaryImageOfPage":{"@id":"https:\/\/www.meydan.tv\/az\/article\/modeli-doymekde-ittiham-olunan-sirket-rehberinin-mehkemesi-basladi\/#primaryimage"},"image":{"@id":"https:\/\/www.meydan.tv\/az\/article\/modeli-doymekde-ittiham-olunan-sirket-rehberinin-mehkemesi-basladi\/#primaryimage"},"thumbnailUrl":"https:\/\/www.meydan.tv\/wp-content\/uploads\/model.jpg","datePublished":"2024-01-10T20:05:52+00:00","dateModified":"2024-01-10T20:33:01+00:00","breadcrumb":{"@id":"https:\/\/www.meydan.tv\/az\/article\/modeli-doymekde-ittiham-olunan-sirket-rehberinin-mehkemesi-basladi\/#breadcrumb"},"inLanguage":"az","potentialAction":[{"@type":"ReadAction","target":["https:\/\/www.meydan.tv\/az\/article\/modeli-doymekde-ittiham-olunan-sirket-rehberinin-mehkemesi-basladi\/"]}]},{"@type":"ImageObject","inLanguage":"az","@id":"https:\/\/www.meydan.tv\/az\/article\/modeli-doymekde-ittiham-olunan-sirket-rehberinin-mehkemesi-basladi\/#primaryimage","url":"https:\/\/www.meydan.tv\/wp-content\/uploads\/model.jpg","contentUrl":"https:\/\/www.meydan.tv\/wp-content\/uploads\/model.jpg","width":1920,"height":1080,"caption":"Ziya H\u00fcseynzad\u0259. Foto: Meydan TV"},{"@type":"BreadcrumbList","@id":"https:\/\/www.meydan.tv\/az\/article\/modeli-doymekde-ittiham-olunan-sirket-rehberinin-mehkemesi-basladi\/#breadcrumb","itemListElement":[{"@type":"ListItem","position":1,"name":"Ana s\u0259hif\u0259","item":"https:\/\/www.meydan.tv\/az\/"},{"@type":"ListItem","position":2,"name":"T\u00f6vsiy\u0259","item":"https:\/\/www.meydan.tv\/az\/section\/featured\/"},{"@type":"ListItem","position":3,"name":"Modeli d\u00f6ym\u0259kd\u0259 ittiham olunan \u015firk\u0259t r\u0259hb\u0259rinin m\u0259hk\u0259m\u0259si ba\u015flad\u0131"}]},{"@type":"WebSite","@id":"https:\/\/www.meydan.tv\/az\/#website","url":"https:\/\/www.meydan.tv\/az\/","name":"MEYDAN.TV","description":"Meydan TV Az\u0259rbaycan\u0131n media m\u0259kan\u0131ndak\u0131 alternativ s\u0259sidir","publisher":{"@id":"https:\/\/www.meydan.tv\/az\/#organization"},"potentialAction":[{"@type":"SearchAction","target":{"@type":"EntryPoint","urlTemplate":"https:\/\/www.meydan.tv\/az\/?s={search_term_string}"},"query-input":{"@type":"PropertyValueSpecification","valueRequired":true,"valueName":"search_term_string"}}],"inLanguage":"az"},{"@type":"Organization","@id":"https:\/\/www.meydan.tv\/az\/#organization","name":"Meydan TV","url":"https:\/\/www.meydan.tv\/az\/","logo":{"@type":"ImageObject","inLanguage":"az","@id":"https:\/\/www.meydan.tv\/az\/#\/schema\/logo\/image\/","url":"https:\/\/www.meydan.tv\/wp-content\/uploads\/2021\/07\/meydan-logo.svg","contentUrl":"https:\/\/www.meydan.tv\/wp-content\/uploads\/2021\/07\/meydan-logo.svg","width":195,"height":46,"caption":"Meydan TV"},"image":{"@id":"https:\/\/www.meydan.tv\/az\/#\/schema\/logo\/image\/"}},{"@type":"Person","@id":"https:\/\/www.meydan.tv\/az\/#\/schema\/person\/f5399057f0b7fa223fa6c9b7c3321968","name":"meri"}]}},"_links":{"self":[{"href":"https:\/\/www.meydan.tv\/az\/wp-json\/wp\/v2\/posts\/295035","targetHints":{"allow":["GET"]}}],"collection":[{"href":"https:\/\/www.meydan.tv\/az\/wp-json\/wp\/v2\/posts"}],"about":[{"href":"https:\/\/www.meydan.tv\/az\/wp-json\/wp\/v2\/types\/post"}],"author":[{"embeddable":true,"href":"https:\/\/www.meydan.tv\/az\/wp-json\/wp\/v2\/users\/13"}],"replies":[{"embeddable":true,"href":"https:\/\/www.meydan.tv\/az\/wp-json\/wp\/v2\/comments?post=295035"}],"version-history":[{"count":3,"href":"https:\/\/www.meydan.tv\/az\/wp-json\/wp\/v2\/posts\/295035\/revisions"}],"predecessor-version":[{"id":295045,"href":"https:\/\/www.meydan.tv\/az\/wp-json\/wp\/v2\/posts\/295035\/revisions\/295045"}],"wp:featuredmedia":[{"embeddable":true,"href":"https:\/\/www.meydan.tv\/az\/wp-json\/wp\/v2\/media\/295041"}],"wp:attachment":[{"href":"https:\/\/www.meydan.tv\/az\/wp-json\/wp\/v2\/media?parent=295035"}],"wp:term":[{"taxonomy":"category","embeddable":true,"href":"https:\/\/www.meydan.tv\/az\/wp-json\/wp\/v2\/categories?post=295035"},{"taxonomy":"post_tag","embeddable":true,"href":"https:\/\/www.meydan.tv\/az\/wp-json\/wp\/v2\/tags?post=295035"}],"curies":[{"name":"wp","href":"https:\/\/api.w.org\/{rel}","templated":true}]}}