{"id":295030,"date":"2024-01-10T22:11:57","date_gmt":"2024-01-10T18:11:57","guid":{"rendered":"https:\/\/www.meydan.tv\/?p=295030"},"modified":"2024-01-10T22:18:54","modified_gmt":"2024-01-10T18:18:54","slug":"ilham-eliyev-prezident-seckilerinin-sebeblerini-aciqladi","status":"publish","type":"post","link":"https:\/\/www.meydan.tv\/az\/article\/ilham-eliyev-prezident-seckilerinin-sebeblerini-aciqladi\/","title":{"rendered":"\u0130lham \u018fliyev Prezident se\u00e7kil\u0259rinin s\u0259b\u0259bl\u0259rini a\u00e7\u0131qlad\u0131"},"content":{"rendered":"\n<p><\/p>\n\n\n\n<p><strong>\u201cAzad edilmi\u015f \u0259razil\u0259rd\u0259 ilk d\u0259f\u0259 Prezident se\u00e7kil\u0259ri ke\u00e7irilm\u0259li idi\u201d<\/strong><\/p>\n\n\n\n<p>\u00d6lk\u0259 ba\u015f\u00e7\u0131s\u0131 \u0130lham \u018fliyev 7 fevral n\u00f6vb\u0259d\u0259nk\u0259nar Pezident se\u00e7kil\u0259rinin t\u0259yin olunmas\u0131n\u0131n s\u0259b\u0259bl\u0259rini a\u00e7\u0131qlay\u0131b.<\/p>\n\n\n\n<p>Bu bar\u0259d\u0259 d\u00f6vl\u0259t ba\u015f\u00e7\u0131s\u0131 \u0130lham \u018fliyev yanvar\u0131n 10-da yerli televiziyalara m\u00fcsahib\u0259sind\u0259 dan\u0131\u015f\u0131b.<\/p>\n\n\n\n<p>\u0130lham \u018fliyev bu q\u0259rar\u0131n ilk n\u00f6vb\u0259d\u0259, sentyabr hadis\u0259l\u0259rind\u0259n (sentyabr\u0131n 19-da Qaraba\u011fda lokal h\u0259rbi <a href=\"https:\/\/storage.googleapis.com\/qurium\/www.meydan.tv\/az-article-mudafie-nazirliyi-qarabagda-lokal-herbi-emeliyyata-basladigini-aciqladi.html#mudafie-nazirliyi-novbeti-brifinqini-kecirib\">\u0259m\u0259liyyat<\/a> n\u0259z\u0259rd\u0259 tutulur -red) sonra yeni d\u00f6vr\u00fcn ba\u015flan\u011f\u0131c\u0131 il\u0259 \u0259laq\u0259dar oldu\u011funu deyib.<\/p>\n\n\n\n<p>\u018fliyev deyib ki, ikinci s\u0259b\u0259b i\u015f\u011faldan azad olunan \u0259razil\u0259rd\u0259 ke\u00e7iril\u0259c\u0259k birinci se\u00e7kil\u0259r m\u0259hz prezident se\u00e7kil\u0259ri olmal\u0131 idi.<\/p>\n\n\n\n<p><em>\u201cM\u0259nim Prezident kimi f\u0259aliyy\u0259timin 20 ili tamamland\u0131. Bu da bir d\u00f6vrd\u00fcr v\u0259 bunu da biz bir yekun kimi q\u0259bul etm\u0259liyik. 20 ild\u0259n sonra yenid\u0259n prezident se\u00e7kil\u0259rinin ke\u00e7irilm\u0259si t\u0259bii ki, bu xronoloji d\u00f6vr\u00fc d\u0259 \u0259sasland\u0131rm\u0131\u015f olur\u201d<\/em>, &#8211; dey\u0259 \u018fliyev fikrini tamamlay\u0131b.<\/p>\n\n\n\n<p>Az\u0259rbaycanda sonuncu d\u0259f\u0259 prezident se\u00e7kil\u0259ri 2018-ci ild\u0259 ke\u00e7irildiyind\u0259n \u0130lham \u018fliyevin prezidentlik s\u0259lahiyy\u0259ti 2025-ci ild\u0259 ba\u015fa \u00e7at\u0131rd\u0131.<\/p>\n\n\n\n<p><strong>Se\u00e7kil\u0259r n\u0259 vaxt ke\u00e7iril\u0259c\u0259k v\u0259 kiml\u0259r namiz\u0259ddir?<\/strong><\/p>\n\n\n\n<p>2024-c\u00fc ilin fevral\u0131n 7-d\u0259 Az\u0259rbaycanda n\u00f6vb\u0259d\u0259nk\u0259nar Prezident se\u00e7kil\u0259ri ke\u00e7iril\u0259c\u0259k.<\/p>\n\n\n\n<p>\u0130lham \u018fliyev \u00f6t\u0259n il dekabr\u0131n 7-d\u0259 bununla ba\u011fl\u0131 s\u0259r\u0259ncam imzalay\u0131b.<\/p>\n\n\n\n<p>Namiz\u0259dliyi qeyd\u0259 alnm\u0131\u015f \u015f\u0259xsl\u0259r \u2013 \u00f6lk\u0259 ba\u015f\u00e7\u0131s\u0131 <a href=\"https:\/\/storage.googleapis.com\/qurium\/www.meydan.tv\/az-article-yap-namizedini-resmen-aciqladi.html\">\u0130lham \u018fliyev<\/a>, deputatlar \u2013 <a href=\"https:\/\/storage.googleapis.com\/qurium\/www.meydan.tv\/az-article-fazil-mustafa-da-prezidentliye-namized-olacaq.html\">Fazil Mustafa<\/a>, <a href=\"https:\/\/storage.googleapis.com\/qurium\/www.meydan.tv\/az-article-zahid-oruc-da-prezidentliye-namized-olacaq.html\">Zahid Oruc<\/a>, <a href=\"https:\/\/d9mc3ts4czbpr.cloudfront.net\/az\/article\/qudret-hesenquliyev-yene-namized-olacaq\/\">Q\u00fcdr\u0259t H\u0259s\u0259nquliyev<\/a>, <a href=\"https:\/\/storage.googleapis.com\/qurium\/www.meydan.tv\/az-article-razi-nurullayev-de-namizedliyini-ireli-surub.html\">Razi Nurullayev<\/a>, B\u00f6y\u00fck Az\u0259rbaycan Partiyas\u0131n\u0131n s\u0259dri <a href=\"https:\/\/storage.googleapis.com\/qurium\/www.meydan.tv\/az-article-elsad-musayev-de-prezident-olmaq-isteyir.html\">El\u015fad Musayev<\/a>, <a href=\"https:\/\/www.meydan.tv\/az\/article\/fealiyyetini-dayandiran-partiyanin-sedri-prezidentliye-namized-olacaq\/\">Fuad \u018fliyev<\/a>dir.<\/p>\n\n\n\n<p>Namiz\u0259d S\u0259f\u0259rov, S\u0259rvan K\u0259rimov, <a href=\"https:\/\/storage.googleapis.com\/qurium\/www.meydan.tv\/az-article-prezidentliye-namizedliyini-ireli-suren-sexs-ilham-eliyevi-xilas-etmek-isteyirem-ancaq-o-el-vermir.html\">M\u0259tl\u0259b M\u00fct\u0259llimli<\/a>, Abutal\u0131b S\u0259m\u0259dov, Fikr\u0259t Yusifov, Yusif Ba\u011f\u0131rzad\u0259, Arzuman Abdulk\u0259rimov, Yunus O\u011fuz, Qulamh\u00fcseyn \u018flib\u0259yli namiz\u0259dlikl\u0259rini ir\u0259li s\u00fcrs\u0259l\u0259r d\u0259, onlar qeyd\u0259 al\u0131nmay\u0131blar.<\/p>\n\n\n\n<p>Prezidentliy\u0259 namiz\u0259dliyini ver\u0259n \u015f\u0259xsl\u0259rin h\u0259r biri hakimiyy\u0259ty\u00f6n\u00fcml\u00fc kimi tan\u0131n\u0131r.<\/p>\n\n\n\n<p><a href=\"https:\/\/storage.googleapis.com\/qurium\/www.meydan.tv\/az-article-axcp-de-seckide-istirak-etmeyecek.html\">AXCP<\/a>, <a href=\"https:\/\/storage.googleapis.com\/qurium\/www.meydan.tv\/az-article-musavat-novbedenkenar-seckide-istirakdan-imtina-edib.html\">M\u00fcsavat<\/a> v\u0259 <a href=\"https:\/\/storage.googleapis.com\/qurium\/www.meydan.tv\/az-article-kxcp-de-seckide-istirak-etmeyecek.html\">Klassik Xalq C\u0259bh\u0259si<\/a> partiyalar\u0131 se\u00e7kini boykot ed\u0259c\u0259kl\u0259rini a\u00e7\u0131qlay\u0131blar.<\/p>\n\n\n\n<p>Az\u0259rbaycanda sonuncu d\u0259f\u0259 Prezident se\u00e7kil\u0259ri 2018-ci il aprelin 11-d\u0259 ke\u00e7irilib. H\u0259min se\u00e7kil\u0259r d\u0259 n\u00f6vb\u0259d\u0259nk\u0259nar olub.<\/p>\n\n\n\n<p>\u0130lham \u018fliyev 20 ildir ki, Prezident v\u0259zif\u0259sini icra edir.<\/p>\n","protected":false},"excerpt":{"rendered":"<p>\u201cAzad edilmi\u015f \u0259razil\u0259rd\u0259 ilk d\u0259f\u0259 Prezident se\u00e7kil\u0259ri ke\u00e7irilm\u0259li idi\u201d \u00d6lk\u0259 &#8230; <\/p>\n<p class=\"read-more-container\"><a title=\"\u0130lham \u018fliyev Prezident se\u00e7kil\u0259rinin s\u0259b\u0259bl\u0259rini a\u00e7\u0131qlad\u0131\" class=\"read-more button\" href=\"https:\/\/www.meydan.tv\/az\/article\/ilham-eliyev-prezident-seckilerinin-sebeblerini-aciqladi\/#more-295030\" aria-label=\"Read more about \u0130lham \u018fliyev Prezident se\u00e7kil\u0259rinin s\u0259b\u0259bl\u0259rini a\u00e7\u0131qlad\u0131\">Davam\u0131<\/a><\/p>\n","protected":false},"author":8,"featured_media":295027,"comment_status":"closed","ping_status":"closed","sticky":false,"template":"","format":"standard","meta":{"_acf_changed":false,"_sitemap_exclude":false,"_sitemap_priority":"","_sitemap_frequency":"","footnotes":""},"categories":[129,59,79,56],"tags":[],"class_list":["post-295030","post","type-post","status-publish","format-standard","has-post-thumbnail","hentry","category-sechki-2024","category-siyaset","category-featured","category-xeberler","infinite-scroll-item","generate-columns","tablet-grid-50","mobile-grid-100","grid-parent","grid-33","no-featured-image-padding"],"acf":[],"yoast_head":"<!-- This site is optimized with the Yoast SEO plugin v27.4 - https:\/\/yoast.com\/product\/yoast-seo-wordpress\/ -->\n<title>\u0130lham \u018fliyev Prezident se\u00e7kil\u0259rinin s\u0259b\u0259bl\u0259rini a\u00e7\u0131qlad\u0131 - MEYDAN.TV<\/title>\n<meta name=\"robots\" content=\"index, follow, max-snippet:-1, max-image-preview:large, max-video-preview:-1\" \/>\n<link rel=\"canonical\" href=\"https:\/\/www.meydan.tv\/az\/article\/ilham-eliyev-prezident-seckilerinin-sebeblerini-aciqladi\/\" \/>\n<meta property=\"og:locale\" content=\"az_AZ\" \/>\n<meta property=\"og:type\" content=\"article\" \/>\n<meta property=\"og:title\" content=\"\u0130lham \u018fliyev Prezident se\u00e7kil\u0259rinin s\u0259b\u0259bl\u0259rini a\u00e7\u0131qlad\u0131 - MEYDAN.TV\" \/>\n<meta property=\"og:description\" content=\"\u201cAzad edilmi\u015f \u0259razil\u0259rd\u0259 ilk d\u0259f\u0259 Prezident se\u00e7kil\u0259ri ke\u00e7irilm\u0259li idi\u201d \u00d6lk\u0259 ... Davam\u0131\" \/>\n<meta property=\"og:url\" content=\"https:\/\/www.meydan.tv\/az\/article\/ilham-eliyev-prezident-seckilerinin-sebeblerini-aciqladi\/\" \/>\n<meta property=\"og:site_name\" content=\"MEYDAN.TV\" \/>\n<meta property=\"article:published_time\" content=\"2024-01-10T18:11:57+00:00\" \/>\n<meta property=\"article:modified_time\" content=\"2024-01-10T18:18:54+00:00\" \/>\n<meta property=\"og:image\" content=\"https:\/\/www.meydan.tv\/wp-content\/uploads\/17048858855811914628_1200x630.jpg\" \/>\n\t<meta property=\"og:image:width\" content=\"1200\" \/>\n\t<meta property=\"og:image:height\" content=\"733\" \/>\n\t<meta property=\"og:image:type\" content=\"image\/jpeg\" \/>\n<meta name=\"author\" content=\"elli\" \/>\n<meta name=\"twitter:card\" content=\"summary_large_image\" \/>\n<meta name=\"twitter:creator\" content=\"@elli\" \/>\n<script type=\"application\/ld+json\" class=\"yoast-schema-graph\">{\"@context\":\"https:\\\/\\\/schema.org\",\"@graph\":[{\"@type\":\"Article\",\"@id\":\"https:\\\/\\\/www.meydan.tv\\\/az\\\/article\\\/ilham-eliyev-prezident-seckilerinin-sebeblerini-aciqladi\\\/#article\",\"isPartOf\":{\"@id\":\"https:\\\/\\\/www.meydan.tv\\\/az\\\/article\\\/ilham-eliyev-prezident-seckilerinin-sebeblerini-aciqladi\\\/\"},\"author\":{\"name\":\"elli\",\"@id\":\"https:\\\/\\\/www.meydan.tv\\\/az\\\/#\\\/schema\\\/person\\\/9cdbecf90d17180ce1dfbd95b08dcf47\"},\"headline\":\"\u0130lham \u018fliyev Prezident se\u00e7kil\u0259rinin s\u0259b\u0259bl\u0259rini a\u00e7\u0131qlad\u0131\",\"datePublished\":\"2024-01-10T18:11:57+00:00\",\"dateModified\":\"2024-01-10T18:18:54+00:00\",\"mainEntityOfPage\":{\"@id\":\"https:\\\/\\\/www.meydan.tv\\\/az\\\/article\\\/ilham-eliyev-prezident-seckilerinin-sebeblerini-aciqladi\\\/\"},\"wordCount\":443,\"publisher\":{\"@id\":\"https:\\\/\\\/www.meydan.tv\\\/az\\\/#organization\"},\"image\":{\"@id\":\"https:\\\/\\\/www.meydan.tv\\\/az\\\/article\\\/ilham-eliyev-prezident-seckilerinin-sebeblerini-aciqladi\\\/#primaryimage\"},\"thumbnailUrl\":\"https:\\\/\\\/www.meydan.tv\\\/wp-content\\\/uploads\\\/17048858855811914628_1200x630.jpg\",\"articleSection\":[\"Se\u00e7ki 2024\",\"Siyas\u0259t\",\"T\u00f6vsiy\u0259\",\"X\u0259b\u0259rl\u0259r\"],\"inLanguage\":\"az\"},{\"@type\":\"WebPage\",\"@id\":\"https:\\\/\\\/www.meydan.tv\\\/az\\\/article\\\/ilham-eliyev-prezident-seckilerinin-sebeblerini-aciqladi\\\/\",\"url\":\"https:\\\/\\\/www.meydan.tv\\\/az\\\/article\\\/ilham-eliyev-prezident-seckilerinin-sebeblerini-aciqladi\\\/\",\"name\":\"\u0130lham \u018fliyev Prezident se\u00e7kil\u0259rinin s\u0259b\u0259bl\u0259rini a\u00e7\u0131qlad\u0131 - MEYDAN.TV\",\"isPartOf\":{\"@id\":\"https:\\\/\\\/www.meydan.tv\\\/az\\\/#website\"},\"primaryImageOfPage\":{\"@id\":\"https:\\\/\\\/www.meydan.tv\\\/az\\\/article\\\/ilham-eliyev-prezident-seckilerinin-sebeblerini-aciqladi\\\/#primaryimage\"},\"image\":{\"@id\":\"https:\\\/\\\/www.meydan.tv\\\/az\\\/article\\\/ilham-eliyev-prezident-seckilerinin-sebeblerini-aciqladi\\\/#primaryimage\"},\"thumbnailUrl\":\"https:\\\/\\\/www.meydan.tv\\\/wp-content\\\/uploads\\\/17048858855811914628_1200x630.jpg\",\"datePublished\":\"2024-01-10T18:11:57+00:00\",\"dateModified\":\"2024-01-10T18:18:54+00:00\",\"breadcrumb\":{\"@id\":\"https:\\\/\\\/www.meydan.tv\\\/az\\\/article\\\/ilham-eliyev-prezident-seckilerinin-sebeblerini-aciqladi\\\/#breadcrumb\"},\"inLanguage\":\"az\",\"potentialAction\":[{\"@type\":\"ReadAction\",\"target\":[\"https:\\\/\\\/www.meydan.tv\\\/az\\\/article\\\/ilham-eliyev-prezident-seckilerinin-sebeblerini-aciqladi\\\/\"]}]},{\"@type\":\"ImageObject\",\"inLanguage\":\"az\",\"@id\":\"https:\\\/\\\/www.meydan.tv\\\/az\\\/article\\\/ilham-eliyev-prezident-seckilerinin-sebeblerini-aciqladi\\\/#primaryimage\",\"url\":\"https:\\\/\\\/www.meydan.tv\\\/wp-content\\\/uploads\\\/17048858855811914628_1200x630.jpg\",\"contentUrl\":\"https:\\\/\\\/www.meydan.tv\\\/wp-content\\\/uploads\\\/17048858855811914628_1200x630.jpg\",\"width\":1200,\"height\":733,\"caption\":\"Foto: president.az\"},{\"@type\":\"BreadcrumbList\",\"@id\":\"https:\\\/\\\/www.meydan.tv\\\/az\\\/article\\\/ilham-eliyev-prezident-seckilerinin-sebeblerini-aciqladi\\\/#breadcrumb\",\"itemListElement\":[{\"@type\":\"ListItem\",\"position\":1,\"name\":\"Ana s\u0259hif\u0259\",\"item\":\"https:\\\/\\\/www.meydan.tv\\\/az\\\/\"},{\"@type\":\"ListItem\",\"position\":2,\"name\":\"Siyas\u0259t\",\"item\":\"https:\\\/\\\/www.meydan.tv\\\/az\\\/section\\\/siyaset\\\/\"},{\"@type\":\"ListItem\",\"position\":3,\"name\":\"\u0130lham \u018fliyev Prezident se\u00e7kil\u0259rinin s\u0259b\u0259bl\u0259rini a\u00e7\u0131qlad\u0131\"}]},{\"@type\":\"WebSite\",\"@id\":\"https:\\\/\\\/www.meydan.tv\\\/az\\\/#website\",\"url\":\"https:\\\/\\\/www.meydan.tv\\\/az\\\/\",\"name\":\"MEYDAN.TV\",\"description\":\"Meydan TV Az\u0259rbaycan\u0131n media m\u0259kan\u0131ndak\u0131 alternativ s\u0259sidir\",\"publisher\":{\"@id\":\"https:\\\/\\\/www.meydan.tv\\\/az\\\/#organization\"},\"potentialAction\":[{\"@type\":\"SearchAction\",\"target\":{\"@type\":\"EntryPoint\",\"urlTemplate\":\"https:\\\/\\\/www.meydan.tv\\\/az\\\/?s={search_term_string}\"},\"query-input\":{\"@type\":\"PropertyValueSpecification\",\"valueRequired\":true,\"valueName\":\"search_term_string\"}}],\"inLanguage\":\"az\"},{\"@type\":\"Organization\",\"@id\":\"https:\\\/\\\/www.meydan.tv\\\/az\\\/#organization\",\"name\":\"Meydan TV\",\"url\":\"https:\\\/\\\/www.meydan.tv\\\/az\\\/\",\"logo\":{\"@type\":\"ImageObject\",\"inLanguage\":\"az\",\"@id\":\"https:\\\/\\\/www.meydan.tv\\\/az\\\/#\\\/schema\\\/logo\\\/image\\\/\",\"url\":\"https:\\\/\\\/www.meydan.tv\\\/wp-content\\\/uploads\\\/2021\\\/07\\\/meydan-logo.svg\",\"contentUrl\":\"https:\\\/\\\/www.meydan.tv\\\/wp-content\\\/uploads\\\/2021\\\/07\\\/meydan-logo.svg\",\"width\":195,\"height\":46,\"caption\":\"Meydan TV\"},\"image\":{\"@id\":\"https:\\\/\\\/www.meydan.tv\\\/az\\\/#\\\/schema\\\/logo\\\/image\\\/\"}},{\"@type\":\"Person\",\"@id\":\"https:\\\/\\\/www.meydan.tv\\\/az\\\/#\\\/schema\\\/person\\\/9cdbecf90d17180ce1dfbd95b08dcf47\",\"name\":\"elli\",\"sameAs\":[\"https:\\\/\\\/x.com\\\/elli\"]}]}<\/script>\n<!-- \/ Yoast SEO plugin. -->","yoast_head_json":{"title":"\u0130lham \u018fliyev Prezident se\u00e7kil\u0259rinin s\u0259b\u0259bl\u0259rini a\u00e7\u0131qlad\u0131 - MEYDAN.TV","robots":{"index":"index","follow":"follow","max-snippet":"max-snippet:-1","max-image-preview":"max-image-preview:large","max-video-preview":"max-video-preview:-1"},"canonical":"https:\/\/www.meydan.tv\/az\/article\/ilham-eliyev-prezident-seckilerinin-sebeblerini-aciqladi\/","og_locale":"az_AZ","og_type":"article","og_title":"\u0130lham \u018fliyev Prezident se\u00e7kil\u0259rinin s\u0259b\u0259bl\u0259rini a\u00e7\u0131qlad\u0131 - MEYDAN.TV","og_description":"\u201cAzad edilmi\u015f \u0259razil\u0259rd\u0259 ilk d\u0259f\u0259 Prezident se\u00e7kil\u0259ri ke\u00e7irilm\u0259li idi\u201d \u00d6lk\u0259 ... Davam\u0131","og_url":"https:\/\/www.meydan.tv\/az\/article\/ilham-eliyev-prezident-seckilerinin-sebeblerini-aciqladi\/","og_site_name":"MEYDAN.TV","article_published_time":"2024-01-10T18:11:57+00:00","article_modified_time":"2024-01-10T18:18:54+00:00","og_image":[{"width":1200,"height":733,"url":"https:\/\/www.meydan.tv\/wp-content\/uploads\/17048858855811914628_1200x630.jpg","type":"image\/jpeg"}],"author":"elli","twitter_card":"summary_large_image","twitter_creator":"@elli","schema":{"@context":"https:\/\/schema.org","@graph":[{"@type":"Article","@id":"https:\/\/www.meydan.tv\/az\/article\/ilham-eliyev-prezident-seckilerinin-sebeblerini-aciqladi\/#article","isPartOf":{"@id":"https:\/\/www.meydan.tv\/az\/article\/ilham-eliyev-prezident-seckilerinin-sebeblerini-aciqladi\/"},"author":{"name":"elli","@id":"https:\/\/www.meydan.tv\/az\/#\/schema\/person\/9cdbecf90d17180ce1dfbd95b08dcf47"},"headline":"\u0130lham \u018fliyev Prezident se\u00e7kil\u0259rinin s\u0259b\u0259bl\u0259rini a\u00e7\u0131qlad\u0131","datePublished":"2024-01-10T18:11:57+00:00","dateModified":"2024-01-10T18:18:54+00:00","mainEntityOfPage":{"@id":"https:\/\/www.meydan.tv\/az\/article\/ilham-eliyev-prezident-seckilerinin-sebeblerini-aciqladi\/"},"wordCount":443,"publisher":{"@id":"https:\/\/www.meydan.tv\/az\/#organization"},"image":{"@id":"https:\/\/www.meydan.tv\/az\/article\/ilham-eliyev-prezident-seckilerinin-sebeblerini-aciqladi\/#primaryimage"},"thumbnailUrl":"https:\/\/www.meydan.tv\/wp-content\/uploads\/17048858855811914628_1200x630.jpg","articleSection":["Se\u00e7ki 2024","Siyas\u0259t","T\u00f6vsiy\u0259","X\u0259b\u0259rl\u0259r"],"inLanguage":"az"},{"@type":"WebPage","@id":"https:\/\/www.meydan.tv\/az\/article\/ilham-eliyev-prezident-seckilerinin-sebeblerini-aciqladi\/","url":"https:\/\/www.meydan.tv\/az\/article\/ilham-eliyev-prezident-seckilerinin-sebeblerini-aciqladi\/","name":"\u0130lham \u018fliyev Prezident se\u00e7kil\u0259rinin s\u0259b\u0259bl\u0259rini a\u00e7\u0131qlad\u0131 - MEYDAN.TV","isPartOf":{"@id":"https:\/\/www.meydan.tv\/az\/#website"},"primaryImageOfPage":{"@id":"https:\/\/www.meydan.tv\/az\/article\/ilham-eliyev-prezident-seckilerinin-sebeblerini-aciqladi\/#primaryimage"},"image":{"@id":"https:\/\/www.meydan.tv\/az\/article\/ilham-eliyev-prezident-seckilerinin-sebeblerini-aciqladi\/#primaryimage"},"thumbnailUrl":"https:\/\/www.meydan.tv\/wp-content\/uploads\/17048858855811914628_1200x630.jpg","datePublished":"2024-01-10T18:11:57+00:00","dateModified":"2024-01-10T18:18:54+00:00","breadcrumb":{"@id":"https:\/\/www.meydan.tv\/az\/article\/ilham-eliyev-prezident-seckilerinin-sebeblerini-aciqladi\/#breadcrumb"},"inLanguage":"az","potentialAction":[{"@type":"ReadAction","target":["https:\/\/www.meydan.tv\/az\/article\/ilham-eliyev-prezident-seckilerinin-sebeblerini-aciqladi\/"]}]},{"@type":"ImageObject","inLanguage":"az","@id":"https:\/\/www.meydan.tv\/az\/article\/ilham-eliyev-prezident-seckilerinin-sebeblerini-aciqladi\/#primaryimage","url":"https:\/\/www.meydan.tv\/wp-content\/uploads\/17048858855811914628_1200x630.jpg","contentUrl":"https:\/\/www.meydan.tv\/wp-content\/uploads\/17048858855811914628_1200x630.jpg","width":1200,"height":733,"caption":"Foto: president.az"},{"@type":"BreadcrumbList","@id":"https:\/\/www.meydan.tv\/az\/article\/ilham-eliyev-prezident-seckilerinin-sebeblerini-aciqladi\/#breadcrumb","itemListElement":[{"@type":"ListItem","position":1,"name":"Ana s\u0259hif\u0259","item":"https:\/\/www.meydan.tv\/az\/"},{"@type":"ListItem","position":2,"name":"Siyas\u0259t","item":"https:\/\/www.meydan.tv\/az\/section\/siyaset\/"},{"@type":"ListItem","position":3,"name":"\u0130lham \u018fliyev Prezident se\u00e7kil\u0259rinin s\u0259b\u0259bl\u0259rini a\u00e7\u0131qlad\u0131"}]},{"@type":"WebSite","@id":"https:\/\/www.meydan.tv\/az\/#website","url":"https:\/\/www.meydan.tv\/az\/","name":"MEYDAN.TV","description":"Meydan TV Az\u0259rbaycan\u0131n media m\u0259kan\u0131ndak\u0131 alternativ s\u0259sidir","publisher":{"@id":"https:\/\/www.meydan.tv\/az\/#organization"},"potentialAction":[{"@type":"SearchAction","target":{"@type":"EntryPoint","urlTemplate":"https:\/\/www.meydan.tv\/az\/?s={search_term_string}"},"query-input":{"@type":"PropertyValueSpecification","valueRequired":true,"valueName":"search_term_string"}}],"inLanguage":"az"},{"@type":"Organization","@id":"https:\/\/www.meydan.tv\/az\/#organization","name":"Meydan TV","url":"https:\/\/www.meydan.tv\/az\/","logo":{"@type":"ImageObject","inLanguage":"az","@id":"https:\/\/www.meydan.tv\/az\/#\/schema\/logo\/image\/","url":"https:\/\/www.meydan.tv\/wp-content\/uploads\/2021\/07\/meydan-logo.svg","contentUrl":"https:\/\/www.meydan.tv\/wp-content\/uploads\/2021\/07\/meydan-logo.svg","width":195,"height":46,"caption":"Meydan TV"},"image":{"@id":"https:\/\/www.meydan.tv\/az\/#\/schema\/logo\/image\/"}},{"@type":"Person","@id":"https:\/\/www.meydan.tv\/az\/#\/schema\/person\/9cdbecf90d17180ce1dfbd95b08dcf47","name":"elli","sameAs":["https:\/\/x.com\/elli"]}]}},"_links":{"self":[{"href":"https:\/\/www.meydan.tv\/az\/wp-json\/wp\/v2\/posts\/295030","targetHints":{"allow":["GET"]}}],"collection":[{"href":"https:\/\/www.meydan.tv\/az\/wp-json\/wp\/v2\/posts"}],"about":[{"href":"https:\/\/www.meydan.tv\/az\/wp-json\/wp\/v2\/types\/post"}],"author":[{"embeddable":true,"href":"https:\/\/www.meydan.tv\/az\/wp-json\/wp\/v2\/users\/8"}],"replies":[{"embeddable":true,"href":"https:\/\/www.meydan.tv\/az\/wp-json\/wp\/v2\/comments?post=295030"}],"version-history":[{"count":4,"href":"https:\/\/www.meydan.tv\/az\/wp-json\/wp\/v2\/posts\/295030\/revisions"}],"predecessor-version":[{"id":295034,"href":"https:\/\/www.meydan.tv\/az\/wp-json\/wp\/v2\/posts\/295030\/revisions\/295034"}],"wp:featuredmedia":[{"embeddable":true,"href":"https:\/\/www.meydan.tv\/az\/wp-json\/wp\/v2\/media\/295027"}],"wp:attachment":[{"href":"https:\/\/www.meydan.tv\/az\/wp-json\/wp\/v2\/media?parent=295030"}],"wp:term":[{"taxonomy":"category","embeddable":true,"href":"https:\/\/www.meydan.tv\/az\/wp-json\/wp\/v2\/categories?post=295030"},{"taxonomy":"post_tag","embeddable":true,"href":"https:\/\/www.meydan.tv\/az\/wp-json\/wp\/v2\/tags?post=295030"}],"curies":[{"name":"wp","href":"https:\/\/api.w.org\/{rel}","templated":true}]}}