{"id":295019,"date":"2024-01-10T18:53:14","date_gmt":"2024-01-10T14:53:14","guid":{"rendered":"https:\/\/www.meydan.tv\/?p=295019"},"modified":"2024-01-10T18:53:20","modified_gmt":"2024-01-10T14:53:20","slug":"4-korpenin-olumune-sebeb-olan-yangina-gore-3-nefer-cinayet-mesuliyyetine-celb-olunub","status":"publish","type":"post","link":"https:\/\/www.meydan.tv\/az\/article\/4-korpenin-olumune-sebeb-olan-yangina-gore-3-nefer-cinayet-mesuliyyetine-celb-olunub\/","title":{"rendered":"4 k\u00f6rp\u0259nin \u00f6l\u00fcm\u00fcn\u0259 s\u0259b\u0259b olan yan\u011f\u0131na g\u00f6r\u0259 3 n\u0259f\u0259r cinay\u0259t m\u0259suliyy\u0259tin\u0259 c\u0259lb olunub"},"content":{"rendered":"\n<p><\/p>\n\n\n\n<p><em><strong>Onlar haqq\u0131nda istintaq d\u00f6vr\u00fc \u00fc\u00e7\u00fcn ev dustaql\u0131\u011f\u0131 q\u0259timkan t\u0259dbiri se\u00e7ilib<\/strong><\/em><\/p>\n\n\n\n<p>Yanvar\u0131n 9-da Respublika Perinatal M\u0259rk\u0259zind\u0259 4 k\u00f6rp\u0259nin \u00f6l\u00fcm\u00fcn\u0259 s\u0259b\u0259b olan yan\u011f\u0131na g\u00f6r\u0259 3 n\u0259f\u0259r cinay\u0259t m\u0259suliyy\u0259tin\u0259 c\u0259lb olunub. Bunlar M\u0259rk\u0259zin direktoru Mehriban Abbasquliyeva, Anesteziologiya, reanimasiya v\u0259 intensiv terapiya \u015f\u00f6b\u0259sinin m\u00fcdiri Hamlet Mustafayev v\u0259 D\u0259st\u0259k Xidm\u0259tl\u0259ri \u015f\u00f6b\u0259sinin m\u00fcdiri Elnur \u018fhm\u0259dlidir.<\/p>\n\n\n\n<p>Mehriban Abbasquliyevaya Cinay\u0259t M\u0259c\u0259ll\u0259sinin 314.3 (s\u0259hl\u0259nkarl\u0131q &#8211; iki v\u0259 daha \u00e7ox \u015f\u0259xsin \u00f6l\u00fcm\u00fcn\u0259 s\u0259b\u0259b olduqda), Hamlet Mustafayev v\u0259 Elnur \u018fhm\u0259dliy\u0259 is\u0259 225.3-c\u00fc (yan\u011f\u0131n t\u0259hl\u00fck\u0259sizliyi qaydalar\u0131n\u0131 pozma &#8211; iki v\u0259 daha \u00e7ox \u015f\u0259xsin \u00f6l\u00fcm\u00fcn\u0259 s\u0259b\u0259b olduqda) madd\u0259l\u0259ril\u0259 ittihamlar ir\u0259li s\u00fcr\u00fcl\u00fcb.<\/p>\n\n\n\n<p>Onlar\u0131n \u00fc\u00e7\u00fcn\u00fcn d\u0259 haqq\u0131nda istintaq d\u00f6vr\u00fc \u00fc\u00e7\u00fcn ev dustaql\u0131\u011f\u0131 q\u0259timkan t\u0259dbiri se\u00e7ilib.<\/p>\n\n\n\n<p>Bu bar\u0259d\u0259 Ba\u015f Prokurorlu\u011fun m\u0259tbuat xidm\u0259ti m\u0259lumat yay\u0131b. <\/p>\n\n\n<div class=\"wp-block-image\">\n<figure class=\"alignright size-large is-resized\"><img decoding=\"async\" width=\"1200\" height=\"668\" data-src=\"https:\/\/www.meydan.tv\/wp-content\/uploads\/screenshot-at-aug-10-14-51-49-1200x668.png\" alt=\"\" class=\"wp-image-252941 lazyload\" style=\"--smush-placeholder-width: 1200px; --smush-placeholder-aspect-ratio: 1200\/668;width:400px;height:auto\" src=\"data:image\/svg+xml;base64,PHN2ZyB3aWR0aD0iMSIgaGVpZ2h0PSIxIiB4bWxucz0iaHR0cDovL3d3dy53My5vcmcvMjAwMC9zdmciPjwvc3ZnPg==\" \/><figcaption class=\"wp-element-caption\">Ba\u015f Prokurorluq. Foto: Meydan TV<\/figcaption><\/figure>\n<\/div>\n\n\n<p>M\u0259lumatda bildirilir ki, ilkin istintaq n\u0259tic\u0259sind\u0259 x\u0259st\u0259xanada yan\u011f\u0131n t\u0259hl\u00fck\u0259sizliyi qaydalar\u0131na riay\u0259t edilm\u0259si i\u015finin d\u00fczg\u00fcn t\u0259\u015fkil olunmad\u0131\u011f\u0131, yenido\u011fulmu\u015flar\u0131n intensiv terapiya b\u00f6lm\u0259sinin yerl\u0259\u015fdiyi d\u00f6rd\u00fcnc\u00fc m\u0259rt\u0259b\u0259d\u0259ki palatas\u0131nda tibbi avadanl\u0131qlar\u0131n d\u00fczg\u00fcn istismar olunmad\u0131\u011f\u0131, normadan art\u0131q tibbi avadanl\u0131qlar\u0131n istifad\u0259 edildiyi, h\u0259m\u00e7inin elektrik qidaland\u0131r\u0131c\u0131larda yaranm\u0131\u015f nasazl\u0131\u011f\u0131n vaxt\u0131nda aradan qald\u0131r\u0131lmad\u0131\u011f\u0131 \u00fcz\u0259 \u00e7\u0131x\u0131b. <\/p>\n\n\n\n<p>Mehriban Abbasquliyevaya da buna g\u00f6r\u0259 s\u0259hl\u0259nkarl\u0131q ittiham\u0131 verilib.<\/p>\n\n\n\n<p>\u015e\u00f6b\u0259 m\u00fcdirl\u0259ri is\u0259 x\u0259st\u0259xanada standartlara uy\u011fun olmayan elektrik cihazlar\u0131ndan istifad\u0259 olunmas\u0131, elektrik x\u0259tl\u0259rinin g\u00fcc\u00fc v\u0259 d\u00f6z\u00fcml\u00fcl\u00fcy\u00fc n\u0259z\u0259r\u0259 al\u0131nmadan \u00e7oxsayl\u0131 tibbi avadanl\u0131qlar\u0131n davaml\u0131 v\u0259 nizams\u0131z \u015f\u0259kild\u0259 palatalarda yerl\u0259\u015fdirilm\u0259si v\u0259 istismar\u0131na g\u00f6r\u0259 cinay\u0259t m\u0259suliyy\u0259tin\u0259 c\u0259lb olunub.<\/p>\n\n\n\n<p><em>&#8220;Bunlar\u0131n n\u0259tic\u0259sind\u0259 infant inkubator k\u00f6rp\u0259 k\u00fcvezi v\u0259 yeni do\u011fulmu\u015f k\u00f6rp\u0259l\u0259rin m\u00fcalic\u0259si \u00fc\u00e7\u00fcn n\u0259z\u0259rd\u0259 tutulmu\u015f dig\u0259r tibbi avadanl\u0131qlar\u0131ndan t\u0259hl\u00fck\u0259li \u015f\u0259kild\u0259 v\u0259 standartlara uy\u011fun olmadan istifad\u0259 edilib. Yan\u011f\u0131n x\u0259b\u0259rdarl\u0131\u011f\u0131 vasit\u0259l\u0259ri i\u015fl\u0259k v\u0259ziyy\u0259td\u0259 olmay\u0131b. Elektrik x\u0259tl\u0259rind\u0259 ba\u015f vermi\u015f normadan art\u0131q y\u00fckl\u0259nm\u0259d\u0259n t\u00f6r\u0259y\u0259n yan\u011f\u0131n ota\u011fa yay\u0131l\u0131b, bununla da, 4 k\u00f6rp\u0259 \u00f6l\u00fcb, m\u00fc\u0259ssis\u0259y\u0259 ciddi \u0259mlak ziyan\u0131 d\u0259yib&#8221;, <\/em>&#8211; Ba\u015f Prokurorlu\u011fun m\u0259lumat\u0131nda bel\u0259 deyilir.<\/p>\n\n\n<div class=\"wp-block-image\">\n<figure class=\"alignleft size-full is-resized\"><img decoding=\"async\" width=\"1200\" height=\"801\" data-src=\"https:\/\/www.meydan.tv\/wp-content\/uploads\/418942054_10231772589961729_6173255440774345751_n.jpg\" alt=\"\" class=\"wp-image-295014 lazyload\" style=\"--smush-placeholder-width: 1200px; --smush-placeholder-aspect-ratio: 1200\/801;width:342px;height:auto\" src=\"data:image\/svg+xml;base64,PHN2ZyB3aWR0aD0iMSIgaGVpZ2h0PSIxIiB4bWxucz0iaHR0cDovL3d3dy53My5vcmcvMjAwMC9zdmciPjwvc3ZnPg==\" \/><figcaption class=\"wp-element-caption\">Mehriban Abbasquliyeva. Foto: &#8220;Facebook&#8221;un YAP s\u0259hif\u0259si<\/figcaption><\/figure>\n<\/div>\n\n\n<p>Bu cinay\u0259t i\u015fi \u00fczr\u0259 ara\u015fd\u0131rmalar Ba\u015f Prokurorlu\u011fun \u0130stintaq \u0130dar\u0259sind\u0259 apar\u0131l\u0131r.<\/p>\n\n\n\n<p>M\u0259rk\u0259zin direktoru Mehriban Abbasquliyeva 1998-2000-ci ill\u0259rd\u0259 3 sayl\u0131 \u015e\u0259h\u0259r Klinik X\u0259st\u0259xanas\u0131nda ba\u015f h\u0259kimin m\u00fcavini olub. O, 2000-ci ild\u0259 Sabun\u00e7u rayonundak\u0131 2 sayl\u0131 Do\u011fum evinin ba\u015f h\u0259kimi t\u0259yin edilib v\u0259 uzun ill\u0259r bu v\u0259zif\u0259d\u0259 i\u015fl\u0259yib. Respublika Perinatal M\u0259rk\u0259zin\u0259 is\u0259 bir il \u00f6nc\u0259 &#8211;\u00a0 2022-ci ilin dekabr\u0131nda direktor t\u0259yin olunmu\u015fdu.<\/p>\n","protected":false},"excerpt":{"rendered":"<p>Onlar haqq\u0131nda istintaq d\u00f6vr\u00fc \u00fc\u00e7\u00fcn ev dustaql\u0131\u011f\u0131 q\u0259timkan t\u0259dbiri se\u00e7ilib &#8230; <\/p>\n<p class=\"read-more-container\"><a title=\"4 k\u00f6rp\u0259nin \u00f6l\u00fcm\u00fcn\u0259 s\u0259b\u0259b olan yan\u011f\u0131na g\u00f6r\u0259 3 n\u0259f\u0259r cinay\u0259t m\u0259suliyy\u0259tin\u0259 c\u0259lb olunub\" class=\"read-more button\" href=\"https:\/\/www.meydan.tv\/az\/article\/4-korpenin-olumune-sebeb-olan-yangina-gore-3-nefer-cinayet-mesuliyyetine-celb-olunub\/#more-295019\" aria-label=\"Read more about 4 k\u00f6rp\u0259nin \u00f6l\u00fcm\u00fcn\u0259 s\u0259b\u0259b olan yan\u011f\u0131na g\u00f6r\u0259 3 n\u0259f\u0259r cinay\u0259t m\u0259suliyy\u0259tin\u0259 c\u0259lb olunub\">Davam\u0131<\/a><\/p>\n","protected":false},"author":8,"featured_media":295011,"comment_status":"closed","ping_status":"closed","sticky":false,"template":"","format":"standard","meta":{"_acf_changed":false,"_sitemap_exclude":false,"_sitemap_priority":"","_sitemap_frequency":"","footnotes":""},"categories":[62,79,56],"tags":[],"class_list":["post-295019","post","type-post","status-publish","format-standard","has-post-thumbnail","hentry","category-sosial","category-featured","category-xeberler","infinite-scroll-item","generate-columns","tablet-grid-50","mobile-grid-100","grid-parent","grid-33","no-featured-image-padding"],"acf":[],"yoast_head":"<!-- This site is optimized with the Yoast SEO plugin v27.5 - https:\/\/yoast.com\/product\/yoast-seo-wordpress\/ -->\n<title>4 k\u00f6rp\u0259nin \u00f6l\u00fcm\u00fcn\u0259 s\u0259b\u0259b olan yan\u011f\u0131na g\u00f6r\u0259 3 n\u0259f\u0259r cinay\u0259t m\u0259suliyy\u0259tin\u0259 c\u0259lb olunub - MEYDAN.TV<\/title>\n<meta name=\"robots\" content=\"index, follow, max-snippet:-1, max-image-preview:large, max-video-preview:-1\" \/>\n<link rel=\"canonical\" href=\"https:\/\/www.meydan.tv\/az\/article\/4-korpenin-olumune-sebeb-olan-yangina-gore-3-nefer-cinayet-mesuliyyetine-celb-olunub\/\" \/>\n<meta property=\"og:locale\" content=\"az_AZ\" \/>\n<meta property=\"og:type\" content=\"article\" \/>\n<meta property=\"og:title\" content=\"4 k\u00f6rp\u0259nin \u00f6l\u00fcm\u00fcn\u0259 s\u0259b\u0259b olan yan\u011f\u0131na g\u00f6r\u0259 3 n\u0259f\u0259r cinay\u0259t m\u0259suliyy\u0259tin\u0259 c\u0259lb olunub - MEYDAN.TV\" \/>\n<meta property=\"og:description\" content=\"Onlar haqq\u0131nda istintaq d\u00f6vr\u00fc \u00fc\u00e7\u00fcn ev dustaql\u0131\u011f\u0131 q\u0259timkan t\u0259dbiri se\u00e7ilib ... Davam\u0131\" \/>\n<meta property=\"og:url\" content=\"https:\/\/www.meydan.tv\/az\/article\/4-korpenin-olumune-sebeb-olan-yangina-gore-3-nefer-cinayet-mesuliyyetine-celb-olunub\/\" \/>\n<meta property=\"og:site_name\" content=\"MEYDAN.TV\" \/>\n<meta property=\"article:published_time\" content=\"2024-01-10T14:53:14+00:00\" \/>\n<meta property=\"article:modified_time\" content=\"2024-01-10T14:53:20+00:00\" \/>\n<meta property=\"og:image\" content=\"https:\/\/www.meydan.tv\/wp-content\/uploads\/1704893754_olask.jpg\" \/>\n\t<meta property=\"og:image:width\" content=\"1200\" \/>\n\t<meta property=\"og:image:height\" content=\"775\" \/>\n\t<meta property=\"og:image:type\" content=\"image\/jpeg\" \/>\n<meta name=\"author\" content=\"elli\" \/>\n<meta name=\"twitter:card\" content=\"summary_large_image\" \/>\n<meta name=\"twitter:creator\" content=\"@elli\" \/>\n<script type=\"application\/ld+json\" class=\"yoast-schema-graph\">{\"@context\":\"https:\\\/\\\/schema.org\",\"@graph\":[{\"@type\":\"Article\",\"@id\":\"https:\\\/\\\/www.meydan.tv\\\/az\\\/article\\\/4-korpenin-olumune-sebeb-olan-yangina-gore-3-nefer-cinayet-mesuliyyetine-celb-olunub\\\/#article\",\"isPartOf\":{\"@id\":\"https:\\\/\\\/www.meydan.tv\\\/az\\\/article\\\/4-korpenin-olumune-sebeb-olan-yangina-gore-3-nefer-cinayet-mesuliyyetine-celb-olunub\\\/\"},\"author\":{\"name\":\"elli\",\"@id\":\"https:\\\/\\\/www.meydan.tv\\\/az\\\/#\\\/schema\\\/person\\\/9cdbecf90d17180ce1dfbd95b08dcf47\"},\"headline\":\"4 k\u00f6rp\u0259nin \u00f6l\u00fcm\u00fcn\u0259 s\u0259b\u0259b olan yan\u011f\u0131na g\u00f6r\u0259 3 n\u0259f\u0259r cinay\u0259t m\u0259suliyy\u0259tin\u0259 c\u0259lb olunub\",\"datePublished\":\"2024-01-10T14:53:14+00:00\",\"dateModified\":\"2024-01-10T14:53:20+00:00\",\"mainEntityOfPage\":{\"@id\":\"https:\\\/\\\/www.meydan.tv\\\/az\\\/article\\\/4-korpenin-olumune-sebeb-olan-yangina-gore-3-nefer-cinayet-mesuliyyetine-celb-olunub\\\/\"},\"wordCount\":578,\"publisher\":{\"@id\":\"https:\\\/\\\/www.meydan.tv\\\/az\\\/#organization\"},\"image\":{\"@id\":\"https:\\\/\\\/www.meydan.tv\\\/az\\\/article\\\/4-korpenin-olumune-sebeb-olan-yangina-gore-3-nefer-cinayet-mesuliyyetine-celb-olunub\\\/#primaryimage\"},\"thumbnailUrl\":\"https:\\\/\\\/www.meydan.tv\\\/wp-content\\\/uploads\\\/1704893754_olask.jpg\",\"articleSection\":[\"Sosial\",\"T\u00f6vsiy\u0259\",\"X\u0259b\u0259rl\u0259r\"],\"inLanguage\":\"az\"},{\"@type\":\"WebPage\",\"@id\":\"https:\\\/\\\/www.meydan.tv\\\/az\\\/article\\\/4-korpenin-olumune-sebeb-olan-yangina-gore-3-nefer-cinayet-mesuliyyetine-celb-olunub\\\/\",\"url\":\"https:\\\/\\\/www.meydan.tv\\\/az\\\/article\\\/4-korpenin-olumune-sebeb-olan-yangina-gore-3-nefer-cinayet-mesuliyyetine-celb-olunub\\\/\",\"name\":\"4 k\u00f6rp\u0259nin \u00f6l\u00fcm\u00fcn\u0259 s\u0259b\u0259b olan yan\u011f\u0131na g\u00f6r\u0259 3 n\u0259f\u0259r cinay\u0259t m\u0259suliyy\u0259tin\u0259 c\u0259lb olunub - MEYDAN.TV\",\"isPartOf\":{\"@id\":\"https:\\\/\\\/www.meydan.tv\\\/az\\\/#website\"},\"primaryImageOfPage\":{\"@id\":\"https:\\\/\\\/www.meydan.tv\\\/az\\\/article\\\/4-korpenin-olumune-sebeb-olan-yangina-gore-3-nefer-cinayet-mesuliyyetine-celb-olunub\\\/#primaryimage\"},\"image\":{\"@id\":\"https:\\\/\\\/www.meydan.tv\\\/az\\\/article\\\/4-korpenin-olumune-sebeb-olan-yangina-gore-3-nefer-cinayet-mesuliyyetine-celb-olunub\\\/#primaryimage\"},\"thumbnailUrl\":\"https:\\\/\\\/www.meydan.tv\\\/wp-content\\\/uploads\\\/1704893754_olask.jpg\",\"datePublished\":\"2024-01-10T14:53:14+00:00\",\"dateModified\":\"2024-01-10T14:53:20+00:00\",\"breadcrumb\":{\"@id\":\"https:\\\/\\\/www.meydan.tv\\\/az\\\/article\\\/4-korpenin-olumune-sebeb-olan-yangina-gore-3-nefer-cinayet-mesuliyyetine-celb-olunub\\\/#breadcrumb\"},\"inLanguage\":\"az\",\"potentialAction\":[{\"@type\":\"ReadAction\",\"target\":[\"https:\\\/\\\/www.meydan.tv\\\/az\\\/article\\\/4-korpenin-olumune-sebeb-olan-yangina-gore-3-nefer-cinayet-mesuliyyetine-celb-olunub\\\/\"]}]},{\"@type\":\"ImageObject\",\"inLanguage\":\"az\",\"@id\":\"https:\\\/\\\/www.meydan.tv\\\/az\\\/article\\\/4-korpenin-olumune-sebeb-olan-yangina-gore-3-nefer-cinayet-mesuliyyetine-celb-olunub\\\/#primaryimage\",\"url\":\"https:\\\/\\\/www.meydan.tv\\\/wp-content\\\/uploads\\\/1704893754_olask.jpg\",\"contentUrl\":\"https:\\\/\\\/www.meydan.tv\\\/wp-content\\\/uploads\\\/1704893754_olask.jpg\",\"width\":1200,\"height\":775,\"caption\":\"Respublika Perinatal M\u0259rk\u0259zi. Foto: Meydan TV\"},{\"@type\":\"BreadcrumbList\",\"@id\":\"https:\\\/\\\/www.meydan.tv\\\/az\\\/article\\\/4-korpenin-olumune-sebeb-olan-yangina-gore-3-nefer-cinayet-mesuliyyetine-celb-olunub\\\/#breadcrumb\",\"itemListElement\":[{\"@type\":\"ListItem\",\"position\":1,\"name\":\"Ana s\u0259hif\u0259\",\"item\":\"https:\\\/\\\/www.meydan.tv\\\/az\\\/\"},{\"@type\":\"ListItem\",\"position\":2,\"name\":\"Sosial\",\"item\":\"https:\\\/\\\/www.meydan.tv\\\/az\\\/section\\\/sosial\\\/\"},{\"@type\":\"ListItem\",\"position\":3,\"name\":\"4 k\u00f6rp\u0259nin \u00f6l\u00fcm\u00fcn\u0259 s\u0259b\u0259b olan yan\u011f\u0131na g\u00f6r\u0259 3 n\u0259f\u0259r cinay\u0259t m\u0259suliyy\u0259tin\u0259 c\u0259lb olunub\"}]},{\"@type\":\"WebSite\",\"@id\":\"https:\\\/\\\/www.meydan.tv\\\/az\\\/#website\",\"url\":\"https:\\\/\\\/www.meydan.tv\\\/az\\\/\",\"name\":\"MEYDAN.TV\",\"description\":\"Meydan TV Az\u0259rbaycan\u0131n media m\u0259kan\u0131ndak\u0131 alternativ s\u0259sidir\",\"publisher\":{\"@id\":\"https:\\\/\\\/www.meydan.tv\\\/az\\\/#organization\"},\"potentialAction\":[{\"@type\":\"SearchAction\",\"target\":{\"@type\":\"EntryPoint\",\"urlTemplate\":\"https:\\\/\\\/www.meydan.tv\\\/az\\\/?s={search_term_string}\"},\"query-input\":{\"@type\":\"PropertyValueSpecification\",\"valueRequired\":true,\"valueName\":\"search_term_string\"}}],\"inLanguage\":\"az\"},{\"@type\":\"Organization\",\"@id\":\"https:\\\/\\\/www.meydan.tv\\\/az\\\/#organization\",\"name\":\"Meydan TV\",\"url\":\"https:\\\/\\\/www.meydan.tv\\\/az\\\/\",\"logo\":{\"@type\":\"ImageObject\",\"inLanguage\":\"az\",\"@id\":\"https:\\\/\\\/www.meydan.tv\\\/az\\\/#\\\/schema\\\/logo\\\/image\\\/\",\"url\":\"https:\\\/\\\/www.meydan.tv\\\/wp-content\\\/uploads\\\/2021\\\/07\\\/meydan-logo.svg\",\"contentUrl\":\"https:\\\/\\\/www.meydan.tv\\\/wp-content\\\/uploads\\\/2021\\\/07\\\/meydan-logo.svg\",\"width\":195,\"height\":46,\"caption\":\"Meydan TV\"},\"image\":{\"@id\":\"https:\\\/\\\/www.meydan.tv\\\/az\\\/#\\\/schema\\\/logo\\\/image\\\/\"}},{\"@type\":\"Person\",\"@id\":\"https:\\\/\\\/www.meydan.tv\\\/az\\\/#\\\/schema\\\/person\\\/9cdbecf90d17180ce1dfbd95b08dcf47\",\"name\":\"elli\",\"sameAs\":[\"https:\\\/\\\/x.com\\\/elli\"]}]}<\/script>\n<!-- \/ Yoast SEO plugin. -->","yoast_head_json":{"title":"4 k\u00f6rp\u0259nin \u00f6l\u00fcm\u00fcn\u0259 s\u0259b\u0259b olan yan\u011f\u0131na g\u00f6r\u0259 3 n\u0259f\u0259r cinay\u0259t m\u0259suliyy\u0259tin\u0259 c\u0259lb olunub - MEYDAN.TV","robots":{"index":"index","follow":"follow","max-snippet":"max-snippet:-1","max-image-preview":"max-image-preview:large","max-video-preview":"max-video-preview:-1"},"canonical":"https:\/\/www.meydan.tv\/az\/article\/4-korpenin-olumune-sebeb-olan-yangina-gore-3-nefer-cinayet-mesuliyyetine-celb-olunub\/","og_locale":"az_AZ","og_type":"article","og_title":"4 k\u00f6rp\u0259nin \u00f6l\u00fcm\u00fcn\u0259 s\u0259b\u0259b olan yan\u011f\u0131na g\u00f6r\u0259 3 n\u0259f\u0259r cinay\u0259t m\u0259suliyy\u0259tin\u0259 c\u0259lb olunub - MEYDAN.TV","og_description":"Onlar haqq\u0131nda istintaq d\u00f6vr\u00fc \u00fc\u00e7\u00fcn ev dustaql\u0131\u011f\u0131 q\u0259timkan t\u0259dbiri se\u00e7ilib ... Davam\u0131","og_url":"https:\/\/www.meydan.tv\/az\/article\/4-korpenin-olumune-sebeb-olan-yangina-gore-3-nefer-cinayet-mesuliyyetine-celb-olunub\/","og_site_name":"MEYDAN.TV","article_published_time":"2024-01-10T14:53:14+00:00","article_modified_time":"2024-01-10T14:53:20+00:00","og_image":[{"width":1200,"height":775,"url":"https:\/\/www.meydan.tv\/wp-content\/uploads\/1704893754_olask.jpg","type":"image\/jpeg"}],"author":"elli","twitter_card":"summary_large_image","twitter_creator":"@elli","schema":{"@context":"https:\/\/schema.org","@graph":[{"@type":"Article","@id":"https:\/\/www.meydan.tv\/az\/article\/4-korpenin-olumune-sebeb-olan-yangina-gore-3-nefer-cinayet-mesuliyyetine-celb-olunub\/#article","isPartOf":{"@id":"https:\/\/www.meydan.tv\/az\/article\/4-korpenin-olumune-sebeb-olan-yangina-gore-3-nefer-cinayet-mesuliyyetine-celb-olunub\/"},"author":{"name":"elli","@id":"https:\/\/www.meydan.tv\/az\/#\/schema\/person\/9cdbecf90d17180ce1dfbd95b08dcf47"},"headline":"4 k\u00f6rp\u0259nin \u00f6l\u00fcm\u00fcn\u0259 s\u0259b\u0259b olan yan\u011f\u0131na g\u00f6r\u0259 3 n\u0259f\u0259r cinay\u0259t m\u0259suliyy\u0259tin\u0259 c\u0259lb olunub","datePublished":"2024-01-10T14:53:14+00:00","dateModified":"2024-01-10T14:53:20+00:00","mainEntityOfPage":{"@id":"https:\/\/www.meydan.tv\/az\/article\/4-korpenin-olumune-sebeb-olan-yangina-gore-3-nefer-cinayet-mesuliyyetine-celb-olunub\/"},"wordCount":578,"publisher":{"@id":"https:\/\/www.meydan.tv\/az\/#organization"},"image":{"@id":"https:\/\/www.meydan.tv\/az\/article\/4-korpenin-olumune-sebeb-olan-yangina-gore-3-nefer-cinayet-mesuliyyetine-celb-olunub\/#primaryimage"},"thumbnailUrl":"https:\/\/www.meydan.tv\/wp-content\/uploads\/1704893754_olask.jpg","articleSection":["Sosial","T\u00f6vsiy\u0259","X\u0259b\u0259rl\u0259r"],"inLanguage":"az"},{"@type":"WebPage","@id":"https:\/\/www.meydan.tv\/az\/article\/4-korpenin-olumune-sebeb-olan-yangina-gore-3-nefer-cinayet-mesuliyyetine-celb-olunub\/","url":"https:\/\/www.meydan.tv\/az\/article\/4-korpenin-olumune-sebeb-olan-yangina-gore-3-nefer-cinayet-mesuliyyetine-celb-olunub\/","name":"4 k\u00f6rp\u0259nin \u00f6l\u00fcm\u00fcn\u0259 s\u0259b\u0259b olan yan\u011f\u0131na g\u00f6r\u0259 3 n\u0259f\u0259r cinay\u0259t m\u0259suliyy\u0259tin\u0259 c\u0259lb olunub - MEYDAN.TV","isPartOf":{"@id":"https:\/\/www.meydan.tv\/az\/#website"},"primaryImageOfPage":{"@id":"https:\/\/www.meydan.tv\/az\/article\/4-korpenin-olumune-sebeb-olan-yangina-gore-3-nefer-cinayet-mesuliyyetine-celb-olunub\/#primaryimage"},"image":{"@id":"https:\/\/www.meydan.tv\/az\/article\/4-korpenin-olumune-sebeb-olan-yangina-gore-3-nefer-cinayet-mesuliyyetine-celb-olunub\/#primaryimage"},"thumbnailUrl":"https:\/\/www.meydan.tv\/wp-content\/uploads\/1704893754_olask.jpg","datePublished":"2024-01-10T14:53:14+00:00","dateModified":"2024-01-10T14:53:20+00:00","breadcrumb":{"@id":"https:\/\/www.meydan.tv\/az\/article\/4-korpenin-olumune-sebeb-olan-yangina-gore-3-nefer-cinayet-mesuliyyetine-celb-olunub\/#breadcrumb"},"inLanguage":"az","potentialAction":[{"@type":"ReadAction","target":["https:\/\/www.meydan.tv\/az\/article\/4-korpenin-olumune-sebeb-olan-yangina-gore-3-nefer-cinayet-mesuliyyetine-celb-olunub\/"]}]},{"@type":"ImageObject","inLanguage":"az","@id":"https:\/\/www.meydan.tv\/az\/article\/4-korpenin-olumune-sebeb-olan-yangina-gore-3-nefer-cinayet-mesuliyyetine-celb-olunub\/#primaryimage","url":"https:\/\/www.meydan.tv\/wp-content\/uploads\/1704893754_olask.jpg","contentUrl":"https:\/\/www.meydan.tv\/wp-content\/uploads\/1704893754_olask.jpg","width":1200,"height":775,"caption":"Respublika Perinatal M\u0259rk\u0259zi. Foto: Meydan TV"},{"@type":"BreadcrumbList","@id":"https:\/\/www.meydan.tv\/az\/article\/4-korpenin-olumune-sebeb-olan-yangina-gore-3-nefer-cinayet-mesuliyyetine-celb-olunub\/#breadcrumb","itemListElement":[{"@type":"ListItem","position":1,"name":"Ana s\u0259hif\u0259","item":"https:\/\/www.meydan.tv\/az\/"},{"@type":"ListItem","position":2,"name":"Sosial","item":"https:\/\/www.meydan.tv\/az\/section\/sosial\/"},{"@type":"ListItem","position":3,"name":"4 k\u00f6rp\u0259nin \u00f6l\u00fcm\u00fcn\u0259 s\u0259b\u0259b olan yan\u011f\u0131na g\u00f6r\u0259 3 n\u0259f\u0259r cinay\u0259t m\u0259suliyy\u0259tin\u0259 c\u0259lb olunub"}]},{"@type":"WebSite","@id":"https:\/\/www.meydan.tv\/az\/#website","url":"https:\/\/www.meydan.tv\/az\/","name":"MEYDAN.TV","description":"Meydan TV Az\u0259rbaycan\u0131n media m\u0259kan\u0131ndak\u0131 alternativ s\u0259sidir","publisher":{"@id":"https:\/\/www.meydan.tv\/az\/#organization"},"potentialAction":[{"@type":"SearchAction","target":{"@type":"EntryPoint","urlTemplate":"https:\/\/www.meydan.tv\/az\/?s={search_term_string}"},"query-input":{"@type":"PropertyValueSpecification","valueRequired":true,"valueName":"search_term_string"}}],"inLanguage":"az"},{"@type":"Organization","@id":"https:\/\/www.meydan.tv\/az\/#organization","name":"Meydan TV","url":"https:\/\/www.meydan.tv\/az\/","logo":{"@type":"ImageObject","inLanguage":"az","@id":"https:\/\/www.meydan.tv\/az\/#\/schema\/logo\/image\/","url":"https:\/\/www.meydan.tv\/wp-content\/uploads\/2021\/07\/meydan-logo.svg","contentUrl":"https:\/\/www.meydan.tv\/wp-content\/uploads\/2021\/07\/meydan-logo.svg","width":195,"height":46,"caption":"Meydan TV"},"image":{"@id":"https:\/\/www.meydan.tv\/az\/#\/schema\/logo\/image\/"}},{"@type":"Person","@id":"https:\/\/www.meydan.tv\/az\/#\/schema\/person\/9cdbecf90d17180ce1dfbd95b08dcf47","name":"elli","sameAs":["https:\/\/x.com\/elli"]}]}},"_links":{"self":[{"href":"https:\/\/www.meydan.tv\/az\/wp-json\/wp\/v2\/posts\/295019","targetHints":{"allow":["GET"]}}],"collection":[{"href":"https:\/\/www.meydan.tv\/az\/wp-json\/wp\/v2\/posts"}],"about":[{"href":"https:\/\/www.meydan.tv\/az\/wp-json\/wp\/v2\/types\/post"}],"author":[{"embeddable":true,"href":"https:\/\/www.meydan.tv\/az\/wp-json\/wp\/v2\/users\/8"}],"replies":[{"embeddable":true,"href":"https:\/\/www.meydan.tv\/az\/wp-json\/wp\/v2\/comments?post=295019"}],"version-history":[{"count":1,"href":"https:\/\/www.meydan.tv\/az\/wp-json\/wp\/v2\/posts\/295019\/revisions"}],"predecessor-version":[{"id":295020,"href":"https:\/\/www.meydan.tv\/az\/wp-json\/wp\/v2\/posts\/295019\/revisions\/295020"}],"wp:featuredmedia":[{"embeddable":true,"href":"https:\/\/www.meydan.tv\/az\/wp-json\/wp\/v2\/media\/295011"}],"wp:attachment":[{"href":"https:\/\/www.meydan.tv\/az\/wp-json\/wp\/v2\/media?parent=295019"}],"wp:term":[{"taxonomy":"category","embeddable":true,"href":"https:\/\/www.meydan.tv\/az\/wp-json\/wp\/v2\/categories?post=295019"},{"taxonomy":"post_tag","embeddable":true,"href":"https:\/\/www.meydan.tv\/az\/wp-json\/wp\/v2\/tags?post=295019"}],"curies":[{"name":"wp","href":"https:\/\/api.w.org\/{rel}","templated":true}]}}