{"id":294997,"date":"2024-01-10T16:43:18","date_gmt":"2024-01-10T12:43:18","guid":{"rendered":"https:\/\/www.meydan.tv\/?p=294997"},"modified":"2024-01-10T16:43:22","modified_gmt":"2024-01-10T12:43:22","slug":"ibtidai-sinif-sagirdleri-gelecekde-hansi-peseni-secmek-isteyir","status":"publish","type":"post","link":"https:\/\/www.meydan.tv\/az\/article\/ibtidai-sinif-sagirdleri-gelecekde-hansi-peseni-secmek-isteyir\/","title":{"rendered":"\u0130btidai sinif \u015fagirdl\u0259ri g\u0259l\u0259c\u0259kd\u0259 hans\u0131 pe\u015f\u0259ni se\u00e7m\u0259k ist\u0259yir?"},"content":{"rendered":"\n<p><\/p>\n\n\n\n<p>&nbsp;<strong><em>H\u0259rb\u00e7i, polis, m\u00fc\u0259llim v\u0259 h\u0259kim pe\u015f\u0259l\u0259ri ilk s\u0131ralardad\u0131r<\/em><\/strong><\/p>\n\n\n\n<p>\u201cAgora\u201d Analitik Kollektiv \u00f6lk\u0259nin m\u00fcxt\u0259lif b\u00f6lg\u0259l\u0259rind\u0259 ya\u015fayan ibtidai sinif \u015fagirdl\u0259ri aras\u0131nda sor\u011fu ke\u00e7irib. Onlara g\u0259l\u0259c\u0259kd\u0259 hans\u0131 pe\u015f\u0259y\u0259 sahib olmaq ist\u0259dikl\u0259ri il\u0259 ba\u011fl\u0131 sual <a href=\"https:\/\/agora-az.org\/sorgu-hesabati-ibtidai-sinif-karyera\/\">verilib<\/a>.<\/p>\n\n\n\n<p>861 ibtidai sinif \u015fagirdinin i\u015ftirak etdiyi sor\u011fu paytaxt v\u0259 b\u00f6lg\u0259l\u0259rd\u0259 ke\u00e7irilib. \u00dcmumi sor\u011fuda 60 pe\u015f\u0259 ad\u0131 \u00e7\u0259kilib. Ab\u015feron yar\u0131madas\u0131nda ya\u015fayan \u015fagirdl\u0259r 52 f\u0259rqli pe\u015f\u0259 ad\u0131 \u00e7\u0259kib, b\u00f6lg\u0259l\u0259rd\u0259n g\u0259l\u0259n pe\u015f\u0259 se\u00e7iml\u0259rinin say\u0131 is\u0259 35-dir. Sor\u011fuya qat\u0131lan \u015fagirdl\u0259rin s\u0259sl\u0259ndirdiyi \u201cYoutuber\u201d, \u201cAlim\u201d, \u201cBasketbol\u00e7u\u201d, \u201cUsta\u201d, \u201cCEO\u201d, \u201cArxitektor\u201d, \u201cGamer\u201d, \u201cM\u0259\u015fq\u00e7i\u201d, \u201cTaksi\u201d, \u201cProqramist\u201d, \u201cVeterinar\u201d, \u201cModel\u201d, \u201cYaz\u0131\u00e7\u0131\u201d, \u201cAktrisa\u201d, \u201cNeft\u00e7i\u201d, \u201cDiplomat\u201d, \u201cMemar\u201d, \u201cBoks\u00e7u\u201d, \u201cD\u0259niz\u00e7i\u201d, \u201cProkuror\u201d, \u201cXokkey\u00e7i\u201d, \u201cYar\u0131\u015f s\u00fcr\u00fcc\u00fcs\u00fc\u201d, \u201cSa\u00e7 ustas\u0131\u201d, \u201cDetektiv\u201d, \u201cSkripka\u00e7\u0131\u201d se\u00e7iml\u0259ri sad\u0259c\u0259 Ab\u015feron yar\u0131madas\u0131nda ya\u015fayan u\u015faqlar t\u0259r\u0259find\u0259n s\u0259sl\u0259ndirilib.\u00a0<\/p>\n\n\n\n<p>\u201cTibb bac\u0131s\u0131\u201d, \u201cH\u00fcquq\u015f\u00fcnas\u201d, \u201c\u018fcza\u00e7\u0131\u201d, \u201cYan\u011f\u0131ns\u00f6nd\u00fcr\u0259n\u201d, \u201cB\u0259l\u0259diyy\u0259 ba\u015f\u00e7\u0131s\u0131\u201d, \u201cHakim\u201d, \u201c\u0130xtira\u00e7\u0131\u201d v\u0259 \u201cNazir\u201d se\u00e7iml\u0259ri is\u0259 sad\u0259c\u0259 regionlarda ya\u015fayan \u015fagirdl\u0259rin se\u00e7imi aras\u0131ndad\u0131r.<\/p>\n\n\n\n<p>Regionlarda ya\u015fayan v\u0259 sor\u011fuda i\u015ftirak ed\u0259n o\u011flan \u015fagirdl\u0259rin 111 n\u0259f\u0259ri polis, 55 n\u0259f\u0259ri h\u0259rb\u00e7i, 24 n\u0259f\u0259ri h\u0259kim, 15 n\u0259f\u0259ri m\u00fc\u0259llim, 8 n\u0259f\u0259ri yan\u011f\u0131ns\u00f6nd\u00fcr\u0259n, 5 n\u0259f\u0259ri futbol\u00e7u olmaq ist\u0259yir. Q\u0131zlara g\u0259linc\u0259, 86 n\u0259f\u0259r m\u00fc\u0259llim, 84 n\u0259f\u0259r h\u0259kim, 19 n\u0259f\u0259r polis, 9 n\u0259f\u0259r tibb bac\u0131s\u0131, 5 n\u0259f\u0259r r\u0259ssam, 3 n\u0259f\u0259r is\u0259 menecer olaca\u011f\u0131n\u0131 s\u00f6yl\u0259yib. Ab\u015feron yar\u0131madas\u0131nda ya\u015fayan o\u011flan \u015fagirdl\u0259rin d\u0259 \u00e7oxu, 52 n\u0259f\u0259ri polis, 17 n\u0259f\u0259ri h\u0259rb\u00e7i, 12 n\u0259f\u0259ri h\u0259kim, 8 n\u0259f\u0259ri m\u00fc\u0259llim, 8 n\u0259f\u0259ri futbol\u00e7u, 5 n\u0259f\u0259ri m\u00fch\u0259ndis, 5 n\u0259f\u0259ri is\u0259 pilot olmaq ist\u0259yir. Q\u0131zlara g\u0259linc\u0259, b\u00f6y\u00fck \u0259ks\u0259riyy\u0259t, 58 n\u0259f\u0259r m\u00fc\u0259llim, 42 n\u0259f\u0259r h\u0259kim, 7 n\u0259f\u0259r polis, 3 n\u0259f\u0259r r\u0259ssam, 2 n\u0259f\u0259r veterinar, 1 n\u0259f\u0259r is\u0259 pilot olma\u011f\u0131 arzulay\u0131r.<\/p>\n\n\n\n<p>Bunlar pe\u015f\u0259 se\u00e7iml\u0259rind\u0259 ilk alt\u0131l\u0131qd\u0131r. Qalan b\u00fct\u00fcn pe\u015f\u0259l\u0259rd\u0259 se\u00e7iml\u0259r bir-ikidir. H\u0259m regionlarda, h\u0259m d\u0259 Ab\u015feron yar\u0131madas\u0131nda ya\u015fayan v\u0259 sor\u011fuda i\u015ftirak ed\u0259n o\u011flan \u015fagirl\u0259rinin \u0259sas iki se\u00e7imi polis v\u0259 h\u0259rb\u00e7i, q\u0131zlarda is\u0259 m\u00fc\u0259llim v\u0259 h\u0259kimdir. Sor\u011fuda i\u015ftirak ed\u0259nl\u0259rin 46 faizi (392 n\u0259f\u0259r) Ab\u015feron yar\u0131madas\u0131nda, 56 faizi (469 n\u0259f\u0259r) is\u0259 \u00f6lk\u0259nin dig\u0259r b\u00f6lg\u0259l\u0259rind\u0259 ya\u015fayan ibtidai sinif \u015fagirdl\u0259rind\u0259n ibar\u0259tdir. \u00dcmumilikd\u0259 sor\u011fuda 12 inzibati rayon v\u0259 \u015f\u0259h\u0259rd\u0259 ya\u015fayan ibtidai sinif \u015fagirdl\u0259ri i\u015ftirak edib. \u015eagirdl\u0259rin 53 faizi o\u011flan (455 n\u0259f\u0259r), 47 faizi (406 n\u0259f\u0259r) q\u0131zlard\u0131r.<\/p>\n","protected":false},"excerpt":{"rendered":"<p>&nbsp;H\u0259rb\u00e7i, polis, m\u00fc\u0259llim v\u0259 h\u0259kim pe\u015f\u0259l\u0259ri ilk s\u0131ralardad\u0131r \u201cAgora\u201d Analitik &#8230; <\/p>\n<p class=\"read-more-container\"><a title=\"\u0130btidai sinif \u015fagirdl\u0259ri g\u0259l\u0259c\u0259kd\u0259 hans\u0131 pe\u015f\u0259ni se\u00e7m\u0259k ist\u0259yir?\" class=\"read-more button\" href=\"https:\/\/www.meydan.tv\/az\/article\/ibtidai-sinif-sagirdleri-gelecekde-hansi-peseni-secmek-isteyir\/#more-294997\" aria-label=\"Read more about \u0130btidai sinif \u015fagirdl\u0259ri g\u0259l\u0259c\u0259kd\u0259 hans\u0131 pe\u015f\u0259ni se\u00e7m\u0259k ist\u0259yir?\">Davam\u0131<\/a><\/p>\n","protected":false},"author":8,"featured_media":253547,"comment_status":"closed","ping_status":"closed","sticky":false,"template":"","format":"standard","meta":{"_acf_changed":false,"_sitemap_exclude":false,"_sitemap_priority":"","_sitemap_frequency":"","footnotes":""},"categories":[62,56],"tags":[],"class_list":["post-294997","post","type-post","status-publish","format-standard","has-post-thumbnail","hentry","category-sosial","category-xeberler","infinite-scroll-item","generate-columns","tablet-grid-50","mobile-grid-100","grid-parent","grid-33","no-featured-image-padding"],"acf":[],"yoast_head":"<!-- This site is optimized with the Yoast SEO plugin v27.5 - https:\/\/yoast.com\/product\/yoast-seo-wordpress\/ -->\n<title>\u0130btidai sinif \u015fagirdl\u0259ri g\u0259l\u0259c\u0259kd\u0259 hans\u0131 pe\u015f\u0259ni se\u00e7m\u0259k ist\u0259yir? - MEYDAN.TV<\/title>\n<meta name=\"robots\" content=\"index, follow, max-snippet:-1, max-image-preview:large, max-video-preview:-1\" \/>\n<link rel=\"canonical\" href=\"https:\/\/www.meydan.tv\/az\/article\/ibtidai-sinif-sagirdleri-gelecekde-hansi-peseni-secmek-isteyir\/\" \/>\n<meta property=\"og:locale\" content=\"az_AZ\" \/>\n<meta property=\"og:type\" content=\"article\" \/>\n<meta property=\"og:title\" content=\"\u0130btidai sinif \u015fagirdl\u0259ri g\u0259l\u0259c\u0259kd\u0259 hans\u0131 pe\u015f\u0259ni se\u00e7m\u0259k ist\u0259yir? - MEYDAN.TV\" \/>\n<meta property=\"og:description\" content=\"&nbsp;H\u0259rb\u00e7i, polis, m\u00fc\u0259llim v\u0259 h\u0259kim pe\u015f\u0259l\u0259ri ilk s\u0131ralardad\u0131r \u201cAgora\u201d Analitik ... Davam\u0131\" \/>\n<meta property=\"og:url\" content=\"https:\/\/www.meydan.tv\/az\/article\/ibtidai-sinif-sagirdleri-gelecekde-hansi-peseni-secmek-isteyir\/\" \/>\n<meta property=\"og:site_name\" content=\"MEYDAN.TV\" \/>\n<meta property=\"article:published_time\" content=\"2024-01-10T12:43:18+00:00\" \/>\n<meta property=\"article:modified_time\" content=\"2024-01-10T12:43:22+00:00\" \/>\n<meta property=\"og:image\" content=\"https:\/\/www.meydan.tv\/wp-content\/uploads\/15456511975c20c3fdeb35d8.54354314.jpg\" \/>\n\t<meta property=\"og:image:width\" content=\"1280\" \/>\n\t<meta property=\"og:image:height\" content=\"720\" \/>\n\t<meta property=\"og:image:type\" content=\"image\/jpeg\" \/>\n<meta name=\"author\" content=\"elli\" \/>\n<meta name=\"twitter:card\" content=\"summary_large_image\" \/>\n<meta name=\"twitter:creator\" content=\"@elli\" \/>\n<script type=\"application\/ld+json\" class=\"yoast-schema-graph\">{\"@context\":\"https:\\\/\\\/schema.org\",\"@graph\":[{\"@type\":\"Article\",\"@id\":\"https:\\\/\\\/www.meydan.tv\\\/az\\\/article\\\/ibtidai-sinif-sagirdleri-gelecekde-hansi-peseni-secmek-isteyir\\\/#article\",\"isPartOf\":{\"@id\":\"https:\\\/\\\/www.meydan.tv\\\/az\\\/article\\\/ibtidai-sinif-sagirdleri-gelecekde-hansi-peseni-secmek-isteyir\\\/\"},\"author\":{\"name\":\"elli\",\"@id\":\"https:\\\/\\\/www.meydan.tv\\\/az\\\/#\\\/schema\\\/person\\\/9cdbecf90d17180ce1dfbd95b08dcf47\"},\"headline\":\"\u0130btidai sinif \u015fagirdl\u0259ri g\u0259l\u0259c\u0259kd\u0259 hans\u0131 pe\u015f\u0259ni se\u00e7m\u0259k ist\u0259yir?\",\"datePublished\":\"2024-01-10T12:43:18+00:00\",\"dateModified\":\"2024-01-10T12:43:22+00:00\",\"mainEntityOfPage\":{\"@id\":\"https:\\\/\\\/www.meydan.tv\\\/az\\\/article\\\/ibtidai-sinif-sagirdleri-gelecekde-hansi-peseni-secmek-isteyir\\\/\"},\"wordCount\":545,\"publisher\":{\"@id\":\"https:\\\/\\\/www.meydan.tv\\\/az\\\/#organization\"},\"image\":{\"@id\":\"https:\\\/\\\/www.meydan.tv\\\/az\\\/article\\\/ibtidai-sinif-sagirdleri-gelecekde-hansi-peseni-secmek-isteyir\\\/#primaryimage\"},\"thumbnailUrl\":\"https:\\\/\\\/www.meydan.tv\\\/wp-content\\\/uploads\\\/15456511975c20c3fdeb35d8.54354314.jpg\",\"articleSection\":[\"Sosial\",\"X\u0259b\u0259rl\u0259r\"],\"inLanguage\":\"az\"},{\"@type\":\"WebPage\",\"@id\":\"https:\\\/\\\/www.meydan.tv\\\/az\\\/article\\\/ibtidai-sinif-sagirdleri-gelecekde-hansi-peseni-secmek-isteyir\\\/\",\"url\":\"https:\\\/\\\/www.meydan.tv\\\/az\\\/article\\\/ibtidai-sinif-sagirdleri-gelecekde-hansi-peseni-secmek-isteyir\\\/\",\"name\":\"\u0130btidai sinif \u015fagirdl\u0259ri g\u0259l\u0259c\u0259kd\u0259 hans\u0131 pe\u015f\u0259ni se\u00e7m\u0259k ist\u0259yir? - MEYDAN.TV\",\"isPartOf\":{\"@id\":\"https:\\\/\\\/www.meydan.tv\\\/az\\\/#website\"},\"primaryImageOfPage\":{\"@id\":\"https:\\\/\\\/www.meydan.tv\\\/az\\\/article\\\/ibtidai-sinif-sagirdleri-gelecekde-hansi-peseni-secmek-isteyir\\\/#primaryimage\"},\"image\":{\"@id\":\"https:\\\/\\\/www.meydan.tv\\\/az\\\/article\\\/ibtidai-sinif-sagirdleri-gelecekde-hansi-peseni-secmek-isteyir\\\/#primaryimage\"},\"thumbnailUrl\":\"https:\\\/\\\/www.meydan.tv\\\/wp-content\\\/uploads\\\/15456511975c20c3fdeb35d8.54354314.jpg\",\"datePublished\":\"2024-01-10T12:43:18+00:00\",\"dateModified\":\"2024-01-10T12:43:22+00:00\",\"breadcrumb\":{\"@id\":\"https:\\\/\\\/www.meydan.tv\\\/az\\\/article\\\/ibtidai-sinif-sagirdleri-gelecekde-hansi-peseni-secmek-isteyir\\\/#breadcrumb\"},\"inLanguage\":\"az\",\"potentialAction\":[{\"@type\":\"ReadAction\",\"target\":[\"https:\\\/\\\/www.meydan.tv\\\/az\\\/article\\\/ibtidai-sinif-sagirdleri-gelecekde-hansi-peseni-secmek-isteyir\\\/\"]}]},{\"@type\":\"ImageObject\",\"inLanguage\":\"az\",\"@id\":\"https:\\\/\\\/www.meydan.tv\\\/az\\\/article\\\/ibtidai-sinif-sagirdleri-gelecekde-hansi-peseni-secmek-isteyir\\\/#primaryimage\",\"url\":\"https:\\\/\\\/www.meydan.tv\\\/wp-content\\\/uploads\\\/15456511975c20c3fdeb35d8.54354314.jpg\",\"contentUrl\":\"https:\\\/\\\/www.meydan.tv\\\/wp-content\\\/uploads\\\/15456511975c20c3fdeb35d8.54354314.jpg\",\"width\":1280,\"height\":720,\"caption\":\"M\u0259kt\u0259b. M\u0259nb\u0259: \\\"bakimektebleri.edu.az\\\"\"},{\"@type\":\"BreadcrumbList\",\"@id\":\"https:\\\/\\\/www.meydan.tv\\\/az\\\/article\\\/ibtidai-sinif-sagirdleri-gelecekde-hansi-peseni-secmek-isteyir\\\/#breadcrumb\",\"itemListElement\":[{\"@type\":\"ListItem\",\"position\":1,\"name\":\"Ana s\u0259hif\u0259\",\"item\":\"https:\\\/\\\/www.meydan.tv\\\/az\\\/\"},{\"@type\":\"ListItem\",\"position\":2,\"name\":\"Sosial\",\"item\":\"https:\\\/\\\/www.meydan.tv\\\/az\\\/section\\\/sosial\\\/\"},{\"@type\":\"ListItem\",\"position\":3,\"name\":\"\u0130btidai sinif \u015fagirdl\u0259ri g\u0259l\u0259c\u0259kd\u0259 hans\u0131 pe\u015f\u0259ni se\u00e7m\u0259k ist\u0259yir?\"}]},{\"@type\":\"WebSite\",\"@id\":\"https:\\\/\\\/www.meydan.tv\\\/az\\\/#website\",\"url\":\"https:\\\/\\\/www.meydan.tv\\\/az\\\/\",\"name\":\"MEYDAN.TV\",\"description\":\"Meydan TV Az\u0259rbaycan\u0131n media m\u0259kan\u0131ndak\u0131 alternativ s\u0259sidir\",\"publisher\":{\"@id\":\"https:\\\/\\\/www.meydan.tv\\\/az\\\/#organization\"},\"potentialAction\":[{\"@type\":\"SearchAction\",\"target\":{\"@type\":\"EntryPoint\",\"urlTemplate\":\"https:\\\/\\\/www.meydan.tv\\\/az\\\/?s={search_term_string}\"},\"query-input\":{\"@type\":\"PropertyValueSpecification\",\"valueRequired\":true,\"valueName\":\"search_term_string\"}}],\"inLanguage\":\"az\"},{\"@type\":\"Organization\",\"@id\":\"https:\\\/\\\/www.meydan.tv\\\/az\\\/#organization\",\"name\":\"Meydan TV\",\"url\":\"https:\\\/\\\/www.meydan.tv\\\/az\\\/\",\"logo\":{\"@type\":\"ImageObject\",\"inLanguage\":\"az\",\"@id\":\"https:\\\/\\\/www.meydan.tv\\\/az\\\/#\\\/schema\\\/logo\\\/image\\\/\",\"url\":\"https:\\\/\\\/www.meydan.tv\\\/wp-content\\\/uploads\\\/2021\\\/07\\\/meydan-logo.svg\",\"contentUrl\":\"https:\\\/\\\/www.meydan.tv\\\/wp-content\\\/uploads\\\/2021\\\/07\\\/meydan-logo.svg\",\"width\":195,\"height\":46,\"caption\":\"Meydan TV\"},\"image\":{\"@id\":\"https:\\\/\\\/www.meydan.tv\\\/az\\\/#\\\/schema\\\/logo\\\/image\\\/\"}},{\"@type\":\"Person\",\"@id\":\"https:\\\/\\\/www.meydan.tv\\\/az\\\/#\\\/schema\\\/person\\\/9cdbecf90d17180ce1dfbd95b08dcf47\",\"name\":\"elli\",\"sameAs\":[\"https:\\\/\\\/x.com\\\/elli\"]}]}<\/script>\n<!-- \/ Yoast SEO plugin. -->","yoast_head_json":{"title":"\u0130btidai sinif \u015fagirdl\u0259ri g\u0259l\u0259c\u0259kd\u0259 hans\u0131 pe\u015f\u0259ni se\u00e7m\u0259k ist\u0259yir? - MEYDAN.TV","robots":{"index":"index","follow":"follow","max-snippet":"max-snippet:-1","max-image-preview":"max-image-preview:large","max-video-preview":"max-video-preview:-1"},"canonical":"https:\/\/www.meydan.tv\/az\/article\/ibtidai-sinif-sagirdleri-gelecekde-hansi-peseni-secmek-isteyir\/","og_locale":"az_AZ","og_type":"article","og_title":"\u0130btidai sinif \u015fagirdl\u0259ri g\u0259l\u0259c\u0259kd\u0259 hans\u0131 pe\u015f\u0259ni se\u00e7m\u0259k ist\u0259yir? - MEYDAN.TV","og_description":"&nbsp;H\u0259rb\u00e7i, polis, m\u00fc\u0259llim v\u0259 h\u0259kim pe\u015f\u0259l\u0259ri ilk s\u0131ralardad\u0131r \u201cAgora\u201d Analitik ... Davam\u0131","og_url":"https:\/\/www.meydan.tv\/az\/article\/ibtidai-sinif-sagirdleri-gelecekde-hansi-peseni-secmek-isteyir\/","og_site_name":"MEYDAN.TV","article_published_time":"2024-01-10T12:43:18+00:00","article_modified_time":"2024-01-10T12:43:22+00:00","og_image":[{"width":1280,"height":720,"url":"https:\/\/www.meydan.tv\/wp-content\/uploads\/15456511975c20c3fdeb35d8.54354314.jpg","type":"image\/jpeg"}],"author":"elli","twitter_card":"summary_large_image","twitter_creator":"@elli","schema":{"@context":"https:\/\/schema.org","@graph":[{"@type":"Article","@id":"https:\/\/www.meydan.tv\/az\/article\/ibtidai-sinif-sagirdleri-gelecekde-hansi-peseni-secmek-isteyir\/#article","isPartOf":{"@id":"https:\/\/www.meydan.tv\/az\/article\/ibtidai-sinif-sagirdleri-gelecekde-hansi-peseni-secmek-isteyir\/"},"author":{"name":"elli","@id":"https:\/\/www.meydan.tv\/az\/#\/schema\/person\/9cdbecf90d17180ce1dfbd95b08dcf47"},"headline":"\u0130btidai sinif \u015fagirdl\u0259ri g\u0259l\u0259c\u0259kd\u0259 hans\u0131 pe\u015f\u0259ni se\u00e7m\u0259k ist\u0259yir?","datePublished":"2024-01-10T12:43:18+00:00","dateModified":"2024-01-10T12:43:22+00:00","mainEntityOfPage":{"@id":"https:\/\/www.meydan.tv\/az\/article\/ibtidai-sinif-sagirdleri-gelecekde-hansi-peseni-secmek-isteyir\/"},"wordCount":545,"publisher":{"@id":"https:\/\/www.meydan.tv\/az\/#organization"},"image":{"@id":"https:\/\/www.meydan.tv\/az\/article\/ibtidai-sinif-sagirdleri-gelecekde-hansi-peseni-secmek-isteyir\/#primaryimage"},"thumbnailUrl":"https:\/\/www.meydan.tv\/wp-content\/uploads\/15456511975c20c3fdeb35d8.54354314.jpg","articleSection":["Sosial","X\u0259b\u0259rl\u0259r"],"inLanguage":"az"},{"@type":"WebPage","@id":"https:\/\/www.meydan.tv\/az\/article\/ibtidai-sinif-sagirdleri-gelecekde-hansi-peseni-secmek-isteyir\/","url":"https:\/\/www.meydan.tv\/az\/article\/ibtidai-sinif-sagirdleri-gelecekde-hansi-peseni-secmek-isteyir\/","name":"\u0130btidai sinif \u015fagirdl\u0259ri g\u0259l\u0259c\u0259kd\u0259 hans\u0131 pe\u015f\u0259ni se\u00e7m\u0259k ist\u0259yir? - MEYDAN.TV","isPartOf":{"@id":"https:\/\/www.meydan.tv\/az\/#website"},"primaryImageOfPage":{"@id":"https:\/\/www.meydan.tv\/az\/article\/ibtidai-sinif-sagirdleri-gelecekde-hansi-peseni-secmek-isteyir\/#primaryimage"},"image":{"@id":"https:\/\/www.meydan.tv\/az\/article\/ibtidai-sinif-sagirdleri-gelecekde-hansi-peseni-secmek-isteyir\/#primaryimage"},"thumbnailUrl":"https:\/\/www.meydan.tv\/wp-content\/uploads\/15456511975c20c3fdeb35d8.54354314.jpg","datePublished":"2024-01-10T12:43:18+00:00","dateModified":"2024-01-10T12:43:22+00:00","breadcrumb":{"@id":"https:\/\/www.meydan.tv\/az\/article\/ibtidai-sinif-sagirdleri-gelecekde-hansi-peseni-secmek-isteyir\/#breadcrumb"},"inLanguage":"az","potentialAction":[{"@type":"ReadAction","target":["https:\/\/www.meydan.tv\/az\/article\/ibtidai-sinif-sagirdleri-gelecekde-hansi-peseni-secmek-isteyir\/"]}]},{"@type":"ImageObject","inLanguage":"az","@id":"https:\/\/www.meydan.tv\/az\/article\/ibtidai-sinif-sagirdleri-gelecekde-hansi-peseni-secmek-isteyir\/#primaryimage","url":"https:\/\/www.meydan.tv\/wp-content\/uploads\/15456511975c20c3fdeb35d8.54354314.jpg","contentUrl":"https:\/\/www.meydan.tv\/wp-content\/uploads\/15456511975c20c3fdeb35d8.54354314.jpg","width":1280,"height":720,"caption":"M\u0259kt\u0259b. M\u0259nb\u0259: \"bakimektebleri.edu.az\""},{"@type":"BreadcrumbList","@id":"https:\/\/www.meydan.tv\/az\/article\/ibtidai-sinif-sagirdleri-gelecekde-hansi-peseni-secmek-isteyir\/#breadcrumb","itemListElement":[{"@type":"ListItem","position":1,"name":"Ana s\u0259hif\u0259","item":"https:\/\/www.meydan.tv\/az\/"},{"@type":"ListItem","position":2,"name":"Sosial","item":"https:\/\/www.meydan.tv\/az\/section\/sosial\/"},{"@type":"ListItem","position":3,"name":"\u0130btidai sinif \u015fagirdl\u0259ri g\u0259l\u0259c\u0259kd\u0259 hans\u0131 pe\u015f\u0259ni se\u00e7m\u0259k ist\u0259yir?"}]},{"@type":"WebSite","@id":"https:\/\/www.meydan.tv\/az\/#website","url":"https:\/\/www.meydan.tv\/az\/","name":"MEYDAN.TV","description":"Meydan TV Az\u0259rbaycan\u0131n media m\u0259kan\u0131ndak\u0131 alternativ s\u0259sidir","publisher":{"@id":"https:\/\/www.meydan.tv\/az\/#organization"},"potentialAction":[{"@type":"SearchAction","target":{"@type":"EntryPoint","urlTemplate":"https:\/\/www.meydan.tv\/az\/?s={search_term_string}"},"query-input":{"@type":"PropertyValueSpecification","valueRequired":true,"valueName":"search_term_string"}}],"inLanguage":"az"},{"@type":"Organization","@id":"https:\/\/www.meydan.tv\/az\/#organization","name":"Meydan TV","url":"https:\/\/www.meydan.tv\/az\/","logo":{"@type":"ImageObject","inLanguage":"az","@id":"https:\/\/www.meydan.tv\/az\/#\/schema\/logo\/image\/","url":"https:\/\/www.meydan.tv\/wp-content\/uploads\/2021\/07\/meydan-logo.svg","contentUrl":"https:\/\/www.meydan.tv\/wp-content\/uploads\/2021\/07\/meydan-logo.svg","width":195,"height":46,"caption":"Meydan TV"},"image":{"@id":"https:\/\/www.meydan.tv\/az\/#\/schema\/logo\/image\/"}},{"@type":"Person","@id":"https:\/\/www.meydan.tv\/az\/#\/schema\/person\/9cdbecf90d17180ce1dfbd95b08dcf47","name":"elli","sameAs":["https:\/\/x.com\/elli"]}]}},"_links":{"self":[{"href":"https:\/\/www.meydan.tv\/az\/wp-json\/wp\/v2\/posts\/294997","targetHints":{"allow":["GET"]}}],"collection":[{"href":"https:\/\/www.meydan.tv\/az\/wp-json\/wp\/v2\/posts"}],"about":[{"href":"https:\/\/www.meydan.tv\/az\/wp-json\/wp\/v2\/types\/post"}],"author":[{"embeddable":true,"href":"https:\/\/www.meydan.tv\/az\/wp-json\/wp\/v2\/users\/8"}],"replies":[{"embeddable":true,"href":"https:\/\/www.meydan.tv\/az\/wp-json\/wp\/v2\/comments?post=294997"}],"version-history":[{"count":3,"href":"https:\/\/www.meydan.tv\/az\/wp-json\/wp\/v2\/posts\/294997\/revisions"}],"predecessor-version":[{"id":295008,"href":"https:\/\/www.meydan.tv\/az\/wp-json\/wp\/v2\/posts\/294997\/revisions\/295008"}],"wp:featuredmedia":[{"embeddable":true,"href":"https:\/\/www.meydan.tv\/az\/wp-json\/wp\/v2\/media\/253547"}],"wp:attachment":[{"href":"https:\/\/www.meydan.tv\/az\/wp-json\/wp\/v2\/media?parent=294997"}],"wp:term":[{"taxonomy":"category","embeddable":true,"href":"https:\/\/www.meydan.tv\/az\/wp-json\/wp\/v2\/categories?post=294997"},{"taxonomy":"post_tag","embeddable":true,"href":"https:\/\/www.meydan.tv\/az\/wp-json\/wp\/v2\/tags?post=294997"}],"curies":[{"name":"wp","href":"https:\/\/api.w.org\/{rel}","templated":true}]}}