{"id":294981,"date":"2024-01-10T15:20:19","date_gmt":"2024-01-10T11:20:19","guid":{"rendered":"https:\/\/www.meydan.tv\/?p=294981"},"modified":"2024-01-10T15:20:24","modified_gmt":"2024-01-10T11:20:24","slug":"tenha-ana-yene-ilham-eliyeve-seslendi-heyat-yoldasima-efv-isteyirem","status":"publish","type":"post","link":"https:\/\/www.meydan.tv\/az\/article\/tenha-ana-yene-ilham-eliyeve-seslendi-heyat-yoldasima-efv-isteyirem\/","title":{"rendered":"T\u0259nha ana yen\u0259 \u0130lham \u018fliyev\u0259 s\u0259sl\u0259ndi: &#8220;H\u0259yat yolda\u015f\u0131ma \u0259fv ist\u0259yir\u0259m&#8221;"},"content":{"rendered":"\n<p><\/p>\n\n\n\n<p><strong><em>Aynur\u0259 Osmanova ac\u0131nacaql\u0131 \u015f\u0259raitd\u0259 ya\u015fad\u0131\u011f\u0131n\u0131 deyir<\/em><\/strong><\/p>\n\n\n\n<p>G\u00f6y\u00e7ay\u0131n B\u0131\u011f\u0131r k\u0259nd sakini, t\u0259nha ana Aynur\u0259 Osmanova h\u0259yat yolda\u015f\u0131 58 ya\u015fl\u0131 Raqif M\u0259mm\u0259dovun h\u0259bsd\u0259n azad olunmas\u0131n\u0131 ist\u0259yir.<\/p>\n\n\n\n<p>Aynur\u0259 Osmanova bir m\u00fcdd\u0259t bundan \u00f6nc\u0259 d\u0259 h\u0259yat yolda\u015f\u0131n\u0131n h\u0259bsi il\u0259 ba\u011fl\u0131 Meydan TV-y\u0259 <a href=\"https:\/\/storage.googleapis.com\/qurium\/www.meydan.tv\/az-article-dovleti-talayana-2-3-il-kimise-yaralayana-15-il-ceza-verilir-budur-edalet.html\">dan\u0131\u015fm\u0131\u015fd\u0131<\/a>.<\/p>\n\n\n\n<p>O, d\u00f6vl\u0259t qurumlar\u0131na \u00e7a\u011f\u0131r\u0131\u015f ed\u0259r\u0259k h\u0259yat yolda\u015f\u0131n\u0131n azad olunmas\u0131na yard\u0131m ist\u0259mi\u015fdi.<\/p>\n\n\n\n<p><em>&#8220;Bir ne\u00e7\u0259 adam\u0131n \u00f6l\u00fcm\u00fcn\u0259 c\u0259hd madd\u0259si il\u0259 ittiham edilm\u0259k haqs\u0131zl\u0131qd\u0131r&#8221;<\/em><\/p>\n\n\n\n<p>Osmanova deyir ki, h\u0259yat yolda\u015f\u0131 15 may 2016-c\u0131 ild\u0259 birg\u0259 ya\u015fad\u0131qlar\u0131 Al\u0131k\u0259nd k\u0259ndind\u0259 evin h\u0259y\u0259tin\u0259 icaz\u0259siz daxil olan \u015f\u0259xsl\u0259r\u0259 m\u00fcqavim\u0259t g\u00f6st\u0259rib.<\/p>\n\n\n\n<p>Ail\u0259sini v\u0259 \u00f6z\u00fcn\u00fc qorumaq m\u0259qs\u0259dil\u0259 qon\u015fusu Nurlan M\u0259mm\u0259dova bud nayih\u0259sind\u0259n y\u00fcng\u00fcl x\u0259sar\u0259t yetirib.<\/p>\n\n\n\n<p>Yaral\u0131n\u0131 d\u0259rhal x\u0259st\u0259xanaya \u00e7atd\u0131r\u0131b h\u0259yat\u0131n\u0131 xilas ets\u0259 d\u0259, \u00f6z\u00fc \u015e\u0259ki A\u011f\u0131r Cinay\u0259tl\u0259r M\u0259hk\u0259m\u0259sinin 26 dekabr 2016-c\u0131 il h\u00f6km\u00fc il\u0259 Cinay\u0259t M\u0259c\u0259ll\u0259sinin 120.2.3-c\u00fc, 120.2.4-c\u00fc v\u0259 120.2.7-ci madd\u0259l\u0259rin\u0259 \u0259sas\u0259n, 15 il m\u00fcdd\u0259tin\u0259 azadl\u0131qdan m\u0259hrum edilib.<\/p>\n\n\n\n<p>M\u0259hkumlu\u011fun tam yar\u0131s\u0131 bitdiyind\u0259n Aynur\u0259 Osmanova h\u0259yat yolda\u015f\u0131n\u0131n bu ilin mart\u0131nda g\u00f6zl\u0259nil\u0259n \u0259fv s\u0259r\u0259ncam\u0131na d\u00fc\u015fm\u0259sini ist\u0259yir.<\/p>\n\n\n\n<p>&#8220;<em>Biz d\u0259 bu d\u00f6vl\u0259tin v\u0259t\u0259nda\u015f\u0131y\u0131q. D\u00f6vl\u0259t v\u0259t\u0259nda\u015f\u0131n h\u00fcquqlar\u0131n\u0131 qoruyur deyirl\u0259r. Han\u0131 o h\u00fcquqlar? A\u011f\u0131r cinay\u0259t t\u00f6r\u0259d\u0259nl\u0259r, d\u00f6vl\u0259ti talayanlar azadl\u0131qdad\u0131r. M\u0259nim h\u0259yat yolda\u015f\u0131m bir x\u0259sar\u0259t\u0259 g\u00f6r\u0259 15 illik h\u0259bs h\u0259yat\u0131na m\u0259hkumdur. Bu d\u0259f\u0259 m\u00fcraci\u0259tim\u0259 vicdanla bax\u0131ls\u0131n, ara\u015fd\u0131r\u0131ls\u0131n. Sentyabrdan m\u00fcraci\u0259t edir\u0259m. \u00d6lk\u0259 ba\u015f\u00e7\u0131s\u0131ndan h\u0259yat yolda\u015f\u0131ma \u0259fv ist\u0259yir\u0259m. Haqq-\u0259dal\u0259t ist\u0259yir\u0259m&#8221;, <\/em>&#8211; dey\u0259 o d\u0259f\u0259l\u0259rl\u0259 m\u00fcraci\u0259t etdiyini xat\u0131rlad\u0131b.<\/p>\n\n\n\n<p>Onun s\u00f6zl\u0259rin\u0259 g\u00f6r\u0259, h\u0259yat yolda\u015f\u0131 h\u0259yatda da, h\u0259bsxanada da n\u00fcmun\u0259vi, \u00e7al\u0131\u015fqan, m\u0259d\u0259ni \u015f\u0259xs olub v\u0259 bu onun ilk m\u0259hkumlu\u011fudur:<\/p>\n\n\n\n<p>&#8220;<em>T\u0259miz, l\u0259yaq\u0259tli, c\u0259miyy\u0259t\u0259 yararl\u0131 adamd\u0131r. O, Rusiya v\u0259t\u0259nda\u015f\u0131d\u0131r. K\u0259nd\u0259 yeni g\u0259lmi\u015fdik. Z\u0259hm\u0259ti il\u0259 q\u0131sa m\u00fcdd\u0259t\u0259 k\u0259ndd\u0259 \u00e7ox i\u015f g\u00f6rd\u00fc, qohum \u0259qrabas\u0131na k\u00f6m\u0259k oldu. Ot \u00fcst\u00fcnd\u0259 \u00fc\u00e7 n\u0259f\u0259r \u00fcst\u00fcn\u0259, h\u0259y\u0259tin\u0259 h\u00fccum edib dey\u0259 atas\u0131n\u0131n saxlad\u0131\u011f\u0131 silahla bizi m\u00fcdafi\u0259 m\u0259qs\u0259dil\u0259 ayaq nahiy\u0259sind\u0259n at\u0259\u015f a\u00e7\u0131b. \u00d6l\u00fcm fakt\u0131 yox, hadis\u0259 yerind\u0259n bir giliz tap\u0131l\u0131b. Hadis\u0259 \u015fahidi s\u00fcr\u00fcc\u00fcn\u00fc bel\u0259 qorxutdular dey\u0259 \u015fahidlik etm\u0259di. Sonradan dedi ki, d\u00fcz\u00fcn\u00fc des\u0259ydim, m\u0259nim evimi yand\u0131rard\u0131lar, qorxuram. Onlar m\u0259nim h\u0259yat yolda\u015f\u0131m\u0131 d\u00f6y\u00fcbl\u0259r, t\u0259hqir edibl\u0259r, \u00fcst\u00fcn\u0259 n\u00f6vb\u0259ti h\u00fccum \u00e7\u0259k\u0259nd\u0259 bu hadis\u0259 ba\u015f verib. Demir\u0259m ki, g\u00fcnah\u0131 yoxdur, ancaq bir v\u0259 bir ne\u00e7\u0259 adam\u0131n \u00f6l\u00fcm\u00fcn\u0259 c\u0259hd madd\u0259si il\u0259 ittiham edilm\u0259k haqs\u0131zl\u0131qd\u0131r. Bir yaraya d\u00f6rd tiki\u015f al\u0131b be\u015f g\u00fcn x\u0259st\u0259xanada yat\u0131b. Yeddi il yar\u0131m da m\u0259nim h\u0259yat yolda\u015f\u0131m h\u0259bsxanadad\u0131r&#8221;.<\/em><\/p>\n\n\n\n<p><strong>&#8220;40 min manatdan \u00e7ox pul ist\u0259dil\u0259r&#8230;&#8221;<\/strong><\/p>\n\n\n\n<p>O qeyd edib ki, m\u0259hk\u0259m\u0259y\u0259 r\u00fc\u015fv\u0259t verilm\u0259diyin\u0259 g\u00f6r\u0259, h\u0259yat yolda\u015f\u0131na a\u011f\u0131r c\u0259za verilib:<\/p>\n\n\n\n<p>&#8220;<em>Pul verilm\u0259di dey\u0259 i\u015f 8 ay yubad\u0131ld\u0131. 40 min manatdan \u00e7ox pul ist\u0259dil\u0259r, verilm\u0259di dey\u0259 iki madd\u0259ni d\u0259 \u00fcst\u00fcn\u0259 g\u0259lib h\u0259bs etdil\u0259r. Hakim v\u0259 m\u00fcst\u0259ntiql\u0259r burada m\u0259cburiyy\u0259t qar\u015f\u0131s\u0131nda qalman\u0131, yetiril\u0259n x\u0259sar\u0259tin y\u00fcng\u00fcl olmas\u0131n\u0131, hadis\u0259ni t\u00f6r\u0259d\u0259n \u015f\u0259xsin \u0259m\u0259lind\u0259n pe\u015fman olmas\u0131n\u0131, hadis\u0259 \u015fahidl\u0259rinin dindirilm\u0259 prosesinin olmamas\u0131n\u0131 n\u0259z\u0259r\u0259 almadan 15 illik h\u0259bs verdil\u0259r. M\u0259n \u015fahid idim, h\u00f6km ka\u011f\u0131z\u0131na yaz\u0131blar ki, yalan ifad\u0259 verir. Silah da h\u0259yat yolda\u015f\u0131m\u0131n deyil, atas\u0131n\u0131n idi. Onu da onun ad\u0131na yazd\u0131lar. B\u0259s bizim ev\u0259 basq\u0131n\u0131, h\u0259d\u0259 qorxunu, h\u0259yat yolda\u015f\u0131m\u0131n a\u011f\u0131r d\u00f6y\u00fclm\u0259sini niy\u0259 cinay\u0259t hesab etm\u0259dil\u0259r? O vaxtdan bizim ail\u0259 darmada\u011f\u0131n olub&#8221;.<\/em><\/p>\n\n\n<div class=\"wp-block-image\">\n<figure class=\"alignleft size-full is-resized\"><img decoding=\"async\" width=\"1200\" height=\"800\" data-src=\"https:\/\/www.meydan.tv\/wp-content\/uploads\/untitled-design-17-5.jpg\" alt=\"\" class=\"wp-image-268804 lazyload\" style=\"--smush-placeholder-width: 1200px; --smush-placeholder-aspect-ratio: 1200\/800;width:441px;height:auto\" src=\"data:image\/svg+xml;base64,PHN2ZyB3aWR0aD0iMSIgaGVpZ2h0PSIxIiB4bWxucz0iaHR0cDovL3d3dy53My5vcmcvMjAwMC9zdmciPjwvc3ZnPg==\" \/><figcaption class=\"wp-element-caption\">Aynur\u0259 Osmanova. Foto: Meydan TV<\/figcaption><\/figure>\n<\/div>\n\n\n<p>Haz\u0131rda Bak\u0131da k\u00f6hn\u0259, \u015f\u0259raitsiz tikilid\u0259 kiray\u0259d\u0259 ya\u015fayan Aynur\u0259 Osmanova 10 ya\u015fl\u0131 q\u0131z \u00f6vlad\u0131 il\u0259 t\u0259k ya\u015fama\u011f\u0131n \u00e7\u0259tin oldu\u011funu deyir.<\/p>\n\n\n\n<p>\u0130ndi onun n\u0259 g\u0259liri var, n\u0259 d\u0259 \u00fcnvanl\u0131 sosial yard\u0131m al\u0131r. M\u00fcraci\u0259tl\u0259rin\u0259 &#8220;i\u015fsizliy\u0259 g\u00f6r\u0259 yard\u0131m d\u00fc\u015fm\u00fcr&#8221; cavab\u0131 verilir. Ancaq i\u015f tapa bilm\u0259diyind\u0259n g\u00fcn\u0259muzd evl\u0259rd\u0259 t\u0259mizlik i\u015fi m\u0259\u015f\u011ful olur, yax\u0131n qohumlar\u0131n\u0131n k\u00f6m\u0259yi il\u0259 h\u0259yata s\u0131\u011f\u0131n\u0131r.<\/p>\n\n\n\n<p><\/p>\n\n\n\n<p><strong>&#8220;L\u0259yaq\u0259tli adam\u0131n qalan \u00f6mr\u00fcn\u00fc orada pu\u00e7 etm\u0259yin&#8230;&#8221;<\/strong><\/p>\n\n\n\n<p>O deyir ki, h\u0259yat yolda\u015f\u0131 onur\u011fa y\u0131rt\u0131\u011f\u0131ndan \u0259ziyy\u0259t \u00e7\u0259kir, art\u0131q \u00f6z\u00fcn\u00fcn d\u0259 \u0259s\u0259bl\u0259ri d\u00f6zm\u00fcr:<\/p>\n\n\n\n<p><em>&#8220;Art\u0131q n\u0259 a\u011f\u0131r \u015f\u0259rait\u0259, n\u0259 d\u0259 haqs\u0131z olaraq h\u0259yat yolda\u015f\u0131m\u0131n h\u0259bsxanada qalmas\u0131na tab g\u0259tir\u0259 bilir\u0259m. T\u0259k ist\u0259yim onun azadl\u0131\u011fa burax\u0131lmas\u0131d\u0131r. \u00d6t\u0259n yeddi il yar\u0131mda b\u00fct\u00fcn d\u00f6vl\u0259t qurumlar\u0131na, \u00f6lk\u0259 r\u0259hb\u0259rliyin\u0259 d\u0259f\u0259l\u0259rl\u0259 m\u00fcraci\u0259t etmi\u015f\u0259m&#8221;.<\/em><\/p>\n\n\n\n<p>Aynur\u0259 Osmanova deyir ki, h\u0259yat yolda\u015f\u0131n\u0131n h\u0259bs c\u0259zas\u0131n\u0131n yar\u0131s\u0131n\u0131 \u00e7\u0259km\u0259si, qar\u015f\u0131 t\u0259r\u0259fin onu ba\u011f\u0131\u015flamas\u0131, t\u0259miz xasiyy\u0259tnam\u0259si, himay\u0259sind\u0259 m\u0259kt\u0259bli \u00f6vlad\u0131n\u0131n olmas\u0131 v\u0259 ilk m\u0259hkumlu\u011fu \u0259fv\u0259 d\u00fc\u015fm\u0259sin\u0259 \u0259sas verir.<\/p>\n\n\n\n<p>O, buna \u00fcmid edir v\u0259 \u018ffv Komissiyas\u0131ndan bu d\u0259f\u0259 m\u0259s\u0259l\u0259nin obyektiv ara\u015fd\u0131r\u0131lmas\u0131n\u0131 xahi\u015f edir:<\/p>\n\n\n\n<p>&#8220;<em>\u0130ll\u0259rdir ki, q\u0131z\u0131m Zeyn\u0259bin g\u00f6z\u00fc yollarda qal\u0131b. 1 ya\u015f 7 ayl\u0131\u011f\u0131ndan q\u0131z\u0131m\u0131 atas\u0131z b\u00f6y\u00fcd\u00fcr\u0259m. \u00dcnvanl\u0131 sosial yard\u0131m\u0131 vermirl\u0259r ki, i\u015f tap i\u015fl\u0259. \u0130\u015fim olsa, yard\u0131m\u0131 neyl\u0259yir\u0259m? Ancaq ona-buna ev i\u015fl\u0259rind\u0259 k\u00f6m\u0259k edib balam\u0131 b\u00f6y\u00fcd\u00fcr\u0259m. Bir d\u00f6vl\u0259t qurumu z\u0259ng edib demir ki, d\u0259rdin n\u0259dir ay ana, ay qad\u0131n? Q\u0131z\u0131m m\u0259kt\u0259blidir, t\u0259k qoyub gedib h\u0259r g\u00fcn f\u0259hl\u0259 i\u015fl\u0259y\u0259 bilmir\u0259m, h\u0259l\u0259 10 ya\u015f\u0131 var. M\u0259kt\u0259b\u0259 \u00f6z\u00fcm apar\u0131b-g\u0259tirir\u0259m. \u015e\u0259raitsiz, n\u0259mi\u015flik olan bir otaqda kiray\u0259 ya\u015fay\u0131r\u0131q. D\u00f6\u015f\u0259m\u0259 betondur. U\u015fa\u011f\u0131ma geyimi bel\u0259 qohumlar verir. Ayaqyal\u0131n, ba\u015f\u0131a\u00e7\u0131q qal\u0131r&#8221;.<\/em><\/p>\n\n\n\n<p><strong><em>&#8220;<\/em>Xocal\u0131 soyq\u0131r\u0131m\u0131n\u0131 t\u00f6r\u0259d\u0259n Xa\u00e7aturyana da 15 il, adam yaralayana da?&#8221;<\/strong><\/p>\n\n\n\n<p>T\u0259nha ana \u00f6lk\u0259 ba\u015f\u00e7\u0131s\u0131 \u0130lham \u018fliyevd\u0259n k\u00f6m\u0259k ist\u0259yir:<\/p>\n\n\n\n<p>&#8220;<em>D\u00f6vl\u0259t ba\u015f\u00e7\u0131s\u0131na, deputatlara m\u00fcraci\u0259t edir\u0259m, amma pulum, adam\u0131m yoxdur dey\u0259 haqq s\u0259sim \u00e7atm\u0131r. Yolda\u015f\u0131m m\u0259rd adamd\u0131r, n\u00fcmun\u0259vi xasiyy\u0259tnam\u0259si var. 15 il a\u011f\u0131r cinay\u0259ti yatma\u011fa layiq deyil. Xocal\u0131 soyq\u0131r\u0131m\u0131n\u0131 t\u00f6r\u0259d\u0259n Xa\u00e7aturyana da 15 il, adam yaralayana da? Bel\u0259 d\u0259 \u0259dal\u0259t olar? L\u0259yaq\u0259tli adam\u0131n qalan \u00f6mr\u00fcn\u00fc orada pu\u00e7 etm\u0259yin. He\u00e7 olmasa, ev dustaql\u0131\u011f\u0131na burax\u0131n. Yerd\u0259 qalan i\u015fin ayl\u0131q r\u00fcsumunu k\u0259sin, f\u0259hl\u0259 i\u015fl\u0259yib \u00f6d\u0259y\u0259k. Builki \u0259fv s\u0259r\u0259ncam\u0131ndan v\u0259 \u0259fv Komissiyas\u0131n\u0131n s\u0259dr v\u0259 \u00fczvl\u0259rind\u0259n obyektivlik ist\u0259yir\u0259m, \u00f6lk\u0259 r\u0259hb\u0259rin\u0259 \u0259fv \u00fc\u00e7\u00fcn m\u00fcraci\u0259t edir\u0259m. Yet\u0259rinc\u0259 h\u0259bs yat\u0131b, n\u0259 t\u00f6hm\u0259ti var, n\u0259 n\u00f6qsan\u0131. Qoyun qalan \u00f6mr\u00fcn\u00fc ail\u0259si il\u0259 azadl\u0131qda ya\u015fas\u0131n. Xasiyy\u0259tnam\u0259sini apar\u0131blar, b\u0259lk\u0259, \u00fcmid yeri var. Rusiya v\u0259t\u0259nda\u015f\u0131d\u0131r, \u00e7\u0131xan kimi burada qalmayaca\u011f\u0131q. \u00c7\u00f6r\u0259k yerimiz, \u00fcmid yerimiz o \u015f\u0259xsdir. H\u0259yat yolda\u015f\u0131m \u0259fv olunsun, t\u0259k m\u00fcraci\u0259tim, d\u00f6vl\u0259td\u0259n ist\u0259yim budur&#8221;.<\/em><\/p>\n\n\n\n<p><strong>&#8220;H\u0259yat yolda\u015f\u0131m \u00f6z\u00fc d\u0259 \u0259fv \u00fc\u00e7\u00fcn m\u00fcraci\u0259t edib&#8230;&#8221;<\/strong><\/p>\n\n\n\n<p>Aynur\u0259 Osmanova deyir ki, onunla b\u0259rab\u0259r h\u0259yat yolda\u015f\u0131 Raqif M\u0259mm\u0259dov da h\u0259bsd\u0259 yatd\u0131\u011f\u0131 1 sayl\u0131 c\u0259za\u00e7\u0259km\u0259 m\u00fc\u0259ssis\u0259sind\u0259n d\u0259f\u0259l\u0259rl\u0259 \u00f6lk\u0259 ba\u015f\u00e7\u0131s\u0131na m\u00fcraci\u0259t edib. H\u0259tta \u0259n son g\u00f6nd\u0259rdiyi m\u00fcraci\u0259td\u0259 \u0259m\u0259lind\u0259n pe\u015fman oldu\u011funu v\u0259 islah olundu\u011funu \u0259sas g\u0259tir\u0259r\u0259k azadl\u0131\u011fa burax\u0131lmas\u0131n\u0131 xahi\u015f edib.<\/p>\n\n\n\n<figure class=\"wp-block-image size-full\"><img decoding=\"async\" width=\"1075\" height=\"701\" data-src=\"https:\/\/www.meydan.tv\/wp-content\/uploads\/download-1-3.png\" alt=\"\" class=\"wp-image-268814 lazyload\" src=\"data:image\/svg+xml;base64,PHN2ZyB3aWR0aD0iMSIgaGVpZ2h0PSIxIiB4bWxucz0iaHR0cDovL3d3dy53My5vcmcvMjAwMC9zdmciPjwvc3ZnPg==\" style=\"--smush-placeholder-width: 1075px; --smush-placeholder-aspect-ratio: 1075\/701;\" \/><figcaption class=\"wp-element-caption\">Raqif M\u0259mm\u0259dov v\u0259 q\u0131z\u0131. Foto: Ail\u0259 albomundan<\/figcaption><\/figure>\n\n\n\n<p><em>&#8220;Etdiyim \u0259m\u0259ld\u0259n pe\u015fman olmu\u015fam, bir daha qanun pozuntusuna, cinay\u0259t etm\u0259y\u0259c\u0259yim\u0259 sizi \u0259min edir\u0259m. C\u0259miyy\u0259t\u0259 yararl\u0131 v\u0259t\u0259nda\u015f olaca\u011f\u0131ma s\u00f6z verir\u0259m. Bu m\u00fcd\u0259t \u0259rzind\u0259 m\u0259n \u00f6z\u00fcm\u00fc m\u00fcsb\u0259t t\u0259r\u0259fd\u0259n g\u00f6st\u0259rmi\u015f\u0259m. C\u0259za\u00e7\u0259km\u0259 m\u00fc\u0259ssis\u0259sind\u0259 i\u015f yeri olmad\u0131\u011f\u0131 \u00fc\u00e7\u00fcn i\u015fl\u0259mir\u0259m, onur\u011fa y\u0131rt\u0131\u011f\u0131 x\u0259st\u0259liyind\u0259n \u0259ziyy\u0259t \u00e7\u0259kir\u0259m. Valideynl\u0259rim d\u0259 m\u0259nim h\u0259bsind\u0259n sonra sa\u011flaml\u0131\u011f\u0131n\u0131 itirib, ail\u0259m \u00e7\u0259tin v\u0259ziyy\u0259td\u0259 kiray\u0259d\u0259 ya\u015fay\u0131r. B\u00fct\u00fcn bunlar\u0131 n\u0259z\u0259r\u0259 alaraq, xahi\u015f edir\u0259m ki, m\u0259ni azadl\u0131qdan m\u0259hrumetm\u0259 c\u0259zas\u0131n\u0131n qalan hiss\u0259sini \u00e7\u0259km\u0259kd\u0259n azad ed\u0259siniz&#8221;, <\/em>&#8211; dey\u0259 o, \u00f6lk\u0259 ba\u015f\u00e7\u0131s\u0131na m\u0259ktubunda yaz\u0131b.<\/p>\n\n\n\n<p><strong><em>&#8220;<\/em>M\u0259hkumun cinay\u0259t i\u015find\u0259 15 il h\u0259bs \u00e7ox a\u011f\u0131rd\u0131r&#8221;<\/strong><\/p>\n\n\n\n<p>H\u00fcquq m\u00fcdafi\u0259\u00e7isi R\u0259sul C\u0259f\u0259rov deyir ki, m\u0259hkum Raqif M\u0259mm\u0259dova veril\u0259n h\u00f6km \u0259dal\u0259tli deyil.<\/p>\n\n\n\n<p>Onun s\u00f6zl\u0259rin\u0259 g\u00f6r\u0259, bu ilin siyah\u0131s\u0131 tam haz\u0131r olmasa da, Raqif M\u0259mm\u0259dovun ad\u0131 da t\u0259krar siyah\u0131ya sal\u0131nacaq:<\/p>\n\n\n\n<p>&#8220;<em>M\u00fcraci\u0259ti g\u00f6nd\u0259rdiyimiz g\u00fcn say b\u0259lli olacaq. \u0130ld\u0259n-il\u0259 \u0259fv\u0259 d\u00fc\u015f\u0259nl\u0259rin say\u0131nda f\u0259rq olur. \u00d6t\u0259n ilin may\u0131nda bizim siyah\u0131dan on n\u0259f\u0259r \u0259fv olundu. 2022-ci ild\u0259 bizim siyah\u0131dan q\u0131rx n\u0259f\u0259r\u0259 \u015famil olunmu\u015fdu. Bu il d\u0259 g\u00f6zl\u0259ntimiz var. Yaln\u0131z siyasi m\u0259qs\u0259dl\u0259 h\u0259bs olunanlar deyil, h\u0259m d\u0259 adi h\u00fcququ pozulan v\u0259 \u0259fv kriteriyalar\u0131na uy\u011fun g\u0259l\u0259n v\u0259t\u0259nda\u015flar\u0131 da siyah\u0131m\u0131za daxil edirik. Raqif M\u0259mm\u0259dovun i\u015fi il\u0259 ba\u011fl\u0131 m\u00fcraci\u0259t etmi\u015fdik, biz yen\u0259 m\u00fcraci\u0259t ed\u0259c\u0259yik. \u0130\u015fd\u0259n-i\u015f\u0259 f\u0259rq var&#8221;.<\/em><\/p>\n\n\n<div class=\"wp-block-image\">\n<figure class=\"alignright size-large is-resized\"><img decoding=\"async\" width=\"1200\" height=\"675\" data-src=\"https:\/\/www.meydan.tv\/wp-content\/uploads\/39760-1200x675.jpg\" alt=\"R\u0259sul C\u0259f\u0259rov\" class=\"wp-image-100497 lazyload\" style=\"--smush-placeholder-width: 1200px; --smush-placeholder-aspect-ratio: 1200\/675;width:349px;height:auto\" src=\"data:image\/svg+xml;base64,PHN2ZyB3aWR0aD0iMSIgaGVpZ2h0PSIxIiB4bWxucz0iaHR0cDovL3d3dy53My5vcmcvMjAwMC9zdmciPjwvc3ZnPg==\" \/><figcaption class=\"wp-element-caption\">Foto: R\u0259sul C\u0259f\u0259rovun \u015f\u0259xsi arxivi<\/figcaption><\/figure>\n<\/div>\n\n\n<p>&#8220;<em>M\u0259hz bu m\u0259hkumun cinay\u0259t i\u015find\u0259 15 il h\u0259bs \u00e7ox a\u011f\u0131rd\u0131r. Madd\u0259nin \u00f6z\u00fcnd\u0259 o c\u0259zan\u0131 n\u0259z\u0259rd\u0259 tutan sanksiya var, ancaq bu \u0259dal\u0259tdirmi? Xeyr. \u00d6l\u00fcm, ciddi x\u0259sar\u0259t yox. \u00d6l\u00fcm\u0259 q\u0259sd madd\u0259si verilib v\u0259 c\u0259za da \u0259n yuxar\u0131 h\u0259dd verilib. Bu kimi i\u015fl\u0259r, h\u0259rbi qulluq\u00e7u, m\u00fcharib\u0259 i\u015ftirak\u00e7\u0131s\u0131, \u015f\u0259hid ail\u0259si, valideynsiz, a\u011f\u0131r sosial &#8211; iqtisadi durumda olan \u015f\u0259xsl\u0259rin m\u00fcraci\u0259t v\u0259 i\u015fini siyah\u0131ya sal\u0131r\u0131q. Bu il d\u0259 mart ay\u0131na g\u00f6zl\u0259ntimiz var. \u018ffv Komissiyas\u0131 da bu ay\u0131n ikinci yar\u0131s\u0131ndan iclaslar\u0131na ba\u015flamal\u0131d\u0131r. Siyah\u0131n\u0131 haz\u0131rlay\u0131b mart ay\u0131nda t\u0259hvil ver\u0259c\u0259yik&#8221;, <\/em>&#8211; dey\u0259 o vur\u011fulay\u0131b.&nbsp;<\/p>\n","protected":false},"excerpt":{"rendered":"<p>Aynur\u0259 Osmanova ac\u0131nacaql\u0131 \u015f\u0259raitd\u0259 ya\u015fad\u0131\u011f\u0131n\u0131 deyir G\u00f6y\u00e7ay\u0131n B\u0131\u011f\u0131r k\u0259nd sakini, &#8230; <\/p>\n<p class=\"read-more-container\"><a title=\"T\u0259nha ana yen\u0259 \u0130lham \u018fliyev\u0259 s\u0259sl\u0259ndi: &#8220;H\u0259yat yolda\u015f\u0131ma \u0259fv ist\u0259yir\u0259m&#8221;\" class=\"read-more button\" href=\"https:\/\/www.meydan.tv\/az\/article\/tenha-ana-yene-ilham-eliyeve-seslendi-heyat-yoldasima-efv-isteyirem\/#more-294981\" aria-label=\"Read more about T\u0259nha ana yen\u0259 \u0130lham \u018fliyev\u0259 s\u0259sl\u0259ndi: &#8220;H\u0259yat yolda\u015f\u0131ma \u0259fv ist\u0259yir\u0259m&#8221;\">Davam\u0131<\/a><\/p>\n","protected":false},"author":8,"featured_media":268801,"comment_status":"closed","ping_status":"closed","sticky":false,"template":"","format":"standard","meta":{"_acf_changed":false,"_sitemap_exclude":false,"_sitemap_priority":"","_sitemap_frequency":"","footnotes":""},"categories":[60,56],"tags":[],"class_list":["post-294981","post","type-post","status-publish","format-standard","has-post-thumbnail","hentry","category-bolge","category-xeberler","infinite-scroll-item","generate-columns","tablet-grid-50","mobile-grid-100","grid-parent","grid-33","no-featured-image-padding"],"acf":[],"yoast_head":"<!-- This site is optimized with the Yoast SEO plugin v27.4 - https:\/\/yoast.com\/product\/yoast-seo-wordpress\/ -->\n<title>T\u0259nha ana yen\u0259 \u0130lham \u018fliyev\u0259 s\u0259sl\u0259ndi: &quot;H\u0259yat yolda\u015f\u0131ma \u0259fv ist\u0259yir\u0259m&quot; - MEYDAN.TV<\/title>\n<meta name=\"robots\" content=\"index, follow, max-snippet:-1, max-image-preview:large, max-video-preview:-1\" \/>\n<link rel=\"canonical\" href=\"https:\/\/www.meydan.tv\/az\/article\/tenha-ana-yene-ilham-eliyeve-seslendi-heyat-yoldasima-efv-isteyirem\/\" \/>\n<meta property=\"og:locale\" content=\"az_AZ\" \/>\n<meta property=\"og:type\" content=\"article\" \/>\n<meta property=\"og:title\" content=\"T\u0259nha ana yen\u0259 \u0130lham \u018fliyev\u0259 s\u0259sl\u0259ndi: &quot;H\u0259yat yolda\u015f\u0131ma \u0259fv ist\u0259yir\u0259m&quot; - MEYDAN.TV\" \/>\n<meta property=\"og:description\" content=\"Aynur\u0259 Osmanova ac\u0131nacaql\u0131 \u015f\u0259raitd\u0259 ya\u015fad\u0131\u011f\u0131n\u0131 deyir G\u00f6y\u00e7ay\u0131n B\u0131\u011f\u0131r k\u0259nd sakini, ... Davam\u0131\" \/>\n<meta property=\"og:url\" content=\"https:\/\/www.meydan.tv\/az\/article\/tenha-ana-yene-ilham-eliyeve-seslendi-heyat-yoldasima-efv-isteyirem\/\" \/>\n<meta property=\"og:site_name\" content=\"MEYDAN.TV\" \/>\n<meta property=\"article:published_time\" content=\"2024-01-10T11:20:19+00:00\" \/>\n<meta property=\"article:modified_time\" content=\"2024-01-10T11:20:24+00:00\" \/>\n<meta property=\"og:image\" content=\"https:\/\/www.meydan.tv\/wp-content\/uploads\/img-20221125-wa0097.jpg\" \/>\n\t<meta property=\"og:image:width\" content=\"1280\" \/>\n\t<meta property=\"og:image:height\" content=\"576\" \/>\n\t<meta property=\"og:image:type\" content=\"image\/jpeg\" \/>\n<meta name=\"author\" content=\"elli\" \/>\n<meta name=\"twitter:card\" content=\"summary_large_image\" \/>\n<meta name=\"twitter:creator\" content=\"@elli\" \/>\n<script type=\"application\/ld+json\" class=\"yoast-schema-graph\">{\"@context\":\"https:\\\/\\\/schema.org\",\"@graph\":[{\"@type\":\"Article\",\"@id\":\"https:\\\/\\\/www.meydan.tv\\\/az\\\/article\\\/tenha-ana-yene-ilham-eliyeve-seslendi-heyat-yoldasima-efv-isteyirem\\\/#article\",\"isPartOf\":{\"@id\":\"https:\\\/\\\/www.meydan.tv\\\/az\\\/article\\\/tenha-ana-yene-ilham-eliyeve-seslendi-heyat-yoldasima-efv-isteyirem\\\/\"},\"author\":{\"name\":\"elli\",\"@id\":\"https:\\\/\\\/www.meydan.tv\\\/az\\\/#\\\/schema\\\/person\\\/9cdbecf90d17180ce1dfbd95b08dcf47\"},\"headline\":\"T\u0259nha ana yen\u0259 \u0130lham \u018fliyev\u0259 s\u0259sl\u0259ndi: &#8220;H\u0259yat yolda\u015f\u0131ma \u0259fv ist\u0259yir\u0259m&#8221;\",\"datePublished\":\"2024-01-10T11:20:19+00:00\",\"dateModified\":\"2024-01-10T11:20:24+00:00\",\"mainEntityOfPage\":{\"@id\":\"https:\\\/\\\/www.meydan.tv\\\/az\\\/article\\\/tenha-ana-yene-ilham-eliyeve-seslendi-heyat-yoldasima-efv-isteyirem\\\/\"},\"wordCount\":2034,\"publisher\":{\"@id\":\"https:\\\/\\\/www.meydan.tv\\\/az\\\/#organization\"},\"image\":{\"@id\":\"https:\\\/\\\/www.meydan.tv\\\/az\\\/article\\\/tenha-ana-yene-ilham-eliyeve-seslendi-heyat-yoldasima-efv-isteyirem\\\/#primaryimage\"},\"thumbnailUrl\":\"https:\\\/\\\/www.meydan.tv\\\/wp-content\\\/uploads\\\/img-20221125-wa0097.jpg\",\"articleSection\":[\"B\u00f6lg\u0259\",\"X\u0259b\u0259rl\u0259r\"],\"inLanguage\":\"az\"},{\"@type\":\"WebPage\",\"@id\":\"https:\\\/\\\/www.meydan.tv\\\/az\\\/article\\\/tenha-ana-yene-ilham-eliyeve-seslendi-heyat-yoldasima-efv-isteyirem\\\/\",\"url\":\"https:\\\/\\\/www.meydan.tv\\\/az\\\/article\\\/tenha-ana-yene-ilham-eliyeve-seslendi-heyat-yoldasima-efv-isteyirem\\\/\",\"name\":\"T\u0259nha ana yen\u0259 \u0130lham \u018fliyev\u0259 s\u0259sl\u0259ndi: \\\"H\u0259yat yolda\u015f\u0131ma \u0259fv ist\u0259yir\u0259m\\\" - MEYDAN.TV\",\"isPartOf\":{\"@id\":\"https:\\\/\\\/www.meydan.tv\\\/az\\\/#website\"},\"primaryImageOfPage\":{\"@id\":\"https:\\\/\\\/www.meydan.tv\\\/az\\\/article\\\/tenha-ana-yene-ilham-eliyeve-seslendi-heyat-yoldasima-efv-isteyirem\\\/#primaryimage\"},\"image\":{\"@id\":\"https:\\\/\\\/www.meydan.tv\\\/az\\\/article\\\/tenha-ana-yene-ilham-eliyeve-seslendi-heyat-yoldasima-efv-isteyirem\\\/#primaryimage\"},\"thumbnailUrl\":\"https:\\\/\\\/www.meydan.tv\\\/wp-content\\\/uploads\\\/img-20221125-wa0097.jpg\",\"datePublished\":\"2024-01-10T11:20:19+00:00\",\"dateModified\":\"2024-01-10T11:20:24+00:00\",\"breadcrumb\":{\"@id\":\"https:\\\/\\\/www.meydan.tv\\\/az\\\/article\\\/tenha-ana-yene-ilham-eliyeve-seslendi-heyat-yoldasima-efv-isteyirem\\\/#breadcrumb\"},\"inLanguage\":\"az\",\"potentialAction\":[{\"@type\":\"ReadAction\",\"target\":[\"https:\\\/\\\/www.meydan.tv\\\/az\\\/article\\\/tenha-ana-yene-ilham-eliyeve-seslendi-heyat-yoldasima-efv-isteyirem\\\/\"]}]},{\"@type\":\"ImageObject\",\"inLanguage\":\"az\",\"@id\":\"https:\\\/\\\/www.meydan.tv\\\/az\\\/article\\\/tenha-ana-yene-ilham-eliyeve-seslendi-heyat-yoldasima-efv-isteyirem\\\/#primaryimage\",\"url\":\"https:\\\/\\\/www.meydan.tv\\\/wp-content\\\/uploads\\\/img-20221125-wa0097.jpg\",\"contentUrl\":\"https:\\\/\\\/www.meydan.tv\\\/wp-content\\\/uploads\\\/img-20221125-wa0097.jpg\",\"width\":1280,\"height\":576,\"caption\":\"B\u0131\u011f\u0131r k\u0259ndi. Foto: Meydan TV\"},{\"@type\":\"BreadcrumbList\",\"@id\":\"https:\\\/\\\/www.meydan.tv\\\/az\\\/article\\\/tenha-ana-yene-ilham-eliyeve-seslendi-heyat-yoldasima-efv-isteyirem\\\/#breadcrumb\",\"itemListElement\":[{\"@type\":\"ListItem\",\"position\":1,\"name\":\"Ana s\u0259hif\u0259\",\"item\":\"https:\\\/\\\/www.meydan.tv\\\/az\\\/\"},{\"@type\":\"ListItem\",\"position\":2,\"name\":\"B\u00f6lg\u0259\",\"item\":\"https:\\\/\\\/www.meydan.tv\\\/az\\\/section\\\/bolge\\\/\"},{\"@type\":\"ListItem\",\"position\":3,\"name\":\"T\u0259nha ana yen\u0259 \u0130lham \u018fliyev\u0259 s\u0259sl\u0259ndi: &#8220;H\u0259yat yolda\u015f\u0131ma \u0259fv ist\u0259yir\u0259m&#8221;\"}]},{\"@type\":\"WebSite\",\"@id\":\"https:\\\/\\\/www.meydan.tv\\\/az\\\/#website\",\"url\":\"https:\\\/\\\/www.meydan.tv\\\/az\\\/\",\"name\":\"MEYDAN.TV\",\"description\":\"Meydan TV Az\u0259rbaycan\u0131n media m\u0259kan\u0131ndak\u0131 alternativ s\u0259sidir\",\"publisher\":{\"@id\":\"https:\\\/\\\/www.meydan.tv\\\/az\\\/#organization\"},\"potentialAction\":[{\"@type\":\"SearchAction\",\"target\":{\"@type\":\"EntryPoint\",\"urlTemplate\":\"https:\\\/\\\/www.meydan.tv\\\/az\\\/?s={search_term_string}\"},\"query-input\":{\"@type\":\"PropertyValueSpecification\",\"valueRequired\":true,\"valueName\":\"search_term_string\"}}],\"inLanguage\":\"az\"},{\"@type\":\"Organization\",\"@id\":\"https:\\\/\\\/www.meydan.tv\\\/az\\\/#organization\",\"name\":\"Meydan TV\",\"url\":\"https:\\\/\\\/www.meydan.tv\\\/az\\\/\",\"logo\":{\"@type\":\"ImageObject\",\"inLanguage\":\"az\",\"@id\":\"https:\\\/\\\/www.meydan.tv\\\/az\\\/#\\\/schema\\\/logo\\\/image\\\/\",\"url\":\"https:\\\/\\\/www.meydan.tv\\\/wp-content\\\/uploads\\\/2021\\\/07\\\/meydan-logo.svg\",\"contentUrl\":\"https:\\\/\\\/www.meydan.tv\\\/wp-content\\\/uploads\\\/2021\\\/07\\\/meydan-logo.svg\",\"width\":195,\"height\":46,\"caption\":\"Meydan TV\"},\"image\":{\"@id\":\"https:\\\/\\\/www.meydan.tv\\\/az\\\/#\\\/schema\\\/logo\\\/image\\\/\"}},{\"@type\":\"Person\",\"@id\":\"https:\\\/\\\/www.meydan.tv\\\/az\\\/#\\\/schema\\\/person\\\/9cdbecf90d17180ce1dfbd95b08dcf47\",\"name\":\"elli\",\"sameAs\":[\"https:\\\/\\\/x.com\\\/elli\"]}]}<\/script>\n<!-- \/ Yoast SEO plugin. -->","yoast_head_json":{"title":"T\u0259nha ana yen\u0259 \u0130lham \u018fliyev\u0259 s\u0259sl\u0259ndi: \"H\u0259yat yolda\u015f\u0131ma \u0259fv ist\u0259yir\u0259m\" - MEYDAN.TV","robots":{"index":"index","follow":"follow","max-snippet":"max-snippet:-1","max-image-preview":"max-image-preview:large","max-video-preview":"max-video-preview:-1"},"canonical":"https:\/\/www.meydan.tv\/az\/article\/tenha-ana-yene-ilham-eliyeve-seslendi-heyat-yoldasima-efv-isteyirem\/","og_locale":"az_AZ","og_type":"article","og_title":"T\u0259nha ana yen\u0259 \u0130lham \u018fliyev\u0259 s\u0259sl\u0259ndi: \"H\u0259yat yolda\u015f\u0131ma \u0259fv ist\u0259yir\u0259m\" - MEYDAN.TV","og_description":"Aynur\u0259 Osmanova ac\u0131nacaql\u0131 \u015f\u0259raitd\u0259 ya\u015fad\u0131\u011f\u0131n\u0131 deyir G\u00f6y\u00e7ay\u0131n B\u0131\u011f\u0131r k\u0259nd sakini, ... Davam\u0131","og_url":"https:\/\/www.meydan.tv\/az\/article\/tenha-ana-yene-ilham-eliyeve-seslendi-heyat-yoldasima-efv-isteyirem\/","og_site_name":"MEYDAN.TV","article_published_time":"2024-01-10T11:20:19+00:00","article_modified_time":"2024-01-10T11:20:24+00:00","og_image":[{"width":1280,"height":576,"url":"https:\/\/www.meydan.tv\/wp-content\/uploads\/img-20221125-wa0097.jpg","type":"image\/jpeg"}],"author":"elli","twitter_card":"summary_large_image","twitter_creator":"@elli","schema":{"@context":"https:\/\/schema.org","@graph":[{"@type":"Article","@id":"https:\/\/www.meydan.tv\/az\/article\/tenha-ana-yene-ilham-eliyeve-seslendi-heyat-yoldasima-efv-isteyirem\/#article","isPartOf":{"@id":"https:\/\/www.meydan.tv\/az\/article\/tenha-ana-yene-ilham-eliyeve-seslendi-heyat-yoldasima-efv-isteyirem\/"},"author":{"name":"elli","@id":"https:\/\/www.meydan.tv\/az\/#\/schema\/person\/9cdbecf90d17180ce1dfbd95b08dcf47"},"headline":"T\u0259nha ana yen\u0259 \u0130lham \u018fliyev\u0259 s\u0259sl\u0259ndi: &#8220;H\u0259yat yolda\u015f\u0131ma \u0259fv ist\u0259yir\u0259m&#8221;","datePublished":"2024-01-10T11:20:19+00:00","dateModified":"2024-01-10T11:20:24+00:00","mainEntityOfPage":{"@id":"https:\/\/www.meydan.tv\/az\/article\/tenha-ana-yene-ilham-eliyeve-seslendi-heyat-yoldasima-efv-isteyirem\/"},"wordCount":2034,"publisher":{"@id":"https:\/\/www.meydan.tv\/az\/#organization"},"image":{"@id":"https:\/\/www.meydan.tv\/az\/article\/tenha-ana-yene-ilham-eliyeve-seslendi-heyat-yoldasima-efv-isteyirem\/#primaryimage"},"thumbnailUrl":"https:\/\/www.meydan.tv\/wp-content\/uploads\/img-20221125-wa0097.jpg","articleSection":["B\u00f6lg\u0259","X\u0259b\u0259rl\u0259r"],"inLanguage":"az"},{"@type":"WebPage","@id":"https:\/\/www.meydan.tv\/az\/article\/tenha-ana-yene-ilham-eliyeve-seslendi-heyat-yoldasima-efv-isteyirem\/","url":"https:\/\/www.meydan.tv\/az\/article\/tenha-ana-yene-ilham-eliyeve-seslendi-heyat-yoldasima-efv-isteyirem\/","name":"T\u0259nha ana yen\u0259 \u0130lham \u018fliyev\u0259 s\u0259sl\u0259ndi: \"H\u0259yat yolda\u015f\u0131ma \u0259fv ist\u0259yir\u0259m\" - MEYDAN.TV","isPartOf":{"@id":"https:\/\/www.meydan.tv\/az\/#website"},"primaryImageOfPage":{"@id":"https:\/\/www.meydan.tv\/az\/article\/tenha-ana-yene-ilham-eliyeve-seslendi-heyat-yoldasima-efv-isteyirem\/#primaryimage"},"image":{"@id":"https:\/\/www.meydan.tv\/az\/article\/tenha-ana-yene-ilham-eliyeve-seslendi-heyat-yoldasima-efv-isteyirem\/#primaryimage"},"thumbnailUrl":"https:\/\/www.meydan.tv\/wp-content\/uploads\/img-20221125-wa0097.jpg","datePublished":"2024-01-10T11:20:19+00:00","dateModified":"2024-01-10T11:20:24+00:00","breadcrumb":{"@id":"https:\/\/www.meydan.tv\/az\/article\/tenha-ana-yene-ilham-eliyeve-seslendi-heyat-yoldasima-efv-isteyirem\/#breadcrumb"},"inLanguage":"az","potentialAction":[{"@type":"ReadAction","target":["https:\/\/www.meydan.tv\/az\/article\/tenha-ana-yene-ilham-eliyeve-seslendi-heyat-yoldasima-efv-isteyirem\/"]}]},{"@type":"ImageObject","inLanguage":"az","@id":"https:\/\/www.meydan.tv\/az\/article\/tenha-ana-yene-ilham-eliyeve-seslendi-heyat-yoldasima-efv-isteyirem\/#primaryimage","url":"https:\/\/www.meydan.tv\/wp-content\/uploads\/img-20221125-wa0097.jpg","contentUrl":"https:\/\/www.meydan.tv\/wp-content\/uploads\/img-20221125-wa0097.jpg","width":1280,"height":576,"caption":"B\u0131\u011f\u0131r k\u0259ndi. Foto: Meydan TV"},{"@type":"BreadcrumbList","@id":"https:\/\/www.meydan.tv\/az\/article\/tenha-ana-yene-ilham-eliyeve-seslendi-heyat-yoldasima-efv-isteyirem\/#breadcrumb","itemListElement":[{"@type":"ListItem","position":1,"name":"Ana s\u0259hif\u0259","item":"https:\/\/www.meydan.tv\/az\/"},{"@type":"ListItem","position":2,"name":"B\u00f6lg\u0259","item":"https:\/\/www.meydan.tv\/az\/section\/bolge\/"},{"@type":"ListItem","position":3,"name":"T\u0259nha ana yen\u0259 \u0130lham \u018fliyev\u0259 s\u0259sl\u0259ndi: &#8220;H\u0259yat yolda\u015f\u0131ma \u0259fv ist\u0259yir\u0259m&#8221;"}]},{"@type":"WebSite","@id":"https:\/\/www.meydan.tv\/az\/#website","url":"https:\/\/www.meydan.tv\/az\/","name":"MEYDAN.TV","description":"Meydan TV Az\u0259rbaycan\u0131n media m\u0259kan\u0131ndak\u0131 alternativ s\u0259sidir","publisher":{"@id":"https:\/\/www.meydan.tv\/az\/#organization"},"potentialAction":[{"@type":"SearchAction","target":{"@type":"EntryPoint","urlTemplate":"https:\/\/www.meydan.tv\/az\/?s={search_term_string}"},"query-input":{"@type":"PropertyValueSpecification","valueRequired":true,"valueName":"search_term_string"}}],"inLanguage":"az"},{"@type":"Organization","@id":"https:\/\/www.meydan.tv\/az\/#organization","name":"Meydan TV","url":"https:\/\/www.meydan.tv\/az\/","logo":{"@type":"ImageObject","inLanguage":"az","@id":"https:\/\/www.meydan.tv\/az\/#\/schema\/logo\/image\/","url":"https:\/\/www.meydan.tv\/wp-content\/uploads\/2021\/07\/meydan-logo.svg","contentUrl":"https:\/\/www.meydan.tv\/wp-content\/uploads\/2021\/07\/meydan-logo.svg","width":195,"height":46,"caption":"Meydan TV"},"image":{"@id":"https:\/\/www.meydan.tv\/az\/#\/schema\/logo\/image\/"}},{"@type":"Person","@id":"https:\/\/www.meydan.tv\/az\/#\/schema\/person\/9cdbecf90d17180ce1dfbd95b08dcf47","name":"elli","sameAs":["https:\/\/x.com\/elli"]}]}},"_links":{"self":[{"href":"https:\/\/www.meydan.tv\/az\/wp-json\/wp\/v2\/posts\/294981","targetHints":{"allow":["GET"]}}],"collection":[{"href":"https:\/\/www.meydan.tv\/az\/wp-json\/wp\/v2\/posts"}],"about":[{"href":"https:\/\/www.meydan.tv\/az\/wp-json\/wp\/v2\/types\/post"}],"author":[{"embeddable":true,"href":"https:\/\/www.meydan.tv\/az\/wp-json\/wp\/v2\/users\/8"}],"replies":[{"embeddable":true,"href":"https:\/\/www.meydan.tv\/az\/wp-json\/wp\/v2\/comments?post=294981"}],"version-history":[{"count":3,"href":"https:\/\/www.meydan.tv\/az\/wp-json\/wp\/v2\/posts\/294981\/revisions"}],"predecessor-version":[{"id":294990,"href":"https:\/\/www.meydan.tv\/az\/wp-json\/wp\/v2\/posts\/294981\/revisions\/294990"}],"wp:featuredmedia":[{"embeddable":true,"href":"https:\/\/www.meydan.tv\/az\/wp-json\/wp\/v2\/media\/268801"}],"wp:attachment":[{"href":"https:\/\/www.meydan.tv\/az\/wp-json\/wp\/v2\/media?parent=294981"}],"wp:term":[{"taxonomy":"category","embeddable":true,"href":"https:\/\/www.meydan.tv\/az\/wp-json\/wp\/v2\/categories?post=294981"},{"taxonomy":"post_tag","embeddable":true,"href":"https:\/\/www.meydan.tv\/az\/wp-json\/wp\/v2\/tags?post=294981"}],"curies":[{"name":"wp","href":"https:\/\/api.w.org\/{rel}","templated":true}]}}